{"id":6276,"date":"2021-05-26T22:00:00","date_gmt":"2021-05-26T22:00:00","guid":{"rendered":"https:\/\/www.millicozum.com\/mc\/2021\/05\/26\/osman-kabaktepeyi-sn-erdogana-oguzhan-asilturk-mu-tavsiye-buyurmuslardi-2\/"},"modified":"2021-05-26T22:00:00","modified_gmt":"2021-05-26T22:00:00","slug":"osman-kabaktepeyi-sn-erdogana-oguzhan-asilturk-mu-tavsiye-buyurmuslardi-2","status":"publish","type":"post","link":"https:\/\/www.millicozum.com\/mc\/2021\/haziran-2021\/osman-kabaktepeyi-sn-erdogana-oguzhan-asilturk-mu-tavsiye-buyurmuslardi\/","title":{"rendered":"Osman Kabaktepe\u2019yi Sn. Erdo\u011fan\u2019a, O\u011eUZHAN AS\u0130LT\u00dcRK M\u00dc TAVS\u0130YE BUYURMU\u015eLARDI?"},"content":{"rendered":"\n<p>&nbsp;<\/p>\n<p style=\"margin-bottom: 0cm; text-align: center;\"><strong><span style=\"font-size: 17pt; font-family: 'Arial', sans-serif;\">Osman Kabaktepe&rsquo;yi Sn. Erdo\u011fan&rsquo;a,<\/span><\/strong><\/p>\n<p style=\"margin-bottom: 0cm; text-align: center;\"><strong><span style=\"font-size: 17pt; font-family: 'Arial', sans-serif;\">O\u011eUZHAN AS\u0130LT&Uuml;RK M&Uuml; TAVS\u0130YE BUYURMU\u015eLARDI?<\/span><\/strong><\/p>\n<p style=\"margin-bottom: 0cm; text-align: justify; text-indent: 1cm;\"><strong><span style=\"font-size: 17pt; font-family: 'Arial', sans-serif;\">&nbsp;&nbsp;&nbsp;&nbsp;&nbsp;&nbsp; <\/span><\/strong><\/p>\n<p style=\"margin-bottom: 0cm; text-align: justify; text-indent: 1cm; line-height: 16pt;\"><strong><span style=\"font-size: 14pt; font-family: 'Arial', sans-serif;\">1 Mart 2021 tarihinde Kud&uuml;s TV&rsquo;de canl\u0131 yay\u0131na ba\u011flanan O\u011fuzhan Asilt&uuml;rk, &ldquo;Erbakan &Ouml;zel&rdquo; program\u0131n\u0131n sunucusunun, AKP \u0130l Ba\u015fkanl\u0131\u011f\u0131na se&ccedil;ilen Osman Nuri Kabaktepe ile ilgili sorusu &uuml;zerine \u015fu a&ccedil;\u0131klamalar\u0131 yapm\u0131\u015ft\u0131:<\/span><\/strong><\/p>\n<p style=\"margin-bottom: 0cm; text-align: justify; text-indent: 1cm; line-height: 16pt;\"><strong><span style=\"font-size: 12pt; font-family: 'Arial', sans-serif;\">-Sunucu:<\/span><\/strong><span style=\"font-size: 12pt; font-family: 'Arial', sans-serif;\"> <strong><em>\u015eimdi Ak Parti il Ba\u015fkan\u0131 Osman Nuri Kabaktepe g&ouml;revi devrald\u0131 ve \u015f&ouml;yle bir deklare ediliyor toplum taraf\u0131ndan da asl\u0131nda &ouml;zlenen bir tablo bu, 94 ruhuyla 2023 hedefi&hellip; Siz bu bayrak de\u011fi\u015fimini nas\u0131l g&ouml;r&uuml;yorsunuz efendim?<\/em><\/strong><\/span><\/p>\n<p style=\"margin-bottom: 0cm; text-align: justify; text-indent: 1cm; line-height: 16pt;\"><strong><span style=\"font-size: 12pt; font-family: 'Arial', sans-serif;\">-O\u011fuzhan Asilt&uuml;rk:<em> &ldquo;&Ccedil;ok olumlu g&ouml;r&uuml;yorum&#8230; Bak\u0131n (buradan) Sn. Cumhurba\u015fkan\u0131na huzurunuzda te\u015fekk&uuml;r ediyorum. Kendisi mezun oldu\u011fu zaman, (hen&uuml;z) gen&ccedil; (bir) karde\u015fimizken, ben belli makamlarda idim. Bana devaml\u0131 abi (demi\u015ftir) diyebilir. (Cumhurba\u015fkan\u0131 olarak) Beni (evimde) ziyarete geldikten sonra (ayk\u0131r\u0131 yakla\u015f\u0131mlar ve yanl\u0131\u015f yorumlar yap\u0131ld\u0131&hellip;) b&uuml;t&uuml;n bunlar\u0131n hepsinin &ouml;nlenmesi i&ccedil;in elimden gelen her \u015feyi yapt\u0131m. Bizim \u015fimdi tutup da bu kadar (s\u0131k\u0131nt\u0131l\u0131 bir) ortamda hepimizin \u015fik&acirc;yet etti\u011fi bu &ccedil;at\u0131\u015fmay\u0131 ortadan kald\u0131ran insanlara ge&ccedil;mi\u015fte (\u015funlar ya\u015fanm\u0131\u015ft\u0131) ge&ccedil;mi\u015fte b&ouml;yle (davranm\u0131\u015ft\u0131) dememiz ak\u0131l ve mant\u0131kla ba\u011fda\u015fmaz. Biz g&uuml;n&uuml; ya\u015f\u0131yoruz. Bug&uuml;n&uuml; ya\u015f\u0131yoruz d&uuml;n ge&ccedil;ti\u011fi gibi, bundan aylar y\u0131llar &ouml;nceki durum da ge&ccedil;ip gitmi\u015ftir ve bitmi\u015ftir. \u015eimdi bug&uuml;n&uuml; ya\u015fayaca\u011f\u0131z, bug&uuml;n hepimiz birbirimize iyi davranaca\u011f\u0131z. Ben takdir ile s&ouml;yl&uuml;yorum ki \u015fu anda bize hi&ccedil;bir parti k&ouml;t&uuml; davranm\u0131yor. O da benim &ccedil;al\u0131\u015fmalar\u0131mdan ileri geliyor. Bu kadar gayret g&ouml;sterdi\u011fimi herkes biliyor. Hele Erbakan&rsquo;la ilgili, ge&ccedil;en ak\u015fam yap\u0131lan o anma toplant\u0131s\u0131nda di\u011fer partinin konu\u015fmac\u0131lar\u0131 ben konu\u015fma yapt\u0131ktan sonra samimi olarak elimi s\u0131karak te\u015fekk&uuml;r ederek yan\u0131m\u0131za geldiler. Niye? O konu\u015fmay\u0131 siz de dinlediniz, kimsenin aleyhinde bir \u015fey s&ouml;ylemiyorum, buna ihtiyac\u0131m\u0131z var. Ama bazen siyasiler buna uymuyorlar, yanl\u0131\u015f yap\u0131yorlar.&rdquo;<\/em><\/span><\/strong><\/p>\n<p style=\"margin-bottom: 0cm; text-align: justify; text-indent: 1cm; line-height: 16pt;\"><strong><span style=\"font-size: 14pt; font-family: 'Arial', sans-serif;\">Bu s&ouml;zlerin a&ccedil;\u0131l\u0131m\u0131: <\/span><\/strong><strong><span style=\"font-size: 12pt; font-family: 'Arial', sans-serif;\">Art\u0131k <\/span><\/strong><strong><em><span style=\"font-size: 14pt; font-family: 'Arial', sans-serif;\">&ldquo;Adil D&uuml;zen, \u0130slam Birli\u011fi Projeleri ve Erbakan&rsquo;\u0131n tarihi giri\u015fimleri&rdquo;<\/span><\/em><\/strong><span style=\"font-size: 14pt; font-family: 'Arial', sans-serif;\"> <\/span><strong><span style=\"font-size: 12pt; font-family: 'Arial', sans-serif;\">anlam\u0131n\u0131 ve &ouml;nemini yitirmi\u015f durumdad\u0131r. AKP ile alakal\u0131 ge&ccedil;mi\u015fteki ithamlar\u0131m\u0131z\u0131 da b\u0131rakmam\u0131z laz\u0131md\u0131r. Bu nedenle art\u0131k bug&uuml;ne bakmal\u0131y\u0131z ve Siyonizm&rsquo;in g&uuml;d&uuml;m&uuml;ndeki AKP ve Erdo\u011fan iktidar\u0131n\u0131n d&uuml;men suyuna kat\u0131lmal\u0131y\u0131z. \u0130lmi, insani, \u0130slami ve Milli ger&ccedil;eklere de\u011fil, &ccedil;a\u011f\u0131n gereklerine g&ouml;re davranmal\u0131y\u0131z. Osman Nuri Kabaktepe gibi Mill&icirc; G&ouml;r&uuml;\u015f&ccedil;&uuml;leri, AKP&rsquo;nin ve arkas\u0131ndaki g&uuml;&ccedil;lerin hizmetine sokmal\u0131y\u0131z ve bunu b&uuml;y&uuml;k bir ba\u015far\u0131 ve <\/span><\/strong><strong><em><span style=\"font-size: 14pt; font-family: 'Arial', sans-serif;\">Erdo\u011fan&rsquo;\u0131n yeniden Mill&icirc; G&ouml;r&uuml;\u015f&rsquo;e sar\u0131lmas\u0131<\/span><\/em><\/strong><span style=\"font-size: 14pt; font-family: 'Arial', sans-serif;\"> <\/span><strong><span style=\"font-size: 12pt; font-family: 'Arial', sans-serif;\">olarak sunmal\u0131y\u0131z!..&rdquo; <\/span><\/strong><\/p>\n<p style=\"margin-bottom: 0cm; text-align: justify; text-indent: 1cm; line-height: 16pt;\"><strong><span style=\"font-size: 14pt; font-family: 'Arial', sans-serif;\">Acaba, O\u011fuzhan Asilt&uuml;rk&rsquo;&uuml;n en sa\u011flam elemanlar\u0131ndan Osman Nuri Kabaktepe, AKP \u0130stanbul \u0130l Ba\u015fkanl\u0131\u011f\u0131na ni&ccedil;in ve nas\u0131l atanm\u0131\u015ft\u0131?<\/span><\/strong><\/p>\n<p style=\"margin-bottom: 0cm; text-align: justify; text-indent: 1cm; line-height: 16pt;\"><strong><span style=\"font-size: 12pt; font-family: 'Arial', sans-serif;\">-Erbakan&#8217;\u0131n iste\u011fiyle d&ouml;rt y\u0131l Saadet Partisi Gen&ccedil;lik Kollar\u0131 Ba\u015fkanl\u0131\u011f\u0131 yapan&hellip;<\/span><\/strong><\/p>\n<p style=\"margin-bottom: 0cm; text-align: justify; text-indent: 1cm; line-height: 16pt;\"><strong><span style=\"font-size: 12pt; font-family: 'Arial', sans-serif;\">-AKP kurulurken&nbsp;bu partiye kat\u0131lmay\u0131p&nbsp;Saadet Partisi&#8217;nde kalan&hellip;<\/span><\/strong><\/p>\n<p style=\"margin-bottom: 0cm; text-align: justify; text-indent: 1cm; line-height: 16pt;\"><strong><span style=\"font-size: 12pt; font-family: 'Arial', sans-serif;\">-Saadet Partisi&#8217;nde \u0130stanbul \u0130l Y&ouml;netim Kurulu &Uuml;yeli\u011fi ve Genel \u0130dare Kurulu &Uuml;yeli\u011fi gibi g&ouml;revlerde bulunan&hellip;<\/span><\/strong><\/p>\n<p style=\"margin-bottom: 0cm; text-align: justify; text-indent: 1cm; line-height: 16pt;\"><strong><span style=\"font-size: 12pt; font-family: 'Arial', sans-serif;\">-Partisinden Belediye Ba\u015fkan Aday\u0131 olan&hellip;<\/span><\/strong><\/p>\n<p style=\"margin-bottom: 0cm; text-align: justify; text-indent: 1cm; line-height: 16pt;\"><strong><span style=\"font-size: 12pt; font-family: 'Arial', sans-serif;\">-Ve O\u011fuzhan Asilt&uuml;rk&rsquo;&uuml;n &ouml;zel ekibinden ve sad\u0131k bendelerinden birisi olarak tan\u0131nan ve Milli &Ccedil;&ouml;z&uuml;m&rsquo;e &ouml;zel h\u0131nc\u0131 bulunan <\/span><\/strong><strong><span style=\"font-size: 14pt; font-family: 'Arial', sans-serif;\">Osman Nuri Kabaktepe<\/span><\/strong><strong><span style=\"font-size: 12pt; font-family: 'Arial', sans-serif;\"> k\u0131sa s&uuml;re &ouml;nce SP&#8217;den AKP&#8217;ye ge&ccedil;ip, \u0130stanbul \u0130l Ba\u015fkanl\u0131\u011f\u0131n\u0131 ni&ccedil;in alm\u0131\u015ft\u0131? Onu kim haz\u0131rlay\u0131p bu noktaya ta\u015f\u0131m\u0131\u015ft\u0131?<\/span><\/strong><\/p>\n<p style=\"margin-bottom: 0cm; text-align: justify; text-indent: 1cm; line-height: 16pt;\"><strong><span style=\"font-size: 12pt; font-family: 'Arial', sans-serif;\">Kimileri de Erdo\u011fan&#8217;\u0131n Saadet Partisi ile yak\u0131nla\u015fmas\u0131n\u0131&nbsp;&ldquo;&ouml;ze y&ouml;neli\u015f&rdquo;&nbsp;olarak yorumlam\u0131\u015ft\u0131. Oysa mesele bundan daha derinde yatmaktad\u0131r. Erdo\u011fan&#8217;\u0131n ne yapmak istedi\u011fi hen&uuml;z&nbsp;tam olarak anla\u015f\u0131lmam\u0131\u015ft\u0131r.<\/span><\/strong><\/p>\n<p style=\"margin-bottom: 0cm; text-align: justify; text-indent: 1cm; line-height: 16pt;\"><strong><span style=\"font-size: 14pt; font-family: 'Arial', sans-serif;\">Bu arada iddia o ki,&nbsp;Erdo\u011fan ile Asilt&uuml;rk g&ouml;r&uuml;\u015fmelerinde \u0130stanbul \u0130l Ba\u015fkanl\u0131\u011f\u0131 pazarl\u0131\u011f\u0131 yap\u0131lm\u0131\u015ft\u0131!&nbsp;<\/span><\/strong><\/p>\n<p style=\"margin-bottom: 0cm; text-align: justify; text-indent: 1cm; line-height: 16pt;\"><strong><em><span style=\"font-size: 12pt; font-family: 'Arial', sans-serif;\">&ldquo;Bak\u0131n\u0131z Sa\u011fc\u0131 milliyet&ccedil;i parti olarak, daha d&uuml;ne kadar Erdo\u011fan&#8217;a a\u011f\u0131r ele\u015ftiriler y&ouml;nelten Devlet Bah&ccedil;eli\/MHP&nbsp;bug&uuml;n ni&ccedil;in Cumhur \u0130ttifak\u0131 i&ccedil;inde yer alm\u0131\u015ft\u0131r?<\/span><\/em><\/strong><\/p>\n<p style=\"margin-bottom: 0cm; text-align: justify; text-indent: 1cm; line-height: 16pt;\"><strong><em><span style=\"font-size: 12pt; font-family: 'Arial', sans-serif;\">Ve yine Solcu ve sosyalist tak\u0131nan ve daha d&uuml;ne kadar Erdo\u011fan&#8217;a a\u011f\u0131r ele\u015ftirilerde bulunan Do\u011fu Perin&ccedil;ek\/VP&nbsp;bug&uuml;n ni&ccedil;in Cumhur \u0130ttifak\u0131&rsquo;n\u0131n destek&ccedil;isi olup &ccedil;\u0131km\u0131\u015ft\u0131r?<\/span><\/em><\/strong><\/p>\n<p style=\"margin-bottom: 0cm; text-align: justify; text-indent: 1cm; line-height: 16pt;\"><strong><em><span style=\"font-size: 12pt; font-family: 'Arial', sans-serif;\">Asl\u0131nda bu iki sorunun cevab\u0131 ile O\u011fuzhan Asilt&uuml;rk&#8217;&uuml;n Erdo\u011fan ile yak\u0131nla\u015fmas\u0131n\u0131n da yan\u0131t\u0131 ayn\u0131d\u0131r. Erdo\u011fan&#8217;\u0131n partiler ittifak\u0131yla 2023&#8217;&uuml; kazanamayaca\u011f\u0131n\u0131, stratejik hedefinin &uuml;lke siyasetini ikiye b&ouml;lmek oldu\u011funu art\u0131k anlamak laz\u0131md\u0131r.<\/span><\/em><\/strong><\/p>\n<p style=\"margin-bottom: 0cm; text-align: justify; text-indent: 1cm; line-height: 16pt;\"><strong><em><span style=\"font-size: 12pt; font-family: 'Arial', sans-serif;\">1- Milliler&hellip; 2- Gayri milliler.!?<\/span><\/em><\/strong><em><\/em><\/p>\n<p><strong><em><span style=\"font-size: 12pt; font-family: 'Arial', sans-serif;\"><\/span><\/em><\/strong><em><\/em><\/p>\n<p style=\"margin-bottom: 0cm; text-align: justify; text-indent: 1cm; line-height: 16pt;\"><strong><em><span style=\"font-size: 12pt; font-family: 'Arial', sans-serif;\">Erdo\u011fan; &ldquo;gayri milliler&rdquo; saf\u0131na CHP ve HDP merkez y&ouml;netimlerini sokmay\u0131 ama&ccedil;layarak &ldquo;milli se&ccedil;menleri&rdquo; yan\u0131na almaya &ccedil;al\u0131\u015fmaktad\u0131r.&rdquo;<\/span><\/em><\/strong><span style=\"font-size: 12pt; font-family: 'Arial', sans-serif;\"> <\/span><strong><span style=\"font-size: 14pt; font-family: 'Arial', sans-serif;\">diyen Soner Yal&ccedil;\u0131n (Bak: 02 Mart 2021) Sn. Erdo\u011fan&rsquo;a bu akl\u0131 a\u015f\u0131layan ve T&uuml;rkiye&rsquo;nin kendi g&uuml;d&uuml;m&uuml;nde iki kutuplu bir yap\u0131ya ta\u015f\u0131nmas\u0131n\u0131 ama&ccedil;layan as\u0131l oda\u011f\u0131n Siyonist Yahudi Lobileri oldu\u011fu ger&ccedil;e\u011fini gizlemeye &ccedil;al\u0131\u015fmaktayd\u0131!..<\/span><\/strong><\/p>\n<p style=\"margin-bottom: 0cm; text-align: justify; text-indent: 1cm; line-height: 16pt;\"><strong><span style=\"font-size: 14pt; font-family: 'Arial', sans-serif;\">O\u011fuzhan Asilt&uuml;rk, Erdo\u011fan&#8217;\u0131 daima pragmatist\/takiyyeci olarak tan\u0131tm\u0131\u015f; sad\u0131k dava adam\u0131 saymam\u0131\u015ft\u0131.<\/span><\/strong><\/p>\n<p style=\"margin-bottom: 0cm; text-align: justify; text-indent: 1cm; line-height: 16pt;\"><strong><span style=\"font-size: 12pt; font-family: 'Arial', sans-serif;\">-Bu nedenle, Erdo\u011fan&#8217;\u0131n 1985&#8217;teki&nbsp;\u0130stanbul \u0130l Ba\u015fkan\u0131&nbsp;olmas\u0131na kar\u015f\u0131 &ccedil;\u0131km\u0131\u015ft\u0131.<\/span><\/strong><\/p>\n<p style=\"margin-bottom: 0cm; text-align: justify; text-indent: 1cm; line-height: 16pt;\"><strong><span style=\"font-size: 12pt; font-family: 'Arial', sans-serif;\">-Bu nedenle, Erdo\u011fan&#8217;\u0131n 1989&#8217;daki&nbsp;Beyo\u011flu Belediye Ba\u015fkanl\u0131\u011f\u0131 Adayl\u0131\u011f\u0131na so\u011fuk bakm\u0131\u015ft\u0131.<\/span><\/strong><\/p>\n<p style=\"margin-bottom: 0cm; text-align: justify; text-indent: 1cm; line-height: 16pt;\"><strong><span style=\"font-size: 12pt; font-family: 'Arial', sans-serif;\">-Bu nedenle, Erdo\u011fan&#8217;\u0131n 1991&#8217;de&nbsp;milletvekili&nbsp;se&ccedil;ilmesine engel olmu\u015flard\u0131. (&Ouml;yle ki, Erdo\u011fan se&ccedil;imi kazan\u0131p&nbsp;mazbatas\u0131n\u0131&nbsp;ald\u0131ktan sonra, se&ccedil;im kuruluna yapt\u0131rd\u0131\u011f\u0131 itirazlar ile -fazla tercihli oy alan-&nbsp;Mustafa Ba\u015f&#8217;\u0131n milletvekili olmas\u0131n\u0131 sa\u011flam\u0131\u015ft\u0131.)<\/span><\/strong><\/p>\n<p style=\"margin-bottom: 0cm; text-align: justify; text-indent: 1cm; line-height: 16pt;\"><strong><span style=\"font-size: 12pt; font-family: 'Arial', sans-serif;\">-Bu nedenle, Erdo\u011fan&#8217;\u0131n 1994&#8217;te \u0130stanbul Belediye Ba\u015fkanl\u0131\u011f\u0131 Adayl\u0131\u011f\u0131n\u0131 uygun bulmam\u0131\u015ft\u0131. (Erdo\u011fan kazan\u0131nca yan\u0131na hemen&nbsp;Ali M&uuml;fit G&uuml;rtuna&#8217;y\u0131 koymu\u015flard\u0131!)<\/span><\/strong><\/p>\n<p style=\"margin-bottom: 0cm; text-align: justify; text-indent: 1cm; line-height: 16pt;\"><strong><span style=\"font-size: 12pt; font-family: 'Arial', sans-serif;\">Asilt&uuml;rk bu tav\u0131rlar\u0131ndan dolay\u0131 Erbakan ile de kar\u015f\u0131 kar\u015f\u0131ya gelmekten sak\u0131nmam\u0131\u015ft\u0131; kiminde ba\u015far\u0131l\u0131 olmu\u015f, kiminde olamam\u0131\u015ft\u0131&hellip;<\/span><\/strong><\/p>\n<p style=\"margin-bottom: 0cm; text-align: justify; text-indent: 1cm; line-height: 16pt;\"><strong><span style=\"font-size: 12pt; font-family: 'Arial', sans-serif;\">G&uuml;ya, Asilt&uuml;rk i&ccedil;in <em>&ldquo;ne olursa olsun kazanmak&rdquo;<\/em> &ouml;nemli de\u011fildi; &ouml;nceli\u011fi davadan taviz vermemek olarak yans\u0131t\u0131lm\u0131\u015ft\u0131.<\/span><\/strong><\/p>\n<p style=\"margin-bottom: 0cm; text-align: justify; text-indent: 1cm; line-height: 16pt;\"><strong><span style=\"font-size: 12pt; font-family: 'Arial', sans-serif;\">Peki&hellip; AKP&#8217;yi; sa\u011fc\u0131lar\u0131n, liberallerin, T&Uuml;S\u0130AD-ABD&#8217;nin kurdurttu\u011funu s&ouml;yleyen Asilt&uuml;rk&#8217;&uuml;n, bug&uuml;n Erdo\u011fan ile diyalog kurmas\u0131n\u0131 ve onunla i\u015f birli\u011fi &ccedil;a\u011fr\u0131s\u0131n\u0131&nbsp;nas\u0131l de\u011ferlendirmek laz\u0131md\u0131?<\/span><\/strong><\/p>\n<p style=\"margin-bottom: 0cm; text-align: justify; text-indent: 1cm; line-height: 16pt;\"><strong><span style=\"font-size: 14pt; font-family: 'Arial', sans-serif;\">&Ccedil;&uuml;nk&uuml; O\u011fuzhan Asilt&uuml;rk&rsquo;&uuml;n bu tavr\u0131 sadece gizli ve sinsi Siyonist plan\u0131n bir par&ccedil;as\u0131yd\u0131!<\/span><\/strong><\/p>\n<p style=\"margin-bottom: 0cm; text-align: justify; text-indent: 1cm; line-height: 16pt;\"><strong><span style=\"font-size: 12pt; font-family: 'Arial', sans-serif;\">B&ouml;ylece, g&ouml;r&uuml;n&uuml;\u015fte Tayyip Erdo\u011fan&rsquo;a kar\u015f\u0131ym\u0131\u015f gibi davranacak, ama ger&ccedil;ekte Onu parlat\u0131p &ouml;ne &ccedil;\u0131karmaya &ccedil;al\u0131\u015facak ve ileride Erbakan&rsquo;a h\u0131yanet edip ayr\u0131lmas\u0131n\u0131 sa\u011flayacaklard\u0131! \u0130\u015fte Sn. Erdo\u011fan&rsquo;\u0131n O\u011fuzhan&rsquo;\u0131 evinde ziyaretleri ve Osman Nuri Kabaktepe&rsquo;nin AKP \u0130stanbul \u0130l Ba\u015fkanl\u0131\u011f\u0131na getirilmesi ve \u015fimdi O\u011fuzhan Asilt&uuml;rk&rsquo;&uuml;n Saraya davet edilmesi, bu sinsi ve Siyonist plan\u0131n ad\u0131m ad\u0131m uygulamas\u0131yd\u0131. <\/span><\/strong><\/p>\n<p style=\"margin-bottom: 0cm; text-align: justify; text-indent: 1cm; line-height: 16pt;\"><strong><span style=\"font-size: 12pt; font-family: 'Arial', sans-serif;\">Zaten Osman Nuri Kabaktepe&rsquo;yi, Sn. Erdo\u011fan&rsquo;a, kendilerini evinde ziyarete geldiklerinde <\/span><\/strong><strong><em><span style=\"font-size: 14pt; font-family: 'Arial', sans-serif;\">bizzat O\u011fuzhan Asilt&uuml;rk&rsquo;&uuml;n tavsiye ettikleri<\/span><\/em><\/strong><span style=\"font-size: 14pt; font-family: 'Arial', sans-serif;\"> <\/span><strong><span style=\"font-size: 12pt; font-family: 'Arial', sans-serif;\">de konu\u015fulup yaz\u0131lmaktayd\u0131. O\u011fuzhan&rsquo;\u0131n Kud&uuml;s TV&rsquo;ye ba\u011flan\u0131p konu\u015ftuklar\u0131ndan sonra bile, h&acirc;l&acirc; Onun niyetini ve t\u0131ynetini anlamayan SP&rsquo;li karde\u015flere art\u0131k diyecek s&ouml;z&uuml;m&uuml;z de kalmam\u0131\u015ft\u0131.<\/span><\/strong><\/p>\n<p style=\"margin-bottom: 0cm; text-align: justify; text-indent: 1cm; line-height: 16pt;\"><strong><span style=\"font-size: 14pt; font-family: 'Arial', sans-serif;\">Kanaatimizce; \u0130lahi takdirin AKP&rsquo;ye f\u0131rsat vermesinin en &ouml;nemli hikmetlerinden birisi de:<\/span><\/strong><\/p>\n<p style=\"margin-bottom: 0cm; text-align: justify; text-indent: 1cm; line-height: 16pt;\"><strong><span style=\"font-size: 12pt; font-family: 'Arial', sans-serif;\">T&uuml;m \u0130slamc\u0131lar\u0131n ve Din istismarc\u0131lar\u0131n\u0131n, ger&ccedil;ek ayar\u0131n\u0131, akl\u0131n\u0131, amac\u0131n\u0131 ve ahl&acirc;k\u0131n\u0131 ortaya &ccedil;\u0131karmas\u0131yd\u0131. Ve tabi sad\u0131k Mill&icirc; G&ouml;r&uuml;\u015f&ccedil;&uuml;lerle sahtek&acirc;rlar\u0131n da ayr\u0131\u015fmas\u0131yd\u0131! Y\u0131llarca Demirelcileri ve &Ouml;zalc\u0131lar\u0131 <\/span><\/strong><strong><em><span style=\"font-size: 14pt; font-family: 'Arial', sans-serif;\">&ldquo;faizcilikle, Ha&ccedil;l\u0131 AB&rsquo;cilikle, fuhu\u015f ve zina tahrik&ccedil;ili\u011fi ile, Siyonist g&uuml;&ccedil;lerle i\u015fbirlik&ccedil;ilikle&rdquo;<\/span><\/em><\/strong><strong><span style=\"font-size: 12pt; font-family: 'Arial', sans-serif;\"> su&ccedil;lay\u0131p sata\u015fan s&ouml;zde \u015feriat&ccedil;\u0131lar\u0131n, sahte \u0130slamc\u0131lar\u0131n, riyak&acirc;r tarikat&ccedil;\u0131lar\u0131n, ger&ccedil;ekte din istismarc\u0131lar\u0131 olduklar\u0131, \u0130slam gayreti ve dava hamiyeti ta\u015f\u0131mad\u0131klar\u0131 AKP sayesinde a&ccedil;\u0131kl\u0131k kazanm\u0131\u015ft\u0131!<\/span><\/strong><\/p>\n<p style=\"margin-bottom: 0cm; text-align: justify; text-indent: 1cm; line-height: 16pt;\"><strong><span style=\"font-size: 14pt; font-family: 'Arial', sans-serif;\">De\u011ferli Mill&icirc; Gazete Yazar\u0131 Mustafa Kasadar hakl\u0131yd\u0131 ve \u015fu tespitleri dikkate al\u0131nmal\u0131yd\u0131:<\/span><\/strong><\/p>\n<p style=\"margin-bottom: 0cm; text-align: justify; text-indent: 1cm; line-height: 16pt;\"><strong><em><span style=\"font-size: 12pt; font-family: 'Arial', sans-serif;\">&ldquo;O halde davan\u0131n temel esaslar\u0131ndan taviz verilerek yap\u0131lan i\u015fbirliklerin hi&ccedil;bir \u0130slami taraf\u0131 yoktur. Temel esaslar asla pazarl\u0131k konusu yap\u0131lamaz. Davan\u0131n seyrine d\u0131\u015far\u0131dan m&uuml;dahale yap\u0131lmas\u0131 asla kabul edilemez. Bu kural, bizim d\u0131\u015f\u0131m\u0131zdakilerle yap\u0131lacak i\u015fbirliklerinde k\u0131rm\u0131z\u0131 &ccedil;izgimiz olmak zorundad\u0131r.&rdquo;[1]<\/span><\/em><\/strong><\/p>\n<p style=\"margin-bottom: 0cm; text-align: justify; text-indent: 1cm; line-height: 16pt;\"><strong><span style=\"font-size: 14pt; font-family: 'Arial', sans-serif;\">Marazl\u0131 Mant\u0131k Z\u0131rvalar\u0131!<\/span><\/strong><\/p>\n<p style=\"margin-bottom: 0cm; text-align: justify; text-indent: 1cm; line-height: 16pt;\"><strong><span style=\"font-size: 12pt; font-family: 'Arial', sans-serif;\">Osman Kabaktepe&rsquo;nin AKP \u0130stanbul \u0130l Ba\u015fkan\u0131 atanmas\u0131n\u0131, <\/span><\/strong><strong><em><span style=\"font-size: 14pt; font-family: 'Arial', sans-serif;\">&ldquo;Erdo\u011fan&rsquo;\u0131n Milli G&ouml;r&uuml;\u015f&rsquo;e d&ouml;n&uuml;\u015f yapmas\u0131!?&rdquo;<\/span><\/em><\/strong><strong><span style=\"font-size: 12pt; font-family: 'Arial', sans-serif;\"> olarak yorumlay\u0131p yamukla\u015fan El&acirc;zizci zavall\u0131lar, bu tertibin; her f\u0131rsatta a\u011f\u0131z dolusu k&uuml;f&uuml;rler savurduklar\u0131 O\u011fuzhan Asilt&uuml;rk&rsquo;le birlikte tezg&acirc;hland\u0131\u011f\u0131n\u0131 ise hi&ccedil; g&uuml;ndeme getirmiyorlard\u0131. 19 y\u0131l boyunca yapmad\u0131\u011f\u0131 maddi ve manevi tahribat kalmayan Erdo\u011fan&rsquo;\u0131 bir Kabaktepeli&rsquo;yi \u0130l Ba\u015fkan\u0131 yapt\u0131\u011f\u0131 i&ccedil;in aklamaya &ccedil;al\u0131\u015f\u0131p alk\u0131\u015flayanlar, asl\u0131nda O\u011fuzhan gibi, Erdo\u011fan gibi; <\/span><\/strong><strong><em><span style=\"font-size: 14pt; font-family: 'Arial', sans-serif;\">Erbakan&rsquo;\u0131 bitirme ve &uuml;zerine beton d&ouml;kme<\/span><\/em><\/strong><span style=\"font-size: 14pt; font-family: 'Arial', sans-serif;\"> <\/span><strong><span style=\"font-size: 12pt; font-family: 'Arial', sans-serif;\">&ccedil;abalar\u0131n\u0131n gizli destek&ccedil;ileri olmas\u0131nlard\u0131!?<\/span><\/strong><\/p>\n<p style=\"margin-bottom: 0cm; text-align: justify; text-indent: 1cm; line-height: 16pt;\"><strong><em><span style=\"font-size: 12pt; font-family: 'Arial', sans-serif;\">&ldquo;CB Erdo\u011fan, &lsquo;Fikri \u0130ktidar olamad\u0131k&rsquo; demi\u015fti. \u0130stanbul \u0130l Ba\u015fkanl\u0131\u011f\u0131na Milli G&ouml;r&uuml;\u015f&ccedil;&uuml; Osman Nuri Kabaktepe&#8217;nin getirilmesi, fikri iktidara giden yolun ilk k&ouml;\u015fe ta\u015f\u0131d\u0131r. CB Erdo\u011fan, \u0130stanbul \u0130l Ba\u015fkanl\u0131\u011f\u0131na Milli G&ouml;r&uuml;\u015f&ccedil;&uuml; Osman Nuri Kabaktepe&#8217;yi getirmesi Milli G&ouml;r&uuml;\u015f g&ouml;mle\u011fini giymesi anlam\u0131n\u0131 ta\u015f\u0131r. Ancak bunu resmen s&ouml;yleyemez. Muhataplar\u0131 bunun b&ouml;yle oldu\u011funu anl\u0131yor.<\/span><\/em><\/strong><\/p>\n<p style=\"margin-bottom: 0cm; text-align: justify; text-indent: 1cm; line-height: 16pt;\"><strong><em><span style=\"font-size: 12pt; font-family: 'Arial', sans-serif;\">AKP \u0130stanbul \u0130l Ba\u015fkanl\u0131\u011f\u0131na Milli G&ouml;r&uuml;\u015f&ccedil;&uuml; Osman Nuri Kabaktepe&#8217;nin getirilmesine en fazla itiraz samanc\u0131 Saadet&ccedil;iler ile salako-palya&ccedil;o YRP&#8217;lilerden geliyor. Milli G&ouml;r&uuml;\u015f Hak davad\u0131r. Hak davay\u0131 kimse tekeline, tahakk&uuml;m&uuml; alt\u0131na alamaz. Hak davayla ilgili kimse ru&ccedil;haniyet iddias\u0131nda bulunamaz.&rdquo;[2]<\/span><\/em><\/strong><em><span style=\"font-size: 12pt; font-family: 'Arial', sans-serif;\"> <\/span><\/em><strong><span style=\"font-size: 12pt; font-family: 'Arial', sans-serif;\">safsatalar\u0131, ger&ccedil;eklerin sapt\u0131r\u0131lmas\u0131yd\u0131 ve hatta sapk\u0131nl\u0131kt\u0131.<\/span><\/strong><\/p>\n<p style=\"margin-bottom: 0cm; text-align: justify; text-indent: 1cm; line-height: 16pt;\"><strong><span style=\"font-size: 14pt; font-family: 'Arial', sans-serif;\">Yeni g&ouml;mlek aray\u0131\u015f\u0131!<\/span><\/strong><\/p>\n<p style=\"margin-bottom: 0cm; text-align: justify; text-indent: 1cm; line-height: 16pt;\"><strong><em><span style=\"font-size: 12pt; font-family: 'Arial', sans-serif;\">&ldquo;Cumhur \u0130ttifak\u0131&rsquo;n\u0131n b&uuml;y&uuml;k orta\u011f\u0131 AKP&rsquo;nin Genel Ba\u015fkan\u0131 Erdo\u011fan&rsquo;\u0131n ba\u015flatm\u0131\u015f oldu\u011fu parti ziyaretleri hakk\u0131nda &lsquo;&ccedil;ok \u015fey&rsquo; konu\u015fulmaktayd\u0131. Herkes kendine g&ouml;re bir yorumla olay\u0131 anlamaya &ccedil;al\u0131\u015fmaktayd\u0131. Bu ziyaretleri &lsquo;s\u0131radan nezaket&rsquo; ziyareti olarak g&ouml;renler de var, ziyaretlerin ard\u0131nda ba\u015fka niyetler arayanlar da vard\u0131! Bize g&ouml;reyse bu ziyaretler &lsquo;yeni g&ouml;mlek&rsquo; aray\u0131\u015f\u0131ndan ba\u015fka bir \u015fey say\u0131lmazd\u0131. Tabir caizse bu ziyaretler &lsquo;yamal\u0131 bir g&ouml;mlek&rsquo; aray\u0131\u015f\u0131yd\u0131! Cumhurba\u015fkanl\u0131\u011f\u0131 H&uuml;k&uuml;met Sistemi&rsquo;ne ge&ccedil;ildikten sonra s\u0131rtlar\u0131na ge&ccedil;irmi\u015f olduklar\u0131 &lsquo;Cumhur \u0130ttifak\u0131 g&ouml;mle\u011finin&rsquo; art\u0131k &ccedil;ok y\u0131prand\u0131\u011f\u0131n\u0131 ve mutlaka onar\u0131lmas\u0131 gerekti\u011fini d&uuml;\u015f&uuml;nenler &lsquo;yeni bir g&ouml;mlek&rsquo; i&ccedil;in kollar\u0131 s\u0131vam\u0131\u015f durumdalard\u0131. Kendilerine &lsquo;yeni bir g&ouml;mlek&rsquo; dikeceklerdi ama ellerindeki malzeme ihtiya&ccedil;lar\u0131n\u0131 kar\u015f\u0131lamaya yeterli olmamaktayd\u0131. H&acirc;l b&ouml;yle olunca bu ziyaretlerle kendilerine yak\u0131n g&ouml;rd&uuml;kleri ve &lsquo;kafa dengimiz olabilirler&rsquo; dedikleri partilerin kap\u0131s\u0131n\u0131 &ccedil;alarak yeni g&ouml;mlek i&ccedil;in malzeme yard\u0131m\u0131 talep ediyorlard\u0131. Yani bu ziyaretler art\u0131k s\u0131rtlar\u0131na dar gelen Cumhur \u0130ttifak\u0131 g&ouml;mle\u011fi yerine yeni bir g&ouml;mlek koyabilmek i&ccedil;in yap\u0131lan &ccedil;al\u0131\u015fmalardan ba\u015fka bir anlam ta\u015f\u0131mazd\u0131.<\/span><\/em><\/strong><\/p>\n<p style=\"margin-bottom: 0cm; text-align: justify; text-indent: 1cm; line-height: 16pt;\"><strong><em><span style=\"font-size: 12pt; font-family: 'Arial', sans-serif;\">Ziyaretler s\u0131ras\u0131nda neler konu\u015fuldu\u011funu tam olarak bilmedi\u011fimiz i&ccedil;in Cumhur \u0130ttifak\u0131 y&ouml;netiminin bu ziyaretlerden istedi\u011fi sonucu elde edip etmedi\u011fini bilmiyoruz. Ama ge&ccedil;mi\u015fteki d\u0131\u015flay\u0131c\u0131 ve k&uuml;&ccedil;&uuml;k g&ouml;r&uuml;c&uuml; tav\u0131rlar\u0131 hat\u0131rlay\u0131nca bir iki ziyaret ile ge&ccedil;mi\u015ften gelen s\u0131k\u0131nt\u0131lar\u0131n ortadan kald\u0131r\u0131lmas\u0131n\u0131n m&uuml;mk&uuml;n olmayaca\u011f\u0131n\u0131 d&uuml;\u015f&uuml;n&uuml;yoruz. D&uuml;n y&uuml;zlerine d&ouml;n&uuml;p bak\u0131lmayanlar\u0131n, randevu talepleri duymazdan gelinenlerin bug&uuml;n ziyaret&ccedil;ilerine &ccedil;ok s\u0131cak davranmas\u0131n\u0131 beklemek a\u015f\u0131r\u0131 iyimserlik olmaz m\u0131yd\u0131? Elbette kap\u0131lar herkese a&ccedil;\u0131k olacakt\u0131r. Elbette gelen misafire azami sayg\u0131 sunulacakt\u0131r. Ancak bunlar ziyaret&ccedil;inin isteklerinin t&uuml;m&uuml;yle kabul edildi\u011fi anlam\u0131 ta\u015f\u0131mazd\u0131.&rdquo;[3] <\/span><\/em><\/strong><em><span style=\"font-size: 12pt; font-family: 'Arial', sans-serif;\"><\/span><\/em><strong><span style=\"font-size: 12pt; font-family: 'Arial', sans-serif;\">diyen de\u011ferli Milli Gazete yazar\u0131m\u0131z, acaba h&acirc;l&acirc; yan\u0131ld\u0131\u011f\u0131n\u0131n fark\u0131na varamam\u0131\u015f m\u0131yd\u0131? &Ccedil;&uuml;nk&uuml; O\u011fuzhan Asilt&uuml;rk, Sn. Erdo\u011fan&rsquo;\u0131n istediklerinden &ccedil;ok daha fazlas\u0131n\u0131 sunmu\u015flard\u0131&hellip;<\/span><\/strong><\/p>\n<p style=\"margin-bottom: 0cm; text-align: justify; text-indent: 1cm; line-height: 16pt;\"><strong><span style=\"font-size: 14pt; font-family: 'Arial', sans-serif;\">Sn. Kabaktepe&rsquo;nin; &ldquo;Hedef 94 Ruhu&rdquo; ad\u0131 alt\u0131nda bir proje aya\u011f\u0131 olarak tepeden inme bir \u015fekilde \u0130stanbul \u0130l Ba\u015fkanl\u0131\u011f\u0131na atanmas\u0131 s\u0131radan bir olay san\u0131lmamal\u0131d\u0131r!<\/span><\/strong><\/p>\n<p style=\"margin-bottom: 0cm; text-align: justify; text-indent: 1cm; line-height: 16pt;\"><strong><em><span style=\"font-size: 12pt; font-family: 'Arial', sans-serif;\">&ldquo;\u015eecaat Arz Ederken Merd-i K\u0131bt&icirc; Sirkatin S&ouml;yler&rdquo;<\/span><\/em><\/strong><strong><span style=\"font-size: 12pt; font-family: 'Arial', sans-serif;\"> diye bir s&ouml;z vard\u0131r. Sn. Kabaktepe&rsquo;nin AKP \u0130stanbul \u0130l Ba\u015fkanl\u0131\u011f\u0131 web sitesindeki, kendilerini s&ouml;zde &ouml;v&uuml;p aklamak ve Milli G&ouml;r&uuml;\u015f camias\u0131na g&ouml;z k\u0131rpmak niyeti ile yap\u0131ld\u0131\u011f\u0131 s\u0131r\u0131tan &ouml;z ge&ccedil;mi\u015fini okuyunca bir &ccedil;ok insan\u0131n akl\u0131na ne gelir bilemeyiz. Ama Milli G&ouml;r&uuml;\u015f camias\u0131nda &ccedil;ok de\u011ferli ve ancak belirli bir bilgi, birikim ve d&uuml;\u015f&uuml;nce seviyesindeki bir bilin&ccedil;li te\u015fkilat&ccedil;\u0131n\u0131n gelebilece\u011fi g&ouml;revlere gelmi\u015f olan ve b&uuml;t&uuml;n bu ger&ccedil;eklere vak\u0131f olduktan sonra da terk edip giden kimseler i&ccedil;in hat\u0131r\u0131m\u0131za:<\/span><\/strong><\/p>\n<p style=\"margin-bottom: 0cm; text-align: justify; text-indent: 1cm; line-height: 16pt;\"><strong><em><span style=\"font-size: 12pt; font-family: 'Arial', sans-serif;\">&ldquo;\u015e&uuml;phesiz, kendilerine hidayet (ve \u0130slami mesuliyet) a&ccedil;\u0131k&ccedil;a belli olduktan sonra, (Milli ve manevi istikametten ve insani d&uuml;\u015f&uuml;nceden ayr\u0131l\u0131p) gerisin geri (k&uuml;fre ve nank&ouml;rl&uuml;\u011fe) d&ouml;nenleri, \u015feytan k\u0131\u015fk\u0131rtm\u0131\u015f ve uzun emellere (d&uuml;nyal\u0131k gaye ve gailelere) kapt\u0131rm\u0131\u015ft\u0131r.&rdquo;[4] <\/span><\/em><\/strong><strong><span style=\"font-size: 12pt; font-family: 'Arial', sans-serif;\">ayetinin ikazlar\u0131 tak\u0131lmaktad\u0131r&#8230;<\/span><\/strong><\/p>\n<p style=\"margin-bottom: 0cm; text-align: justify; text-indent: 1cm; line-height: 16pt;\"><strong><span style=\"font-size: 14pt; font-family: 'Arial', sans-serif;\">Sn. Kabaktepe, STK &ccedil;al\u0131\u015fmalar\u0131 yapm\u0131\u015f ve Maarif Vakf\u0131&#8217;nda &uuml;st d&uuml;zey y&ouml;neticiliklere atanm\u0131\u015ft\u0131r!<\/span><\/strong><\/p>\n<p style=\"margin-bottom: 0cm; text-align: justify; text-indent: 1cm; line-height: 16pt;\"><strong><span style=\"font-size: 12pt; font-family: 'Arial', sans-serif;\">K\u0131sa bir d&ouml;nemde i\u015f nedeniyle Suudi Arabistan&#8217;da bulunan Kabaktepe, bir&ccedil;ok sivil toplum kurulu\u015funun &ccedil;al\u0131\u015fmalar\u0131nda yer ald\u0131. Kendi sitesinde aktard\u0131\u011f\u0131 &uuml;zere Kabaktepe&#8217;nin yer ald\u0131\u011f\u0131 bu kurulu\u015flar aras\u0131nda \u0130lim Yayma Cemiyeti, \u0130HH \u0130nsani Yard\u0131m Vakf\u0131, Uluslararas\u0131 M&uuml;sl&uuml;man Alimler Derne\u011fi, Yedi Hilal Derne\u011fi, 2016 y\u0131l\u0131nda T&uuml;rkiye Maarif Vakf\u0131 da bulunmaktad\u0131r. (Bunlar\u0131n &ccedil;o\u011funda O\u011fuzhan Asilt&uuml;rk&rsquo;&uuml;n onay\u0131 ile g&ouml;rev alm\u0131\u015ft\u0131r.) <\/span><\/strong><\/p>\n<p style=\"margin-bottom: 0cm; text-align: justify; text-indent: 1cm; line-height: 16pt;\"><strong><span style=\"font-size: 12pt; font-family: 'Arial', sans-serif;\">Ancak Osman Nuri Kabaktepe&rsquo;nin daha dikkat &ccedil;ekici &ouml;zelli\u011fi ise Erdo\u011fan Ailesine ve AKP&rsquo;ye yak\u0131nl\u0131\u011f\u0131 ile bilinen, pek &ccedil;ok kamu kayna\u011f\u0131n\u0131n &ouml;zellikle belediyeler arac\u0131l\u0131\u011f\u0131 ile aktar\u0131ld\u0131\u011f\u0131, kendisine arsa ve yurt tahsisi yap\u0131lan <\/span><\/strong><strong><span style=\"font-size: 14pt; font-family: 'Arial', sans-serif;\">T&Uuml;GVA isimli vakf\u0131n Y&uuml;ksek \u0130sti\u015fare Kurulu &uuml;yesi olmas\u0131d\u0131r<\/span><\/strong><strong><span style=\"font-size: 12pt; font-family: 'Arial', sans-serif;\">. Cumhurba\u015fkan\u0131 Recep Tayyip Erdo\u011fan&rsquo;\u0131n o\u011flu Bilal Erdo\u011fan da ayn\u0131 vakf\u0131n Y&uuml;ksek \u0130sti\u015fare Kurulu &uuml;yeleri aras\u0131ndad\u0131r.<\/span><\/strong><\/p>\n<p style=\"margin-bottom: 0cm; text-align: justify; text-indent: 1cm; line-height: 16pt;\"><strong><span style=\"font-size: 14pt; font-family: 'Arial', sans-serif;\">Maarif Vakf\u0131&rsquo;nda Y&ouml;netim Kurulu &Uuml;yesi Yap\u0131lm\u0131\u015ft\u0131r!<\/span><\/strong><\/p>\n<p style=\"margin-bottom: 0cm; text-align: justify; text-indent: 1cm; line-height: 16pt;\"><strong><span style=\"font-size: 12pt; font-family: 'Arial', sans-serif;\">Osman Nuri Kabaktepe, halihaz\u0131rda 15 Temmuz darbe giri\u015fiminin ard\u0131ndan AKP&rsquo;nin yurtd\u0131\u015f\u0131nda faaliyet g&ouml;steren G&uuml;len cemaati okullar\u0131n\u0131 b&uuml;nyesine almak i&ccedil;in kurdu\u011fu <\/span><\/strong><strong><span style=\"font-size: 14pt; font-family: 'Arial', sans-serif;\">T&uuml;rkiye Maarif Vakf\u0131<\/span><\/strong><strong><span style=\"font-size: 12pt; font-family: 'Arial', sans-serif;\">&rsquo;n\u0131n M&uuml;tevelli Heyeti Ba\u015fkan Vekili g&ouml;revine de atanm\u0131\u015ft\u0131r. 15 Temmuz 2016&rsquo;daki darbe giri\u015fimi sonras\u0131 kurulan ve yurtd\u0131\u015f\u0131nda e\u011fitim alan\u0131nda faaliyet g&ouml;steren vak\u0131f, hem &ccedil;e\u015fitli &uuml;lkelerde e\u011fitim merkezleri a&ccedil;m\u0131\u015f hem de daha &ouml;nce G&uuml;len cemaatine ait bir&ccedil;ok okulu b&uuml;nyesine alm\u0131\u015ft\u0131r.<\/span><\/strong><span style=\"font-size: 12pt; font-family: 'Arial', sans-serif;\"> <strong>T&uuml;rkiye Maarif Vakf\u0131; 17.06.2016 tarihli 6721 say\u0131l\u0131 kanun ile kurulan ve yurt d\u0131\u015f\u0131nda T&uuml;rkiye Cumhuriyeti ad\u0131na Milli E\u011fitim Bakanl\u0131\u011f\u0131 d\u0131\u015f\u0131nda do\u011frudan e\u011fitim kurumu a&ccedil;ma yetkisine sahip tek kurulu\u015f konumundad\u0131r.<\/strong><\/span><\/p>\n<p style=\"margin-bottom: 0cm; text-align: justify; text-indent: 1cm; line-height: 16pt;\"><strong><span style=\"font-size: 14pt; font-family: 'Arial', sans-serif;\">AKP&rsquo;nin Yeni \u0130stanbul \u0130l Ba\u015fkan\u0131 Osman Kabaktepe &ldquo;\u0130HALE \u015eAMP\u0130YONU&rdquo; \u015eirketin Orta\u011f\u0131d\u0131r!<\/span><\/strong><\/p>\n<p style=\"margin-bottom: 0cm; text-align: justify; text-indent: 1cm; line-height: 16pt;\"><strong><span style=\"font-size: 12pt; font-family: 'Arial', sans-serif;\">Yeni Ba\u015fkan Osman Nuri Kabaktepe&rsquo;nin, Esenler Belediyesi&rsquo;nden 2012-2020 aras\u0131nda 41.9 milyon liral\u0131k ihale alan Ayn Medya \u015firketine a\u011fustos ay\u0131nda ortak oldu\u011fu ortaya &ccedil;\u0131km\u0131\u015ft\u0131. AKP&#8217;li Esenler Belediyesi; son 8 y\u0131lda tan\u0131d\u0131k isimlere verdi\u011fi ihale haberleri ile g&uuml;ndeme gelmi\u015fti. Kamu \u0130hale Kurumu kay\u0131tlar\u0131na g&ouml;re 2012-2020 aras\u0131nda Esenler Belediyesi&#8217;nden en y&uuml;ksek tutar ile ihale alan firmalar\u0131n ilk s\u0131ras\u0131nda Ayn Medya \u0130leti\u015fim Reklam Organizasyon \u0130nsan Kaynaklar\u0131 E\u011fitim Dan\u0131\u015fmanl\u0131k Limited \u015eirketi bulunuyordu. 1992 y\u0131l\u0131nda kurulan firma 2010 y\u0131l\u0131nda Yavuz Baysan taraf\u0131ndan al\u0131nm\u0131\u015ft\u0131r. Baysan, T&uuml;rkiye Gen&ccedil;lik Vakf\u0131 (T&Uuml;GVA) y&uuml;ksek isti\u015fare kurulu &uuml;yeleri aras\u0131ndad\u0131r.<\/span><\/strong><\/p>\n<p style=\"margin-bottom: 0cm; text-align: justify; text-indent: 1cm; line-height: 16pt;\"><strong><span style=\"font-size: 12pt; font-family: 'Arial', sans-serif;\">\u015eirket, 8 y\u0131lda belediyeden k&uuml;lt&uuml;r sanat i\u015fleri i&ccedil;in 41 milyon 961 bin 180 liral\u0131k 21 ihale alm\u0131\u015ft\u0131. Esenler Belediyesi&#8217;nden ald\u0131\u011f\u0131 ihalelerle b&uuml;y&uuml;yen Ayn Medya hukuki ve mali y&uuml;k&uuml;ml&uuml;l&uuml;klerini 2020&#8217;de Bilge Uluslararas\u0131 Ticaret Limited \u015eirketi&#8217;ne devretti. Bu \u015firketin yar\u0131 yar\u0131ya ortaklar\u0131ndan biri de&nbsp;yeni \u0130l Ba\u015fkan\u0131 Osman Nuri Kabaktepe olmaktad\u0131r. 8 y\u0131lda belediyenin ayn\u0131 i&ccedil;erikli 21 ihalesini kapm\u0131\u015ft\u0131r.[5]<\/span><\/strong><\/p>\n<p style=\"margin-bottom: 0cm; text-align: justify; text-indent: 1cm; line-height: 16pt;\"><strong><span style=\"font-size: 14pt; font-family: 'Arial', sans-serif;\">Bu AKP&rsquo;nin &ldquo;Bilge&rdquo; \u015eirketi Neler Yapmaktad\u0131r? <\/span><\/strong><\/p>\n<p style=\"margin-bottom: 0cm; text-align: justify; text-indent: 1cm; line-height: 16pt;\"><strong><span style=\"font-size: 12pt; font-family: 'Arial', sans-serif;\">AKP \u0130stanbul \u0130l Ba\u015fkanl\u0131\u011f\u0131 g&ouml;revine se&ccedil;ilen Osman Nuri Kabaktepe&rsquo;nin, AKP&rsquo;li Esenler Belediyesi&rsquo;nden 2012-2020 y\u0131llar\u0131 aras\u0131nda 21 farkl\u0131 ihalede tam 41,9 milyon TL&rsquo;lik ihale alan AYN MEDYA \u0130LET\u0130\u015e\u0130M MEDYA ORGAN\u0130ZASYON \u0130NSAN KAYNAKLARI E\u011e\u0130T\u0130M DANI\u015eMANLIK L\u0130M\u0130TED \u015e\u0130RKET\u0130&rsquo;nin t&uuml;m hisselerini sat\u0131n alan B\u0130LGE ULUSLARARASI T\u0130CARET L\u0130M\u0130TED \u015e\u0130RKET\u0130&rsquo;nin orta\u011f\u0131 oldu\u011fu ortaya &ccedil;\u0131km\u0131\u015ft\u0131r. Osman Nuri Kabaktepe&rsquo;nin bu ya\u011fl\u0131-ball\u0131 \u015firket ortakl\u0131klar\u0131 sayesinde eski lideri ve de\u011fi\u015fmez a\u011fabeyi O\u011fuzhan Asilt&uuml;rk&rsquo;e hangi k\u0131yaklar sa\u011flad\u0131\u011f\u0131 da ara\u015ft\u0131r\u0131lmal\u0131d\u0131r.<\/span><\/strong><\/p>\n<p style=\"margin-bottom: 0cm; text-align: justify; text-indent: 1cm; line-height: 16pt;\"><strong><span style=\"font-size: 12pt; font-family: 'Arial', sans-serif;\">Ortaya &ccedil;\u0131kan bu son haber sonras\u0131nda g&ouml;zler B\u0130LGE ULUSLARARASI L\u0130M\u0130TED \u015e\u0130RKET\u0130&rsquo;ne &ccedil;evrilirken bu \u015firketin ise AKP&rsquo;nin ve kamuoyunun yak\u0131ndan tan\u0131d\u0131\u011f\u0131 yanda\u015f isimler taraf\u0131ndan kuruldu\u011fu ve y&ouml;netimsel yap\u0131s\u0131 olarak da tam bir &ldquo;Yanda\u015f&rdquo; \u015firket oldu\u011fu anla\u015f\u0131lm\u0131\u015ft\u0131r.<\/span><\/strong><\/p>\n<p style=\"margin-bottom: 0cm; text-align: justify; text-indent: 1cm; line-height: 16pt;\"><strong><span style=\"font-size: 14pt; font-family: 'Arial', sans-serif;\">Erdo\u011fan&#8217;dan ikinci Saadet hamlesi: <\/span><\/strong><strong><span style=\"font-size: 14pt; font-family: 'Arial', sans-serif;\">Asilt&uuml;rk&rsquo;&uuml;n Saray&#8217;a konuk olaca\u011f\u0131 ve AKP&#8217;li Cumhurba\u015fkan\u0131 Recep Tayyip Erdo\u011fan&#8217;\u0131n Saadet Partisi&#8217;nin Y\u0130K &Uuml;yesi O\u011fuzhan Asilt&uuml;rk&#8217;le ikinci g&ouml;r&uuml;\u015fmesini Saray&#8217;da yapaca\u011f\u0131 konu\u015fulmaktayd\u0131.<\/span><\/strong><\/p>\n<p style=\"margin-bottom: 0cm; text-align: justify; text-indent: 1cm; line-height: 16pt;\"><strong><span style=\"font-size: 12pt; font-family: 'Arial', sans-serif;\">Saadet Partisi k&ouml;kenli Osman Nuri Kabaktepe&#8217;yi partisinin \u0130stanbul \u0130l Te\u015fkilat\u0131&#8217;n\u0131n ba\u015f\u0131na getiren AKP&#8217;li Cumhurba\u015fkan\u0131 Recep Tayyip Erdo\u011fan&#8217;\u0131n &#8216;Milli G&ouml;r&uuml;\u015f&#8217; &ccedil;evresine y&ouml;nelik hamleleri h\u0131zlanm\u0131\u015ft\u0131. Bu &ccedil;evreye yak\u0131nl\u0131\u011f\u0131yla bilinen <\/span><\/strong><strong><span style=\"font-size: 14pt; font-family: 'Arial', sans-serif;\">Gazeteci Fehmi &Ccedil;almuk<\/span><\/strong><span style=\"font-size: 12pt; font-family: 'Arial', sans-serif;\">&#8216;<strong>un kendi internet sitesi Politik Adam&#8217;da kaleme ald\u0131\u011f\u0131 yaz\u0131ya g&ouml;re Erdo\u011fan, Saadet Partisi (SP) Y&uuml;ksek \u0130sti\u015fare Kurulu &uuml;yesi O\u011fuzhan Asilt&uuml;rk&#8217;le bulu\u015facakt\u0131.<\/strong><\/span><span style=\"font-family: 'Arial', sans-serif;\"> <\/span><strong><span style=\"font-size: 12pt; font-family: 'Arial', sans-serif;\">Saray&#8217;da yap\u0131lacak ve &#8216;iade-i ziyaret&#8217; anlam\u0131 ta\u015f\u0131yacak bu g&ouml;r&uuml;\u015fmenin randevu takviminin AKP \u0130stanbul Kongresi&#8217;nden sonra kararla\u015ft\u0131r\u0131ld\u0131\u011f\u0131 anla\u015f\u0131lm\u0131\u015ft\u0131. &Ccedil;almuk, &#8220;<em>Peki Erdo\u011fan ile Asilt&uuml;rk ne g&ouml;r&uuml;\u015fecek?&#8221;<\/em><\/span><\/strong><span style=\"font-size: 12pt; font-family: 'Arial', sans-serif;\"> <strong>sorusunu da \u015f&ouml;yle yan\u0131tlam\u0131\u015ft\u0131:<\/strong> <strong><em>&#8220;Cumhur ittifak\u0131na kat\u0131lma konusunda fikir a&ccedil;\u0131klaman\u0131n erken oldu\u011fu Saadet Partisi &ccedil;evrelerinde konu\u015fulurken mevcut h&uuml;k&uuml;mette i\u015fbirli\u011fi i&ccedil;inde &ccedil;e\u015fitli &ccedil;al\u0131\u015fmalara da start verilecek. Cumhurba\u015fkan\u0131 Erdo\u011fan&#8217;\u0131n a&ccedil;\u0131klayaca\u011f\u0131 hukuk\/insan haklar\u0131 reformuna ili\u015fkin &ouml;nerilerin g&uuml;ndeme gelmesi beklenirken, baz\u0131 atamalar konusunda da belirlenen isimler &uuml;zerinden teklifler iletilecek. Cumhurba\u015fkanl\u0131\u011f\u0131 Y&uuml;ksek \u0130sti\u015fare Kurulu&#8217;ndan ba\u015flayarak baz\u0131 atama talepleri de g&uuml;ndeme gelecek.&#8221;<\/em><\/strong> <strong>Erdo\u011fan&#8217;\u0131n daha &ouml;nce O\u011fuzhan Asilt&uuml;rk&#8217;e yapt\u0131\u011f\u0131 ziyaretin, Millet \u0130ttifak\u0131 ile hareket eden Saadet Partisi&#8217;ni b&ouml;lme amac\u0131 ta\u015f\u0131d\u0131\u011f\u0131 da iddialar aras\u0131ndayd\u0131.[6]<\/strong><\/span><\/p>\n<p style=\"margin-bottom: 0cm; text-align: justify; text-indent: 1cm; line-height: 16pt;\"><strong><span style=\"font-size: 14pt; font-family: 'Arial', sans-serif;\">B&uuml;t&uuml;n bunlar Kemalizmin Tayyibizme D&ouml;n&uuml;\u015fmesinin Yans\u0131malar\u0131yd\u0131.<\/span><\/strong><\/p>\n<p style=\"margin-bottom: 0cm; text-align: justify; text-indent: 1cm; line-height: 16pt;\"><strong><span style=\"font-size: 12pt; font-family: 'Arial', sans-serif;\">Peki, Kemalizm Tayyibizme nas\u0131l d&ouml;n&uuml;\u015fm&uuml;\u015f olacakt\u0131? El cevap; Atat&uuml;rk&ccedil;&uuml;l&uuml;k Kemalizme nas\u0131l d&ouml;n&uuml;\u015ft&uuml;yse &ouml;yle yap\u0131lacakt\u0131!<\/span><\/strong><\/p>\n<p style=\"margin-bottom: 0cm; text-align: justify; text-indent: 1cm; line-height: 16pt;\"><strong><span style=\"font-size: 12pt; font-family: 'Arial', sans-serif;\">Atat&uuml;rk&ccedil;&uuml;l&uuml;\u011f&uuml;n Kemalizme d&ouml;n&uuml;\u015fmesiyle nas\u0131l bir Atat&uuml;rk istismarc\u0131l\u0131\u011f\u0131 ba\u015flad\u0131ysa, Kemalizmin Tayyibizme d&ouml;n&uuml;\u015fmesiyle de Erbakan istismarc\u0131l\u0131\u011f\u0131 ba\u015flayacakt\u0131. Kemalizmin ba\u015f kahraman\u0131 \u0130n&ouml;n&uuml;&rsquo;yd&uuml;&hellip; Tayyibizmin ba\u015f kahraman\u0131 ise tabii ki Sn. Erdo\u011fan olacakt\u0131&hellip; Bu nas\u0131l yap\u0131lacakt\u0131? \u015e&ouml;yle ki: Erbakan&rsquo;a &ouml;vg&uuml;ler artacak, her yerde anma programlar\u0131 yap\u0131lacak ve bu programlara neredeyse t&uuml;m muhalefet kat\u0131lacak,<em> &ldquo;&ccedil;ok b&uuml;y&uuml;k bir devlet adam\u0131yd\u0131, ama biz k\u0131ymetini bilemedik&rdquo; <\/em>a\u011f\u0131tlar\u0131 yak\u0131lacak, Makam\u0131na -Merkez Efendi&rsquo;ye- ziyaretler ise vefat\u0131n\u0131n 10. y\u0131l\u0131nda hi&ccedil; g&ouml;r&uuml;lmemi\u015f bir \u015fekilde artacakt\u0131&hellip; Sn. Erdo\u011fan ve -s&ouml;zde Saadet Partisi ad\u0131na- O\u011fuzhan&rsquo;la bulu\u015facaklar ve<em> <\/em>Sn. Erdo\u011fan;<em> &ldquo;Abim ben geldim!&rdquo; <\/em>diye s&ouml;ze ba\u015flayacakt\u0131. Medya ise bu bulu\u015fmay\u0131 &ouml;yle bir sunacakt\u0131 ki, halk\u0131n ve Milli G&ouml;r&uuml;\u015f yolcular\u0131n\u0131n; <em>&ldquo;Biz nerede yanl\u0131\u015f yapt\u0131k ve hi&ccedil; gerek yokken birbirimizle bunca sene ayr\u0131 kald\u0131k?&rdquo; <\/em>tarz\u0131nda bir d&uuml;\u015f&uuml;nceye kap\u0131lmalar\u0131 sa\u011flanacakt\u0131&hellip; Ard\u0131ndan s&ouml;zde <em>&ldquo;10 sene siyasetten ayr\u0131 kalm\u0131\u015f m\u0131\u015f&hellip;&rdquo;<\/em> haberleriyle reklam edilerek g&uuml;ya aniden ve \u015fok bir kararla AKP \u0130stanbul \u0130l Ba\u015fkanl\u0131\u011f\u0131na getirilen <\/span><\/strong><strong><span style=\"font-size: 14pt; font-family: 'Arial', sans-serif;\">Osman Nuri Kabaktepe<\/span><\/strong><strong><span style=\"font-size: 12pt; font-family: 'Arial', sans-serif;\">&rsquo;nin ise; me\u011fer 10 sene siyasetin AKP kanad\u0131nda ve STK ad\u0131 alt\u0131nda AKP&rsquo;nin yan kurulu\u015flar\u0131 yap\u0131lanmalar\u0131n\u0131n arka plan &ccedil;al\u0131\u015fmalar\u0131n\u0131 yapt\u0131\u011f\u0131 ortaya &ccedil;\u0131kacakt\u0131&hellip; Gelir gelmez, Kabaktepe&rsquo;nin &ldquo;94 ruhuna&rdquo; at\u0131f yapmas\u0131na ise; <em>&ldquo;Hay\u0131rd\u0131r karde\u015f! AKP 2001&rsquo;de kuruldu, sen 7 sene geride ne ar\u0131yorsun?&rdquo;<\/em> diye soran &ccedil;\u0131kmam\u0131\u015ft\u0131! Biz cevap verelim; Milli G&ouml;r&uuml;\u015f&rsquo;e gidiyor ve mealen diyor ki; <em>&ldquo;AKP&rsquo;nin t&uuml;m yapt\u0131klar\u0131n\u0131 unutun&hellip; AKP&rsquo;de yeni bir d&ouml;nem \u0130stanbul&rsquo;da benimle ba\u015fl\u0131yor ve biz \u015fu an 94&rsquo;teki Milli G&ouml;r&uuml;\u015f ruhuna-&ouml;z&uuml;m&uuml;ze d&ouml;n&uuml;yoruz&rdquo;<\/em> havas\u0131 ve alg\u0131s\u0131 veriyor akl\u0131nca&hellip; Ve bizlerin ileriki g&uuml;nlerde iki \u015feyde art\u0131\u015f g&ouml;rece\u011fimizi d&uuml;\u015f&uuml;n&uuml;yorum, biri; Erbakan ve Milli G&ouml;r&uuml;\u015f reklamc\u0131l\u0131\u011f\u0131, di\u011feri ise Erbakan ve Milli G&ouml;r&uuml;\u015f kar\u015f\u0131tl\u0131\u011f\u0131&hellip; Bu iki cephe, asl\u0131nda birbirini besleyecek \u015fekilde kurgulanacakt\u0131.<\/span><\/strong><\/p>\n<p style=\"margin-bottom: 0cm; text-align: justify; text-indent: 1cm; line-height: 16pt;\"><strong><span style=\"font-size: 12pt; font-family: 'Arial', sans-serif;\">Evet, AKP&rsquo;nin ve Sn. Erdo\u011fan&rsquo;\u0131n g&uuml;ya eski Milli G&ouml;r&uuml;\u015f&ccedil;&uuml;lerle son zamanlardaki ani ve h\u0131zl\u0131 muhabbetlerinin as\u0131l amac\u0131n\u0131 Tayyibizmin temel atma t&ouml;reni gibi okumak laz\u0131md\u0131.<\/span><\/strong><\/p>\n<p style=\"margin-bottom: 0cm; text-align: justify; text-indent: 1cm; line-height: 16pt;\"><strong><span style=\"font-size: 12pt; font-family: 'Arial', sans-serif;\">Vee; &ouml;zel bir gayret ve titizlikle haz\u0131rlan\u0131p, Eyl&uuml;l 2020 tarihinde Adil D&uuml;nya Yay\u0131nevi taraf\u0131ndan bas\u0131lan: <\/span><\/strong><strong><span style=\"font-size: 14pt; font-family: 'Arial', sans-serif;\">&ldquo;KEMAL\u0130ZM-TAYY\u0130B\u0130ZM Kavramlar\u0131 ve &Ccedil;eli\u015fkili Kurgular\u0131&rdquo; <\/span><\/strong><strong><span style=\"font-size: 12pt; font-family: 'Arial', sans-serif;\">kitab\u0131m\u0131z\u0131n; Kemalizmin Tayyibizme d&ouml;n&uuml;\u015fmesi i&ccedil;in yap\u0131lan t&uuml;m bu sinsi kurgular\u0131 anlamada en hay\u0131rl\u0131 i\u015flevi g&ouml;rece\u011fini ve bu \u015feytani yap\u0131lanman\u0131n ba\u015far\u0131s\u0131zl\u0131\u011fa u\u011framas\u0131nda nas\u0131l bir etkin rol oynayaca\u011f\u0131n\u0131 hep beraber g&ouml;rece\u011fiz in\u015faallah&hellip; Ve kitab\u0131m\u0131z\u0131n bu kurgunun ba\u015flad\u0131\u011f\u0131 milat diyebilece\u011fimiz, Sn. Erdo\u011fan-Asilt&uuml;rk bulu\u015fmas\u0131ndan &ccedil;ok &ouml;nce bas\u0131lmas\u0131n\u0131 da Cenab-\u0131 Hakk\u0131n; Bize ve Milli &Ccedil;&ouml;z&uuml;m&rsquo;e &ouml;zel bir l&uuml;tuf ve inayeti olarak de\u011ferlendirmekteyiz. <\/span><\/strong><\/p>\n<p style=\"margin-bottom: 0cm; text-align: justify; text-indent: 1cm; line-height: 16pt;\"><strong><span style=\"font-size: 14pt; font-family: 'Arial', sans-serif;\">Milli Gazete&rsquo;nin O\u011fuzhanc\u0131 yazarlar\u0131ndan Abd&uuml;laziz K\u0131ran\u015fal \u015funlar\u0131 yazm\u0131\u015ft\u0131:<\/span><\/strong><\/p>\n<p style=\"margin-bottom: 0cm; text-align: justify; text-indent: 1cm; line-height: 16pt;\"><strong><span style=\"font-size: 14pt; font-family: 'Arial', sans-serif;\">&ldquo;Erbakan Hoca olsa pandemi s&uuml;recinde ne yapard\u0131?<\/span><\/strong><\/p>\n<p style=\"margin-bottom: 0cm; text-align: justify; text-indent: 1cm; line-height: 16pt;\"><strong><span style=\"font-size: 12pt; font-family: 'Arial', sans-serif;\">1- Bu s&uuml;reci kesinlikle Siyonizm&rsquo;den ba\u011f\u0131ms\u0131z tahlil etmezdi:<\/span><\/strong><\/p>\n<p style=\"margin-bottom: 0cm; text-align: justify; text-indent: 1cm; line-height: 16pt;\"><span style=\"font-size: 12pt; font-family: 'Arial', sans-serif;\">&Ccedil;&uuml;nk&uuml; O, Siyonizm&rsquo;in dokuzuncu d&ouml;nemi olarak tarif etti\u011fi yeni d&ouml;nemde ne yapmak istedi\u011fini ESAM konferans\u0131nda \u015fu \u015fekilde de\u015fifre etmi\u015fti: <strong>&ldquo;Bak\u0131n\u0131z \u015fu elimdeki kitap RAND Corporation&rsquo;un haz\u0131rlatt\u0131\u011f\u0131 bir &ccedil;al\u0131\u015fmad\u0131r. RAND Corporation, \u0131rk&ccedil;\u0131 emperyalizmin beynidir. Neyi planl\u0131yorlar, polis devleti yol haritas\u0131n\u0131 &ccedil;iziyorlar. Ne demek bu, senin bir kimlik numaran var ya, art\u0131k &ouml;yle bir bilgisayar a\u011f\u0131 kurulacak ki, nerede ne paran var, kimsin, nesin, ne i\u015f yap\u0131yorsun, nereye gittin, istedi\u011fi zaman g&ouml;recek. Diyor ki, biz paray\u0131 kontrol ediyoruz ama yetmiyor. Yine de birtak\u0131m yard\u0131mla\u015fmalar yap\u0131l\u0131yor. Bunlar\u0131 &ouml;nlemek i&ccedil;in b&uuml;t&uuml;n d&uuml;nyada bir polis devleti kuraca\u011f\u0131z. Herkesin her k\u0131p\u0131rday\u0131\u015f\u0131n\u0131 takip edece\u011fiz. Bu polis devletini nas\u0131l kuraca\u011f\u0131z? Ad\u0131mlar\u0131n\u0131 atmaya ba\u015flad\u0131lar. Kimlik numaran\u0131 verdin mi tamam. Ama bu yetmez diyor. \u015eimdi bunu geli\u015ftiriyor. Bizim her \u015feyi istedi\u011fimiz gibi kontrol alt\u0131na almam\u0131z laz\u0131m. Ne istersek ula\u015fabilmemiz laz\u0131m. B&uuml;t&uuml;n d&uuml;nyadaki devletleri bir polis devleti haline getirmemiz laz\u0131m. Bunu incelemi\u015f, muazzam paralar d&ouml;kerek haz\u0131rlam\u0131\u015f bunlar\u0131. \u015eimdi de bunlar\u0131 ger&ccedil;ekle\u015ftirmek istiyorlar.&rdquo; <\/strong><span style=\"font-size: 10pt;\">(<a href=\"https:\/\/www.youtube.com\/watch?v=tGLdZoy0jO8\">https:\/\/www.youtube.com\/watch?v=tGLdZoy0jO8<\/a> \/ <a href=\"https:\/\/www.youtube.com\/watch?v=u3GM6wBCwt4\">https:\/\/www.youtube.com\/watch?v=u3GM6wBCwt4<\/a>)<\/span> Bu linklerden konu\u015fman\u0131n tamam\u0131n\u0131 izleyebilirsiniz.<\/span><\/p>\n<p style=\"margin-bottom: 0cm; text-align: justify; text-indent: 1cm; line-height: 16pt;\"><strong><span style=\"font-size: 12pt; font-family: 'Arial', sans-serif;\">2- Siyonizm&rsquo;in bu f\u0131rsat\u0131 asla ka&ccedil;\u0131rmayaca\u011f\u0131n\u0131 s&ouml;ylerdi:<\/span><\/strong><\/p>\n<p style=\"margin-bottom: 0cm; text-align: justify; text-indent: 1cm; line-height: 16pt;\"><span style=\"font-size: 12pt; font-family: 'Arial', sans-serif;\">Erbakan Hoca ilk &ouml;nce bu s&uuml;rece Siyonizm&rsquo;in etkilerini ara\u015ft\u0131r\u0131r ve e\u011fer vir&uuml;s bizzat Siyonizm taraf\u0131ndan &uuml;retilmi\u015fse bunu de\u015fifre ederdi. E\u011fer s&uuml;re&ccedil; Siyonizm&rsquo;den ba\u011f\u0131ms\u0131z olarak ba\u015flam\u0131\u015f olsa bile Siyonizm&rsquo;in b&uuml;t&uuml;n d&uuml;nyay\u0131 etkileyen bu s&uuml;reci muhakkak bir f\u0131rsata &ccedil;evirece\u011fini anlat\u0131rd\u0131. &Ccedil;&uuml;nk&uuml; O, <strong>&ldquo;Biz demiyoruz ki her ta\u015f\u0131n alt\u0131nda bir Siyonist var; ama Siyonistler hi&ccedil;bir ta\u015f\u0131n alt\u0131n\u0131 bo\u015f b\u0131rakmazlar&rdquo;<\/strong> diyerek onlar\u0131n anatomisini ortaya koymu\u015f bir liderdi.<\/span><\/p>\n<p style=\"margin-bottom: 0cm; text-align: justify; text-indent: 1cm; line-height: 16pt;\"><strong><span style=\"font-size: 12pt; font-family: 'Arial', sans-serif;\">3- D&uuml;nya M&uuml;sl&uuml;manlar\u0131n\u0131 asla BM&rsquo;nin ve D&uuml;nya Sa\u011fl\u0131k &Ouml;rg&uuml;t&uuml;&rsquo;n&uuml;n insaf\u0131na terk etmezdi:<\/span><\/strong><\/p>\n<p style=\"margin-bottom: 0cm; text-align: justify; text-indent: 1cm; line-height: 16pt;\"><span style=\"font-size: 12pt; font-family: 'Arial', sans-serif;\">Erbakan Hoca BM&rsquo;yi tarif ederken, <strong>&ldquo;Birle\u015fmi\u015f Milletler, bir Siyonist kurulu\u015ftur. Hedefi ise Siyonist \u0130srail&rsquo;in kurulmas\u0131 ve g&uuml;venli\u011fidir&rdquo;<\/strong> demi\u015ftir. Bu nedenle O, d&uuml;nya M&uuml;sl&uuml;manlar\u0131n\u0131 bir Siyonist kurulu\u015f olan BM&rsquo;nin emrindeki D&uuml;nya Sa\u011fl\u0131k &Ouml;rg&uuml;t&uuml;&rsquo;n&uuml;n insaf\u0131na, talimatlar\u0131na, tedavi ve a\u015f\u0131 protokollerine terk etmezdi.<\/span><\/p>\n<p style=\"margin-bottom: 0cm; text-align: justify; text-indent: 1cm; line-height: 16pt;\"><strong><span style=\"font-size: 12pt; font-family: 'Arial', sans-serif;\">4- D&uuml;nya \u0130slam Sa\u011fl\u0131k &Ouml;rg&uuml;t&uuml; i&ccedil;in harekete ge&ccedil;erdi:<\/span><\/strong><\/p>\n<p style=\"margin-bottom: 0cm; text-align: justify; text-indent: 1cm; line-height: 16pt;\"><span style=\"font-size: 12pt; font-family: 'Arial', sans-serif;\">Erbakan Hoca, bu s&uuml;re&ccedil; ba\u015flar ba\u015flamaz hemen 57 \u0130slam &uuml;lkesinin liderleriyle irtibata ge&ccedil;er ve derhal <strong>D&uuml;nya \u0130slam Sa\u011fl\u0131k &Ouml;rg&uuml;t&uuml;<\/strong>&rsquo;n&uuml;n kurulmas\u0131 i&ccedil;in &ccedil;al\u0131\u015fma ba\u015flat\u0131rd\u0131. Bu &uuml;lkelerin her birinden bu &ouml;rg&uuml;t i&ccedil;in b&uuml;t&ccedil;e ayr\u0131lmas\u0131n\u0131 ister, sonra da D-8 &uuml;lkelerinin ba\u015fkentleri olan Cakarta&rsquo;da, Kuala Lumpur&rsquo;da, Dakka&rsquo;da, Kahire&rsquo;de, Tahran&rsquo;da, Abuja&rsquo;da, \u0130slamabad&rsquo;da bu &ouml;rg&uuml;t&uuml;n birer merkezini a&ccedil;ard\u0131. Daha sonra da \u0130stanbul&rsquo;da D&uuml;nya \u0130slam Sa\u011fl\u0131k &Ouml;rg&uuml;t&uuml;&rsquo;n&uuml;n genel merkezini a&ccedil;ard\u0131.<\/span><\/p>\n<p style=\"margin-bottom: 0cm; text-align: justify; text-indent: 1cm; line-height: 16pt;\"><strong><span style=\"font-size: 12pt; font-family: 'Arial', sans-serif;\">5- \u0130slam &uuml;lkeleri ortak a\u015f\u0131 &ccedil;al\u0131\u015fmas\u0131na &ouml;nc&uuml;l&uuml;k ederdi:<\/span><\/strong><\/p>\n<p style=\"margin-bottom: 0cm; text-align: justify; text-indent: 1cm; line-height: 16pt;\"><span style=\"font-size: 12pt; font-family: 'Arial', sans-serif;\">Erbakan Hoca, \u0130stanbul&rsquo;un en b&uuml;y&uuml;k ve geli\u015fmi\u015f hastanesini a\u015f\u0131 ve vir&uuml;sle ilgili ara\u015ft\u0131rmalar i&ccedil;in bir merkez haline getirirdi. \u0130slam &uuml;lkelerinin ortak bir a\u015f\u0131 &ccedil;al\u0131\u015fmas\u0131 yapmas\u0131 i&ccedil;in \u0130slam &uuml;lkelerinin en &uuml;nl&uuml; t\u0131p adamlar\u0131n\u0131, vir&uuml;s uzmanlar\u0131n\u0131, bilim adamlar\u0131n\u0131 D&uuml;nya \u0130slam Sa\u011fl\u0131k &Ouml;rg&uuml;t&uuml; talimat\u0131yla bu hastaneye toplar ve k\u0131sa bir s&uuml;rede a\u015f\u0131 &uuml;retimine ge&ccedil;erdi. Maske konusunu ayr\u0131 bir raporla inceletirdi. 57 \u0130slam &uuml;lkesinin bu &ccedil;al\u0131\u015fmalar\u0131 maddi olarak desteklemesi i&ccedil;in b&uuml;y&uuml;k bir b&uuml;t&ccedil;e olu\u015ftururdu.<\/span><\/p>\n<p style=\"margin-bottom: 0cm; text-align: justify; text-indent: 1cm; line-height: 16pt;\"><strong><span style=\"font-size: 12pt; font-family: 'Arial', sans-serif;\">6- D&uuml;nyadaki \u0130slami STK&rsquo;lar\u0131 harekete ge&ccedil;irirdi:<\/span><\/strong><\/p>\n<p style=\"margin-bottom: 0cm; text-align: justify; text-indent: 1cm; line-height: 16pt;\"><span style=\"font-size: 12pt; font-family: 'Arial', sans-serif;\">T&uuml;m bu &ccedil;al\u0131\u015fmalar i&ccedil;in devlet deste\u011fi bulamazsa ve \u0130slam &uuml;lkelerinden istedi\u011fi cevab\u0131 alamazsa yine pes etmezdi. D&uuml;nyadaki \u0130slami sivil toplum &ouml;rg&uuml;tlerini harekete ge&ccedil;irir, cemaatlerle g&ouml;r&uuml;\u015f&uuml;r, &acirc;limlerle toplant\u0131 yapar, gerekirse \u0130slam &uuml;lkelerini tek tek gezer ve bir M&uuml;sl&uuml;man olarak nas\u0131l bir tav\u0131r al\u0131nmas\u0131 gerekiyorsa onu muhakkak yapard\u0131. &Ccedil;&uuml;nk&uuml; O bilirdi ki, Siyonizm bu s&uuml;reci ba\u015flatt\u0131ysa bunun di\u011fer ad\u0131mlar\u0131 da pe\u015f pe\u015fe gelecektir.&rdquo;<\/span><\/p>\n<p style=\"margin-bottom: 0cm; text-align: justify; text-indent: 1cm; line-height: 16pt;\"><strong><span style=\"font-size: 14pt; font-family: 'Arial', sans-serif;\">Elhak, bunlar\u0131n hepsi do\u011fru saptamalard\u0131 ve evet, Erbakan Hocam\u0131z hayatta olsalard\u0131 aynen bunlar\u0131 ve daha fazlas\u0131n\u0131 yapard\u0131!<\/span><\/strong><\/p>\n<p style=\"margin-bottom: 0cm; text-align: justify; text-indent: 1cm; line-height: 16pt;\"><strong><span style=\"font-size: 12pt; font-family: 'Arial', sans-serif;\">Peki iyi de, her f\u0131rsatta kendisini <\/span><\/strong><strong><em><span style=\"font-size: 14pt; font-family: 'Arial', sans-serif;\">&ldquo;Milli G&ouml;r&uuml;\u015f Lideri&rdquo;<\/span><\/em><\/strong><span style=\"font-size: 14pt; font-family: 'Arial', sans-serif;\"> <\/span><strong><span style=\"font-size: 12pt; font-family: 'Arial', sans-serif;\">olarak tan\u0131tan O\u011fuzhan Asilt&uuml;rk niye bunlar\u0131n hi&ccedil;birisini yapmad\u0131\u011f\u0131 gibi, bozuk icraatlar\u0131 ve tahribatlar\u0131 ortada olan Erdo\u011fan iktidar\u0131na payanda olmaya &ccedil;al\u0131\u015fmaktayd\u0131?<\/span><\/strong><\/p>\n<p style=\"margin-bottom: 0cm; text-align: justify; text-indent: 1cm; line-height: 16pt;\"><strong><span style=\"font-size: 12pt; font-family: 'Arial', sans-serif;\">Soruyoruz; O\u011fuzhan Asilt&uuml;rk, Erbakan Hocam\u0131z hayatta olsayd\u0131 yapacaklar\u0131n\u0131n niye hi&ccedil;birini yapmaya kalk\u0131\u015fmam\u0131\u015ft\u0131?<\/span><\/strong><\/p>\n<p style=\"margin-bottom: 0cm; text-align: justify; text-indent: 1cm; line-height: 16pt;\"><strong><span style=\"font-size: 12pt; font-family: 'Arial', sans-serif;\">Bunlar\u0131 yapacak kapasite ve kabiliyetten mahrum mu bulunmaktayd\u0131, yoksa k&ouml;t&uuml; niyetli ve gayretsiz biri oldu\u011fu i&ccedil;in mi bu giri\u015fimleri ba\u015flatmam\u0131\u015ft\u0131?<\/span><\/strong><\/p>\n<p style=\"margin-bottom: 0cm; text-align: justify; text-indent: 1cm; line-height: 16pt;\"><strong><em><span style=\"font-size: 12pt; font-family: 'Arial', sans-serif;\">&ldquo;Efendim O\u011fuzhan Bey&rsquo;in Ba\u015fbakanl\u0131k ve Bakanl\u0131k gibi etiketi ve yetkisi olmad\u0131\u011f\u0131ndan geri durmaktayd\u0131.&rdquo;<\/span><\/em><\/strong><strong><span style=\"font-size: 12pt; font-family: 'Arial', sans-serif;\"> gibi bir mazerete de s\u0131\u011f\u0131n\u0131lamazd\u0131? &Ccedil;&uuml;nk&uuml; Erbakan Hocam\u0131z da h&uuml;k&uuml;met orta\u011f\u0131 olmad\u0131\u011f\u0131, resmi bir s\u0131fat\u0131n\u0131n bulunmad\u0131\u011f\u0131 s&uuml;re&ccedil;lerde bile, o tarihi at\u0131l\u0131mlar\u0131n\u0131n bir&ccedil;o\u011funu ba\u015flatm\u0131\u015f ve ba\u015farm\u0131\u015ft\u0131. Yani oturup da <\/span><\/strong><strong><em><span style=\"font-size: 14pt; font-family: 'Arial', sans-serif;\">&ldquo;Erbakan olsayd\u0131, \u015funlar\u0131 yapard\u0131&hellip;&rdquo;<\/span><\/em><\/strong><span style=\"font-size: 14pt; font-family: 'Arial', sans-serif;\"> <\/span><strong><span style=\"font-size: 12pt; font-family: 'Arial', sans-serif;\">yan\u0131nda, as\u0131l<\/span><\/strong><strong><span style=\"font-size: 14pt; font-family: 'Arial', sans-serif;\"> <em>&ldquo;Peki O\u011fuzhan Asilt&uuml;rk niye yapmamaktayd\u0131?&rdquo;<\/em> <\/span><\/strong><strong><span style=\"font-size: 12pt; font-family: 'Arial', sans-serif;\">sorusu &uuml;zerine kafa yormak laz\u0131md\u0131.<\/span><\/strong><\/p>\n<p style=\"margin-bottom: 0cm; text-align: justify; text-indent: 1cm; line-height: 16pt;\"><strong><span style=\"font-size: 14pt; font-family: 'Arial', sans-serif;\">&Ccedil;&uuml;nk&uuml;, ya &ccedil;aps\u0131zd\u0131, ya k&ouml;t&uuml; ama&ccedil;l\u0131yd\u0131!..<\/span><\/strong><\/p>\n<p style=\"margin-bottom: 0cm; text-align: justify; text-indent: 1cm; line-height: 16pt;\"><span style=\"font-size: 12pt; font-family: 'Arial', sans-serif;\"><\/span><\/p>\n<p>&nbsp;<\/p>\n<hr style=\"text-align: left;\" size=\"1\" width=\"33%\" \/>\n<p style=\"margin-left: 30px; text-indent: -7.1pt;\"><a href=\"#ftnref1\" id=\"ftn1\" style=\"vertical-align: super;\">[1]<\/a><span style=\"font-size: 9pt; font-family: 'Arial', sans-serif;\"> 20 Ocak 2021 &ndash; Resul&uuml;llah&rsquo;\u0131n (SAV) Taif d&ouml;n&uuml;\u015f&uuml; &ndash; son paragraf<\/span><\/p>\n<p style=\"margin-left: 30px; text-indent: -7.1pt;\"><a href=\"#ftnref2\" id=\"ftn2\" style=\"vertical-align: super;\">[2]<\/a><span style=\"font-size: 9pt; font-family: 'Arial', sans-serif;\"> El-aziz \/ 22.02.2021<\/span><\/p>\n<p style=\"margin-left: 30px; text-indent: -7.1pt;\"><a href=\"#ftnref3\" id=\"ftn3\" style=\"vertical-align: super;\">[3]<\/a><span style=\"font-size: 9pt; font-family: 'Arial', sans-serif;\"> <a href=\"mailto:zekiceyhan@milligazete.com.tr\">zekiceyhan@milligazete.com.tr<\/a> \/ 13.01.2021<\/span><\/p>\n<p style=\"margin-left: 30px; text-indent: -7.1pt;\"><a href=\"#ftnref4\" id=\"ftn4\" style=\"vertical-align: super;\">[4]<\/a><span style=\"font-size: 9pt; font-family: 'Arial', sans-serif;\"> Muhammed: 25<\/span><\/p>\n<p style=\"margin-left: 30px; text-indent: -7.1pt;\"><a href=\"#ftnref5\" id=\"ftn5\" style=\"vertical-align: super;\">[5]<\/a><span style=\"font-size: 9pt; font-family: 'Arial', sans-serif;\"> S&ouml;zc&uuml; \/ 28.02.2021<\/span><\/p>\n<p style=\"margin-left: 30px; text-indent: -7.1pt;\"><a href=\"#ftnref6\" id=\"ftn6\" style=\"vertical-align: super;\">[6]<\/a><span style=\"font-size: 9pt; font-family: 'Arial', sans-serif;\"> <a href=\"http:\/\/www.yenigaste.com\/siyaset\/erdogan-dan-ikinci-saadet-hamlesi-asilturk-saray-a-geliyor-h62062.html\">http:\/\/www.yenigaste.com\/siyaset\/erdogan-dan-ikinci-saadet-hamlesi-asilturk-saray-a-geliyor-h62062.html<\/a><\/span><\/p>\n","protected":false},"excerpt":{"rendered":"<p>&nbsp; Osman Kabaktepe&rsquo;yi Sn. Erdo\u011fan&rsquo;a, O\u011eUZHAN AS\u0130LT&Uuml;RK M&Uuml; TAVS\u0130YE BUYURMU\u015eLARDI? &nbsp;&nbsp;&nbsp;&nbsp;&nbsp;&nbsp; 1 Mart 2021 tarihinde Kud&uuml;s TV&rsquo;de canl\u0131 yay\u0131na ba\u011flanan O\u011fuzhan Asilt&uuml;rk, &ldquo;Erbakan &Ouml;zel&rdquo; program\u0131n\u0131n sunucusunun, AKP \u0130l Ba\u015fkanl\u0131\u011f\u0131na se&ccedil;ilen Osman Nuri Kabaktepe ile ilgili sorusu &uuml;zerine \u015fu a&ccedil;\u0131klamalar\u0131 yapm\u0131\u015ft\u0131: -Sunucu: \u015eimdi Ak Parti il Ba\u015fkan\u0131 Osman Nuri Kabaktepe g&ouml;revi devrald\u0131 ve \u015f&ouml;yle bir deklare [&hellip;]<\/p>\n","protected":false},"author":9,"featured_media":0,"comment_status":"open","ping_status":"closed","sticky":false,"template":"","format":"standard","meta":{"footnotes":""},"categories":[250],"tags":[],"class_list":["post-6276","post","type-post","status-publish","format-standard","hentry","category-haziran-2021"],"_links":{"self":[{"href":"https:\/\/www.millicozum.com\/mc\/wp-json\/wp\/v2\/posts\/6276","targetHints":{"allow":["GET"]}}],"collection":[{"href":"https:\/\/www.millicozum.com\/mc\/wp-json\/wp\/v2\/posts"}],"about":[{"href":"https:\/\/www.millicozum.com\/mc\/wp-json\/wp\/v2\/types\/post"}],"author":[{"embeddable":true,"href":"https:\/\/www.millicozum.com\/mc\/wp-json\/wp\/v2\/users\/9"}],"replies":[{"embeddable":true,"href":"https:\/\/www.millicozum.com\/mc\/wp-json\/wp\/v2\/comments?post=6276"}],"version-history":[{"count":0,"href":"https:\/\/www.millicozum.com\/mc\/wp-json\/wp\/v2\/posts\/6276\/revisions"}],"wp:attachment":[{"href":"https:\/\/www.millicozum.com\/mc\/wp-json\/wp\/v2\/media?parent=6276"}],"wp:term":[{"taxonomy":"category","embeddable":true,"href":"https:\/\/www.millicozum.com\/mc\/wp-json\/wp\/v2\/categories?post=6276"},{"taxonomy":"post_tag","embeddable":true,"href":"https:\/\/www.millicozum.com\/mc\/wp-json\/wp\/v2\/tags?post=6276"}],"curies":[{"name":"wp","href":"https:\/\/api.w.org\/{rel}","templated":true}]}}