{"id":634,"date":"2004-04-01T00:00:00","date_gmt":"2004-04-01T00:00:00","guid":{"rendered":"https:\/\/www.millicozum.com\/mc\/2004\/04\/01\/arkada-karanlik-patron-arenada-kiralik-piyon\/"},"modified":"2004-04-01T00:00:00","modified_gmt":"2004-04-01T00:00:00","slug":"arkada-karanlik-patron-arenada-kiralik-piyon","status":"publish","type":"post","link":"https:\/\/www.millicozum.com\/mc\/2004\/nisan-2004\/arkada-karanlik-patron-arenada-kiralik-piyon\/","title":{"rendered":"ARKADA KARANLIK PATRON,  ARENADA K\u0130RALIK  P\u0130YON"},"content":{"rendered":"<p>\u00a0\u00a0 <\/p>\n<p>\u00a0&#8220;Ki\u015fisel&#8221; veya &#8220;dar \u00e7evresel&#8221; g\u00f6r\u00fcnse de, b\u00f6lgesel hatta k\u00fcresel sonu\u00e7lar do\u011furan \u00f6nemli olaylar\u0131 ve tarihi olu\u015fumlar\u0131 as\u0131l planlayan ve programlayan &#8220;Beyin Merkezi-\u00dcst ak\u0131l&#8221;, genellikle g\u00f6r\u00fcnmez ve g\u00fcndeme getirilmezken, s\u00fcrekli, iyi veya k\u00f6t\u00fc rolde oynayan &#8220;fig\u00fcranlar, canl\u0131 robotlar&#8221; sahnede oynat\u0131l\u0131r ve toplum bunlarla oyalan\u0131r. Bunlar &#8220;alt ak\u0131l&#8221;\u0131 temsil eden &#8220;s\u00f6ylem ve eylem Merkepleri&#8221;dir.<\/p>\n<p>   \u00a0 <\/p>\n<p>K\u0131saca, toplum;\u00a0 hep iyi veya k\u00f6t\u00fc roldeki &#8220;akt\u00f6r&#8221; leri\u00a0 tan\u0131sa&#8230; \u00a0\u00a0\u00a0 Nefret ve muhabbetini bunlar\u0131n \u00fczerinde yo\u011funla\u015ft\u0131r\u0131p kafay\u0131 bunlara taksa da, ger\u00e7ekte\u00a0 as\u0131l senaryoyu yazan &#8220;rejis\u00f6r&#8221;ler ve bunun rant\u0131n\u0131 yiyenler, perde arkas\u0131 ger\u00e7ek patronlard\u0131r.Ama sahnede g\u00f6r\u00fcnen ve sahaya s\u00fcr\u00fclen ge\u00e7ici piyonlar,\u00a0\u00a0\u00a0\u00a0\u00a0\u00a0\u00a0\u00a0\u00a0\u00a0\u00a0 solcu-sa\u011fc\u0131, dinci-devrimci, T\u00fcrk-K\u00fcrt diye birbiriyle bo\u011fu\u015fturulmakta ve kalabal\u0131klar, bu suni kavga ve kampla\u015fmalarla u\u011fra\u015ft\u0131r\u0131lmakta ve uyutulmaktad\u0131r.<\/p>\n<p>Toplumda yerle\u015fmi\u015f de\u011fer ve dinamikleri istismar etmekten asla \u00e7ekinmeyen bu &#8220;rejis\u00f6r-patron&#8221;lar her role uygun &#8220;akt\u00f6r-piyon&#8221; lar\u0131 bulmak, etiket, \u015f\u00f6hret ve servet tuza\u011f\u0131yla bunlar\u0131 kullanmak konusunda hi\u00e7 zorlanmazlar&#8230;<\/p>\n<p>Hatta bu milli ve manevi de\u011fer\u00a0 ve dinamiklerin, asli \u00f6zelliklerini de\u011fi\u015ftirme ve kendi emellerine hizmet edecek \u015fekilde &#8220;d\u00f6n\u00fc\u015ft\u00fcrme&#8221; hususunda da uzmand\u0131rlar&#8230;<\/p>\n<p>\u0130\u015fte son d\u00f6nemlerde &#8220;\u0130slamc\u0131l\u0131k&#8221;\u0131 AKP ile, &#8220;Atat\u00fcrk \u0130nkilapc\u0131l\u0131k&#8221;\u0131n\u0131\u00a0 CHP eliyle de\u011fi\u015ftirip dejenere etme giri\u015fimlerine\u00a0 bir de bu g\u00f6zle bak\u0131lmal\u0131d\u0131r.<\/p>\n<p>Bu ama\u00e7la R.Tayyip Erdo\u011fan Dinci-muhafazakar taban\u0131n, Kemal Dervi\u015f ise laik-liberal kesimin \u00fcmidi ve can simidi makam\u0131na ta\u015f\u0131nmaya \u00e7al\u0131\u015f\u0131lmaktad\u0131r.<\/p>\n<p>Ve bu s\u00fcrecin bir par\u00e7as\u0131 olarak, Prof. Yal\u00e7\u0131n K\u00fc\u00e7\u00fck&#8217;\u00fcn &#8220;Yahudi k\u00f6kenli&#8221; dedi\u011fi, \u0130srail dostu K\u00fcrt kimlikli Hikmet \u00c7etin, NATO&#8217;nun Afganistan \u00f6zel valisi yap\u0131larak, T.C. Cumhurba\u015fkanl\u0131\u011f\u0131na haz\u0131rlanmaktad\u0131r.<\/p>\n<p>28.\u015eubat olay\u0131n\u0131 da bu ba\u011flamda ele almak laz\u0131md\u0131r ve tam zaman\u0131d\u0131r.\u00c7\u00fcnk\u00fc 28 \u015eubat, bu milletin varl\u0131k sigortas\u0131 say\u0131lan, \u0130slam ve inkilap gibi kavramlar\u0131&#8230;Ve bunlar\u0131n billurla\u015fm\u0131\u015f iki \u00f6nemli kurumu olan; orduyu ve Milli G\u00f6r\u00fc\u015f\u00fc y\u0131pratma, laytla\u015ft\u0131rma ve suland\u0131rma amac\u0131yla&#8230; Ve d\u0131\u015f g\u00fc\u00e7lerin her iki kurumdaki piyonlar\u0131 arac\u0131l\u0131\u011f\u0131yla yap\u0131lm\u0131\u015ft\u0131r.<\/p>\n<p>&#8220;Il\u0131ml\u0131 \u0130slam&#8221;, &#8220;Uyumlu asker&#8221; diye asli karakter ve karizmas\u0131 kaybolacak, girdi\u011fi her kaba g\u00f6re ayr\u0131 \u015fekil alacak ve milletimizin de\u011fil, Siyonist \u00e7evrelerin hizmetinde \u00e7al\u0131\u015facak bir &#8220;ba\u015fkala\u015f\u0131m&#8221; tezgahlanm\u0131\u015ft\u0131r.<\/p>\n<p>Bu a\u015famada &#8220;y\u0131k\u0131m ustas\u0131 ve darbe kahraman\u0131&#8221; olarak, ordu i\u00e7inden \u00c7evik Bir piyonu&#8230; &#8220;Yeniden yap\u0131lanma mimar\u0131 ve de\u011fi\u015fim kahraman\u0131&#8221; olarak ta, Milli G\u00f6r\u00fc\u015ften Recep T. Erdo\u011fan piyonu kullan\u0131lm\u0131\u015ft\u0131r.Kendisinin Cumhurba\u015fkan\u0131 yap\u0131laca\u011f\u0131n\u0131 zanneden; y\u0131k\u0131m ustas\u0131 \u00c7evik Bir piyonu, i\u015fi bitince, patronlar taraf\u0131ndan, piyasadan kald\u0131r\u0131lm\u0131\u015ft\u0131r.T\u00fcrk ordusunu ve Milli G\u00f6r\u00fc\u015f olgusunu in\u015faat iskelesi ve basamak merdiveni olarak kullanan g\u00fc\u00e7ler, ihtiya\u00e7 kalmay\u0131nca T.Erdo\u011fan&#8217;\u0131 da harcayacakt\u0131r.<\/p>\n<p>Ve ne gariptir ki:<\/p>\n<p>AB Komisyon Ba\u015fkan\u0131 Prodi&#8217;nin, T\u00fcrkiye\u00a0 tefti\u015finde, T.Erdo\u011fan&#8217;\u0131 &#8220;Atat\u00fcrk&#8217;ten sonra, T\u00fcrkiye&#8217;nin en b\u00fcy\u00fck lideri!&#8221; ilan etmesine ve Mustafa Kemal&#8217;le, Recep T.Erdo\u011fan&#8217;\u0131 denkle\u015ftirmesine, ne sahte Atat\u00fcrk\u00e7\u00fclerden, ne de NATO&#8217;cu generallerden hi\u00e7 ses \u00e7\u0131kmam\u0131\u015ft\u0131r!?..<\/p>\n<p>Ama, Ata&#8217;n\u0131n manevi k\u0131z\u0131 Sabiha G\u00f6k\u00e7en&#8217;in, ermeni as\u0131ll\u0131 oldu\u011fu iddias\u0131na, bir s\u00fcr\u00fc yaygara kopar\u0131lm\u0131\u015ft\u0131r.Sanki Sabiha G\u00f6k\u00e7en&#8217;in k\u00f6keni bu kadar \u00f6nemli ve anlaml\u0131d\u0131r! Ve sanki Atat\u00fcrk&#8217;\u00fcn b\u00fct\u00fcn \u015ferefi T\u00fcrkl\u00fc\u011f\u00fcnde yatmaktad\u0131r&#8230; Ve sanki, \u00c7erkez, Pomak, \u00c7e\u00e7en, Arnavut, Laz, Zaza, K\u00fcrt k\u00f6kenli olsayd\u0131, yapt\u0131klar\u0131n\u0131n hi\u00e7birini ba\u015faramayacakt\u0131?.. Daha da k\u00f6t\u00fcs\u00fc, sanki Atat\u00fcrk&#8217;\u00fcn T\u00fcrkl\u00fc\u011f\u00fcnden \u015f\u00fcphe duyulmaktayd\u0131..!<\/p>\n<p>Evet, art\u0131k kesinlikle ortaya \u00e7\u0131kt\u0131 ki, 28 \u015eubat d\u0131\u015f g\u00fc\u00e7lerin ve k\u00fcresel \u00e7etenin &#8220;Erbakan&#8217;dan kurtulma ve Erdo\u011fan&#8217;a parti kurdurup parlatma&#8221; plan\u0131d\u0131r. Ve maalesef bu planda askerlerden \u0130slamc\u0131 entellere kadar pek \u00e7ok kesim ve ki\u015fi, ta\u015feron olarak kullan\u0131lm\u0131\u015ft\u0131r.<\/p>\n<p>Konu\u015fmaktan ve merdiven \u00e7\u0131kmaktan aciz, Meyyiti m\u00fcteharrike-y\u00fcr\u00fcyen cenaze konumundaki bir Ecevit g\u00f6r\u00fcnt\u00fcs\u00fcnden sonra, sadece 3.s\u0131n\u0131f gen\u00e7 bir filim fig\u00fcran\u0131n\u0131n bile topluma kahraman diye yutturulaca\u011f\u0131 bir ortamda, Tayyib Erdo\u011fan gibi &#8220;vitrine yak\u0131\u015f\u0131k, a\u011fz\u0131 kalabal\u0131k&#8221; bir tipin &#8220;umut&#8221; haline getirilmesi hi\u00e7 te zor olmam\u0131\u015ft\u0131r.<\/p>\n<p>Ama ne yaz\u0131k ki, T.Erdo\u011fan ismi &#8220;umut&#8221;\u00a0 haline getirilirken, kendisinin ve AKP&#8217;nin \u015fahs\u0131nda, \u0130slam \u00fcmit \u0131\u015f\u0131\u011f\u0131 olmaktan \u00e7\u0131kar\u0131l\u0131p bir siyaset arac\u0131 ve B\u00fcy\u00fck Ortado\u011fu Projesinin bir vas\u0131tas\u0131 durumuna sokulmaya ba\u015flanm\u0131\u015ft\u0131r. Ve i\u015fte bunun i\u00e7in daha d\u00fcne kadar y\u0131llarca T.Erdo\u011fan&#8217;a &#8220;\u015feriat\u00e7\u0131-yobaz!&#8221; diye sald\u0131ranlar, bug\u00fcn ona &#8220;T\u00fcrkiye&#8217;yi de\u011fi\u015ftirecek ve makus talihimizi yenecek lider&#8221; olarak sar\u0131lmakta&#8230; Daha do\u011frusu bu ambalajla pazarlamaktad\u0131r.<\/p>\n<p>Siyonizm&#8217;in bu her sahadaki hakimiyetini fark eden ve \u00e7ap\u0131n\u0131 \u00e7ok iyi tan\u0131d\u0131klar\u0131 Tayyib Erdo\u011fan gibisini bile, isterlerse ba\u015fbakan yapacak bir g\u00fcce sahip oldu\u011funu g\u00f6ren bir \u00e7ok \u0130slamc\u0131 ayd\u0131n ve entel tabakas\u0131 da, \u0130slam&#8217;dan ve Kur&#8217;an\u0131n vaad etti\u011fi adalet ve saadet nizam\u0131ndan \u00fcmidini kesip, mevcut d\u00fcnya d\u00fczenine teslim olmu\u015flard\u0131r.<\/p>\n<p>\u0130\u015fte \u0130lahiyat Proflar\u0131ndan ve AKP&#8217;nin ak\u0131l hocalar\u0131ndan bir zat &#8220;Ge\u00e7irilen uzun bir tecr\u00fcbe d\u00f6nemi, bu g\u00fcn\u00fcn d\u00fcnyas\u0131nda, k\u0131smen veya b\u00fct\u00fcn halinde; \u0130slam kurallar\u0131na dayal\u0131 bir devlet d\u00fczeni kurman\u0131n imkans\u0131z oldu\u011funu ortaya koymu\u015ftur&#8221;<a name=\"_ftnref1\" href=\"_ftn1\" title=\"_ftnref1\">[1]<\/a> \u00a0diyerek bu t\u00fckeni\u015f ve teslimiyetini a\u00e7\u0131\u011fa vurmu\u015flard\u0131r.<\/p>\n<p>\u0130\u015fte bunun i\u00e7in, AKP&#8217;nin atad\u0131\u011f\u0131 Diyanet \u0130\u015fleri Ba\u015fkan\u0131 Bardako\u011flu, Amerika&#8217;ya gidip Ulusal G\u00fcvenlik Konseyinde\u00a0 ve Siyonist Lobileriyle &#8220;Il\u0131ml\u0131 \u0130slam&#8217;\u0131n&#8221; yani Protestanla\u015ft\u0131r\u0131\u015fm\u0131\u015f ve emperyalizmin hizmet arac\u0131 yap\u0131lm\u0131\u015f bir M\u00fcsl\u00fcmanl\u0131k anlay\u0131\u015f\u0131n\u0131n g\u00f6r\u00fc\u015fmelerini yapmaktad\u0131r.<a name=\"_ftnref2\" href=\"_ftn2\" title=\"_ftnref2\">[2]<\/a>\u00a0<\/p>\n<p>\u0130\u015fte bunun i\u00e7in, bir AKP milletvekili, yeni i\u00e7tihatlar yaparak ve Kur&#8217;ani emirleri \u00e7arp\u0131tarak, sadece g\u00f6\u011fs\u00fcn\u00fc ve \u00f6n\u00fcn\u00fc kapatan &#8220;Tek par\u00e7al\u0131k bir mayo ile v\u00fccudunu \u00f6rten kad\u0131n minimum \u00f6rt\u00fcnmenin ko\u015fullar\u0131n\u0131 da tamamlam\u0131\u015f olur&#8221;<a name=\"_ftnref3\" href=\"_ftn3\" title=\"_ftnref3\">[3]<\/a> \u00a0diyecek kadar sap\u0131tmaktad\u0131r.<\/p>\n<p>\u0130\u015fte bunun i\u00e7in Ba\u015fbakan, Bolu da &#8220;Bana i\u015fbirlik\u00e7i diyorlar&#8230; Ne var bunda&#8230; \u0130\u015f bitirmek i\u00e7in elbette i\u015fbirli\u011fi yapacaks\u0131n!&#8221; diyecek ve &#8220;Abant&#8217;\u0131 yeni bir Davos&#8221;a haz\u0131rlayaca\u011f\u0131n\u0131, yani T\u00fcrkiye&#8217;yi Siyonist toplant\u0131lar\u0131n merkezi yapaca\u011f\u0131n\u0131 s\u00f6yleyecek kadar pervazs\u0131z davranmaktad\u0131r.<\/p>\n<p>Ve maalesef \u0130slamc\u0131 kesim ve bas\u0131n, AKP&#8217;nin &#8220;Ba\u015f\u00f6rt\u00fcs\u00fcne ve \u0130mam-Hatip meselesine\u00a0 sahip \u00e7\u0131kmay\u0131p, AB&#8217;ye uyum \u00e7er\u00e7evesinde &#8220;e\u015fcinsellere \u00f6zg\u00fcrl\u00fck&#8221; yasalar\u0131n\u0131 \u00e7\u0131karmas\u0131&#8230;<\/p>\n<p>\u0130slam dinine ve davas\u0131na ve milletimizin sorunlar\u0131na de\u011fil, emperyalist ve Siyonist Bat\u0131n\u0131n \u00e7\u0131karlar\u0131na hizmet sunmas\u0131&#8230;<\/p>\n<p>Ve hele T.Erdo\u011fan&#8217;\u0131n Hicaz gibi kutsal bir b\u00f6lgede ve Cidde&#8217;de ve y\u00fczlerce\u00a0 M\u00fcsl\u00fcman y\u00f6netici ve yetkilinin g\u00f6z\u00fc \u00f6n\u00fcnde &#8220;paran\u0131n dini olmaz! Her t\u00fcrl\u00fc etnik, dini ve co\u011frafi olarak tan\u0131mlanm\u0131\u015f ekonomik birli\u011fe ve \u0130slam Ortak Pazar\u0131 fikrine kar\u015f\u0131y\u0131m!?&#8221; hezeyanlar\u0131n\u0131 savurmas\u0131&#8230; Ama ak\u0131l fakirlerinin bile fark edece\u011fi bir \u00e7eli\u015fki ile, din olarak Hr\u0131stiyan k\u00fclt\u00fcr\u00fcne, co\u011frafya olarak Avrupa B\u00f6lgesine\u00a0 dayal\u0131 AB&#8217;ye girmek i\u00e7in can atmas\u0131 gibi \u015fa\u015fk\u0131nl\u0131k ve h\u0131yanetlerine\u00a0 &#8220;hikmet uydurmak ve bahane bulmak&#8221;la kendilerini ve toplumu avutmaktad\u0131r.<\/p>\n<p>B\u00fcy\u00fck \u0130srail hat\u0131r\u0131na ve petrol\u00fc ya\u011fmalama hesab\u0131na Irak&#8217;\u0131 i\u015fgal eden Amerikan askerlerinin ba\u015far\u0131s\u0131 i\u00e7in dua edecek kadar k\u0131blesini \u015fa\u015f\u0131rm\u0131\u015f, kimli\u011fini kar\u0131\u015ft\u0131rm\u0131\u015f ve &#8220;Hac&#8221; yolundan \u00fcmidini ve ilgisini kesip &#8220;Ha\u00e7&#8221; yoluna kap\u0131lanm\u0131\u015f bir ba\u015fbakana hala dua eden ve &#8220;Acele etmeyin&#8230; \u0130\u015fini g\u00fc\u00e7le\u015ftirmeyin&#8230; Zaman\u0131 gelince\u00a0 gerekeni yapacakt\u0131r!&#8221; diye temenni ve \u00e7evresini teselli edenlere sormak laz\u0131m: AKP&#8217;nin iktidar oldu\u011fu \u015fu bir bu\u00e7uk y\u0131l i\u00e7erisinde, hem T\u00fcrkiye&#8217;mizde, hem b\u00f6lgemizde, hem de yery\u00fcz\u00fcnde, ekonomiden siyasete&#8230; \u00d6zg\u00fcrl\u00fcklerden ahlaki de\u011ferlere kadar acaba, milletimiz ve \u0130slamiyet mi kazan\u00e7l\u0131 \u00e7\u0131kt\u0131, yoksa, ba\u015fka din mensuplar\u0131 ve masonlar m\u0131 geli\u015fti ve kuvvet kazand\u0131?<\/p>\n<p>Bu arada, ATO konferans salonunda, ADD&#8217;nin d\u00fczenledi\u011fi konferansa (Ege Ordu Komutan\u0131 Org.Hur\u015fit Tolon ve yurtd\u0131\u015f\u0131nda bulunan G.K.B.Org.Hilmi \u00d6zk\u00f6k hari\u00e7) tam kadro kat\u0131lan Kuvvet Komutanlar\u0131n\u0131n, hilafet bahanesiyle \u0130slam&#8217;a k\u00fcfreden konu\u015fmac\u0131lar\u0131 ve Annan plan\u0131 \u00e7er\u00e7evesinde Rumlarla masaya oturma gafletini g\u00f6steren Rauf Denkta\u015f&#8217;\u0131 alk\u0131\u015flamalar\u0131, acaba &#8220;Ne yapal\u0131m, biz Ruaf Denkta\u015f&#8217;a arka \u00e7\u0131kt\u0131k&#8230; Ama referandumda AB kazand\u0131&#8221; diyerek su\u00e7u ve sorumlulu\u011fu Adadaki T\u00fcrk halk\u0131na y\u0131kma ve s\u00fcregelen dan\u0131\u015f\u0131kl\u0131 d\u00f6v\u00fc\u015f gere\u011fi, b\u00f6ylece kar\u015f\u0131tm\u0131\u015f gibi davran\u0131p AKP H\u00fck\u00fcmetini rahatland\u0131rma provas\u0131 m\u0131yd\u0131?<\/p>\n<p>Fi\u015flenmekten \u00fcrkenler, yani mahiyetinin, niyetinin ve gayretinin bilinmesini istemeyenler, gizli ve kirli taraflar\u0131 olan kimselerdir&#8230; Yaras\u0131 olan gocunuyor demektir. Biz fi\u015flenmekten dolay\u0131 gocunmuyor, g\u00fccenmiyoruz&#8230; Ve zaten \u00e7ok \u00f6nemli ve gerekli bilgilerimiz\u00a0 mahalle muhtar\u0131nda bile var, \u015f\u00fck\u00fcr devletimizden saklayacak ve y\u00fcz\u00fcm\u00fcz\u00fc k\u0131zartacak halimiz yok.<\/p>\n<p>Ancak, K.K.Komutanl\u0131\u011f\u0131n\u0131n b\u00fct\u00fcn yurt genelinde, kaymakaml\u0131klara ve ilgili birimlere g\u00f6nderdi\u011fi &#8220;irticai ve b\u00f6l\u00fcc\u00fc faaliyetlerin&#8221; izlenmesiyle ilgili istihbarat \u00e7izelgesine, &#8220;AB&#8217;ye ve ABD&#8217;ye taraf olanlar ve Masonlar&#8221; gibi kas\u0131tl\u0131 soku\u015fturuldu\u011fu s\u0131r\u0131tan genelgenin, bas\u0131na s\u0131zd\u0131r\u0131lmas\u0131 ve ayn\u0131 g\u00fcn Kartal Mason Lokaline d\u00fczenlenen ve ne kerametse, zavall\u0131 bek\u00e7iden ve garson hizmet\u00e7iden ba\u015fka hi\u00e7bir Masona zarar vermeyen\u00a0 acemi bir sald\u0131r\u0131n\u0131n yap\u0131lmas\u0131 da,\u00a0 acaba &#8220;ordu AB ve az\u0131nl\u0131k d\u00fc\u015fmanl\u0131\u011f\u0131 yap\u0131yor&#8230; Kendi saltanat\u0131 i\u00e7in \u00fclkenin gelece\u011fini karart\u0131yor!&#8221; dedirtecek ve milli dirili\u015f ve de\u011fi\u015fim haz\u0131rl\u0131\u011f\u0131n\u0131 k\u00f6stekleyecek NATO talimatl\u0131 bir provokasyon ama\u00e7l\u0131 m\u0131yd\u0131?<\/p>\n<p>AKP H\u00fck\u00fcmetinin, MSB b\u00fct\u00e7esini \u00fc\u00e7te bir oran\u0131nda azaltmas\u0131&#8230; Milli G\u00fcvenli\u011fimiz ve gelece\u011fimiz konusunda\u00a0 orduyu devre d\u0131\u015f\u0131 b\u0131rakan kanun ve kararlar\u0131 \u00e7\u0131karmas\u0131&#8230;<\/p>\n<p>Patrikhanenin ayr\u0131 bir devlet gibi davran\u0131p, Ankara&#8217;dan habersiz d\u0131\u015f \u00fclkelerinden 6 yeni papaz\u0131, \u0130stanbul&#8217;a atamas\u0131&#8230; B\u00fcy\u00fck Ortado\u011fu Projesiyle T\u00fcrkiye&#8217;nin \u0130srail&#8217;e eyalet yap\u0131lmas\u0131 gibi konularda sessiz ve tepkisiz kalan baz\u0131 pa\u015falar\u0131n, ba\u015f\u00f6rt\u00fcs\u00fc ve \u0130mam Hatip gibi konularda h\u00fck\u00fcmete \u00e7atmas\u0131, yoksa dindar ve muhafazakar kesimleri AKP&#8217;ye y\u00f6nlendirmek ve dolayl\u0131 olarak h\u00fck\u00fcmeti mazur g\u00f6stermek i\u00e7in bir numaram\u0131yd\u0131?<\/p>\n<p>Sahi, T\u00fcrkiye, AB&#8217;ye mi dahil edilecek, yoksa B\u00fcy\u00fck Ortado\u011fu Projesine mi? Daha do\u011frusu, T\u00fcrkiye AB&#8217;nin mi, yoksa \u0130srail&#8217;in mi eyaleti yap\u0131lacakt\u0131?<\/p>\n<p>Veya Erbakan Hocan\u0131n 40 y\u0131l \u00f6nce fark edip s\u00f6yledi\u011fi gibi; her ikisi de ayn\u0131 kap\u0131ya m\u0131 \u00e7\u0131kmaktayd\u0131?!..<\/p>\n<p>Milli \u015fuuru\u00a0 ve cesaretli duru\u015fuyla g\u00f6z ve g\u00f6n\u00fcl dolduran Emekli Org.Kemal Yavuz Pa\u015fa&#8217;n\u0131n;<\/p>\n<p>&#8220;Pentagonun \u00e7ok \u00f6nemli noktas\u0131ndaki bir general bana \u015funlar\u0131 demi\u015fti: Amerika&#8217;da devlette hatta \u00f6zel sekt\u00f6rde, Ba\u015fkan dahil.(bunu iki defa tekrarlad\u0131)\u0130srail politikalar\u0131n\u0131 k\u00f6r\u00fc k\u00f6r\u00fcne desteklemedik\u00e7e, hi\u00e7 kimse sandalyesinde kalamaz!.. \u00c7\u00fcnk\u00fc Amerika&#8217;da insanlar\u0131 y\u00f6neten (ve y\u00f6nlendiren en etkili) g\u00fc\u00e7 odaklar\u0131ndan para ve medya &#8220;Yahudilerin&#8221; denetimindedir&#8221;<a name=\"_ftnref4\" href=\"_ftn4\" title=\"_ftnref4\">[4]<\/a> \u00a0\u015feklinde dile getirdi\u011fi ger\u00e7ekleri NATO&#8217;cu pa\u015falar\u0131m\u0131z hi\u00e7 duymam\u0131\u015f m\u0131yd\u0131?<\/p>\n<p>Sonu\u00e7: Ve tabi, ABD&#8217;yi s\u00fcper g\u00fc\u00e7 , \u0130srail&#8217;i hiper g\u00fc\u00e7, NATO&#8217;yu siper g\u00fc\u00e7 g\u00f6ren, kendi milletine, manevi de\u011fer ve dinamiklerine s\u0131rt \u00e7eviren gafiller ve hainler aldanmaktad\u0131r.\u00c7\u00fcnk\u00fc yegane kuvvet ve kudret sahibi Cenab\u0131 Hakt\u0131r.<\/p>\n<p>Ve Allah&#8217;\u0131n nusret ve inayetiyle: Siyonizm&#8217;in b\u00fct\u00fcn tasarlad\u0131klar\u0131n\u0131 ve tuzaklar\u0131n\u0131 bo\u015fa \u00e7\u0131karacak proje ve organizeleri haz\u0131rlayan bir &#8220;\u00fcst ak\u0131l&#8221; bu sindirme ve s\u00f6m\u00fcrme d\u00fczenini tarihin \u00e7\u00f6pl\u00fc\u011f\u00fcne g\u00f6mecek uzun ve \u00e7ileli \u00e7al\u0131\u015fmalar\u0131n\u0131n son a\u015famas\u0131ndad\u0131r!<\/p>\n<p>Ve elbette \u015eeytani g\u00fc\u00e7ler de bunun fark\u0131ndad\u0131r, fakat; u\u015faklar\u0131 \u00fcrk\u00fcp paniklemesin diye \u00e7akt\u0131rmamaktad\u0131r! Ama baz\u0131lar\u0131 duygular\u0131n\u0131 bast\u0131ramay\u0131p &#8220;O&#8217;nu siyaseten g\u00f6mmek yetmez, \u00fcst\u00fcne beton d\u00f6kmemiz gerekir&#8221; diyerek, korkular\u0131n\u0131 a\u00e7\u0131\u011fa vurmaktad\u0131r!<\/p>\n<p>Bunu bildikleri i\u00e7indir ki, en has adamlar\u0131n\u0131, \u00f6zenle se\u00e7ilmi\u015f ve yeti\u015ftirilmi\u015f ajanlar\u0131n\u0131; en hakl\u0131 hareketin ve en hay\u0131rl\u0131 hizmetin i\u00e7erisine&#8230; Bu en \u00e7ok korktuklar\u0131 ve ku\u015fku duyduklar\u0131 giri\u015fimin merkezine ve bu bilge liderin \u00e7evresine konu\u015fland\u0131rm\u0131\u015flard\u0131r<\/p>\n<p>Ve zaten, \u015feytani g\u00fc\u00e7ler her as\u0131rda kendi d\u00fczenleri i\u00e7in en etkili ve tehlikeli g\u00f6rd\u00fckleri giri\u015fim ve geli\u015fmelerin i\u00e7erisine \u00e7\u00f6reklenip tahribat yapm\u0131\u015flard\u0131r.<\/p>\n<p>\u0130\u015fte ayet:<\/p>\n<p>&#8220;\u015eeytan (Allah&#8217;a) dedi ki: (Ademe secde etmemi istemekle) Beni azd\u0131rd\u0131\u011f\u0131ndan dolay\u0131, senin dosdo\u011fru yoluna (Hak dinin ve hay\u0131r davan\u0131n tam ortas\u0131na) oturup (pusu kuraca\u011f\u0131m) Sonra ; \u00f6nlerinden, arkalar\u0131ndan, sa\u011flar\u0131ndan ve sollar\u0131ndan muhakkak (kullar\u0131na) sokulup sapt\u0131raca\u011f\u0131m. Ki onlar\u0131n \u00e7o\u011funu (dinin ve davan y\u00fcz\u00fcnden eri\u015ftikleri ganimet ve faziletlere) \u015f\u00fckredici bulmayacaks\u0131n&#8230;(\u00c7\u00fcnk\u00fc onlara nank\u00f6rl\u00fck ve h\u0131yanet yapt\u0131raca\u011f\u0131m!?)&#8221;<a name=\"_ftnref5\" href=\"_ftn5\" title=\"_ftnref5\">[5]<\/a><\/p>\n<p>Ancak ne var ki, Rahmani g\u00fc\u00e7ler, \u015feytani g\u00fc\u00e7leri yenecektir.\u015eu anda &#8220;Milli G\u00fc\u00e7ler&#8221;, belki \u015fartlar\u0131n olgunla\u015fmas\u0131n\u0131 beklemek i\u00e7in, strateji gere\u011fi; &#8220;istedi\u011fini yapabilecek bir makamda&#8221; g\u00f6r\u00fcnm\u00fcyor&#8230; Ancak &#8220;istemedi\u011fi bir giri\u015fimi ise, kesinlikle \u00f6nleyecek bir konumda&#8221; oldu\u011funu hissettiriyor ve g\u00f6steriyor&#8230;Bu arada T\u00fcrkiye&#8217;mizin gelece\u011fi i\u00e7in tehlikeli ve tehdit edeci baz\u0131 geli\u015fmelere f\u0131rsat tan\u0131mas\u0131 ise, h\u0131yanet cephesinin su\u00e7unu ve sorumlulu\u011funu belgelemek ve yak\u0131nda sorulacak hesab\u0131 me\u015fru hale getirmek i\u00e7indir.Ve Siyonist sistem can \u00e7eki\u015fmektedir.<\/p>\n<p>Milli M\u00fccadele destan\u0131n\u0131; Hoca ile Pa\u015fa birlikte yazd\u0131&#8230; Cumhuriyeti; Hoca ile Pa\u015fa birlikte ba\u015fard\u0131&#8230;<\/p>\n<p>Ama sonradan, maalesef Cumhuriyet; Millet kar\u015f\u0131tl\u0131\u011f\u0131 ve mason sermaye krall\u0131\u011f\u0131..<\/p>\n<p>Demokrasi; Parti despotlu\u011fu ve imtiyazl\u0131lar diktas\u0131<\/p>\n<p>Laiklik ise; din d\u00fc\u015fmanl\u0131\u011f\u0131 ve bat\u0131 hayranl\u0131\u011f\u0131 \u015feklinde yozla\u015ft\u0131r\u0131ld\u0131.Suni ve sinsi oyunlarla, Hoca ile Pa\u015fan\u0131n aras\u0131 a\u00e7\u0131ld\u0131.<\/p>\n<p>\u015eimdi tekrar, Milli dirili\u015f ve \u00f6ze d\u00f6n\u00fc\u015f hareketini de, yine Hoca ile Pa\u015fa birlikte yapacakt\u0131r.<\/p>\n<p>Hoca; Manevi de\u011ferlerin, Pa\u015fa ise; Milli dinamiklerin simgesi anlam\u0131ndad\u0131r.<\/p>\n<p>&#8220;Do\u011facakt\u0131r Sana, vaad etti\u011fi g\u00fcnler, Hakk&#8217;\u0131n<\/p>\n<p>Kim bilir belki yar\u0131n, belki yar\u0131ndan da yak\u0131n!&#8221;<\/p>\n<p>Biz bu yaz\u0131y\u0131 haz\u0131rlay\u0131p dergi&#8217;ye verdikten birka\u00e7 g\u00fcn sonra, mutlu ve umutlu bir tevafuk olarak, Milli gazete&#8217;de sevgili Mustafa Kurda\u015f ve Mustafa Y\u0131lmaz&#8217;\u0131n bereketli ve ibretli k\u00f6\u015fesinde \u015fu sevindirici yaz\u0131 \u00e7\u0131kt\u0131.<\/p>\n<p>\u00a0<\/p>\n<p><strong><span style=\"text-decoration: underline;\">E. General&#8217;den gelen ilgin\u00e7 mail&#8230;<\/span><\/strong><\/p>\n<p><strong>K<\/strong>\u00f6\u015femize g\u00f6nderdi\u011fi e-postas\u0131na <strong>&#8220;Bu sat\u0131rlar\u0131 hem bir emekli general hem de gazetenizi s\u00fcrekli takip eden bir okurunuz olarak yaz\u0131yorum&#8221; <\/strong>diye ba\u015fl\u0131yor. Ve e-posta&#8217;s\u0131nda fi\u015fleme tart\u0131\u015fmalar\u0131na dikkate de\u011fer \u00e7ok farkl\u0131 bir bak\u0131\u015f a\u00e7\u0131s\u0131 getiriyor.<\/p>\n<p>Pa\u015fa, \u00f6ncelikle <strong>Fi\u015fleme<\/strong> olay\u0131n\u0131n <strong>1 y\u0131l \u00f6nceden<\/strong> bilindi\u011fine dikkat \u00e7ekiyor. Ve \u015fu soruyu soruyor: &#8220;Fi\u015fleme (Sicil Tutma) meselesi <strong>M\u0130T, Emniyet ve TSK \u0130stihbarat birimleri<\/strong> taraf\u0131ndan ayr\u0131 ayr\u0131 yap\u0131lmaktad\u0131r. Ordunun b\u00f6yle bir \u015fey yapt\u0131\u011f\u0131 zaten biliniyordu. Peki niye bug\u00fcnlerde bu olay \u0131s\u0131t\u0131lmaktad\u0131r?&#8221;<\/p>\n<p>Pa\u015fa&#8217;n\u0131n kendi sorusuna verdi\u011fi cevap, fi\u015fleme olay\u0131na ger\u00e7ekten bug\u00fcne kadar bak\u0131lmam\u0131\u015f farkl\u0131 bir perspektif getiriyor.<\/p>\n<p>\u0130\u015fte Pa\u015fa&#8217;n\u0131n de\u011ferlendirmesi: &#8220;T\u00fcrkiye&#8217;de <strong>Siyonistler, Masonlar, Sabetayc\u0131lar, Turko-Yahudiler <\/strong>ve benzerleri ile ilgili en g\u00fcncel ve sa\u011flam istihbarat Ordumuzun elindedir.<\/p>\n<p>T\u00fcrkiye&#8217;de <strong>kim Mason?<\/strong> <strong>Kim Siyonist?<\/strong> <strong>Nerede toplan\u0131yorlar? Ne kararlar al\u0131yorlar? Nas\u0131l \u00e7al\u0131\u015f\u0131yorlar? Finans hareketleri?<\/strong> Hepsi en ince ayr\u0131nt\u0131s\u0131na kadar bilinmektedir. Ordumuzun <strong>en \u00fcst kademesi<\/strong> de bunlar\u0131 bilir. <strong>Masonik \u00f6rg\u00fctler <\/strong>kendilerinin i\u00e7 y\u00fcz\u00fcn\u00fc bilen ve haberleri s\u0131zd\u0131ran Ordumuzu y\u0131pratmak ve intikam almak i\u00e7in b\u00f6yle bir kampanya ba\u015flatm\u0131\u015flard\u0131r. Burada \u015fu 3 \u015fey ama\u00e7lanmaktad\u0131r: TSK&#8217;y\u0131 kendi i\u00e7inde y\u0131pratmak. Kendi \u00fczerlerindeki <strong>devlet takibini<\/strong> k\u0131rmak. Bir daha u\u011fra\u015fmaya yeltenen olursa onlara da g\u00f6zda\u011f\u0131 vermek. \u0130lerde TSK&#8217; da yapacaklar\u0131 <strong>yenilik ve tasfiye \u00e7al\u0131\u015fmalar\u0131na<\/strong> zemin haz\u0131rlamak&#8230; Tam da BOP&#8217;un <strong>(B\u00fcy\u00fck Ortado\u011fu Projesi)<\/strong> tart\u0131\u015f\u0131ld\u0131\u011f\u0131 bir d\u00f6nemde.<\/p>\n<p>\u00c7\u00fcnk\u00fc \u015fu an Ortado\u011fuda geli\u015fen olaylar son haddine gelmi\u015ftir. Dayanma g\u00fcc\u00fc kalmam\u0131\u015ft\u0131r ve mutlaka bir yerden k\u0131r\u0131lmas\u0131 gerekmektedir. B\u00f6lgede <strong>en kilit \u00fclke<\/strong> T\u00fcrkiye&#8217;dir ve b\u00fct\u00fcn stratejiler T\u00fcrkiye&#8217;nin alaca\u011f\u0131 pozisyona g\u00f6re belirlenmektedir. Ne yaz\u0131k ki <strong>K\u0131yamet Sava\u015f\u0131<\/strong> (Armegedon) ka\u00e7\u0131n\u0131lmazd\u0131r. Olaylara bu a\u00e7\u0131dan bakarsan\u0131z, zannediyorum ki g\u00fcnlerdir fi\u015fleme olay\u0131nda kopart\u0131lan k\u0131yametin ne anlama geldi\u011fi \u00e7ok a\u00e7\u0131k bir \u015fekilde anla\u015f\u0131l\u0131r. &#8220;<a name=\"_ftnref6\" href=\"_ftn6\" title=\"_ftnref6\">[6]<\/a><\/p>\n<p> <\/p>\n<hr \/>\n<p><a name=\"_ftn1\" href=\"_ftnref1\" title=\"_ftn1\">[1]<\/a> Hayrettin Karaman.06.06.2003 Yeni \u015eafak<\/p>\n<p><a name=\"_ftn2\" href=\"_ftnref2\" title=\"_ftn2\">[2]<\/a> Bak.27.\u015eubat.2004. Yeni \u015eafak. Washington<\/p>\n<p><a name=\"_ftn3\" href=\"_ftnref3\" title=\"_ftn3\">[3]<\/a> Bak.G\u00fcler K\u00f6m\u00fcrc\u00fc.Haber T\u00fcrk.com.02.03.2004<\/p>\n<p><a name=\"_ftn4\" href=\"_ftnref4\" title=\"_ftn4\">[4]<\/a> Ak\u015fam 10.3.2004<\/p>\n<p><a name=\"_ftn5\" href=\"_ftnref5\" title=\"_ftn5\">[5]<\/a> Araf:16-17<\/p>\n<p><a name=\"_ftn6\" href=\"_ftnref6\" title=\"_ftn6\">[6]<\/a> Milli Gazete Kulis ANKARA \/ 17 03 2004<\/p>\n","protected":false},"excerpt":{"rendered":"<p>\u00a0\u00a0 <\/p>\n<p>\u00a0&#8220;Ki\u015fisel&#8221; veya &#8220;dar \u00e7evresel&#8221; g\u00f6r\u00fcnse de, b\u00f6lgesel hatta k\u00fcresel sonu\u00e7lar do\u011furan \u00f6nemli olaylar\u0131 ve tarihi olu\u015fumlar\u0131 as\u0131l planlayan ve programlayan &#8220;Beyin Merkezi-\u00dcst ak\u0131l&#8221;, genellikle g\u00f6r\u00fcnmez ve g\u00fcndeme getirilmezken, s\u00fcrekli, iyi veya k\u00f6t\u00fc rolde oynayan &#8220;fig\u00fcranlar, canl\u0131 robotlar&#8221; sahnede oynat\u0131l\u0131r ve toplum bunlarla oyalan\u0131r. Bunlar &#8220;alt ak\u0131l&#8221;\u0131 temsil eden &#8220;s\u00f6ylem ve eylem Merkepleri&#8221;dir.<\/p>\n","protected":false},"author":9,"featured_media":0,"comment_status":"open","ping_status":"closed","sticky":false,"template":"","format":"standard","meta":{"footnotes":""},"categories":[56],"tags":[],"class_list":["post-634","post","type-post","status-publish","format-standard","hentry","category-nisan-2004"],"_links":{"self":[{"href":"https:\/\/www.millicozum.com\/mc\/wp-json\/wp\/v2\/posts\/634","targetHints":{"allow":["GET"]}}],"collection":[{"href":"https:\/\/www.millicozum.com\/mc\/wp-json\/wp\/v2\/posts"}],"about":[{"href":"https:\/\/www.millicozum.com\/mc\/wp-json\/wp\/v2\/types\/post"}],"author":[{"embeddable":true,"href":"https:\/\/www.millicozum.com\/mc\/wp-json\/wp\/v2\/users\/9"}],"replies":[{"embeddable":true,"href":"https:\/\/www.millicozum.com\/mc\/wp-json\/wp\/v2\/comments?post=634"}],"version-history":[{"count":0,"href":"https:\/\/www.millicozum.com\/mc\/wp-json\/wp\/v2\/posts\/634\/revisions"}],"wp:attachment":[{"href":"https:\/\/www.millicozum.com\/mc\/wp-json\/wp\/v2\/media?parent=634"}],"wp:term":[{"taxonomy":"category","embeddable":true,"href":"https:\/\/www.millicozum.com\/mc\/wp-json\/wp\/v2\/categories?post=634"},{"taxonomy":"post_tag","embeddable":true,"href":"https:\/\/www.millicozum.com\/mc\/wp-json\/wp\/v2\/tags?post=634"}],"curies":[{"name":"wp","href":"https:\/\/api.w.org\/{rel}","templated":true}]}}