{"id":6385,"date":"2021-08-26T22:00:00","date_gmt":"2021-08-26T22:00:00","guid":{"rendered":"https:\/\/www.millicozum.com\/mc\/2021\/08\/26\/akp-sayesinde-turkiyenin-bati-merkezli-ekseni-kaymamis-2\/"},"modified":"2021-08-26T22:00:00","modified_gmt":"2021-08-26T22:00:00","slug":"akp-sayesinde-turkiyenin-bati-merkezli-ekseni-kaymamis-ama-civisi-cikmisti-2","status":"publish","type":"post","link":"https:\/\/www.millicozum.com\/mc\/2021\/eylul-2021\/akp-sayesinde-turkiyenin-bati-merkezli-ekseni-kaymamis-ama-civisi-cikmisti\/","title":{"rendered":"AKP SAYES\u0130NDE T\u00dcRK\u0130YE\u2019N\u0130N \u201cBATI MERKEZL\u0130 EKSEN\u0130\u201d KAYMAMI\u015e, AMA \u00c7\u0130V\u0130S\u0130 \u00c7IKMI\u015eTI!"},"content":{"rendered":"\n<p>&nbsp;<\/p>\n<p style=\"margin-bottom: 0cm; text-align: center; line-height: 16pt;\"><strong><span style=\"font-size: 16pt; font-family: 'Arial', sans-serif;\">AKP SAYES\u0130NDE<\/span><\/strong><\/p>\n<p style=\"margin-bottom: 0cm; text-align: center; line-height: 16pt;\"><strong><span style=\"font-size: 16pt; font-family: 'Arial', sans-serif;\">T&Uuml;RK\u0130YE&rsquo;N\u0130N <em>&ldquo;BATI MERKEZL\u0130 EKSEN\u0130&rdquo;<\/em> KAYMAMI\u015e,<\/span><\/strong><\/p>\n<p style=\"margin-bottom: 0cm; text-align: center; line-height: 16pt;\"><strong><span style=\"font-size: 16pt; font-family: 'Arial', sans-serif;\">AMA &Ccedil;\u0130V\u0130S\u0130 &Ccedil;IKMI\u015eTI!<\/span><\/strong><\/p>\n<p style=\"margin-bottom: 0cm; text-align: justify; text-indent: 1cm; line-height: 16pt;\"><strong><span style=\"font-size: 16pt; font-family: 'Arial', sans-serif;\">&nbsp;&nbsp;&nbsp;&nbsp;&nbsp;&nbsp;&nbsp;&nbsp; <\/span><\/strong><\/p>\n<p style=\"margin-bottom: 0cm; text-align: justify; text-indent: 1cm; line-height: 16pt;\"><strong><span style=\"font-size: 12pt; font-family: 'Arial', sans-serif;\">T&uuml;rkiye&rsquo;nin AKP sayesinde ekseni de\u011fil, sadece aksan\u0131 (s&ouml;ylem tarz\u0131) kaym\u0131\u015ft\u0131. Yani &ldquo;<em>Recep T. Erdo\u011fan H&uuml;k&uuml;meti Bat\u0131&rsquo;ya ve \u0130srail&rsquo;e kafa tutuyor, \u0130slam d&uuml;nyas\u0131na yakla\u015f\u0131yor&rdquo;<\/em> \u015feklindeki iddialar, AKP&rsquo;yi kahramanla\u015ft\u0131rmaya ve ay\u0131plar\u0131n\u0131 kapatmaya y&ouml;nelik senaryolar\u0131n bir par&ccedil;as\u0131yd\u0131. AKP&rsquo;nin ekseni, zaten Milli G&ouml;r&uuml;\u015f g&ouml;mle\u011fini ve kimli\u011fini &ccedil;\u0131kar\u0131p Yahudi Lobilerine kiraland\u0131\u011f\u0131nda kaym\u0131\u015ft\u0131. Art\u0131k kaypaklardan kahramanl\u0131k beklemek safl\u0131kt\u0131.<\/span><\/strong><\/p>\n<p style=\"margin-bottom: 0cm; text-align: justify; text-indent: 1cm; line-height: 16pt;\"><strong><span style=\"font-size: 14pt; font-family: 'Arial', sans-serif;\">Eski Zaman yazar\u0131, ve o s\u0131rada Fetullahc\u0131 ve AKP yanl\u0131s\u0131 Ali Bula&ccedil;; &ldquo;D\u0131\u015f politikada sorular&rdquo; ba\u015fl\u0131kl\u0131 yaz\u0131s\u0131nda ayar\u0131n\u0131 ortaya koyuyordu:<\/span><\/strong><\/p>\n<p style=\"margin-bottom: 0cm; text-align: justify; text-indent: 1cm; line-height: 16pt;\"><em><span style=\"font-size: 12pt; font-family: 'Arial', sans-serif;\">&ldquo;\u015eu soru &ouml;nemli: T&uuml;rkiye, sahiden ABD ve AB&#8217;nin stratejik &ouml;ng&ouml;r&uuml;leri d\u0131\u015f\u0131nda m\u0131 hareket ediyor? Cevap tek kelime ile &lsquo;hay\u0131r&rsquo;. Nitekim Flautre, &lsquo;T&uuml;rkiye, &ouml;z&uuml;nde AB&#8217;nin sessiz d&uuml;\u015f&uuml;nd&uuml;\u011f&uuml; \u0130ran ve Filistin politikas\u0131n\u0131 sesli ve aktif bir \u015fekilde hayata ge&ccedil;iriyor. Bu tespit sadece AB kamuoyu i&ccedil;in de\u011fil, AB&#8217;nin ba\u015fkentleri ve Br&uuml;ksel&#8217;de T&uuml;rkiye politikas\u0131n\u0131 y&uuml;r&uuml;ten kadrolar\u0131n da g&ouml;r&uuml;\u015f&uuml;d&uuml;r&rsquo; diyordu. \u0130ran&#8217;a yapt\u0131r\u0131mlar\u0131n onayland\u0131\u011f\u0131 G&uuml;venlik Konseyi&#8217;nde T&uuml;rkiye&#8217;nin &lsquo;hay\u0131r&rsquo; oyu vermesi Obama&#8217;n\u0131n bilgisi dahilinde at\u0131lm\u0131\u015f radikal bir ad\u0131md\u0131. Bunu Erdo\u011fan defalarca dile getirdi. Davuto\u011flu da &lsquo;T&uuml;rkiye att\u0131\u011f\u0131 her ad\u0131mda Obama&#8217;n\u0131n politikalar\u0131n\u0131n &ouml;n&uuml;n&uuml; a&ccedil;\u0131yor.&rsquo; diyor (Taraf, 11.06.2010) Zbigniew Brzezinski de &lsquo;Genel anlamda b&ouml;lgede T&uuml;rkiye&#8217;nin daha aktif rol oynamas\u0131n\u0131n son derece yap\u0131c\u0131 olabilece\u011fi&rsquo; kanaatini izhar ediyor.&rdquo;<\/span><\/em><span style=\"font-size: 12pt; font-family: 'Arial', sans-serif;\"> s&ouml;zleriyle T&uuml;rkiye&rsquo;nin ABD ve AB eksenine sad\u0131k kald\u0131\u011f\u0131n\u0131, ama Recep Erdo\u011fan&rsquo;\u0131n &ldquo;izinli rol oynad\u0131\u011f\u0131n\u0131&rdquo; vurguluyordu. Ard\u0131ndan da;<\/span><\/p>\n<p style=\"margin-bottom: 0cm; text-align: justify; text-indent: 1cm; line-height: 16pt;\"><em><span style=\"font-size: 12pt; font-family: 'Arial', sans-serif;\">&ldquo;Ama baz\u0131 kayg\u0131lar s&ouml;z konusu. Bunlar\u0131 \u015f&ouml;yle s\u0131ralayabiliriz:<\/span><\/em><\/p>\n<p style=\"margin-bottom: 0cm; text-align: justify; text-indent: 1cm; line-height: 16pt;\"><em><span style=\"font-size: 12pt; font-family: 'Arial', sans-serif;\">1) Bug&uuml;nk&uuml; gayri safi milli has\u0131lam\u0131z\u0131 ikiye, hatta &uuml;&ccedil;e katlamadan bu &#8216;g&ouml;rece geli\u015fmi\u015f ekonomi&#8217;yle bu y&uuml;k&uuml;n alt\u0131ndan kalkabilir miyiz?<\/span><\/em><\/p>\n<p style=\"margin-bottom: 0cm; text-align: justify; text-indent: 1cm; line-height: 16pt;\"><em><span style=\"font-size: 12pt; font-family: 'Arial', sans-serif;\">2) Askeri ve savunma sistemimiz neredeyse y&uuml;zde 95 ABD ve dolayl\u0131 olarak \u0130srail&#8217;e ba\u011f\u0131ml\u0131 iken Ortado\u011fu liderli\u011fine soyunmak ne kadar do\u011fru?<\/span><\/em><\/p>\n<p style=\"margin-bottom: 0cm; text-align: justify; text-indent: 1cm; line-height: 16pt;\"><em><span style=\"font-size: 12pt; font-family: 'Arial', sans-serif;\">3) 30 senedir s&uuml;ren ve 50 bin insan\u0131n hayat\u0131na mal olan bir K&uuml;rt sorunu h&acirc;l&acirc; can yakmaya devam ederken i&ccedil; bar\u0131\u015f ve istikrar\u0131 sa\u011flayamadan b&ouml;lgenin liderli\u011fine kalk\u0131\u015fmak ne kadar rasyonel?<\/span><\/em><\/p>\n<p style=\"margin-bottom: 0cm; text-align: justify; text-indent: 1cm; line-height: 16pt;\"><em><span style=\"font-size: 12pt; font-family: 'Arial', sans-serif;\">4) Aktif naz\u0131m rol oynamaya kalk\u0131\u015ft\u0131\u011f\u0131m\u0131z d&uuml;nyan\u0131n (\u0130slam ve Ortado\u011fu&#8217;nun) dilini iyi bildi\u011fimizden emin miyiz?<\/span><\/em><\/p>\n<p style=\"margin-bottom: 0cm; text-align: justify; text-indent: 1cm; line-height: 16pt;\"><em><span style=\"font-size: 12pt; font-family: 'Arial', sans-serif;\">5) Bat\u0131&#8217;n\u0131n sosyo-k&uuml;lt&uuml;rel de\u011ferlerinin ta\u015f\u0131y\u0131c\u0131l\u0131\u011f\u0131n\u0131 &uuml;stlenmek -mesela &lsquo;yumu\u015fak g&uuml;c&uuml;m&uuml;z(!?)&rsquo;, &lsquo;T&uuml;rk dizileri&rsquo;, &lsquo;t&uuml;rbanl\u0131 feminizm&rsquo; veya &lsquo;emredici laiklik&rsquo;le Ortado\u011fu&#8217;yu d&ouml;n&uuml;\u015ft&uuml;rmek- bu b&ouml;lgenin ve bizim ne kadar hayr\u0131m\u0131za olacak?&rdquo; <\/span><\/em><span style=\"font-size: 12pt; font-family: 'Arial', sans-serif;\">sorular\u0131yla <em>&ldquo;bize bu halimizle patronluk de\u011fil piyonluk yak\u0131\u015f\u0131r&rdquo;<\/em> demeye getiriyordu.<\/span><\/p>\n<p style=\"margin-bottom: 0cm; text-align: justify; text-indent: 1cm; line-height: 16pt;\"><strong><span style=\"font-size: 14pt; font-family: 'Arial', sans-serif;\">Umman Gazetesi El-Vatan&rsquo;da yazan, Durham &Uuml;niversitesi&rsquo;nden M\u0131s\u0131rl\u0131 akademisyen, Halil El Enani:<\/span><\/strong><\/p>\n<p style=\"margin-bottom: 0cm; text-align: justify; text-indent: 1cm; line-height: 16pt;\"><strong><em><span style=\"font-size: 12pt; font-family: 'Arial', sans-serif;\">&ldquo;Araplar\u0131n &ccedil;\u0131kar\u0131 Bat\u0131l\u0131 bir T&uuml;rkiye&#8217;dir&rdquo; <\/span><\/em><\/strong><span style=\"font-size: 12pt; font-family: 'Arial', sans-serif;\">diyerek &ldquo;eksen kaymas\u0131&rdquo; tart\u0131\u015fmalar\u0131n\u0131n sahtek&acirc;rl\u0131\u011f\u0131n\u0131 a&ccedil;\u0131\u011fa vurmaktayd\u0131. <em>&ldquo;T&uuml;rkiye&#8217;nin, Araplar\u0131n karaka\u015f\u0131 karag&ouml;z&uuml; i&ccedil;in Bat\u0131&#8217;yla ili\u015fkilerini kurban edece\u011fini d&uuml;\u015f&uuml;nenler yan\u0131lmaktad\u0131r. Yine Bat\u0131 ve \u0130srail&#8217;in T&uuml;rkiye&#8217;yi taciz etmeksizin &ouml;zg&uuml;rce kendi ba\u015f\u0131na hareket eder vaziyette b\u0131rakaca\u011f\u0131n\u0131 d&uuml;\u015f&uuml;nenler de hata yapmaktad\u0131r. T&uuml;rkiye&#8217;nin \u015fu anki sorunu b&ouml;lgedeki yeni rol&uuml; ve &ccedil;\u0131karlar\u0131 ile Bat\u0131&#8217;yla ili\u015fkileri aras\u0131ndaki uyumu nas\u0131l yapaca\u011f\u0131 etraf\u0131ndad\u0131r.&rdquo; <\/em>s&ouml;zleriyle gizlenen ger&ccedil;e\u011fe projekt&ouml;r tutmaktayd\u0131.<\/span><\/p>\n<p style=\"margin-bottom: 0cm; text-align: justify; text-indent: 1cm; line-height: 16pt;\"><strong><span style=\"font-size: 12pt; font-family: 'Arial', sans-serif;\">&ldquo;\u0130srail&rsquo;in Mavi Marmara&rsquo;ya sald\u0131rmas\u0131 sonucu AKP&rsquo;nin kof a&ccedil;\u0131klamalar\u0131n\u0131n arkas\u0131ndan \u0130ran&#8217;a uygulanacak yapt\u0131r\u0131m karar\u0131na Birle\u015fmi\u015f Milletler G&uuml;venlik Konseyi&#8217;nde T&uuml;rkiye&#8217;nin hay\u0131r oyu kullanmas\u0131n\u0131, malum medya mensuplar\u0131, bir <em>&ldquo;politik eksen kaymas\u0131 olarak&rdquo;<\/em> nitelendirip kar\u015f\u0131 &ccedil;\u0131km\u0131\u015flard\u0131. Bu kesimler <em>&ldquo;diplomatik alanda T&uuml;rkiye&#8217;nin durmas\u0131 gereken yerin, Avrupa Birli\u011fi&#8217;nin yan\u0131 olmas\u0131 gerekti\u011fini, Avrupa Birli\u011fi ideallerinden h\u0131zla uzakla\u015f\u0131p ve Do\u011fu&#8217;ya do\u011fru y&ouml;neldi\u011fimizi&rdquo;<\/em> ifade etmeye ba\u015flam\u0131\u015flard\u0131. Do\u011frudur! T&uuml;rkiye&#8217;nin ekseni kaym\u0131\u015ft\u0131r&#8230; Ama, bizleri kap\u0131kulu zihniyetiyle ev &ouml;devleri vererek duvar\u0131n dibinde bekleten Avrupa Birli\u011fi&#8217;ne yamanmak istemesi dolay\u0131s\u0131yla ekseni kaym\u0131\u015ft\u0131r. D\u0131\u015f politikas\u0131ndaki t&uuml;m manevra alanlar\u0131n\u0131 Amerika&#8217;n\u0131n direktiflerine teslim ederek, Amerika&#8217;dan gelecek emir ve buyruklarla hareket etmeyi i&ccedil;ine sindirdi\u011fi i&ccedil;in ekseni kaym\u0131\u015ft\u0131r. T&uuml;rkiye&#8217;nin en ba\u015far\u0131l\u0131 h&uuml;k&uuml;meti Refah-Yol d&ouml;neminde kurulan ve \u0130slam &uuml;lkelerinin, \u0130slam &uuml;mmetinin birli\u011fi, dirli\u011fi, selameti, refah\u0131, huzuru ve d&uuml;nyan\u0131n en b&uuml;y&uuml;k g&uuml;c&uuml; olmas\u0131 i&ccedil;in at\u0131lan en b&uuml;y&uuml;k ad\u0131m olan D-8 Projesini ihya etmedi\u011fi i&ccedil;in ekseni kaym\u0131\u015ft\u0131r.&rdquo;[1]<\/span><\/strong><\/p>\n<p style=\"margin-bottom: 0cm; text-align: justify; text-indent: 1cm; line-height: 16pt;\"><strong><span style=\"font-size: 14pt; font-family: 'Arial', sans-serif;\">AKP&rsquo;li H&uuml;seyin &Ccedil;elik kahramanl\u0131k taslarken kuklal\u0131klar\u0131n\u0131 de\u015fifre ediyordu!<\/span><\/strong><\/p>\n<p style=\"margin-bottom: 0cm; text-align: justify; text-indent: 1cm; line-height: 16pt;\"><strong><span style=\"font-size: 12pt; font-family: 'Arial', sans-serif;\">Milliyet&#8217;ten Devrim Sevimay&#8217;a konu\u015fan ve her hat\u0131rland\u0131\u011f\u0131nda &#8220;Nasrettin Hoca&#8217;n\u0131n Fil Hikayesi&#8221;ni ak\u0131llara getirmekten ba\u015fka bir &ouml;zelli\u011fi bulunmayan o d&ouml;nemin AKP Genel Ba\u015fkan Yard\u0131mc\u0131s\u0131 H&uuml;seyin &Ccedil;elik, &#8220;eksen kaymas\u0131&#8221; sonucu Bat\u0131&rsquo;n\u0131n bata\u011f\u0131na nas\u0131l sapland\u0131klar\u0131n\u0131 \u015f&ouml;yle itiraf ediyordu.<\/span><\/strong><\/p>\n<p style=\"margin-bottom: 0cm; text-align: justify; text-indent: 1cm; line-height: 16pt;\"><strong><span style=\"font-size: 12pt; font-family: 'Arial', sans-serif;\">Soru: Sizin nihai olarak istedi\u011finiz foto\u011fraf nedir?<\/span><\/strong><\/p>\n<p style=\"margin-bottom: 0cm; text-align: justify; text-indent: 1cm; line-height: 16pt;\"><em><span style=\"font-size: 12pt; font-family: 'Arial', sans-serif;\">Foto\u011fraf \u015fu: Yeni Osmanl\u0131 \u0130mparatorlu\u011fu kurmak gibi bir hayalcili\u011fimiz yok, akl\u0131m\u0131zdan bile ge&ccedil;medi. Heraklitos&#8217;un bir s&ouml;z&uuml; var, &ldquo;ayn\u0131 suda iki kez y\u0131kan\u0131lmaz&rdquo; diye. Ayn\u0131 suda iki kez y\u0131kan\u0131lmaz, o Osmanl\u0131 bitti. O bir ge&ccedil;mi\u015f, eski, onu unut. Eski h&acirc;l, muh&acirc;l. Ama sonu&ccedil;ta tarihi ve k&uuml;lt&uuml;rel ba\u011flar\u0131m\u0131z\u0131n oldu\u011fu insanlarla, s\u0131cak bir zeminde, ekonomik ba\u011flar ve siyasi ba\u011flar da geli\u015ftiriyoruz. Bundan daha g&uuml;zel bir \u015fey olabilir mi? K&uuml;reselle\u015fme dedi\u011fimiz bir olgu var ve T&uuml;rkiye bunun fark\u0131ndad\u0131r.<\/span><\/em><span style=\"font-size: 12pt; font-family: 'Arial', sans-serif;\"> (Yani T&uuml;rkiye K&uuml;resel Siyonizm&rsquo;in bir par&ccedil;as\u0131d\u0131r.)<\/span><\/p>\n<p style=\"margin-bottom: 0cm; text-align: justify; text-indent: 1cm; line-height: 16pt;\"><strong><span style=\"font-size: 12pt; font-family: 'Arial', sans-serif;\">Soru: Erbakan&#8217;\u0131n D-8&#8217;i de bir t&uuml;r k&uuml;reselle\u015fme miydi?<\/span><\/strong><\/p>\n<p style=\"margin-bottom: 0cm; text-align: justify; text-indent: 1cm; line-height: 16pt;\"><em><span style=\"font-size: 12pt; font-family: 'Arial', sans-serif;\">D-8 bir hayal &uuml;r&uuml;n&uuml;yd&uuml;. D-8&#8217;in pratikte hi&ccedil;bir anlam\u0131 yoktu, bir &uuml;topyayd\u0131, biz realiteden s&ouml;z ediyoruz. Ben \u015fimdi size somut sonu&ccedil;lara geliyorum, diyorum ki, Suriye&#8217;yle kanl\u0131 b\u0131&ccedil;akl\u0131 m\u0131yd\u0131k? \u015eu anda \u015eam&#8217;a, Halep&#8217;e gitmek, Gaziantep&#8217;e Hatay&#8217;a gitmek kadar kolayd\u0131r. <\/span><\/em><span style=\"font-size: 12pt; font-family: 'Arial', sans-serif;\">(Yani Bat\u0131 bata\u011f\u0131na kom\u015fular\u0131m\u0131z\u0131 da &ccedil;ekiyoruz.)<\/span><\/p>\n<p style=\"margin-bottom: 0cm; text-align: justify; text-indent: 1cm; line-height: 16pt;\"><strong><span style=\"font-size: 12pt; font-family: 'Arial', sans-serif;\">Soru: Bir ara\u015ft\u0131rmaya kat\u0131lanlar\u0131n y&uuml;zde 66&#8217;s\u0131 <em>&#8220;\u0130srail&#8217;e daha sert yan\u0131t verilmeli&#8221;<\/em> demektedir. Hele de arkadan bir Saadet Partisi tazyiki varken&#8230;<\/span><\/strong><\/p>\n<p style=\"margin-bottom: 0cm; text-align: justify; text-indent: 1cm; line-height: 16pt;\"><em><span style=\"font-size: 12pt; font-family: 'Arial', sans-serif;\">Hi&ccedil; &ouml;yle bir tazyik falan hissetmiyoruz. Elbette Saadet Partisi bizim rakibimiz. Ama \u0130\u015f&ccedil;i Partisi de bizim rakibimiz. Demokrasilerde b&uuml;t&uuml;n siyasi partiler birbirinin rakibidir, ister y&uuml;zde 1 oy als\u0131n ister y&uuml;zde 30 oy als\u0131n. Sonu&ccedil;ta biz AKP&#8217;yiz. Saadet Partisi&#8217;nin s&ouml;yledikleri veya yap\u0131lmas\u0131n\u0131 istedikleri bizim politikam\u0131za y&ouml;n vermeyecek. Nitekim bug&uuml;ne kadar yapmad\u0131k, bundan sonra da yapmayaca\u011f\u0131z.<\/span><\/em><\/p>\n<p style=\"margin-bottom: 0cm; text-align: justify; text-indent: 1cm; line-height: 16pt;\"><strong><span style=\"font-size: 12pt; font-family: 'Arial', sans-serif;\">Soru: \u0130srail&rsquo;le askeri ve ekonomik anla\u015fmalar\u0131 iptal etme noktas\u0131na gelmez misiniz?<\/span><\/strong><\/p>\n<p style=\"margin-bottom: 0cm; text-align: justify; text-indent: 1cm; line-height: 16pt;\"><em><span style=\"font-size: 12pt; font-family: 'Arial', sans-serif;\">Siyaset rasyonel zeminde yap\u0131l\u0131r. E\u011fer rasyonel zemin bunu gerektiriyorsa bunu yapar\u0131z, ama Saadet Partisi bunu istedi\u011fi i&ccedil;in de\u011fil. <\/span><\/em><span style=\"font-size: 12pt; font-family: 'Arial', sans-serif;\">(Yani Bat\u0131 rotas\u0131ndan ve ABD-\u0130srail komutas\u0131ndan asla &ccedil;\u0131kmay\u0131z.) <em>Kald\u0131 ki bu arada kamuoyu da MHP&rsquo;nin bir tavr\u0131n\u0131n olmad\u0131\u011f\u0131n\u0131 izliyor.<\/em><\/span><\/p>\n<p style=\"margin-bottom: 0cm; text-align: justify; text-indent: 1cm; line-height: 16pt;\"><strong><span style=\"font-size: 12pt; font-family: 'Arial', sans-serif;\">Peki yok mu?<\/span><\/strong><\/p>\n<p style=\"margin-bottom: 0cm; text-align: justify; text-indent: 1cm; line-height: 16pt;\"><em><span style=\"font-size: 12pt; font-family: 'Arial', sans-serif;\">Siz g&ouml;r&uuml;yor musunuz? Yapt\u0131klar\u0131 a&ccedil;\u0131klamalar\u0131n bir&ccedil;o\u011funun ekseninde &#8220;Araplar bir \u015fey yapm\u0131yor!&#8221;, &#8220;Biz niye bu kadar &ccedil;ok &ouml;ne &ccedil;\u0131k\u0131yoruz?&#8221; gibi bir&ccedil;ok yakla\u015f\u0131m var.<\/span><\/em><\/p>\n<p style=\"margin-bottom: 0cm; text-align: justify; text-indent: 1cm; line-height: 16pt;\"><strong><span style=\"font-size: 12pt; font-family: 'Arial', sans-serif;\">Soru: One Minute&#8217;dan 29 Mart yerel se&ccedil;imlerine kadar oylar\u0131n\u0131z y&uuml;zde 5-6 oran\u0131nda artt\u0131; bir de b&ouml;yle bir &ouml;rnek var &ouml;n&uuml;m&uuml;zde&#8230;<\/span><\/strong><\/p>\n<p style=\"margin-bottom: 0cm; text-align: justify; text-indent: 1cm; line-height: 16pt;\"><em><span style=\"font-size: 12pt; font-family: 'Arial', sans-serif;\">Bunu bilmenizde fayda var, ben AKP&#8217;de Genel Ba\u015fkan Yard\u0131mc\u0131s\u0131y\u0131m, parti s&ouml;zc&uuml;s&uuml;y&uuml;m, bunun zerresi konu\u015fulsa biraz da benimle konu\u015fulurdu de\u011fil mi?..[2]<\/span><\/em><\/p>\n<p style=\"margin-bottom: 0cm; text-align: justify; text-indent: 1cm; line-height: 16pt;\"><strong><span style=\"font-size: 12pt; font-family: 'Arial', sans-serif;\">Oysa AB Yetkilileri &ldquo;T&uuml;rkiye&rsquo;de eksen kaymas\u0131 g&ouml;rm&uuml;yordu&rdquo;<\/span><\/strong><\/p>\n<p style=\"margin-bottom: 0cm; text-align: justify; text-indent: 1cm; line-height: 16pt;\"><span style=\"font-size: 12pt; font-family: 'Arial', sans-serif;\">Avrupa Birli\u011fi&#8217;nin b&uuml;t&uuml;n kritik konumlar\u0131n\u0131 kontrol eden Hristiyan Demokratlar\u0131n Avrupa Parlamentosu Grup Ba\u015fkan\u0131 Wilfried Martens, \u0130stanbul&#8217;da Zaman gazetesine (Haziran 2010&rsquo;da) &ccedil;arp\u0131c\u0131 a&ccedil;\u0131klamalarda bulunarak, <strong><em>&ldquo;T&uuml;rkiye&#8217;nin son d&ouml;nemde izledi\u011fi d\u0131\u015f politikada bir eksen kaymas\u0131 g&ouml;rmedi\u011finin&rdquo; <\/em><\/strong>alt\u0131n\u0131 &ccedil;izmi\u015fti. Ayn\u0131 zamanda eski Bel&ccedil;ika ba\u015fbakan\u0131 olan Martens, ABD eski Ba\u015fkan\u0131 Obama&#8217;n\u0131n <strong><em>&#8220;T&uuml;rkiye, Do\u011fu ile Bat\u0131&#8217;n\u0131n bir araya geldi\u011fi yerdir ve bir&ccedil;ok \u015feyin merkezindedir.&#8221; <\/em><\/strong>s&ouml;zlerine kat\u0131ld\u0131\u011f\u0131n\u0131 belirtmi\u015fti. T&uuml;rkiye&#8217;nin kom\u015fular\u0131yla kurdu\u011fu ili\u015fkilerin AB &uuml;yeli\u011fi perspektifiyle &ccedil;eli\u015fmedi\u011fini kaydeden Martens, o d&ouml;nem Ba\u015fbakan olan Tayyip Erdo\u011fan&#8217;\u0131n AB perspektifini s&uuml;rd&uuml;rece\u011fine olan inanc\u0131n\u0131 dile getirmi\u015fti. Anayasa paketinin T&uuml;rkiye&#8217;de demokrasiyi g&uuml;&ccedil;lendirece\u011fini belirten<\/span><span style=\"font-size: 14pt; font-family: 'Arial', sans-serif;\"> <\/span><span style=\"font-size: 14pt; font-family: 'Arial', sans-serif;\">Martens, Ergenekon davas\u0131n\u0131 ise &ouml;nemli bir geli\u015fme olarak de\u011ferlendirmi\u015fti.<\/span><\/p>\n<p style=\"margin-bottom: 0cm; text-align: justify; text-indent: 1cm; line-height: 16pt;\"><strong><span style=\"font-size: 14pt; font-family: 'Arial', sans-serif;\">Davuto\u011flu&#8217;na ABD&#8217;den <em>&ldquo;mason &ouml;d&uuml;l&uuml;&rdquo;<\/em> niye geliyordu?<\/span><\/strong><\/p>\n<p style=\"margin-bottom: 0cm; text-align: justify; text-indent: 1cm; line-height: 16pt;\"><strong><span style=\"font-size: 12pt; font-family: 'Arial', sans-serif;\">Me\u015fhur masonik kurulu\u015f &ldquo;Woodrow International Center&rdquo; taraf\u0131ndan (D\u0131\u015fi\u015fleri Bakan\u0131 iken) Davuto\u011flu&#8217;na <em>&#8220;Kamu Hizmeti &Ouml;d&uuml;l&uuml;&#8221;, <\/em>Do\u011fu\u015f Holding Y&ouml;netim Kurulu Ba\u015fkan\u0131 Ferit \u015eahenk&#8217;e ise &#8220;Woodrow Wilson Kurumsal Yurtta\u015fl\u0131k &Ouml;d&uuml;l&uuml;&#8221; verilmi\u015fti. Davuto\u011flu &ouml;d&uuml;l t&ouml;reninde, <em>&#8220;E\u011fer d&uuml;nyan\u0131n zemini de\u011fi\u015fiyorsa, biz de o zeminin &uuml;zerinde sabit duramay\u0131z. Ama sabit durdu\u011fumuz noktalar ilkelerimizdir&#8221;<\/em> demi\u015fti. Oysa bu vakfa ad\u0131n\u0131 veren Eski ABD Ba\u015fkan\u0131 Siyonist Wilson Osmanl\u0131 sonras\u0131 T&uuml;rkiye&rsquo;nin de par&ccedil;alanma haritalar\u0131n\u0131 ilk &ccedil;izdiren ki\u015fiydi&hellip; Four Seasons Otel&#8217;de d&uuml;zenlenen t&ouml;rende, Davuto\u011flu ve \u015eahenk&#8217;e &ouml;d&uuml;llerini, Woodrow Wilson International Center Ba\u015fkan Yard\u0131mc\u0131s\u0131 Michael H. Van Dusen takdim etmi\u015fti. &Ouml;d&uuml;l t&ouml;reninde konu\u015fma yapan D\u0131\u015fi\u015fleri Bakan\u0131 Davuto\u011flu T&uuml;rkiye&#8217;nin ideallerinin net oldu\u011funu belirterek \u015funlar\u0131 s&ouml;ylemi\u015fti: <em>&ldquo;Bu yeni d&uuml;nya d&uuml;zeni i&ccedil;inde T&uuml;rkiye ve Amerika&#8217;n\u0131n yeni bir paradigmaya ihtiyac\u0131 vard\u0131r. &Ccedil;&uuml;nk&uuml; mevcut sistem bug&uuml;nk&uuml; ihtiya&ccedil;lara cevap vermiyor. &Ccedil;&uuml;nk&uuml; d&uuml;nyan\u0131n ekonomik d&uuml;zeni bu y&uuml;k&uuml; kald\u0131ram\u0131yor. K&uuml;resel ekonomik krizlere cevap vermiyor. Onun i&ccedil;in G-8 yetmiyor, G-20 laz\u0131m. Art\u0131k Avrupa merkezli bir k&uuml;lt&uuml;r yok sadece. T&uuml;rkiye&#8217;nin k&uuml;resel politikalar\u0131yla Amerika&#8217;n\u0131n politikalar\u0131 aras\u0131nda tam bir uyum vard\u0131r.&rdquo;[3]<\/em><\/span><\/strong><\/p>\n<p style=\"margin-bottom: 0cm; text-align: justify; text-indent: 1cm; line-height: 16pt;\"><strong><span style=\"font-size: 12pt; font-family: 'Arial', sans-serif;\">T&uuml;rkiye&rsquo;de s&ouml;zde Eksen Kaymas\u0131n\u0131n mimarlar\u0131ndan g&ouml;sterilen Ahmet Davuto\u011flu bu s&ouml;zleriyle <em>&ldquo;ABD ile birlikte Siyonizm merkezli eksene daha s\u0131k\u0131 ba\u011flanacaklar\u0131n\u0131, Moon ve mason ilkelerine ba\u011fl\u0131 kalacaklar\u0131; ancak halk\u0131m\u0131z\u0131 avutmak ve kom\u015fular\u0131m\u0131z\u0131 da bu tuza\u011fa &ccedil;ekip eksene yakla\u015ft\u0131rmak i&ccedil;in baz\u0131 kof manevralar yapacaklar\u0131&rdquo;<\/em> mesaj\u0131n\u0131 vermekteydi. Ve zaten ABD&rsquo;nin me\u015fhur mason kurulu\u015fu &ldquo;Woodrow International Center&rdquo; Vakf\u0131 Ba\u015fkan Yard\u0131mc\u0131s\u0131 i\u015fte bu hizmetleri kar\u015f\u0131l\u0131\u011f\u0131 mason &ouml;d&uuml;l&uuml;n&uuml; Sn. Davuto\u011flu&rsquo;na vermi\u015fti. Yani bu AKP&rsquo;liler Milli G&ouml;r&uuml;\u015f &ccedil;izgisinden ve asli ekseninden kayd\u0131klar\u0131 ve davalar\u0131ndan cayd\u0131klar\u0131 i&ccedil;in, g&acirc;vurlardan b&ouml;ylesine ra\u011fbet g&ouml;rmektelerdi. K\u0131saca; T&uuml;rkiye&rsquo;nin Bat\u0131&rsquo;ya endeksli ekseni falan kaym\u0131yor, sadece AKP sayesinde aksan\u0131 (s&ouml;ylem tarz\u0131) m&uuml;naf\u0131kla\u015f\u0131yordu!<\/span><\/strong><\/p>\n<p style=\"margin-bottom: 0cm; text-align: justify; text-indent: 1cm; line-height: 16pt;\"><strong><span style=\"font-size: 14pt; font-family: 'Arial', sans-serif;\">Abdullah G&uuml;l eksen kaymas\u0131n\u0131 yalanl\u0131yordu.<\/span><\/strong><\/p>\n<p style=\"margin-bottom: 0cm; text-align: justify; text-indent: 1cm; line-height: 16pt;\"><strong><span style=\"font-size: 14pt; font-family: 'Arial', sans-serif;\">Sn. Abdullah G&uuml;l, \u0130srail&rsquo;in<\/span><\/strong><span style=\"font-size: 14pt; font-family: 'Arial', sans-serif;\"> <\/span><strong><em><span style=\"font-size: 12pt; font-family: 'Arial', sans-serif;\">&ldquo;Kendisine kap\u0131m\u0131z her zaman a&ccedil;\u0131k&rdquo;<\/span><\/em><\/strong><span style=\"font-size: 12pt; font-family: 'Arial', sans-serif;\"> dedi\u011fi bir isimdi. Haziran 2010 tarihinde Kore&rsquo;ye giderken yine ilgin&ccedil; mesajlar vermi\u015fti&hellip; <strong>&ldquo;T&uuml;rkiye&rsquo;nin ekseninin kayd\u0131\u011f\u0131&rdquo;<\/strong> tart\u0131\u015fmalar\u0131yla ilgili s&ouml;ylediklerinden ba\u015flayal\u0131m. Demi\u015f ki;<\/span><\/p>\n<p style=\"margin-bottom: 0cm; text-align: justify; text-indent: 1cm; line-height: 16pt;\"><strong><em><span style=\"font-size: 12pt; font-family: 'Arial', sans-serif;\">&ldquo;Bu eksen i\u015fi, yanl\u0131\u015f ortamlarda konu\u015fuluyor. Bak\u0131n \u0130ngiltere&rsquo;ye, Fransa&rsquo;ya, \u0130spanya&rsquo;ya&#8230; Bunlar\u0131n ekseninden bahsediliyor mu? AB&rsquo;nin ekseni nereye gitti diyen var m\u0131? \u0130spanya&rsquo;n\u0131n Latin Amerika&rsquo;n\u0131n en devrimci ABD&rsquo;ye en meydan okuyan &uuml;lkelerle &ccedil;ok &ouml;zel anla\u015fmalar\u0131 var. Kimse \u0130spanya&rsquo;n\u0131n ekseni nereye kayd\u0131 diyor mu? Fransa yine Afrika&rsquo;da ili\u015fki i&ccedil;inde oldu\u011fu eski s&ouml;m&uuml;rgelerini h&acirc;l&acirc; b\u0131rakmak istemiyor. Kimse Fransa&rsquo;n\u0131n ekseni kayd\u0131 diyor mu?.. T&uuml;rkiye&rsquo;nin kom\u015fular\u0131, T&uuml;rk Cumhuriyetleri ve t&uuml;m M&uuml;sl&uuml;man &uuml;lkelerle ili\u015fkilerini kalk\u0131p da T&uuml;rkiye&rsquo;nin ekseni kay\u0131yor diye de\u011ferlendirmek, bilgisizliktir veya k&ouml;t&uuml; niyetli bir yakla\u015f\u0131md\u0131r. Kald\u0131 ki, T&uuml;rkiye AB&rsquo;nin d\u0131\u015f politikada ald\u0131\u011f\u0131 kararlar\u0131n y&uuml;zde 98&rsquo;ine kat\u0131lan bir &uuml;lkedir. T&uuml;rkiye&rsquo;nin b&ouml;lgesindeki ya da yak\u0131n\u0131ndaki bir &uuml;lke ile ili\u015fkisine bak\u0131p eksenini tart\u0131\u015fmak kadar abes bir \u015fey olmaz.&rdquo;<\/span><\/em><\/strong><\/p>\n<p style=\"margin-bottom: 0cm; text-align: justify; text-indent: 1cm; line-height: 16pt;\"><span style=\"font-size: 12pt; font-family: 'Arial', sans-serif;\">Yani neymi\u015f? <strong>&ldquo;T&uuml;rkiye, AB&rsquo;nin d\u0131\u015f politikada ald\u0131\u011f\u0131 kararlar\u0131n y&uuml;zde 98&rsquo;ine kat\u0131lan bir &uuml;lke&rdquo;<\/strong> imi\u015f!..<\/span><\/p>\n<p style=\"margin-bottom: 0cm; text-align: justify; text-indent: 1cm; line-height: 16pt;\"><span style=\"font-size: 12pt; font-family: 'Arial', sans-serif;\">Vallahi bu oran, AB &uuml;lkelerinde bile yoktu. Do\u011fru, g&uuml;ya AB&rsquo;nin bir ortak d\u0131\u015f politika ve savunma r&uuml;yas\u0131 var, ama her bir &uuml;lke &ouml;ncelikle kendi menfaatini g&ouml;zetiyor, AB&rsquo;nin ald\u0131\u011f\u0131\/alaca\u011f\u0131 ortak kararlarda da &ccedil;at\u0131r &ccedil;at\u0131r pazarl\u0131k yap\u0131yordu&hellip; &Ouml;rnek Irak&rsquo;\u0131 i\u015fgal!.. &Ccedil;o\u011fu AB &uuml;lkesi <strong>&ldquo;koalisyon&rdquo;<\/strong> g&uuml;&ccedil;lerine kat\u0131lm\u0131yordu. Ya biz ne yap\u0131yorduk? Alt\u0131nda d&ouml;nemin Ba\u015fbakan\u0131 G&uuml;l&rsquo;&uuml;n imzas\u0131yla 1 Mart Tezkeresi&rsquo;ni Meclis&rsquo;e sevk ediyorduk. Yahu, bu AKP&rsquo;ye ne oluyordu? AB &uuml;yesi olamad\u0131\u011f\u0131m\u0131z halde o y&uuml;zde 98&rsquo;ine kat\u0131ld\u0131\u011f\u0131m\u0131z kararlarda s&ouml;z ve oy hakk\u0131m\u0131z bulunuyor muydu? Hay\u0131r, onlar karar al\u0131yor, bize de uygulamak d&uuml;\u015f&uuml;yordu. Zaten G&uuml;mr&uuml;k Birli\u011fi&rsquo;nden sonra t&uuml;m alanlarda, bu tek yanl\u0131 mekanizmay\u0131 Ha&ccedil;l\u0131 AB uygulay\u0131p duruyordu.<\/span><\/p>\n<p style=\"margin-bottom: 0cm; text-align: justify; text-indent: 1cm; line-height: 16pt;\"><span style=\"font-size: 12pt; font-family: 'Arial', sans-serif;\">Bu AB&rsquo;nin <strong>&ldquo;d\u0131\u015f politika&rdquo;<\/strong>da T&uuml;rkiye ile ilgili kararlar\u0131na kabaca bakmak gerekiyordu: <strong>&ldquo;Kom\u015fularla sorunlar\u0131n &ccedil;&ouml;z&uuml;lmesi&rdquo;<\/strong> ad\u0131 alt\u0131nda, <strong>&ldquo;Rum kesiminin tan\u0131nmas\u0131, Yunanistan&rsquo;la Ege sorununda tavize yana\u015f\u0131lmas\u0131, &#8220;casus belli&#8221; karar\u0131n\u0131n kald\u0131r\u0131lmas\u0131, Ermenistan&rsquo;la s\u0131n\u0131rlar\u0131n a&ccedil;\u0131lmas\u0131,<\/strong> <strong>Dicle-F\u0131rat sular\u0131n\u0131n uluslararas\u0131 y&ouml;netime b\u0131rak\u0131lmas\u0131&rdquo; <\/strong>gibi &ouml;neriler dayat\u0131l\u0131yordu. Acaba AB&rsquo;nin bu konularda izledi\u011fi &ldquo;ortak&rdquo; politika ve ald\u0131\u011f\u0131 kararlar\u0131n hangisi T&uuml;rkiye lehine oluyordu? Suriye, Irak, \u0130ran, Orta Do\u011fu, Kafkaslar ve enerji hatlar\u0131 i&ccedil;in T&uuml;rkiye &uuml;zerinden istenenleri ise hi&ccedil; saymayal\u0131m!.. <strong>Abdullah G&uuml;l&rsquo;&uuml;n Ba\u015fbakan Yard\u0131mc\u0131s\u0131 ve D\u0131\u015fi\u015fleri Bakan\u0131 iken,<\/strong> <strong><em>&ldquo;T&uuml;rkiye 80 y\u0131ld\u0131r kendi dinamikleri ile ger&ccedil;ekle\u015ftiremedi\u011fi d&ouml;n&uuml;\u015f&uuml;m&uuml; AB sayesinde yap\u0131yor&rdquo;<\/em> <\/strong>dedi\u011fini de hat\u0131rlamam\u0131z gerekiyordu.<\/span><\/p>\n<p style=\"margin-bottom: 0cm; text-align: justify; text-indent: 1cm; line-height: 16pt;\"><strong><span style=\"font-size: 14pt; font-family: 'Arial', sans-serif;\">Ba\u015fbakan bo\u015flu\u011fa ba\u011f\u0131r\u0131yordu!<\/span><\/strong><\/p>\n<p style=\"margin-bottom: 0cm; text-align: justify; text-indent: 1cm; line-height: 16pt;\"><span style=\"font-size: 12pt; font-family: 'Arial', sans-serif;\">Baz\u0131 muhalif yazarlar, hakl\u0131 olarak; <strong><em>&#8220;Peki Irak i\u015fgalini isteyen kimdi?&#8221; <\/em><\/strong>diye sorarak ba\u015fl\u0131yordu. Daha sonra AKP h&uuml;k&uuml;metinin &#8220;<strong>gen haritas\u0131&#8221;<\/strong>n\u0131 ortaya &ccedil;\u0131karacak sorular\u0131 s\u0131ral\u0131yordu. Ve tarihin karanl\u0131k sayfalar\u0131na d&uuml;\u015f&uuml;lecek \u015fu ifadeyi tekrar hat\u0131rlat\u0131yordu: <strong><em>&#8220;Irak&#8217;ta sava\u015fan kahraman Amerikan askerlerinin, en az zayiatla, m&uuml;mk&uuml;n olan en k\u0131sa zamanda &uuml;lkelerine d&ouml;nmeleri i&ccedil;in dua ediyoruz.&#8221; <\/em><\/strong>Oysa Recep Erdo\u011fan daha &ouml;nce yapt\u0131\u011f\u0131 konu\u015fmada: <strong><em>&#8220;Ortado\u011fu&#8217;daki katliamlara sessiz kalamay\u0131z.&#8221;<\/em><\/strong> diyor ve soruyordu: <strong><em>&#8220;Amerika&#8217;n\u0131n Irak&#8217;ta ne i\u015fi var? \u015eu anda Irak&#8217;ta y&uuml;z binlerce dul kad\u0131n, yetim, &ouml;ks&uuml;z var. Bunlar\u0131n sorumlusu kim? Bunlara kar\u015f\u0131 susacak m\u0131y\u0131z? Susarsak Fatih Sultan Mehmet&#8217;in, Yavuz Sultan Selim&#8217;in kemikleri s\u0131zlar&#8230;&#8221;<\/em><\/strong> serzeni\u015finden sonra Ba\u015fbakan: <strong><em>&#8220;Bu co\u011frafyay\u0131 bu hale getirenler, tarihe bunun hesab\u0131n\u0131 vermek durumunda&#8230;&#8221; <\/em><\/strong>diye &ccedil;\u0131k\u0131\u015f\u0131yordu. Peh peh peh! <strong><em>&#8220;Ortado\u011fu&#8217;da T&uuml;rkiye ile ABD&#8217;nin &ccedil;\u0131karlar\u0131n\u0131n &ouml;rt&uuml;\u015ft&uuml;\u011f&uuml;n&uuml;&#8221;<\/em><\/strong> s&ouml;yleyen, B&uuml;y&uuml;k Ortado\u011fu Projesi&#8217;nin e\u015fba\u015fkan\u0131 olmakla &ouml;v&uuml;nen Recep Bey o g&uuml;nlerde nas\u0131l da esip g&uuml;rl&uuml;yordu!&#8230; Daha eksenimiz kaymam\u0131\u015ft\u0131 o zamanlar&#8230; <\/span><strong><span style=\"font-size: 14pt; font-family: 'Arial', sans-serif;\">Pentagon yetkililerinin<\/span><\/strong><span style=\"font-size: 14pt; font-family: 'Arial', sans-serif;\"> <\/span><strong><em><span style=\"font-size: 12pt; font-family: 'Arial', sans-serif;\">&#8220;Biz Irak&#8217;a m&uuml;dahale i&ccedil;in teredd&uuml;tteydik, T&uuml;rkiye bize cesaret verdi&#8221; <\/span><\/em><\/strong><span style=\"font-size: 12pt; font-family: 'Arial', sans-serif;\">dediklerinde ba\u015f\u0131m\u0131zda kimler bulunuyordu. Amerikal\u0131lar Irak i\u015fgali i&ccedil;in kap\u0131ya dayand\u0131\u011f\u0131nda; <strong><em>&#8220;Amerika&#8217;n\u0131n Irak&#8217;ta ne i\u015fi var? Bu su&ccedil;a ortak olmayal\u0131m. Atalar\u0131m\u0131z\u0131n kemikleri s\u0131zlar&#8221; <\/em><\/strong>diyen milletvekillerini azarlayan <strong><em>&#8220;Buna &#8216;Hay\u0131r&#8217; demek bana &#8216;Hay\u0131r&#8217; demektir&#8221;<\/em><\/strong> diye rest &ccedil;ekip sert &ccedil;\u0131kan, i\u015fgale kar\u015f\u0131 &ccedil;\u0131kanlar\u0131 da bir daha aday yapmayan kahraman kim oluyordu?<\/span><\/p>\n<p style=\"margin-bottom: 0cm; text-align: justify; text-indent: 1cm; line-height: 16pt;\"><strong><span style=\"font-size: 12pt; font-family: 'Arial', sans-serif;\">D&ouml;nemin D\u0131\u015fi\u015fleri Bakan\u0131 Abdullah G&uuml;l, i\u015fgalci ABD&rsquo;yi hakl\u0131 &ccedil;\u0131karmak i&ccedil;in:<\/span><\/strong><span style=\"font-size: 12pt; font-family: 'Arial', sans-serif;\"> <strong><em>&#8220;Biz kom\u015fumuz olan bir &uuml;lkenin diktatoryal rejimle y&ouml;netilmesini arzu etmeyiz. Bunu T&uuml;rkiye&#8217;ye y&ouml;nelik bir tehdit olarak alg\u0131l\u0131yoruz&#8221;<\/em><\/strong> diyordu. \u015eimdi soracaks\u0131n\u0131z: <strong><em>&#8220;Peki ne oldu da kom\u015fu \u0130ran&#8217;\u0131n diktatoryal rejimi Ankara i&ccedil;in sorun olmaktan &ccedil;\u0131km\u0131\u015ft\u0131?&#8221;<\/em><\/strong> Dedim ya; bunlar eksenimiz de\u011fi\u015fmeden &ouml;nceydi. \u015eimdi horozlanan o lider, Irak&#8217;\u0131n i\u015fgaline &#8220;ta\u015feronluk&#8221; kar\u015f\u0131l\u0131\u011f\u0131 kopar\u0131lacak hibe i&ccedil;in yapt\u0131\u011f\u0131 y&uuml;z k\u0131zart\u0131c\u0131 pazarl\u0131klar nedeniyle Amerika&#8217;da karikat&uuml;rlere konu olmu\u015ftu. Bir Amerikan gazetesine yazd\u0131\u011f\u0131 makalede \u015f&ouml;yle buyuruyordu: <strong><em>&#8220;Irak&#8217;ta sava\u015fan kahraman Amerikan askerlerinin, en az zayiatla, m&uuml;mk&uuml;n olan en k\u0131sa zamanda &uuml;lkelerine d&ouml;nmeleri i&ccedil;in dua ediyoruz.&#8221;<\/em><\/strong> Ve tabi sadece duayla kalmam\u0131\u015ft\u0131k; Meclis, &#8220;kahraman Amerikan askerlerine&#8221; ge&ccedil;i\u015f izni vermese de o liderin talimat\u0131yla \u0130ncirlik kullan\u0131ma a&ccedil;\u0131lm\u0131\u015f, i\u015fgal silahlar\u0131n\u0131n nakli T&uuml;rk hava sahas\u0131 &uuml;zerinden yap\u0131lm\u0131\u015f ve i\u015fkence u&ccedil;aklar\u0131 T&uuml;rk havalimanlar\u0131na inip kalkm\u0131\u015ft\u0131. \u0130\u015fte fedak&acirc;rl\u0131klar\u0131(!) nedeniyle kimin boynuna Amerikan Yahudi Kongresi &#8220;Cesaret &Ouml;d&uuml;l&uuml;&#8221; takm\u0131\u015ft\u0131? Musevi olmadan bu &ouml;d&uuml;l&uuml; alan ilk politikac\u0131 olarak kay\u0131tlara ge&ccedil;en i\u015fte Recep Ba\u015fbakand\u0131. Ve bunlar\u0131n &uuml;zerinden y\u0131llar ge&ccedil;ti. O arada bizim diplomatik eksen de\u011fi\u015fti. D&uuml;n Irak&#8217;\u0131n i\u015fgali i&ccedil;in nas\u0131l &ccedil;abalad\u0131klar\u0131n\u0131 unuttu\u011fumuzu sananlar, g&uuml;n geldi, &#8220;Bunlar\u0131n sorumlusu kim&#8221; diye sormaktan hay&acirc; etmediler. <\/span><\/p>\n<p style=\"margin-bottom: 0cm; text-align: justify; text-indent: 1cm; line-height: 16pt;\"><strong><span style=\"font-size: 14pt; font-family: 'Arial', sans-serif;\">Baz\u0131 \u0130ranl\u0131lar\u0131n Cibilli T&uuml;rkiye D&uuml;\u015fmanl\u0131\u011f\u0131 Nereden Kaynaklan\u0131yordu?<\/span><\/strong><\/p>\n<p style=\"margin-bottom: 0cm; text-align: justify; text-indent: 1cm; line-height: 16pt;\"><span style=\"font-size: 12pt; font-family: 'Arial', sans-serif;\">T&uuml;rkiye&rsquo;nin, BM&rsquo;nin \u0130ran&rsquo;a kar\u015f\u0131 yapt\u0131r\u0131m karar\u0131na &ldquo;hay\u0131r&rdquo; oyu kullanmas\u0131 \u0130ran&rsquo;da co\u015fkuyla kar\u015f\u0131lanm\u0131\u015f, \u0130ranl\u0131 ve T&uuml;rk liderler yapt\u0131klar\u0131 a&ccedil;\u0131klamalarda iki &uuml;lke aras\u0131ndaki tarihsel dostlu\u011fa vurgu yapm\u0131\u015ft\u0131. Ancak \u0130ran siyasetinin &ldquo;elit&rdquo; tabakas\u0131n\u0131n iki &uuml;lke aras\u0131ndaki dostlu\u011fa \u015f&uuml;phe ile bakt\u0131klar\u0131 bir k&ouml;\u015fe yaz\u0131s\u0131yla a&ccedil;\u0131\u011fa vurulmaktayd\u0131. \u0130ran Dini lideri Ayetullah Ali Hamaney&rsquo;in torunu ve eski parlamento ba\u015fkan\u0131 G&uuml;lam Ali Haddad Adil&rsquo;in o\u011flu olan gazeteci Ferid el Din Haddad, istihbarat haberleri yay\u0131nlayan Jahan sitesinde yazd\u0131\u011f\u0131 yorumda &ldquo;bug&uuml;n dost olan T&uuml;rkiye&rsquo;nin yar\u0131n \u0130ran&rsquo;\u0131n en b&uuml;y&uuml;k rakibi olaca\u011f\u0131&rdquo; uyar\u0131s\u0131nda bulunmaktayd\u0131. Sat\u0131r ba\u015flar\u0131 \u015f&ouml;yleydi: <\/span><\/p>\n<p style=\"margin-bottom: 0cm; text-align: justify; text-indent: 1cm; line-height: 16pt;\"><strong><span style=\"font-size: 12pt; font-family: 'Arial', sans-serif;\">&bull; B&ouml;lgede bir sava\u015f &ccedil;\u0131ksa, Avrupa &uuml;lkeleri ve Amerika kimin yan\u0131nda yer al\u0131rd\u0131? NATO kime destek &ccedil;\u0131kard\u0131? Cevab\u0131 &ccedil;ok a&ccedil;\u0131k. Ortado\u011fu&rsquo;daki bir sava\u015ftan tek fayday\u0131 T&uuml;rkiye sa\u011flard\u0131.<\/span><\/strong><\/p>\n<p style=\"margin-bottom: 0cm; text-align: justify; text-indent: 1cm; line-height: 16pt;\"><strong><span style=\"font-size: 12pt; font-family: 'Arial', sans-serif;\">&bull; T&uuml;rkiye \u015fu anda dostumuz, ancak yar\u0131n \u0130ran \u0130slam Cumhuriyeti&rsquo;nin en b&uuml;y&uuml;k rakibi olacakt\u0131. Tahran y&ouml;netimi Hamas i&ccedil;in y&uuml;z milyonlarca dolar harcad\u0131. Ama \u015fu anda Gazze&rsquo;de en pop&uuml;ler bayrak \u0130ran&rsquo;\u0131n de\u011fil, T&uuml;rkiye&rsquo;nin bayra\u011f\u0131yd\u0131. Filistinliler o\u011fullar\u0131na Ahmedinejad de\u011fil Erdo\u011fan ad\u0131n\u0131 veriyorlard\u0131.<\/span><\/strong><\/p>\n<p style=\"margin-bottom: 0cm; text-align: justify; text-indent: 1cm; line-height: 16pt;\"><strong><span style=\"font-size: 12pt; font-family: 'Arial', sans-serif;\">&bull; Suriye ile y\u0131llarca ekonomik ili\u015fkilerimizi geli\u015ftirdik. Hariri suikast\u0131ndan sonra T&uuml;rkler geldi, serbest ticaret anla\u015fmas\u0131yla bize rakip &ccedil;\u0131kt\u0131. Bizi Suriye pazar\u0131ndan silmeye &ccedil;al\u0131\u015ft\u0131.<\/span><\/strong><\/p>\n<p style=\"margin-bottom: 0cm; text-align: justify; text-indent: 1cm; line-height: 16pt;\"><strong><span style=\"font-size: 12pt; font-family: 'Arial', sans-serif;\">&bull; \u0130ran 32 y\u0131ld\u0131r M&uuml;sl&uuml;man &acirc;leminin lideri olmaya u\u011fra\u015fm\u0131\u015ft\u0131. Erdo\u011fan \u015fimdi buna g&ouml;z koymu\u015f durumdayd\u0131.<\/span><\/strong><\/p>\n<p style=\"margin-bottom: 0cm; text-align: justify; text-indent: 1cm; line-height: 16pt;\"><strong><span style=\"font-size: 12pt; font-family: 'Arial', sans-serif;\">&bull; T&uuml;rkiye \u0130ran&rsquo;a g&ouml;re daha b&uuml;y&uuml;k ve dinamik bir ekonomiye sahipti. AB ve ABD ile ili\u015fkileri vard\u0131. Arap &uuml;lkeleriyle ili\u015fkisi yo\u011funla\u015fm\u0131\u015ft\u0131. T&uuml;rkiye&rsquo;nin b&ouml;lgedeki etkisinin bedeli Tahran&rsquo;a pahal\u0131ya mal olacakt\u0131.<\/span><\/strong><\/p>\n<p style=\"margin-bottom: 0cm; text-align: justify; text-indent: 1cm; line-height: 16pt;\"><strong><span style=\"font-size: 12pt; font-family: 'Arial', sans-serif;\">&bull; \u0130ranl\u0131 liderler yak\u0131nda T&uuml;rkiye ile rekabette avantaj sa\u011flamak i&ccedil;in ba\u015fka yollar aramamal\u0131yd\u0131. Tek yol iyice izole olmadan n&uuml;kleer silaha sahip olmam\u0131zd\u0131.&rdquo;[4]<\/span><\/strong><\/p>\n<p style=\"margin-bottom: 0cm; text-align: justify; text-indent: 1cm; line-height: 16pt;\"><strong><span style=\"font-size: 12pt; font-family: 'Arial', sans-serif;\">NYT: <em>&ldquo;Yeni lider T&uuml;rkiye&rdquo;<\/em> man\u015fetiyle k\u0131\u015fk\u0131rt\u0131yordu!<\/span><\/strong><\/p>\n<p style=\"margin-bottom: 0cm; text-align: justify; text-indent: 1cm; line-height: 16pt;\"><span style=\"font-size: 12pt; font-family: 'Arial', sans-serif;\">ABD&#8217;nin sayg\u0131n gazetelerinden Yahudi lobilerinin yar\u0131 resmi s&ouml;zc&uuml;s&uuml; New York Times (NYT), T&uuml;rkiye&#8217;nin \u0130slam d&uuml;nyas\u0131n\u0131n yeni lideri olarak ortaya &ccedil;\u0131kt\u0131\u011f\u0131 yorumunu yapm\u0131\u015ft\u0131. Princeton &Uuml;niversitesi &ouml;\u011fretim &uuml;yesi Bernard Haykel ve doktora &ouml;\u011frencisi Elliot Hen-Tov taraf\u0131ndan kaleme al\u0131nan &#8220;T&uuml;rkiye&#8217;nin Kazanc\u0131, \u0130ran&#8217;\u0131n Kayb\u0131&#8221; ba\u015fl\u0131kl\u0131 yaz\u0131da, &#8220;Mavi Marmara&#8221; olay\u0131n\u0131n ard\u0131ndan \u0130ran&#8217;\u0131n k&uuml;resel d&uuml;zeyde ortaya &ccedil;\u0131kan \u0130srail kar\u015f\u0131t\u0131 havadan b&uuml;y&uuml;k yarar g&ouml;rece\u011fini sand\u0131\u011f\u0131n\u0131, ancak sonucun b&ouml;yle olmad\u0131\u011f\u0131n\u0131 yazm\u0131\u015ft\u0131. <strong>B&ouml;ylece \u0130ran&rsquo;daki baz\u0131 odaklar\u0131, T&uuml;rkiye&rsquo;ye kar\u015f\u0131 Amerikan Yahudilerinin k\u0131\u015fk\u0131rtt\u0131\u011f\u0131 da ortaya &ccedil;\u0131km\u0131\u015ft\u0131.<\/strong><\/span><\/p>\n<p style=\"margin-bottom: 0cm; text-align: justify; text-indent: 1cm; line-height: 16pt;\"><strong><span style=\"font-size: 14pt; font-family: 'Arial', sans-serif;\">Sn. Recep Bey&rsquo;in g&uuml;c&uuml; yetiyorsa, Kur&rsquo;an&rsquo;\u0131 yasaklas\u0131nd\u0131!<\/span><\/strong><\/p>\n<p style=\"margin-bottom: 0cm; text-align: justify; text-indent: 1cm; line-height: 16pt;\"><strong><span style=\"font-size: 14pt; font-family: 'Arial', sans-serif;\">Sn. Ba\u015fbakan Recep T. Erdo\u011fan&rsquo;\u0131n b&uuml;y&uuml;k bir su&ccedil;luluk psikolojisi ve hakl\u0131 tepkileri t&ouml;rp&uuml;leme terapisiyle; 50 dakika boyunca mazeret ve mecburiyetlerini s\u0131ralay\u0131p, sonra 10 dakikada demokratik hedeflerini anlatt\u0131\u011f\u0131 &ldquo;Demokratikle\u015fme paketinin&rdquo; &ouml;zenle gizlenen iki temel unsuru oldu\u011fu seziliyordu:<\/span><\/strong><\/p>\n<p style=\"margin-bottom: 0cm; text-align: justify; text-indent: 1cm; line-height: 16pt;\"><strong><span style=\"font-size: 14pt; font-family: 'Arial', sans-serif;\">1- Se&ccedil;im propagandalar\u0131nda ve se&ccedil;meli ders olarak okullarda, s&ouml;zde ana dillerin kullan\u0131lmas\u0131na izin verilerek, dolayl\u0131 bi&ccedil;imde K&uuml;rt&ccedil;eye resmiyet kazand\u0131rmak suretiyle; K&uuml;rdistan&rsquo;\u0131n temel ta\u015flar\u0131 m\u0131 d&ouml;\u015feniyordu?<\/span><\/strong><\/p>\n<p style=\"margin-bottom: 0cm; text-align: justify; text-indent: 1cm; line-height: 16pt;\"><strong><span style=\"font-size: 14pt; font-family: 'Arial', sans-serif;\">2-<em> &ldquo;Nefret su&ccedil;lar\u0131n\u0131 &ouml;nleme&rdquo;<\/em> bahanesiyle, Siyonist Yahudilerin ve \u0130srail mezaliminin aleyhine yap\u0131lacak konu\u015fma ve yaz\u0131lar art\u0131k a\u011f\u0131r su&ccedil; kapsam\u0131na al\u0131n\u0131yor, h&uuml;k&uuml;met ve cemaate y&ouml;nelik tenkit ve tespitlerin sahipleri susturulmaya m\u0131 &ccedil;al\u0131\u015f\u0131l\u0131yordu? sorular\u0131 kafalar\u0131 kurcal\u0131yordu.<\/span><\/strong><\/p>\n<p style=\"margin-bottom: 0cm; text-align: justify; text-indent: 1cm; line-height: 16pt;\"><strong><span style=\"font-size: 14pt; font-family: 'Arial', sans-serif;\">Dindar Ba\u015fbakan olarak tan\u0131nan Sn. Recep T. Erdo\u011fan&rsquo;\u0131n bu talihsiz tavr\u0131, daha &ouml;nce CHP zihniyetiyle ve a&ccedil;\u0131k zul&uuml;mlerle \u0130slam&rsquo;\u0131 yasaklamaya ve halk\u0131m\u0131z\u0131 dinden uzakla\u015ft\u0131rmaya y&ouml;nelik bask\u0131lardan &ccedil;ok daha tehlikeli bulunuyordu. &Ccedil;&uuml;nk&uuml; Fetullah G&uuml;len Cemaati, \u0131l\u0131mla\u015ft\u0131rma k\u0131l\u0131f\u0131yla \u0130slami duyarl\u0131l\u0131klar\u0131 ve Kur&rsquo;ani kurallar\u0131 yozla\u015ft\u0131rmaya &ccedil;al\u0131\u015f\u0131rken; AKP H&uuml;k&uuml;meti ise <em>&ldquo;nefret su&ccedil;lar\u0131n\u0131 &ouml;nleme&rdquo;<\/em> bahanesiyle Siyonist Yahudilerle ilgili tespit ve tenkitleri dolayl\u0131 yasak kapsam\u0131na alarak korkun&ccedil; bir din tahribat\u0131 m\u0131 yap\u0131yordu?<\/span><\/strong><\/p>\n<p style=\"margin-bottom: 0cm; text-align: justify; text-indent: 1cm; line-height: 16pt;\"><strong><span style=\"font-size: 14pt; font-family: 'Arial', sans-serif;\">K&uuml;rdistan&rsquo;\u0131 kurma ve Siyonizm&rsquo;i koruma tasla\u011f\u0131 m\u0131yd\u0131?!<\/span><\/strong><\/p>\n<p style=\"margin-bottom: 0cm; text-align: justify; text-indent: 1cm; line-height: 16pt;\"><em><span style=\"font-size: 14pt; font-family: 'Arial', sans-serif;\">AKP&rsquo;nin demokratikle\u015fme paketinin i&ccedil;inde yer alan &lsquo;Nefret Su&ccedil;u&rsquo; yasas\u0131 sonunda Meclis&rsquo;e ta\u015f\u0131nm\u0131\u015f ve yasala\u015fm\u0131\u015ft\u0131. AB&rsquo;ye &uuml;ye olan bir&ccedil;ok &uuml;lkede dahi bu yasa ge&ccedil;erli de\u011filken, T&uuml;rkiye&rsquo;de Sn. Erdo\u011fan a&ccedil;\u0131klam\u0131\u015ft\u0131. Bu \u0131srar\u0131n gerek&ccedil;esi a&ccedil;\u0131kt\u0131. Avrupa ve \u0130srail&rsquo;de M&uuml;sl&uuml;manlara y&ouml;nelik her t&uuml;rl&uuml; hakareti, insan haklar\u0131 k\u0131l\u0131f\u0131yla ge&ccedil;i\u015ftirenler, T&uuml;rkiye&rsquo;de Siyonist \u0130srail&rsquo;i ele\u015ftirmeyi su&ccedil; sayacakt\u0131. \u0130srail&rsquo;in ve Ha&ccedil;l\u0131lar\u0131n i\u015fledikleri insanl\u0131k su&ccedil;lar\u0131na sans&uuml;r uygulamay\u0131 hedefleyen bu yasada, para cezas\u0131ndan hapis cezas\u0131na kadar &ccedil;e\u015fitli h&uuml;k&uuml;mlerle ger&ccedil;ekleri konu\u015fanlar susturulmaya &ccedil;al\u0131\u015f\u0131lacakt\u0131. Acaba Sn. Erdo\u011fan ve iktidar\u0131 dindarl\u0131k g&ouml;r&uuml;nt&uuml;s&uuml;yle Siyonist patronlara hizmet mi sunmaktayd\u0131? <\/span><\/em><\/p>\n<p style=\"margin-bottom: 0cm; text-align: justify; text-indent: 1cm; line-height: 16pt;\"><strong><span style=\"font-size: 12pt; font-family: 'Arial', sans-serif;\"> Birilerinin bozuk inan&ccedil;lar\u0131, \u015feytani ama&ccedil;lar\u0131 ve \u0131rk&ccedil;\u0131 yakla\u015f\u0131mlar\u0131 hakk\u0131nda ele\u015ftiri yapmadan &ouml;nce art\u0131k k\u0131rk defa d&uuml;\u015f&uuml;nmeniz laz\u0131md\u0131. Meclis&rsquo;e getirilen &lsquo;Nefret S&ouml;ylemi&rsquo; d&uuml;zenlemesine g&ouml;re bundan b&ouml;yle <\/span><\/strong><strong><span style=\"font-size: 14pt; font-family: 'Arial', sans-serif;\">Yahudi&rsquo;ye Yahudi demek su&ccedil; say\u0131lacakt\u0131<\/span><\/strong><strong><span style=\"font-size: 12pt; font-family: 'Arial', sans-serif;\">. T&uuml;rkiye&rsquo;nin b&ouml;yle bir haz\u0131rl\u0131k i&ccedil;erisinde oldu\u011funu ilk olarak <em>\u015ealom gazetesi haber yapm\u0131\u015ft\u0131. Musevi cemaatinin yay\u0131n organ\u0131nda &ldquo;Bundan sonra &lsquo;Pis Yahudi&rsquo; demek nefret su&ccedil;u, cezas\u0131 ise 1.000 TL ile 500.000 TL aras\u0131nda de\u011fi\u015fiyor&rdquo;<\/em> diyerek, herkesten gizli y&uuml;r&uuml;t&uuml;len yasa hakk\u0131nda ne kadar geni\u015f bilgi sahibi oldu\u011funu kan\u0131tlam\u0131\u015ft\u0131. Gazete, <em>&ldquo;Paketten b&uuml;y&uuml;k beklenti&rdquo;<\/em> man\u015fetiyle &ccedil;\u0131karak, <em>&ldquo;H&uuml;k&uuml;met taraf\u0131ndan haz\u0131rlanan demokratikle\u015fme paketinde nefret su&ccedil;lar\u0131 ile ilgili d&uuml;zenlemeler olmas\u0131 da bekleniyor&rdquo;<\/em> diye yazm\u0131\u015ft\u0131. Evet, Yahudi lobisi, pakette nefret su&ccedil;lar\u0131yla ilgili yeni bir d&uuml;zenleme olaca\u011f\u0131ndan emin bulunmakta ve AKP&rsquo;ye destek &ccedil;\u0131kmaktayd\u0131. 5237 say\u0131l\u0131 T&uuml;rk Ceza Kanunu&rsquo;nun (TCK) &lsquo;Ayr\u0131mc\u0131l\u0131k&rsquo; ba\u015fl\u0131kl\u0131 122. maddesinde, <em>&lsquo;Ki\u015filer aras\u0131nda dil, \u0131rk, renk, cinsiyet, &ouml;zg&uuml;rl&uuml;k, siyas&icirc; d&uuml;\u015f&uuml;nce, felsef&icirc; inan&ccedil;, din, mezhep ve benzeri sebeplerle ay\u0131r\u0131m yapmak&rsquo; yasaklanm\u0131\u015ft\u0131r&rdquo;<\/em> ifadesi zaten yer almaktayd\u0131. Haz\u0131r b&ouml;yle bir yasa varken, neden daha farkl\u0131 bir uygulamaya ihtiya&ccedil; duyuldu\u011fu sorusu yan\u0131ts\u0131z b\u0131rak\u0131lm\u0131\u015ft\u0131 ve kafalar\u0131 kar\u0131\u015ft\u0131rm\u0131\u015ft\u0131.<\/span><\/strong><\/p>\n<p style=\"margin-bottom: 0cm; text-align: justify; text-indent: 1cm; line-height: 16pt;\"><strong><span style=\"font-size: 14pt; font-family: 'Arial', sans-serif;\">Ama&ccedil; Siyonizm Kar\u015f\u0131t\u0131 Medyay\u0131 Susturmakt\u0131!<\/span><\/strong><\/p>\n<p style=\"margin-bottom: 0cm; text-align: justify; text-indent: 1cm; line-height: 16pt;\"><strong><span style=\"font-size: 12pt; font-family: 'Arial', sans-serif;\">Yeni d&uuml;zenlemeyle Siyonist \u0130srail&rsquo;in Filistin topraklar\u0131nda, Ha&ccedil;l\u0131lar\u0131n ve k&uuml;resel kovboy ABD&rsquo;nin \u0130slam co\u011frafyas\u0131nda yapt\u0131\u011f\u0131 katliamlar de\u011fil, Yahudi veya Siyonist demek su&ccedil; say\u0131lacakt\u0131. Ortado\u011fu&rsquo;yu cehenneme &ccedil;evirmek i&ccedil;in elinden geleni ard\u0131na koymayan bir devlete Siyonist demek bile art\u0131k yasak kapsam\u0131na al\u0131nacakt\u0131. Mavi Marmara katliam\u0131nda 9 \u015fehit vermemizin ard\u0131ndan T&uuml;rkiye \u0130srail&rsquo;e hi&ccedil;bir yapt\u0131r\u0131m uygulamam\u0131\u015f, aksine ticaret hacmini art\u0131rm\u0131\u015ft\u0131. B&uuml;t&uuml;n bunlar yetmezmi\u015f gibi \u015fimdi de bu yasayla \u0130srail adeta kutsalla\u015ft\u0131r\u0131l\u0131p, Siyonizm dokunulmaz k\u0131l\u0131nacakt\u0131.<\/span><\/strong><\/p>\n<p style=\"margin-bottom: 0cm; text-align: justify; text-indent: 1cm; line-height: 16pt;\"><strong><span style=\"font-size: 14pt; font-family: 'Arial', sans-serif;\">T&uuml;rkiye&rsquo;ye En B&uuml;y&uuml;k K&ouml;t&uuml;l&uuml;klerden Biri Yap\u0131lm\u0131\u015f Olacakt\u0131!<\/span><\/strong><\/p>\n<p style=\"margin-bottom: 0cm; text-align: justify; text-indent: 1cm; line-height: 16pt;\"><strong><span style=\"font-size: 12pt; font-family: 'Arial', sans-serif;\">K&uuml;lt&uuml;r Genetik Ara\u015ft\u0131rmalar\u0131 D&uuml;\u015f&uuml;nce ve Te\u015fhis Platformu Onursal Ba\u015fkan\u0131 Dr. Deniz \u015ear da T&uuml;rkiye&rsquo;de &lsquo;Nefret Su&ccedil;u&rsquo; projesinin Siyonizm&rsquo;in bir oyunu oldu\u011funu vurgulam\u0131\u015ft\u0131. \u015ear, &ldquo;B&ouml;yle bir yasa &ccedil;\u0131karsa T&uuml;rkiye&rsquo;ye tarihinin en b&uuml;y&uuml;k k&ouml;t&uuml;l&uuml;klerden biri yap\u0131lacak ve Siyonizm&rsquo;in ekme\u011fine ya\u011f s&uuml;r&uuml;lm&uuml;\u015f olacakt\u0131r. <em>Nefret s&ouml;ylemi<\/em> deyimi bile T&uuml;rkiye&rsquo;ye sokulmak istenen bir Truva at\u0131d\u0131r. B&uuml;t&uuml;n bunlar \u0130srail&rsquo;in su&ccedil;lar\u0131n\u0131n &uuml;st&uuml;n&uuml; &ouml;rtme &ccedil;abas\u0131d\u0131r. \u0130srail her zaman bir ta\u015f\u0131n alt\u0131nda gizlenme gere\u011fi duymaktad\u0131r. Bunlar hi&ccedil;bir zaman biz \u015fuyuz, buyuz diye ortaya &ccedil;\u0131kmam\u0131\u015ft\u0131r. Tevrat k&ouml;kenli &ouml;\u011fretilerinin gere\u011fi yap\u0131lmaktad\u0131r. Gizlenmeyi, &ouml;rt&uuml;l&uuml; olarak aktivitelerini y&uuml;r&uuml;tmeyi marifet ve meziyet sanan Siyonistlerin sinsi ve kirli ama&ccedil;lar\u0131n\u0131 konu\u015fup yazanlar, bu yeni yasayla kolayl\u0131kla cezaland\u0131r\u0131lacakt\u0131r.<\/span><\/strong><\/p>\n<p style=\"margin-bottom: 0cm; text-align: justify; text-indent: 1cm; line-height: 16pt;\"><strong><span style=\"font-size: 14pt; font-family: 'Arial', sans-serif;\">&lsquo;Nefret s&ouml;ylemi&rsquo; \u0130srail&rsquo;e &ouml;zel destek yasas\u0131 m\u0131yd\u0131?<\/span><\/strong><\/p>\n<p style=\"margin-bottom: 0cm; text-align: justify; text-indent: 1cm; line-height: 16pt;\"><strong><span style=\"font-size: 12pt; font-family: 'Arial', sans-serif;\">Mescid-i Aksa&rsquo;n\u0131n alt\u0131n\u0131 delik de\u015fik eden ve zaman zaman &ccedil;&ouml;k&uuml;nt&uuml;lere sebebiyet veren Siyonist \u0130srail, bu yasakla hedeflerine daha da kolay ula\u015facakt\u0131r. Yap\u0131lanlar kar\u015f\u0131s\u0131nda kimse tepkisini istedi\u011fi gibi g&ouml;steremeyecek, laf s&ouml;ylerken k\u0131rk defa d&uuml;\u015f&uuml;nmek zorunda kalacakt\u0131r. AKP&rsquo;nin bu yasas\u0131, Filistin topraklar\u0131nda M&uuml;sl&uuml;manlara zul&uuml;m eden &lsquo;Siyonist \u0130srail&rsquo;e hizmeti mi ama&ccedil;lam\u0131\u015ft\u0131? Y\u0131llard\u0131r \u0130slamiyet&rsquo;e hakaret eden, Peygamber Efendimize k&uuml;freden, M&uuml;sl&uuml;manlar\u0131 katleden bir &uuml;lkeye &lsquo;Nefret S&ouml;ylemi&rsquo;nin su&ccedil; say\u0131lmas\u0131 nas\u0131l bir \u015feytanl\u0131kt\u0131r? &lsquo;Nefret Su&ccedil;u&rsquo; ile ilgili a&ccedil;\u0131lm\u0131\u015f kurulu\u015flar\u0131n destek&ccedil;ileri de projenin arkas\u0131nda kimlerin oldu\u011funu g&ouml;rmek i&ccedil;in yeterli olmaktad\u0131r. www.nefretsoylemi.org sitesinde yer alan bilgilerde <em>&ldquo;Bu proje Avrupa Komisyonu, Demokrasi ve \u0130nsan Haklar\u0131 Avrupa Arac\u0131, Friedrich Naumann Vakf\u0131 ve Global Dialogue taraf\u0131ndan desteklenmektedir&rdquo; <\/em>notlar\u0131 her \u015feyi ortaya koymaktad\u0131r. \u0130ngiltere&rsquo;nin Ankara B&uuml;y&uuml;kel&ccedil;ili\u011finin projeyi destekleyenler aras\u0131nda bulunmas\u0131 da olduk&ccedil;a uyar\u0131c\u0131d\u0131r.<\/span><\/strong><\/p>\n<p style=\"margin-bottom: 0cm; text-align: justify; text-indent: 1cm; line-height: 16pt;\"><strong><span style=\"font-size: 14pt; font-family: 'Arial', sans-serif;\"> Yahudilerle ilgili \u015fu Kur&rsquo;an Ayetlerini yazmak ve konu\u015fmak art\u0131k su&ccedil; mu say\u0131lacakt\u0131?<\/span><\/strong><\/p>\n<p style=\"margin-bottom: 0cm; text-align: justify; text-indent: 1cm; line-height: 16pt;\"><strong><span style=\"font-size: 12pt; font-family: 'Arial', sans-serif;\">1- Yahudiler k&uuml;f&uuml;rleri ve Hak dine olan kinleri y&uuml;z&uuml;nden Allah taraf\u0131ndan lanetlenmi\u015ftir:<\/span><\/strong><\/p>\n<p style=\"margin-bottom: 0cm; text-align: justify; text-indent: 1cm; line-height: 16pt;\"><strong><em><span style=\"font-size: 12pt; font-family: 'Arial', sans-serif;\">&ldquo;Onlar; kendi s&ouml;zle\u015fmelerini bozmalar\u0131, Allah&#8217;\u0131n ayetlerine kar\u015f\u0131 ink&acirc;ra sapmalar\u0131, peygamberleri haks\u0131z yere &ouml;ld&uuml;rmeleri ve &#8220;kalplerimiz &ouml;rt&uuml;l&uuml;d&uuml;r&#8221; (bu y&uuml;zden el&ccedil;ileri ve &ouml;\u011fretilerini anlam\u0131yoruz) demeleri nedeniyle (Yahudileri lanetledik.) Asl\u0131nda Allah, ink&acirc;rlar\u0131 dolay\u0131s\u0131yla onlar\u0131n (kalplerini m&uuml;h&uuml;rleyip) damga basm\u0131\u015ft\u0131r (art\u0131k imanlar\u0131 kararm\u0131\u015f, vicdanlar\u0131 kapanm\u0131\u015ft\u0131r). Onlar\u0131n pek az\u0131 d\u0131\u015f\u0131nda, iman etmeyeceklerdir. (&Ccedil;&uuml;nk&uuml; Allah&rsquo;\u0131n \u011fadab\u0131n\u0131 hak etmi\u015flerdir.)&rdquo;<\/span><\/em><\/strong><span style=\"font-size: 12pt; font-family: 'Arial', sans-serif;\"> <\/span><span style=\"font-size: 12pt; font-family: 'Arial', sans-serif;\">(Nisa: 155)<\/span><\/p>\n<p style=\"margin-bottom: 0cm; text-align: justify; text-indent: 1cm; line-height: 16pt;\"><strong><span style=\"font-size: 12pt; font-family: 'Arial', sans-serif;\">2- Yahudilerin &ccedil;o\u011fu yery&uuml;z&uuml;nde anar\u015fi ve sava\u015f ate\u015fini k&ouml;r&uuml;klemekte; k&uuml;resel fitne ve fesada &ouml;nc&uuml;l&uuml;k etmektedir ve bu nedenle lanetlenmi\u015flerdir:<\/span><\/strong><\/p>\n<p style=\"margin-bottom: 0cm; text-align: justify; text-indent: 1cm; line-height: 16pt;\"><strong><em><span style=\"font-size: 12pt; font-family: 'Arial', sans-serif;\">&ldquo;Yahudiler: &#8220;Allah&#8217;\u0131n eli s\u0131k\u0131d\u0131r&#8221; diyerek (iftira att\u0131lar ve haddi a\u015ft\u0131lar. Bu y&uuml;zden) Onlar\u0131n elleri ba\u011flans\u0131n! (Ve ba\u011fland\u0131; cimri, bencil ve rezil insanlar yap\u0131ld\u0131) Ve s&ouml;ylediklerinden dolay\u0131 Allah&rsquo;\u0131n lanetine u\u011fras\u0131nlar! Hay\u0131r, bilakis; O&#8217;nun (Allah&#8217;\u0131n) iki eli a&ccedil;\u0131kt\u0131r, nas\u0131l dilerse (ve Keremine yak\u0131\u015f\u0131r \u015fekilde) infak eder. Andolsun Rabbinden Sana indirilen (Kur&rsquo;an-\u0131 Kerim), onlardan &ccedil;o\u011funun ta\u015fk\u0131nl\u0131klar\u0131n\u0131 ve ink&acirc;rlar\u0131n\u0131 ziyadele\u015ftirir. Biz de onlar\u0131n aras\u0131na k\u0131yamet g&uuml;n&uuml;ne kadar s&uuml;recek d&uuml;\u015fmanl\u0131k ve kin sal\u0131verdik. Her ne zaman sava\u015f &ccedil;\u0131karmak amac\u0131yla bir fitne ate\u015fini alevlendirmek isterlerse, Allah-u Te&acirc;l&acirc;, onlar\u0131n yakt\u0131klar\u0131 ate\u015fi (sonunda) s&ouml;nd&uuml;recektir (ve Yahudiler \u015feytani ama&ccedil;lar\u0131na eri\u015femeyecektir). Halbuki onlar\u0131n &acirc;detleri her zaman yery&uuml;z&uuml;nde fesada sa&rsquo;y&uuml; gayret etmektir. (Oysa) Allah-u Te&acirc;l&acirc;, fesat &ccedil;\u0131karanlar\u0131 asla sevmemektedir.&rdquo;<\/span><\/em><\/strong><span style=\"font-size: 12pt; font-family: 'Arial', sans-serif;\"> <\/span><span style=\"font-size: 12pt; font-family: 'Arial', sans-serif;\">(Maide: 64)<\/span><\/p>\n<p style=\"margin-bottom: 0cm; text-align: justify; text-indent: 1cm; line-height: 16pt;\"><strong><span style=\"font-size: 12pt; font-family: 'Arial', sans-serif;\">3- \u0130srailo\u011fullar\u0131n\u0131n ink&acirc;rc\u0131 ve isyanc\u0131 kesimi, Hz. Davut ve Hz. \u0130sa (AS) diliyle lanetlenmi\u015ftir:<\/span><\/strong><\/p>\n<p style=\"margin-bottom: 0cm; text-align: justify; text-indent: 1cm; line-height: 16pt;\"><strong><em><span style=\"font-size: 12pt; font-family: 'Arial', sans-serif;\">&ldquo;\u0130srailo\u011fullar\u0131ndan ink&acirc;r edenlere (ve s&uuml;rekli k&ouml;t&uuml;l&uuml;\u011f&uuml; planlay\u0131p y&uuml;r&uuml;tenlere) Davud ve Meryem o\u011flu \u0130sa diliyle lanet edilmi\u015ftir. Bu, (hidayetlerinin kararmas\u0131 ve lanete u\u011framalar\u0131, \u0130lahi h&uuml;k&uuml;mlere) isyan etmeleri ve haddi a\u015f\u0131p (\u0130slami &ouml;l&ccedil;&uuml;leri de\u011fi\u015ftirmeleri) sebebiyledir. Ki, onlar yapmakta olduklar\u0131 m&uuml;nker (&ccedil;irkin) i\u015flerden birbirlerini sak\u0131nd\u0131rm\u0131yor (haks\u0131zl\u0131k ve ahl&acirc;ks\u0131zl\u0131klara g&ouml;z yumuyor ve k\u0131l\u0131f uyduruyor)lard\u0131. Bu ne k&ouml;t&uuml; bir davran\u0131\u015f bi&ccedil;imiydi.&rdquo;<\/span><\/em><\/strong><span style=\"font-size: 12pt; font-family: 'Arial', sans-serif;\"> <\/span><span style=\"font-size: 12pt; font-family: 'Arial', sans-serif;\">(Maide: 78 &#8211; 79)<\/span><\/p>\n<p style=\"margin-bottom: 0cm; text-align: justify; text-indent: 1cm; line-height: 16pt;\"><strong><span style=\"font-size: 12pt; font-family: 'Arial', sans-serif;\">4- Yahudiler, s&uuml;rekli zul&uuml;m planlamalar\u0131 ve insanlar\u0131 sapk\u0131nl\u0131\u011fa kayd\u0131rmalar\u0131 sebebiyle, ayr\u0131ca faiz yoluyla haks\u0131z ve haram kazan&ccedil;la insanlar\u0131 s&ouml;m&uuml;rmeye kalk\u0131\u015ft\u0131klar\u0131 i&ccedil;in, Allah&rsquo;\u0131n kahr\u0131n\u0131 ve azab\u0131n\u0131 hak etmi\u015flerdir:<\/span><\/strong><\/p>\n<p style=\"margin-bottom: 0cm; text-align: justify; text-indent: 1cm; line-height: 16pt;\"><strong><em><span style=\"font-size: 12pt; font-family: 'Arial', sans-serif;\">&ldquo;Yahudilerin zul&uuml;m yapmalar\u0131 ve bir&ccedil;ok ki\u015fiyi Allah&#8217;\u0131n yolundan al\u0131koymalar\u0131 nedeniyle, (&ouml;nceleri) kendilerine hel&acirc;l k\u0131l\u0131nm\u0131\u015f (baz\u0131) g&uuml;zel ve temiz \u015feyleri onlara haram k\u0131lm\u0131\u015f\u0131zd\u0131r. (Yahudileri) Ondan nehyedildikleri halde faiz almalar\u0131 ve insanlar\u0131n mallar\u0131n\u0131 haks\u0131z yere yemek (ve gasp etmek &uuml;zere s&ouml;m&uuml;r&uuml; ve soygun d&uuml;zeni kurmalar\u0131) nedeniyle (&ouml;yle yapt\u0131k ve lanete u\u011fratt\u0131k.) Onlardan k&acirc;fir olanlara pek ac\u0131kl\u0131 bir azap haz\u0131rlam\u0131\u015f\u0131zd\u0131r.&rdquo;<\/span><\/em><\/strong><span style=\"font-size: 12pt; font-family: 'Arial', sans-serif;\"> <\/span><span style=\"font-size: 12pt; font-family: 'Arial', sans-serif;\">(Nisa: 160 &#8211; 161)<\/span><\/p>\n<p style=\"margin-bottom: 0cm; text-align: justify; text-indent: 1cm; line-height: 16pt;\"><strong><span style=\"font-size: 12pt; font-family: 'Arial', sans-serif;\">5- M&uuml;&rsquo;minlere en \u015fiddetli ve tehlikeli d&uuml;\u015fman olan; &ouml;ncelikle Yahudiler, ikincisi m&uuml;\u015friklerdir:<\/span><\/strong><\/p>\n<p style=\"margin-bottom: 0cm; text-align: justify; text-indent: 1cm; line-height: 16pt;\"><strong><em><span style=\"font-size: 12pt; font-family: 'Arial', sans-serif;\">&ldquo;Andolsun, insanlar i&ccedil;inde, m&uuml;&#8217;minlere en \u015fiddetli (ve tehlikeli) d&uuml;\u015fman olarak Yahudileri ve m&uuml;\u015frikleri (ve Protestan, Evanjelik gibi Siyonistle\u015fmi\u015f Hristiyan kesimleri ve s&ouml;zde M&uuml;sl&uuml;man ge&ccedil;inen i\u015fbirlik&ccedil;ileri) bulursun.&rdquo;<\/span><\/em><\/strong><span style=\"font-size: 12pt; font-family: 'Arial', sans-serif;\"> <\/span><span style=\"font-size: 12pt; font-family: 'Arial', sans-serif;\">(Maide: 82)<\/span><\/p>\n<p style=\"margin-bottom: 0cm; text-align: justify; text-indent: 1cm; line-height: 16pt;\"><strong><span style=\"font-size: 12pt; font-family: 'Arial', sans-serif;\">6- Yahudilerin &ccedil;o\u011funlu\u011fu k&acirc;firler ve zalimlerle dostluk ve ittifak yaparken g&ouml;r&uuml;lecektir: <\/span><\/strong><\/p>\n<p style=\"margin-bottom: 0cm; text-align: justify; text-indent: 1cm; line-height: 16pt;\"><strong><em><span style=\"font-size: 12pt; font-family: 'Arial', sans-serif;\">&ldquo;Onlardan (m&uuml;naf\u0131klardan ve din istismarc\u0131lar\u0131ndan) bir&ccedil;oklar\u0131n\u0131, k&acirc;firler (ve zalimlerle) dostluklar kurduklar\u0131n\u0131 (onlar\u0131n vel&acirc;yetine ve himayesine s\u0131\u011f\u0131nd\u0131klar\u0131n\u0131) g&ouml;r&uuml;rs&uuml;n. Nefislerinin (d&uuml;nyevi heves ve beklentilerinin) kendileri i&ccedil;in takdim edip (&ouml;nerdi\u011fi ve &ouml;nemsedi\u011fi \u015fey, yani makam ve menfaat i&ccedil;in k&acirc;firlere ya\u011fc\u0131l\u0131k etmek) ne kadar k&ouml;t&uuml; bir \u015feydir. Allah bunlara &ouml;fkelenip, gazaplanm\u0131\u015ft\u0131r ve onlar ebedi azapta kalacaklard\u0131r. (Zira bunu hak etmi\u015flerdir.) (M&uuml;r\u015fit ve m&uuml;ttaki rol&uuml; oynayan baz\u0131 m&uuml;naf\u0131klar) E\u011fer Allah&rsquo;a, Nebisine ve Ona indirilen (Kur&rsquo;an-\u0131 Kerim&rsquo;e, &ouml;yle g&ouml;stermelik de\u011fil de ger&ccedil;ekten) inanm\u0131\u015f olsalard\u0131, asla onlar\u0131 (Siyonist Yahudileri ve Hristiyan emperyalistleri) evliya (himayelerine s\u0131\u011f\u0131n\u0131lan g&uuml;&ccedil; merkezi ve rehber) edinmezlerdi. (Zalim g&uuml;&ccedil;lerin hizmetine girip siyasi ganimet dev\u015firmeleri, bunlar\u0131n &ouml;zde de\u011fil s&ouml;zde iman eden, kalbi marazl\u0131 kimseler oldu\u011funun al&acirc;metidir). Vel&acirc;kin, onlar\u0131n &ccedil;o\u011fu zaten fas\u0131k kimselerdir.&rdquo; <\/span><\/em><\/strong><span style=\"font-size: 12pt; font-family: 'Arial', sans-serif;\">(Maide: 80 &#8211; 81)<\/span><\/p>\n<p style=\"margin-bottom: 0cm; text-align: justify; text-indent: 1cm; line-height: 16pt;\"><strong><span style=\"font-size: 12pt; font-family: 'Arial', sans-serif;\">7- Kur&rsquo;an&rsquo;da Yahudilerin, k&uuml;f&uuml;r ve k&ouml;t&uuml;l&uuml;k ehline ve Siyonist kesimine &ouml;zellikle dikkat &ccedil;ekilmi\u015ftir:<\/span><\/strong><\/p>\n<p style=\"margin-bottom: 0cm; text-align: justify; text-indent: 1cm; line-height: 16pt;\"><strong><em><span style=\"font-size: 12pt; font-family: 'Arial', sans-serif;\">&ldquo;Ey Peygamber (ve her as\u0131rda Allah yoluna rehber \u015fahsiyetler! Hakl\u0131 ve hay\u0131rl\u0131 bir davaya) kalpleri inanmad\u0131\u011f\u0131 halde, a\u011f\u0131zlar\u0131yla &ldquo;inand\u0131k&rdquo; deyip (istismar eden m&uuml;naf\u0131k kimselerle), Yahudilerden k&uuml;f&uuml;r i&ccedil;inde &ccedil;aba g&ouml;steren (Siyonist)ler Seni &uuml;zmesin&hellip; Onlar (hem kendileri \u015feytani kesimlerin) yalan\u0131na kulak asanlar, (hem de a&ccedil;\u0131k&ccedil;a) gelip (i&ccedil;inize giremeyen malum ve mel&rsquo;un bir) kavim ad\u0131na kulak tutan (sizden haber toplay\u0131p onlara ula\u015ft\u0131ran) kimselerdir. Onlar, (Kur&rsquo;ani) kelime (ve kavramlar\u0131, temel esas ve kurallar\u0131) asli yerlerine konulmas\u0131n\u0131n (ve sa\u011flam bir d&uuml;zene ba\u011flanmas\u0131n\u0131n) ard\u0131ndan, onlar\u0131 sapt\u0131rmaya ve &ccedil;arp\u0131tmaya u\u011fra\u015f\u0131rlar ve (&ccedil;evrelerine): &ldquo;E\u011fer size \u015fu (makam ve menfaatler ve lehinize h&uuml;k&uuml;mler) verilirse onu al\u0131n, yok e\u011fer o (ruhsat ve f\u0131rsatlar) verilmezse ayr\u0131l\u0131p uzakla\u015f\u0131n&rdquo; (diyen hainlerdir). Allah kimlerin fitneye d&uuml;\u015fmesini isterse, art\u0131k Sen onun (niyeti ve t\u0131yneti bozuk olan) i&ccedil;in Allah&rsquo;tan hi&ccedil;bir \u015feye malik olamazs\u0131n (d&uuml;zeltemezsin). \u0130\u015fte onlar, Allah&#8217;\u0131n kalplerini temizleyip ar\u0131tmak istemedikleridir. D&uuml;nyada onlar i&ccedil;in bir a\u015fa\u011f\u0131lanma, ahirette ise onlar i&ccedil;in b&uuml;y&uuml;k bir azap (gereklidir).&rdquo;<\/span><\/em><\/strong><span style=\"font-size: 12pt; font-family: 'Arial', sans-serif;\"> <\/span><span style=\"font-size: 12pt; font-family: 'Arial', sans-serif;\">(Maide: 41)<\/span><\/p>\n<p style=\"margin-bottom: 0cm; text-align: justify; text-indent: 1cm; line-height: 16pt;\"><strong><span style=\"font-size: 12pt; font-family: 'Arial', sans-serif;\">8- Yahudilerin &ccedil;o\u011fu m&uuml;&rsquo;min de\u011fil m&uuml;\u015friktir:<\/span><\/strong><\/p>\n<p style=\"margin-bottom: 0cm; text-align: justify; text-indent: 1cm; line-height: 16pt;\"><strong><em><span style=\"font-size: 12pt; font-family: 'Arial', sans-serif;\">&ldquo;Yahudi ve Hristiyan olun (hukukta ve ahl&acirc;kta Ha&ccedil;l\u0131 Bat\u0131&rsquo;ya uyun) ki Hakk yolu bulas\u0131n\u0131z ve kurtulas\u0131n\u0131z&rdquo; diye teklif edenlere s&ouml;yle ki: &ldquo;Hay\u0131r biz dosdo\u011fru \u0130brahim dinine ve milletine t&acirc;biyiz. (Millet-i \u0130brahim&rsquo;iz. &Ccedil;&uuml;nk&uuml;) O (sizin gibi) m&uuml;\u015friklerden de\u011fildi.&rdquo;<\/span><\/em><\/strong><span style=\"font-size: 12pt; font-family: 'Arial', sans-serif;\"> <\/span><span style=\"font-size: 12pt; font-family: 'Arial', sans-serif;\">(Bakara: 135)<\/span><\/p>\n<p style=\"margin-bottom: 0cm; text-align: justify; text-indent: 1cm; line-height: 16pt;\"><strong><em><span style=\"font-size: 12pt; font-family: 'Arial', sans-serif;\">&ldquo;Yoksa siz, &ldquo;\u0130brahim de, \u0130smail de, \u0130shak da, Yakub da, torunlar\u0131 da, hep Yahudi veya Hristiyan idiler&rdquo; mi diyorsunuz? De ki: &ldquo;Siz mi daha iyi bileceksiniz, yoksa Allah m\u0131? Allah&#8217;\u0131n \u015fahitlik etti\u011fi bir ger&ccedil;e\u011fi, bilerek gizleyenlerden daha zalim kim olabilir? Allah yapt\u0131klar\u0131n\u0131zdan gafil de\u011fildir.&rdquo;<\/span><\/em><\/strong><span style=\"font-size: 12pt; font-family: 'Arial', sans-serif;\"> <\/span><span style=\"font-size: 12pt; font-family: 'Arial', sans-serif;\">(Bakara: 140)<\/span><\/p>\n<p style=\"margin-bottom: 0cm; text-align: justify; text-indent: 1cm; line-height: 16pt;\"><strong><em><span style=\"font-size: 12pt; font-family: 'Arial', sans-serif;\">&ldquo;(&Uuml;stelik) \u0130brahim, ne Yahudi idi, ne Hristiyand\u0131; ancak, o hanif (sapk\u0131n inan&ccedil; ve ahl&acirc;ktan beri-muvahhid) bir M&uuml;sl&uuml;mand\u0131, ve asla (sizin gibi) m&uuml;\u015friklerden olmu\u015f da de\u011fildi.&rdquo;<\/span><\/em><\/strong><span style=\"font-size: 12pt; font-family: 'Arial', sans-serif;\"> <\/span><span style=\"font-size: 12pt; font-family: 'Arial', sans-serif;\">(Al-i \u0130mran: 67)<\/span><\/p>\n<p style=\"margin-bottom: 0cm; text-align: justify; text-indent: 1cm; line-height: 16pt;\"><strong><span style=\"font-size: 12pt; font-family: 'Arial', sans-serif;\">9- Yahudi ve Hristiyanlar\u0131n (Siyonist ve emperyalist tak\u0131m\u0131n\u0131n) EVL\u0130YA edinilmesi, onlar\u0131n ve zalim kurulu\u015flar\u0131n\u0131n y&ouml;netim ve denetimine girilmesi yasaklanm\u0131\u015f, onlara g&uuml;venilmemesi emredilmi\u015ftir:<\/span><\/strong><\/p>\n<p style=\"margin-bottom: 0cm; text-align: justify; text-indent: 1cm; line-height: 16pt;\"><strong><em><span style=\"font-size: 12pt; font-family: 'Arial', sans-serif;\">&ldquo;Ey iman edenler! (Fitne &ccedil;\u0131karmamak, anar\u015fi ve ahl&acirc;ks\u0131zl\u0131\u011f\u0131 k\u0131\u015fk\u0131rtmamak ve kar\u015f\u0131l\u0131kl\u0131 hak ve h&uuml;rriyetlere sayg\u0131l\u0131 bulunmak \u015fart\u0131yla; onlarla birlikte ya\u015fay\u0131n, kom\u015fuluk yap\u0131n, &uuml;lke ve b&ouml;lge nimetlerini payla\u015f\u0131n, ilmi ve iktisadi konularda yard\u0131mla\u015f\u0131n, ama ger&ccedil;ekten iman ediyor ve gere\u011fini yapmaya raz\u0131 ve haz\u0131r bulunuyorsan\u0131z, sak\u0131n ha!) Yahudilerin (\u0131rk&ccedil;\u0131 emperyalist kesimlerini ve yine haks\u0131zl\u0131k ve ahl&acirc;ks\u0131zl\u0131k hedefleyen baz\u0131) Hristiyan (merkezlerini) veliler (y&ouml;neticiler) edinmeyin. (Onlar\u0131 dost ve d&uuml;r&uuml;st zannedip, kendinize idareci, karar verici olarak kabullenmeyin. Zul&uuml;m ve h\u0131yanet &ouml;rg&uuml;tlerine ve giri\u015fimlerine destek vermeyin.) Onlar, (sizin de\u011fil) birbirlerinin dostlar\u0131 ve destekleyicileridir. (Art\u0131k) Sizden her kim onlar\u0131 dost (ve rehber) edinip (pe\u015flerine giderse), kesinlikle o da onlardand\u0131r. \u015e&uuml;phesiz Allah (Siyonist Yahudilere ve emperyalist Hristiyanlara de\u011fer ve destek veren ve M&uuml;sl&uuml;manlara h\u0131yanet eden) zalimler toplulu\u011funa hidayet etmez (onlar\u0131n iman nurunu karart\u0131r). [Not: Bu ayet Yahudi ve Hristiyan kimselerle iyi ve insani ili\u015fkileri, ticari ve bilimsel i\u015fbirli\u011fini de\u011fil; zul&uuml;m sistemlerinin ve olu\u015fumlar\u0131n\u0131n g&uuml;d&uuml;m&uuml;ne girmeyi yasaklamaktad\u0131r.]<\/span><\/em><\/strong><\/p>\n<p style=\"margin-bottom: 0cm; text-align: justify; text-indent: 1cm; line-height: 16pt;\"><strong><em><span style=\"font-size: 12pt; font-family: 'Arial', sans-serif;\"> (Bu \u0130lahi ikazlar\u0131m\u0131za ra\u011fmen) Kalbinde maraz bulunan (\u015fuursuz M&uuml;sl&uuml;manlar\u0131) g&ouml;r&uuml;rs&uuml;n ki, h&acirc;l&acirc; (Yahudi ve Hristiyanlarla ve onlara ait b&acirc;t\u0131l kural ve kurumlarla dostluk hususunda) onlar\u0131n aras\u0131na ko\u015fu\u015fturup yar\u0131\u015f\u0131rlar (k&acirc;firlere yaranmaya &ccedil;al\u0131\u015f\u0131rlar ve bu m&uuml;naf\u0131kl\u0131klar\u0131na bahane olarak da); &ldquo;aleyhimize geli\u015fen ve de\u011fi\u015fen zaman i&ccedil;inde, ba\u015f\u0131m\u0131za bir felaket gelmesinden (ve M&uuml;sl&uuml;manlar\u0131n ma\u011flup olmas\u0131ndan) korkuyoruz. (Bari hi&ccedil; de\u011filse, Yahudi ve Hristiyanlar\u0131n yard\u0131m\u0131n\u0131 ka&ccedil;\u0131rmayal\u0131m, diye d&uuml;\u015f&uuml;n&uuml;yoruz)&rdquo; diyerek (sahte mazeretlere s\u0131\u011f\u0131n\u0131rlar). Fakat pek yak\u0131nda Allah (M&uuml;sl&uuml;manlara) umulmad\u0131k bir zaferi veya Kendi kat\u0131ndan mutlu bir emri (ve haberi) g&ouml;nderecek de (o m&uuml;naf\u0131klar) kendi i&ccedil;lerinde gizledikleri (\u015feytani heves ve hesaplar\u0131na) bin pi\u015fman (ve peri\u015fan) olacaklard\u0131r.&rdquo;<\/span><\/em><\/strong><span style=\"font-size: 12pt; font-family: 'Arial', sans-serif;\"> <\/span><span style=\"font-size: 12pt; font-family: 'Arial', sans-serif;\">(Maide: 51 &#8211; 52) <\/span><\/p>\n<p style=\"margin-bottom: 0cm; text-align: justify; text-indent: 1cm; line-height: 16pt;\"><strong><em><span style=\"font-size: 12pt; font-family: 'Arial', sans-serif;\">&ldquo;Ey iman edenler, (sak\u0131n) Benim de d&uuml;\u015fman\u0131m sizin de d&uuml;\u015fman\u0131n\u0131z olan (ki\u015fileri, &ccedil;evreleri ve &uuml;lkeleri) evliya (dost ve m&uuml;ttefik) edinmeyin. (Zalim ve k&acirc;fir g&uuml;&ccedil;lerin h&uuml;km&uuml;ne ve himayesine girmeyin. Bu uyar\u0131lar\u0131ma ra\u011fmen hangi sebep ve beklentiyle) Siz h&acirc;l&acirc; onlara kar\u015f\u0131 meveddet (yaranmak i&ccedil;in muhabbet ve destek &ccedil;a\u011fr\u0131s\u0131) y&ouml;neltmekte (ve onlara yak\u0131nl\u0131k mesaj\u0131 ve tavr\u0131 iletmekte)siniz; oysa onlar size Hakk&rsquo;tan gelen (Kur&rsquo;ani emir ve h&uuml;k&uuml;mleri) ink&acirc;r etmi\u015fler, Rabbiniz olan Allah&rsquo;a iman\u0131n\u0131zdan dolay\u0131, El&ccedil;iyi de, sizi de (&uuml;lkenizden, hak ve h&uuml;rriyetlerinizden) &ccedil;\u0131karmaya giri\u015fmi\u015flerdir. E\u011fer siz, Benim u\u011frumda (Kur&rsquo;an&rsquo;\u0131n adalet kurallar\u0131n\u0131 h&acirc;kim k\u0131lmak ve herkese temel insan haklar\u0131n\u0131 sa\u011flamak &uuml;zere) C\u0130HAD etmek ve Benim r\u0131zama eri\u015fmek (niyeti ve gayretiyle yola) &ccedil;\u0131km\u0131\u015f iseniz; (nas\u0131l oluyor da h&acirc;l&acirc; kalbinizin i&ccedil;inde zalim ve k&acirc;fir g&uuml;ruhuna) onlara kar\u015f\u0131 meveddet (sevgi ve destek) gizliyorsunuz? (Oysa) Ben sizin gizli tuttuklar\u0131n\u0131z\u0131 da a&ccedil;\u0131\u011fa vurduklar\u0131n\u0131z\u0131 da bilirim. Sizden kim bunu yaparsa (zalim ve k&acirc;fir g&uuml;&ccedil;lere yaranmaya ve s\u0131\u011f\u0131nmaya &ccedil;al\u0131\u015f\u0131rsa), art\u0131k o kesinlikle (Hakk) yolun ortas\u0131ndan \u015fa\u015f\u0131r\u0131p-sapm\u0131\u015f birisidir.&rdquo;<\/span><\/em><\/strong><span style=\"font-size: 12pt; font-family: 'Arial', sans-serif;\"> <\/span><span style=\"font-size: 12pt; font-family: 'Arial', sans-serif;\">(M&uuml;mtehine: 1)<\/span><\/p>\n<p style=\"margin-bottom: 0cm; text-align: justify; text-indent: 1cm; line-height: 16pt;\"><strong><span style=\"font-size: 12pt; font-family: 'Arial', sans-serif;\">10- Yahudi ve Hristiyanlar\u0131n M\u0130LLET&rsquo;lerine (bozuk ve barbar sistemlerine) t&acirc;bi ve alet olmad\u0131k&ccedil;a, asla M&uuml;sl&uuml;manlardan raz\u0131 olmayacaklar\u0131 ve iyili\u011fimize &ccedil;al\u0131\u015fmayacaklar\u0131 bildirilmi\u015ftir:<\/span><\/strong><\/p>\n<p style=\"margin-bottom: 0cm; text-align: justify; text-indent: 1cm; line-height: 16pt;\"><strong><em><span style=\"font-size: 12pt; font-family: 'Arial', sans-serif;\">&ldquo;Sen onlar\u0131n milletlerine (Siyonist ve emperyalist emellerine ve zul&uuml;m d&uuml;zenlerine) t&acirc;bi olmad\u0131k&ccedil;a Yahudi ve Hristiyanlar, kesinlikle Senden (ve &Uuml;mmet-i Muhammed&rsquo;den) raz\u0131 olacak (memnun kalacak) de\u011fillerdir. (E\u011fer Yahudi ve Hristiyanlar\u0131n zalim tak\u0131m\u0131, M&uuml;sl&uuml;man bilinen kimselerden raz\u0131ysa ve yard\u0131mc\u0131 oluyorsa, anlay\u0131n ki bunlar, kendilerinin g&uuml;d&uuml;m&uuml;ne girmi\u015ftir.) De ki: \u015e&uuml;phesiz (tek) kurtulu\u015f ve huzur yolu, Allah&rsquo;\u0131n yoludur (Peygamberin s&uuml;nneti ve sistemidir). E\u011fer Sana gelen bunca ilimden (ve Kur&rsquo;ani haber ve h&uuml;k&uuml;mlerden) sonra onlar\u0131n (yani Siyonist ve emperyalist odaklara yana\u015fanlar\u0131n) hev&acirc;lar\u0131na (ve \u015feytani arzular\u0131na) uyacak olursan, (art\u0131k) Senin i&ccedil;in Allah (taraf\u0131n)dan ne bir dost, ne de bir yard\u0131mc\u0131 kal\u0131verir.&rdquo; <\/span><\/em><\/strong><span style=\"font-size: 12pt; font-family: 'Arial', sans-serif;\">(Bakara: 120)<\/span><\/p>\n<p style=\"margin-bottom: 0cm; text-align: justify; text-indent: 1cm; line-height: 16pt;\"><strong><span style=\"font-size: 12pt; font-family: 'Arial', sans-serif;\">11- Yahudi ve Hristiyanlar kendilerini se&ccedil;kin ve imtiyazl\u0131 g&ouml;rmekte, di\u011fer halklar\u0131 k&ouml;le ve hizmet&ccedil;i olarak de\u011ferlendirmekte, demokrasiyi bir dolayl\u0131 s&ouml;m&uuml;rme ve h&uuml;kmetme arac\u0131 olarak benimsemektedir:<\/span><\/strong><\/p>\n<p style=\"margin-bottom: 0cm; text-align: justify; text-indent: 1cm; line-height: 16pt;\"><strong><em><span style=\"font-size: 12pt; font-family: 'Arial', sans-serif;\">&ldquo;Yahudi ve Hristiyanlar: (H&acirc;\u015f&acirc;) &lsquo;Biz Allah&#8217;\u0131n &ccedil;ocuklar\u0131y\u0131z ve O&#8217;nun sevdi\u011fi (kullar\u0131y\u0131z)&rsquo; demektedirler. De ki: &#8220;Peki (&ouml;yle ise), ne diye sizi g&uuml;nahlar\u0131n\u0131zdan dolay\u0131 azapland\u0131r\u0131yor? Hay\u0131r, siz (sadece) O&#8217;nun yaratt\u0131\u011f\u0131ndan birer be\u015fersiniz. O, diledi\u011fini ba\u011f\u0131\u015flar, diledi\u011fini azapland\u0131r\u0131r. G&ouml;klerin, yerin ve bunlar\u0131n aras\u0131ndakilerin t&uuml;m&uuml;n&uuml;n m&uuml;lk&uuml; Allah&#8217;\u0131nd\u0131r. Son var\u0131\u015f O&#8217;nad\u0131r. (B&uuml;t&uuml;n hayat ve k&acirc;inat; Allah&rsquo;\u0131n yarat\u0131p donatt\u0131\u011f\u0131 ve bunlarla bize s\u0131fatlar\u0131n\u0131 ve sanat\u0131n\u0131 tan\u0131tt\u0131\u011f\u0131 harika eserleridir. Herkes ve her \u015fey Allah&rsquo;\u0131n nuruna ve huzuruna geri d&ouml;necektir.)&#8221;<\/span><\/em><\/strong><span style=\"font-size: 12pt; font-family: 'Arial', sans-serif;\"> <\/span><span style=\"font-size: 12pt; font-family: 'Arial', sans-serif;\">(Maide: 18)<\/span><\/p>\n<p style=\"margin-bottom: 0cm; text-align: justify; text-indent: 1cm; line-height: 16pt;\"><strong><span style=\"font-size: 14pt; font-family: 'Arial', sans-serif;\">\u015eimdi Soral\u0131m:<\/span><\/strong><\/p>\n<p style=\"margin-bottom: 0cm; text-align: justify; text-indent: 1cm; line-height: 16pt;\"><strong><span style=\"font-size: 12pt; font-family: 'Arial', sans-serif;\">S-1: Sn. Recep T. Erdo\u011fan&rsquo;a ve AKP iktidar\u0131na g&ouml;re; (h&acirc;\u015f&acirc;) Kur&rsquo;an \u0131rk, din ve felsefi ayr\u0131mc\u0131l\u0131k yap\u0131p nefret su&ccedil;lar\u0131n\u0131 m\u0131 k&ouml;r&uuml;klemekteydi?<\/span><\/strong><\/p>\n<p style=\"margin-bottom: 0cm; text-align: justify; text-indent: 1cm; line-height: 16pt;\"><strong><span style=\"font-size: 12pt; font-family: 'Arial', sans-serif;\">S-2: Bu ger&ccedil;ekleri yazanlar ve konu\u015fanlar, b&uuml;t&uuml;n Beni \u0130srail&rsquo;in de\u011fil, ama Siyonist kesiminin zul&uuml;m ve mel&rsquo;anetlerini anlatan bu ayetleri hat\u0131rlatanlar &ldquo;nefret su&ccedil;u i\u015flemi\u015f&rdquo; muamelesi mi g&ouml;recekti?<\/span><\/strong><\/p>\n<p style=\"margin-bottom: 0cm; text-align: justify; text-indent: 1cm; line-height: 16pt;\"><strong><span style=\"font-size: 12pt; font-family: 'Arial', sans-serif;\">S-3: &Ouml;yle ise, &ouml;nce bu ayetleri i&ccedil;eren Kur&rsquo;an&rsquo;\u0131n yasaklanmas\u0131, mana ve mealinin k\u0131s\u0131tlanmas\u0131 ve &ccedil;\u0131kar\u0131lmas\u0131 gerekli de\u011fil miydi?<\/span><\/strong><\/p>\n<p style=\"margin-bottom: 0cm; text-align: justify; text-indent: 1cm; line-height: 16pt;\"><strong><span style=\"font-size: 12pt; font-family: 'Arial', sans-serif;\">S-4: Bilimsel veriler, tarihi belgeler ve g&uuml;n&uuml;m&uuml;zde ya\u015fanan &ouml;rnekleriyle, Siyonist Yahudi Lobilerinin ve \u0130srail&rsquo;in \u015feytani hedef ve mahiyetlerini anlatan ciltler dolusu eserlere de yasaklama getirilecek midir ve bu eserlerdeki bilgileri aktaranlar &ldquo;nefret su&ccedil;u i\u015fleme&rdquo; kapsam\u0131na girecek miydi?<\/span><\/strong><\/p>\n<p style=\"margin-bottom: 0cm; text-align: justify; text-indent: 1cm; line-height: 16pt;\"><strong><span style=\"font-size: 12pt; font-family: 'Arial', sans-serif;\">S-5: <em>&ldquo;Ey Yahudiler, siz le\u015f ve murdar yemeyeceksiniz. Ama bunlar\u0131 Yahudiler d\u0131\u015f\u0131ndaki yabanc\u0131lara satabilirsiniz. &Ccedil;&uuml;nk&uuml; siz mukaddes ve se&ccedil;kin bir kavimsiniz, ba\u015fkalar\u0131n\u0131 hor ve hakir g&ouml;rebilirsiniz&rdquo;[5] <\/em>gibi Tevrat h&uuml;k&uuml;mleri de nefret su&ccedil;lar\u0131na d&acirc;hil edilecek miydi?<\/span><\/strong><\/p>\n<p style=\"margin-bottom: 0cm; text-align: justify; text-indent: 1cm; line-height: 16pt;\"><strong><span style=\"font-size: 12pt; font-family: 'Arial', sans-serif;\">S-6: &Ouml;z k\u0131z karde\u015finin &ccedil;\u0131plak v&uuml;cudunun ayr\u0131nt\u0131lar\u0131n\u0131 \u015fehvetle anlatan ve onunla sap\u0131k sevi\u015fme duygular\u0131n\u0131 aktaran Kitab\u0131 Mukaddes Ne\u015fideler Ne\u015fidesi Bab: 1, 2, 3, 4, 5, 6, 7 ve 8 (Sh: 659 &#8211; 665)[6] Tevrat b&ouml;l&uuml;mlerini, yani ensest (aile i&ccedil;i sap\u0131k) pornoculu\u011fun Yahudi k&ouml;kenini ele\u015ftirip M&uuml;sl&uuml;man halk\u0131m\u0131z\u0131 uyarmak da, nefreti k&ouml;r&uuml;kleme su&ccedil;lar\u0131 kabul edilecek miydi?<\/span><\/strong><\/p>\n<p style=\"margin-bottom: 0cm; text-align: justify; text-indent: 1cm; line-height: 16pt;\"><strong><span style=\"font-size: 12pt; font-family: 'Arial', sans-serif;\">S-7: AKP H&uuml;k&uuml;metinin ve Fetullah G&uuml;len Cemaatinin, din tahrifat\u0131n\u0131 ve devlet tahribat\u0131n\u0131 g&uuml;ndeme ta\u015f\u0131yanlara da &ldquo;nefreti k&ouml;r&uuml;kleme&rdquo; kapsam\u0131nda ceza verilecek miydi?<\/span><\/strong><\/p>\n<p>&nbsp;<\/p>\n<hr style=\"text-align: left;\" size=\"1\" width=\"33%\" \/>\n<p><a href=\"#ftnref1\" id=\"ftn1\" style=\"vertical-align: super;\">[1]<\/a><span style=\"font-size: 9pt; font-family: 'Arial', sans-serif;\"> Nedim Odaba\u015f\u0131, 16 Haziran 2010, Milli Gazete<\/span><\/p>\n<p><a href=\"#ftnref2\" id=\"ftn2\" style=\"vertical-align: super;\">[2]<\/a><span style=\"font-size: 9pt; font-family: 'Arial', sans-serif;\"> Devrim Sevimay, Milliyet \/ 15.06.2010<\/span><\/p>\n<p><a href=\"#ftnref3\" id=\"ftn3\" style=\"vertical-align: super;\">[3]<\/a><span style=\"font-size: 9pt; font-family: 'Arial', sans-serif;\"> Sabah \/ 18 Haziran 2010<\/span><\/p>\n<p><a href=\"#ftnref4\" id=\"ftn4\" style=\"vertical-align: super;\">[4]<\/a><span style=\"font-size: 9pt; font-family: 'Arial', sans-serif;\"> Aktif Haber<\/span><\/p>\n<p><a href=\"#ftnref5\" id=\"ftn5\" style=\"vertical-align: super;\">[5]<\/a><span style=\"font-size: 9pt; font-family: 'Arial', sans-serif;\"> Kitab-\u0131 Mukaddes &ndash; Tensiye Bab: 14 &ndash; ayet:21<\/span><\/p>\n<p><a href=\"#ftnref6\" id=\"ftn6\" style=\"vertical-align: super;\">[6]<\/a><span style=\"font-size: 9pt; font-family: 'Arial', sans-serif;\"> Kitab-\u0131 Mukaddes \u015eirketi \u0130stanbul -1997<\/span><\/p>\n","protected":false},"excerpt":{"rendered":"<p>&nbsp; AKP SAYES\u0130NDE T&Uuml;RK\u0130YE&rsquo;N\u0130N &ldquo;BATI MERKEZL\u0130 EKSEN\u0130&rdquo; KAYMAMI\u015e, AMA &Ccedil;\u0130V\u0130S\u0130 &Ccedil;IKMI\u015eTI! &nbsp;&nbsp;&nbsp;&nbsp;&nbsp;&nbsp;&nbsp;&nbsp; T&uuml;rkiye&rsquo;nin AKP sayesinde ekseni de\u011fil, sadece aksan\u0131 (s&ouml;ylem tarz\u0131) kaym\u0131\u015ft\u0131. Yani &ldquo;Recep T. Erdo\u011fan H&uuml;k&uuml;meti Bat\u0131&rsquo;ya ve \u0130srail&rsquo;e kafa tutuyor, \u0130slam d&uuml;nyas\u0131na yakla\u015f\u0131yor&rdquo; \u015feklindeki iddialar, AKP&rsquo;yi kahramanla\u015ft\u0131rmaya ve ay\u0131plar\u0131n\u0131 kapatmaya y&ouml;nelik senaryolar\u0131n bir par&ccedil;as\u0131yd\u0131. AKP&rsquo;nin ekseni, zaten Milli G&ouml;r&uuml;\u015f g&ouml;mle\u011fini ve kimli\u011fini &ccedil;\u0131kar\u0131p [&hellip;]<\/p>\n","protected":false},"author":9,"featured_media":0,"comment_status":"open","ping_status":"closed","sticky":false,"template":"","format":"standard","meta":{"footnotes":""},"categories":[253],"tags":[],"class_list":["post-6385","post","type-post","status-publish","format-standard","hentry","category-eylul-2021"],"_links":{"self":[{"href":"https:\/\/www.millicozum.com\/mc\/wp-json\/wp\/v2\/posts\/6385","targetHints":{"allow":["GET"]}}],"collection":[{"href":"https:\/\/www.millicozum.com\/mc\/wp-json\/wp\/v2\/posts"}],"about":[{"href":"https:\/\/www.millicozum.com\/mc\/wp-json\/wp\/v2\/types\/post"}],"author":[{"embeddable":true,"href":"https:\/\/www.millicozum.com\/mc\/wp-json\/wp\/v2\/users\/9"}],"replies":[{"embeddable":true,"href":"https:\/\/www.millicozum.com\/mc\/wp-json\/wp\/v2\/comments?post=6385"}],"version-history":[{"count":0,"href":"https:\/\/www.millicozum.com\/mc\/wp-json\/wp\/v2\/posts\/6385\/revisions"}],"wp:attachment":[{"href":"https:\/\/www.millicozum.com\/mc\/wp-json\/wp\/v2\/media?parent=6385"}],"wp:term":[{"taxonomy":"category","embeddable":true,"href":"https:\/\/www.millicozum.com\/mc\/wp-json\/wp\/v2\/categories?post=6385"},{"taxonomy":"post_tag","embeddable":true,"href":"https:\/\/www.millicozum.com\/mc\/wp-json\/wp\/v2\/tags?post=6385"}],"curies":[{"name":"wp","href":"https:\/\/api.w.org\/{rel}","templated":true}]}}