{"id":640,"date":"2004-04-01T00:00:00","date_gmt":"2004-04-01T00:00:00","guid":{"rendered":"https:\/\/www.millicozum.com\/mc\/2004\/04\/01\/ayin-aynasi-15\/"},"modified":"2004-04-01T00:00:00","modified_gmt":"2004-04-01T00:00:00","slug":"ayin-aynasi-15","status":"publish","type":"post","link":"https:\/\/www.millicozum.com\/mc\/2004\/nisan-2004\/ayin-aynasi\/","title":{"rendered":"AYIN AYNASI"},"content":{"rendered":"<p>\u00a0  <\/p>\n<p align=\"center\"> <strong>\u0130\u015e\u0130N UZMANLARINA G\u00d6RE DEVAL\u00dcASYON GEL\u0130YOR !!<\/strong> <\/p>\n<p> Yak\u0131nda b\u00fcy\u00fck bir deval\u00fcasyon geliyor.! Prof. Yal\u00e7\u0131n K\u00dc\u00c7\u00dcK&#39;\u00fcn tespitiyle her deval\u00fcasyon bir h\u00fck\u00fcmet devirmi\u015f ve rejimi de\u011fi\u015ftirmi\u015ftir. \u0130\u015fte:  <\/p>\n<ul>\n<li>1946 Deval\u00fcasyonu Ba\u015fbakan Recep Peker &#8211; d\u00fc\u015f\u00fcr\u00fcld\u00fc, silindi<\/li>\n<li>1958 Deval\u00fcasyonu Ba\u015fbakan Adnan Menderes &#8211; d\u00fc\u015f\u00fcr\u00fcld\u00fc idam edildi<\/li>\n<li>1970 Deval\u00fcasyonu Ba\u015fbakan S\u00fcleyman Demirel &#8211; d\u00fc\u015f\u00fcr\u00fcld\u00fc, \u00fct\u00fclendi d\u00fczeltildi.<\/li>\n<li>1980 Deval\u00fcasyonuu Ba\u015fbakan S\u00fcleyman Demirel &#8211; d\u00fc\u015f\u00fcr\u00fcld\u00fc, hizaya getirildi.<\/li>\n<li>1994 Deval\u00fcasyonu Ba\u015fbakan Tansu \u00c7iller &#8211; d\u00fc\u015f\u00fcr\u00fcld\u00fc, silindi.<\/li>\n<li>2001 Deval\u00fcasyonu Ba\u015fbakan B\u00fclent Ecevit &#8211; d\u00fc\u015f\u00fcr\u00fcld\u00fc, \u00d6l\u00fc ilan edildi.<\/li>\n<li>Bakal\u0131m, AKP ve Recep Tayip bey, ne hale gelecek .!<\/li>\n<\/ul>\n<p>  \u00a0  <\/p>\n<p align=\"center\"> <strong>DOMUZ VE AB<\/strong> <\/p>\n<ul>\n<li>\u0130zmirde patlak veren domuz eti skandal\u0131na k\u0131zan bir AKP&#39;liye: iyiya dostum, b\u00f6ylece AB&#39;ye haz\u0131rlan\u0131yoruz. Domuzdan bu kadar i\u011freniyorsan\u0131z, AB&#39;ye ni\u00e7in can at\u0131yorsunuz ?<\/li>\n<li>AKP&#39;liler, &quot; B\u00fct\u00fcn bunlara, AB&#39;ye girmek i\u00e7in katlan\u0131yoruz. \u00c7\u00fcnk\u00fc AB&#39;ye girersek, ba\u015f\u00f6rt\u00fcs\u00fc gibi i\u00e7 sorunlar\u0131m\u0131z, K\u0131br\u0131s ve Irak gibi d\u0131\u015f s\u0131k\u0131nt\u0131lar\u0131m\u0131z kolayl\u0131kla \u00e7\u00f6z\u00fclecek &quot; iddialar\u0131 da t\u00fcm\u00fcyle safsatad\u0131r. \u0130\u015fte Ferhogen: &quot; \u00f6nce Anan plan\u0131na raz\u0131 olan AB haklar\u0131n\u0131z\u0131 koruyacak &quot; diyor. Arkadan ayr\u0131l\u0131rken inkar ediyor.<\/li>\n<li>\u00c7\u00fcnk\u00fc AB, Siyonist sermayenin ve Masonik lobilerin g\u00fcd\u00fcm\u00fcndeki bir Hrtistiyan birli\u011fidir, tart\u0131\u015fma sadece, bu ger\u00e7e\u011fi Avrupa Anayasas\u0131na yazal\u0131m m\u0131, yazmayal\u0131m m\u0131 meselesidir.<\/li>\n<li>T\u00fcrkiye&#39;yi 50 y\u0131ld\u0131r oyalayan AB, Fener Patrikhanesine &quot; Vatikan gibi devlet stat\u00fcs\u00fcyle &quot; diplomatik temsilcilik vermi\u015ftir. \u015eimdide bize imtiyazl\u0131 \u00fcyelik yani Acem Nikah\u0131yla evlilik teklif edilmektedir.<\/li>\n<\/ul>\n<p align=\"center\"> <strong>LAYT M\u00dcSL\u00dcMAN !<\/strong> <\/p>\n<ul>\n<li>T\u00fcrkiye&#39;de de \u0130ttihak Terakki&#39;den, bug\u00fcnk\u00fc masonik g\u00fcd\u00fcml\u00fc h\u00fck\u00fcmetlere kadar hemen hepsini, Protestanla\u015ft\u0131r\u0131lm\u0131\u015f, Laytla\u015ft\u0131r\u0131lm\u0131\u015f \u0130slamc\u0131larla i\u015fbirli\u011fi i\u00e7inde g\u00f6r\u00fcyoruz!&#8230;<\/li>\n<li>\u0130\u015fte, Amerika&#39;da Yahudi lobilerinin \u00f6zel himayesindeki, Hoca Efendi .!<\/li>\n<li>Halil Turgut \u00d6zel: Savc\u0131l\u0131k ararken onu k\u00f6\u015fk\u00fcnde saklan\u0131yordu.<\/li>\n<li>S\u00fcleyman Sami Demirel: Okullar\u0131 i\u00e7in T\u00fcrki Cumhuriyetlere mektup yaz\u0131yordu.<\/li>\n<li>Mustafa B\u00fclent Ecevit O&#39;nunla felsefi sohbetlere mektup yaz\u0131yordu.<\/li>\n<li>Afganistan &#8211; Amerikanistan ombusman\u0131 Yahudi as\u0131l\u0131 Hikmet \u00c7etinle \u00f6zel g\u00f6r\u00fc\u015f\u00fcyordu.<\/li>\n<li>Ve i\u015fte Recep Tayip Erdo\u011fan: Her Amerikan umresinde, Yahudi lobilerinden sonra gidip elini \u00f6p\u00fcyordu!.. Bu nas\u0131l bir kumpas ki: Mason locas\u0131ndan moon Hocas\u0131na, \u0130slamc\u0131s\u0131ndan Atat\u00fcrk istismarc\u0131l\u0131\u011f\u0131na hepsini bir araya getiriyordu.<\/li>\n<li>Ama hepsinin ortak bir taraf\u0131 vard\u0131: Erbakan&#39;dan \u00e7ok korkuyorlard\u0131 ve O&#39;na kar\u015f\u0131 hep ayn\u0131 cephede toplan\u0131yorlard\u0131!?<\/li>\n<\/ul>\n<p align=\"center\"> <strong>DEVLET HAC YOLUNDA, H\u00dcK\u00dcMET HA\u00c7 YOLUNDA<\/strong> <\/p>\n<ul>\n<li>Sn. Cumhurba\u015fkan\u0131m\u0131z D-8 kat\u0131lm\u0131\u015f ve tarihi bir konu\u015fma yapm\u0131\u015ft\u0131r. \u00c7\u00fcnk\u00fc Devlet s\u00fcreklidir-H\u00fck\u00fcmetler ge\u00e7icidir.<\/li>\n<li>S\u00fcrekli ve mili cephe : D-8 ci &#8211; Ge\u00e7ici ve Kirli cephe AB&#39;ci dir. Devlet Hac yoluna, h\u00fck\u00fcmet HA\u00c7 yoluna girmi\u015ftir.<\/li>\n<li>AKP&#39;nin, ABD&#39;nin g\u00fcc\u00fcne ve Irak i\u015fgaline g\u00fcvenmesi de bo\u015funad\u0131r:<\/li>\n<li>\u00c7anakkale sava\u015f\u0131yla K\u00f6rfez sava\u015f\u0131 bir \u00e7ok y\u00f6nde ortak \u00f6zellik ta\u015f\u0131maktad\u0131r.<\/li>\n<\/ul>\n<ul>\n<li>\u00d6nce \u00c7anakkale&#39;ye h\u00fccum edenlerle k\u00f6rfeze h\u00fccum edenler ayn\u0131d\u0131r. \u00c7anakkale&#39;ye sald\u0131ranlar Osmanl\u0131y\u0131 y\u0131kmak, \u0130slam&#39;\u0131 par\u00e7alamak ve \u0130srail&#39;in kurulmas\u0131n\u0131 sa\u011flamak amac\u0131n\u0131 ta\u015f\u0131yorlard\u0131. \u015eimdi K\u00f6rfeze sald\u0131ranlarda M\u00fcsl\u00fcman \u00fclkeleri askeri, ekonomik ve siyasi y\u00f6nden \u00e7\u00f6kertmek birbirine d\u00fc\u015f\u00fcrmek ve &quot; B\u00fcy\u00fck \u0130srail \u0130mparatorlu\u011fu&quot; hayalini ger\u00e7ekle\u015ftirmek niyetindedirler.<\/li>\n<\/ul>\n<ul>\n<li>Ancak \u00c7anakkale&#39;yi zahirde Osmanl\u0131 kazanm\u0131\u015ft\u0131 ama bu sava\u015f Osmanl\u0131n\u0131n y\u0131k\u0131l\u0131\u015f\u0131n\u0131 h\u0131zland\u0131rm\u0131\u015ft\u0131. \u00c7\u00fcnk\u00fc yar\u0131m milyondan fazla gencini \u00c7anakkale&#39;de yitirmi\u015f ve ekonomik y\u00f6nden de bitmi\u015fti.<\/li>\n<li>\u015eimdi de 1. ve 2. k\u00f6rfez sava\u015f\u0131n\u0131 Amerika kazanm\u0131\u015f g\u00f6r\u00fcl\u00fcyor. Ama \u00e7ok b\u00fcy\u00fck bir askeri ve ekonomik fatura \u00f6demi\u015ftir. Irak&#39;\u0131 i\u015fgal etti\u011fini Kuveyt&#39;i ve Suudi Arabistan&#39;\u0131 fiilen ele ge\u00e7irdi\u011fini zannetse de asl\u0131nda &quot; alt\u0131n yumurtlayan tavuklar\u0131n\u0131 &quot; kesmi\u015ftir.<\/li>\n<li>S\u00fcper g\u00fc\u00e7 prestiji s\u0131f\u0131ra inmi\u015ftir&#8230; Yani s\u00fcper canavar can evinden yaralanm\u0131\u015ft\u0131r ve devaml\u0131 kan kaybetmektedir. IMF &#8211; ABD nin 500 milyar d\u0131\u015f 1 trilyon dolar i\u00e7 borcu oldu\u011funu s\u00f6ylemektedir. Ger\u00e7ek rakam bunlar\u0131n \u00e7ok \u00fcst\u00fcndedir.<\/li>\n<li>Amerika \u00e7\u00f6kmeden Siyonizmin zul\u00fcm saltanat\u0131n\u0131 ortadan kald\u0131rmak m\u00fcmk\u00fcn de\u011fildir. \u00c7aresi yok canavar geberecektir.<\/li>\n<\/ul>\n<p align=\"center\"> <strong>S\u0130YON\u0130ST \u015eEYTAN ANKARA&#39;DA<\/strong> <\/p>\n<p> ABD D\u0131\u015fi\u015fleri Bakan yard\u0131mc\u0131s\u0131 ve Yahudi as\u0131ll\u0131 Marc Grosman; Ankara&#39;ya gelip iki \u015fart dayatm\u0131\u015f: <\/p>\n<ul>\n<li>1. B\u00fcy\u00fck Ortado\u011fu projesine kat\u0131l\u0131rsan\u0131z, ekonomik ve g\u00fcvenlik yard\u0131mlar\u0131m\u0131z artacak !?<\/li>\n<li>2. Ancak &#8211; Bu projeye kat\u0131ld\u0131ktan sonra &#8211; di\u011fer Arap ve \u0130slam \u00fclkeleriyle her t\u00fcrl\u00fc ikili ili\u015fkilerinde, T\u00fcrkiye &quot; Demokrasiye ba\u011fl\u0131l\u0131k ve ter\u00f6re kar\u015f\u0131tl\u0131k&quot; \u015fart\u0131 aranacak !&#8230;<\/li>\n<\/ul>\n<p> Bunun T\u00fcrk\u00e7esi: T\u00fcrkiye B\u00fcy\u00fck Ortado\u011fu projesine girmeyen \u0130slam \u00fclkeleriyle her t\u00fcrl\u00fc ili\u015fki ve i\u015f birli\u011fini\u00a0 kesinlikle koparacakt\u0131r !.. <\/p>\n<p> Ve b\u00f6ylece Erbakan&#39;\u0131n \u0130slam Birli\u011fi Projesi tarihe kar\u0131\u015facak !&#8230; Ama hele g\u00f6relim, g\u00fcn do\u011fmadan neler do\u011facak!&#8230; <\/p>\n<p align=\"center\"> <strong>\u0130\u015eB\u0130RL\u0130K\u00c7\u0130 !<\/strong> <\/p>\n<p> Tayip Erdo\u011fan Belediye se\u00e7imleri i\u00e7in gitti\u011fi Bolu&#39;da : <\/p>\n<ul>\n<li>Bize i\u015fbirlik\u00e7i diyorlar. Tabiki i\u015fbirlik\u00e7iyiz. \u0130\u015f ba\u015farmak istiyorsan, i\u015fbirli\u011fi yapacaks\u0131n &quot; buyurmu\u015f ve <\/li>\n<li>&quot;Abant\u0131 yeni bir Davos yapaca\u011f\u0131n\u0131 &quot; duyurmu\u015f<\/li>\n<\/ul>\n<p> Hat\u0131rlanaca\u011f\u0131 gibi zaten Abant toplant\u0131lar\u0131yla Milli G\u00f6r\u00fc\u015f b\u00f6l\u00fcn\u00fcp, bu i\u015fbirlik\u00e7i ve teslimiyet\u00e7i AKP olu\u015fturuldu. Yani Abant, \u00e7oktan Davos olmu\u015ftu !&#8230; <\/p>\n<p> Tarih boyunca, \u00fclkesi milleti aleyhine d\u0131\u015f g\u00fc\u00e7lerle i\u015fbirli\u011fi yapanlar elbette \u00e7\u0131km\u0131\u015ft\u0131r. Ancak, bu &quot; i\u015fbirlik\u00e7ilik &quot;le \u015feref duyan, T. Erdo\u011fan&#39;dan ba\u015fkas\u0131 herhalde yoktur.\u00a0  <\/p>\n<p align=\"center\"> <strong>&quot; G\u00dcL &quot;LER\u0130N TUTARSIZLI\u011eI !<\/strong> <\/p>\n<p> Hayrunnisa G\u00fcl Avrupa \u0130nsan Haklar\u0131 Mahkemesinden, T\u00fcrbanlan ilgili ba\u015fvurusunu geri \u00e7ekti&#8230; Bahanesi &quot; yarg\u0131 kararlar\u0131n\u0131n tart\u0131\u015f\u0131lmas\u0131na neden olmamak &quot; !? Oysa e\u015fi Abdullah G\u00fcl, Hayrunnisa Han\u0131m\u0131n ba\u015f\u00f6rt\u00fcs\u00fc nedeniyle \u00fcniversiteye kayd\u0131 yap\u0131lamayan\u0131ca &quot; Moskova da bile b\u00f6yle haks\u0131zl\u0131k ve bask\u0131lar olmaz ! &quot; diye yak\u0131n\u0131yordu ! <\/p>\n<p> \u015eimdi kendileri iktidar.. Hem de anayasay\u0131 de\u011fi\u015ftirecek bir yo\u011funlukta ve ba\u015f\u00f6rt\u00fcs\u00fc zulm\u00fc hala devam ediyor ve AKP hi\u00e7bir \u00e7\u00f6z\u00fcm \u00fcretmiyor !? <\/p>\n<p> Sorma ve s\u0131zlanma s\u0131ras\u0131 bizde: <\/p>\n<p> AKP iktidar\u0131 Moskova&#39;dan daha tutars\u0131z , duyars\u0131z ve kurals\u0131z bir tav\u0131r sergiliyor ! <\/p>\n<p align=\"center\"> <strong>B\u0130R PORTRE<\/strong> <\/p>\n<p align=\"center\"> &#160; <\/p>\n<p align=\"center\"> <strong>Kim Bu Demirel ?<\/strong> <\/p>\n<p> Tayip Erdo\u011fan&#39;\u0131n yeni ak\u0131l hocalar\u0131ndan ve de me\u015fhur mason localar\u0131ndan Sn. S\u00fcleyman Demirel. <\/p>\n<p> Kendisini millete hizmet i\u00e7in bir makama lay\u0131k g\u00f6rerek millet \u00f6n\u00fcnde pazarlayan kimse veya kimselerin iyi veya k\u00f6t\u00fc taraflar\u0131n\u0131 ele\u015ftirmek, onlar\u0131 b\u00fct\u00fcn \u00f6zellikleri ile millete tan\u0131tmak bu bak\u0131mdan ka\u00e7\u0131n\u0131lmaz bir vazifedir. <\/p>\n<p> Kimdir bu <strong>Demirel <\/strong>? <\/p>\n<p> Kim olacak en belirgin vasf\u0131, <strong>Masondur<\/strong>. Masonlar\u0131n \u00fclkemizdeki as\u0131rl\u0131k saltanat\u0131n\u0131n devam etmesi i\u00e7in, suni lider olarak Adalet Partisi&#39;ne bacadan sokulan, onlar\u0131n deste\u011fiyle AP&#39;sini milliyet\u00e7ilerin, muhafazakarlar\u0131n elinden alm\u0131\u015f olan kimse.  <\/p>\n<p> Tek ba\u015f\u0131na iktidarda bulundu\u011fu 1966 senesinde, M\u00fcsl\u00fcmanlar\u0131n ve \u00f6zellikle <strong>Nurcular\u0131n<\/strong> ve <strong>S\u00fcleymanc\u0131lar\u0131n <\/strong>oylar\u0131yla se\u00e7imi kazand\u0131\u011f\u0131 halde \u00e7\u0131kart\u0131lan af kanunlar\u0131ndan\u00a0 163 \u00fcnc\u00fc maddeyi kendi milletvekillerine bask\u0131 yaparak aftan hari\u00e7 b\u0131rakt\u0131ran kimse. <\/p>\n<p> Bu haks\u0131z hareketini ele\u015ftirdi\u011fi i\u00e7in AP Antalya Milletvekili rahmetli <strong>Osman Y\u00fcksel Serdenge\u00e7ti<\/strong>&#39;yi, Yahudilerin hazineye zarar veren porselen yolsuzlu\u011funu meclise getirdi\u011fi i\u00e7in AP&#39;nin Zonguldak Milletvekili rahmetli\u00a0 <strong>Ekmel \u00c7etinel<\/strong>&#39;i ve ayr\u0131ca Milli ve Manevi de\u011ferlere ayk\u0131r\u0131 h\u00fck\u00fcmet politikas\u0131n\u0131 ele\u015ftirdi\u011fi i\u00e7in AP Trabzon Milletvekili rahmetli <strong>Prof. Osman Turan<\/strong>&#39;\u0131 haks\u0131z olarak partiden ihra\u00e7 ettiren kimse&#8230; <\/p>\n<p> 1965 sensinde ba\u015flatt\u0131\u011f\u0131, israf\u00e7\u0131, faizci ve enflasyonist, disiplinsiz politikas\u0131yla, T\u00fcrk ekonomisini ray\u0131ndan \u00e7\u0131kartan bug\u00fcnk\u00fc pahal\u0131l\u0131\u011fa yol a\u00e7an kimse. <\/p>\n<p> Odalar Birli\u011fi Sekreteri iken Anadolu t\u00fcccar\u0131n\u0131n hakk\u0131n\u0131 koruyan, kredilerin ve yat\u0131r\u0131mlar\u0131n dengeli \u015fekilde da\u011f\u0131lmas\u0131n\u0131 isteyen Necmeddin Erbakan Hoca&#39;y\u0131 polis ve jandarma marifetiyle makam\u0131na sokmayan, Odalar Birli\u011fi Kongresi&#39;nde kahir ekseriyetle Ba\u015fkanl\u0131\u011fa se\u00e7ildi\u011fi halde, bu hakk\u0131 vermemek i\u00e7in Bakanlar Kurulu karar\u0131yla Anayasay\u0131 \u00e7i\u011fneyen kimse&#8230; <\/p>\n<p> Ba\u015flatt\u0131\u011f\u0131m\u0131z a\u011f\u0131r sanayi hamlesini, baltalamak i\u00e7in, Amerika&#39;dan ald\u0131\u011f\u0131 sinyalle, 1977 senesinde erken se\u00e7im yapt\u0131ran kimse&#8230; <\/p>\n<p> 1960&#39;l\u0131 senelerde, \u0130mam hatip okullar\u0131n\u0131n birinci k\u0131sm\u0131na \u00f6\u011frenci al\u0131nmas\u0131n\u0131 yasklayarak bu okullar\u0131 kapatt\u0131ran kimse. <\/p>\n<p> 1969 se\u00e7imlerinden \u00f6nce Yass\u0131ada h\u00fck\u00fcml\u00fclerinin siyasi hakk\u0131n\u0131 iade eden kanun Millet Meclisi&#39;nden ittifakla ge\u00e7ti\u011fi halde, C.Senatosu&#39;ndan h\u00fck\u00fcmet olarak kanunu resmen geri \u00e7eken, bu i\u015fin g\u00fcnah\u0131n\u0131 haks\u0131z ve mesnetsiz iddialarla Orduya y\u00fckleyen kimse. <\/p>\n<p> B\u00f6yle hareket etti\u011fi halde <strong>Celal Bayar<\/strong>&#39;\u0131n cenazesine, t\u0131pk\u0131 <strong>\u00d6zal<\/strong>&#39;\u0131n \u00f6l\u00fcm\u00fcne yapt\u0131\u011f\u0131 gibi istismar i\u00e7in sahip \u00e7\u0131kan kimse&#8230; <\/p>\n<p> AP tek ba\u015f\u0131na iktidarda iken 1967 senesinde <strong>K\u0131br\u0131s<\/strong>&#39;ta Rumlar\u0131n giri\u015fti\u011fi korkun\u00e7 katliam hareketi kar\u015f\u0131s\u0131nda adaya m\u00fcdahale etmekten ka\u00e7\u0131nan ve bizim h\u00fck\u00fcmet iken 1974&#39;te yapt\u0131\u011f\u0131m\u0131z m\u00fcdahaleye &quot; <strong>bu bir macerad\u0131r<\/strong> &quot; diyen kimse. <\/p>\n<p> HEP&#39; \u00e7ilerle kar\u0131\u015f\u0131k SHP ile kurdu\u011fu koalisyonun, Milli de\u011ferlerimizin tahrip edilmesine sebebiyet veren, <strong>Bosna- Hersek<\/strong> ve <strong>Azerbaycan, Karaba\u011f<\/strong> katliamlar\u0131 kar\u015f\u0131s\u0131nda ciddi bir i\u015f yapamayan, bununla da kalmayarak <strong>Ermenistan<\/strong>&#39;a bu\u011fday ve enerji yard\u0131mlar\u0131 yaparak milletimiz ve T\u00fcrk d\u00fcnyas\u0131 kar\u015f\u0131s\u0131nda protestolara hedef olan politikas\u0131n\u0131 \u00f6verek g\u00f6klere \u00e7\u0131kartan kimse.. <\/p>\n<p> Buna ra\u011fmen bizim 1974 senesinde CHP ile kurdu\u011fumuz \u015fahsiyetli ve ba\u015far\u0131l\u0131 i\u00e7 ve d\u0131\u015f politikalar uygulayan ve <strong>K\u0131br\u0131s<\/strong> \u00e7\u0131karmas\u0131n\u0131 yaparak tarihi zafer kazanan koalisyon h\u00fck\u00fcmetini &quot; <strong>solcularla h\u00fck\u00fcmet kurdular<\/strong> &quot; diye 17 sene s\u00fcreyle haks\u0131z itham ve iftiralara hedef yapan kimse.  <\/p>\n<p> Ba\u015far\u0131s\u0131z politikas\u0131yla T\u00fcrk demokrasisini 12 Mart 1970 senesinde k\u0131\u015fla duvar\u0131na toslatt\u0131\u011f\u0131 halde, bu hezimetten ders almayarak 12 Eyl\u00fclden \u00f6nce, ben kesinlikle CHP Genel Ba\u015fkan\u0131 <strong>Ecevit<\/strong> ile g\u00f6r\u00fc\u015fmem diyen, hi\u00e7bir AP&#39;li hi\u00e7bir CHP&#39;liye oy veremez diye, Cumhurba\u015fkan\u0131 se\u00e7imini t\u0131kayan ve 12 Eyl\u00fcl askeri darbesine sebep ve hedef olan kimse.. <\/p>\n<p> Mecliste \u00e7o\u011funlu\u011fu olan <strong>\u00d6za<\/strong>l&#39;\u0131n Cumhurba\u015fkan\u0131 se\u00e7ilmesini \u00f6nlemek i\u00e7in &quot; <strong>Cumhurba\u015fkan\u0131&#39;n\u0131 millet se\u00e7melidir<\/strong> &quot; diye kampanya ba\u015flatt\u0131\u011f\u0131, bu fikri kesin olarak kabul etti\u011fi halde, sonunda kendisini se\u00e7tirmek i\u00e7in her konuda oldu\u011fu gibi\u00a0 eski g\u00f6r\u00fc\u015f\u00fcn\u00fcn tam tersine se\u00e7imi meclise yapt\u0131rmak maksad\u0131yla \u00e7\u0131rp\u0131nan ve meclisteki ve h\u00fck\u00fcmet i\u00e7indeki hassas dengeleri alt \u00fcst eden kimse..  <\/p>\n<p> <strong>T\u00fcrkiye&#39;<\/strong>yi <strong>Ortak Pazar<\/strong>&#39;a sokarak egemenli\u011fimizi <strong>Birle\u015fik Avrupa Devleti<\/strong>&#39;ne k\u0131smen veya tamamen devretmek suretiyle bizi bir eyalet haline getirmek isteyen kimse&#8230;  <\/p>\n<p> \u0130\u015fte AKP&#39;nin ba\u015fkan\u0131 Tayip Erdo\u011fan&#39;\u0131n yeni ak\u0131ldanesi! Ak\u0131l Hocas\u0131 b\u00f6yle olan\u0131n ak\u0131beti de \u00f6yle olur&#8230;.\u00a0\u00a0\u00a0\u00a0\u00a0\u00a0\u00a0\u00a0\u00a0\u00a0\u00a0\u00a0\u00a0\u00a0\u00a0\u00a0\u00a0 \u00a0\u00a0\u00a0\u00a0\u00a0\u00a0\u00a0\u00a0\u00a0\u00a0\u00a0  <\/p>\n<p align=\"right\"> S\u00fcleyman Arif Emre  <\/p>\n<p align=\"right\"> Y\u00f6r\u00fcnge &#8211; 9 MAYIS 1993 <\/p>\n<p align=\"center\"> <strong>D\u00d6NEKL\u0130K VE DENGES\u0130ZL\u0130K !<\/strong> <\/p>\n<p> Bir zamanlar &quot;\u0130slam teorisyeni&quot; diye masonik medyan\u0131n el \u00fcst\u00fcnde tuttu\u011fu Mehmet Metiner&#39; in zikzaklar\u0131na bak\u0131n&#8230; <\/p>\n<p> \u00d6nce \u0130ranc\u0131, Radikal \u0130slamc\u0131&#8230; <\/p>\n<p> Laiklik ve Demokrasiyi k\u00fcf\u00fcr sayanlardan&#8230;Ve bu y\u00fczden Milli G\u00f6r\u00fc\u015f\u00fc \u015fiddetle su\u00e7layanlardan&#8230; <\/p>\n<p> Sonra makam ve menfaat kokusu al\u0131nca Milli G\u00f6r\u00fc\u015fe yana\u015f\u0131yor&#8230; \u0130stanbul belediyesinde Tayip Erdo\u011fan&#39; \u0131n dan\u0131\u015fman\u0131&#8230; <\/p>\n<p> Ard\u0131ndan solculuk ve K\u00fcrt\u00e7\u00fcl\u00fck damar\u0131 a\u011f\u0131r bas\u0131yor ve HADEP Genel Ba\u015fkan Yard\u0131mc\u0131s\u0131&#8230; <\/p>\n<p> Son g\u00fcnlerde, \u0131l\u0131ml\u0131 ve layt bir tav\u0131r seriliyor ve g\u00fcya, g\u00fcnah \u00e7\u0131karmak i\u00e7in ge\u00e7mi\u015fini inkar ediyor ve ele\u015ftiriyor !.. <\/p>\n<p> B\u00fct\u00fcn bu d\u00f6nemlerin hi\u00e7birinde samimi ve seviyeli bir g\u00f6r\u00fcnt\u00fc vermiyor. <\/p>\n<p> Ge\u00e7mi\u015fte de, bu g\u00fcnde, gelecekte de, bu tipler, her zaman rol kesiyor ve d\u00fcnyal\u0131klar\u0131 i\u00e7in kutsallar\u0131n\u0131 istismar ediyor !&#8230; <\/p>\n<p> Ahmet Akg\u00fcl Hocam\u0131z, onbe\u015f sene \u00f6nce yazd\u0131\u011f\u0131 &quot; <strong>Nifak Hareketleri<\/strong> &quot; Kitab\u0131nda bunlar\u0131n i\u00e7 y\u00fcz\u00fcn\u00fc ta o zamandan ortaya koyuyor.  <\/p>\n<p align=\"center\"> <strong>DER\u0130N DEVLET<\/strong> <\/p>\n<p> ABD&#39;nin derin devleti Yahudi Lobilerine Think-tank, bizim milli g\u00fc\u00e7lerimize D\u0130KTA diyen hainler \u015fimdi demokrasi ve de\u011fi\u015fim bahanesiyle ordumuza sald\u0131r\u0131yorlar.  <\/p>\n<p> Halbuki: derinli\u011fi olmayan;gizli ve \u00f6zel, kurum ve kadrolar\u0131&#8230; stratejik s\u0131rlar\u0131 ver planlar\u0131 bulunmayan devlet vasf\u0131n\u0131 kazanamaz ! \u00d6nemli olan bunlar milli kafalar\u0131n m\u0131 yoksa kirli kafalar\u0131n m\u0131 g\u00fcd\u00fcm\u00fcndedir. <\/p>\n<p> Hat\u0131rlay\u0131n: <\/p>\n<ul>\n<li>T\u00fcrkiye&#39;yi IMF&#39;ye muhta\u00e7 etmedi\u011fi&#8230; Gavura el a\u00e7\u0131p bor\u00e7 dilemedi\u011fi i\u00e7in denk b\u00fct\u00e7eyi ger\u00e7ekle\u015ftirip i\u015f\u00e7iye, k\u00f6yl\u00fcye, emek\u00e7iye, askere, memura, esnafa, sanayiciye cumhuriyet d\u00f6neminin en iyi imkanlar\u0131n\u0131 verdi\u011fi i\u00e7in&#8230;<\/li>\n<li>Haysiyetli ve ba\u011f\u0131ms\u0131z d\u0131\u015f politikay\u0131 ba\u015flat\u0131p D-8&#39;ler olu\u015fumuyla \u00fclkemizi yeniden lider konuma y\u00fckseltti\u011fi i\u00e7in&#8230;<\/li>\n<\/ul>\n<ul>\n<li>D\u0131\u015f g\u00fc\u00e7ler ve yerli i\u015fbirlik\u00e7iler taraf\u0131ndan tertiplenen talihsiz 28 \u015eubat\u0131 alk\u0131\u015flayan yazar bozuntular\u0131 ne oldu b\u00f6yle ki, hepsi demokrasi davulcusu kesildiler&#8230; Masonlar\u0131n, mafyac\u0131lar\u0131n ve rantiyeci patronlar\u0131n yak\u0131n damlar\u0131 olduklar\u0131 konu\u015fulup yaz\u0131lan baz\u0131 28 \u015eubat Pa\u015falar\u0131 ve Amerika&#39;daki Yahudi JINSA&#39;dan madalyal\u0131 ekip ba\u015flar\u0131:<\/li>\n<\/ul>\n<ul>\n<li>Rafah-yol i\u00e7 i\u015fleri Bakan\u0131 Meral Ak\u015fener&#39;e haber g\u00f6nderip ya\u011fl\u0131 kaz\u0131\u011fa oturtacaklar\u0131n\u0131 s\u00f6ylerken&#8230;<\/li>\n<li>Gazeteci \u0130lnur \u00c7evik gibi yazarlar\u0131 \u00e7a\u011f\u0131r\u0131p &quot; Erbakan&#39;\u0131n onurlu ve olumlu hizmetleri&quot;ni yazd\u0131klar\u0131 i\u00e7in korkutulurken.<\/li>\n<li>T\u00fcrkiye Gazetesi ve \u0130hlas Holding sahibi Enver \u00d6ren&#39;i \u00e7a\u011f\u0131r\u0131p hakaret ve tehditlerle \u00f6d\u00fcn\u00fc patlat\u0131rken&#8230;<\/li>\n<li>Yerine g\u00f6re demokratik cesaret ve milli haysiyet g\u00f6stermek isteyen \u00c7iller&#39;i ve baz\u0131 DYP Milletvekillerini ihtilal ve idam tehdidi ile sustururken&#8230;<\/li>\n<li>Siyonist s\u00f6m\u00fcr\u00fcn\u00fcn sermaye a\u011falar\u0131na ve \u0130stanbul d\u00fckal\u0131\u011f\u0131na ra\u011fmen kendi imkanlar\u0131yla g\u00fc\u00e7lenip geli\u015fen Anadolu yat\u0131r\u0131mlar\u0131na irtica damgas\u0131n\u0131 vurulurken&#8230;<\/li>\n<li>Evet b\u00fct\u00fcn bunlar yap\u0131l\u0131rken sus pus olan despotlar\u0131 alk\u0131\u015flayan yazar yaftal\u0131 dalkavuklar\u0131n \u015fimdi: (Ordumuzun her y\u00f6nden zay\u0131flat\u0131lmas\u0131 ve \u00fclkemizin gelece\u011fi konusunda s\u00f6z hakk\u0131n\u0131n elinden al\u0131nmas\u0131) giri\u015fimlerini &quot; Demokrasi Devrimi &quot; diye \u00f6vmeleri tam bir sahtekarl\u0131k \u00f6rne\u011fi ve sat\u0131lm\u0131\u015fl\u0131k halidir. <\/li>\n<\/ul>\n<p> Bunlar Amerika&#39;ya u\u015fakl\u0131k, Avrupa&#39;ya yav\u015fakl\u0131k ilericilik, milli ve manevi temeller \u00fczerine kalk\u0131nmay\u0131 ise gericilik \u015feklinde g\u00f6stermektedirler. <\/p>\n<p> &#160; <\/p>\n<p align=\"center\"> <strong>BU SE\u00c7\u0130MLER KARAR ANI<\/strong> <\/p>\n<p> T\u00fcrkiye&#39;mizi kimlere emanet edece\u011fimizin karar meselesidir. <\/p>\n<ul>\n<li>T.Erdo\u011fan&#39;\u0131n se\u00e7imler \u00f6ncesi yapt\u0131\u011f\u0131 K\u0131br\u0131s ziyaretinde, Sn. Denkta\u015f kendisine \u015fu tarihi uyar\u0131larda bulunmu\u015ftu:<\/li>\n<\/ul>\n<p> Biz 400 y\u0131ld\u0131r, K\u0131br\u0131s&#39;ta T\u00fcrbedarl\u0131k yap\u0131yoruz. Yani M\u00fcsl\u00fcman T\u00fcrk&#39;\u00fcn \u015ferefle bayraktarl\u0131\u011f\u0131n\u0131 yapt\u0131\u011f\u0131 y\u00fcce \u0130slam&#39;\u0131n K\u0131br\u0131s&#39;taki simgesi ve hat\u0131ras\u0131 olan Hz. Peygamberin Halas\u0131n\u0131n makam\u0131n\u0131 bekliyoruz. \u0130\u015fte bu \u00f6n\u00fcm\u00fczdeki se\u00e7imlerde, bu t\u00fcrbenin, yani T\u00fcrkiye&#39;nin ve \u0130slam \u00e2leminin gelece\u011finin, kimlere teslim edilece\u011finin karar\u0131 verilecektir. Vatan ve \u00f6zg\u00fcrl\u00fck \u00e2\u015f\u0131klar\u0131na m\u0131? &#8211; Avrupa ve menfaat u\u015faklar\u0131na m\u0131 ? <\/p>\n<p> Bu T\u00fcrkiye i\u00e7inde b\u00f6yledir: <\/p>\n<p> \u00dclkemiz ve gelece\u011fimiz, \u0130ngiltere&#39;de Yahudilerin \u00e7\u0131kard\u0131\u011f\u0131 Jevis Chroni\u011fle dergisinin 12 Aral\u0131k 2003 say\u0131s\u0131nda ve (T\u00fcrkiye&#39;nin gizli tarikat\u0131 ) ba\u015fl\u0131kl\u0131 yaz\u0131s\u0131nda itiraf etti\u011fi gibi, as\u0131l ad\u0131 &quot; Samuel Alfred &quot; olan Yahudi d\u00f6nmesi ve hala, YTP reisi \u0130smail Cem&#39;le mi yoksa Erbakan gibi Milli ve haysiyetli d\u00fc\u015f\u00fcnce sahiplerine mi emanet edilmelidir?  <\/p>\n<p> \u00c7ok onurlu ve \u015fuurlu bir yakla\u015f\u0131mla &quot; K\u0131br\u0131s\u0131 ver kurtul &quot; d\u00fc\u015f\u00fcncesinde olanlar, haindir diyen Hur\u015fit Tolon Pa\u015fan\u0131n, ciddi ve cesaretli tespitiyle: Bo\u011fazdaki villalar\u0131nda bu milletin s\u0131rt\u0131ndan saltanat s\u00fcren, bir avu. D\u00f6nme ve onlar\u0131n yanda\u015f\u0131 din istismarc\u0131s\u0131 kesimlerin keyfine, bu \u00fclkenin feda edilece\u011fini sananlar aldanmaktad\u0131r. <\/p>\n<ul>\n<li>\u00c7\u00fcnk\u00fc asker &#8211; sivil t\u00fcm Kuvayi Milliyeciler, her an i\u015f ba\u015f\u0131ndad\u0131r !&#8230; Bu ayn\u0131 zamanda milli ve \u0130slami dirili\u015fi kastederek: &quot; T\u00fcrkiye i\u00e7in en b\u00fcy\u00fck tehdit irticad\u0131r &quot; diyen 28 \u015eubat art\u0131\u011f\u0131 pa\u015falara da tokat gibi bir cevapt\u0131r.<\/li>\n<li>Bu arada, dara d\u00fc\u015f\u00fcnce \u0130slam &#8211; Kur&#39;an Anavatan diyen Denkta\u015fa bir s\u00f6z\u00fcm\u00fcz var: Niye 30 senedir K\u0131br\u0131sa bir \u0130mam &#8211; hatip a\u00e7mad\u0131n? Niye Kur&#39;ani ve manevi e\u011fitimi ba\u015flatmad\u0131n ? Mitinglerde T\u00fcm Bayra\u011f\u0131 ta\u015f\u0131yan gen\u00e7lere niye sahip \u00e7\u0131kmad\u0131n ? ve bula\u015ft\u0131\u011f\u0131n Annan plan\u0131 AIDS vir\u00fcs\u00fc gibidir. Kap\u0131ld\u0131n m\u0131 kurtulamas\u0131n !&#8230;<\/li>\n<\/ul>\n<p> &#160; <\/p>\n<p align=\"center\"> <strong>AMA\u00c7 VE ARA\u00c7<\/strong> <\/p>\n<p> Hain g\u00fc\u00e7lerin planlad\u0131\u011f\u0131: <\/p>\n<ul>\n<li>T\u00fcrkiye&#39;yi T\u00fcrklerden kurtarman\u0131n veya Yahudile\u015fmi\u015f T\u00fcrklerin (masonlar\u0131n) ve T\u00fcrkle\u015fmi\u015f Yahudi kodamanlar\u0131n kontrol\u00fcne alma s\u00fcreci ise \u015fu 3 a\u015famadan olu\u015fuyor. <\/li>\n<li>1. Toplumu \u0130slam ahlak\u0131ndan ve inanc\u0131n verdi\u011fi karde\u015flik anlay\u0131\u015f\u0131ndan uzakla\u015ft\u0131rmak.<\/li>\n<li>2. A\u011f\u0131r sanayi hamlesinden, teknolojik geli\u015fmeden, tar\u0131msal \u00fcretimden mahrum b\u0131rakmak sermayeyi ve stratejik \u00fcretimi yabanc\u0131la\u015ft\u0131rmak.<\/li>\n<li>3. B\u00f6lge \u00fclkeriyle, kom\u015fu devletlerle ve \u0130slam alemiyle s\u00fcrekli sorunlarla u\u011fra\u015fmak. Manavgat ve GAP&#39;\u0131 \u0130srail&#39;in hizmetine sunmak. \u00dclkemizin \u0130slam d\u00fcnyas\u0131yla Ekonomik, siyasi ve k\u00fclt\u00fcrel m\u00fcnasebetlerini koparmak. B\u00f6ylece T\u00fcrkiye&#39;yi yaln\u0131z ve yard\u0131ms\u0131z b\u0131rak\u0131p bat\u0131ya mecbur ve mahkumn hale sokmak, kendi co\u011frafyas\u0131na yabanc\u0131la\u015ft\u0131rmak.<\/li>\n<li>\u0130\u015fte Bu noktada Siyonist Amerika&#39;n\u0131n ve yerli kahyalar\u0131n\u0131n Erbakan korkular\u0131 ve Milli G\u00f6r\u00fc\u015f d\u00fc\u015fmanl\u0131klar\u0131 daha iyi anla\u015f\u0131l\u0131yor. \u00c7\u00fcnk\u00fc Erbakan lider bir T\u00fcrkiye ve Yeni bir D\u00fcnya ama\u00e7l\u0131yor. <\/li>\n<\/ul>\n<p align=\"center\"> &#160; <\/p>\n<p align=\"center\"> <strong>NANK\u00d6RL\u00dc\u011e\u00dcN BU KADARI\u00a0 !<\/strong> <\/p>\n<ul>\n<li>TAYY\u0130P Erdo\u011fan, bakanlar\u0131 ve di\u011fer ganimet ortaklar\u0131 bug\u00fcnk\u00fc makamlar\u0131n\u0131 Erbakan&#39;a h\u0131yanete bor\u00e7lu olduklar\u0131n\u0131 biliyorlar. Tayip i\u00e7in 5 tane yasay\u0131 be\u015f g\u00fcnde de\u011fi\u015ftirdikleri halde her \u015feylerini bor\u00e7lu olduklar\u0131 Hocalar\u0131n\u0131 rahatland\u0131racak bir kanun de\u011fi\u015fikli\u011fini kas\u0131tl\u0131 bir \u015fekilde yapmayarak hala Siyonist patronlar\u0131na yaranmak istiyorlar.<\/li>\n<li>Yani bu AKP liler kendileri i\u00e7in yarg\u0131ya g\u00fcvenmiyorlar ama Erbakan Hoca i\u00e7in g\u00fcveniyorlar. &quot; Ve bir ki\u015fi i\u00e7in kanun de\u011fi\u015ftirilmez &quot; diye geveliyorlar.<\/li>\n<li>AKP&#39;li bir miletvekiline &quot; Erbakan&#39;a siyasi yasak koyarak tarihe g\u00f6md\u00fck. \u015eimdi \u00fczerine beton d\u00f6kece\u011fiz &quot; diye sevinen ABD&#39;li Siyonist Yahudilerin keyfini getiriyorlar.<\/li>\n<li>Erbakan&#39;a arkadan vurduk\u00e7a Amerika&#39;dan aferin alacaklar\u0131n\u0131 biliyorlar. Hem yarg\u0131ya g\u00fcvenmiyorlar hem de Tayip gibi &quot; bu rejim edebiyen var olacakt\u0131r &quot; diyerek k\u00f6hnemi\u015f siyaset\u00e7iye sahip \u00e7\u0131k\u0131yorlar.<\/li>\n<li>Ve zaten kendilerini \u0130srail&#39;e ispatlamak i\u00e7in iktidarlar\u0131 d\u00f6neminde \u00f6nceki solcu sa\u011fc\u0131 mason h\u00fck\u00fcmetlerini bile aratacak icraatlar yap\u0131yorlar.<\/li>\n<li>Onlar bari kar\u0131\u015fm\u0131yordu, bunlar her g\u00fcn Kur-an Kurslar\u0131n\u0131 bast\u0131r\u0131yorlar.<\/li>\n<li>Mason localar\u0131 gizliydi \u015fimdi a\u00e7\u0131ktan a\u00e7\u0131\u011fa faaliyet yap\u0131yorlar.<\/li>\n<li>Onlar okul ve camilere 200m ye kadar pavyon, meyhane a\u00e7t\u0131rm\u0131yorlar, bunlar 100m kadar a\u00e7t\u0131rm\u0131yor.<\/li>\n<li>Onlar disko ve barlarda \u00e7al\u0131\u015facak kad\u0131nlara &quot; \u00e7al\u0131\u015fma iznini &quot; \u015fart ko\u015fmu\u015flard\u0131r. Bunlar kald\u0131r\u0131yor.<\/li>\n<li>Ba\u015f\u00f6rt\u00fcs\u00fc zulm\u00fcne \u00e7are bulmuyorlar, e\u015fcinsellere \u00f6zg\u00fcrl\u00fck kanunu \u00e7\u0131kar\u0131yorlar. Demirel \u00c7ankaya&#39;n\u0131n bah\u00e7esini veriyordu, bunlar K\u0131br\u0131s&#39;\u0131 veriyorlar.<\/li>\n<li>Onlar \u0130mam Hatip&#39;leri kapatm\u0131\u015flard\u0131. Bunlar 312&#39;yi a\u011f\u0131rla\u015ft\u0131r\u0131yorlar. Ayet ve hadis okuyana 363. madde kapsam\u0131nda m\u00fcebbede kadar hapisi i\u00e7eren T.C.K. tasla\u011f\u0131 haz\u0131rl\u0131yorlar.<\/li>\n<li>Onlar ilahiyat kontenjanlar\u0131n\u0131 k\u0131sm\u0131\u015flard\u0131. Bunlar Harran \u00fcniversitesinde hem de Fettullah G\u00fclen&#39;in papa ile Yahudi lobileriyle \u00f6zel g\u00f6r\u00fc\u015fmeleri \u00e7er\u00e7evesinde papaz ve haham yeti\u015ftireceklerini a\u00e7\u0131kl\u0131yorlar. <\/li>\n<li>\u00d6nceki solcu &#8211; sa\u011fc\u0131 mason iktidarlar b\u00fct\u00e7enin \u00e7o\u011funlu\u011funu IMF&#39;ye, \u00e7eyre\u011fini memlekete harc\u0131yorlard\u0131. BU AKP %90\u0131n\u0131 IMF&#39;ye, birazc\u0131\u011f\u0131n\u0131 millete ay\u0131r\u0131yor.<\/li>\n<\/ul>\n<p> Ancak, \u00e7ok \u015f\u00fck\u00fcr ki, se\u00e7imler yakla\u015f\u0131yor ! <\/p>\n<p align=\"center\"> <strong>A. AKG\u00dcL Hoca&#39;n\u0131n 17 Mart 2004 Gebze Konferans\u0131n\u0131n son b\u00f6l\u00fcm\u00fc:<\/strong> <\/p>\n<p align=\"center\"> <strong>Bu Se\u00e7imlerin \u00d6nemi.<\/strong> <\/p>\n<p align=\"center\"> &#160; <\/p>\n<p> Bu se\u00e7imler, sadece kendi beldemizde i\u015f bilir ve g\u00fcvenilir bir karde\u015fimizi belediye ba\u015fkan\u0131 yapma hadisesi de\u011fildir. <\/p>\n<p> Bu se\u00e7imler, T\u00fcrkiye&#39;mizin hangi zihniyete teslim edilece\u011finin ve nas\u0131l bir gelecek istedi\u011fimizin karar meselesidir!.. <\/p>\n<p> Bu se\u00e7imler de; AKP, CHP ve benzeri partilere oy vererek Siyonist Amerikan\u0131n, B\u00fcy\u00fck \u0130srail hat\u0131r\u0131na t\u00fcm \u0130slam co\u011frafyas\u0131n\u0131 ve aziz vatan\u0131m\u0131z\u0131 ku\u015fatmak ve k\u00f6le yapmak giri\u015fimlerine arka \u00e7\u0131k\u0131p, zul\u00fcmlerine ortak m\u0131 olaca\u011f\u0131z? Yoksa, milli ve haysiyetli bir dirili\u015f ve direni\u015fe sahip \u00e7\u0131k\u0131p, gelece\u011fimizi mi kurtaraca\u011f\u0131z? Sorusunun cevab\u0131 verilecektir. <\/p>\n<p> Bu se\u00e7imler de, d\u00fcnyada da, ukbada da kimlerin saf\u0131nda ve yan\u0131nda olaca\u011f\u0131m\u0131z\u0131n tercihi yap\u0131lacakt\u0131r. <\/p>\n<p> Bu nedenle oylar\u0131m\u0131zda sadece kendimizin, ailemizin ve yak\u0131n \u00e7evremizin de\u011fil, 70 milyon ezilen milletimizin, \u00e7\u00f6pl\u00fcklerde ekmek toplayan fakirlerimizin ve namusunu satl\u0131\u011fa \u00e7\u0131karan \u00e7aresizlerimizin hakk\u0131 vard\u0131r. <\/p>\n<p> Oylar\u0131m\u0131zda mazlum Filistin halk\u0131n\u0131n, ma\u011fdur Irak M\u00fcsl\u00fcmanlar\u0131n\u0131n hakk\u0131 vard\u0131r. <\/p>\n<p> Bu \u00fclkeyi bize vatan b\u0131rakan\u00a0\u00a0 \u015fehitlerimizin, 74&#39;te K\u0131br\u0131s&#39;\u0131 kan\u0131yla kurtaran yi\u011fitlerimizin ve gelecekteki nesillerimizin, oylar\u0131m\u0131zda hakk\u0131 vard\u0131r. <\/p>\n<p> Bak\u0131n\u0131z; <\/p>\n<p> Avrupa Troykas\u0131 diye 3-5 Siyonist soytar\u0131s\u0131 T\u00fcrkiye&#39;ye geliyor ve ; <\/p>\n<ul>\n<li>K\u0131br\u0131s&#39;\u0131 kar\u015f\u0131l\u0131ks\u0131z sat\u0131n<\/li>\n<li>Leyla Zana&#39;y\u0131 hapisten sal\u0131n<\/li>\n<li>Milli Savunma b\u00fct\u00e7enizi k\u0131s\u0131tlay\u0131n<\/li>\n<\/ul>\n<p> Diye\u00a0 talimat veriyor ve Werhogen domuzu T\u00fcrk Tv.lerinde Denkta\u015f&#39;a hakaret ediyor. <\/p>\n<p> K\u0131saca; <\/p>\n<p> Sefaleti mi istiyorsun, Saadeti mi? <\/p>\n<p> Felaketi mi tercih ediyorsun, Fazileti mi? <\/p>\n<p> Esareti mi seviyorsun, Selameti mi? <\/p>\n<p> Fukaral\u0131\u011f\u0131 m\u0131 istiyorsun, Refah\u0131 m\u0131? <\/p>\n<p> Erbakan Hocam\u0131z\u0131n tabiriyle. \u00d6lmek mi istiyorsun, yoksa olmak m\u0131? <\/p>\n<p> Karar sizin, haydin se\u00e7ime? <\/p>\n<p> Unutmay\u0131n, AKP fecri kaziptir.Yak\u0131nda Fecri sad\u0131k do\u011facakt\u0131r! <\/p>\n<p> Yalanc\u0131 bahar kaybolacakt\u0131r.\u00c7\u00fcnk\u00fc ger\u00e7ek mutluluk bayram\u0131 ya\u015fanacakt\u0131r. <\/p>\n<p align=\"center\"> &#160; <\/p>\n<p align=\"center\"> &#160; <\/p>\n","protected":false},"excerpt":{"rendered":"<p>\u00a0  <\/p>\n<p align=\"center\"> <strong>\u0130\u015e\u0130N UZMANLARINA G\u00d6RE DEVAL\u00dcASYON GEL\u0130YOR !!<\/strong> <\/p>\n<p> Yak\u0131nda b\u00fcy\u00fck bir deval\u00fcasyon geliyor.! Prof. Yal\u00e7\u0131n K\u00dc\u00c7\u00dcK&#39;\u00fcn tespitiyle her deval\u00fcasyon bir h\u00fck\u00fcmet devirmi\u015f ve rejimi de\u011fi\u015ftirmi\u015ftir. \u0130\u015fte:  <\/p>\n<ul>\n<li>1946 Deval\u00fcasyonu Ba\u015fbakan Recep Peker &#8211; d\u00fc\u015f\u00fcr\u00fcld\u00fc, silindi<\/li>\n<li>1958 Deval\u00fcasyonu Ba\u015fbakan Adnan Menderes &#8211; d\u00fc\u015f\u00fcr\u00fcld\u00fc idam edildi<\/li>\n<li>1970 Deval\u00fcasyonu Ba\u015fbakan S\u00fcleyman Demirel &#8211; d\u00fc\u015f\u00fcr\u00fcld\u00fc, \u00fct\u00fclendi d\u00fczeltildi.<\/li>\n<li>1980 Deval\u00fcasyonuu Ba\u015fbakan S\u00fcleyman Demirel &#8211; d\u00fc\u015f\u00fcr\u00fcld\u00fc, hizaya getirildi.<\/li>\n<li>1994 Deval\u00fcasyonu Ba\u015fbakan Tansu \u00c7iller &#8211; d\u00fc\u015f\u00fcr\u00fcld\u00fc, silindi.<\/li>\n<li>2001 Deval\u00fcasyonu Ba\u015fbakan B\u00fclent Ecevit &#8211; d\u00fc\u015f\u00fcr\u00fcld\u00fc, \u00d6l\u00fc ilan edildi.<\/li>\n<li>Bakal\u0131m, AKP ve Recep Tayip bey, ne hale gelecek .!<\/li>\n<\/ul>\n","protected":false},"author":1,"featured_media":0,"comment_status":"open","ping_status":"closed","sticky":false,"template":"","format":"standard","meta":{"footnotes":""},"categories":[56],"tags":[],"class_list":["post-640","post","type-post","status-publish","format-standard","hentry","category-nisan-2004"],"_links":{"self":[{"href":"https:\/\/www.millicozum.com\/mc\/wp-json\/wp\/v2\/posts\/640","targetHints":{"allow":["GET"]}}],"collection":[{"href":"https:\/\/www.millicozum.com\/mc\/wp-json\/wp\/v2\/posts"}],"about":[{"href":"https:\/\/www.millicozum.com\/mc\/wp-json\/wp\/v2\/types\/post"}],"author":[{"embeddable":true,"href":"https:\/\/www.millicozum.com\/mc\/wp-json\/wp\/v2\/users\/1"}],"replies":[{"embeddable":true,"href":"https:\/\/www.millicozum.com\/mc\/wp-json\/wp\/v2\/comments?post=640"}],"version-history":[{"count":0,"href":"https:\/\/www.millicozum.com\/mc\/wp-json\/wp\/v2\/posts\/640\/revisions"}],"wp:attachment":[{"href":"https:\/\/www.millicozum.com\/mc\/wp-json\/wp\/v2\/media?parent=640"}],"wp:term":[{"taxonomy":"category","embeddable":true,"href":"https:\/\/www.millicozum.com\/mc\/wp-json\/wp\/v2\/categories?post=640"},{"taxonomy":"post_tag","embeddable":true,"href":"https:\/\/www.millicozum.com\/mc\/wp-json\/wp\/v2\/tags?post=640"}],"curies":[{"name":"wp","href":"https:\/\/api.w.org\/{rel}","templated":true}]}}