{"id":6408,"date":"2021-10-01T19:56:19","date_gmt":"2021-10-01T19:56:19","guid":{"rendered":"https:\/\/www.millicozum.com\/mc\/2021\/10\/01\/prof-aziz-sancarin-iftiralari-ve-itiraflari\/"},"modified":"2021-10-01T19:56:19","modified_gmt":"2021-10-01T19:56:19","slug":"prof-aziz-sancarin-iftiralari-ve-itiraflari","status":"publish","type":"post","link":"https:\/\/www.millicozum.com\/mc\/ozel-yazilar\/prof-aziz-sancarin-iftiralari-ve-itiraflari\/","title":{"rendered":"PROF. AZ\u0130Z SANCAR\u2019IN \u0130FT\u0130RALARI VE \u0130T\u0130RAFLARI"},"content":{"rendered":"\n<p>\u00a0<\/p>\n<p style=\"text-align: center; text-indent: 0cm;\"><strong><span style=\"font-size: 18pt;\">PROF. AZ\u0130Z SANCAR&rsquo;IN \u0130FT\u0130RALARI<\/span><\/strong><\/p>\n<p style=\"text-align: center; text-indent: 0cm;\"><strong><span style=\"font-size: 18pt;\">VE \u0130T\u0130RAFLARI<\/span><\/strong><\/p>\n<p style=\"text-align: justify; text-indent: 25.5pt;\"><strong><span style=\"font-size: 18pt;\">\u00a0\u00a0\u00a0\u00a0\u00a0\u00a0\u00a0\u00a0 <\/span><\/strong><\/p>\n<p style=\"text-align: justify; text-indent: 25.5pt;\"><strong><span style=\"font-size: 14pt;\">T\u00fcrkiye&rsquo;mizin ve \u0130slam \u00fclkelerinin:<\/span><\/strong><\/p>\n<p style=\"text-align: justify; text-indent: 25.5pt;\"><strong><span style=\"font-size: 12pt;\">a- Bilimde \u0130\u00c7T\u0130HAD&rsquo;tan uzakla\u015ft\u0131klar\u0131; yani de\u011fi\u015fen ve geli\u015fen \u015fartlara, de\u011fi\u015fmeyen Kur&rsquo;ani \u00f6l\u00e7\u00fclere uygun yeni \u00e7\u00f6z\u00fcmler ve orijinal projeler \u00fcretmekte geri kald\u0131klar\u0131&hellip;<\/span><\/strong><\/p>\n<p style=\"text-align: justify; text-indent: 25.5pt;\"><strong><span style=\"font-size: 12pt;\">b- C\u0130HAT (Askeri ve Milli Savunma) konusunda da, teknolojik ve psikolojik \u00fcst\u00fcnl\u00fc\u011f\u00fc Bat\u0131&rsquo;ya kapt\u0131rd\u0131klar\u0131 i\u00e7in, maalesef ekonomik ve k\u00fclt\u00fcrel y\u00f6nden i\u015fgale u\u011frad\u0131klar\u0131n\u0131 ve s\u00f6m\u00fcr\u00fclmeye ba\u015flad\u0131klar\u0131n\u0131 defalarca yazd\u0131k.<\/span><\/strong><\/p>\n<p style=\"text-align: justify; text-indent: 25.5pt;\"><strong><span style=\"font-size: 12pt;\">Ancak bunun su\u00e7unu -h\u00e2\u015f\u00e2- \u0130slam&rsquo;a ve inanca y\u00fcklemek, ya \u015feytanl\u0131k mant\u0131\u011f\u0131d\u0131r veya koyu bir a\u015fa\u011f\u0131l\u0131k kompleksine kap\u0131lmakt\u0131r.<\/span><\/strong><\/p>\n<p style=\"text-align: justify; text-indent: 25.5pt;\"><strong><span style=\"font-size: 14pt;\">TEKNOFEST&#8217;in a\u00e7\u0131l\u0131\u015f\u0131 i\u00e7in \u0130stanbul&rsquo;a gelen Nobel \u00d6d\u00fcll\u00fc T\u00fcrk Bilim \u0130nsan\u0131 Prof. Dr. Aziz Sancar, T\u00fcrkiye&rsquo;nin bilimdeki geli\u015fimiyle ilgili yorumlar yapm\u0131\u015ft\u0131. <\/span><\/strong><\/p>\n<p style=\"text-align: justify; text-indent: 25.5pt;\"><strong><span style=\"font-size: 14pt;\">Aziz Sancar:<\/span><\/strong><span style=\"font-size: 14pt;\"> <\/span><strong><em><span style=\"font-size: 12pt;\">&ldquo;Bilime politika ve din kar\u0131\u015ft\u0131rmayacaks\u0131n\u0131z. Bu, T\u00fcrkiye&#8217;de \u00e7ok ciddi bir sorundur. Bunu izah etmeye gerek yoktur. Bunu herkes biliyor. Bu sorun olduk\u00e7a, biz do\u011fru d\u00fczg\u00fcn bilim yapamay\u0131z. Bunun \u00f6b\u00fcr taraf\u0131 da var. Bilim adamlar\u0131 da din ve politikaya kar\u0131\u015fmayacak. Ben M\u00fcsl\u00fcman\u0131m dedi\u011fimde, &lsquo;Bilim adam\u0131 nas\u0131l M\u00fcsl\u00fcman olur?&#8217; diye bak\u0131l\u0131yor. T\u00fcrkler art\u0131k kafalar\u0131n\u0131 kullans\u0131n. <\/span><\/em><\/strong><strong><em><span style=\"font-size: 14pt;\">Bir\u00e7ok bilimsel kurulu\u015flar var ki oralara<\/span><\/em><\/strong><strong><em><span style=\"font-size: 12pt;\">, <\/span><\/em><\/strong><strong><em><span style=\"font-size: 14pt;\">&lsquo;Ben Allah&rsquo;a inan\u0131yorum&#8217; <\/span><\/em><\/strong><strong><em><span style=\"font-size: 12pt;\">diyeni e\u015fikten sokmazlar. &lsquo;G\u00e2vurmu\u015f, dine inan\u0131yormu\u015f, inanm\u0131yormu\u015f.&#8217; B\u0131rak\u0131n bu i\u015fleri karde\u015fim. E\u011fer do\u011fru d\u00fcr\u00fcst bilim yap\u0131yorsa, b\u0131rak bilimini yaps\u0131n.&rdquo;[1] <\/span><\/em><\/strong><strong><span style=\"font-size: 14pt;\">\u015feklinde safsatalar s\u0131ralam\u0131\u015f, do\u011frularla yanl\u0131\u015flar\u0131 harmanlay\u0131p, \u0130slam Dinini k\u00fc\u00e7\u00fcmseyen ve bilime tersmi\u015f gibi g\u00f6steren talihsiz tav\u0131rlar tak\u0131nm\u0131\u015ft\u0131.<\/span><\/strong><em><\/em><\/p>\n<p style=\"text-align: justify; text-indent: 25.5pt;\"><strong><span style=\"font-size: 12pt;\">Halen ABD&rsquo;de Chapel Hill&rsquo;deki Kuzey Karolina \u00dcniversitesi T\u0131p Fak\u00fcltesinde \u00e7al\u0131\u015fan Prof. Aziz Sancar&rsquo;a sormak laz\u0131md\u0131: <\/span><\/strong><strong><em><span style=\"font-size: 14pt;\">&ldquo;Madem, son 500 y\u0131lda M\u00fcsl\u00fcmanlar hi\u00e7bir bilim adam\u0131 yeti\u015ftirmemi\u015flerse, kendi kendisini g\u00e2vurlardan m\u0131 saymaktayd\u0131?&rdquo;<\/span><\/em><\/strong><\/p>\n<p style=\"text-align: justify; text-indent: 25.5pt;\"><strong><span style=\"font-size: 12pt;\">Aziz Sancar, ABD bask\u0131s\u0131yla \u0130smet \u0130n\u00f6n\u00fc d\u00f6neminde imzalanan ve ancak s\u00f6m\u00fcrge \u00fclkelerinde rastlanan&hellip; G\u00fcya dindar Erdo\u011fan iktidar\u0131nca da hi\u00e7 dokunulmayan Fulbright E\u011fitim Programlar\u0131 anla\u015fmas\u0131n\u0131n&hellip; Ki asl\u0131nda Milli E\u011fitimin Amerikanla\u015ft\u0131r\u0131lmas\u0131&hellip; Neslimizin Milli ve manevi de\u011ferlerden uzakla\u015ft\u0131r\u0131l\u0131p yozla\u015ft\u0131r\u0131lmas\u0131 ve g\u00f6n\u00fcll\u00fc ABD yanda\u015f\u0131, reklamc\u0131s\u0131 ve emperyalizmin ajanlar\u0131 kadrolar olu\u015fturulmas\u0131 planlar\u0131n\u0131n bir par\u00e7as\u0131 oldu\u011funu a\u00e7\u0131\u011fa vurmu\u015flard\u0131r. Aziz Sancar&rsquo;\u0131n; <\/span><\/strong><strong><em><span style=\"font-size: 14pt;\">&ldquo;Ben Allah&rsquo;a inan\u0131yorum diyenleri, bir\u00e7ok bilimsel kurulu\u015flar\u0131n kap\u0131s\u0131ndan i\u00e7eri sokmuyorlar!..&rdquo;<\/span><\/em><\/strong><span style=\"font-size: 14pt;\"> <\/span><strong><span style=\"font-size: 12pt;\">s\u00f6zleri Siyonist D\u00fcnya D\u00fczeninin, emperyalist merkezlerin ve Fulbright E\u011fitim sisteminin, gen\u00e7leri nas\u0131l dinsizle\u015ftirdiklerinin ac\u0131 ve a\u00e7\u0131k bir itiraf\u0131d\u0131r. Bu s\u00f6zler, bizim gen\u00e7li\u011fimize de <\/span><\/strong><strong><em><span style=\"font-size: 14pt;\">&ldquo;Yurt d\u0131\u015f\u0131nda e\u011fitim g\u00f6rmek ve ilerlemek istiyorsan\u0131z, \u00f6nce \u0130slam&rsquo;dan ve imandan uzakla\u015fman\u0131z gerekir!&rdquo;<\/span><\/em><\/strong><span style=\"font-size: 14pt;\"> <\/span><strong><span style=\"font-size: 12pt;\">mesaj\u0131d\u0131r.<\/span><\/strong><\/p>\n<p style=\"text-align: justify; text-indent: 25.5pt;\"><strong><span style=\"font-size: 14pt;\">Ba\u015fka bir yerde ise, Prof. Dr. Aziz Sancar: 500 y\u0131ld\u0131r \u0130slam d\u00fcnyas\u0131nda bilime neden do\u011fru d\u00fcr\u00fcst katk\u0131 sunulmad\u0131\u011f\u0131n\u0131 ise kendince \u015f\u00f6yle a\u00e7\u0131klam\u0131\u015ft\u0131:<\/span><\/strong><\/p>\n<p style=\"text-align: justify; text-indent: 25.5pt;\"><strong><em><span style=\"font-size: 12pt;\">&ldquo;Nedenini bilmiyorum, ama bu bir ger\u00e7ektir. Bu ger\u00e7e\u011fi s\u00f6ylememiz ve sebebini aray\u0131p bir \u00e7\u00f6z\u00fcm bulmam\u0131z laz\u0131m. Niye M\u00fcsl\u00fcman bir nesilde bilim olmuyor, 500 y\u0131ld\u0131r bilim adam\u0131 yeti\u015fmiyor? Onu bilmiyorum. Biz \u00fclke olarak, 500 y\u0131ll\u0131k Osmanl\u0131 ve T\u00fcrk tarihinde bilime \u00f6nemli katk\u0131lar yapm\u0131\u015f de\u011filiz. Peki neden yapmad\u0131k? \u00c7o\u011fu insan buna &ldquo;Zeki olmad\u0131\u011f\u0131n\u0131z i\u00e7in&rdquo; der. Ancak bilim yapmak genetik veya zek\u00e2 meselesi de\u011fil, gelenek meselesidir&#8230; Sadece T\u00fcrkiye de\u011fil, t\u00fcm \u0130slam d\u00fcnyas\u0131nda son 500 y\u0131lda do\u011fru d\u00fcr\u00fcst bilime katk\u0131 yok. Bilim yapmak, bilim k\u00fclt\u00fcr\u00fcn\u00fc geli\u015ftirmek bir gelenek olmal\u0131. Bunu T\u00fcrkiye&rsquo;de geli\u015ftirmek laz\u0131m. <\/span><\/em><\/strong><strong><span style=\"font-size: 14pt;\">Yahudi karde\u015flerimiz d\u00fcnya n\u00fcfusunun y\u00fczde 2&rsquo;sini te\u015fkil ediyor ve y\u00fczde 20 bilim Nobellerini alm\u0131\u015flard\u0131r.<em> <\/em><\/span><\/strong><strong><em><span style=\"font-size: 12pt;\">Onlar di\u011fer insanlardan daha \u00fcst\u00fcn zek\u00e2l\u0131 m\u0131? De\u011filler. Onlar\u0131n k\u00fclt\u00fcr\u00fcnde bilime, e\u011fitime \u00f6nem veriliyor.&rdquo; <\/span><\/em><\/strong><strong><span style=\"font-size: 12pt;\">diyen Aziz Sancar, hem yalan beyanlarla \u0130slam&rsquo;\u0131 karalamakta, hem de tarihi olgular\u0131 \u00e7arp\u0131tmaktayd\u0131. Prof. Aziz Sancar&rsquo;\u0131n <\/span><\/strong><strong><em><span style=\"font-size: 14pt;\">&ldquo;Yahudi Karde\u015flerini!&rdquo;<\/span><\/em><\/strong><span style=\"font-size: 14pt;\"> <\/span><strong><span style=\"font-size: 12pt;\">\u00f6ne \u00e7\u0131kar\u0131p \u00f6vg\u00fcler ya\u011fd\u0131rmas\u0131 da, yoksa ortak genlerinin icab\u0131 m\u0131yd\u0131?<\/span><\/strong><\/p>\n<p style=\"text-align: justify; text-indent: 25.5pt;\"><strong><span style=\"font-size: 12pt;\">Oysa hem tarih boyunca hem de son 500 y\u0131lda, T\u00fcrk ve \u0130slam d\u00fcnyas\u0131nda t\u0131kanan bilimin \u00f6n\u00fcn\u00fc a\u00e7an ve devrim \u00e7ap\u0131nda bulu\u015flar yapan Bilim adamlar\u0131 \u00e7\u0131km\u0131\u015ft\u0131. Acaba Bay Aziz Sancar bunlar\u0131 hi\u00e7 bilmiyorlar m\u0131yd\u0131, yoksa a\u015fa\u011f\u0131l\u0131k kompleksiyle gizlemeye mi \u00e7al\u0131\u015f\u0131yorlard\u0131?<\/span><\/strong><\/p>\n<p style=\"text-align: justify; text-indent: 25.5pt;\"><strong><span style=\"font-size: 14pt;\">\u0130\u015fte son as\u0131rda yeti\u015fen M\u00fcsl\u00fcman ve T\u00fcrk B\u00fcy\u00fck \u0130lim Adamlar\u0131:<\/span><\/strong><\/p>\n<p style=\"text-align: justify; text-indent: 25.5pt;\"><strong><span style=\"font-size: 14pt;\">1- Prof. Dr. Necmettin Erbakan (1926-2011): <\/span><\/strong><strong><span style=\"font-size: 12pt;\">Bug\u00fcn gururla sahip \u00e7\u0131kt\u0131\u011f\u0131m\u0131z \u0130HA, S\u0130HA ve T\u0130HA&rsquo;lar\u0131n b\u00fct\u00fcn projelerini haz\u0131rlay\u0131p \u00d6zdemir Bayraktar&rsquo;a ve Ordunun ilgili kurumlar\u0131na aktaran b\u00fcy\u00fck bilim ve devlet adam\u0131d\u0131r. Ayr\u0131ca Siyonist ve emperyalist zalim d\u00fcnya d\u00fczenine alternatif tek ilmi ve insani projeler olan Adil D\u00fczen programlar\u0131n\u0131n yan\u0131nda;<\/span><\/strong><\/p>\n<p style=\"text-align: justify; text-indent: 35.45pt;\"><strong><span style=\"font-size: 12pt;\">1- \u0130slam Birle\u015fmi\u015f Milletler Te\u015fkilat\u0131.<\/span><\/strong><\/p>\n<p style=\"text-align: justify; text-indent: 35.45pt;\"><strong><span style=\"font-size: 12pt;\">2- \u0130slam Ortak Pazar\u0131.<\/span><\/strong><\/p>\n<p style=\"text-align: justify; text-indent: 35.45pt;\"><strong><span style=\"font-size: 12pt;\">3- Ortak \u0130slam Dinar\u0131.<\/span><\/strong><\/p>\n<p style=\"text-align: justify; text-indent: 35.45pt;\"><strong><span style=\"font-size: 12pt;\">4- \u0130slam Savunma Pakt\u0131.<\/span><\/strong><\/p>\n<p style=\"text-align: justify; text-indent: 35.45pt;\"><strong><span style=\"font-size: 12pt;\">5- \u0130slam Bilim ve Teknoloji Vakf\u0131 ve Ortak E\u011fitim Kurumlar\u0131 gibi orijinal olu\u015fumlar\u0131n mimar\u0131d\u0131r.<\/span><\/strong><\/p>\n<p style=\"text-align: justify; text-indent: 25.5pt;\"><strong><span style=\"font-size: 14pt;\">2- Prof. Dr. Fuat Sezgin (1924-2018): <\/span><\/strong><strong><span style=\"font-size: 12pt;\">\u0130slam Bilim ve Teknoloji Tarihi uzman\u0131.<\/span><\/strong><\/p>\n<p style=\"text-align: justify; text-indent: 25.5pt;\"><strong><span style=\"font-size: 14pt;\">\u0130\u015fte Aziz Sancar&rsquo;\u0131 yalanlayan Tarihi Bilgiler ve son as\u0131rlarda yeti\u015fen b\u00fcy\u00fck T\u00fcrk-\u0130slam Bilginlerinin baz\u0131lar\u0131:<\/span><\/strong><\/p>\n<p style=\"text-align: justify; text-indent: 25.5pt;\"><strong><span style=\"font-size: 14pt;\">16. Y\u00fczy\u0131l (1501 ile 1600 aras\u0131)<\/span><\/strong><\/p>\n<p style=\"text-align: justify; text-indent: 25.5pt;\"><strong><span style=\"font-size: 12pt;\">\u0130bn-i Kemal (1468-1536) Tarih-T\u0131p.<\/span><\/strong><\/p>\n<p style=\"text-align: justify; text-indent: 25.5pt;\"><strong><span style=\"font-size: 12pt;\">Takiy\u00fcddin (1521-1585) Astronomi.<\/span><\/strong><\/p>\n<p style=\"text-align: justify; text-indent: 25.5pt;\"><strong><span style=\"font-size: 12pt;\">Mirim \u00c7elebi (1450-1525) Astronomi-Matematik.<\/span><\/strong><\/p>\n<p style=\"text-align: justify; text-indent: 25.5pt;\"><strong><span style=\"font-size: 14pt;\">17. Y\u00fczy\u0131l (1601 ile 1700 aras\u0131)<\/span><\/strong><\/p>\n<p style=\"text-align: justify; text-indent: 25.5pt;\"><strong><span style=\"font-size: 12pt;\">Lagari Hasan \u00c7elebi (?-1633) Havac\u0131l\u0131k-Fizik.<\/span><\/strong><\/p>\n<p style=\"text-align: justify; text-indent: 25.5pt;\"><strong><span style=\"font-size: 12pt;\">Hezarfen Ahmed \u00c7elebi (1609-1640) Havac\u0131l\u0131k-Fizik.<\/span><\/strong><\/p>\n<p style=\"text-align: justify; text-indent: 25.5pt;\"><strong><span style=\"font-size: 14pt;\">18. Y\u00fczy\u0131l (1701 ile 1800 aras\u0131)<\/span><\/strong><\/p>\n<p style=\"text-align: justify; text-indent: 25.5pt;\"><strong><span style=\"font-size: 12pt;\">\u0130brahim Hamdi Efendi (1680-1762) Co\u011frafya.<\/span><\/strong><\/p>\n<p style=\"text-align: justify; text-indent: 25.5pt;\"><strong><span style=\"font-size: 12pt;\">Abd\u00fclaziz Efendi (1735-1778) T\u0131p.<\/span><\/strong><\/p>\n<p style=\"text-align: justify; text-indent: 25.5pt;\"><strong><span style=\"font-size: 12pt;\">Ali M\u00fcn\u015fi (?-1750) T\u0131p.<\/span><\/strong><\/p>\n<p style=\"text-align: justify; text-indent: 25.5pt;\"><strong><span style=\"font-size: 12pt;\">Gelenbevi \u0130smail Efendi (1730-1790) Matematik.<\/span><\/strong><\/p>\n<p style=\"text-align: justify; text-indent: 25.5pt;\"><strong><span style=\"font-size: 14pt;\">19. Y\u00fczy\u0131l (1801 ile 1900 aras\u0131)<\/span><\/strong><\/p>\n<p style=\"text-align: justify; text-indent: 25.5pt;\"><strong><span style=\"font-size: 12pt;\">Mahmut Raif Efendi (?-1807) Co\u011frafya.<\/span><\/strong><\/p>\n<p style=\"text-align: justify; text-indent: 25.5pt;\"><strong><span style=\"font-size: 12pt;\">\u015eanizade Ataullah Efendi (1771-1826) Tarih-T\u0131p.<\/span><\/strong><\/p>\n<p style=\"text-align: justify; text-indent: 25.5pt;\"><strong><span style=\"font-size: 12pt;\">Mustafa Beh\u00e7et Efendi (1774-1834) T\u0131p.<\/span><\/strong><\/p>\n<p style=\"text-align: justify; text-indent: 25.5pt;\"><strong><span style=\"font-size: 12pt;\">Abdullah Bey (1800-1874) Jeoloji-T\u0131p.<\/span><\/strong><\/p>\n<p style=\"text-align: justify; text-indent: 25.5pt;\"><strong><span style=\"font-size: 12pt;\">Hekim \u0130smail Pa\u015fa (1807-1880) T\u0131p.<\/span><\/strong><\/p>\n<p style=\"text-align: justify; text-indent: 25.5pt;\"><strong><span style=\"font-size: 12pt;\">Hekimba\u015f\u0131 Salih Efendi (1816-1895) T\u0131p.<\/span><\/strong><\/p>\n<p style=\"text-align: justify; text-indent: 25.5pt;\"><strong><span style=\"font-size: 14pt;\">20. Y\u00fczy\u0131l (1900 ile 2000 aras\u0131)<\/span><\/strong><\/p>\n<p style=\"text-align: justify; text-indent: 25.5pt;\"><strong><span style=\"font-size: 12pt;\">H\u00fcseyin Tevfik Pa\u015fa (1832-1901) Matematik.<\/span><\/strong><\/p>\n<p style=\"text-align: justify; text-indent: 25.5pt;\"><strong><span style=\"font-size: 12pt;\">Bahattin \u015eakir (1874-1922) T\u0131p.<\/span><\/strong><\/p>\n<p style=\"text-align: justify; text-indent: 25.5pt;\"><strong><span style=\"font-size: 12pt;\">Doktor N\u00e2z\u0131m Bey (1870-1926) T\u0131p.<\/span><\/strong><\/p>\n<p style=\"text-align: justify; text-indent: 25.5pt;\"><strong><span style=\"font-size: 12pt;\">Mustafa Hayrullah Diker (1875-1950) T\u0131p.<\/span><\/strong><\/p>\n<p style=\"text-align: justify; text-indent: 25.5pt;\"><strong><span style=\"font-size: 14pt;\">Son 500 y\u0131lda M\u00fcsl\u00fcman Alimlerin Bulu\u015flar\u0131<\/span><\/strong><\/p>\n<p style=\"text-align: justify; text-indent: 25.5pt;\"><strong><span style=\"font-size: 12pt;\">Y\u00fczy\u0131llar \u00f6nce Semerkant, Ba\u011fdat ve \u0130stanbul&#8217;dan Latinceye veya Frans\u0131zcaya \u00e7evrilen bir\u00e7ok kitaplar, ilk bulan alimler g\u00f6z ard\u0131 edilerek Avrupal\u0131 bilim adamlar\u0131 taraf\u0131ndan sahip \u00e7\u0131k\u0131ld\u0131. G\u00fcn\u00fcm\u00fczde Bat\u0131l\u0131 bilim adamlar\u0131 bunlar\u0131 yer yer itiraf etmek zorunda kalmaktad\u0131r. Mesela Newton&rsquo;dan yer \u00e7ekimini ilk bulan ki\u015fi diye bahsederiz. Oysa yer \u00e7ekimini ilk ke\u015ffeden bilim adam\u0131n\u0131n, pek tan\u0131mad\u0131\u011f\u0131m\u0131z bir M\u00fcsl\u00fcman olan Razi oldu\u011fu ger\u00e7e\u011fi saklanmaktad\u0131r. \u015eimdi gelin, Bat\u0131 kaynakl\u0131 \u00f6n yarg\u0131lar\u0131 bir kenara b\u0131rakal\u0131m ve bilimsel bir\u00e7ok bulu\u015fu ilk yapan \u0130slam bilginlerini tan\u0131yal\u0131m.<\/span><\/strong><span style=\"font-size: 12pt;\"> <\/span><\/p>\n<p style=\"text-align: justify; text-indent: 25.5pt;\"><strong><span style=\"font-size: 14pt;\">M\u00fcsl\u00fcman Bilim Adamlar\u0131 ve Baz\u0131 Bulu\u015flar\u0131:<\/span><\/strong><\/p>\n<p style=\"text-align: justify; text-indent: 25.5pt;\"><strong><span style=\"font-size: 14pt;\">Abd\u00fcsselam: <\/span><\/strong><strong><span style=\"font-size: 12pt;\">(1926 &ndash;) Pakistanl\u0131 Fizik Bilgini \u0130lk Nobel \u00f6d\u00fcl\u00fc alan M\u00fcsl\u00fcman bilim adam\u0131d\u0131r.<\/span><\/strong><\/p>\n<p style=\"text-align: justify; text-indent: 25.5pt;\"><strong><span style=\"font-size: 14pt;\">Ak\u015femseddin: <\/span><\/strong><strong><span style=\"font-size: 12pt;\">(1389 &ndash; 1459) Pasteur&rsquo;den \u00f6nce Mikrobu bulan ilk bilim adam\u0131d\u0131r. \u0130stanbul&rsquo;un Fethi&rsquo;nin manevi babas\u0131d\u0131r. Fatih Sultan Mehmet&rsquo;in Hocas\u0131d\u0131r.<\/span><\/strong><\/p>\n<p style=\"text-align: justify; text-indent: 25.5pt;\"><strong><span style=\"font-size: 14pt;\">\u0130bni Macit: <\/span><\/strong><strong><span style=\"font-size: 12pt;\">(15. y\u00fczy\u0131l) \u00dcnl\u00fc bir denizci ve co\u011frafyac\u0131. Vasco da Gama onun bilgilerinden ve rehberli\u011finden istifade ederek Hindistan&rsquo;a ula\u015fm\u0131\u015ft\u0131r.<\/span><\/strong><\/p>\n<p style=\"text-align: justify; text-indent: 25.5pt;\"><strong><span style=\"font-size: 14pt;\">\u0130brahim Efendi: <\/span><\/strong><strong><span style=\"font-size: 12pt;\">(18. y\u00fczy\u0131l) Osmanl\u0131larda ilk denizalt\u0131y\u0131 ger\u00e7ekle\u015ftiren m\u00fchendis olarak tan\u0131nmaktad\u0131r.<\/span><\/strong><\/p>\n<p style=\"text-align: justify; text-indent: 25.5pt;\"><strong><span style=\"font-size: 14pt;\">\u0130brahim Hakk\u0131<\/span><\/strong><strong><span style=\"font-size: 12pt;\">: (1703 &ndash; 1780) B\u00fcy\u00fck bir sosyolog, psikolog, astronom ve fen adam\u0131d\u0131r. En \u00fcnl\u00fc eseri Marifetn\u00e2me, Bur\u00e7lardan, insan fizyoloji ve anatomisinden bahseden muhte\u015fem bir yap\u0131tt\u0131r.<\/span><\/strong><\/p>\n<p style=\"text-align: justify; text-indent: 25.5pt;\"><strong><span style=\"font-size: 14pt;\">\u0130smail Gelenbevi: <\/span><\/strong><strong><span style=\"font-size: 12pt;\">(1730 &ndash; 1791) 18. y\u00fczy\u0131lda Osmanl\u0131lar\u0131n en g\u00fc\u00e7l\u00fc matematik\u00e7ilerinden say\u0131l\u0131r.<\/span><\/strong><\/p>\n<p style=\"text-align: justify; text-indent: 25.5pt;\"><strong><span style=\"font-size: 14pt;\">Kambur Vesim<\/span><\/strong><strong><span style=\"font-size: 12pt;\">: (? &ndash; 1761) Verem mikrobunu Robert Koch&rsquo;dan 150 sene \u00f6nce ke\u015ffeden \u00fcnl\u00fc doktorlar\u0131m\u0131zdand\u0131r.<\/span><\/strong><\/p>\n<p style=\"text-align: justify; text-indent: 25.5pt;\"><strong><span style=\"font-size: 14pt;\">K\u00e2tip \u00c7elebi: <\/span><\/strong><strong><span style=\"font-size: 12pt;\">(1609 &ndash; 1657) Osmanl\u0131larda R\u00f6nesans&rsquo;\u0131n m\u00fcjdecisi co\u011frafyac\u0131 ve fikir adam\u0131d\u0131r.<\/span><\/strong><\/p>\n<p style=\"text-align: justify; text-indent: 25.5pt;\"><strong><span style=\"font-size: 14pt;\">Kur\u015funo\u011flu Behram: <\/span><\/strong><strong><span style=\"font-size: 12pt;\">(1922 &ndash; 2003) Genelle\u015ftirilmi\u015f izafiyet teorisini ortaya atan beyin g\u00fc\u00e7lerimizden. Prof. Behram Kur\u015funo\u011flu Amerika&#8217;da Florida \u00dcniversitesinde teorik fizik merkezinde ba\u015fkanl\u0131k yapm\u0131\u015ft\u0131r.<\/span><\/strong><\/p>\n<p style=\"text-align: justify; text-indent: 25.5pt;\"><strong><span style=\"font-size: 14pt;\">Lagar\u00ee Hasan \u00c7elebi: <\/span><\/strong><strong><span style=\"font-size: 12pt;\">(17. y\u00fczy\u0131l) F\u00fczecili\u011fin atas\u0131, Osmanl\u0131larda ilk defa f\u00fcze ile u\u00e7an bilgin konumundad\u0131r.<\/span><\/strong><\/p>\n<p style=\"text-align: justify; text-indent: 25.5pt;\"><strong><span style=\"font-size: 14pt;\">Ma\u011fribi: <\/span><\/strong><strong><span style=\"font-size: 12pt;\">(16. y\u00fczy\u0131l) \u00c7a\u011f\u0131n\u0131n en b\u00fcy\u00fck matematik\u00e7ilerinden. Ma\u011fribinin eseri olan &ldquo;Tuhfet\u00fc&rsquo;l Ada&rdquo; isimli kitab\u0131nda \u00fc\u00e7gen, d\u00f6rtgen, daire ve di\u011fer geometrik \u015fekillerinin y\u00fcz \u00f6l\u00e7\u00fcmlerini bulmak i\u00e7in metodlar s\u0131ralanm\u0131\u015ft\u0131r.<\/span><\/strong><\/p>\n<p style=\"text-align: justify; text-indent: 25.5pt;\"><strong><span style=\"font-size: 14pt;\">Mimar Sinan: <\/span><\/strong><strong><span style=\"font-size: 12pt;\">(1489 &ndash; 1588) Seviyesine bug\u00fcn dahi ula\u015f\u0131lamayan d\u00e2hi mimar. Mimar Sinan tam manas\u0131 ile bir sanat d\u00e2hisi say\u0131lmaktad\u0131r.<\/span><\/strong><\/p>\n<p style=\"text-align: justify; text-indent: 25.5pt;\"><strong><span style=\"font-size: 14pt;\">M\u00fcrsiyeli \u0130brahim: <\/span><\/strong><strong><span style=\"font-size: 12pt;\">(15. y\u00fczy\u0131l) Piri Reis&#8217;ten 52 sene \u00f6nce bug\u00fcnk\u00fcne uygun Akdeniz haritas\u0131n\u0131 \u00e7izen haritac\u0131. G\u00fcn\u00fcm\u00fczden 500 sene kadar \u00f6nce ya\u015fam\u0131\u015ft\u0131r.<\/span><\/strong><\/p>\n<p style=\"text-align: justify; text-indent: 25.5pt;\"><strong><span style=\"font-size: 14pt;\">Piri Reis: <\/span><\/strong><strong><span style=\"font-size: 12pt;\">(1465 &ndash; 1554) Osmanl\u0131&rsquo;n\u0131n denizcilik komutanlar\u0131ndan bu M\u00fcsl\u00fcman bilgin 400 sene \u00f6nce bug\u00fcnk\u00fcne \u00e7ok yak\u0131n d\u00fcnya haritas\u0131n\u0131 \u00e7izen b\u00fcy\u00fck co\u011frafyac\u0131d\u0131r. Amerika k\u0131tas\u0131n\u0131n varl\u0131\u011f\u0131n\u0131 Kristof Kolomb&rsquo;dan y\u0131llar \u00f6nce bilen bu \u00fcnl\u00fc denizcimiz, maalesef yok say\u0131lmaktad\u0131r. Piri Reis d\u00fcnyan\u0131n yuvarlak oldu\u011funun da fark\u0131ndad\u0131r. <\/span><\/strong><\/p>\n<p style=\"text-align: justify; text-indent: 25.5pt;\"><strong><span style=\"font-size: 14pt;\">Seydi Ali Reis: <\/span><\/strong><strong><span style=\"font-size: 12pt;\">(? &ndash; 1562) \u00dcnl\u00fc bir Osmanl\u0131 denizcisi olan bu zat, matematik ve astronomi \u00e2limi olarak tan\u0131n\u0131r.<\/span><\/strong><\/p>\n<p style=\"text-align: justify; text-indent: 25.5pt;\"><strong><span style=\"font-size: 14pt;\">Takiyy\u00fcddin Er Rasit: <\/span><\/strong><strong><span style=\"font-size: 12pt;\">(1521 &ndash; 1585) \u0130stanbul Rasathane&#8217;sini ilk kuran ve \u00e7a\u011f\u0131ndan \u00e7ok ileride asr\u0131n \u00f6nde gelen astronomi \u00e2limleri aras\u0131ndad\u0131r.<\/span><\/strong><\/p>\n<p style=\"text-align: justify; text-indent: 25.5pt;\"><strong><span style=\"font-size: 14pt;\">Bilgisayar\u0131n ilk mucidi ve Matematik\u00e7i Cezeri&rsquo;nin (1136-1206):<\/span><\/strong><strong><span style=\"font-size: 12pt;\"> Kit\u00e2b-\u00fbl Hiyel eseri 1974 y\u0131l\u0131nda Dortrecht ve Bos\u00adton&rsquo;da &ldquo;Al-Jazari&rsquo;s Book of Knowledge of Inge\u00adnious Mechanical Devices&rdquo; ad\u0131yla Donald R. Hill taraf\u0131ndan \u0130ngilizceye terc\u00fcmesi yap\u0131lm\u0131\u015ft\u0131r. Ki\u00adtab\u0131n bir n\u00fcshas\u0131 1978 y\u0131l\u0131nda Londra&rsquo;da Hagop Kevorkyan vakf\u0131 taraf\u0131ndan 16.000 sterline sat\u0131l\u00adm\u0131\u015ft\u0131r.<\/span><\/strong><\/p>\n<p style=\"text-align: justify; text-indent: 25.5pt;\"><strong><span style=\"font-size: 12pt;\">Eb\u00fb&rsquo;l \u0130z&rsquo;in tarifledi\u011fi makinalardan birka\u00e7 tanesi Alman Prof. Wiedemann taraf\u0131ndan yap\u0131lm\u0131\u015f ve ba\u015far\u0131 ile \u00e7al\u0131\u015ft\u0131r\u0131lm\u0131\u015ft\u0131r. Makinalar ha\u00adlen Almanya&rsquo;da Erlangen \u00dcniversitesi&rsquo;nde bulunmaktad\u0131r. Ahmed El-Hasan eseri Arap\u00e7a olarak ay\u00adnen yay\u0131nlam\u0131\u015ft\u0131r. Maalesef kendi ilim adam\u0131\u00adm\u0131z\u0131n bu k\u0131ymetli eseri hen\u00fcz T\u00fcrk\u00e7eye \u00e7evirisi yap\u0131lmam\u0131\u015ft\u0131r. Eserin orijinali g\u00fcn\u00fcm\u00fczde mevcut de\u011fildir. Fakat 5 tanesi T\u00fcrkiye&rsquo;de olmak \u00fczere d\u00fcnyada bilinen 15 kopyas\u0131 vard\u0131r. Eserin n\u00fcshalar\u0131ndan birisi Topkap\u0131 M\u00fczesi 3. Ahmed K\u00fct\u00fcphanesi&rsquo;nde 3472 numarada kay\u0131tl\u0131d\u0131r. T\u00fcrkiye&rsquo;dekilerin 4&rsquo;\u00fc Topkap\u0131, biri de S\u00fcleymaniye K\u00fct\u00fcphanesi&rsquo;nde sakl\u0131d\u0131r.<\/span><\/strong><\/p>\n<p style=\"text-align: justify; text-indent: 25.5pt;\"><strong><span style=\"font-size: 14pt;\">Sn. Aziz Sancar&rsquo;\u0131n itiraf ve if\u015faat\u0131yla: <\/span><\/strong><strong><em><span style=\"font-size: 14pt;\">&ldquo;Bat\u0131&rsquo;da \u00f6yle bilimsel kurulu\u015flar vard\u0131r ki; &lsquo;Ben Allah&rsquo;a inan\u0131yorum&rsquo; diyeni e\u015fikten bile sokmazlard\u0131!&rdquo;<\/span><\/em><\/strong><\/p>\n<p style=\"text-align: justify; text-indent: 25.5pt;\"><strong><span style=\"font-size: 14pt;\">Burada Prof. Aziz Sancar&rsquo;a sormak laz\u0131md\u0131:<\/span><\/strong><\/p>\n<p style=\"text-align: justify; text-indent: 25.5pt;\"><strong><span style=\"font-size: 14pt;\">Sizi o kurulu\u015flara soktuklar\u0131na, \u00fcstelik Nobel \u00d6d\u00fcl\u00fc sunduklar\u0131na g\u00f6re:<\/span><\/strong><\/p>\n<p style=\"text-align: justify; text-indent: 25.5pt;\"><strong><span style=\"font-size: 14pt;\">A- Zat\u0131 aliniz, \u0130slam&rsquo;dan ve imandan \u00e7\u0131k\u0131p Allah&rsquo;\u0131 ink\u00e2r edenlere mi kat\u0131lm\u0131\u015ft\u0131n\u0131z?<\/span><\/strong><\/p>\n<p style=\"text-align: justify; text-indent: 25.5pt;\"><strong><span style=\"font-size: 14pt;\">B- Yoksa iman\u0131n\u0131z\u0131 ve M\u00fcsl\u00fcmanl\u0131\u011f\u0131n\u0131z\u0131 gizleyip, o emperyalist ve Siyonist kurulu\u015flar\u0131 aldatmay\u0131 m\u0131 ba\u015farm\u0131\u015ft\u0131n\u0131z?<\/span><\/strong><\/p>\n<p style=\"text-align: justify; text-indent: 25.5pt;\"><strong><span style=\"font-size: 14pt;\">C- Ya da, zaten o Ha\u00e7l\u0131 ve Yahudi kesimlerle gizli bir yak\u0131nl\u0131\u011f\u0131n\u0131z ve sinsi bir irtibat\u0131n\u0131z m\u0131 vard\u0131?<\/span><\/strong><\/p>\n<p style=\"text-align: justify; text-indent: 25.5pt;\"><strong><span style=\"font-size: 14pt;\">Evet bilim adaml\u0131\u011f\u0131n\u0131n en \u00f6nemli vas\u0131flar\u0131ndan birisi de d\u00fcr\u00fcst olmalar\u0131d\u0131r. L\u00fctfen bu sorular\u0131 dosdo\u011fru yan\u0131tlay\u0131n\u0131z ki, hem sizi hem &ldquo;Allah&rsquo;a inananlar\u0131 e\u015fikten sokmayan&rdquo; merkezleri daha iyi tan\u0131yal\u0131m.<\/span><\/strong><\/p>\n<p style=\"text-align: justify; text-indent: 25.5pt;\"><span style=\"font-size: 12pt;\"><\/span><\/p>\n<p style=\"text-align: justify;\"><span style=\"font-size: 12pt;\"><\/span><\/p>\n<p>\u00a0<\/p>\n<hr style=\"text-align: left;\" size=\"1\" width=\"33%\" \/>\n<p style=\"text-indent: 0cm;\"><a href=\"#ftnref1\" id=\"ftn1\" style=\"vertical-align: super;\">[1]<\/a><span style=\"font-size: 9pt;\"> 30 Eyl\u00fcl 2021 \/ S\u00f6zc\u00fc<\/span><\/p>\n","protected":false},"excerpt":{"rendered":"<p>\u00a0 PROF. AZ\u0130Z SANCAR&rsquo;IN \u0130FT\u0130RALARI VE \u0130T\u0130RAFLARI \u00a0\u00a0\u00a0\u00a0\u00a0\u00a0\u00a0\u00a0 T\u00fcrkiye&rsquo;mizin ve \u0130slam \u00fclkelerinin: a- Bilimde \u0130\u00c7T\u0130HAD&rsquo;tan uzakla\u015ft\u0131klar\u0131; yani de\u011fi\u015fen ve geli\u015fen \u015fartlara, de\u011fi\u015fmeyen Kur&rsquo;ani \u00f6l\u00e7\u00fclere uygun yeni \u00e7\u00f6z\u00fcmler ve orijinal projeler \u00fcretmekte geri kald\u0131klar\u0131&hellip; b- C\u0130HAT (Askeri ve Milli Savunma) konusunda da, teknolojik ve psikolojik \u00fcst\u00fcnl\u00fc\u011f\u00fc Bat\u0131&rsquo;ya kapt\u0131rd\u0131klar\u0131 i\u00e7in, maalesef ekonomik ve k\u00fclt\u00fcrel y\u00f6nden i\u015fgale u\u011frad\u0131klar\u0131n\u0131 [&hellip;]<\/p>\n","protected":false},"author":1,"featured_media":0,"comment_status":"open","ping_status":"closed","sticky":false,"template":"","format":"standard","meta":{"footnotes":""},"categories":[98],"tags":[],"class_list":["post-6408","post","type-post","status-publish","format-standard","hentry","category-ozel-yazilar"],"_links":{"self":[{"href":"https:\/\/www.millicozum.com\/mc\/wp-json\/wp\/v2\/posts\/6408","targetHints":{"allow":["GET"]}}],"collection":[{"href":"https:\/\/www.millicozum.com\/mc\/wp-json\/wp\/v2\/posts"}],"about":[{"href":"https:\/\/www.millicozum.com\/mc\/wp-json\/wp\/v2\/types\/post"}],"author":[{"embeddable":true,"href":"https:\/\/www.millicozum.com\/mc\/wp-json\/wp\/v2\/users\/1"}],"replies":[{"embeddable":true,"href":"https:\/\/www.millicozum.com\/mc\/wp-json\/wp\/v2\/comments?post=6408"}],"version-history":[{"count":0,"href":"https:\/\/www.millicozum.com\/mc\/wp-json\/wp\/v2\/posts\/6408\/revisions"}],"wp:attachment":[{"href":"https:\/\/www.millicozum.com\/mc\/wp-json\/wp\/v2\/media?parent=6408"}],"wp:term":[{"taxonomy":"category","embeddable":true,"href":"https:\/\/www.millicozum.com\/mc\/wp-json\/wp\/v2\/categories?post=6408"},{"taxonomy":"post_tag","embeddable":true,"href":"https:\/\/www.millicozum.com\/mc\/wp-json\/wp\/v2\/tags?post=6408"}],"curies":[{"name":"wp","href":"https:\/\/api.w.org\/{rel}","templated":true}]}}