{"id":6422,"date":"2021-09-30T22:00:00","date_gmt":"2021-09-30T22:00:00","guid":{"rendered":"https:\/\/www.millicozum.com\/mc\/2021\/09\/30\/hayallerimiz-inancimiz-ve-amaclarimiz-nispetindedir-4\/"},"modified":"2021-09-30T22:00:00","modified_gmt":"2021-09-30T22:00:00","slug":"hayallerimiz-inancimiz-ve-amaclarimiz-nispetindedir-4","status":"publish","type":"post","link":"https:\/\/www.millicozum.com\/mc\/2021\/ekim-2021\/hayallerimiz-inancimiz-ve-amaclarimiz-nispetindedir\/","title":{"rendered":"HAYALLER\u0130M\u0130Z; \u0130NANCIMIZ VE AMA\u00c7LARIMIZ N\u0130SPET\u0130NDED\u0130R!"},"content":{"rendered":"\n<p>&nbsp;<\/p>\n<p style=\"margin-bottom: 0cm; text-align: center;\"><strong><span style=\"font-size: 16pt; font-family: 'Arial', sans-serif;\">HAYALLER\u0130M\u0130Z;<\/span><\/strong><\/p>\n<p style=\"margin-bottom: 0cm; text-align: center;\"><strong><span style=\"font-size: 16pt; font-family: 'Arial', sans-serif;\">\u0130NANCIMIZ VE AMA&Ccedil;LARIMIZ <\/span><\/strong><strong><span style=\"font-size: 16pt; font-family: 'Arial', sans-serif;\">N\u0130SPET\u0130NDED\u0130R!<span style=\"font-size: 14pt;\">[1]<\/span><\/span><\/strong><\/p>\n<p style=\"margin-bottom: 0cm; text-align: justify; text-indent: 1cm; line-height: 16pt;\"><strong><span style=\"font-size: 15pt; font-family: 'Arial', sans-serif;\">&nbsp;&nbsp;&nbsp;&nbsp;&nbsp;&nbsp;&nbsp;&nbsp; <\/span><\/strong><\/p>\n<p style=\"margin-bottom: 0cm; text-align: justify; text-indent: 1cm; line-height: 16pt;\"><strong><span style=\"font-size: 12pt; font-family: 'Arial', sans-serif;\">Evet, her insan\u0131n hayalleri, onun hedefleri ve idealleri oran\u0131ndad\u0131r. \u0130dealleri ise, ki\u015finin iman\u0131 ve &uuml;mitleri kadar olacakt\u0131r. &Ccedil;&uuml;nk&uuml; olumlu ve onurlu hayaller kurmak; inanc\u0131m\u0131z\u0131 hayat\u0131m\u0131za h&acirc;kim k\u0131lmak ve kutlu ama&ccedil;lar\u0131m\u0131za ula\u015fmak i&ccedil;in, zihnimizde ve kalbimizde kurgulad\u0131\u011f\u0131m\u0131z tasar\u0131mlard\u0131r. Mutlu ve umutlu hedefleri olmayanlar\u0131n, haliyle hayalleri de kuruyacakt\u0131r. Hayalleri ve hedefleri olmayanlar\u0131n projeleri, projeleri olmayanlar\u0131n da ciddi, sistemli ve s&uuml;rekli giri\u015fim ve gayretleri olmayacakt\u0131r. <\/span><\/strong><\/p>\n<p style=\"margin-bottom: 0cm; text-align: justify; text-indent: 1cm; line-height: 16pt;\"><strong><span style=\"font-size: 14pt; font-family: 'Arial', sans-serif;\">\u0130nanc\u0131n temeli; yarat\u0131l\u0131\u015f ama&ccedil;lar\u0131m\u0131z\u0131n ve sorumluluklar\u0131m\u0131z\u0131n fark\u0131nda ve \u015fuurunda olmakt\u0131r.<\/span><\/strong><\/p>\n<p style=\"margin-bottom: 0cm; text-align: justify; text-indent: 1cm; line-height: 16pt;\"><strong><span style=\"font-size: 12pt; font-family: 'Arial', sans-serif;\">Cenab-\u0131 Hakka sonsuz hamd&uuml; senalar olsun&#8230; Bug&uuml;n &ldquo;Yarat\u0131l\u0131\u015f Gayemiz ve Mesuliyetlerimiz&rdquo; konulu bir sohbet i&ccedil;in Konyal\u0131 karde\u015flerimle bizi tekrar bulu\u015fturan Cenab-\u0131 Hakka sonsuz \u015f&uuml;k&uuml;rler ederek ba\u015fl\u0131yorum. Bu hay\u0131rl\u0131 hizmetlerin yap\u0131lmas\u0131nda &ccedil;ok &ouml;nemli katk\u0131lar\u0131 ve gayretleri olan Konya Milli &Ccedil;&ouml;z&uuml;m Ekibi&rsquo;ni de huzurlar\u0131n\u0131zda kutluyorum ve Allah raz\u0131 olsun diyorum. Ve siz &ccedil;ok de\u011ferli dostlar; l&uuml;tfettiniz, zahmet ettiniz, te\u015frif ettiniz, bizleri sevindirdiniz. Sizlere de sayg\u0131lar\u0131m\u0131 sunuyorum.<\/span><\/strong><\/p>\n<p style=\"margin-bottom: 0cm; text-align: justify; text-indent: 1cm; line-height: 16pt;\"><strong><span style=\"font-size: 12pt; font-family: 'Arial', sans-serif;\">Ni&ccedil;in bu toplant\u0131lar\u0131 yap\u0131yoruz? Ni&ccedil;in bir k\u0131s\u0131m gayretlere, hizmetlere kat\u0131l\u0131yoruz ve sorumluluk al\u0131yoruz? El cevap: Ni&ccedil;in yarat\u0131ld\u0131\u011f\u0131m\u0131z\u0131n fark\u0131nda oldu\u011fumuz i&ccedil;in bunlar\u0131 yap\u0131yoruz. Peki, niye yarat\u0131ld\u0131k? Ak\u0131l ve ilim, iman etmeyi gerektirir. Ak\u0131ll\u0131 ve vicdanl\u0131 bir insan; basit bir kalemin, basit bir elektronik aletin bile kendili\u011finden, tesad&uuml;fen ve rastgele olamayaca\u011f\u0131n\u0131 bilir. Peki, atom zerrelerinden galaksilere kadar \u015fu muhte\u015fem k&acirc;inattaki, insan akl\u0131n\u0131 hayran b\u0131rakan bu harika yarat\u0131l\u0131\u015flar\u0131n bir sahibi olmas\u0131 gerekmez mi? Elbette ve mutlaka vard\u0131r, O da Allah&rsquo;t\u0131r. <\/span><\/strong><\/p>\n<p style=\"margin-bottom: 0cm; text-align: justify; text-indent: 1cm; line-height: 16pt;\"><strong><span style=\"font-size: 14pt; font-family: 'Arial', sans-serif;\">O halde, Allah bu &acirc;lemi niye yaratt\u0131?<\/span><\/strong><strong><span style=\"font-size: 12pt; font-family: 'Arial', sans-serif;\"> Bir Hadis-i Kutsi&rsquo;de bunun cevab\u0131 veriliyor ve Rabbimiz \u015f&ouml;yle buyuruyor: <em>&ldquo;Ben gizli bir hazine idim, mahl&ucirc;kat\u0131 yaratt\u0131m ki bilineyim!&rdquo;<\/em> Aziz Erbakan Hocam\u0131z bu konuyu a&ccedil;\u0131klarken verdikleri bir &ouml;rnek vard\u0131. Konya&rsquo;n\u0131n 30-40 km d\u0131\u015f\u0131nda, \u0131ss\u0131z, ot bitmez, &ccedil;orak bir b&ouml;lgesinde y&uuml;zlerce d&ouml;n&uuml;m, dededen babadan kalan bir arazin olsa. Yol ge&ccedil;miyor, \u015fu anda imara a&ccedil;\u0131lmam\u0131\u015f, a&ccedil;\u0131lmas\u0131 da &ccedil;ok uzak bir ihtimal g&ouml;r&uuml;l&uuml;yor&#8230; Buray\u0131 bedava versen belki kimse almaz, gidip oturmaz. Ama bilinse ki oran\u0131n alt\u0131nda, T&uuml;rkiye&rsquo;ye de\u011fil, b&uuml;t&uuml;n b&ouml;lgemize y\u0131llarca yetecek bir petrol yata\u011f\u0131 var; veya &ccedil;ok b&uuml;y&uuml;k miktarda bir alt\u0131n rezervi bulunuyor. Art\u0131k oray\u0131 ucuza satar m\u0131s\u0131n? O kadar k\u0131ymet kazan\u0131r. Evet, bilinmemek, gizli kalmak bir noksanl\u0131kt\u0131r; Cenab-\u0131 Hak ise b&uuml;t&uuml;n noksan s\u0131fatlardan m&uuml;nezzeh oland\u0131r. &Ouml;yleyse Mevcudiyetini, Kudretini, Rahmetini, sanat eserlerini ve hikmetini g&ouml;sterip, tan\u0131tmak i&ccedil;in &acirc;lemleri yaratt\u0131. Bu O&rsquo;nun Kem&acirc;l s\u0131fat\u0131n\u0131n gere\u011fidir. <\/span><\/strong><\/p>\n<p style=\"margin-bottom: 0cm; text-align: justify; text-indent: 1cm; line-height: 16pt;\"><strong><span style=\"font-size: 12pt; font-family: 'Arial', sans-serif;\">Ancak, bu yarat\u0131lanlara bak\u0131p da Yaratan\u0131 tan\u0131yacak ak\u0131l ve \u015fuur sahibi biri laz\u0131md\u0131. Ke&ccedil;iler, &ccedil;i&ccedil;ekler, b&ouml;cekler&hellip; Her \u015fey bir hikmete hizmet ediyor. <em>&ldquo;Hi&ccedil;bir \u015fey yoktur ki canl\u0131 cans\u0131z, Allah&rsquo;\u0131 tesbih etmesin, tahmid etmesin, yarat\u0131l\u0131\u015f gayesini, g&ouml;revini yerine getirmesin&rdquo;<\/em> ayetinde vurguland\u0131\u011f\u0131 gibi herkes g&ouml;revini de, gayesini de biliyor, hikmetini de biliyor; ona g&ouml;re davran\u0131yor. Ama ne ke&ccedil;ilerin, ne &ccedil;i&ccedil;eklerin, ne de b&ouml;ceklerin bu yarat\u0131lanlara bak\u0131p Yaratan\u0131 tan\u0131yacak bir kabiliyetleri bulunuyor. B&ouml;yle bir yetenekleri yok. &Ccedil;&uuml;nk&uuml; ak\u0131l yok, \u015fuur yok. Bu yarat\u0131lanlara bak\u0131p Yaratan\u0131n\u0131 tan\u0131yacak, O&rsquo;nu arayacak, O&rsquo;nu arama ve O&rsquo;na ula\u015fma arzusu ta\u015f\u0131yacak birine ihtiya&ccedil; vard\u0131. \u0130\u015fte Cenab-\u0131 Hak, bu maksatla insan\u0131 yaratt\u0131. \u0130nsan\u0131 yery&uuml;z&uuml;nde Kendine halife olabilecek imk&acirc;nlarla, f\u0131rsatlarla donatt\u0131. <\/span><\/strong><\/p>\n<p style=\"margin-bottom: 0cm; text-align: justify; text-indent: 1cm; line-height: 16pt;\"><strong><span style=\"font-size: 14pt; font-family: 'Arial', sans-serif;\">Peki insan niye farkl\u0131 ve ayr\u0131cal\u0131kl\u0131 yarat\u0131ld\u0131?<\/span><\/strong><\/p>\n<p style=\"margin-bottom: 0cm; text-align: justify; text-indent: 1cm; line-height: 16pt;\"><strong><span style=\"font-size: 12pt; font-family: 'Arial', sans-serif;\">\u015eeytan\u0131n Hz. &Acirc;dem&rsquo;e k\u0131skan&ccedil;l\u0131\u011f\u0131, d&uuml;\u015fmanl\u0131\u011f\u0131; kininden, gururundan, kibrinden ziyade <em>halife olmak arzusundan ve o makama kendini lay\u0131k bulmas\u0131ndan<\/em> kaynakl\u0131yd\u0131. Yery&uuml;z&uuml;nde Allah&rsquo;\u0131n kullar\u0131na Allah&rsquo;\u0131 tan\u0131tacak, O&rsquo;nun emirlerini ula\u015ft\u0131racak, O&rsquo;nun h&uuml;k&uuml;mlerini uygulayacak Hz. &Acirc;dem olarak yarat\u0131lan insan\u0131n g&ouml;revini \u015feytan biliyordu, onu k\u0131skand\u0131. <em>&ldquo;Ben o g&ouml;reve daha lay\u0131\u011f\u0131m. Ben ondan &ouml;nce yarat\u0131ld\u0131m. Y&uuml;z binlerce sene meleklere hocal\u0131k yapacak seviyeye gayretimle ula\u015ft\u0131m. Ben nice i\u015fler ba\u015fard\u0131m, bu makama ben atanmal\u0131yd\u0131m. Bu g&ouml;rev benim olmal\u0131yd\u0131&hellip;&rdquo;<\/em> Bu d&uuml;\u015f&uuml;nce onu \u015feytanla\u015ft\u0131rd\u0131. E, tabi bu d&uuml;\u015f&uuml;nceyi besleyen ise gurur, kibir, haset, enaniyet damarlar\u0131yd\u0131. Allah, meleklere bile vermedi\u011fi <\/span><\/strong><strong><span style=\"font-size: 14pt; font-family: 'Arial', sans-serif;\">halifelik yetene\u011fini<\/span><\/strong><strong><span style=\"font-size: 12pt; font-family: 'Arial', sans-serif;\"> ve mesuliyetini insana y&uuml;klemi\u015fti. Yine Aziz Erbakan Hocam\u0131z\u0131n bir tespiti olarak s&ouml;yl&uuml;yorum; hayvanlarda sadece nefis var, ak\u0131l yok, onun i&ccedil;in sorumlu da de\u011filler. Meleklerde ise sadece ak\u0131l var, nefis yok; zaten isteseler de g&uuml;nah ve k&ouml;t&uuml;l&uuml;k yapamazlar. Bir nevi robot gibi yarat\u0131l\u0131\u015f gayesine hizmet ederler. Ama insanlarda &ouml;yle bir yetenek var ki; e\u011fer k\u0131ymetini bilir, yarat\u0131l\u0131\u015f gayesine g&ouml;re hareket ederse, melekleri bile &ccedil;ok ge&ccedil;ecek bir seviye kazanabilir. Tabi, bu \u015fuurdan uzak ya\u015farsa, nefsine uyarsa Allah korusun, hayvanlardan da a\u015fa\u011f\u0131 dereceye d&uuml;\u015febilir. Mademki meleklere bile verilmeyen bu <\/span><\/strong><strong><span style=\"font-size: 14pt; font-family: 'Arial', sans-serif;\">halifelik;<\/span><\/strong><strong><span style=\"font-size: 12pt; font-family: 'Arial', sans-serif;\"> yani Allah&rsquo;\u0131n Kudretini, Azametini yery&uuml;z&uuml;nde temsil edecek, O&rsquo;nun h&uuml;k&uuml;mlerini y&uuml;r&uuml;tecek \u015feref ve g&ouml;rev insana verildi, &ouml;yleyse adaletinin gere\u011fi kim bu nimete lay\u0131k, kim lay\u0131k de\u011fil? Rabbimiz, bunun tespiti i&ccedil;in insanlar\u0131 imtihan etmeye karar verdi. <\/span><\/strong><\/p>\n<p style=\"margin-bottom: 0cm; text-align: justify; text-indent: 1cm; line-height: 16pt;\"><strong><span style=\"font-size: 14pt; font-family: 'Arial', sans-serif;\">Bu imtihan\u0131n temeli de \u015funa dayanmaktayd\u0131:<\/span><\/strong><strong><span style=\"font-size: 12pt; font-family: 'Arial', sans-serif;\"> Hak var, B&acirc;t\u0131l var; sen hangi saftas\u0131n? Hak Rahmanidir, b&acirc;t\u0131l \u015eeytanidir. Sen &ouml;nce bu imtihan\u0131 kazanman\u0131n ilk \u015fart\u0131 ve ilk ad\u0131m\u0131 olarak; Hak&rsquo;tan taraf m\u0131s\u0131n, b&acirc;t\u0131ldan taraf m\u0131s\u0131n, tavr\u0131n\u0131 ortaya koymal\u0131s\u0131n! E\u011fer b&acirc;t\u0131ldan tarafsan, senin ibadet diye, hizmet diye yapt\u0131\u011f\u0131n hi&ccedil;bir \u015fey senin i\u015fine yaramayacak, Allah muhafaza buyursun. Hak nedir? Her zaman, her yerde do\u011fru olan, de\u011fi\u015fmeyen, Allah&rsquo;\u0131n Hz. Peygamberimiz eliyle bize &ouml;\u011fretti\u011fi, g&ouml;nderdi\u011fi Kur&rsquo;an-\u0131 Kerim&rsquo;deki h&uuml;k&uuml;m ve hakikatler Hak&rsquo;t\u0131r. Ona ayk\u0131r\u0131 olan; nefsi, d&uuml;nyevi, hay\u0131rs\u0131z, haks\u0131z olan&hellip; Bozuk ve yanl\u0131\u015f olan her \u015fey de b&acirc;t\u0131ld\u0131r. <\/span><\/strong><\/p>\n<p style=\"margin-bottom: 0cm; text-align: justify; text-indent: 1cm; line-height: 16pt;\"><strong><span style=\"font-size: 14pt; font-family: 'Arial', sans-serif;\">\u0130mtihan\u0131n adil olmas\u0131 i&ccedil;in &ouml;nce &ouml;\u011fretilmesi, sonra imtihan edilmesi icap ederdi.<\/span><\/strong><strong><span style=\"font-size: 12pt; font-family: 'Arial', sans-serif;\"> Cenab-\u0131 Hak da haks\u0131zl\u0131ktan m&uuml;nezzehtir. Onun i&ccedil;in &ouml;nce, bu imtihanda nelerden sorulaca\u011f\u0131m\u0131z\u0131 &ouml;\u011fretmek &uuml;zere Kur&rsquo;an g&ouml;nderdi. \u0130mtihan program\u0131m\u0131z Kur&rsquo;an-\u0131 Azim&uuml;\u015f\u015fan&rsquo;d\u0131r. &Acirc;lemlerin Hocas\u0131, k&acirc;inat\u0131n Hocas\u0131, M&uuml;r\u015fid-i Azam olarak da bu Kitab-\u0131 Kerim&rsquo;i yaparak, ya\u015fayarak bize &ouml;\u011fretmek &uuml;zere Efendimiz Aleyhisselat&uuml; Vesselam&rsquo;\u0131 g&ouml;revlendirdi. B&uuml;t&uuml;n sad\u0131k Sahabe-i Kiram ve &ouml;zellikle Ehl-i Beyti Nebi (SAV) de k\u0131yamete kadar bu nurlu yolun ayd\u0131nlat\u0131c\u0131 y\u0131ld\u0131zlar\u0131, imamlar\u0131 gibidirler. \u0130\u015fte bu Kur&rsquo;an ve Resul&uuml;llah, bize &ouml;nce Allah&rsquo;\u0131 do\u011fru tan\u0131y\u0131p do\u011fru inanmam\u0131z\u0131 &ouml;\u011frettiler. <\/span><\/strong><strong><span style=\"font-size: 14pt; font-family: 'Arial', sans-serif;\">Allah&rsquo;a inanaca\u011f\u0131z da nas\u0131l bir Allah&rsquo;a inanaca\u011f\u0131z?<\/span><\/strong><strong><span style=\"font-size: 12pt; font-family: 'Arial', sans-serif;\"> Yine, bir ilmi kimden alm\u0131\u015fsan onu s&ouml;ylemek bir vefa borcudur. Yoksa kendine m&acirc;l edersen, ilim h\u0131rs\u0131z\u0131 olursun. Yine Erbakan Hocamdan &ouml;\u011frendi\u011fim, sizin de defalarca dinledi\u011finizi bildi\u011fim bir ger&ccedil;ekle devam edelim. &ldquo;La ilahe \u0130llallah, Muhammed&uuml;r Resul&uuml;llah&rdquo; iman\u0131m\u0131z\u0131n temelidir. Biz Allah&rsquo;a iman ediyoruz. \u0130yi de nas\u0131l bir Allah&rsquo;a iman ediyoruz? Arap&ccedil;a \u0130lah kelimesinin 4 manas\u0131 var:<\/span><\/strong><\/p>\n<p style=\"margin-bottom: 0cm; text-align: justify; text-indent: 1cm; line-height: 16pt;\"><strong><span style=\"font-size: 14pt; font-family: 'Arial', sans-serif;\">1- \u0130lah demek;<\/span><\/strong><strong><span style=\"font-size: 12pt; font-family: 'Arial', sans-serif;\"> Kendisine ibadet olunan, O&rsquo;ndan ba\u015fka Zat bulunmayan demektir. \u0130badete l&acirc;y\u0131k ve m&uuml;stahak olan Zat, yaln\u0131z ve ancak Allah&rsquo;t\u0131r. Bu Fatiha&rsquo;daki &ldquo;\u0130yya kena&rsquo;b&uuml;d&uuml;&rdquo;n&uuml;n kar\u015f\u0131l\u0131\u011f\u0131d\u0131r. &ldquo;Biz ancak Sana ibadet ederiz.&rdquo; Kendilerine asla ibadet edilmeyece\u011fi hususunda, bir kar\u0131ncayla bir peygamberin fark\u0131 yoktur. Ne o ibadete l&acirc;y\u0131kt\u0131r, ne de o. Kulluk noktas\u0131nda da bir peygamberle bir kar\u0131ncan\u0131n fark\u0131 yoktur. O da kuldur, o da kuldur. \u0130badet yaln\u0131z ve ancak Allah&rsquo;a yap\u0131l\u0131r. Efendimiz Aleyhisselat&uuml; Vesselam&rsquo;a gelince; Cenab-\u0131 Hakk\u0131n emirlerini bize getirip ger&ccedil;e\u011fi duyurdu\u011fu, Habibullah olmas\u0131, \u015fefaat&ccedil;imiz olmas\u0131, hakikat yolunun ebedi rehberi olmas\u0131 bak\u0131m\u0131ndan elbette en b&uuml;y&uuml;k sevgiye, sayg\u0131ya l&acirc;y\u0131kt\u0131r; biz de &ouml;yle iman edip seviyoruz, sayg\u0131 duyuyoruz zaten. <\/span><\/strong><\/p>\n<p style=\"margin-bottom: 0cm; text-align: justify; text-indent: 1cm; line-height: 16pt;\"><strong><span style=\"font-size: 14pt; font-family: 'Arial', sans-serif;\">2- \u0130lah kelimesinin ikinci anlam\u0131;<\/span><\/strong><strong><span style=\"font-size: 12pt; font-family: 'Arial', sans-serif;\"> Kendisinden yard\u0131m dilenilen tek makam&hellip; O&rsquo;nun g&uuml;&ccedil;, kuvvet ve yard\u0131m\u0131na s\u0131\u011f\u0131n\u0131lan yeg&acirc;ne Zat demektir. Bu mana Fatiha&rsquo;daki &ldquo;\u0130yya kenestain&rdquo;in kar\u015f\u0131l\u0131\u011f\u0131d\u0131r. <em>&ldquo;Her t&uuml;rl&uuml; yard\u0131m\u0131, deste\u011fi, muaveneti, ancak ve yaln\u0131z Allah&rsquo;tan dileriz, O&rsquo;ndan bekleriz&rdquo;<\/em> ger&ccedil;e\u011finin ifadesidir.<\/span><\/strong><\/p>\n<p style=\"margin-bottom: 0cm; text-align: justify; text-indent: 1cm; line-height: 16pt;\"><strong><span style=\"font-size: 14pt; font-family: 'Arial', sans-serif;\">3- \u0130lah&rsquo;\u0131n &uuml;&ccedil;&uuml;nc&uuml; manas\u0131;<\/span><\/strong><strong><span style=\"font-size: 12pt; font-family: 'Arial', sans-serif;\"> R\u0131zas\u0131 aranan, yapt\u0131\u011f\u0131m\u0131z her i\u015fte, ibadette, hizmette O&rsquo;nun ho\u015fnutlu\u011funu kazanmak i&ccedil;in &ccedil;\u0131rp\u0131n\u0131lmaya lay\u0131k olan tek Zat yine Allah&rsquo;t\u0131r. Her t&uuml;rl&uuml; riyak&acirc;rl\u0131ktan, insanlara g&ouml;steri\u015f yapmaktan, &ccedil;\u0131kar avc\u0131l\u0131\u011f\u0131ndan ve <em>&ldquo;desinler&rdquo; <\/em>merak\u0131ndan uzakt\u0131r m&uuml;&rsquo;min. &Ccedil;&uuml;nk&uuml; riyak&acirc;rl\u0131k gizli \u015firk say\u0131lm\u0131\u015ft\u0131r. <\/span><\/strong><\/p>\n<p style=\"margin-bottom: 0cm; text-align: justify; text-indent: 1cm; line-height: 16pt;\"><strong><span style=\"font-size: 14pt; font-family: 'Arial', sans-serif;\">4- \u0130lah&rsquo;\u0131n d&ouml;rd&uuml;nc&uuml; manas\u0131;<\/span><\/strong><strong><span style=\"font-size: 12pt; font-family: 'Arial', sans-serif;\"> kullar\u0131n\u0131n hayatlar\u0131n\u0131 tanzim eden, onlar\u0131 tedricen terbiye eden, imtihan i&ccedil;in onlara gerekli temel kanunlar\u0131 ve do\u011fal kurallar\u0131 g&ouml;ndermeye lay\u0131k ve m&uuml;stahak bilinen tek Zat yine Allah&rsquo;t\u0131r demektir. <\/span><\/strong><\/p>\n<p style=\"margin-bottom: 0cm; text-align: justify; text-indent: 1cm; line-height: 16pt;\"><strong><span style=\"font-size: 12pt; font-family: 'Arial', sans-serif;\">Elbette, biz &ouml;ncelikle Hak&rsquo;tan taraf\u0131z. B&acirc;t\u0131l\u0131n her t&uuml;rl&uuml;s&uuml;nden uza\u011f\u0131z; Allah bizi hep uzak etsin. Ge&ccedil;enlerde birileri: <em>&ldquo;Hocam, merak ediyorum. Efendimiz Aleyhisselat&uuml; Vesselam&rsquo;\u0131n \u015fefaatleri bizi de ku\u015fat\u0131r m\u0131? Ruhaniyetleri bizden raz\u0131 m\u0131d\u0131r?&rdquo;<\/em> diye sordu. Ona dedim ki: &ldquo;Vallahi onu ben bilemem, Allah bilir. Ancak, sen seni bilirsin. Allah&rsquo;tan sonra seni senden daha iyi kimse bilemez. \u015eimdi soruyorum; Efendimiz, bu \u015fehrimizi, &uuml;lkemizi ziyaret i&ccedil;in te\u015frif buyursalar, &ouml;nce B&uuml;y&uuml;k Millet Meclisine u\u011frasalar. <em>&ldquo;Benim &uuml;mmetimin temsilcileri mecliste ne yap\u0131yorlar?&rdquo;<\/em> diye merakla sorsalar&hellip; Bir de bakacak ki, Ha&ccedil;l\u0131 Avrupa&rsquo;n\u0131n haks\u0131z, ahl&acirc;ks\u0131z, milli birlik ve dirli\u011fimizi, d&uuml;zenimizi bozacak, aile yap\u0131m\u0131z\u0131n, ahl&acirc;k\u0131m\u0131z\u0131n temeline dinamit koyacak <\/span><\/strong><strong><em><span style=\"font-size: 14pt; font-family: 'Arial', sans-serif;\">\u0130stanbul S&ouml;zle\u015fmesi<\/span><\/em><\/strong><strong><span style=\"font-size: 12pt; font-family: 'Arial', sans-serif;\"> gibi b&uuml;t&uuml;n yasalar\u0131, bir bir meclisten ge&ccedil;iriyorlar. &Uuml;stelik d\u0131\u015far\u0131da l&uuml;zumsuz konularla ilgili birbirleriyle kap\u0131\u015fan CHP&rsquo;si ve AKP&rsquo;si, bu konuda hi&ccedil; kavga bile etmiyorlar. Oradan d\u0131\u015far\u0131ya &ccedil;\u0131k\u0131nca &ouml;n&uuml;nde bir <\/span><\/strong><strong><span style=\"font-size: 14pt; font-family: 'Arial', sans-serif;\">faizci bankaya<\/span><\/strong><strong><span style=\"font-size: 12pt; font-family: 'Arial', sans-serif;\"> rastlayacak. <em>&ldquo;Yahu, Ben bunun zerresini g&uuml;nah saym\u0131\u015ft\u0131m. Cenab-\u0131 Allah&rsquo;\u0131n yukar\u0131dan a\u015fa\u011f\u0131ya ka&ccedil; ayette bunun haram oldu\u011funu, yasak oldu\u011funu anlatt\u0131\u011f\u0131 halde,<\/em> <em>&lsquo;H&acirc;l&acirc; e\u011fer bundan vazge&ccedil;mez, devlet olarak, h&uuml;k&uuml;met olarak, millet olarak bu faizli zul&uuml;m ve s&ouml;m&uuml;r&uuml; &ccedil;ark\u0131n\u0131 devam ettirirseniz, Allah ve Peygamberiyle harp etti\u011finizi bilin&rsquo; h&uuml;km&uuml;n&uuml; hat\u0131rlatm\u0131\u015ft\u0131m. Hi&ccedil;bir g&uuml;nahla ilgili Allah&rsquo;\u0131n b&ouml;yle bir tehdidi yoktur. &lsquo;Yahu Ben bunun zerresini haram etmi\u015ftim. Bunlar, her tarafa bankalar a&ccedil;m\u0131\u015flar, her i\u015fe faizi bula\u015ft\u0131rm\u0131\u015flar, Ben hangi &uuml;lkeye geldim? Bu &uuml;mmetim ne hale gelmi\u015f?&rsquo;&rdquo;<\/em> buyurup &uuml;z&uuml;nt&uuml;ye bo\u011fulacak&hellip; Sonra TV&rsquo;lerimizi izleyecek, y&uuml;z&uuml; k\u0131zaracak&#8230; \u0130nternet sayfalar\u0131n\u0131, sosyal medyay\u0131 g&ouml;recek, nefret duyacak&#8230; E\u011fitim sistemimizden,<\/span><\/strong><span style=\"font-size: 12pt; font-family: 'Arial', sans-serif;\"> <strong>ailevi m&uuml;nasebetlerimizden, sokaklar\u0131m\u0131zdan, caddelerimizden ge&ccedil;ti\u011fine geldi\u011fine bin pi\u015fman olacak&hellip; \u015eimdi s&ouml;yleyin; Efendimiz te\u015frif ettiklerinde <em>&ldquo;Oh be, &ccedil;ok \u015f&uuml;k&uuml;r, &uuml;mmetimi &ccedil;ok iyi halde buldum. Ufak tefek yanl\u0131\u015flar\u0131 var ama, in\u015faallah dua edelim Rabbime de yalvaral\u0131m, bunlar\u0131 da d&uuml;zeltsinler&rdquo;<\/em> mi diyecek, yoksa beddua m\u0131 edecek? Allah&rsquo;a s\u0131\u011f\u0131n\u0131yoruz&#8230; O adam anlad\u0131 ne dedi\u011fimi ve \u015funlar\u0131 s&ouml;yledi: <em>&ldquo;Yahu sen de her \u015feyi siyasetle ba\u011fda\u015ft\u0131r\u0131yorsun!&rdquo;<\/em> Yani, asl\u0131nda su&ccedil;lar\u0131n\u0131n ve g&uuml;nahlar\u0131n\u0131n fark\u0131ndalar, ay\u0131b\u0131n\u0131 ve ayar\u0131n\u0131 biliyorlar&#8230; Ama bile bile dindarl\u0131k numaras\u0131yla bana gelmi\u015f: <em>&ldquo;Efendimiz gelse ben \u015fefaatine nail olur muyum, olamaz m\u0131y\u0131m?&rdquo;<\/em> diye soruyor ve sahtek&acirc;rl\u0131k yap\u0131yorlar. <\/strong><\/span><\/p>\n<p style=\"margin-bottom: 0cm; text-align: justify; text-indent: 1cm; line-height: 16pt;\"><strong><span style=\"font-size: 14pt; font-family: 'Arial', sans-serif;\">Biz, Kur&rsquo;an&rsquo;\u0131n tamam\u0131na inanm\u0131\u015f\u0131z, sadece bir k\u0131sm\u0131na inanmak, iman say\u0131lmam\u0131\u015ft\u0131r!<\/span><\/strong><strong><span style=\"font-size: 12pt; font-family: 'Arial', sans-serif;\"> Evet insan\u0131z, be\u015feriz; \u0130slam&rsquo;\u0131n her h&uuml;km&uuml;n&uuml; yerine getiremeyebiliriz. Dine, \u0130slam&rsquo;a ayk\u0131r\u0131 bir&ccedil;ok yanl\u0131\u015flara, g&uuml;nahlara d&uuml;\u015febiliriz; yan\u0131labiliriz. Hatta mevcut b&acirc;t\u0131l sistemin bir k\u0131s\u0131m kas\u0131tl\u0131 yamultmalar\u0131 sonucu baz\u0131 g&uuml;nahlara al\u0131\u015fkanl\u0131k peyda etmi\u015f bile olabiliriz; sigara gibi&hellip; Bir &ccedil;ocu\u011fa sigaray\u0131 verin bakal\u0131m, midesi bulan\u0131r, kafas\u0131 dolan\u0131r &ccedil;&uuml;nk&uuml; zehirdir, duman yutulur mu hi&ccedil;? Ama &ouml;yle insanlar var ki, bak\u0131n\u0131z al\u0131\u015fm\u0131\u015f b\u0131rakam\u0131yor. Niye? Bir nevi ba\u011f\u0131ml\u0131l\u0131k kazanm\u0131\u015f, v&uuml;cudu o zehre al\u0131\u015ft\u0131rm\u0131\u015f. Hatta kendine g&ouml;re zevk al\u0131yor. B&uuml;t&uuml;n g&uuml;nahlar b&ouml;yledir; yalan b&ouml;yledir, haram b&ouml;yledir, faizcilik b&ouml;yledir; <em>&ldquo;Uydum kalabal\u0131\u011fa, t&acirc;bi oluyorum &uuml;ste &ccedil;\u0131kana!&rdquo; <\/em>d&uuml;\u015f&uuml;ncesi b&ouml;yledir;<em> <\/em>yani al\u0131\u015fkanl\u0131k ve ba\u011f\u0131ml\u0131l\u0131k halidir. Olabilir ama en az\u0131ndan bir m&uuml;&rsquo;min \u015funu demesi laz\u0131m: <em>&ldquo;Ya Rab, \u015fartlar, ortam, &ccedil;evre bask\u0131s\u0131 beni bu yanl\u0131\u015fa al\u0131\u015ft\u0131rd\u0131. Ne olursun, beni hem bunlardan kurtar, hem de bu yanl\u0131\u015f\u0131n bulunmad\u0131\u011f\u0131, benim de insanca, \u0130slam&rsquo;ca, onurlu ya\u015fayaca\u011f\u0131m \u015fartlar\u0131 da bize g&ouml;ster Allah&rsquo;\u0131m!&rdquo;<\/em> diye dua etmesi laz\u0131m. Yok e\u011fer: <em>&ldquo;Can\u0131m bu zamanda da faizsiz d&uuml;zen mi olur?&rdquo;<\/em> diye haram\u0131 savunuyorsa, bu sapk\u0131nl\u0131kt\u0131r. Yani, h&acirc;\u015f&acirc; Allah 20. as\u0131rda neler olaca\u011f\u0131n\u0131 bilmiyor muydu da faizi yasaklam\u0131\u015ft\u0131? Sadece bundan &ouml;nceki as\u0131rlar i&ccedil;in mi bu h&uuml;k&uuml;m ge&ccedil;erli say\u0131lacakt\u0131? Senin s\u0131k\u0131nt\u0131n ne? Hani sen m&uuml;&rsquo;mindin, m&uuml;ttakiydin, ne oldu sana? &ldquo;Faizsiz d&uuml;zen olur muymu\u015f?&rdquo; diye nas\u0131l da marazl\u0131 mant\u0131\u011f\u0131n\u0131 kusmaktas\u0131n!.. <\/span><\/strong><\/p>\n<p style=\"margin-bottom: 0cm; text-align: justify; text-indent: 1cm; line-height: 16pt;\"><strong><span style=\"font-size: 14pt; font-family: 'Arial', sans-serif;\">Karde\u015flerim, bu konuyu toparlarsak:<\/span><\/strong><strong><span style=\"font-size: 12pt; font-family: 'Arial', sans-serif;\"> Hakk\u0131n temsilcisi \u0130slam&rsquo;d\u0131r. O, Rahman&rsquo;\u0131n d&uuml;zenidir, dinidir. B&acirc;t\u0131l\u0131n temsilcisi \u015feytand\u0131r, o ise &ccedil;a\u011f\u0131m\u0131zda Deccalizm, Siyonizm olarak sistemle\u015fmi\u015ftir. <\/span><\/strong><strong><span style=\"font-size: 14pt; font-family: 'Arial', sans-serif;\">Erbakan Hocam\u0131z\u0131n<\/span><\/strong><strong><span style=\"font-size: 12pt; font-family: 'Arial', sans-serif;\"> &uuml;&ccedil; kitap kadar etkili, &ouml;\u011fretici bir benzetmesi vard\u0131. Diyordu ki: <em>&ldquo;Siyonizm&rsquo;i bir timsaha benzetirsek, &uuml;st &ccedil;enesi kapitalizm, alt &ccedil;enesi kom&uuml;nizmdir. Bu iki &ccedil;enenin kar\u015f\u0131l\u0131kl\u0131 &ccedil;arp\u0131\u015fmalar\u0131 d&uuml;\u015fmanl\u0131klar\u0131ndan falan de\u011fil ha. Araya giren avlar\u0131n\u0131 par&ccedil;alamak, g&ouml;vdeyi; Siyonizm&rsquo;i, beslemek i&ccedil;indir.&rdquo;<\/em> Evet, ciltlerce kitap yaz\u0131lsa bu kadar a&ccedil;\u0131klay\u0131c\u0131 olamaz de\u011fil mi?<\/span><\/strong><\/p>\n<p style=\"margin-bottom: 0cm; text-align: justify; text-indent: 1cm; line-height: 16pt;\"><strong><span style=\"font-size: 14pt; font-family: 'Arial', sans-serif;\">Bu Siyonistler d&uuml;nyay\u0131 ele ge&ccedil;irmek ve daha rahat y&ouml;netmek i&ccedil;in her t&uuml;rl&uuml; ahl&acirc;ks\u0131zl\u0131\u011f\u0131 yayg\u0131nla\u015ft\u0131rmay\u0131 kendilerine birinci ilke edinmi\u015f durumdad\u0131rlar.<\/span><\/strong><strong><span style=\"font-size: 12pt; font-family: 'Arial', sans-serif;\"> M&uuml;sl&uuml;man, Hristiyan, Yahudi, Putperest, Hindu ay\u0131rmadan her &uuml;lkenin ba\u015f\u0131na da o &uuml;lke halk\u0131 taraf\u0131ndan sevilecek, onlar\u0131n dinine, k&uuml;lt&uuml;r&uuml;ne uygun tipleri &ouml;zel yeti\u015ftirip ba\u015flar\u0131na getirmi\u015flerdir. Bir ara &uuml;lkeleri ordular\u0131yla i\u015fgal ediyorlard\u0131, kendi komutanlar\u0131ndan birini orada b\u0131rak\u0131yorlard\u0131. Bu tepki &ccedil;ekiyordu. Oran\u0131n halk\u0131 ayaklan\u0131yordu, eninde sonunda bu zulme ve i\u015fgale kar\u015f\u0131 direniyordu. Bu sefer i\u015fgal ettikleri yerlere bir Genel Vali atamaya ba\u015flad\u0131lar&hellip; Kendi adamlar\u0131ndan!.. Ama, o da tutmuyordu, insanlar\u0131n onuruna dokunuyordu. Sonra daha etkili bir yol buldular. Bu sefer kendi &ouml;zel yeti\u015ftirdikleri ama g&ouml;revlendirecekleri &uuml;lkelere g&ouml;re \u015fekillendirdikleri i\u015f birlik&ccedil;i kimseleri iktidara getirdiler. Bu tipler e\u011fer M&uuml;sl&uuml;mansa o &uuml;lkede dindar rol&uuml;n&uuml; &ccedil;ok g&uuml;zel oynayacak, din istismar\u0131n\u0131 g&uuml;zel yapacak; Hristiyansa, i\u015fte Katolik midir, Protestan m\u0131d\u0131r neyse, o &uuml;lkede onlar\u0131n dilinden konu\u015facak, onlar\u0131 memnun b\u0131rakacak&hellip; Hinduysa Hindu rol&uuml;yle ortaya &ccedil;\u0131kacak, ama as\u0131l Siyonizm&rsquo;e hizmet edecek tipleri &ouml;zel yeti\u015ftirdiler. Hatta onlara, bir maddelerinde diyorlar ki; <em>&ldquo;Gerekti\u011fi zaman halk\u0131n ra\u011fbetini toplamak i&ccedil;in \u0130srail&rsquo;in aleyhinde de konu\u015fabilirsiniz, Siyonizm&rsquo;in aleyhinde de at\u0131p tutabilirsiniz!&rdquo;<\/em> \u015eimdi <\/span><\/strong><strong><em><span style=\"font-size: 14pt; font-family: 'Arial', sans-serif;\">Genel Vali<\/span><\/em><\/strong><strong><span style=\"font-size: 12pt; font-family: 'Arial', sans-serif;\"> makam\u0131nda oturan nice y&ouml;neticileri biz demokratik se&ccedil;imlerle i\u015fba\u015f\u0131na getirdik san\u0131p seviniyoruz&hellip; Oysa Siyonist odaklar\u0131n bir \u015fekilde tayin ettikleri ve g&uuml;ndemimize getirdiklerini se&ccedil;ip ba\u015f\u0131m\u0131za bela etti\u011fimizi bile fark etmiyoruz. <em>&ldquo;Oh be, \u015f&uuml;k&uuml;rler olsun Ya Rabbi. Bizim de dindar, kahraman y&ouml;netimimiz var&rdquo;<\/em> diye de sevinip duruyoruz. <\/span><\/strong><strong><em><span style=\"font-size: 14pt; font-family: 'Arial', sans-serif;\">&ldquo;Ne yani CHP mi gelsin?&rdquo;<\/span><\/em><\/strong><strong><span style=\"font-size: 12pt; font-family: 'Arial', sans-serif;\"> diyenler, zaten AKP iktidarda kals\u0131n diye CHP&rsquo;nin kurguland\u0131\u011f\u0131n\u0131 bilmiyorlar. Ayn\u0131 odaklar Kom&uuml;nizmi de &ccedil;\u0131kard\u0131lar ki, Kapitalizme d&uuml;nyan\u0131n &ccedil;o\u011funu raz\u0131 etsinler. <em>&ldquo;Ya Kapitalizme raz\u0131 ol, yoksa Kom&uuml;nizm geliyor ha!&rdquo;<\/em> diye korkuttular. Sa\u011fc\u0131l\u0131\u011f\u0131 solculu\u011fu da b&ouml;yle ortaya &ccedil;\u0131kard\u0131lar. CHP de laz\u0131m ha, o da orada kals\u0131n ki; AKP rahat kazans\u0131n! Ge&ccedil;en bir yerde misafir olduk. Namazdan sonra emekli bir imam bizi bir yerden tan\u0131m\u0131\u015f. Dedi ki; <em>&ldquo;Hocam, hamdolsun, bak, \u015fu kar\u015f\u0131da CHP&rsquo;nin alt\u0131 oku var, &ouml;n&uuml;nden bile ge&ccedil;miyorum.&rdquo;<\/em> Etraf\u0131na da bana da b&ouml;yle y&uuml;ksek sesle dindarl\u0131\u011f\u0131n\u0131 anlatmaya &ccedil;al\u0131\u015f\u0131yor. Ona dedim: &ldquo;Yahu, yumu\u015fak konu\u015furdum biraz ama vaktim dar. Ben biraz net ve sert konu\u015faca\u011f\u0131m. Sen ald\u0131\u011f\u0131n\u0131 al, gerisini bana b\u0131rak!&rdquo; <\/span><\/strong><strong><em><span style=\"font-size: 14pt; font-family: 'Arial', sans-serif;\">&ldquo;Bak, sen hocas\u0131n, sana soruyorum,<\/span><\/em><\/strong><strong><span style=\"font-size: 12pt; font-family: 'Arial', sans-serif;\"> bunun cevab\u0131n\u0131 benden sonra bu cemaatin hepsine vereceksin. Soru 1: Faizi CHP i\u015flerse g&uuml;nah, AKP i\u015flerse mubah m\u0131 oluyor?&rdquo; Ses yok! Soru 2- Kumar\u0131n her &ccedil;e\u015fidini ki Allah Kur&rsquo;an&rsquo;\u0131nda: <em>&ldquo;\u015eans oyunlar\u0131, fal oklar\u0131, i&ccedil;ki, bunlar \u015feytan\u0131n oyunlar\u0131ndan, \u015feytan ameli pisliklerdir&rdquo;<\/em> buyuruyor. Bu kadar a\u011f\u0131r ifadeler kullan\u0131yor. <em>&ldquo;Bunlardan, bu pislikleri yayanlardan, uygulayanlardan uzak durun ki felah bulas\u0131n\u0131z. Yoksa belan\u0131z\u0131 bulursunuz&rdquo; <\/em>diyor Allah. &ldquo;S&ouml;yle bakal\u0131m; kumar\u0131n her &ccedil;e\u015fidini, loto, toto, piyango, kaz\u0131 kazan, at yar\u0131\u015ft\u0131r, it yar\u0131\u015ft\u0131r, bedavadan kazan, b&uuml;t&uuml;n devlet imk&acirc;nlar\u0131ndan kazan, vurgun yap, soygun yap kazan&hellip; Bunlar\u0131 CHP yaparsa ay\u0131p da AKP yaparsa sevap m\u0131 say\u0131l\u0131yor? Bu arada Avrupa&rsquo;yla her t&uuml;rl&uuml; ekonomik, sosyal, k&uuml;lt&uuml;rel ili\u015fkileri elbette daha &ccedil;ok geli\u015ftirelim. Niye? E, bu d&uuml;nyan\u0131n bir &uuml;yesiyiz tabi ki m&uuml;nasebetlerimizi g&uuml;&ccedil;lendirece\u011fiz. Ama onlar\u0131n ahl&acirc;ks\u0131zl\u0131\u011f\u0131na, dayatmalar\u0131na, &uuml;lkemizi, milli birlik ve dirli\u011fimizi par&ccedil;alamalar\u0131na yarayacak kurumlar\u0131n, kanunlar\u0131n &ccedil;\u0131kar\u0131lmas\u0131na da r\u0131za g&ouml;stermeyece\u011fiz. Biz AB&rsquo;ye mahk&ucirc;m ve mecbur de\u011filiz. 60 senedir ha girdik, ha girece\u011fiz diye bekletiyorlar. Alm\u0131yorlar adamlar ve bunu a&ccedil;\u0131k&ccedil;a s&ouml;yl&uuml;yorlar: &lsquo;Almayaca\u011f\u0131z, oyal\u0131yoruz&rsquo; diyorlar de\u011fil mi? <strong><span style=\"font-size: 12pt; font-family: 'Arial', sans-serif;\"><em>&ldquo;<\/em><\/span><\/strong><em>Buna ra\u011fmen h&acirc;l&acirc; Ha&ccedil;l\u0131 Avrupa&rsquo;n\u0131n k&uuml;stahl\u0131klar\u0131na CHP katlansa yanl\u0131\u015f, AKP AB i&ccedil;in can atsa do\u011fru mu oluyor?&rdquo;<\/em> diye sorunca s\u0131k\u0131\u015fan adam: <em>&ldquo;Hocam, hakikaten senin i\u015fin acele, buyur, u\u011furlayal\u0131m&rdquo;<\/em> dedi. Yoksa bu iktidar\u0131n mesela S-400&rsquo;leri almas\u0131na seviniyoruz. Als\u0131nlar tabi. Biz ABD&rsquo;ye mecbur muyuz, mahk&ucirc;m muyuz? S-400&rsquo;ler ABD&rsquo;nin verece\u011fi Patriotlardan hem ucuz yar\u0131 yar\u0131ya, hem de etkinlik sahalar\u0131 onun &uuml;&ccedil; misli. Niye almayal\u0131m? \u0130yi de, peki bir soru var. Hep konu\u015fuyorduk herkes de biliyordu. Patriotlar\u0131 ald\u0131\u011f\u0131m\u0131z zaman bunu \u0130srail&rsquo;e kar\u015f\u0131 kullanmak istesek de kullanamay\u0131z. ABD&rsquo;ye kar\u015f\u0131 kullanmak istesek de kullanamay\u0131z. Onun beynine o d&uuml;zene\u011fi yerle\u015ftirmi\u015fler. Peki, \u015fimdi soruyoruz; Rusya kendi aleyhinde bu silahlar\u0131, olur ki yar\u0131n ABD&rsquo;yle birle\u015ftiler, i\u015fte Suriye&rsquo;de birle\u015fiyorlar, pek &ccedil;ok yerde birlikte hareket ediyorlar. Bu silahlar\u0131 Rusya&rsquo;dan ald\u0131k, bunu, Rusya&rsquo;n\u0131n &uuml;lkemize y&ouml;nelik bir tehdidi oldu\u011fu yerde ona kar\u015f\u0131 kullanabilecek miyiz? Yok. Peki biz Rusya&rsquo;n\u0131n silah\u0131na mahk&ucirc;m olaca\u011f\u0131m\u0131za, ABD&rsquo;nin silah\u0131na mahk&ucirc;m olaca\u011f\u0131m\u0131za; 18 senedir niye Erbakan Hocan\u0131n temelini att\u0131\u011f\u0131, projelerini haz\u0131rlad\u0131\u011f\u0131 a\u011f\u0131r sanayi sistemlerine, projelerine sahip &ccedil;\u0131kmad\u0131n\u0131z yahu? Hi&ccedil; mi vicdan\u0131n\u0131z ve akl\u0131n\u0131z yok? Bu b&ouml;yle nereye kadar? ABD&rsquo;den kurtulduk Rusya&rsquo;n\u0131n mahk&ucirc;mu olduk! Ne anlad\u0131m ben bu i\u015ften?<\/span><\/strong><\/p>\n<p style=\"margin-bottom: 0cm; text-align: justify; text-indent: 1cm; line-height: 16pt;\"><strong><span style=\"font-size: 14pt; font-family: 'Arial', sans-serif;\">Sn. R. T. Erdo\u011fan&rsquo;\u0131n Siyonist Abraham Foxman ile Gizli Bulu\u015fmalar\u0131<\/span><\/strong><\/p>\n<p style=\"margin-bottom: 0cm; text-align: justify; text-indent: 1cm; line-height: 16pt;\"><strong><span style=\"font-size: 12pt; font-family: 'Arial', sans-serif;\">Karde\u015flerim, peki bu yanl\u0131\u015fl\u0131klar niye yap\u0131l\u0131yor? El cevap: <\/span><\/strong><strong><em><span style=\"font-size: 14pt; font-family: 'Arial', sans-serif;\">Erbakan&rsquo;dan kopar\u0131l\u0131p iktidara ta\u015f\u0131nmak i&ccedil;in hangi odaklara hangi s&ouml;zleri verdilerse, \u015fimdi o makamda oturmak i&ccedil;in bu s&ouml;zlerin arkas\u0131nda durmaya mecburlard\u0131r onun i&ccedil;in,<\/span><\/em><\/strong><span style=\"font-size: 14pt; font-family: 'Arial', sans-serif;\"> <\/span><strong><span style=\"font-size: 12pt; font-family: 'Arial', sans-serif;\">anlad\u0131n\u0131z m\u0131? Sene 2001, hen&uuml;z Milli G&ouml;r&uuml;\u015f&rsquo;ten ayr\u0131lmam\u0131\u015flard\u0131, ama tabi haz\u0131rl\u0131klar ba\u015flam\u0131\u015ft\u0131. Sabahattin &Ouml;nkibar o zaman Star gazetesinde yazmaktayd\u0131. Star gazetesi de Cem Uzan&rsquo;\u0131nd\u0131. ANA-SOL-D iktidar\u0131yd\u0131, h&uuml;k&uuml;met i&ccedil;inde istihbaratta bu &Ouml;nkibar&rsquo;\u0131n adamlar\u0131 vard\u0131. Buna bilgi s\u0131zd\u0131r\u0131yorlard\u0131. Diyorlar ki: <em>&ldquo;Bize koruma i&ccedil;in &ouml;zel g&ouml;rev verildi. Ara\u015ft\u0131rd\u0131k, merak ettik. Baz\u0131 abilerimiz gizli tutmak kayd\u0131yla bize ADL Ba\u015fkan\u0131yla R. T. Erdo\u011fan&rsquo;\u0131n bulu\u015facaklar\u0131n\u0131 s&ouml;ylediler.<\/em>&rdquo; Siyonizm&rsquo;in d&uuml;nyadaki en etkin y&ouml;netim kurumlar\u0131ndan olan ADL, s&ouml;zde Yahudi Aleyhtarl\u0131\u011f\u0131na Kar\u015f\u0131 Koyma Derne\u011fi diye tan\u0131nmaktayd\u0131. Asl\u0131nda, Siyonizm&rsquo;i de\u015fifre edenleri ortadan kald\u0131rma, etkisiz k\u0131lma yap\u0131lanmas\u0131yd\u0131&#8230; O derne\u011fin ba\u015f\u0131nda o d&ouml;nem, aslen Rus Yahudi&rsquo;si olan Abraham Henry Foxman vard\u0131. Bu adam \u0130stanbul&rsquo;a u\u011fram\u0131\u015ft\u0131. \u0130stanbul&rsquo;da Abdullah G&uuml;l ve Sn. Tayyip Erdo\u011fan&rsquo;la &ouml;zel bulu\u015fmu\u015flard\u0131. Bir saatten fazla gizli g&ouml;r&uuml;\u015fm&uuml;\u015f, anla\u015fm\u0131\u015flard\u0131. Bunu da gazetecilik damar\u0131yla Sabahattin &Ouml;nkibar o g&uuml;n gazetesinde man\u015fetten yazm\u0131\u015ft\u0131. Kendisi anlat\u0131yor; \u015fu anda sitelerde bile bulunuyor. Diyor ki: <em>&ldquo;Bunu duyunca Tayyip Bey beni arad\u0131. <\/em>Samimi oldu\u011fumuzdan bana<em>: &lsquo;Sabo, beni mahvettin!&rsquo;<\/em> diye &ccedil;\u0131k\u0131\u015ft\u0131. <em>&lsquo;Ba\u015fkan, yanl\u0131\u015f m\u0131 yapt\u0131k, iftira m\u0131 att\u0131k?&rsquo;<\/em> diye sorunca: <em>&lsquo;Y<\/em><em>ok. Ama bizim siyasi projelerimiz gere\u011fi gizli g&ouml;r&uuml;\u015fmemiz laz\u0131md\u0131. Sen bunu de\u015fifre ettin. Ben bunu kendi toplumuma, kendi taban\u0131ma ve te\u015fkilat\u0131ma nas\u0131l anlataca\u011f\u0131m?&rsquo;<\/em> diye s\u0131zland\u0131.&rdquo; Aradan bir zaman ge&ccedil;ti. Bizim Osman Yumako\u011fullar\u0131 vard\u0131, y\u0131llarca Avrupa Milli G&ouml;r&uuml;\u015f Te\u015fkilatlar\u0131 Genel Ba\u015fkanl\u0131\u011f\u0131 yapm\u0131\u015ft\u0131, f\u0131traten de temiz bir insand\u0131, gayretli bir M&uuml;sl&uuml;mand\u0131, mek&acirc;n\u0131 cennet olsun. Hepimiz insan\u0131z, farkl\u0131 konular\u0131 anlamayabiliriz. Yanl\u0131\u015f, eksiklerimiz olabilir. Sonuna kadar Hak davada sebat ve sadakat g&ouml;steren insanlardan birisiydi. En son geldi \u0130stanbul \u0130l Ba\u015fkanl\u0131\u011f\u0131m\u0131z\u0131 yapt\u0131, milletvekilimiz oldu. <\/span><\/strong><strong><span style=\"font-size: 14pt; font-family: 'Arial', sans-serif;\">&Ouml;nkibar diyor ki:<\/span><\/strong><strong><span style=\"font-size: 12pt; font-family: 'Arial', sans-serif;\"> <em>&ldquo;<\/em><em>Ankara&rsquo;dayken, Star&rsquo;\u0131n b&uuml;rosuna Osman Yumako\u011fullar\u0131 geldi. G&ouml;r&uuml;\u015fme talebini ilettiler. Hemen i&ccedil;eri ald\u0131m, &ccedil;ay\u0131n\u0131 \u0131smarlad\u0131m. Sohbet esnas\u0131nda dedi ki: &lsquo;Yahu, Sabahattin Bey, biliyor musun, sen Erbakan Hocam\u0131 h&uuml;ng&uuml;r h&uuml;ng&uuml;r a\u011flatan insans\u0131n?&rsquo; Ben merak ettim: &lsquo;Hay\u0131rd\u0131r, ben Hocama sayg\u0131 duyan bir insan\u0131m. Ne yapt\u0131m ki? Nas\u0131l a\u011flatt\u0131m?&rsquo; Dedi ki: &lsquo;O Star gazetesinde Tayyip Bey&rsquo;le, Abdullah G&uuml;l&rsquo;&uuml;n Siyonist lider Foxman&rsquo;la g&ouml;r&uuml;\u015fmelerini yazd\u0131\u011f\u0131n zaman ben de evindeydim, bir konuyu g&ouml;r&uuml;\u015fmek &uuml;zere oradayd\u0131m. Hocam\u0131z telefon etti, o gazeteyi getirdiler. G&ouml;r&uuml;p okuduktan sonra b\u0131rakt\u0131 gazeteyi, h\u0131&ccedil;k\u0131ra h\u0131&ccedil;k\u0131ra, b&ouml;yle dakikalarca a\u011flad\u0131. Hi&ccedil; g&ouml;r&uuml;lmemi\u015f bir \u015fekilde duygulanm\u0131\u015ft\u0131&#8230; Sonunda m&uuml;barek e\u015fleri Nermin Han\u0131mefendi annemiz, geldi dedi ki: Yahu bir doktor mu &ccedil;a\u011f\u0131rsak? Bir teskin edici i\u011fne falan m\u0131 yapt\u0131rsak? Hi&ccedil; Hocam\u0131z\u0131 biz bu halde g&ouml;rmedik!&rsquo; <\/em><\/span><\/strong><strong><span style=\"font-size: 14pt; font-family: 'Arial', sans-serif;\">Nihayet Hocam\u0131z kendine geldi ve dedi ki:<\/span><\/strong><strong><em><span style=\"font-size: 12pt; font-family: 'Arial', sans-serif;\"> &lsquo;Yanl\u0131\u015f anlamay\u0131n ha! \u0130ki eleman\u0131m\u0131z, d&uuml;nyay\u0131 y&ouml;neten \u015feytani g&uuml;&ccedil;lerle i\u015f birli\u011fi yap\u0131yor. Bizim partimiz iki eleman kaybediyor diye a\u011flam\u0131yorum. Ya? \u0130man\u0131n, \u0130slam&rsquo;\u0131n, davan\u0131n, Hakk\u0131n ve hayr\u0131n ne oldu\u011funu bile bile; Siyonizm&rsquo;in, \u015eeytanizmin, Deccalizmin b&uuml;t&uuml;n insanl\u0131\u011fa, M&uuml;sl&uuml;manlara neler &ccedil;ektirdi\u011fini bile bile, bir insan d&uuml;nyal\u0131k makam ve menfaat h\u0131rs\u0131yla gider bunlarla i\u015f birli\u011fi yaparsa ahireti gider, mahvolur. Ahiretlerini nas\u0131l y\u0131kar bir insan? Buna a\u011fl\u0131yorum.&rdquo;<\/span><\/em><\/strong><span style=\"font-size: 12pt; font-family: 'Arial', sans-serif;\"> <\/span><\/p>\n<p style=\"margin-bottom: 0cm; text-align: justify; text-indent: 1cm; line-height: 16pt;\"><strong><span style=\"font-size: 14pt; font-family: 'Arial', sans-serif;\">Hatta ayn\u0131 Foxman, yan\u0131lm\u0131yorsam 2007 veya 2008 olmas\u0131 laz\u0131md\u0131,<\/span><\/strong><strong><span style=\"font-size: 12pt; font-family: 'Arial', sans-serif;\"> bu sefer, yine ADL Ba\u015fkan\u0131yd\u0131. ADL deyip ge&ccedil;meyin ha!.. ABD&rsquo;de devlet ba\u015fkanlar\u0131n\u0131n, bakanlar\u0131n, kongre &uuml;yesi kodamanlar\u0131n bile dan\u0131\u015fmadan i\u015f yapamayacaklar\u0131 te\u015fkilattan bahsediyorum&#8230; Ad\u0131 dernek diye &ouml;yle basit bir kurulu\u015f zannetmeyin&hellip; \u0130\u015fte bu ADL Sn. Erdo\u011fan&rsquo;a; yani tarihinde ilk defa M&uuml;sl&uuml;man bir lidere, bu Siyonist merkezler Cesaret &Ouml;d&uuml;l&uuml; takt\u0131lar de\u011fil mi? Sn. Erdo\u011fan ve yanda\u015f tak\u0131m\u0131 &ouml;nce birka&ccedil; y\u0131l bir k\u0131s\u0131m tepkilere kulak t\u0131kad\u0131lar. <em>&ldquo;Bunu geri ver&rdquo; <\/em>falan diyenlere ald\u0131rmad\u0131lar. Daha sonra \u0131srarl\u0131 bask\u0131lar &uuml;zerine bir a&ccedil;\u0131klama da yapmad\u0131lar. O zamanlar Ba\u015fbakand\u0131. Sadece bir k\u0131s\u0131m yanda\u015f yazarlar; <em>&ldquo;Bak\u0131n i\u015fte, nihayet Sn. Erdo\u011fan bu &ouml;d&uuml;l&uuml; geri verdi&rdquo;<\/em> \u015feklinde yaz\u0131lar yazd\u0131lar. Ama sonra bir haber ald\u0131k ki, yine AKP i&ccedil;inde k&uuml;melenmi\u015f Siyonist mihraklar\u0131n temsilcileri bunlara diyorlar ki: <em>&ldquo;Sak\u0131n ha, sen bunu geri verirsen Siyonizm&rsquo;e hakaret say\u0131l\u0131r, seni burada bir dakika tutmazlar ha!&rdquo;<\/em> Madem verdim gibi yapt\u0131n, &ouml;yle kals\u0131n! Daha sonra MHP&rsquo;li bir milletvekili mecliste &ouml;nerge verdi; <em>&ldquo;Bu &ccedil;ok konu\u015fuluyor, nedir bunun asl\u0131? Geri verdin mi, vermedin mi?&rdquo;<\/em> dedi. Kendileri cevap vermediler, D\u0131\u015fi\u015fleri Bakan\u0131 a&ccedil;\u0131klama yapt\u0131: <em>&ldquo;ADL taraf\u0131ndan Sn. Ba\u015fbakana takdim edilen onur belgesinin geri verilmesiyle ilgili prosed&uuml;rlerin yerine getirilmesi hususunda Washington Ba\u015fkonsolosumuz &ccedil;al\u0131\u015fmalara ba\u015flam\u0131\u015ft\u0131r!&rdquo;<\/em> Yahu, sorunun cevab\u0131 bu de\u011fil ki, verdin mi, vermedin mi? H&acirc;l&acirc; cevab\u0131 yok. Bir k\u0131yas yap\u0131ls\u0131n diye hat\u0131rlat\u0131yorum: <\/span><\/strong><strong><span style=\"font-size: 14pt; font-family: 'Arial', sans-serif;\">Bak\u0131n, insani bir haysiyet ve hassasiyet olarak s&ouml;yl&uuml;yorum.<\/span><\/strong><strong><span style=\"font-size: 12pt; font-family: 'Arial', sans-serif;\"> Amerika&rsquo;n\u0131n &ccedil;ok me\u015fhur, Yahudi sermayeli bir dergisi vard\u0131r; <\/span><\/strong><strong><span style=\"font-size: 14pt; font-family: 'Arial', sans-serif;\">Newsweek Dergisi<\/span><\/strong><strong><span style=\"font-size: 12pt; font-family: 'Arial', sans-serif;\">. O derginin edit&ouml;r&uuml; Fareed Zakaria; Zakaria ismini Yahudiler de kullan\u0131r. O derginin genel yay\u0131n y&ouml;netmeni olan bu Fareed Zakaria, o da ayn\u0131 &ouml;d&uuml;l&uuml; alm\u0131\u015ft\u0131 bir d&ouml;nem. 11 Eyl&uuml;l hadisesinden sonra bir teklif getirildi Amerika&rsquo;n\u0131n y&ouml;netimine ki; <em>&ldquo;Efendim, y\u0131k\u0131lan \u0130kiz Kulelerin su&ccedil;lusu b&uuml;t&uuml;n M&uuml;sl&uuml;manlar de\u011fil. Bunu bir k\u0131s\u0131m &ouml;rg&uuml;tler yapt\u0131lar. Bizim M&uuml;sl&uuml;manlarla bir d&uuml;\u015fmanl\u0131\u011f\u0131m\u0131z s&ouml;z konusu de\u011fil&rdquo;<\/em> havas\u0131 vermek i&ccedil;in. <em>&ldquo;\u0130kiz Kulelerin bir yerine bir \u0130slami merkez kural\u0131m, i&ccedil;inde camisi de olsun&rdquo;<\/em> diye bir teklif getirildi. Bu teklife ADL \u0131srarla kar\u015f\u0131 &ccedil;\u0131kt\u0131 hemen. ADL bu teklife kar\u015f\u0131 &ccedil;\u0131kt\u0131\u011f\u0131 i&ccedil;in, kendisi de Yahudi olmas\u0131na ra\u011fmen onlardan &ouml;d&uuml;l alan Fareed Zakaria bu &ouml;d&uuml;l&uuml; ve 10.000 dolarl\u0131k para &ouml;d&uuml;l&uuml;n&uuml; geri iade etti. Haysiyeti, hassasiyeti g&ouml;r&uuml;yor musunuz? <\/span><\/strong><strong><span style=\"font-size: 14pt; font-family: 'Arial', sans-serif;\">Haydi, burada biraz i\u015fi yumu\u015fatay\u0131m. Atat&uuml;rk&rsquo;&uuml;n bir at\u0131 vard\u0131, ismi Sakarya, bir de k&ouml;pe\u011fi vard\u0131, ismi Fox idi.<\/span><\/strong><strong><span style=\"font-size: 12pt; font-family: 'Arial', sans-serif;\"> Bir noktaya dikkatinizi &ccedil;ekmek istiyorum. At\u0131n\u0131n ad\u0131 Sakarya&hellip; Sakarya&rsquo;y\u0131 biz unutsak bile g&acirc;vur unutmaz. Sakarya ne anlama gelir onlar bilir. Erbakan Hocam ger&ccedil;ek \u015fuurlu Milli G&ouml;r&uuml;\u015f&ccedil;&uuml; nas\u0131l olur, kimdir? Anlat\u0131rken; <em>&ldquo;Sakarya&rsquo;n\u0131n siperlerinden ge&ccedil;meyen bilemez&rdquo;<\/em> buyururlard\u0131. Fox ise \u0130ngilizcede tilki demektir. &ldquo;Foxman&rdquo; daha &ccedil;ok Avrupal\u0131 ve &ouml;zellikle de Siyonizm kar\u015f\u0131t\u0131 entelekt&uuml;el tabaka taraf\u0131ndan <em>&ldquo;<\/em><\/span><\/strong><strong><em><span style=\"font-size: 14pt; font-family: 'Arial', sans-serif;\">sinsi, Siyonist ve hain Yahudilerin<\/span><\/em><\/strong><strong><em><span style=\"font-size: 12pt; font-family: 'Arial', sans-serif;\"> bir s\u0131fat\u0131&rdquo;<\/span><\/em><\/strong><strong><span style=\"font-size: 12pt; font-family: 'Arial', sans-serif;\"> olarak an\u0131l\u0131rd\u0131. Atat&uuml;rk de bunu bildi\u011fi i&ccedil;in k&ouml;pe\u011fine <em>&ldquo;Fox&rdquo;<\/em> diyor. Hani ucuz kahramanl\u0131klar yaparak Atat&uuml;rk&rsquo;&uuml;n aleyhinde at\u0131p tutanlar\u0131n bile \u0130slamc\u0131l\u0131k rol&uuml; oynad\u0131\u011f\u0131 bir ortamda, mukayese f\u0131rsat\u0131 sunal\u0131m diye s&ouml;yl&uuml;yorum ha! Bir tarafta onur madalyas\u0131n\u0131 koynunda, boynunda ta\u015f\u0131yanlar; bir tarafta Fox ismini k&ouml;pe\u011fine takanlar!.. <\/span><\/strong><\/p>\n<p style=\"margin-bottom: 0cm; text-align: justify; text-indent: 1cm; line-height: 16pt;\"><strong><span style=\"font-size: 14pt; font-family: 'Arial', sans-serif;\">Bu Fetullah G&uuml;len de ayn\u0131 ekibin, yani Siyonist ADL&rsquo;nin adam\u0131yd\u0131, daha do\u011frusu ayn\u0131 ekiplerin &uuml;&ccedil;&uuml;nc&uuml; s\u0131n\u0131f ajan\u0131yd\u0131.<\/span><\/strong><strong><span style=\"font-size: 12pt; font-family: 'Arial', sans-serif;\"> Yoksa Yahudi gelip Feto gibileri adam yerine koymazd\u0131; &uuml;&ccedil;&uuml;nc&uuml; s\u0131n\u0131f bir eleman\u0131 olarak kullan\u0131rd\u0131. Tarih veriyorum; internete giriniz, 20 Kas\u0131m 1992 tarihli Zaman gazetesine bak\u0131n\u0131z. Orada bir yazar ADL&rsquo;yi anlat\u0131yor. <em>&ldquo;ADL Siyonizm&rsquo;in bir \u015febekesi olarak yery&uuml;z&uuml;nde zul&uuml;m sistemini kurmak i&ccedil;in &ouml;yle b&uuml;y&uuml;k cinayetler i\u015flemi\u015ftir ki;&rdquo;<\/em> deyip tek tek say\u0131yor. <em>&ldquo;D&uuml;nyan\u0131n en tehlikeli ter&ouml;r &ouml;rg&uuml;tlerini bunlar besliyor!&rdquo;<\/em> diyor. Zaman yaz\u0131yor bunlar\u0131. Aradan 6 sene ge&ccedil;mi\u015f, sene 1998. Ayn\u0131 Zaman gazetesi, bu sefer Siyonist ADL&rsquo;yi &ouml;ve &ouml;ve bitiremiyor. Tabi akl\u0131n\u0131 fikrini kullanmadan, affedersin; bir s&uuml;r&uuml; b&ouml;yle robotla\u015ft\u0131r\u0131lm\u0131\u015f manyaklar olursan\u0131z, hi&ccedil;bir \u015feyin fark\u0131na varamazs\u0131n\u0131z. Ayn\u0131 Zaman gazetesi diyor ki: <em>&ldquo;D&uuml;nyan\u0131n en b&uuml;y&uuml;k, en &ouml;nemli stratejik kurulu\u015flar\u0131ndan ADL ba\u015fkan\u0131, b&uuml;y&uuml;k ilim adam\u0131 Fetullah G&uuml;len&rsquo;le bulu\u015ftular. Ve Fetullah&rsquo;\u0131n Ho\u015fg&ouml;r&uuml; kitab\u0131n\u0131 \u0130ngilizceye &ccedil;evirip da\u011f\u0131tmak karar\u0131 ald\u0131lar.&rdquo;<\/em> Bunu okuyanlar da demiyor ki: <em>&ldquo;Yahu, sen 6 sene &ouml;nce; &lsquo;bunlar d&uuml;nyan\u0131n en b&uuml;y&uuml;k \u015fer \u015febekesi, cinayet merkezi&rsquo; dedin. \u015eimdi nas\u0131l oluyor da ayn\u0131 cinayet \u015febekesi ADL, <\/em><\/span><\/strong><strong><em><span style=\"font-size: 14pt; font-family: 'Arial', sans-serif;\">Feto&rsquo;nun<\/span><\/em><\/strong><strong><em><span style=\"font-size: 12pt; font-family: 'Arial', sans-serif;\"> kitab\u0131n\u0131<\/span><\/em><\/strong><strong><span style=\"font-size: 12pt; font-family: 'Arial', sans-serif;\"> <em>\u0130ngilizce yay\u0131nl\u0131yordu?&rdquo; <\/em>-Kitab\u0131 da o yazmam\u0131\u015ft\u0131, Yahudi&rsquo;ler yazm\u0131\u015ft\u0131 da onun imzas\u0131yla da\u011f\u0131t\u0131yordu- <\/span><\/strong><strong><span style=\"font-size: 14pt; font-family: 'Arial', sans-serif;\">\u015eimdi bize diyorlar ki;<\/span><\/strong><strong><em><span style=\"font-size: 12pt; font-family: 'Arial', sans-serif;\"> &ldquo;Yav, Milli &Ccedil;&ouml;z&uuml;m Ekibi, siz de herkese &ccedil;ok kar\u0131\u015f\u0131yorsunuz! Haddinizi bilmiyorsunuz, onun i&ccedil;in kimse sizi sevmiyor!&rdquo;<\/span><\/em><\/strong><strong><span style=\"font-size: 12pt; font-family: 'Arial', sans-serif;\"> Yok, ondan de\u011fil. Herkesin foyas\u0131n\u0131 ortaya d&ouml;kt&uuml;\u011f&uuml;m&uuml;z i&ccedil;in, boyas\u0131n\u0131 cilas\u0131n\u0131 s&ouml;k&uuml;p ger&ccedil;ek ayar\u0131n\u0131 de\u015fifre etti\u011fimiz i&ccedil;in bizi sevmiyorlar. <\/span><\/strong><\/p>\n<p style=\"margin-bottom: 0cm; text-align: justify; text-indent: 1cm; line-height: 16pt;\"><strong><span style=\"font-size: 12pt; font-family: 'Arial', sans-serif;\">\u015eu HSBC Bankas\u0131 var ya; o banka da Rothschild&rsquo;lerin, Siyonist Yahudi sermayesinindir. &Ouml;nce Hong Kong&rsquo;da kuruldu, sonra buray\u0131 &Ccedil;in&rsquo;den ay\u0131rd\u0131lar, \u0130ngiliz Yahudilerine verdiler. Kurulu\u015f sermayesi de eroin ve afyon ka&ccedil;ak&ccedil;\u0131l\u0131k paras\u0131d\u0131r. Ve \u015fimdi ne hikmetse merhamete gelmi\u015fler, ayn\u0131 banka ve onun etraf\u0131ndakiler T&uuml;rkiye&rsquo;deki en b&uuml;y&uuml;k ihalelerin, bizim bu Akkuyu N&uuml;kleer Tesisleri&rsquo;ne kadar, bir&ccedil;o\u011funun alt\u0131ndan bunlar &ccedil;\u0131kmaktad\u0131r. <\/span><\/strong><\/p>\n<p style=\"margin-bottom: 0cm; text-align: justify; text-indent: 1cm; line-height: 16pt;\"><strong><span style=\"font-size: 14pt; font-family: 'Arial', sans-serif;\">Maalesef &uuml;lkemizde halk\u0131n AKP gibi din istismarc\u0131s\u0131 ve devlet tahribat&ccedil;\u0131s\u0131 partilere s\u0131\u011f\u0131nmas\u0131n\u0131n ve sar\u0131lmas\u0131n\u0131n bir sebebi de;<\/span><\/strong><strong><span style=\"font-size: 12pt; font-family: 'Arial', sans-serif;\"> 1- A&ccedil;\u0131k&ccedil;a din d&uuml;\u015fmanl\u0131\u011f\u0131n\u0131 marifet sayan baz\u0131 parti, dernek veya ekiplerin \u015farlatanl\u0131\u011f\u0131. Bunlar\u0131 dinleyen millet diyor ki: <em>&ldquo;Yahu bunlar gelece\u011fine, yine AKP&rsquo;ye bin \u015f&uuml;k&uuml;r karde\u015fim.&rdquo;<\/em> Ve tabi, perde arkas\u0131nda s&ouml;zde bu muhalefetin yular\u0131n\u0131 elinde tutan odaklar da onlara bu g&ouml;revi veriyor. Niye? <em>&ldquo;&Ccedil;&uuml;nk&uuml; AKP&rsquo;nin oy almas\u0131 ve iktidarda kalmas\u0131 i&ccedil;in sizin b&ouml;yle davranman\u0131z, b&ouml;yle konu\u015fman\u0131z laz\u0131m.&rdquo;<\/em> Yahu ger&ccedil;ekten, hi&ccedil; d&uuml;\u015f&uuml;nm&uuml;yor mu bu insanlar? Niye Erbakan, 3-4 kere iktidarlar\u0131n kenar\u0131ndan k&ouml;\u015fesinden ortak oldu diye, ihtilallerle y\u0131kmaya kalk\u0131\u015ft\u0131lar? En son, di\u015fiyle t\u0131rna\u011f\u0131yla ula\u015ft\u0131\u011f\u0131 Refah-Yol iktidar\u0131n\u0131n 11 ay y&ouml;netimde kalmas\u0131na dayanamad\u0131lar. Niye Erbakan&rsquo;a 11 ay dayanamayanlar, 5 partisini kapatanlar, niye S&uuml;leyman Demirel&rsquo;e 20 sene m&uuml;hlet tan\u0131d\u0131lar? Niye &Ouml;zal&rsquo;a o kadar imk&acirc;n, f\u0131rsat sundular? Niye 18 senedir AKP&rsquo;nin yular\u0131n\u0131 bu kadar uzat\u0131yorlar, niye? <\/span><\/strong><strong><span style=\"font-size: 14pt; font-family: 'Arial', sans-serif;\">\u0130kincisi;<\/span><\/strong><strong><span style=\"font-size: 12pt; font-family: 'Arial', sans-serif;\"> <em>&ldquo;Biz de muhafazak&acirc;r\u0131z, dindar\u0131z, M&uuml;sl&uuml;man\u0131z&rdquo;<\/em> deyip de hi&ccedil; gere\u011fi yokken AKP&rsquo;yi \u0130slamc\u0131l\u0131kla, \u015feriat&ccedil;\u0131l\u0131kla su&ccedil;layanlar; &ldquo;Bak, \u015feriat geliyor ha&rdquo; diye y\u0131rt\u0131nanlar AKP&rsquo;yi ayakta tutmaktad\u0131r. Yahu, ne al&acirc;kas\u0131 var? AB&rsquo;nin pe\u015finde s&uuml;r&uuml;klenen, onlar\u0131n ahl&acirc;ks\u0131z kanunlar\u0131n\u0131 tek tek meclisi noter haline getirip ge&ccedil;iren partiden \u015feriat&ccedil;\u0131 parti olur mu? Hay\u0131r! Bunlar\u0131n g&ouml;revleri, b&ouml;yle g&ouml;sterip bu sistemin devam\u0131n\u0131 ve kendi &ouml;zel &ccedil;\u0131karlar\u0131n\u0131n garanti alt\u0131na al\u0131nmas\u0131n\u0131 sa\u011flamakt\u0131r. Sa\u011fc\u0131s\u0131, solcusu, din istismarc\u0131s\u0131, bunlar\u0131n hepsinin g&uuml;nah\u0131 ortakt\u0131r&hellip;<\/span><\/strong><\/p>\n<p style=\"margin-bottom: 0cm; text-align: justify; text-indent: 1cm; line-height: 16pt;\"><strong><span style=\"font-size: 14pt; font-family: 'Arial', sans-serif;\">&ldquo;\u0130stanbul S&ouml;zle\u015fmesi&rdquo; Ahl&acirc;ki ve Ailevi yap\u0131m\u0131z\u0131 tahrip anla\u015fmas\u0131d\u0131r!<\/span><\/strong><\/p>\n<p style=\"margin-bottom: 0cm; text-align: justify; text-indent: 1cm; line-height: 16pt;\"><strong><span style=\"font-size: 12pt; font-family: 'Arial', sans-serif;\">En son 2011 senesinde Avrupa&rsquo;n\u0131n dayatmas\u0131yla LGBT, af buyurun, lezbiyenler, gaylar, e\u015fcinseller, her t&uuml;rl&uuml; ahl&acirc;ks\u0131zl\u0131\u011f\u0131 mubah g&ouml;ren, hayvanlar\u0131n bile tenezz&uuml;l etmedi\u011fi &ccedil;irkinlikleri ve pislikleri i\u015fleyen sapk\u0131nlar\u0131n&hellip; \u0130\u015fte bunlar\u0131n haklar\u0131n\u0131n korunmas\u0131 i&ccedil;in, <em>Kad\u0131na \u015eiddeti &Ouml;nleme<\/em> k\u0131l\u0131fl\u0131 uzun maddeleri olan bir s&ouml;zle\u015fme, \u0130stanbul S&ouml;zle\u015fmesi imzaland\u0131. 2014&rsquo;te resmen ve fiilen y&uuml;r&uuml;rl&uuml;\u011fe girdi. Defalarca a&ccedil;\u0131klad\u0131k, yazd\u0131k. Bunun i&ccedil;erisinde &ouml;yle maddeler var ki, bizim T&uuml;rk aile yap\u0131s\u0131n\u0131, \u0130slam ahl&acirc;k\u0131n\u0131 temelinden y\u0131kacakt\u0131r. Birka&ccedil; tanesini hat\u0131rlatay\u0131m: <em>&ldquo;LGBT&rsquo;lilerin hak ve h&uuml;rriyetlerini, serbest cinsi m&uuml;nasebetlerini engelleyici s&ouml;zde namus kavram\u0131, din kavram\u0131 gibi \u015feylerle e\u011fer bu kanunlar\u0131m\u0131z &ccedil;at\u0131\u015f\u0131rsa, bu kanunlar ge&ccedil;erli ve &uuml;st&uuml;n olacak, din-namus mefhumu ortadan kald\u0131r\u0131lacak&rdquo;<\/em> deniliyor. <em>&ldquo;Din de\u011fi\u015fecek, bunlar devam edecek&rdquo;<\/em> diye dayat\u0131l\u0131yor. LGBT&rsquo;lilere ve s&ouml;zde &ouml;zg&uuml;r ya\u015famak isteyen han\u0131mefendilere&hellip; Bir kad\u0131n evine gece yar\u0131s\u0131 gitse ve kocas\u0131: &ldquo;Han\u0131m 4 saattir neredesin?&rdquo; diye sesini y&uuml;kseltemez! Psikolojik bask\u0131 say\u0131l\u0131r. Y&uuml;z&uuml;n&uuml; ek\u015fitemez, a\u011f\u0131r s&ouml;z s&ouml;yleyemez. Kad\u0131n karakola m&uuml;racaat etti\u011fi an adam\u0131 i&ccedil;eri, kendini kad\u0131n s\u0131\u011f\u0131nma evine g&ouml;nderirler. Yahu, bir toplumun aile yap\u0131s\u0131 daha ba\u015fka nas\u0131l y\u0131k\u0131l\u0131r? Bu arada, elbette kad\u0131na \u015fiddet ve zahmet; de\u011fil M&uuml;sl&uuml;manl\u0131\u011f\u0131n, insanl\u0131\u011f\u0131n kabul etmedi\u011fi bir \u015feydir. Ama bu maddelerin ve d&uuml;zenlemelerin derdi davas\u0131 toplumun temel dayanaklar\u0131n\u0131 y\u0131kmakt\u0131r. Hatta bir k\u0131s\u0131m bask\u0131lar &uuml;zerine Sn. Erdo\u011fan bir ara kof bir hava at\u0131p: <em>&ldquo;Can\u0131m, tamam anlad\u0131k. Olmazsa Allah kanunu de\u011fil ya, de\u011fi\u015ftiririz, vazge&ccedil;eriz&rdquo;<\/em> demi\u015fti. H&acirc;l&acirc; vazge&ccedil;ti\u011fi yok. Niye ge&ccedil;emiyor? Vazge&ccedil;ti\u011fi an Avrupa Konseyi diyor ki: &ldquo;Senin &uuml;yelik s&uuml;recini ask\u0131ya al\u0131r\u0131m!&rdquo; Evet sonunda \u0130stanbul S&ouml;zle\u015fmesi&#8217;ni feshetti\u011fini a&ccedil;\u0131klam\u0131\u015ft\u0131 ama bu sefer de ayn\u0131 maddeler farkl\u0131 k\u0131l\u0131flara sar\u0131larak Ankara Mutabakat\u0131&#8217;na aktar\u0131lm\u0131\u015ft\u0131.<\/span><\/strong><\/p>\n<p style=\"margin-bottom: 0cm; text-align: justify; text-indent: 1cm; line-height: 16pt;\"><strong><span style=\"font-size: 14pt; font-family: 'Arial', sans-serif;\">\u015eimdi gelelim &uuml;lkemizdeki son duruma ve bununla bitirelim.<\/span><\/strong><strong><span style=\"font-size: 12pt; font-family: 'Arial', sans-serif;\"> Bu Siyonist \u0130srail, bu ter&ouml;rist \u0130srail bir devlet de\u011fildir, hi&ccedil;bir zaman olamad\u0131 ve olamayacak. \u0130srail bir ter&ouml;r \u015febekesidir, devlet k\u0131l\u0131f\u0131 ge&ccedil;irilmi\u015f bir ter&ouml;r merkezidir. Her g&uuml;n bunlar\u0131n barbarl\u0131\u011f\u0131, zul&uuml;mk&acirc;rl\u0131\u011f\u0131, sald\u0131rganl\u0131\u011f\u0131 uykular\u0131m\u0131z\u0131 ka&ccedil;\u0131r\u0131yor de\u011fil mi? Zorla i\u015fgal ettikleri, g&uuml;ya BM&rsquo;nin bile <em>&ldquo;burada yeni oturum yerleri kuramazs\u0131n&rdquo;<\/em> dedi\u011fi yerleri zorla imara a&ccedil;\u0131yorlar. Filistinlilerin bir s\u0131\u011f\u0131nacak evleri kalm\u0131\u015f, kafalar\u0131n\u0131 sokmu\u015flar. Onlar\u0131n 2 katl\u0131, 3 katl\u0131, 4 katl\u0131 evlerine her g&uuml;n buldozerleri day\u0131yorlar, y\u0131k\u0131yorlar, i&ccedil;indeki &ccedil;ocuklar\u0131, ihtiyarlar\u0131, kad\u0131nlar\u0131 ve &ccedil;\u0131kamayanlar\u0131 da &ouml;ld&uuml;r&uuml;yorlar. Zaten &ccedil;\u0131k\u0131p da kar\u015f\u0131 koyanlar\u0131 da kur\u015funa diziyorlar. Yahu 50 kere hat\u0131rlatt\u0131k, ey Sn. Cumhurba\u015fkan\u0131, ey dindar kahraman! Hi&ccedil; de\u011filse \u0130srail&rsquo;le imzalad\u0131\u011f\u0131n \u015fu normalle\u015fme anla\u015fmas\u0131n\u0131 iptal et be yahu! \u015eu Siyonist zalimlerin, Filistinlilere yapt\u0131\u011f\u0131 zul&uuml;mler &ccedil;ok mu normal? Bu nas\u0131l normalle\u015fme? <\/span><\/strong><strong><span style=\"font-size: 14pt; font-family: 'Arial', sans-serif;\">Normalle\u015fme anla\u015fmas\u0131 demek;<\/span><\/strong><strong><span style=\"font-size: 12pt; font-family: 'Arial', sans-serif;\"> <em>\u0130srail&rsquo;in i\u015fini kolayla\u015ft\u0131racak tav\u0131r tak\u0131nma<\/em> anla\u015fmas\u0131 demektir. Mescid-i Aksa&rsquo;n\u0131n alt\u0131n\u0131 oyuyorlar, ad\u0131m ad\u0131m y\u0131k\u0131l\u0131\u015f\u0131n\u0131 haz\u0131rl\u0131yorlar. H&acirc;l&acirc; baz\u0131 AKP&rsquo;li yanda\u015flar: <em>&ldquo;Bu Milli &Ccedil;&ouml;z&uuml;m Dergisi yalan s&ouml;yl&uuml;yor, uyduruyor bunlar\u0131. Kim mescidin alt\u0131n\u0131 oyabilir?&rdquo;<\/em> diye y\u0131rt\u0131n\u0131yorlar. Temmuz 2019&rsquo;da, ABD&rsquo;den Avrupa&rsquo;n\u0131n her taraf\u0131ndan, Rusya&rsquo;dan &ouml;zel Yahudi hahamlar\u0131 geldiler, Mescid-i Aksa&rsquo;n\u0131n alt\u0131ndan a&ccedil;\u0131lan, ta A\u011flama Duvar\u0131&rsquo;na kadar oyulmu\u015f kap\u0131s\u0131 olan o &ouml;zel koridorun a&ccedil;\u0131l\u0131\u015f merasimini yapt\u0131lar.<\/span><\/strong><\/p>\n<p style=\"margin-bottom: 0cm; text-align: justify; text-indent: 1cm; line-height: 16pt;\"><strong><span style=\"font-size: 14pt; font-family: 'Arial', sans-serif;\">Akdeniz&rsquo;den ku\u015fat\u0131lm\u0131\u015f durumdayd\u0131k!.. <\/span><\/strong><\/p>\n<p style=\"margin-bottom: 0cm; text-align: justify; text-indent: 1cm; line-height: 16pt;\"><strong><span style=\"font-size: 12pt; font-family: 'Arial', sans-serif;\">\u015eu K\u0131br\u0131s&rsquo;\u0131 ve Akdeniz&rsquo;deki haklar\u0131m\u0131z\u0131, deniz alt\u0131ndaki zenginlik kaynaklar\u0131m\u0131z\u0131, do\u011falgaz\u0131m\u0131z\u0131 s&ouml;m&uuml;rmek i&ccedil;in Yunanistan, G&uuml;ney K\u0131br\u0131s Rum Kesimi, \u0130srail ve ABD, M\u0131s\u0131r&rsquo;\u0131 da kendilerine alet edip anla\u015fma yapt\u0131lar. Ben kula\u011f\u0131mla \u015fahit oldum, ba\u015fka konu\u015fmalar\u0131 da vard\u0131r. Sn. Cumhurba\u015fkan\u0131 ikide bir &ccedil;\u0131k\u0131yor, bu konuyla ilgili Rum Kesimi&rsquo;ne at\u0131p tutuyor, g&uuml;ya g&ouml;zda\u011f\u0131 veriyor&#8230; Ard\u0131ndan Yunanistan&rsquo;a at\u0131p tutuyor. Ama bir sefer olsun \u0130srail&rsquo;i a\u011fz\u0131na alm\u0131yor. Yahu, i\u015fin i&ccedil;inde as\u0131l \u0130srail var, bu Yunanistan&rsquo;\u0131 falan hep o kullan\u0131yor. \u0130srail ve ABD&rsquo;ye niye &ccedil;atm\u0131yorsun? Sadece Yunanistan&rsquo;\u0131, G&uuml;ney K\u0131br\u0131s&rsquo;\u0131 konu\u015fuyorsun. Bu anla\u015fma sadece bir do\u011falgaz &ccedil;\u0131karma ama&ccedil;l\u0131 bir ticari anla\u015fma falan san\u0131lmas\u0131n. Bak\u0131n\u0131z Girit&rsquo;i verdiler \u0130srail&rsquo;e, \u015fimdi Siyonist &ccedil;ete Girit&rsquo;te askeri &uuml;s kuruyor. Niye? <\/span><\/strong><strong><span style=\"font-size: 14pt; font-family: 'Arial', sans-serif;\">Aziz Erbakan Hocam\u0131z ne diyordu?<\/span><\/strong><strong><em><span style=\"font-size: 12pt; font-family: 'Arial', sans-serif;\"> &ldquo;K\u0131br\u0131s, hem Anadolu&rsquo;nun korunmas\u0131n\u0131n Akdeniz&rsquo;deki son kalesidir. Hem de \u0130srail&rsquo;in kendi g&uuml;venli\u011fini sa\u011flamas\u0131n\u0131n garantisidir. Onun i&ccedil;in biz oraya girdik, her an T&uuml;rkiye&rsquo;ye yap\u0131lacak m&uuml;dahalelere kar\u015f\u0131 batmayan bir sava\u015f gemisi olarak sahip &ccedil;\u0131kt\u0131k. O zaman da en &ccedil;ok \u0130srail tutu\u015ftu, aleyhimizde kampanya ba\u015flatt\u0131. Niye? \u0130srail&rsquo;in korunmas\u0131 i&ccedil;in Akdeniz&rsquo;in kap\u0131s\u0131 K\u0131br\u0131s&rsquo;\u0131n ellerinde ve g&uuml;d&uuml;mlerinde olmas\u0131 gerekir!&rdquo;<\/span><\/em><\/strong><strong><span style=\"font-size: 12pt; font-family: 'Arial', sans-serif;\"> diye&hellip; \u015eimdi vazge&ccedil;tik K\u0131br\u0131s&rsquo;tan; Girit&rsquo;i de verdiler. Girit&rsquo;te \u015fu anda \u0130srail &uuml;s kurmu\u015f vaziyette. &Uuml;stelik S-400&rsquo;lerin bir alt\u0131 S-300&rsquo;ler en &ccedil;ok Yunanistan&rsquo;\u0131n elinde, o da NATO &uuml;lkesi. Kimse &ccedil;\u0131k\u0131p da: &ldquo;Yahu senin bu S-300&rsquo;lerin bize yaramaz&rdquo; demiyor. Kimse bunlar\u0131 diline getirmiyor. Yahu g&acirc;vurlardan vazge&ccedil;tik, T&uuml;rk yetkililerden bir ki\u015fi bile bunu s&ouml;ylemiyor. Bilmiyor de\u011fil, bilirler ha. \u015eu anda Yunanistan&rsquo;\u0131n savunma f&uuml;zelerinin &ccedil;o\u011fu S-300&rsquo;lerdir. Ama kimse onlara kar\u0131\u015fm\u0131yor. <\/span><\/strong><\/p>\n<p style=\"margin-bottom: 0cm; text-align: justify; text-indent: 1cm; line-height: 16pt;\"><strong><span style=\"font-size: 14pt; font-family: 'Arial', sans-serif;\">Hat\u0131rlayacaks\u0131n\u0131z, bir \u0130ngiliz diplomat vard\u0131,<\/span><\/strong><strong><span style=\"font-size: 12pt; font-family: 'Arial', sans-serif;\"> hatta bir ara Bakanl\u0131k da yapm\u0131\u015ft\u0131; George Galloway diye bir adam. ABD&rsquo;ye gitti, ABD&rsquo;nin kongresinde hesaba &ccedil;ekildi, niye? <em>ABD&rsquo;nin haks\u0131z yere, yalan yere Irak&rsquo;\u0131 i\u015fgal etti\u011fini savundu\u011fu ve bunu belgelerle ortaya koydu\u011fu i&ccedil;in.<\/em> Hatta bu \u0130ngiliz, ABD kongresinde \u015funlar\u0131 s&ouml;yledi: <em>&ldquo;Ben, belgelerimle bunlar\u0131n yalan oldu\u011funu, iftira oldu\u011funu; Irak&rsquo;\u0131 i\u015fgal etmek, M&uuml;sl&uuml;manlar\u0131 katletmek i&ccedil;in uydurdu\u011funuzu, oran\u0131n petrollerini ele ge&ccedil;irmek i&ccedil;in ve k\u0131smen de olsa &Ccedil;in geli\u015fiyor, &Ccedil;in&rsquo;in petrol ihtiyac\u0131 da Irak&rsquo;tan kar\u015f\u0131lan\u0131yor, bu ba\u011f\u0131 koparmak i&ccedil;in Irak&rsquo;a sokuldu\u011funuzu biliyorum. Sebepsiz, as\u0131ls\u0131z, g&uuml;nahs\u0131z yere y&uuml;z binlerce insan\u0131 katlettiniz. Koca bir medeniyeti mahvettiniz. O g&uuml;nden bug&uuml;ne, efendim g&uuml;ya kitle imha silahlar\u0131 varm\u0131\u015f, hi&ccedil;birine rastlayamad\u0131n\u0131z. Hi&ccedil;bir yalan\u0131n\u0131z tutmad\u0131!&rdquo;<\/em> diye kongrede tekrarlad\u0131. O bir \u0130ngiliz ama insafl\u0131 bir insan! <\/span><\/strong><strong><span style=\"font-size: 14pt; font-family: 'Arial', sans-serif;\">Ama ayn\u0131 d&ouml;nemde Sn. Erdo\u011fan,<\/span><\/strong><span style=\"font-size: 12pt; font-family: 'Arial', sans-serif;\"> <\/span><strong><em><span style=\"font-size: 14pt; font-family: 'Arial', sans-serif;\">&ldquo;ABD Conileri Irak i\u015fgalini ba\u015far\u0131yla tamamlas\u0131nlar ve sa\u011f salim evlerine ve &uuml;lkelerine d&ouml;n&uuml;p ailelerine kavu\u015fsunlar diye dua ediyorum&rdquo;<\/span><\/em><\/strong><strong><span style=\"font-size: 12pt; font-family: 'Arial', sans-serif;\"> demi\u015fti, hat\u0131rlad\u0131n\u0131z m\u0131? Hele g&ouml;relim Allah nas\u0131l bir intikam alacak! Hele g&ouml;relim Allah nas\u0131l bir ak\u0131bete u\u011fratacak? Bir k\u0131s\u0131mlar\u0131n\u0131n yular\u0131n\u0131 Allah&rsquo;\u0131n uzatmas\u0131, onlar\u0131n yapt\u0131klar\u0131ndan vazge&ccedil;mesi ve kendi haline b\u0131rakmas\u0131 gibi alg\u0131lan\u0131r da bundan b&uuml;y&uuml;k gaflet olmaz. <\/span><\/strong><strong><em><span style=\"font-size: 14pt; font-family: 'Arial', sans-serif;\">Allah, imhal eder ama ihmal etmez!<\/span><\/em><\/strong><strong><span style=\"font-size: 12pt; font-family: 'Arial', sans-serif;\"> Yani m&uuml;hlet verir, yular\u0131n\u0131 uzat\u0131r; ama vazge&ccedil;mez, unutmaz onu. \u015eimdi bize diyorlar ki: <\/span><\/strong><strong><em><span style=\"font-size: 14pt; font-family: 'Arial', sans-serif;\">&ldquo;Hocam, tamam da, dediklerin do\u011fru da, e nas\u0131l yapacaks\u0131n\u0131z?&rdquo;<\/span><\/em><\/strong><strong><span style=\"font-size: 12pt; font-family: 'Arial', sans-serif;\"> Yahu, &ouml;nce soruyu do\u011fru sor. Ben yanl\u0131\u015f bir \u015fey mi s&ouml;yl&uuml;yorum? Ben h&acirc;\u015f&acirc;, g&acirc;vurlar ad\u0131na m\u0131 konu\u015fuyorum? &ldquo;Nas\u0131l yapacaks\u0131n\u0131z?&rdquo; diye soraca\u011f\u0131na, en az\u0131ndan de ki: <\/span><\/strong><strong><em><span style=\"font-size: 14pt; font-family: 'Arial', sans-serif;\">&ldquo;Ya Hocam tamam da nas\u0131l yapaca\u011f\u0131z?&rdquo;<\/span><\/em><\/strong><strong><span style=\"font-size: 12pt; font-family: 'Arial', sans-serif;\"> &Ouml;yle demiyor, &ldquo;Nas\u0131l yapacaks\u0131n\u0131z?&rdquo; diye soruyor. Sanki bu dertler hi&ccedil; kendisini ilgilendirmiyor! <\/span><\/strong><\/p>\n<p style=\"margin-bottom: 0cm; text-align: justify; text-indent: 1cm; line-height: 16pt;\"><strong><span style=\"font-size: 12pt; font-family: 'Arial', sans-serif;\">Bak\u0131n\u0131z, Muhyiddin-i Arabi Hazretlerinin Fi Muallak-\u0131 Gayb&uuml;l \u0130lm diye bir kitab\u0131 var. Orada bu Zat\u0131n &ccedil;ok m&uuml;thi\u015f ihbarlar\u0131 var. <\/span><\/strong><strong><em><span style=\"font-size: 14pt; font-family: 'Arial', sans-serif;\">&ldquo;Devleti Osmaniye&rdquo;<\/span><\/em><\/strong><strong><span style=\"font-size: 12pt; font-family: 'Arial', sans-serif;\"> isimli bir risalesi de var. Hayretler i&ccedil;inde kal\u0131rs\u0131n\u0131z, Allah ne Zatlar yaratm\u0131\u015f. O kitab\u0131n bir yerinde diyor ki: <em>&ldquo;Dini necm eden Zat\u0131n al&acirc;meti, 28 kez ihrama girmesidir. M&uuml;sl&uuml;man h&uuml;k&uuml;mdarlardan, o M\u0131s\u0131r ve Suriye&rsquo;deki zalim h&uuml;k&uuml;mdarlar\u0131n d&uuml;\u015f&uuml;r&uuml;lmesi sonras\u0131nda vefat edecektir!&rdquo;<\/em> Aynen &ouml;yle oldu. Suriye&rsquo;de Haf\u0131z Esad, M\u0131s\u0131r&rsquo;da H&uuml;sn&uuml; M&uuml;barek iktidarlar\u0131n\u0131n bitimi sonras\u0131nda Hocam vefat ettiler. <em>&ldquo;M&uuml;sl&uuml;manlar\u0131n &uuml;zerine Suriye&rsquo;de feci bir sava\u015f ve sald\u0131r\u0131 d&uuml;zenlenir!&rdquo;<\/em> diyor, d&uuml;zenlediler. Suriye&rsquo;yi ba\u015ftan ba\u015fa viraneye &ccedil;evirdiler. <\/span><\/strong><strong><span style=\"font-size: 14pt; font-family: 'Arial', sans-serif;\">Muhyiddini Arabi Hz.leri:<\/span><\/strong><strong><span style=\"font-size: 12pt; font-family: 'Arial', sans-serif;\"> <em>&ldquo;Bu esnada dini Necm eden Zat\u0131n &ouml;\u011fretilerini &uuml;stlenen bir &ouml;nc&uuml;, komutan, M&uuml;sl&uuml;manlardan olu\u015fan ordu sayesinde sald\u0131rgan k&acirc;firleri hezimete u\u011frat\u0131p p&uuml;sk&uuml;rtecek ve Kud&uuml;s&rsquo;&uuml; yeniden fethedecektir!&rdquo;<\/em> m&uuml;jdesini veriyor&#8230; Akdeniz&rsquo;deki gemileri haz\u0131r gelmi\u015fken yerin dibine bat\u0131r\u0131lacak ve &ccedil;ok yak\u0131n bir gelecekte \u0130srail hizaya sokulacak! \u0130n\u015faallah&#8230; Daha sonra ayn\u0131 Zat\u0131n o kitab\u0131nda \u015funlar da var: <em>&ldquo;Denizde b&uuml;y&uuml;k kar\u0131\u015f\u0131kl\u0131k &ccedil;\u0131kacak, M&uuml;sl&uuml;man h&uuml;k&uuml;mdarlardan biri &ouml;ld&uuml;r&uuml;l&uuml;p ortadan kald\u0131r\u0131lacak. Kutlu &uuml;lkenin k\u0131ble y&ouml;n&uuml;nde -Akdeniz&rsquo;i g&ouml;steriyor- g&uuml;neyinde b&uuml;y&uuml;k bir sava\u015f ba\u015flayacak. K\u0131rm\u0131z\u0131 tenli bir ki\u015finin ba\u015f\u0131nda b&uuml;y&uuml;k fitne kopacak; kendisi fitne olmaktan &ccedil;\u0131kacak.&rdquo; <\/em>Allah dilimizden s&ouml;yletti, ben bu adama hep<em> &ldquo;k\u0131rm\u0131z\u0131 turp&rdquo; <\/em>diyordum.<em> &ldquo;\u0130slam &uuml;lkelerine sald\u0131r\u0131lar sonucu g&ouml;\u011f&uuml;s hastal\u0131klar\u0131 artacak&rdquo;<\/em> \u015fu anda b&uuml;t&uuml;n d&uuml;nya gazeteleri ve haber siteleri yaz\u0131yor. Suriye&rsquo;de ve Yemen&rsquo;de on binler &ouml;l&uuml;yor. A&ccedil;l\u0131k, sefalet kol geziyor&#8230; Yuvalar, evler, \u015fehirler y\u0131k\u0131l\u0131yor. Bir de o silahlardan, zehirli silahlardan, gazlardan etkilenen &ccedil;ocuklar, kad\u0131nlar, insanlar ci\u011ferlerini kusa kusa can veriyor&#8230; Allah&rsquo;\u0131m, Gayretullah&rsquo;\u0131 g&ouml;ster! Bize merhamet et! <em>&ldquo;Bat\u0131 &uuml;lkelerinde karga\u015fal\u0131klar &ccedil;o\u011fal\u0131p yay\u0131lacak. \u015eam-Suriye co\u011frafyas\u0131nda bir kap\u0131\u015fma ya\u015fanacak&#8230;&rdquo;<\/em> Unutmayal\u0131m, \u015eam sadece ba\u015fkent \u015eam&rsquo;\u0131n ismi de\u011fil; ta &Uuml;rd&uuml;n&rsquo;den bizim F\u0131rat&rsquo;\u0131n g&uuml;neyine kadar bu topraklar\u0131n tamam\u0131 \u015eam topraklar\u0131 say\u0131lm\u0131\u015ft\u0131r. \u0130slam co\u011frafyac\u0131lar\u0131 taraf\u0131ndan buran\u0131n ismi, \u015eam topraklar\u0131d\u0131r. B&uuml;y&uuml;k hesapla\u015fma, Melheme-i K&uuml;bra, Ha&ccedil;l\u0131 Bat\u0131l\u0131lar\u0131n Armageddon dedikleri kap\u0131\u015fma, bu topraklarda olacak, Amik Ovas\u0131&rsquo;nda, Hatay&rsquo;da, Suriye taraf\u0131nda ya\u015fanacak in\u015faallah. Ve \u015fimdiden, b&uuml;t&uuml;n birlikleriyle, Kahraman Ordumuz da &ccedil;ok hakl\u0131 olarak, b&uuml;y&uuml;k bir savunma haz\u0131rl\u0131\u011f\u0131 i&ccedil;indeler; Allah&rsquo;\u0131m mahcup etmesin!.. <em>&ldquo;O sava\u015ftan sonra bir k\u0131tl\u0131k, pahal\u0131l\u0131k ba\u015flayacak. Hatta bu\u011fday\u0131n batman\u0131 bir alt\u0131na &ccedil;\u0131kacak. \u015eam&rsquo;dan &ccedil;\u0131kan o sava\u015f o senenin sonuna do\u011fru bitecek ve sava\u015f\u0131 M&uuml;sl&uuml;manlar kazanacak. Merkez &uuml;lkenin -hedef haline getirilen &uuml;lke demek istiyor herhalde- merkez &uuml;lkenin Padi\u015fah\u0131 (yani iktidar\u0131 ve Ba\u015fkan\u0131) azledilip yerine bir ba\u015fkas\u0131 oturtulacak!&rdquo;<\/em> Kime i\u015faret, neye i\u015faret? Nas\u0131l olur? Ben bilemem ama Rabbim her \u015feyi bilir. <\/span><\/strong><\/p>\n<p style=\"margin-bottom: 0cm; text-align: justify; text-indent: 1cm; line-height: 16pt;\"><strong><em><span style=\"font-size: 14pt; font-family: 'Arial', sans-serif;\">&ldquo;Denizde &ccedil;\u0131kacak kar\u0131\u015f\u0131kl\u0131k&rdquo;<\/span><\/em><\/strong><strong><span style=\"font-size: 12pt; font-family: 'Arial', sans-serif;\">; Do\u011fu Akdeniz&rsquo;e i\u015faret olabilir. K\u0131z\u0131l Deniz&rsquo;e, Basra K&ouml;rfezi&rsquo;ne i\u015faret olabilir; daha &ccedil;ok Do\u011fu Akdeniz anlat\u0131l\u0131yor. &ldquo;&Ouml;ld&uuml;r&uuml;lecek h&uuml;k&uuml;mdarlar&rdquo;; Kaddafi&rsquo;ye i\u015faret olabilir; gitti zaten fiilen. Hem de AKP iktidar\u0131n\u0131n g&uuml;nah ortakl\u0131\u011f\u0131yla. \u0130\u015fte H&uuml;sn&uuml; M&uuml;barek&rsquo;ti, gitti. Rahmetli Mursi&rsquo;ye i\u015faret olabilir, onun da bir \u015fekilde zehirlendi\u011fi konu\u015fuluyor. Be\u015f\u015far Esad&rsquo;a i\u015faret olabilir. O <\/span><\/strong><strong><em><span style=\"font-size: 14pt; font-family: 'Arial', sans-serif;\">k\u0131rm\u0131z\u0131 tenli ki\u015fi<\/span><\/em><\/strong><strong><span style=\"font-size: 12pt; font-family: 'Arial', sans-serif;\"> ise Donald Trump&rsquo;t\u0131r zaten, k\u0131pk\u0131rm\u0131z\u0131 adam. Her \u015feyiyle belli. O tipte insana zor rastlan\u0131r. \u0130nsanlar i&ccedil;inde de\u011fil, ecinni taifesinde de bulamazs\u0131n\u0131z o tipte bir adam\u0131. Bat\u0131 &uuml;lkelerinde, Fransa, \u0130ngiltere biliyorsunuz, AB&rsquo;den &ccedil;\u0131kmak i&ccedil;in kar\u0131\u015fm\u0131\u015f durumda. Ne saf insanlar\u0131m\u0131z var yahu. H&acirc;l&acirc;: <em>&ldquo;Bizim eski Bakanlar\u0131m\u0131zdan, Osmanl\u0131 Bakanlar\u0131m\u0131zdan bir adam\u0131n torunu koca \u0130ngiltere&rsquo;ye Ba\u015fbakan oldu!&rdquo;<\/em> diye seviniyoruz. Yahu, o Ali Kemal&rsquo;in kendisi Yahudi&rsquo;ydi, i&ccedil;imize kadar s\u0131zm\u0131\u015ft\u0131. Osmanl\u0131&rsquo;ya d&uuml;\u015fmand\u0131. Milli M&uuml;cadeleye d&uuml;\u015fmand\u0131. Atat&uuml;rk&rsquo;&uuml;n kurtulu\u015f hareketini baltalam\u0131\u015ft\u0131. Bu adam zaten o zaman i&ccedil;imize s\u0131zm\u0131\u015f bir ajand\u0131. Elin g&acirc;vuru tutar da bir T&uuml;rk as\u0131ll\u0131 \u015fahs\u0131 orada b&uuml;y&uuml;t&uuml;r de Ba\u015fbakan yapar m\u0131 zannediyorsun yahu? <\/span><\/strong><\/p>\n<p style=\"margin-bottom: 0cm; text-align: justify; text-indent: 1cm; line-height: 16pt;\"><strong><span style=\"font-size: 12pt; font-family: 'Arial', sans-serif;\">Rahmetli Erbakan Hocam\u0131z Konya&rsquo;da, ilk ba\u011f\u0131ms\u0131z adayl\u0131\u011f\u0131 s\u0131ras\u0131nda, 4 katl\u0131 bir binan\u0131n &uuml;st kat\u0131n\u0131 kiralam\u0131\u015flar. Buras\u0131 teras kat, gece falan kald\u0131\u011f\u0131 zaman yatacak yeri var, hem de baz\u0131 sohbet ve toplant\u0131lar orada yap\u0131l\u0131yor. Konyal\u0131larla anla\u015fm\u0131\u015flar, bir kahvehane ayarlam\u0131\u015flar. O kahvehane ve civar\u0131nda Hocam gelip ger&ccedil;ekleri anlatacak. K&uuml;&ccedil;&uuml;k miting gibi bir \u015fey olacak. AP iktidar\u0131 haber alm\u0131\u015f, talimatla yasaklam\u0131\u015flar. Hocam\u0131z\u0131n toplant\u0131s\u0131na kat\u0131lanlar\u0131n aras\u0131nda bir muhtar da var. Ve bu zat, hamdolsun saf ve sade kalm\u0131\u015f bir insan. Rahat davran\u0131yor, a\u011fz\u0131na geldi\u011fi gibi konu\u015fuyor. Demi\u015f ki: &ldquo;Hocam, m&uuml;saade et, ben gideyim, bu i\u015fi yapan kimdir tan\u0131yorum.&rdquo; B&ouml;yle, okkal\u0131 ve argo bir laf kullanm\u0131\u015f, &ldquo;Ben onlar\u0131 hizaya sokar\u0131m&rdquo; demi\u015f. Hocam\u0131n etraf\u0131ndakiler: <em>&ldquo;Ay\u0131p, g&uuml;nah, sus!&rdquo;<\/em> diye m&uuml;dahale edince Hocam \u015f&ouml;yle buyurmu\u015flar: <em>&ldquo;Kar\u0131\u015fmay\u0131n, b\u0131rak\u0131n da muhtar i&ccedil;inden geldi\u011fi gibi konu\u015fsun!&rdquo;<\/em> <\/span><\/strong><\/p>\n<p style=\"margin-bottom: 0cm; text-align: justify; text-indent: 1cm; line-height: 16pt;\"><strong><span style=\"font-size: 14pt; font-family: 'Arial', sans-serif;\">Sonu&ccedil;: B&uuml;y&uuml;k Hayallerimiz \u0130nanc\u0131m\u0131z\u0131n \u0130cab\u0131d\u0131r ve Ama&ccedil;lar\u0131m\u0131z Oran\u0131ndad\u0131r!<\/span><\/strong><\/p>\n<p style=\"margin-bottom: 0cm; text-align: justify; text-indent: 1cm; line-height: 16pt;\"><strong><span style=\"font-size: 12pt; font-family: 'Arial', sans-serif;\">Baz\u0131lar\u0131 bize: <em>&ldquo;Yahu siz &ccedil;ok hayalperestsiniz!&rdquo;<\/em> diyorlar. Bizi: <em>&ldquo;Temelsiz hayaller kuruyorsunuz&rdquo; <\/em>diye su&ccedil;luyorlar. B&uuml;t&uuml;n bu arzular\u0131m\u0131z\u0131 ve ama&ccedil;lar\u0131m\u0131z\u0131 bo\u015f hayal ve kuruntu zannediyorlar. &Ouml;nce, benim karde\u015flerim; inanan bir insan, inand\u0131\u011f\u0131 hedefe varmak i&ccedil;in elbette aray\u0131\u015flar ba\u015flatacak ve arzulayacakt\u0131r. &Ccedil;&uuml;nk&uuml; inanmak bunu gerektirir; inanan arayacak ve arzulayacakt\u0131r. Arayanlar ise, kutlu ama&ccedil;lar\u0131na ula\u015ft\u0131r\u0131c\u0131 yollar tasavvur etmeye ba\u015flayacak; <em>&ldquo;Hangi yolla bu hedefe ula\u015f\u0131r\u0131m?&rdquo;<\/em> diye &ccedil;\u0131rp\u0131nacaklard\u0131r. \u0130nan\u0131yor ve ar\u0131yor ya bu sefer, <em>&ldquo;Hangi yolla bu hedefe ula\u015f\u0131r\u0131m?&rdquo;<\/em> diye bir k\u0131s\u0131m zihni tasavvurlarla hayaller kuracakt\u0131r. Bu hayaller, ihtimal derecelerine g&ouml;re zihni tasar\u0131mlara d&ouml;n&uuml;\u015f&uuml;r ki, b&uuml;t&uuml;n muhte\u015fem yap\u0131lar\u0131n, b&uuml;y&uuml;k icatlar\u0131n alt\u0131nda i\u015fte bu hayal kurma vard\u0131r. Bu hayal olmasayd\u0131, Mimar Sinan Selimiye&rsquo;yi yapamazd\u0131. Bu hayal kurmalar olmasayd\u0131, b&uuml;y&uuml;k teknolojilerin alt yap\u0131s\u0131 haz\u0131rlanamazd\u0131. Erbakan Hocam, kurban oldu\u011fum, diyordu ki: <em>&ldquo;Muar\u0131zlar\u0131m\u0131z\u0131n bir k\u0131sm\u0131 Bizi hayalcilikle su&ccedil;luyorlar. Oysa hayal, hakikatlere ula\u015fman\u0131n ilk basama\u011f\u0131d\u0131r.&rdquo;<\/em> M&uuml;&rsquo;min hayal kuracak, &ccedil;&uuml;nk&uuml; inan\u0131yor. \u0130nanc\u0131n\u0131 hayata ge&ccedil;irmenin yollar\u0131n\u0131 ar\u0131yor. Bu y&ouml;ntemler i&ccedil;in fikir &uuml;retiyor. \u0130\u015fte o, hayaldir. Hocam\u0131z diyordu ki: <em>&ldquo;Evet, Bizim bir&ccedil;ok icraatlar\u0131m\u0131za bunlar\u0131n ak\u0131llar\u0131 de\u011fil hayalleri bile eri\u015femez! Ama Bizim hayallerimize ise bunlar\u0131n imanlar\u0131 bile yeti\u015femez!&rdquo;<\/em> Bu aray\u0131\u015f ve tasar\u0131mlar\u0131n\u0131n; yani hayal ve umutlar\u0131n\u0131n pe\u015finden i\u015ftah ve i\u015ftiyakla, \u015fevkle ve \u015f&uuml;k&uuml;rle ko\u015fanlar ise, tarihi de\u011fi\u015ftirecek kutlu devrimlerin &ouml;nc&uuml;leri olarak zafere ula\u015facaklard\u0131r. Niye i\u015ftahla dedim? Bu Mevl&acirc;na&rsquo;n\u0131n Fihi Ma Fih&rsquo;inde yer alan bir tespitidir. Estaizu billah: <em>&ldquo;E\u011fer \u015f&uuml;krederseniz nimetlerimi art\u0131r\u0131r\u0131m!&rdquo;<\/em> ayetini tefsir edip yorumlarken s&ouml;ylemi\u015ftir. Hz. Mevl&acirc;na Fihi Ma Fih yani &ldquo;&Ouml;z&uuml;n &Ouml;z&uuml;, \u0130&ccedil;in \u0130&ccedil;i&rdquo; kitab\u0131nda, kendisi bizzat yazmam\u0131\u015f, sohbetlerinden talebelerinin derledi\u011fi, sonra kitap haline getirilen o m&uuml;barek eserde diyor ki: <em>&ldquo;Allah&rsquo;\u0131n va&rsquo;ad etti\u011fine inanan, sadece O&rsquo;nun verdi\u011fi haz\u0131r nimetlere \u015f&uuml;kretmez. Ayn\u0131 zamanda va&rsquo;ad etti\u011fi nimetlere de \u015f&uuml;kreder. O va&rsquo;ad etti\u011fi nimetlere kavu\u015fmak i&ccedil;in de i\u015ftahla, i\u015ftiyakla, heyecanla &ccedil;al\u0131\u015fmak \u015f&uuml;kr&uuml; art\u0131r\u0131r ve hedefe ula\u015ft\u0131r\u0131r!&rdquo;<\/em> &Ccedil;ok g&uuml;zel bir yorum de\u011fil mi? Yani herkesin hayali kurgular\u0131, onun inanc\u0131 oran\u0131ndad\u0131r. Karde\u015flerim, talep edenler &ouml;nce talebe olacakt\u0131r. Talebe olan, yani umutla ve heyecanla &ccedil;abalayan ise matluba ve maksuda ula\u015f\u0131r. E\u011fer Mustafa Kemal&rsquo;in hayalleri olmasayd\u0131, kurtulu\u015f aray\u0131\u015flar\u0131na ba\u015flamazd\u0131 ve Milli M&uuml;cadele destan\u0131 yaz\u0131lmazd\u0131; ve tabi bu kutlu sonu&ccedil;lara ula\u015f\u0131lmazd\u0131. Hayalleri vard\u0131 &ccedil;&uuml;nk&uuml; inan&ccedil;lar\u0131 vard\u0131, hedefleri vard\u0131. Erbakan&rsquo;\u0131n hayalleri olmasayd\u0131, tarihi hedefleri ve talihli projeleri ortaya &ccedil;\u0131kmazd\u0131. Ve b&uuml;y&uuml;k medeniyet devriminin programlar\u0131 ve altyap\u0131s\u0131 haz\u0131rlanmazd\u0131. Yani herkesin hayali, kendi akl\u0131 ve inanc\u0131 kadar olmaktayd\u0131. Erbakan&rsquo;\u0131n projeleri ise, altyap\u0131s\u0131 haz\u0131rlanm\u0131\u015ft\u0131r ve O&rsquo;nun sad\u0131klar\u0131 taraf\u0131ndan in\u015faallah &ccedil;ok yak\u0131n bir ink\u0131lapla &uuml;lkemizde, b&ouml;lgemizde ve yery&uuml;z&uuml;nde uygulanacakt\u0131r. Bu b&uuml;y&uuml;k tarihi ink\u0131lab\u0131 heyecanla bekliyoruz ve \u015fimdiden alk\u0131\u015fl\u0131yoruz. Evet b&uuml;y&uuml;k hayalleri b&uuml;y&uuml;k insanlar kurarlard\u0131. Herkes kendi &ccedil;ap\u0131nda hayal kurard\u0131. Hayal kurmaktan bile korkanlar, Amerika&rsquo;n\u0131n, Avrupa&rsquo;n\u0131n ve di\u011fer s&uuml;per \u015feytanlar\u0131n y\u0131k\u0131laca\u011f\u0131n\u0131 bile akl\u0131na s\u0131\u011fd\u0131ramayanlar; nas\u0131l bu &uuml;lkenin, \u0130slam &Acirc;leminin ve mazlum milletlerin kurtulu\u015funa &ouml;nc&uuml;l&uuml;k yapacaklard\u0131? Karde\u015flerim, onun i&ccedil;in ge&ccedil;en ak\u015fam bu konuyu d&uuml;\u015f&uuml;n&uuml;nce, hem biraz &uuml;z&uuml;ld&uuml;m hem de iyi oldu. &Ccedil;&uuml;nk&uuml; bana bir \u015fiir yazd\u0131rd\u0131. Bu da size hediyem ve hat\u0131ram olsun.<\/span><\/strong><\/p>\n<p style=\"margin-bottom: 0cm; text-align: justify; text-indent: 1cm; line-height: 16pt;\"><strong><span style=\"font-size: 12pt; font-family: 'Arial', sans-serif;\">&nbsp;&nbsp;&nbsp;&nbsp;&nbsp;&nbsp; <\/span><\/strong><\/p>\n<p style=\"margin-bottom: 0cm; text-align: justify; text-indent: 106.35pt; line-height: 16pt;\"><strong><span style=\"font-size: 15pt; font-family: 'Arial', sans-serif;\">HO\u015e SEVDAMDIR HAYALLER\u0130M!<\/span><\/strong><\/p>\n<p style=\"margin-bottom: 0cm; text-align: justify; text-indent: 155.95pt; line-height: 16pt;\"><strong><span style=\"font-size: 12pt; font-family: 'Arial', sans-serif;\">&nbsp;&nbsp;&nbsp;&nbsp;&nbsp;&nbsp;&nbsp;&nbsp; <\/span><\/strong><\/p>\n<p style=\"margin-bottom: 0cm; text-align: justify; text-indent: 5cm; line-height: 16pt;\"><strong><span style=\"font-size: 14pt; font-family: 'Arial', sans-serif;\">Hakikatin ilk ad\u0131m\u0131&hellip;<\/span><\/strong><\/p>\n<p style=\"margin-bottom: 0cm; text-align: justify; text-indent: 5cm; line-height: 16pt;\"><strong><span style=\"font-size: 14pt; font-family: 'Arial', sans-serif;\">\u0130man\u0131md\u0131r hayallerim&hellip;<\/span><\/strong><\/p>\n<p style=\"margin-bottom: 0cm; text-align: justify; text-indent: 5cm; line-height: 16pt;\"><strong><span style=\"font-size: 14pt; font-family: 'Arial', sans-serif;\">Hem vuslat\u0131n, ho\u015f tad\u0131m\u0131<\/span><\/strong><\/p>\n<p style=\"margin-bottom: 0cm; text-align: justify; text-indent: 5cm; line-height: 16pt;\"><strong><span style=\"font-size: 14pt; font-family: 'Arial', sans-serif;\">\u0130z&rsquo;an\u0131md\u0131r hayallerim&hellip;<\/span><\/strong><\/p>\n<p style=\"margin-bottom: 0cm; text-align: justify; text-indent: 5cm; line-height: 16pt;\"><strong><span style=\"font-size: 14pt; font-family: 'Arial', sans-serif;\">&nbsp;&nbsp;&nbsp;&nbsp; <\/span><\/strong><\/p>\n<p style=\"margin-bottom: 0cm; text-align: justify; text-indent: 5cm; line-height: 16pt;\"><strong><span style=\"font-size: 14pt; font-family: 'Arial', sans-serif;\">Ham kafalar, hayal kurmaz<\/span><\/strong><\/p>\n<p style=\"margin-bottom: 0cm; text-align: justify; text-indent: 5cm; line-height: 16pt;\"><strong><span style=\"font-size: 14pt; font-family: 'Arial', sans-serif;\">Yolu olan, bo\u015fa durmaz<\/span><\/strong><\/p>\n<p style=\"margin-bottom: 0cm; text-align: justify; text-indent: 5cm; line-height: 16pt;\"><strong><span style=\"font-size: 14pt; font-family: 'Arial', sans-serif;\">Denemeyen hedef vurmaz<\/span><\/strong><\/p>\n<p style=\"margin-bottom: 0cm; text-align: justify; text-indent: 5cm; line-height: 16pt;\"><strong><span style=\"font-size: 14pt; font-family: 'Arial', sans-serif;\">G&uuml;man\u0131md\u0131r, hayallerim&hellip;<\/span><\/strong><\/p>\n<p style=\"margin-bottom: 0cm; text-align: justify; text-indent: 5cm; line-height: 16pt;\"><strong><span style=\"font-size: 14pt; font-family: 'Arial', sans-serif;\">&nbsp;&nbsp;&nbsp;&nbsp;&nbsp;&nbsp; <\/span><\/strong><\/p>\n<p style=\"margin-bottom: 0cm; text-align: justify; text-indent: 5cm; line-height: 16pt;\"><strong><span style=\"font-size: 14pt; font-family: 'Arial', sans-serif;\">\u0130man\u0131m tam, Kudretine<\/span><\/strong><\/p>\n<p style=\"margin-bottom: 0cm; text-align: justify; text-indent: 5cm; line-height: 16pt;\"><strong><span style=\"font-size: 14pt; font-family: 'Arial', sans-serif;\">Hep g&uuml;vendim, nusretine<\/span><\/strong><\/p>\n<p style=\"margin-bottom: 0cm; text-align: justify; text-indent: 5cm; line-height: 16pt;\"><strong><span style=\"font-size: 14pt; font-family: 'Arial', sans-serif;\">Dayand\u0131m Dost, hasretine<\/span><\/strong><\/p>\n<p style=\"margin-bottom: 0cm; text-align: justify; text-indent: 5cm; line-height: 16pt;\"><strong><span style=\"font-size: 14pt; font-family: 'Arial', sans-serif;\">Amac\u0131md\u0131r, hayallerim&hellip;<\/span><\/strong><\/p>\n<p style=\"margin-bottom: 0cm; text-align: justify; text-indent: 5cm; line-height: 16pt;\"><strong><span style=\"font-size: 14pt; font-family: 'Arial', sans-serif;\">&nbsp;&nbsp;&nbsp;&nbsp;&nbsp;&nbsp; <\/span><\/strong><\/p>\n<p style=\"margin-bottom: 0cm; text-align: justify; text-indent: 5cm; line-height: 16pt;\"><strong><span style=\"font-size: 14pt; font-family: 'Arial', sans-serif;\">Tasar\u0131ms\u0131z, plan olmaz<\/span><\/strong><\/p>\n<p style=\"margin-bottom: 0cm; text-align: justify; text-indent: 5cm; line-height: 16pt;\"><strong><span style=\"font-size: 14pt; font-family: 'Arial', sans-serif;\">Tasavvurum, talan olmaz<\/span><\/strong><\/p>\n<p style=\"margin-bottom: 0cm; text-align: justify; text-indent: 5cm; line-height: 16pt;\"><strong><span style=\"font-size: 14pt; font-family: 'Arial', sans-serif;\">H&uuml;sn&uuml; zann\u0131m, yalan olmaz<\/span><\/strong><\/p>\n<p style=\"margin-bottom: 0cm; text-align: justify; text-indent: 5cm; line-height: 16pt;\"><strong><span style=\"font-size: 14pt; font-family: 'Arial', sans-serif;\">\u0130rfan\u0131md\u0131r hayallerim&hellip;<\/span><\/strong><\/p>\n<p style=\"margin-bottom: 0cm; text-align: justify; text-indent: 5cm; line-height: 16pt;\"><strong><span style=\"font-size: 14pt; font-family: 'Arial', sans-serif;\">&nbsp;&nbsp;&nbsp;&nbsp;&nbsp;&nbsp; <\/span><\/strong><\/p>\n<p style=\"margin-bottom: 0cm; text-align: justify; text-indent: 5cm; line-height: 16pt;\"><strong><span style=\"font-size: 14pt; font-family: 'Arial', sans-serif;\">Fani d&uuml;nya, mihad\u0131md\u0131r<span style=\"font-size: 12pt;\"><sup>1<\/sup><\/span><\/span><\/strong><\/p>\n<p style=\"margin-bottom: 0cm; text-align: justify; text-indent: 5cm; line-height: 16pt;\"><strong><span style=\"font-size: 14pt; font-family: 'Arial', sans-serif;\">Hak adalet, nihad\u0131md\u0131r<span style=\"font-size: 12pt;\"><sup>2<\/sup><\/span><\/span><\/strong><\/p>\n<p style=\"margin-bottom: 0cm; text-align: justify; text-indent: 5cm; line-height: 16pt;\"><strong><span style=\"font-size: 14pt; font-family: 'Arial', sans-serif;\">Adil D&uuml;zen, cihad\u0131md\u0131r<\/span><\/strong><\/p>\n<p style=\"margin-bottom: 0cm; text-align: justify; text-indent: 5cm; line-height: 16pt;\"><strong><span style=\"font-size: 14pt; font-family: 'Arial', sans-serif;\">\u0130lac\u0131md\u0131r, hayallerim&hellip;<\/span><\/strong><\/p>\n<p style=\"margin-bottom: 0cm; text-align: justify; text-indent: 5cm; line-height: 16pt;\"><strong><span style=\"font-size: 14pt; font-family: 'Arial', sans-serif;\">&nbsp;&nbsp;&nbsp;&nbsp;&nbsp;&nbsp; <\/span><\/strong><\/p>\n<p style=\"margin-bottom: 0cm; text-align: justify; text-indent: 5cm; line-height: 16pt;\"><strong><span style=\"font-size: 14pt; font-family: 'Arial', sans-serif;\">Hayalim var, &ccedil;&uuml;n davam var<\/span><\/strong><\/p>\n<p style=\"margin-bottom: 0cm; text-align: justify; text-indent: 5cm; line-height: 16pt;\"><strong><span style=\"font-size: 14pt; font-family: 'Arial', sans-serif;\">&Uuml;midim var, &ccedil;&uuml;n duam var<\/span><\/strong><\/p>\n<p style=\"margin-bottom: 0cm; text-align: justify; text-indent: 5cm; line-height: 16pt;\"><strong><span style=\"font-size: 14pt; font-family: 'Arial', sans-serif;\">Gayretim var, &ccedil;&uuml;n sevdam var<\/span><\/strong><\/p>\n<p style=\"margin-bottom: 0cm; text-align: justify; text-indent: 5cm; line-height: 16pt;\"><strong><span style=\"font-size: 14pt; font-family: 'Arial', sans-serif;\">Kutlu gayem, hayallerim&hellip;<\/span><\/strong><\/p>\n<p style=\"margin-bottom: 0cm; text-align: justify; text-indent: 5cm; line-height: 16pt;\"><strong><span style=\"font-size: 14pt; font-family: 'Arial', sans-serif;\">Mirac\u0131md\u0131r, hayallerim&hellip;<\/span><\/strong><\/p>\n<p style=\"margin-bottom: 0cm; text-align: justify; text-indent: 1cm; line-height: 16pt;\"><strong><span style=\"font-size: 12pt; font-family: 'Arial', sans-serif;\">&nbsp;&nbsp;&nbsp;&nbsp;&nbsp;&nbsp; <\/span><\/strong><\/p>\n<p style=\"margin-bottom: 0cm; text-align: justify; text-indent: 1cm; line-height: 16pt;\"><strong><span style=\"font-size: 12pt; font-family: 'Arial', sans-serif;\">1- Mihad:<\/span><\/strong><span style=\"font-size: 12pt; font-family: 'Arial', sans-serif;\"> Be\u015fik, d&ouml;\u015fek.<\/span><\/p>\n<p style=\"margin-bottom: 0cm; text-align: justify; text-indent: 1cm; line-height: 16pt;\"><strong><span style=\"font-size: 12pt; font-family: 'Arial', sans-serif;\">2- Nihad:<\/span><\/strong><span style=\"font-size: 12pt; font-family: 'Arial', sans-serif;\"> G&uuml;zel ahl&acirc;k, uygun endam.<\/span><\/p>\n<p style=\"margin-bottom: 0cm; text-align: justify; text-indent: 1cm; line-height: 16pt;\"><span style=\"font-size: 12pt; font-family: 'Arial', sans-serif;\">&nbsp;&nbsp;&nbsp;&nbsp;&nbsp;&nbsp; <\/span><\/p>\n<p style=\"margin-bottom: 0cm; text-align: justify; text-indent: 1cm; line-height: 16pt;\"><strong><span style=\"font-size: 12pt; font-family: 'Arial', sans-serif;\">Hepinize te\u015fekk&uuml;r ediyorum. Sab\u0131rla, olgunlukla, \u015fuurla, heyecanla dinlediniz. Dualar\u0131n\u0131z\u0131 bekliyorum. Kutlu bir T&uuml;rkiye&rsquo;de, mutlu bir b&ouml;lgede ve huzurlu bir yery&uuml;z&uuml;nde bulu\u015fmay\u0131 diliyorum. Hakk\u0131n ve hayr\u0131n h&acirc;kim olaca\u011f\u0131; her din ve d&uuml;\u015f&uuml;nceden, farkl\u0131 k&ouml;ken ve k&uuml;lt&uuml;rlerden b&uuml;t&uuml;n insanlar\u0131n mutlu ve onurlu ya\u015fayaca\u011f\u0131 bir d&ouml;nemi ve d&uuml;zeni &ouml;zl&uuml;yorum, umutla ve heyecanla g&ouml;zl&uuml;yorum. Bug&uuml;n &ouml;zellikle iki sefer bu duay\u0131 arkada\u015flarla yemek sonras\u0131nda, g&uuml;zel nimetlerle donat\u0131lm\u0131\u015f sofram\u0131zda yapt\u0131k: <em>&ldquo;Ya Rabbi, &ouml;yle bir f\u0131rsat ver ki, her dinden, her kavimden, siyah\u0131ndan-beyaz\u0131ndan, Avrupal\u0131s\u0131ndan-Afrikal\u0131s\u0131ndan b&uuml;t&uuml;n insanlar\u0131n insanca ya\u015fayaca\u011f\u0131, bu tatt\u0131\u011f\u0131m\u0131z nimetleri ailesiyle onlar\u0131n da tadaca\u011f\u0131 \u015fartlar\u0131 onlara sunal\u0131m. Bu sevaba da ortak olal\u0131m Ya Rabbi!&rdquo;<\/em> Aynen tekrarl\u0131yorum. &Acirc;min, bi h&uuml;rmeti \u0130smikel Azim. Velhamd&uuml;lillahi Rabbil &Acirc;lemin. El Fatiha. <\/span><\/strong><\/p>\n<p style=\"margin-bottom: 0cm; text-align: justify; text-indent: 1cm; line-height: 16pt;\"><strong><span style=\"font-size: 12pt; font-family: 'Arial', sans-serif;\"><\/span><\/strong><\/p>\n<p style=\"margin-bottom: 0cm; text-align: justify; text-indent: 1cm; line-height: 16pt;\"><a href=\"https:\/\/www.youtube.com\/watch?v=p0aA7nMOdOE\"><strong><span style=\"font-size: 12pt; font-family: 'Arial', sans-serif; color: windowtext;\">https:\/\/www.youtube.com\/watch?v=p0aA7nMOdOE<\/span><\/strong><\/a><\/p>\n<p style=\"margin-bottom: 0cm; text-align: justify; text-indent: 1cm; line-height: 16pt;\"><strong><span style=\"font-size: 12pt; font-family: 'Arial', sans-serif;\"><\/span><\/strong><\/p>\n<p>&nbsp;<\/p>\n<hr style=\"text-align: left;\" size=\"1\" width=\"33%\" \/>\n<p><a href=\"#ftnref1\" id=\"ftn1\" style=\"vertical-align: super;\">[1]<\/a><span style=\"font-family: 'Arial', sans-serif;\"> 03.08.2019 Konya Konferans\u0131 &Ccedil;&ouml;z&uuml;mleridir.<\/span><\/p>\n","protected":false},"excerpt":{"rendered":"<p>&nbsp; HAYALLER\u0130M\u0130Z; \u0130NANCIMIZ VE AMA&Ccedil;LARIMIZ N\u0130SPET\u0130NDED\u0130R![1] &nbsp;&nbsp;&nbsp;&nbsp;&nbsp;&nbsp;&nbsp;&nbsp; Evet, her insan\u0131n hayalleri, onun hedefleri ve idealleri oran\u0131ndad\u0131r. \u0130dealleri ise, ki\u015finin iman\u0131 ve &uuml;mitleri kadar olacakt\u0131r. &Ccedil;&uuml;nk&uuml; olumlu ve onurlu hayaller kurmak; inanc\u0131m\u0131z\u0131 hayat\u0131m\u0131za h&acirc;kim k\u0131lmak ve kutlu ama&ccedil;lar\u0131m\u0131za ula\u015fmak i&ccedil;in, zihnimizde ve kalbimizde kurgulad\u0131\u011f\u0131m\u0131z tasar\u0131mlard\u0131r. Mutlu ve umutlu hedefleri olmayanlar\u0131n, haliyle hayalleri de kuruyacakt\u0131r. Hayalleri ve [&hellip;]<\/p>\n","protected":false},"author":103,"featured_media":0,"comment_status":"open","ping_status":"closed","sticky":false,"template":"","format":"standard","meta":{"footnotes":""},"categories":[256],"tags":[],"class_list":["post-6422","post","type-post","status-publish","format-standard","hentry","category-ekim-2021"],"_links":{"self":[{"href":"https:\/\/www.millicozum.com\/mc\/wp-json\/wp\/v2\/posts\/6422","targetHints":{"allow":["GET"]}}],"collection":[{"href":"https:\/\/www.millicozum.com\/mc\/wp-json\/wp\/v2\/posts"}],"about":[{"href":"https:\/\/www.millicozum.com\/mc\/wp-json\/wp\/v2\/types\/post"}],"author":[{"embeddable":true,"href":"https:\/\/www.millicozum.com\/mc\/wp-json\/wp\/v2\/users\/103"}],"replies":[{"embeddable":true,"href":"https:\/\/www.millicozum.com\/mc\/wp-json\/wp\/v2\/comments?post=6422"}],"version-history":[{"count":0,"href":"https:\/\/www.millicozum.com\/mc\/wp-json\/wp\/v2\/posts\/6422\/revisions"}],"wp:attachment":[{"href":"https:\/\/www.millicozum.com\/mc\/wp-json\/wp\/v2\/media?parent=6422"}],"wp:term":[{"taxonomy":"category","embeddable":true,"href":"https:\/\/www.millicozum.com\/mc\/wp-json\/wp\/v2\/categories?post=6422"},{"taxonomy":"post_tag","embeddable":true,"href":"https:\/\/www.millicozum.com\/mc\/wp-json\/wp\/v2\/tags?post=6422"}],"curies":[{"name":"wp","href":"https:\/\/api.w.org\/{rel}","templated":true}]}}