{"id":643,"date":"2004-05-01T00:00:00","date_gmt":"2004-05-01T00:00:00","guid":{"rendered":"https:\/\/www.millicozum.com\/mc\/2004\/05\/01\/tar-oylanamaz\/"},"modified":"2004-05-01T00:00:00","modified_gmt":"2004-05-01T00:00:00","slug":"intihar-oylanamaz","status":"publish","type":"post","link":"https:\/\/www.millicozum.com\/mc\/2004\/mayis-2004\/intihar-oylanamaz\/","title":{"rendered":"\u0130NT\u0130HAR, OYLANAMAZ!"},"content":{"rendered":"<p>\u00a0  <\/p>\n<p> &quot;Bar\u0131\u015f, istikrar, \u00c7\u00f6z\u00fcm, AB s\u00fcreci&quot; gibi yalan vaatler ve yalama olmu\u015f \u00fcmitlerle K\u0131br\u0131s resmen verildi&#8230; B\u00f6ylece B\u00fcy\u00fck Ortado\u011fu projesi palavras\u0131yla, Arz-\u0131 Mev&#39;ud plan\u0131na dahil edildi. Siyonist pentagonun ve NATO&#39;nun emrindeki sivil ve asker yetkililer bu talihsiz hareketin sorumlulu\u011funu birlikte y\u00fcklendi!\u00a0 Oysa Atat\u00fcrk kitab\u0131n\u0131n yazar\u0131 \u00dcnl\u00fc \u0130ngiliz sosyal bilimci Andrew Mango bile, B\u00fcy\u00fck Ortado\u011fu Projesinin &quot;Olduk\u00e7a Kapal\u0131 ve Karanl\u0131k oldu\u011funu ve bir nevi, atlar\u0131n araban\u0131n \u00f6n\u00fcne ko\u015fuldu\u011funu&quot; s\u00f6ylemi\u015fti.<a name=\"_ftnref1\" href=\"#_ftn1\" title=\"_ftnref1\">[1]<\/a>  <\/p>\n<p> <\/p>\n<hr \/>\n<p> <a name=\"_ftn1\" href=\"#_ftnref1\" title=\"_ftn1\">[1]<\/a> 7 Nisan 2004 NTV. 17:00 haber  <\/p>\n<p>  \u00a0  <\/p>\n<p> Recep Tayyip Erdo\u011fan&#39;\u0131n F\u0131r\u0131ldak Fatih Altayl\u0131&#39;ya s\u00f6yledi\u011fi &quot;\u0130stiyorum ki, Diyarbak\u0131r, Amerika&#39;n\u0131n B\u00fcy\u00fck Ortado\u011fu Projesinde bir y\u0131ld\u0131z, bir merkez olsun&#8230; Bunu ba\u015farmam\u0131z laz\u0131m&quot; s\u00f6zlerinde de Bilderberg&#39;ci Mason Mesut Y\u0131lmaz&#39;\u0131n &quot;AB&#39;nin yolu Diyarbak\u0131r&#39;dan ge\u00e7er&quot;!? S\u00f6zleri gibi&#8230; \u00d6nce K\u00fcrt&#39;leri H\u0131ristiyanla\u015ft\u0131rma, sonra K\u00fcrdistan diye B\u00fcy\u00fck Ermenistan&#39;a haz\u0131rlama ve sonunda \u0130srail&#39;e ba\u011flama senaryolar\u0131na Fig\u00fcranl\u0131k yap\u0131ld\u0131\u011f\u0131 sezilmekteydi&#8230; Anla\u015f\u0131lan, K\u0131br\u0131s&#39;tan sonra s\u0131ra G\u00fcneydo\u011fu&#39;ya gelecekti&#8230;  <\/p>\n<p> Ba\u015fbakan T. Erdo\u011fan:  <\/p>\n<p> \u00a0&quot;Annan plan\u0131 \u00e7er\u00e7evesindeki uzla\u015fma sonucu Kuzey Akdeniz tam bir bar\u0131\u015f b\u00f6lgesine d\u00f6n\u00fc\u015fecektir. (Sanki 30 y\u0131ld\u0131r sava\u015f ve katliam var!?) K\u0131br\u0131s konusunda var\u0131lan bu anla\u015fma metnine art\u0131k herkesin destek olmas\u0131 gerekir. Tam tersine, buna k\u00f6stek olmaya \u00e7al\u0131\u015fanlar\u0131 tarih affetmeyecektir.&quot; Diyerek, ba\u015f\u0131na neler getirece\u011fini bilmedi\u011fi rol\u00fcn\u00fc oynuyor!  <\/p>\n<p> MGK bildirisinde: K\u0131br\u0131s la ilgili, g\u00fcya T\u00fcrkiye&#39;nin ba\u015flatt\u0131\u011f\u0131 bu s\u00f6zde bar\u0131\u015f giri\u015fimlerine ve olumlu geli\u015fmelere tam destek verildi\u011fi, dile getiriliyor!  <\/p>\n<p> Toplumun g\u00f6z\u00fcne baka baka:  <\/p>\n<ul>\n<li>Kuzey K\u0131br\u0131s&#39;\u0131n en verimli ve stratejik b\u00f6lgelerinin Rumlara devredilece\u011fi<\/li>\n<li>100 bin Rum&#39;un gelip Kuzey K\u0131br\u0131s&#39;a yerle\u015fece\u011fi<\/li>\n<li>60 bin T\u00fcrk\u00fcn yerinden ve yurdundan s\u00f6k\u00fclece\u011fi ve nereye, nas\u0131l gidece\u011finin de belirtilmedi\u011fi&#8230;<\/li>\n<li>T\u00fcrk askerinin aday\u0131 terk edece\u011fi, ba\u015f\u0131ndan beri bu h\u0131yanet belgesine kar\u015f\u0131 olan Rauf Denkta\u015f&#39;\u0131n art\u0131k &quot;e\u015f ba\u015fkanl\u0131\u011fa&quot; getirilmeyece\u011fi&#8230;<\/li>\n<\/ul>\n<ul>\n<li>Ve de:<\/li>\n<\/ul>\n<ul>\n<li>&quot;Ayak oyunlar\u0131, ayr\u0131nt\u0131larda sakl\u0131 oldu\u011fu halde, b\u0131rak\u0131n sinsi ayr\u0131nt\u0131lar\u0131n\u0131, ana hatlar\u0131n\u0131 bile ne Ba\u015fbakan\u0131n ne di\u011fer b\u00fcrokratlar\u0131n bilmedi\u011fi<\/li>\n<\/ul>\n<p> \u00a0 B\u00f6yle bir anla\u015fma (teslimiyet) metni, b\u00fcy\u00fck bir zafer gibi takdim ediliyor.  <\/p>\n<p> Sn. Rauf Denkta\u015f&#39;\u0131n da belirtti\u011fi gibi, Rum kesimindeki partilerin ve yetkililerin bu plana &quot;hay\u0131r&quot; kampanyas\u0131 ve erteleme \u00e7abas\u0131 da, AKP gibi &quot;ver kurtulcu&quot; bir h\u00fck\u00fcmet bulmu\u015fken, daha b\u00fcy\u00fck tavizler koparma ve T\u00fcrk taraf\u0131n\u0131 k\u00f6\u015feye s\u0131k\u0131\u015ft\u0131rma takti\u011fi olarak y\u00fcr\u00fct\u00fcl\u00fcyor!  <\/p>\n<ul>\n<li>Annan plan\u0131nda T\u00fcrkiye&#39;nin &quot;Delegasyon- \u0130stisnai durum&quot; diye kayda ge\u00e7irdi\u011fi ve garanti diye takdim etti\u011fi b\u00fct\u00fcn hususlar\u0131n, AB adalet divan\u0131na m\u00fcracaat edilmesi halinde tek celsede reddedilecek ve hi\u00e7bir \u00f6nlem arz etmeyecek durumlar oldu\u011fu ger\u00e7e\u011fi gizleniyor ve millet aldat\u0131l\u0131yor&#8230;<\/li>\n<li>Japonya turuna \u00e7\u0131kan Recep Tayyip Erdo\u011fan u\u00e7akta, t\u00fcm diplomatik nezaketi ve insani edep ve h\u00fcrmet \u00f6l\u00e7\u00fclerini ve haddini a\u015farak: &quot;K\u0131br\u0131s&#39;ta ula\u015f\u0131labilecek en ideal noktaya gelinmi\u015ftir. Sn. Denkta\u015f, T\u00fcrkiye&#39;de, marjinal guruplar\u0131n te\u015fvikiyle ileri geri konu\u015fmay\u0131 b\u0131raks\u0131n, gitsin K\u0131br\u0131s&#39;ta derdini anlats\u0131n!?&quot; gibi laflar ediyor&#8230; <\/li>\n<\/ul>\n<p> \u00c7\u00fcnk\u00fc Denkta\u015f &quot;K\u0131br\u0131s konusunda Milli Politikalar\u0131n d\u0131\u015f\u0131na \u00e7\u0131k\u0131ld\u0131\u011f\u0131n\u0131 ve Ba\u015fbakan Tayyip Erdo\u011fan&#39;\u0131n kand\u0131r\u0131ld\u0131\u011f\u0131n\u0131&quot; hayk\u0131r\u0131yor&#8230;  <\/p>\n<ul>\n<li>Baz\u0131 Amerikan birlikleri bile, art\u0131k su\u00e7suz ve savunmas\u0131z sivil Irak halk\u0131na sald\u0131rmayacaklar\u0131n\u0131 a\u00e7\u0131klarken, Sn. Recep Tayyip Erdo\u011fan kat\u0131ld\u0131\u011f\u0131 gecede &quot;Beraber y\u00fcr\u00fcd\u00fck biz bu yollarda&#8230;&quot; \u015fark\u0131s\u0131n\u0131 s\u00f6yl\u00fcyor&#8230; <\/li>\n<\/ul>\n<p> Ama beraber y\u00fcr\u00fcd\u00fcklerinin ne Irakl\u0131 masumlar, ne K\u0131br\u0131sl\u0131 soyda\u015flar de\u011fil, emperyalist coniler ve Siyonist caniler oldu\u011funu, art\u0131k g\u00f6z\u00fc olan herkes g\u00f6r\u00fcyor!..  <\/p>\n<p> 15 Nisan&#39;da B\u00fcr\u00fckselde yap\u0131lacak ve Birle\u015fik K\u0131br\u0131s&#39;a yard\u0131m kampanyas\u0131 olu\u015fturulacak D\u00f6n\u00f6rler toplant\u0131s\u0131n\u0131n da K\u0131br\u0131s halk\u0131n\u0131 bu sinsi plana &quot;evet&quot; dedirtmeye y\u00f6nelik bir aldatmaca oldu\u011fu anla\u015f\u0131l\u0131yor.  <\/p>\n<p> \u00c7\u00fcnk\u00fc ayn\u0131 ABD ve Avrupa, yeni Afganistan h\u00fck\u00fcmetine de b\u00f6yle bo\u015f vaatler verdi\u011fini, ama bir kuru\u015f bile g\u00f6nderilmedi\u011fini herkes hat\u0131rl\u0131yor!&#8230;  <\/p>\n<p> Masonik ve mandac\u0131 medya ile m\u00fcnaf\u0131k ve \u0130slamc\u0131 medya da bu al\u00e7akl\u0131\u011fa alk\u0131\u015f tutuyor.  <\/p>\n<p> 18 Nisan 2002 de, H\u00fcrriyetteki k\u00f6\u015fesinde:  <\/p>\n<p> &quot;Erdo\u011fan gibisini g\u00f6rmedim. \u0130ki kere ABD&#39;ye gitti. \u0130ktidar\u0131n kokusunu al\u0131nca, acaba birden &quot;Dinsiz mi&quot;\u00a0 oldu? Referans\u0131 art\u0131k, \u0130slam de\u011fil mi? E\u011fer b\u00fct\u00fcn bunlardan d\u00f6nd\u00fcyse bu kadar &quot;radikal bir d\u00f6ne\u011fe&quot; bu millet nas\u0131l g\u00fcvenecek? Bir daha tekrar ne zaman ve nereye d\u00f6nece\u011fini kim bilecek?  <\/p>\n<p> \u00a0\u00a0\u00a0\u00a0\u00a0\u00a0\u00a0\u00a0\u00a0\u00a0 Ve yine 26 Nisan 2002 de: &quot;Bilgisi zay\u0131f, deneyimi eksik, e\u011fitimi yetersiz, yabanc\u0131 dil bilmez bir adam!&#8230; D\u00fcnya siyasetinde var olmak isteyen bir T\u00fcrkiye&#39;nin \u00f6nderi olacak bir adam de\u011fil&#8230; Abdullah G\u00fcl&#39;\u00fc silkeleseniz yirmi tane Tayyip d\u00f6k\u00fcl\u00fcr. AKP T\u00fcrkiye siyasetinde yer almak istiyorsa alabilir. Ama ba\u015f\u0131nda Tayyip Erdo\u011fan&#39;la de\u011fil&#8230;&quot;  <\/p>\n<p> \u00a0\u00a0\u00a0\u00a0\u00a0\u00a0\u00a0\u00a0\u00a0 Diyen bu kiral\u0131k yazarlardan Fatih Altayl\u0131, \u015fimdi:  <\/p>\n<p> \u00a0\u00a0\u00a0\u00a0\u00a0\u00a0\u00a0\u00a0\u00a0 &quot;Y\u0131llarca k\u00fc\u00e7\u00fcmsedi\u011fimiz &quot;Kas\u0131mpa\u015fal\u0131&quot; D\u0131\u015fi\u015flerine g\u00fcvenerek, kendi s\u0131cak tavr\u0131n\u0131 da ekleyerek ve hepsinden \u00f6nemlisi &quot;cesaret ederek&quot; b\u00fcy\u00fck bir i\u015f ba\u015fard\u0131. Bence, bu y\u0131l\u0131n Nobel bar\u0131\u015f \u00f6d\u00fcl\u00fc, Tayyip Erdo\u011fan&#39;\u0131n hakk\u0131d\u0131r.&quot; <a name=\"_ftnref1\" href=\"#_ftn1\" title=\"_ftnref1\">[1]<\/a> diyebiliyor.!?  <\/p>\n<p> \u0130\u015fte f\u0131r d\u00f6nekli\u011fin ve dengesizli\u011fin daniskas\u0131&#8230;! Kodamanlar nas\u0131l \u00fcf\u00fcr\u00fcrlerse \u00f6yle ses \u00e7\u0131karan kavallar\u0131n, al\u00e2metifarikas\u0131&#8230;  <\/p>\n<ul>\n<li>Bah\u00e7eli ve Ecevit h\u00fck\u00fcmeti de &quot;T\u00fcrkiye ve Yunanistan&#39;\u0131n birlikte kat\u0131lmad\u0131\u011f\u0131 herhangi bir ortakl\u0131\u011fa K\u0131br\u0131s giremez&quot; \u015feklindeki 1960 Londra anla\u015fmas\u0131n\u0131 maalesef, yok saymak ve Helsinki zirvesine kat\u0131l\u0131p onaylamak suretiyle G\u00fcney K\u0131br\u0131s&#39;\u0131n tek tarafl\u0131 AB&#39;ye girmesinin yolunu a\u00e7m\u0131\u015flard\u0131r. Ama \u015fimdi Ecevit ve Bah\u00e7eli, katlettikleri Kuzey K\u0131br\u0131s T\u00fcrk Cumhuriyetine g\u00fcya sahip \u00e7\u0131k\u0131yor g\u00f6r\u00fcnerek timsah g\u00f6zya\u015f\u0131 d\u00f6k\u00fcyor!<\/li>\n<\/ul>\n<p> Ancak; Siyonist rejis\u00f6rlerin sahneye koydu\u011fu \u0130svi\u00e7re tiyatrosunda fig\u00fcranl\u0131k yapanlar \u00f6v\u00fcl\u00fcp g\u00f6klere \u00e7\u0131kar\u0131lsa da&#8230;  <\/p>\n<p> Rauf Denkta\u015f&#39;\u0131n ve KKTC eski ba\u015fbakan\u0131 Dervi\u015f Ero\u011flu&#39;nun &quot;K\u0131br\u0131s elden gidiyor!&quot; feryatlar\u0131na, \u015fimdilik kulak t\u0131kansa da&#8230;  <\/p>\n<p> Milli ve Haysiyetli cephedeki t\u00fcm ayd\u0131nlar\u0131n, b\u00fcrokratlar\u0131n ve sivil toplum ba\u015fkanlar\u0131n\u0131n &quot;T\u00fcrkiye ku\u015fat\u0131l\u0131yor!&quot;\u00a0 uyar\u0131lar\u0131 hesaba kat\u0131lmasa da&#8230;  <\/p>\n<p> AKP h\u00fck\u00fcmeti bu kutsal ve stratejik vatan par\u00e7as\u0131n\u0131 satsa da&#8230;  <\/p>\n<p> \u00a0\u00a0\u00a0\u00a0\u00a0\u00a0\u00a0\u00a0\u00a0 MGK bu sat\u0131\u015fa destek \u00e7\u0131ksa da&#8230;  <\/p>\n<p> \u00a0\u00a0\u00a0\u00a0\u00a0\u00a0\u00a0\u00a0\u00a0 Bu g\u00fcnk\u00fc Meclis bu sat\u0131\u015f\u0131 onaylasa da&#8230;  <\/p>\n<p> \u00a0\u00a0\u00a0\u00a0\u00a0\u00a0\u00a0\u00a0\u00a0 Hatta bu sat\u0131\u015f referandumla K\u0131br\u0131s T\u00fcrk halk\u0131nca oylansa da&#8230;  <\/p>\n<p> \u00a0\u00a0\u00a0\u00a0\u00a0\u00a0\u00a0\u00a0\u00a0 \u0130ngilizler, daha \u015fimdiden Kuzey K\u0131br\u0131s&#39;taki arsa ve arazileri sat\u0131n alsa da&#8230;  <\/p>\n<p> \u00a0\u00a0\u00a0\u00a0\u00a0\u00a0\u00a0\u00a0\u00a0 Mehmet Ali Talat ve Mehmet Ali Birand gibileri, zil tak\u0131p oynasa da&#8230;  <\/p>\n<p> \u00a0\u00a0\u00a0\u00a0\u00a0\u00a0\u00a0\u00a0 Y\u0130NE DE H\u0130\u00c7B\u0130R G\u00dc\u00c7 KIBRISI EL\u0130M\u0130ZDEN ALAMAZ!&#8230;  <\/p>\n<p> \u00a0\u00a0\u00a0\u00a0\u00a0\u00a0\u00a0\u00a0\u00a0 KUVAY-I M\u0130LL\u0130YE(Milli G\u00fc\u00e7ler) BU HIYANETE SEY\u0130RC\u0130 KALAMAZ!  <\/p>\n<p> \u00a0\u00a0\u00a0\u00a0\u00a0\u00a0\u00a0\u00a0\u00a0 \u00c7\u00dcNK\u00dc \u0130NT\u0130HAR OYLANAMAZ ve  <\/p>\n<p> \u00a0\u00a0\u00a0\u00a0\u00a0\u00a0\u00a0\u00a0\u00a0 HIYANET ONAYLANAMAZ!  <\/p>\n<p> \u00a0\u00a0\u00a0\u00a0\u00a0\u00a0\u00a0\u00a0\u00a0 U\u011eRUNA AVRUPA VE AMER\u0130KAYI DA KAR\u015eIMIZA ALARAK SAVA\u015eTI\u011eIMIZ VE KAN D\u00d6KEREK KAZANDI\u011eIMIZ YERLER\u0130 H\u0130\u00c7 K\u0130MSE MASA BA\u015eINDA SATAMAZ!  <\/p>\n<p> \u00a0\u00a0\u00a0\u00a0\u00a0\u00a0\u00a0\u00a0\u00a0 \u00c7\u00fcnk\u00fc: 1913 de kurulan Bat\u0131 Trakya T\u00fcrk Cumhuriyeti&#39;nin de, maalesef Enver, Talat ve Cemal gibi \u0130ttihat\u00e7\u0131 masonlar\u0131n h\u0131yanetiyle ve Bulgaristan&#39;\u0131n ve Bat\u0131n\u0131n iste\u011fiyle tarihe kar\u0131\u015ft\u0131\u011f\u0131n\u0131 ve bu vatan par\u00e7as\u0131n\u0131n b\u00f6ylece Yunanla\u015ft\u0131\u011f\u0131n\u0131, Milli g\u00f6mle\u011fini ve kimli\u011fini \u00e7\u0131karanlar hat\u0131rlamasa da, Kuvay-i Milliyeciler unutmu\u015f de\u011fildir&#8230;  <\/p>\n<p> \u00c7\u00fcnk\u00fc Mason Cemal Pa\u015fa&#39;n\u0131n torunu Hasan Cemal, bug\u00fcn de AB hat\u0131r\u0131na K\u0131br\u0131s&#39;\u0131 hibe ve heba etmek isteyen medya madrabazlar\u0131n\u0131n ba\u015f\u0131n\u0131 \u00e7ekmektedir.  <\/p>\n<p> \u00a0\u00a0\u00a0\u00a0\u00a0\u00a0\u00a0\u00a0\u00a0 \u00c7\u00fcnk\u00fc bazen, Meclisler de, H\u00fck\u00fcmetler de, Milli m\u00fcesseseler de, yozla\u015fabilir, yoldan \u00e7\u0131kabilir ve maalesef, yarar yerine zarar verebilir. Bozulup kanserle\u015febilir!&#8230;  <\/p>\n<p> \u00a0\u00a0\u00a0\u00a0\u00a0\u00a0\u00a0\u00a0\u00a0 Art\u0131k, Atat\u00fcrk&#39;\u00fcn Amasya Genelgesini okuman\u0131n ve gere\u011fini yapman\u0131n zaman\u0131 gelmi\u015ftir!&#8230;  <\/p>\n<p> \u00a0\u00a0\u00a0\u00a0\u00a0\u00a0\u00a0\u00a0\u00a0 K\u0131br\u0131s Kosova&#39;ya, T\u00fcrkiye Irak&#39;a \u00e7evrilmeden&#8230; B\u00f6lgemiz kaosa, d\u00fcnyam\u0131z kabusa s\u00fcr\u00fcklenmeden!..  <\/p>\n<p> \u00a0\u00a0\u00a0\u00a0\u00a0\u00a0\u00a0\u00a0\u00a0 Gazi Mustafa Kemal&#39;in 21\/22 Haziran 1919 gecesi, Amasya&#39;da Cevat Abbas Bey&#39;e dikte etti\u011fi tarihi genelgenin ilk maddeleri \u015f\u00f6yledir:  <\/p>\n<ul>\n<li>1- Vatan\u0131n tamamiyeti, milletin istiklali tehlikededir.( \u00dclkenin birlik ve b\u00fct\u00fcnl\u00fc\u011f\u00fc ve milletin ba\u011f\u0131ms\u0131zl\u0131k ve gelece\u011fi tehlikededir)<\/li>\n<li>2- H\u00fck\u00fcmeti merkeziye, deruhte etti\u011fi mesuliyetin icaba t\u0131n\u0131 ifa edememektedir. Bu hal, milletimizi madum tan\u0131t\u0131yor.<\/li>\n<\/ul>\n<ul>\n<li>(Yani, mevcut h\u00fck\u00fcmet y\u00fcklendi\u011fi sorumluluklar\u0131n gereklerini yerine getirmekten acizdir. Bu durum milletimizi bitmi\u015f ve t\u00fckenmi\u015f ve teslime haz\u0131r hale gelmi\u015f g\u00f6stermekte ve d\u0131\u015f g\u00fc\u00e7lere cesaret vermektedir.)<\/li>\n<\/ul>\n<ul>\n<li>3- Milletin \u0130stiklalini (Birlik, ba\u011f\u0131ms\u0131zl\u0131k ve bekas\u0131n\u0131) yine, milletin azim ve karar\u0131 kurtaracakt\u0131r&#8230;<\/li>\n<li>4- Milletin hal ve vaz&#39;\u0131n\u0131 derpi\u015f etmek (Durumunu ve sorununu ortaya koyup, de\u011ferlendirmek) ve saday\u0131 hukukunu cihana i\u015fittirmek (temel hak ve h\u00fcrriyetlerini i\u00e7eren sesini ve isteklerini b\u00fct\u00fcn d\u00fcnyaya iletmek) i\u00e7in her t\u00fcrl\u00fc tesir ve murakabeden azade bir heyeti Milliye&#39;nin v\u00fccudu elzemdir. (Her \u00e7e\u015fit d\u0131\u015f etkilerden ve g\u00fc\u00e7 merkezlerinin kontrol\u00fcnden uzak Milli bir Meclis ve H\u00fck\u00fcmetin kurulmas\u0131 mutlaka gereklidir.) <a name=\"_ftnref2\" href=\"#_ftn2\" title=\"_ftnref2\">[2]<\/a><\/li>\n<\/ul>\n<p> Evet, Atat\u00fcrk&#39;\u00fcn Amasya Tamimi tarihi bir ihtilal \u00e7a\u011fr\u0131s\u0131 ve mevcut teslimiyet\u00e7i iktidara kar\u015f\u0131 ba\u011f\u0131ms\u0131z ve Milli bir direni\u015f uyar\u0131s\u0131 gibidir.  <\/p>\n<p> NTV. 13:00 haberlerinde g\u00f6sterildi\u011fi gibi: G\u00fczelyurt&#39;ta ya\u015fayan T\u00fcrklerin &quot;Vatan\u0131m\u0131z\u0131 ve Devletimizi korumak i\u00e7in 16 ya\u015f\u0131nda silaha sar\u0131l\u0131p Sn. Cumhurba\u015fkan\u0131m\u0131zla birlikte da\u011flara \u00e7\u0131kt\u0131k&#8230;  <\/p>\n<p> &quot;\u015eimdi de Rumlara ve Yunana kar\u015f\u0131 de\u011fil, ama maalesef Anavatan\u0131m\u0131zdaki h\u00fck\u00fcmete kar\u015f\u0131 Sn. Denkta\u015f&#39;a sahip \u00e7\u0131kmak \u00fczere da\u011fa \u00e7\u0131kmaya ve Devletimizi savunmaya haz\u0131r\u0131z!&quot;  <\/p>\n<p> \u015eeklindeki sitemleri, y\u00fcz\u00fcm\u00fcz\u00fc k\u0131zartacak ve y\u00fcre\u011fimizi kavuracak s\u00f6zlerdir!&#8230;  <\/p>\n<p> &#160; <\/p>\n<p> &#160; <\/p>\n<p> &#160; <\/p>\n<p> &#160; <\/p>\n<p> &#160; <\/p>\n<p> &#160; <\/p>\n<p> &#160; <\/p>\n<p> <\/p>\n<hr \/>\n<p> <a name=\"_ftn1\" href=\"#_ftnref1\" title=\"_ftn1\">[1]<\/a> 2.4.2004 H\u00fcrriyet  <\/p>\n<p> <a name=\"_ftn2\" href=\"#_ftnref2\" title=\"_ftn2\">[2]<\/a> Bak: Nutuk. C.1. sf:30-31  <\/p>\n","protected":false},"excerpt":{"rendered":"<p>\u00a0  <\/p>\n<p> &quot;Bar\u0131\u015f, istikrar, \u00c7\u00f6z\u00fcm, AB s\u00fcreci&quot; gibi yalan vaatler ve yalama olmu\u015f \u00fcmitlerle K\u0131br\u0131s resmen verildi&#8230; B\u00f6ylece B\u00fcy\u00fck Ortado\u011fu projesi palavras\u0131yla, Arz-\u0131 Mev&#39;ud plan\u0131na dahil edildi. Siyonist pentagonun ve NATO&#39;nun emrindeki sivil ve asker yetkililer bu talihsiz hareketin sorumlulu\u011funu birlikte y\u00fcklendi!\u00a0 Oysa Atat\u00fcrk kitab\u0131n\u0131n yazar\u0131 \u00dcnl\u00fc \u0130ngiliz sosyal bilimci Andrew Mango bile, B\u00fcy\u00fck Ortado\u011fu Projesinin &quot;Olduk\u00e7a Kapal\u0131 ve Karanl\u0131k oldu\u011funu ve bir nevi, atlar\u0131n araban\u0131n \u00f6n\u00fcne ko\u015fuldu\u011funu&quot; s\u00f6ylemi\u015fti.<a name=\"_ftnref1\" href=\"#_ftn1\" title=\"_ftnref1\">[1]<\/a>  <\/p>\n<p> <\/p>\n<hr \/>\n<p> <a name=\"_ftn1\" href=\"#_ftnref1\" title=\"_ftn1\">[1]<\/a> 7 Nisan 2004 NTV. 17:00 haber  <\/p>\n","protected":false},"author":39,"featured_media":0,"comment_status":"open","ping_status":"closed","sticky":false,"template":"","format":"standard","meta":{"footnotes":""},"categories":[57],"tags":[],"class_list":["post-643","post","type-post","status-publish","format-standard","hentry","category-mayis-2004"],"_links":{"self":[{"href":"https:\/\/www.millicozum.com\/mc\/wp-json\/wp\/v2\/posts\/643","targetHints":{"allow":["GET"]}}],"collection":[{"href":"https:\/\/www.millicozum.com\/mc\/wp-json\/wp\/v2\/posts"}],"about":[{"href":"https:\/\/www.millicozum.com\/mc\/wp-json\/wp\/v2\/types\/post"}],"author":[{"embeddable":true,"href":"https:\/\/www.millicozum.com\/mc\/wp-json\/wp\/v2\/users\/39"}],"replies":[{"embeddable":true,"href":"https:\/\/www.millicozum.com\/mc\/wp-json\/wp\/v2\/comments?post=643"}],"version-history":[{"count":0,"href":"https:\/\/www.millicozum.com\/mc\/wp-json\/wp\/v2\/posts\/643\/revisions"}],"wp:attachment":[{"href":"https:\/\/www.millicozum.com\/mc\/wp-json\/wp\/v2\/media?parent=643"}],"wp:term":[{"taxonomy":"category","embeddable":true,"href":"https:\/\/www.millicozum.com\/mc\/wp-json\/wp\/v2\/categories?post=643"},{"taxonomy":"post_tag","embeddable":true,"href":"https:\/\/www.millicozum.com\/mc\/wp-json\/wp\/v2\/tags?post=643"}],"curies":[{"name":"wp","href":"https:\/\/api.w.org\/{rel}","templated":true}]}}