{"id":644,"date":"2004-05-01T00:00:00","date_gmt":"2004-05-01T00:00:00","guid":{"rendered":"https:\/\/www.millicozum.com\/mc\/2004\/05\/01\/siritan-senaryo\/"},"modified":"2004-05-01T00:00:00","modified_gmt":"2004-05-01T00:00:00","slug":"siritan-senaryo","status":"publish","type":"post","link":"https:\/\/www.millicozum.com\/mc\/2004\/mayis-2004\/siritan-senaryo\/","title":{"rendered":"SIRITAN SENARYO!.."},"content":{"rendered":"<p>\u00a0  <\/p>\n<p> AKP h\u00fck\u00fcmetiyle baz\u0131 askeri yetkililerin, bir sivil toplum \u00f6rg\u00fct\u00fc olan K\u00f6rler Derne\u011fi Sakarya \u015eube Ba\u015fkan\u0131 Han\u0131mefendiyi hizmet b\u00fcrosuna sokmamaya kadar varan ba\u015f\u00f6rt\u00fcs\u00fc problemi ve \u0130mam-Hatip meselesi gibi konularda z\u0131tla\u015fmalar\u0131&#8230;  <\/p>\n<p> Ama \u00fclkemizin gelece\u011fini ve g\u00fcvenli\u011fini tehdit eden talihsiz geli\u015fmeler kar\u015f\u0131s\u0131nda uzla\u015f\u0131yor olmalar\u0131, halk\u0131m\u0131z\u0131n devlete ve h\u00fck\u00fcmete olan itimat ve itibar\u0131n\u0131 giderek zedeliyor ve zay\u0131flat\u0131yor&#8230; <\/p>\n<p> \u0130lgili ve yetkili makamlar\u0131n, sanki ordumuzun ve devlet onurumuzun y\u0131prand\u0131\u011f\u0131n\u0131 fark etmiyormu\u015f gibi davranmalar\u0131 da, bizleri ayr\u0131ca d\u00fc\u015f\u00fcnd\u00fcr\u00fcyor!? <\/p>\n<p>  \u00a0  <\/p>\n<p> \u015eu hale bak\u0131n bir AKP Milletvekili, hem de Meclis Ara\u015ft\u0131rma Komisyonu yetkilisi \u00e7\u0131k\u0131yor: &quot;Atat\u00fcrk&#39;\u00fcn asker elbiseli resminden, Meclis Muhaf\u0131z Birli\u011finden&quot; rahats\u0131z oldu\u011funu s\u00f6yleyip efeleniyor! Bir komutan ise, AKP iktidar\u0131n\u0131 ima ederek &quot;irtica ve rejimin y\u0131prat\u0131lmas\u0131na izin verilmeyece\u011fini&quot; yolunda a\u00e7\u0131klamalar yap\u0131yor!&#8230; <\/p>\n<ul>\n<li>Oysa: D\u0131\u015f g\u00fc\u00e7lere dayat\u0131lan ve gelece\u011fimizi karartan, endi\u015fe verici geli\u015fmeler kar\u015f\u0131s\u0131nda; vurdumduymaz bir ortak tav\u0131r tak\u0131nan, hatta bu h\u0131yanet kokan geli\u015fmelere k\u0131l\u0131f haz\u0131rlay\u0131c\u0131 a\u00e7\u0131klamalar yapan, AKP ve TSK&#39;n\u0131n baz\u0131 otokrat yetkililerinin, incir \u00e7ekirde\u011fini doldurmayan konularda z\u0131tla\u015fmalar\u0131&#8230; Acaba her iki tarafta da, toplumu ve taban\u0131n\u0131 oyalamak i\u00e7in dan\u0131\u015f\u0131kl\u0131 d\u00f6v\u00fc\u015f g\u00f6sterisi mi sahneleniyor? Sorusunu akl\u0131m\u0131za getiriyor! Ve yine hi\u00e7 gere\u011fi yokken Sn. Cumhurba\u015fkan\u0131 Sezer&#39;in ba\u015f\u00f6rt\u00fcs\u00fcne \u00e7atmas\u0131&#8230; Nur Sertel ve Sami Evren gibilerin AKP bahanesiyle \u0130slam&#39;a sata\u015fmalar\u0131, acaba \u00fcrk\u00fct\u00fclen M\u00fcsl\u00fcmanlar\u0131 AKP&#39;ye y\u00f6nlendirmek i\u00e7in kas\u0131tl\u0131 ve planl\u0131 m\u0131 yap\u0131l\u0131yor?! <\/li>\n<\/ul>\n<p> \u015eimdi merak ediyoruz: <\/p>\n<ul>\n<li>a- Denkta\u015f pasifize edilerek devre d\u0131\u015f\u0131 b\u0131rak\u0131l\u0131p,K\u0131br\u0131s Rumlara teslim edilirken.. Annan plan\u0131 gere\u011fi adadan i\u015fgalci diye askerimiz \u00e7ekilip, geri kalan bir b\u00f6l\u00fck ise resmi t\u00f6ren d\u0131\u015f\u0131nda hi\u00e7bir m\u00fcdahale yapamaz hale getirilirken!&#8230; Ve Annan haritas\u0131na g\u00f6re Kuzey K\u0131br\u0131s&#39;\u0131n savunmas\u0131 art\u0131k imk\u00e2ns\u0131z duruma sokulurken<\/li>\n<li>b- Kuzey Irak&#39;ta ad\u0131m ad\u0131m K\u00fcrdistan kurulurken<\/li>\n<li>c- Kerk\u00fck&#39;te, ABD destekli Pe\u015fmergeler T\u00fcrkmenleri katlederken ve Kerk\u00fck yeni bir K\u0131br\u0131s Haline getirilmeye \u00e7al\u0131\u015f\u0131rken&#8230; Hi\u00e7 k\u0131zmayan ve tav\u0131r koymayan!&#8230;<\/li>\n<li>\u00e7- \u0130\u00e7i\u015fleri Bakan\u0131 Abdulkadir Aksu&#39;nun \u0130srail&#39;le imzalad\u0131\u011f\u0131 &quot;\u0130stihbarat \u0130\u015fbirli\u011fi&quot; ile b\u00fct\u00fcn milli ve gizli s\u0131rlar\u0131m\u0131z, hatta M\u0130T te\u015fkilat\u0131m\u0131z Siyonistlerin hizmetine sunulurken<\/li>\n<li>d- M\u0130T M\u00fcste\u015far\u0131 \u015eenkal Atasagun, sanki PKK a\u011fz\u0131yla ordumuza sald\u0131r\u0131rken<\/li>\n<li>e- Yabanc\u0131 El\u00e7ilik Mensuplar\u0131,kar\u0131\u015f kar\u0131\u015f Anadolu&#39;yu dola\u015f\u0131p etnik ve mezhep ayr\u0131mc\u0131l\u0131\u011f\u0131n\u0131 k\u00f6r\u00fcklerken, hi\u00e7 oral\u0131 olmayan, \u00fcst\u00fcne al\u0131nmayan!&#8230;<\/li>\n<li>f- Fatih kaymakaml\u0131\u011f\u0131na ba\u011fl\u0131 bir memur stat\u00fcs\u00fcnde olmas\u0131 gerekirken ve vatana h\u0131yanetten \u00fclkemizden s\u00fcr\u00fclen ama daha sonra \u00d6zal taraf\u0131ndan affedilip geri getirilen Bartholomeuos, ABD&#39;ye gidip B\u0130ZANS sergileri a\u00e7arken&#8230; Ve d\u00fcnya Yahudi kongresi ba\u015fkan\u0131yla g\u00f6r\u00fc\u015f\u00fcp &quot;\u0130slami uyan\u0131\u015fa kar\u015f\u0131 birlikte hareket edeceklerini&quot; a\u00e7\u0131klarken&#8230; Patrikhane ayr\u0131 bir devlet gibi davran\u0131p, Ankara&#39;dan izin bile almadan yabanc\u0131 papazlar atan\u0131rken&#8230;<\/li>\n<li>g- K\u00fcrt\u00e7eden sonra \u00c7erkezler ve Ermeniler de ba\u011f\u0131ms\u0131z dil taleplerini seslendirirken&#8230; Ve \u015fu anda M\u0130T&#39;in resmi raporlar\u0131na g\u00f6re, Do\u011fu ve g\u00fcneydo\u011fuda tam 3 bin yabanc\u0131 ajan cirit atarken!<a name=\"_ftnref1\" href=\"#_ftn1\" title=\"_ftnref1\">[1]<\/a> <\/li>\n<li>h- Ve bu sonuca ula\u015fmak ve kanuni alt yap\u0131s\u0131n\u0131 haz\u0131rlamak \u00fczere maalesef AKP ve CHP nin i\u015fbirli\u011fi ile 4 Haziran 2003 de ikiz yasalar diye bilinen ve &quot;b\u00fct\u00fcn halklar kendi kaderlerinin tayin hakk\u0131na sahiptir&quot; maddesini i\u00e7eren anla\u015fmay\u0131 imzalarken&#8230;<\/li>\n<li>i- Yerel y\u00f6netimler ve Kamu Reformu projesi alt\u0131nda Sevr gere\u011fi, T\u00fcrkiye b\u00f6l\u00fcnmeye haz\u0131rlan\u0131rken&#8230; Ba\u011f\u0131ms\u0131zl\u0131\u011f\u0131m\u0131z\u0131 AB&#39;ye devredecek anayasa de\u011fi\u015fikli\u011fi yap\u0131l\u0131rken&#8230; Deniz Kuvvetleri devir teslim t\u00f6reninde art\u0131k &quot;uluslar aras\u0131 hukuka&quot; yemin edilirken!?<\/li>\n<li>j- Ba\u015f Savc\u0131, Mersin&#39;de &quot;Anayasa mahkemesini siyasalla\u015ft\u0131rma giri\u015fimlerinin tehlikeli sonu\u00e7lar do\u011furabilecek noktalara ula\u015ft\u0131\u011f\u0131n\u0131 ve h\u00fck\u00fcmetin yarg\u0131ya olan g\u00fcveni y\u0131pratmaya \u00e7al\u0131\u015ft\u0131\u011f\u0131n\u0131&quot; hayk\u0131r\u0131rken, hi\u00e7 ald\u0131rmayan ve morali bozulmayan!&#8230;<\/li>\n<li>k- S\u00fcleymaniye&#39;de subaylar\u0131m\u0131z\u0131 ba\u015f\u0131na \u00e7uval ge\u00e7irilirken&#8230;K\u0131br\u0131s&#39;tan da askerimiz bu maksatla \u00e7\u0131kar\u0131l\u0131p, ordumuzun havas\u0131 indirilmeye u\u011fra\u015f\u0131l\u0131rken..<\/li>\n<li>l-T\u00fcrk Silahl\u0131 Kuvvetleri; Anadolu&#39;nun de\u011fil, \u0130slam\u0131 d\u00fc\u015fman se\u00e7en NATO&#39;nun silahl\u0131 g\u00fc\u00e7leri haline getirilmek istenirken&#8230;<\/li>\n<li>m- Milli Savunma B\u00fct\u00e7esi AKP eliyle ve d\u0131\u015f g\u00fc\u00e7lerin tertibiyle \u00fc\u00e7te bir oran\u0131nda azalt\u0131l\u0131rken&#8230; Baz\u0131 emekli generaller, Siyonist s\u00f6m\u00fcr\u00fc sermayesine ve mason tarikat\u0131na intisap edip askerlik \u015ferefini lekelerken&#8230;<a name=\"_ftnref2\" href=\"#_ftn2\" title=\"_ftnref2\">[2]<\/a> <\/li>\n<li>7. Uyum paketiyle MGK Genel Sekreterli\u011fini i\u015flevsiz hale getiren AKP, meclise sevk etti\u011fi tek maddelik bir tasar\u0131 ile de TSK&#39;ya lojistik destek sa\u011flayan ve (Ulusal Kriptoloji Enstit\u00fcs\u00fc) gibi milli ve gizli stratejiler \u00fcreten birimleri b\u00fcnyesinde bar\u0131nd\u0131ran T\u00dcB\u0130TAK&#39;\u0131 siyasalla\u015ft\u0131rmak ve orduyu zor durumda b\u0131rakmak amac\u0131n\u0131 ta\u015f\u0131yan, h\u0131yanet odaklar\u0131n\u0131n sinsi emellerine bilerek veya bilmeyerek hizmet ederken&#8230;<\/li>\n<li>K\u0131br\u0131s AB&#39;ye girince Garant\u00f6rl\u00fck falan hepsi ge\u00e7ersiz olaca\u011f\u0131ndan: hi\u00e7 de\u011filse \u0130ngiltere&#39;nin adan\u0131n %10 kadar\u0131n\u0131, \u00fcs olarak resmen almas\u0131 gibi, Devletimizin de en az K\u0131br\u0131s&#39;\u0131n % 10 k\u0131sm\u0131n\u0131 T\u00fcrkiye tapusuna ge\u00e7irmesi gerekirken..<\/li>\n<li>Kitap haline getirilse 20 ciltlik ansiklopedi \u00e7\u0131kacak, 9 bin sayfal\u0131k karanl\u0131k ve karma\u015f\u0131k bir Annan plan\u0131 g\u00f6z\u00fc kapal\u0131 imzalan\u0131rken ve sn. Ba\u015fbakan i\u00e7eri\u011fini bilmedi\u011fi bir metin i\u00e7in BM&#39;ye garanti verirken&#8230;<\/li>\n<li>Kuzey K\u0131br\u0131s, T\u00fcrkiye&#39;yi, \u0130slam \u00fclkelerini ve Orta Asya Cumhuriyetlerini kontrol alt\u0131nda tutmak ve istedi\u011fi an sald\u0131r\u0131p ku\u015fatmak \u00fczere; Amerikan\u0131n en b\u00fcy\u00fck askeri \u00fcss\u00fc haline getirilmeye haz\u0131rlan\u0131rken&#8230;<\/li>\n<\/ul>\n<p> Ve hatta, NATO&#39;nun geni\u015fleme masa sorumlusu Bayan Stefani Babst, ege \u00dcniversitesinin haz\u0131rlad\u0131\u011f\u0131 uluslar aras\u0131 bir panelde: B\u00fcy\u00fck Ortado\u011fu Projesi \u00e7er\u00e7evesinde NATO&#39;nun \u0130zmir&#39;de yeni bir \u00fcs kurmas\u0131 gerekti\u011fini ve bu konudaki giri\u015fim ve geli\u015fmelerin kendilerini \u00fcmitlendirdi\u011fini s\u00f6ylerken.<a name=\"_ftnref3\" href=\"#_ftn3\" title=\"_ftnref3\">[3]<\/a>  <\/p>\n<p> Evet, b\u00fct\u00fcn bu h\u0131yanet ve rezalet ya\u015fan\u0131rken; <\/p>\n<ul>\n<li>Hi\u00e7 sesi \u00e7\u0131kmayan, hatta ba\u015f\u0131m\u0131za \u00e7uval ge\u00e7iren ABD&#39;li Albay\u0131n y\u0131lba\u015f\u0131 e\u011flencelerine, \u00f6zel subaylar g\u00f6nderip kutlayan&#8230; Mersin Liman\u0131ndaki \u015f\u0131mar\u0131k conilere haddini bildiren Binba\u015f\u0131m\u0131z\u0131 s\u00fcrg\u00fcn gibi ba\u015fka g\u00f6reve atayan ve GK 2.Ba\u015fkan\u0131 Org. \u0130lker Ba\u015fbu\u011f&#39;u 45 ki\u015filik heyetle, hala \u0130srail&#39;e yollayan asker ve sivil yetkililer, Hur\u015fit Tolon Pa\u015fan\u0131n Milli ve haysiyetli uyar\u0131lar\u0131ndan niye bu kadar rahats\u0131z oluyorlar? Halk\u0131m\u0131z\u0131n hakl\u0131 taleplerine ve Denkta\u015f&#39;\u0131n tarihi tepkilerine niye kulak asm\u0131yorlar?<\/li>\n<li>Ge\u00e7mi\u015fte &quot;Aman taksime cami yap\u0131l\u0131yor!&#8230; \u0130lahiyat ve Diyanet yetkililerine ve baz\u0131 Hoca Efendilere Ba\u015fbakanl\u0131kta iftar veriliyor!&quot; diye bir avu\u00e7 suda f\u0131rt\u0131na koparanlar, \u015fimdi \u00dclkemizin alt\u0131na dinamitler koyulurken ve K\u0131br\u0131s, Kuzey Irak elimizden kayarken, niye susuyorlar?<\/li>\n<li>&quot;Benim \u0131l\u0131ml\u0131 ve itidalli tav\u0131rlar\u0131m\u0131n, sesin g\u00fcrl\u00fc\u011f\u00fcne de\u011fil, akl\u0131n \u00f6nc\u00fcl\u00fc\u011f\u00fcne inanan biri gibi davranmam\u0131n baz\u0131lar\u0131nca; &#8216;Bana vaad edilmi\u015f baz\u0131 makam ve menfaatler kar\u015f\u0131l\u0131\u011f\u0131, K\u0131br\u0131s gibi milli konularda sessiz ve tepkisiz kald\u0131\u011f\u0131m&#39; \u015feklinde yorumlanmas\u0131 yanl\u0131\u015ft\u0131r.&quot;<\/li>\n<\/ul>\n<p> &quot;K\u0131br\u0131s konusunda \u015fahsi kanaatlerimizle, h\u00fck\u00fcmetin icraatlar\u0131 bazen uyu\u015fmayabilir ve bu durumda karar vermek siyasi iradeye b\u0131rak\u0131l\u0131r.&quot;  <\/p>\n<p> &quot;Annan Plan\u0131na &quot;evet&quot; denilirse K\u0131br\u0131s elimizden \u00e7\u0131kar m\u0131 ?&quot; sorusuna da: <\/p>\n<p> &quot;G\u00f6nl\u00fcm\u00fcz\u00fcn de\u011fil, akl\u0131m\u0131z\u0131n rehberli\u011finde y\u00fcr\u00fcmemiz laz\u0131md\u0131r!&quot; ifadeleri, bas\u0131n toplant\u0131s\u0131nda son soruyu y\u00f6nelten ve kamuoyuna terc\u00fcmanl\u0131k eden gazetecinin: &quot;K\u0131br\u0131s gibi hassas konularda ve hele b\u00f6ylesi kritik bir a\u015famada, Atat\u00fcrk&#39;\u00fcn de son vasiyeti do\u011frultusunda, Milletimizi rahatland\u0131racak ve umutland\u0131racak bir a\u00e7\u0131klama yapmam\u0131z gerekmiyor mu ? <\/p>\n<p> \u00c7a\u011fr\u0131s\u0131n yan\u0131t\u0131 olmaktan \u00e7ok uzakt\u0131r. <\/p>\n<p> &quot;Laiklik ve demokrasi gibi kurum ve kavramlar; \u00fclkenin korunmas\u0131 ve millete huzur sa\u011flanmas\u0131 i\u00e7in bir ara\u00e7t\u0131r. Ama\u00e7; \u00fclkenin ba\u011f\u0131ms\u0131zl\u0131\u011f\u0131 ve Milletin birlik ve bekas\u0131d\u0131r. Bizdeki gibi ara\u00e7lar u\u011fruna, ama\u00e7lar\u0131n feda edildi\u011fine, maalesef tarih \u015fahit olmam\u0131\u015ft\u0131r. <\/p>\n<p> K\u0131br\u0131s, Ege, G\u00fcneydo\u011fu elimizden kayarken, baz\u0131lar\u0131 hala &quot; laikli\u011fi koruyacaklar\u0131n\u0131&quot; vurgulamaktad\u0131r !? <\/p>\n<p> \u0130srail Siyonist&#39;inin Arafat&#39;a yapmad\u0131klar\u0131n\u0131 bunlar Denkta\u015f&#39;a yapm\u0131\u015ft\u0131r. <\/p>\n<ul>\n<li>Hat\u0131rlanaca\u011f\u0131 \u00fczere Baykal se\u00e7im tahminini \u015funlara dayand\u0131r\u0131yordu. &quot;Do\u011fu ve G\u00fcneydo\u011fuda komutanlar bile AKP&#39;yi destekliyor!&quot;<a name=\"_ftnref4\" href=\"#_ftn4\" title=\"_ftnref4\">[4]<\/a> <\/li>\n<\/ul>\n<p> \u00a0\u00a0\u00a0\u00a0\u00a0\u00a0\u00a0\u00a0\u00a0 \u015eimdi tekrar soruyoruz: <\/p>\n<p> \u00a0\u00a0\u00a0\u00a0\u00a0\u00a0\u00a0\u00a0\u00a0 Hi\u00e7bir partide Milli ve haysiyetli tav\u0131r tak\u0131nan bir tek siyaset\u00e7i kalmas\u0131n ve bu ama\u00e7la CHP de Deniz Baykal ve ekibinden kurtar\u0131l\u0131p Yahudi d\u00f6nmesi ve \u0130MF temsilcisi Kemal Dervi\u015fe aktar\u0131ls\u0131n, bunun i\u00e7in de yerel se\u00e7imlerde ba\u015far\u0131s\u0131zl\u0131\u011fa u\u011frat\u0131ls\u0131n diye, pentagonun emriyle, AKP adaylar\u0131n\u0131 destekleyenler, kime hizmet ediyorlar? <\/p>\n<ul>\n<li>\u0130stanbul Milletvekili Emin \u015eirin&#39;in TBMM Ba\u015fkanl\u0131\u011f\u0131na verdi\u011fi soru \u00f6nergesinde belirtti\u011fi gibi;<\/li>\n<li>Ba\u015fbakan Recep Tayip Erdo\u011fan ABD Savunma Bakan Yar. Siyonist Wolfowitz&#39;e bir mektup yaz\u0131p: &quot;G.K.B. Hilmi \u00d6zk\u00f6k&#39;le gizli ve \u00f6zel bir toplant\u0131 yapaca\u011f\u0131n\u0131&#8230; Bunun i\u00e7in kendisine yard\u0131mc\u0131 olunmas\u0131n\u0131&#8230;<\/li>\n<\/ul>\n<p> Ve T\u00fcrkiye&#39;nin Birinci D\u00fcnya Toplumunun (yani Siyonist ABD boyunduru\u011funun) bir \u00fcyesi yap\u0131lmas\u0131 yolunda ,generallerle bu g\u00fcne kadar hi\u00e7 olmad\u0131k bi\u00e7imde birlikte ve ortak \u00e7al\u0131\u015facaklar\u0131n\u0131) bildirmesi do\u011fruysa,acaba Milletimiz hayali senaryolarla ve dan\u0131\u015f\u0131kl\u0131 kavgalarla oyalan\u0131p,hayati haklar\u0131m\u0131z hatta Aziz Vatan\u0131m\u0131z,\u015eahsi makam ve menfaatler kar\u015f\u0131l\u0131\u011f\u0131,pe\u015fke\u015f mi \u00e7ekiliyor?&#8230; <\/p>\n<ul>\n<li>Ama elbette; Mili G\u00fc\u00e7lerce, bu talihsiz ve tehlikeli geli\u015fmeler dikkatle izleniyor&#8230;<\/li>\n<li>Ve bu \u00fclkeyi sahipsiz zannedenler aldan\u0131yor.!<\/li>\n<\/ul>\n<p> <\/p>\n<hr \/>\n<p> <a name=\"_ftn1\" href=\"#_ftnref1\" title=\"_ftn1\">[1]<\/a> 12.03.2004 G\u00fcler K\u00f6m\u00fcrc\u00fc\u00a0 AK\u015eAM <\/p>\n<p> <a name=\"_ftn2\" href=\"#_ftnref2\" title=\"_ftn2\">[2]<\/a> 12.03.2004 Umur Talu SABAH <\/p>\n<p> <a name=\"_ftn3\" href=\"#_ftnref3\" title=\"_ftn3\">[3]<\/a> Bak- G\u00fcler K\u00f6m\u00fcrc\u00fc 9.4.2004-AK\u015eAM <\/p>\n<p> <a name=\"_ftn4\" href=\"#_ftnref4\" title=\"_ftn4\">[4]<\/a> 25.03.2004 Pres T\u00fcrk Ulusal Haber <\/p>\n","protected":false},"excerpt":{"rendered":"<p>\u00a0  <\/p>\n<p> AKP h\u00fck\u00fcmetiyle baz\u0131 askeri yetkililerin, bir sivil toplum \u00f6rg\u00fct\u00fc olan K\u00f6rler Derne\u011fi Sakarya \u015eube Ba\u015fkan\u0131 Han\u0131mefendiyi hizmet b\u00fcrosuna sokmamaya kadar varan ba\u015f\u00f6rt\u00fcs\u00fc problemi ve \u0130mam-Hatip meselesi gibi konularda z\u0131tla\u015fmalar\u0131&#8230;  <\/p>\n<p> Ama \u00fclkemizin gelece\u011fini ve g\u00fcvenli\u011fini tehdit eden talihsiz geli\u015fmeler kar\u015f\u0131s\u0131nda uzla\u015f\u0131yor olmalar\u0131, halk\u0131m\u0131z\u0131n devlete ve h\u00fck\u00fcmete olan itimat ve itibar\u0131n\u0131 giderek zedeliyor ve zay\u0131flat\u0131yor&#8230; <\/p>\n<p> \u0130lgili ve yetkili makamlar\u0131n, sanki ordumuzun ve devlet onurumuzun y\u0131prand\u0131\u011f\u0131n\u0131 fark etmiyormu\u015f gibi davranmalar\u0131 da, bizleri ayr\u0131ca d\u00fc\u015f\u00fcnd\u00fcr\u00fcyor!? <\/p>\n","protected":false},"author":2,"featured_media":0,"comment_status":"open","ping_status":"closed","sticky":false,"template":"","format":"standard","meta":{"footnotes":""},"categories":[57],"tags":[],"class_list":["post-644","post","type-post","status-publish","format-standard","hentry","category-mayis-2004"],"_links":{"self":[{"href":"https:\/\/www.millicozum.com\/mc\/wp-json\/wp\/v2\/posts\/644","targetHints":{"allow":["GET"]}}],"collection":[{"href":"https:\/\/www.millicozum.com\/mc\/wp-json\/wp\/v2\/posts"}],"about":[{"href":"https:\/\/www.millicozum.com\/mc\/wp-json\/wp\/v2\/types\/post"}],"author":[{"embeddable":true,"href":"https:\/\/www.millicozum.com\/mc\/wp-json\/wp\/v2\/users\/2"}],"replies":[{"embeddable":true,"href":"https:\/\/www.millicozum.com\/mc\/wp-json\/wp\/v2\/comments?post=644"}],"version-history":[{"count":0,"href":"https:\/\/www.millicozum.com\/mc\/wp-json\/wp\/v2\/posts\/644\/revisions"}],"wp:attachment":[{"href":"https:\/\/www.millicozum.com\/mc\/wp-json\/wp\/v2\/media?parent=644"}],"wp:term":[{"taxonomy":"category","embeddable":true,"href":"https:\/\/www.millicozum.com\/mc\/wp-json\/wp\/v2\/categories?post=644"},{"taxonomy":"post_tag","embeddable":true,"href":"https:\/\/www.millicozum.com\/mc\/wp-json\/wp\/v2\/tags?post=644"}],"curies":[{"name":"wp","href":"https:\/\/api.w.org\/{rel}","templated":true}]}}