{"id":6453,"date":"2021-10-30T22:00:00","date_gmt":"2021-10-30T22:00:00","guid":{"rendered":"https:\/\/www.millicozum.com\/mc\/2021\/10\/30\/bop-esbaskanligindan-israil-yandasligina-mi-2\/"},"modified":"2021-10-30T22:00:00","modified_gmt":"2021-10-30T22:00:00","slug":"bop-esbaskanligindan-israil-yandasligina-mi-2","status":"publish","type":"post","link":"https:\/\/www.millicozum.com\/mc\/2021\/kasim-2021\/bop-esbaskanligindan-israil-yandasligina-mi\/","title":{"rendered":"BOP E\u015eBA\u015eKANLI\u011eINDAN, \u0130SRA\u0130L YANDA\u015eLI\u011eINA MI?"},"content":{"rendered":"\n<p>&nbsp;<\/p>\n<p style=\"margin-bottom: 0cm; text-align: center;\"><strong><span style=\"font-size: 18pt;\">BOP E\u015eBA\u015eKANLI\u011eINDAN,<\/span><\/strong><\/p>\n<p style=\"margin-bottom: 0cm; text-align: center;\"><strong><span style=\"font-size: 18pt;\">\u0130SRA\u0130L YANDA\u015eLI\u011eINA MI?<\/span><\/strong><\/p>\n<p style=\"margin-bottom: 0cm; text-align: justify;\"><strong><span style=\"font-size: 18pt;\">&nbsp;&nbsp;&nbsp;&nbsp;&nbsp;&nbsp;&nbsp;&nbsp; <\/span><\/strong><\/p>\n<p style=\"margin-bottom: 0cm; text-align: justify; text-indent: 25.5pt; line-height: 16pt;\"><strong><span style=\"font-size: 12pt;\">Sn. Recep T. Erdo\u011fan, \u0130\u015fgalci ve Ter&ouml;rist \u0130srail&rsquo;in Siyonist Cumhurba\u015fkan\u0131 Isaac Herzog&rsquo;u bizzat kendisi arayarak, <\/span><\/strong><strong><em><span style=\"font-size: 14pt;\">birlikte &ccedil;al\u0131\u015fma ve bar\u0131\u015f sa\u011flama<\/span><\/em><\/strong><span style=\"font-size: 14pt;\"> <\/span><strong><span style=\"font-size: 12pt;\">yolunda iyi dileklerini ve tebriklerini sunmu\u015flard\u0131. (12 Temmuz 2021) Anla\u015f\u0131lan Sn. Erdo\u011fan, bundan bir m&uuml;ddet &ouml;nce g&ouml;r&uuml;\u015ft&uuml;kleri Filistin Devlet Ba\u015fkan\u0131 Mahmud Abbas&rsquo;a da, \u0130srail&rsquo;le uzla\u015fma y&ouml;n&uuml;nde telkin ve tavsiyelerde bulunmu\u015flard\u0131. \u0130\u015fte <\/span><\/strong><strong><em><span style=\"font-size: 14pt;\">&ldquo;BOP E\u015fba\u015fkanl\u0131\u011f\u0131ndan, \u0130srail Yanda\u015fl\u0131\u011f\u0131na m\u0131?&rdquo;<\/span><\/em><\/strong><span style=\"font-size: 14pt;\"> <\/span><strong><span style=\"font-size: 12pt;\">ba\u015fl\u0131\u011f\u0131n\u0131 atmam\u0131z da bundand\u0131.<\/span><\/strong><\/p>\n<p style=\"margin-bottom: 0cm; text-align: justify; text-indent: 25.5pt; line-height: 16pt;\"><strong><span style=\"font-size: 14pt;\">Filistin, \u0130srail&rsquo;le masaya oturmaya zorlanmaktayd\u0131!<\/span><\/strong><\/p>\n<p style=\"margin-bottom: 0cm; text-align: justify; text-indent: 25.5pt; line-height: 16pt;\"><strong><span style=\"font-size: 14pt;\">Filistin Devlet Ba\u015fkan\u0131 Mahmud Abbas&#8217;\u0131n, ABD Ba\u015fkan\u0131 Joe Biden&#8217;in, 2014 y\u0131l\u0131nda kesintiye u\u011frayan s&ouml;zde &lsquo;bar\u0131\u015f&rsquo; g&ouml;r&uuml;\u015fmelerini yeniden ba\u015flatmay\u0131 istedi\u011fi y&ouml;n&uuml;nde sinyaller ald\u0131\u011f\u0131 ve haz\u0131rl\u0131k yapt\u0131\u011f\u0131 ortaya &ccedil;\u0131km\u0131\u015ft\u0131.<\/span><\/strong><\/p>\n<p style=\"margin-bottom: 0cm; text-align: justify; text-indent: 25.5pt; line-height: 16pt;\"><strong><span style=\"font-size: 12pt;\">Ancak bar\u0131\u015f g&ouml;r&uuml;\u015fmelerinin ba\u015flamas\u0131 i&ccedil;in \u015fart olarak ortaya at\u0131lacak bu talep listesinin halen gizli oldu\u011fu aktar\u0131lm\u0131\u015ft\u0131. Abbas&#8217;\u0131n haz\u0131rlad\u0131\u011f\u0131 &ouml;ne s&uuml;r&uuml;len listede, \u0130srail&#8217;in Do\u011fu Kud&uuml;s&#8217;te 2001&#8217;de kapatt\u0131\u011f\u0131 Filistin kurumlar\u0131n\u0131n yeniden a&ccedil;\u0131lmas\u0131 ve \u0130kinci \u0130ntifada (2000) &ouml;ncesindeki siyasi faaliyetlerine yeniden d&ouml;nmesinin yer ald\u0131\u011f\u0131 anla\u015f\u0131lm\u0131\u015ft\u0131. Taleplerin Mescid-i Aksa ile ilgili olan k\u0131sm\u0131nda, i\u015fgalci \u0130srail polisinin buradaki faaliyetlerinin s\u0131n\u0131rland\u0131r\u0131lmas\u0131, i\u015fgalci Yahudilerin ziyaretlerinin azalt\u0131lmas\u0131 ve Filistin y&ouml;netiminin temsilcilerinin konumunun g&uuml;&ccedil;lendirilmesi yer alm\u0131\u015ft\u0131. Ayr\u0131ca, \u015eeyh Cerrah ve Silvan mahallelerinde oldu\u011fu gibi Kud&uuml;s&#8217;teki Filistinlilerin evlerinden zorla &ccedil;\u0131kar\u0131lmamas\u0131, Kud&uuml;s de dahil olmak &uuml;zere Yahudi i\u015fgal birimleri in\u015faatlar\u0131n\u0131n durdurulmas\u0131, Filistin topraklar\u0131ndaki t&uuml;m i\u015fgal &uuml;slerinin (birka&ccedil; konteyner ve karavandan olu\u015fan birimler) bo\u015falt\u0131lmas\u0131 ve &Uuml;rd&uuml;n Vadisi&#8217;ndeki evlerin y\u0131k\u0131m\u0131n\u0131n durdurulmas\u0131n\u0131n talep edilece\u011fi konu\u015fulmaktayd\u0131.<\/span><\/strong><\/p>\n<p style=\"margin-bottom: 0cm; text-align: justify; text-indent: 25.5pt; line-height: 16pt;\"><strong><span style=\"font-size: 12pt;\">Abbas&#8217;\u0131n talep listesinde yer ald\u0131\u011f\u0131n\u0131 belirtti\u011fi di\u011fer maddeler ise \u015f&ouml;yle s\u0131ralanm\u0131\u015ft\u0131: <em>\u0130\u015fgalci \u0130srail ordusunun, Bat\u0131 \u015eeria&#8217;daki Filistin kentlerine bask\u0131n yapmamas\u0131, aile birle\u015fimi yasas\u0131n\u0131n kald\u0131r\u0131lmas\u0131, Filistin polisi ile g&uuml;mr&uuml;k memurlar\u0131n\u0131n yeniden Bat\u0131 \u015eeria&#8217;y\u0131 &Uuml;rd&uuml;n&#8217;e ba\u011flayan Allenby K&ouml;pr&uuml;s&uuml;ne d&ouml;nmeye ba\u015flamas\u0131, Bat\u0131 \u015eeria&#8217;da uluslararas\u0131 bir havaalan\u0131 in\u015fas\u0131na izin &ccedil;\u0131kmas\u0131 ve Eriha yak\u0131nlar\u0131nda bir serbest ticaret b&ouml;lgesi kurulmas\u0131.<\/em><\/span><\/strong><\/p>\n<p style=\"margin-bottom: 0cm; text-align: justify; text-indent: 25.5pt; line-height: 16pt;\"><strong><span style=\"font-size: 12pt;\">&Ouml;te yandan, \u0130srail Cumhurba\u015fkan\u0131 Isaac Herzog, Filistin Devlet Ba\u015fkan\u0131 Mahmud Abbas&rsquo;a g&uuml;ya iki taraf aras\u0131ndaki diyalo\u011fu yeniden ba\u015flatma niyetinde oldu\u011funu a&ccedil;\u0131klam\u0131\u015ft\u0131. Abbas, 7 Temmuz&rsquo;da yemin ederek resmen g&ouml;reve ba\u015flayan Herzog&rsquo;u telefonla arayarak kutlam\u0131\u015ft\u0131. Herzog, <em>&ldquo;Bu ak\u015fam Filistin Devlet Ba\u015fkan\u0131 Abbas&rsquo;la konu\u015ftum ve &ouml;nceki \u0130srail Cumhurba\u015fkanlar\u0131n\u0131n yapt\u0131\u011f\u0131 gibi Filistinliler ile \u0130srailliler aras\u0131nda diyalo\u011fun yeniden ba\u015flamas\u0131n\u0131 ve s&uuml;rd&uuml;r&uuml;lmesini planlad\u0131\u011f\u0131m\u0131 kendisine ilettim&rdquo; <\/em>ifadesini kullanm\u0131\u015ft\u0131. Ancak Siyonist ve Ter&ouml;rist \u0130srail&rsquo;in bu va&rsquo;atlerine inanmak ahmakl\u0131kt\u0131.<\/span><\/strong><\/p>\n<p style=\"margin-bottom: 0cm; text-align: justify; text-indent: 25.5pt; line-height: 16pt;\"><strong><span style=\"font-size: 14pt;\">Azg\u0131n Yahudiler \u0130ntikam Aray\u0131\u015f\u0131ndayd\u0131!<\/span><\/strong><\/p>\n<p style=\"margin-bottom: 0cm; text-align: justify; text-indent: 25.5pt; line-height: 16pt;\"><strong><span style=\"font-size: 12pt;\">18 Temmuz tarihinin S&uuml;leyman Tap\u0131na\u011f\u0131&rsquo;n\u0131n y\u0131k\u0131lmas\u0131n\u0131n y\u0131ld&ouml;n&uuml;m&uuml;ne tekab&uuml;l etti\u011fini iddia eden Siyonistler, bu nedenle s&ouml;z konusu tarihte Mescid-i Aksa&rsquo;ya bask\u0131n haz\u0131rl\u0131\u011f\u0131ndayd\u0131. &Ouml;te yandan Siyonistler, ge&ccedil;ti\u011fimiz Ramazan ay\u0131n\u0131n 28. g&uuml;n&uuml;ndeki ba\u015far\u0131s\u0131z bask\u0131n giri\u015fiminin intikam\u0131n\u0131 almay\u0131 ama&ccedil;l\u0131yorlard\u0131. \u0130slam co\u011frafyas\u0131n\u0131n tamam\u0131nda, i\u015fgalcilerin Mescid-i Aksa&rsquo;ya y&ouml;nelik sald\u0131r\u0131 haz\u0131rl\u0131klar\u0131na kar\u015f\u0131 &ccedil;\u0131k\u0131lmas\u0131 ve b&ouml;ylece planlanan bask\u0131n\u0131n engellenmesi b&uuml;y&uuml;k &ouml;nem ta\u015f\u0131maktayd\u0131. <\/span><\/strong><strong><span style=\"font-size: 14pt;\">Siyonist i\u015fgalcilerin, Tap\u0131nak Gruplar\u0131&rsquo;n\u0131n &ouml;nc&uuml;l&uuml;\u011f&uuml;nde Mescid-i Aksa&rsquo;ya geni\u015f &ccedil;apl\u0131 bir bask\u0131nda bulunma haz\u0131rl\u0131\u011f\u0131nda oldu\u011fu anla\u015f\u0131lm\u0131\u015ft\u0131. Filistinli &acirc;limlerden, Kud&uuml;s&rsquo;&uuml;n Yahudile\u015ftirilmesi do\u011frultusunda giri\u015filen hadsizli\u011fe engel olma &ccedil;a\u011fr\u0131s\u0131 yap\u0131lm\u0131\u015ft\u0131. <\/span><\/strong><strong><span style=\"font-size: 12pt;\">Kud&uuml;s&rsquo;&uuml;n Yahudile\u015ftirilmesi planlar\u0131 kapsam\u0131nda &ccedil;e\u015fitli k&uuml;stahl\u0131klarda bulunan i\u015fgalciler, yeni bir hadsizli\u011fe haz\u0131rlanmaktayd\u0131. Tap\u0131nak Gruplar\u0131 olarak bilinen Siyonist olu\u015fumlar, 18 Temmuz tarihinde Mescid-i Aksa&rsquo;ya y&ouml;nelik geni\u015f &ccedil;apl\u0131 bir bask\u0131n d&uuml;zenleme haz\u0131rl\u0131\u011f\u0131 planlamaktayd\u0131. Kurban Bayram\u0131&rsquo;n\u0131n iki g&uuml;n &ouml;ncesine denk gelen 18 Temmuz&rsquo;da (8 Zilhicce) Mescid-i Aksa&rsquo;ya bask\u0131nda bulunmay\u0131 planlarken bug&uuml;n de konuya dair Knesset&rsquo;te (\u0130\u015fgalci \u0130srail Rejimi Meclisi) bir toplant\u0131 yap\u0131lacakt\u0131.<\/span><\/strong><\/p>\n<p style=\"margin-bottom: 0cm; text-align: justify; text-indent: 25.5pt; line-height: 16pt;\"><strong><span style=\"font-size: 14pt;\">\u0130\u015fte b&ouml;yle bir s&uuml;re&ccedil;te Sn. Erdo\u011fan&rsquo;\u0131n \u0130srail&rsquo;in s&ouml;zde Cumhurba\u015fkan\u0131 Isaac Herzog&rsquo;u aray\u0131p tebriklerini sunmas\u0131, Din istismarc\u0131s\u0131 \u0130slamc\u0131 tak\u0131m\u0131nca sessizlik ve tepkisizlikle kar\u015f\u0131lanm\u0131\u015ft\u0131. Bu tav\u0131r, hangi iz&rsquo;an, hangi iman ve hangi vicdanla ba\u011fda\u015f\u0131rd\u0131? Bu nas\u0131l bir dindarl\u0131k, bu nas\u0131l bir kahramanl\u0131kt\u0131? B&uuml;t&uuml;n bunlara susmak, hatta keramet ve mazeret uydurmak ise, sadece dilsiz \u015feytanl\u0131kt\u0131&hellip;<\/span><\/strong><\/p>\n<p style=\"margin-bottom: 0cm; text-align: justify; text-indent: 25.5pt; line-height: 16pt;\"><strong><span style=\"font-size: 14pt;\">\u0130srail yetkilileri, Filistinli esirler ve &ccedil;at\u0131\u015fma ma\u011fduru aileler i&ccedil;in toplanan 180 milyon dolara el koymu\u015flard\u0131.<\/span><\/strong><\/p>\n<p style=\"margin-bottom: 0cm; text-align: justify; text-indent: 25.5pt; line-height: 16pt;\"><strong><span style=\"font-size: 12pt;\">Ortado\u011fu&rsquo;da karga\u015fa ve fitnenin merkezi olan, 60 y\u0131l\u0131 a\u015fk\u0131n s&uuml;redir Filistin topraklar\u0131nda i\u015fgal politikalar\u0131 uygulayan Siyonist olu\u015fum \u0130srail, kanl\u0131 elini bu sefer de Filistinli esir ve \u015fehitlerin aileleri i&ccedil;in ayr\u0131lan paraya uzatm\u0131\u015ft\u0131. Uluslararas\u0131 hukuk kurallar\u0131 gere\u011fi Filistin y&ouml;netimi ad\u0131na vergi toplayan \u0130srail, hukuk tan\u0131maz tavr\u0131n\u0131 bir kez daha a&ccedil;\u0131\u011fa vurmu\u015flard\u0131. Filistin Esirler Kurumu kaynaklar\u0131 taraf\u0131ndan verilen bilgide, Filistinli esirlere, &ccedil;at\u0131\u015fmalarda ya\u015fam\u0131n\u0131 yitiren Filistinliler &ccedil;at\u0131\u015fma ma\u011fduru olan ki\u015filerin ailelerine maddi destek sa\u011flanmas\u0131 i&ccedil;in toplanan 180 milyon dolarl\u0131k vergi gelirine Tel Aviv taraf\u0131ndan el koyulacakt\u0131. Al\u0131nan karar ile Filistin&rsquo;in ekonomik zarara u\u011frat\u0131lmak istendi\u011fi de a&ccedil;\u0131kt\u0131.<\/span><\/strong><\/p>\n<p style=\"margin-bottom: 0cm; text-align: justify; text-indent: 25.5pt; line-height: 16pt;\"><strong><span style=\"font-size: 14pt;\">Filistinliler Cezaland\u0131r\u0131lmaktayd\u0131.<\/span><\/strong><\/p>\n<p style=\"margin-bottom: 0cm; text-align: justify; text-indent: 25.5pt; line-height: 16pt;\"><strong><span style=\"font-size: 12pt;\">\u0130srail h&uuml;k&uuml;metinin ald\u0131\u011f\u0131 bu karar\u0131 &lsquo;korsanl\u0131k&rsquo; ve &lsquo;mali i\u015fgalcilik&rsquo; olarak de\u011ferlendiren kaynaklar, <\/span><\/strong><strong><em><span style=\"font-size: 14pt;\">&ldquo;Siyonist h&uuml;k&uuml;met bu karar\u0131 ile hem bozulan ekonomilerine bir nefes ald\u0131rmak istiyor hem de vatan\u0131n\u0131 i\u015fgale kar\u015f\u0131 savunanlar\u0131, ailelerini cezaland\u0131rmaya ve onlar\u0131n daha da b&uuml;y&uuml;k ma\u011fduriyetler ile ba\u015f ba\u015fa kalmas\u0131n\u0131 istiyor&rdquo;<\/span><\/em><\/strong><span style=\"font-size: 14pt;\"> <\/span><strong><span style=\"font-size: 12pt;\">a&ccedil;\u0131klamas\u0131nda bulunmu\u015flard\u0131.<\/span><\/strong><\/p>\n<p style=\"margin-bottom: 0cm; text-align: justify; text-indent: 25.5pt; line-height: 16pt;\"><strong><span style=\"font-size: 14pt;\">&lsquo;Asli fail ABD ve \u0130srail&rsquo; ise, nas\u0131l birlikte yol almaktas\u0131n\u0131z?<\/span><\/strong><\/p>\n<p style=\"margin-bottom: 0cm; text-align: justify; text-indent: 25.5pt; line-height: 16pt;\"><strong><span style=\"font-size: 12pt;\">15 Temmuz darbe giri\u015fimi oldu\u011funda Adalet Bakan\u0131 olan Bekir Bozda\u011f bir gazeteye yapt\u0131\u011f\u0131 a&ccedil;\u0131klamada, <em>&#8220;T&uuml;rkiye&rsquo;deki b&uuml;t&uuml;n darbelerin arkas\u0131nda Amerika vard\u0131r. ABD ve FET&Ouml; 15 Temmuz darbesinin asli failidir. ABD, FET&Ouml;&rsquo;y&uuml; kulland\u0131&rdquo;<\/em> diyerek kimsenin me&ccedil;hul&uuml; olmayan bir ger&ccedil;e\u011fi hat\u0131rlatm\u0131\u015ft\u0131. Bu ger&ccedil;e\u011fin bilinmesi kadar; <em>bundan sonra benzer senaryolar\u0131n ABD ve i&ccedil;erideki kuklalar\u0131 taraf\u0131ndan tekrar sahneye s&uuml;r&uuml;lmesini engelleyecek ne gibi tedbirlerin al\u0131nd\u0131\u011f\u0131?<\/em> ise h&acirc;l&acirc; sorulmam\u0131\u015ft\u0131. Dahas\u0131, nas\u0131l oluyor da T&uuml;rkiye; d&uuml;\u015fmanlar\u0131 ile birtak\u0131m uluslararas\u0131 &ouml;rg&uuml;tlerde yan yana bulunmaktayd\u0131, bir bak\u0131ma ABD&rsquo;nin i\u015fledi\u011fi cinayetlere ortak olmaktayd\u0131? &Ccedil;&uuml;nk&uuml; 15 Temmuz darbe giri\u015fimi s\u0131ras\u0131nda hayat\u0131n\u0131 kaybeden insanlar\u0131m\u0131z\u0131n akan her damla kan\u0131nda pay\u0131 olan, o gece insan\u0131m\u0131za silah do\u011frultan, havadan ve karadan binlerce insan\u0131m\u0131za sald\u0131ran canilerin arkas\u0131ndaki g&uuml;c&uuml;n ABD ve \u0130srail oldu\u011fu da art\u0131k a&ccedil;\u0131k&ccedil;a g&ouml;r&uuml;ld&uuml;\u011f&uuml;ne, bir di\u011fer ifadeyle 15 Temmuz&rsquo;un asli faili bilindi\u011fine g&ouml;re&hellip; Yani, ortada i\u015flenmi\u015f cinayetler vard\u0131r ve ABD ve FET&Ouml; 15 Temmuz darbesinin asli failidir ve i&ccedil;erideki uzant\u0131lar\u0131n\u0131 adalete teslim ediyoruz, i\u015fledikleri cinayetlerin hesab\u0131n\u0131 soruyoruz o zaman di\u011fer asli fail ABD&rsquo;den ve \u0130srail&rsquo;den de uluslararas\u0131 kurallar &ccedil;er&ccedil;evesinde hesap sorulmas\u0131 da laz\u0131md\u0131r!.. E\u011fer ABD d&uuml;nya &uuml;zerinde ne yaparsa yaps\u0131n hesap sorulamaz diyorsak o zaman darbelerin arkas\u0131nda ABD&rsquo;nin bulundu\u011funu, darbelerin asli faili oldu\u011funu tekrar tekrar ifade etmenin de bir anlam\u0131 kalmayacakt\u0131r!<\/span><\/strong><\/p>\n<p style=\"margin-bottom: 0cm; text-align: justify; text-indent: 25.5pt; line-height: 16pt;\"><strong><span style=\"font-size: 12pt;\">G&ouml;r&uuml;nen manzara odur ki, 15 Temmuz darbe giri\u015fiminin asli faili ABD&rsquo;den hesap sorulamazken, kulland\u0131\u011f\u0131 ma\u015falar\u0131ndan hesap sorulabiliyor olmas\u0131 ger&ccedil;ek su&ccedil;lular\u0131n cezalar\u0131n\u0131 buldu\u011fu anlam\u0131n\u0131 ta\u015f\u0131mayacakt\u0131r. Yery&uuml;z&uuml;nde e\u015fitlik, &ouml;zg&uuml;rl&uuml;k, insan haklar\u0131 gibi birtak\u0131m kavramlar\u0131 dilinden d&uuml;\u015f&uuml;rmeyenler, t&uuml;m bu kavramlara sadece kendi lehlerine geli\u015fti\u011fi s&uuml;rece sahip &ccedil;\u0131kmaktad\u0131r. B&ouml;yle olunca d&uuml;nya &uuml;zerinde yeni bir \u015fekillenmeye, uluslararas\u0131 &ouml;rg&uuml;tlerin yeni bir bak\u0131\u015f a&ccedil;\u0131s\u0131na g&ouml;re yeniden yap\u0131land\u0131r\u0131lmas\u0131na ihtiya&ccedil; vard\u0131r! S&ouml;z gelimi; Birle\u015fmi\u015f Milletler&rsquo;in yap\u0131s\u0131n\u0131n d&uuml;nya &uuml;zerinde haks\u0131zl\u0131klar\u0131 engellemeye yeterli olmad\u0131\u011f\u0131, aksine g&uuml;c&uuml; ellerinde bulunduran zalimlerin i\u015fledikleri cinayetleri me\u015frula\u015ft\u0131rmak i&ccedil;in kullan\u0131ld\u0131\u011f\u0131 a&ccedil;\u0131kt\u0131r. Bu konuda Say\u0131n Cumhurba\u015fkan\u0131 Erdo\u011fan&rsquo;\u0131n s\u0131k s\u0131k kulland\u0131\u011f\u0131, &ldquo;D&uuml;nya be\u015ften b&uuml;y&uuml;kt&uuml;r&rdquo; de\u011ferlendirmesi bir ger&ccedil;e\u011fin ifadesi olmakla birlikte yery&uuml;z&uuml;nde mazlumlar\u0131n sadece i\u015flenen cinayetleri seyretmekle yetinmeleri ister istemez bu yap\u0131n\u0131n k&uuml;resel &ccedil;apta sorgulanmas\u0131na yol a&ccedil;mad\u0131\u011f\u0131 i&ccedil;in sadece lafta kalmaktad\u0131r. Halbuki bu sorgulama yap\u0131lmadan, t&uuml;m mazlumlar aya\u011fa kalkmadan birilerinin asli su&ccedil;lu oldu\u011funu tekrarlamak da maalesef mazlumlar\u0131 uyutmakta ve zalimlere yaramaktad\u0131r. Biz istedi\u011fimiz kadar <em>d&uuml;nya be\u015ften b&uuml;y&uuml;k<\/em> diyelim, G&uuml;venlik Konseyi&rsquo;nin 5 daim&icirc; &uuml;yesinin istemedi\u011fi her karar sonu&ccedil;suz kalmaktad\u0131r. Ve h&acirc;l&acirc; &uuml;lkemizdeki t&uuml;m darbelerin arkas\u0131nda bulundu\u011funu bildi\u011fimiz ve dile getirdi\u011fimiz ABD ve \u0130srail ile birlikte y&uuml;r&uuml;yorsak, bu tav\u0131r samimiyetten uzakt\u0131r, hatta m&uuml;&rsquo;minlere ve mazlumlara tuzakt\u0131r.[1]<\/span><\/strong><\/p>\n<p style=\"margin-bottom: 0cm; text-align: justify; text-indent: 25.5pt; line-height: 16pt;\"><strong><span style=\"font-size: 14pt;\">Salih Turhan&rsquo;\u0131n s\u0131r\u0131tan sahtek&acirc;rl\u0131\u011f\u0131!<\/span><\/strong><\/p>\n<p style=\"margin-bottom: 0cm; text-align: justify; text-indent: 25.5pt; line-height: 16pt;\"><strong><span style=\"font-size: 14pt;\">M\u0131s\u0131r&rsquo;da her an idam edilebilecek olan on iki mazlumun infaz\u0131na engel olabilme amac\u0131yla M\u0131s\u0131r&rsquo;\u0131n \u0130stanbul Ba\u015fkonsoloslu\u011fu&rsquo;na g&ouml;nderilmek &uuml;zere bir mektup kampanyas\u0131 ba\u015flat\u0131lm\u0131\u015ft\u0131. Kampanya &ccedil;er&ccedil;evesinde &ccedil;ok say\u0131da ki\u015finin mektup yoluyla M\u0131s\u0131r&rsquo;da verilen idam kararlar\u0131na kar\u015f\u0131 &ccedil;\u0131kmas\u0131 umulmaktayd\u0131.<\/span><\/strong><\/p>\n<p style=\"margin-bottom: 0cm; text-align: justify; text-indent: 25.5pt; line-height: 16pt;\"><strong><span style=\"font-size: 12pt;\">M\u0131s\u0131r&rsquo;da ge&ccedil;ti\u011fimiz s&uuml;re&ccedil;te Yarg\u0131tay, Rabiat&rsquo;ul Adeviyye Meydan\u0131&rsquo;ndaki darbe kar\u015f\u0131t\u0131 protestolarla ilgili davada nihai karar al\u0131nm\u0131\u015ft\u0131. Buna g&ouml;re aralar\u0131nda H&uuml;rriyet ve Adalet Partisi (HAP) Genel Sekreteri Muhammed el-Biltaci ile M&uuml;sl&uuml;man Karde\u015fler (\u0130hvan) liderlerinden Safvet Hicazi&rsquo;nin de oldu\u011fu 12 ki\u015fi hakk\u0131nda daha &ouml;nce verilen idam cezas\u0131 onanm\u0131\u015ft\u0131. M\u0131s\u0131r&rsquo;da Sisi&rsquo;nin y&ouml;netim erkini ele ge&ccedil;irmesinin ard\u0131ndan onlarca ki\u015finin idam karar\u0131 uygulanm\u0131\u015ft\u0131. &Uuml;lkede her an on iki ki\u015finin daha idam edilebilece\u011fi konu\u015fulmaktayd\u0131. S&ouml;z konusu zulm&uuml;n &ouml;n&uuml;ne ge&ccedil;ebilme ad\u0131na T&uuml;rkiye&rsquo;de &ouml;nemli bir &ccedil;al\u0131\u015fmaya ba\u015flanm\u0131\u015ft\u0131. Buna g&ouml;re idamlar\u0131n engellenmesine vesile olmak amac\u0131yla mektup kampanyas\u0131 ba\u015flat\u0131lm\u0131\u015ft\u0131. Mektup, M\u0131s\u0131r&rsquo;\u0131n \u0130stanbul Ba\u015fkonsoloslu\u011fu&rsquo;na g&ouml;nderilmek &uuml;zere T&uuml;rk&ccedil;e, Arap&ccedil;a ve \u0130ngilizce olarak &uuml;&ccedil; farkl\u0131 dilde haz\u0131rlanm\u0131\u015ft\u0131.<\/span><\/strong><\/p>\n<p style=\"margin-bottom: 0cm; text-align: justify; text-indent: 25.5pt; line-height: 16pt;\"><strong><em><span style=\"font-size: 12pt;\">&ldquo;Say\u0131n Yetkili;<\/span><\/em><\/strong><\/p>\n<p style=\"margin-bottom: 0cm; text-align: justify; text-indent: 25.5pt; line-height: 16pt;\"><strong><em><span style=\"font-size: 12pt;\">Kahire Ceza Mahkemesinde g&ouml;r&uuml;len 2015 tarihli 2985 say\u0131l\u0131 739 san\u0131kl\u0131 toplu davada 14 Haziran 2021&rsquo;de, Y&uuml;ksek Mahkemece idam cezas\u0131 onanan H&uuml;rriyet ve Adalet Partisi (HAP) Genel Sekreteri Dr. Muhammed el-Biltaci, M\u0131s\u0131r Eski Gen&ccedil;lik Bakan\u0131 Dr. Usame Yasin, Safvet Hicazi ve Abdurrahman el-Ber&rsquo;in de san\u0131k olarak bulundu\u011fu 12 ki\u015fi hakk\u0131nda idam cezas\u0131n\u0131n; M\u0131s\u0131r&rsquo;\u0131n da taraf oldu\u011fu \u0130NSAN HAKLARI EVRENSEL B\u0130LD\u0130RGES\u0130N\u0130N 3. MADDES\u0130NDE D&Uuml;ZENLENEN YA\u015eAM HAKKI; AYNI B\u0130LD\u0130RGEN\u0130N 11. MADDES\u0130 VE MEDEN\u0130 VE S\u0130YAS\u0130 HAKLAR S&Ouml;ZLE\u015eMES\u0130N\u0130N 14. MADDES\u0130NDE D&Uuml;ZENLENEN AD\u0130L YARGILANMA HAKKINA a&ccedil;\u0131k&ccedil;a ayk\u0131r\u0131 oldu\u011fu gerek&ccedil;esiyle &ouml;l&uuml;m cezalar\u0131n\u0131n ertelenmesine ve bu san\u0131klar hakk\u0131nda adil yarg\u0131lanma hakk\u0131na ve bunun alt ilkelerine uygun tekrar bir yarg\u0131lanma yap\u0131lmas\u0131n\u0131 talep ediyoruz.<\/span><\/em><\/strong><\/p>\n<p style=\"margin-bottom: 0cm; text-align: justify; text-indent: 25.5pt; line-height: 16pt;\"><strong><em><span style=\"font-size: 12pt;\">Nitekim verilen h&uuml;km&uuml;n somut delillere dayanmamas\u0131 adil yarg\u0131lanma hakk\u0131n\u0131n alt ilkelerinden biri olan &ccedil;eli\u015fmeli yarg\u0131lama ilkesine ayk\u0131r\u0131d\u0131r. Zira &ccedil;eli\u015fmeli yarg\u0131laman\u0131n sa\u011flanmas\u0131 i&ccedil;in h&uuml;km&uuml;n dayana\u011f\u0131 olan fiillerin ve bu fiillerin dayana\u011f\u0131 olan delillerin somut bir \u015fekilde ortaya konmas\u0131 ve taraflarca tart\u0131\u015f\u0131lmas\u0131 laz\u0131md\u0131r. Ayr\u0131ca M\u0131s\u0131r Anayasas\u0131 &Ouml;zel Mahkemelerin kurulmas\u0131na izin vermemekte olup, M\u0131s\u0131r&rsquo;da ise yarg\u0131lamalar &ouml;zel mahkemelerce ger&ccedil;ekle\u015ftirilmekte ve yerle\u015fik hukuki ve adli kurallar\u0131 ihlal niteli\u011fi ta\u015f\u0131maktad\u0131r. \u0130lgili s&ouml;zle\u015fmelere ve M\u0131s\u0131r Anayasas\u0131na uyulmayarak yap\u0131lm\u0131\u015f her yarg\u0131lama &ldquo;Adalet Parodisi&rdquo; olarak M\u0131s\u0131r&rsquo;\u0131n t&uuml;m adalet sisteminin b&uuml;t&uuml;nl&uuml;\u011f&uuml;ne kara bir g&ouml;lge d&uuml;\u015f&uuml;r&uuml;yor ve yarg\u0131 s&uuml;reciyle alay ediyor.<\/span><\/em><\/strong><\/p>\n<p style=\"margin-bottom: 0cm; text-align: justify; text-indent: 25.5pt; line-height: 16pt;\"><strong><em><span style=\"font-size: 12pt;\">Selam hidayete t&acirc;bi olanlar\u0131n &uuml;zerine olsun.&rdquo;<\/span><\/em><\/strong><\/p>\n<p style=\"margin-bottom: 0cm; text-align: justify; text-indent: 25.5pt; line-height: 16pt;\"><strong><span style=\"font-size: 12pt;\">M\u0131s\u0131r&rsquo;daki ma\u011fdur ve mazlum \u0130hvan Liderlerine sahip &ccedil;\u0131k\u0131lmas\u0131 ve bu nedenle S\u0130S\u0130 Y&ouml;netimine Mektup Kampanyas\u0131 ba\u015flat\u0131lmas\u0131, elbette insani bir duyarl\u0131l\u0131kt\u0131 ve \u0130slami bir yakla\u015f\u0131md\u0131. Ancak AGD Ba\u015fkan\u0131 <\/span><\/strong><strong><span style=\"font-size: 14pt;\">Salih Turhan<\/span><\/strong><strong><span style=\"font-size: 12pt;\">, daha &ouml;nce baz\u0131 MGV Ba\u015fkanlar\u0131na ve SP&rsquo;li arkada\u015flar\u0131m\u0131za: <\/span><\/strong><strong><em><span style=\"font-size: 14pt;\">&ldquo;O\u011fuzhan Asilt&uuml;rk Saraya ve Sn. Erdo\u011fan&rsquo;a yakla\u015farak, Onunla bizzat S\u0130S\u0130 Y&ouml;netimine telefon a&ccedil;t\u0131rarak, idama mahk&ucirc;m edilen 12 \u0130hvan Liderinin ba\u011f\u0131\u015flanmas\u0131n\u0131 sa\u011flam\u0131\u015ft\u0131r. Y\u0130K Ba\u015fkan\u0131m\u0131z\u0131n AKP iktidar\u0131na yana\u015fmas\u0131 ve SP&rsquo;yi Cumhur \u0130ttifak\u0131na ba\u011flama &ccedil;abalar\u0131, i\u015fte bu gibi hay\u0131rl\u0131 ama&ccedil;lar ta\u015f\u0131maktad\u0131r!..&rdquo; <\/span><\/em><span style=\"font-size: 14pt;\"><span style=\"font-size: 12pt;\">gibi<\/span><\/span><\/strong><span style=\"font-size: 14pt;\"> <\/span><strong><span style=\"font-size: 12pt;\">as\u0131ls\u0131z yalanlar ve palavralarla camiam\u0131z\u0131 ve te\u015fkilatlar\u0131m\u0131z\u0131 avutup aldatmaya &ccedil;al\u0131\u015ft\u0131\u011f\u0131, b&ouml;ylece ve bizzat Milli Gazete haberiyle ortaya &ccedil;\u0131km\u0131\u015ft\u0131.<\/span><\/strong><span style=\"font-size: 14pt;\"> <\/span><\/p>\n<p style=\"margin-bottom: 0cm; text-align: justify; text-indent: 25.5pt; line-height: 16pt;\"><strong><span style=\"font-size: 14pt;\">11 Y\u0131l Aradan Sonra T&uuml;rkiye&#8217;den \u0130srail&#8217;e Normalle\u015fme Ad\u0131m\u0131!<\/span><\/strong><\/p>\n<p style=\"margin-bottom: 0cm; text-align: justify; text-indent: 25.5pt; line-height: 16pt;\"><strong><span style=\"font-size: 12pt;\">Yurtd\u0131\u015f\u0131 T&uuml;rkler ve Akraba Topluluklar Ba\u015fkanl\u0131\u011f\u0131nda uzman ve T&uuml;rkiye Ulusal Polis Akademisi&rsquo;nde asistan profes&ouml;r g&ouml;revlerinde bulunmu\u015f <\/span><\/strong><strong><span style=\"font-size: 14pt;\">Selim &Ouml;zt&uuml;rk<\/span><\/strong><strong><span style=\"font-size: 12pt;\">, 7 Temmuz&rsquo;da T&uuml;rkiye Cumhuriyeti Tel Aviv B&uuml;y&uuml;kel&ccedil;ili\u011fi K&uuml;lt&uuml;r ve Tan\u0131tma M&uuml;\u015faviri olarak atanm\u0131\u015ft\u0131. Siyaset, Uluslararas\u0131 \u0130li\u015fkiler, Tarih ve Politika alanlar\u0131nda ara\u015ft\u0131rmalar yapan Selim &Ouml;zt&uuml;rk Twitter&rsquo;da yapt\u0131\u011f\u0131 a&ccedil;\u0131klamada, <em>&lsquo;&lsquo;Uzun ve zor bir s&uuml;re&ccedil;ten sonra Tel Aviv b&uuml;y&uuml;kel&ccedil;ili\u011fimizde K&uuml;lt&uuml;r M&uuml;\u015faviri olarak g&ouml;revime ba\u015flam\u0131\u015f bulunmaktay\u0131m. On bir y\u0131l aradan sonra atanan ilk m&uuml;\u015favir olmak benim i&ccedil;in onur. Umar\u0131m iki &uuml;lke aras\u0131 ili\u015fkilerin iyile\u015fmesine katk\u0131da bulunabilirim&rsquo;&rsquo;<\/em> ifadelerini kullanm\u0131\u015ft\u0131. Ayr\u0131ca \u015ealom&#8217;un haberine g&ouml;re, 7 Temmuz ak\u015fam\u0131 Tel Aviv B&uuml;y&uuml;kel&ccedil;ili\u011fi ve \u0130srail&#8217;deki T&uuml;rkiyeliler Derne\u011fi taraf\u0131ndan Eski Yafa&#8217;daki k&uuml;lt&uuml;r merkezi Saraya&#8217;da &#8216;Yaza Merhaba&#8217; etkinli\u011fi yap\u0131lm\u0131\u015ft\u0131. Etkinlikte T&uuml;rkiyeli \u0130srailliler bulu\u015fmu\u015flard\u0131. &#8216;Memleketim&#8217; \u015fark\u0131s\u0131n\u0131n ise gecede en &ccedil;ok be\u011fenilen par&ccedil;a olmas\u0131 anlaml\u0131yd\u0131.<\/span><\/strong><\/p>\n<p style=\"margin-bottom: 0cm; text-align: justify; text-indent: 25.5pt; line-height: 16pt;\"><strong><span style=\"font-size: 14pt;\">Amerika&rsquo;da 825 milyar dolarl\u0131k &#8216;Yaz Kamp\u0131&#8217;: Hava sahas\u0131 kapat\u0131lm\u0131\u015f, &ouml;zel jetlerle ta\u015f\u0131nm\u0131\u015flard\u0131.<\/span><\/strong><\/p>\n<p style=\"margin-bottom: 0cm; text-align: justify; text-indent: 25.5pt; line-height: 16pt;\"><strong><span style=\"font-size: 12pt;\">Ayn\u0131 s&uuml;re&ccedil;te d&uuml;nyan\u0131n, tamam\u0131 Siyonist Yahudi olan ultra zenginleri, ABD&rsquo;nin Idaho eyaletinde 37&rsquo;ncisi yap\u0131lan &lsquo;yaz kamp\u0131&rsquo;nda bir araya toplanm\u0131\u015flard\u0131. Toplam servetleri 825 milyar dolar hesaplanm\u0131\u015ft\u0131. D&uuml;nyan\u0131n en zengin ki\u015fisi ve Amazon&rsquo;un kurucusu Jeff Bezos, Microsoft&rsquo;un kurucusu Bill Gates, Facebook&rsquo;un kurucusu ve CEO&rsquo;su Mark Zuckerberg, Apple&rsquo;\u0131n CEO&rsquo;su Tim Cook bu y\u0131lki kat\u0131l\u0131mc\u0131lar aras\u0131ndayd\u0131. Etkinli\u011fe kat\u0131lan di\u011fer baz\u0131 isimler, New York&rsquo;un eski belediye ba\u015fkan\u0131 ve milyarder i\u015f insan\u0131 Mike Bloomberg, Pay-Pal&rsquo;\u0131n kurucusu milyarder Max Levchin, Disney&rsquo;in Y&ouml;netim Kurulu Ba\u015fkan\u0131 Bob Iger, Nike&rsquo;\u0131n kurucular\u0131ndan Phil Knight ve Amerikan istihbarat &ouml;rg&uuml;t&uuml; CIA Direkt&ouml;r&uuml; Bill Burns oldu. Toplamda 25 milyarderin ve bir&ccedil;ok milyonerin kat\u0131ld\u0131klar\u0131 kampta, bu ki\u015filerin toplam serveti yakla\u015f\u0131k 825 milyar dolar (7.1 trilyon TL) olarak hesaplanm\u0131\u015ft\u0131. \u0130\u015fin ilgin&ccedil; taraf\u0131, bunlar\u0131n tamam\u0131 Yahudi as\u0131ll\u0131yd\u0131 ve hepsi koyu \u0130srail taraftar\u0131yd\u0131!<\/span><\/strong><\/p>\n<p style=\"margin-bottom: 0cm; text-align: justify; text-indent: 25.5pt; line-height: 16pt;\"><strong><span style=\"font-size: 14pt;\">HDP&rsquo;den ABD&rsquo;ye s&uuml;rpriz ziyaret! Kimlerle bulu\u015fmu\u015flard\u0131? <\/span><\/strong><\/p>\n<p style=\"margin-bottom: 0cm; text-align: justify; text-indent: 25.5pt; line-height: 16pt;\"><strong><span style=\"font-size: 12pt;\">2023 se&ccedil;imleri i&ccedil;in ittifak senaryolar\u0131n\u0131n konu\u015fuldu\u011fu ve HDP&#8217;ye kapatma davas\u0131 ile ilgili s&uuml;recin devam etti\u011fi bir d&ouml;nemde,&nbsp;HDP heyeti ABD&#8217;ye kritik bir ziyaret yapm\u0131\u015ft\u0131. Partinin sosyal medya hesab\u0131ndan ziyaret ile ilgili yap\u0131lan a&ccedil;\u0131klamada; T&uuml;rkiye ve Ortado\u011fu&#8217;daki geli\u015fmelerle, T&uuml;rkiye-ABD ili\u015fkilerinin ele al\u0131nd\u0131\u011f\u0131 vurgulanm\u0131\u015ft\u0131. HDP heyetinin kimlerle g&ouml;r&uuml;\u015ft&uuml;\u011f&uuml; ise a&ccedil;\u0131klanmam\u0131\u015ft\u0131. Ancak Beyaz Saray&#8217;\u0131n &ouml;n&uuml;nde poz verip sosyal medyada payla\u015fm\u0131\u015flard\u0131. HDP Grup Ba\u015fkanvekili Meral Dan\u0131\u015f Be\u015fta\u015f, E\u015f Genel Ba\u015fkan Yard\u0131mc\u0131s\u0131 Garo Paylan ve D\u0131\u015f \u0130li\u015fkiler Komisyonu E\u015fs&ouml;zc&uuml;s&uuml; Hi\u015fyar &Ouml;zsoy, d&ouml;rt g&uuml;n boyunca &uuml;lkede temaslarda bulunmu\u015flard\u0131. ABD Ba\u015fkan\u0131 Biden, Ba\u015fkan Erdo\u011fan kar\u015f\u0131s\u0131nda muhalefete destek mesaj\u0131 yay\u0131nlam\u0131\u015f, HDP de s&ouml;zde Ermeni soyk\u0131r\u0131m\u0131 yalan\u0131n\u0131 ABD&#8217;den bile &ouml;nce dile getirerek bir skandala imza atm\u0131\u015ft\u0131. Tam bu s\u0131rada Sn. Erdo\u011fan&rsquo;\u0131n Diyarbak\u0131r &ccedil;\u0131karmas\u0131 ise, acaba sadece bir rastlant\u0131 m\u0131yd\u0131? <\/span><\/strong><\/p>\n<p style=\"margin-bottom: 0cm; text-align: justify; text-indent: 25.5pt; line-height: 16pt;\"><strong><span style=\"font-size: 14pt;\">&#8220;Biji Serok Erdo\u011fan&#8221; Yeni A&ccedil;\u0131l\u0131m Slogan\u0131 m\u0131yd\u0131?<\/span><\/strong><\/p>\n<p style=\"margin-bottom: 0cm; text-align: justify; text-indent: 25.5pt; line-height: 16pt;\"><strong><span style=\"font-size: 12pt;\">Cumhurba\u015fkan\u0131 Tayyip Erdo\u011fan Diyarbak\u0131r&#8217;da AKP Geni\u015fletilmi\u015f \u0130l Dan\u0131\u015fma Toplant\u0131s\u0131&#8217;na kat\u0131lm\u0131\u015ft\u0131. Erdo\u011fan&#8217;\u0131n konu\u015fmas\u0131 s\u0131k s\u0131k <\/span><\/strong><strong><em><span style=\"font-size: 14pt;\">&#8220;Biji Serok Erdo\u011fan&#8221;<\/span><\/em><\/strong><span style=\"font-size: 14pt;\"> <\/span><strong><span style=\"font-size: 12pt;\">yani <em>&#8220;Ya\u015fas\u0131n Ba\u015fkan Erdo\u011fan&#8221;<\/em> sloganlar\u0131yla kesilmesi dikkatlerden ka&ccedil;mam\u0131\u015ft\u0131. HDP&#8217;nin kapat\u0131lmas\u0131 istemiyle a&ccedil;\u0131lan davada Erdo\u011fan&#8217;a y&ouml;nelik ba\u015flat\u0131lan slogan a&ccedil;\u0131l\u0131m\u0131 acaba hangi hesapl\u0131yd\u0131?&nbsp;<\/span><\/strong><\/p>\n<p style=\"margin-bottom: 0cm; text-align: justify; text-indent: 25.5pt; line-height: 16pt;\"><strong><span style=\"font-size: 14pt;\">AKP Gen&ccedil;lerine Verilen Kay\u0131t D\u0131\u015f\u0131 Kala\u015fnikoflar Ne Ama&ccedil;l\u0131yd\u0131?<\/span><\/strong><\/p>\n<p style=\"margin-bottom: 0cm; text-align: justify; text-indent: 25.5pt; line-height: 16pt;\"><strong><span style=\"font-size: 12pt;\">Organize su&ccedil; &ouml;rg&uuml;t&uuml; lideri Sedat Peker, Twitter hesab\u0131ndan payla\u015ft\u0131\u011f\u0131 iddialarda; S&uuml;leyman Soylu&#8217;nun devlet envanterine kay\u0131tl\u0131 olmayan silahlar\u0131 sivillere ve AKP Gen&ccedil;lik Kollar\u0131na da\u011f\u0131tt\u0131\u011f\u0131n\u0131 a&ccedil;\u0131klam\u0131\u015ft\u0131. Peker yapt\u0131\u011f\u0131 payla\u015f\u0131mlar\u0131nda,<\/span><\/strong><em><span style=\"font-size: 12pt;\"> <strong>&ldquo;S&uuml;sl&uuml; S&uuml;leyman, bu giden silahlar &ouml;zel harp envanterine kay\u0131tl\u0131 de\u011filler. Devletin herhangi resmi bir birimine de kay\u0131tl\u0131 de\u011filler. Sen o tarihlerde Sosyal &Ccedil;al\u0131\u015fma ve G&uuml;venlik Bakanl\u0131\u011f\u0131ndayd\u0131n. 15 Temmuz&rsquo;da kahramanl\u0131k rolleri oynarken TRT binas\u0131 bask\u0131n\u0131na gitti\u011finde hepsinin elinde kala\u015fnikof marka silahlar olan bir&ccedil;ok sivil \u015fah\u0131s vard\u0131. Bu silahlar da devlet envanterine kay\u0131tl\u0131 de\u011fil. Biraz &ouml;nce anlatt\u0131\u011f\u0131m, da\u011f\u0131l\u0131m\u0131 senin taraf\u0131ndan koordine edilen hi&ccedil;bir silah da devlet envanterine kay\u0131tl\u0131 de\u011fil&rdquo; <\/strong><\/span><\/em><strong><span style=\"font-size: 12pt;\">ifadelerini kullanm\u0131\u015ft\u0131<\/span><\/strong><span style=\"font-size: 12pt;\">.<\/span><\/p>\n<p style=\"margin-bottom: 0cm; text-align: justify; text-indent: 25.5pt; line-height: 16pt;\"><strong><span style=\"font-size: 14pt;\">\u0130\u015fte s\u0131ras\u0131yla o mesajlar:<\/span><\/strong><\/p>\n<p style=\"margin-bottom: 0cm; text-align: justify; text-indent: 25.5pt; line-height: 16pt;\"><strong><em><span style=\"font-size: 12pt;\">K\u0131ymetli dostlar\u0131m, seri tweetler halinde Esenyurt belediyesiyle ilgili iki ayr\u0131 payla\u015f\u0131m yapt\u0131m. Buradaki amac\u0131m Esenyurt Belediyesi&rsquo;nin bizim S&uuml;sl&uuml; S&uuml;leyman&rsquo;\u0131n ve onu gelecekte Cumhurba\u015fkan\u0131 yapma d&uuml;\u015f&uuml;ncesinde olan g&uuml;&ccedil; odaklar\u0131n\u0131n bu &uuml;lkeyi merkez &uuml;s olarak kulland\u0131klar\u0131n\u0131 anlatabilmek i&ccedil;indi. &Ouml;nemli oldu\u011funa inand\u0131\u011f\u0131m bir iki tane daha yolsuzluk konusuna de\u011finip d&uuml;nk&uuml; payla\u015f\u0131mda belirtti\u011fim ciddi konulara ge&ccedil;ece\u011fiz (Doncu S&uuml;leyman geliyor gelmekte olan).<\/span><\/em><\/strong><\/p>\n<p style=\"margin-bottom: 0cm; text-align: justify; text-indent: 25.5pt; line-height: 16pt;\"><strong><em><span style=\"font-size: 12pt;\">Esenyurt&rsquo;ta Baha\u015f Holding diye bir firma var. Esenyurt Belediyesi ile anla\u015f\u0131p Esenyurt&rsquo;a 40 milyon TL de\u011ferinde hastane yapt\u0131lar. Kar\u015f\u0131l\u0131\u011f\u0131nda ise bug&uuml;nk&uuml; piyasa de\u011feri 1 milyar TL olan devasa boyutlardaki Sembol Residence&rsquo;lar\u0131n yap\u0131ld\u0131\u011f\u0131 arsay\u0131 hibe olarak ald\u0131lar. Yani k\u0131ymetli karde\u015flerim, bizlerin en az 500 milyon TL&rsquo;lik de\u011ferini &ccedil;ald\u0131lar (daha fazla ama ben masraflar\u0131n\u0131 &ccedil;ok y&uuml;ksek tuttum). Bu Baha\u015f Holding, amblemi \u015faha kalkm\u0131\u015f at olan di\u011fer &Ouml;zyurtlar holdingle beraber Meydan Ard\u0131&ccedil;l\u0131 projesini de beraber yapt\u0131lar.<\/span><\/em><\/strong><\/p>\n<p style=\"margin-bottom: 0cm; text-align: justify; text-indent: 25.5pt; line-height: 16pt;\"><strong><em><span style=\"font-size: 12pt;\">Bu da binin &ccedil;ok &uuml;zerinde daireden olu\u015fan devasa bir proje. Sizin de tahmin edece\u011finiz &uuml;zere imar oyunlar\u0131 ile sizlerin milyarlarca TL hakk\u0131n\u0131z\u0131 &ccedil;ald\u0131lar. S&uuml;sl&uuml; S&uuml;l&uuml;man ve onu Cumhurba\u015fkan\u0131 yapmak isteyen klik, yeni kurulan bu il&ccedil;eyi finans sa\u011flama yeri olarak kullan\u0131rken biraz sonra anlataca\u011f\u0131m karanl\u0131k i\u015flerini de buradan koordine ettiler. Baha\u015f Holding y&uuml;klenici firma olarak Pa\u015fa Karadeniz&rsquo;i g&ouml;revlendirmi\u015f olsa da t&uuml;m b&uuml;y&uuml;k projelerin sahipleri Baha\u015f Holding ve de iki ayr\u0131 &Ouml;zyurtlar in\u015faat grubudur.<\/span><\/em><\/strong><\/p>\n<p style=\"margin-bottom: 0cm; text-align: justify; text-indent: 25.5pt; line-height: 16pt;\"><strong><em><span style=\"font-size: 12pt;\">S&uuml;sl&uuml; S&uuml;leyman&rsquo;\u0131n ekibinden olan eski Belediye Ba\u015fkan\u0131 Ali Murat Alatepe, Beni b&uuml;t&uuml;n T&uuml;rkiye tan\u0131r namuslu oldu\u011fumu bilir diyerek tweet payla\u015ft\u0131\u011f\u0131nda ne ac\u0131d\u0131r ki sadece 4 ki\u015fi reetweet yap\u0131p sekiz ki\u015fi be\u011feniyor. Vatanda\u015f\u0131m\u0131z da onlar\u0131n kim oldu\u011funu &ccedil;ok iyi biliyor.&nbsp;Halk\u0131n &ccedil;o\u011funlu\u011funu olu\u015fturan ma\u011fdur vatanda\u015flar\u0131m\u0131z, asgari &uuml;cret acaba 3.500 TL olur mu diye beklerken bu harami yap\u0131s\u0131 yeni kurulan bu il&ccedil;eden milyarlarca dolar\u0131 ceplerine koyuyorlar. Kulland\u0131\u011f\u0131 don paras\u0131n\u0131 bile partisine &ouml;dettirecek kadar cimri olan doncu S&uuml;leyman&rsquo;\u0131n bir &ouml;nceki oturdu\u011fu ev Ard\u0131&ccedil;l\u0131 villalar\u0131ndayd\u0131. Yani &Ouml;zyurtlar\u0131n villalar\u0131yd\u0131 (yani s&uuml;sl&uuml; s&uuml;l&uuml;n&uuml;n gizli kasas\u0131 olan firma). S&uuml;sl&uuml; S&uuml;l&uuml; \u015fu anda ise Kuzu gruba ait Spradon villalar\u0131nda oturuyor. O projede normal villalar\u0131n fiyat\u0131 7 ya da 8 milyon TL.<\/span><\/em><\/strong><\/p>\n<p style=\"margin-bottom: 0cm; text-align: justify; text-indent: 25.5pt; line-height: 16pt;\"><strong><em><span style=\"font-size: 12pt;\">Kuzu grubu hat\u0131rlars\u0131n\u0131z, daha &ouml;nceki payla\u015f\u0131mlar\u0131mda Sad\u0131k Soylu &uuml;zerinden S&uuml;sl&uuml; S&uuml;l&uuml;man&rsquo;\u0131n gizli kasas\u0131 oldu\u011funu anlatm\u0131\u015ft\u0131m. K\u0131ymetli dostlar\u0131m, &uuml;lkemiz tehlike alt\u0131nda oldu\u011funda milli m&uuml;cadele verebilmek i&ccedil;in sivil halk\u0131 &ouml;rg&uuml;tlemek gerekti\u011finde, halka silah da\u011f\u0131tarak sivil direni\u015f olu\u015fturma g&ouml;revi &Ouml;zel Harp Dairesi&rsquo;ne aittir (daha &ouml;nceki ad\u0131 Seferberlik Tetkik Kuruludur). &Ouml;ncelikle bu tip yap\u0131lar\u0131n var olmas\u0131 gerekti\u011fine inanan, Te\u015fkilat-\u0131 Mahsusa ruhunu savunan bir ki\u015fiyim. \u015eu ana kadar anlatt\u0131klar\u0131m\u0131n i&ccedil;inde en &ouml;nemli b&ouml;l&uuml;me geldik. 15 Temmuz&rsquo;un hemen akabinde &uuml;lke genelinde demokrasi n&ouml;betleri tutulurken a\u011fustosun ilk haftas\u0131nda Ekrem G&ouml;k&ccedil;eker&rsquo;den al\u0131nan, &Ouml;zyurtlar\u0131n b&uuml;nyesinde olan Renault beyaz Fluence marka arabayla, Esenyurt Cumhuriyet meydan\u0131n\u0131n arkas\u0131nda karanl\u0131k bir sokakta (DAP hotelin arka taraf\u0131nda) arabaya koyulan bir kasa kala\u015fnikof silah \u0130stanbul Balat&rsquo;a gitti. AKP \u0130stanbul Gen&ccedil;lik Kollar\u0131 Ba\u015fkan\u0131 olan Taha Ayhan&rsquo;\u0131n yard\u0131mc\u0131s\u0131 olan Osman Tomakin&rsquo;e teslim edildi (Osman Tomakin siyah Passat ara&ccedil;la silahlar\u0131 teslim almaya geldi). Bu ara&ccedil; AKP Gen&ccedil;lik Kollar\u0131 \u0130l Ba\u015fkan\u0131&rsquo;na tahsisli bir ara&ccedil;t\u0131, herhangi bir polis uygulamas\u0131na girmesin diye. Osman Tomakin \u015fu anda AKP \u0130stanbul Gen&ccedil;lik Kollar\u0131 Ba\u015fkan\u0131d\u0131r. Silahlar\u0131n oldu\u011fu kasa Esenyurt&rsquo;tan gece 23:30 gibi yola &ccedil;\u0131kt\u0131.<\/span><\/em><\/strong><\/p>\n<p style=\"margin-bottom: 0cm; text-align: justify; text-indent: 25.5pt; line-height: 16pt;\"><strong><em><span style=\"font-size: 12pt;\">Silahlar\u0131 getiren ara&ccedil;ta Esenyurt AKP Gen&ccedil;lik Kollar\u0131 Ba\u015fkan\u0131 Abd&uuml;lsebur So\u011fanl\u0131, ve de 15 Temmuz gazisi \u0130&ccedil;i\u015fleri Bakanl\u0131\u011f\u0131 personeli Ahmet Onay vard\u0131. Bu ki\u015fiye Gazi olmas\u0131 dolay\u0131s\u0131yla ben araba al\u0131p hediye etmi\u015ftim. Kendisi say\u0131n Cumhurba\u015fkan\u0131m\u0131z\u0131n da sevdi\u011fi bir isimdir. Silahlar Balat&rsquo;ta Demir Kilise olarak bilinen Sveti Stefan Kilisesi&rsquo;nin hizas\u0131ndaki bo\u015f bir ara sokakta, gece 01:00 civar\u0131nda siyah Passat&rsquo;a y&uuml;klendi. O zamanki gen&ccedil;lik kollar\u0131 ba\u015fkan\u0131 Taha Ayhan \u015fu anda \u0130slam i\u015fbirli\u011fi Te\u015fkilatlar\u0131 Gen&ccedil;lik Kollar\u0131 Ba\u015fkanl\u0131\u011f\u0131n\u0131 yapmaktad\u0131r.<\/span><\/em><\/strong><\/p>\n<p style=\"margin-bottom: 0cm; text-align: justify; text-indent: 25.5pt; line-height: 16pt;\"><strong><em><span style=\"font-size: 12pt;\">S&uuml;sl&uuml; S&uuml;leyman, bu giden silahlar &ouml;zel harp envanterine kay\u0131tl\u0131 de\u011filler. Devletin herhangi resmi bir birimine de kay\u0131tl\u0131 de\u011filler. Sen o tarihlerde Sosyal &Ccedil;al\u0131\u015fma ve G&uuml;venlik Bakanl\u0131\u011f\u0131ndayd\u0131n. 15 Temmuz&rsquo;da kahramanl\u0131k rolleri oynarken TRT binas\u0131 bask\u0131n\u0131na gitti\u011finde hepsinin elinde kala\u015fnikof marka silahlar olan bir&ccedil;ok sivil \u015fah\u0131s vard\u0131. Bu silahlar da devlet envanterine kay\u0131tl\u0131 de\u011fil. Biraz &ouml;nce anlatt\u0131\u011f\u0131m, da\u011f\u0131l\u0131m\u0131 senin taraf\u0131ndan koordine edilen hi&ccedil;bir silah da devlet envanterine kay\u0131tl\u0131 de\u011fil. Senin Cumhurba\u015fkan\u0131 olman\u0131 planlayan arkandaki \u015faibeli organizasyonla 15 Temmuz sonras\u0131nda da bu silahlar\u0131 da\u011f\u0131tmaya neden devam ettiniz? &Ouml;yle ya, bu silahlar\u0131 gerekti\u011finde da\u011f\u0131tma g&ouml;revi &Ouml;zel Harp Dairesi&rsquo;ne ait.<\/span><\/em><\/strong><\/p>\n<p style=\"margin-bottom: 0cm; text-align: justify; text-indent: 25.5pt; line-height: 16pt;\"><strong><em><span style=\"font-size: 12pt;\">Sana bir f\u0131rsat veriyorum, benim yalan s&ouml;yledi\u011fimi kan\u0131tlarsan bug&uuml;ne kadar anlatt\u0131\u011f\u0131m her \u015feyin bo\u015fa &ccedil;\u0131kmas\u0131n\u0131 kabul ediyorum. \u0130simlerini verdi\u011fim bu ki\u015filerin hts kay\u0131tlar\u0131n\u0131 ve o g&uuml;ne ait mobese kay\u0131tlar\u0131n\u0131 kamuoyuna a&ccedil;\u0131klay\u0131n. &nbsp;Size s&ouml;z veriyorum, e\u011fer do\u011fru &ccedil;\u0131kmazsa bug&uuml;ne kadar yapt\u0131\u011f\u0131m t&uuml;m iddialar\u0131m\u0131n hepsinden de vazge&ccedil;ece\u011fim.&nbsp; (Daha &ouml;nceki iddialar\u0131m\u0131n do\u011frulu\u011fu delillerle ispat edildi\u011fi halde.) Ahmet Onay sen \u015ferefli bir adams\u0131n, bildi\u011fin do\u011frular\u0131 &ccedil;\u0131k anlat. S&uuml;sl&uuml; S&uuml;leyman, FET&Ouml;&rsquo;c&uuml;ler bu &uuml;lkenin en b&uuml;y&uuml;k d&uuml;\u015fman\u0131. Fakat senin de onlardan a\u015fa\u011f\u0131ya kal\u0131r bir yan\u0131n yok. \u0130nsanlar\u0131n milli ve dini duygular\u0131n\u0131 tahrik edip i&ccedil; sava\u015f &ccedil;\u0131karma amac\u0131n\u0131n en b&uuml;y&uuml;k par&ccedil;as\u0131, 15 Temmuz sonras\u0131nda da el alt\u0131ndan bir&ccedil;ok yap\u0131ya da\u011f\u0131tt\u0131rd\u0131\u011f\u0131n bu silahlard\u0131r.<\/span><\/em><\/strong><\/p>\n<p style=\"margin-bottom: 0cm; text-align: justify; text-indent: 25.5pt; line-height: 16pt;\"><strong><span style=\"font-size: 14pt;\">Ahmet Onay&#8217;dan do\u011frulay\u0131c\u0131 yan\u0131t&nbsp;<\/span><\/strong><\/p>\n<p style=\"margin-bottom: 0cm; text-align: justify; text-indent: 25.5pt; line-height: 16pt;\"><strong><span style=\"font-size: 12pt;\">Sedat Peker&#8217;in iddialar\u0131nda ad\u0131 ge&ccedil;en Ahmet Onay sosyal medya hesab\u0131ndan payla\u015f\u0131mlarda bulunmu\u015flard\u0131. Onay, Peker&#8217;in yazd\u0131klar\u0131n\u0131 do\u011frulayarak \u015fu ifadeleri kullanm\u0131\u015ft\u0131:<\/span><\/strong><\/p>\n<p style=\"margin-bottom: 0cm; text-align: justify; text-indent: 25.5pt; line-height: 16pt;\"><strong><em><span style=\"font-size: 12pt;\">&#8220;Kamuoyunu ayd\u0131nlatma metnidir;<\/span><\/em><\/strong><\/p>\n<p style=\"margin-bottom: 0cm; text-align: justify; text-indent: 25.5pt; line-height: 16pt;\"><strong><em><span style=\"font-size: 12pt;\">Bug&uuml;n ismimin Sedat Peker twitlerinde ge&ccedil;ti\u011fini g&ouml;rd&uuml;m. Sedat Peker ile 15 Temmuz hain darbe giri\u015fimi sonras\u0131nda Gazi olmamdan dolay\u0131 tan\u0131\u015ft\u0131m. (Kendisiyle \u0130stanbul Etiler&rsquo;de bir restoranda iftar yeme\u011finde bir araya gelerek.)&nbsp;Daha sonra kendisiyle s\u0131kl\u0131kla g&ouml;r&uuml;\u015fmeye devam ettim. 15 Temmuz 2017 tarihinde darbe giri\u015fimin 1. y\u0131l d&ouml;n&uuml;m&uuml;nde bana bir otomobil hediye etti. Ayn\u0131 g&uuml;n mek&acirc;n\u0131 cennet olsun 15 Temmuz \u015eehidimiz Burak CANT&Uuml;RK karde\u015fimin ailesine ev hediye etti. (Haber sitelerinde mevcuttur.) Kendisini \u015eehit ve Gazi ailelerine yapt\u0131\u011f\u0131 yard\u0131mlardan dolay\u0131 (ben de bir Gazi oldu\u011fum i&ccedil;in) t&uuml;m kamuoyu bilir. Twitlerde bahsi ge&ccedil;en meseleye yani as\u0131l g&uuml;ndem konusuyla ilgili a&ccedil;\u0131klama yapacak olursam; Sedat Peker&#8217;in twitlerinde ismi ge&ccedil;en ki\u015filerle bir arada bulundum. D&ouml;nemin AKP Gen&ccedil;lik Kollar\u0131 \u0130l Ba\u015fkan\u0131 Taha Ayhan ve yan\u0131ndaki ki\u015filerle birlikte Balat&rsquo;taki ismi ge&ccedil;en kilisenin yak\u0131nlar\u0131nda bulundum.&nbsp;Sebur So\u011fanl\u0131 ile birlikte gittim.&nbsp;<\/span><\/em><\/strong><\/p>\n<p style=\"margin-bottom: 0cm; text-align: justify; text-indent: 25.5pt; line-height: 16pt;\"><strong><em><span style=\"font-size: 12pt;\">Yan\u0131m\u0131zda da ad\u0131n\u0131 bilmedi\u011fim bir ki\u015fi daha vard\u0131, (arabay\u0131 kullanan, beyaz Fluence) ancak o s&uuml;re&ccedil;te yaralar\u0131m\u0131n tam iyile\u015fmemesinden dolay\u0131 ara&ccedil;tan inmedim. Birbirlerine ne al\u0131p verdiklerini de g&ouml;rmedim. Kala\u015fnikof marka silahlar\u0131n, bahse konu ki\u015filer aras\u0131nda ba\u015fka bir yere transfer ya da al\u0131\u015fveri\u015f yap\u0131ld\u0131\u011f\u0131n\u0131 g&ouml;rmedim. Ancak kimseyi (bilmedi\u011fim bir konu &uuml;zerinde) zan alt\u0131nda b\u0131rakamam.&nbsp; Buradan sonras\u0131 hakk\u0131nda ne bir fikrim ne de g&ouml;rd&uuml;\u011f&uuml;m bir \u015fey vard\u0131r. Ben asla yalan konu\u015fmam, konu\u015famam. (Yalan\u0131n ortaya &ccedil;\u0131kmak gibi k&ouml;t&uuml; bir yan\u0131 vard\u0131r.)&rdquo;<\/span><\/em><\/strong><\/p>\n<p style=\"margin-bottom: 0cm; text-align: justify; text-indent: 25.5pt; line-height: 16pt;\"><strong><em><span style=\"font-size: 12pt;\">&nbsp;&nbsp;&nbsp;&nbsp;&nbsp;&nbsp;&nbsp;&nbsp; <\/span><\/em><\/strong><\/p>\n<p style=\"margin-bottom: 0cm; text-align: right; text-indent: 1cm; line-height: 16pt;\"><strong><span style=\"font-size: 14pt;\">8233<\/span><\/strong><\/p>\n<p style=\"margin-bottom: 0cm; text-align: center; line-height: 16pt;\"><strong><span style=\"font-size: 14pt;\">T&Uuml;RK\u0130YE B&Uuml;Y&Uuml;K M\u0130LLET MECL\u0130S\u0130 BA\u015eKANLI\u011eINA<\/span><\/strong><\/p>\n<p style=\"margin-bottom: 0cm; text-align: justify; line-height: 16pt;\"><strong><span style=\"font-size: 14pt;\">&nbsp;&nbsp;&nbsp;&nbsp;&nbsp;&nbsp;&nbsp;&nbsp;&nbsp;&nbsp; <\/span><\/strong><\/p>\n<p style=\"margin-bottom: 0cm; text-align: justify; text-indent: 1cm; line-height: 16pt;\"><strong><span style=\"font-size: 12pt;\">A\u015fa\u011f\u0131daki sorular\u0131m\u0131n \u0130&ccedil;i\u015fleri Bakan\u0131 S&uuml;leyman Soylu taraf\u0131ndan yaz\u0131l\u0131 olarak cevapland\u0131r\u0131lmas\u0131n\u0131 arz ederim.<\/span><\/strong><\/p>\n<p style=\"margin-bottom: 0cm; text-align: justify; text-indent: 297.7pt; line-height: 16pt;\"><strong><span style=\"font-size: 12pt;\">Ecz. Gamze TA\u015eCIER<\/span><\/strong><\/p>\n<div style=\"margin-bottom: 0cm; text-align: justify; text-indent: 304.8pt; line-height: 16pt;\"><strong><span style=\"font-size: 12pt;\">Ankara Milletvekili<\/span><\/strong><\/div>\n<p style=\"margin-bottom: 0cm; text-align: justify; line-height: 16pt;\"><strong><span style=\"font-size: 14pt;\">&nbsp;&nbsp;&nbsp;&nbsp;&nbsp;&nbsp;&nbsp;&nbsp;&nbsp;&nbsp; <\/span><\/strong><\/p>\n<p style=\"margin-bottom: 0cm; text-align: justify; text-indent: 1cm; line-height: 16pt;\"><strong><span style=\"font-size: 12pt;\">\u0130&ccedil;i\u015fleri Bakanl\u0131\u011f\u0131&rsquo;n\u0131n 2017 y\u0131l\u0131 faaliyet raporunda yer alan istatistiklere g&ouml;re, kay\u0131p ve &ccedil;al\u0131nt\u0131 silah say\u0131s\u0131 106 bin 704 olarak belirlenmi\u015ftir. Son &uuml;&ccedil; y\u0131lda ger&ccedil;ekle\u015fen %720&rsquo;lik art\u0131\u015fa bak\u0131ld\u0131\u011f\u0131nda, s&ouml;z konusu silahlar\u0131n bir k\u0131sm\u0131n\u0131n, 15 Temmuz darbe giri\u015fimi s\u0131ras\u0131nda da\u011f\u0131t\u0131lan ve ak\u0131beti belli olmayan silahlar oldu\u011fu ortadad\u0131r. 30 Temmuz 2016&rsquo;da, Ankara&rsquo;n\u0131n &Ccedil;ubuk il&ccedil;esinde ger&ccedil;ekle\u015fen cinayette, bir ki\u015fi &ouml;ld&uuml;r&uuml;lm&uuml;\u015f, bir ki\u015fi de yaralanm\u0131\u015ft\u0131r. Cinayetin 15 Temmuz darbe gecesi Ankara Emniyet M&uuml;d&uuml;rl&uuml;\u011f&uuml; &ouml;n&uuml;nde da\u011f\u0131t\u0131lan silahlardan biri ile i\u015flendi\u011fi ortaya &ccedil;\u0131km\u0131\u015ft\u0131r. <\/span><\/strong><\/p>\n<p style=\"margin-bottom: 0cm; text-align: justify; text-indent: 1cm; line-height: 16pt;\"><strong><span style=\"font-size: 12pt;\">Bu &ccedil;er&ccedil;eveden hareketle:<\/span><\/strong><\/p>\n<p style=\"margin-bottom: 0cm; text-align: justify; text-indent: 1cm; line-height: 16pt;\"><strong><span style=\"font-size: 12pt;\">1. Aradan ge&ccedil;en iki bu&ccedil;uk y\u0131l\u0131n ard\u0131ndan, 15 Temmuz darbe giri\u015fimi s\u0131ras\u0131nda kaybolan silahlar\u0131n ak\u0131beti ile ilgili bir sonuca ula\u015f\u0131lm\u0131\u015f m\u0131d\u0131r?<\/span><\/strong><\/p>\n<p style=\"margin-bottom: 0cm; text-align: justify; text-indent: 1cm; line-height: 16pt;\"><strong><span style=\"font-size: 12pt;\">2. 15 Temmuz darbe giri\u015fimi s\u0131ras\u0131nda kaybolan silahlardan ka&ccedil;\u0131 bulunabilmi\u015ftir?<\/span><\/strong><\/p>\n<p style=\"margin-bottom: 0cm; text-align: justify; text-indent: 1cm; line-height: 16pt;\"><strong><span style=\"font-size: 12pt;\">3. Ankara Valili\u011fi, 15 Temmuz darbe giri\u015fimi s\u0131ras\u0131nda, Ankara Emniyet M&uuml;d&uuml;rl&uuml;\u011f&uuml; mensuplar\u0131na sadece kimlik kontrol&uuml; yap\u0131larak, zimmet kayd\u0131 tutulmaks\u0131z\u0131n silah m&uuml;himmat da\u011f\u0131t\u0131m\u0131 yap\u0131ld\u0131\u011f\u0131n\u0131 ifade etmi\u015ftir. T&uuml;m T&uuml;rkiye&rsquo;de bu \u015fekilde ka&ccedil; silah da\u011f\u0131t\u0131lm\u0131\u015ft\u0131r. Ka&ccedil;\u0131 geri teslim edilmi\u015ftir? <\/span><\/strong><\/p>\n<p style=\"margin-bottom: 0cm; text-align: justify; text-indent: 1cm; line-height: 16pt;\"><strong><span style=\"font-size: 12pt;\">4. 15 Temmuz 2016 tarihinden sonra ka&ccedil; ki\u015fi kay\u0131p ve &ccedil;al\u0131nt\u0131 silah ile yakalanm\u0131\u015ft\u0131r? Bunlar\u0131n ka&ccedil;\u0131 15 Temmuz darbe giri\u015fimi s\u0131ras\u0131nda kaybolan silahlar ile yakalanm\u0131\u015ft\u0131r? Bu ki\u015filer hakk\u0131nda ne i\u015flem yap\u0131lm\u0131\u015ft\u0131r?<\/span><\/strong><\/p>\n<p style=\"margin-bottom: 0cm; text-align: justify; text-indent: 1cm; line-height: 16pt;\"><strong><span style=\"font-size: 12pt;\">5. Kay\u0131p ve &ccedil;al\u0131nt\u0131 silahlara sahip ki\u015filer s&ouml;z konusu silahlara nas\u0131l mermi alabilmektedir?<\/span><\/strong><\/p>\n<p style=\"margin-bottom: 0cm; text-align: justify; text-indent: 1cm; line-height: 16pt;\"><strong><span style=\"font-size: 12pt;\">6. 2018 y\u0131l\u0131 itibariyle kay\u0131p ve &ccedil;al\u0131nt\u0131 silah say\u0131s\u0131 ka&ccedil;t\u0131r?<\/span><\/strong><\/p>\n<p style=\"margin-bottom: 0cm; text-align: justify; line-height: 16pt;\"><strong><span style=\"font-size: 14pt;\">&nbsp;&nbsp;&nbsp;&nbsp;&nbsp;&nbsp;&nbsp;&nbsp;&nbsp;&nbsp; <\/span><\/strong><\/p>\n<p style=\"margin-bottom: 0cm; text-indent: 1cm; line-height: 16pt;\"><strong><span style=\"font-size: 14pt;\">Allah&rsquo;la sava\u015farak, salaha ve felaha ula\u015f\u0131l\u0131r m\u0131yd\u0131?<\/span><\/strong><\/p>\n<p style=\"margin-bottom: 0cm; text-align: justify; text-indent: 1cm; line-height: 16pt;\"><strong><span style=\"font-size: 12pt;\">&ldquo;\u015eayet b&ouml;yle yapmazsan\u0131z, <em>(yani faizi, faizci d&uuml;zenleri ve y&ouml;neticileri b\u0131rakmazsan\u0131z)<\/em> Allah&#8217;a ve Resul&uuml;ne kar\u015f\u0131 sava\u015f a&ccedil;t\u0131\u011f\u0131n\u0131z\u0131 <em>(adil devlet ve h&uuml;k&uuml;met d&uuml;zeninin temellerini y\u0131kt\u0131\u011f\u0131n\u0131z\u0131)<\/em> bilip anlay\u0131n <em>(ve ona g&ouml;re davran\u0131n)<\/em>. E\u011fer tevbe ederseniz, art\u0131k sermayeleriniz sizindir. <em>(B&ouml;ylece)<\/em> Ne zulmetmi\u015f olursunuz, ne zulme u\u011frat\u0131lm\u0131\u015f olursunuz. <em>(&Ouml;yle ise m&uuml;&rsquo;minler faizsiz d&uuml;zene ge&ccedil;mek i&ccedil;in &ccedil;al\u0131\u015fmal\u0131d\u0131r.)&rdquo; <\/em>(Bakara: 279)<\/span><\/strong><\/p>\n<p style=\"margin-bottom: 0cm; text-align: justify; text-indent: 1cm; line-height: 16pt;\"><strong><span style=\"font-size: 14pt;\">Dinci Erdo\u011fan&rsquo;dan, Faizci ve Tavizci Erdo\u011fan&rsquo;a m\u0131?<\/span><\/strong><\/p>\n<p style=\"margin-bottom: 0cm; text-align: justify; text-indent: 1cm; line-height: 16pt;\"><strong><span style=\"font-size: 14pt;\">Faiz 19&rsquo;da Tak\u0131l\u0131p Kalm\u0131\u015ft\u0131!<\/span><\/strong><\/p>\n<p style=\"margin-bottom: 0cm; text-align: justify; text-indent: 1cm; line-height: 16pt;\"><strong><span style=\"font-size: 14pt;\">Merkez Bankas\u0131 bu y\u0131lki yedinci, \u015eahap Kavc\u0131o\u011flu ba\u015fkanl\u0131\u011f\u0131ndaki d&ouml;rd&uuml;nc&uuml; para politikas\u0131 kurulu toplant\u0131s\u0131n\u0131 yapm\u0131\u015f; Merkez Bankas\u0131 politika faizi y&uuml;zde 19&rsquo;da sabit tutma karar\u0131 alm\u0131\u015ft\u0131. B&ouml;ylelikle g&ouml;reve gelmeden &ouml;nce &ldquo;faiz kar\u015f\u0131t\u0131&rdquo; g&ouml;r&uuml;\u015fleriyle bilinen Merkez Bankas\u0131 Ba\u015fkan\u0131 Kavc\u0131o\u011flu&rsquo;nun 4 ayl\u0131k g&ouml;rev s&uuml;resi boyunca hi&ccedil; faiz indirimi yap\u0131lmam\u0131\u015ft\u0131!<\/span><\/strong><\/p>\n<p style=\"margin-bottom: 0cm; text-align: justify; text-indent: 1cm; line-height: 16pt;\"><strong><span style=\"font-size: 12pt;\">T&uuml;rkiye Cumhuriyet Merkez Bankas\u0131 (TCMB), Para Politikas\u0131 Kurulu (PPK) toplant\u0131s\u0131n\u0131 14 Temmuz 2021&rsquo;de yapm\u0131\u015ft\u0131. TCMB&rsquo;den yap\u0131lan duyuruda, TCMB Ba\u015fkan\u0131 \u015eahap Kavc\u0131o\u011flu ba\u015fkanl\u0131\u011f\u0131nda toplanan Para Politikas\u0131 Kurulu&rsquo;nun, politika faizini y&uuml;zde 19 d&uuml;zeyinde sabit tutma karar\u0131 ald\u0131\u011f\u0131 a&ccedil;\u0131klanm\u0131\u015ft\u0131. Merkez Bankas\u0131 en son, 5 ay s&uuml;reyle g&ouml;revde kalan Naci A\u011fbal&rsquo;\u0131n d&ouml;neminde 18 Mart tarihindeki PPK toplant\u0131s\u0131nda faizleri 200 baz puan art\u0131rarak y&uuml;zde 17&rsquo;den y&uuml;zde 19&rsquo;a &ccedil;\u0131karm\u0131\u015ft\u0131. Hazine ve Maliye Bakan\u0131 Berat Albayrak&rsquo;\u0131n istifas\u0131n\u0131n hemen ard\u0131ndan, &ldquo;ekonomide yeni d&ouml;nem&rdquo; s&ouml;ylemleriyle g&ouml;reve getirilen A\u011fbal&rsquo;\u0131n d&ouml;neminde faiz toplam 8,75 puan art\u0131r\u0131lm\u0131\u015ft\u0131. Sn. Erdo\u011fan&rsquo;\u0131n her f\u0131rsatta faize kar\u015f\u0131 &ccedil;\u0131kmas\u0131na ra\u011fmen, faizin h&acirc;l&acirc; %19&rsquo;da kalmas\u0131 bunlar\u0131n s&ouml;ylemleriyle eylemleri aras\u0131ndaki fark\u0131 ortaya koymaktayd\u0131!?<\/span><\/strong><\/p>\n<p style=\"margin-bottom: 0cm; text-align: justify; text-indent: 1cm; line-height: 16pt;\"><strong><em><span style=\"font-size: 12pt;\">Oysa, T&uuml;rkiye&rsquo;nin y&uuml;zde 45&rsquo;i a&ccedil;l\u0131k s\u0131n\u0131r\u0131n\u0131n alt\u0131nda maa\u015f almaktayd\u0131. Y&uuml;zde 40&rsquo;\u0131 sosyal yard\u0131ma muhta&ccedil; durumdayd\u0131. Y&uuml;zde 20&rsquo;si elektrik faturas\u0131n\u0131 yat\u0131ramamaktayd\u0131. \u0130\u015fsiz say\u0131s\u0131 10 milyona ula\u015fm\u0131\u015ft\u0131. 1,5 milyon &uuml;niversite diplomal\u0131 i\u015fsiz vard\u0131. Bunlar h&acirc;l&acirc; &lsquo;Kanal \u0130stanbul projesi yapaca\u011f\u0131z&rsquo; diye bir u&ccedil;uk projeyle bir fanteziyle bir hayalle milletin &ouml;n&uuml;ne &ccedil;\u0131kmaktayd\u0131. Bug&uuml;ne kadar yapt\u0131klar\u0131 bundan sonra yapacaklar\u0131n\u0131n aynas\u0131yd\u0131. Per\u015fembe&rsquo;nin geli\u015fi &Ccedil;ar\u015famba&rsquo;dan belli olmaktayd\u0131. O kanaldan ge&ccedil;meyen gemilerin paras\u0131, o kanal\u0131n &uuml;zerine yap\u0131lacak olan 6 tane k&ouml;pr&uuml;den ge&ccedil;meyen ara&ccedil;lar\u0131n paras\u0131, 83 milyona d&ouml;viz kuru fark\u0131yla beraber t\u0131k\u0131r t\u0131k\u0131r t\u0131k\u0131r &ouml;detilece\u011finin fark\u0131nda olanlar az\u0131nl\u0131ktayd\u0131. Oradaki holdinglere m&uuml;teahhitlere kanaldan ge&ccedil;i\u015f garantisi sa\u011flanacakt\u0131. K&ouml;pr&uuml;lerden ara&ccedil; ge&ccedil;i\u015f garantisi sa\u011flanacakt\u0131. Ha babam, deli dumrul gibi; Kars&rsquo;ta, Erzurum&rsquo;da, Van&rsquo;da vatanda\u015f hayat\u0131nda g&ouml;z&uuml;yle g&ouml;rmeyece\u011fi kanal i&ccedil;in, k&ouml;pr&uuml; i&ccedil;in milyarlarca dolar\u0131 &ouml;demek zorunda kalacakt\u0131. B&ouml;ylelikle yine imtiyazl\u0131 holdingler zavall\u0131 milletin s\u0131rt\u0131ndan milyarlar kazanacakt\u0131. Yine yeni yeni dolar milyarderleri &uuml;retilmi\u015f olacakt\u0131. <\/span><\/em><\/strong><\/p>\n<p style=\"margin-bottom: 0cm; text-align: justify; text-indent: 1cm; line-height: 16pt;\"><strong><em><span style=\"font-size: 12pt;\">B&ouml;ylesine bozuk bir de\u011firmen vard\u0131. Bu de\u011firmenin d&ouml;nmesi i&ccedil;in su laz\u0131md\u0131. Peki bu de\u011firmenin d&ouml;nmesi i&ccedil;in su nereden bulunacakt\u0131? Birincisi bor&ccedil;lanmayd\u0131, ikincisi zam ve vergiyle milletin s\u0131rt\u0131na yeni y&uuml;kler sarmakt\u0131&hellip; &Uuml;&ccedil;&uuml;nc&uuml;s&uuml; de 50 y\u0131ll\u0131k 60 y\u0131ll\u0131k devlet varl\u0131klar\u0131n\u0131 sat\u0131p savurmakt\u0131. D\u0131\u015f g&uuml;&ccedil;ler ve i\u015fbirlik&ccedil;ileri, bu &uuml;&ccedil; tane kanaldan pompalar\u0131 hortumlar\u0131 d&ouml;\u015femi\u015f durumdayd\u0131. Buradan emme basma tulumba gibi topluyorlard\u0131. G&ouml;t&uuml;r&uuml;p direkt do\u011frudan bu imtiyazl\u0131 holdinglerin kasas\u0131na ba\u011fl\u0131yorlard\u0131. Zavall\u0131 millet ise din istismar\u0131yla ve ucuz kahramanl\u0131k edebiyat\u0131yla avutulup uyutulmaktayd\u0131!<\/span><\/em><\/strong><\/p>\n<p style=\"margin-bottom: 0cm; text-align: justify; text-indent: 1cm; line-height: 16pt;\"><strong><span style=\"font-size: 12pt;\">\u0130ktidar yalakalar\u0131 ekonomik geli\u015fmi\u015flik ve zenginle\u015fme &ouml;l&ccedil;&uuml;t&uuml; olarak &ldquo;buzdolab\u0131 say\u0131s\u0131&rdquo;ndan bahsediyorlard\u0131. Bu &ouml;rne\u011fi duyan sokaktaki vatanda\u015f da, kendisi ekonomik s\u0131k\u0131nt\u0131lardan muzdarip olsa, i\u015fsiz, bor&ccedil;lu, yoksul olsa bile &ldquo;tak\u0131m tutar gibi tuttu\u011fu&rdquo; partisini savunmak i&ccedil;in benzer bir tav\u0131r tak\u0131nmaktayd\u0131. Ekonomik sorunlardan, hayat pahal\u0131l\u0131\u011f\u0131ndan, ge&ccedil;im s\u0131k\u0131nt\u0131s\u0131ndan s&ouml;z edenlere &ldquo;herkesin cebinde l&uuml;ks telefonlar&rdquo; oldu\u011funu, &ldquo;herkesin kap\u0131s\u0131nda araba bulundu\u011funu&rdquo;(!) hat\u0131rlat\u0131yorlard\u0131. Bunlar &ldquo;propaganda bombard\u0131man\u0131&rdquo;n\u0131n g&uuml;c&uuml; oldu\u011fu kadar, y\u0131\u011f\u0131nlar\u0131n da kendi sorunlar\u0131na yabanc\u0131la\u015ft\u0131r\u0131lmas\u0131 a&ccedil;\u0131s\u0131ndan &ldquo;alg\u0131&rdquo;n\u0131n yozla\u015fmas\u0131yd\u0131.<\/span><\/strong><\/p>\n<p style=\"margin-bottom: 0cm; text-align: justify; text-indent: 1cm; line-height: 16pt;\"><strong><span style=\"font-size: 12pt;\">Cumhurba\u015fkan\u0131 Erdo\u011fan&rsquo;\u0131n sarf etti\u011fi <em>&ldquo;Avrupa&rsquo;da benzinin en ucuz oldu\u011fu &uuml;lkeyiz. Avrupa&rsquo;dan gelenler &uuml;lkemizden depolar\u0131n\u0131 doldurup &ccedil;\u0131k\u0131yorlar&rdquo; <\/em>s&ouml;z&uuml;, ortalama kamuoyuna sahip bir &uuml;lkede &ldquo;bir ger&ccedil;e\u011fin dillendirili\u015fi&rdquo; olarak tan\u0131mlan\u0131rd\u0131. Burada kast edilen &ldquo;ucuzlu\u011fun&rdquo;, geliri Euro cinsinden olan insanlar ve &uuml;lkeler i&ccedil;in ge&ccedil;erli oldu\u011fu, dolay\u0131s\u0131yla buradan &ccedil;\u0131kan sonucun ise T&uuml;rk paras\u0131n\u0131n de\u011fersizle\u015fti\u011fi oldu\u011funu bile h&acirc;l&acirc; kavramayanlar vard\u0131. <\/span><\/strong><\/p>\n<p style=\"margin-bottom: 0cm; text-align: justify; text-indent: 1cm; line-height: 16pt;\"><strong><span style=\"font-size: 12pt;\">&Ccedil;&uuml;nk&uuml; ge&ccedil;en sene (2020) Temmuz&rsquo;da 7,50 civar\u0131nda olan euro bug&uuml;n 10,50&rsquo;lere &ccedil;\u0131km\u0131\u015ft\u0131&#8230; TL&rsquo;nin de\u011fer kayb\u0131 y&uuml;zde 30 civar\u0131ndayd\u0131. Yani yurtd\u0131\u015f\u0131ndan T&uuml;rkiye&rsquo;ye gelenlerin ceplerindeki para 1 senede TL cinsinden y&uuml;zde 30 artm\u0131\u015ft\u0131. 2010 y\u0131l\u0131nda 1 Bulgar levas\u0131 neredeyse 1 TL&rsquo;ye e\u015fitken, bug&uuml;n AB&rsquo;nin ki\u015fi ba\u015f\u0131na milli geliri en d&uuml;\u015f&uuml;k &uuml;lkelerinden olan Bulgaristan&rsquo;\u0131n paras\u0131 bizim param\u0131z\u0131n 5,5 kat\u0131na ula\u015fm\u0131\u015ft\u0131. Bundan dolay\u0131d\u0131r ki, Edirne&rsquo;ye Bulgar turist ak\u0131n\u0131 ya\u015fanmaktayd\u0131. AB&rsquo;nin en fakirlerinden olan Bulgarlar i&ccedil;in bile &ldquo;avantajl\u0131&rdquo; konuma ta\u015f\u0131nm\u0131\u015ft\u0131k. Milli param\u0131zdaki erime, ayn\u0131 zamanda da al\u0131m g&uuml;c&uuml;n&uuml;n azalmas\u0131yd\u0131.<\/span><\/strong><\/p>\n<p style=\"margin-bottom: 0cm; text-align: justify; text-indent: 1cm; line-height: 16pt;\"><strong><span style=\"font-size: 12pt;\"><\/span><\/strong><\/p>\n<p>&nbsp;<\/p>\n<hr style=\"text-align: left;\" size=\"1\" width=\"33%\" \/>\n<p style=\"text-indent: 14.2pt;\"><a href=\"#ftnref1\" id=\"ftn1\" style=\"vertical-align: super;\">[1]<\/a><span style=\"font-size: 9pt;\"> <a href=\"mailto:abdulkadirozkan@milliggazete.com.tr\">abdulkadirozkan@milliggazete.com.tr<\/a><\/span><\/p>\n","protected":false},"excerpt":{"rendered":"<p>&nbsp; BOP E\u015eBA\u015eKANLI\u011eINDAN, \u0130SRA\u0130L YANDA\u015eLI\u011eINA MI? &nbsp;&nbsp;&nbsp;&nbsp;&nbsp;&nbsp;&nbsp;&nbsp; Sn. Recep T. Erdo\u011fan, \u0130\u015fgalci ve Ter&ouml;rist \u0130srail&rsquo;in Siyonist Cumhurba\u015fkan\u0131 Isaac Herzog&rsquo;u bizzat kendisi arayarak, birlikte &ccedil;al\u0131\u015fma ve bar\u0131\u015f sa\u011flama yolunda iyi dileklerini ve tebriklerini sunmu\u015flard\u0131. (12 Temmuz 2021) Anla\u015f\u0131lan Sn. Erdo\u011fan, bundan bir m&uuml;ddet &ouml;nce g&ouml;r&uuml;\u015ft&uuml;kleri Filistin Devlet Ba\u015fkan\u0131 Mahmud Abbas&rsquo;a da, \u0130srail&rsquo;le uzla\u015fma y&ouml;n&uuml;nde telkin ve [&hellip;]<\/p>\n","protected":false},"author":103,"featured_media":0,"comment_status":"open","ping_status":"closed","sticky":false,"template":"","format":"standard","meta":{"footnotes":""},"categories":[254],"tags":[],"class_list":["post-6453","post","type-post","status-publish","format-standard","hentry","category-kasim-2021"],"_links":{"self":[{"href":"https:\/\/www.millicozum.com\/mc\/wp-json\/wp\/v2\/posts\/6453","targetHints":{"allow":["GET"]}}],"collection":[{"href":"https:\/\/www.millicozum.com\/mc\/wp-json\/wp\/v2\/posts"}],"about":[{"href":"https:\/\/www.millicozum.com\/mc\/wp-json\/wp\/v2\/types\/post"}],"author":[{"embeddable":true,"href":"https:\/\/www.millicozum.com\/mc\/wp-json\/wp\/v2\/users\/103"}],"replies":[{"embeddable":true,"href":"https:\/\/www.millicozum.com\/mc\/wp-json\/wp\/v2\/comments?post=6453"}],"version-history":[{"count":0,"href":"https:\/\/www.millicozum.com\/mc\/wp-json\/wp\/v2\/posts\/6453\/revisions"}],"wp:attachment":[{"href":"https:\/\/www.millicozum.com\/mc\/wp-json\/wp\/v2\/media?parent=6453"}],"wp:term":[{"taxonomy":"category","embeddable":true,"href":"https:\/\/www.millicozum.com\/mc\/wp-json\/wp\/v2\/categories?post=6453"},{"taxonomy":"post_tag","embeddable":true,"href":"https:\/\/www.millicozum.com\/mc\/wp-json\/wp\/v2\/tags?post=6453"}],"curies":[{"name":"wp","href":"https:\/\/api.w.org\/{rel}","templated":true}]}}