{"id":6533,"date":"2021-12-25T22:00:00","date_gmt":"2021-12-25T22:00:00","guid":{"rendered":"https:\/\/www.millicozum.com\/mc\/2021\/12\/25\/erdoganin-faiz-istismari-turkiyenin-tikanmasi-ve-ismet-ozelin-kustahligi-2\/"},"modified":"2021-12-25T22:00:00","modified_gmt":"2021-12-25T22:00:00","slug":"erdoganin-faiz-istismari-turkiyenin-tikanmasi-ve-ismet-ozelin-kustahligi-2","status":"publish","type":"post","link":"https:\/\/www.millicozum.com\/mc\/2022\/ocak-2022\/erdoganin-faiz-istismari-turkiyenin-tikanmasi-ve-ismet-ozelin-kustahligi\/","title":{"rendered":"ERDO\u011eAN\u2019IN FA\u0130Z \u0130ST\u0130SMARI, T\u00dcRK\u0130YE\u2019N\u0130N TIKANMASI VE \u0130SMET \u00d6ZEL\u2019\u0130N K\u00dcSTAHLI\u011eI"},"content":{"rendered":"\n<p>&nbsp;<\/p>\n<p style=\"text-align: center; text-indent: 0cm;\"><strong><span style=\"font-size: 17pt;\">ERDO\u011eAN&rsquo;IN FA\u0130Z \u0130ST\u0130SMARI, T&Uuml;RK\u0130YE&rsquo;N\u0130N TIKANMASI<\/span><\/strong><\/p>\n<p style=\"text-align: center; text-indent: 0cm;\"><strong><span style=\"font-size: 17pt;\">VE<\/span><\/strong><\/p>\n<p style=\"text-align: center; text-indent: 0cm;\"><strong><span style=\"font-size: 17pt;\">\u0130SMET &Ouml;ZEL&rsquo;\u0130N K&Uuml;STAHLI\u011eI<\/span><\/strong><\/p>\n<p style=\"text-align: justify;\"><strong><span style=\"font-size: 17pt;\">&nbsp;&nbsp;&nbsp;&nbsp;&nbsp;&nbsp;&nbsp;&nbsp; <\/span><\/strong><\/p>\n<p style=\"text-align: justify; text-indent: 25.5pt;\"><strong><span style=\"font-size: 12pt;\">Bu &uuml;lkenin en b&uuml;y&uuml;k sorunlar\u0131ndan birisi de Din istismar\u0131d\u0131r. Elbette bu istismarc\u0131l\u0131\u011f\u0131n en &ouml;nemli nedenlerinin ba\u015f\u0131nda ise, baz\u0131 kesimlerin Din d&uuml;\u015fmanl\u0131\u011f\u0131n\u0131 saymak laz\u0131md\u0131r. Maalesef Tarikatlar, Cemaatler, Dernekler, Partiler ve H&uuml;k&uuml;metlerce;<\/span><\/strong><\/p>\n<p style=\"margin-bottom: 0cm; text-align: justify; text-indent: 25.5pt; line-height: 16pt;\"><strong><span style=\"font-size: 12pt; font-family: 'Arial', sans-serif;\">&bull; Hem taraftar toplamak,<\/span><\/strong><\/p>\n<p style=\"margin-bottom: 0cm; text-align: justify; text-indent: 25.5pt; line-height: 16pt;\"><strong><span style=\"font-size: 12pt; font-family: 'Arial', sans-serif;\">&bull; Hem maddi kazan&ccedil; sa\u011flamak,<\/span><\/strong><\/p>\n<p style=\"margin-bottom: 0cm; text-align: justify; text-indent: 25.5pt; line-height: 16pt;\"><strong><span style=\"font-size: 12pt; font-family: 'Arial', sans-serif;\">&bull; Hem etkinlik ve yetkinliklerini artt\u0131rmak,<\/span><\/strong><\/p>\n<p style=\"margin-bottom: 0cm; text-align: justify; text-indent: 25.5pt; line-height: 16pt;\"><strong><span style=\"font-size: 12pt; font-family: 'Arial', sans-serif;\">&bull; Hatta daha &ccedil;irkin nefsani ve \u015feytani ama&ccedil;lar\u0131n\u0131 kolayla\u015ft\u0131rmak,<\/span><\/strong><\/p>\n<p style=\"margin-bottom: 0cm; text-align: justify; text-indent: 25.5pt; line-height: 16pt;\"><strong><span style=\"font-size: 12pt; font-family: 'Arial', sans-serif;\">&bull; Hem de, b&uuml;t&uuml;n bu haks\u0131zl\u0131k, yanl\u0131\u015fl\u0131k ve ahl&acirc;ks\u0131zl\u0131klar\u0131n\u0131 me\u015frula\u015ft\u0131rmak i&ccedil;in &ccedil;ok yo\u011fun ve yayg\u0131n bir Din istismar\u0131 yap\u0131lmaktad\u0131r ve maalesef d&uuml;nyan\u0131n hi&ccedil;bir yerinde rastlanmayacak oranda bu Din istismar\u0131nda ustala\u015fm\u0131\u015flard\u0131r.<\/span><\/strong><\/p>\n<p style=\"text-align: justify; text-indent: 25.5pt;\"><strong><span style=\"font-size: 12pt;\">AKP Genel Ba\u015fkan\u0131 Sn. Erdo\u011fan; kesinlikle, Allah r\u0131zas\u0131na ve imani sorumluluklar\u0131 hat\u0131r\u0131na de\u011fil&hellip; Tamamen se&ccedil;im yat\u0131r\u0131m\u0131na ve Din istismar\u0131na y&ouml;nelik bir g&ouml;steri\u015f=riyak&acirc;rl\u0131kla; Faize kar\u015f\u0131ym\u0131\u015f havas\u0131yla: <\/span><\/strong><strong><em><span style=\"font-size: 14pt;\">&ldquo;Hakk\u0131nda nass var diyoruz&hellip; Sen ben kim oluyoruz!..&rdquo;<\/span><\/em><\/strong><span style=\"font-size: 14pt;\"> <\/span><strong><span style=\"font-size: 12pt;\">diye &ccedil;\u0131k\u0131\u015fm\u0131\u015flard\u0131. &ldquo;Nass&rdquo; Arap&ccedil;a; a&ccedil;\u0131k ve belirgin h&uuml;k&uuml;mler, Ayet ve Hadisler anlam\u0131ndayd\u0131. Oysa \u0130slami ve insani hedeflerini engellemek ve &ouml;zellikle <\/span><\/strong><strong><em><span style=\"font-size: 14pt;\">&ldquo;Faizsiz Adil D&uuml;zen&rdquo;<\/span><\/em><\/strong><span style=\"font-size: 14pt;\"> <\/span><strong><span style=\"font-size: 12pt;\">projelerini k&ouml;steklemek ve Erbakan&rsquo;a h\u0131yanet etmek kar\u015f\u0131l\u0131\u011f\u0131 iktidara ta\u015f\u0131nd\u0131klar\u0131 s&uuml;re&ccedil;lerde defalarca: <\/span><\/strong><strong><em><span style=\"font-size: 14pt;\">&ldquo;Art\u0131k Milli G&ouml;r&uuml;\u015f g&ouml;mle\u011fini &ccedil;\u0131kard\u0131klar\u0131n\u0131&rdquo;<\/span><\/em><\/strong><span style=\"font-size: 14pt;\"> <\/span><strong><span style=\"font-size: 12pt;\">yani <\/span><\/strong><strong><em><span style=\"font-size: 14pt;\">&ldquo;\u0130slami ve evrensel hedeflerini b\u0131rakt\u0131klar\u0131n\u0131&rdquo; <\/span><\/em><\/strong><strong><span style=\"font-size: 12pt;\">a&ccedil;\u0131klam\u0131\u015flard\u0131. Hatta <\/span><\/strong><strong><em><span style=\"font-size: 14pt;\">&ldquo;Faizin bir d&uuml;nya ger&ccedil;e\u011fi say\u0131ld\u0131\u011f\u0131n\u0131&rdquo;, <\/span><\/em><\/strong><strong><span style=\"font-size: 12pt;\">yani kald\u0131r\u0131lmas\u0131n\u0131n ve faizsiz ekonominin savunulmas\u0131n\u0131n imk&acirc;ns\u0131zl\u0131\u011f\u0131n\u0131 vurgulam\u0131\u015flard\u0131. \u015eimdi \u015fahsi makam ve &ccedil;\u0131kar politikalar\u0131yla ve &ccedil;ok ucuz istismar palavralar\u0131yla, &uuml;lkede yayg\u0131n kalk\u0131nma i&ccedil;in makul giri\u015fim ve me\u015fru &uuml;retim \u015fartlar\u0131n\u0131 ve faizsiz kredi imk&acirc;nlar\u0131n\u0131 olu\u015fturmadan; Merkez Bankas\u0131 faizini 1 puan d&uuml;\u015f&uuml;rmekle sergilenen Donki\u015fot kahramanl\u0131\u011f\u0131, yakla\u015fan ac\u0131 sonlar\u0131n\u0131 h\u0131zland\u0131rmaktan ba\u015fka i\u015fe yaramayacakt\u0131.<\/span><\/strong><\/p>\n<p style=\"text-align: justify; text-indent: 25.5pt;\"><strong><span style=\"font-size: 14pt;\">&Ccedil;&uuml;nk&uuml; \u0130slam, FA\u0130Z&rsquo;in tamam\u0131n\u0131 yasaklam\u0131\u015ft\u0131 ve Kur&rsquo;an, faizsiz bir ekonomik d&uuml;zen kurulup uygulanmas\u0131n\u0131 emir buyurmaktayd\u0131! Bakara Suresi 275&rsquo;inci ayet-i kerimesi: <em>&ldquo;Elleziy ye&rsquo;k&uuml;l&uuml;r-R\u0130BA (Faiz yiyen kimse)&rdquo;<\/em><\/span><\/strong><span style=\"font-size: 14pt;\"> <\/span><strong><span style=\"font-size: 14pt;\">\u015feklinde gelmeyip; <em>&ldquo;Elleziyne ye&rsquo;k&uuml;l&uuml;ner-R\u0130BA=O kimseler ki FA\u0130Z yemektedirler&rdquo;<\/em> \u015feklinde: <em>&ldquo;\u0130smi Mevsul&rsquo;&uuml;n Cemi m&uuml;zekker salim&rdquo;<\/em><\/span><\/strong><span style=\"font-size: 14pt;\"> <\/span><strong><span style=\"font-size: 14pt;\">kal\u0131b\u0131yla inmesi, as\u0131l tehlikeli ve tahrip edici FA\u0130Z&rsquo;in, bug&uuml;nk&uuml; gibi; genel bir sistem halinde, devlet m&uuml;esseseleriyle ve Resmi Bankalar eliyle y&uuml;r&uuml;t&uuml;len faiz cinsi oldu\u011funu vurgulamak ama&ccedil;l\u0131yd\u0131&hellip;<\/span><\/strong><\/p>\n<p style=\"text-align: justify; text-indent: 25.5pt;\"><strong><span style=\"font-size: 14pt;\">\u015eimdi \u015funlar\u0131 hat\u0131rlatmak, imani ve insani sorumlulu\u011fumuz ve vatanda\u015fl\u0131k hukukumuz icab\u0131yd\u0131:<\/span><\/strong><\/p>\n<p style=\"margin-bottom: 0cm; text-align: justify; text-indent: 25.5pt; line-height: 16pt;\"><strong><span style=\"font-size: 12pt; font-family: 'Arial', sans-serif;\">&bull; Atat&uuml;rk taraf\u0131ndan &ccedil;\u0131kart\u0131lan zina eden erkek ve kad\u0131nlar\u0131 cezaland\u0131ran kanun maddesini y\u0131llar &ouml;nce ve Ha&ccedil;l\u0131 AB teklifiyle kald\u0131rd\u0131n\u0131z&hellip; B&ouml;ylece ailevi tahribat\u0131n ve ahl&acirc;ki yozla\u015fman\u0131n kap\u0131s\u0131n\u0131 a&ccedil;t\u0131n\u0131z. Merak edip soruyoruz: Bu konudaki Nur Suresi 2. ayeti gibi NASS&rsquo;lar\u0131 hangi cesaret ve mazeretle &ccedil;i\u011fnemekten sak\u0131nmad\u0131n\u0131z? <\/span><\/strong><\/p>\n<p style=\"margin-bottom: 0cm; text-align: justify; text-indent: 25.5pt; line-height: 16pt;\"><strong><span style=\"font-size: 12pt; font-family: 'Arial', sans-serif;\">&bull; E\u015fcinselli\u011fin ve cinsi rezaletlerin her t&uuml;rl&uuml;s&uuml;n&uuml; serbest b\u0131rak\u0131p yayg\u0131nla\u015ft\u0131ran ve kanuni koruma alt\u0131na ald\u0131ran \u0130stanbul S&ouml;zle\u015fmesi&rsquo;ni imzalarken; onu s&ouml;zde iptal etseniz bile, ayn\u0131 ama&ccedil;lar\u0131 sa\u011flayan 6284 say\u0131l\u0131 kanun maddelerini Meclis&rsquo;ten &ccedil;\u0131kar\u0131rken ve h&acirc;l&acirc; uygulan\u0131rken, Nisa Suresi 16. ayetinin ve ilgili nice Hadis-i \u015eeriflerin NASS&rsquo;lar\u0131n\u0131 neden hi&ccedil; hesaba katmad\u0131n\u0131z?<\/span><\/strong><\/p>\n<p style=\"margin-bottom: 0cm; text-align: justify; text-indent: 25.5pt; line-height: 16pt;\"><strong><span style=\"font-size: 12pt; font-family: 'Arial', sans-serif;\">&bull; Loto, Toto, Piyango&hellip; At Yar\u0131\u015f\u0131, \u0130t yar\u0131\u015f\u0131&hellip; Y\u0131lba\u015f\u0131, ay \u015fans\u0131&hellip; Kaz\u0131 kazan, yan yat uzan!&#8230; gibi kumar\u0131n her &ccedil;e\u015fidinin reklam\u0131n\u0131 yap\u0131p oynat\u0131rken&hellip; Sadece Milli Piyango Kurumu&rsquo;nun ba\u015f\u0131na rahmetli bir vaiz hocas\u0131n\u0131n o\u011flunu oturtmakla kurtulaca\u011f\u0131n\u0131z\u0131 sand\u0131n\u0131z. Maide Suresi 90 ve 91. ayetlerinin ve ilgili nice tehdit edici hadislerin NASS&rsquo;\u0131n\u0131 hi&ccedil;&rsquo;e saymaktan hi&ccedil; mi korkmazs\u0131n\u0131z?<\/span><\/strong><\/p>\n<p style=\"margin-bottom: 0cm; text-align: justify; text-indent: 25.5pt; line-height: 16pt;\"><strong><span style=\"font-size: 12pt; font-family: 'Arial', sans-serif;\">&bull; Tam yirmi y\u0131ld\u0131r, binlerce kanunu yaparken ve Meclis&rsquo;ten ge&ccedil;irirken&hellip; \u015eimdi yeni bir ANAYASA haz\u0131rl\u0131\u011f\u0131 pe\u015findeyken; &uuml;stelik defalarca uyard\u0131\u011f\u0131m\u0131z ve &ouml;rnek taslaklar haz\u0131rlay\u0131p yollad\u0131\u011f\u0131m\u0131z halde; Akl-\u0131 Selimin, M&uuml;spet Bilimin, Tarihi Birikimin, Vicdani ve Milli Kanaatin ve Kur&rsquo;an-\u0131 Kerim&rsquo;in (sarih ayetleri ve sahih hadislerin) ortakla\u015fa do\u011fru ve yararl\u0131 bulduklar\u0131n\u0131 esas alarak, yine bunlar\u0131n ittifakla yanl\u0131\u015f ve zararl\u0131 bulduklar\u0131ndan ise sak\u0131n\u0131larak, tamamen insani, imani ve evrensel bir Anayasa yapmak yerine, Ha&ccedil;l\u0131 ve ahl&acirc;ks\u0131z Bat\u0131&rsquo;n\u0131n dayatmalar\u0131na, nefsi ve siyasi &ccedil;\u0131kar hesaplar\u0131na g&ouml;re davran\u0131rsan\u0131z, Maide Suresi&rsquo;nin 44, 45 ve 47&rsquo;nci ayetlerinin NASS&rsquo;lar\u0131na g&ouml;re hangi duruma d&uuml;\u015f&uuml;lece\u011fini neden hi&ccedil; dikkate almazs\u0131n\u0131z!?<\/span><\/strong><\/p>\n<p style=\"text-align: justify; text-indent: 25.5pt;\"><strong><span style=\"font-size: 14pt;\">Ahl&acirc;ks\u0131z AB kap\u0131s\u0131nda ne aranmaktayd\u0131? Kilise, cinsel istismar ma\u011fduru tazminatlar\u0131 i&ccedil;in varl\u0131klar\u0131n\u0131 satacakt\u0131!<\/span><\/strong><\/p>\n<p style=\"text-align: justify; text-indent: 25.5pt;\"><strong><span style=\"font-size: 12pt;\">Fransa&#8217;da Katolik Kilisesi, cinsel istismar ma\u011fduru ki\u015filere tazminat &ouml;demek i&ccedil;in mal varl\u0131klar\u0131n\u0131 satma karar\u0131 alm\u0131\u015ft\u0131. 1950 y\u0131l\u0131ndan bu yana toplamda 330 bin &ccedil;ocu\u011fun, kilisede sistematik hale gelen cinsel istismara u\u011frad\u0131\u011f\u0131 ortaya &ccedil;\u0131km\u0131\u015ft\u0131.<\/span><\/strong><\/p>\n<p style=\"text-align: justify; text-indent: 25.5pt;\"><strong><span style=\"font-size: 12pt;\">Fransa Piskoposlar Konferans\u0131 Ba\u015fkan\u0131 Eric de Moulins-Beaufort, &uuml;lkenin Lourdes kentinde rahipler ve piskoposlarla yapt\u0131\u011f\u0131 toplant\u0131n\u0131n ard\u0131ndan ald\u0131klar\u0131 kararlar\u0131 a&ccedil;\u0131klam\u0131\u015ft\u0131. Cinsel istismara maruz kalanlar\u0131n ma\u011fduriyetlerinin tan\u0131nmas\u0131 ve giderilmesi i&ccedil;in &#8220;Ba\u011f\u0131ms\u0131z Ulusal Komisyon&#8221;un kurulaca\u011f\u0131n\u0131 belirten Ba\u015fpiskopos, bunun Adalet Bakanl\u0131\u011f\u0131n\u0131n hukuk&ccedil;usu Marie Derain de Vaucresson taraf\u0131ndan y&ouml;netilece\u011fini aktarm\u0131\u015ft\u0131.<\/span><\/strong><\/p>\n<p style=\"text-align: justify; text-indent: 25.5pt;\"><strong><span style=\"font-size: 12pt;\">Ba\u015fpiskopos, cinsel istismar ma\u011fduru ki\u015filere tazminat &ouml;demek i&ccedil;in kilisenin mal varl\u0131klar\u0131n\u0131 satacaklar\u0131n\u0131, gerekmesi halinde bor&ccedil; alacaklar\u0131n\u0131 vurgulam\u0131\u015ft\u0131. Kiliselerde, Cinsel \u0130stismar Ba\u011f\u0131ms\u0131z Komisyonu&rsquo;nun (CIASE) a&ccedil;\u0131klad\u0131\u011f\u0131 raporun, kilisenin g&ouml;remedikleri bir ger&ccedil;e\u011fini ortaya &ccedil;\u0131kard\u0131\u011f\u0131n\u0131 belirten De Moulins-Beaufort, <\/span><\/strong><strong><em><span style=\"font-size: 14pt;\">&#8220;\u0130tiraf etmeliyiz, insani ve en temel haklar\u0131 &ccedil;i\u011fneyen bir dini sistemin geli\u015fmesine izin verdik.&#8221;<\/span><\/em><\/strong><span style=\"font-size: 14pt;\"> <\/span><strong><span style=\"font-size: 12pt;\">itiraf\u0131nda bulunmu\u015flard\u0131.<\/span><\/strong><\/p>\n<p style=\"text-align: justify; text-indent: 25.5pt;\"><strong><span style=\"font-size: 14pt;\">\u015eimdi soruyoruz; En dindar kurumlar\u0131 san\u0131lan kiliselerde bile, resmi rakamlara g&ouml;re 330 bin k\u0131z ve erkek &ccedil;ocuk cinsel istismara u\u011frayan&hellip; Pek &ccedil;ok &uuml;lkesinde erkek erke\u011fe evlenilmesi kanunen serbest b\u0131rak\u0131lan&hellip; Hatta baz\u0131 &uuml;lkelerde k\u0131z karde\u015f, hala, teyze ve ye\u011fenlerle nik&acirc;h k\u0131y\u0131lmas\u0131 bile normal kar\u015f\u0131lanan \u015fu ahl&acirc;ken &ccedil;&uuml;r&uuml;m&uuml;\u015f, ailevi yap\u0131s\u0131 &ccedil;&ouml;km&uuml;\u015f olan AB&rsquo;ye girmek i&ccedil;in bu denli tavizci ve teslimiyet&ccedil;i davranman\u0131z, bin kere h&acirc;\u015f&acirc;, \u0130slam&rsquo;\u0131n hangi NASS&rsquo;\u0131na dayanmaktayd\u0131!<\/span><\/strong><\/p>\n<p style=\"text-align: justify; text-indent: 25.5pt;\"><strong><span style=\"font-size: 12pt;\">BBP Gen. B\u015fk. Mustafa Destici, Alperen Ocaklar\u0131 Kurultay\u0131nda (28 Kas\u0131m 2021) konu\u015furken; Mersin G&uuml;lnar k\u0131rsal\u0131nda sap\u0131k ve vicdans\u0131z d&uuml;rt&uuml;lerin kurban\u0131 olan &uuml;&ccedil; ya\u015f\u0131ndaki masum M&uuml;sl&uuml;me k\u0131z\u0131m\u0131zla ilgili olarak:<\/span><\/strong><\/p>\n<p style=\"text-align: justify; text-indent: 25.5pt;\"><strong><em><span style=\"font-size: 14pt;\">&ldquo;Toplum bu hale ne zaman geldi?&rdquo;<\/span><\/em><\/strong><span style=\"font-size: 14pt;\"> <\/span><strong><span style=\"font-size: 12pt;\">diye sormu\u015flard\u0131, hat\u0131rlatal\u0131m. Maddi ve manevi b&uuml;t&uuml;n tahribatlar\u0131na ra\u011fmen MHP ile birlikte h&acirc;l&acirc; destekledi\u011finiz Erdo\u011fan iktidarlar\u0131nda!..<\/span><\/strong><\/p>\n<p style=\"text-align: justify; text-indent: 25.5pt;\"><strong><span style=\"font-size: 14pt;\">18 Kas\u0131m 2021 ile 19 Kas\u0131m 2021 aras\u0131nda, Dolar\u0131n 9.50 TL&rsquo;den 11 TL&rsquo;ye f\u0131rlamas\u0131 kar\u015f\u0131s\u0131nda, &uuml;lkemizin ve milletimizin u\u011frad\u0131\u011f\u0131 korkun&ccedil; zararlar \u015funlard\u0131:<\/span><\/strong><\/p>\n<p style=\"text-align: justify; text-indent: 25.5pt;\"><strong><span style=\"font-size: 12pt;\">Cebinde veya kesesinde 1 milyon dolar\u0131 olan bir yabanc\u0131, yerli rantiyeci i\u015f adam\u0131 veya yanda\u015f tak\u0131m\u0131, oturdu\u011fu yerde havadan bir anda tam 1 milyon 500 bin TL kazanm\u0131\u015ft\u0131. TL hesab\u0131yla 84 milyon vatanda\u015f\u0131m\u0131z\u0131n her biri, d\u0131\u015far\u0131ya 4 bin TL daha bor&ccedil;lanm\u0131\u015ft\u0131. Kald\u0131 ki hemen arkas\u0131ndan Dolar 13 TL&rsquo;ye Euro 15 TL&rsquo;ye dayanm\u0131\u015f ve bu d\u0131\u015f bor&ccedil; y&uuml;k&uuml; katlanarak artm\u0131\u015ft\u0131!<\/span><\/strong><\/p>\n<p style=\"text-align: justify; text-indent: 25.5pt;\"><strong><span style=\"font-size: 14pt;\">Peki d\u0131\u015f borcumuz nerelere &ccedil;\u0131km\u0131\u015ft\u0131?<\/span><\/strong><\/p>\n<p style=\"text-align: justify; text-indent: 25.5pt;\"><strong><span style=\"font-size: 12pt;\">Dolar\u0131n bir-iki g&uuml;nde 9.50&rsquo;den 11&rsquo;e f\u0131rlamas\u0131yla, d\u0131\u015f borcumuz TL cinsinden tam 320 milyar artm\u0131\u015f olmaktayd\u0131.<\/span><\/strong><\/p>\n<p style=\"text-align: justify; text-indent: 25.5pt;\"><strong><span style=\"font-size: 14pt;\">Peki bu 320 milyar TL ile neler yap\u0131l\u0131rd\u0131?<\/span><\/strong><\/p>\n<p style=\"margin-bottom: 0cm; text-align: justify; text-indent: 25.5pt; line-height: 16pt;\"><strong><span style=\"font-size: 12pt; font-family: 'Arial', sans-serif;\">&bull; B&uuml;t&uuml;n sulama kanallar\u0131yla birlikte tam 7 tane ATAT&Uuml;RK BARAJI yap\u0131l\u0131rd\u0131&hellip;<\/span><\/strong><\/p>\n<p style=\"margin-bottom: 0cm; text-align: justify; text-indent: 25.5pt; line-height: 16pt;\"><strong><span style=\"font-size: 12pt; font-family: 'Arial', sans-serif;\">&bull; Bu 320 milyar TL ile tam 25 tane AVRASYA T&Uuml;NEL\u0130 a&ccedil;\u0131l\u0131rd\u0131&hellip;<\/span><\/strong><\/p>\n<p style=\"margin-bottom: 0cm; text-align: justify; text-indent: 25.5pt; line-height: 16pt;\"><strong><span style=\"font-size: 12pt; font-family: 'Arial', sans-serif;\">&bull; Bu bir g&uuml;nl&uuml;k dolar art\u0131\u015f\u0131yla u\u011frad\u0131\u011f\u0131m\u0131z 320 milyar TL zararla tam 1 milyon i\u015f&ccedil;iye \u0130ST\u0130HDAM sa\u011flan\u0131r ve yine 1 milyon &ouml;\u011fretmen g&ouml;reve atan\u0131r ve her birine 4 y\u0131l boyunca 5&rsquo;er bin TL maa\u015f sa\u011flan\u0131rd\u0131&hellip;<\/span><\/strong><\/p>\n<p style=\"margin-bottom: 0cm; text-align: justify; text-indent: 25.5pt; line-height: 16pt;\"><strong><span style=\"font-size: 12pt; font-family: 'Arial', sans-serif;\">&bull; Bu dolar y&uuml;kseli\u015fi sonucu birka&ccedil; hafta i&ccedil;erisinde alt\u0131n\u0131n gram\u0131 570&rsquo;lerden 670&rsquo;lere &ccedil;\u0131km\u0131\u015f, yani alt\u0131n\u0131n her gram\u0131 100 TL daha pahalanm\u0131\u015ft\u0131.<\/span><\/strong><\/p>\n<p style=\"margin-bottom: 0cm; text-align: justify; text-indent: 25.5pt; line-height: 16pt;\"><strong><span style=\"font-size: 12pt; font-family: 'Arial', sans-serif;\">&bull; Bu durum ger&ccedil;ek enflasyonun %40&rsquo;lar\u0131 a\u015ft\u0131\u011f\u0131n\u0131n kan\u0131t\u0131yd\u0131. &Ccedil;&uuml;nk&uuml; 2021 y\u0131l\u0131 ba\u015f\u0131nda 350 dolara denk d&uuml;\u015fen asgari &uuml;cret 240 dolara inmi\u015f durumdayd\u0131. Yani bir avu&ccedil; f\u0131rsat&ccedil;\u0131 yanda\u015f tak\u0131m\u0131 ve rantiyeci i\u015f adam\u0131 d\u0131\u015f\u0131nda, 84 milyonun hepsi zarardayd\u0131, peri\u015fand\u0131. Birka&ccedil; g&uuml;n sonras\u0131nda dolar 13 TL&rsquo;yi bulunca asgari &uuml;cret 200 Dolar kalm\u0131\u015ft\u0131.<\/span><\/strong><\/p>\n<p style=\"margin-bottom: 0cm; text-align: justify; text-indent: 25.5pt; line-height: 16pt;\"><strong><span style=\"font-size: 12pt; font-family: 'Arial', sans-serif;\">&bull; &Ouml;yle ki 1 y\u0131l &ouml;nce &Uuml;re G&uuml;brenin tonu 1800 TL iken, bug&uuml;n tam 11 bin TL&rsquo;ye f\u0131rlam\u0131\u015ft\u0131, yani, %512 art\u0131\u015f vard\u0131. Buna hi&ccedil;bir k&ouml;yl&uuml; dayanamazd\u0131.<\/span><\/strong><\/p>\n<p style=\"text-align: justify; text-indent: 25.5pt;\"><strong><span style=\"font-size: 14pt;\">\u015eimdi Sn. Erdo\u011fan&rsquo;a tekrar sormak laz\u0131md\u0131:<\/span><\/strong><\/p>\n<p style=\"text-align: justify; text-indent: 25.5pt;\"><strong><span style=\"font-size: 12pt;\">Vatanda\u015f\u0131 faize ezdirmek g&uuml;naht\u0131 da, dolara ve enflasyona ezdirmek m&uuml;bah m\u0131yd\u0131? B&ouml;ylesi d\u0131\u015f\u0131 ho\u015f i&ccedil;i bo\u015f laflarla, hay\u0131r ve hakikat ad\u0131na, konu\u015ftuklar\u0131n\u0131n tam tersini yapmak; Kur&rsquo;an&rsquo;daki NASS&rsquo;larla nas\u0131l vas\u0131fland\u0131r\u0131lm\u0131\u015f ve hangi cezalarla uyar\u0131lm\u0131\u015flard\u0131? S&ouml;ylemlerinin tam tersi eylemler yapmak, Saff Suresi 2 ve 3. ayetlerinin NASS&rsquo;\u0131na (yani a&ccedil;\u0131k tehdit vurgusuna) g&ouml;re, Allah&rsquo;\u0131n kahr\u0131na u\u011fratan bir riyak&acirc;rl\u0131k say\u0131lmaktayd\u0131!<\/span><\/strong><\/p>\n<p style=\"text-align: justify; text-indent: 25.5pt;\"><strong><span style=\"font-size: 14pt;\">&ldquo;Ey iman edenler! <em>(Kendiniz yapmad\u0131\u011f\u0131n\u0131z ve)<\/em> Yapamayaca\u011f\u0131n\u0131z \u015feyleri ni&ccedil;in <em>(bo\u015funa hava atmak kastiyle ba\u015fkas\u0131na)<\/em> s&ouml;ylersiniz?&rdquo; (Saff Suresi: 2)<\/span><\/strong><\/p>\n<p style=\"text-align: justify; text-indent: 25.5pt;\"><strong><em><span style=\"font-size: 14pt;\">&ldquo;(B&ouml;yle)<\/span><\/em><\/strong><span style=\"font-size: 14pt;\"> <\/span><strong><span style=\"font-size: 14pt;\">Yapmayaca\u011f\u0131n\u0131z \u015feyleri s&ouml;ylemeniz, Allah kat\u0131nda b&uuml;y&uuml;k bir bu\u011fuz ve k\u0131zg\u0131nl\u0131\u011fa <em>(sebebiyet verecek ve aleyhinize bir su&ccedil; te\u015fkil edecektir)<\/em>. <\/span><\/strong><strong><span style=\"font-size: 12pt;\">[Not: Baz\u0131 M&uuml;sl&uuml;manlar; &ldquo;E\u011fer Allah kat\u0131ndaki en makbul ameli bilseydik, o yolda can\u0131m\u0131z\u0131 ve mal\u0131m\u0131z\u0131 feda ederdik&rdquo; demelerine ra\u011fmen, bu amelin C\u0130HAD oldu\u011funu bildiren ayetler gelince, bu s&ouml;zlerinden yan &ccedil;izmeleri &uuml;zerine bu \u0130lahi tehditler indirilmi\u015ftir.]&rdquo; (Saff Suresi: 3)<\/span><\/strong><\/p>\n<p style=\"text-align: justify; text-indent: 25.5pt;\"><strong><span style=\"font-size: 14pt;\">\u015eu &ccedil;eli\u015fkiye bak\u0131n; b<\/span><span style=\"font-size: 14pt;\"><span style=\"font-size: 14pt;\">ir taraftan <\/span><\/span><span style=\"font-size: 14pt;\"> <em>&ldquo;Faize kar\u015f\u0131y\u0131z&rdquo;<\/em> diyorlard\u0131, &ouml;b&uuml;r taraftan da 240 milyar lira faiz &ouml;demesi planlanan b&uuml;t&ccedil;eyi Meclis&rsquo;e ta\u015f\u0131m\u0131\u015flard\u0131.<\/span><\/strong><\/p>\n<p style=\"text-align: justify; text-indent: 25.5pt;\"><strong><span style=\"font-size: 12pt;\">AKP&rsquo;nin 2022 y\u0131l\u0131 b&uuml;t&ccedil;esinde 240,4 milyar liral\u0131k faiz gideri &ouml;ng&ouml;r&uuml;ld&uuml;\u011f&uuml; ortaya &ccedil;\u0131km\u0131\u015ft\u0131. <\/span><span style=\"font-size: 14pt;\"><span style=\"font-size: 12pt;\"><span style=\"font-size: 14pt;\">B<\/span><span style=\"font-size: 14pt;\"><span style=\"font-size: 14pt;\">ir taraftan <\/span><\/span><\/span><\/span><span style=\"font-size: 12pt;\"><em><span style=\"font-size: 14pt;\"><strong><span style=\"font-size: 14pt;\"> <em>&ldquo;Faize kar\u015f\u0131y\u0131z&rdquo;<\/em><\/span><\/strong> <\/span><\/em><\/span><\/strong><strong><span style=\"font-size: 12pt;\">diyorlard\u0131, &ouml;b&uuml;r taraftan da 240 milyar lira faiz &ouml;demesi planlanan b&uuml;t&ccedil;eyi Meclis&rsquo;e ta\u015f\u0131m\u0131\u015flard\u0131. Say\u0131n Cumhurba\u015fkan\u0131&rsquo;n\u0131n s&ouml;ylemleriyle eylemleri aras\u0131nda tam bir tezat vard\u0131.<\/span><\/strong><\/p>\n<p style=\"text-align: justify; text-indent: 25.5pt;\"><strong><span style=\"font-size: 12pt;\">\u0130ktidar partisini ele\u015ftiriyoruz diye bize demediklerini b\u0131rakmayan dostlar\u0131m\u0131za(!) sormak laz\u0131md\u0131. Kendileri y\u0131llard\u0131r iktidardayd\u0131 ve y\u0131llard\u0131r hep faizi d&uuml;\u015f&uuml;rmekten s&ouml;z ediyorlard\u0131. Amma Bankalar son dokuz ayda en y&uuml;ksek k&acirc;r oran\u0131na ula\u015f\u0131yorlard\u0131!?<\/span><\/strong><\/p>\n<p style=\"text-align: justify; text-indent: 25.5pt;\"><strong><span style=\"font-size: 12pt;\">Dolar kurundaki her 10 kuru\u015fun, taahh&uuml;tlerin toplam\u0131 143 milyar dolar olarak hesaplanan K&Ouml;\u0130 projelerindeki etkisi 14.3 milyar TL oluyordu. 10 kuru\u015fluk kur art\u0131\u015f\u0131ndan kaynaklanan bu fark 520 bin asgari &uuml;cretlinin bir y\u0131ll\u0131k maa\u015f\u0131na denk d&uuml;\u015f&uuml;yordu. Evet; d&ouml;viz garantileri nedeniyle, dolar kuru 10 kuru\u015f artt\u0131\u011f\u0131nda, &uuml;lkenin TL cinsinden borcu 14 milyar TL art\u0131yordu. <\/span><\/strong><\/p>\n<p style=\"text-align: justify; text-indent: 25.5pt;\"><strong><span style=\"font-size: 14pt;\">10 kuru\u015fluk kur art\u0131\u015f\u0131 &uuml;lkemizin d\u0131\u015f borcunu, tam 43 milyar TL art\u0131r\u0131yordu! <\/span><\/strong><strong><span style=\"font-size: 12pt;\">\u015eehir Hastaneleri&rsquo;nin toplam yap\u0131m maliyeti 11-12 milyar dolar\u0131 a\u015f\u0131yordu. Kira taahh&uuml;d&uuml; 30 milyar dolar\u0131 buluyordu. Ortalama 25 y\u0131ll\u0131k s&ouml;zle\u015fmeler yap\u0131l\u0131yordu. 11 y\u0131l &ouml;deyece\u011fin kiras\u0131 ile bir gayrimenkul&uuml; kendin yapabiliyorsan, bu yolla bo\u015funa 19 milyar dolar havadan r&uuml;\u015fvet sunuluyordu. Her 10 kuru\u015fluk dolar art\u0131\u015f\u0131n\u0131n &uuml;lkeye maliyetini ve millete k&uuml;lfetini, zavall\u0131 vatanda\u015f\u0131m\u0131z maalesef bilmiyordu!.. <\/span><\/strong><\/p>\n<p style=\"text-align: justify; text-indent: 25.5pt;\"><strong><span style=\"font-size: 12pt;\">Kamunun (Devletin) toplam d&ouml;viz cinsi borcunun y\u0131ll\u0131k &ouml;denecek miktar\u0131n\u0131n 144 milyar dolar oldu\u011fu konu\u015fuluyordu. Buna g&ouml;re her 1 TL&rsquo;lik (yani 10 sentlik) bir dolar art\u0131\u015f\u0131, toplam d\u0131\u015f borcumuzu 144 milyar TL art\u0131r\u0131yordu.<\/span><\/strong><\/p>\n<p style=\"text-align: justify; text-indent: 25.5pt;\"><strong><span style=\"font-size: 12pt;\">Son iki ayda dolar=kur art\u0131\u015f\u0131 3 TL (30 sent) oluyordu. Bunun d&ouml;viz cinsi d\u0131\u015f borcumuza getirdi\u011fi yeni y&uuml;k 400 milyar TL&rsquo;yi buluyordu. Oysa 2020&rsquo;de t&uuml;m faiz &ouml;demesinin 135 milyar oldu\u011fu konu\u015fuluyordu. Yani AKP ve Erdo\u011fan iktidar\u0131 &uuml;lkemize korkun&ccedil; ve devasa bir enkaz b\u0131rak\u0131yordu.<\/span><\/strong><\/p>\n<p style=\"text-align: justify; text-indent: 25.5pt;\"><strong><span style=\"font-size: 12pt;\">Kald\u0131 ki T&uuml;rkiye&rsquo;nin, devletin kefil oldu\u011fu &ouml;zel sermaye bor&ccedil;lar\u0131 ve resmiyete sokulmayan gizli taviz anla\u015fmalar\u0131 ile, toplam d\u0131\u015f borcunun asl\u0131nda tam 1 trilyon dolara dayand\u0131\u011f\u0131 ve bu nedenle iktidar\u0131n rehin al\u0131nm\u0131\u015f durumda oldu\u011fu ger&ccedil;e\u011fi rakam oyunlar\u0131yla toplumdan gizleniyordu.<\/span><\/strong><\/p>\n<p style=\"text-align: justify; text-indent: 25.5pt;\"><strong><span style=\"font-size: 14pt;\">\u0130ktidara Bir Ele\u015ftiri de Aileden Geliyordu!<\/span><\/strong><\/p>\n<p style=\"text-align: justify; text-indent: 25.5pt;\"><strong><span style=\"font-size: 12pt;\">\u0130\u015f &ccedil;evrelerindeki beklenti, faizin d&uuml;\u015f&uuml;r&uuml;lmesi y&ouml;n&uuml;nde oluyordu. Art\u0131k ekonomistler ve i\u015f insanlar\u0131, iktidar\u0131n ekonomi politikalar\u0131n\u0131n dalgal\u0131 seyretmesinden olduk&ccedil;a rahats\u0131zl\u0131k duyuyordu. Rahats\u0131zl\u0131\u011f\u0131n\u0131 dile getiren isimlerden biri de Erdo\u011fan ailesinin i&ccedil;erisinden &ccedil;\u0131k\u0131yordu.<\/span><\/strong><\/p>\n<p style=\"text-align: justify; text-indent: 25.5pt;\"><strong><span style=\"font-size: 12pt;\">Merkez Bankas\u0131 Para Politikas\u0131 Kurulu, faiz karar\u0131 i&ccedil;in T&uuml;rk liras\u0131nda yeni rekor d&uuml;\u015f&uuml;k seviyelerin g&ouml;r&uuml;ld&uuml;\u011f&uuml; bir ortamda toplan\u0131yordu.<\/span><\/strong><\/p>\n<p style=\"text-align: justify; text-indent: 25.5pt;\"><strong><span style=\"font-size: 14pt;\">Emine Erdo\u011fan<\/span><\/strong><strong><span style=\"font-size: 12pt;\">&#8216;\u0131n kuzeni olan Ankara Ticaret Odas\u0131 Ba\u015fkan\u0131 <\/span><\/strong><strong><span style=\"font-size: 14pt;\">G&uuml;rsel Baran, <\/span><\/strong><strong><span style=\"font-size: 12pt;\">faizlerin d&uuml;\u015f&uuml;r&uuml;lmesi ve d&ouml;viz kurundaki art\u0131\u015f\u0131n ard\u0131ndan 19 Kas\u0131m 2021&rsquo;de yapt\u0131\u011f\u0131 a&ccedil;\u0131klamada h&uuml;k&uuml;metin z\u0131t y&ouml;nde politika de\u011fi\u015ftirmesini ele\u015ftiriyordu. D&uuml;nya gazetesine deme&ccedil; veren ATO Ba\u015fkan\u0131 G&uuml;rsel Baran, <em>&ldquo;Kurun dengeye oturdu\u011fu, faizin istikrara kavu\u015ftu\u011fu bir ortam\u0131 istiyoruz. Y&uuml;ksek faiz de y&uuml;ksek d&ouml;viz kuru da yat\u0131r\u0131m, &uuml;retim ve ticaretin &ouml;n&uuml;nde engel te\u015fkil ediyor. Merkez Bankas\u0131&rsquo;n\u0131n iyi ve en do\u011fru karar\u0131 alaca\u011f\u0131na inan\u0131yoruz&rdquo;<\/em> ifadelerini kullan\u0131yor ve Erdo\u011fan iktidar\u0131na ba\u015fkald\u0131r\u0131yordu!<\/span><\/strong><\/p>\n<p style=\"text-align: justify; text-indent: 25.5pt;\"><strong><span style=\"font-size: 14pt;\">Bankalardan T&uuml;m Zamanlar\u0131n En Y&uuml;ksek 9 Ayl\u0131k K&acirc;r\u0131 A&ccedil;\u0131klanm\u0131\u015f; Faizle \u0130hya(!) Olmu\u015flard\u0131.<\/span><\/strong><\/p>\n<p style=\"text-align: justify; text-indent: 25.5pt;\"><strong><span style=\"font-size: 12pt;\">T&uuml;m kesimler a\u011f\u0131rla\u015fan ekonomik ko\u015fullar\u0131n s\u0131k\u0131nt\u0131s\u0131n\u0131 ya\u015farken, bankac\u0131l\u0131k sekt&ouml;r&uuml;, 2021 Ocak-Eyl&uuml;l d&ouml;neminde 56 milyar 981 milyon lira ile t&uuml;m zamanlar\u0131n en y&uuml;ksek 9 ayl\u0131k k&acirc;r\u0131na ula\u015fm\u0131\u015ft\u0131. Bankac\u0131l\u0131k sekt&ouml;r&uuml;n&uuml;n k&acirc;r\u0131, 2020&rsquo;nin ayn\u0131 d&ouml;nemine g&ouml;re y&uuml;zde 22,7 artarken, sekt&ouml;r&uuml;n Eyl&uuml;l ay\u0131 k&acirc;r\u0131 da ge&ccedil;en y\u0131l\u0131n ayn\u0131 d&ouml;nemine g&ouml;re y&uuml;zde 143,9 artarak 8 milyar 524 milyon liray\u0131 a\u015fm\u0131\u015ft\u0131. Erdo\u011fan iktidar\u0131 sayesinde bankalar 9 ayda faiz gelirinden 430,9 milyar TL kazanm\u0131\u015ft\u0131.<\/span><\/strong><\/p>\n<p style=\"text-align: justify; text-indent: 25.5pt;\"><strong><span style=\"font-size: 12pt;\">Bankac\u0131l\u0131k D&uuml;zenleme ve Denetleme Kurumu (BDDK) verilerine g&ouml;re, T&uuml;rk bankac\u0131l\u0131k sekt&ouml;r&uuml;, y\u0131l\u0131n 9 ay\u0131nda 56 milyar 981 milyon TL net d&ouml;nem k&acirc;r\u0131na ula\u015fm\u0131\u015ft\u0131. Ge&ccedil;en y\u0131l\u0131n ayn\u0131 d&ouml;nemi ile kar\u015f\u0131la\u015ft\u0131r\u0131ld\u0131\u011f\u0131nda k&acirc;rl\u0131l\u0131ktaki art\u0131\u015f y&uuml;zde 22,7 kadard\u0131. B&ouml;ylece t&uuml;m zamanlar\u0131n en y&uuml;ksek 9 ayl\u0131k k&acirc;r\u0131 kazan\u0131lm\u0131\u015ft\u0131. T&uuml;rk bankac\u0131l\u0131k sekt&ouml;r&uuml;, ge&ccedil;en y\u0131l\u0131n 9 ayl\u0131k d&ouml;neminde 46 milyar 444 milyon lira k&acirc;r sa\u011flam\u0131\u015ft\u0131. Eyl&uuml;l ay\u0131nda sekt&ouml;r&uuml;n k&acirc;r\u0131, 2020&rsquo;nin ayn\u0131 ay\u0131na k\u0131yasla y&uuml;zde 143,9 artarak 3 milyar 495 liradan 8 milyar 524 milyon liraya &ccedil;\u0131km\u0131\u015ft\u0131. B&ouml;ylece Erdo\u011fan iktidar\u0131 sayesinde sekt&ouml;r, tarihin en y&uuml;ksek Eyl&uuml;l ay\u0131 k&acirc;r\u0131n\u0131 kazanm\u0131\u015ft\u0131.<\/span><\/strong><\/p>\n<p style=\"text-align: justify; text-indent: 25.5pt;\"><strong><span style=\"font-size: 14pt;\">Bankalar Vatanda\u015f\u0131n &Ccedil;ekti\u011fi Kredilerden 308 Milyar TL Faiz K&acirc;r\u0131 Kazanm\u0131\u015flard\u0131.<\/span><\/strong><\/p>\n<p style=\"text-align: justify; text-indent: 25.5pt;\"><strong><span style=\"font-size: 12pt;\">Verilere g&ouml;re, bankalar\u0131n 9 ayda elde etti\u011fi toplam faiz geliri, 2020&rsquo;nin ayn\u0131 d&ouml;nemine g&ouml;re y&uuml;zde 41,5 artm\u0131\u015ft\u0131.<\/span><\/strong><span style=\"font-size: 12pt;\"> <strong>Eyl&uuml;l sonu itibar\u0131yla 430,9 milyar lira olan bankalar\u0131n faiz geliri, ge&ccedil;en y\u0131l\u0131n ayn\u0131 d&ouml;neminde 304,5 milyar lira d&uuml;zeyinde bulunmaktayd\u0131. Bankalar, Ocak-Eyl&uuml;l d&ouml;neminde kredilerden 307,9 milyar lira faiz geliri sa\u011flam\u0131\u015ft\u0131. S&ouml;z konusu gelirin 69,3 milyar liras\u0131 t&uuml;ketici kredilerinden, 15,5 milyar liras\u0131 kredi kartlar\u0131ndan, 33,2 milyar liras\u0131 taksitli ticari kredilerden ve 189,9 milyar liras\u0131 di\u011fer kredilerden al\u0131nan faizlerden olu\u015fmaktayd\u0131.<\/strong><\/span><\/p>\n<p style=\"text-align: justify; text-indent: 25.5pt;\"><strong><span style=\"font-size: 14pt;\">D&ouml;vizin &Ccedil;\u0131ld\u0131rmas\u0131 ile Kanal \u0130stanbul Ba\u011flant\u0131s\u0131 Var m\u0131yd\u0131?<\/span><\/strong><\/p>\n<p style=\"text-align: justify; text-indent: 25.5pt;\"><strong><span style=\"font-size: 14pt;\">T&Uuml;\u0130K&#8217;in 19,89 olarak ilan etti\u011fi y\u0131ll\u0131k enflasyon oran\u0131n\u0131n y&uuml;zde 49,87 oldu\u011funu a&ccedil;\u0131klad\u0131\u011f\u0131 i&ccedil;in hakk\u0131nda soru\u015fturma ba\u015flat\u0131lan Prof. Dr. Veysel Ulusoy, 18 Kas\u0131m 2021 Per\u015fembe g&uuml;n&uuml; yap\u0131lan TCMB toplant\u0131s\u0131ndan &ccedil;\u0131kacak faiz karar\u0131n\u0131n &ouml;ncesinde Cumhuriyet&#8217;e \u015f&ouml;yle konu\u015fmu\u015flard\u0131:<\/span><\/strong><span style=\"font-size: 14pt;\"> <\/span><strong><em><span style=\"font-size: 12pt;\">&#8220;Ya\u015fanan &uuml;&ccedil;&uuml;nc&uuml; ku\u015fak d&ouml;viz krizidir, &ouml;nce bunun ad\u0131n\u0131 koyal\u0131m. Siyasete endekslenmi\u015f bir faiz indirme inad\u0131 ile bu krizde &ouml;nemli bir akt&ouml;r olan Merkez Bankas\u0131&#8217;n\u0131n tekrar bir indirime gitmesinin sonucunu san\u0131r\u0131m Say\u0131n Kavc\u0131o\u011flu hepimizden daha &ccedil;ok fark\u0131ndad\u0131r. Ya\u015fanan tam anlam\u0131yla oy kayg\u0131s\u0131 ve Kanal \u0130stanbul in\u015faat\u0131na zemin haz\u0131rlama amac\u0131yla yap\u0131lan faiz indirimi plan\u0131d\u0131r ve ekonomik ger&ccedil;eklerden &ccedil;ok ama &ccedil;ok uzaktad\u0131r.&#8221;<\/span><\/em><\/strong><\/p>\n<p style=\"text-align: justify; text-indent: 25.5pt;\"><strong><span style=\"font-size: 14pt;\">Peki ama faiz indirimi yoluyla T&uuml;rk Liras\u0131&#8217;n\u0131 &ccedil;&ouml;kertmekle Kanal \u0130stanbul in\u015faat\u0131na zemin haz\u0131rlamak aras\u0131ndaki ba\u011flant\u0131 var m\u0131yd\u0131?<\/span><\/strong><\/p>\n<p style=\"text-align: justify; text-indent: 25.5pt;\"><span style=\"font-size: 12pt;\">Biliyorsunuz, birka&ccedil; g&uuml;n &ouml;nce ben de <strong><em>&#8220;Reset d&uuml;\u011fmesine \u0130stanbul&#8217;dan bas\u0131lacak&#8221;<\/em><\/strong> ba\u015fl\u0131kl\u0131, son 20 y\u0131ll\u0131k verilere dayal\u0131 yaz\u0131mda <strong><em>&#8220;T&uuml;rk Liras\u0131 da bilin&ccedil;li olarak &ccedil;&ouml;kertiliyor ki T&uuml;rkler, mal\u0131n\u0131 m&uuml;lk&uuml;n&uuml; sats\u0131n, tapusunu teslim edip b\u0131raks\u0131n, \u0130stanbul, Bat\u0131l\u0131 sermayenin merkezi yap\u0131ls\u0131n! Belki Kanal \u0130stanbul i&ccedil;in &Ccedil;in de devreye girebilir ve The Ekonomist dergisinin kapaktan a&ccedil;\u0131klad\u0131\u011f\u0131 gibi, 2022 y\u0131l\u0131nda &#8216;Reset&#8217; d&uuml;\u011fmesine \u0130stanbul&#8217;dan basabilirler.&#8221; <\/em><\/strong>diye bir de\u011ferlendirme yapm\u0131\u015ft\u0131m. Benim de\u011ferlendirmelerim, T&uuml;rk Liras\u0131n\u0131 d&uuml;\u015f&uuml;rerek, geni\u015f halk kitlelerini zay\u0131flatan ekonomik kararlar\u0131n arkas\u0131ndaki siyasi hedeflerle al&acirc;kal\u0131yd\u0131 ve y\u0131llar\u0131n birikimine ve 10 y\u0131l &ouml;nceki <strong><em>&#8220;\u0130stanbul kimin ba\u015fkenti olacak?&#8221;<\/em><\/strong> ba\u015fl\u0131kl\u0131 yaz\u0131mdaki &ouml;n g&ouml;r&uuml;lerime dayal\u0131yd\u0131.<\/span><\/p>\n<p style=\"text-align: justify; text-indent: 25.5pt;\"><span style=\"font-size: 12pt;\">Son olarak KRT&#8217;de Asl\u0131 Kurtulu\u015f Mutlu&#8217;nun, Tayyip Erdo\u011fan&#8217;\u0131n faizleri d&uuml;\u015f&uuml;rmekle ilgili a&ccedil;\u0131klamalar\u0131n\u0131n T&uuml;rk liras\u0131n\u0131n de\u011ferinde d&uuml;\u015f&uuml;\u015fe yol a&ccedil;mas\u0131yla ilgili sorular\u0131n\u0131 cevapland\u0131ran Veysel Ulusoy&rsquo;un: <strong><em>&#8220;Kredi maliyetini d&uuml;\u015f&uuml;rerek Kanal \u0130stanbul&#8217;a kaynak sa\u011flamak isteniyor olabilir. Ba\u015fka bir sebep bulam\u0131yorum&#8221;<\/em><\/strong> yorumlar\u0131 anlaml\u0131yd\u0131. Veysel Ulusoy&#8217;un bu konuda daha &ouml;nce Karar gazetesinde, <strong><em>&#8220;Kap\u0131daki yeni kriz &#8216;T&uuml;rk Ailesi&#8217;ni vuracak&#8221;<\/em><\/strong> ba\u015fl\u0131\u011f\u0131yla a\u011fustos ay\u0131nda yay\u0131nlanan haberi de &ccedil;arp\u0131c\u0131yd\u0131. Ulusoy, o a&ccedil;\u0131klamas\u0131nda da: <strong><em>2018&#8217;de ya\u015fanan ekonomik krizin 2020 y\u0131l\u0131nda ba\u015flayan &#8220;pandemi&#8221; ile birlikte ikiz krize d&ouml;n&uuml;\u015ft&uuml;\u011f&uuml;n&uuml;, &uuml;st&uuml;ne bir de son y\u0131llarda n&uuml;fusun neredeyse y&uuml;zde 10&#8217;u kadar bir s\u0131\u011f\u0131nmac\u0131 kitlesinin demografik de\u011fi\u015fikli\u011fe sebep oldu\u011funu belirterek, konut k\u0131tl\u0131\u011f\u0131 ya\u015fanaca\u011f\u0131n\u0131<\/em><\/strong> vurgulam\u0131\u015ft\u0131.<\/span><\/p>\n<p style=\"text-align: justify; text-indent: 25.5pt;\"><span style=\"font-size: 12pt;\">Ona g&ouml;re, &#8220;<strong><em>Yoksul vatanda\u015f i&ccedil;in &ouml;n&uuml;m&uuml;zdeki 20 veya 25 y\u0131l ev almak hayal olacakt\u0131. 4 ki\u015filik bir ailede; bir ki\u015fi hayat\u0131 boyunca kiraya &ccedil;al\u0131\u015facak, di\u011fer 2 ki\u015fi de ailenin ge&ccedil;imini sa\u011flamak i&ccedil;in &ccedil;\u0131rp\u0131nacakt\u0131. Olduk&ccedil;a uzun bir s&uuml;re bu ac\u0131 ger&ccedil;ekle ya\u015famaya mecbur kal\u0131nacakt\u0131!&#8221; <\/em><\/strong>G&ouml;r&uuml;ld&uuml;\u011f&uuml; gibi bizim <strong><em>&#8220;T&uuml;rk Liras\u0131 bilin&ccedil;li olarak &ccedil;&ouml;kertiliyor ki T&uuml;rkler, mal\u0131n\u0131 m&uuml;lk&uuml;n&uuml; sats\u0131nlar, tapular\u0131n\u0131 teslim edip b\u0131raks\u0131nlar, b&ouml;ylece birileri; \u0130stanbul&rsquo;u, Bat\u0131l\u0131 sermayenin merkezi yaps\u0131nlar!&#8221; <\/em><\/strong>tespitimiz ile Veysel Hoca&#8217;n\u0131n ekonomik analizi &ouml;rt&uuml;\u015f&uuml;p uyu\u015fmaktayd\u0131! Her a&ccedil;\u0131klamas\u0131yla T&uuml;rk Liras\u0131&#8217;n\u0131n de\u011ferini d&uuml;\u015f&uuml;ren Tayyip Erdo\u011fan ise sonunda &#8220;Nass&#8221;a s\u0131\u011f\u0131nmaktayd\u0131! Nass&#8217;ta yani Kur&#8217;an&#8217;da veya hadislerde <strong><em>&#8220;Halk\u0131n\u0131z\u0131n cebindeki paran\u0131n de\u011ferini d&uuml;\u015f&uuml;r&uuml;n&#8221;<\/em><\/strong> diye bir emir var m\u0131yd\u0131?&rdquo;[1]<\/span><\/p>\n<p style=\"text-align: justify; text-indent: 25.5pt;\"><strong><span style=\"font-size: 14pt;\">\u015eimdi sizlere, ne iktidar ve yanda\u015flar\u0131n\u0131n, ne de muhalefet kanad\u0131n\u0131n; &ccedil;o\u011funun cehaletinden fark\u0131na bile varmad\u0131klar\u0131, bu ac\u0131 ger&ccedil;e\u011fi bilen &ccedil;ok az ki\u015finin de kas\u0131tl\u0131 saklay\u0131p g&uuml;ndeme ta\u015f\u0131mad\u0131\u011f\u0131 bir s\u0131rr\u0131 a&ccedil;\u0131kl\u0131yorum:<\/span><\/strong><\/p>\n<p style=\"text-align: justify; text-indent: 25.5pt;\"><strong><span style=\"font-size: 14pt;\">T&uuml;rkiye ve BAE aras\u0131ndaki normalle\u015fme ad\u0131mlar\u0131, \u0130srail&rsquo;le dolayl\u0131 uzla\u015fma m\u0131yd\u0131? <\/span><\/strong><\/p>\n<p style=\"text-align: justify; text-indent: 25.5pt;\"><strong><span style=\"font-size: 14pt;\">Cumhurba\u015fkan\u0131 Erdo\u011fan ile 9 y\u0131l sonra Ankara&#8217;ya gelen Abu Dabi Veliaht Prensi \u015eeyh Muhammed bin Zayid Al Nahyan aras\u0131nda Ankara Be\u015ftepe&#8217;de ger&ccedil;ekle\u015fen g&ouml;r&uuml;\u015fmenin ard\u0131ndan iki &uuml;lke 10 anla\u015fmaya imza atm\u0131\u015ft\u0131. Do\u011frudan yat\u0131r\u0131mlar\u0131 da kapsayan anla\u015fmalar ile T&uuml;rkiye ve BAE bir s&uuml;redir gerilimin g&ouml;lgesinde s&uuml;ren ili\u015fkilerde g&uuml;ya yeni bir sayfa a&ccedil;m\u0131\u015ft\u0131. <\/span><\/strong><strong><span style=\"font-size: 14pt;\">T&uuml;rkiye ve BAE normalle\u015fmeye 10 anla\u015fma ile ba\u015flam\u0131\u015ft\u0131.<\/span><\/strong><\/p>\n<p style=\"text-align: justify; text-indent: 25.5pt;\"><strong><span style=\"font-size: 14pt;\">Birle\u015fik Arap Emirlikleri End&uuml;stri ve \u0130leri Teknoloji Bakan\u0131 Sultan el Cabir, T&uuml;rkiye ve BAE aras\u0131ndaki ili\u015fkiler konusunda &ccedil;ok gizemli de\u011ferlendirmelerde bulunmu\u015flard\u0131. <\/span><\/strong><\/p>\n<p style=\"text-align: justify; text-indent: 25.5pt;\"><strong><span style=\"font-size: 14pt;\">Cebir&#8217;in a&ccedil;\u0131klamalar\u0131ndan sat\u0131r ba\u015flar\u0131 \u015funlard\u0131:<\/span><\/strong><\/p>\n<p style=\"text-align: justify; text-indent: 25.5pt;\"><strong><span style=\"font-size: 14pt;\">\u0130\u015fbirli\u011fimiz ho\u015fg&ouml;r&uuml;, kar\u015f\u0131l\u0131kl\u0131 kazan&ccedil;, ortak &ccedil;\u0131karlar ve elbette ki iki &uuml;lke aras\u0131 k&ouml;pr&uuml;ler kurma etraf\u0131nda yo\u011funla\u015fm\u0131\u015ft\u0131r.<\/span><\/strong><\/p>\n<p style=\"text-align: justify; text-indent: 25.5pt;\"><strong><span style=\"font-size: 14pt;\">Tam bu s\u0131rada ABD ile T&uuml;rkiye Dijital Vergi&rsquo;de anla\u015fma sa\u011flam\u0131\u015ft\u0131. Bu anla\u015fmayla T&uuml;rkiye&#8217;nin ihracat\u0131na misilleme gelen ek g&uuml;mr&uuml;k vergisi karar\u0131 kalkm\u0131\u015ft\u0131. Derin nefes alan ihracat&ccedil;\u0131lar, &ldquo;ABD pazar\u0131nda yolumuz a&ccedil;\u0131ld\u0131&rdquo; diye ferahlam\u0131\u015ft\u0131. G&uuml;ya T&uuml;rkiye&#8217;nin ABD ihracat\u0131nda &ouml;nemli bir kritik e\u015fik daha a\u015f\u0131lm\u0131\u015ft\u0131. T&uuml;rkiye&#8217;nin Google, Facebook, Twitter, Amazon, Netflix, Spotify gibi \u015firketlerden ald\u0131\u011f\u0131 Dijital Hizmetler Vergisi kar\u015f\u0131l\u0131\u011f\u0131nda misilleme yapan ABD, T&uuml;rkiye&#8217;den alaca\u011f\u0131 32 &uuml;r&uuml;nde y&uuml;zde 25 ek g&uuml;mr&uuml;k vergisi uygulamas\u0131na gidece\u011fini a&ccedil;\u0131klam\u0131\u015ft\u0131. <\/span><\/strong><\/p>\n<p style=\"text-align: justify; text-indent: 25.5pt;\"><strong><span style=\"font-size: 14pt;\">Oysa BAE (Birle\u015fik Arap Emirlikleri) daha birka&ccedil; ay &ouml;ncesinde; M\u0131s\u0131r, Suudi Arabistan ve Bahreyn&rsquo;le birlikte, Yunanistan ve \u0130srail&rsquo;le ayn\u0131 safta, Akdeniz&rsquo;de T&uuml;rkiye&rsquo;ye kar\u015f\u0131 <\/span><\/strong><strong><em><span style=\"font-size: 14pt;\">&ldquo;Dostluk Forumu&rdquo;<\/span><\/em><\/strong><em><span style=\"font-size: 14pt;\"> <\/span><\/em><strong><span style=\"font-size: 14pt;\">cephesinde yer alm\u0131\u015flard\u0131. (11 \u015eubat 2021) Buna g&ouml;re K\u0131br\u0131s&rsquo;\u0131n tamam\u0131 AB topra\u011f\u0131 say\u0131lm\u0131\u015f, Do\u011fu Akdeniz&rsquo;deki AB &ccedil;\u0131kar sahas\u0131 Suriye ve \u0130srail&rsquo;e kadar uzat\u0131lm\u0131\u015ft\u0131. AB&rsquo;nin Karadeniz&rsquo;deki &ccedil;\u0131kar sahas\u0131 ise Ukrayna k\u0131y\u0131lar\u0131ndan K\u0131r\u0131m&rsquo;a dayanm\u0131\u015ft\u0131. B&ouml;ylece \u0130srail, K\u0131br\u0131s ve Akdeniz &uuml;zerinden AB&rsquo;ye kom\u015fu yap\u0131lm\u0131\u015ft\u0131. Rahmetli Erbakan Hocam\u0131z\u0131n y\u0131llar &ouml;nce uyard\u0131\u011f\u0131 gibi: <em>&ldquo;G&ouml;receksiniz sonunda farkl\u0131 bir stat&uuml; ile, \u0130srail de AB&rsquo;ye al\u0131nacak, yani T&uuml;rkiye ile \u0130srail resmen AB &ccedil;at\u0131s\u0131 alt\u0131nda ayn\u0131 olu\u015fum i&ccedil;inde bulu\u015fturulacakt\u0131!&rdquo;<\/em><\/span><\/strong><span style=\"font-size: 14pt;\"> <\/span><\/p>\n<p style=\"text-align: justify; text-indent: 25.5pt;\"><strong><span style=\"font-size: 14pt;\">&Ccedil;&uuml;nk&uuml; ayn\u0131 BAE, 16 Nisan 2021&rsquo;de ise; G&uuml;ney K\u0131br\u0131s Rum Kesimi ve Yunanistan&rsquo;la <em>&ldquo;K\u0131br\u0131s&rsquo;\u0131n T&uuml;rkiye \u0130\u015fgalinden Kurtar\u0131lmas\u0131&rdquo;<\/em> <\/span><\/strong><strong><span style=\"font-size: 14pt;\">toplant\u0131lar\u0131na kat\u0131lm\u0131\u015flard\u0131. Yani Sn. Erdo\u011fan ve yanda\u015flar\u0131n\u0131n: <em>&ldquo;Bu dolar y&uuml;kseli\u015fini ve ekonomik dengesizlikleri d\u0131\u015f g&uuml;&ccedil;ler &ccedil;\u0131kart\u0131yor&rdquo;<\/em> iddialar\u0131 hakl\u0131yd\u0131. Ama o d\u0131\u015f g&uuml;&ccedil;ler; &ldquo;Bu tavizci ve teslimiyet&ccedil;i Erdo\u011fan H&uuml;k&uuml;metini ayakta tutmak ve bunlar &uuml;zerinden \u0130srail&rsquo;in AB&rsquo;ye kat\u0131lmas\u0131n\u0131 sa\u011flamak i&ccedil;in oyun kurmaktayd\u0131.&rdquo; \u015eimdi birdenbire BAE ile ortak yat\u0131r\u0131m ve yak\u0131nla\u015fma anla\u015fmalar\u0131 imzalanmas\u0131 sak\u0131n bir tesad&uuml;f san\u0131lmas\u0131nd\u0131. Acaba b&uuml;t&uuml;n bunlar\u0131n; Erdo\u011fan iktidar\u0131n\u0131n, Bakanlar\u0131n\u0131n ve y&uuml;ksek b&uuml;rokratlar\u0131n\u0131n kirli &ccedil;ama\u015f\u0131rlar\u0131n\u0131 de\u015fifre eden <\/span><\/strong><strong><span style=\"font-size: 14pt;\">Sedat Peker&rsquo;in, <em>&ldquo;BAE&rsquo;de korunmas\u0131 ve T&uuml;rkiye&rsquo;nin Savunma Sanayindeki baz\u0131 Milli at\u0131l\u0131mlar\u0131yla ilgili s\u0131rlar\u0131n Siyonist sermayeyle payla\u015f\u0131lmas\u0131&rdquo;<\/em> ile bir al&acirc;kas\u0131 da var m\u0131yd\u0131?<\/span><\/strong><strong><span style=\"font-size: 14pt;\"> Yani Erdo\u011fan iktidar\u0131, BAE &uuml;zerinden \u0130srail&rsquo;le dolayl\u0131 bir normalle\u015fme tuza\u011f\u0131na m\u0131 kap\u0131lm\u0131\u015ft\u0131? Dolar\u0131n ate\u015fini d&uuml;\u015f&uuml;rmek i&ccedil;in BAE&rsquo;den s\u0131cak para gelsin diye mecburen giri\u015filen bu yakla\u015f\u0131m, k\u0131sa vadeli bir rahatlama sa\u011flasa da uzun vadeli intihar say\u0131l\u0131rd\u0131!<\/span><\/strong><\/p>\n<p style=\"text-align: justify; text-indent: 25.5pt;\"><strong><span style=\"font-size: 14pt;\">\u0130smet &Ouml;zel denen irfans\u0131z, insafs\u0131z ve ayars\u0131z adam:<\/span><\/strong><\/p>\n<p style=\"text-align: justify; text-indent: 25.5pt;\"><strong><em><span style=\"font-size: 14pt;\">&ldquo;&Ccedil;&uuml;nk&uuml; Necmettin Erbakan Nazi art\u0131klar\u0131 taraf\u0131ndan T&uuml;rkiye&#8217;de siyasete sokulmu\u015f bir adam oldu\u011fu i&ccedil;in, Refah Partisi&#8217;nin ad\u0131 Almancayd\u0131, &lsquo;Reich&rsquo;. Hepinizin bildi\u011fi, Filistin&#8217;de de &lsquo;Refah Kamp\u0131&rsquo; var de\u011fil mi? Bunlar\u0131n hepsi Nazi art\u0131klar\u0131n\u0131n numaralar\u0131d\u0131r.&rdquo;[2]<\/span><\/em><\/strong><\/p>\n<p style=\"text-align: justify; text-indent: 25.5pt;\"><strong><em><span style=\"font-size: 14pt;\">&ldquo;Adil D&uuml;zen&#8217;in asl\u0131, Necmettin Erbakan&#8217;\u0131n bir Arnavut projesini etkisiz k\u0131lmak i&ccedil;in yapt\u0131\u011f\u0131 bir manevrad\u0131r: S&uuml;leyman Karag&uuml;lle&#8217;nin tezini Refah Partisi&#8217;nin tezi olarak g&ouml;sterip madara etmek ama&ccedil;lanm\u0131\u015ft\u0131r&#8230; As\u0131l mesele buydu ve Adil D&uuml;zen savunucular\u0131 da bunun bir \u015feriat d&uuml;zeni oldu\u011funu s&ouml;ylemiyorlard\u0131.&rdquo;[3] <\/span><\/em><\/strong><strong><span style=\"font-size: 14pt;\">diyecek kadar k&uuml;stahla\u015f\u0131p al&ccedil;alm\u0131\u015f&hellip; Daha do\u011frusu hangi \u015feytani odaklarca kiralan\u0131p kullan\u0131ld\u0131\u011f\u0131n\u0131 a&ccedil;\u0131\u011fa vurmu\u015flard\u0131. Hoca hayatta iken bu kutlu ger&ccedil;eklere havlayamayan edep ve erdem yoksunlar\u0131, \u015fimdi bu cesareti nereden almaktalard\u0131? Maalesef, SP kurmaylar\u0131n\u0131n, Milli Gazete yazarlar\u0131n\u0131n, MGV-AGD sorumlular\u0131n\u0131n, Fatih Erbakan ve yanda\u015flar\u0131n\u0131n; Aziz Erbakan&rsquo;\u0131n hat\u0131ras\u0131na ve kutlu programlar\u0131na sahip &ccedil;\u0131kmayacaklar\u0131n\u0131n rahatl\u0131\u011f\u0131 ve \u015f\u0131mar\u0131kl\u0131\u011f\u0131 ile, salyalar\u0131n\u0131 ak\u0131t\u0131p sata\u015fmaktalard\u0131. Ama &ccedil;ok \u015f&uuml;k&uuml;r ki, bu iftiralar\u0131n\u0131 ve yalan isnatlar\u0131n\u0131 a\u011f\u0131zlar\u0131na t\u0131kayacak Milli &Ccedil;&ouml;z&uuml;m Dergisi vard\u0131.<\/span><\/strong><\/p>\n<p style=\"text-align: justify; text-indent: 25.5pt;\"><strong><span style=\"font-size: 14pt;\">Bulgarlar Bile Bize Ac\u0131maktayd\u0131!<\/span><\/strong><\/p>\n<p style=\"text-align: justify; text-indent: 25.5pt;\"><strong><span style=\"font-size: 12pt;\">D&ouml;viz kurlar\u0131nda ya\u015fanan art\u0131\u015fa paralel olarak Bulgaristan levas\u0131n\u0131n T&uuml;rk liras\u0131 kar\u015f\u0131s\u0131nda de\u011fer kazanmas\u0131, Edirne&#8217;ye al\u0131\u015fveri\u015f i&ccedil;in gelen Bulgar turist say\u0131s\u0131n\u0131 art\u0131rm\u0131\u015ft\u0131. Bulgaristan&rsquo;\u0131n Filibe \u015fehrinde hem\u015firelik yapan Rafiye Muhtarovaise, <em>&#8220;Bizim Bulgaristanl\u0131lar &ccedil;ok geliyor al\u0131\u015fveri\u015f yapmaya, &ccedil;&uuml;nk&uuml; liran\u0131z &ccedil;ok d&uuml;\u015ft&uuml;. Bizim paran\u0131n \u015fu an de\u011feri var, sizin paran\u0131n de\u011feri yok \u015fu anda. Biz &ccedil;ok ucuza al\u0131yoruz her \u015feyi buradan, &ccedil;&uuml;nk&uuml; bizim param\u0131z &ccedil;ok de\u011ferli&#8221;<\/em> s&ouml;zleriyle bu ac\u0131 ve al&ccedil;alt\u0131c\u0131 ger&ccedil;e\u011fi s&ouml;ylemekten sak\u0131nmam\u0131\u015ft\u0131. 1 Bulgar levas\u0131n\u0131n 6,06 TL&rsquo;ye ula\u015fmas\u0131yla s\u0131n\u0131ra yak\u0131n Bulgar \u015fehirlerinden ihtiya&ccedil;lar\u0131n\u0131 kar\u015f\u0131lamak &uuml;zere Edirne&rsquo;ye gelen Bulgar vatanda\u015flar\u0131, gayet memnun ve mesrur ayr\u0131lmaktalard\u0131.<\/span><\/strong><\/p>\n<p style=\"text-align: justify; text-indent: 25.5pt;\"><strong><span style=\"font-size: 12pt;\">Bulgar vatanda\u015flar\u0131n\u0131n yo\u011fun olarak al\u0131\u015fveri\u015f yapt\u0131\u011f\u0131 bir b&ouml;lge olan Edirne Bostanpazar\u0131 semtinde bir T&uuml;rk vatanda\u015f\u0131n\u0131n s&ouml;yledikleri &ccedil;ok ac\u0131yd\u0131. Hasan G&uuml;ler isimli vatanda\u015f, <em>&#8220;T&uuml;rkiye batt\u0131 art\u0131k, Vallahi batt\u0131. Hi&ccedil;bir \u015fey alam\u0131yoruz. Bizim emekli paralar\u0131m\u0131z iyice buharla\u015ft\u0131. &Uuml;&ccedil; ayda bir sefer baklava almak istiyorum, param yetmiyor. Zaruri ihtiya&ccedil; &ccedil;antam\u0131z\u0131 bile dolduram\u0131yoruz&rdquo;<\/em> \u015feklinde yak\u0131nmaktayd\u0131. <\/span><\/strong><\/p>\n<p style=\"text-align: justify; text-indent: 25.5pt;\"><strong><span style=\"font-size: 12pt;\">Bulgaristan&rsquo;\u0131n Filibe \u015fehrinden gelen Halil Cambaz ise Edirne&rsquo;ye zaman zaman geldi\u011fini ve ald\u0131\u011f\u0131 &uuml;r&uuml;nleri &uuml;zerine k&acirc;r koyarak Bulgaristan&rsquo;da satt\u0131\u011f\u0131n\u0131 s&ouml;yleyerek, <em>&ldquo;Ben 2,5&#8217;a al\u0131p 5&#8217;e sat\u0131yorum. Ben iki misli kazan\u0131yorum. &Ccedil;ocuklar\u0131m\u0131za, torunlar\u0131m\u0131za bol bol harc\u0131yoruz&rdquo;<\/em> itiraf\u0131nda bulunmu\u015flard\u0131.<\/span><\/strong><\/p>\n<p style=\"text-align: justify; text-indent: 25.5pt;\"><strong><span style=\"font-size: 14pt;\">AKP&rsquo;liler Bile Homurdanmaya Ba\u015flam\u0131\u015ft\u0131!<\/span><\/strong><\/p>\n<p style=\"text-align: justify; text-indent: 25.5pt;\"><strong><em><span style=\"font-size: 14pt;\">&ldquo;E\u011fri a\u011f\u0131zlarda, do\u011frular\u0131n de\u011fer kayb\u0131!..&rdquo;<\/span><\/em><\/strong><\/p>\n<p style=\"text-align: justify; text-indent: 25.5pt;\"><strong><span style=\"font-size: 14pt;\">AKP&#8217;li Faruk &Ccedil;elik&#8217;in: <em>&ldquo;Namussuzlarla Hesapla\u015faca\u011f\u0131z&rdquo;<\/em> &Ccedil;\u0131k\u0131\u015f\u0131!<\/span><\/strong><\/p>\n<p style=\"text-align: justify; text-indent: 25.5pt;\"><strong><span style=\"font-size: 12pt;\">Eski AKP Milletvekili Faruk &Ccedil;elik, AKP&#8217;de ya\u015fananlara y&ouml;nelik yapt\u0131\u011f\u0131 de\u011ferlendirme ile dikkat &ccedil;eken ifadeler kullanm\u0131\u015ft\u0131. AKP h&uuml;k&uuml;metlerinde 3 kez bakanl\u0131k, 5 d&ouml;nem de milletvekilli\u011fi yapan Faruk &Ccedil;elik, iktidar\u0131n projelerini yerden yere vurmaya ba\u015flam\u0131\u015ft\u0131. Ge&ccedil;mi\u015fte \u015eanl\u0131urfa&rsquo;ya g&ouml;nderilme ve oradan milletvekili yap\u0131lma hadisesini g&uuml;ndeme getiren Faruk &Ccedil;elik, <em>&ldquo;Namussuzlarla hesapla\u015faca\u011f\u0131z arkada\u015f, hi&ccedil; lam\u0131 cimi kalmad\u0131 bu i\u015fin&rdquo;<\/em> diyerek &ccedil;\u0131k\u0131\u015fm\u0131\u015ft\u0131. S&ouml;zc&uuml;&rsquo;den Halil Ata\u015f&rsquo;\u0131n haberine g&ouml;re Faruk &Ccedil;elik, Bursa Kestel &Ccedil;ataltepe Sanayii Sitesi ma\u011fdurlar\u0131yla d&uuml;zenlenen toplant\u0131da \u015funlar\u0131 aktarm\u0131\u015ft\u0131:<\/span><\/strong><\/p>\n<p style=\"text-align: justify; text-indent: 25.5pt;\"><strong><em><span style=\"font-size: 12pt;\">&#8220;Bursa T&uuml;rkiye&rsquo;nin say\u0131l\u0131 \u015fehirlerinden biri. Oysa beni ta Urfa&rsquo;ya g&ouml;ndermi\u015flerdi, kim neden rahats\u0131z olduysa bilemiyorum. Art\u0131k bu saatten sonra hi&ccedil; kimse &lsquo;Aman birileri zarar g&ouml;recek konu\u015fmas\u0131n Faruk &Ccedil;elik&rsquo; diye beklemesin. Ben bundan sonra her yanl\u0131\u015f\u0131 dile getirece\u011fim. Siyaset&ccedil;isiniz, y&uuml;zle\u015fmekten ka&ccedil;\u0131yorsan\u0131z sahtek&acirc;rs\u0131n\u0131z demektir.&rdquo;<\/span><\/em><\/strong><\/p>\n<p style=\"text-align: justify; text-indent: 25.5pt;\"><strong><em><span style=\"font-size: 12pt;\">&ldquo;Nerede h\u0131zl\u0131 tren? Ben yapt\u0131rd\u0131m ihalesini. 10 y\u0131l oldu demiryolu Bursa&rsquo;ya h&acirc;l&acirc; gelecek. &lsquo;\u015eehir Hastanesi&rsquo;ni Y\u0131ld\u0131r\u0131m&rsquo;da yapacaks\u0131n\u0131z. Bat\u0131ya y\u0131kmay\u0131n her \u015feyi&rsquo; dedim. Hastaneyi g&ouml;t&uuml;rd&uuml;ler ucube bir yere koydular. \u015eimdi tam 2 katrilyonluk ihale yap\u0131yorlar demiryolunu hastaneye ula\u015ft\u0131rmak i&ccedil;in. Hastanenin maliyeti ne kadar? 1 milyar. Yap\u0131lacak yolun maliyeti ne kadar? 2 milyar, yaz\u0131k de\u011fil mi bu milletin iki milyar liras\u0131n\u0131 &ccedil;ar&ccedil;ur ediyorsun! Projelerin bir tanesi de\u011fil ki, hepsi yanl\u0131\u015f yap\u0131lm\u0131\u015f.&rdquo;<\/span><\/em><\/strong><\/p>\n<p style=\"text-align: justify; text-indent: 25.5pt;\"><strong><span style=\"font-size: 12pt;\">Eski G\u0131da Tar\u0131m ve Hayvanc\u0131l\u0131k Bakan\u0131 Faruk &Ccedil;elik&rsquo;in, Enbursa yazar\u0131 Y&uuml;ksel Baysal&#8217;e g&ouml;re <em>&ldquo;Et ithalat\u0131 lobisinin bask\u0131lar\u0131yla g&ouml;revden uzakla\u015ft\u0131r\u0131ld\u0131\u011f\u0131n\u0131&rdquo;<\/em> hat\u0131rlatm\u0131\u015ft\u0131. <\/span><\/strong><\/p>\n<p style=\"text-align: justify; text-indent: 25.5pt;\"><strong><span style=\"font-size: 14pt;\">L&uuml;tfi Elvan&rsquo;\u0131n Erdo\u011fan&rsquo;a \u0130syan\u0131! O anlar Kameralara Yans\u0131m\u0131\u015ft\u0131!<\/span><\/strong><\/p>\n<p style=\"text-align: justify; text-indent: 25.5pt;\"><strong><span style=\"font-size: 12pt;\">Erdo\u011fan konu\u015fmas\u0131nda &uuml;st&uuml; kapal\u0131, Hazine ve Maliye Bakan\u0131 L&uuml;tfi Elvan&rsquo;\u0131 ele\u015ftirip uyarm\u0131\u015ft\u0131. Erdo\u011fan&rsquo;\u0131n konu\u015fmas\u0131n\u0131 salondaki b&uuml;t&uuml;n milletvekilleri alk\u0131\u015flarken, Elvan&rsquo;\u0131n Erdo\u011fan&rsquo;\u0131 alk\u0131\u015flamad\u0131\u011f\u0131 dikkatlerden ka&ccedil;mam\u0131\u015ft\u0131. Erdo\u011fan, partisinin TBMM Grup Toplant\u0131s\u0131nda konu\u015furken &uuml;st&uuml; kapal\u0131, Hazine ve Maliye Bakan\u0131 L&uuml;tfi Elvan&rsquo;\u0131 ele\u015ftirip \u015fu ifadeleri kullanm\u0131\u015ft\u0131: <\/span><\/strong><\/p>\n<p style=\"text-align: justify; text-indent: 25.5pt;\"><strong><em><span style=\"font-size: 12pt;\">&ldquo;Beraber y&uuml;r&uuml;d&uuml;\u011f&uuml;m&uuml;z arkada\u015flar\u0131m\u0131zdan faizi savunanlar, kusura bakmas\u0131nlar; bu yolda ben, faizi savunanla beraber olamam, olmam. Bu konuda nass ortada, nass ortada oldu\u011funa g&ouml;re sana bana ne oluyor. Olaya buradan bakaca\u011f\u0131z ve ona g&ouml;re de ad\u0131m\u0131m\u0131z\u0131 ataca\u011f\u0131z!&rdquo;<\/span><\/em><\/strong><\/p>\n<p style=\"text-align: justify; text-indent: 25.5pt;\"><strong><span style=\"font-size: 12pt;\">Cumhurba\u015fkan\u0131 Erdo\u011fan&rsquo;\u0131n konu\u015fmas\u0131n\u0131 salondaki b&uuml;t&uuml;n milletvekilleri alk\u0131\u015flarken, Hazine ve Maliye Bakan\u0131 L&uuml;tfi Elvan, Erdo\u011fan&rsquo;\u0131 alk\u0131\u015flamam\u0131\u015ft\u0131!?<\/span><\/strong><\/p>\n<p style=\"text-align: justify; text-indent: 25.5pt;\"><strong><span style=\"font-size: 14pt;\">Ahmet Fak\u0131baba&rsquo;n\u0131n \u0130tiraflar\u0131!<\/span><\/strong><\/p>\n<p style=\"text-align: justify; text-indent: 25.5pt;\"><strong><span style=\"font-size: 12pt;\">\u0130ktidar partisi mensuplar\u0131n\u0131n geldi\u011fi nokta neredeyse &ldquo;kanl\u0131 b\u0131&ccedil;akl\u0131lar&rdquo; deyimini hat\u0131rlatm\u0131\u015ft\u0131. AKP \u015eanl\u0131urfa Milletvekili Ahmet E\u015fref Fak\u0131baba olduk&ccedil;a dikkat &ccedil;ekici a&ccedil;\u0131klamalar yapm\u0131\u015f ve &ldquo;tehdit edildi\u011fini&rdquo; a&ccedil;\u0131klam\u0131\u015ft\u0131. AKP \u015eanl\u0131urfa Milletvekili Fak\u0131baba&rsquo;y\u0131 &ldquo;kim tehdit ediyor?&rdquo; sorusuna cevap arad\u0131\u011f\u0131n\u0131z zaman ortaya iktidar partisi mensuplar\u0131n\u0131n neredeyse &ldquo;kanl\u0131 b\u0131&ccedil;akl\u0131&rdquo; bir hale gelmeleri sonucu &ccedil;\u0131kmaktayd\u0131.<\/span><\/strong><\/p>\n<p style=\"text-align: justify; text-indent: 25.5pt;\"><strong><span style=\"font-size: 12pt;\">Zira Fak\u0131baba ter&ouml;r &ouml;rg&uuml;t&uuml; PKK taraf\u0131ndan tehdit edildi\u011fini s&ouml;ylemiyordu. Cumhur \u0130ttifak\u0131&rsquo;n\u0131n k&uuml;&ccedil;&uuml;k orta\u011f\u0131 MHP taraf\u0131ndan da tehdit edildi\u011fini s&ouml;ylemiyordu. Ana muhalefet Partisi CHP taraf\u0131ndan tehdit edildi\u011fi yolunda bir \u015fik&acirc;yeti de yoktu. Evet, Fak\u0131baba&rsquo;n\u0131n a&ccedil;\u0131klamalar\u0131 tehdit edenlerin iktidar partisi &ccedil;at\u0131s\u0131 alt\u0131nda bulunduklar\u0131n\u0131 ortaya koymaktayd\u0131! <\/span><\/strong><\/p>\n<p style=\"text-align: justify; text-indent: 25.5pt;\"><strong><span style=\"font-size: 14pt;\">Anayasa Mahkemesi Ba\u015fkan\u0131 Arslan&rsquo;\u0131n S\u0131zlan\u0131\u015f\u0131!<\/span><\/strong><\/p>\n<p style=\"text-align: justify; text-indent: 25.5pt;\"><strong><span style=\"font-size: 14pt;\">&ldquo;Yasama ve Y&uuml;r&uuml;tme, Yarg\u0131y\u0131 Etkilemeye &Ccedil;al\u0131\u015fmas\u0131n!&rdquo;<\/span><\/strong><\/p>\n<p style=\"text-align: justify; text-indent: 25.5pt;\"><strong><span style=\"font-size: 12pt;\">Anayasa Mahkemesi Ba\u015fkan\u0131 Z&uuml;ht&uuml; Arslan, yarg\u0131 mensuplar\u0131n\u0131n h&uuml;k&uuml;m verirken c&uuml;bbelerin mehabetine, vakar\u0131na uygun davranmas\u0131 gerekti\u011fini belirterek, <em>&ldquo;Ayn\u0131 \u015fekilde yasama ve y&uuml;r&uuml;tme mensuplar\u0131n\u0131n da yarg\u0131y\u0131 etkilemeye veya itibars\u0131zla\u015ft\u0131rmaya y&ouml;nelik s&ouml;z, tutum ve davran\u0131\u015flardan uzak durmas\u0131 gerekir.&rdquo; <\/em>uyar\u0131s\u0131nda bulunmu\u015flard\u0131!<\/span><\/strong><\/p>\n<p style=\"text-align: justify; text-indent: 25.5pt;\"><strong><span style=\"font-size: 12pt;\">Adalet Bakanl\u0131\u011f\u0131nca d&uuml;zenlenen, Masumiyet Karinesi ve Lekelenmeme Hakk\u0131 Sempozyumu&rsquo;na Adalet Bakan\u0131 Abdulhamit G&uuml;l, Anayasa Mahkemesi Ba\u015fkan\u0131 Z&uuml;ht&uuml; Arslan, Yarg\u0131tay Ba\u015fkan\u0131 Mehmet Akarca, Dan\u0131\u015ftay Ba\u015fkan\u0131 Zeki Yi\u011fit, T&uuml;rkiye (Eski) Barolar Birli\u011fi Ba\u015fkan\u0131 Metin Feyzio\u011flu ve yarg\u0131 mensuplar\u0131 kat\u0131lm\u0131\u015ft\u0131. Anayasa Mahkemesi Ba\u015fkan\u0131 Arslan, sempozyumda yapt\u0131\u011f\u0131 konu\u015fmada, <em>masumiyet karinesinin uzun, zorlu ve &ccedil;etin bir m&uuml;cadele sonras\u0131 elde edildi\u011fini vurgulam\u0131\u015ft\u0131. Arslan, masumiyet karinesinin korunmas\u0131n\u0131n, yarg\u0131 ba\u011f\u0131ms\u0131zl\u0131\u011f\u0131n\u0131n korunmas\u0131na; hem yarg\u0131 ba\u011f\u0131ms\u0131zl\u0131\u011f\u0131n\u0131n hem de masumiyet karinesinin korunmas\u0131n\u0131n ise kuvvetler ayr\u0131l\u0131\u011f\u0131 ilkesinin benimsenmesine ba\u011fl\u0131 oldu\u011funu vurgulam\u0131\u015ft\u0131. <\/em><\/span><\/strong><\/p>\n<p style=\"text-align: justify; text-indent: 25.5pt;\"><strong><span style=\"font-size: 12pt;\">Z&uuml;ht&uuml; Arslan, Anayasa Mahkemesi&rsquo;nin hem norm denetiminde hem de bireysel ba\u015fvurularda masumiyet karinesinin b&uuml;t&uuml;n boyutlar\u0131n\u0131 ortaya koyan kararlar verdi\u011fini hat\u0131rlatm\u0131\u015ft\u0131. Yarg\u0131 ba\u011f\u0131ms\u0131zl\u0131\u011f\u0131na da de\u011finen Arslan, yarg\u0131 makamlar\u0131nca verilen kararlar\u0131n uygulanmas\u0131n\u0131n &ouml;nemli oldu\u011funu vurgulam\u0131\u015ft\u0131. Arslan, yarg\u0131 mensuplar\u0131n\u0131n yarg\u0131y\u0131 polemik i&ccedil;erisine &ccedil;ekebilecek davran\u0131\u015flardan uzak durmas\u0131 gerekti\u011fini kaydederek, \u015f&ouml;yle konu\u015ftu:<\/span><\/strong><\/p>\n<p style=\"text-align: justify; text-indent: 25.5pt;\"><strong><em><span style=\"font-size: 12pt;\">&ldquo;H&acirc;kim ve savc\u0131lar\u0131m\u0131z\u0131n anayasal ve yasal yetkilerini a\u015fabilecek ve yarg\u0131y\u0131 siyas&icirc; polemik i&ccedil;erisine &ccedil;ekebilecek s&ouml;z, tutum ve davran\u0131\u015flardan ka&ccedil;\u0131nmas\u0131 gerekir. Hepimize d&uuml;\u015fen, h&uuml;k&uuml;m verirken giydi\u011fimiz c&uuml;bbelerin mehabetine, vakar\u0131na uygun \u015fekilde davranmakt\u0131r. Ayn\u0131 \u015fekilde yasama ve y&uuml;r&uuml;tme mensuplar\u0131n\u0131n da yarg\u0131y\u0131 etkilemeye veya itibars\u0131zla\u015ft\u0131rmaya y&ouml;nelik s&ouml;z, tutum ve davran\u0131\u015flardan uzak durmas\u0131 gerekir. C&uuml;bbeyle siyaset olmaz ancak c&uuml;bbesiz yarg\u0131lama da olmaz. Bu ger&ccedil;e\u011fi hi&ccedil;bir zaman unutmamak gerekiyor; zira yarg\u0131 ba\u011f\u0131ms\u0131zl\u0131\u011f\u0131 ve masumiyet karinesi ancak bu ilkeleri, anayasal esaslar\u0131 hayata ge&ccedil;irdi\u011fimizde korunabilecek temel de\u011ferlerdir. Dolay\u0131s\u0131yla yarg\u0131 ba\u011f\u0131ms\u0131zl\u0131\u011f\u0131n\u0131n ve masumiyet karinesinin korunmas\u0131 devam eden yarg\u0131lamalar konusunda azam&icirc; hassasiyet g&ouml;sterilmesine ba\u011fl\u0131d\u0131r.&rdquo;<\/span><\/em><\/strong><\/p>\n<p style=\"text-align: justify; text-indent: 25.5pt;\"><strong><span style=\"font-size: 14pt;\">Abd&uuml;llatif \u015eener: <em>&ldquo;AKP&#8217;de h\u0131rs\u0131zl\u0131k, &uuml;stten alta zincirleme&rdquo;<\/em> yap\u0131lmaktad\u0131r!<\/span><\/strong><\/p>\n<p style=\"text-align: justify; text-indent: 25.5pt;\"><strong><span style=\"font-size: 12pt;\">AKP&rsquo;nin kurucu &uuml;yelerinden ve Erdo\u011fan iktidar\u0131n\u0131n eski yetkililerinden <\/span><\/strong><strong><span style=\"font-size: 12pt;\">CHP Konya Milletvekili Abd&uuml;llatif \u015eener, <em>&#8220;T&uuml;rkiye&#8217;de korkun&ccedil; bir yolsuzluk &ccedil;ark\u0131 var!&#8221;<\/em> diyerek Cumhurba\u015fkan\u0131 Erdo\u011fan ve AKP&#8217;ye sert s&ouml;zler kullanm\u0131\u015ft\u0131: <em>&#8220;H\u0131rs\u0131zl\u0131k su&ccedil; olmuyor, ama &lsquo;h\u0131rs\u0131zlar ordusu var&rsquo; demek su&ccedil; oluyor!&#8221;<\/em><\/span><\/strong><\/p>\n<p style=\"text-align: justify; text-indent: 25.5pt;\"><strong><span style=\"font-size: 12pt;\">Ruhat Mengi&#8217;ye konu\u015fan \u015eener, <em>&#8220;Teorik olarak bakt\u0131\u011f\u0131n\u0131zda T&uuml;rkiye&#8217;de en k&ouml;t&uuml; \u015feyleri yapsan\u0131z da bu, hukuk kar\u015f\u0131s\u0131nda cezaya muhatap olman\u0131z i&ccedil;in yeterli olmuyor, ama olan biten \u015feyleri s&ouml;yledi\u011finiz zaman su&ccedil; haline geliyor. Yani daha spesifik hale getirecek olursak; h\u0131rs\u0131zl\u0131k su&ccedil; olmuyor, ama &lsquo;h\u0131rs\u0131zlar ordusu var&rsquo; demek su&ccedil; oluyor. Nas\u0131l oluyor, T&uuml;rkiye&#8217;de y\u0131llard\u0131r ya\u015fananlar\u0131, bu &uuml;lkedeki politikac\u0131lar\u0131n, gazetecilerin, ayd\u0131nlar\u0131n &ccedil;ektiklerini ve siyasetin yapt\u0131klar\u0131n\u0131 kar\u015f\u0131la\u015ft\u0131rd\u0131\u011f\u0131n\u0131z zaman &ccedil;\u0131plak bir tablo \u015feklinde zaten kar\u015f\u0131n\u0131za &ccedil;\u0131k\u0131yor. Kimse &#8216;T&uuml;rkiye&#8217;de yolsuzluk yoktur&#8217; diyebilir mi? &lsquo;Kamu kaynaklar\u0131 d&uuml;zg&uuml;n kullan\u0131l\u0131yor&#8217; diyebilir mi? Bunu, siyasetin i&ccedil;inde ve d\u0131\u015f\u0131nda samimi konu\u015fan hi&ccedil; kimsenin s&ouml;yleyebilece\u011fini d&uuml;\u015f&uuml;nm&uuml;yorum&#8221;<\/em> diye &ccedil;\u0131k\u0131\u015fm\u0131\u015ft\u0131.<\/span><\/strong><\/p>\n<p style=\"text-align: justify; text-indent: 25.5pt;\"><strong><em><span style=\"font-size: 14pt;\">&ldquo;T&uuml;rkiye&#8217;de korkun&ccedil; bir yolsuzluk &ccedil;ark\u0131 var!&rdquo;<\/span><\/em><\/strong><strong><span style=\"font-size: 14pt;\"> ifadelerini kullanan ve AKP&rsquo;nin kurucu su&ccedil; orta\u011f\u0131 olan CHP&rsquo;li Abd&uuml;llatif \u015eener \u015funlar\u0131 aktarm\u0131\u015ft\u0131:<\/span><\/strong><\/p>\n<p style=\"text-align: justify; text-indent: 25.5pt;\"><strong><em><span style=\"font-size: 12pt;\">&#8220;T&uuml;rkiye&#8217;de korkun&ccedil; bir yolsuzluk &ccedil;ark\u0131 var! Kamu kaynaklar\u0131, kamu g&uuml;c&uuml; emme basma tulumba gibi bireysel zenginle\u015fmeler u\u011fruna gayrime\u015fru yollardan s&uuml;rekli &ccedil;ark olu\u015fturmaktad\u0131r. Bu &ccedil;ark d&ouml;nem d&ouml;nem de ortaya &ccedil;\u0131km\u0131\u015ft\u0131r. 17-25 Aral\u0131k olaylar\u0131na bak\u0131yorsunuz, ortaya o kadar &ccedil;ok \u015fey d&ouml;k&uuml;ld&uuml; ki bakanlar\u0131n ald\u0131\u011f\u0131 r&uuml;\u015fvetler, evlerde devasa para kasalar\u0131, bakan &ccedil;ocuklar\u0131n\u0131n evinde para sayma makineleri, bir bankan\u0131n genel m&uuml;d&uuml;r&uuml;n&uuml;n evinde ayakkab\u0131 kutular\u0131n\u0131n i&ccedil;inde milyonlarca dolar &ccedil;\u0131kt\u0131. Aleni g&ouml;r&uuml;nen \u015feyler. Sonra bunlar hi&ccedil;bir yapt\u0131r\u0131ma muhatap olmad\u0131lar, bir ceza verildi\u011fini duymad\u0131k. Ses kasetleri ortaya &ccedil;\u0131kt\u0131, milyonlarca Euro&#8217;nun ta\u015f\u0131nmas\u0131, s\u0131f\u0131rlanmas\u0131yla ilgili ses kasetleri. Onlarla da ilgili bir hukuki s&uuml;re&ccedil; i\u015flemedi. Bir bakana gelen &ccedil;ikolata kutusunun alt\u0131nda 500 bin dolar ili\u015ftirilmi\u015f, birine y&uuml;zbinlerce liral\u0131k saat verilmi\u015f, hangi bakan\u0131n neler ald\u0131\u011f\u0131na dair listeler yap\u0131ld\u0131.<\/span><\/em><\/strong><\/p>\n<p style=\"text-align: justify; text-indent: 25.5pt;\"><strong><em><span style=\"font-size: 12pt;\">Erdo\u011fan Bayraktar, kendisinde g&ouml;revi k&ouml;t&uuml;ye kullanma oldu\u011funu ama yolsuzluk olmad\u0131\u011f\u0131n\u0131, di\u011fer bakanlar\u0131n hepsinde yolsuzluk oldu\u011funu s&ouml;yleyerek kendisini ayr\u0131\u015ft\u0131ran bir \u015fey s&ouml;ylemi\u015fti ama &ldquo;Benim hakk\u0131mdaki iddialar\u0131n hepsi do\u011frudur&rdquo; demi\u015fti. O Meclis&#8217;te soru\u015fturma &ouml;nergesinde, 4 bakandan biri hakk\u0131nda s&ouml;ylenenler do\u011fruysa &ouml;b&uuml;rleri hakk\u0131ndaki iddialar\u0131n da do\u011fru oldu\u011funu g&ouml;sterir, karinedir bu. Ama hi&ccedil;bir \u015fey olmad\u0131. Bak\u0131n bu 17-25 Aral\u0131k olaylar\u0131yla ilgili olarak bakanlar\u0131, h&uuml;k&uuml;meti, iktidar\u0131 itham edenler ve bu konunun &uuml;zerine gelenler s&uuml;rekli su&ccedil;land\u0131lar, cezalar ald\u0131lar, o g&uuml;nden bug&uuml;ne kadar da bu s&uuml;re&ccedil;ler b&ouml;yle i\u015fledi. Yak\u0131n ge&ccedil;mi\u015fte bir bakan Ruhsar Pekcan, kendi firmas\u0131ndan kamuya, kendi bakanl\u0131\u011f\u0131na d&uuml;nyan\u0131n deterjan\u0131n\u0131 ve fahi\u015f fiyatla satm\u0131\u015f, ne kadar etik d\u0131\u015f\u0131, hukuk d\u0131\u015f\u0131 bir \u015fey. Bununla ilgili d&uuml;zenlemeler vard\u0131, bir bakan ve yak\u0131n\u0131 kendi kurumuna ve h&uuml;k&uuml;mete mal satamaz ama bu &ouml;d&uuml;llendiriliyor.&#8221;<\/span><\/em><\/strong><\/p>\n<p style=\"text-align: justify; text-indent: 25.5pt;\"><strong><span style=\"font-size: 14pt;\">&#8220;&Uuml;stten Alta Do\u011fru Zincirleme Yolsuzluklar Yap\u0131lmaktad\u0131r!&#8221;<\/span><\/strong><\/p>\n<p style=\"text-align: justify; text-indent: 25.5pt;\"><strong><span style=\"font-size: 12pt;\">Yolsuzluklar\u0131n bir kademe halinde &uuml;stten alta do\u011fru zincir halinde gitti\u011fini kaydeden \u015eener,<em> &#8220;Hepsini kast ederek s&ouml;yl&uuml;yorum, o zincir alt kademelere kadar uzan\u0131yor. Bu memlekette belediyeler insan ka&ccedil;ak&ccedil;\u0131l\u0131\u011f\u0131 yap\u0131yorlar. Bu mafyavari kamu kurulu\u015flar\u0131n\u0131n insan ka&ccedil;ak&ccedil;\u0131l\u0131\u011f\u0131 yapt\u0131\u011f\u0131, gri pasaportla yurt d\u0131\u015f\u0131na i\u015f&ccedil;i g&ouml;t&uuml;rd&uuml;\u011f&uuml; g&uuml;nlerce man\u015fet oldu. Ka&ccedil; yerde buna benzer olay &ccedil;\u0131kt\u0131, kamu g&uuml;c&uuml;n&uuml;n nerelerde kullan\u0131ld\u0131\u011f\u0131n\u0131 bundan daha iyi g&ouml;sterecek ne olabilir? Bir devletin b\u0131rak\u0131n sadece r&uuml;\u015fveti, yolsuzlu\u011fu, insan ka&ccedil;ak&ccedil;\u0131l\u0131\u011f\u0131na varan mafya tipi y&ouml;ntemlerle y&ouml;netildi\u011fi nerede g&ouml;r&uuml;lm&uuml;\u015ft&uuml;r? Bu iktidar d&ouml;neminde yolsuzluk olaylar\u0131 patlam\u0131\u015ft\u0131r, ayyuka &ccedil;\u0131km\u0131\u015ft\u0131r, yolsuzluk haberleri gece g&uuml;nd&uuml;z belgeleriyle d&ouml;k&uuml;lm&uuml;\u015ft&uuml;r, ciddi iddialar olmu\u015ftur ama bunlar\u0131n hi&ccedil;biri yarg\u0131sal olarak h&acirc;kim huzuruna &ccedil;\u0131kmam\u0131\u015ft\u0131r. Kaynaklar ya\u011fmalan\u0131yor ve ya\u011fmay\u0131 yapanlar yarg\u0131lanm\u0131yor! Ama yolsuzluk belgelerini ortaya koyan y&uuml;zlerce politikac\u0131, gazeteci, ayd\u0131n kendilerini mahkemelerde buluyorlar&rdquo;<\/em> <\/span><\/strong><strong><span style=\"font-size: 14pt;\">diyerek eski su&ccedil; ortakl\u0131klar\u0131n\u0131 &ouml;rtmeye &ccedil;al\u0131\u015fm\u0131\u015ft\u0131, ama baz\u0131 ger&ccedil;eklere ve &ccedil;ok tehlikeli geli\u015fmelere de terc&uuml;manl\u0131k yapm\u0131\u015ft\u0131. Bu t&uuml;r if\u015faat ve itiraflar hakl\u0131yd\u0131. Ama e\u011fri a\u011f\u0131zlarda, do\u011frular de\u011fer kayb\u0131na u\u011framaktayd\u0131!.. &Ccedil;&uuml;nk&uuml; bu do\u011fru saptamalar, kendi yanl\u0131\u015flar\u0131n\u0131 saklama ve sapt\u0131rma amac\u0131 ta\u015f\u0131maktayd\u0131&hellip;<\/span><\/strong><\/p>\n<p style=\"text-align: justify; text-indent: 25.5pt;\"><strong><span style=\"font-size: 14pt;\">Sonu&ccedil; olarak ve tekrar vurgulayal\u0131m ki; Bir toplumun Diniyle D&uuml;zeni uyu\u015fmazsa orada bozulma ve yozla\u015fma ba\u015flard\u0131&hellip;<\/span><\/strong><\/p>\n<p style=\"text-align: justify; text-indent: 25.5pt;\"><strong><span style=\"font-size: 12pt;\">Dejenere olmu\u015f Hristiyanl\u0131k ve Yahudilik i&ccedil;in KAP\u0130TAL\u0130ZM bir derece uyumlu olabilirdi&hellip;<\/span><\/strong><\/p>\n<p style=\"text-align: justify; text-indent: 25.5pt;\"><strong><span style=\"font-size: 12pt;\">Ateist ve Dinsiz bir toplum i&ccedil;in ise KOM&Uuml;N\u0130ZM uygun d&uuml;\u015febilirdi&hellip;<\/span><\/strong><\/p>\n<p style=\"text-align: justify; text-indent: 25.5pt;\"><strong><span style=\"font-size: 14pt;\">Ama M&uuml;sl&uuml;man bir toplum Kapitalist veya Sosyalist bir sistemde yozla\u015f\u0131rd\u0131&hellip;<\/span><\/strong><\/p>\n<p style=\"margin-bottom: 0cm; text-align: justify; text-indent: 25.5pt; line-height: 16pt;\"><strong><span style=\"font-size: 12pt; font-family: 'Arial', sans-serif;\">&bull; Dinimiz FA\u0130Z&rsquo;i yasaklarken, D&uuml;zenimiz ticaret ve ekonominin \u015fart\u0131 say\u0131yorsa!..<\/span><\/strong><\/p>\n<p style=\"margin-bottom: 0cm; text-align: justify; text-indent: 25.5pt; line-height: 16pt;\"><strong><span style=\"font-size: 12pt; font-family: 'Arial', sans-serif;\">&bull; Dinimiz KUMAR&rsquo;\u0131 b&uuml;y&uuml;k g&uuml;nah say\u0131yor, D&uuml;zen Loto, Toto, Piyango reklam\u0131 yap\u0131yorsa!..<\/span><\/strong><\/p>\n<p style=\"margin-bottom: 0cm; text-align: justify; text-indent: 25.5pt; line-height: 16pt;\"><strong><span style=\"font-size: 12pt; font-family: 'Arial', sans-serif;\">&bull; Dinimiz Z\u0130NA&rsquo;y\u0131 haram say\u0131yor, D&uuml;zen her t&uuml;rl&uuml; fuh\u015fun &ouml;n&uuml;n&uuml; a&ccedil;\u0131yorsa!..<\/span><\/strong><\/p>\n<p style=\"margin-bottom: 0cm; text-align: justify; text-indent: 25.5pt; line-height: 16pt;\"><strong><span style=\"font-size: 12pt; font-family: 'Arial', sans-serif;\">Bu durumda bir M&uuml;sl&uuml;man:<\/span><\/strong><\/p>\n<p style=\"margin-bottom: 0cm; text-align: justify; text-indent: 25.5pt; line-height: 16pt;\"><strong><span style=\"font-size: 12pt; font-family: 'Arial', sans-serif;\">&bull; Ya Dinine uyacak, ama sistemin imk&acirc;n ve f\u0131rsatlar\u0131ndan mahrum kal\u0131p d\u0131\u015flanacakt\u0131r&hellip;<\/span><\/strong><\/p>\n<p style=\"margin-bottom: 0cm; text-align: justify; text-indent: 25.5pt; line-height: 16pt;\"><strong><span style=\"font-size: 12pt; font-family: 'Arial', sans-serif;\">&bull; Ya D&uuml;zene ve nefsine uyacak, o zaman da vicdan\u0131 yozla\u015facak ve ahl&acirc;k\u0131 bozulacakt\u0131r&hellip;<\/span><\/strong><\/p>\n<p style=\"margin-bottom: 0cm; text-align: justify; text-indent: 25.5pt; line-height: 16pt;\"><strong><span style=\"font-size: 12pt; font-family: 'Arial', sans-serif;\">&bull; Ya da hem D&uuml;zene uyup g&uuml;nahlara dalacak, hem de dindar rol&uuml; oynayacak&hellip; Bu durumda da M&uuml;naf\u0131kla\u015facakt\u0131r&hellip;<\/span><\/strong><\/p>\n<p style=\"text-align: justify; text-indent: 25.5pt;\"><strong><span style=\"font-size: 12pt;\">Tek &ccedil;are AD\u0130L D&Uuml;ZEN&rsquo;e yap\u0131\u015fmak ve bu &ccedil;irkeflerden kurtulmakt\u0131r!..<\/span><\/strong><\/p>\n<p style=\"text-align: justify; text-indent: 25.5pt;\"><strong><span style=\"font-size: 14pt;\">Erdo\u011fan&rsquo;\u0131n En B&uuml;y&uuml;k \u015eans\u0131; Kar\u015f\u0131s\u0131nda Ciddi ve Cesaretli Bir Muhalefetin Bulunmamas\u0131yd\u0131!..<\/span><\/strong><\/p>\n<p style=\"text-align: justify; text-indent: 25.5pt;\"><strong><span style=\"font-size: 12pt;\">Evet, gerekli ve ger&ccedil;ek&ccedil;i hi&ccedil;bir &ccedil;&ouml;z&uuml;m ortaya koyamayan, topluma g&uuml;ven ve umut a\u015f\u0131lamayan bir muhalefet, Erdo\u011fan&rsquo;\u0131 alternatifsiz konuma ta\u015f\u0131maktayd\u0131. CHP Gn. B\u015fk. Kemal K\u0131l\u0131&ccedil;daro\u011flu&rsquo;nun T&uuml;rkiye&rsquo;nin ba\u015fka hi&ccedil;bir sorunu kalmam\u0131\u015f gibi, &ccedil;\u0131k\u0131p: <\/span><\/strong><strong><em><span style=\"font-size: 14pt;\">&ldquo;\u0130ktidara gelirsek ilk icraat\u0131m\u0131z \u0130stanbul S&ouml;zle\u015fmesi&rsquo;ni geri getirmek olacakt\u0131r!..&rdquo;<\/span><\/em><\/strong><span style=\"font-size: 14pt;\"> <\/span><strong><span style=\"font-size: 12pt;\">z\u0131rvalar\u0131, ekonomik ve sosyal tahribatlar\u0131ndan usan\u0131p &ccedil;areler aramaya ba\u015flayan inan&ccedil;l\u0131 halk kesimlerini bile, tekrar Erdo\u011fan&rsquo;\u0131n tuza\u011f\u0131na itmekten ba\u015fka ne i\u015fe yaramaktayd\u0131?<\/span><\/strong><\/p>\n<p style=\"text-align: justify; text-indent: 25.5pt;\"><strong><span style=\"font-size: 12pt;\">Sn. K\u0131l\u0131&ccedil;daro\u011flu, bu kadar a&ccedil;\u0131k bir ger&ccedil;e\u011fi g&ouml;remeyecek kadar bile feraset fukaras\u0131 m\u0131yd\u0131? Hepsini toplasan bir kasabay\u0131 bile doldurmayacak kadar sapk\u0131n ve \u015fa\u015fk\u0131n insanlar\u0131 memnun etmek u\u011fruna bu denli patavats\u0131zl\u0131k yap\u0131l\u0131r m\u0131yd\u0131?<\/span><\/strong><\/p>\n<p style=\"text-align: justify; text-indent: 25.5pt;\"><strong><span style=\"font-size: 14pt;\">\u015eu \u0130Y\u0130 Partili L&uuml;tf&uuml; T&uuml;rkkan <\/span><\/strong><strong><span style=\"font-size: 12pt;\">k&uuml;stah\u0131n\u0131n, \u015fehit yak\u0131n\u0131 bir garibana, hem de polislerce uzakla\u015ft\u0131r\u0131l\u0131p g&ouml;t&uuml;r&uuml;l&uuml;rken, arkadan ko\u015farak kolunu boynuna dolay\u0131p kula\u011f\u0131na <\/span><\/strong><strong><em><span style=\"font-size: 14pt;\">&ldquo;Anas\u0131na, bac\u0131s\u0131na k&uuml;fredecek&rdquo; <\/span><\/em><\/strong><strong><span style=\"font-size: 12pt;\">kadar al&ccedil;almas\u0131n\u0131n, sadece Erdo\u011fan&rsquo;a yarayaca\u011f\u0131n\u0131 hesap edemeyecek kadar mant\u0131k manya\u011f\u0131 m\u0131yd\u0131, yoksa astronomik &ccedil;\u0131karlar kar\u015f\u0131l\u0131\u011f\u0131 iktidara kiralanm\u0131\u015f bir provokat&ouml;r konumunda m\u0131yd\u0131?<\/span><\/strong><\/p>\n<p style=\"text-align: justify; text-indent: 25.5pt;\"><strong><span style=\"font-size: 12pt;\">\u0130\u015fte b&uuml;t&uuml;n bu nedenlerden ve vatanda\u015fl\u0131k mes&rsquo;uliyetimizden dolay\u0131d\u0131r ki, AKP ve Erdo\u011fan iktidar\u0131n\u0131n, i\u015fba\u015f\u0131na ta\u015f\u0131nma hesaplar\u0131n\u0131n ve yapt\u0131klar\u0131 ekonomik, ahl&acirc;ki ve siyasi tahribatlar\u0131n\u0131n boyutlar\u0131n\u0131, planl\u0131 ve hesapl\u0131 a\u015famalar\u0131n\u0131 daha iyi anlamak &uuml;zere, gelin 2002&rsquo;den itibaren irdelemeye ba\u015flayal\u0131m. <\/span><\/strong><\/p>\n<p><strong><span style=\"font-size: 12pt; font-family: 'Arial', sans-serif;\">&nbsp;&nbsp;&nbsp;&nbsp;&nbsp;&nbsp;&nbsp;&nbsp;&nbsp;&nbsp; <\/span><\/strong><\/p>\n<p><strong><span style=\"font-size: 12pt; font-family: 'Arial', sans-serif;\">&nbsp;&nbsp;&nbsp;&nbsp;&nbsp;&nbsp;&nbsp;&nbsp;&nbsp;&nbsp; <\/span><\/strong><\/p>\n<p style=\"margin-bottom: 0cm; text-align: justify; text-indent: 276.45pt; line-height: 16pt;\"><strong><span style=\"font-size: 12pt; font-family: 'Arial', sans-serif;\">Necmettin Erdo\u011fan Bi\u015fkin<\/span><\/strong><\/p>\n<p style=\"margin-bottom: 0cm; text-align: justify; text-indent: 276.45pt; line-height: 16pt;\"><strong><span style=\"font-size: 12pt; font-family: 'Arial', sans-serif;\">&nbsp;&nbsp;&nbsp;&nbsp;&nbsp;&nbsp;&nbsp;&nbsp;&nbsp;&nbsp; <\/span><\/strong><\/p>\n<p style=\"margin-bottom: 0cm; text-align: justify; text-indent: 78pt;\"><strong><span style=\"font-size: 18pt; font-family: 'Arial', sans-serif;\">ERBAKAN&rsquo;A HAVLAYAN H&Ouml;D&Uuml;K!<\/span><\/strong><\/p>\n<p style=\"margin-bottom: 0cm; text-align: justify; text-indent: 63.8pt;\"><strong><span style=\"font-size: 20pt; font-family: 'Arial', sans-serif;\">&nbsp;&nbsp;&nbsp;&nbsp;&nbsp;&nbsp;&nbsp;&nbsp; <\/span><\/strong><\/p>\n<p style=\"margin-bottom: 0cm; text-align: justify; text-indent: 106.35pt; line-height: 16pt;\"><strong><span style=\"font-size: 14pt; font-family: 'Arial', sans-serif;\">Ad\u0131 \u0130smet olan, &ouml;zel edepsiz<\/span><\/strong><\/p>\n<p style=\"margin-bottom: 0cm; text-align: justify; text-indent: 106.35pt; line-height: 16pt;\"><strong><span style=\"font-size: 14pt; font-family: 'Arial', sans-serif;\">Adil D&uuml;zen ona, \u015fer g&ouml;r&uuml;n&uuml;yor&hellip;<\/span><\/strong><\/p>\n<p style=\"margin-bottom: 0cm; text-align: justify; text-indent: 106.35pt; line-height: 16pt;\"><strong><span style=\"font-size: 14pt; font-family: 'Arial', sans-serif;\">Erbakan&rsquo;a h\u0131rlar, yersiz sebepsiz<\/span><\/strong><\/p>\n<p style=\"margin-bottom: 0cm; text-align: justify; text-indent: 106.35pt; line-height: 16pt;\"><strong><span style=\"font-size: 14pt; font-family: 'Arial', sans-serif;\">Hikmet nazar\u0131nda, ker<sup>1<\/sup> g&ouml;r&uuml;n&uuml;yor&hellip;<\/span><\/strong><\/p>\n<p style=\"margin-bottom: 0cm; text-align: justify; text-indent: 106.35pt; line-height: 16pt;\"><strong><span style=\"font-size: 14pt; font-family: 'Arial', sans-serif;\">&nbsp;&nbsp;&nbsp;&nbsp;&nbsp;&nbsp;&nbsp;&nbsp; <\/span><\/strong><\/p>\n<p style=\"margin-bottom: 0cm; text-align: justify; text-indent: 106.35pt; line-height: 16pt;\"><strong><span style=\"font-size: 14pt; font-family: 'Arial', sans-serif;\">\u015eiiri s&ouml;zleri, sanki cac\u0131kt\u0131r<\/span><\/strong><\/p>\n<p style=\"margin-bottom: 0cm; text-align: justify; text-indent: 106.35pt; line-height: 16pt;\"><strong><span style=\"font-size: 14pt; font-family: 'Arial', sans-serif;\">Erdemsiz dengesiz, tavr\u0131 g\u0131c\u0131kt\u0131r<\/span><\/strong><\/p>\n<p style=\"margin-bottom: 0cm; text-align: justify; text-indent: 106.35pt; line-height: 16pt;\"><strong><span style=\"font-size: 14pt; font-family: 'Arial', sans-serif;\">Yi\u011fit rol&uuml; oynar, korkak kanc\u0131kt\u0131r<\/span><\/strong><\/p>\n<p style=\"margin-bottom: 0cm; text-align: justify; text-indent: 106.35pt; line-height: 16pt;\"><strong><span style=\"font-size: 14pt; font-family: 'Arial', sans-serif;\">Ahmak tak\u0131m\u0131na, er g&ouml;r&uuml;n&uuml;yor&hellip;<\/span><\/strong><\/p>\n<p style=\"margin-bottom: 0cm; text-align: justify; text-indent: 106.35pt; line-height: 16pt;\"><strong><span style=\"font-size: 14pt; font-family: 'Arial', sans-serif;\">&nbsp;&nbsp;&nbsp;&nbsp;&nbsp;&nbsp;&nbsp;&nbsp; <\/span><\/strong><\/p>\n<p style=\"margin-bottom: 0cm; text-align: justify; text-indent: 106.35pt; line-height: 16pt;\"><strong><span style=\"font-size: 14pt; font-family: 'Arial', sans-serif;\">Cahil cesur imi\u015f, sayg\u0131s\u0131z h&ouml;d&uuml;k<sup>2<\/sup><\/span><\/strong><\/p>\n<p style=\"margin-bottom: 0cm; text-align: justify; text-indent: 106.35pt; line-height: 16pt;\"><strong><span style=\"font-size: 14pt; font-family: 'Arial', sans-serif;\">Vas\u0131fs\u0131z vicdans\u0131z, &ccedil;ald\u0131\u011f\u0131 d&uuml;d&uuml;k<\/span><\/strong><\/p>\n<p style=\"margin-bottom: 0cm; text-align: justify; text-indent: 106.35pt; line-height: 16pt;\"><strong><span style=\"font-size: 14pt; font-family: 'Arial', sans-serif;\">\u0130tikad\u0131 bozuk, irfan\u0131 g&uuml;d&uuml;k<\/span><\/strong><\/p>\n<p style=\"margin-bottom: 0cm; text-align: justify; text-indent: 106.35pt; line-height: 16pt;\"><strong><span style=\"font-size: 14pt; font-family: 'Arial', sans-serif;\">Beyinsize Eba, Zer g&ouml;r&uuml;n&uuml;yor&hellip;<\/span><\/strong><\/p>\n<p style=\"margin-bottom: 0cm; text-align: justify; text-indent: 106.35pt; line-height: 16pt;\"><strong><span style=\"font-size: 14pt; font-family: 'Arial', sans-serif;\">&nbsp;&nbsp;&nbsp;&nbsp;&nbsp;&nbsp; <\/span><\/strong><\/p>\n<p style=\"margin-bottom: 0cm; text-align: justify; text-indent: 106.35pt; line-height: 16pt;\"><strong><span style=\"font-size: 14pt; font-family: 'Arial', sans-serif;\">Erbakan Hak i&ccedil;in, halka y&ouml;neldi<\/span><\/strong><\/p>\n<p style=\"margin-bottom: 0cm; text-align: justify; text-indent: 106.35pt; line-height: 16pt;\"><strong><span style=\"font-size: 14pt; font-family: 'Arial', sans-serif;\">Hep ilim ku\u015fand\u0131, cehdle bilendi<\/span><\/strong><\/p>\n<p style=\"margin-bottom: 0cm; text-align: justify; text-indent: 106.35pt; line-height: 16pt;\"><strong><span style=\"font-size: 14pt; font-family: 'Arial', sans-serif;\">C&uuml;mle \u015eeytaniler, d&uuml;\u015fman kesildi<\/span><\/strong><\/p>\n<p style=\"margin-bottom: 0cm; text-align: justify; text-indent: 106.35pt; line-height: 16pt;\"><strong><span style=\"font-size: 14pt; font-family: 'Arial', sans-serif;\">Aln\u0131nda nur onur, ter g&ouml;r&uuml;n&uuml;yor&hellip;<\/span><\/strong><\/p>\n<p style=\"margin-bottom: 0cm; text-align: justify; text-indent: 106.35pt; line-height: 16pt;\"><strong><span style=\"font-size: 14pt; font-family: 'Arial', sans-serif;\">&nbsp;&nbsp;&nbsp;&nbsp;&nbsp;&nbsp; <\/span><\/strong><\/p>\n<p style=\"margin-bottom: 0cm; text-align: justify; text-indent: 1cm; line-height: 16pt;\"><span style=\"font-size: 12pt; font-family: 'Arial', sans-serif;\"><\/span><\/p>\n<p style=\"margin-bottom: 0cm; text-align: justify; text-indent: 1cm; line-height: 16pt;\"><strong><span style=\"font-size: 12pt; font-family: 'Arial', sans-serif;\">1- Ker:<\/span><\/strong><span style=\"font-size: 12pt; font-family: 'Arial', sans-serif;\"> E\u015fek (K&uuml;rt&ccedil;e).<\/span><\/p>\n<p style=\"margin-bottom: 0cm; text-align: justify; text-indent: 1cm; line-height: 16pt;\"><strong><span style=\"font-size: 12pt; font-family: 'Arial', sans-serif;\">2- H&ouml;d&uuml;k:<\/span><\/strong><span style=\"font-size: 12pt; font-family: 'Arial', sans-serif;\"> Anlay\u0131\u015f\u0131 k\u0131t ve k\u0131s\u0131r, aptal ve ars\u0131z.<\/span><\/p>\n<p style=\"margin-bottom: 0cm; text-align: justify; text-indent: 1cm; line-height: 16pt;\"><span style=\"font-size: 12pt; font-family: 'Arial', sans-serif;\"><\/span><\/p>\n<p>&nbsp;<\/p>\n<hr style=\"text-align: left;\" size=\"1\" width=\"33%\" \/>\n<p style=\"text-indent: -7.1pt;\">&nbsp; <a href=\"#ftnref1\" id=\"ftn1\" style=\"vertical-align: super;\">[1]<\/a><span style=\"font-size: 9pt;\"> 18 Kas\u0131m 2021 \/ Aslan Bulut&nbsp; <br \/><\/span><\/p>\n<p style=\"text-indent: -7.1pt;\">&nbsp; <a href=\"#ftnref2\" id=\"ftn2\" style=\"vertical-align: super;\">[2]<\/a><span style=\"font-size: 9pt;\"> \u0130smet &Ouml;zel ve \u015eiirleri \/ 12 Temmuz 2015 \/ &#8216;Necmettin Erbakan Nazi art\u0131klar\u0131 taraf\u0131ndan siyasete sokulmu\u015f bir adam&#8217;<\/span><\/p>\n<p style=\"text-indent: -7.1pt;\">&nbsp; <a href=\"#ftnref3\" id=\"ftn3\" style=\"vertical-align: super;\">[3]<\/a><span style=\"font-size: 9pt;\"> \u0130smet &Ouml;ZEL \/ \u0130stikl&acirc;l Y&uuml;r&uuml;y&uuml;\u015f&uuml; II, syf: 110 \/ (<a>https:\/\/ar-ar.facebook.com\/1432891263653881<\/a><\/span><\/p>\n<p>&nbsp;<\/p>\n","protected":false},"excerpt":{"rendered":"<p>&nbsp; ERDO\u011eAN&rsquo;IN FA\u0130Z \u0130ST\u0130SMARI, T&Uuml;RK\u0130YE&rsquo;N\u0130N TIKANMASI VE \u0130SMET &Ouml;ZEL&rsquo;\u0130N K&Uuml;STAHLI\u011eI &nbsp;&nbsp;&nbsp;&nbsp;&nbsp;&nbsp;&nbsp;&nbsp; Bu &uuml;lkenin en b&uuml;y&uuml;k sorunlar\u0131ndan birisi de Din istismar\u0131d\u0131r. Elbette bu istismarc\u0131l\u0131\u011f\u0131n en &ouml;nemli nedenlerinin ba\u015f\u0131nda ise, baz\u0131 kesimlerin Din d&uuml;\u015fmanl\u0131\u011f\u0131n\u0131 saymak laz\u0131md\u0131r. Maalesef Tarikatlar, Cemaatler, Dernekler, Partiler ve H&uuml;k&uuml;metlerce; &bull; Hem taraftar toplamak, &bull; Hem maddi kazan&ccedil; sa\u011flamak, &bull; Hem etkinlik ve yetkinliklerini [&hellip;]<\/p>\n","protected":false},"author":4,"featured_media":0,"comment_status":"open","ping_status":"closed","sticky":false,"template":"","format":"standard","meta":{"footnotes":""},"categories":[257],"tags":[],"class_list":["post-6533","post","type-post","status-publish","format-standard","hentry","category-ocak-2022"],"_links":{"self":[{"href":"https:\/\/www.millicozum.com\/mc\/wp-json\/wp\/v2\/posts\/6533","targetHints":{"allow":["GET"]}}],"collection":[{"href":"https:\/\/www.millicozum.com\/mc\/wp-json\/wp\/v2\/posts"}],"about":[{"href":"https:\/\/www.millicozum.com\/mc\/wp-json\/wp\/v2\/types\/post"}],"author":[{"embeddable":true,"href":"https:\/\/www.millicozum.com\/mc\/wp-json\/wp\/v2\/users\/4"}],"replies":[{"embeddable":true,"href":"https:\/\/www.millicozum.com\/mc\/wp-json\/wp\/v2\/comments?post=6533"}],"version-history":[{"count":0,"href":"https:\/\/www.millicozum.com\/mc\/wp-json\/wp\/v2\/posts\/6533\/revisions"}],"wp:attachment":[{"href":"https:\/\/www.millicozum.com\/mc\/wp-json\/wp\/v2\/media?parent=6533"}],"wp:term":[{"taxonomy":"category","embeddable":true,"href":"https:\/\/www.millicozum.com\/mc\/wp-json\/wp\/v2\/categories?post=6533"},{"taxonomy":"post_tag","embeddable":true,"href":"https:\/\/www.millicozum.com\/mc\/wp-json\/wp\/v2\/tags?post=6533"}],"curies":[{"name":"wp","href":"https:\/\/api.w.org\/{rel}","templated":true}]}}