{"id":6588,"date":"2022-02-01T17:58:27","date_gmt":"2022-02-01T17:58:27","guid":{"rendered":"https:\/\/www.millicozum.com\/mc\/2022\/02\/01\/turkiyenin-ve-turki-cumhuriyetlerin-kurtulusu-yahudi-hahamlara-mi-kalmisti\/"},"modified":"2022-02-01T17:58:27","modified_gmt":"2022-02-01T17:58:27","slug":"turkiyenin-ve-turki-cumhuriyetlerin-kurtulusu-yahudi-hahamlara-mi-kalmisti","status":"publish","type":"post","link":"https:\/\/www.millicozum.com\/mc\/ozel-yazilar\/turkiyenin-ve-turki-cumhuriyetlerin-kurtulusu-yahudi-hahamlara-mi-kalmisti\/","title":{"rendered":"T\u00dcRK\u0130YE\u2019N\u0130N VE T\u00dcRK\u0130 CUMHUR\u0130YETLER\u0130N KURTULU\u015eU, YAHUD\u0130 HAHAMLARA MI KALMI\u015eTI!?"},"content":{"rendered":"\n<p>\u00a0<\/p>\n<p style=\"margin-bottom: 0cm; text-align: center;\"><strong><span style=\"font-size: 17pt; font-family: 'Arial', sans-serif;\">T\u00dcRK\u0130YE&rsquo;N\u0130N VE T\u00dcRK\u0130 CUMHUR\u0130YETLER\u0130N KURTULU\u015eU,<\/span><\/strong><\/p>\n<p style=\"margin-bottom: 0cm; text-align: center;\"><strong><span style=\"font-size: 17pt; font-family: 'Arial', sans-serif;\">YAHUD\u0130 HAHAMLARA MI KALMI\u015eTI!?<\/span><\/strong><\/p>\n<p style=\"margin-bottom: 0cm; text-align: justify; text-indent: 25.5pt; line-height: 16pt;\"><strong><span style=\"font-size: 16pt; font-family: 'Arial', sans-serif;\">\u00a0\u00a0\u00a0\u00a0\u00a0\u00a0 <\/span><\/strong><\/p>\n<p style=\"margin-bottom: 0cm; text-align: justify; text-indent: 25.5pt; line-height: 16pt;\"><strong><span style=\"font-size: 14pt; font-family: 'Arial', sans-serif;\">Kazakistan&#8217;da Para Sa\u00e7an ABD&rsquo;li Siyonist Vak\u0131f T\u00fcrkiye&#8217;ye de El Atm\u0131\u015ft\u0131<\/span><\/strong><\/p>\n<p style=\"margin-bottom: 0cm; text-align: justify; text-indent: 25.5pt; line-height: 16pt;\"><strong><span style=\"font-size: 12pt; font-family: 'Arial', sans-serif;\">Siyonist ama\u00e7l\u0131 NED&#8217;in T\u00fcrkiye&#8217;ye 2018&rsquo;de 2 milyon 41 bin dolar, 2020&rsquo;de de 2 milyon 567 bin dolar aktard\u0131\u011f\u0131 anla\u015f\u0131lm\u0131\u015ft\u0131. Vakf\u0131n kay\u0131tlar\u0131nda 2019&rsquo;a dair herhangi bir bilgiye yer verilmemesi enteresand\u0131. T\u00fcm d\u00fcnya Kazakistan&rsquo;daki olaylar\u0131 izlerken ba\u015fta Rusya ve eski Sovyetler Birli\u011fi \u00fclkelerinin destekleri &ldquo;Bar\u0131\u015f G\u00fcc\u00fc&rdquo; birliklerinin \u00fclkeye m\u00fcdahalesi \u00e7ok tart\u0131\u015f\u0131lm\u0131\u015ft\u0131. Hayret, ayn\u0131 Siyonist NED Vakf\u0131&rsquo;n\u0131n, Kazakistan&rsquo;\u0131 kar\u0131\u015ft\u0131ran karanl\u0131k odaklara milyonlarca dolar aktard\u0131\u011f\u0131 da ortaya \u00e7\u0131km\u0131\u015ft\u0131.<\/span><\/strong><\/p>\n<p style=\"margin-bottom: 0cm; text-align: justify; text-indent: 25.5pt; line-height: 16pt;\"><strong><span style=\"font-size: 14pt; font-family: 'Arial', sans-serif;\">Kazakistan h\u00fck\u00fcmetinin talebiyle \u00fclkeye gelen birliklerin m\u00fcdahaleleri kanl\u0131 sonu\u00e7lara yol a\u00e7m\u0131\u015ft\u0131!<\/span><\/strong><\/p>\n<p style=\"margin-bottom: 0cm; text-align: justify; text-indent: 25.5pt; line-height: 16pt;\"><strong><span style=\"font-size: 12pt; font-family: 'Arial', sans-serif;\">Fakat tam bu m\u00fcdahaleler konu\u015fulurken, ABD Kongresi taraf\u0131ndan fonlanan ve CIA&#8217;n\u0131n yan kurulu\u015flar\u0131ndan biri olarak hareket etmekle su\u00e7lanan Yahudi kaynakl\u0131 Ulusal Demokrasi Vakf\u0131&rsquo;n\u0131n <\/span><\/strong><strong><em><span style=\"font-size: 14pt; font-family: 'Arial', sans-serif;\">(National Endowment for Democracy &ndash; NED)<\/span><\/em><\/strong><strong><span style=\"font-size: 12pt; font-family: 'Arial', sans-serif;\">, Kazakistan&#8217;daki vak\u0131flara eylemlerden \u00f6nceki 4 y\u0131lda 2.5 milyon dolar aktard\u0131\u011f\u0131 ortaya \u00e7\u0131km\u0131\u015ft\u0131. Ayn\u0131 vakf\u0131n T\u00fcrkiye i\u00e7in harcanmak \u00fczere \u00e7e\u015fitli vak\u0131flara da 2018&rsquo;de 2 milyon 41 bin dolar, 2020&rsquo;de de 2 milyon 567 bin dolar aktard\u0131\u011f\u0131 da anla\u015f\u0131lm\u0131\u015ft\u0131. Vakf\u0131n kay\u0131tlar\u0131nda 2019&rsquo;a dair herhangi bir bilgiye yer verilmemesi de enteresand\u0131.<\/span><\/strong><span style=\"font-size: 12pt; font-family: 'Arial', sans-serif;\"> <\/span><\/p>\n<p style=\"margin-bottom: 0cm; text-align: justify; text-indent: 25.5pt; line-height: 16pt;\"><strong><span style=\"font-size: 14pt; font-family: 'Arial', sans-serif;\">Aktar\u0131lan rakamlara g\u00f6re T\u00fcrkiye&rsquo;deki \u00e7e\u015fitli &#8220;demokrasi projelerini&#8221; desteklemek ad\u0131na 2020&rsquo;de harcanan para \u015f\u00f6yle s\u0131ralanm\u0131\u015ft\u0131:<\/span><\/strong><\/p>\n<p style=\"margin-bottom: 0cm; text-align: justify; text-indent: 25.5pt; line-height: 16pt;\"><strong><em><span style=\"font-size: 12pt; font-family: 'Arial', sans-serif;\">&ldquo;STK&rsquo;lar\u0131 g\u00fc\u00e7lendirmek&rdquo; amac\u0131yla Sivil Toplum Geli\u015ftirme Derne\u011fi&rsquo;ne 56 bin dolar.<\/span><\/em><\/strong><\/p>\n<p style=\"margin-bottom: 0cm; text-align: justify; text-indent: 25.5pt; line-height: 16pt;\"><strong><em><span style=\"font-size: 12pt; font-family: 'Arial', sans-serif;\">&ldquo;Demokratik Bo\u015flu\u011fu Kapatmak \u0130\u00e7in Ba\u011f\u0131ms\u0131z Sesleri G\u00fc\u00e7lendirmek&rdquo; amac\u0131yla Uluslararas\u0131 \u00d6zel Giri\u015fim Merkezi&rsquo;ne (CIPE) 238 bin 732 dolar.<\/span><\/em><\/strong><\/p>\n<p style=\"margin-bottom: 0cm; text-align: justify; text-indent: 25.5pt; line-height: 16pt;\"><strong><em><span style=\"font-size: 12pt; font-family: 'Arial', sans-serif;\">T\u00fcrkiye \u00f6zelinde, &ldquo;Demokratik Bir Gelece\u011fe Yat\u0131r\u0131m&rdquo; gerek\u00e7esiyle ABD&rsquo;li Uluslararas\u0131 Cumhuriyet\u00e7iler Enstit\u00fcs\u00fc&rsquo;ne (IRI) 700 bin dolar.<\/span><\/em><\/strong><\/p>\n<p style=\"margin-bottom: 0cm; text-align: justify; text-indent: 25.5pt; line-height: 16pt;\"><strong><em><span style=\"font-size: 12pt; font-family: 'Arial', sans-serif;\">&ldquo;Yolsuzlukla M\u00fccadele ve Demokratik Y\u00f6netimde \u00d6zel Sekt\u00f6r Liderli\u011fi&rdquo; ba\u015fl\u0131\u011f\u0131yla CIPE&rsquo;ye 484 bin 227 dolar.<\/span><\/em><\/strong><\/p>\n<p style=\"margin-bottom: 0cm; text-align: justify; text-indent: 25.5pt; line-height: 16pt;\"><strong><em><span style=\"font-size: 12pt; font-family: 'Arial', sans-serif;\">&ldquo;Dijital Medya Yoluyla Demokratik Fikir ve De\u011ferleri Te\u015fvik Etmek&rdquo; ve &ldquo;\u00f6rg\u00fctlenme \u00f6zg\u00fcrl\u00fc\u011f\u00fc&rdquo; amac\u0131yla toplamda 78 bin dolar. <\/span><\/em><\/strong><\/p>\n<p style=\"margin-bottom: 0cm; text-align: justify; text-indent: 25.5pt; line-height: 16pt;\"><strong><em><span style=\"font-size: 12pt; font-family: 'Arial', sans-serif;\">&ldquo;Sivil Toplum ve Yerel Y\u00f6netim Aras\u0131ndaki Ortakl\u0131\u011f\u0131n Te\u015fvik Edilmesi&rdquo; ba\u015fl\u0131\u011f\u0131 alt\u0131nda Ulusal Demokrasi Enstit\u00fcs\u00fc&rsquo;ne (NDI) 750 bin dolar.<\/span><\/em><\/strong><\/p>\n<p style=\"margin-bottom: 0cm; text-align: justify; text-indent: 25.5pt; line-height: 16pt;\"><strong><em><span style=\"font-size: 12pt; font-family: 'Arial', sans-serif;\">&ldquo;Hesap Verebilirlik ve Y\u00f6neti\u015fim&rdquo; amac\u0131yla toplamda iki ayr\u0131 kalemde 138 bin dolar.<\/span><\/em><\/strong><\/p>\n<p style=\"margin-bottom: 0cm; text-align: justify; text-indent: 25.5pt; line-height: 16pt;\"><strong><em><span style=\"font-size: 12pt; font-family: 'Arial', sans-serif;\">&ldquo;Ba\u011f\u0131ms\u0131z Gazetecilere Hukuki Destek Sa\u011flamak&rdquo; ba\u015fl\u0131\u011f\u0131 alt\u0131nda 50 bin dolar.<\/span><\/em><\/strong><\/p>\n<p style=\"margin-bottom: 0cm; text-align: justify; text-indent: 25.5pt; line-height: 16pt;\"><strong><em><span style=\"font-size: 12pt; font-family: 'Arial', sans-serif;\">&ldquo;Medya \u00d6zg\u00fcrl\u00fc\u011f\u00fcn\u00fcn ve Akademik Haklar\u0131n Desteklenmesi&rdquo; i\u00e7in ise 70 bin dolar.[1] <\/span><\/em><\/strong><strong><span style=\"font-size: 12pt; font-family: 'Arial', sans-serif;\">B\u00fct\u00fcn bu derneklerin ve te\u015fekk\u00fcllerin hangi maksatlarla kurulduklar\u0131 ve hangi karanl\u0131k odaklara hizmet sunduklar\u0131 da b\u00f6ylece ortaya \u00e7\u0131km\u0131\u015ft\u0131.<\/span><\/strong><\/p>\n<p style=\"margin-bottom: 0cm; text-align: justify; text-indent: 25.5pt; line-height: 16pt;\"><strong><span style=\"font-size: 12pt; font-family: 'Arial', sans-serif;\">Acaba, Kazakistan&rsquo;daki i\u00e7 kar\u0131\u015f\u0131kl\u0131klar\u0131 k\u0131z\u0131\u015ft\u0131ran bu Yahudi Vakf\u0131 NED&rsquo;in, Erdo\u011fan&rsquo;a dualar edip \u00f6vg\u00fcler dizen <\/span><\/strong><strong><em><span style=\"font-size: 14pt; font-family: 'Arial', sans-serif;\">&ldquo;T\u00fcrk ve \u0130slam \u00dclkeleri Yahudi Ba\u015fhahamlar\u0131yla&rdquo; <\/span><\/em><\/strong><strong><span style=\"font-size: 12pt; font-family: 'Arial', sans-serif;\">irtibatlar\u0131n\u0131 hangi k\u0131l\u0131fla me\u015frula\u015ft\u0131rmaktayd\u0131?<\/span><\/strong><\/p>\n<p style=\"margin-bottom: 0cm; text-align: justify; text-indent: 25.5pt; line-height: 16pt;\"><strong><span style=\"font-size: 12pt; font-family: 'Arial', sans-serif;\">Hat\u0131rlayacaks\u0131n\u0131z, 2022&rsquo;nin Ocak ay\u0131nda d\u00fcnya kamuoyu; Rusya&#8217;n\u0131n bir Avrasya askeri ittifak\u0131 olan Kolektif G\u00fcvenlik Antla\u015fmas\u0131 \u00d6rg\u00fct\u00fc (CSTO) kapsam\u0131nda Rus askerlerinin eski Sovyet Cumhuriyetinden ayr\u0131lan Kazakistan&rsquo;a konu\u015fland\u0131r\u0131lmas\u0131n\u0131 tart\u0131\u015fm\u0131\u015ft\u0131. Orta Asya&#8217;daki eski Sovyet Cumhuriyetlerinin en istikrarl\u0131s\u0131 olarak g\u00f6r\u00fclen enerji zengini Kazakistan, haftalarca s\u00fcren, artan akaryak\u0131t fiyatlar\u0131na y\u00f6nelik protestolar\u0131n ayaklanmaya d\u00f6n\u00fc\u015fmesinin ard\u0131ndan, on y\u0131llar\u0131n en b\u00fcy\u00fck krizini ya\u015fam\u0131\u015ft\u0131. T\u00fcm d\u00fcnyada oldu\u011fu gibi T\u00fcrk kamuoyu da, olup biteni anlamaya \u00e7al\u0131\u015fmaktayd\u0131. Pek \u00e7ok insan, T\u00fcrk Devletleri Te\u015fkilat\u0131&#8217;n\u0131n aktif payda\u015f\u0131 Kazakistan&rsquo;\u0131n, <em>Rusya y\u00f6r\u00fcngesinde yeniden konu\u015fland\u0131r\u0131lmas\u0131 i\u00e7in Moskova y\u00f6netimi taraf\u0131ndan cezaland\u0131r\u0131ld\u0131\u011f\u0131n\u0131 <\/em>sanm\u0131\u015ft\u0131. Onlara g\u00f6re Kazakistan&#8217;\u0131n \u00e7e\u015fitlendirilmi\u015f s\u00fcrd\u00fcr\u00fclebilir uluslararas\u0131 ili\u015fkiler networkuna dahil olma \u00e7abalar\u0131 Putin&#8217;i rahats\u0131z edip k\u0131zd\u0131rm\u0131\u015ft\u0131. <\/span><\/strong><\/p>\n<p style=\"margin-bottom: 0cm; text-align: justify; text-indent: 25.5pt; line-height: 16pt;\"><strong><span style=\"font-size: 12pt; font-family: 'Arial', sans-serif;\">Bu s\u0131rada, T\u00fcrkiye Cumhuriyeti Devletinin, Kazakistan&#8217;daki olaylar\u0131 so\u011fukkanl\u0131l\u0131kla kar\u015f\u0131lamas\u0131, <em>sanki Turan Ordusu ile T\u00fcrk Devletleri Te\u015fkilat\u0131na \u00f6nayak olan Ankara de\u011filmi\u015f gibi<\/em> davranmas\u0131, baz\u0131 kesimlerde hayal k\u0131r\u0131kl\u0131\u011f\u0131 yaratm\u0131\u015ft\u0131. Hatta, bu hayal k\u0131r\u0131kl\u0131\u011f\u0131n\u0131 ya\u015fayanlardan bir k\u0131sm\u0131 dayanamam\u0131\u015f <em>&#8220;Sahi T\u00fcrk Devletleri Te\u015fkilat\u0131, Turan Ordusu neden s\u0131rra kadem bast\u0131? Bizim titrek Aksakal\u0131m\u0131z T\u00fcrk D\u00fcnyas\u0131ndaki \u00f6zg\u00fcl a\u011f\u0131rl\u0131\u011f\u0131n\u0131 neden hissettirmiyor?&#8221;<\/em> diye sormu\u015flard\u0131.<\/span><\/strong><\/p>\n<p style=\"margin-bottom: 0cm; text-align: justify; text-indent: 25.5pt; line-height: 16pt;\"><strong><em><span style=\"font-size: 12pt; font-family: 'Arial', sans-serif;\">&ldquo;Ama ne hikmetse kimsenin akl\u0131na Hazar Hanl\u0131\u011f\u0131&rsquo;n\u0131n \u00e7a\u011fda\u015f muhaf\u0131zlar\u0131 hi\u00e7 tak\u0131lmam\u0131\u015ft\u0131! Oysa Kazakistan olaylar\u0131 patlak vermeden iki hafta \u00f6nce \u0130stanbul&rsquo;da toplanan <\/span><\/em><\/strong><strong><span style=\"font-size: 14pt; font-family: 'Arial', sans-serif;\">Hahamlar Kurultay\u0131<\/span><\/strong><strong><em><span style=\"font-size: 12pt; font-family: 'Arial', sans-serif;\">, T\u00fcrk D\u00fcnyas\u0131n\u0131n Ba\u015f Ka\u011fan\u0131n\u0131 ve \u0130slam \u00c2leminin liderini (imam\u0131n\u0131!) \u00e7oktan ilan etmi\u015f, T\u00fcrk Cumhurba\u015fkan\u0131 Recep Tayyip Erdo\u011fan&rsquo;a &lsquo;Menora&rsquo; (ba\u015far\u0131 ve ba\u011fl\u0131l\u0131k dualar\u0131 ve sekiz kollu \u015famdan ni\u015fanlar\u0131) sunmu\u015flard\u0131.&rdquo; <\/span><\/em><\/strong><strong><span style=\"font-size: 12pt; font-family: 'Arial', sans-serif;\">(Bu bulu\u015fman\u0131n foto\u011fraf\u0131 ve yorumlar\u0131 Milli \u00c7\u00f6z\u00fcm sitesinde de yay\u0131nlanm\u0131\u015ft\u0131.)<\/span><\/strong><\/p>\n<p style=\"margin-bottom: 0cm; text-align: justify; text-indent: 25.5pt; line-height: 16pt;\"><strong><span style=\"font-size: 14pt; font-family: 'Arial', sans-serif;\">\u015eimdi Sn. yazara sormak laz\u0131md\u0131: <em>&ldquo;Bu sunumun ikonografik anlam\u0131, T\u00fcrkler ve M\u00fcsl\u00fcmanlar d\u0131\u015f\u0131nda Yahudilerin de yery\u00fcz\u00fcnde T\u00fcrkiye&rsquo;nin liderli\u011fini kabul etmeleri demek miydi&rdquo;,<\/em> yoksa T\u00fcrkiye&rsquo;yi ve Erdo\u011fan y\u00f6netimini, Siyonizm&rsquo;in hizmet\u00e7ileri g\u00f6rme merasimleri miydi?<\/span><\/strong><\/p>\n<p style=\"margin-bottom: 0cm; text-align: justify; text-indent: 25.5pt; line-height: 16pt;\"><strong><span style=\"font-size: 12pt; font-family: 'Arial', sans-serif;\">Bu toplant\u0131ya tan\u0131kl\u0131k eden T\u00fcrk ve \u0130slam \u00dclkeleri Yahudi Cemaati Hahamlar\u0131: D\u00fcnya Da\u011f Yahudileri Kongresi Ba\u015fkan\u0131 Akif Gilalov, Rusya Hahamba\u015f\u0131 Berel Lazar, Rusya hahamlar\u0131 \u0130tschak Deutsch, Dani Krichevsky, Bak\u00fc Haham\u0131 Shneur Elimelech, Buhara \u00d6zbekistan Yahudi Kongresi Ba\u015fkan Yard\u0131mc\u0131s\u0131 Edi Mordechayev, K\u0131rg\u0131zistan Hahamba\u015f\u0131 Arie Reichman, Kazakistan Hahamba\u015f\u0131 Yeshaya Cohen, Almat\u0131 hahamlar\u0131 Saadya Liberov, Elchanan Cohen, Nursultan Haham\u0131 Shmuel Karnauh&hellip; \u0130\u015fte <em>&ldquo;Kazakistan&rsquo;da ger\u00e7ekle\u015fen operasyon, bu Haham heyetinin tasarrufudur&rdquo;<\/em> ifadesi, inan\u0131n havada kalmayacak (\u00e7arp\u0131c\u0131 bir iddiayd\u0131!..)<\/span><\/strong><\/p>\n<p style=\"margin-bottom: 0cm; text-align: justify; text-indent: 25.5pt; line-height: 16pt;\"><strong><span style=\"font-size: 12pt; font-family: 'Arial', sans-serif;\">Menora&rsquo;n\u0131n bir\u00e7ok simgesel anlam\u0131n\u0131n ba\u015f\u0131nda <\/span><\/strong><strong><em><span style=\"font-size: 14pt; font-family: 'Arial', sans-serif;\">&ldquo;Devaml\u0131 I\u015f\u0131k&rdquo;<\/span><\/em><\/strong><span style=\"font-size: 14pt; font-family: 'Arial', sans-serif;\"> <\/span><strong><span style=\"font-size: 12pt; font-family: 'Arial', sans-serif;\">gelmektedir. Tanr\u0131, yeri ve g\u00f6\u011f\u00fc yaratt\u0131ktan sonra <\/span><\/strong><strong><em><span style=\"font-size: 14pt; font-family: 'Arial', sans-serif;\">&ldquo;I\u015f\u0131k olsun&rdquo;<\/span><\/em><\/strong><span style=\"font-size: 14pt; font-family: 'Arial', sans-serif;\"> <\/span><strong><span style=\"font-size: 12pt; font-family: 'Arial', sans-serif;\">demi\u015ftir. Bu \u0131\u015f\u0131k, evrenin, ruhlar\u0131n ve bilimin ayd\u0131nl\u0131\u011f\u0131n\u0131 da simgelemekteydi. \u0130sterseniz konuyu biraz detayland\u0131ray\u0131m.\u00a0<\/span><\/strong><\/p>\n<p style=\"margin-bottom: 0cm; text-align: justify; text-indent: 25.5pt; line-height: 16pt;\"><strong><span style=\"font-size: 14pt; font-family: 'Arial', sans-serif;\">Kazakistan Olaylar\u0131n\u0131 Anlama K\u0131lavuzu (olarak); \u0130slam \u00dclkeleri Hahamlar \u0130ttifak\u0131 \u0130stanbul Bulu\u015fmas\u0131&rsquo;n\u0131 (iyi okumak laz\u0131md\u0131!..)<\/span><\/strong><\/p>\n<p style=\"margin-bottom: 0cm; text-align: justify; text-indent: 25.5pt; line-height: 16pt;\"><strong><span style=\"font-size: 12pt; font-family: 'Arial', sans-serif;\">2019\u00a0y\u0131l\u0131nda kurulan\u00a0\u0130slam \u00dclkeleri Hahamlar \u0130ttifak\u0131na\u00a0\u00fcyelikleri bulunan ve\u00a0ARIS\u00a0\u00e7at\u0131s\u0131 alt\u0131nda yer alan,\u00a0Arnavutluk, Azerbaycan, Fas, T\u00fcrkiye, Tunus, \u0130ran, Kazakistan, Kosova, K\u0131rg\u0131zistan, BAE, Uganda, \u00d6zbekistan, Nijerya Hahamlar\u0131 ile Kuzey K\u0131br\u0131s, Tataristan ve Ba\u015fkurdistan gibi \u00f6zerk \u00fclkelerin hahamlar\u0131 da <\/span><\/strong><strong><em><span style=\"font-size: 14pt; font-family: 'Arial', sans-serif;\">22 Aral\u0131k\u00b4ta \u0130slam \u00dclkeleri Hahamlar \u0130ttifak\u0131n\u0131n<\/span><\/em><\/strong><span style=\"font-size: 14pt; font-family: 'Arial', sans-serif;\"> <\/span><strong><span style=\"font-size: 12pt; font-family: 'Arial', sans-serif;\">ilk toplant\u0131s\u0131n\u0131 yapm\u0131\u015flard\u0131. T\u00fcrk Yahudi Toplumu\u00a0y\u00f6netimi ve\u00a0T\u00fcrkiye Hahamba\u015f\u0131l\u0131\u011f\u0131\u00a0himaye ve davetinde \u0130slam \u00dclkeleri Hahamlar\u0131 \u0130ttifak\u0131n\u0131n (Alliance of Rabbis in Islamic States &ndash; ARIS) hahamlar\u0131 \u0130stanbul&rsquo;da bulu\u015ftuklar\u0131nda, T\u00fcrkiye Cumhurba\u015fkan\u0131 Erdo\u011fan ile g\u00f6r\u00fc\u015feceklerini bilmiyorlar(m\u0131\u015f!?..) Cumhurba\u015fkan\u0131 Erdo\u011fan&#8217;la s\u00fcrpriz g\u00f6r\u00fc\u015fme, \u0130stanbul&#8217;daki Yahudi m\u00fczesine yap\u0131lan ziyaretin ve T\u00fcrk hahamlar\u0131n\u0131n merkez sinagogu\u00a0Neve \u015ealom&#8217;da verilen gala yeme\u011finin yerini alm\u0131\u015f(m\u0131\u015f&hellip;)<\/span><\/strong><\/p>\n<p style=\"margin-bottom: 0cm; text-align: justify; text-indent: 25.5pt; line-height: 16pt;\"><strong><span style=\"font-size: 14pt; font-family: 'Arial', sans-serif;\">Toplant\u0131 i\u00e7in \u0130stanbul&rsquo;a gelen hahamlar, s\u00fcrpriz davet \u00fczerine Cumhurba\u015fkan\u0131 Erdo\u011fan&rsquo;\u0131n g\u00f6nderdi\u011fi \u00f6zel u\u00e7akla Ankara&rsquo;ya ta\u015f\u0131nm\u0131\u015flard\u0131.<\/span><\/strong><\/p>\n<p style=\"margin-bottom: 0cm; text-align: justify; text-indent: 25.5pt; line-height: 16pt;\"><strong><span style=\"font-size: 14pt; font-family: 'Arial', sans-serif;\">Heyette \u015fu Hahamlar yer alm\u0131\u015ft\u0131; <\/span><\/strong><strong><span style=\"font-size: 12pt; font-family: 'Arial', sans-serif;\">&#8220;T\u00fcrkiye Hahamba\u015f\u0131 \u0130shak Haleva, T\u00fcrkiye Hahamba\u015f\u0131s\u0131 Genel Sekreteri Yusuf Alt\u0131nta\u015f, T\u00fcrk Yahudi Toplumu Ba\u015fkan Vekili Moris Levi, T\u00fcrk Yahudi Toplumu Ba\u015fkan Asistan\u0131 Yusuf Desaban, T\u00fcrk Yahudi Toplumu Delegasyon Ba\u015fkanlar\u0131 \u0130shak \u0130brahimzadeh ve Erol Kohen, ARIS Ba\u015fkan\u0131 ve \u0130stanbul A\u015fkenaz Cemaati Haham\u0131 Mendy Chitrik, ARIS Kurul Koordinat\u00f6r\u00fc Reuben Eli Ovits, D\u00fcnya Da\u011f Yahudileri Kongresi Ba\u015fkan\u0131 Akif Gilalov, Buhara \u00d6zbekistan Yahudi Kongresi Ba\u015fkan Yard\u0131mc\u0131s\u0131 Edi Mordechayev, Arnavutluk ve Kosova Hahamba\u015f\u0131 Yoel Kaplan, Azerbaycan Hahamba\u015f\u0131 Shneur Segal, \u0130ran Hahamba\u015f\u0131 Yehuda Gerami, K\u0131rg\u0131zistan Hahamba\u015f\u0131 Arie Reichman, Kazakistan Hahamba\u015f\u0131 Yeshaya Cohen, Rusya Hahamba\u015f\u0131 Berel Lazar, Uganda Hahamba\u015f\u0131 Moshe Raskin, eski M\u0131s\u0131r Hahamba\u015f\u0131 Avraham Dayan, \u0130stanbul hahamlar\u0131 Menachem Porush, David Sevi, Naftali Haleva, \u0130shak Alaluf, Avraam Gerson, Izak Peres, Birle\u015fik Arap Emirlikleri Haham\u0131 Levi Duchman, KKTC Haham\u0131 Chaim Hillel Azimov, Rusya hahamlar\u0131 \u0130tschak Deutsch, Dani Krichevsky, \u0130ran Cemaati New York temsilcisi Zelman Lowenthal, Almati hahamlar\u0131 Saadya Liberov, Elchanan Cohen, Bak\u00fc Haham\u0131 Shneur Elimelech, \u0130sfahan Haham\u0131 Eliyahu Saidian, Nursultan Haham\u0131 Shmuel Karnauh.&#8221;\u00a0<\/span><\/strong><\/p>\n<p style=\"margin-bottom: 0cm; text-align: justify; text-indent: 25.5pt; line-height: 16pt;\"><strong><span style=\"font-size: 12pt; font-family: 'Arial', sans-serif;\">Hahamlar,\u00a0g\u00fcn\u00fcn an\u0131s\u0131na <\/span><\/strong><strong><em><span style=\"font-size: 14pt; font-family: 'Arial', sans-serif;\">Cumhurba\u015fkan\u0131 Erdo\u011fan&rsquo;a Sekiz Kollu \u015eamdan <\/span><\/em><\/strong><strong><span style=\"font-size: 12pt; font-family: 'Arial', sans-serif;\">sunmu\u015flard\u0131.<\/span><\/strong><strong><em><span style=\"font-size: 14pt; font-family: 'Arial', sans-serif;\"> Menora<\/span><\/em><\/strong><em><span style=\"font-size: 12pt; font-family: 'Arial', sans-serif;\"> <\/span><\/em><strong><span style=\"font-size: 12pt; font-family: 'Arial', sans-serif;\">denilen Yedi Kollu \u015eamdan&#8217;\u0131n ise her biri \u0130nan\u00e7, Umut, \u015eefkat, \u0130rade, Namus, \u0130htiyat ve Adalet anlamlar\u0131n\u0131 ta\u015f\u0131maktaym\u0131\u015f&#8230; Sembolik dilde d\u00fcnyan\u0131n 7 g\u00fcnde yarat\u0131lmas\u0131\u00a0ve ayd\u0131nlanma d\u00fc\u015f\u00fcncesini sembolize etti\u011fi de konu\u015fulmaktaym\u0131\u015f&#8230; Bu 7 Kollu \u015eamdan ayn\u0131 zamanda\u00a0\u0130srail Gizli Servisi MOSSAD&#8217;\u0131n da sembollerinden biri olmaktayd\u0131.\u00a0Modern \u0130srail Devleti&#8217;nin resmi armas\u0131nda da kullan\u0131lan &ldquo;Menora&rdquo;\u00a0ya da di\u011fer ad\u0131yla\u00a0Yedi Kollu \u015eamdan\u00a0vard\u0131.\u00a0<\/span><\/strong><\/p>\n<p style=\"margin-bottom: 0cm; text-align: justify; text-indent: 25.5pt; line-height: 16pt;\"><strong><span style=\"font-size: 12pt; font-family: 'Arial', sans-serif;\">Cumhurba\u015fkanl\u0131\u011f\u0131 K\u00fclliyesi&rsquo;nde,\u00a0\u00fclkesinde misafir bulunan Yahudi din adamlar\u0131n\u0131 kabul eden Erdo\u011fan&rsquo;\u0131, Hahamlar \u00f6zenle ve i\u00e7tenlikle kutsam\u0131\u015flar! Sefarad Yahudileri&#8217;nin Osmanl\u0131&#8217;ya okudu\u011fu kutsama duas\u0131 T\u00fcrkiye Cumhuriyeti tarihinde ilk kez bir Cumhurba\u015fkan\u0131 i\u00e7in\u00a0Yahudilerin <em>&ldquo;Anoten Kutsama Duas\u0131n\u0131&rdquo; <\/em>okumu\u015flard\u0131. Bu duada, <em>&ldquo;Tanr\u0131, y\u00fcce Devletimiz T\u00fcrkiye Cumhuriyeti&rsquo;ni ve Ulu Efendimiz Erdo\u011fan&rsquo;\u0131 korusun, boy verdirsin, yard\u0131m etsin, \u015fan\u0131n\u0131 y\u00fcceltsin&rdquo;<\/em> temennisi yer alm\u0131\u015ft\u0131. Bu duay\u0131 sadece\u00a0T\u00fcrk Musevi Cemaatinin Sefarad veya E\u015fkenazi Hahamlar\u0131 de\u011fil, yukar\u0131da ismi say\u0131lan \u00fclkelerden kat\u0131lan\u00a0Hahamlar\u00a0okumu\u015f ve &lsquo;amin&rsquo;\u00a0diyerek kat\u0131lm\u0131\u015flard\u0131. Bunun anlam\u0131 (Erdo\u011fan&rsquo;a) ba\u011fl\u0131l\u0131kt\u0131r. \u015eimdilik bu kadar\u0131n\u0131 bilelim. Fazlas\u0131 devreleri yakar(m\u0131\u015f!..)<\/span><\/strong><\/p>\n<p style=\"margin-bottom: 0cm; text-align: justify; text-indent: 25.5pt; line-height: 16pt;\"><strong><em><span style=\"font-size: 12pt; font-family: 'Arial', sans-serif;\">&ldquo;Bu toplant\u0131, sadece tan\u0131\u015fma veya nezaket g\u00f6sterisi san\u0131lmas\u0131nd\u0131. Bu tarihi bulu\u015fma, Avrasya co\u011frafyas\u0131nda yeni d\u00f6nemin ger\u00e7ek lider \u00fclkesini d\u00fcnya kamuoyunun adeta g\u00f6z\u00fcne sokma operasyonu olmaktayd\u0131. Sonu\u00e7ta bu rit\u00fcel, kim ne derse desin Cihan\u015f\u00fcmul Kadim T\u00fcrk Devletine ba\u011fl\u0131l\u0131k ve itaat merasimi yap\u0131lm\u0131\u015ft\u0131. \u0130\u015fte bu nedenle Kazakistan olay\u0131, bu toplant\u0131dan ba\u011f\u0131ms\u0131z say\u0131lmazd\u0131.&rdquo; <\/span><\/em><\/strong><strong><span style=\"font-size: 14pt; font-family: 'Arial', sans-serif;\">diyen \u00d6m\u00fcr \u00c7elikd\u00f6nmez <em>&ldquo;T\u00fcrkiye&rsquo;yi Siyonizm&rsquo;in ve B\u00fcy\u00fck \u0130srail Projesi&rsquo;nin karakolu, Erdo\u011fan&rsquo;\u0131 ise bu \u015eeytani hedeflerin ta\u015feronu&rdquo;<\/em> gibi kullanmak isteyen HAHAMLAR B\u0130RL\u0130\u011e\u0130&rsquo;nin mel&rsquo;anet ve h\u0131yanetlerine, bak\u0131n ne kerametler uydurmaktayd\u0131!?. Sahi Kazakistan&rsquo;\u0131 ve T\u00fcrk d\u00fcnyas\u0131n\u0131 kurtulu\u015fa ve huzura kavu\u015fturacak olan KGA\u00d6 (Kolektif G\u00fcvenlik Anla\u015fmas\u0131 \u00d6rg\u00fct\u00fc) \u00fcyesi olan ERMEN\u0130STAN&rsquo;\u0131n bu \u00fclkeye g\u00f6nderdi\u011fi 70 tombul f\u0131r\u0131n bek\u00e7isi m\u00fccahit asker olmas\u0131nd\u0131?!. <\/span><\/strong><\/p>\n<p style=\"margin-bottom: 0cm; text-align: justify; text-indent: 25.5pt; line-height: 16pt;\"><strong><span style=\"font-size: 14pt; font-family: 'Arial', sans-serif;\">Acaba, \u0130srail&rsquo;in A\u015fdod kentinden Levan Kogeashvili&rsquo;nin, 7 Ocak&#8217;ta Orta Asya \u00fclkesi Kazakistan&#8217;da \u00f6ld\u00fcr\u00fclmesi mi, bu ayaklanmay\u0131 k\u0131z\u0131\u015ft\u0131rm\u0131\u015ft\u0131?<\/span><\/strong><\/p>\n<p style=\"margin-bottom: 0cm; text-align: justify; text-indent: 25.5pt; line-height: 16pt;\"><strong><span style=\"font-size: 14pt; font-family: 'Arial', sans-serif;\">Kazakistan Yahudileri ve Etkinlik Alanlar\u0131!<\/span><\/strong><\/p>\n<p style=\"margin-bottom: 0cm; text-align: justify; text-indent: 25.5pt; line-height: 16pt;\"><strong><span style=\"font-size: 14pt; font-family: 'Arial', sans-serif;\">Toprak alanlar\u0131 bak\u0131m\u0131ndan D\u00fcnyan\u0131n en b\u00fcy\u00fck 9&rsquo;uncu \u00fclkesi olan, \u00e7ok zengin maden, petrol ve do\u011fal gaz yataklar\u0131na sahip bulunan Kazakistan&#8217;da <\/span><\/strong><strong><span style=\"font-size: 12pt; font-family: 'Arial', sans-serif;\">uzun ge\u00e7mi\u015fi olan Kazak Yahudileri&#8217;nin n\u00fcfusu 12,000 ile 30,000 olup toplam n\u00fcfusun y\u00fczde 1&#8217;inden az\u0131n\u0131 olu\u015fturmaktayd\u0131. Kazak Yahudilerinin \u00e7o\u011fu A\u015fkenaz&rsquo;d\u0131 ve Rus\u00e7a konu\u015fuyorlard\u0131. <\/span><\/strong><strong><em><span style=\"font-size: 14pt; font-family: 'Arial', sans-serif;\">\u0130srail, petrol ithalat\u0131n\u0131n yakla\u015f\u0131k y\u00fczde 25&#8217;ini Kazakistan&#8217;dan sat\u0131n almaktayd\u0131.<\/span><\/em><\/strong><span style=\"font-size: 14pt; font-family: 'Arial', sans-serif;\"> <\/span><strong><span style=\"font-size: 12pt; font-family: 'Arial', sans-serif;\">1989&#8217;dan beri yakla\u015f\u0131k 10.000 Kazak Yahudisi \u0130srail&#8217;e ta\u015f\u0131nm\u0131\u015ft\u0131. Bug\u00fcn Kazakistan&#8217;da yakla\u015f\u0131k 3.300 Yahudi ya\u015famaktayd\u0131. Yakla\u015f\u0131k 2.000&#8217;i Buhari ve Tat\/Kafkas Da\u011f\u0131 Yahudilerinden olu\u015fmaktayd\u0131. <\/span><\/strong><strong><span style=\"font-size: 14pt; font-family: 'Arial', sans-serif;\">Almat\u0131 (Alma Ata) \u015fehri <\/span><\/strong><strong><span style=\"font-size: 12pt; font-family: 'Arial', sans-serif;\">\u00fclkenin ana Yahudi merkezi konumundayd\u0131. Daha k\u00fc\u00e7\u00fck Yahudi topluluklar\u0131 bu b\u00fcy\u00fck \u00fclkede Karaganda, \u00c7imkent, Astana, Semiplatinsk, Kokchetav, Dzhambul, Uralsk, Aktyubinsk, Petropavlovsk Nur-Sultan, Kostanay, Pavlodar, \u00d6skemen ve birka\u00e7 k\u00f6y gibi yerlerde yay\u0131lm\u0131\u015ft\u0131. Kazak Yahudi toplulu\u011fu olduk\u00e7a istikrarl\u0131 ve organize durumdayd\u0131. Hem laik hem de din\u00ee olan 20&#8217;den fazla Yahudi kurulu\u015fu \u015fu anda Yahudilerin dini ve k\u00fclt\u00fcrel ya\u015fam\u0131n\u0131 iyile\u015ftirmek i\u00e7in \u00e7al\u0131\u015fmaktayd\u0131. Mitzvah Derne\u011fi (bir \u015femsiye organizasyon), Chabad Lubavitch, Ortak Da\u011f\u0131t\u0131m Komitesi ve Musevi Ajans\u0131 g\u00f6r\u00fcn\u00fcr olanlard\u0131r. Aral\u0131k 1999&#8217;da Kazakistan&#8217;daki Yahudi topluluklar\u0131n\u0131 birle\u015ftirmek i\u00e7in T\u00fcm Kazakistan Yahudi Kongresi \/ Kazakistan Cumhuriyeti Yahudi Ulusal Kurulu\u015flar\u0131 Birli\u011fini kurmu\u015flard\u0131.<\/span><\/strong><\/p>\n<p style=\"margin-bottom: 0cm; text-align: justify; text-indent: 25.5pt; line-height: 16pt;\"><strong><span style=\"font-size: 14pt; font-family: 'Arial', sans-serif;\">\u00dclkedeki t\u00fcm hahamlar g\u00f6\u00e7men ve hepsi de Brooklyn, New York merkezli bir Hasidik mezhebi olan <em>Chabad-Lubavitch Hareketi&rsquo;nin<\/em> \u00fcyeleri olmaktayd\u0131.<\/span><\/strong><\/p>\n<p style=\"margin-bottom: 0cm; text-align: justify; text-indent: 25.5pt; line-height: 16pt;\"><strong><span style=\"font-size: 14pt; font-family: 'Arial', sans-serif;\">Kazakistan&rsquo;\u0131n Hahamba\u015f\u0131s\u0131 <em>Yeshaya Cohen, <\/em>Siyonist Emeller Ta\u015f\u0131maktayd\u0131!<\/span><\/strong><\/p>\n<p style=\"margin-bottom: 0cm; text-align: justify; text-indent: 25.5pt; line-height: 16pt;\"><strong><span style=\"font-size: 12pt; font-family: 'Arial', sans-serif;\">\u0130stanbul&rsquo;da ger\u00e7ekle\u015fen Haham zirvesine Kazakistan&#8217;dan Kazakistan Hahamba\u015f\u0131 Yeshaya Cohen,\u00a0Almat\u0131 hahamlar\u0131 Saadya Liberov, Elchanan Cohen, Nursultan Haham\u0131 Shmuel Karnauh kat\u0131lm\u0131\u015flard\u0131. Kazakistan, bir s\u00fcrg\u00fcn yeri olmas\u0131n\u0131n yan\u0131 s\u0131ra, Holokost s\u0131ras\u0131nda ka\u00e7an Do\u011fu Avrupa&#8217;dan bir\u00e7ok Yahudi&#8217;ye g\u00fcvenli bir liman say\u0131lm\u0131\u015ft\u0131.\u00a0<\/span><\/strong><\/p>\n<p style=\"margin-bottom: 0cm; text-align: justify; text-indent: 25.5pt; line-height: 16pt;\"><strong><span style=\"font-size: 12pt; font-family: 'Arial', sans-serif;\">Kazakistan&rsquo;\u0131 y\u00f6neten Sovyet idarecilerin, Yahudi dini icraat\u0131n\u0131n \u00e7o\u011funu yasaklam\u0131\u015f olmas\u0131na kar\u015f\u0131n, Kazakistan&rsquo;daki Yahudi ya\u015fam\u0131, Brooklyn&rsquo;den gelen cesur Habad din adam\u0131 <\/span><\/strong><strong><span style=\"font-size: 14pt; font-family: 'Arial', sans-serif;\">Rabi Hillel Liberov<\/span><\/strong><strong><span style=\"font-size: 12pt; font-family: 'Arial', sans-serif;\">&rsquo;un u\u011fra\u015f\u0131lar\u0131 sayesinde kesintiye u\u011framam\u0131\u015ft\u0131. 1944&rsquo;te Rabi Schneerson&rsquo;un \u00f6l\u00fcm\u00fcnden sonra Rabi Liberov, Kazakistan&rsquo;daki Yahudilerin bir lidere ihtiya\u00e7lar\u0131 oldu\u011funu idrak ederek Almat\u0131&rsquo;ya ta\u015f\u0131nm\u0131\u015ft\u0131.<\/span><\/strong><\/p>\n<p style=\"margin-bottom: 0cm; text-align: justify; text-indent: 25.5pt; line-height: 16pt;\"><strong><span style=\"font-size: 14pt; font-family: 'Arial', sans-serif;\">Astana&rsquo;daki Beit Rachel Sinagogu ve Siyonist \u00c7abalar\u0131!<\/span><\/strong><\/p>\n<p style=\"margin-bottom: 0cm; text-align: justify; text-indent: 25.5pt; line-height: 16pt;\"><strong><span style=\"font-size: 12pt; font-family: 'Arial', sans-serif;\">1944&rsquo;ten 1982&rsquo;deki \u00f6l\u00fcm\u00fcne dek <\/span><\/strong><strong><span style=\"font-size: 14pt; font-family: 'Arial', sans-serif;\">Rabi Liberov<\/span><\/strong><strong><span style=\"font-size: 12pt; font-family: 'Arial', sans-serif;\">, Alma Ata&rsquo;n\u0131n gayri resmi Ba\u015f Haham\u0131 olarak g\u00f6rev yapm\u0131\u015ft\u0131. \u0130badetleri gizli olarak y\u00f6netmi\u015f ve Ka\u015ferut yasalar\u0131na g\u00f6re hayvan kesimi sa\u011flam\u0131\u015ft\u0131; b\u00f6ylece Kazak Yahudileri, \u015eabat ve bayramlarda olsun biraz ko\u015fer et yiyebilme imk\u00e2n\u0131 bulmu\u015flard\u0131. Liberov, Kazakistan&rsquo;daki Yahudi ya\u015fam\u0131n\u0131n idamesini sa\u011flad\u0131. Sovyetler d\u00f6neminde bir\u00e7ok Yahudi, Kazakistan&rsquo;a madencilik alan\u0131nda ve Cumhuriyet&rsquo;teki n\u00fckleer test projelerinde \u00e7al\u0131\u015fmak i\u00e7in yollanm\u0131\u015ft\u0131. Her ne kadar Yahudi ya\u015fam\u0131n\u0131n \u00fczerinde ciddi bir bask\u0131 uygulan\u0131yor idiyse de, baz\u0131 Yahudiler geleneklerini gizli bir \u015fekilde s\u00fcrd\u00fcrmeyi ba\u015farm\u0131\u015ft\u0131. G\u00fcn\u00fcm\u00fczde n\u00fcfusu 20 bin olarak kabul edilebilen bir Yahudi cemaati Kazakistan&rsquo;\u0131 yurtlar\u0131 olarak kabul ediyorlard\u0131.<\/span><\/strong><\/p>\n<p style=\"margin-bottom: 0cm; text-align: justify; text-indent: 25.5pt; line-height: 16pt;\"><strong><span style=\"font-size: 14pt; font-family: 'Arial', sans-serif;\">Almat\u0131<\/span><\/strong><strong><span style=\"font-size: 12pt; font-family: 'Arial', sans-serif;\">, \u00fclkenin en geni\u015f Yahudi cemaatine sahip bulunmaktayd\u0131. Daha k\u00fc\u00e7\u00fck Yahudi topluluklar\u0131na ise Astana, Semiplatinsk, Dahambul, Uralsk ve Karaganda&rsquo;da rastlan\u0131rd\u0131. Genellikle d\u00fcnyadaki daha b\u00fcy\u00fck Yahudi cemaatlerinden de ald\u0131klar\u0131 yard\u0131mlarla, yirmiden fazla yerel Yahudi kurumu, Kazakistan&rsquo;daki Yahudi ya\u015fam\u0131na kolayl\u0131k sa\u011flamaktayd\u0131. \u00d6rne\u011fin Karaganda&rsquo;da bin ki\u015fi oldu\u011fundan emin olunan Yahudi cemaatine <\/span><\/strong><strong><em><span style=\"font-size: 14pt; font-family: 'Arial', sans-serif;\">American Jewish Joint Committee (JDC)<\/span><\/em><\/strong><span style=\"font-size: 14pt; font-family: 'Arial', sans-serif;\"> <\/span><strong><span style=\"font-size: 12pt; font-family: 'Arial', sans-serif;\">yard\u0131m ederek, burada bir Yahudi cemaati merkezi olu\u015fturmu\u015flard\u0131.\u00a0<\/span><\/strong><\/p>\n<p style=\"margin-bottom: 0cm; text-align: justify; text-indent: 25.5pt; line-height: 16pt;\"><strong><em><span style=\"font-size: 14pt; font-family: 'Arial', sans-serif;\">Son y\u0131llarda Kazakistan&rsquo;da baz\u0131 ba\u015far\u0131l\u0131 Yahudi i\u015f adamlar\u0131 \u00e7\u0131km\u0131\u015ft\u0131. Ve hepsi de \u0130srail ve ABD ile irtibatl\u0131yd\u0131. Kazakistan Yahudileri \u015fimdi yeni bir s\u00fcreci ba\u015flatm\u0131\u015flard\u0131. Nitekim d\u00f6nemin Cumhurba\u015fkan\u0131 Nursultan Nazarbayev, Alma Ata&rsquo;daki yeni sinagogun temel atma t\u00f6renine kat\u0131lm\u0131\u015ft\u0131. 1998&rsquo;de tamamlanan bu projede; \u00fclkenin merkez sinagogu, mikve ve cemaat b\u00fcrolar\u0131 yer almaktayd\u0131.<\/span><\/em><\/strong><\/p>\n<p style=\"margin-bottom: 0cm; text-align: justify; text-indent: 25.5pt; line-height: 16pt;\"><strong><span style=\"font-size: 14pt; font-family: 'Arial', sans-serif;\">Tokayev &#8211; Nazarbayev \u00e7eki\u015fmesi ve Brezilya dizilerini aratmayan skandal \u00f6zel hayat kirlili\u011fi kafalar\u0131 kar\u0131\u015ft\u0131rm\u0131\u015ft\u0131.<\/span><\/strong><\/p>\n<p style=\"margin-bottom: 0cm; text-align: justify; text-indent: 25.5pt; line-height: 16pt;\"><strong><span style=\"font-size: 12pt; font-family: 'Arial', sans-serif;\">Baz\u0131 iddialara g\u00f6re; Kazakistan\u00a0olaylar\u0131nda da\u00a0GRU <\/span><\/strong><strong><span style=\"font-size: 12pt; font-family: 'Arial', sans-serif;\">(Generalnogo Shtaba &#8211; Rus Ba\u015f \u0130stihbarat \u0130daresi)<\/span><\/strong><span style=\"font-size: 12pt; font-family: 'Arial', sans-serif;\"> <\/span><strong><span style=\"font-size: 12pt; font-family: 'Arial', sans-serif;\"> parma\u011f\u0131\u00a0vard\u0131 ve halen kriz s\u00fcrecini onlar y\u00f6netiyorlard\u0131. \u0130hale, Rus devlet ayg\u0131t\u0131ndayd\u0131. Maalesef \u00f6nce federasyon sonra b\u00f6l\u00fcnme\u00a0Kazakistan&rsquo;\u0131 bekleyen kader olarak sunulmaktayd\u0131. G\u00f6receli istikrar ve otokrasisiyle \u00fcnl\u00fc Orta Asya Cumhuriyetinde ya\u015fanan en b\u00fcy\u00fck siyasi krizin, di\u011fer \u00fclkelere s\u0131\u00e7ramas\u0131 da bir ihtimal olarak dikkate al\u0131nmal\u0131yd\u0131.\u00a0<\/span><\/strong><\/p>\n<p style=\"margin-bottom: 0cm; text-align: justify; text-indent: 25.5pt; line-height: 16pt;\"><strong><span style=\"font-size: 12pt; font-family: 'Arial', sans-serif;\">Burada as\u0131l \u00fczerinde durulmas\u0131 gereken husus Cumhurba\u015fkan\u0131 Kas\u0131m Comert Tokayev&rsquo;in halka yapt\u0131\u011f\u0131 a\u00e7\u0131klamalard\u0131r. Tokayev, bu a\u00e7\u0131klamalar\u0131nda <em>&ldquo;Kazakistan eski Cumhurba\u015fkan\u0131 Nazarbayev&rsquo;i G\u00fcvenlik Konseyi Ba\u015fkanl\u0131\u011f\u0131 g\u00f6revinden ald\u0131\u011f\u0131n\u0131&rdquo;<\/em> vurgulam\u0131\u015ft\u0131 ve b\u00f6ylece Kazakistan&rsquo;da 30 y\u0131l s\u00fcren\u00a0Nazarbayev\u00a0hakimiyetinin son buldu\u011funu a\u00e7\u0131klam\u0131\u015ft\u0131.\u00a0<\/span><\/strong><\/p>\n<p style=\"margin-bottom: 0cm; text-align: justify; text-indent: 25.5pt; line-height: 16pt;\"><strong><span style=\"font-size: 14pt; font-family: 'Arial', sans-serif;\">Nursultan Nazarbayev&#8217;in \u00fcvey k\u0131z\u0131ndan \u00e7ocu\u011fu mu vard\u0131?<\/span><\/strong><\/p>\n<p style=\"margin-bottom: 0cm; text-align: justify; text-indent: 25.5pt; line-height: 16pt;\"><strong><span style=\"font-size: 12pt; font-family: 'Arial', sans-serif;\">Bunun ard\u0131ndan sokaktaki halk, Kazak \u00fclkesinin bir\u00e7ok b\u00f6lgesindeki Nazarbayev&rsquo;e ait heykelleri y\u0131km\u0131\u015flard\u0131. Bat\u0131l\u0131 gizli servislerin k\u0131\u015fk\u0131rtt\u0131\u011f\u0131 protestocular Nazarbayev&#8217;in memleketi olan Tald\u0131kurgan&#8217;da heykelini ortadan kald\u0131rm\u0131\u015flard\u0131. Halk\u0131n g\u00f6z\u00fcnde Nazarbayev r\u00fc\u015fvet\u00e7i, diktat\u00f6r ve konjonkt\u00fcre g\u00f6re davranan bir lider olarak tan\u0131nmaktayd\u0131.\u00a0\u00dclkedeki yerel kaynaklar ise eski diktat\u00f6r\u00fcn kirli \u00e7ama\u015f\u0131rlar\u0131ndan daha yeni s\u00f6z ediyorlard\u0131.\u00a0<\/span><\/strong><\/p>\n<p style=\"margin-bottom: 0cm; text-align: justify; text-indent: 25.5pt; line-height: 16pt;\"><strong><span style=\"font-size: 14pt; font-family: 'Arial', sans-serif;\">Nursultan Nazarbayev 12 \u015eubat 1941&rsquo;de Yahudi n\u00fcfusun yo\u011fun oldu\u011fu Karaganda b\u00f6lgesinin K\u0131z\u0131l\u00e7ar\/K\u0131z\u0131lyar k\u00f6y\u00fcnde do\u011fan Sara Nazarbayeva ile 1962 y\u0131l\u0131nda evlenmi\u015f ve Yahudilere damat olmu\u015flard\u0131!<\/span><\/strong><\/p>\n<p style=\"margin-bottom: 0cm; text-align: justify; text-indent: 25.5pt; line-height: 16pt;\"><strong><span style=\"font-size: 12pt; font-family: 'Arial', sans-serif;\">S\u00f6ylentiye g\u00f6re Kazak Yahudisi <\/span><\/strong><strong><span style=\"font-size: 14pt; font-family: 'Arial', sans-serif;\">Sara Han\u0131m<\/span><\/strong><strong><span style=\"font-size: 12pt; font-family: 'Arial', sans-serif;\">, Nursultan ile evlenmeden \u00f6nce bir ba\u015fkas\u0131ndan hamile kalm\u0131\u015ft\u0131. \u0130lk k\u0131zlar\u0131 Dariga, Sara Nazarbayeva&#8217;n\u0131n evlilik d\u0131\u015f\u0131 ili\u015fkisinden ama Nursultan ile evlendikten sonra do\u011fmu\u015flard\u0131. Yani Kazakistan&#8217;\u0131n devrik ve sab\u0131k lideri Nursultan, Dariga&#8217;n\u0131n \u00fcvey babas\u0131yd\u0131. Nazarbayeva Dariga Nursultanovna 1963&rsquo;te do\u011fmu\u015flard\u0131. Dariga, Kazakistan eski Futbol Federasyonu Ba\u015fkan\u0131, gazeteci ve siyaset\u00e7i, <\/span><\/strong><strong><span style=\"font-size: 14pt; font-family: 'Arial', sans-serif;\">Rakhat Aliyev <\/span><\/strong><strong><span style=\"font-size: 12pt; font-family: 'Arial', sans-serif;\">ile evlenmi\u015fti. Bu evlilikten do\u011fdu\u011fu s\u00f6ylenen o\u011flu Aysultan Nazarbayev&#8217;in biyolojik babas\u0131n\u0131n ne yaz\u0131k ki annesi Dariga&#8217;n\u0131n \u00fcvey babas\u0131 Nursultan Nazarbayev oldu\u011fu iddia edilmi\u015fti!<\/span><\/strong><\/p>\n<p style=\"margin-bottom: 0cm; text-align: justify; text-indent: 25.5pt; line-height: 16pt;\"><strong><span style=\"font-size: 12pt; font-family: 'Arial', sans-serif;\">T\u0131pk\u0131 Avusturya gibi \u0130ngiltere de, h\u0131yanet ve h\u0131rs\u0131zl\u0131klar\u0131 nedeniyle Kazakistan&rsquo;dan ka\u00e7an Nursultan Nazarbayev&rsquo;in muhalif yak\u0131nlar\u0131na hayat hakk\u0131 tan\u0131mam\u0131\u015ft\u0131. \u015eubat 2020&rsquo;de Kazakistan&rsquo;\u0131n eski Cumhurba\u015fkan\u0131 Nursultan Nazarbayev&rsquo;in o\u011flu \/ torunu, \u0130ngiltere&rsquo;ye siyasi iltica ba\u015fvurusu yapm\u0131\u015flard\u0131. Aysultan Nazarbayev, ailesi taraf\u0131ndan bask\u0131 alt\u0131nda tutuldu\u011fu iddias\u0131nda bulunmu\u015flard\u0131. Peki neden acaba? Bu neyin bask\u0131s\u0131yd\u0131?\u00a0<\/span><\/strong><\/p>\n<p style=\"margin-bottom: 0cm; text-align: justify; text-indent: 25.5pt; line-height: 16pt;\"><strong><span style=\"font-size: 12pt; font-family: 'Arial', sans-serif;\">Nursultan Nazarbayev&rsquo;in torunu 30 ya\u015f\u0131ndaki <\/span><\/strong><strong><span style=\"font-size: 14pt; font-family: 'Arial', sans-serif;\">Aysultan Nazarbayev<\/span><\/strong><strong><span style=\"font-size: 12pt; font-family: 'Arial', sans-serif;\">, 16 A\u011fustos 2020&#8217;de \u0130ngiltere&rsquo;nin ba\u015fkenti Londra&rsquo;daki evinde \u00f6l\u00fc bulunmu\u015flard\u0131. Ancak ailenin \u00e7arp\u0131k ili\u015fkilerine isyan eden Dariga&#8217;n\u0131n bilinen e\u015fi Rakhat, 2007\u00a0y\u0131l\u0131nda dahil oldu\u011fu bir &ldquo;r\u00fc\u015fvet skandal\u0131&rdquo;\u00a0bahane g\u00f6sterilerek yarg\u0131lanm\u0131\u015ft\u0131.\u00a02007&#8217;de \u00fclkesinden ka\u00e7an\u00a0Rakhat Aliyev, &ldquo;cinayet ve darbeye te\u015febb\u00fcs&#8221; su\u00e7lar\u0131ndan g\u0131yab\u0131nda yarg\u0131lan\u0131p 40\u00a0y\u0131l hapis cezas\u0131na \u00e7arpt\u0131r\u0131lm\u0131\u015ft\u0131.\u00a0Rakhat Aliyev, Malta&rsquo;dan u\u00e7akla geldi\u011fi\u00a0Viyana Havaliman\u0131&rsquo;nda g\u00f6zalt\u0131na al\u0131nm\u0131\u015f bir s\u00fcre Avusturya&#8217;da ya\u015fam\u0131\u015f, <\/span><\/strong><strong><em><span style=\"font-size: 14pt; font-family: 'Arial', sans-serif;\">&#8220;Baba \/ Godfather -in-law&#8221;<\/span><\/em><\/strong><span style=\"font-size: 14pt; font-family: 'Arial', sans-serif;\"> <\/span><strong><span style=\"font-size: 12pt; font-family: 'Arial', sans-serif;\">adl\u0131 kitab\u0131n\u0131 yazm\u0131\u015ft\u0131. Kitap kendi \u00fclkesinde yasaklanm\u0131\u015ft\u0131, \u00e7\u00fcnk\u00fc kitapta,\u00a0Nazarbayev&#8217;in aile s\u0131rlar\u0131\u00a0vard\u0131!?<\/span><\/strong><\/p>\n<p style=\"margin-bottom: 0cm; text-align: justify; text-indent: 25.5pt; line-height: 16pt;\"><strong><span style=\"font-size: 12pt; font-family: 'Arial', sans-serif;\">Nazarbayev&#8217;in en b\u00fcy\u00fck k\u0131z\u0131 Dariga,\u00a0Kazakistan&#8217;\u0131 terk etmesinden k\u0131sa s\u00fcre sonra\u00a0Aliyev&#8217;den bo\u015fanm\u0131\u015ft\u0131. Nursultan Nazarbayev&#8217;in eski damad\u0131 ve Kazakistan&#8217;\u0131n eski Viyana B\u00fcy\u00fckel\u00e7isi Rakhat Aliyev&rsquo;in, ba\u015fkent Viyana&#8217;da tutuklu bulundu\u011fu Josefstadt Hapishanesi&rsquo;nde, tuvalette gazl\u0131 bezleri kullanarak kendini ast\u0131\u011f\u0131 a\u00e7\u0131klanm\u0131\u015f, ancak Kazakistan halk\u0131 bunlara inanmam\u0131\u015ft\u0131.\u00a0<\/span><\/strong><\/p>\n<p style=\"margin-bottom: 0cm; text-align: justify; text-indent: 25.5pt; line-height: 16pt;\"><strong><span style=\"font-size: 14pt; font-family: 'Arial', sans-serif;\">Kazakistan i\u00e7 istihbarat te\u015fkilat\u0131n\u0131n eski ba\u015fkan\u0131 Karim Masimov neden tutuklanm\u0131\u015ft\u0131?<\/span><\/strong><\/p>\n<p style=\"margin-bottom: 0cm; text-align: justify; text-indent: 25.5pt; line-height: 16pt;\"><strong><span style=\"font-size: 12pt; font-family: 'Arial', sans-serif;\">Ta\u015flar bir yerinden oynamaya g\u00f6rs\u00fcn, i\u015fte bunlar ya\u015fan\u0131rd\u0131&hellip; Nitekim Kazakistan halk\u0131 ayaklanm\u0131\u015ft\u0131. \u00c7\u00fcnk\u00fc halk sadece Kazaklardan olu\u015fmuyordu, Ruslar da vard\u0131. 2019 y\u0131l\u0131ndan itibaren g\u00f6reve gelen <\/span><\/strong><strong><span style=\"font-size: 14pt; font-family: 'Arial', sans-serif;\">Kas\u0131m Comert Tokayev<\/span><\/strong><strong><span style=\"font-size: 12pt; font-family: 'Arial', sans-serif;\">, isyanc\u0131lar\u0131 bahane ederek Nursultan Nazarbayev diktat\u00f6rl\u00fc\u011f\u00fcn\u00fcn dibine kibrit suyu d\u00f6kmekten sak\u0131nmam\u0131\u015ft\u0131. <em>G\u00fcvenlik Konseyi Ba\u015fkanl\u0131\u011f\u0131<\/em> \u00fczerinden borusunu \u00f6tt\u00fcrmeye, s\u00f6m\u00fcr\u00fc d\u00fczenini s\u00fcrd\u00fcrmeye \u00e7al\u0131\u015fan Nazarbayev&rsquo;in saltanat\u0131n\u0131 bitiren mevcut Cumhurba\u015fkan\u0131 Kas\u0131m Comert Tokayev oldu. Halk ayaklanmas\u0131na sebep oldu\u011fu gerek\u00e7esi ile Nursultan Nazarbayev&rsquo;i, G\u00fcvenlik Konseyi Ba\u015fkanl\u0131\u011f\u0131 g\u00f6revinden ald\u0131\u011f\u0131n\u0131 a\u00e7\u0131klam\u0131\u015f ve b\u00f6ylece Kazakistan&rsquo;da 30 y\u0131l s\u00fcren Nazarbayev hakimiyetini y\u0131km\u0131\u015ft\u0131.<\/span><\/strong><\/p>\n<p style=\"margin-bottom: 0cm; text-align: justify; text-indent: 25.5pt; line-height: 16pt;\"><strong><span style=\"font-size: 12pt; font-family: 'Arial', sans-serif;\">Ard\u0131ndan Kazakistan eski Cumhurba\u015fkan\u0131 Nursultan Nazarbayev&#8217;in ye\u011feni Samat Abi\u015f de Ulusal G\u00fcvenlik Komitesi Ba\u015fkan Yard\u0131mc\u0131l\u0131\u011f\u0131 g\u00f6revinden uzakla\u015ft\u0131r\u0131lm\u0131\u015ft\u0131. GRU personeli e\u011fitimi alan bu \u015fahs\u0131n, Rus ordusunu yard\u0131ma \u00e7a\u011f\u0131ran Tokayev taraf\u0131ndan tasfiye edilmesi, hakikaten ilgin\u00e7 bir durum say\u0131lmal\u0131yd\u0131!<\/span><\/strong><\/p>\n<p style=\"margin-bottom: 0cm; text-align: justify; text-indent: 25.5pt; line-height: 16pt;\"><strong><span style=\"font-size: 12pt; font-family: 'Arial', sans-serif;\">Olaylar ba\u015flamadan \u00f6nce Afganistan&rsquo;dan kiral\u0131k paral\u0131 asker getirerek, Nursultan Nazarbayev&rsquo;in etraf\u0131nda adeta etten kemikten koruma duvar\u0131 \u00f6ren, Kazakistan \u0130\u00e7 \u0130stihbarat Te\u015fkilat\u0131n\u0131n eski Ba\u015fkan\u0131 <\/span><\/strong><strong><span style=\"font-size: 14pt; font-family: 'Arial', sans-serif;\">Karim Masimov<\/span><\/strong><strong><span style=\"font-size: 12pt; font-family: 'Arial', sans-serif;\"> ise, \u015fiddetli protestolar s\u0131ras\u0131nda g\u00f6revden uzakla\u015ft\u0131r\u0131lm\u0131\u015ft\u0131. Ard\u0131ndan vatana ihanet \u015f\u00fcphesiyle g\u00f6zalt\u0131na al\u0131nm\u0131\u015ft\u0131.\u00a0Karim Masimov&#8217;un ba\u015fka su\u00e7lar\u0131 da ortaya \u00e7\u0131km\u0131\u015ft\u0131. Hem de ne su\u00e7lar\u0131 vard\u0131?.. Nursultan Nazarbayev&rsquo;in damad\u0131n\u0131 Avusturya&#8217;da, torununu da \u0130ngiltere&rsquo;de \u00f6ld\u00fcrtmekten su\u00e7lanm\u0131\u015ft\u0131.\u00a0<\/span><\/strong><\/p>\n<p style=\"margin-bottom: 0cm; text-align: justify; text-indent: 25.5pt; line-height: 16pt;\"><strong><span style=\"font-size: 14pt; font-family: 'Arial', sans-serif;\">Tokayev hakk\u0131nda deli sa\u00e7mas\u0131 iddialar ba\u015flat\u0131lm\u0131\u015ft\u0131!<\/span><\/strong><\/p>\n<p style=\"margin-bottom: 0cm; text-align: justify; text-indent: 25.5pt; line-height: 16pt;\"><strong><span style=\"font-size: 12pt; font-family: 'Arial', sans-serif;\">Tokayev, profesyonelli\u011fi ve uluslararas\u0131 otoritesi a\u00e7\u0131s\u0131ndan Yevgeni Primakov ile kar\u015f\u0131la\u015ft\u0131r\u0131lm\u0131\u015ft\u0131. Acaba bu benzetme durup dururken neden yap\u0131lm\u0131\u015ft\u0131? Oysa bu politikac\u0131n\u0131n, Kazakistan se\u00e7kinlerinin \u00fcst tabakas\u0131na ait oldu\u011fundan kimse \u015f\u00fcphe duymamaktayd\u0131. Ama her nedense Nursultan Nazarbayev hakk\u0131nda iddia \u00f6tesi haberlerin bir benzeri de, Kas\u0131m Comert Tokayev i\u00e7in g\u00fcndeme ta\u015f\u0131nm\u0131\u015ft\u0131. Lakin Tokayev&#8217;e yak\u0131n kaynaklar, a\u015fa\u011f\u0131da payla\u015faca\u011f\u0131m s\u00f6ylentinin dezenformasyon oldu\u011funu, bu \u015fayian\u0131n devrik sab\u0131k diktat\u00f6r Nursultan Nazarbayev&rsquo;in taraftarlar\u0131nca servis edildi\u011fini yaym\u0131\u015flard\u0131. <\/span><\/strong><strong><span style=\"font-size: 14pt; font-family: 'Arial', sans-serif;\">Yoksa, uzun y\u0131llar Nursultan&rsquo;\u0131 kullanan, ama iyice y\u0131pran\u0131nca bir pa\u00e7avra gibi \u00e7\u00f6pe atan Siyonist Yahudi ekipler, \u015fimdi de Tokayev&rsquo;i kullanmaya m\u0131 ba\u015flam\u0131\u015flard\u0131?<\/span><\/strong><\/p>\n<p style=\"margin-bottom: 0cm; text-align: justify; text-indent: 25.5pt; line-height: 16pt;\"><strong><span style=\"font-size: 12pt; font-family: 'Arial', sans-serif;\">Her ne olursa olsun, Ruslar &ldquo;Mecelle&rdquo; bilmez ama biz hat\u0131rlatal\u0131m. <\/span><\/strong><strong><em><span style=\"font-size: 14pt; font-family: 'Arial', sans-serif;\">&#8220;\u015e\u00fcyuu, vukuundan beter!&#8221;<\/span><\/em><\/strong><strong><span style=\"font-size: 12pt; font-family: 'Arial', sans-serif;\"> A\u00e7\u0131klayal\u0131m efendim; bir \u015feyin meydana gelmeden \u00f6nce, herkes taraf\u0131ndan duyulmas\u0131, onun olmas\u0131ndan daha zararl\u0131d\u0131r! Ya da, bir \u015feyin dedikodusunun yap\u0131lmas\u0131 ve laf\u0131n\u0131n \u00e7\u0131kmas\u0131, onun ger\u00e7ekle\u015fmesinden daha k\u00f6t\u00fc sonu\u00e7lar do\u011furacakt\u0131r&#8230;\u00a0<\/span><\/strong><\/p>\n<p style=\"margin-bottom: 0cm; text-align: justify; text-indent: 25.5pt; line-height: 16pt;\"><strong><span style=\"font-size: 14pt; font-family: 'Arial', sans-serif;\">Bu iddialar; Kiev do\u011fumlu <em>Yahudi as\u0131ll\u0131 Yevgeni Maksimovi\u00e7 Primakov ve Kas\u0131m Comert Tokayev<\/em>&rsquo;le al\u00e2kal\u0131yd\u0131!.. Almat\u0131 Pedagoji Yabanc\u0131 Diller Enstit\u00fcs\u00fc&#8217;nde \u00e7al\u0131\u015fan annesi Turar Shabarbaeva&#8217;n\u0131n&hellip;!? <em>(Gerisini s\u00f6ylemeye dilim, yazmaya kalem varm\u0131yor!)<\/em> diyen Sn. yazar\u0131n dili niye dolanmaktayd\u0131? Bu ithamlar, Kas\u0131m Tokayev&rsquo;in, Rus Yahudisi Primakov&rsquo;un gayri me\u015fru o\u011flu oldu\u011fu imas\u0131 m\u0131yd\u0131?<\/span><\/strong><\/p>\n<p style=\"margin-bottom: 0cm; text-align: justify; text-indent: 25.5pt; line-height: 16pt;\"><strong><span style=\"font-size: 14pt; font-family: 'Arial', sans-serif;\">Tokayev<\/span><\/strong><strong><span style=\"font-size: 12pt; font-family: 'Arial', sans-serif;\">, 1999&#8217;dan 2002&#8217;ye kadar Kazakistan Ba\u015fbakan\u0131 olarak g\u00f6rev yapm\u0131\u015ft\u0131. 28 Ocak 2002&#8217;de Ba\u015fbakanl\u0131ktan istifa etmi\u015f ve Devlet Bakan\u0131 ve D\u0131\u015fi\u015fleri Bakan\u0131 pozisyonuna atanm\u0131\u015ft\u0131. 11 \u015eubat 2007&#8217;de \u00fclkedeki ikinci ki\u015fi olan Kazakistan Parlamentosu Senatosu Ba\u015fkan\u0131 yap\u0131lm\u0131\u015ft\u0131.\u00a0Birle\u015fmi\u015f Milletler Genel Sekreteri Ban Ki-moon, 11 Mart 2011&#8217;de Kazakistan&#8217;dan <\/span><\/strong><strong><em><span style=\"font-size: 14pt; font-family: 'Arial', sans-serif;\">Kassym-Jomart Tokayev<\/span><\/em><\/strong><strong><span style=\"font-size: 12pt; font-family: 'Arial', sans-serif;\">&#8216;in Birle\u015fmi\u015f Milletler Cenevre Ofisi&#8217;nin (UNOG) yeni Genel Direkt\u00f6r\u00fc olarak atand\u0131\u011f\u0131n\u0131 duyurmu\u015flard\u0131. Tokayev, bu pozisyona h\u00fck\u00fcmetin \u00fcst d\u00fczeylerinde zengin bir deneyim kazand\u0131rm\u0131\u015ft\u0131. Ayr\u0131ca Silahs\u0131zlanma Konferans\u0131 ve Konferans\u0131n m\u00fczakerelerini \u00e7evreleyen konular hakk\u0131nda kapsaml\u0131 bilgi birikimi ve derin uygulamal\u0131 y\u00f6netim deneyimi vard\u0131.\u00a0<\/span><\/strong><\/p>\n<p style=\"margin-bottom: 0cm; text-align: justify; text-indent: 25.5pt; line-height: 16pt;\"><strong><em><span style=\"font-size: 12pt; font-family: 'Arial', sans-serif;\">Ayr\u0131ca (Siyonizm&rsquo;in g\u00fcd\u00fcm\u00fcndeki) Birle\u015fmi\u015f Milletler kurumlar\u0131, Kas\u0131m Tokayev&rsquo;e; kamu ve \u00f6zel sekt\u00f6rdeki ortaklar\u0131, akademi ve sivil toplum aras\u0131nda \u00d6rg\u00fct\u00fcn hedefleri do\u011frultusunda fikir birli\u011fi olu\u015fturma becerisini kazand\u0131rm\u0131\u015ft\u0131!?<\/span><\/em><\/strong><\/p>\n<p style=\"margin-bottom: 0cm; text-align: justify; text-indent: 25.5pt; line-height: 16pt;\"><strong><span style=\"font-size: 12pt; font-family: 'Arial', sans-serif;\">Tokayev Kazak\u00e7a, Rus\u00e7a, \u0130ngilizce, \u00c7ince ve Frans\u0131zca konu\u015fmaktayd\u0131. Kazakistan Cumhuriyeti ve di\u011fer \u00fclkelerden bir\u00e7ok devlet \u00f6d\u00fcl\u00fc alm\u0131\u015ft\u0131. 13 y\u0131l boyunca Kazakistan Masa Tenisi Federasyonu Ba\u015fkan\u0131yd\u0131. E\u015finden bo\u015fanm\u0131\u015f olan Tokayev&#8217;in Timur ad\u0131nda 1 o\u011flu vard\u0131. Tokayev, bi\u00e7imlendirici y\u0131llar\u0131n\u0131 Sovyet D\u0131\u015fi\u015fleri Bakanl\u0131\u011f\u0131n\u0131n hizmetinde ge\u00e7irmi\u015f bir insand\u0131. Kazakistan&rsquo;da \u00e7ok k\u00f6t\u00fc karga\u015falar\u0131n ya\u015fand\u0131\u011f\u0131 Almat\u0131&#8217;daki okuldan mezun olduktan sonra, bir Moskova devlet enstit\u00fcs\u00fcnde d\u0131\u015f ili\u015fkiler okuyup Rus diplomas\u0131 alm\u0131\u015flard\u0131. Yahudi as\u0131ll\u0131 oldu\u011fu konu\u015fulup yaz\u0131lan Ukrayna Kiev do\u011fumlu (1929-2015) Rus Politikac\u0131 ve eski Ba\u015fbakanlardan <\/span><\/strong><strong><span style=\"font-size: 14pt; font-family: 'Arial', sans-serif;\">Yevgeni Primakov<\/span><\/strong><strong><span style=\"font-size: 12pt; font-family: 'Arial', sans-serif;\">, bu <\/span><\/strong><strong><span style=\"font-size: 14pt; font-family: 'Arial', sans-serif;\">Kas\u0131m Tokayev<\/span><\/strong><strong><span style=\"font-size: 12pt; font-family: 'Arial', sans-serif;\">&rsquo;i nedense hep koruyup kollam\u0131\u015f ve tabi kullanm\u0131\u015ft\u0131!?<\/span><\/strong><\/p>\n<p style=\"margin-bottom: 0cm; text-align: justify; text-indent: 25.5pt; line-height: 16pt;\"><strong><em><span style=\"font-size: 12pt; font-family: 'Arial', sans-serif;\">&ldquo;(Art\u0131k) Aksakall\u0131 masallar\u0131 ile avunmay\u0131 bir kenara b\u0131rakal\u0131m. \u015eimdi anlad\u0131n\u0131z m\u0131, Cihan\u015f\u00fcmul Kadim T\u00fcrk Devleti neden sessiz (kalmaktayd\u0131)? Akar su uyur, T\u00fcrk \u0130stihbarat\u0131 uyumazd\u0131!..&rdquo;[2] <\/span><\/em><\/strong><strong><span style=\"font-size: 12pt; font-family: 'Arial', sans-serif;\">buyuran yazar, acaba T\u00fcrkiye&rsquo;nin ve T\u00fcrki Cumhuriyetlerin kurtulu\u015funu, Siyonist Yahudi Hahamlar\u0131n himayesine mi ba\u011flanm\u0131\u015ft\u0131? <\/span><\/strong><strong><span style=\"font-size: 14pt; font-family: 'Arial', sans-serif;\">Yoksa, Erdo\u011fan iktidar\u0131 eliyle \u00fclkemizin ve gelece\u011fimizin, karanl\u0131k merkezler ve kiral\u0131k i\u015fbirlik\u00e7iler marifetiyle karart\u0131ld\u0131\u011f\u0131na dikkat \u00e7ekmeye mi \u00e7al\u0131\u015fm\u0131\u015ft\u0131?<\/span><\/strong><\/p>\n<p style=\"margin-bottom: 0cm; text-align: justify; text-indent: 25.5pt; line-height: 16pt;\"><strong><span style=\"font-size: 14pt; font-family: 'Arial', sans-serif;\">Sel\u00e7uk \u00d6zda\u011f&rsquo;dan Erdo\u011fan&rsquo;a g\u00f6zda\u011f\u0131!<\/span><\/strong><\/p>\n<p style=\"margin-bottom: 0cm; text-align: justify; text-indent: 25.5pt; line-height: 16pt;\"><strong><span style=\"font-size: 12pt; font-family: 'Arial', sans-serif;\">Gelecek Partisi Genel Ba\u015fkan Yard\u0131mc\u0131s\u0131 Sel\u00e7uk \u00d6zda\u011f, <em>AKP&#8217;den yakla\u015f\u0131k 40 milletvekili ile g\u00f6r\u00fc\u015ft\u00fcklerini<\/em> aktarm\u0131\u015ft\u0131. Eskiler de dahil edildi\u011fi zaman bu say\u0131 60&#8217;lar\u0131 buluyor diyen \u00d6zda\u011f, eski ve yeni t\u00fcm vekiller Cumhur \u0130ttifak\u0131&#8217;ndan da ucube rejimden de \u015fik\u00e2yet ediyorlard\u0131. AKP&#8217;nin k\u00f6t\u00fc y\u00f6netti\u011finin ve se\u00e7imi kazanamayaca\u011f\u0131n\u0131n fark\u0131ndalar diyen Sel\u00e7uk \u00d6zda\u011f, <em>AKP&#8217;den ve MHP&#8217;den \u00e7ok say\u0131da milletvekili ile temasta olduklar\u0131n\u0131<\/em> niye a\u00e7\u0131klam\u0131\u015ft\u0131?<\/span><\/strong><\/p>\n<p style=\"margin-bottom: 0cm; text-align: justify; text-indent: 25.5pt; line-height: 16pt;\"><strong><span style=\"font-size: 12pt; font-family: 'Arial', sans-serif;\">Yeni\u00e7a\u011f yazar\u0131 Orhan U\u011furo\u011flu&#8217;nun sorular\u0131n\u0131 yan\u0131tlayan \u00d6zda\u011f:<\/span><\/strong><span style=\"font-size: 12pt; font-family: 'Arial', sans-serif;\"> <\/span><\/p>\n<p style=\"margin-bottom: 0cm; text-align: justify; text-indent: 25.5pt; line-height: 16pt;\"><strong><em><span style=\"font-size: 12pt; font-family: 'Arial', sans-serif;\">&ldquo;Yapt\u0131rd\u0131\u011f\u0131m\u0131z anketlere g\u00f6re y\u00fczde 10 baraj\u0131n\u0131 a\u015ft\u0131k. AKP ve MHP&#8217;den b\u0131kan, ezilen, ekonomik buhran alt\u0131nda \u00e7aresiz kalan y\u00fczbinlerce se\u00e7men Gelecek Partisi&#8217;ni tercih ediyor. \u00c7ok say\u0131da milletvekili ile g\u00f6r\u00fc\u015f\u00fcyoruz. Eski ve yeni t\u00fcm vekiller Cumhur \u0130ttifak\u0131&#8217;ndan da ucube rejimden de \u015fik\u00e2yet ediyorlar. AKP&#8217;nin k\u00f6t\u00fc y\u00f6netti\u011finin ve se\u00e7imi kazanamayaca\u011f\u0131n\u0131n fark\u0131ndalar&hellip; AKP&#8217;den yakla\u015f\u0131k 40 milletvekili ile g\u00f6r\u00fc\u015f\u00fcyoruz. Eskiler de dahil edildi\u011fi zaman bu say\u0131 60&#8217;lar\u0131 buluyor. Genel Ba\u015fkan\u0131m\u0131z Ahmet Davuto\u011flu g\u00f6r\u00fc\u015f\u00fcyor, ben g\u00f6r\u00fc\u015f\u00fcyorum, di\u011fer parti yetkililerimiz g\u00f6r\u00fc\u015f\u00fcyor. Ayn\u0131 \u015fekilde MHP&#8217;li vekiller ile de g\u00f6r\u00fc\u015f\u00fcyoruz. Anavatan Partisi&#8217;nde, Do\u011fru Yol Partisi&#8217;nde siyaset yapm\u0131\u015f eski vekiller ile de g\u00f6r\u00fc\u015f\u00fcyoruz. Partimize b\u00fcy\u00fck kat\u0131l\u0131m oluyor ve olacak&hellip;&rdquo;<\/span><\/em><\/strong><\/p>\n<p style=\"margin-bottom: 0cm; text-align: justify; text-indent: 25.5pt; line-height: 16pt;\"><strong><span style=\"font-size: 14pt; font-family: 'Arial', sans-serif;\">\u00d6zda\u011f, Y\u00fcksek Se\u00e7im Kurulu (YSK) zaman\u0131nda se\u00e7im i\u00e7in Erdo\u011fan&#8217;\u0131n ba\u015fvurusunu kabul eder mi sorusunu ise \u015fu \u015fekilde yan\u0131tlam\u0131\u015ft\u0131:<\/span><\/strong><\/p>\n<p style=\"margin-bottom: 0cm; text-align: justify; text-indent: 25.5pt; line-height: 16pt;\"><strong><em><span style=\"font-size: 12pt; font-family: 'Arial', sans-serif;\">&ldquo;Hay\u0131r asla edemez. YSK&#8217;n\u0131n 11 \u00fcyesi de y\u00fcksek h\u00e2kimdir. Anayasan\u0131n 101. Maddesi \u00e7ok a\u00e7\u0131k ve nettir. <\/span><\/em><\/strong><strong><em><span style=\"font-size: 14pt; font-family: 'Arial', sans-serif;\">&#8216;Bir ki\u015fi en fazla iki kez Cumhurba\u015fkan\u0131 se\u00e7ilebilir&#8217; <\/span><\/em><\/strong><strong><em><span style=\"font-size: 12pt; font-family: 'Arial', sans-serif;\">h\u00fckm\u00fcn\u00fc AKP iktidar\u0131 2007 y\u0131l\u0131 referandumu ile anayasaya koydu. 2010 ve 2017 anayasa de\u011fi\u015fikliklerinde bu h\u00fck\u00fcm aynen kald\u0131. Erdo\u011fan ise 2014 ve 2017&#8217;de iki kez se\u00e7ilerek bu g\u00f6revi tamamlad\u0131. Bu anayasal h\u00fck\u00fcm kar\u015f\u0131s\u0131nda tek bir h\u00e2kim bile Erdo\u011fan&#8217;\u0131n ba\u015fvurusuna olumlu yan\u0131t veremez!&rdquo;<\/span><\/em><\/strong><\/p>\n<p style=\"margin-bottom: 0cm; text-align: justify; text-indent: 25.5pt; line-height: 16pt;\"><strong><span style=\"font-size: 14pt; font-family: 'Arial', sans-serif;\">YSK&rsquo;nin ba\u015fvuruyu kabul etmesi ihtimalini de de\u011ferlendiren \u00d6zda\u011f: <\/span><\/strong><strong><em><span style=\"font-size: 12pt; font-family: 'Arial', sans-serif;\">&ldquo;Gelecek Partisi olarak bu anayasa h\u00fckm\u00fcn\u00fc \u00e7i\u011fneyen YSK&#8217;n\u0131n 11 \u00fcyesini kamuoyuna afi\u015fe ederiz. 81 ile \u00fczerlerinde resimleri ve isimleri bulunan YSK \u00fcyelerinin afi\u015flerini \u00fczerlerine, &#8216;\u0130\u015fte Anayasay\u0131 \u00e7i\u011fneyenler&#8217; diye kocaman yaz\u0131 koyar onlar\u0131 milletimize g\u00f6steririz. Gazetelere ve televizyonlara ilanlar veririz. Soka\u011fa \u00e7\u0131kamazlar, milletin y\u00fcz\u00fcne bakamazlar. D\u00fcnyay\u0131 ba\u015flar\u0131na dar ederiz, Anayasay\u0131 \u00e7i\u011fnetmeyiz&hellip;&rdquo;<\/span><\/em><\/strong><strong><span style=\"font-size: 12pt; font-family: 'Arial', sans-serif;\"> ifadelerini kullanm\u0131\u015ft\u0131. <\/span><\/strong><strong><span style=\"font-size: 14pt; font-family: 'Arial', sans-serif;\">Acaba Siyonist merkezler, aynen Kazakistan&rsquo;daki gibi, bir at de\u011fi\u015ftirme operasyonu i\u00e7in, T\u00fcrkiye&rsquo;yi kar\u0131\u015ft\u0131rma haz\u0131rl\u0131\u011f\u0131nda m\u0131yd\u0131?<\/span><\/strong><\/p>\n<p style=\"margin-bottom: 0cm; text-align: justify; text-indent: 25.5pt; line-height: 16pt;\"><strong><span style=\"font-size: 14pt; font-family: 'Arial', sans-serif;\">AKP&rsquo;nin Uyu\u015fturucu Taciri Bakanlar\u0131 ve B\u00fcrokratlar\u0131 Var m\u0131yd\u0131?<\/span><\/strong><\/p>\n<p style=\"margin-bottom: 0cm; text-align: justify; text-indent: 25.5pt; line-height: 16pt;\"><strong><span style=\"font-size: 14pt; font-family: 'Arial', sans-serif;\">Sedat Peker, Mehmet A\u011far&#8217;\u0131 i\u015faret etmi\u015fti: 4,9 tonluk kokainin al\u0131c\u0131lar\u0131na operasyon yap\u0131lm\u0131\u015ft\u0131!<\/span><\/strong><\/p>\n<p style=\"margin-bottom: 0cm; text-align: justify; text-indent: 25.5pt; line-height: 16pt;\"><strong><span style=\"font-size: 12pt; font-family: 'Arial', sans-serif;\">Kolombiya&#8217;da ele ge\u00e7irilen ve T\u00fcrkiye&#8217;ye g\u00f6nderilece\u011fi iddia edilen 4,9 ton kokainin bulundu\u011fu konteynerin al\u0131c\u0131s\u0131 oldu\u011fu belirlenen M.K.&#8217;nin de aralar\u0131nda yer ald\u0131\u011f\u0131 14 ki\u015fi yakalanm\u0131\u015ft\u0131. Su\u00e7 \u00f6rg\u00fct\u00fc eleba\u015f\u0131 Sedat Peker, kokainin al\u0131c\u0131s\u0131 olarak eski bakan Mehmet A\u011far&#8217;\u0131 g\u00fcndeme ta\u015f\u0131m\u0131\u015ft\u0131.<\/span><\/strong><\/p>\n<p style=\"margin-bottom: 0cm; text-align: justify; text-indent: 25.5pt; line-height: 16pt;\"><strong><span style=\"font-size: 12pt; font-family: 'Arial', sans-serif;\">\u0130stanbul Emniyet M\u00fcd\u00fcrl\u00fc\u011f\u00fc&#8217;nden yap\u0131lan a\u00e7\u0131klamada, B\u00fcy\u00fck\u00e7ekmece Cumhuriyet Ba\u015fsavc\u0131l\u0131\u011f\u0131 koordinesinde y\u00fcr\u00fct\u00fclen soru\u015fturma kapsam\u0131nda, 9 Haziran 2020&#8217;de Kolombiya yetkililerinin Twitter hesab\u0131ndan yap\u0131lan <em>&#8220;Buenaventure Liman\u0131&#8217;nda ger\u00e7ekle\u015ftirilen operasyonda, 4,9 ton kokain maddesinin ele ge\u00e7irildi\u011fi ve uyu\u015fturucu maddenin T\u00fcrkiye&#8217;ye gidece\u011fi&#8221;<\/em> \u015feklinde iddialar\u0131n bulundu\u011fu payla\u015f\u0131m \u00fczerine Narkotik Su\u00e7larla M\u00fccadele Daire Ba\u015fkanl\u0131\u011f\u0131 ve \u0130stanbul Narkotik Su\u00e7larla M\u00fccadele \u015eube M\u00fcd\u00fcrl\u00fc\u011f\u00fcnce \u00e7al\u0131\u015fma ba\u015flat\u0131ld\u0131\u011f\u0131 hat\u0131rlat\u0131lm\u0131\u015ft\u0131.<\/span><\/strong><\/p>\n<p style=\"margin-bottom: 0cm; text-align: justify; text-indent: 25.5pt; line-height: 16pt;\"><strong><span style=\"font-size: 12pt; font-family: 'Arial', sans-serif;\">A\u00e7\u0131klamada, s\u00f6z konusu operasyonda ele ge\u00e7irilen uyu\u015fturucu maddenin iki farkl\u0131 konteynerde toplam <\/span><\/strong><strong><em><span style=\"font-size: 14pt; font-family: 'Arial', sans-serif;\">51,9 ton a\u011f\u0131rl\u0131\u011f\u0131ndaki gran\u00fcl kau\u00e7uk maddesine emdirilmi\u015f \u015fekilde<\/span><\/em><\/strong><span style=\"font-size: 14pt; font-family: 'Arial', sans-serif;\"> <\/span><strong><span style=\"font-size: 12pt; font-family: 'Arial', sans-serif;\">oldu\u011fu belirtilerek, Ambarl\u0131 Liman\u0131&#8217;na gelecek konteynerlerin \u0130stanbul&#8217;da faaliyet g\u00f6steren \u015firket sahibi M.K. taraf\u0131ndan al\u0131naca\u011f\u0131n\u0131n tespit edildi\u011fi aktar\u0131lm\u0131\u015ft\u0131.<\/span><\/strong><\/p>\n<p style=\"margin-bottom: 0cm; text-align: justify; text-indent: 25.5pt; line-height: 16pt;\"><strong><span style=\"font-size: 14pt; font-family: 'Arial', sans-serif;\">S\u00f6z konusu yakalamayla ilgili adli makamlarca adli yard\u0131mla\u015fma talebi yap\u0131ld\u0131\u011f\u0131 belirtilen a\u00e7\u0131klamada, \u015fu bilgiler aktar\u0131lm\u0131\u015ft\u0131:<\/span><\/strong><\/p>\n<p style=\"margin-bottom: 0cm; text-align: justify; text-indent: 25.5pt; line-height: 16pt;\"><strong><em><span style=\"font-size: 12pt; font-family: 'Arial', sans-serif;\">&#8220;\u0130lgili \u00fclke taraf\u0131ndan bu talebe hen\u00fcz bir cevap verilmemi\u015ftir. Adli yard\u0131mla\u015fma talebine cevap al\u0131namamas\u0131na ra\u011fmen, yakla\u015f\u0131k 16 ay boyunca y\u00fcr\u00fct\u00fclen \u00e7aba ve gayret neticesinde M.K. ile hareket eden ki\u015filere y\u00f6nelik teknik ve fiziki olarak \u00e7al\u0131\u015f\u0131lm\u0131\u015ft\u0131r. Polisiye yard\u0131mla\u015fma kapsam\u0131nda elde edilen bilgi ve belgeler do\u011frultusunda, soru\u015fturma dosyas\u0131yla ilgili e\u015f zamanl\u0131 ger\u00e7ekle\u015ftirilen operasyon neticesinde, M.K., K.U., S.G., E.O., M.B., H.G., T.Y., A.D., A.P., A.K., A.S., \u00dc.Y., F.C.G. ve A.B. olmak \u00fczere toplamda 14 \u015f\u00fcpheli yakalanm\u0131\u015f, \u015fah\u0131slar\u0131n ikametlerinde yap\u0131lan aramalarda 3 ruhsats\u0131z tabanca, 2 ruhsatl\u0131 tabanca, ruhsatl\u0131 av t\u00fcfe\u011fi ve 9 mm \u00e7ap\u0131nda 91 tabanca fi\u015fe\u011fi ele ge\u00e7irilerek el konulmu\u015ftur.&#8221;<\/span><\/em><\/strong><\/p>\n<p style=\"margin-bottom: 0cm; text-align: justify; text-indent: 25.5pt; line-height: 16pt;\"><strong><span style=\"font-size: 14pt; font-family: 'Arial', sans-serif;\">Sedat Peker&rsquo;in, Mehmet A\u011far&#8217;\u0131 i\u015faret etmesi \u00fczerinde niye durulmam\u0131\u015ft\u0131?<\/span><\/strong><\/p>\n<p style=\"margin-bottom: 0cm; text-align: justify; text-indent: 25.5pt; line-height: 16pt;\"><strong><span style=\"font-size: 12pt; font-family: 'Arial', sans-serif;\">K\u0131rm\u0131z\u0131 b\u00fcltenle aranan organize su\u00e7 \u00f6rg\u00fct\u00fc eleba\u015f\u0131 Sedat Peker, 2021&#8217;in May\u0131s ay\u0131nda YouTube&#8217;daki videosunda, Kolombiya&#8217;n\u0131n g\u00fcneybat\u0131s\u0131ndaki Buenaventura Liman\u0131&#8217;nda ele ge\u00e7irilen 4,9 tonluk kokainin al\u0131c\u0131s\u0131 olarak Mehmet A\u011far&#8217;\u0131 su\u00e7lam\u0131\u015ft\u0131.<\/span><\/strong><\/p>\n<p style=\"margin-bottom: 0cm; text-align: justify; text-indent: 25.5pt; line-height: 16pt;\"><strong><span style=\"font-size: 14pt; font-family: 'Arial', sans-serif;\">Peker, a\u00e7\u0131klamas\u0131nda \u015fu iddialarda bulunmu\u015flard\u0131:<\/span><\/strong><span style=\"font-size: 14pt; font-family: 'Arial', sans-serif;\"> <\/span><strong><em><span style=\"font-size: 12pt; font-family: 'Arial', sans-serif;\">&#8220;L\u00fctfen, internete gidin bak\u0131n. Kolombiya Liman\u0131&#8217;nda 4 ton 900 kilo kokain yakalad\u0131lar. A\u00e7\u0131klama yapt\u0131lar, &#8216;Bunlar T\u00fcrkiye&#8217;ye gidecekti&#8217; diye. \u0130zmir Liman\u0131&#8217;na bir kimya firmas\u0131na. T\u00fcrkiye&#8217;de bu kokainleri teslim alacak yerle ilgili hi\u00e7bir operasyon yok. Hi\u00e7 kimseye. Biz 4 ton bulgur eksek bizi al\u0131r faturay\u0131 eksik yazd\u0131k diye gelir nezarete atars\u0131n\u0131z. Niye operasyon yok&#8230; Bu nas\u0131l bir \u015fey ya! Devlet b\u00f6yle olmaz. Uyu\u015fturucunun geldi\u011fi adres belli. Sahibi Mehmet A\u011far. Eski bir milletvekili daha&#8230; Eski yard\u0131mc\u0131s\u0131 bunun. \u0130ki \u00fc\u00e7 tane de mafyatik tip.&#8221;<\/span><\/em><\/strong><\/p>\n<p style=\"margin-bottom: 0cm; text-align: justify; text-indent: 25.5pt; line-height: 16pt;\"><strong><span style=\"font-size: 14pt; font-family: 'Arial', sans-serif;\">\u015eimdi, y\u00fcksek etiketli Sn. yetkililere ve ilgililere sormak laz\u0131md\u0131:<\/span><\/strong><\/p>\n<p style=\"margin-bottom: 0cm; text-align: justify; text-indent: 25.5pt; line-height: 16pt;\"><strong><span style=\"font-size: 14pt; font-family: 'Arial', sans-serif;\">Mevcut iktidar\u0131n, Bakanlar\u0131n\u0131n, B\u00fcrokratlar\u0131n\u0131n ve \u00e7ok etkin Yak\u0131nlar\u0131n\u0131n ve Kurmaylar\u0131n\u0131n bula\u015ft\u0131klar\u0131 ve milyarlarca dolarl\u0131k kara kazan\u00e7lar sa\u011flad\u0131klar\u0131&hellip; Ve bu kirli i\u015flerde ve ili\u015fkilerde hep \u0130srail, MOSSAD ve CIA ile irtibatl\u0131 \u00e7al\u0131\u015ft\u0131klar\u0131 yolundaki iddia ve ithamlar, y\u0131llard\u0131r konu\u015fulup yaz\u0131l\u0131rken&hellip; TIR&rsquo;lar ve gemiler dolusu y\u00fczlerce tonluk uyu\u015fturucuyu dikkatlerden ka\u00e7\u0131r\u0131p saklamak ve aklamak i\u00e7in; ara s\u0131ra birka\u00e7 torbal\u0131k yakalama olaylar\u0131n\u0131 yanda\u015f TV kanallar\u0131nda defalarca g\u00f6sterip g\u00f6zleri boyamakla, g\u00fcn\u00fc kotarsalar bile, ac\u0131 ve al\u00e7alt\u0131c\u0131 yak\u0131n geleceklerini kurtaracaklar m\u0131yd\u0131?<\/span><\/strong><\/p>\n<p style=\"margin-bottom: 0cm; text-align: justify; text-indent: 25.5pt; line-height: 16pt;\"><strong><span style=\"font-size: 14pt; font-family: 'Arial', sans-serif;\">\u0130ktidar ve muhalefetin ortak kayg\u0131s\u0131 m\u0131yd\u0131, yoksa ald\u0131klar\u0131 ortak talimat m\u0131yd\u0131?<\/span><\/strong><\/p>\n<p style=\"margin-bottom: 0cm; text-align: justify; text-indent: 25.5pt; line-height: 16pt;\"><strong><span style=\"font-size: 14pt; font-family: 'Arial', sans-serif;\">AKP, CHP, MHP ve \u0130Y\u0130 Parti Grup Ba\u015fkanvekillerinin ortak imzas\u0131n\u0131 ta\u015f\u0131yan: Kazakistan&rsquo;daki olaylara ili\u015fkin TBMM Genel Kurulu&rsquo;nda \u015fu a\u00e7\u0131klama yap\u0131lm\u0131\u015ft\u0131:<\/span><\/strong><\/p>\n<p style=\"margin-bottom: 0cm; text-align: justify; text-indent: 25.5pt; line-height: 16pt;\"><strong><em><span style=\"font-size: 12pt; font-family: 'Arial', sans-serif;\">&ldquo;Karde\u015f Kazakistan&rsquo;da son g\u00fcnlerde meydana gelen geli\u015fmeleri endi\u015feyle takip etmekteyiz. Kazakistan&rsquo;\u0131n istikrar\u0131 ve huzuru bizler i\u00e7in \u00fclkemizin bar\u0131\u015f ve huzuru kadar \u00f6nemlidir!.. Kazakistan halk\u0131n\u0131n sa\u011fduyusu ve <\/span><\/em><\/strong><strong><span style=\"font-size: 14pt; font-family: 'Arial', sans-serif;\">Y\u00f6netimin Dirayetli Tutumu<em> <\/em><\/span><\/strong><strong><em><span style=\"font-size: 12pt; font-family: 'Arial', sans-serif;\">sayesinde olaylar\u0131n yat\u0131\u015fmaya ve \u00fclkede durumun normale d\u00f6nmeye ba\u015flamas\u0131ndan memnuniyet duymaktay\u0131z&hellip;&rdquo;<\/span><\/em><\/strong><\/p>\n<p style=\"margin-bottom: 0cm; text-align: justify; text-indent: 25.5pt; line-height: 16pt;\"><strong><span style=\"font-size: 12pt; font-family: 'Arial', sans-serif;\">Milli istikrar\u0131m\u0131z ve \u00e7\u0131karlar\u0131m\u0131z i\u00e7in, en gerekli ve en kritik konularda bile, beklenen birlik ve dirli\u011fi sa\u011flayamayan AKP+MHP iktidar\u0131n\u0131n ve CHP+\u0130Y\u0130 Parti muhalefet kanad\u0131n\u0131n, Kazakistan&rsquo;la ilgili bu tutarl\u0131(!) tav\u0131rlar\u0131, acaba ortak duyarl\u0131l\u0131ktan m\u0131, yoksa ortak kayg\u0131lar ve talimatlardan m\u0131 kaynaklanm\u0131\u015ft\u0131?<\/span><\/strong><\/p>\n<p style=\"margin-bottom: 0cm; text-align: justify; text-indent: 25.5pt; line-height: 16pt;\"><strong><span style=\"font-size: 12pt; font-family: 'Arial', sans-serif;\"><\/span><\/strong><\/p>\n<p>\u00a0<\/p>\n<hr style=\"text-align: left;\" size=\"1\" width=\"33%\" \/>\n<p style=\"margin-left: 30px; text-indent: -7.1pt;\"><a href=\"#ftnref1\" id=\"ftn1\" style=\"vertical-align: super;\">[1]<\/a><span style=\"font-size: 9pt; font-family: 'Arial', sans-serif;\"> Odatv &ndash; 09 Ocak 2022<\/span><\/p>\n<p style=\"margin-left: 30px; text-align: justify; text-indent: -7.1pt;\"><a href=\"#ftnref2\" id=\"ftn2\" style=\"vertical-align: super;\">[2]<\/a><span style=\"font-size: 9pt; font-family: 'Arial', sans-serif;\"> \u00d6m\u00fcr \u00c7elikd\u00f6nmez, dikGAZETE.com &ndash; T\u00fcrk \u0130stihbarat\u0131 Uyumaz!.. Kazakistan Krizinde Hazar Musevilerin Rol\u00fc &ndash; 11.01.2022<\/span><\/p>\n<p>\u00a0<\/p>\n","protected":false},"excerpt":{"rendered":"<p>\u00a0 T\u00dcRK\u0130YE&rsquo;N\u0130N VE T\u00dcRK\u0130 CUMHUR\u0130YETLER\u0130N KURTULU\u015eU, YAHUD\u0130 HAHAMLARA MI KALMI\u015eTI!? \u00a0\u00a0\u00a0\u00a0\u00a0\u00a0 Kazakistan&#8217;da Para Sa\u00e7an ABD&rsquo;li Siyonist Vak\u0131f T\u00fcrkiye&#8217;ye de El Atm\u0131\u015ft\u0131 Siyonist ama\u00e7l\u0131 NED&#8217;in T\u00fcrkiye&#8217;ye 2018&rsquo;de 2 milyon 41 bin dolar, 2020&rsquo;de de 2 milyon 567 bin dolar aktard\u0131\u011f\u0131 anla\u015f\u0131lm\u0131\u015ft\u0131. Vakf\u0131n kay\u0131tlar\u0131nda 2019&rsquo;a dair herhangi bir bilgiye yer verilmemesi enteresand\u0131. T\u00fcm d\u00fcnya Kazakistan&rsquo;daki olaylar\u0131 izlerken [&hellip;]<\/p>\n","protected":false},"author":4,"featured_media":0,"comment_status":"open","ping_status":"closed","sticky":false,"template":"","format":"standard","meta":{"footnotes":""},"categories":[98],"tags":[],"class_list":["post-6588","post","type-post","status-publish","format-standard","hentry","category-ozel-yazilar"],"_links":{"self":[{"href":"https:\/\/www.millicozum.com\/mc\/wp-json\/wp\/v2\/posts\/6588","targetHints":{"allow":["GET"]}}],"collection":[{"href":"https:\/\/www.millicozum.com\/mc\/wp-json\/wp\/v2\/posts"}],"about":[{"href":"https:\/\/www.millicozum.com\/mc\/wp-json\/wp\/v2\/types\/post"}],"author":[{"embeddable":true,"href":"https:\/\/www.millicozum.com\/mc\/wp-json\/wp\/v2\/users\/4"}],"replies":[{"embeddable":true,"href":"https:\/\/www.millicozum.com\/mc\/wp-json\/wp\/v2\/comments?post=6588"}],"version-history":[{"count":0,"href":"https:\/\/www.millicozum.com\/mc\/wp-json\/wp\/v2\/posts\/6588\/revisions"}],"wp:attachment":[{"href":"https:\/\/www.millicozum.com\/mc\/wp-json\/wp\/v2\/media?parent=6588"}],"wp:term":[{"taxonomy":"category","embeddable":true,"href":"https:\/\/www.millicozum.com\/mc\/wp-json\/wp\/v2\/categories?post=6588"},{"taxonomy":"post_tag","embeddable":true,"href":"https:\/\/www.millicozum.com\/mc\/wp-json\/wp\/v2\/tags?post=6588"}],"curies":[{"name":"wp","href":"https:\/\/api.w.org\/{rel}","templated":true}]}}