{"id":670,"date":"2004-07-01T00:00:00","date_gmt":"2004-07-01T00:00:00","guid":{"rendered":"https:\/\/www.millicozum.com\/mc\/2004\/07\/01\/islam-dini-dirilis-dinamigi-ve-stratejik-guc-birligi-disiplinidir\/"},"modified":"2004-07-01T00:00:00","modified_gmt":"2004-07-01T00:00:00","slug":"islam-dini-dirilis-dinamigi-ve-stratejik-guc-birligi-disiplinidir","status":"publish","type":"post","link":"https:\/\/www.millicozum.com\/mc\/2004\/temmuz-2004\/islam-dini-dirilis-dinamigi-ve-stratejik-guc-birligi-disiplinidir\/","title":{"rendered":"\u0130SLAM D\u0130N\u0130 D\u0130R\u0130L\u0130\u015e D\u0130NAM\u0130\u011e\u0130  VE  STRATEJ\u0130K G\u00dc\u00c7 B\u0130RL\u0130\u011e\u0130 D\u0130S\u0130PL\u0130N\u0130D\u0130R."},"content":{"rendered":"<p>\u00a0 <\/p>\n<p>B\u00fct\u00fcn mazlumlar d\u00fcnyas\u0131 ve \u00f6zellikle Ortado\u011fu ve \u00fclkemiz i\u00e7in \u0130SLAM; Sadece manevi ve ahlaki disiplin sa\u011flayan bir din de\u011fil, ayn\u0131 zamanda bir dirili\u015f ve direni\u015f dinami\u011fidir. Ve hele \u00fclkemizin her y\u00f6nden k\u0131skaca al\u0131nd\u0131\u011f\u0131, kolunun ve kanad\u0131n\u0131n k\u0131r\u0131lmaya \u00e7al\u0131\u015f\u0131ld\u0131\u011f\u0131 b\u00f6ylesine kritik bir s\u00fcre\u00e7te, \u0130slamiyet&#8217;in milletimiz ve gelece\u011fimiz a\u00e7\u0131s\u0131ndan, hayati derecede gerekli ve stratejik bir \u00f6nem ta\u015f\u0131d\u0131\u011f\u0131n\u0131 fark edemeyen baz\u0131 askeri ve siyasi yetkililerin&#8230; Marazl\u0131 Sivil \u00f6rg\u00fct ve Sendika temsilcilerinin; \u0130mam-Hatip ve ba\u015f\u00f6rt\u00fcs\u00fc konusunda ve Y\u00d6K kanununda sergiledikleri sorumsuz ve seviyesiz tav\u0131rlar\u0131n, sadece dinimize de\u011fil, ayn\u0131 zaman da devletimize kar\u015f\u0131 da bir suikast anlam\u0131 ta\u015f\u0131d\u0131\u011f\u0131n\u0131 kabul etmemiz gerekir.<\/p>\n<p>   \u00a0 <\/p>\n<p>AKP&#8217;nin zevahiri kurtarmaya, te\u015fkilat ve taban\u0131n\u0131 rahatlatmaya y\u00f6nelik samimiyetsiz giri\u015fimleri de&#8230; Buna kar\u015f\u0131n AKP&#8217;ye mazeret kazand\u0131rmak hat\u0131r\u0131na, ordumuzu din d\u00fc\u015fman\u0131 g\u00f6stermeye yarayacak Genel Kurmay deme\u00e7leri de; b\u0131rak\u0131n tarihi ve vicdani sorumluluk bilincinden&#8230; Hatta d\u00fcnyan\u0131n gidi\u015fat\u0131n\u0131 ve \u00fclkemizin \u00e7\u0131karlar\u0131n\u0131 d\u00fc\u015f\u00fcn\u00fcp de\u011ferlendirecek asgari bir \u015fuur ve kavrama yetene\u011finden bile, maalesef mahrum olduklar\u0131n\u0131 g\u00f6stermektedir.<\/p>\n<p>Tony Blair&#8217;in, T\u00fcrkiye&#8217;ye gelip &#8220;AB&#8217;den tarih alabilmemiz i\u00e7in, ABD&#8217;nin isteklerine boyun e\u011fmeniz, Afganistan ve Irak&#8217;a asker g\u00f6ndermeniz gerekir&#8221; yolunda tembih ve tekliflerde bulunmas\u0131&#8230;<\/p>\n<p>Kom\u00fcnizmin y\u0131k\u0131l\u0131\u015f\u0131ndan sonra, \u0130slam&#8217;\u0131 d\u00fc\u015fman se\u00e7en NATO&#8217;nun bu yeni stat\u00fcs\u00fcne resmiyet kazand\u0131racak zirve toplant\u0131s\u0131n\u0131n \u0130stanbul&#8217;a ta\u015f\u0131nmas\u0131 ve \u0130slam alemine y\u00f6nelik BOP projesi \u00e7er\u00e7evesindeki ku\u015fatma hareketinde T\u00fcrkiye&#8217;nin ta\u015feron olarak kullan\u0131lmas\u0131&#8230;<\/p>\n<p>Ve Genel Kurmay&#8217;\u0131n \u0130stanbul&#8217;daki zirvede, NATO&#8217;nun Afganistan ve Irak&#8217;a birer tugay asker g\u00f6ndermemizi istemesi olas\u0131l\u0131\u011f\u0131na kar\u015f\u0131; daha \u015fimdiden haz\u0131rl\u0131klara ba\u015flamas\u0131; A\u00e7\u0131k\u00e7a ortaya koymu\u015ftur ki; mutlaka potansiyel de\u011fer ve dinamiklerini devreye sokup kabu\u011funu k\u0131rmas\u0131 ve lider konumuna \u00e7\u0131kmas\u0131 gereken T\u00fcrkiye&#8217;mizin, bu k\u00f6rlenmi\u015f beyinler ve k\u00f6lele\u015fmi\u015f bireylerle, art\u0131k yoluna devam edemeyece\u011fi kesindir.<\/p>\n<p>Ne demokrasi, ne b\u00fcrokrasi&#8230; Ne Avrupa Birli\u011fi, ne \u00e7a\u011fda\u015fla\u015fma seferberli\u011fi&#8230; Bunlar\u0131n hi\u00e7birisi, ne \u00fclkemizin g\u00fcvenli\u011finden ne de milletimizin gelece\u011finden daha \u00f6nemli de\u011fildir.<\/p>\n<p>Bir zenci d\u00fc\u015f\u00fcn\u00fcr\u00fcn: &#8220;Avrupal\u0131lar Afrika&#8217;ya geldiklerinde, onlar\u0131n \u0130ncilleri ve kiliseleri, bizim ise arazilerimiz ve madenlerimiz vard\u0131&#8230; \u015eimdi ise onlar\u0131n \u00e7iftlikleri ve maden at\u00f6lyeleri vard\u0131r. Bizim elimizde ise sadece \u0130ncillerimiz kalm\u0131\u015ft\u0131r.&#8221; Dedi\u011fi gibi.<\/p>\n<p>Bat\u0131l\u0131lar da; Bize laiklik ve demokrasi verip, kar\u015f\u0131l\u0131\u011f\u0131nda h\u00fcrriyetimizi, haysiyetimizi, \u00fclkemizi ve gelece\u011fimizi elimizden almaya \u00e7al\u0131\u015fmaktad\u0131r. Ve bu yolda maalesef \u00e7ok \u00f6nemli ve tehlikeli mesafeler alm\u0131\u015flard\u0131r.<\/p>\n<p>Art\u0131k solcu-sa\u011fc\u0131, dinci-devrimci gibi farkl\u0131l\u0131klar\u0131 b\u0131rak\u0131p&#8230; \u00dclk\u00fcc\u00fc, Milli g\u00f6r\u00fc\u015fc\u00fc, Atat\u00fcrk\u00e7\u00fc&#8230; Gibi ayr\u0131l\u0131klar\u0131 a\u015f\u0131p ve bar\u0131\u015f\u0131p, yeni ve Adil bir Medeniyet merkezi olacak T\u00fcrkiye&#8217;yi bu badireden kurtarmam\u0131z laz\u0131md\u0131r. Yoksa batacak gemi ile birlikte hepimizin bo\u011fulmas\u0131 ka\u00e7\u0131n\u0131lmazd\u0131r.<\/p>\n<ul>\n<li>T\u00fcrkiye&#8217;de misyonerlik faaliyetlerinin h\u0131z kazanmas\u0131,<\/li>\n<li>Her tarafta kiliselerin a\u00e7\u0131lmas\u0131,<\/li>\n<li>AB&#8217;nin K\u00fcrtleri, Lazlar\u0131, \u00c7erkezleri de az\u0131nl\u0131k saymas\u0131,<\/li>\n<li>AB&#8217;nin 2001 ilerleme raporunda Alevi vatanda\u015flar\u0131m\u0131z\u0131n &#8220;M\u00fcsl\u00fcman az\u0131nl\u0131k&#8221; diye tan\u0131t\u0131lmas\u0131,<\/li>\n<li>&#8220;Dinler aras\u0131 diyalog&#8221; ve &#8220;Layt \u0131l\u0131ml\u0131 \u0130slam&#8221; safsatalar\u0131yla beyinlerin buland\u0131r\u0131lmas\u0131 \u00e7al\u0131\u015fmalar\u0131n\u0131 y\u00fcr\u00fcten d\u0131\u015f g\u00fc\u00e7lerle,<\/li>\n<\/ul>\n<p>\u0130mam-Hatiplere ve ba\u015f\u00f6rt\u00fcl\u00fclere sava\u015f a\u00e7an i\u00e7imizdeki i\u015fbirlik\u00e7ilerinin, ayn\u0131 karanl\u0131k merkezlerin kiral\u0131k memurlar\u0131 oldu\u011fu a\u00e7\u0131kt\u0131r.<\/p>\n<p>\u0130\u015fte bunun i\u00e7in diyoruz ki; Kuvay-\u0131 Milliye&#8217;nin, yeni kurtulu\u015f m\u00fccadelesi mutlaka laz\u0131md\u0131r. \u0130n\u015fallah zafer m\u00fcjdesi yak\u0131nd\u0131r!..<\/p>\n<p>Mustafa Kemal Atat\u00fcrk&#8217;\u00fcn;<\/p>\n<p>&#8220;Durumumuzu d\u00fczeltmek i\u00e7in, mutlaka Avrupa&#8217;dan \u00f6\u011f\u00fct almak, b\u00fct\u00fcn i\u015flerimizi onlar\u0131n arzusu istikametinde yapmak ve her hususta onlar\u0131n pe\u015fine tak\u0131lmak gerekti\u011fi&#8221; gibi yanl\u0131\u015f ve hay\u0131rs\u0131z fikirler ileri s\u00fcr\u00fclmektedir. H\u00e2lbuki, b\u00f6yle, sadece yabanc\u0131lar\u0131n \u00f6\u011f\u00fctleri ve projeleri ile y\u00fckselebilmek m\u00fcmk\u00fcn de\u011fildir. Mali (ekonomik) ba\u011f\u0131ms\u0131zl\u0131k olmadan, siyasi ve milli ba\u011f\u0131ms\u0131zl\u0131k g\u00f6stermeliktir.&#8221; (1922)<\/p>\n<p>&#8220;Biz &#8220;gidi\u015fat\u0131m\u0131z\u0131 ve toplum hayat\u0131m\u0131z\u0131 yabanc\u0131lar\u0131n tavsiye ve takdirlerine uydurmak gerekti\u011fi&#8221; g\u00f6r\u00fc\u015f\u00fcn\u00fc bir zillet ve zafiyet kabul ediyoruz.&#8221;<\/p>\n<p>&#8220;Avrupa&#8217;n\u0131n en ileri devletleri, Osmanl\u0131 T\u00fcrklerinin gerilemesi ve \u00e7\u00f6kmesi sayesinde ortaya \u00e7\u0131km\u0131\u015f ve g\u00fc\u00e7 kazanm\u0131\u015flard\u0131r. Bat\u0131l\u0131lar, bug\u00fcn de, kendi \u00e7\u0131karlar\u0131n\u0131 T\u00fcrkiye&#8217;nin zarar\u0131nda ve hatta y\u0131k\u0131lmas\u0131nda aramaktad\u0131r. Ve T\u00fcrkiye&#8217;yi y\u0131kma konusunda, kendi aralar\u0131ndaki \u00e7eki\u015fmeleri b\u0131rak\u0131p, ittifak kurmu\u015flard\u0131r.<\/p>\n<p>T\u00fcrkiye&#8217;yi uygarla\u015ft\u0131rmak gibi baz\u0131 bahanelerle m\u00fcesseselerimize, mekteplerimize, ticaret ve sanayimize s\u0131zm\u0131\u015flard\u0131r.<\/p>\n<p>Unutmay\u0131n\u0131z ki, himaye alt\u0131na giren bir \u00fclke ger\u00e7ek h\u00e2kimiyetini kaybetmi\u015f say\u0131l\u0131r. Ba\u011f\u0131ms\u0131zl\u0131k ve egemenlik bir b\u00fct\u00fcnd\u00fcr. Siyasi, \u0130ktisadi ve i\u00e7timai her y\u00f6nden ba\u011f\u0131ms\u0131z olmayan bir devletin gelece\u011fi karanl\u0131kt\u0131r.&#8221;<a name=\"_ftnref1\" href=\"#_ftn1\" title=\"_ftnref1\">[1]<\/a><\/p>\n<p>\u015eeklindeki kesin ve keskin uyar\u0131lar\u0131n\u0131 g\u00f6z ard\u0131 eden sahte Atat\u00fcrk\u00e7\u00fclerin, AB&#8217;ye ve ABD&#8217;ye teslimiyet yolundaki gayretleri de, tam bir karakter haml\u0131\u011f\u0131 ve kabiliyet noksanl\u0131\u011f\u0131d\u0131r.<\/p>\n<p><strong>Sevgi Erenerol&#8217;a g\u00f6re Amerikal\u0131 misyonerler bo\u015f durmuyor<\/strong><\/p>\n<p><strong>\u0130stanbul&#8217;u 3&#8217;e b\u00f6lme plan\u0131 Yap\u0131l\u0131yor:<\/strong><\/p>\n<p>Yeniden Misak-\u0131 Milli Dergisi&#8217;nin Konya \u015eubesi&#8217;nde d\u00fczenlenen, &#8220;T\u00fcrkiye&#8217;de Misyonerlik Faaliyetleri&#8221; konulu konferansta konu\u015fan T\u00fcrk Ortodoks Patrikhanesi Bas\u0131n ve Halkla \u0130li\u015fkiler Sorumlusu Sevgi Erenerol, &#8220;a\u00e7\u0131lmas\u0131 g\u00fcndeme gelen Heybeliada Ruhban Okulu&#8217;nda militan yeti\u015ftirilip, Anadolu&#8217;ya yay\u0131laca\u011f\u0131n\u0131 a\u00e7\u0131klam\u0131\u015ft\u0131r. Erenerol, &#8220;Yunanistan&#8217;da bir papaz okulu var, isteseler oradan \u00f6\u011frenci yeti\u015ftirip getirebilirler. Ama ama\u00e7 papaz yeti\u015ftirmek de\u011fil. Oras\u0131 onlar\u0131n Osmanl\u0131&#8217;dan beri harp okullar\u0131yd\u0131, orada militan yeti\u015ftiriyorlard\u0131. Bu \u015fekilde okulu tekrar faaliyete ge\u00e7irip, Anadolu&#8217;nun her taraf\u0131na bu yeti\u015ftirdikleri papazlar\u0131 g\u00f6ndermeyi d\u00fc\u015f\u00fcn\u00fcyorlar. Bu \u015fartlar alt\u0131nda, T\u00fcrkiye Cumhuriyeti devletinin buna amin demesi m\u00fcmk\u00fcn de\u011fil. Ne yaz\u0131k ki son g\u00fcnlerde yurt d\u0131\u015f\u0131 bask\u0131lar\u0131yla, Avrupa Birli\u011fi&#8217;nin ilerleme raporlar\u0131nda, Amerika&#8217;daki din ili\u015fkileriyle ilgili haz\u0131rlanan raporlarda devaml\u0131 ruhban okulu meselesi konu ediliyor. Resmen bir dayatma ba\u015flad\u0131 bu konuyla ilgili olarak. T\u00fcrkiye&#8217;nin bask\u0131lardan kurtulmas\u0131 i\u00e7in AKP&#8217;li yetkililer okulu a\u00e7maya s\u0131cak bak\u0131yorlar&#8221; diye yak\u0131nm\u0131\u015ft\u0131r.<\/p>\n<p>Fener Rum Patri\u011fi Bortholomeos&#8217;un T\u00fcrkiye&#8217;nin ba\u015f\u0131na sorun olmaya ba\u015flad\u0131\u011f\u0131n\u0131 savunan T\u00fcrk Ortodoks Patrikhanesi Bas\u0131n ve Halkla \u0130li\u015fkiler Sorumlusu Erenerol, &#8220;Bu adam sadece dine ihanet etmiyor. Ortodokslar\u0131n hepsini sat\u0131yor ve ayn\u0131 \u015fekilde T\u00fcrkiye&#8217;ye de \u00e7ok b\u00fcy\u00fck bir sorun olmaya ba\u015fl\u0131yor. \u015eu ana kadar kimse bu papaza sen ne yap\u0131yorsun, ne yapmak istiyorsun diye soru soramad\u0131. Son olarak emrivaki ile yurt d\u0131\u015f\u0131ndan 6 tane metropolit getirdi. Onun g\u00f6r\u00fc\u015fece\u011fi en y\u00fcksek devlet memuru Fatih Kaymakam\u0131&#8217;d\u0131r. B\u0131rak\u0131n Fatih Kaymakam\u0131&#8217;n\u0131, \u0130stanbul Valisi&#8217;ni bile dikkate alm\u0131yor. O direkt olarak ya ba\u015fbakanla ya D\u0131\u015fi\u015fleriyle g\u00f6r\u00fc\u015f\u00fcyor. O da mecbur oldu\u011fu i\u00e7in, sorunlar\u0131n\u0131 birine a\u00e7mas\u0131 gerekti\u011fi i\u00e7in. Yoksa g\u00f6r\u00fc\u015ft\u00fc\u011f\u00fc ya Bush oluyor, ya Schr\u00f6der, ya da Blair kendini devlet ba\u015fkan\u0131 san\u0131yor.&#8221;<\/p>\n<p>Erenerol, \u0130stanbul&#8217;un bir Amerikan \u00e7etesi taraf\u0131ndan 3&#8217;e b\u00f6l\u00fcnmek istendi\u011fi iddias\u0131nda bulundu. Tansu \u00c7iller&#8217;in ba\u015fbakanl\u0131\u011f\u0131 d\u00f6neminde, bu olay\u0131n bas\u0131na da yans\u0131d\u0131\u011f\u0131n\u0131 hat\u0131rlatan Erenerol, \u015funlar\u0131 s\u00f6yledi: &#8220;Amerika&#8217;n\u0131n ba\u015f\u0131ndaki \u00e7etenin b\u00fct\u00fcn istedi\u011fi, \u0130stanbul&#8217;un 3&#8217;e b\u00f6l\u00fcnmesi. Bir zamanlar 50 milyar dolar teklif etmi\u015flerdi. \u0130stanbul e\u011fer 3&#8217;e b\u00f6l\u00fcn\u00fcrse, daha rahat idare edilir d\u00fc\u015f\u00fcncesindeler&#8221; diyerek \u00f6nemli bir h\u0131yanete parmak basm\u0131\u015ft\u0131r.<\/p>\n<p>Son y\u0131llarda yabanc\u0131 dil \u00f6\u011frenilmesi i\u00e7in herkesin \u0130ngilizce&#8217;ye y\u00f6nlendirildi\u011fini belirten Erenerol, &#8220;Sadece okullarda de\u011fil, mecliste bile milletvekillerine dersler veriliyor. Ama\u00e7, T\u00fcrk insan\u0131n\u0131n bilgili olmas\u0131, lisanlar bilmesi de\u011fil. Yar\u0131n \u00f6b\u00fcr g\u00fcn efendiler emretti\u011finde, biz k\u00f6leler, onlar\u0131n emirlerini yerine getirirken konu\u015ftuklar\u0131n\u0131 anlayal\u0131m diye. 100-150 kelimelik \u0130ngilizce \u00f6\u011frenmek i\u00e7in mecbur ediliyoruz. Din de ayn\u0131 durumda. Onlar\u0131n bir tek dini var, oda madde ve menfaattir. B\u00fct\u00fcn insanl\u0131\u011f\u0131 o dine y\u00f6nlendirmektedirler.&#8221;<\/p>\n<p>T\u00fcrk Ortodoks Patrikhanesi Bas\u0131n ve Halkla \u0130li\u015fkiler Sorumlusu Erenerol, konferansta Trabzon&#8217;daki Pontus faaliyetlerine de\u011findi. Yunanistan&#8217;\u0131n organize etti\u011fi ekipler taraf\u0131ndan y\u0131llarca Pontus faaliyetleri yap\u0131ld\u0131\u011f\u0131n\u0131, bunun \u00f6n\u00fcne ise Jandarma Komutanl\u0131\u011f\u0131 ekiplerinin ge\u00e7ti\u011fini s\u00f6yleyen Erenerol, &#8220;Trabzon&#8217;daki Pontus faaliyetleri, Yunanistan&#8217;\u0131n \u00f6zellikle organize etti\u011fi ekiplerce y\u0131llarca yap\u0131ld\u0131. Me\u015fhur bir yazar vard\u0131, Yorgo Andiaris. Bir y\u0131l i\u00e7erisinde 47 kez Trabzon&#8217;a gidip geldi. Ancak 48. kez bizimkiler uyanm\u0131\u015flar, sen niye gidip geliyorsun diye sormu\u015flar ve ondan sonra da m\u00fcsaade etmemi\u015fler. Ama o, bir\u00e7ok \u00e7ocu\u011fu kendi \u00fclkesine g\u00f6t\u00fcr\u00fcp dev\u015firdi.&#8221; Diyerek yetkilileri uyarm\u0131\u015ft\u0131r.<\/p>\n<p> <\/p>\n<hr \/>\n<p><a name=\"_ftn1\" href=\"#_ftnref1\" title=\"_ftn1\">[1]<\/a> Bak: ATO. Vatanseverin el Kitab\u0131:2 \/ D\u00fcnden Bug\u00fcne Kapit\u00fclasyonlar. Sh.127-130<\/p>\n","protected":false},"excerpt":{"rendered":"<p>\u00a0 <\/p>\n<p>B\u00fct\u00fcn mazlumlar d\u00fcnyas\u0131 ve \u00f6zellikle Ortado\u011fu ve \u00fclkemiz i\u00e7in \u0130SLAM; Sadece manevi ve ahlaki disiplin sa\u011flayan bir din de\u011fil, ayn\u0131 zamanda bir dirili\u015f ve direni\u015f dinami\u011fidir. Ve hele \u00fclkemizin her y\u00f6nden k\u0131skaca al\u0131nd\u0131\u011f\u0131, kolunun ve kanad\u0131n\u0131n k\u0131r\u0131lmaya \u00e7al\u0131\u015f\u0131ld\u0131\u011f\u0131 b\u00f6ylesine kritik bir s\u00fcre\u00e7te, \u0130slamiyet&#8217;in milletimiz ve gelece\u011fimiz a\u00e7\u0131s\u0131ndan, hayati derecede gerekli ve stratejik bir \u00f6nem ta\u015f\u0131d\u0131\u011f\u0131n\u0131 fark edemeyen baz\u0131 askeri ve siyasi yetkililerin&#8230; Marazl\u0131 Sivil \u00f6rg\u00fct ve Sendika temsilcilerinin; \u0130mam-Hatip ve ba\u015f\u00f6rt\u00fcs\u00fc konusunda ve Y\u00d6K kanununda sergiledikleri sorumsuz ve seviyesiz tav\u0131rlar\u0131n, sadece dinimize de\u011fil, ayn\u0131 zaman da devletimize kar\u015f\u0131 da bir suikast anlam\u0131 ta\u015f\u0131d\u0131\u011f\u0131n\u0131 kabul etmemiz gerekir.<\/p>\n","protected":false},"author":2,"featured_media":0,"comment_status":"open","ping_status":"closed","sticky":false,"template":"","format":"standard","meta":{"footnotes":""},"categories":[59],"tags":[],"class_list":["post-670","post","type-post","status-publish","format-standard","hentry","category-temmuz-2004"],"_links":{"self":[{"href":"https:\/\/www.millicozum.com\/mc\/wp-json\/wp\/v2\/posts\/670","targetHints":{"allow":["GET"]}}],"collection":[{"href":"https:\/\/www.millicozum.com\/mc\/wp-json\/wp\/v2\/posts"}],"about":[{"href":"https:\/\/www.millicozum.com\/mc\/wp-json\/wp\/v2\/types\/post"}],"author":[{"embeddable":true,"href":"https:\/\/www.millicozum.com\/mc\/wp-json\/wp\/v2\/users\/2"}],"replies":[{"embeddable":true,"href":"https:\/\/www.millicozum.com\/mc\/wp-json\/wp\/v2\/comments?post=670"}],"version-history":[{"count":0,"href":"https:\/\/www.millicozum.com\/mc\/wp-json\/wp\/v2\/posts\/670\/revisions"}],"wp:attachment":[{"href":"https:\/\/www.millicozum.com\/mc\/wp-json\/wp\/v2\/media?parent=670"}],"wp:term":[{"taxonomy":"category","embeddable":true,"href":"https:\/\/www.millicozum.com\/mc\/wp-json\/wp\/v2\/categories?post=670"},{"taxonomy":"post_tag","embeddable":true,"href":"https:\/\/www.millicozum.com\/mc\/wp-json\/wp\/v2\/tags?post=670"}],"curies":[{"name":"wp","href":"https:\/\/api.w.org\/{rel}","templated":true}]}}