{"id":671,"date":"2004-07-01T00:00:00","date_gmt":"2004-07-01T00:00:00","guid":{"rendered":"https:\/\/www.millicozum.com\/mc\/2004\/07\/01\/bizim-ataturk\/"},"modified":"2004-07-01T00:00:00","modified_gmt":"2004-07-01T00:00:00","slug":"bizim-ataturk","status":"publish","type":"post","link":"https:\/\/www.millicozum.com\/mc\/2004\/temmuz-2004\/bizim-ataturk\/","title":{"rendered":"B\u0130Z\u0130M ATAT\u00dcRK!"},"content":{"rendered":"<p style=\"text-align: justify;\">&nbsp;<\/p>\n<p style=\"text-align: justify;\">Yeti\u015fti\u011fi ortam\u0131, o ortam\u0131 haz\u0131rlayan \u015fartlar\u0131&#8230; Etkilendi\u011fi \u015fah\u0131slar\u0131&#8230; Duraklama ve gerileme d&ouml;nemlerinden itibaren ve &ouml;zellikle Tanzimat ve \u0130ttihat-Terakki devrimlerinden sonras\u0131 Osmanl\u0131y\u0131&#8230; O g&uuml;nk&uuml; ve bug&uuml;nk&uuml; d&uuml;nyay\u0131; ekonomik ve k&uuml;lt&uuml;rel y&ouml;nden y&ouml;nlendiren-\u015fekillendiren siyasi Siyonizm&#8217;in perde arkas\u0131n\u0131 ve tabi Sabatayc\u0131l\u0131k ve d&ouml;nmelik kavram\u0131n\u0131 bilmeden ve b&uuml;t&uuml;n bunlar\u0131 birlikte d&uuml;\u015f&uuml;n&uuml;p de\u011ferlendirmeden Atat&uuml;rk&#8217;&uuml; do\u011fru tan\u0131man\u0131n m&uuml;mk&uuml;n olmayaca\u011f\u0131 kanaatindeyiz.<\/p>\n<p style=\"text-align: justify;\">&nbsp;<\/p>\n<p style=\"text-align: justify;\">Bu konuya, b&ouml;yle farkl\u0131 ama irtibatl\u0131 zaviyelerden bakt\u0131\u011f\u0131m\u0131zda, Atat&uuml;rk&#8217;&uuml;n Osmanl\u0131n\u0131n bir meyvesi oldu\u011funu g&ouml;rmekteyiz. Evet Atat&uuml;rk, y\u0131k\u0131lmaya yakla\u015fm\u0131\u015f olan Osmanl\u0131n\u0131n b&uuml;t&uuml;n &ouml;zelliklerini &uuml;zerinde ta\u015f\u0131yan bir eseridir.<\/p>\n<p style=\"text-align: justify;\">&nbsp;Art\u0131k k&ouml;kleri &ccedil;&uuml;r&uuml;meye, dallar\u0131 kurumaya, g&ouml;vdesi kofla\u015fmaya ba\u015flam\u0131\u015f ve 6 as\u0131rl\u0131k \u015fanl\u0131 bir medeniyet miras\u0131n\u0131n hastal\u0131kl\u0131; ama, zahiren hala g&ouml;rkemli a\u011f\u0131rl\u0131\u011f\u0131n\u0131 ta\u015f\u0131yamayacak kadar ihtiyarlam\u0131\u015f bulunan Osmanl\u0131 &ccedil;\u0131nar\u0131n\u0131n, i&ccedil;teki &ccedil;&uuml;r&uuml;m&uuml;\u015fl&uuml;kler ve d\u0131\u015ftaki tecav&uuml;zlerle y\u0131k\u0131lmas\u0131ndan sonra, kaderin cilvesiyle, &ouml;nce bu &ccedil;\u0131nar\u0131n alt\u0131n\u0131 ve art\u0131klar\u0131n\u0131 temizlemek, sonra da ayn\u0131 cinsten adil ve asil yeni bir medeniyeti filizlemek &uuml;zere, Atat&uuml;rk; devrilen Osmanl\u0131n\u0131n bir &ccedil;ekirde\u011fidir&#8230;<\/p>\n<p style=\"text-align: justify;\">\u0130\u015fte bu noktada, 500 sene &ouml;nce \u0130spanyadan topluca s&uuml;r&uuml;len ve Osmanl\u0131 taraf\u0131ndan kabul edilip kol kanat gerilen ve genellikle Ege b&ouml;lgesine, \u0130zmir ve Selanik &ccedil;evrelerine yerle\u015ftirilen&#8230; Ve bundan 150 sene sonra da &ouml;nemli bir k\u0131sm\u0131 Sabataistle\u015fip d&ouml;nmele\u015fen Yahudi ger&ccedil;e\u011fini irdelemek gerekir.<\/p>\n<p style=\"text-align: justify;\">Osmanl\u0131 &ccedil;\u0131nar\u0131n\u0131n dallar\u0131na d\u0131\u015far\u0131dan bir a\u015f\u0131 gibi tak\u0131l\u0131p yerle\u015ftirilen&#8230; Osmanl\u0131n\u0131n ticari, iktisadi, siyasi ve diplomasi hayat\u0131nda birtak\u0131m hay\u0131rl\u0131 ve yararl\u0131 meyveler de veren&#8230; Ama zamanla kanser uru gibi b&uuml;t&uuml;n g&ouml;vdeyi sar\u0131p, kendi hesab\u0131na s&ouml;m&uuml;ren ve kemiren &#8220;d&ouml;nmelik ve masonluk&#8221; ger&ccedil;e\u011fini&#8230; Bunlar\u0131n marifeti olan Tanzimat h\u0131yanetini, Osmanl\u0131 padi\u015fahlar\u0131n\u0131 tamamen etkisiz ve yetkisiz birer vitrin bek&ccedil;isi ve g&uuml;nah ke&ccedil;isi haline getiren \u0130ttihat ve Terakki h&uuml;k&uuml;metlerini ve yine bunlar\u0131n bilin&ccedil;li hileleriyle itelendi\u011fimiz 1. D&uuml;nya Harbinin g&ouml;r&uuml;nen ve gizlenen sebep ve neticelerini &ccedil;ok iyi takip ve tahlil etmeden; ne Mustafa Kemal&#8217;i, ne Milli M&uuml;cadeleyi, ne Cumhuriyet d&ouml;nemini ve ne de devrimlerin mana ve mahiyetini &ccedil;&ouml;zmemiz imk&acirc;ns\u0131z gibidir.<\/p>\n<p style=\"text-align: justify;\">Rus&ccedil;uklu Hac\u0131 E\u015fref Efendinin, Macaristanl\u0131 bir Yahudi as\u0131ll\u0131 han\u0131m\u0131ndan do\u011fan ve 10 ya\u015f\u0131nda haf\u0131zl\u0131\u011f\u0131 tamamlayan me\u015fhur Mithat Pa\u015fan\u0131n bile, bu d&ouml;nme sabataistlerden oldu\u011funu g&ouml;z ard\u0131 ederek[1]&nbsp; Osmanl\u0131 ve Cumhuriyet tarihini yazmak ve T&uuml;rkiye ger&ccedil;eklerini saptamak nas\u0131l m&uuml;mk&uuml;n olabilir?<\/p>\n<p style=\"text-align: justify;\">&nbsp;<\/p>\n<p style=\"text-align: justify;\"><strong>Bu i\u015fe, Sabatay Sevi ile ba\u015flamam\u0131z gerekir. <\/strong><\/p>\n<p style=\"text-align: justify;\">1492 de \u0130spanyadan kovulan ve gelip \u0130zmir&#8217;i mek&acirc;n tutan, Haham Mordahay Sevi&#8217;nin torunlar\u0131ndan Kara Mente\u015f&#8217;in o\u011flu Sabatay Sevi, 1626 y\u0131l\u0131nda \u0130zmir Agora&#8217;da d&uuml;nyaya gelir. (Bug&uuml;n, \u0130zmir Agoradaki tarihi eserleri koruma bahanesiyle, &ouml;zellikle eski sinagoglar\u0131n restorasyonuna &ccedil;ok ciddi bir gayret g&ouml;steren TUS\u0130AD ba\u015fkan\u0131 Tuncer \u0130lhan&#8217;la, \u0130zmir Belediye Ba\u015fkan\u0131 Ahmet Piri\u015ftina&#8217;n\u0131n bu giri\u015fimleri de ayr\u0131ca dikkat &ccedil;ekicidir.) Her Yahudi &ccedil;ocu\u011fu gibi e\u011fitimine kutsal Tevrat e\u011fitimiyle ba\u015flayan Sabatay, gizemli Kabala &ouml;\u011fretisine &ouml;zel bir ilgi beslemektedir. Kendisini mistik bir hayata veren Sabatay Sevi 40 ya\u015f\u0131na geldi\u011finde, yani 1665 senesinde &ccedil;evresine &#8220;Beklenen Mesih&#8221; oldu\u011funu bildirir. Zaten H\u0131ristiyan Avrupa&#8217;da bu y\u0131llarda Hz. \u0130sa&#8217;n\u0131n d&ouml;n&uuml;\u015f&uuml;n&uuml; beklemektedir. Bu iddialar Avrupa&#8217;da, Kuzey Afrika&#8217;da, Ortado\u011fu&#8217;da ve t&uuml;m Osmanl\u0131 co\u011frafyas\u0131nda b&uuml;y&uuml;k bir yank\u0131 meydana getir ve Osmanl\u0131 y&ouml;netimini tehdit eder bir noktaya eri\u015fir.<\/p>\n<p style=\"text-align: justify;\">Bunun &uuml;zerine Sultan 4. Mehmet, Sabatay Sevi&#8217;yi tutuklat\u0131p Edirne&#8217;ye getirtir. &#8220;Ya bu iddialar\u0131ndan vazge&ccedil;ip M&uuml;sl&uuml;manl\u0131\u011f\u0131 se&ccedil;mek veya idam edilmekten birini tercih etmesi&#8221; istenir.<\/p>\n<p style=\"text-align: justify;\">O s\u0131rada, sarayda Sabatay Sevi&#8217;nin hem terc&uuml;manl\u0131\u011f\u0131n\u0131 hem sorgulamas\u0131n\u0131 y&uuml;r&uuml;ten ki\u015fi, 0smanl\u0131 \u015eeyh&uuml;lislam\u0131, Yahudi d&ouml;nmesi Moses Ben Raffael&#8217;in torunu Mehmet Emin Efendi&#8217;dir. Zaten bundan sonralar\u0131 bir&ccedil;ok, d&ouml;nme \u015eeyh&uuml;lislamlar daha g&ouml;r&uuml;lecektir.<\/p>\n<p style=\"text-align: justify;\">Sabatay Sevi, sonunda, &#8220;Mehmet Aziz Efendi&#8221; ad\u0131n\u0131 alarak M&uuml;sl&uuml;manl\u0131\u011f\u0131 se&ccedil;mi\u015ftir. Kar\u0131s\u0131 Sara ise art\u0131k Fatma Han\u0131mefendi&#8217;dir!?<\/p>\n<p style=\"text-align: justify;\">Bunu takip eden 10 y\u0131l i&ccedil;inde Sabatay Sevi&#8217;yi taklit eden, \u0130zmir, Selanik, \u0130stanbul, Bursa ve Edirne&#8217;de binlerce Yahudi ailesi b&ouml;l&uuml;k b&ouml;l&uuml;k, M&uuml;sl&uuml;man ad\u0131 alarak \u0130slam&#8217;a girmi\u015ftir. Ve Sabatay Sevi&#8217;nin son e\u015fi Ay\u015fe Hatun&#8217;un Selanikli olmas\u0131n\u0131n da etkisiyle, art\u0131k sabataizmin merkezi Selanik&#8217;tir.<\/p>\n<p style=\"text-align: justify;\">\u0130slam&#8217;\u0131 i&ccedil;inden yozla\u015ft\u0131r\u0131p y\u0131kmaya &ccedil;al\u0131\u015fan ve sahabeyi biri birine k\u0131\u015fk\u0131rtan Yahudi d&ouml;nmesi \u0130bni Sebe gibi, Sabataist d&ouml;nmeler de, &#8220;Mesih olan Sabatay&#8217;\u0131n &ouml;lmedi\u011fini ve ruhunun, vekillerinden birinin bedenine girerek, yak\u0131nda geri gelece\u011fini&#8221; beklemektedir.[2]<\/p>\n<p style=\"text-align: justify;\">Bu beklenti, sabataistlerin, &ouml;nce ikiye b&ouml;l&uuml;nmesine sebebiyet vermi\u015f. M&uuml;sl&uuml;man ad\u0131 Osman Baba olan Haham Baruchiah Ruso taraftarlar\u0131, di\u011ferlerinden ayr\u0131ld\u0131 ve bunlara &#8220;KARAKA\u015e\u0130&#8221; denilmi\u015ftir.<\/p>\n<p style=\"text-align: justify;\">Geri kalanlar, M&uuml;sl&uuml;man ad\u0131 Abdullah Yakup olan Haham Yakov Kerido&#8217;dan dolay\u0131 &#8220;YAKUB\u0130LER&#8221; olarak biline gelmi\u015ftir.<\/p>\n<p style=\"text-align: justify;\">Daha sonra Osman Baba&#8217;n\u0131n &ouml;l&uuml;m&uuml; &uuml;zerine Karaka\u015filerden ayr\u0131lan ve &ccedil;o\u011funlu\u011funu \u0130zmir Sabataistlerini olu\u015fturan bir gurup ise &#8220;KAPAN\u0130LER&#8221; diye g&uuml;n&uuml;m&uuml;zde de devam etmektedir.<\/p>\n<p style=\"text-align: justify;\">&#8220;Kapan&#8221; \u0131n \u0130branicede&nbsp; &#8220;\u0130zmir&#8217;im&#8221; anlam\u0131na geldi\u011fi s&ouml;ylenmektedir.[3]<\/p>\n<p style=\"text-align: justify;\">Yakubiler: Genellikle Selanik ve civar\u0131nda oturuyor ve Osmanl\u0131 y&uuml;ksek memurlar\u0131n\u0131 ve \u0130ttihat terakki masonlar\u0131n\u0131 olu\u015fturuyorlard\u0131.<\/p>\n<p style=\"text-align: justify;\">En kalabal\u0131k grup olan Kapaniler, \u0130zmir ve Ege&#8217;de bulunuyor ve zengin t&uuml;ccarlardan meydana geliyorlard\u0131.<\/p>\n<p style=\"text-align: justify;\">&#8220;Karaka\u015fi&#8221; ler ise, en mutaass\u0131p ve en muhafazak&acirc;r grubu olu\u015fturuyor ve genellik esnaf ve zanaatk&acirc;rl\u0131kla me\u015fgul oluyorlard\u0131. Sonradan bas\u0131n, k&uuml;lt&uuml;r ve siyasete ilgi duyacaklard\u0131.<\/p>\n<p style=\"text-align: justify;\">Bu &uuml;&ccedil; ayr\u0131 grup, mezhep taassubuyla, farkl\u0131 yerlerde ibadet ediyor, kolay kolay k\u0131z al\u0131p vermiyor ve hatta &ouml;l&uuml;lerini bile ayn\u0131 mezarl\u0131\u011fa g&ouml;mm&uuml;yorlard\u0131.[4] Ve aralar\u0131ndaki gizli rekabet ve husumet hala s&uuml;rmektedir.<\/p>\n<p style=\"text-align: justify;\">T&uuml;rkiye&#8217;nin me\u015fhur sabataistlerinden Abdi ve \u0130smail &#8220;\u0130pek&ccedil;i&#8221; ler ve yine Eski \u0130zmir Belediye Ba\u015fkanlar\u0131 Osman Kibar gibileri Karaka\u015filer&#8217;dendir.<\/p>\n<p style=\"text-align: justify;\">&nbsp;Ama Ayd\u0131n ve Y&uuml;ksel Mendereslerin ana taraf\u0131ndan dedesi olan Evliyazade Mehmet Efendi ise, Kapanilerden&#8217;dir. Bu y&uuml;zden Karaka\u015filerin k\u0131z\u0131 Nermin Han\u0131mla evlenmesi b&uuml;y&uuml;k tepkilere sebebiyet vermi\u015ftir.&nbsp; Ve yine DP eski \u0130zmir Belediye Ba\u015fkan\u0131 Faruk Tunca Kapanilerdendir.<\/p>\n<p style=\"text-align: justify;\">&nbsp;Karaka\u015filer; Yakubiler ve Kapaniler gibi, asimile olmam\u0131\u015ft\u0131r. Ve me\u015fhur Feyziye mektepleri 130 y\u0131ld\u0131r Atat&uuml;rk&#8217;&uuml;n &ouml;\u011fretmeni \u015eemsi Efendi (\u015eimon Zui) den itibaren tamamen bu Karaka\u015filerin g&uuml;d&uuml;m&uuml;ndedir.<\/p>\n<p style=\"text-align: justify;\">Hatta ba\u015fta Yakubiler, Selanik&#8217;te ve ba\u015fka \u015fehirlerde, Sabataist d&ouml;nmelerin &ouml;zel camiler bile yapt\u0131rd\u0131klar\u0131 bilinmektedir. Ama bu &uuml;&ccedil; sabataist grubun da, Mevlevi ve Bekta\u015fi tarikatlar\u0131yla s\u0131k\u0131 f\u0131k\u0131 olmalar\u0131 ilgin&ccedil;tir.<\/p>\n<p style=\"text-align: justify;\">Daha sonra \u0130ttihat Terakki gibi h\u0131yanet olu\u015fumlar\u0131na zemin ve elaman haz\u0131rlayan ve 1860 da Fransa&#8217;da bir Yahudi Avukat taraf\u0131ndan kurulan: &#8220;Evrensel Musevi Birli\u011fi&#8221; nin Osmanl\u0131 topraklar\u0131nda h\u0131zla yay\u0131lmas\u0131, herhalde tesad&uuml;fle izah edilemeyecektir.<\/p>\n<p style=\"text-align: justify;\">&Ccedil;&uuml;nk&uuml; Siyonizm hayali: D&ouml;nmeler dahil, t&uuml;m Yahudilerin kutsal hedefiydi&#8230; Hi&ccedil;bir Musevi vaizin: &#8220;Kurtar\u0131c\u0131 bir g&uuml;n mutlaka Siyon&#8217;a gelecektir&#8221; demeden ve b&uuml;t&uuml;n cemaati &#8220;amin&#8221; &ccedil;ekmeden, hutbesini bitirdi\u011fi g&ouml;r&uuml;lmemi\u015fti&#8230;<\/p>\n<p style=\"text-align: justify;\"><strong>ACABA &#8220;S\u0130ON&#8221; NERES\u0130YD\u0130 ve T&Uuml;RK\u0130YE&#8217;Y\u0130 &#8220;S\u0130ON&#8221; G&Ouml;REN K\u0130MLERD\u0130?<\/strong><\/p>\n<p style=\"text-align: justify;\">Sion (Siyon-Zion)&#8217;un Kud&uuml;s&#8217;te Yahudilere ait kutsal bir da\u011f\u0131n ismi oldu\u011fu, ama b&uuml;t&uuml;n Filistin topraklar\u0131n\u0131n Arz-\u0131 Mev&#8217;ud&#8217;un merkezi olarak B&uuml;y&uuml;k \u0130srail&#8217;e vatan yap\u0131laca\u011f\u0131 inanc\u0131, Siyonist Yahudilerin pek &ccedil;o\u011funun kanaati ve beklentisidir.<\/p>\n<p style=\"text-align: justify;\">Ancak, \u0130spanya s&uuml;rg&uuml;n&uuml;nden sonra Osmanl\u0131ya s\u0131\u011f\u0131nan ve Lozan bar\u0131\u015f\u0131yla yap\u0131lan M&uuml;badele sonucu Selanik ve civar\u0131ndan al\u0131n\u0131p tamamen Anadolu&#8217;ya ta\u015f\u0131nan ve y&uuml;zy\u0131llar\u0131n birikim ve becerisiyle Osmanl\u0131 ve Cumhuriyet d&ouml;neminde; ekonomiden siyasete, diplomasiden ticarete, medyadan b&uuml;rokrasiye&#8230; &Ccedil;ok etkili ve yetkili kurumlara ula\u015fan bir&ccedil;ok Yahudi ve d&ouml;nmenin kafas\u0131ndaki Siyon, T&uuml;rkiye&#8217;dir!&#8230;<\/p>\n<p style=\"text-align: justify;\">Ve zaten ta 1860&#8217;larda Galata Komisyon Han\u0131nda ba\u015flatt\u0131klar\u0131 ve 1871 de &ccedil;\u0131kartt\u0131klar\u0131 &#8220;Der saadet Tahvilat Borsas\u0131 Nizamnamesiyle&#8221; resmiyet kazand\u0131klar\u0131 bankac\u0131l\u0131k ve para piyasas\u0131 ellerindedir&#8230; Osmanl\u0131n\u0131n y&uuml;ksek memurlar\u0131, stratejik kurumlar\u0131, &ouml;nemli b&uuml;rokrat ve diplomatlar\u0131 kendilerindendir. &Ouml;nemli \u015fehirlerin Belediye ba\u015fkan\u0131 ve &ouml;nemli n&uuml;fus oran\u0131, d&ouml;nmelerdir.<\/p>\n<p style=\"text-align: justify;\">&Ouml;rne\u011fin: 1873 y\u0131l\u0131nda Avusturya-Macaristan Krall\u0131\u011f\u0131 \u0130zmir Ba\u015fkonsolosu Viyana&#8217;ya g&ouml;nderdi\u011fi gizli bir raporda:<\/p>\n<p style=\"text-align: justify;\">\u0130zmir&#8217;in 155 bin n&uuml;fusa sahip oldu\u011funu&#8230; Bunun 75 binini Rumlar\u0131n, 45 binini T&uuml;rklerin, 15 binini Yahudilerin, 20 binini de Ermeni ve Katoliklerin olu\u015fturdu\u011funu&#8230;<\/p>\n<p style=\"text-align: justify;\">Ticari hayat\u0131n tamamen Yahudilerin, zanaat&ccedil;\u0131l\u0131\u011f\u0131n Ermenilerin, e\u011flence yerlerinin Rumlar\u0131n elinde bulundu\u011funu, T&uuml;rklerin ise, sadece hayvanc\u0131l\u0131k ve ziraatla u\u011fra\u015ft\u0131\u011f\u0131n\u0131 ve pek az\u0131n\u0131n da dini ilimler ve i\u015f&ccedil;ilikle me\u015fgul oldu\u011funu bildirmektedir.<\/p>\n<p style=\"text-align: justify;\">&nbsp;<strong>Acaba &#8220;Osmanl\u0131y\u0131 y\u0131k\u0131p, T&uuml;rkiye Cumhuriyetini kurmak, &nbsp;Anadolu&#8217;yu vaad edilmi\u015f Siyon &uuml;lkesi g&ouml;ren Yahudilerin ve bunlar\u0131n Amerika&#8217;daki g&uuml;&ccedil;l&uuml; destek&ccedil;ilerinin bir projesi midir?<\/strong><\/p>\n<p style=\"text-align: justify;\">Veya &#8220;Filistin&#8217;deki Kud&uuml;s Merkezli B&uuml;y&uuml;k \u0130srail hedefine ve Siyonizm&#8217;in d&uuml;nya h&acirc;kimiyetine giden yolda, &ccedil;ok gerekli ve &ouml;nemli bir basamak ve s\u0131\u011f\u0131nak olarak yararlanmak &uuml;zere mi, T&uuml;rkiye Cumhuriyeti bina edilmi\u015ftir?!&#8221;<\/p>\n<p style=\"text-align: justify;\">&Ccedil;&uuml;nk&uuml; \u0130zmir Alliance (Evrensel Yahudi Birli\u011fi) okulunun eski M&uuml;d&uuml;rlerinden birisinin &#8220;T&uuml;rkiye Yahudi dinda\u015flar\u0131m\u0131z i&ccedil;in vaad edilmi\u015f topraklar (Siyon) olabilir&#8221; s&ouml;zleri olduk&ccedil;a ilgin&ccedil;tir ve ipucu vermektedir.[5]<\/p>\n<p style=\"text-align: justify;\">Ve yine:<\/p>\n<p style=\"text-align: justify;\">\u015eeriat devletinin ba\u015fkenti \u0130stanbul&#8217;da&nbsp; &#8220;\u015eeriat isteriz. G&acirc;vurlu\u011fa ge&ccedil;it vermeyiz!&#8221; gibi s\u0131r\u0131tan sloganlarla ve ye\u015fil sancaklarla sokaklara d&ouml;k&uuml;len ve &#8220;gerici olduklar\u0131 belli olsun diye&#8221; Mektepli zabitleri ve baz\u0131 \u0130ttihat Terakkicileri katleden ve padi\u015fah taraftar\u0131 g&ouml;r&uuml;nen 31 Mart isyanc\u0131lar\u0131na kar\u015f\u0131,<\/p>\n<p style=\"text-align: justify;\">Nas\u0131l olduysa, hemen birka&ccedil; saat i&ccedil;inde irtibata ge&ccedil;ip organize olan ve irtica isyan\u0131n\u0131 bast\u0131rmak &uuml;zere Selanik&#8217;ten yola &ccedil;\u0131kan Harek&acirc;t ordusunda; o zaman Kurmay Ba\u015fkan\u0131 olarak Y&uuml;zba\u015f\u0131 Mustafa Kemal&#8217;in ve \u0130ttihat Terakkici, sonra ise Millici ve Cumhuriyet&ccedil;i olacak Y&uuml;zba\u015f\u0131 Kaz\u0131m (Karabekir) ve Y&uuml;zba\u015f\u0131 \u0130smet (\u0130n&ouml;n&uuml;) beylerin bulunmas\u0131&#8230;<\/p>\n<p style=\"text-align: justify;\">Ve as\u0131l hayret verici olan, bu Hareket ordusunda Bulgar, Arnavut ve Manast\u0131r &ccedil;eteleri yan\u0131nda; 750 ki\u015filik tamamen Selanik Yahudilerinden olu\u015fan g&ouml;n&uuml;ll&uuml; Musevi taburunun, hem de 2. F\u0131rka komutan\u0131 Albay Kaz\u0131m Beyin komutas\u0131nda yola &ccedil;\u0131kmas\u0131!&#8230;<\/p>\n<p style=\"text-align: justify;\">Ve yine, nas\u0131l oluyorsa, hep birlikte K\u0131z\u0131l Sultan diye d&uuml;\u015fman olduklar\u0131 Sultan Abdulhamid&#8217;in &ouml;zel koruma alay\u0131n\u0131n da bunlar\u0131n i&ccedil;ine kat\u0131lmas\u0131!&#8230;<\/p>\n<p style=\"text-align: justify;\">Ve Anadolu&#8217;dan, &ouml;rne\u011fin Bursa&#8217;dan Mahmut Celal (Bayar) komutas\u0131ndaki g&ouml;n&uuml;ll&uuml; birli\u011fin hemen \u0130stanbul&#8217;a gelip bunlara ula\u015fmas\u0131!&#8230;<\/p>\n<p style=\"text-align: justify;\">Ve Hareket ordusu Ye\u015filk&ouml;y&#8217;e ula\u015f\u0131nca, Kurmay ba\u015fkanl\u0131\u011f\u0131n\u0131, Berlin&#8217;den gelen Enver Pa\u015fa&#8217;n\u0131n devr almas\u0131 ve \u0130stanbul sokaklar\u0131ndaki kanl\u0131 &ccedil;at\u0131\u015fmalardan ve &ouml;nemli kay\u0131plardan sonra isyan\u0131n bast\u0131r\u0131lmas\u0131&#8230;Ve b&uuml;t&uuml;n bunlar\u0131n su&ccedil;unun, hi&ccedil; alakas\u0131 ve g&uuml;nah\u0131 bulunmayan Abdulhamid&#8217;e y\u0131k\u0131lmas\u0131 ve tahttan indirilip s&uuml;rg&uuml;ne yollanmas\u0131!&#8230;<\/p>\n<p style=\"text-align: justify;\">Acaba:<\/p>\n<p style=\"text-align: justify;\">Yahudi ve d&ouml;nmelerin, Osmanl\u0131y\u0131 y\u0131karak, T&uuml;rkiye Siyon Cumhuriyetini kurmak &uuml;zere planlanan ve dan\u0131\u015f\u0131kl\u0131 d&ouml;v&uuml;\u015f \u015feklinde yap\u0131lan bir ihtilal provas\u0131 m\u0131yd\u0131?<\/p>\n<p style=\"text-align: justify;\">Siz bu sorular\u0131n mant\u0131kl\u0131 ve tutarl\u0131 cevaplar\u0131n\u0131 bulmaya u\u011fra\u015f\u0131rken, biz bu arada sizi daha fazla merakta b\u0131rakmamak i&ccedil;in, \u015fu sorunun cevab\u0131n\u0131 vermeye &ccedil;al\u0131\u015fal\u0131m.<\/p>\n<p style=\"text-align: justify;\">&#8220;Peki, Atat&uuml;rk; hem Hareket ordusunda, hem Kurtulu\u015f sava\u015f\u0131nda, hem Cumhuriyetin kurulmas\u0131nda ve devrimlerin yap\u0131lmas\u0131nda, hep bu ekiple &ccedil;al\u0131\u015ft\u0131\u011f\u0131na g&ouml;re, O kimdi?!&#8230;<\/p>\n<p style=\"text-align: justify;\">Bizim kanaatimiz, Mustafa Kemal; ayn\u0131 &ccedil;evrede yeti\u015fmi\u015f, i&ccedil;lerinden gelmi\u015f, &uuml;lkemizdeki, Avrupa ve Amerika&#8217;daki ekonomik ve siyasi etkinliklerini ve o g&uuml;n i&ccedil;in kar\u015f\u0131 konulmaz g&uuml;&ccedil;lerini ve T&uuml;rkiye &uuml;zerindeki niyetlerini &ccedil;ok iyi tespit etmi\u015f birisi olarak:<\/p>\n<p style=\"text-align: justify;\"><strong>&#8221; B&uuml;y&uuml;k bir diplomasi dehas\u0131yla, onlar\u0131n &#8220;Anadolu Siyon Devletini olu\u015fturma ve kendi emelleri do\u011frultusunda&#8221; kullanma gaye ve gayretlerinden yararlanarak ve onlardan birisi gibi davranarak, s\u0131n\u0131rlar\u0131 belli ve Milli bir T&uuml;rkiye Cumhuriyetini kurma ve ad\u0131m ad\u0131m \u015feytani tuzaklardan kurtarma ba\u015far\u0131s\u0131n\u0131 g&ouml;stermi\u015ftir.&#8221;<\/strong><\/p>\n<p style=\"text-align: justify;\">Atat&uuml;rk bu sayede Kurtulu\u015f m&uuml;cadelesini daha rahat &ouml;rg&uuml;tlemi\u015f&#8230; Silah ve M&uuml;himmat temini daha kolay hale gelmi\u015f&#8230; Yahudi servetinden ve d&uuml;nya &ccedil;ap\u0131ndaki etkinliklerinden istifade edilmi\u015f ve b&ouml;ylece Kurtulu\u015f sava\u015f\u0131 en k\u0131sa zamanda ve en az zayiatla ba\u015far\u0131lm\u0131\u015ft\u0131r.<\/p>\n<p style=\"text-align: justify;\">Cumhuriyetin kurulmas\u0131 ve devrimlerin yap\u0131lmas\u0131 a\u015famalar\u0131nda, Atat&uuml;rk&#8217;&uuml;n yine sabataistlerin farkl\u0131 mezheplerine mensup d&ouml;nmelerden olduk&ccedil;a yararland\u0131\u011f\u0131, bunlar\u0131 yak\u0131n\u0131na ald\u0131\u011f\u0131 ve &ouml;zellikle; T&uuml;rkiye&#8217;yi ger&ccedil;ek vatan\u0131 gibi g&ouml;ren, M&uuml;sl&uuml;man T&uuml;rklerle birlikte ve bar\u0131\u015f i&ccedil;inde ya\u015famay\u0131 hedefleyen, B&uuml;y&uuml;k \u0130srail&#8217;in kurulmas\u0131 hesab\u0131na &uuml;lkemize h\u0131yanet ve hakaret d&uuml;\u015f&uuml;nmeyen, iyi niyetli ve kabiliyetli d&ouml;nme ve Yahudilerle daha s\u0131k\u0131 i\u015fbirli\u011fi yapt\u0131\u011f\u0131; ancak, Abdulhamid&#8217;in malum tazyikler ve mecburiyetler sonucu baz\u0131 d&ouml;nmeleri sadrazam ve naz\u0131r yapt\u0131\u011f\u0131, fakat tahribatlar\u0131n\u0131 &ouml;nlemek i&ccedil;in yetkilerini k\u0131s\u0131tlay\u0131p b&uuml;t&uuml;n devlet i\u015flerini s\u0131rt\u0131na ald\u0131\u011f\u0131 gibi&#8230; Atat&uuml;rk&#8217;&uuml;n de, g&uuml;ven vermeyen ve h\u0131yanet d&uuml;\u015f&uuml;nen baz\u0131 d&ouml;nmeleri, &ouml;nemli makamlara getirse de, b&uuml;t&uuml;n zorluklar\u0131 ve onlar\u0131n y&uuml;r&uuml;tmesi gereken konular\u0131 bizzat kendisi y&uuml;klenip yapt\u0131\u011f\u0131 ve olduk&ccedil;a y\u0131prand\u0131\u011f\u0131 anla\u015f\u0131lmaktad\u0131r.<\/p>\n<p style=\"text-align: justify;\">Ve tabi d&ouml;nmelerin hain tak\u0131m\u0131 da, bu durumun fark\u0131ndad\u0131r. Ve bunun i&ccedil;in, Atat&uuml;rk&#8217;ten kurtulma yollar\u0131 aramaya koyulmu\u015flar ve &#8220;Beni T&uuml;rk hekimlerine emanet ediniz&#8221; demeye mecbur b\u0131rakacak bi&ccedil;imde, Mustafa Kemal&#8217;i gen&ccedil; say\u0131lacak bir ya\u015fta ve &ccedil;e\u015fitli ila&ccedil;larla ad\u0131m ad\u0131m &ouml;l&uuml;m&uuml;n kuca\u011f\u0131na atm\u0131\u015flard\u0131r!..<\/p>\n<p style=\"text-align: justify;\">Ama Siyonist Yahudiler, sebataist d&ouml;nmeler ve masonik merkezler, &ouml;zellikle ve titizlikle; &#8220;Atat&uuml;rk&#8217;&uuml;n de kendilerinden oldu\u011fu ve Yahudi bir ana babadan do\u011fdu\u011fu&#8221; imaj\u0131n\u0131 vermeye &ccedil;al\u0131\u015fm\u0131\u015flard\u0131r. Prof. Yal&ccedil;\u0131n K&uuml;&ccedil;&uuml;k&#8217;&uuml;n de i\u015faret etti\u011fi gibi, &#8220;Atat&uuml;rk&#8217;&uuml;n etiket ve etkinli\u011finden yararlanmak&#8221; i&ccedil;in bu yola ba\u015fvurmu\u015flard\u0131r.<\/p>\n<p style=\"text-align: justify;\">Yukar\u0131da anlatmaya &ccedil;al\u0131\u015ft\u0131\u011f\u0131m\u0131z baz\u0131 hedef ve hikmetlerden &ouml;t&uuml;r&uuml;, Atat&uuml;rk&#8217;&uuml;n de bu t&uuml;rl&uuml; ima ve imajlara m&uuml;dahale etmedi\u011fi sezilmektedir. Ancak O&#8217;nun vefat\u0131ndan sonra, sabataist ve Siyonist merkezlerin Atat&uuml;rk&#8217;&uuml; ve maalesef kendi &ccedil;\u0131karlar\u0131na uygun \u015fekilde d&uuml;zenledikleri bir Atat&uuml;rk&ccedil;&uuml;l&uuml;\u011f&uuml;, &ccedil;ok daha kolay ve yayg\u0131n bi&ccedil;imde istismar ettikleri a&ccedil;\u0131kt\u0131r.<\/p>\n<p style=\"text-align: justify;\">Bu ger&ccedil;e\u011fe, ileride tekrar de\u011finmek ve delillendirmek &uuml;zere, yeniden, &#8220;Yahudilerin T&uuml;rkiye&#8217;yi Siyon devleti&#8221; yapma heves ve hedefine d&ouml;nelim:<\/p>\n<p style=\"text-align: justify;\">Yahudi ve d&ouml;nmelerin yeni vatan\u0131 art\u0131k T&uuml;rkiye oluyordu. Gidecek ba\u015fka yerleri de yoktu.<\/p>\n<p style=\"text-align: justify;\">Ancak Yahudi s\u0131fat\u0131yla, T&uuml;rkiye&#8217;ye sahip &ccedil;\u0131kma imk&acirc;n\u0131 bulunmuyordu&#8230; D&ouml;nmelerin, di\u011fer gayr\u0131 M&uuml;slimlerin ve Anadolu&#8217;daki farkl\u0131 etnik k&ouml;kenlerin; ortak, oturakl\u0131 ve tutarl\u0131 bir parolas\u0131 olmal\u0131yd\u0131 ve bulundu:<\/p>\n<p style=\"text-align: justify;\"><strong>&#8220;T&uuml;rkiye T&uuml;rklerindir!&#8230;&#8221;<\/strong><\/p>\n<p style=\"text-align: justify;\">Bundan M&uuml;sl&uuml;man halk da ku\u015fkulanmayacak, hatta s\u0131cak bakacakt\u0131&#8230;<\/p>\n<p style=\"text-align: justify;\">Di\u011fer \u0130ttihat&ccedil;\u0131 subaylar gibi, Atat&uuml;rk&#8217;&uuml;n de en &ccedil;ok etkilendi\u011fi ki\u015filerden birisi oldu\u011fu s&ouml;ylenen, ve Osmanl\u0131&#8217;ya s\u0131\u011f\u0131n\u0131p Mustafa Celaleddin ad\u0131n\u0131 alarak, orduya girip pa\u015fal\u0131\u011fa kadar y&uuml;kselen, Polonya Yahudisi Polgozi&ccedil; Borzecki &#8220;Eski ve yeni T&uuml;rkler&#8221; adl\u0131 kitab\u0131nda, T&uuml;rklerin tarihin en asil milleti oldu\u011funu, \u0130slamiyet&#8217;le bozuldu\u011funu, ama Tanzimat devrimiyle yeniden \u015fahlan\u0131p &ouml;z&uuml;ne d&ouml;nmeye ba\u015flad\u0131\u011f\u0131n\u0131 yaz\u0131yordu&#8230;<\/p>\n<p style=\"text-align: justify;\">Kendisini T&uuml;rk Yahudi&#8217;si olarak tan\u0131mlayan ve Ziya G&ouml;kalp&#8217;in ak\u0131l hocas\u0131 olan Moiz Kohen bile soyad\u0131n\u0131 de\u011fi\u015ftirip &#8220;Tekinalp&#8221; koymu\u015ftu!?.<\/p>\n<p style=\"text-align: justify;\">Bu arada Osmanl\u0131 &uuml;zerindeki bask\u0131lar\u0131 azaltmak ve Avrupa&#8217;y\u0131 oyalamak niyetiyle; baz\u0131 ittihat&ccedil;\u0131 fedai birliklerinin Bat\u0131 Trakya&#8217;y\u0131 ele ge&ccedil;irmesiyle &#8220;Garbi Trakya Muvakkat H&uuml;k&uuml;meti&#8221; kuruldu. Bayra\u011f\u0131, Cumhurba\u015fkan\u0131, Genelkurmay Ba\u015fkan\u0131 ve hatta resmi pulu bile vard\u0131&#8230; Ve bu H&uuml;k&uuml;metin ge&ccedil;ici D\u0131\u015fi\u015fleri Bakan\u0131: Atat&uuml;rk, \u0130n&ouml;n&uuml; ve Bayar d&ouml;nemlerinde de, T.C. D\u0131\u015fi\u015fleri Bakanl\u0131\u011f\u0131 yapacak, \u0130zmirli Kapanilerden Evliyazadelerin damad\u0131 Dr. Tevfik R&uuml;\u015ft&uuml; Aras olmu\u015ftu!?&#8230;<\/p>\n<p style=\"text-align: justify;\"><strong>TE\u015eK\u0130LAT-I MAHSUSA:<\/strong><\/p>\n<p style=\"text-align: justify;\">Osmanl\u0131n\u0131n ilk istihbarat te\u015fkilat\u0131 ve sivil devlet militanlar\u0131 say\u0131labilecek Te\u015fkilat-\u0131 Mahsusa (&Ouml;zel Te\u015fkilat) da, yine o d&ouml;nemlerde ve \u0130ttihat&ccedil;\u0131lar eliyle kurulmu\u015ftu.<\/p>\n<p style=\"text-align: justify;\">Bat\u0131 Trakya ge&ccedil;ici H&uuml;k&uuml;metinin olu\u015fmas\u0131nda da, bu te\u015fkilat &ouml;nemli g&ouml;revlerde bulunmu\u015ftu.<\/p>\n<p style=\"text-align: justify;\">Birinci D&uuml;nya sava\u015f\u0131ndan &ouml;nce ise, Enver Pa\u015fa bu te\u015fkilat\u0131 resmiyete sokmu\u015ftu.<\/p>\n<p style=\"text-align: justify;\">Mustafa Kemal&#8217;in Anadolu&#8217;ya g&ouml;nderilmesinde de Te\u015fkilat-\u0131 Mahsusa&#8217;n\u0131n &ouml;nemli bir rol&uuml; olmu\u015ftu<\/p>\n<p style=\"text-align: justify;\">\u015e&ouml;yle ki; Samsun ve civar\u0131ndaki T&uuml;rkler, i\u015fgalcilerle i\u015fbirli\u011fi yapan Rumlara sald\u0131r\u0131yordu. \u0130stanbul&#8217;daki i\u015fgal g&uuml;&ccedil;leri bundan rahats\u0131z oluyor ve H&uuml;k&uuml;metten bunlar\u0131n &ouml;nlenmesini istiyordu&#8230;<\/p>\n<p style=\"text-align: justify;\">Sadrazam Damat Ferit Pa\u015fa, Samsun&#8217;a; hem \u0130ngilizlerin g&uuml;venece\u011fi, hem de Padi\u015fah\u0131n &uuml;rkmeyece\u011fi birinin g&ouml;nderilmesi gerekti\u011fini d&uuml;\u015f&uuml;n&uuml;yordu.<\/p>\n<p style=\"text-align: justify;\">Te\u015fkilat-\u0131 Mahsusa&#8217;n\u0131n da ba\u015f\u0131 olan D&acirc;hiliye naz\u0131r\u0131 Mehmet Ali (Gerede) Beyle g&ouml;r&uuml;\u015fen; Atat&uuml;rk&#8217;&uuml;n okul arkada\u015f\u0131 Ali Fuat&#8217;\u0131n (Cebesoy) babas\u0131 \u0130smail Fazl\u0131 Pa\u015fa, Mustafa Kemal&#8217;in bu i\u015fe &ccedil;ok uygun oldu\u011funu s&ouml;yledi ve D&acirc;hiliye naz\u0131r\u0131 da bunu Sultan Vahdettin&#8217;e &ouml;nerdi. Padi\u015fah zaten bir ara yaverli\u011fini y&uuml;r&uuml;ten Mustafa Kemal&#8217;i yakinen tan\u0131yordu ve bunu uygun buldu.<\/p>\n<p style=\"text-align: justify;\">Hemen ard\u0131ndan, o g&uuml;ne kadar hi&ccedil; bulunmayan 3. Ordu M&uuml;fetti\u015fli\u011fi kuruldu ve Mustafa Kemal &ccedil;ok geni\u015f yetkilerle bu g&ouml;reve atand\u0131.<\/p>\n<p style=\"text-align: justify;\">Sultan Vahdettin Atat&uuml;rk&#8217;e, hem cep saati, hem de b&uuml;y&uuml;k bir servet say\u0131lacak miktarda alt\u0131n vermi\u015fti.<\/p>\n<p style=\"text-align: justify;\">Mustafa Kemal, yalanc\u0131 ve yalakac\u0131 tarih&ccedil;ilerin dedi\u011fi gibi, &ouml;yle k\u0131r\u0131k bir tekne ile ve tek ba\u015f\u0131na de\u011fil, Osmanl\u0131 donanmas\u0131n\u0131n en sa\u011flam gemisiyle ve Albay Rafet Bele, Albay Kaz\u0131m Dirik, Yarbay Arif ( Daha sonra Atat&uuml;rk&#8217;e kar\u015f\u0131 \u0130zmir Suikast\u0131na kar\u0131\u015ft\u0131\u011f\u0131 gerek&ccedil;esiyle as\u0131lan ay\u0131c\u0131 Arif) Dr. Refik Saydam ve Atat&uuml;rk&#8217;&uuml;n yaveri Cevat Abbas gibi yirmiye yak\u0131n arkada\u015f\u0131yla birlikte yola &ccedil;\u0131km\u0131\u015ft\u0131.<\/p>\n<p style=\"text-align: justify;\">Atat&uuml;rk&#8217;&uuml;n Samsun&#8217;a g&ouml;nderilmesine &ouml;nayak olan Mehmet Ali (Gerede), Kurtulu\u015f sava\u015f\u0131ndan sonra yurt d\u0131\u015f\u0131na s&uuml;r&uuml;ld&uuml;. Atat&uuml;rk&#8217;&uuml;n &ouml;l&uuml;m&uuml;n&uuml;n ard\u0131ndan T&uuml;rkiye&#8217;ye d&ouml;nd&uuml; ve 15 g&uuml;n sonra &ouml;ld&uuml;.<\/p>\n<p style=\"text-align: justify;\">O d&ouml;nemde Te\u015fkilat-\u0131 Mahsusa fedaileri, Kurtulu\u015f sava\u015f\u0131nda kullan\u0131lmak &uuml;zere g&uuml;ya gizliden gizliye, ama \u0130ngilizlerin himayesinde ve \u0130ngiliz silahlar\u0131n\u0131 Anadolu&#8217;ya ta\u015f\u0131maktayd\u0131!&#8230;<\/p>\n<p style=\"text-align: justify;\">Fakat \u0130ngiliz i\u015fgal g&uuml;&ccedil;leri b&uuml;t&uuml;n bunlardan \u0130ttihat&ccedil;\u0131lar\u0131 sorumlu tutarak tutuklamaya ve Divan\u0131 Harpte yarg\u0131latmaya ba\u015flad\u0131. Mahkeme sonunda, 5 Temmuz 1919&#8217;da Enver Talat ve Cemal Pa\u015falar hakk\u0131nda idam karar\u0131 verildi. Di\u011ferleri Malta&#8217;ya s&uuml;rg&uuml;n edildi&#8230;<\/p>\n<p style=\"text-align: justify;\"><strong>Bu olay asl\u0131nda, Osmanl\u0131&#8217;n\u0131n y\u0131k\u0131lmas\u0131nda kullan\u0131lan ve y\u0131prat\u0131lan 2. S\u0131n\u0131f \u0130ttihat&ccedil;\u0131-mason sabataistlerin tasfiyesi ve Cumhuriyetin kurulmas\u0131 i&ccedil;in parlat\u0131lan 1. S\u0131n\u0131f \u0130ttihat&ccedil;\u0131lar\u0131n &ouml;ne s&uuml;r&uuml;lmesidir. Ve bu, pek &ccedil;ok devrimci hareketin bir stratejisidir.<\/strong><\/p>\n<p style=\"text-align: justify;\">Ve bilindi\u011fi gibi, Kurtulu\u015f sava\u015f\u0131 Atat&uuml;rk&#8217;&uuml;n &ouml;nderli\u011finde, Kuvay\u0131 Milliye sayesinde ve tabi T&uuml;rkiye Cumhuriyetini &ouml;teden beri kurmak isteyen Yahudilerin siyasi ve diplomatik deste\u011fiyle, ba\u015far\u0131yla bitirildi.<\/p>\n<p style=\"text-align: justify;\">Mustafa Kemal, Milli M&uuml;cadeleye bizzat kat\u0131lanlar\u0131 &ouml;zellikle kolluyor; ancak ister istemez dengeleri de g&ouml;zetiyordu.<\/p>\n<p style=\"text-align: justify;\">Hatta \u0130zmirli Sabataist d&ouml;nme U\u015fakl\u0131zadelerin k\u0131z\u0131 Latife Han\u0131mla evlenmeyi de; tahminim, bu dengeler gere\u011fi d&uuml;\u015f&uuml;n&uuml;p ger&ccedil;ekle\u015ftiriyordu.<\/p>\n<p style=\"text-align: justify;\">Tarihte pek &ccedil;ok liderin, farkl\u0131 din ve milletlerden k\u0131z al\u0131p akraba olmak suretiyle, rakiplerini yumu\u015fatmak ve iktidar\u0131na g&uuml;&ccedil; katmak istedi\u011fi zaten biliniyordu.<\/p>\n<p style=\"text-align: justify;\">1923&#8217;te Yunanistan&#8217;la yap\u0131lan m&uuml;badele protokol&uuml;yle 100 bine yak\u0131n Yahudi T&uuml;rkiye&#8217;ye ve &ouml;zellikle \u0130stanbul&#8217;a gelip yerle\u015fmi\u015f ve d&ouml;nme-T&uuml;rklerin etkinli\u011fi daha da artm\u0131\u015f bulunuyordu.<\/p>\n<p style=\"text-align: justify;\">&Ouml;rne\u011fin; Atat&uuml;rk&#8217;&uuml;n Milli E\u011fitim Bakan\u0131 yapt\u0131\u011f\u0131 d&ouml;nme-T&uuml;rk&#8217;lerden Dr. Ra\u015fit Galip, Mustafa Kemal istekli olmad\u0131\u011f\u0131 halde, \u0130stiklal mahkemelerine asil &uuml;ye s\u0131fat\u0131yla kat\u0131l\u0131yor, Osmanl\u0131 Dar&uuml;lf&uuml;nununu feshettirip, M&uuml;sl&uuml;man ilim adamlar\u0131n\u0131 mecburi emekliye ay\u0131rarak, Almanya&#8217;dan y&uuml;zlerce Yahudi Profes&ouml;r getirtiyor ve T&uuml;rk Dil Kurumunu olu\u015fturup T&uuml;rk&ccedil;ele\u015fme faaliyetlerini organize ediyordu&#8230; Yani bir nevi yeni d&uuml;zenin mimarl\u0131\u011f\u0131na oynuyordu.[6]<\/p>\n<p style=\"text-align: justify;\">Ve tabi, bunlara daha fazla tahamm&uuml;l edemeyen Atat&uuml;rk taraf\u0131ndan bir m&uuml;ddet sonra g&ouml;revinden al\u0131n\u0131yordu&#8230;<\/p>\n<p style=\"text-align: justify;\">&nbsp;Ve yine o d&ouml;nemde, \u0130ttihat ve Terakkinin &ccedil;ekirde\u011fi say\u0131lan &#8220;\u0130ttihadi Osmani&#8221;nin kurucular\u0131ndan Abdullah Cevdet, &#8220;T&uuml;rk \u0131rk\u0131n\u0131n \u0131slah\u0131 i&ccedil;in Macaristan ve Avusturya&#8217;dan dam\u0131zl\u0131k damat getirmeyi&#8221; bile teklif ediyordu!&#8230;<\/p>\n<p style=\"text-align: justify;\">Milli e\u011fitimin en etkili ve yetkili noktalar\u0131na, Sabataistlerden Karaka\u015filerin g&uuml;d&uuml;m&uuml;ndeki Fevziye mektebi mezunlar\u0131 atan\u0131yor ve \u0130slam inanc\u0131 ve ahlaki temelinden dinamitleniyordu.<\/p>\n<p style=\"text-align: justify;\">D&ouml;nemin Genelkurmay Ba\u015fkan\u0131 ve &Uuml;zeyir Garih gibi Ey&uuml;p Dergah\u0131 ve \u015eeyh H&uuml;seyin Efendi ba\u011fl\u0131s\u0131 olan Fevzi &Ccedil;akmak&#8217;\u0131n damad\u0131 ve G&uuml;zel Sanatlar Akademisi M&uuml;d&uuml;r&uuml; Burhan Toprak; &#8220;Arap S&uuml;nnili\u011fine kar\u015f\u0131, Anadolu \u0130slam&#8217;\u0131n\u0131&#8221; savunuyor ve Layt-Il\u0131ml\u0131 \u0130slam&#8217;\u0131n temelleri at\u0131l\u0131yordu&#8230;<\/p>\n<p style=\"text-align: justify;\">Atat&uuml;rk, kendisinin de okudu\u011fu Fevziye mekteplerinin ad\u0131n\u0131 &#8220;I\u015f\u0131k&#8221; olarak de\u011fi\u015ftirmek istiyor, ama kar\u015f\u0131 &ccedil;\u0131k\u0131l\u0131nca vazge&ccedil;iyordu&#8230; Fakat y\u0131llar sonra, Il\u0131ml\u0131 \u0130slam&#8217;\u0131n g&uuml;n&uuml;m&uuml;zdeki temsilcisi Fetullah G&uuml;len, kendi ev-yurtlar\u0131na &#8220;\u0131\u015f\u0131k&#8221; ad\u0131n\u0131 koyuyordu!?<\/p>\n<p style=\"text-align: justify;\"><strong>\u0130N&Ouml;N&Uuml; D&Ouml;NEM\u0130 veya Milli \u015fef Devrimi!<\/strong><\/p>\n<p style=\"text-align: justify;\">Atat&uuml;rk&#8217;&uuml;n \u015f&uuml;pheli ve \u015faibeli &ouml;l&uuml;m&uuml;nden sonra, her nas\u0131l olduysa ve hangi gizli g&uuml;&ccedil;ler devreye sokulduysa, Mustafa Kemal&#8217;in Ba\u015fbakanl\u0131ktan uzakla\u015ft\u0131rd\u0131\u011f\u0131 ve &ouml;l&uuml;nceye kadar yan\u0131na yakla\u015ft\u0131rmad\u0131\u011f\u0131 \u0130smet \u0130n&ouml;n&uuml;, Fevzi &Ccedil;akma\u011f\u0131n da deste\u011fiyle, Cumhurba\u015fkanl\u0131\u011f\u0131n\u0131 ta\u015f\u0131n\u0131yordu&#8230;<\/p>\n<p style=\"text-align: justify;\">&nbsp;Atat&uuml;rk&#8217;&uuml;n en yak\u0131n sofra ve sohbet arkada\u015flar\u0131 art\u0131k Milletvekili bile yap\u0131lm\u0131yor, Ama O&#8217;nun d\u0131\u015flad\u0131\u011f\u0131 Rauf Orbay, Kaz\u0131m Karabekir, H&uuml;seyin Cahit Yal&ccedil;\u0131n, Refet Bele, Ali Fuat Cebesoy gibilerini, \u0130n&ouml;n&uuml; yeniden &ccedil;evresine topluyor ve &ouml;ne &ccedil;\u0131kar\u0131yordu. Enver, Talat ve Cemal Pa\u015falar\u0131n &ccedil;ocuklar\u0131n\u0131n T&uuml;rkiye&#8217;ye d&ouml;nmelerinin yolunu a&ccedil;\u0131yor, hatta Talat Pa\u015fa&#8217;n\u0131n na\u015f\u0131n\u0131n Yurda ta\u015f\u0131nmas\u0131na izin veriyordu.<\/p>\n<p style=\"text-align: justify;\">Bunlardan da &ouml;te, Resmi Dairelerin duvarlar\u0131ndan Atat&uuml;rk&#8217;&uuml;n resmini indirtip kendi foto\u011fraf\u0131n\u0131 as\u0131yor, T&uuml;rk paras\u0131na kendi resmini bast\u0131r\u0131yordu!..<\/p>\n<p style=\"text-align: justify;\">Atat&uuml;rk, asimileye taraftar ve T&uuml;rkiye&#8217;ye vefak&acirc;r d&ouml;nmelerle i\u015f yapmaya &ouml;zen g&ouml;sterirken, \u0130n&ouml;n&uuml; \u0130slam&#8217;a kindar ve Siyonizm&#8217;e taraftar d&ouml;nmelerle &ccedil;al\u0131\u015f\u0131yordu&#8230;<\/p>\n<p style=\"text-align: justify;\">Nazi zulm&uuml;nden ka&ccedil;\u0131r\u0131l\u0131p \u0130srail&#8217;e gitsinler diye yola &ccedil;\u0131kar\u0131lan Panama Band\u0131ral\u0131 Parita gemisini, 8 A\u011fustos 1939&#8217;da \u0130zmir liman\u0131na sokmamas\u0131&#8230;<\/p>\n<p style=\"text-align: justify;\">&Ccedil;ekoslovakya Yahudilerini ta\u015f\u0131yan iki gemiyi Finike liman\u0131na yakla\u015ft\u0131rmamas\u0131&#8230;<\/p>\n<p style=\"text-align: justify;\">800 kadar Romen Yahudi&#8217;sini ta\u015f\u0131yan Struma gemisinin 15 Aral\u0131k 1941&#8217;de \u0130stanbul&#8217;a yolcu indirmesine izin &ccedil;\u0131karmamas\u0131&#8230;<\/p>\n<p style=\"text-align: justify;\">Ve yine o y\u0131llarda, &ouml;zellikle Yahudilere y&ouml;nelik &#8220;T&uuml;rkiye&#8217;den b\u0131kt\u0131r\u0131p \u0130srail&#8217;e&#8221; ka&ccedil;\u0131rma politikas\u0131 olarak &ccedil;ok a\u011f\u0131r varl\u0131k vergisi koymas\u0131;<\/p>\n<p style=\"text-align: justify;\">\u0130n&ouml;n&uuml;&#8217;n&uuml;n Yahudi d&uuml;\u015fmanl\u0131\u011f\u0131ndan kaynaklanm\u0131yor, tam aksine; onlar\u0131n, \u0130srail&#8217;in kurulmas\u0131 i&ccedil;in Filistin&#8217;e g&ouml;&ccedil; edip yerle\u015fmelerini ama&ccedil;l\u0131yordu&#8230; &Ccedil;&uuml;nk&uuml; Hitler korkusuyla Avrupa&#8217;dan ka&ccedil;\u0131r\u0131lan Yahudiler, kurak ve &ccedil;orak \u0130srail&#8217;e gitmektense T&uuml;rkiye&#8217;de kalmay\u0131 tercih ediyorlard\u0131.<\/p>\n<p style=\"text-align: justify;\">\u0130smet \u0130n&ouml;n&uuml;, b&uuml;t&uuml;n bu despotik d&uuml;zenleme ve dayatmalar\u0131n\u0131 &#8220;Kemalizm&#8221; diye resmi bir ideoloji haline sokuyor ve Atat&uuml;rk&#8217;&uuml;n engellemeye &ccedil;al\u0131\u015ft\u0131\u011f\u0131 &#8220;T&uuml;rkiye Siyon Cumhuriyetinin&#8221; hayata ge&ccedil;irilmesine hizmet ediyordu&#8230;<\/p>\n<p style=\"text-align: justify;\">7 Ocak 1946&#8217;da Celal Bayar, Adnan Menderes, Refik Koraltan ve Fuat K&ouml;pr&uuml;l&uuml; gibi eski CHP&#8217;lilerin Demokrat Partiyi kurma dilek&ccedil;esine, yar\u0131m saat i&ccedil;inde, \u0130n&ouml;n&uuml; h&uuml;k&uuml;metinin hemen izin vermesi ise, Amerika&#8217;daki Siyonist merkezlerin;<\/p>\n<p style=\"text-align: justify;\">&bull; Ayn\u0131 araban\u0131n yorulan ve y\u0131pranan atlar\u0131n\u0131 de\u011fi\u015ftirme&#8230;<\/p>\n<p style=\"text-align: justify;\">&bull; CHP d&ouml;neminde jandarma dip&ccedil;i\u011fi ve polis de\u011fne\u011fi ile yerle\u015ftirilemeyen, \u0130n&ouml;n&uuml;&#8217;n&uuml;n uydurdu\u011fu Kemalizm kurallar\u0131n\u0131 ve d&ouml;nmelik ahlak\u0131n\u0131, DP eliyle ve seve seve M&uuml;sl&uuml;man T&uuml;rk toplumuna benimsetme&#8230;<\/p>\n<p style=\"text-align: justify;\">&bull; Ve tek partinin g&uuml;&ccedil;lenerek, masonik merkezlere kar\u015f\u0131 koyma tehlikesini t&ouml;rp&uuml;leyip, kendi g&uuml;d&uuml;mlerindeki sa\u011fc\u0131-solcu partiler kanal\u0131yla halk\u0131 oyalay\u0131p g&uuml;d&uuml;kle\u015ftirme amac\u0131yla verdikleri talimatlara dayan\u0131yordu.<\/p>\n<p style=\"text-align: justify;\">Daha sonralar\u0131, 10 ya\u015f\u0131nda iken &ouml;\u011freniminin s&uuml;rmesi i&ccedil;in Selanik&#8217;teki Fevziye mekteplerine g&ouml;nderilen&#8230; Milli M&uuml;cadeleyi &ouml;rg&uuml;tleyen Atat&uuml;rk&#8217;&uuml; etkisiz k\u0131lmak &uuml;zere, \u0130stanbul H&uuml;k&uuml;metince Anadolu&#8217;ya g&ouml;revlendirilen&#8230; Ama bu g&ouml;revi yapmadan, fakat ilk etapta Milli M&uuml;cadeleye de kat\u0131lmadan geri d&ouml;nen ve her ne hikmetse, t&uuml;m \u0130zmirli Sabataist Evliyazadeler gibi Ey&uuml;p Dergah\u0131na ba\u011fl\u0131l\u0131\u011f\u0131yla bilinen Mare\u015fal Fevzi &Ccedil;AKMAK&#8217;\u0131n kurdu\u011fu Millet Partisinin; daha sonra ayn\u0131 dergah\u0131n di\u011fer ba\u011fl\u0131lar\u0131ndan as\u0131l ad\u0131 H&uuml;seyin Feyzullah olan Alparslan T&uuml;rke\u015f&#8217;e devredilmesi de yine bu merkezlerin bir ba\u015fka oyunuydu!&#8230;<\/p>\n<p style=\"text-align: justify;\">Risale-i Nur&#8217;un en halis ve en hakiki talebesi&#8230; &Ccedil;anakkale, Kafkas cephesi ve Milli M&uuml;cadele Gazisi Elaz\u0131\u011f&#8217;l\u0131 Rahmetli Albay Hac\u0131 Hulusi Bey&#8217;in nakletti\u011fi:<\/p>\n<p style=\"text-align: justify;\">&#8220;1930 senesinin ilk aylar\u0131nda Hz. &Uuml;stad&#8217;\u0131n yan\u0131na gitmi\u015ftim. O g&uuml;nlerde Mare\u015fal Fevzi &Ccedil;akmak&#8217;la, Fahrettin Altay Pa\u015fa E\u011fridir&#8217;e gelmi\u015flerdi.<\/p>\n<p style=\"text-align: justify;\">&Uuml;stad\u0131m\u0131z bana &#8220;Karde\u015fim, Fevzi Pa\u015fa ile Fahrettin, bana selam g&ouml;ndermi\u015fler. Ben de onlara hediye olarak 10 (On) uncu s&ouml;z&uuml; g&ouml;nderece\u011fim. Yaln\u0131z, birine g&ouml;ndermek istiyorum, sizce hangisi m&uuml;nasiptir? Diye sordu.<\/p>\n<p style=\"text-align: justify;\">Ben de: &#8220;Efendim, biz Fevzi Pa\u015fay\u0131 daha M&uuml;sl&uuml;man biliyoruz. \u0130sterseniz, ona g&ouml;nderelim.&#8221; Cevab\u0131n\u0131 verdim.<\/p>\n<p style=\"text-align: justify;\">Hz. &Uuml;stad ise: &#8220;Yok, hay\u0131r, Fahri pa\u015fa&#8217;ya verin&#8221; dedi.<\/p>\n<p style=\"text-align: justify;\">Ben de o risaleyi, posta ile Fahrettin Altay pa\u015fa&#8217;ya g&ouml;nderdim.&#8221;[7] Hat\u0131ras\u0131nda da anla\u015f\u0131laca\u011f\u0131 gibi, Acaba Bedi&uuml;zzaman Hz.leri Fevzi &Ccedil;akmak&#8217;\u0131n ve O&#8217;nun siyasi varisi olan ve 27-May\u0131s-1960 ihtilalinde &Uuml;stad&#8217;\u0131n Urfa&#8217;daki mezar\u0131n\u0131 bile &ccedil;\u0131kart\u0131p bilinmeyen bir yere ta\u015f\u0131tan Alparslan T&uuml;rke\u015f&#8217;in ger&ccedil;ek mahiyetini bildi\u011fi i&ccedil;in mi b&ouml;yle so\u011fuk davran\u0131yor du?<\/p>\n<p style=\"text-align: justify;\">14 May\u0131s 1950&#8217;de d&ouml;nmelerin damad\u0131 Menderes&#8217;in DP&#8217;si oylar\u0131n %53&#8217;&uuml;n&uuml; alarak 408 milletvekili &ccedil;\u0131kar\u0131rken, &ccedil;arp\u0131k se&ccedil;im kanunuyla %40 oy alan CHP sadece 69 milletvekili alabilmi\u015fti.<\/p>\n<p style=\"text-align: justify;\">&nbsp;Menderes H&uuml;k&uuml;metleri ve Meclisleri,&nbsp; yine sabataist-masonlarla doluydu.<\/p>\n<p style=\"text-align: justify;\">&nbsp;\u0130srail&#8217;in kurulmas\u0131na Menderes eliyle yard\u0131m ediliyor ve ilk tan\u0131yan &uuml;lke T&uuml;rkiye oluyordu&#8230;<\/p>\n<p style=\"text-align: justify;\">TBMM Ba\u015fkan\u0131 Refik Koraltan&#8217;\u0131n o\u011flu O\u011fuzhan Koraltan&#8217;\u0131n ve Yahudi i\u015fadamlar\u0131 Eli Rosenthel ve John A. Caouki gibi kodamanlar\u0131n giri\u015fimiyle ilk Rotary kul&uuml;pleri kuruluyordu.<\/p>\n<p style=\"text-align: justify;\">T&uuml;rkiye NATO&#8217;ya girme a\u015fk\u0131na, Kore&#8217;ye asker g&ouml;nderip y&uuml;zlerce vatan evlad\u0131 telef ediliyordu&#8230;<\/p>\n<p style=\"text-align: justify;\">Atat&uuml;rk d&ouml;neminde kurulan ve stratejik &ouml;nem ta\u015f\u0131yan u&ccedil;ak ve silah fabrikalar\u0131 ve a\u011f\u0131r sanayi kurulu\u015flar\u0131 kapat\u0131l\u0131p, T&uuml;rkiye Amerikan yard\u0131m\u0131 ve dayatmalar\u0131yla montaj sanayisine y&ouml;neliyor ve maalesef 5-10 y\u0131l i&ccedil;inde hurda makine mezarl\u0131\u011f\u0131na d&ouml;n&uuml;\u015ft&uuml;r&uuml;l&uuml;yordu&#8230;<\/p>\n<p style=\"text-align: justify;\">Ve T&uuml;rkiye ad\u0131m ad\u0131m Amerikan s&ouml;m&uuml;rgesi yap\u0131l\u0131yordu&#8230;<\/p>\n<p style=\"text-align: justify;\">&Ouml;yle ki, 1948&#8217;de 292 olan, T&uuml;rkiye Devlet kadrolar\u0131nda g&ouml;revli Amerikal\u0131 say\u0131s\u0131 1952&#8217;de 600&#8217;lere &ccedil;\u0131k\u0131yor, daha sonralar\u0131 S&uuml;leyman Demirel d&ouml;nemlerinde T&uuml;rkiye&#8217;deki ABD personel say\u0131s\u0131 25 binlere f\u0131rl\u0131yordu&#8230;<\/p>\n<p style=\"text-align: justify;\">Ahlak h\u0131zla bozuluyor, toplum yozla\u015f\u0131yor, faiz, fuhu\u015f, kumar ve yolsuzluk giderek art\u0131yordu&#8230;<\/p>\n<p style=\"text-align: justify;\">Ve derken 2 A\u011fustos 1958&#8217;deki deval&uuml;asyonla, 1 dolar 2,5 liradan 9 liraya f\u0131rl\u0131yordu. Deval&uuml;asyon oran\u0131 %225&#8217;i buluyordu.<\/p>\n<p style=\"text-align: justify;\">Adnan Menderes, \u0130zmirli sabataist Evliyazadelerin k\u0131zlar\u0131n\u0131 al\u0131p damatlar\u0131 olmu\u015ftu. Ba\u015fbakan oldu\u011funda ise kabinesini ve yak\u0131n &ccedil;evresini onlarla doldurmu\u015ftu. Siyasete &ouml;nce Fethi Okyar&#8217;\u0131n kurdu\u011fu Serbest Cumhuriyet F\u0131rkas\u0131yla ba\u015flayan, Menderes daha sonra Atat&uuml;rk&#8217;&uuml;n Milli E\u011fitim bakan\u0131 Sabataist Dr. Ra\u015fit Galibin te\u015fvikiyle 1931&#8217;de CHP den se&ccedil;ilip Meclise ta\u015f\u0131nm\u0131\u015ft\u0131.<\/p>\n<p style=\"text-align: justify;\">500 sene &ouml;ncesinden \u0130zmir&#8217;e gelip yerle\u015fti\u011fi s&ouml;ylenen ama nereden, ni&ccedil;in ve nas\u0131l geldi\u011fi gizlenen \u0130spanya yahudilerinden&#8230;<\/p>\n<p style=\"text-align: justify;\">1890 y\u0131l\u0131nda \u0130zmir&#8217;e Vali olarak atanan, eski Sadrazam Abdurrahman Nurettin pa\u015fa&#8217;n\u0131n, mevcut Belediye Ba\u015fkan\u0131yla aras\u0131 a&ccedil;\u0131l\u0131nca, yeni bir se&ccedil;imle Belediye Meclisi&#8217;nin yenilenmesini istemesi &uuml;zerine. U\u015fakl\u0131zade Sad\u0131k Efendi&#8217;den (Atat&uuml;rk&#8217;&uuml;n e\u015fi Latife han\u0131m\u0131n b&uuml;y&uuml;kbabas\u0131 ve sabataist Evliyazadelerin yak\u0131n akrabas\u0131) daha az oy almas\u0131na ra\u011fmen, Vali taraf\u0131ndan tercihen 1891&#8217;de \u0130zmir Belediye Ba\u015fkanl\u0131\u011f\u0131na tayin edilen&#8230; Ve Mekke&#8217;ye gidip ismine Hac\u0131 &uuml;nvan\u0131n\u0131 da ekleyen me\u015fhur Yahudi d&ouml;nmesi sabataist, Evliyazade Hac\u0131 Mehmet Efendinin;<\/p>\n<p style=\"text-align: justify;\">&bull; Naciye isimli k\u0131z\u0131n\u0131n k\u0131z\u0131 olan, torunu Fatma Berrin Han\u0131m, Adnan Menderes&#8217;le evlenmi\u015ftir. Yani Sabataist Mehmet Efendi, Ayd\u0131n Menderesin dedesi olmaktad\u0131r.<\/p>\n<p style=\"text-align: justify;\">&bull; Evliyazade Hac\u0131 Mehmet Efendi&#8217;nin di\u011fer k\u0131z\u0131 Makbule Han\u0131m&#8217;\u0131n yani Berrin han\u0131m\u0131n teyzesinin kocas\u0131 ise; Atat&uuml;rk-\u0130n&ouml;n&uuml; ve Menderes d&ouml;nemlerinin D\u0131\u015fi\u015fleri Bakan\u0131 me\u015fhur mason ve d&ouml;nme, Tevfik R&uuml;\u015ft&uuml; Aras&#8217;t\u0131r. Tevfik R&uuml;\u015ft&uuml;&#8217;n&uuml;n k\u0131z\u0131 Emel de Menderes&#8217;in Bakanlar\u0131ndan Fatin R&uuml;\u015ft&uuml; Zorlu&#8217;nun han\u0131m\u0131d\u0131r.<\/p>\n<p style=\"text-align: justify;\"><strong>Sabataist d&ouml;nme kay\u0131npederlerinin &#8220;evliyal\u0131\u011f\u0131na&#8221; inanan halk\u0131m\u0131z, damat Menderesi neredeyse peygamber yerine koyacakt\u0131.<\/strong><\/p>\n<p style=\"text-align: justify;\">&#8220;Pazara kadar de\u011fil, mezara kadar Milli G&ouml;r&uuml;\u015f&ccedil;&uuml;y&uuml;m&#8221; diyerek Refah Partisi&#8217;ne kat\u0131lan, ama en k&uuml;&ccedil;&uuml;k bir sars\u0131nt\u0131da herkesten &ouml;nce gemiyi terk edip ka&ccedil;an, Ayd\u0131n Menderes, daha &ouml;nce kendisine bir parti kurdurularak pohpohlanmaya ve parlat\u0131lmaya &ccedil;al\u0131\u015f\u0131ld\u0131\u011f\u0131 ve Tayyip misali bir harekete haz\u0131rland\u0131\u011f\u0131 d&ouml;nemlerde, Ankara Ke&ccedil;i&ouml;ren&#8217;de bir ev sohbetine kat\u0131lm\u0131\u015ft\u0131.<\/p>\n<p style=\"text-align: justify;\">Bir konferans m&uuml;nasebetiyle B\u0130Z de Ke&ccedil;i&ouml;ren&#8217;de ve o eve yak\u0131n bir yerde bulunmaktayd\u0131k&#8230;<\/p>\n<p style=\"text-align: justify;\">Neler konu\u015fuldu\u011funu &ouml;\u011frenmek &uuml;zere, o toplant\u0131ya kat\u0131lan bir gen&ccedil;, sonra gelip \u015funlar\u0131 aktarm\u0131\u015ft\u0131:<\/p>\n<p style=\"text-align: justify;\">&#8220;Sn. Ayd\u0131n Menderes, sohbetinin hemen tamam\u0131n\u0131 \u0130slam&#8217;i konulara ay\u0131rd\u0131 ve her iddias\u0131n\u0131 ayet ve hadislere dayand\u0131rd\u0131&#8230; En s\u0131k tekrarlad\u0131\u011f\u0131 ve vurgulad\u0131\u011f\u0131 ise: Erbakan&#8217;\u0131n istismarc\u0131l\u0131k yapt\u0131\u011f\u0131 ve bu davay\u0131 hedefine ula\u015ft\u0131ramayaca\u011f\u0131yd\u0131&#8230;&#8221;<\/p>\n<p style=\"text-align: justify;\">Hatta bir ara:<\/p>\n<p style=\"text-align: justify;\">&#8220;Hem M&uuml;sl&uuml;man ge&ccedil;iniyor, hem de kalk\u0131p, An\u0131tkabire giderek, putperestler gibi, sayg\u0131 duru\u015funda bulunuyor!&#8221; diye sata\u015ft\u0131.<\/p>\n<p style=\"text-align: justify;\">Ben de dayanamay\u0131p:<\/p>\n<p style=\"text-align: justify;\">&#8220;Sn. Ayd\u0131n Menderes..! E\u011fer baban\u0131z, Atat&uuml;rk&#8217;&uuml; koruma kanununu &ccedil;\u0131karmasayd\u0131 ve An\u0131tkabiri yapmasayd\u0131, yani sizin tabirinizle bu put haneyi a&ccedil;masayd\u0131, k\u0131saca Aziz Atat&uuml;rk&#8217;&uuml; putla\u015ft\u0131rmasayd\u0131, baz\u0131lar\u0131 da b&ouml;yle davranmaya mecbur kalmayacakt\u0131.! Hem Baban\u0131z\u0131n siyasi miras\u0131n\u0131 s&ouml;m&uuml;r&uuml;p Onun s\u0131rt\u0131ndan ucuz kahramanl\u0131k tasl\u0131yorsunuz&#8230; Hem de Baban\u0131z\u0131n &ccedil;\u0131kard\u0131\u011f\u0131 kanunlara ve yapt\u0131rd\u0131\u011f\u0131 kabirlere sayg\u0131 duyanlar\u0131 putperestlikle su&ccedil;luyorsunuz!? H&acirc;lbuki biz An\u0131tkabire, Milli M&uuml;cadelemizin ve binlerce \u015fehidimizin \u015fahs\u0131 manevisi ve simgesi olan bir Zat\u0131 ve makam\u0131 ziyaret kast\u0131yla gidiyoruz!&#8221; deyince bocalay\u0131p \u015fa\u015f\u0131rm\u0131\u015f ve kalk\u0131p gitmeye mecbur kalm\u0131\u015ft\u0131.<\/p>\n<p style=\"text-align: justify;\"><strong>Orgeneral Muhsin Batur&#8217;un tarihi itiraflar\u0131:<\/strong><\/p>\n<p style=\"text-align: justify;\">Eski Hv.K.Komutan\u0131 Orgeneral Muhsin Batur&#8217;un laiklikle ilgili s&ouml;zleri de Atat&uuml;rk ve Kurtulu\u015f Sava\u015f\u0131yla ilgili tespitlerimizi hakl\u0131 &ccedil;\u0131karmaktad\u0131r.<\/p>\n<p style=\"text-align: justify;\">&#8220;Bat\u0131, \u0130slam d&uuml;nyas\u0131n\u0131n &uuml;zerine 1400 y\u0131ll\u0131k bir kinle y&uuml;r&uuml;yordu. Yeg&acirc;ne m&uuml;stakil \u0130slam &uuml;lkesi T&uuml;rkiye&#8217;nin bu y&uuml;r&uuml;y&uuml;\u015f&uuml; tek ba\u015f\u0131na durdurmas\u0131 m&uuml;mk&uuml;n de\u011fildi. Ger&ccedil;ek&ccedil;i olal\u0131m, Biz Yunan&#8217;\u0131 denize d&ouml;kmekle Yavuz Selimlerin, Kanunilerin g&uuml;c&uuml;ne ula\u015fm\u0131\u015f olmad\u0131k. T&uuml;rkiye r&ouml;van\u015fa haz\u0131r olmad\u0131\u011f\u0131 i&ccedil;in laik oldu&#8230;&#8221; (H .Albayrak -Kemalizm Terakkiye Manidir- Vadi Yay\u0131nlar\u0131)<\/p>\n<p style=\"text-align: justify;\">Yani, Milletimizi \u0130slam&#8217;i kimlik ve k&uuml;lt&uuml;rden koparmak isteyenlere; &#8220;laik&#8221;lik diye \u0130slam&#8217;dan uzakla\u015faca\u011f\u0131m\u0131z y&ouml;n&uuml;nde verilmi\u015f gizli bir garantinin hat\u0131r\u0131na ve zahiri planda T&uuml;rkiye kuruldu&#8230;<\/p>\n<p style=\"text-align: justify;\">Ve Atat&uuml;rk, milletimizin; bu r&ouml;van\u015f\u0131 almaya haz\u0131r olacak ve kendini toparlay\u0131p yeniden tarih sahnesine &ccedil;\u0131kacak \u015fartlar\u0131 olu\u015fturaca\u011f\u0131na inand\u0131\u011f\u0131 i&ccedil;in; bu dayatmay\u0131 kabul etmi\u015f g&ouml;r&uuml;nen bir rol oynamay\u0131 uygun buldu&#8230;<\/p>\n<p style=\"text-align: justify;\">&nbsp;Bu \u015fekilde i\u015fgal ettikleri Anadolu&#8217;dan &ccedil;ekilmek, Emperyalist Bat\u0131l\u0131lar\u0131n da i\u015fine geliyordu&#8230;<\/p>\n<p style=\"text-align: justify;\">Asl\u0131nda Anadolu&#8217;yu zaten ele ge&ccedil;irmi\u015flerdi ve Onlar\u0131 &ccedil;\u0131karacak bir g&uuml;&ccedil; de yoktu&#8230;Ancak M&uuml;sl&uuml;man T&uuml;rk&#8217;&uuml;n, yirmi-otuz sene i&ccedil;inde yeniden ve \u0130slami bir \u015fuurla dirilip kendilerini s&uuml;recekleri biliniyordu&#8230;&Ouml;yle ise, tek kesin ve kestirme yol, bu milleti \u0130slami de\u011fer ve dinamiklerden uzakla\u015ft\u0131racak bir ekibe b\u0131rak\u0131p, ayr\u0131lmak kal\u0131yordu..\u0130\u015fte emekli Muhsin Batur Pa\u015fa da, bunu anlatmak istiyordu..<\/p>\n<p style=\"text-align: justify;\"><strong>ERBAKAN GER&Ccedil;E\u011e\u0130 Ve Atat&uuml;rk&ccedil;&uuml;l&uuml;\u011f&uuml;n gere\u011fi:<\/strong><\/p>\n<p style=\"text-align: justify;\">Atat&uuml;rk&#8217;&uuml;n; Yahudilerden ve sabataist d&ouml;nmelerden:<\/p>\n<p style=\"text-align: justify;\">&bull; &Uuml;lkemiz ve halk\u0131m\u0131z i&ccedil;in k&ouml;t&uuml; \u015feyler d&uuml;\u015f&uuml;nmeyen,<\/p>\n<p style=\"text-align: justify;\">&bull; Siyonizm&#8217;in D&uuml;nya h&acirc;kimiyeti ve B&uuml;y&uuml;k \u0130srail hayali pe\u015fine d&uuml;\u015fmeyen ve T&uuml;rkiye&#8217;yi kendi vatan\u0131 g&ouml;ren,<\/p>\n<p style=\"text-align: justify;\">&bull; Yurt i&ccedil;inde ve d\u0131\u015f\u0131nda gizli ve kirli h\u0131yanet odaklar\u0131yla ili\u015fkiye ve i\u015fbirli\u011fine giri\u015fmeyen,<\/p>\n<p style=\"text-align: justify;\">&bull; \u0130yi niyetli, kabiliyetli ve karakterli olanlarla; birlikte &ccedil;al\u0131\u015fma, sorumluluklar\u0131m\u0131za ve sonu&ccedil;lar\u0131na beraber katlanma, &uuml;lkemizin nimetlerini de, k&uuml;lfet ve zahmetlerini de ortak payla\u015fma siyaset ve stratejisini&#8230;<\/p>\n<p style=\"text-align: justify;\">Bunun yan\u0131nda;<\/p>\n<p style=\"text-align: justify;\">&bull; Vatan\u0131m\u0131z\u0131, halk\u0131m\u0131z\u0131 ve &uuml;lke imk&acirc;nlar\u0131m\u0131z\u0131 \u0130srail&#8217;in hesab\u0131na kullanmak, y\u0131pratmak ve y\u0131kmak isteyen<\/p>\n<p style=\"text-align: justify;\">&bull; \u0130slami inanc\u0131m\u0131z\u0131 ve Milli ahlak\u0131m\u0131z\u0131 bozmak, laytla\u015ft\u0131rmak ve yozla\u015ft\u0131rmak isteyen&#8230;<\/p>\n<p style=\"text-align: justify;\">&bull; Mason localar\u0131 ve h\u0131yanet odaklar\u0131yla birlikte &ccedil;al\u0131\u015f\u0131p, ekonomik, teknolojik, politik ve psikolojik alanda bizi ku\u015fatmak ve gelece\u011fimizi karartmak isteyen, niyeti ve t\u0131yn\u0131yeti bozuk olanlara ise,<\/p>\n<p style=\"text-align: justify;\">Mesafeli durma, g&ouml;zalt\u0131nda bulundurma, stratejik noktalardan uzak tutma ve s&uuml;rekli dikkatli davranma&#8230; Siyaset, feraset ve dirayetini M. Kemal&#8217;den sonra g&ouml;sterebilen tek lider Erbakan Hoca&#8217;d\u0131r.<\/p>\n<p style=\"text-align: justify;\">Evet, Erbakan Hoca, Yahudi&#8217;ye veya d&ouml;nmelere de\u011fil, \u015feytani ve gayri insani ama&ccedil;lar ta\u015f\u0131yan Siyonizm&#8217;e ve &uuml;lkemize h\u0131yanet d&uuml;\u015f&uuml;nenlere kar\u015f\u0131d\u0131r ve elbette hakl\u0131d\u0131r.<\/p>\n<p style=\"text-align: justify;\">&Uuml;lkemiz, Milletimiz, g&uuml;venli\u011fimiz ve gelece\u011fimiz &uuml;zerinde k&ouml;t&uuml; niyet ta\u015f\u0131yanlar\u0131n ve onlara ta\u015feronluk yapanlar\u0131n: &Ccedil;ok ayr\u0131 inan&ccedil; ve kafalarda&#8230; Farkl\u0131 konum ve kulvarlarda bulunmalar\u0131na ra\u011fmen, Erbakan kar\u015f\u0131tl\u0131\u011f\u0131nda ve Milli G&ouml;r&uuml;\u015f korkakl\u0131\u011f\u0131nda, hep ortak tav\u0131r almalar\u0131 bo\u015funa m\u0131d\u0131r?<\/p>\n<p style=\"text-align: justify;\">Ama, korkunun ecele faydas\u0131 olmayacakt\u0131r!&#8230;<\/p>\n<p style=\"text-align: justify;\">Kader, Atat&uuml;rk&#8217;e; Siyonistlerin g&uuml;d&uuml;m&uuml;ndeki b&uuml;t&uuml;n emperyalist g&uuml;&ccedil;lerin &#8220;Hasta Osmanl\u0131&#8217;y\u0131 &ouml;ld&uuml;rme ve M&uuml;sl&uuml;man T&uuml;rk&#8217;&uuml; tarihe g&ouml;mme&#8221; siyaset ve sald\u0131r\u0131lar\u0131na kar\u015f\u0131 &#8220;Anadolu&#8217;yu kurtarma ve T&uuml;rk varl\u0131\u011f\u0131n\u0131 koruma&#8221; gibi &ccedil;ok \u015ferefli, ama &ccedil;etrefilli bir misyon y&uuml;klemi\u015fti.<\/p>\n<p style=\"text-align: justify;\">Erbakan ise; B&uuml;t&uuml;n insanl\u0131\u011f\u0131n b&uuml;nyesine, kanser urlar\u0131 gibi yerle\u015fen Siyonist &ccedil;\u0131banlar\u0131n\u0131 de\u015fmek&#8230; Her din ve d&uuml;\u015f&uuml;nceden&#8230; De\u011fi\u015fik k&ouml;ken ve k&uuml;lt&uuml;rden b&uuml;t&uuml;n insanl\u0131\u011f\u0131n bar\u0131\u015f ve bereket i&ccedil;inde ya\u015fayaca\u011f\u0131, T&uuml;rkiye merkezli yeni ve adil bir medeniyeti kurma \u015fuuruna, onuruna ve sorumlulu\u011funa sahiptir&#8230;<\/p>\n<p style=\"text-align: justify;\">Unutmay\u0131n; Atat&uuml;rk de, resmi apoletleri s&ouml;k&uuml;ld&uuml;kten, t&uuml;m siyasi yetkileri elinden gittikten sonra, tarihi devrimini ger&ccedil;ekle\u015ftirmi\u015ftir.!?<\/p>\n<p style=\"text-align: justify;\">Ve Erbakan Hoca&#8217;n\u0131n en b&uuml;y&uuml;k kahramanl\u0131\u011f\u0131; &ccedil;evresini ku\u015fatan baz\u0131 hamakat ve h\u0131yanet ehline ra\u011fmen, bu b&uuml;y&uuml;k projesini ad\u0131m ad\u0131m hayata ge&ccedil;irmesidir.<\/p>\n<p style=\"text-align: justify;\"><span style=\"font-size: 12pt;\"><strong>Not: Bu yaz\u0131da yer alan; Eski Sa\u011fl\u0131k Bakanlar\u0131ndan Dr. Beh&ccedil;et UZ ve ailesiyle ilgili paragraf, Sn. Ferit Uz&#8217;un uyar\u0131lar\u0131 ve arzular\u0131 &uuml;zerine siteden ve Bizim Atat&uuml;rk kitab\u0131m\u0131zdaki b&ouml;l&uuml;mden &ccedil;\u0131kar\u0131lm\u0131\u015ft\u0131r. Sn. Ferit Uz&#8217;un aktar\u0131mlar\u0131 taraf\u0131m\u0131zdan uygun bulunmu\u015f ve dikkate al\u0131nm\u0131\u015ft\u0131r. Sayg\u0131lar\u0131m\u0131zla duyurulur.<\/strong><\/span><\/p>\n<p style=\"text-align: justify;\"><span style=\"font-size: 12pt;\"><strong>&nbsp;&nbsp;&nbsp;&nbsp;&nbsp;&nbsp;&nbsp;&nbsp;&nbsp;&nbsp;&nbsp;&nbsp;&nbsp;&nbsp;&nbsp;&nbsp;&nbsp;&nbsp;&nbsp;&nbsp;&nbsp;&nbsp;&nbsp;&nbsp;&nbsp;&nbsp;&nbsp;&nbsp;&nbsp;&nbsp;&nbsp;&nbsp;&nbsp;&nbsp;&nbsp;&nbsp;&nbsp;&nbsp;&nbsp;&nbsp;&nbsp;&nbsp;&nbsp;&nbsp;&nbsp;&nbsp;&nbsp;&nbsp;&nbsp;&nbsp;&nbsp;&nbsp;&nbsp;&nbsp;&nbsp;&nbsp;&nbsp;&nbsp;&nbsp;&nbsp;&nbsp;&nbsp;&nbsp;&nbsp;&nbsp;&nbsp;&nbsp;&nbsp;&nbsp;&nbsp;&nbsp;&nbsp;&nbsp;&nbsp;&nbsp;&nbsp;&nbsp;&nbsp;&nbsp;&nbsp;&nbsp;&nbsp;&nbsp;&nbsp;&nbsp;&nbsp;&nbsp;&nbsp;&nbsp;&nbsp;&nbsp;&nbsp;&nbsp;&nbsp;&nbsp; Osman Erayd\u0131n <\/strong><\/span><\/p>\n<p style=\"text-align: justify;\"><span style=\"font-size: 12pt;\"><strong>&nbsp;&nbsp;&nbsp;&nbsp;&nbsp;&nbsp;&nbsp;&nbsp;&nbsp;&nbsp;&nbsp;&nbsp;&nbsp;&nbsp;&nbsp;&nbsp;&nbsp;&nbsp;&nbsp;&nbsp;&nbsp;&nbsp;&nbsp;&nbsp;&nbsp;&nbsp;&nbsp;&nbsp;&nbsp;&nbsp;&nbsp;&nbsp;&nbsp;&nbsp;&nbsp;&nbsp;&nbsp;&nbsp;&nbsp;&nbsp;&nbsp;&nbsp;&nbsp;&nbsp;&nbsp;&nbsp;&nbsp;&nbsp;&nbsp;&nbsp;&nbsp;&nbsp;&nbsp;&nbsp;&nbsp;&nbsp;&nbsp;&nbsp;&nbsp;&nbsp;&nbsp;&nbsp;&nbsp;&nbsp;&nbsp;&nbsp;&nbsp;&nbsp;&nbsp;&nbsp;&nbsp;&nbsp;&nbsp;&nbsp;&nbsp;&nbsp;&nbsp;&nbsp;&nbsp;&nbsp;&nbsp;&nbsp;&nbsp;&nbsp;&nbsp;&nbsp;&nbsp;&nbsp; Genel Yay\u0131n Y&ouml;nenetmeni<\/strong><\/span><\/p>\n<p style=\"text-align: justify;\">&nbsp;<\/p>\n<p style=\"text-align: justify;\">&nbsp;<\/p>\n<hr \/>\n<p style=\"text-align: justify;\"><a href=\"#_ftnref1\" title=\"_ftn1\" name=\"_ftn1\">[1]<\/a> Hikmet Tanyu Tarih boyunca Yahudiler ve T&uuml;rkler C.1 Sh:259<\/p>\n<p style=\"text-align: justify;\"><a href=\"#_ftnref3\" title=\"_ftn3\" name=\"_ftn3\">[2]<\/a> John Freely. Kay\u0131p Mesih Sh. 254-258<\/p>\n<p style=\"text-align: justify;\"><a href=\"#_ftnref4\" title=\"_ftn4\" name=\"_ftn4\">[3]<\/a> Bak: Tekeliyet Yal&ccedil;\u0131n K&uuml;&ccedil;&uuml;k Sh. 243<\/p>\n<p style=\"text-align: justify;\"><a href=\"#_ftnref5\" title=\"_ftn5\" name=\"_ftn5\">[4]<\/a> Soner yal&ccedil;\u0131n. Efendi Sh.42<\/p>\n<p style=\"text-align: justify;\"><a href=\"#_ftnref6\" title=\"_ftn6\" name=\"_ftn6\">[5]<\/a> Henri Nahum \u0130zmir Yahudileri 2000 Sh. 74<\/p>\n<p style=\"text-align: justify;\"><a href=\"#_ftnref7\" title=\"_ftn7\" name=\"_ftn7\">[6]<\/a> Soner yal&ccedil;\u0131n Efendi Nisan 2004 Sh. 359<\/p>\n<p style=\"text-align: justify;\"><a href=\"#_ftnref8\" title=\"_ftn8\" name=\"_ftn8\">[7]<\/a> Bak: Hulusi Bey. Ahmet &Ouml;zer. \u0130zmir 1998\/2.Bask\u0131-\u0130zmir<\/p>\n","protected":false},"excerpt":{"rendered":"<p style=\"text-align: justify;\">&nbsp;<\/p>\n<p style=\"text-align: justify;\">Yeti\u015fti\u011fi ortam\u0131, o ortam\u0131 haz\u0131rlayan \u015fartlar\u0131&#8230; Etkilendi\u011fi \u015fah\u0131slar\u0131&#8230; Duraklama ve gerileme d&ouml;nemlerinden itibaren ve &ouml;zellikle Tanzimat ve \u0130ttihat-Terakki devrimlerinden sonras\u0131 Osmanl\u0131y\u0131&#8230; O g&uuml;nk&uuml; ve bug&uuml;nk&uuml; d&uuml;nyay\u0131; ekonomik ve k&uuml;lt&uuml;rel y&ouml;nden y&ouml;nlendiren-\u015fekillendiren siyasi Siyonizm&#8217;in perde arkas\u0131n\u0131 ve tabi Sabatayc\u0131l\u0131k ve d&ouml;nmelik kavram\u0131n\u0131 bilmeden ve b&uuml;t&uuml;n bunlar\u0131 birlikte d&uuml;\u015f&uuml;n&uuml;p de\u011ferlendirmeden Atat&uuml;rk&#8217;&uuml; do\u011fru tan\u0131man\u0131n m&uuml;mk&uuml;n olmayaca\u011f\u0131 kanaatindeyiz.<\/p>\n","protected":false},"author":9,"featured_media":0,"comment_status":"open","ping_status":"closed","sticky":false,"template":"","format":"standard","meta":{"footnotes":""},"categories":[59],"tags":[],"class_list":["post-671","post","type-post","status-publish","format-standard","hentry","category-temmuz-2004"],"_links":{"self":[{"href":"https:\/\/www.millicozum.com\/mc\/wp-json\/wp\/v2\/posts\/671","targetHints":{"allow":["GET"]}}],"collection":[{"href":"https:\/\/www.millicozum.com\/mc\/wp-json\/wp\/v2\/posts"}],"about":[{"href":"https:\/\/www.millicozum.com\/mc\/wp-json\/wp\/v2\/types\/post"}],"author":[{"embeddable":true,"href":"https:\/\/www.millicozum.com\/mc\/wp-json\/wp\/v2\/users\/9"}],"replies":[{"embeddable":true,"href":"https:\/\/www.millicozum.com\/mc\/wp-json\/wp\/v2\/comments?post=671"}],"version-history":[{"count":0,"href":"https:\/\/www.millicozum.com\/mc\/wp-json\/wp\/v2\/posts\/671\/revisions"}],"wp:attachment":[{"href":"https:\/\/www.millicozum.com\/mc\/wp-json\/wp\/v2\/media?parent=671"}],"wp:term":[{"taxonomy":"category","embeddable":true,"href":"https:\/\/www.millicozum.com\/mc\/wp-json\/wp\/v2\/categories?post=671"},{"taxonomy":"post_tag","embeddable":true,"href":"https:\/\/www.millicozum.com\/mc\/wp-json\/wp\/v2\/tags?post=671"}],"curies":[{"name":"wp","href":"https:\/\/api.w.org\/{rel}","templated":true}]}}