{"id":672,"date":"2004-07-01T00:00:00","date_gmt":"2004-07-01T00:00:00","guid":{"rendered":"https:\/\/www.millicozum.com\/mc\/2004\/07\/01\/siyonizm-ve-bm\/"},"modified":"2004-07-01T00:00:00","modified_gmt":"2004-07-01T00:00:00","slug":"siyonizm-ve-b-m","status":"publish","type":"post","link":"https:\/\/www.millicozum.com\/mc\/2004\/temmuz-2004\/siyonizm-ve-bm\/","title":{"rendered":"S\u0130YON\u0130ZM VE B.M."},"content":{"rendered":"<p>\u00a0 <\/p>\n<p>Birle\u015fmi\u015f Milletler dedikleri:<\/p>\n<p>1- \u00d6nce \u0130slam&#8217;\u0131n temsilcisi ve d\u00fcnyan\u0131n dengesi olan Osmanl\u0131 Devletini y\u0131kmak<\/p>\n<p>2- Sonra da bu \u00f6rg\u00fct eliyle d\u00fcnya hakimiyetini kurmak \u00fczere Yahudi Siyonistler taraf\u0131ndan olu\u015fturulmu\u015f bir te\u015fkilatt\u0131r.<\/p>\n<p>Bug\u00fcnk\u00fc \u0130srail&#8217;in manevi kurucusu olan Siyonist lider Theodor Hertzel Osmanl\u0131&#8217;n\u0131n y\u0131k\u0131l\u0131\u015f\u0131n\u0131 haz\u0131rlamak ve h\u0131zland\u0131rmak i\u00e7in Sultan Abd\u00fclhamit&#8217;i tahttan uzakla\u015ft\u0131rmay\u0131 ve bu maksatla J\u00f6n T\u00fcrkler ve \u0130ttihat ve Terakkicilerle irtibat kurmay\u0131 planlad\u0131.<a name=\"_ftnref1\" href=\"#_ftn1\" title=\"_ftnref1\">[1]<\/a><\/p>\n<p> <\/p>\n<hr \/>\n<p><a name=\"_ftn1\" href=\"#_ftnref1\" title=\"_ftn1\">[1]<\/a> Complete Diaries of Theodor Herzl\u00a0 C.1, sh. 374<\/p>\n<p>   \u00a0 <\/p>\n<p>Bunun i\u00e7in son Osmanl\u0131 Meclisinde Selanik mebusu olan Emanuel Karasso, \u0130zmir Milletvekili Nesim Mazliyah, Selanikteki eczanesi J\u00f6n T\u00fcrklerin bulu\u015fma merkezi olan Rafael Benuziyar gibi siyonist Yahudilerle temasa ge\u00e7ildi ve Sultan Abd\u00fclhamit&#8217;in hal&#8217;li i\u00e7in kampanya ba\u015flat\u0131ld\u0131.<a name=\"_ftnref1\" href=\"#_ftn1\" title=\"_ftnref1\">[1]<\/a><\/p>\n<p>\u00d6nceleri Siyonist lider Theodor Hertzel, Abd\u00fclhamit&#8217;ten Filistin&#8217;de Yahudiler i\u00e7in bir yerle\u015fim b\u00f6lgesi istemi\u015f, \u00e7ok cazip teklifler ve r\u00fc\u015fvetler kar\u015f\u0131l\u0131\u011f\u0131 bile Sultan\u0131 ikna edememi\u015f ve &#8220;\u015eehit kan\u0131yla kazan\u0131lan vatan topraklar\u0131 parayla sat\u0131lmaz&#8221; cevab\u0131yla defedilmi\u015f, bunun \u00fczerine &#8220;Ruso, Mazliyah, Ahmet R\u0131za, Enver, Talat ve Naz\u0131m Beyler gibi \u0130ttihat ve Terakki masonlar\u0131n\u0131 kullanarak &#8220;Filistin&#8217;e Musevi g\u00f6\u00e7menler g\u00f6nderme&#8221; i\u015fini denemeye giri\u015fmi\u015ftir&#8221;.<a name=\"_ftnref2\" href=\"#_ftn2\" title=\"_ftnref2\">[2]<\/a><\/p>\n<p>B\u00fct\u00fcn bu \u015feytani heves ve hesaplar\u0131na m\u00fcsaade etmeyen Abd\u00fclhamit Han\u0131, bu siyonist tasar\u0131lara mecbur etmek amac\u0131yla Theodor Hertzel ortaya Birle\u015fmi\u015f Milletler plan\u0131n\u0131 \u00e7\u0131kard\u0131.\u00a0<\/p>\n<p>Ama\u00e7lar\u0131,\u00a0 s\u00f6zde\u00a0 &#8220;d\u00fcnya bar\u0131\u015f\u0131 ve birli\u011fi&#8221; ad\u0131 alt\u0131nda her \u00fclkedeki bir Yahudiyi o \u00fclkenin temsilcisi olarak Amerika&#8217;ya toplamak ve &#8220;Bak i\u015fte b\u00fct\u00fcn d\u00fcnya devletleri b\u00f6yle istiyor&#8221; diye Sultan Abd\u00fclhamid&#8217;i \u0130srail&#8217;in kurulmas\u0131na mecbur tutmak ve \u0130slam vatan\u0131 olan Filistin&#8217;in Osmanl\u0131&#8217;dan kopar\u0131lmas\u0131na zemin haz\u0131rlamakt\u0131.\u00a0<\/p>\n<p>Bu durum hemen fark eden Sultan Ad\u00fclhamit, kendisi hayatta kald\u0131k\u00e7a Birle\u015fmi\u015f Milletler&#8217;i kurdurmam\u0131\u015ft\u0131. Ve zaten daha sonra kurulan B.M.&#8217;in ilk karar\u0131 \u0130slam aleminin ortas\u0131nda bir \u00e7\u0131banba\u015f\u0131 olarak kurulan \u0130srail&#8217;i tan\u0131makt\u0131.\u00a0<\/p>\n<p>D\u00fcnyadaki siyonist hakimiyetine kavu\u015fmak i\u00e7in ba\u015flatt\u0131\u011f\u0131 I. D\u00fcnya sava\u015f\u0131 ile hem Avrupa&#8217;y\u0131 mahveden hem de Osmanl\u0131&#8217;y\u0131 tarihe g\u00f6men siyonistler yine kendi k\u0131\u015fk\u0131rtt\u0131\u011f\u0131 II. D\u00fcnya Sava\u015f\u0131 sonunda da s\u00f6zde yery\u00fcz\u00fcnde bar\u0131\u015f\u0131 ve huzuru korumak bahanesi alt\u0131nda as\u0131l siyonist h\u00fck\u00fcmranl\u0131\u011f\u0131n\u0131 y\u00fcr\u00fctmek amac\u0131yla Birle\u015fmi\u015f Milletleri kurdu.\u00a0<\/p>\n<p>\u00d6nce Roosevelt (ABD) ve Churcil&#8217;in\u00a0 (\u0130ng.) Almanlara kar\u015f\u0131 1941&#8217;de yapt\u0131klar\u0131 Atlantik anla\u015fmas\u0131n\u0131 daha sonra 1 Ocak 1942&#8217;de Rus, \u0130ngiliz ve Amerikan temsilcisinin Washington&#8217;da imzalad\u0131klar\u0131 &#8220;Birle\u015fmi\u015f Milletler Beyannamesi&#8221; takip etti.\u00a0 30 Ekim 1943&#8217;te \u00c7in&#8217;i de yanlar\u0131na alarak s\u00f6zde b\u00fct\u00fcn bar\u0131\u015f\u00e7\u0131 \u00fclkelerin kat\u0131l\u0131m\u0131na a\u00e7\u0131k &#8220;Moskova Bildirisini&#8221; haz\u0131rlad\u0131lar.\u00a0<\/p>\n<p>1945 \u015eubat\u0131nda K\u0131r\u0131m&#8217;daki Yalta \u015fehrinde D\u00fcnya Siyonistlerinin Kongresindeki gizli kararlar\u0131n arkas\u0131ndan, 25 Nisan\u00a0 &#8211; 26 Haziran 1945&#8217;te San Fransisko&#8217;da her \u00fclkeyi temsilen gelen Yahudi ve masonlar\u0131n topland\u0131\u011f\u0131 konferans sonunda Birle\u015fmi\u015f milletler anayasas\u0131 ve Adalet Divan\u0131 stat\u00fcs\u00fcn\u00fc haz\u0131rland\u0131 ve imzaland\u0131.\u00a0<\/p>\n<p>Birle\u015fmi\u015f Milletler te\u015fkilat\u0131 i\u00e7inde kurucu rol\u00fc oynayan ve kendilerine\u00a0 &#8220;daimi ve de\u011fi\u015fmez delegelik ve ayr\u0131ca\u00a0 &#8220;Veto&#8221; hakk\u0131 sa\u011flayan be\u015f \u00fclke\u00a0 (Amerika, Rusya, \u0130ngiltere ve Fransa) siyasi ve ekonomik y\u00f6nden Yahudilerin en etkili ve yetkili bulundu\u011fu yerler olmas\u0131 \u00e7ok dikkat \u00e7ekicidir.<\/p>\n<p>Ve bu arada Rusya&#8217;da olsun \u00c7in&#8217;de olsun Kom\u00fcnist ihtilali yapanlar\u0131n hem fikir babalar\u0131n\u0131n hem de eylem planlar\u0131n\u0131n siyonist ve masonlara ait oldu\u011funu hat\u0131rlatmak gerekir.<\/p>\n<p>\u0130\u015fte Yahudi Siyonizminin s\u00f6m\u00fcr\u00fc ve zul\u00fcm saltanat\u0131n\u0131 ger\u00e7ekle\u015ftirmek i\u00e7in meydana getirilen ve adalet ve h\u00fcrriyet k\u0131l\u0131f\u0131 ge\u00e7irilen Birle\u015fmi\u015f Milletler te\u015fkilat\u0131 ger\u00e7ekte tam bir fesat arac\u0131d\u0131r.\u00a0<\/p>\n<p>Kendi anayasas\u0131nda \u00f6ng\u00f6r\u00fclen \u015fartlar bile g\u00f6stermeliktir ve bunlara uyulmamaktad\u0131r.\u00a0<\/p>\n<p>\u00dcye \u00fclkeleri birer temsilcilerinden olu\u015fan GENEL KURUL g\u00f6lge ve g\u00f6stermelik bir organd\u0131r. As\u0131l kararlar\u0131 veto hakk\u0131 bulunan 5 daimi \u00fcye ve di\u011fer alt\u0131s\u0131 genel kurulca iki y\u0131lda bir se\u00e7ilen 11 ki\u015fiden olu\u015fan G\u00fcvenlik Konseyi al\u0131r ve uygular.\u00a0<\/p>\n<p>Ge\u00e7en d\u00f6nem koyu \u0130slam d\u00fc\u015fman\u0131 bir Hristiyan ve Yahudi damad\u0131 olan Butros Gali&#8217;nin temsil etti\u011fi Genel Sekreterleri ise yine ancak G\u00fcvenlik Konseyinin \u00f6nerebilece\u011fi isimlerden birini genel kurul se\u00e7mekte ve ne hikmetse devaml\u0131 siyonizme hizmet edecek mason tipler bu makama getirilmektedir.<\/p>\n<p>Y\u00fczlerce \u00fclkenin ortakla\u015fa alaca\u011f\u0131 bir karar\u0131 tek ba\u015f\u0131na &#8220;veto etme&#8221; ve ge\u00e7ersiz hale getirme yetkisi olan 5 daimi \u00fcyenin ve onlar\u0131n da arkas\u0131ndaki siyonizmin sadece oyunca\u011f\u0131 ve zul\u00fcm arac\u0131 olan b\u00f6yle bir te\u015fkilat\u0131n bar\u0131\u015f\u0131 de\u011fil, sava\u015f\u0131 k\u0131\u015fk\u0131rtt\u0131\u011f\u0131 ve hatta ba\u015flatt\u0131\u011f\u0131 y\u00fczlerce tecr\u00fcbeyle sabit olmu\u015f bir ger\u00e7ektir.\u00a0<\/p>\n<p>\u00d6nce Saddam&#8217;\u0131 kullanarak ve Kuveyt&#8217;e kar\u015f\u0131 k\u0131\u015fk\u0131rtarak K\u00f6rfez Harbine zemin haz\u0131rlayan bunlard\u0131r. Somali&#8217;yi i\u015fgal eden ve s\u00f6m\u00fcren bunlard\u0131n. \u0130srail&#8217;i kurduran ve kudurtan bunlard\u0131r.\u00a0<\/p>\n<p>K\u0131br\u0131s hareketinde, Azerbaycan i\u015fgalinde aleyhimize tav\u0131r alan ve sald\u0131rganlar\u0131 alk\u0131\u015flayan yine bunlard\u0131r.<\/p>\n<p>Biz b\u00fct\u00fcn \u00fclkelerin ve milletlerin insani de\u011ferler etraf\u0131nda birle\u015fip bar\u0131\u015faca\u011f\u0131, her t\u00fcrl\u00fc zulme ve tecav\u00fcze kar\u015f\u0131 ortak bir cephe olu\u015fturaca\u011f\u0131 bir te\u015fkilat\u0131 elbette istiyor ve destekliyoruz.<\/p>\n<p>Ama d\u00fcnyay\u0131 s\u00fcper g\u00fc\u00e7lerin ve onlar\u0131n arkas\u0131ndaki Siyonistlerin \u00e7iftli\u011fi haline sokacak \u00c7in ve Rusya gibi sek\u00fcler devletleri ABD, Fransa ve \u0130ngiltere gibi Hristiyan milletleri temsilen veto hakk\u0131 bulunan \u00fclkelere kar\u015f\u0131l\u0131k 1,5 milyarl\u0131k \u0130slam alemini ve 50 m\u00fcsl\u00fcman \u00fclkeyi temsil edecek veto yetkisi bulunan tek bir devlete s\u00f6z hakk\u0131 tan\u0131mayan bu \u0130slam d\u00fc\u015fman\u0131 te\u015fkilattan hay\u0131r beklemiyoruz.\u00a0<\/p>\n<p>Tabii ve tarihi \u015fartlar\u0131n, b\u00f6lgesel ve hatta evrensel bir g\u00fc\u00e7 merkezi ve kuvvet dengesi olmaya mecbur etti\u011fi T\u00fcrkiye&#8217;miz b\u00f6yle bir te\u015fkilatta ya etkili ve yetkili konuma gelerek bu kurulu\u015fu insanl\u0131\u011fa ve d\u00fcnya bar\u0131\u015f\u0131na hizmet eder hale getirmeli veya i\u015fte son Bosna ve Kosova vah\u015feti gibi sorumluluklar\u0131 art\u0131k y\u00fcklenmemeli ve biran evvel \u0130slam Birle\u015fmi\u015f Milletleri&#8217;nin kurulmas\u0131na \u00f6nc\u00fcl\u00fck etmelidir.<\/p>\n<p>\u00c7\u00fcnk\u00fc bu haliyle ve ge\u00e7mi\u015fteki tatbikat \u00f6rnekleriyle BM, anla\u015f\u0131ld\u0131 ki sadece bir-le\u015f&#8217;tir. Ve maalesef m\u00fcsl\u00fcmanlara kar\u015f\u0131 kalle\u015ftir. \u0130slam Birle\u015fmi\u015f Milletlerine kar\u015f\u0131 \u00e7\u0131kanlar ve bu ama\u00e7la \u00e7al\u0131\u015fmayanlar ise g\u00fcnahta bat\u0131l\u0131 barbarlara e\u015ftir!&#8230;<\/p>\n<p> <\/p>\n<hr \/>\n<p><a name=\"_ftn1\" href=\"#_ftnref1\" title=\"_ftn1\">[1]<\/a> T\u00fcrkler ve Yahudiler Avram Galante sh. 91<\/p>\n<p><a name=\"_ftn2\" href=\"#_ftnref2\" title=\"_ftn2\">[2]<\/a> T\u00fcrkiye ve Siyonizm S\u00fcleyman Kocabat sf. 192<\/p>\n","protected":false},"excerpt":{"rendered":"<p>\u00a0 <\/p>\n<p>Birle\u015fmi\u015f Milletler dedikleri:<\/p>\n<p>1- \u00d6nce \u0130slam&#8217;\u0131n temsilcisi ve d\u00fcnyan\u0131n dengesi olan Osmanl\u0131 Devletini y\u0131kmak<\/p>\n<p>2- Sonra da bu \u00f6rg\u00fct eliyle d\u00fcnya hakimiyetini kurmak \u00fczere Yahudi Siyonistler taraf\u0131ndan olu\u015fturulmu\u015f bir te\u015fkilatt\u0131r.<\/p>\n<p>Bug\u00fcnk\u00fc \u0130srail&#8217;in manevi kurucusu olan Siyonist lider Theodor Hertzel Osmanl\u0131&#8217;n\u0131n y\u0131k\u0131l\u0131\u015f\u0131n\u0131 haz\u0131rlamak ve h\u0131zland\u0131rmak i\u00e7in Sultan Abd\u00fclhamit&#8217;i tahttan uzakla\u015ft\u0131rmay\u0131 ve bu maksatla J\u00f6n T\u00fcrkler ve \u0130ttihat ve Terakkicilerle irtibat kurmay\u0131 planlad\u0131.<a name=\"_ftnref1\" href=\"#_ftn1\" title=\"_ftnref1\">[1]<\/a><\/p>\n<p> <\/p>\n<hr \/>\n<p><a name=\"_ftn1\" href=\"#_ftnref1\" title=\"_ftn1\">[1]<\/a> Complete Diaries of Theodor Herzl\u00a0 C.1, sh. 374<\/p>\n","protected":false},"author":35,"featured_media":0,"comment_status":"open","ping_status":"closed","sticky":false,"template":"","format":"standard","meta":{"footnotes":""},"categories":[59],"tags":[],"class_list":["post-672","post","type-post","status-publish","format-standard","hentry","category-temmuz-2004"],"_links":{"self":[{"href":"https:\/\/www.millicozum.com\/mc\/wp-json\/wp\/v2\/posts\/672","targetHints":{"allow":["GET"]}}],"collection":[{"href":"https:\/\/www.millicozum.com\/mc\/wp-json\/wp\/v2\/posts"}],"about":[{"href":"https:\/\/www.millicozum.com\/mc\/wp-json\/wp\/v2\/types\/post"}],"author":[{"embeddable":true,"href":"https:\/\/www.millicozum.com\/mc\/wp-json\/wp\/v2\/users\/35"}],"replies":[{"embeddable":true,"href":"https:\/\/www.millicozum.com\/mc\/wp-json\/wp\/v2\/comments?post=672"}],"version-history":[{"count":0,"href":"https:\/\/www.millicozum.com\/mc\/wp-json\/wp\/v2\/posts\/672\/revisions"}],"wp:attachment":[{"href":"https:\/\/www.millicozum.com\/mc\/wp-json\/wp\/v2\/media?parent=672"}],"wp:term":[{"taxonomy":"category","embeddable":true,"href":"https:\/\/www.millicozum.com\/mc\/wp-json\/wp\/v2\/categories?post=672"},{"taxonomy":"post_tag","embeddable":true,"href":"https:\/\/www.millicozum.com\/mc\/wp-json\/wp\/v2\/tags?post=672"}],"curies":[{"name":"wp","href":"https:\/\/api.w.org\/{rel}","templated":true}]}}