{"id":685,"date":"2004-07-01T00:00:00","date_gmt":"2004-07-01T00:00:00","guid":{"rendered":"https:\/\/www.millicozum.com\/mc\/2004\/07\/01\/ayin-aynasi-17\/"},"modified":"2004-07-01T00:00:00","modified_gmt":"2004-07-01T00:00:00","slug":"ayin-aynasi-17","status":"publish","type":"post","link":"https:\/\/www.millicozum.com\/mc\/2004\/temmuz-2004\/ayin-aynasi\/","title":{"rendered":"AYIN AYNASI"},"content":{"rendered":"<p>\u00a0  <\/p>\n<p align=\"center\"> <strong>ACABA!?<\/strong> <\/p>\n<p> Refah ger\u00e7e\u011fi kitab\u0131n\u0131 okurken bir konu kafama tak\u0131ld\u0131&#8230; <\/p>\n<p> Bu arada, dindar kesimi ve \u00f6zellikle Refah Partisini su\u00e7lamak ve s\u0131k\u0131\u015ft\u0131rmak&#8230; <\/p>\n<p> Ve yine \u00fclkemizde milli ve manevi geli\u015fmelerin \u00f6n\u00fcn\u00fc t\u0131kamaya bir bahane yapmak i\u00e7in tezgahland\u0131\u011f\u0131 her haliyle belli olan bu talihsiz Sivas olaylar\u0131 san\u0131klar\u0131n\u0131n, savunma avukatl\u0131\u011f\u0131n\u0131 alan ve c\u00fcbbesini giyip mahkemeye kat\u0131lan, ne var ki, milletvekili oldu\u011fu i\u00e7in kanunen buna f\u0131rsat tan\u0131nmayan ve hala M\u0130LL\u0130 G\u00d6R\u00dc\u015e KURMAYI san\u0131lan ki\u015fi, acaba; <\/p>\n<p>  \u00a0  <\/p>\n<ul>\n<li>1- RP&#39;nin yetkili bir milletvekili olarak hangi g\u00fc\u00e7ler taraf\u0131ndan k\u0131\u015fk\u0131rt\u0131l\u0131p kullan\u0131ld\u0131\u011f\u0131 malum Sivas olay\u0131 san\u0131klar\u0131n\u0131n, masum mazlum k\u0131sm\u0131na, partimizi hedef haline getirmeyecek ba\u015fka t\u00fcrl\u00fc yard\u0131m imkanlar\u0131 varken, bizzat kendisinin ve parti kimli\u011fi ile savunma avukatl\u0131\u011f\u0131n\u0131 \u00fcstlenmesinin; Milli G\u00f6r\u00fc\u015f&#39;e y\u00f6neltilen iftiralara hakl\u0131l\u0131k kazand\u0131raca\u011f\u0131n\u0131, Hoca&#39;m\u0131z ve camiam\u0131z\u0131 zora sokaca\u011f\u0131n\u0131 d\u00fc\u015f\u00fcnemeyecek kadar feraset fukaras\u0131m\u0131yd\u0131?<\/li>\n<li>2- Yoksa, ucuz kahramanl\u0131k kisvesi alt\u0131nda, zaten bilerek ve isteyerek, davam\u0131z\u0131n ba\u015f\u0131na dert a\u00e7mak i\u00e7in mi b\u00f6yle davranmaktayd\u0131?<\/li>\n<li>3- Ayn\u0131 ki\u015finin 28 \u015eubat&#39;a gerek\u00e7e yap\u0131lan Sincan gecesinin sahte kahraman\u0131, ve Belediye Ba\u015fkan\u0131n\u0131 hem de RP&#39;nin bir Bakan\u0131 s\u0131fat\u0131yla ve Medya&#39;ya malzeme olu\u015fturacak \u015fekilde alay-\u0131 vala ile, ziyarete gitmesi de, ayn\u0131 gafletin mi, yoksa kas\u0131tl\u0131 bir hareketin mi, tekrar\u0131yd\u0131?<\/li>\n<li>4- Ve yine ayn\u0131 \u015fahs\u0131n, \u0130stanbul&#39;da cezaevindeki \u0130BDA-C gibi; Milli G\u00f6r\u00fc\u015f&#39;\u00fc k\u00fcf\u00fcr sayan ve her f\u0131rsatta kinini kusan&#8230; Ve \u0130slam&#39;i cihad perdesi alt\u0131nda fitne yayan ve fesat \u00e7\u0131karan kimselere, hem de partinin resmi amblemli k\u00e2\u011f\u0131tlar\u0131yla mektup yaz\u0131p sahip \u00e7\u0131kmas\u0131&#8230; <\/li>\n<\/ul>\n<p> Ama ne hikmetse, davas\u0131na ve Hocas\u0131na ba\u011fl\u0131 ger\u00e7ek milli g\u00f6r\u00fc\u015f\u00e7\u00fclerin ve dava erlerinin hi\u00e7bir s\u0131k\u0131nt\u0131s\u0131na ilgi duymamas\u0131 ve yard\u0131mc\u0131 olmamas\u0131 \u015feklindeki \u015f\u00fcpheli ve \u015faibeli davran\u0131\u015flar\u0131na; S\u00fcrekli h\u00fcsn\u00fc zanla bakmak ve her ku\u015fkulu hareketini hayra yormak, safl\u0131ktan da \u00f6te bir tuhafl\u0131k alameti say\u0131lmazm\u0131yd\u0131? <\/p>\n<p> Evet i\u015fte O \u015fahs\u0131n, Sivas olaylar\u0131 san\u0131klar\u0131n\u0131n avukatl\u0131\u011f\u0131n\u0131 \u00fcstlenmesini ve bunun sebebi hikmetini kendi a\u011fz\u0131ndan aktaral\u0131m: <\/p>\n<p> &quot;T\u00fcrkiye Barolar Birli\u011fi ve Ankara Barosu, Sivas olaylar\u0131 san\u0131klar\u0131n\u0131 savunmayacaklar\u0131n\u0131 a\u00e7\u0131klam\u0131\u015flard\u0131&#8230; <\/p>\n<p> &#8230;\u0130\u015fte bu tutum, benim ve meslek haysiyetime dokundu ve milletvekili oldu\u011fum halde, kurunun yan\u0131nda ya\u015f\u0131n da yanmamas\u0131&#8230; Ve hi\u00e7 kimsenin hak etti\u011fi cezadan (his ve duygular\u0131n\u0131n tesiri alt\u0131nda kalan mahkemelerce) gerekenden daha fazla bir cezaya \u00e7arpt\u0131r\u0131lmamas\u0131&#8230; <\/p>\n<p> Ve \u00f6zellikle olay\u0131n meydana gelmesine sebep olan ki\u015filerin de avukats\u0131z kalmamas\u0131 i\u00e7in&#8230; <\/p>\n<p> Vekaletini ald\u0131\u011f\u0131m birka\u00e7 ki\u015finin savunma avukat\u0131 olarak c\u00fcbbemi giydim ve mahkemenin huzuruna \u00e7\u0131kt\u0131m. Ancak daha ilk celsede, milletvekili olmamdan kaynaklanan kanuni bir engel, beni davadan \u00e7ekilmek mecburiyetinde b\u0131rakt\u0131&#8230;&quot; (Bak: Refah Ger\u00e7e\u011fi \/ Ke\u015fif Yay. \/ ANKARA \/ 2001 \/ Sh.119) <\/p>\n<p> 5-Hem bunlar\u0131 g\u00f6z g\u00f6re g\u00f6re yapacaks\u0131n&#8230; Hem de ard\u0131ndan: <\/p>\n<p> &quot;Bu Medya Milli G\u00f6r\u00fc\u015f&#39;\u00fc karalamak i\u00e7in bana sald\u0131r\u0131yor&#8230; Ben Sivas olaylar\u0131 san\u0131klar\u0131n\u0131n avukatl\u0131\u011f\u0131n\u0131 yapmad\u0131m. Sadece baz\u0131lar\u0131n\u0131n vekaletini al\u0131p bir sefer mahkemeye kat\u0131ld\u0131m. Milletvekili oldu\u011fum i\u00e7in, buna devam etme imkan\u0131 bulamay\u0131p ayr\u0131ld\u0131m.&quot; Diye ba\u015fkalar\u0131n\u0131 su\u00e7layacaks\u0131n..!? <\/p>\n<p> Sorulabilir: <\/p>\n<p> Peki b\u00fcy\u00fck liderler, niye b\u00f6ylelerinin, kendi yan\u0131nda ve yak\u0131n\u0131nda kalmas\u0131na izin veriyorlard\u0131? <\/p>\n<p> Tarihi ger\u00e7eklerden ve siyaset bilimcilerden \u00f6\u011frenip \u00e7\u0131kard\u0131\u011f\u0131m\u0131z cevaplar \u015funlard\u0131r: <\/p>\n<ul>\n<li>1- S\u00fcrekli kontrol alt\u0131nda tutmak ve daha b\u00fcy\u00fck tahribatlar\u0131na engel olmak i\u00e7in&#8230;<\/li>\n<li>2- Baz\u0131 kabiliyet ve gayretlerinin, Hak&#39;k\u0131n ve hayr\u0131n hizmetinde kullan\u0131lmas\u0131n\u0131 ve onlardan yararlan\u0131lmas\u0131n\u0131 sa\u011flamak i\u00e7in&#8230;<\/li>\n<li>3- Bu tipleri: her inkilap hareketi i\u00e7in, hayati \u00f6nem ta\u015f\u0131yan stratejik kadrolar\u0131n ve \u00e7ok se\u00e7kin sad\u0131klar\u0131n tespit ve terbiyesinde, bir nevi antren\u00f6r olarak \u00e7al\u0131\u015ft\u0131rmak i\u00e7in&#8230;<\/li>\n<li>4- \u0130lmi ibadetiyle Sahabenin bile bir\u00e7o\u011funu etkileyip, \u00fcmmetin ba\u015f\u0131na b\u00fcy\u00fck gaileler a\u00e7an \u0130bni Sebe&#39;nin \u00e7a\u011fda\u015f temsilcilerini tan\u0131yacak, tartacak ve gerekli tedbirleri alacak feraset ve fazilet erbab\u0131n\u0131 ortaya \u00e7\u0131karmak i\u00e7in&#8230;<\/li>\n<\/ul>\n<p align=\"center\"> &#160; <\/p>\n<p align=\"center\"> <strong>BU ADAM ERM\u0130\u015e&#8230; \u00c7ARPILMADAN G\u0130DEL\u0130M!..<\/strong> <\/p>\n<p> Erbakan Hoca, siyaset ve ekonomide ki masonik ku\u015fatmay\u0131 k\u0131rmak ve kredileri Anadolu&#39;ya kayd\u0131rmak isteyip S\u00fcleyman Demirel&#39;le yollar\u0131 ayr\u0131l\u0131nca, yeni ve milli bir olu\u015fumun alt yap\u0131s\u0131n\u0131 haz\u0131rlamak \u00fczere, Ankara&#39;da \u00f6zel olarak kiralanan bir lokantada toplant\u0131 yap\u0131l\u0131yor. <\/p>\n<p> Erbakan Hoca&#39;n\u0131n konu\u015fmaya ba\u015flamas\u0131 ile birlikte, &quot;aynas\u0131zlar&quot; denilen iki sivil polis, koltuk altlar\u0131nda gizlemeye \u00e7al\u0131\u015ft\u0131klar\u0131 teyp&#39;lerle, lokantaya giriyor. <\/p>\n<p> Bunlar\u0131 tan\u0131yan birisi, durumu Erbakan hoca&#39;ya hat\u0131rlatmak, dikkatli ve tedbirli davran\u0131lmas\u0131n\u0131 sa\u011flamak istiyor. Ama bir t\u00fcrl\u00fc Hoca&#39;ya yakla\u015fam\u0131yor. <\/p>\n<p> Tam o esnada Erbakan hoca s\u00f6zlerini de\u011fi\u015ftirerek: <\/p>\n<p> &quot;Arkada\u015flar, \u015fu anda iki sivil polis karde\u015fimizde aram\u0131za te\u015frif ettiler, ho\u015f geldiler. Elbette bu karde\u015flerimiz de haks\u0131z ve h\u0131rs\u0131z sermayenin bek\u00e7ileri de\u011fil, bu aziz milletin asil bek\u00e7ileridir. <\/p>\n<p> Ve bu karde\u015flerimiz, koltuk altlar\u0131ndaki teyp&#39;lerle bizim konu\u015fmalar\u0131m\u0131z\u0131 kaydedip aleyhimizde kullanmak \u00fczere kendilerini g\u00f6nderenlerinde kime hizmet ettiklerini \u00e7ok iyi bilmektedirler. <\/p>\n<p> Halbuki bizim hi\u00e7bir gizli ve kirli bir niyet ve gayretimizin olmas\u0131 asla s\u00f6z konusu de\u011fildir. Bu toplant\u0131lar cennet \u00fclkemize ve ezilen milletimize nas\u0131l hizmet edece\u011fimizin g\u00f6r\u00fc\u015f\u00fclmesi i\u00e7indir. <\/p>\n<p> Ancak, bu polis karde\u015flerimiz dikkat etsinler, ceketlerinin alt\u0131ndaki teyp&#39;ler \u00e7ok eskidir, bozmamaya \u00f6zen g\u00f6stersinler!&#8230; \u00c7\u00fcnk\u00fc, kendilerini bu i\u015fle g\u00f6revlendiren Sn. Demirel, bozulmalar\u0131 halinde tamir masraflar\u0131n\u0131 maa\u015flar\u0131ndan kestirir!&quot; der. <\/p>\n<p> Bunun \u00fczerine sivil polisler, renkleri sapsar\u0131 ve mahcup bir vaziyette d\u0131\u015far\u0131 \u00e7\u0131kar ve biri \u00f6tekine; <\/p>\n<p> &quot;Haydi arkada\u015f, \u00e7arp\u0131lmadan buradan gidelim ve bu insanlar\u0131 art\u0131k tedirgin etmeyelim! <\/p>\n<p> Bu Erbakan vallahi ermi\u015f&#8230; <\/p>\n<p> \u00c7\u00fcnk\u00fc, ge\u00e7enlerde benim Teyp&#39;im, bozulmu\u015ftu&#8230; Tamir masraf\u0131n\u0131 maa\u015f\u0131mdan kestiler&#8230;&quot; (Ahmet AKG\u00dcL Hoca&#39;dan dinlemi\u015ftik&#8230; Ayr\u0131ca Bak: Muhterem Ba\u015fkan \/ Mehmet Cemal. \/ S\u0131rda\u015f Yay. \/ 1975. \u0130ST. Sh. 70-71) <\/p>\n<p> &#160; <\/p>\n<h4 align=\"center\">Bug\u00fcn \u0130stiklal Sava\u015f\u0131 \u00d6ncesi \u015eartlarla<\/h4>\n<p align=\"center\"> <strong>AYNI KONUMDAYIZ!&#8230;<\/strong> <\/p>\n<h1>Atat\u00fcrk Samsun&#39;a \u00e7\u0131kt\u0131\u011f\u0131 g\u00fcnlerde, \u00fclkenin durumunu, me\u015fhur &quot;Nutuk&quot;un ilk konusu olarak, \u015f\u00f6yle \u00f6zetlemektedir:<\/h1>\n<h2>&#8226;\u00b7\u00a0\u00a0 Her tarafta ecnebi zabit ve memurlar\u0131 ve hususi adamlar\u0131 faaliyet yap\u0131yor. (\u00dclkenin d\u00f6rt buca\u011f\u0131nda yabanc\u0131 subaylar ve gizli ajanlar ve onlar\u0131n ayartt\u0131klar\u0131 yerli adamlar\u0131 halk\u0131 k\u0131\u015fk\u0131rtma ve \u00fclkeyi par\u00e7alama gayreti g\u00f6steriyor)<\/h2>\n<ul>\n<li>Bundan ba\u015fka memleketin her taraf\u0131nda Hr\u0131stiyan unsurlar gizli ve a\u00e7\u0131k olarak, kendi \u00f6zel ama\u00e7lar\u0131 (Anadolu Hr\u0131stiyan Ek\u00fcmenesini kurmalar\u0131) yolunda, devletimizin bir an evvel y\u0131k\u0131lmas\u0131 i\u00e7in \u00e7al\u0131\u015f\u0131yor!..<\/li>\n<li>\u0130stanbul Fener Rum Patrikhanesinin kurdurdu\u011fu Mavri Mira Heyeti b\u00fct\u00fcn vilayetlerde \u00e7eteler kuruyor, propaganda yap\u0131yor, mitingler d\u00fczenliyor!..<\/li>\n<li>Ermeni Patri\u011fi Zaven Efendi, Mavri Mira ile hemfikir olarak birlikte \u00e7al\u0131\u015f\u0131yor!..<\/li>\n<li>Ba\u015fta Trabzon ve Samsun, b\u00fct\u00fcn Karadeniz sahillerinde Pontus Rum Cemiyeti, kolayl\u0131kla ve ba\u015far\u0131yla, maalesef h\u0131zla hedefine yakla\u015f\u0131yor! (Nutuk.C.1.Sh:2)<\/li>\n<\/ul>\n<ul>\n<li>Ve yine:<\/li>\n<li>K\u00fcrt Teali Cemiyeti, ayr\u0131 bir K\u00fcrdistan Devleti kurmak i\u00e7in \u00f6zellikle Do\u011fu ve G\u00fcneydo\u011fu b\u00f6lgelerinde ve yabanc\u0131lar\u0131n himayesinde fesatl\u0131k faaliyetlerini s\u00fcrd\u00fcr\u00fcyor!<\/li>\n<li>Bug\u00fcnk\u00fc PKK ve HADEP gibi..<\/li>\n<li>Devletin en yetkili ve r\u00fctbeli kadrolar\u0131n\u0131n da i\u00e7inde bulundu\u011fu bir grup &quot;\u0130ngiliz Muhipler Cemiyetini&quot; kurmu\u015f, \u0130ngiliz himayesinde kurtulu\u015f ar\u0131yor!..<\/li>\n<li>Bug\u00fcnk\u00fc AB&#39;ciler gibi&#8230;<\/li>\n<li>S\u00f6zde ayd\u0131n ge\u00e7inen \u00f6nemli ba\u015fka bir elit tabaka, Amerikan Mandac\u0131l\u0131\u011f\u0131na s\u0131\u011f\u0131n\u0131p, kendilerini ve geleceklerini garantiye almay\u0131 d\u00fc\u015f\u00fcn\u00fcyor.<\/li>\n<li>Bug\u00fcnk\u00fc NATO&#39;cular ve IMF&#39;ciler gibi&#8230;<\/li>\n<li>Yunanl\u0131lar \u0130ngilizler deste\u011finde (ve sabataist d\u00f6nmelerle gizli i\u015f birli\u011fi i\u00e7inde) \u0130zmir&#39;e asker \u00e7\u0131kar\u0131p b\u00fct\u00fcn Ege&#39;yi i\u015fgale haz\u0131rlan\u0131yor<\/li>\n<li>Bug\u00fcn ABD&#39;nin B\u00fcy\u00fck \u0130srail hesab\u0131na K\u0131br\u0131s ve \u0130zmir&#39;i NATO \u00fcss\u00fc yapmaya \u00e7al\u0131\u015ft\u0131\u011f\u0131 gibi&#8230;(Nutuk.C.1.Sh:6-7)<\/li>\n<li>Ama bunlara kar\u015f\u0131:<\/li>\n<\/ul>\n<ul>\n<li>Merkezi Elaziz ve Erzurum&#39;da bulunan &quot;Do\u011fu Vilayetlerinin Haklar\u0131n\u0131 Koruma Cemiyeti&quot; kurulup hem Ermenilerin Do\u011fu Anadolu&#39;yu i\u015fgaline engel olmak hem de t\u00fcm \u00fclkenin selametine \u00e7al\u0131\u015fmak ve farkl\u0131 k\u00f6kenden b\u00fct\u00fcn M\u00fcsl\u00fcmanlar\u0131n milli ve manevi de\u011ferlerini korumak i\u00e7in \u00f6rg\u00fctleniyor! (Bak.Nutuk C.1.Sh:2, 4, 5)<\/li>\n<li>Ve yine Trakya Pa\u015feli Cemiyeti, Bat\u0131 Trakya&#39;y\u0131 da kat\u0131p, b\u00f6lgede ba\u011f\u0131ms\u0131z bir \u0130slam-T\u00fcrk varl\u0131\u011f\u0131n\u0131 s\u00fcrd\u00fcrme ve gerekirse \u0130ngiltere ve Fransa&#39;dan bu konuda yard\u0131m isteme pe\u015finde ko\u015fuyor. (Nutuk.C.1. Sh:3) <\/li>\n<\/ul>\n<p> Evet, bug\u00fcn de, durum ayn\u0131d\u0131r ve \u00fclkemiz d\u00f6rt yandan ku\u015fat\u0131lm\u0131\u015ft\u0131r. Yeni bir Kuvay\u0131 Milliye devrimine acilen ihtiya\u00e7 vard\u0131r. <\/p>\n<p> &#160; <\/p>\n<h5 align=\"center\">ACEM\u0130 \u0130TT\u0130HAT\u00c7I<\/h5>\n<p> Atat\u00fcrk&#39;e kar\u015f\u0131 d\u00fczenlenen ama \u00f6nceden haber al\u0131n\u0131p etkisiz hale getirilen \u0130zmir suikast\u0131na kar\u0131\u015ft\u0131klar\u0131 gerek\u00e7esiyle, \u0130stiklal Mahkemesi d\u00f6rt eski ittihat\u00e7\u0131y\u0131 idama mahkum etmi\u015fti. <\/p>\n<p> Bunlardan biri de &quot;Te\u015fkilat\u0131 Mahsusa&quot;n\u0131n Do\u011fu Karadeniz Komutan\u0131 ve me\u015fhur reklamc\u0131 Nail Ke\u00e7eli&#39;nin b\u00fcy\u00fckbabas\u0131 Yenibah\u00e7eli Nail&#39;di. <\/p>\n<p> Bir sene \u00f6nce a\u011fabeyinin d\u00fc\u011f\u00fcn\u00fcnde nikah \u015fahitli\u011fi yapan Kel Ali (\u00e7etinkaya) ve K\u0131l\u0131\u00e7 Ali (gazeteci Altemur K\u0131l\u0131\u00e7&#39;\u0131n babas\u0131) , \u015fimdi \u0130stiklal Mahkemesi \u00fcyeleri olarak, Yenibah\u00e7eli Nail&#39;in idam ferman\u0131n\u0131 vermi\u015flerdi. <\/p>\n<p> <strong>\u00c7ok g\u00fcvendi\u011fi Avrupa ve Amerika&#39;daki Yahudi dostlar\u0131 da imdad\u0131na yeti\u015fmemi\u015fti!<\/strong> <\/p>\n<p> Yenibah\u00e7eli Nail idam sehpas\u0131na g\u00f6t\u00fcr\u00fcl\u00fcrken, \u00fczerine \u00e7\u0131kmas\u0131 gereken sandalyeye oturuverir. Herkes gibi cellat da \u015fa\u015fk\u0131nl\u0131k i\u00e7indedir &quot; Ne yap\u0131yorsun?&quot; diye sorunca, Yenibah\u00e7eli Nail g\u00fclmeye ba\u015flar ve: <\/p>\n<p> &quot;Kusura bakmay\u0131n.. Biz bu i\u015fin acemisiyiz&#8230; Daha \u00f6nce hi\u00e7 ba\u015f\u0131m\u0131za gelmedi, bu y\u00fczden te\u015frifat\u0131n\u0131 (idam\u0131n protokol kurallar\u0131n\u0131) \u00f6\u011frenemedik&#8230; Ne bileyim, \u015fimdiye kadar, sandalye g\u00f6sterilince hep \u00fcst\u00fcne otururduk!..Ayakkab\u0131yla \u00fcst\u00fcne \u00e7\u0131kmay\u0131 ay\u0131p bulurduk..Demek ki durum de\u011fi\u015fti..Eh biz de \u00fcst\u00fcne \u00e7\u0131kar\u0131z!&quot; diyerek ya\u011fl\u0131 yular\u0131 boynuna ge\u00e7irir&#8230; <\/p>\n<p> Evet, bunlar me\u015fhur sabataist-mason Enver Pa\u015fan\u0131n cesur yaverinin son s\u00f6zleridir!.. <\/p>\n<p> <strong>Ey Amerika ve Avrupa&#39;ya g\u00fcvenenler! Koltuklu sandalyeler hep oturmak i\u00e7in de\u011fil, bazen de \u00fcst\u00fcne \u00e7\u0131kmak i\u00e7indir<\/strong>! <\/p>\n<p align=\"center\"> <strong>KIBRIS&#39;I VERMEK M\u0130, KARISINI \u00d6PT\u00dcRMEK M\u0130?<\/strong> <\/p>\n<p> Recep T.Erdo\u011fan Bey&#39;in Yunanistan ziyareti d\u00f6n\u00fc\u015f\u00fc, Ba\u015fbakan Karamanilis, Emine Erdo\u011fan&#39;\u0131 yanaklar\u0131ndan \u00f6perek u\u011furlam\u0131\u015ft\u0131&#8230; <\/p>\n<p> Bir zaman kad\u0131nlarla tokala\u015ft\u0131\u011f\u0131 i\u00e7in &quot;b\u00fcy\u00fck&quot;lerini k\u0131nayan &quot;k\u00fc\u00e7\u00fck&quot;ler; \u015fimdi han\u0131mlar\u0131n\u0131, hem de herkesin g\u00f6z\u00fc \u00f6n\u00fcnde, yanaklar\u0131ndan \u00f6pt\u00fcrmeye ba\u015flam\u0131\u015ft\u0131&#8230; <\/p>\n<p> Bunu duyan AKP&#39;li bir eski dost bizi aray\u0131p &quot;Art\u0131k size hak veriyorum. Bunlar iyice \u015fa\u015f\u0131rd\u0131&quot; deyince kendisine: <\/p>\n<p> &quot;K\u0131br\u0131s&#39;\u0131 vermek, kar\u0131s\u0131n\u0131 \u00f6pt\u00fcrmekten bin kere daha a\u011f\u0131rd\u0131r&#8230; Ah ke\u015fke, sevaplar\u0131n da, ay\u0131plar\u0131n da derecesini kavrayabilsek!&quot; diye kar\u015f\u0131l\u0131k verdik&#8230; <\/p>\n<p align=\"center\"> <strong>KADER\u0130N C\u0130LVES\u0130<\/strong> <\/p>\n<p> 27 May\u0131s. M\u00fcnasebetiyle hat\u0131rlad\u0131k. Okudu\u011fumuza g\u00f6re; Rahmetli Menderes 17-\u015eubat-1959 y\u0131l\u0131nda, bir \u0130ngiltere ziyareti i\u00e7in gitti\u011fi Londra yak\u0131nlar\u0131nda hava muhalefeti nedeniyle &quot;Sev&quot; adl\u0131 Viscount tipi pervaneli u\u00e7a\u011f\u0131 d\u00fc\u015fm\u00fc\u015f ama, Menderes hafif yaralarla bu korkun\u00e7 kazay\u0131 atlatm\u0131\u015ft\u0131. <\/p>\n<p> <strong>Me\u015fhur bir atas\u00f6z\u00fcd\u00fcr: &quot;\u0130pte as\u0131lmas\u0131 takdir edilen suda bo\u011fulmaz!&quot;m\u0131\u015f<\/strong> <\/p>\n<h3 align=\"center\">BED\u0130\u00dcZZAMAN VE DEMOKRATLAR<\/h3>\n<p> \u00dcstat Bedi\u00fczzaman Hz.leri, bir ara siyasetle \u0130slamiyet&#39;e hizmet hevesiyle Mason ve d\u00f6nmelerin kurdu\u011fu \u0130ttihat ve Terakkinin cazibesine kap\u0131l\u0131p Onlara kat\u0131lm\u0131\u015f, cennet mekan Sultan Abdulhamid&#39;e kar\u015f\u0131 tav\u0131r alm\u0131\u015f, ama bir m\u00fcddet sonra bu hatas\u0131n\u0131 fark edip ayr\u0131lm\u0131\u015ft\u0131r. <\/p>\n<p> Daha sonra &quot;Dindarlar ve \u00f6zellikle Adnan Menderes gibi zatlar\u0131n hat\u0131r\u0131na, otuz be\u015f senedir terk etti\u011fi siyasete&quot; (Tarihce-i Hayat: 517) tekrar ve duyulan ihtiya\u00e7 kadar d\u00f6n\u00fcp bakt\u0131\u011f\u0131n\u0131 s\u00f6yleyen Bedi\u00fczzaman; Masonlar\u0131n kontrol\u00fcnde geli\u015fen, <\/p>\n<p> a-\u0130slami temelden yoksun, &quot;kafatasc\u0131 T\u00fcrk \u0131rk\u00e7\u0131l\u0131\u011f\u0131&quot;n\u0131n da <\/p>\n<p> b-Giderek yayg\u0131nla\u015fan &quot;Kom\u00fcnistlik ak\u0131m\u0131n\u0131n&quot;da <\/p>\n<p> &quot;Vatan, millet, dindar demokratlar ve T\u00fcrkler i\u00e7in b\u00fcy\u00fck tehlike olu\u015fturdu\u011funu ve bunlar\u0131 yapanlar\u0131n da hakiki T\u00fcrk olmad\u0131\u011f\u0131n\u0131 (Yahudi d\u00f6nmeleri oldu\u011funu)&quot; <\/p>\n<p> &quot;Ve bunlar\u0131n her f\u0131rsattan istifadeye \u00e7al\u0131\u015f\u0131p, Demokratlar\u0131 devirmeye u\u011fra\u015ft\u0131klar\u0131n\u0131&quot; (Tarihce-i Hayat. Isparta Hayat\u0131.Sh: 516 Sinan Matbaas\u0131. 1960 -\u0130stanbul) <\/p>\n<p> Demokratlar\u0131n, ezan\u0131 T\u00fcrk\u00e7e&#39;den asl\u0131na \u00e7evirdikleri gibi, <\/p>\n<p> &quot;Ayasofya&#39;y\u0131 da tekrar camiye d\u00f6nderip ibadete a\u00e7malar\u0131 ve Risale-i Nur&#39;a resmen serbestlik kazand\u0131rmalar\u0131&quot; (Age.Sh: 517) gibi, <\/p>\n<p> 1-\u0130slam karde\u015fli\u011fini <\/p>\n<p> 2-Kur&#39;ani prensipleri esas almalar\u0131ndan ba\u015fka kurtulu\u015f \u00e7areleri kalmad\u0131\u011f\u0131n\u0131 (Sh: 516) <\/p>\n<p> E\u011fer b\u00f6yle yapmazlarsa: <\/p>\n<p> &quot; O insafs\u0131z dahili ve harici d\u00fc\u015fmanlar\u0131n\u0131z, sizin bir cinayetinizi binler yap\u0131p ve eskilerin (\u00f6ncekilerin h\u0131yanet ve hatalar\u0131n\u0131) cinayetlerini de bunlara kat\u0131p sizin s\u0131rt\u0131n\u0131za y\u00fckleyerek, vatana ve millete telafi edilmeyecek tehlikeli&quot; tuzaklar haz\u0131rlayacaklar\u0131n\u0131 (Geni\u015f bilgi i\u00e7in bak:Tarihce-i Hayat Sh: 516 &#8211; Bedi\u00fczzaman&#39;\u0131n Ba\u015fvekil Adnan Menderes&#39;e Mektubu) hat\u0131rlatm\u0131\u015f ve maalesef bunlar 27-May\u0131s ihtilaliyle aynen ya\u015fanm\u0131\u015ft\u0131r.. <\/p>\n<p> <strong>Kanaatimizce, Hz.\u00dcstat, Demokrat Partiye hi\u00e7 de hak etmedikleri ve k\u0131ymetini bilemedikleri bir tevecc\u00fch g\u00f6stermi\u015f, a\u00e7\u0131k\u00e7a destek vermi\u015f, ancak kar\u015f\u0131l\u0131\u011f\u0131nda sadece hakaret ve h\u0131yanet g\u00f6rm\u00fc\u015ft\u00fcr.<\/strong> <\/p>\n<p> <strong>Hatta, vefat\u0131na yak\u0131n devaml\u0131 g\u00f6z hapsine al\u0131nm\u0131\u015f, seyahat h\u00fcrriyeti yasaklanm\u0131\u015f ve gizlice gittikleri Urfa&#39;daki otelinde rahat \u00f6l\u00fcm\u00fcne bile f\u0131rsat tan\u0131nmam\u0131\u015f ve Demokratlar\u0131n \u0130\u00e7i\u015fleri Bakan\u0131nca &quot;\u00c7\u00f6p arabas\u0131nda bile olsa Urfa&#39;dan \u00e7\u0131kar\u0131n&quot; talimat\u0131yla kar\u015f\u0131la\u015fm\u0131\u015ft\u0131r. Ve maalesef 27.May\u0131s&#39;\u0131n kudretli Albay\u0131 Alparslan T\u00fcrke\u015f, Rahmetli \u00dcstad\u0131 Urfa&#39;daki mezar\u0131nda bile rahat b\u0131rakmay\u0131p, oradan \u00e7\u0131kararak bilinmeyen bir yere ta\u015f\u0131tm\u0131\u015ft\u0131r<\/strong>. <\/p>\n<h4 align=\"center\">ADNAN MENDERES&#39;\u0130N TELK\u0130N DUASI<\/h4>\n<p> Soner Yal\u00e7\u0131n&#39;\u0131n yazd\u0131\u011f\u0131 &quot;Efendi&quot;nin 554.sayfas\u0131nda, <\/p>\n<p> Rahmetli Adnan Menderes&#39;in, idam edilmesinden \u00f6nce, usul gere\u011fi oraya getirilen bir Hocaefendi&#39;nin &quot;Dini Telkin&quot; duas\u0131n\u0131 tekrarlamay\u0131 kabul etmedi\u011fi sadece t\u00f6vbe duas\u0131yla yetindi\u011fi yaz\u0131l\u0131d\u0131r. <\/p>\n<p> Telkin duas\u0131; \u0130slam&#39;\u0131n temel iman esaslar\u0131n\u0131 tekrarlamak ve bunlara inand\u0131\u011f\u0131n\u0131 a\u00e7\u0131klamak, hat\u0131rlatmakt\u0131r. T\u00f6vbe duas\u0131, yemek duas\u0131 gibi \u015feyler ise Yahudilik, Hr\u0131stiyanl\u0131k ve M\u00fcsl\u00fcmanl\u0131kta ortakt\u0131r. <\/p>\n<p> Menderes&#39;in son yolculu\u011fu \u00f6ncesinde bile, niye kabul ve tekrar etmedi\u011fi bilinmeyen Telkin Duas\u0131 \u015f\u00f6yledir: <\/p>\n<p> <strong>&quot;Deki: Ben \u015eehadet ediyor ve kesinlikle inan\u0131yorum ki: Allah&#39;tan ba\u015fka \u0130lah yoktur ve Hz.Muhammed Allah&#39;\u0131n Resul\u00fcd\u00fcr.<\/strong> <\/p>\n<p> <strong>Ben; Rab olarak Allah&#39;a&#8230;<\/strong> <\/p>\n<p> <strong>Din olarak \u0130slam&#39;a..<\/strong> <\/p>\n<p> <strong>Nebi olarak Muhammed Aleyhisselam&#39;a<\/strong> <\/p>\n<p> <strong>Ve \u0130mam (Rehber ve Delil) olarak ta Kur&#39;ana raz\u0131 oldum!&quot; (Bak: Nimeti \u0130slam Sh:440. Mehmet Zihni Efendi, Salah Bilci Kitabevi.1971.\u0130ST)<\/strong> <\/p>\n<h4 align=\"center\">D\u00dc\u015eEN A\u011eACA BALTA VURAN!<\/h4>\n<p> Okumaya ve okudu\u011funu anlamaya \u00e7al\u0131\u015fan bir dostumuz, sordu:  <\/p>\n<p> &quot;Daha \u00f6nce Rahmetli Menderes&#39;e s\u0131k s\u0131k \u00f6vg\u00fcler dizen, rahmetli Necip Faz\u0131l, 27.May\u0131s&#39;tan sonra: <\/p>\n<p> &quot;Yo\u011furttan bir h\u00fck\u00fcmete, kartondan bir han\u00e7er sapland\u0131&quot; \u015feklinde hem DP iktidar\u0131n\u0131 hem de askerin ink\u0131lab\u0131n\u0131 hafife alan bir tav\u0131r izlemi\u015fti&#8230; Kafam kar\u0131\u015f\u0131yor, sizce bu durum nas\u0131l yorumlanmal\u0131?&quot; <\/p>\n<p> &quot; Bak Dostum! D\u00fc\u015fen a\u011faca balta vuran \u00e7ok olur!.. <\/p>\n<p> Halbuki, Menderes&#39;in ba\u015f\u0131na bela olan ve Yass\u0131 Ada&#39;da su\u00e7lu bulunup \u00e7iftli\u011fine el konulan iddialardan birisi de, &quot;\u00f6rt\u00fcl\u00fc \u00f6denek&quot; harcamalar\u0131yd\u0131&#8230; <\/p>\n<p> Menderes&#39;in; mahkeme kay\u0131tlar\u0131na da ge\u00e7en, 10 y\u0131ll\u0131k \u00f6rt\u00fcl\u00fc \u00f6denek harcama listesine bak\u0131ld\u0131\u011f\u0131nda ise, en y\u00fcksek oranda ve defalarca l\u00fctfa u\u011frayan ve \u00f6zel yard\u0131m alan ki\u015finin Necip Faz\u0131l oldu\u011fu g\u00f6r\u00fclecektir&#8230;&quot; <\/p>\n<p> Erbakan Hoca 1973&#39;te 50 milletvekili \u00e7\u0131kar\u0131p h\u00fck\u00fcmetlere ortak olunca \u00f6ve \u00f6ve bitiremeyenlerin, 77&#39;de 24&#39;e d\u00fc\u015f\u00fcnce hemen aleyhine d\u00f6nmeleri de ayn\u0131 \u015fey de\u011fil midir? <\/p>\n<p> Hepsine de Allah rahmet eylesin&#8230;\u00a0  <\/p>\n<h3 align=\"center\">VER\u0130N, VER\u0130N!<\/h3>\n<p> AKP&#39;li Maliye Bakan\u0131 Kemal Unak\u0131tan, ABD&#39;li Bakan yard\u0131mc\u0131s\u0131n\u0131n kar\u015f\u0131s\u0131nda ve 70 milyonun huzurunda: <\/p>\n<p> &quot;Irak&#39;taki askerlerinizin ya\u011f\u0131ndan \u015fekerine, unundan benzinine biz veriyoruz!&quot; diye \u00f6v\u00fcn\u00fcyor!.. <\/p>\n<p> Siz makam ve menfaat hat\u0131r\u0131na daha ba\u015fka \u015feyler de verirsiniz!.. <\/p>\n<p> B\u00fct\u00fcn Peygamberlerin ortak hikmet s\u00f6z\u00fc \u015fudur: <\/p>\n<p> &quot;Utanm\u0131yorsan, art\u0131k istedi\u011fini yap!&quot; <\/p>\n<p> &#160; <\/p>\n<h3 align=\"center\">Y\u0130NE ABD \u015eEYTANLI\u011eI<\/h3>\n<p> Mehmet Ali Talat&#39;a ABD&#39;de, hem D\u0131\u015fi\u015flerinde, hem Yahudi Lobilerinde &quot;Sn. Ba\u015fbakan!&quot; diye hitab edildi. \u0130yi de, hi\u00e7 kimse sormad\u0131. Hangi \u00fclkenin ve hangi devletin Ba\u015fbakan\u0131? ABD hem KKTC&#39;yi tan\u0131maya yana\u015fm\u0131yor, hem de M. Ali Talat&#39;\u0131 Ba\u015fbakan&quot; diye takdim ediyor.. <\/p>\n<p> T\u00fcrk\u00e7e&#39;si, ok\u015fay\u0131p oyal\u0131yor! Ve de ABD, \u0130slam Konferans \u00d6rg\u00fct\u00fcn\u00fcn KKTC&#39;nin stat\u00fcs\u00fcn\u00fc y\u00fckseltsin diye bask\u0131 yap\u0131yor&#8230; <\/p>\n<p> \u00a0B\u00f6ylece T\u00fcrkiye ile \u0130slam \u00fclkelerinin aras\u0131n\u0131 bozmak istiyor!.. <\/p>\n<p> &nbsp; <\/p>\n<p align=\"center\"> <strong>ALDATMACA<\/strong> <\/p>\n<p> Layt-\u0131l\u0131ml\u0131 ve Siyonizm&#39;le uyumlu Hocalar\u0131n &quot;Efendim, Misyonerlik faaliyetlerinden niye bu kadar korkuyorsunuz&#8230; Avrupa&#39;daki M\u00fcsl\u00fcmanlar\u0131n dini tebli\u011f ve tatbikatlar\u0131na, Hr\u0131stiyanlar\u0131n m\u00fcsaade etti\u011fi gibi, bizim de Misyonerlere m\u00fcsamahak\u00e2r davranmam\u0131z gerekir. \u0130slam ho\u015fg\u00f6r\u00fc dinidir!&quot; \u015feklindeki yakla\u015f\u0131mlar\u0131; yalama olmu\u015f bir numarad\u0131r. <\/p>\n<p> Yalan ve yan\u0131ltmacad\u0131r! <\/p>\n<p> Niye: <\/p>\n<ul>\n<li>1- T\u00fcrkiye&#39;de, Avrupa&#39;daki gibi, M\u00fcsl\u00fcmanlara dini tebli\u011f yapacak okul, dernek, \u00fcniversite kurdurmuyorlar, maddi ve siyasi destek sa\u011flam\u0131yorlar&#8230;<\/li>\n<li>2- Avrupa&#39;daki M\u00fcsl\u00fcmanlar \u00e7evrelerine \u0130slam&#39;\u0131 anlat\u0131rken, &quot;Bu topraklar \u00f6nceden bizimdi. Yine geri alaca\u011f\u0131z.. Almanya&#39;y\u0131, Fransa&#39;y\u0131 par\u00e7alayaca\u011f\u0131z&quot; demiyorlar, d\u00fc\u015fmanl\u0131k d\u00fc\u015f\u00fcnm\u00fcyorlar..<\/li>\n<\/ul>\n<p> Oysa T\u00fcrkiye&#39;deki Misyonerler, Anadolu &quot;Ek\u00fcmene&quot;dir. Yani Hr\u0131stiyan \u00fclkesidir. Hr\u0131stiyanl\u0131\u011f\u0131n do\u011fu\u015f yeri ve 7 b\u00fcy\u00fck kutsal kilisesi T\u00fcrkiye&#39;dedir, diyorlar&#8230; <\/p>\n<ul>\n<li>3- \u0130\u015fte en a\u00e7\u0131k ve \u00e7arp\u0131c\u0131 \u00f6rnek: Irak&#39;t\u0131r&#8230;<\/li>\n<\/ul>\n<p> Tam 18 bin Misyoner faaliyettedir&#8230; Sonu\u00e7 ise Utan\u00e7 vericidir!&#8230; <\/p>\n<p align=\"center\"> &#160; <\/p>\n<p align=\"center\"> <strong>EKREM KIZILTA\u015e DOSTUMUZA&#8230;<\/strong> <\/p>\n<p align=\"center\"> &#160; <\/p>\n<p> TV-5&#39;te sundu\u011fu bir program\u0131nda, Vural Sava\u015f&#39;\u0131n da, &quot;\u0130mam Hatipler kapat\u0131ls\u0131n&quot; diyen bir grubun i\u00e7inde oldu\u011fu g\u00f6sterilmi\u015f. <\/p>\n<p> Ekrem K\u0131z\u0131lta\u015f dostumuz; &quot;Vural Sava\u015f&#39;a Millici-diyenler, bir daha d\u00fc\u015f\u00fcns\u00fcn!&#8230;&quot; Buyurmu\u015f. <\/p>\n<p> Ekrem Beyimi, k\u0131raca\u011f\u0131z. Bir daha d\u00fc\u015f\u00fcnd\u00fck!.. <\/p>\n<p> 1-Vural Sava\u015f dincidir demedik, Millici dedik. <\/p>\n<p> 2- a- Amerikan conilerini Irak&#39;a davet eden ve destekleyen &quot;dinci&quot; bilinenlerden, <\/p>\n<p> b- AB hayaline K\u0131br\u0131s&#39;\u0131 satan ve gelece\u011fimizi karartan &quot;pinti&quot;lerden, <\/p>\n<p> c- Amerika&#39;n\u0131n kuca\u011f\u0131nda, siyonizmin hesab\u0131na Hocal\u0131k yapan &quot;Efendi&quot;lerden, <\/p>\n<p> d- Hala Saadet partisinde bulunup Konya&#39;da G\u0130K toplant\u0131s\u0131nda Erbakan Hoca&#39;n\u0131n y\u00fcz\u00fcne kar\u015f\u0131 &quot;Art\u0131k bu partiden elini ete\u011fini \u00e7ek&quot; diyebilen &quot;s\u00fct\u00fc bozuk kinci&quot; ler den ise, <\/p>\n<p> ABD zulm\u00fcne ve zilletine&#8230; <\/p>\n<p> AB emperyalizmine&#8230; <\/p>\n<p> Ve \u00fclkemizdeki din s\u00f6m\u00fcr\u00fcs\u00fcne kar\u015f\u0131 \u00e7\u0131kan&#8230; <\/p>\n<p> Ama \u0130mam Hatip konusunda yanl\u0131\u015fl\u0131k ve haks\u0131zl\u0131k yapan, &quot;Milli&quot;ci Vural Sava\u015f makbul\u00fcm\u00fczd\u00fcr. <\/p>\n<p> Namert ve m\u00fcnaf\u0131k \u0130slam&#39;c\u0131 dan ise, mert ve net isyanc\u0131lar dostumuzdur! <\/p>\n<p> M\u00fcnaf\u0131klar\u0131n m\u00fcnkirlerden daha adi ve tehlikeli oldu\u011fu, Kur&#39;an\u0131n h\u00fckm\u00fcd\u00fcr! <\/p>\n<p align=\"center\"> <strong>S\u0130Z\u0130 NATO DA KURTARAMAZ!<\/strong> <\/p>\n<p> Ankara&#39;daki 19 May\u0131s t\u00f6renlerinde, baz\u0131 protokol, Atat\u00fcrk&#39;\u00fcn Gen\u00e7li\u011fe hitabesini, bir \u0130mam Hatipli okudu\u011fu i\u00e7in ters tav\u0131r tak\u0131nm\u0131\u015flar&#8230; Daha do\u011frusu kendi ayarlar\u0131n\u0131 ortaya koymu\u015flar&#8230; <\/p>\n<p> Bu talihsiz tav\u0131r; <\/p>\n<p> \u0130mam Hatiplilerin \u015fahs\u0131nda Milli ve manevi de\u011ferlere sayg\u0131s\u0131zl\u0131kt\u0131r! <\/p>\n<p> Bu tav\u0131r; <\/p>\n<p> \u0130rtica bahanesiyle, \u0130slam&#39;a d\u00fc\u015fmanl\u0131kt\u0131r!.. <\/p>\n<p> Daha a\u00e7\u0131k\u00e7as\u0131, bu tav\u0131r, bizzat milletle sava\u015fmakt\u0131r!.. <\/p>\n<p> \u015eimdilik bize d\u00fc\u015fen ise; <\/p>\n<p> 235 generali ve 4 bin subay&#39;\u0131 mecburi emekliye ay\u0131ran 27 May\u0131s ihtilalini hat\u0131rlatmakt\u0131r!.. <\/p>\n<p> \u00c7\u00fcnk\u00fc bu talihsiz tav\u0131rlar; <\/p>\n<p> 1-AKP&#39;ye ve din istismarc\u0131s\u0131 kesimlere mazeret ve me\u015fruiyet kazand\u0131rmaktad\u0131r. <\/p>\n<p> (Belki de dan\u0131\u015f\u0131kl\u0131 d\u00f6\u011f\u00fc\u015f gere\u011fi yap\u0131lmaktad\u0131r.) <\/p>\n<p> 2-Bu tav\u0131rlar, M\u00fcsl\u00fcman halk\u0131m\u0131z\u0131 AKP&#39;nin ve masonik merkezlerin kuca\u011f\u0131na itmekte ve gelece\u011fimizi tehlikeye atmaktad\u0131r. <\/p>\n<p> 3-Bu tav\u0131rlar: Kahraman ordumuzu &quot;Din d\u00fc\u015fman\u0131&quot; gibi g\u00f6stermekte ve y\u0131pratmaktad\u0131r. <\/p>\n<p> 4- Bu tav\u0131rlar AKP&#39;nin ve i\u015fbirlik\u00e7ilerin i\u015fini kolayla\u015ft\u0131rmakta ve \u00fclkemizin par\u00e7alanmas\u0131 h\u0131yanetlerine zaman ve ortam sa\u011flamaktad\u0131r. <\/p>\n<p align=\"center\"> <strong>B\u0130R DEVR\u0130M\u0130N DEV\u0130RD\u0130KLER\u0130!<\/strong> <\/p>\n<p align=\"center\"> &#160; <\/p>\n<p> 27 May\u0131s Devriminden sonra: <\/p>\n<p> Cumhurba\u015fkan\u0131, Ba\u015fbakan, TBMM Ba\u015fkan\u0131, Bakanlar ve Milletvekilleri yan\u0131nda; <\/p>\n<p> Genelkurmay Ba\u015fkan\u0131 Orgeneral R\u00fc\u015ft\u00fc Erdelhun&#39;la birlikte, bir \u00e7ok \u00fcst d\u00fczey subay da g\u00f6z alt\u0131na al\u0131nm\u0131\u015ft\u0131&#8230; <\/p>\n<p> Ve Milli Birlik Komitesince 235&#39;i general olmak \u00fczere, tam D\u00f6rt bin (4000) subay zorunlu emekliye ayr\u0131lm\u0131\u015ft\u0131!.. <\/p>\n<p align=\"center\"> <strong>Lionslar da ilan yay\u0131nlayarak, tasar\u0131n\u0131n geri \u00e7ekilmesini istediler<\/strong> <\/p>\n<p align=\"center\"> &#160; <\/p>\n<p align=\"center\"> <strong>Bir bunlar eksikti<\/strong> <\/p>\n<p> H\u00fck\u00fcmet taraf\u0131ndan haz\u0131rlanarak Meclis&#39;e g\u00f6nderilen Y\u00fcksek \u00d6\u011fretim Kurulu (Y\u00d6K) yasa tasar\u0131s\u0131n\u0131n geri \u00e7ekilmesi i\u00e7in bir \u00e7a\u011fr\u0131 da Lions Kul\u00fcpleri&#39;nden geldi. <\/p>\n<p> Meslek Liselilere dolay\u0131s\u0131yla \u0130mam Hatiplilere k\u0131smi olarak adalet getiren yasa tasar\u0131s\u0131 \u00fczerinde f\u0131rt\u0131nalar kopar\u0131l\u0131rken, yasan\u0131n geri \u00e7ekilmesi y\u00f6n\u00fcndeki \u00e7a\u011fr\u0131 yapanlar gurubuna Mason Localar\u0131na eleman yeti\u015ftirdi\u011fi iddia edilen Lions Kul\u00fcpleri de kat\u0131ld\u0131.  <\/p>\n<p> Mustafa Kemal&#39;in emriyle kapat\u0131lan mason localar\u0131n\u0131n alt kademesi olarak g\u00f6r\u00fclen Lionslar, yapt\u0131klar\u0131 yaz\u0131l\u0131 ilanda, &quot;Taslak Y\u00fcce \u00d6nder Atat\u00fcrk&#39;\u00fcn kurdu\u011fu TBMM&#39;de hi\u00e7bir zaman kabul edilmemelidir&quot; dediler. <\/p>\n<p> <strong>Atat\u00fcrk istismar\u0131<\/strong> <\/p>\n<p> K\u00f6k\u00fc d\u0131\u015far\u0131da olan ve mensubu oldu\u011fu ki\u015filerin olgunla\u015ft\u0131klar\u0131 d\u00f6nemde girdikleri mason localar\u0131n\u0131 kapatan Mustafa Kemal&#39;i kullanarak \u00e7a\u011fr\u0131da bulunun kul\u00fcp, Atat\u00fcrk ilke ve ideallerine ba\u011fl\u0131 olmayan kimseyi aralar\u0131na almad\u0131klar\u0131n\u0131 belirttikten sonra \u015fu ifadelere yer verdi; <\/p>\n<p> &quot;T\u00fcrk y\u00fcksek \u00f6\u011freniminde onar\u0131lmaz yaralar a\u00e7acak, \u00f6\u011frenim birli\u011fini bozacak ve laik e\u011fitim ilkelerini temelden sarsacak bu kanuna hay\u0131r diyoruz. Atat\u00fcrk&#39;\u00fcn Kurdu\u011fu TBMM&#39;nin i\u00e7inde oy verecek milletvekillerimizin de Atat\u00fcrk \u0130lkeleri&#39;ne ayk\u0131r\u0131 bu yasaya &quot;HAYIR&#39; demelerin diliyor ve bekliyoruz&quot; <\/p>\n<p> <strong>H\u00fck\u00fcmetle balay\u0131 bitti mi?<\/strong> <\/p>\n<p> &quot;A\u00e7\u0131klama ayn\u0131 zamanda AKP h\u00fck\u00fcmeti ile Lions Kul\u00fcpleri aras\u0131daki balay\u0131n\u0131n da bitti\u011fi anlam\u0131na geliyor&quot; zannedenler yan\u0131l\u0131yor. Burada bir dan\u0131\u015f\u0131kl\u0131 d\u00f6\u011f\u00fc\u015f yap\u0131l\u0131yor. \u00c7\u00fcnk\u00fc ge\u00e7ti\u011fimiz y\u0131l, Lionslar\u0131n kurulu\u015f y\u0131ld\u00f6n\u00fcm\u00fc program\u0131na kat\u0131lan ilk Ba\u015fbakan Tayyip Erdo\u011fan olurken, ilk Meclis Ba\u015fkan\u0131 da B\u00fclent Ar\u0131n\u00e7 olmu\u015ftu&#8230; Lions Kul\u00fcp yetkilileri Erdo\u011fan ve Ar\u0131n\u00e7&#39;\u0131n, aralar\u0131nda bulunmas\u0131ndan b\u00fcy\u00fck zevk duyduklar\u0131n\u0131 belirtmi\u015flerdi. Lionslar b\u00f6yle davran\u0131p, M\u00fcsl\u00fcman tabanda AKP&#39;ye mazeret ve me\u015fruiyet kazand\u0131r\u0131yor.  <\/p>\n<p align=\"center\"> <strong>Din e\u011fitiminin sak\u0131ncas\u0131 yok diyen Siyonist, <\/strong> <\/p>\n<p align=\"center\"> <strong>Layt \u0130slam&#39;\u0131 yayg\u0131nla\u015ft\u0131rmak istiyor!<\/strong> <\/p>\n<p> D\u00fcnya Bankas\u0131 Ba\u015f e\u011fitim Uzman\u0131 Robin Horn, &#8216;&#39;T\u00fcrkiye e\u011fitim sistemini de\u011fi\u015ftirmeden Avrupa i\u015fg\u00fcc\u00fc piyasas\u0131na girerse, Avrupal\u0131lar\u0131n \u00e7al\u0131\u015fmak istemedi\u011fi i\u015flerde \u00e7al\u0131\u015fmak zorunda kalacak&#39;&#39; dedi. <\/p>\n<p> <strong>Dini e\u011fitim<\/strong> <\/p>\n<p> Horn, bir\u00e7ok \u00fclkede hatta \u0130ngiltere&#39;de, \u0130rlanda&#39;da ve ABD&#39;de devlet veya \u00f6zel kanunlar\u0131n y\u00f6netiminde olan katoliklere ait, musevilere ve di\u011fer dinlere ait bir\u00e7ok din okullar\u0131n\u0131n oldu\u011funu belirterek, ister devlet denetiminde olsun, ister olmas\u0131n bu okullar\u0131n e\u011fitim yapt\u0131klar\u0131 \u00fclkedeki genel e\u011fitim kurallar\u0131na uygun bir faaliyet g\u00f6sterdiklerini s\u00f6yledi. <\/p>\n<p> Bu t\u00fcr okullardaki dini e\u011fitimin \u00e7ok yo\u011fun olmad\u0131\u011f\u0131n\u0131n alt\u0131n\u0131 \u00e7izen Horn, bu okullarda genel bilgilerin de verildi\u011fini belirterek, &#8216;&#39;Okullar\u0131n amac\u0131, ister dini olsun ya da olmas\u0131n \u00fclke kalk\u0131nmas\u0131na y\u00f6nelik tam donan\u0131ml\u0131 \u00f6\u011frenciler yeti\u015ftirmek olmal\u0131d\u0131r&#39;&#39; dedi. <\/p>\n<p> Horn, bu t\u00fcr dini okullarda as\u0131l \u00fczerinde durulan konunun daha iyi bir e\u011fitim vermek oldu\u011funu belirterek, \u00f6\u011frencilerin demokratik, kat\u0131l\u0131mc\u0131 ve ileride y\u00fcksek \u00fccret kazanabilecekleri mesleklere sahip olacak \u015fekilde yeti\u015ftirildiklerini kaydetti. Bu t\u00fcr dini okullarda \u00f6\u011frencilerin belli bir y\u00f6nde d\u00fc\u015f\u00fcnmeye zorlanmad\u0131\u011f\u0131n\u0131 vurgulayan Horn, aksine belirli konular\u0131 daha iyi anlamalar\u0131na yard\u0131mc\u0131 olacak y\u00f6nde e\u011fitim verildi\u011fini kaydetti. <\/p>\n<p> Yani devlet ve hakimiyet \u015fuuru olmayan, Bat\u0131&#39;ya hizmetten huzur bulan \u0131l\u0131ml\u0131 ve uyumlu M\u00fcsl\u00fcman yeti\u015ftiren kurumlardan ve \u00f6zel dini okullardan bize fayda var. \u00a0 <\/p>\n<p align=\"center\"> <strong>Nev\u015fehir&#39;de neler oluyor!?<\/strong> <\/p>\n<p align=\"center\"> &#160; <\/p>\n<p> <strong>G<\/strong>e\u00e7en hafta bir sivil toplum \u00f6rg\u00fct\u00fc y\u00f6neticisi olan dostumuz heyet halinde <strong>Nev\u015fehir<\/strong>&#39;e gitmi\u015fti. Nev\u015fehir&#39;in il ve il\u00e7elerinde bir tak\u0131m ziyaret ve g\u00f6r\u00fc\u015fmelerde bulundular. Bir <strong>m\u00fcft\u00fc<\/strong> ile yapt\u0131klar\u0131 g\u00f6r\u00fc\u015fme hayli ilgin\u00e7 bilgiler i\u00e7eriyor. M\u00fcft\u00fc beyin verdi\u011fi bilgilere g\u00f6re Nev\u015fehir&#39;in sadece <strong>Avanos<\/strong> il\u00e7esinde son bir y\u0131lda <strong>bin 200 gen\u00e7 <\/strong>hristiyan olmu\u015f. Hristiyanl\u0131\u011f\u0131 se\u00e7en gen\u00e7lerin baz\u0131lar\u0131 <strong>misyoner vak\u0131flar\u0131<\/strong> arac\u0131l\u0131\u011f\u0131yla yurtd\u0131\u015f\u0131na \u00fcniversite e\u011fitimine g\u00f6nderiliyormu\u015f.  <\/p>\n<p> Ayn\u0131 b\u00f6lgede tarihimizde ilk kez <strong>M\u00fcsl\u00fcman n\u00fcfus kalmad\u0131\u011f\u0131 i\u00e7in(!)<\/strong> bir k\u00f6y\u00fcn camisi<strong> <\/strong>resmen kapat\u0131lm\u0131\u015f. (Bu cami daha \u00f6nce bizim gazetemizde man\u015fet olmu\u015ftu.) <strong>Barthalomeos<\/strong> ba\u015fta olmak \u00fczere bir \u00e7ok hristiyan lider d\u00fczenli olarak b\u00f6lgeye y\u00f6nelik gezi ve incelemelerde bulunuyorlarm\u0131\u015f. <\/p>\n<p> Ve bir ba\u015fka olay. <strong>Japonya<\/strong>&#39;da \u00fcniversite \u00f6\u011frenimi g\u00f6ren bir T\u00fcrk k\u0131z\u0131na orada da misyonerler musallat oluyor. Bu k\u0131z\u0131m\u0131z\u0131 bir toplant\u0131lar\u0131na davet ediyorlar. Gitti\u011finde toplant\u0131n\u0131n yap\u0131ld\u0131\u011f\u0131 salonda g\u00f6rd\u00fc\u011f\u00fc <strong>bir afi\u015f<\/strong> ger\u00e7ekten \u015fa\u015f\u0131rt\u0131c\u0131 ve \u00fcrk\u00fct\u00fcc\u00fc. Afi\u015f&#39;te <strong>&quot;2004 T\u00fcrkiye&#39;yi Hristiyanla\u015ft\u0131rma Y\u0131l\u0131&quot; <\/strong>olarak g\u00f6steriliyor. <\/p>\n<p> Nev\u015fehir&#39;in pilot b\u00f6lge se\u00e7ildi\u011fi \u00f6nceden beri biliniyor. San\u0131r\u0131z yukar\u0131da yazd\u0131\u011f\u0131m\u0131z olaylar da bunu apa\u00e7\u0131k do\u011fruluyor. <\/p>\n<p> Bu geli\u015fmeleri baz\u0131lar\u0131n\u0131n yapt\u0131\u011f\u0131 gibi hafife almak b\u00fcy\u00fck bir ahmakl\u0131k olur.  <\/p>\n<p> \u00c7\u00fcnk\u00fc 1950&#39;li y\u0131llarda <strong>G. Kore<\/strong>&#39;de Hristiyan n\u00fcfus <strong>y\u00fczde 0&#39;<\/strong>d\u0131. Kore sava\u015f\u0131ndan sonra ge\u00e7en 50 y\u0131ll\u0131k s\u00fcre\u00e7te misyonerlerin \u00e7al\u0131\u015fmalar\u0131 sonucu bug\u00fcn Kore&#39;deki Hristiyan n\u00fcfusun oran\u0131 <strong>y\u00fczde 50&#39;<\/strong>nin \u00fczerine \u00e7\u0131km\u0131\u015f durumda.  <\/p>\n<p align=\"center\"> <strong>NAMIK KEMAL ZEYBEK&#39;\u0130N \u0130T\u0130RAFI<\/strong> <\/p>\n<p> \u015eu anda Irak&#39;ta \u00f6lenlerin say\u0131s\u0131 milyonlarla ifade ediliyor. Tecav\u00fcze u\u011framad\u0131k Irakl\u0131 neredeyse kalmad\u0131. <strong>B\u00f6yle bir durumda bir M\u00fcsl\u00fcman ne yapar?<\/strong> <\/p>\n<p> <strong>Il\u0131ms\u0131z \u0130sl\u00e2m&#39;a g\u00f6re <\/strong>m\u00fcmk\u00fcnse bunu <strong>eliyle<\/strong> \u00f6nler, elinden gelmiyorsa, <strong>diliyle<\/strong> kar\u015f\u0131 \u00e7\u0131kar o da m\u00fcmk\u00fcn de\u011filse <strong>kalbiyle<\/strong> bu\u011fz eder. Ama iman\u0131n en az derecesi kalbiyle bu\u011fz etmektir. <\/p>\n<p> <strong>Peki biz ne yap\u0131yoruz?<\/strong> <\/p>\n<p> <strong>Amerika&#39;da diyalog toplant\u0131lar\u0131 d\u00fczenliyoruz. Kendi gelece\u011fimizi onlar\u0131n planlar\u0131 i\u00e7inde ar\u0131yoruz. Ve \u0130sl\u00e2m&#39;\u0131 daha ne kadar \u0131l\u0131ml\u0131 hale getirebiliriz, onun tart\u0131\u015fmalar\u0131n\u0131 yap\u0131yoruz.,<\/strong> <\/p>\n<p> <strong>B\u00fcy\u00fck bir cemaatin lideri olan Fethullah G\u00fclen hoca Amerikal\u0131lar\u0131n kendilerine \u00e7ok iyi davrand\u0131klar\u0131ndan s\u00f6z ediyor. Bunlar\u0131n yapmak istedikleri \u0130sl\u00e2m&#39;\u0131 \u0131l\u0131mla\u015ft\u0131rmak.<\/strong> <\/p>\n<p> <strong>Ben art\u0131k 60 ya\u015f\u0131mday\u0131m. 40 y\u0131ldan beri de bu i\u015flerin i\u00e7indeyim. Kendime g\u00f6re tasavvufu da biliyorum. 13 ya\u015f\u0131mdan beri dini \u00f6\u011frenmeye \u00e7al\u0131\u015f\u0131yorum. \u00c7ok tecr\u00fcbe de ya\u015fad\u0131m.<\/strong> <\/p>\n<p> <strong>\u015eunu g\u00f6rd\u00fcm:<\/strong> <\/p>\n<p> <strong>Dini cemaatler te\u015fkil\u00e2tlanmaya ba\u015flad\u0131klar\u0131 andan itibaren din i\u00e7in tehlike ba\u015fl\u0131yor. Ticarete, siyasete girdikleri andan itibaren mesele kar\u0131\u015f\u0131yor, art\u0131k tek ama\u00e7lar\u0131 te\u015fkil\u00e2tlar\u0131n\u0131 korumak oluyor. Kaybedecekleri d\u00fcnyev\u00ee bir \u015feyleri olan cemaatlerin ba\u011f\u0131ms\u0131z hareket etmeleri art\u0131k m\u00fcmk\u00fcn olmuyor. Fethullah hocaefendi b\u00fcy\u00fck bir g\u00fc\u00e7 meydana getirdi. D\u00fcnyada 200&#39;e yak\u0131n okulu var. Ke\u015fke bu g\u00fc\u00e7 T\u00fcrkiye merkezli ve T\u00fcrkiye halk\u0131n\u0131n, T\u00fcrk tarihinin do\u011frultusunda de\u011ferlendirilseydi, ke\u015fke diyorum.<\/strong> <\/p>\n<p> <strong>Ama bug\u00fcnk\u00fc durumu, da herkes biliyor, herkes g\u00f6r\u00fcyor. \u00dcz\u00fcl\u00fcyorum ve kendime hay\u0131flan\u0131yorum. Vah benim \u00f6vd\u00fcklerime desteklediklerime diyorum.&quot;<\/strong> <\/p>\n<p> &#160; <\/p>\n<p align=\"center\"> <strong>\u0130SRA\u0130L VE T\u00dcRK\u0130YE! <\/strong> <\/p>\n<p> Savunma Sanayii \u00dcst Kurulu&#39;nda iptal edilen imza a\u015famas\u0131ndaki ihalelerin neredeyse t\u00fcm\u00fc \u0130srail&#39;i ilgilendiriyordu. karar\u0131n\u0131n gerek\u00e7esi ne olursa olsun \u0130srail bu karardan tedirgin olmu\u015ftu. \u0130srail ile imzalanan askeri i\u015fbirli\u011fi anla\u015fmalar\u0131 \u00e7er\u00e7evesinde \u0130srail, T\u00fcrk F-5 ve F-16 u\u00e7aklar\u0131n\u0131n bir k\u0131sm\u0131n\u0131 modernize etmektedir. Bu u\u00e7aklar\u0131n baz\u0131lar\u0131 ge\u00e7ti\u011fimiz iki y\u0131l i\u00e7inde d\u00fc\u015ft\u00fc. Bas\u0131na yans\u0131yan haberlere g\u00f6re modernize edilen u\u00e7aklarda baz\u0131 teknik problemler tesbit edilmi\u015fti.  <\/p>\n<p> Bundan \u00fc\u00e7 y\u0131l \u00f6nce \u0130sraillilerin Ba\u015fbakanl\u0131k&#39;ta ve Savunma Sanayii \u00e7evrelerinde baz\u0131 g\u00f6revlilere r\u00fc\u015fvet verdi\u011fi y\u00f6n\u00fcnde yine bas\u0131nda haberler \u00e7\u0131km\u0131\u015ft\u0131. \u0130srail; T\u00fcrk tanklar\u0131n\u0131 modernize etmek ya da ortak tanklar \u00fcretmek istiyordu. Ayn\u0131 \u0130srail, T\u00fcrkiye&#39;ye pilotsuz casus u\u00e7aklar\u0131 ile Ruslarla ortakla\u015fa \u00fcretti\u011fi helikopterleri satmay\u0131 planl\u0131yordu&#8230;  <\/p>\n<p> <strong><u>\u0130\u015fte MGK&#39;da al\u0131nan <\/u><\/strong><u>(h\u00fck\u00fcmetin de\u011fil, milli cephenin gayretiyle)<\/u><strong><u> bir kararla toplam de\u011feri 20 milyar dolar\u0131 bulan bu ihaleler iptal edildi.<\/u><\/strong>  <\/p>\n<p> \u0130srail, Irak&#39;ta ve \u00f6zellikle Kuzey&#39;de T\u00fcrkiye aleyhine faaliyetlerde bulunmakta ve ayn\u0131 t\u00fcr silahlar\u0131 g\u00fcnl\u00fck olarak Filistin halk\u0131n\u0131 \u00f6ld\u00fcrmek i\u00e7in kullanmaktad\u0131r&#8230; Yaln\u0131z son bir hafta i\u00e7inde 87 Filistinli \u00f6ld\u00fcr\u00fcld\u00fc. Bu insanlar \u0130srail&#39;in T\u00fcrkiye&#39;ye vermek istedi\u011fi helikopter ve u\u00e7aklar taraf\u0131ndan \u00f6ld\u00fcr\u00fclmektedir. \u0130srail&#39;in T\u00fcrkiye&#39;ye vermek istedi\u011fi tanklar\u0131n benzerleri Gazze&#39;de y\u00fczlerce Filistinlinin evini y\u0131kmaktad\u0131r&#8230;  <\/p>\n<p> \u0130srail Turizm Bakan\u0131 Bini Alon, t\u00fcm Filistinlilerin Amerika veya Avustralya&#39;ya kovulmas\u0131 gerekti\u011fini s\u00f6yl\u00fcyor&#8230; Yani da\u011fdan gelen ba\u011fdakini kovmak istiyor&#8230;  <\/p>\n<p align=\"center\"> <strong>tarihi karar budur!<\/strong> <\/p>\n<p> Milli g\u00fc\u00e7lerin gayretiyle, T\u00fcrkiye&#39;nin &quot;15 milyar dolarl\u0131k savunma ihalesini iptal&quot; ve bu ihalelerin unsurlar\u0131 olan tank, helikopter, insans\u0131z u\u00e7aklar\u0131n neredeyse \u00fc\u00e7te bir maliyetine &quot;yerli sanayi&quot;ye y\u00f6nlendirilmesi karar\u0131 ile&#8230; T\u00fcrkiye ve Yunanistan savunma bakanlar\u0131n\u0131n, kar\u015f\u0131l\u0131kl\u0131 olarak silahlanma harcamalar\u0131n\u0131n k\u0131s\u0131laca\u011f\u0131na dair beyanlar\u0131, tarihi ve talihli bir geli\u015fmedir.  <\/p>\n<p> Bu \u00fclkenin gen\u00e7lerine, &quot;\u0130\u015fte sizlere ayr\u0131labilecek kaynaklar\u0131 \u00e7o\u011faltabilmek i\u00e7in tarihi bir karar&quot; denilece\u011fini&#8230; Kar\u0131\u015f\u0131k, kaotik bir b\u00f6lgede, T\u00fcrkiye&#39;nin ona buna, bu karar\u0131yla &quot;model&quot; olabilmesini, hatta meydan okuyabilece\u011fini ortaya koymaktad\u0131r. <\/p>\n<p> T\u00fcrkiye&#39;yi, bir yandan s\u0131rt\u0131n\u0131 s\u0131vazlarken, bir yandan da s\u00f6zde bar\u0131\u015f\u00e7\u0131, \u00f6zg\u00fcrl\u00fck\u00e7\u00fc &quot;B\u00fcy\u00fck Ortado\u011fu&quot; gibi projelerle, daha fazla askeri harcamaya ve b\u00f6lge jandarmal\u0131\u011f\u0131na ittirmek isteyenlere de bir meydan okumad\u0131r. \u0130nsani, hayati, vicdani bir meydan okumad\u0131r. &quot;D\u00fcnyan\u0131n ve b\u00f6lgenin ger\u00e7ekleri&quot; denilenlere ve boyun e\u011fip i\u00e7inde s\u00fcr\u00fcklenmenizi dileyenlere kar\u015f\u0131&#8230; &quot;As\u0131l hayat ve as\u0131l ger\u00e7ekler&quot; ad\u0131na bir meydan okumad\u0131r.  <\/p>\n<p> Daha az silahlanma harcamas\u0131yla zafiyet, zay\u0131fl\u0131k yarat\u0131laca\u011f\u0131na inananlara kar\u015f\u0131, o kaynaklar\u0131n ba\u015fka alanlara y\u00f6neltilmesi ve insan niteli\u011finin geli\u015ftirilmesiyle as\u0131l kal\u0131c\u0131 g\u00fcc\u00fcn olu\u015fturulaca\u011f\u0131na dair meydan okumad\u0131r.  <\/p>\n<p align=\"center\"> <strong>\u0130STANBUL S\u0130YON\u0130ZM\u0130N BA\u015eKENT\u0130 M\u0130?<\/strong> <\/p>\n<p> Eurovision \u015fark\u0131 yar\u0131\u015fmas\u0131 \u0130stanbul&#39;da yap\u0131ld\u0131&#8230; <\/p>\n<p> Eurovision ambleminde sadece Ayasofya yer al\u0131yor&#8230; Sultan Ahmet ve S\u00fcleymaniye g\u00f6z\u00fckm\u00fcyor!.. <\/p>\n<p> T\u00fcrkiye Eurovision solisti, sahneye kolunda bir HA\u00c7 d\u00f6vmesi ile \u00e7\u0131k\u0131yor! <\/p>\n<p> K\u0131saca, &quot;\u0130stanbul, T\u00fcrklerin ve M\u00fcsl\u00fcmanlar\u0131n \u015fehri de\u011fil&quot; mesaj\u0131 veriliyor. <\/p>\n<p> BOP ve T\u00fcrkiye&#39;nin konumu tart\u0131\u015f\u0131l\u0131rken, bir de NATO zirvesi \u0130stanbul&#39;a ta\u015f\u0131n\u0131yor!?.. <\/p>\n<p> Ve zaten Aytun\u00e7 ALTINDAL&#39;\u0131n dikkat \u00e7ekti\u011fi gizli bir belgeye g\u00f6re: 1909 y\u0131l\u0131nda ABD, \u0130ngiltere ve Fransa&#39;n\u0131n gizlice mutab\u0131k kald\u0131klar\u0131 bir anla\u015fmaya g\u00f6re \u0130stanbul&#39;un bir &quot;\u00d6zel d\u00fcnya devleti&quot; olmas\u0131 kararla\u015ft\u0131r\u0131l\u0131yor. <\/p>\n<p> Ama ne yaz\u0131k ki, \u0131l\u0131ml\u0131 \u0130slamc\u0131 AKP iktidar\u0131yla, NATO&#39;cu ve Bat\u0131&#39;c\u0131 Generaller; \u0130mam-Hatip ve Ba\u015f\u00f6rt\u00fcs\u00fc \u00fczerine dan\u0131\u015f\u0131kl\u0131 d\u00f6v\u00fc\u015f yap\u0131yorlar!.. <\/p>\n<p> &#160; <\/p>\n<p align=\"center\"> <strong>END\u0130\u015eEM\u0130Z!<\/strong> <\/p>\n<p> G.K. Ba\u015fkanl\u0131\u011f\u0131; <\/p>\n<p> \u00d6zel Kuvvetler Komutanl\u0131\u011f\u0131n\u0131n kontrol\u00fcndeki baz\u0131 yolsuzluk iddialar\u0131 \u00fczerine, ilgili makamlarla ilgili soru\u015fturma a\u00e7\u0131ld\u0131\u011f\u0131n\u0131 duyurdu. <\/p>\n<p> Endi\u015femiz; \u00c7ok kritik ve stratejik sahalarda ve \u00e7ok ba\u015far\u0131l\u0131 hizmetler veren \u00d6zel Kuvvetler aleyhine ba\u015flat\u0131lan, i\u00e7 ve d\u0131\u015f h\u0131yanet odaklar\u0131n\u0131n ve marazl\u0131 medyan\u0131n k\u0131\u015fk\u0131rtmas\u0131na gelinmesin!&#8230; <\/p>\n<p> Ve ordumuz i\u00e7inde d\u0131\u015f g\u00fc\u00e7leri sevindirecek geli\u015fmelere f\u0131rsat verilmesin!.. <\/p>\n<p align=\"center\"> <strong>BA\u015eBAKAN&#39;IN KAPTANLI\u011eI.<\/strong> <\/p>\n<p> Ba\u015fbakan Recep T. Erdo\u011fan; <\/p>\n<p> &quot;Halk\u0131m\u0131z endi\u015fe etmesin&#8230; Ekonomimiz de, siyasetimiz de iyiye do\u011fru gitmektedir. Bize g\u00fcvenin&#8230; U\u00e7a\u011f\u0131n kaptan\u0131 i\u015fini bilmektedir.&quot; Buyurmu\u015f!&#8230; <\/p>\n<p> E\u011fer Recep T. Erdo\u011fan&#39;\u0131n u\u00e7ak kaptanl\u0131\u011f\u0131 da, Beygir binicili\u011fine benziyorsa, halimiz peri\u015fan demektir&#8230; <\/p>\n<p> \u00c7\u00fcnk\u00fc hat\u0131rlan\u0131rsa, \u00e7ocuklar\u0131n bile rahatl\u0131kla bindi\u011fi bir e\u011fitim ve e\u011flence at\u0131n\u0131 bile kontrol\u00fcnde tutamam\u0131\u015f ve s\u0131rt\u0131nda duramay\u0131p d\u00fc\u015ferek yerlerde s\u00fcr\u00fcnm\u00fc\u015ft\u00fc!.. <\/p>\n<p align=\"center\"> <strong>L\u0130ONSLARIN NOEL BABASI<\/strong> <\/p>\n<p align=\"center\"> <strong>S\u00dcLEYMAN DEM\u0130REL !<\/strong> <\/p>\n<p> Siyonizm denen \u015feytan dininin ve Deccalizm d\u00fczeninin anaokulu Lions&#39;lar, \u0130lk\u00f6\u011fretimi Rotaryen&#39;ler, Lise&#39;si Mason Localar\u0131, \u00dcniversite&#39;si Bilderberg&#39;tir. <\/p>\n<p> Daha yukar\u0131larda ise sadece Siyonist Yahudilerin ve kabalist hahamlar meclisinin \u00e7ok gizli ve kirli \u00f6rg\u00fct ve organizesi vard\u0131r. <\/p>\n<p> T\u00fcrkiye&#39;de masonlu\u011fun ilk mektebi olan Lions&#39;lar, S\u00fcleyman Demirel&#39;in Ba\u015fbakanl\u0131\u011f\u0131 d\u00f6neminde ve Bakanlar kurulu karar\u0131yla 18 Temmuz 1967 tarih ve 12650 say\u0131l\u0131 Resmi Gazete 2. sayfas\u0131nda ve 6-8423 nolu ilan\u0131yla, resmen &quot;Kamu yarar\u0131na \u00e7al\u0131\u015fan ve her t\u00fcrl\u00fc vergi ve denetimden muaf tutulan, dernekler kapsam\u0131na al\u0131n\u0131yor!&#8230;&quot; <\/p>\n<p align=\"center\"> <strong>BLA\u0130R&#39;\u0130N \u0130T\u0130RAFI<\/strong> <\/p>\n<p> T\u00fcrkiye&#39;ye gelip, kapal\u0131 kap\u0131lar arkas\u0131nda, Recep T. Erdo\u011fan&#39;a &quot;Irak ve Afganistan batakl\u0131\u011f\u0131nda bo\u011fuluyoruz. Buralara T\u00fcrk askeri g\u00f6nderip bizim y\u00fck\u00fcm\u00fcz\u00fc hafifletmenizi bekliyoruz.&quot; Mesaj\u0131n\u0131 veren \u0130ngiltere ba\u015fbakan\u0131 Tony Blair, bir de Bat\u0131&#39;n\u0131n \u00e7ifte standard\u0131n\u0131 ve \u00e7irkin tavr\u0131n\u0131 ortaya koydu; <\/p>\n<p> &quot;Biz hem T\u00fcrk yarg\u0131s\u0131 ba\u011f\u0131ms\u0131z olsun ve bask\u0131 alt\u0131nda kalmas\u0131n diyoruz, bir yandan da h\u00fck\u00fcmete Leyla Zana&#39;y\u0131 sebest b\u0131rak\u0131n diyoruz!..&quot; <\/p>\n<p align=\"center\"> <strong>KALIBI M\u0130LL\u0130 G\u00d6R\u00dc\u015eTE- KAFASI K\u0130RL\u0130 G\u00d6R\u00dc\u015eTE!<\/strong> <\/p>\n<p> Hikmet sunay\u0131m derken, hamakatin sergiler <\/p>\n<p> Keramet arz ederken, kabahatin sergiler <\/p>\n<p> Dil kalbin terc\u00fcman\u0131, s\u00f6z \u00f6z\u00fcn aynas\u0131d\u0131r <\/p>\n<p> Hat\u0131ra anlat\u0131rken, hakikatin sergiler <\/p>\n<p> 22 May\u0131s 2004. Erbakan Hoca&#39;n\u0131n ASKON sohbeti \u00f6ncesi s\u00f6z alan eski milletvekili ve b\u00fcrokratlardan bir zat, \u015fu hat\u0131ras\u0131n\u0131 nakletti: <\/p>\n<p> Ba\u015fbakanl\u0131\u011f\u0131 d\u00f6neminde, yeni b\u00fct\u00e7e haz\u0131rl\u0131klar\u0131 s\u00fcrerken, Hoca Merkez Bankas\u0131 Ba\u015fkan\u0131 Gazi Er\u00e7el ve di\u011fer ekonomi b\u00fcrokratlar\u0131na: <\/p>\n<p> &quot;Haz\u0131rlanan b\u00fct\u00e7enin de\u011fi\u015ftirilip d\u00fczeltilmesini, \u0130\u015f\u00e7i, Memur, Esnaf ve K\u00f6yl\u00fcye ve yat\u0131r\u0131m hizmetlerine daha b\u00fcy\u00fck paylar\u0131n ayr\u0131lmas\u0131n\u0131&#8230; Vergi ve\u00a0 faiz oranlar\u0131n\u0131n azalt\u0131lmas\u0131n\u0131 emrediyor&#8230; <\/p>\n<p> Onlar da gayret g\u00f6stererek, ve tabii (bunlar\u0131 nakleden zat&#39;\u0131n hala anlamad\u0131\u011f\u0131) T\u00dcS\u0130AD&#39;c\u0131 patronlarla g\u00f6r\u00fc\u015ferek-defalarca haz\u0131rlad\u0131klar\u0131 b\u00fct\u00e7eyi Hoca bir t\u00fcrl\u00fc kabul etmeyip geri \u00e7eviriyor. <\/p>\n<p> En son, Hoca, onlarla birlikte, beni de \u00e7a\u011f\u0131rd\u0131&#8230; <\/p>\n<p> Hoca&#39;n\u0131n makam odas\u0131nda \u00f6n\u00fcnde beni g\u00f6r\u00fcnce, &quot;Aman a\u011fbi!.. Bizi bu Hoca&#39;n\u0131n elinden kurtar&#8230;&quot; diye yalvarmaya ba\u015flad\u0131lar&#8230; <\/p>\n<p> Ben de, Hoca&#39;n\u0131n yan\u0131na girip; &quot;Bu arkada\u015flar ellerinden gelen ve m\u00fcmk\u00fcn olan her \u015feyi yapm\u0131\u015flar&#8230; B\u00fct\u00e7e \u00fczerinde daha fazla de\u011fi\u015fiklik yap\u0131lamayaca\u011f\u0131n\u0131 s\u00f6yl\u00fcyorlar!&quot; deyince Hoca bana; <\/p>\n<p> &quot;Sen de onlar\u0131n kafas\u0131ndas\u0131n!&#8230; \u00d6nce \u015fu kafan\u0131 de\u011fi\u015ftir bakal\u0131m. E\u011fer kafan de\u011fi\u015firse, bu b\u00fct\u00e7enin de, halk\u0131m\u0131za hay\u0131rl\u0131 y\u00f6nde de\u011fi\u015febilece\u011fini kavrayacaks\u0131n!&#8230;&quot; dedi. <\/p>\n<p> \u015eimdi l\u00fctfen ba\u015fta ki \u015fiiri bir daha okuyun!&#8230; <\/p>\n<p> Ve zat&#39;\u0131 muhteremin o\u011flu bir Afrika \u00fclkesinde IMF temsilcisi!? <\/p>\n<p align=\"center\"> <strong>BOZUK KARNE!<\/strong> <\/p>\n<p> AKP&#39;nin ve emrine girdi\u011fi Siyonist s\u00f6m\u00fcr\u00fc sisteminin karnesi: <\/p>\n<p> Yery\u00fcz\u00fcndeki yakla\u015f\u0131k 6 milyar insan\u0131n 2,5 milyar\u0131 yani % 40 kadar\u0131; 31 trilyon dolarl\u0131k y\u0131ll\u0131k d\u00fcnya gelirinin sadece 1 trilyon dolar\u0131n\u0131 alabiliyor!.. <\/p>\n<p> 950 milyon olan geli\u015fmi\u015f \u00fclkelerdeki sadece % 5&#39;i olu\u015fturan y\u00fcksek gelirli bir kesim de, bu 30 trilyon dolar\u0131n % 45 ini yani 13 trilyon dolar\u0131n\u0131 al\u0131yor, geri kalan % 95 lik kesim ise geri kalan\u0131 payla\u015f\u0131yor&#8230; Hatta bu geli\u015fmi\u015f \u00fclkelerde bile, alt kesimle \u00fcst kesim aras\u0131ndaki gelir da\u011f\u0131l\u0131m\u0131 fark\u0131 400 kat\u0131na \u00e7\u0131k\u0131yor!.. <\/p>\n<p> Ve son 25 y\u0131ld\u0131r, yat\u0131r\u0131m ve \u00fcretim kapitalizmi, yani reel ekonomi, yerini giderek finans kapitalizmine yani faiz ve rantiye ekonomisine b\u0131rakm\u0131\u015f bulunuyor!.. <\/p>\n<p> T\u00fcrkiye&#39;nin durumuna gelince: <\/p>\n<p> 1983 y\u0131l\u0131nda 30 milyar dolar olan i\u00e7 ve d\u0131\u015f bor\u00e7 toplam\u0131 bug\u00fcn 320 milyar&#39;a ula\u015fm\u0131\u015ft\u0131r. <\/p>\n<p> AKP&#39;nin bu 18 ay da (1,5 y\u0131l) ald\u0131\u011f\u0131 yeni bor\u00e7 miktar\u0131; 80 milyar dolard\u0131r. <\/p>\n<p> Ge\u00e7mi\u015fte, kendisinden \u00f6nceki DYP-CHP-ANAP iktidar\u0131 17 milyar dolar olan faiz \u00f6deme oran\u0131, Refah-Yol d\u00f6neminde 15 milyar dolara \u00e7ekilmi\u015f ve Erbakan h\u00fck\u00fcmetinin de kalk\u0131nma h\u0131z\u0131 % 9&#39;a yakla\u015fm\u0131\u015ft\u0131r. <\/p>\n<p> Ama 28 \u015eubat&#39;\u0131n ard\u0131ndan ANAP h\u00fck\u00fcmetinde faiz \u00f6demesi birden 112 milyar dolara f\u0131rlam\u0131\u015f, AKP&#39;nin ilk bir y\u0131l\u0131nda ise, 60 milyar dolar oldu\u011fu a\u00e7\u0131klanm\u0131\u015ft\u0131r. <\/p>\n<p> Bunu bir g\u00fcnl\u00fck kar\u015f\u0131l\u0131\u011f\u0131 120 milyar dolard\u0131r. <\/p>\n<p> Elaz\u0131\u011f Ferro-Krom fabrikas\u0131n\u0131n, 2004 y\u0131l\u0131nda 58 milyon dolara dikkate al\u0131n\u0131rsa, T\u00fcrkiye, IMF hortumuyla Siyonistlerin kasas\u0131na her g\u00fcn 2 fabrika faiz \u00f6dedi\u011fi anla\u015f\u0131lmaktad\u0131r. <\/p>\n<p> 30 Bin talebesi ve 7 bin \u00f6\u011fretim \u00fcyesi bulunan ODT\u00dc \u00dcniversitesi&#39;nin bir y\u0131ll\u0131k b\u00fct\u00e7esi ise 80 milyon dolard\u0131r. <\/p>\n<p> AKP iktidar\u0131 2004 b\u00fct\u00e7esini 150 katrilyon olarak ba\u011flam\u0131\u015ft\u0131r. Bunun 50 katrilyonu zaten a\u00e7\u0131kt\u0131r&#8230; Geri kalan 100 katrilyonun 65 katrilyonu faize yat\u0131r\u0131lm\u0131\u015ft\u0131r. Son d\u00f6rt ayda, 20 katrilyon, O da i\u015f\u00e7i, memur ve dar gelirli esnaftan vergi toplanm\u0131\u015f, ama hepsi yani 20 katrilyon&#39;un tamam\u0131 faize aktar\u0131lm\u0131\u015ft\u0131r. <\/p>\n<p> Refah-Yol d\u00f6neminde, i\u015f\u00e7i, memur ve esnaf&#39;a ve yat\u0131r\u0131ma b\u00fct\u00e7enin % 60&#39;\u0131 ayr\u0131l\u0131rken, \u015fimdi AKP h\u00fck\u00fcmetinde bu oran sadece % 14 kadard\u0131r. <\/p>\n<p> T\u00fcrkiye, bu \u00a0taklit\u00e7i ve i\u015fbirlik\u00e7i zihniyetler elinde, h\u0131zla iflasa ve u\u00e7uruma yuvarlanmaktad\u0131r. <\/p>\n<p> Tayland gibi baz\u0131 \u00fclkeler bu u\u00e7urumdan, ancak u\u00e7kurunu \u00e7\u00f6zerek&#8230; Yani \u00fclkesini ucuz fuhu\u015f pazar\u0131na \u00e7evirerek kurtulmaya \u00e7al\u0131\u015fm\u0131\u015flard\u0131r. <\/p>\n<p> Peygamber efendimizin &quot;Ahir zamanda, \u00fcmmetim i\u00e7in en \u00e7ok korktu\u011fum, fakirli\u011fin kafirli\u011fe d\u00f6n\u00fc\u015fmesidir.&quot; Mealindeki hadisinin tecelli ve tezah\u00fcrleri ya\u015famaktad\u0131r. <\/p>\n<p> Evet, art\u0131k ak\u0131lc\u0131, kal\u0131c\u0131 ve k\u00f6kl\u00fc bir devrim ve de\u011fi\u015fim ka\u00e7\u0131n\u0131lmazd\u0131r. <\/p>\n<p> Yar\u0131n, belki \u00e7ok ge\u00e7 olacakt\u0131r!.. <\/p>\n<p align=\"center\"> <strong>TABANI BIRAK-TAVANA BAK<\/strong> <\/p>\n<p align=\"center\"> <strong>G\u00fcneri Civao\u011flu Diyor ki:<\/strong> <\/p>\n<p> &quot;\u00c7\u00f6z\u00fcm, AKP&#39;nin s\u00f6z\u00fcn\u00fc tutmas\u0131d\u0131r. <\/p>\n<p> Se\u00e7im meydanlar\u0131ndaki &quot;kampanya vaatleri&quot;nden de\u011fil, &quot;se\u00e7im sonras\u0131 h\u00fck\u00fcmet kurulu\u015funun ilk g\u00fcnlerinde verilen ak\u0131lc\u0131 bir vaat&quot;ten s\u00f6z ediyorum. <\/p>\n<p> Yani&#8230; <\/p>\n<p> &quot;Meclis&#39;teki \u00e7o\u011funlu\u011fumuzla dayatmac\u0131 olmayaca\u011f\u0131z. Diyalogla, uzla\u015fmayla \u00e7\u00f6z\u00fcmlere gidece\u011fiz&quot; s\u00f6z\u00fc tutulmal\u0131d\u0131r. <\/p>\n<p> Y\u00d6K Ba\u015fkan\u0131 Prof. Tezi\u00e7&#39;in \u00e7a\u011fr\u0131s\u0131n\u0131 yapt\u0131\u011f\u0131 &quot;\u00e7o\u011fulcu demokrasinin&quot; gere\u011fi budur. <\/p>\n<p> Yoksa&#8230; <\/p>\n<p> AKP i\u00e7indeki radikalleri tatmin etmenin limiti yoktur. <\/p>\n<p> Daha \u00f6nce Refah Partisi&#39;ne hangi &quot;HAYRI (!?)&quot; yapt\u0131larsa, gene becerecekleri odur. <\/p>\n<p> Onlar\u0131n &quot;bumerang\u0131,&quot; Y\u00d6K i\u00e7in ger\u00e7ekten gerekli de\u011fi\u015fimin de \u00f6n\u00fcn\u00fc t\u0131kamas\u0131n.&quot; <\/p>\n<p> Yani AKP oy veren M\u00fcsl\u00fcman taban\u0131n\u0131 b\u0131raks\u0131n, kendisini iktidar yapan &quot;mason tavan\u0131n&quot; talimat\u0131na baks\u0131n.  <\/p>\n<p align=\"center\"> <strong>NATO&#39;ya T\u00fcrk teknolojisi<\/strong> <\/p>\n<p> \u0130leri teknoloji \u00fcreten \u00fclkeler aras\u0131nda art\u0131k T\u00fcrkiye de var. T\u00dcB\u0130TAK, NATO&#39;nun &quot;\u00e7ok gizli&quot; haberle\u015fmesinde g\u00fcvenle kullanabilece\u011fi kripto cihaz\u0131n\u0131 \u00fcreterek, a\u00e7\u0131lan uluslararas\u0131 ihalede d\u00fcnyan\u0131n \u00f6nde gelen 2 \u00fclkesiyle k\u0131yas\u0131ya yar\u0131\u015f veriyor. NATO karargahlar\u0131ndaki testlerden ba\u015far\u0131yla ge\u00e7en T\u00dcB\u0130TAK&#39;\u0131n cihaz\u0131 ihaleyi kazan\u0131rsa, art\u0131k NATO \u00fclkeleri ISDN Kripto BRI cihaz\u0131yla haberle\u015fecek. T\u00dcB\u0130TAK&#39;\u0131n bilgi g\u00fcvenli\u011fi i\u00e7in ileri elektronik teknoloji geli\u015ftirdi\u011fi Ulusal Elektronik ve Kriptoloji Ara\u015ft\u0131rma Enstit\u00fcs\u00fc (UEKAE), modern laboratuarlar\u0131n\u0131 ilk kez Anadolu Ajans\u0131&#39;na a\u00e7arak, tan\u0131tt\u0131. <\/p>\n<p> UEKAE M\u00fcd\u00fcr\u00fc \u00d6nder Yeti\u015f, T\u00fcrkiye&#39;yi, yakla\u015f\u0131k 50 y\u0131ld\u0131r kriptoloji teknolojisi \u00fczerinde \u00e7al\u0131\u015fan ve bu alanda s\u00f6z sahibi \u00fclkelerle yar\u0131\u015fabilir konuma getiren \u00e7al\u0131\u015fmalar\u0131 hakk\u0131nda bilgi verdi. <\/p>\n<p> <strong>&quot;\u0130leri Ad\u0131mlar Att\u0131k&quot;<\/strong> <\/p>\n<p> Yeti\u015f, bug\u00fcn\u00fcn en \u00f6nde gelen teknolojileri aras\u0131nda say\u0131lan kriptoloji konusundaki \u00e7al\u0131\u015fmalara 1993 y\u0131l\u0131nda ba\u015flad\u0131klar\u0131n\u0131 ve Genelkurmay Ba\u015fkanl\u0131\u011f\u0131 i\u00e7in y\u00fcr\u00fctt\u00fckleri bir projenin ard\u0131ndan ileri ad\u0131mlar att\u0131klar\u0131n\u0131 belirtti. Enstit\u00fcde geli\u015ftirdikleri sistemlerin b\u00fcy\u00fck k\u0131sm\u0131n\u0131n bilgi g\u00fcvenli\u011fi ile ilgili oldu\u011funu vurgulayan Yeti\u015f, T\u00fcrk Silahl\u0131 Kuvvetleri ve ihtiyac\u0131 olan \u00f6zel kurumlar i\u00e7in bilgi g\u00fcvenli\u011fi cihazlar\u0131 geli\u015ftirdiklerini kaydetti. Enstit\u00fcde art\u0131k \u00e7ok ciddi bir teknolojik birikim olu\u015ftu\u011funu ifade eden Yeti\u015f, &quot;B\u00fct\u00fcn teknolojiyi kendimiz geli\u015ftirip \u00fcretim safhas\u0131na kadar getiriyoruz. Teknolojik bilgi birikimiz \u015fu anda \u00e7ok \u00fcst seviyede. Kesinlikle d\u00fcnyan\u0131n 10 \u00fclkesi i\u00e7indeyiz ve kriptoloji konusunda d\u00fcnyan\u0131n ilk 10 \u00fclkesinden birisiyiz&quot; dedi. Yeti\u015f, bilgi g\u00fcvenli\u011fi ile ilgili \u00fcrettikleri 2 algoritman\u0131n (kripto) &quot;NATO algoritmas\u0131&quot; olarak kabul edildi\u011fini, NATO Askeri Komitesi taraf\u0131ndan onaylanarak t\u00fcm NATO&#39;da kullan\u0131ld\u0131\u011f\u0131n\u0131 bildirdi. Bunun d\u0131\u015f\u0131nda, NATO Askeri Komitesi&#39;nin, T\u00dcB\u0130TAK&#39;\u0131n geli\u015ftirdi\u011fi 3 kriptoloji cihaz\u0131n\u0131 da &quot;NATO cihaz\u0131&quot; olarak kabul etti\u011fini belirten Yeti\u015f, &quot;Bunun anlam\u0131 \u015fudur: NATO, gizli bilgileri dahil, bilgi g\u00fcvenli\u011fini bu cihazlara emanet ediyor. Bu da bizim teknolojik olarak geldi\u011fimiz noktay\u0131 g\u00f6steriyor&quot; diye konu\u015ftu. <\/p>\n<p> Yeti\u015f, NATO&#39;nun geni\u015f bant haberle\u015fme sistemlerinde kullan\u0131lmak \u00fczere kripto cihaz\u0131 geli\u015ftirilmesi i\u00e7in bir yar\u0131\u015fma a\u00e7t\u0131\u011f\u0131n\u0131, yar\u0131\u015fmaya kat\u0131larak istenilen niteliklere uygun cihaz\u0131 geli\u015ftirdiklerini belirtti. Cihaz\u0131n bir noktadan ba\u015fka bir noktaya T\u00fcmle\u015fik Hizmetler Say\u0131sal \u015eebekesi&#39;nde (ISDN) ses ve data iletiminde kriptolama i\u015flevini yerine getirdi\u011fini anlatan Yeti\u015f, \u015f\u00f6yle devam etti: <\/p>\n<p> <strong>Testlerden \u00dc\u00e7 \u00dclke Ge\u00e7ti<\/strong> <\/p>\n<p> &quot;Cihazlar\u0131n Bel\u00e7ika&#39;da NATO Karargah\u0131&#39;nda i\u015flevsel testleri yap\u0131ld\u0131. Testleri 3 \u00fclke ge\u00e7ti. Bizimle birlikte testleri ge\u00e7enler aras\u0131nda, y\u0131llard\u0131r bu alanda \u00e7al\u0131\u015fan ileti\u015fim devleri \u0130ngilizler&#39;in Marconi ve Almanlar&#39;\u0131n Rohde-Schwarz firmalar\u0131 bulunuyor. Cihazlar ABD Pentagon&#39;da bulunan SECAN denilen grubun g\u00fcvenlik testlerinden de ba\u015far\u0131yla ge\u00e7tiler. Testlerin ard\u0131ndan NATO, bu cihazlar i\u00e7in ihale a\u00e7t\u0131 ve ihaleye cihazlar\u0131 \u00fcreten 3 \u00fclkeyi davet etti. Bu ihaleye biz de teklifimizi verdik. Sonu\u00e7lanma a\u015famas\u0131na gelen bu ihaleyi b\u00fcy\u00fck bir ihtimalle kazanaca\u011f\u0131z. Beklentimiz bu y\u00f6ndedir. E\u011fer ihaleyi kazan\u0131rsak NATO \u00fclkeleri aras\u0131ndaki haberle\u015fme, geli\u015ftirdi\u011fimiz ISDN Kripto BRI ad\u0131n\u0131 ta\u015f\u0131yan kripto cihazlar\u0131yla ger\u00e7ekle\u015ftirilecek. Ayr\u0131ca bu kadar \u00fcst seviyede teknoloji i\u00e7eren bir T\u00fcrk cihaz\u0131 ilk kez Avrupa&#39;ya ihra\u00e7 edilecek.&quot; <\/p>\n<p> <strong>Nato&#39;nun Teknoloji G\u00fcc\u00fc: T\u00fcrkiye<\/strong> <\/p>\n<p> &#8211; \u0130haleyi T\u00dcB\u0130TAK&#39;\u0131n kazanmas\u0131 halinde cihaz\u0131 sat\u0131\u015f\u0131na ba\u015flanaca\u011f\u0131n\u0131 ve cihazlar\u0131n en az 12 y\u0131l boyunca NATO&#39;nun haberle\u015fmesinde kullan\u0131laca\u011f\u0131n\u0131, bak\u0131m ve geli\u015ftirme i\u015flemlerinin de T\u00dcB\u0130TAK taraf\u0131ndan yap\u0131laca\u011f\u0131n\u0131 vurgulayan Yeti\u015f, &quot;Algoritmas\u0131, cihaz\u0131n tasar\u0131m\u0131 ve \u00fcretimi tamamen T\u00fcrk teknolojisidir&quot; dedi. Yeti\u015f, 2. D\u00fcnya Sava\u015f\u0131&#39;ndan bu yana kripto cihaz\u0131 \u00fcreten \u00fclkelerle T\u00fcrkiye&#39;nin k\u0131yas\u0131ya yar\u0131\u015fmas\u0131n\u0131n, T\u00fcrkiye&#39;nin bu alandaki teknolojide geldi\u011fi noktay\u0131 a\u00e7\u0131k \u015fekilde g\u00f6sterdi\u011fini, T\u00fcrk m\u00fchendislerinin geli\u015ftirdi\u011fi teknolojiye art\u0131k herkesin g\u00fcvendi\u011fini kaydetti. T\u00dcB\u0130TAK UEKAE M\u00fcd\u00fcr\u00fc Yeti\u015f, NATO&#39;ya test i\u00e7in 3 cihaz daha g\u00f6nderdiklerini, bu cihazlar\u0131n da onay almas\u0131 halinde T\u00fcrkiye&#39;nin NATO&#39;da kullan\u0131lan 6 kripto cihaz\u0131 ve 2 algoritmas\u0131 olmak \u00fczere 8 \u00fcr\u00fcn\u00fcn bulunaca\u011f\u0131n\u0131 belirtti. \u00d6nder Yeti\u015f, &quot;T\u00fcrkiye bu \u00fcr\u00fcnleriyle NATO i\u00e7inde ciddi bir teknolojik g\u00fc\u00e7 olacak&quot; diye konu\u015ftu.  <\/p>\n<p align=\"center\"> <strong>D\u0130YALOG DALAVERES\u0130<\/strong> <\/p>\n<p> Her ge\u00e7en g\u00fcn t\u0131rmanan vah\u015fet ve din ad\u0131na i\u015flenen cinayetler aral\u0131ks\u0131z s\u00fcrerken, vah\u015feti durdurmak i\u00e7in giri\u015fimde bulunmas\u0131 gerekenler, diyalog ad\u0131 alt\u0131nda toplant\u0131lar yapmaya devam ediyor. Irak&#39;ta ve Filistin&#39;de onlarca insan \u00f6ld\u00fcr\u00fclmeye, tecav\u00fcz edilmeye devam edilirken, bu katliamdan bahsetmeyen kimselerin, neyin diyalo\u011fundan bahsettikleri ise anla\u015f\u0131lam\u0131yor. <\/p>\n<p> \u0130lki Mardin&#39;de ger\u00e7ekle\u015ftirilen &quot;UNESCO Uygarl\u0131klar Aras\u0131 Diyalog Platformu Toplant\u0131s\u0131&quot;, bu defa Milli E\u011fitim Bakan\u0131 H\u00fcseyin \u00c7elik ile \u0130stanbul B\u00fcy\u00fck\u015fehir Belediye Ba\u015fkan\u0131 Kadir Topba\u015f ve Diyanet \u0130\u015fleri Ba\u015fkan\u0131 Ali Bardako\u011flu&#39;nun kat\u0131l\u0131m\u0131yla Cemal Re\u015fit Rey Konser Salonu&#39;nda ger\u00e7ekle\u015ftirildi.  <\/p>\n<p> UNESCO T\u00fcrkiye Milli Komisyonu Uygarl\u0131klar aras\u0131 Diyalog \u0130htisas Komitesi&#39;nce Cemal Re\u015fit Rey Konser Salonu&#39;nda d\u00fczenlenen &#8216;&#39;Alt\u0131n K\u00f6pr\u00fc&#39;de Birlikte Ya\u015fama&#39;&#39; konulu panelin a\u00e7\u0131l\u0131\u015f\u0131na Milli E\u011fitim Bakan\u0131 H\u00fcseyin \u00c7elik&#39;le beraber, UNESCO Uygarl\u0131klar Aras\u0131 \u0130htisas Komisyonu Ba\u015fkan\u0131 Kezban Hatemi ile UNESCO Milli Komite \u00dcyesi \u0130lber Ortayl\u0131&#39;n\u0131n ev sahipli\u011fi yapt\u0131\u011f\u0131 toplant\u0131da; Rum Ortadoks Patri\u011fi Bartholomeos, Musevi Hahamba\u015f\u0131s\u0131 \u0130shak Haleva, Vatikan T\u00fcrkiye B\u00fcy\u00fckel\u00e7ili\u011fi \u0130stanbul Temsilcisi George Marovich, S\u00fcryani Kadim Cemaati Metropoliti Yusuf \u00c7etin, \u0130stanbul Valisi Muammer G\u00fcler, Mardin Valisi Temel Ko\u00e7ako\u011flu, Milletvekilleri, \u0130stanbul \u0130l Milli E\u011fitim M\u00fcd\u00fcr\u00fc \u00d6mer Bal\u0131bey, Sanat\u00e7\u0131 Mahsun K\u0131rm\u0131z\u0131g\u00fcl ile di\u011fer dini cemaatlerin, vak\u0131flar\u0131n ve sivil toplum kurulu\u015flar\u0131n\u0131n temsilcileri yer ald\u0131.  <\/p>\n<p align=\"center\"> <strong>M\u00dcSL\u00dcMAN&#39;A ZAHMET, GAYR\u0130M\u00dcSL\u0130MLERE H\u0130ZMET<\/strong> <\/p>\n<p align=\"center\"> <strong>\u0130\u015eTE=AKP<\/strong> <\/p>\n<p> Gazetecilerin sorular\u0131n\u0131 da cevaplayan G\u00fcl, gayrim\u00fcslimlerle ilgili ne t\u00fcr kararlar\u0131n al\u0131nd\u0131\u011f\u0131n\u0131n sorulmas\u0131 \u00fczerine, Antalya ve Alanya gibi yerlerde \u00e7ok say\u0131da gayrim\u00fcslim bulundu\u011funu, bunlar\u0131n bir k\u0131sm\u0131n\u0131n buralara turist olarak geldiklerini belirterek, bunlar\u0131n ibadet ihtiya\u00e7lar\u0131n\u0131n kar\u015f\u0131lanmas\u0131 i\u00e7in yap\u0131lan \u00e7al\u0131\u015fmalar\u0131n h\u0131zland\u0131r\u0131lmas\u0131 konusunu g\u00f6r\u00fc\u015ft\u00fcklerini s\u00f6yledi. <\/p>\n<p> Gayrim\u00fcslimler i\u00e7in ibadethaneler a\u00e7\u0131laca\u011f\u0131n\u0131 bildiren G\u00fcl, bu ibadethanelerin devlet taraf\u0131ndan yap\u0131lmayaca\u011f\u0131n\u0131, yap\u0131m\u0131 konusunda yasal ve idari kolayl\u0131klar sa\u011flanaca\u011f\u0131n\u0131 kaydetti. <\/p>\n<p> Abdullah G\u00fcl, ana dilde yay\u0131nla ilgili TRT Kanunu&#39;nda bir de\u011fi\u015fiklik yap\u0131l\u0131p yap\u0131lmayaca\u011f\u0131na ili\u015fkin soruyu cevaplarken de bug\u00fcn veya yar\u0131n TRT Y\u00f6netim Kurulu&#39;nun toplanaca\u011f\u0131n\u0131 ve bu konuda bir \u00e7\u00f6z\u00fcm bulunaca\u011f\u0131na inand\u0131klar\u0131n\u0131 kaydetti. G\u00fcl, &#8216;&#39;\u00c7\u00fcnk\u00fc bu konuyla ilgili kanunlar \u00e7\u0131kt\u0131. Yeni bir kanuna ihtiya\u00e7 olmad\u0131\u011f\u0131 kanaatindeyiz. TRT Y\u00f6netim Kurulu bu konuyu oturup tart\u0131\u015fs\u0131n, biz de bu konuyu tart\u0131\u015faca\u011f\u0131z&#39;&#39; dedi. <\/p>\n<p> G\u00fcl, bug\u00fcnk\u00fc toplant\u0131da Heybeliada Ruhban Okulu&#39;nun a\u00e7\u0131lmas\u0131 konusunun ele al\u0131nmad\u0131\u011f\u0131n\u0131, bununla ilgili ayr\u0131 bir \u00e7al\u0131\u015fma yap\u0131ld\u0131\u011f\u0131n\u0131 bildirdi. <\/p>\n<p> G\u00fcl, Guantanamo&#39;daki kampta 4-8 aras\u0131nda T\u00fcrk tutuklunun bulundu\u011fu ve bunlar\u0131n durumunun ne oldu\u011funun sorulmas\u0131 \u00fczerine, &#8216;&#39;\u0130sterseniz, \u015fu mevzuyu g\u00f6lgelemeyelim. Onu ben sizinle ayr\u0131 konu\u015fay\u0131m ve bilgi vereyim&#39;&#39; cevab\u0131n\u0131 verdi.  <\/p>\n<p align=\"center\"> <strong>VAH\u015eET SINIR TANIMIYOR<\/strong> <\/p>\n<p> \u00a0Filistin-T\u00fcrkiye Dostluk Grubu Ba\u015fkan\u0131 H\u00fcseyin Tanr\u0131verdi, Filistin&#39;de ziyaret ettikleri m\u00fclteci kamplar\u0131 ve hastahanelerin tam bir dram ya\u015fad\u0131\u011f\u0131n\u0131 s\u00f6yledi. Tanr\u0131verdi, ziyaret ettikleri \u015eifa Hastahanesi&#39;nde sakat kalm\u0131\u015f, kollar\u0131 bacaklar\u0131 k\u0131r\u0131lm\u0131\u015f, kafalar\u0131ndan kur\u015funlanm\u0131\u015f \u00e7ocuklar\u0131 g\u00f6rd\u00fcklerini belirtti. <\/p>\n<p> <strong>\u0130ktidar harekete ge\u00e7meli<\/strong> <\/p>\n<p> H\u00fcseyin Tanr\u0131verdi, &quot;Medyam\u0131za da yans\u0131yan 3 ya\u015f\u0131ndaki \u00e7ocu\u011fun \u00f6l\u00fcm haberini Filistin&#39;deyken ald\u0131k. \u0130srail tanklar\u0131n\u0131n y\u0131kt\u0131\u011f\u0131 binada o \u00e7ocu\u011fun oldu\u011fu g\u00f6r\u00fcld\u00fc\u011f\u00fc halde bile bile ac\u0131mas\u0131zca kur\u015funlanm\u0131\u015f ve \u00fc\u00e7 ya\u015f\u0131ndaki o \u00e7ocuk \u015fehit edilmi\u015f&quot; diye konu\u015ftu. Tanr\u0131verdi, h\u00fck\u00fcmetin derhal harekete ge\u00e7mesi gerekti\u011fini s\u00f6yledi.  <\/p>\n<p> Hat\u0131rlatma: Sn. Milletvekilleri ke\u015fke birazda AKP&#39;li olduklar\u0131na utansalar! <\/p>\n<p align=\"center\"> <strong>ABD&#39;nin \u00fcs talepleri do\u011fruland\u0131&#8230;<\/strong> <\/p>\n<p> ABD, B\u00fcy\u00fck Ortado\u011fu Projesi&#39;ni hayata ge\u00e7irmek i\u00e7in b\u00fct\u00fcn \u00f6n haz\u0131rl\u0131klar\u0131n\u0131 ba\u015flatt\u0131. Bu ama\u00e7la T\u00fcrkiye&#39;den \u00fcs isteyen ABD&#39;nin, bu talebi i\u00e7in T\u00fcrk yetkililer ile g\u00f6r\u00fc\u015fme yapt\u0131\u011f\u0131 do\u011fruland\u0131. <\/p>\n<p> D\u0131\u015fi\u015fleri Bakanl\u0131\u011f\u0131 bu taleplerle ilgili son g\u00fcnlerde \u00e7\u0131kan haberler \u00fczerine de\u011fi\u015fik zamanlarla \u00e7eli\u015fkili a\u00e7\u0131klamalar yapt\u0131. Bakanl\u0131k S\u00f6zc\u00fcs\u00fc Nam\u0131k Tan, &quot;Bahse konu olan taslak ile ilgili g\u00f6r\u00fc\u015fmeler Genelkurmay Ba\u015fkanl\u0131\u011f\u0131 ile ABD Savunma ve \u0130\u015fbirli\u011fi Ofisi aras\u0131nda yap\u0131lm\u0131\u015ft\u0131r&quot; diyerek, bir \u00f6nceki a\u00e7\u0131klamas\u0131na ters d\u00fc\u015ft\u00fc.  <\/p>\n<p> Bir s\u00fcre \u00f6nce bas\u0131nda yer alan ABD&#39;nin T\u00fcrkiye&#39;den \u00fcs talebi ve mevcut askeri g\u00fcc\u00fcn\u00fc kuvvetlendirme talebi do\u011fruland\u0131. D\u0131\u015fi\u015fleri Bakanl\u0131\u011f\u0131 S\u00f6zc\u00fcs\u00fc Nam\u0131k Tan bir soru \u00fczerine yapt\u0131\u011f\u0131 yaz\u0131l\u0131 a\u00e7\u0131klamada, &quot;Bilindi\u011fi \u00fczere, T\u00fcrkiye ile ABD aras\u0131ndaki ikili askeri faaliyetler 1980 tarihli Savunma ve Ekonomik \u0130\u015fbirli\u011fi Anla\u015fmas\u0131 \u00e7er\u00e7evesinde y\u00fcr\u00fct\u00fclmektedir. Bas\u0131nda bahse konu olan taslak ile ilgili g\u00f6r\u00fc\u015fmeler Genelkurmay Ba\u015fkanl\u0131\u011f\u0131 ile ABD Savunma ve \u0130\u015fbirli\u011fi Ofisi aras\u0131nda yap\u0131lm\u0131\u015ft\u0131r&quot; dedi.  <\/p>\n<p> ABD \u0130ncirlik \u00dcss\u00fc&#39;ndeki g\u00fcc\u00fcn\u00fc artt\u0131rmak, Trabzon&#39;da iki liman ve Samsun&#39;da bir limanda \u00fcs kurmak istiyor. Ayr\u0131ca ABD, tatbikat ad\u0131 alt\u0131nda Konya-Karap\u0131nar b\u00f6lgesini de kullanmak istiyor. Talep ile ilgili olarak \u015fimdilik T\u00fcrkiye olumlu cevap vermedi. Ancak ABD, \u0130stanbul&#39;da Haziran sonunda yap\u0131lacak NATO Zirvesi \u00f6ncesinde ilettikleri bu talebe bir an \u00f6nce resmi olarak cevap bekliyor.  <\/p>\n<p align=\"center\"> &#160; <\/p>\n<p align=\"center\"> <strong>ABD BARBARI BATA\u011eA SAPLANDI<\/strong> <\/p>\n<p> ABD eski Ba\u015fkan Yard\u0131mc\u0131s\u0131 Al Gore, Ba\u015fkan George W. Bush y\u00f6netiminin Irak politikas\u0131n\u0131n &quot;ABD&#39;yi bu \u00fclkede felaketle kar\u015f\u0131 kar\u015f\u0131ya getirdi\u011fini&#39;&#39; s\u00f6yledi ve \u00f6nde gelen bir\u00e7ok yetkiliyi istifaya \u00e7a\u011f\u0131rd\u0131.  <\/p>\n<p> Gore, New York \u00dcniversitesi&#39;nde yapt\u0131\u011f\u0131 konu\u015fmada, Irak&#39;taki durumun kontrol d\u0131\u015f\u0131na \u00e7\u0131kt\u0131\u011f\u0131n\u0131 vurgulad\u0131.  <\/p>\n<p> Gore, &#8216;&#39;Bush ve Dick Cheney&#39;in (Ba\u015fkan Yard\u0131mc\u0131s\u0131) alt\u0131ndakilerin acilen istifaya davet edilmeleri konusunda hem Demokratlar\u0131, hem de Cumhuriyet\u00e7ileri bana kat\u0131lmaya \u00e7a\u011f\u0131r\u0131yorum. Bu ki\u015filer, Irak&#39;ta kar\u015f\u0131 kar\u015f\u0131ya bulundu\u011fumuz felaketin sorumlular\u0131d\u0131r&#39;&#39; dedi.  <\/p>\n<p> &#8216;&#39;Donald Rumsfeld acilen istifa etmelidir! Rumsfeld&#39;in savunma bakan\u0131 olarak kald\u0131\u011f\u0131 her g\u00fcn, \u00fclkemiz i\u00e7in bir risktir&#39;&#39; diyen Gore, &#8216;&#39;ABD&#39;nin, daha do\u011fru kararlar verebilen ve sa\u011fduyuya sahip bir savunma bakan\u0131na ihtiyac\u0131n\u0131n oldu\u011funu&#39;&#39; kaydetti.  <\/p>\n<p> Ba\u015fkan&#39;\u0131n ulusal g\u00fcvenlik dan\u0131\u015fman\u0131 Condoleezza Rice&#39;\u0131 da istifaya davet eden Gore, &#8216;&#39;Rice acilen istifa etmelidir. Rice, ulusal g\u00fcvenlik politikas\u0131n\u0131n koordinasyonunu olduk\u00e7a k\u00f6t\u00fc y\u00fcr\u00fctt\u00fc. Bu durum, \u00fclkemiz i\u00e7in bir felakettir&#39;&#39; dedi. <\/p>\n<p> Gore, CIA ba\u015fkan\u0131 George Tenet&#39;i de istifaya \u00e7a\u011f\u0131rd\u0131. Gore, arkada\u015f\u0131 olan CIA ba\u015fkan\u0131n\u0131n onurlu bir ki\u015fi oldu\u011funu belirterek, &#8216;&#39;Irak&#39;a y\u00f6nelik istihbarat yanl\u0131\u015flar\u0131ndan \u00f6t\u00fcr\u00fc, o da istifa etmeli&#39;&#39;dedi. <\/p>\n<p> Al Gore, yapt\u0131\u011f\u0131 konu\u015fmada, ABD&#39;yi Irak&#39;ta daha da k\u00f6t\u00fc g\u00fcnlerin bekledi\u011fini s\u00f6yledi. Gore, &#8216;&#39;Irak&#39;taki kriz, ayn\u0131 zamanda yo\u011fun anti-Amerikan duygular\u0131n ortaya \u00e7\u0131kmas\u0131n\u0131 da sa\u011flad\u0131&#39;&#39; dedi.  <\/p>\n<p> <strong>&quot;\u0130\u015fkenceler bir ka\u00e7 ki\u015finin i\u015fi de\u011fil&quot;<\/strong> <\/p>\n<p> Ebu Garip hapishanesindeki i\u015fkence olaylar\u0131na da de\u011finen Gore, &#8216;&#39;bu hapishanedeki skandal, birka\u00e7 askerin, birka\u00e7 \u00e7\u00fcr\u00fck elman\u0131n i\u015fi de\u011fil, Bush y\u00f6netiminin Irak politikas\u0131n\u0131n do\u011fal bir sonucudur&#39;&#39; dedi. <\/p>\n<p> Gore, Bush&#39;un politikalar\u0131n\u0131n, Amerikan yurtta\u015flar\u0131n\u0131n yurt d\u0131\u015f\u0131nda her kentte ve her kasabada art\u0131k kendilerini b\u00fcy\u00fck bir tehlike alt\u0131nda hissetmelerine yol a\u00e7t\u0131\u011f\u0131n\u0131 da kaydetti.  <\/p>\n<p align=\"center\"> <strong>YAZIKLAR OLSUN!<\/strong> <\/p>\n<p> TBMM, Irak ve Filistin&#39;de olanlar\u0131 &#8216;k\u0131namay\u0131&#39; reddetti. TBMM demek, AKP demek. AKP&#39;lilerin oylar\u0131 ile genel g\u00f6r\u00fc\u015fme a\u00e7\u0131lmas\u0131 ve i\u015fkence ile sava\u015f su\u00e7lar\u0131n\u0131n k\u0131nanmas\u0131 kabul edilmedi. B\u00f6ylece &#8216;\u0130\u015fkence ve sava\u015f su\u00e7lar\u0131n\u0131 k\u0131namay\u0131 reddeden&#39; yery\u00fcz\u00fcndeki tek \u00fclke olduk!  <\/p>\n<p> H\u0131ristiyanlar bile ayakta, \u0130srail&#39;de Yahudiler bile sokaklara \u00e7\u0131kt\u0131lar. Ama &#8216;M\u00fcsl\u00fcman demokrat&#39; AKP&#39;liler &#8216;k\u0131namaktan&#39; bile korktular. &#8216;Laik dinsiz&#39; sayd\u0131klar\u0131 ayd\u0131nlar k\u0131nama \u00f6neriyorlar&#8230;\u00a0 &#8216;Din d\u00fc\u015fman\u0131&#39; oldu\u011fu i\u00e7in her g\u00fcn k\u00fcf\u00fcr ya\u011fmuruna tutulanlar &#8216;K\u0131namak dahi yetmez, strateji ortakl\u0131\u011f\u0131n\u0131 durdurun&#39; diyorlar.  <\/p>\n<p> Ama &#8216;M\u00fcsl\u00fcman demokrat&#39; Tayip yana\u015fm\u0131yor. Masonik Medya ise; bu anla\u015f\u0131lmaz ba\u011f\u0131ml\u0131l\u0131\u011f\u0131 gizlemek i\u00e7in, Ba\u015fbakan&#39;\u0131n Ankara&#39;da a\u011f\u0131rlad\u0131\u011f\u0131 \u0130srailli bir &#8216;s\u0131radan&#39; bakana k\u0131zd\u0131\u011f\u0131n\u0131 \u00f6ne \u00e7\u0131kar\u0131yor!  <\/p>\n<p> &#8216;Erdo\u011fan k\u0131zd\u0131&#8230;&#39;, &#8216;Ba\u015fbakan&#39;dan \u0130srail&#39;e f\u0131r\u00e7a&#8230;&#39;, &#8216;Tayyip Erdo\u011fan&#39;dan m\u00fcthi\u015f uyar\u0131&#8230;&#39; Ge\u00e7iniz&#8230; AKP milletvekillerinin, Ba\u015fbakan&#39;\u0131n &#8216;Duygusal davranmay\u0131n&#39; emri ile k\u0131namay\u0131 reddettiklerini bilmeyen mi var?  <\/p>\n<p> <strong>Ben biliyorum; zul\u00fcm g\u00f6renler &#8216;din karde\u015fi&#39; ama, zul\u00fcm yapanlar ile &#8216;strateji ortakl\u0131\u011f\u0131&#39; a\u011f\u0131r bast\u0131.<\/strong> Gazeteler yeni bor\u00e7 kredilerinden s\u00f6z ediyorlar. Recep Teyyib&#39;in &#8216;Mi\u011ffer yapmay\u0131 d\u00fc\u015f\u00fcnd\u00fc\u011f\u00fc cami kubbesi&#39; dilenci tas\u0131na d\u00f6n\u00fc\u015ft\u00fc! P\u0131st\u0131lar..! <\/p>\n<p align=\"center\"> <strong>D-8&#39;E HIYANET, G-8&#39;e ESARET<\/strong> <\/p>\n<p> B\u00fcy\u00fck Ortado\u011fu Projesi&#39;ne y\u00f6nelik haz\u0131rl\u0131klar\u0131n somut olarak ele al\u0131naca\u011f\u0131 9 Haziran&#39;da ABD&#39;de yap\u0131lacak G-8 toplant\u0131s\u0131na Ba\u015fbakan Recep Tayyip Erdo\u011fan &#8216;demokratik ortak&#39; s\u0131fat\u0131yla \u00e7a\u011fr\u0131ld\u0131. <\/p>\n<p> Erdo\u011fan, T\u00fcrkiye&#39;nin \u00f6nc\u00fcl\u00fc\u011f\u00fcn\u00fc yapt\u0131\u011f\u0131 geli\u015fmekte olan \u00fclkelerin bir araya gelerek G-8&#39;e alternatif olarak olu\u015fturdu\u011fu D-8 Zirvesi&#39;ne ise kat\u0131lmam\u0131\u015ft\u0131. Erdo\u011fan&#39;\u0131n G-8&#39;de T\u00fcrkiye ad\u0131na ne taahh\u00fctlerde bulundu\u011fu ise hen\u00fcz bilinmiyor. <\/p>\n<p> G-8 Zirvesi&#39;nde ABD, B\u00fcy\u00fck Ortado\u011fu Projesini hayata ge\u00e7irmek i\u00e7in Erdo\u011fan&#39;\u0131n s\u0131rt\u0131n\u0131 s\u0131vazlad\u0131. Bu arada b\u00f6lgeye m\u00fcdahaleyi hakl\u0131 g\u00f6stermek i\u00e7in Irak&#39;taki direni\u015fleri &#8216;sald\u0131r\u0131&#39; olarak adland\u0131ran ABD, burada T\u00fcrkiye&#39;yi model \u00fclke olarak a\u00e7\u0131klad\u0131. <\/p>\n<p> \u00a0K\u0131saca, Recep T. Erdo\u011fan ABD&#39;nin ta\u015feronlu\u011funu \u00fcst\u00fcne ald\u0131.  <\/p>\n<p> &#160; <\/p>\n","protected":false},"excerpt":{"rendered":"<p>\u00a0  <\/p>\n<p align=\"center\"> <strong>ACABA!?<\/strong> <\/p>\n<p> Refah ger\u00e7e\u011fi kitab\u0131n\u0131 okurken bir konu kafama tak\u0131ld\u0131&#8230; <\/p>\n<p> Bu arada, dindar kesimi ve \u00f6zellikle Refah Partisini su\u00e7lamak ve s\u0131k\u0131\u015ft\u0131rmak&#8230; <\/p>\n<p> Ve yine \u00fclkemizde milli ve manevi geli\u015fmelerin \u00f6n\u00fcn\u00fc t\u0131kamaya bir bahane yapmak i\u00e7in tezgahland\u0131\u011f\u0131 her haliyle belli olan bu talihsiz Sivas olaylar\u0131 san\u0131klar\u0131n\u0131n, savunma avukatl\u0131\u011f\u0131n\u0131 alan ve c\u00fcbbesini giyip mahkemeye kat\u0131lan, ne var ki, milletvekili oldu\u011fu i\u00e7in kanunen buna f\u0131rsat tan\u0131nmayan ve hala M\u0130LL\u0130 G\u00d6R\u00dc\u015e KURMAYI san\u0131lan ki\u015fi, acaba; <\/p>\n","protected":false},"author":1,"featured_media":0,"comment_status":"open","ping_status":"closed","sticky":false,"template":"","format":"standard","meta":{"footnotes":""},"categories":[59],"tags":[],"class_list":["post-685","post","type-post","status-publish","format-standard","hentry","category-temmuz-2004"],"_links":{"self":[{"href":"https:\/\/www.millicozum.com\/mc\/wp-json\/wp\/v2\/posts\/685","targetHints":{"allow":["GET"]}}],"collection":[{"href":"https:\/\/www.millicozum.com\/mc\/wp-json\/wp\/v2\/posts"}],"about":[{"href":"https:\/\/www.millicozum.com\/mc\/wp-json\/wp\/v2\/types\/post"}],"author":[{"embeddable":true,"href":"https:\/\/www.millicozum.com\/mc\/wp-json\/wp\/v2\/users\/1"}],"replies":[{"embeddable":true,"href":"https:\/\/www.millicozum.com\/mc\/wp-json\/wp\/v2\/comments?post=685"}],"version-history":[{"count":0,"href":"https:\/\/www.millicozum.com\/mc\/wp-json\/wp\/v2\/posts\/685\/revisions"}],"wp:attachment":[{"href":"https:\/\/www.millicozum.com\/mc\/wp-json\/wp\/v2\/media?parent=685"}],"wp:term":[{"taxonomy":"category","embeddable":true,"href":"https:\/\/www.millicozum.com\/mc\/wp-json\/wp\/v2\/categories?post=685"},{"taxonomy":"post_tag","embeddable":true,"href":"https:\/\/www.millicozum.com\/mc\/wp-json\/wp\/v2\/tags?post=685"}],"curies":[{"name":"wp","href":"https:\/\/api.w.org\/{rel}","templated":true}]}}