{"id":687,"date":"2004-04-01T00:00:00","date_gmt":"2004-04-01T00:00:00","guid":{"rendered":"https:\/\/www.millicozum.com\/mc\/2004\/04\/01\/felakete-davete\/"},"modified":"2004-04-01T00:00:00","modified_gmt":"2004-04-01T00:00:00","slug":"felakete-davetiye","status":"publish","type":"post","link":"https:\/\/www.millicozum.com\/mc\/2004\/nisan-2004\/felakete-davetiye\/","title":{"rendered":"FELAKETE DAVET\u0130YE"},"content":{"rendered":"<p>\u00a0  <\/p>\n<p align=\"center\"> <strong>A. AKG\u00dcL Hoca 17 Mart 2004 Gebze Konferans\u0131nda\u00a0 \u015fu hat\u0131rlatmay\u0131 yapm\u0131\u015ft\u0131 :<\/strong> <\/p>\n<p align=\"center\"> <strong>Bu Se\u00e7imlerin \u00d6nemi<\/strong> <\/p>\n<p align=\"center\"> &#160; <\/p>\n<p> Bu se\u00e7imler, sadece kendi beldemizde i\u015f bilir ve g\u00fcvenilir bir karde\u015fimizi belediye ba\u015fkan\u0131 yapma hadisesi de\u011fildir. <\/p>\n<p> Bu se\u00e7imler, T\u00fcrkiye&#39;mizin hangi zihniyete teslim edilece\u011finin ve nas\u0131l bir gelecek istedi\u011fimizin karar meselesidir!.. <\/p>\n<p> Bu se\u00e7imler de; AKP, CHP ve benzeri partilere oy vererek Siyonist Amerikan\u0131n, B\u00fcy\u00fck \u0130srail hat\u0131r\u0131na t\u00fcm \u0130slam co\u011frafyas\u0131n\u0131 ve aziz vatan\u0131m\u0131z\u0131 ku\u015fatmak ve k\u00f6le yapmak giri\u015fimlerine arka \u00e7\u0131k\u0131p, zul\u00fcmlerine ortak m\u0131 olaca\u011f\u0131z? Yoksa milli ve haysiyetli bir dirili\u015f ve direni\u015fe sahip \u00e7\u0131k\u0131p, gelece\u011fimizi mi kurtaraca\u011f\u0131z? Sorusunun cevab\u0131 verilecektir. <\/p>\n<p>  \u00a0  <\/p>\n<p> Bu se\u00e7imler de, d\u00fcnyada da, ukbada da kimlerin saf\u0131nda ve yan\u0131nda olaca\u011f\u0131m\u0131z\u0131n tercihi yap\u0131lacakt\u0131r. <\/p>\n<p> Bu nedenle oylar\u0131m\u0131zda sadece kendimizin, ailemizin ve yak\u0131n \u00e7evremizin de\u011fil, 70 milyon ezilen milletimizin, \u00e7\u00f6pl\u00fcklerde ekmek toplayan fakirlerimizin ve namusunu sat\u0131l\u0131\u011fa \u00e7\u0131karan \u00e7aresizlerimizin hakk\u0131 vard\u0131r. <\/p>\n<p> Oylar\u0131m\u0131zda mazlum Filistin halk\u0131n\u0131n, ma\u011fdur Irak M\u00fcsl\u00fcmanlar\u0131n\u0131n hakk\u0131 vard\u0131r. <\/p>\n<p> Bu \u00fclkeyi bize vatan b\u0131rakan \u015fehitlerimizin, 74&#39;te K\u0131br\u0131s&#39;\u0131 kan\u0131yla kurtaran yi\u011fitlerimizin ve gelecekteki nesillerimizin, oylar\u0131m\u0131zda hakk\u0131 vard\u0131r. <\/p>\n<p> Bak\u0131n\u0131z; <\/p>\n<p> Avrupa Troykas\u0131 diye 3-5 Siyonist soytar\u0131s\u0131 T\u00fcrkiye&#39;ye geliyor ve ; <\/p>\n<ul>\n<li>K\u0131br\u0131s&#39;\u0131 kar\u015f\u0131l\u0131ks\u0131z sat\u0131n,<\/li>\n<li>Leyla Zana&#39;y\u0131 hapisten sal\u0131n,<\/li>\n<li>Milli Savunma b\u00fct\u00e7enizi k\u0131s\u0131tlay\u0131n,<\/li>\n<\/ul>\n<p> Diye talimat veriyor ve Werhogen domuzu T\u00fcrk TV. lerinde Denkta\u015f&#39;a hakaret ediyor. <\/p>\n<p> K\u0131saca; <\/p>\n<p> Sefaleti mi istiyorsun, Saadeti mi? <\/p>\n<p> Felaketi mi tercih ediyorsun, Fazileti mi? <\/p>\n<p> Esareti mi seviyorsun, Selameti mi? <\/p>\n<p> Fukaral\u0131\u011f\u0131 m\u0131 istiyorsun, Refah\u0131 m\u0131? <\/p>\n<p> Erbakan Hocam\u0131z\u0131n tabiriyle. \u00d6lmek mi istiyorsun, yoksa olmak m\u0131? <\/p>\n<p> Karar sizin, haydin se\u00e7ime? <\/p>\n<p> Unutmay\u0131n, AKP fecri kaziptir. Yak\u0131nda Fecri sad\u0131k do\u011facakt\u0131r! <\/p>\n<p> Yalanc\u0131 bahar kaybolacakt\u0131r. \u00c7\u00fcnk\u00fc ger\u00e7ek mutluluk bayram\u0131 ya\u015fanacakt\u0131r. <\/p>\n<p> Ve Erbakan Hoca il il dola\u015f\u0131p &quot; Bu se\u00e7imde \u00f6lmek mi, olmak m\u0131 istiyorsunuz ? Sorusunun cevab\u0131n\u0131 vereceksiniz !.. Bu kadar \u00f6nemli ve \u00f6zelikli olan tarihi bir tercih yaparak, \u00fclkemizin gelece\u011fini tayin edeceksiniz ! &quot; diye hayk\u0131rd\u0131 ve halk\u0131 uyard\u0131.. <\/p>\n<p> Ancak i\u015fte sonu\u00e7 ortada.. Toplum davay\u0131 b\u0131rak\u0131p havaya, rizikolar\u0131 g\u00f6rmeyip r\u00fczgara kap\u0131ld\u0131&#8230; Medyan\u0131n medyumu yap\u0131ld\u0131.. Bu nedenle, \u00f6yle anla\u015f\u0131l\u0131yor ki; <\/p>\n<p> <strong>B\u0130N NAS\u0130HATA KULAK TIKAYANLAR, B\u0130R MUS\u0130BET\u0130E HAK KAZANDI !..<\/strong> <\/p>\n<p> Evet, maalesef, bu sonu\u00e7la <strong>FELAKETE DAVET\u0130YE \u00c7IKARILDI<\/strong> <strong>!<\/strong> Umar\u0131z ucuz atlat\u0131l\u0131r !? <\/p>\n<p> Hem zaten, halk\u0131m\u0131z\u0131n neredeyse yar\u0131s\u0131na yak\u0131n\u0131 sand\u0131\u011fa gitmeyerek \u00e7ok \u00f6nemli ve anlaml\u0131 bir &quot; gizli mesaj &quot; yay\u0131nlad\u0131: <\/p>\n<ul>\n<li>AKP iktidar\u0131na ve icraatlar\u0131na asla g\u00fcvenmiyoruz ve inanm\u0131yoruz. Bu y\u00fczden oy verip su\u00e7una ve sorumlulu\u011funa ortak olmuyoruz !&#8230;<\/li>\n<li>CHP&#39;nin de, AKP&#39;nin partneri gibi davrand\u0131\u011f\u0131n\u0131 g\u00f6r\u00fcyor, Ondan da bir hay\u0131r beklemiyoruz..<\/li>\n<li>Bu nedenle se\u00e7imleri protesto edip sand\u0131\u011fa gitmeyerek, \u00e7\u0131kacak sonu\u00e7lar\u0131n Milli \u0130radeyi yans\u0131tmad\u0131\u011f\u0131n\u0131..<\/li>\n<li><strong>VE H\u00dcKMEN GE\u00c7ERL\u0130 OLSA DA, HAK\u0130KATEN ME\u015eRU SAYILMAYACA\u011eINI ORTAYA KOYUYORUZ<\/strong> !<\/li>\n<\/ul>\n","protected":false},"excerpt":{"rendered":"<p>\u00a0  <\/p>\n<p align=\"center\"> <strong>A. AKG\u00dcL Hoca 17 Mart 2004 Gebze Konferans\u0131nda\u00a0 \u015fu hat\u0131rlatmay\u0131 yapm\u0131\u015ft\u0131 :<\/strong> <\/p>\n<p align=\"center\"> <strong>Bu Se\u00e7imlerin \u00d6nemi<\/strong> <\/p>\n<p align=\"center\"> &#160; <\/p>\n<p> Bu se\u00e7imler, sadece kendi beldemizde i\u015f bilir ve g\u00fcvenilir bir karde\u015fimizi belediye ba\u015fkan\u0131 yapma hadisesi de\u011fildir. <\/p>\n<p> Bu se\u00e7imler, T\u00fcrkiye&#39;mizin hangi zihniyete teslim edilece\u011finin ve nas\u0131l bir gelecek istedi\u011fimizin karar meselesidir!.. <\/p>\n<p> Bu se\u00e7imler de; AKP, CHP ve benzeri partilere oy vererek Siyonist Amerikan\u0131n, B\u00fcy\u00fck \u0130srail hat\u0131r\u0131na t\u00fcm \u0130slam co\u011frafyas\u0131n\u0131 ve aziz vatan\u0131m\u0131z\u0131 ku\u015fatmak ve k\u00f6le yapmak giri\u015fimlerine arka \u00e7\u0131k\u0131p, zul\u00fcmlerine ortak m\u0131 olaca\u011f\u0131z? Yoksa milli ve haysiyetli bir dirili\u015f ve direni\u015fe sahip \u00e7\u0131k\u0131p, gelece\u011fimizi mi kurtaraca\u011f\u0131z? Sorusunun cevab\u0131 verilecektir. <\/p>\n","protected":false},"author":24,"featured_media":0,"comment_status":"open","ping_status":"closed","sticky":false,"template":"","format":"standard","meta":{"footnotes":""},"categories":[56],"tags":[],"class_list":["post-687","post","type-post","status-publish","format-standard","hentry","category-nisan-2004"],"_links":{"self":[{"href":"https:\/\/www.millicozum.com\/mc\/wp-json\/wp\/v2\/posts\/687","targetHints":{"allow":["GET"]}}],"collection":[{"href":"https:\/\/www.millicozum.com\/mc\/wp-json\/wp\/v2\/posts"}],"about":[{"href":"https:\/\/www.millicozum.com\/mc\/wp-json\/wp\/v2\/types\/post"}],"author":[{"embeddable":true,"href":"https:\/\/www.millicozum.com\/mc\/wp-json\/wp\/v2\/users\/24"}],"replies":[{"embeddable":true,"href":"https:\/\/www.millicozum.com\/mc\/wp-json\/wp\/v2\/comments?post=687"}],"version-history":[{"count":0,"href":"https:\/\/www.millicozum.com\/mc\/wp-json\/wp\/v2\/posts\/687\/revisions"}],"wp:attachment":[{"href":"https:\/\/www.millicozum.com\/mc\/wp-json\/wp\/v2\/media?parent=687"}],"wp:term":[{"taxonomy":"category","embeddable":true,"href":"https:\/\/www.millicozum.com\/mc\/wp-json\/wp\/v2\/categories?post=687"},{"taxonomy":"post_tag","embeddable":true,"href":"https:\/\/www.millicozum.com\/mc\/wp-json\/wp\/v2\/tags?post=687"}],"curies":[{"name":"wp","href":"https:\/\/api.w.org\/{rel}","templated":true}]}}