{"id":688,"date":"2004-04-01T00:00:00","date_gmt":"2004-04-01T00:00:00","guid":{"rendered":"https:\/\/www.millicozum.com\/mc\/2004\/04\/01\/avrupa-toplulu-at-ve-ortak-pazar-dedler\/"},"modified":"2004-04-01T00:00:00","modified_gmt":"2004-04-01T00:00:00","slug":"avrupa-toplulugu-at-ve-ortak-pazar-dedikleri","status":"publish","type":"post","link":"https:\/\/www.millicozum.com\/mc\/2004\/nisan-2004\/avrupa-toplulugu-at-ve-ortak-pazar-dedikleri\/","title":{"rendered":"AVRUPA TOPLULU\u011eU (AT) VE ORTAK PAZAR DED\u0130KLER\u0130"},"content":{"rendered":"<p>\u00a0  <\/p>\n<p> Ortak Pazar \u00fc\u00e7 perdelik bir Siyonist oyunudur. Birinci ve g\u00f6r\u00fcnen \u00e7er\u00e7evesi her bak\u0131mdan g\u00fc\u00e7l\u00fc bir Birle\u015fik Avrupa hayalini ger\u00e7ekle\u015ftirmek arzusudur. \u0130kinci perdesi ise Hristiyanl\u0131k kayna\u015fmas\u0131 ve Ha\u00e7l\u0131 duygusudur. \u00dc\u00e7\u00fcnc\u00fcs\u00fc ve as\u0131l gayesi de Avrupa&#39;y\u0131 siyasi ve ekonomik y\u00f6nden s\u00f6m\u00fcrmek ve Siyonist emellerine alet etmek i\u00e7in haz\u0131rlanan bir Siyonist senaryosudur.  <\/p>\n<p>  \u00a0  <\/p>\n<p> Ancak Avrupa Toplulu\u011fu Siyonizm&#39;in elinden kurtulabilir, \u0130slam Birli\u011fi, Uzakdo\u011fu \u00fclkeleri gibi D\u00fcnyan\u0131n di\u011fer bloklar\u0131yla kar\u015f\u0131l\u0131kl\u0131 i\u015fbirli\u011fi ve ticaret anlay\u0131\u015f\u0131na dayanan bar\u0131\u015f\u00e7\u0131 bir yap\u0131ya d\u00f6n\u00fc\u015f\u00fcrse, o takdirde hay\u0131rl\u0131 ve yararl\u0131 bir kurulu\u015f olabilir. O zaman T\u00fcrkiye de bu olu\u015fuma girip katk\u0131da bulunabilir.  <\/p>\n<p> \u015eimdi, Avrupa&#39;daki Siyonist h\u00e2kimiyetini daha iyi kavramak i\u00e7in \u00f6nce Ortak Pazar\u0131n \/Avrupa Toplulu\u011funun (AT) kurulu\u015funa ve kurumlar\u0131na bir g\u00f6z atal\u0131m:  <\/p>\n<p> <strong>1- Giri\u015f: <\/strong> <\/p>\n<p> \u015eu anda 320 milyon n\u00fcfuslu ve 12 \u00fcyeli olan Avrupa Toplulu\u011fu (AT) EFTA (Avrupa Serbest Ticaret Birli\u011fi) \u00fclkeleriyle imzalad\u0131\u011f\u0131 anla\u015fmalarla 380 milyonluk bir blok olu\u015fturma \u00e7abas\u0131ndad\u0131r.  <\/p>\n<p> Avrupa&#39;n\u0131n en zengin \u00fclkelerinin olu\u015fturdu\u011fu bu pazar b\u00fct\u00fcn d\u00fcnyan\u0131n dikkatini \u00e7ekmektedir.  <\/p>\n<p> 1993 ba\u015f\u0131nda ba\u015flayan tek pazarla AT d\u00fcnyan\u0131n en b\u00fcy\u00fck ekonomik birliklerinden birini olu\u015fturmakta ve d\u00fcnya ticaretinin b\u00fcy\u00fck bir k\u0131sm\u0131n\u0131 eline ge\u00e7irmektedir. \u00d6zellikle Do\u011fu Blo\u011funun \u00e7\u00f6kmesinden sonra Avrupa, ayr\u0131 ve yeni bir blok ortaya \u00e7\u0131km\u0131\u015ft\u0131r.  <\/p>\n<p> T\u00fcrkiye&#39;nin 1963 Ankara Antla\u015fmas\u0131 ile ili\u015fki kurdu\u011fu ve 14 Nisan 1987 tarihine tam \u00fcyelik ba\u015fvurusunda bulundu\u011fu, ithalat ve ihracat\u0131n\u0131n b\u00fcy\u00fck bir k\u0131sm\u0131n\u0131 (EFTA \u00fclkeleri de i\u00e7ine al\u0131n\u0131rsa %75) ger\u00e7ekle\u015ftirdi\u011fi ve 1996 y\u0131l\u0131 ba\u015f\u0131nda G\u00fcmr\u00fck Birli\u011fine ge\u00e7ti\u011fi bu toplulu\u011fun nas\u0131l kuruldu\u011fu ve kurumlar\u0131n\u0131n neler oldu\u011fu \u00f6nemine binaen inceleme konusu edilmi\u015ftir.  <\/p>\n<p> <strong>2- Avrupa Toplulu\u011funun Kurulu\u015fu:<\/strong>  <\/p>\n<p> 1946 Y\u0131l\u0131nda \u0130ngiltere ba\u015fkan\u0131 Wilston CHURCH\u0130LL&#39;in Z\u00fcrih&#39;te yapt\u0131\u011f\u0131 bir konu\u015fmada Avrupa&#39;da Nazizmi engellemek i\u00e7in bir Birle\u015fik Avrupa Devletleri kurulmas\u0131n\u0131 istemi\u015ftir. \u0130kinci d\u00fcnya sava\u015f\u0131ndan sonra 9 May\u0131s 1950&#39;de Fransa D\u0131\u015fi\u015fleri bakan\u0131 Robert SCHUMAN taraf\u0131ndan yap\u0131lan bir konu\u015fmada Avrupa&#39;da k\u00f6m\u00fcr ve \u00e7eli\u011fin \u00fcretiminin ve t\u00fcketiminin kontrol edilmesi i\u00e7in bir Avrupa \u00f6rg\u00fct\u00fc kurulaca\u011f\u0131n\u0131 s\u00f6ylemi\u015f ve Almanya Maliye bakan\u0131 Jean MOMENT&#39;in katk\u0131lar\u0131 ile Avrupa Toplulu\u011funun ilk temeli at\u0131lm\u0131\u015ft\u0131r.  <\/p>\n<p> Bel\u00e7ika, Fransa, Hollanda, Almanya, L\u00fcksemburg ve \u0130talya&#39;n\u0131n kat\u0131l\u0131mlar\u0131yla 18 Nisan 1952 de Paris Antla\u015fmas\u0131 ile Avrupa K\u00f6m\u00fcr ve \u00c7elik Toplulu\u011fu (ECSN) 25 Mart 1957&#39;de imzalanan ve 1958&#39;de y\u00fcr\u00fcrl\u00fc\u011fe giren Roma Antla\u015fmas\u0131 \u0130le Avrupa Ekonomik Toplulu\u011fu (EEC) ve Avrupa Atom Enerjisi Toplulu\u011fu (EURATOM) kuruldu.  <\/p>\n<p> Avrupa K\u00f6m\u00fcr ve \u00c7elik Toplulu\u011funun amac\u0131 k\u00f6m\u00fcr ve \u00e7elik i\u00e7in ortak bir pazar olu\u015fturmakt\u0131. Avrupa atom Enerjisi Toplulu\u011funun amac\u0131 ise, n\u00fckleer enerjinin bar\u0131\u015f i\u00e7in kullan\u0131lmas\u0131n\u0131 sa\u011flamaya y\u00f6nelik sanayinin geli\u015ftirilmesiydi. Avrupa Toplulu\u011funu olu\u015fturan antla\u015fmalar\u0131n en kapsaml\u0131s\u0131 olan Avrupa Ekonomik Toplulu\u011fu&#39;nun amac\u0131 ise ekonominin her alan\u0131nda b\u00fct\u00fcnle\u015fme sa\u011flayarak mal, hizmet ve sermayenin t\u0131pk\u0131 ulusal s\u0131n\u0131rlar i\u00e7inde oldu\u011fu gibi topluluk i\u00e7inde de engelsiz dola\u015fabilece\u011fi bir ekonomik serbest b\u00f6lge olu\u015fturmakt\u0131r.  <\/p>\n<p> Roma Antla\u015fmas\u0131nda Konsey ve Komisyonun yasal enstr\u00fcmanlar\u0131 da say\u0131lm\u0131\u015ft\u0131r. Bu enstr\u00fcmanlar: 1-Kararlar herkese y\u00f6nelik oldu\u011funda y\u00f6netmelikler (reg\u00fcl\u00fctions), 2- hukuki kararlar (dicisions), 3- Zorlay\u0131c\u0131 g\u00fcc\u00fc\u00a0 olmayan \u00f6neriler (recommandtations) ve g\u00f6r\u00fc\u015fler (opinions)d\u0131r.  <\/p>\n<p> 8 Nisan 1965&#39;de imzalanan ve 1 Temmuz 1967&#39;de y\u00fcr\u00fcrl\u00fc\u011fe giren birle\u015fme antla\u015fmas\u0131yla tek bir konsey ve AT komisyonu olu\u015fturulmu\u015ftur.  <\/p>\n<p> Toplulu\u011fun geni\u015flemesi ilk olarak 1 Ocak 1973&#39;de \u0130ngiltere, \u0130rlanda ve Danimarka&#39;n\u0131n kat\u0131l\u0131mlar\u0131yla olmu\u015ftur. 1981&#39;de Yunanistan Toplulu\u011fa kat\u0131lm\u0131\u015f, 1986&#39;da \u0130spanya ve Portekiz Toplulu\u011fa kat\u0131lm\u0131\u015f, topluluk 12 \u00fcyeli olmu\u015ftur. Bilindi\u011fi gibi daha sonra yeni kat\u0131l\u0131mlar ve m\u00fcracaatlar olmaktad\u0131r.  <\/p>\n<p> 1985 ortas\u0131nda AT komisyonunda beyaz rapor ad\u0131 verilen bir rapor kabul edilmi\u015ftir. bu raporla topluluktaki fiziki, teknik ve mali engellerin kald\u0131r\u0131lmas\u0131 \u00f6ng\u00f6r\u00fclm\u00fc\u015ft\u00fcr. Fiziki engeller mallar\u0131n ve \u015fah\u0131slar\u0131n kontrol\u00fcn\u00fc ama\u00e7lamaktad\u0131r. Teknik engeller mallar\u0131n, i\u015f g\u00fcc\u00fcn\u00fcn ve mesleklerin serbest dola\u015f\u0131m\u0131n\u0131 sa\u011flamak, hizmetler i\u00e7in ortak bir pazar olu\u015fturmak, sermaye hareketlerinin serbest dola\u015f\u0131m\u0131na zemin haz\u0131rlamak ve end\u00fcstriyel i\u015fbirli\u011fi i\u00e7in uygun \u015fartlar olu\u015fturmak ve Topluluk Hukukunun uygulanmas\u0131n\u0131 sa\u011flamaktad\u0131r. Mali engellerin kald\u0131r\u0131lmas\u0131nda ise; ticaret tarifelerinin ve katma de\u011fer vergisinin uyumla\u015ft\u0131r\u0131lmas\u0131 hedef al\u0131nm\u0131\u015ft\u0131r.  <\/p>\n<p> 17 ve 27 \u015eubat 1986&#39;da imzalanan ve Ocak 1987&#39;de y\u00fcr\u00fcrl\u00fc\u011fe giren tek senetle Roma ve Paris antla\u015fmalar\u0131n\u0131n baz\u0131 maddeleri de\u011fi\u015ftirilmi\u015f ve bunlara yeni maddeler eklenmi\u015ftir. Bu senetle toplulu\u011fa kesin hedefler konulmu\u015ftur. Bu ama\u00e7lar 1992 sonunda Avrupa da bir i\u00e7 pazar olu\u015fturmak, ayn\u0131 ekonomik ve sosyal politikalar\u0131 uygulamak, ara\u015ft\u0131rma ve teknolojik geli\u015fmeyi sa\u011flay\u0131c\u0131 ve \u00e7evreyi koruyucu tedbirler almak ve ekonomik ve parasal birli\u011fi sa\u011flamak olarak belirlenmi\u015ftir.\u00a0  <\/p>\n<p> Tek senetle Komisyonunun yetkileri art\u0131r\u0131lm\u0131\u015f,\u00a0 Avrupa Parlamentosu ve Bakanlar Konseyi ile ilgili yeni d\u00fczenlemeler yap\u0131lm\u0131\u015ft\u0131r.\u00a0 Ayr\u0131ca daha \u00f6nceleri yar\u0131 resmi olarak desteklenen &quot;Avrupa vatanda\u015flar\u0131n\u0131 birbirine yak\u0131nla\u015ft\u0131rmak ama\u00e7lar\u0131&quot;\u00a0 peki\u015ftirilmi\u015ftir.\u00a0 B\u00f6ylelikle Avrupa siyasi i\u015fbirli\u011finin, AT&#39;nin etkinlikleri aras\u0131nda yer ald\u0131\u011f\u0131 kabul edilmi\u015ftir.\u00a0  <\/p>\n<p> 1991 Aral\u0131\u011f\u0131nda imzalanan Roma Antla\u015fmas\u0131na benzeyen Mastricht Antla\u015fmas\u0131 ile Topululu\u011fun ekonomik, parasal ve siyasi birli\u011fe (Avrupa Birli\u011fi) giden yolda \u00e7ok \u00f6nemli mesafe kat edilmi\u015ftir. Bu antla\u015fmaya g\u00f6re 1993 Ocak ay\u0131nda ki\u015filer, ticaret ve para \u00fczerindeki engeller kald\u0131r\u0131lacak, 1 Ocak 1994&#39;te Avrupa Para Birli\u011fi&#39;nin (EMU) ilk a\u015famas\u0131 olan tek paraya haz\u0131rlanacak. 31 Aral\u0131k 1996&#39;da AT maliye bakanlar\u0131 taraf\u0131ndan \u00e7o\u011funlukla kabul edilirse ECU\u00a0 (Avrupa Para Birimi) kullan\u0131lacak. Ancak kabul edilmezse ECU&#39;nun kullanma s\u00fcresi 1997 Aral\u0131\u011f\u0131nda ba\u015flayacak ve en ge\u00e7 1999&#39;da tek paraya ge\u00e7ilecektir. Bu d\u00f6nemin sonunda d\u00fcnyadaki en \u00f6nemli para birimlerinden biri olacakt\u0131r.\u00a0  <\/p>\n<p> Mastricht Antla\u015fmas\u0131 Avrupal\u0131n\u0131n hayat\u0131n\u0131 a\u015fa\u011f\u0131daki noktalarda de\u011fi\u015ftirecektir.\u00a0  <\/p>\n<p> a) En ge\u00e7 1999&#39;da ECU kullan\u0131lmaya ba\u015flayacak ve i\u015fadamlar\u0131 ve bankalar i\u015flemlerini tek parayla yapacaklard\u0131r.\u00a0  <\/p>\n<p> b) Merkez bankalar\u0131 h\u00fck\u00fcmetlerinden ba\u011f\u0131ms\u0131zl\u0131klar\u0131n\u0131 elde edecek ve Avrupa Merkez Bankas\u0131 olu\u015fturulacakt\u0131r.\u00a0  <\/p>\n<p> c) Topluluk D\u0131\u015fi\u015fleri bakanlar\u0131 ba\u011f\u0131ms\u0131z hareket edemeyecekler, ancak ortak hareket edebileceklerdir.\u00a0  <\/p>\n<p> \u00e7) Maliye bakanlar\u0131 kendi b\u00fct\u00e7elerini yapmada ba\u011f\u0131ms\u0131zl\u0131klar\u0131n\u0131 kaybedeceklerdir.\u00a0  <\/p>\n<p> d) Avrupa tek devlet olacak, herkes muhatap olarak kar\u015f\u0131s\u0131nda Bat\u0131 Avrupa Birli\u011fini bulacak ve bir Avrupa Ordusu olu\u015fturulacakt\u0131r.\u00a0  <\/p>\n<p> e) AT vatanda\u015fl\u0131\u011f\u0131 olu\u015facak. Tek pasaport olacak ve vatanda\u015flar toplulukta serbest\u00e7e dola\u015facaklard\u0131r.\u00a0  <\/p>\n<p> f) Avrupa Parlamentosunun se\u00e7imleri daha bir \u00f6nem kazanacakt\u0131r.\u00a0  <\/p>\n<p> h) Su\u00e7lular\u0131n de\u011fi\u015fimi,\u00a0 ter\u00f6rizm, uluslararas\u0131 su\u00e7lular ve doland\u0131r\u0131c\u0131lar i\u00e7in \u00f6nlemler al\u0131narak Avrupa Polisi (Europole) olu\u015fturulacakt\u0131r.  <\/p>\n<p> \u0131) S\u0131\u011f\u0131nmac\u0131lar ve yabanc\u0131 i\u015f\u00e7iler i\u00e7in ortak politika belirlenecek ve ortak vize uygulamas\u0131na ge\u00e7ilecektir.\u00a0  <\/p>\n<p> i) EFTA \u00fcyeleriyle tam \u00fcyelik g\u00f6r\u00fc\u015fmeleri 1993&#39;de ba\u015flayacakt\u0131r. Norve\u00e7, \u0130svi\u00e7re, \u0130zlanda,\u00a0 Avusturya ve Lihe\u015ftayn&#39;\u0131n \u00fcyesi oldu\u011fu EFTA\u00a0 (Avrupa Serbest Ticaret Birli\u011fi) \u00fclkelerinin herbiriyle AT aras\u0131nda serbest ticaret antla\u015fmalar\u0131 yap\u0131larak bir Avrupa Ekonomik Alan\u0131 (EEA) olu\u015fturulmu\u015ftur.\u00a0 Bu serbest alanda mallar\u0131n,\u00a0 sermayenin ve ki\u015filerin serbest dola\u015f\u0131m\u0131 \u00f6ng\u00f6r\u00fclmektedir.\u00a0  <\/p>\n<p> EFTA \u00fclkelerinden Avusturya \u0130sve\u00e7, Finlandiya ve \u0130svi\u00e7re toplulu\u011fa tam \u00fcyelik i\u00e7in ba\u015fvurmu\u015flard\u0131r. Di\u011ferleri ise ba\u015fvurmak i\u00e7in haz\u0131rlanmaktad\u0131r. Bu da g\u00f6steriyor ki EFTA \u00fclkeleri er veya ge\u00e7 toplulu\u011fa kat\u0131lacaklard\u0131r.\u00a0 2 \u015eubat 1993 tarihinde Avusturya, \u0130sve\u00e7 ve Finlandiya ile tam \u00fcyelik g\u00f6r\u00fc\u015fmeleri ba\u015flam\u0131\u015ft\u0131r. Da\u011f\u0131lan Do\u011fu Bloku \u00fclkeleri ile ise yak\u0131nda ba\u015flayacakt\u0131r.  <\/p>\n<p> Toplulu\u011fun kap\u0131s\u0131nda tam \u00fcyelik ba\u015fvurusunda bulunan T\u00fcrkiye, Malta, K\u0131br\u0131s ve \u00fcyelik i\u00e7in haz\u0131rlanan Do\u011fu Bloku \u00fclkeleri beklemektedir.  <\/p>\n<p> Toplulu\u011fun Lome \u00fclkeleri (Afrika Karaib \u00dclkeleri), Latin Amerika \u00fclkeleri, Akdeniz \u00fclkeleriyle \u00e7e\u015fitli antla\u015fma ve programlar\u0131 vard\u0131r.  <\/p>\n<p> Son y\u0131llarda topluluk i\u00e7in \u00e7e\u015fitli senaryolar \u00fcretilmektedir. Bu senaryolarla toplulu\u011fun \u00fcye say\u0131s\u0131n\u0131n 24 &#39;\u00fcn \u00fczerine \u00e7\u0131kaca\u011f\u0131 ve toplulu\u011fu ana \u00e7ekirdek alarak etraf\u0131nda halkalar olu\u015fturabilece\u011fi var say\u0131lmaktad\u0131r. D\u00fcnyan\u0131n 2000&#39;li y\u0131llarda tek paral\u0131,\u00a0 tek merkez bankal\u0131 ve ordusu bulunan Avrupa Birle\u015fik Devletleri ile kar\u015f\u0131la\u015faca\u011f\u0131 beklenmektedir.\u00a0  <\/p>\n<p> <strong>3 &#8211; Toplulu\u011fun Kurumlar<\/strong>\u0131\u00a0  <\/p>\n<p> AT&#39;\u0131n d\u00f6rt ana kurumu: Avrupa Komisyonu, Bakanlar Konseyi,\u00a0 Avrupa Parlamentosu ve Adalet Divan\u0131d\u0131r. Bu kurumlar\u0131n yan\u0131nda di\u011fer yard\u0131mc\u0131 kurumlar yer almaktad\u0131r. Bunlar;\u00a0 Say\u0131\u015ftay, Ekonomik ve Sosyal Komite, Avrupa Yat\u0131r\u0131m Bankas\u0131d\u0131r.  <\/p>\n<p> <strong>A &#8211; Komisyon<\/strong>  <\/p>\n<p> AT politikas\u0131na ili\u015fkin ilk ad\u0131m\u0131 atma yetkisi, \u00f6zerk bir kurum olan bu komisyonundur. (The Commission) Komisyon, Toplulu\u011fun y\u00fcr\u00fctme organ\u0131d\u0131r. AT antla\u015fmalar\u0131n\u0131n uygulanmas\u0131n\u0131 antla\u015fmalar\u0131n bek\u00e7isi olarak&quot; g\u00f6zetir ve topluluk politikas\u0131 i\u00e7in \u00f6nlemler al\u0131r. Ayr\u0131ca bakanlar Konseyi&#39;nde Toplulu\u011fun \u00e7\u0131karlar\u0131n\u0131 temsil eder, AT&#39;nin y\u0131ll\u0131k b\u00fct\u00e7e tasar\u0131s\u0131n\u0131 haz\u0131rlar ve uluslararas\u0131 antla\u015fma g\u00f6r\u00fc\u015fmelerini Topluluk ad\u0131na y\u00fcr\u00fct\u00fcr.\u00a0  <\/p>\n<p> Komisyonunu \u00f6nerisi olmaks\u0131z\u0131n Bakanlar Konseyi politika konular\u0131nda karar alamaz.\u00a0 Ayr\u0131ca Konseyin ald\u0131\u011f\u0131 kararlar\u0131n uygulanmas\u0131ndan da sorumludur. Antla\u015fmalar\u0131n yerine getirilmedi\u011fi tespit edildi\u011finde \u00fcye \u00fclkelere kar\u015f\u0131 i\u015flem yapma yetkisine sahiptir.\u00a0  <\/p>\n<p> Komisyon 17 \u00fcyeden olu\u015fur ve \u00fcye \u00fclkelerin n\u00fcfuslar\u0131yla orant\u0131l\u0131 olarak Almanya, Fransa, \u0130ngiltere, \u0130talya ve \u0130spanya&#39;n\u0131n iki\u015fer \u00fcyesi di\u011fer \u00fclkelerin birer \u00fcyesi vard\u0131r. Konsey taraf\u0131ndan her \u00fcye \u00fclkenin g\u00f6sterdi\u011fi adaylar aras\u0131nda 4 y\u0131ll\u0131k bir s\u00fcre i\u00e7in atan\u0131rlar.\u00a0 Komisyon ba\u015fkan\u0131 ve 6 yard\u0131mc\u0131s\u0131 iki y\u0131l s\u00fcreyle se\u00e7ilirler ve bu s\u00fcre iki y\u0131la kadar uzat\u0131labilir. Ba\u015fkan ve yard\u0131mc\u0131lar\u0131 s\u00fcre sonunda tekrar atanabilirler.  <\/p>\n<p> Bel\u00e7ika&#39;n\u0131n Br\u00fcksel \u015fehrinde bulunan komisyonda, genel sekreterlik, istatistik ofisi gibi servislerin yan\u0131nda 30&#39;a yak\u0131n genel m\u00fcd\u00fcrl\u00fck (DG) vard\u0131r. Bu m\u00fcd\u00fcrl\u00fckler belli konularda uzmanla\u015fm\u0131\u015flard\u0131r.\u00a0  <\/p>\n<p> <strong>B &#8211;\u00a0 Bakanlar Konseyi <\/strong> <\/p>\n<p> Br\u00fcksel&#39;de bulunan AT&#39;nin son karar organ\u0131 olan bakanlar konseyi,\u00a0 \u00fcye \u00fclkelerinin bakanlar\u0131ndan olu\u015fur. \u00dcye \u00fclkeler bir ya da daha fazla \u00fcye g\u00f6nderebilece\u011fi halde genellikle yetkili bakanlar kat\u0131l\u0131rlar. Yap\u0131lan toplant\u0131lar\u0131n konular\u0131 kat\u0131lan bakanlara g\u00f6re de\u011fi\u015febilir. \u00d6rne\u011fin Ula\u015ft\u0131rma Bakanlar\u0131 ula\u015ft\u0131rma ile ilgili toplant\u0131lara kat\u0131l\u0131rlar. En k\u0131demlisi &quot;Konsey D\u0131\u015fi\u015fleri Bakanlar\u0131 Konseyidir&quot; ve \u00f6teki konsey \u00e7al\u0131\u015fmalar\u0131n\u0131 koordine ederek her alt\u0131 ayda bir yap\u0131lan AT do\u011frulu\u011funun haz\u0131rl\u0131\u011f\u0131n\u0131 yaparlar. Konsey toplant\u0131lar\u0131na kat\u0131lan bakanlar kendi \u00fclkelerinin ve Toplulu\u011fun \u00e7\u0131karlar\u0131n\u0131 savunmada bir denge olu\u015fturmak zorundad\u0131rlar.  <\/p>\n<p> Konsey Toplu\u011funun en \u00fcst mercii ve yasama organ\u0131d\u0131r. Ba\u015fkanl\u0131\u011f\u0131n\u0131 \u00fcye devletler alt\u0131\u015far ayl\u0131k d\u00f6nemler i\u00e7in s\u0131rayla y\u00fcr\u00fct\u00fcrler.  <\/p>\n<p> Konseydeki \u00fcye \u00fclkelerin oy da\u011f\u0131l\u0131m\u0131 \u015f\u00f6yledir: Fransa, Almanya, \u0130talya ve \u0130ngiltere&#39;nin 10; \u0130spanyan\u0131n 8, Portekiz, Yunanistan, Hollanda ve Bel\u00e7ika&#39;n\u0131n 5, Danimarka ve \u0130rlanda&#39;n\u0131n 3 ve L\u00fcksemburg&#39;un 2&#39;dir. Kararlar mali konularda, i\u015f\u00e7ilerin serbest dola\u015f\u0131m\u0131 ve i\u015f\u00e7ilerin sosyal haklar\u0131yla ilgili konularda oy birli\u011fi ile al\u0131n\u0131rken, di\u011fer b\u00fct\u00fcn konularda \u00e7o\u011funlukla al\u0131n\u0131r ve oy \u00e7o\u011funlu\u011fu 76 \u00fcyenin 54&#39;\u00fcd\u00fcr.  <\/p>\n<p> <strong>C &#8211; Avrupa Parlamentosu:<\/strong>  <\/p>\n<p> Be\u015f y\u0131lda bir do\u011frudan topluluk vatanda\u015flar\u0131nca se\u00e7ilen tek kurum olan Avrupa Parlamentosunun 518 \u00fcyesi vard\u0131r. Parlamento yasal d\u00fczenleme tasar\u0131lar\u0131n\u0131 inceler, komisyon ve konseye g\u00f6r\u00fc\u015f bildirir. Konseyde yasal taslaklar\u0131n kabul edilmesinden \u00f6nce Parlamentonun g\u00f6r\u00fc\u015f\u00fcn\u00fcn al\u0131nmas\u0131 gerekir. \u00dc\u00e7\u00fcnc\u00fc \u00fclkelerle yap\u0131lan i\u015fbirli\u011fi antla\u015fmalar\u0131 yada toplulu\u011fa yeni \u00fcye kabul\u00fc gibi konularda parlamentonun onay\u0131n\u0131n al\u0131nmas\u0131 gerekir.  <\/p>\n<p> Parlamentonun; yasalar\u0131n haz\u0131rlanmas\u0131, b\u00fct\u00e7enin kabul edilmesi, politikalar\u0131n uygulanmas\u0131, komisyon ve Konseyin denetimi ile ilgili rolleri vard\u0131r.  <\/p>\n<p> Avrupa Parlamentosu Genel Kurulu ayda bir kez Strazburg&#39;da toplan\u0131r ve oturumlar birer hafta s\u00fcrer. Parl\u00e2menterler geride kalan zamanlar\u0131nda Br\u00fcksel&#39;de komite \u00e7al\u0131\u015fmalar\u0131na kat\u0131l\u0131rlar. Parlamento da gruplar toplam 518 \u00fcye, ulusal esasa g\u00f6re de\u011fil, siyasal \u00e7izgilere g\u00f6re de\u011fi\u015fir. Yani \u0130ngiliz,\u00a0 Frans\u0131z, Alman diye de\u011fil,\u00a0 solcular, sa\u011fc\u0131lar hristiyan demokratlar, gibi&#8230;  <\/p>\n<p> <strong>D &#8211; Adalet Divan\u0131:<\/strong>  <\/p>\n<p> L\u00fcksemburg&#39;da bulunan Adalet Divan\u0131, Toplulu\u011fun yasal otoritesidir. Divan her \u00fcye \u00fclkeden birer ve herhangi bir \u00fcye \u00fclkeden ilave bir yarg\u0131\u00e7 olmak \u00fczere toplam 13 yarg\u0131\u00e7tan olu\u015fur. Bu yarg\u0131\u00e7lara yard\u0131mc\u0131 olarak 6 ba\u015fsavc\u0131 bulunur. Yarg\u0131\u00e7lar ve ba\u015fsavc\u0131lar Bakanlar Konseyince alt\u0131 y\u0131l s\u00fcreyle atan\u0131rlar ve g\u00f6rev s\u00fcreleri bitiminde yeniden atanabilirler.  <\/p>\n<p> Kararlar\u0131 ba\u011flay\u0131c\u0131 nitelikte olan Adalet Divan\u0131, ulusal mahkemelerde uygulama amac\u0131yla topluluk hukukunu yorumlar ve \u00fcye \u00fclkelerin, \u015firketlerin ve \u015fah\u0131slar\u0131n AT antla\u015fmalar\u0131yla ilgili hukuki sorunlar\u0131n\u0131 karara ba\u011flar.  <\/p>\n<p> Ayr\u0131ca Divan, rekabet kurallar\u0131na uymayarak komisyon taraf\u0131ndan para cezas\u0131na \u00e7arpt\u0131r\u0131lan \u015firketlerin anti-tekel davalar\u0131nda temyiz mahkemesi g\u00f6revini g\u00f6r\u00fcr. Bununla beraber \u00f6zellikle AT&#39;nun etkinlik alan\u0131nda i\u00e7tihat hukuku olu\u015fturarak politika kararlar\u0131n\u0131 verecek kurumlar\u0131n ileride g\u00f6z \u00f6n\u00fcnde tutmas\u0131 gereken esaslar belirlenmi\u015ftir.  <\/p>\n<p> 1990 y\u0131l\u0131nda Divana 380 olay aksetmi\u015f ve bunlardan 255&#39;i karara ba\u011flanm\u0131\u015ft\u0131r. Divandan \u00fcye olmayan \u00fclkelerle olan antla\u015fmalarla ilgili g\u00f6r\u00fc\u015f istenebilir. Tek senetle rekabet gibi baz\u0131 \u00f6nemli konular i\u00e7in &quot;Avrupa ilk Ba\u015fvuru Divan\u0131&quot; olu\u015fturulmu\u015ftur.  <\/p>\n<p> <strong>4 &#8211; Ekonomik ve Siyasal Komite:<\/strong>  <\/p>\n<p> Ortak pazar\u0131n ger\u00e7ekle\u015ftirilmesi i\u00e7in bir dan\u0131\u015fma organ\u0131 olan Ekonomik ve Sosyal Komite, i\u015fveren ve i\u015f\u00e7i temsilcileriyle, \u00e7ift\u00e7iler, t\u00fcketiciler gibi \u00e7\u0131kar gruplar\u0131n\u0131n temsilci \u00fcyelerinden olu\u015fmaktad\u0131r. Komisyonun herhangi bir \u00f6nerisi konsey taraf\u0131ndan kabul edilmeden \u00f6nce, g\u00f6r\u00fc\u015f\u00fc al\u0131nmak \u00fczere parlamentonun yan\u0131 s\u0131ra Ekonomik Sosyal Komiteye g\u00f6nderilir. Bu komitede \u00e7e\u015fitli gruplar mevcuttur ve bu gruplar, i\u015fveren (Grup I), i\u015f\u00e7i (Grup II) ve de\u011fi\u015fik \u00e7\u0131kar grup (Grup III) temsilcilerinden olu\u015fur.\u00a0\u00a0\u00a0  <\/p>\n<p> Komitenin bir ba\u015fkan, iki ba\u015fkan yard\u0131mc\u0131s\u0131,\u00a0 b\u00fcro \u00fcyeleri ve b\u00f6l\u00fcm ba\u015fkanlar\u0131 iki y\u0131l i\u00e7in komite \u00fcyelerince se\u00e7ilir.  <\/p>\n<p> Komitenin tek ba\u015f\u0131na g\u00f6r\u00fc\u015f bildirme yetkisi vard\u0131r. Konsey taraf\u0131ndan atanan 189 \u00fcyeden olu\u015fur ve \u00fcye \u00fclkelere da\u011f\u0131l\u0131m \u015f\u00f6yledir. Bel\u00e7ika 12, Danimarka 9, Fransa 24, Yunanistan 12, \u0130spanya 21,\u00a0 \u0130ngiltere 24.  <\/p>\n<p> Komite \u00fcyeleri kendi \u00fclkelerinde ikamet ederler ve sadece Komite Toplant\u0131lar\u0131nda Br\u00fcksel&#39;e gelirler.  <\/p>\n<p> <strong>5 &#8211; Yasama S\u00fcreci<\/strong>  <\/p>\n<p> AT&#39;da yasama s\u00fcrecinde, komisyon taraf\u0131ndan haz\u0131rlanan tasar\u0131lar\u0131 karara ba\u011flanmak \u00fczere Bakanlar Konseyine g\u00f6nderilir. Konseyde g\u00f6r\u00fc\u015f\u00fclen tasar\u0131 \u00fczerinde Avrupa Parlamentosunun ve Ekonomik ve Sosyal Komite&#39;nin g\u00f6r\u00fc\u015f\u00fc al\u0131n\u0131r. Komisyon&#39;da kabul edilen tasar\u0131 ilk g\u00f6r\u00fc\u015fme i\u00e7in Parlamentoya g\u00f6nderilir ve daha sonra Parlamentodan gelen tasar\u0131 \u00fczerinde yap\u0131lan g\u00f6r\u00fc\u015fmelerden sonra tekrar Parlamentoya ikinci g\u00f6r\u00fc\u015fme i\u00e7in g\u00f6nderilir ve g\u00f6r\u00fc\u015fmeden gelen tasar\u0131 konsey taraf\u0131ndan kabul edilir.\u00a0 Parlamentonun, tasar\u0131lar\u0131 konseyce kabul edilmeden de\u011fi\u015ftirme yetkisi vard\u0131r, ancak Parlamento Konsey&#39;in ilk g\u00f6r\u00fc\u015fmede benimsedi\u011fi ortak konumu ikinci g\u00f6r\u00fc\u015fmede reddederse, Komisyon bu karar\u0131 oy birli\u011fiyle ge\u00e7ersiz k\u0131labilir.  <\/p>\n<p> AT b\u00fct\u00e7esinin kabul edilmesi i\u00e7in hem Konsey hem de Parlamento taraf\u0131ndan onaylanmas\u0131 gerekir.  <\/p>\n<p> <strong>6 &#8211;\u00a0 Di\u011fer Kurumlar <\/strong> <\/p>\n<p> <strong>a &#8211; Avrupa Yat\u0131r\u0131m Bankas\u0131<\/strong>\u00a0  <\/p>\n<p> L\u00fcksemburg&#39;da bulunan Avrupa Yat\u0131r\u0131m Bankas\u0131\u00a0 (EIB) \u00fcye \u00fclkelerce sermayesi konarak kurulan ve kendi karar organlar\u0131na sahip bir bankad\u0131r. Bu banka b\u00f6lgesel kalk\u0131nma, enerji, haberle\u015fme, \u00e7evre,\u00a0 \u015firketlerin modernizasyonu, yeni i\u015f alanlar\u0131n\u0131n olu\u015fturulmas\u0131 ve \u00fcye \u00fclkelerin \u00e7\u0131karlar\u0131na olan projeler i\u00e7in kredi verir. Ayr\u0131ca Topluluk ile i\u015fbirli\u011fi antla\u015fmas\u0131 bulunan \u00fclkelere de kredi verir.  <\/p>\n<p> <strong>b &#8211; Say\u0131\u015ftay<\/strong>  <\/p>\n<p> 1 Haziran 1977&#39;de kurulan Say\u0131\u015ftay, Toplulu\u011fun b\u00fct\u00e7eden ve b\u00fct\u00e7e d\u0131\u015f\u0131ndan elde edilen t\u00fcm gelir ve giderlerini denetler. Ba\u011f\u0131ms\u0131z bir \u015fekilde \u00e7al\u0131\u015fan Say\u0131\u015ftay&#39;\u0131n 6 y\u0131ll\u0131k bir s\u00fcre i\u00e7in Konsey taraf\u0131ndan Avrupa Parlamentosuna dan\u0131\u015farak atanan 10 \u00fcyesi vard\u0131r.\u00a0  <\/p>\n<p> Say\u0131\u015ftay,\u00a0 b\u00fct\u00fcn bor\u00e7lanma ve kredi verme i\u015flemlerini, \u00f6zel ama\u00e7l\u0131 fonlar\u0131 denetler. Bu denetime b\u00fct\u00fcn mali kay\u0131tlar girer.\u00a0 Denetim raporu denetim sonunda yay\u0131mlan\u0131r.\u00a0  <\/p>\n<p> <strong>Ortak Pazar&#39;\u0131n as\u0131l anlam\u0131 ve amac\u0131; <\/strong> <\/p>\n<p> Yukar\u0131da da g\u00f6r\u00fcld\u00fc\u011f\u00fc gibi Ortak Pazar Almanya, \u0130talya, Fransa, Hollanda, Bel\u00e7ika ve L\u00fcksemburg devletlerinin 25 Mart 1957 tarihinde ROMA&#39;da hudutsuz bir s\u00fcre i\u00e7in imzalanan antla\u015fma ile kurduklar\u0131 ekonomik, k\u00fclt\u00fcrel, sosyal ve siyasi bir ortakl\u0131kt\u0131r. Avrupa Ekonomik Toplulu\u011funun k\u0131salt\u0131lm\u0131\u015f ad\u0131 olan AET&#39;ye\u00a0 (Ortak Pazar&#39;a)\u00a0 daha sonra \u0130ngiltere, \u0130rlanda,\u00a0 Danimarka ve nihayet Yunanistan&#39;\u0131n, arkas\u0131ndan \u0130spanya ve Portekiz&#39;in kat\u0131lmas\u0131yla \u00fcye say\u0131s\u0131 12&#39;ye y\u00fckseltilmi\u015ftir. \u015eimdi yeni \u00fcyeler girmekte veya s\u0131ra beklemektedir.\u00a0  <\/p>\n<p> Ortak Pazar&#39;\u0131n kurulu\u015funda g\u00f6r\u00fcnen ve gizlenen gayeler birbirinden farkl\u0131d\u0131r. G\u00f6r\u00fcn\u00fc\u015fte &quot;1. ve 2. D\u00fcnya harplerinde harabeye d\u00f6nen Avrupa&#39;y\u0131 yeniden imar etme ve d\u00fcnyada sayg\u0131n bir g\u00fc\u00e7 haline getirme projesine haz\u0131rl\u0131k olarak bir ekonomik i\u015fbirli\u011fi \u015feklinde g\u00f6ze \u00e7arpar.\u00a0 Bu gayeyi Avrupa&#39;da bir\u00a0 &quot;Katolik birli\u011fi kurma&quot;\u00a0 hevesinin te\u015fvik etti\u011fi sezilir. \u00c7\u00fcnk\u00fc Ortak Pazar fikri Roma antla\u015fmas\u0131ndan \u00f6nce Roma Katolik Kongresinde karara ba\u011flanm\u0131\u015ft\u0131r. Bu kongrede devrim \u00fc\u00e7 Katolik Ba\u015fbakan\u0131 De Gasperi, (\u0130talya), Schuman\u00a0 (Fransa), Adeneuer\u00a0 (Almanya) da bulunmaktad\u0131r.\u00a0  <\/p>\n<p> Ancak Ortak Pazar\u0131n\u0131n ger\u00e7ek gayesi bunlardan \u00e7ok daha ba\u015fkad\u0131r. Bahsetti\u011fimiz Roma anla\u015fmas\u0131n\u0131n k\u00e2\u011f\u0131da yaz\u0131lan maddelerini okumakla ortak pazar\u0131n hakiki h\u00fcviyetini tesbit etmek m\u00fcmk\u00fcn de\u011fildir. Ortak Pazar ve Roma anla\u015fmas\u0131n\u0131n mana ve mahiyetini anlayabilmek i\u00e7in bu kurulu\u015fta D\u00fcnya Siyonizm&#39;inin oynad\u0131\u011f\u0131 rol\u00fc bilmek mecburiyeti vard\u0131r.\u00a0  <\/p>\n<p> B\u00fct\u00fcn Semavi kitaplar\u0131n ve Kur&#39;an&#39;\u0131n lisan\u0131yla lanetlenmeye m\u00fcstahak olmu\u015f, din ve \u0131rk taassubunu kayna\u015ft\u0131rm\u0131\u015f olan siyonistler muharref Tevrat&#39;a g\u00f6re &quot;Tanr\u0131n\u0131n \u00f6z ve se\u00e7kin kullar\u0131 olarak kendilerine vaad etti\u011fi D\u00fcnya h\u00e2kimiyeti &quot; mukaddes gayesini(!) ger\u00e7ekle\u015ftirebilmek i\u00e7in 2000 y\u0131ll\u0131k esaret ve zillet hayat\u0131n\u0131n da kam\u00e7\u0131lad\u0131\u011f\u0131 bir ihtirasla \u00e7\u0131rp\u0131nmaktad\u0131r.\u00a0 M\u00fcsl\u00fcmanl\u0131kla Hristiyanl\u0131\u011f\u0131 ve \u00e7e\u015fitli milliyet\u00e7i unsurlar\u0131 bu gayenin\u00a0 (Siyonizm&#39;in) ger\u00e7ekle\u015fmesine engel sayd\u0131klar\u0131 i\u00e7in \u00e7e\u015fitli oyunlar ve olu\u015fumlarla bu engelleri kald\u0131rmak i\u00e7in tuzaklar haz\u0131rlanmaktad\u0131r.\u00a0  <\/p>\n<p> Bundan yakla\u015f\u0131k 100 sene kadar \u00f6nce Viyana&#39;da ya\u015fam\u0131\u015f olan ve bug\u00fcn \u0130srail Parlamentosu \u015feref b\u00f6l\u00fcm\u00fcnde heykeli bulunan me\u015fhur Siyonist haham\u0131 Teodor Herzl, Yahudilerin D\u00fcnya h\u00e2kimiyetini ger\u00e7ekle\u015ftirebilmeleri i\u00e7in bir plan haz\u0131rlam\u0131\u015f ve \u0130srail o\u011fullar\u0131na sunmu\u015ftur. Bu plan\u0131n i\u00e7erisinde bilhassa 3 madde her m\u00fcsl\u00fcman\u0131n mutlaka bilmesi ve hat\u0131rda bulundurmas\u0131 laz\u0131m gelen hususlard\u0131r.\u00a0  <\/p>\n<p> 1. Madde: \u0130slam \u00fclkelerinin ortas\u0131nda bir \u0130srail Devleti kuracaks\u0131n\u0131z.  <\/p>\n<p> 2. Madde: Bu devletin hudutlar\u0131n\u0131 \u00e7izdi\u011fim haritadaki topraklara kadar geni\u015fleteceksiniz\u00a0 (ki bu haritada T\u00fcrkiye&#39;mizin m\u00fchim bir k\u0131sm\u0131 \u0130srail&#39;in vilayeti olarak g\u00f6sterilmi\u015ftir)  <\/p>\n<p> 3. Madde: D\u00fcnyadaki b\u00fct\u00fcn ekonomik ve siyasi kilit noktalar\u0131n\u0131 ele ge\u00e7irdikten ve bu topraklara sahip olduktan sonra d\u00fcnya h\u00e2kimiyeti kap\u0131lar\u0131n\u0131 a\u00e7m\u0131\u015f ve &quot;Siyonizm ideali&quot;ni ger\u00e7ekle\u015ftirmi\u015f olacaks\u0131n\u0131z.  <\/p>\n<p> Verdi\u011fimiz bu \u00f6z, fakat \u00f6nemli bilgilerin \u0131\u015f\u0131\u011f\u0131nda yeni bir yakla\u015f\u0131mla Ortak Pazar konusuna tekrar d\u00f6nelim. Acaba siyonistler ni\u00e7in; Ortak Pazar ve Ekonomik i\u015fbirli\u011fini sa\u011flamak ve &quot;Avrupa Birle\u015fik Devletlerini&quot; kurmak niyet ve hevesindedir&#8230; \u015eunun i\u00e7in, \u00f6nce devletleraras\u0131ndaki g\u00fcmr\u00fck duvarlar\u0131 kald\u0131r\u0131lacak.\u00a0 (vaktiyle Bismark&#39;\u0131n Almanya&#39;da bir tak\u0131m k\u00fc\u00e7\u00fck feodal devletleri birle\u015ftirdi\u011fi plan gibi) art\u0131k s\u0131n\u0131rlar haritalardaki sembolik \u00e7izgilerden ibaret kalacak. Bir ka\u00e7 y\u0131l evvel kabul edilen (Ortak pasaport) uygulamas\u0131yla b\u00fct\u00fcn Avrupal\u0131lar tek devletin vatanda\u015flar\u0131 durumuna getirilecek. Ortak para birimine ge\u00e7ilecek. Ekonomik, ticari, siyasi, hukuki ve k\u00fclt\u00fcrel ortak kanunlar ve kurumlar geli\u015ftirilecek ve ad\u0131m ad\u0131m giderek \u00fcye \u00fclkelerin h\u00fck\u00fcmranl\u0131k haklar\u0131 ellerinden al\u0131narak ortak ve yetkili Avrupa Konseyine devredilmek suretiyle &quot;Avrupa Birle\u015fik Devletleri&quot; do\u011fmu\u015f olacakt\u0131r.\u00a0  <\/p>\n<p> Evet, Siyonistler i\u015fte \u015fu ama\u00e7larla b\u00f6yle bir Avrupa birli\u011fini arzu etmektedir?\u00a0  <\/p>\n<p> 1- G\u00fcmr\u00fck duvarlar\u0131n\u0131n kald\u0131r\u0131lmas\u0131, servet h\u0131rs\u0131n\u0131n ve \u015fehvet i\u015ftihas\u0131n\u0131n kam\u00e7\u0131lanmas\u0131 ile ba\u015flayacak s\u0131na\u00ee, ticari ve turistik g\u00f6\u00e7ler ve kayna\u015fmalar sonucu \u0130ngiliz,\u00a0 Alman, Frans\u0131z, Yunan vb. \u00e7e\u015fitli unsurlardaki milliyet\u00e7ilik damarlar\u0131n\u0131 ve ba\u011f\u0131ms\u0131z \u015fahsiyet duygular\u0131n\u0131 k\u00f6rletip kozmopolit bir topluluk olu\u015fturmak&#8230; \u00c7\u00fcnk\u00fc Fa\u015fizm ve Nazizm gibi milliyet\u00e7i hareketlerin Yahudi&#39;ye pahal\u0131ya mal oldu\u011fu unutulmamal\u0131d\u0131r&#8230; M\u00fcsl\u00fcmanlar\u0131 ba\u011fl\u0131yacak ve bar\u0131\u015ft\u0131racak tek unsur din oldu\u011fu i\u00e7in, \u0130slam \u00fclkelerinde \u0131rk\u00e7\u0131l\u0131k cereyanlar\u0131n\u0131 k\u00f6r\u00fckleyen Siyonistler, Avrupa&#39;da ise tam tersine milliyet\u00e7i ak\u0131mlar\u0131n\u0131 k\u00f6rletmeye \u00e7al\u0131\u015fmaktad\u0131r.\u00a0  <\/p>\n<p> 2- Daha \u00f6nceki Yahudi dan\u0131\u015fmanlar\u0131n\u0131n tesiriyle Papa taraf\u0131ndan ortaya at\u0131lan ve bir k\u0131s\u0131m mutaass\u0131p Katolik liderlerin heveslerini kam\u00e7\u0131layan &quot;Katolik Birli\u011fi&quot; tezi,\u00a0 giderek Protestan olan \u0130ngiltere ve \u0130skandinav \u00fclkelerinin de ortakl\u0131\u011fa al\u0131nmas\u0131yla Katolik-Protestan kayna\u015fmas\u0131 sonucu bir &quot;Hristiyan birli\u011fi&quot; olu\u015fturma hadisesine d\u00f6n\u00fc\u015fm\u00fc\u015ft\u00fcr. B\u00f6yle davranmakla Siyonistler, Hem b\u00fct\u00fcn Hristiyanlara cazip gelecek bir Ha\u00e7l\u0131 ruhunu ok\u015fay\u0131p istismar ederken, bir yandan da zaten daha \u00f6nce as\u0131rlar boyu dejenere ve tahrif ettikleri Hristiyanl\u0131\u011f\u0131n din yerine kaim olan mezhep gayretlerini de hepten yozla\u015ft\u0131r\u0131p s\u00f6nd\u00fcrmeyi d\u00fc\u015f\u00fcnmektedir. \u00a0  <\/p>\n<p> 3- Siyonizm&#39;in Birle\u015fik Avrupa Devletini kurmadaki \u00fc\u00e7\u00fcnc\u00fc \u00e7\u0131kar\u0131 ise\u00a0 &quot;ortada sermaye olsun ama bu sermayenin sahibi kimdir? Diye sorulmas\u0131n ve bilinmesin&quot; temel tezine zemin haz\u0131rlanm\u0131\u015f olmakt\u0131r.\u00a0 Nitekim kurulu\u015fundan bug\u00fcne kadar ortak pazar \u00fclkelerinde 4000&#39;den fazla b\u00fcy\u00fck firma Amerikal\u0131 Siyonist \u00e7evreler taraf\u0131ndan sat\u0131n al\u0131nm\u0131\u015ft\u0131r. Bu firmalar\u0131n her y\u0131l Amerika&#39;daki Yahudi kasalar\u0131na aktard\u0131klar\u0131 k\u00e2r ve faiz miktar\u0131 T\u00fcrkiye&#39;nin 10 y\u0131ll\u0131k b\u00fct\u00e7esinin \u00fczerindedir.\u00a0 Bug\u00fcn Avrupa sanayiinin \u00f6nemli bir k\u0131sm\u0131 Yahudi k\u00f6kenli uluslar aras\u0131 dev \u015firketler taraf\u0131ndan sat\u0131n al\u0131nm\u0131\u015ft\u0131r. Mesela me\u015fhur Alman sanayiinin y\u00fczde 40&#39;a yak\u0131n bir b\u00f6l\u00fcm\u00fc Amerikal\u0131 Siyonist \u00e7evrelerin eline ge\u00e7mi\u015f bulunmaktad\u0131r.\u00a0  <\/p>\n<p> \u0130\u015fte Ortak Pazar bu maksatlarla kurulmu\u015ftur. Onun i\u00e7in Roma antla\u015fmas\u0131 \u00e7e\u015fitli milliyet\u00e7i reaksiyonlar\u0131 \u00f6nlemek amac\u0131yla ile &quot;Sadece Avrupa&#39;n\u0131n \u00e7\u0131karlar\u0131n\u0131 ama\u00e7layan ekonomik bir ortakl\u0131k&quot; olarak g\u00f6sterilmi\u015f,\u00a0 antla\u015fma metni ve maddeleri titizlik ve ustal\u0131kla Siyonistlerin as\u0131l maksad\u0131n\u0131 ve sinsi emellerini \u00f6rten k\u0131l\u0131flar olarak haz\u0131rlanm\u0131\u015ft\u0131r.\u00a0  <\/p>\n<p> Ancak \u015feytan\u0131n maskesi d\u00fc\u015fm\u00fc\u015f, bizzat Ortak Pazar \u00fclkeleri i\u00e7erisinde ortak pazara kar\u015f\u0131 hakl\u0131 tepkiler ba\u015flam\u0131\u015ft\u0131r. Bu y\u00fczden mesela Fransa b\u00fcy\u00fck hadiselere sahne olmu\u015ftur. Me\u015fhur Siyonist Rotchild&#39;in eski m\u00fcd\u00fcr\u00fc olan Fransa cumhurba\u015fkanlar\u0131ndan Pompido &quot;Ortak pazarda tek devleti ger\u00e7ekle\u015ftirelim&quot; derken Frans\u0131z eski savunma bakan\u0131 Remet &quot;Hay\u0131r bu kadar ileri gidemeyiz. Ortada Fransa kalmayacak&quot; diye diretiyordu. O g\u00fcnlerin L\u00fcksemburg ba\u015fbakan\u0131 Wernerin &quot;Bir an evvel Avrupa Ortak Pazar\u0131na ge\u00e7me projesi&quot; bu \u00e7eki\u015fmeler sonucu ertelenerek gerginle\u015fen hava da\u011f\u0131t\u0131lmaya \u00e7al\u0131\u015f\u0131lm\u0131\u015f,\u00a0 ne var ki ortak pazar\u0131n bir siyonist oyunu oldu\u011fu art\u0131k anla\u015f\u0131lm\u0131\u015ft\u0131r. Avrupa&#39;daki bir\u00e7ok milliyet\u00e7i \u00e7evrelerin sert tepkilerine hedef olmaya ba\u015flam\u0131\u015ft\u0131r. Bug\u00fcn Avrupa bas\u0131n\u0131 bu\u00a0 t\u00fcr\u00a0 kar\u015f\u0131\u00a0 tepki\u00a0 ve reaksiyonlara terc\u00fcman olmaktad\u0131r.  <\/p>\n<h3>ORTAK PAZAR VE T\u00dcRK\u0130YE<\/h3>\n<p> \u00d6nce zihinleri kurcalayan \u015fu sorunun cevab\u0131n\u0131 verelim. Siyonistler T\u00fcrkiye&#39;yi ni\u00e7in Ortak Pazara sokmak istiyorlar? Bu sorunun biri siyasi di\u011feri ekonomik iki \u00f6nemli cevab\u0131 vard\u0131r:  <\/p>\n<p> Birincisi, T\u00fcrkiye bug\u00fcn 70 milyona yak\u0131n gen\u00e7 insan potansiyeli ile, n\u00fcfusu 1.5 milyara varan \u0130slam \u00e2leminin ba\u015f\u0131 konumundad\u0131r. \u015eu anda ipi k\u0131r\u0131lm\u0131\u015f tespih taneleri gibi birbirinden kopar\u0131lm\u0131\u015f \u0130slam \u00fclkelerini &quot;birlikte hareket&quot; \u015fuuruna ula\u015ft\u0131rmada T\u00fcrkiye &quot;\u0130mame&quot; rol\u00fcn\u00fc oynayabilecek, yeniden sa\u011flam bir &quot;ip&quot; etraf\u0131nda dizilip birle\u015fmelerini sa\u011flayabilecek imk\u00e2nlara sahiptir. \u0130\u015fte, Siyonistler bu konum ve sorumluluktaki T\u00fcrkiye&#39;yi \u0130slam \u00e2leminden kopar\u0131p 200 milyonu Katolik,\u00a0 200 milyonu da Protes&#39;tan olan yakla\u015f\u0131k 400 milyonluk Hristiyan potas\u0131 i\u00e7erisinde eritmek arzusu ile ortak pazara sokmaya \u00e7al\u0131\u015fmaktad\u0131r.\u00a0  <\/p>\n<p> \u0130kinci sebep, T\u00fcrkiye&#39;yi Avrupa&#39;n\u0131n a\u00e7\u0131k pazar\u0131 ve bir nevi Siyonizmin s\u00f6m\u00fcrgesi haline getirebilmektir. Ortak Pazar antla\u015fmas\u0131n\u0131n i\u00e7erisinde &quot;ortak pazara \u00fcye \u00fclkelerde i\u015f bulmak,\u00a0 m\u00fclkiyet sahibi olmak, yerle\u015fip kalmak, toprak sat\u0131n almak&quot; serbest olacakt\u0131r. Yani T\u00fcrkiye&#39;yi harplerle i\u015fgal edemeyenler b\u00f6ylesine sinsi planlarla ve parayla sat\u0131n almak gayesini g\u00fctmektedirler. Maalesef paraya muhta\u00e7 ve meftun hale getirilen vatanda\u015flar\u0131m\u0131za cazip gelecek fiyatlar \u00f6denerek tabiri caizse &quot;boyal\u0131 k\u00e2\u011f\u0131t tomarlar\u0131&quot; ile \u015fehit kan\u0131yla yo\u011frulmu\u015f mukaddes vatan topraklar\u0131 elimizden al\u0131nmak istenmektedir. Yak\u0131n tarihte bunun en a\u00e7\u0131k ve ac\u0131 \u00f6rne\u011fi K\u0131br\u0131s&#39;ta g\u00f6r\u00fclm\u00fc\u015ft\u00fcr. Yakla\u015f\u0131k 100 sene \u00f6ncesine kadar T\u00fcrkler K\u0131br\u0131s&#39;ta hem n\u00fcfus bak\u0131m\u0131ndan hem de arazi sahibi olarak b\u00fcy\u00fck bir \u00e7o\u011funlu\u011fa sahiptiler. Zamanla planl\u0131 olarak Rumlar arazi sat\u0131n alarak ye\u015fil adaya yerle\u015fmi\u015f bug\u00fcn \u00e7o\u011funlu\u011fu elde etmi\u015fler ve siyasi h\u00e2kimiyet sevdas\u0131na d\u00fc\u015fm\u00fc\u015fler ve bir noktada bunu ba\u015farm\u0131\u015flard\u0131r. Milli G\u00f6r\u00fc\u015f\u00fcn gayret ve cesaretiyle 74 harekat\u0131 yap\u0131lmasayd\u0131 belki bug\u00fcn KKTC bile olmayacakt\u0131.\u00a0 Filistin&#39;de bir \u0130srail Devleti kurulmas\u0131 da aynen b\u00f6yle yap\u0131lm\u0131\u015ft\u0131r.  <\/p>\n<p> T\u00fcrkiye&#39;yi bir seferde de\u011fil de 22 y\u0131ll\u0131k bir haz\u0131rl\u0131k ve ge\u00e7i\u015f d\u00f6neminden sonra tam \u00fcyeli\u011fe kabul etmelerinin de iki sebebi vard\u0131r:  <\/p>\n<p> Birincisi; Ortak Pazar\u0131n Siyonist ama\u00e7lar\u0131ndan habersiz, sadece &quot;Avrupa&#39;n\u0131n ekonomik \u00e7\u0131karlar\u0131n\u0131 ve gelece\u011fini garantileyen bir ortakl\u0131k&quot; oldu\u011fu kanaatine sahip olan Hristiyan Avrupal\u0131lar. Kin ve intikam dolu olduklar\u0131 ve nefret nazar\u0131yla bakt\u0131klar\u0131 m\u00fcsl\u00fcman T\u00fcrkiye&#39;yi kendilerinden biri say\u0131p aralar\u0131na kabul edemeyeceklerini bilen \u015feytani \u00e7evreler. &quot;T\u00fcrkiye&#39;yi bir a\u00e7\u0131k pazar ve s\u00f6m\u00fcrge haline getirip, T\u00fcrkleri de bir i\u015f\u00e7i ve u\u015fak olarak kullanmak maksad\u0131yla ortak pazara kabul edecekleri hususunu&quot; Avrupa kamuoyuna inand\u0131rmak ve muhtemel tepkileri \u00f6nlemek i\u00e7in belli bir zamana ihtiya\u00e7 duyulmu\u015ftur.\u00a0  <\/p>\n<p> \u0130kincisi; T\u00fcrkiye&#39;de de ortak pazar\u0131n sinsi planlar\u0131n\u0131 ve ac\u0131 sonu\u00e7lar\u0131n\u0131 anlayacak, en az\u0131ndan Avrupa&#39;n\u0131n geli\u015fen ekonomisi kar\u015f\u0131s\u0131nda rekabet g\u00fcc\u00fc bulunmayan T\u00fcrk ekonomisinin \u00e7\u00f6kme tehlikesine kar\u015f\u0131 \u00e7\u0131kacak ve m\u00fcsl\u00fcman T\u00fcrk halk\u0131n\u0131n Hristiyan ve ahlaks\u0131z Avrupal\u0131larla kar\u0131\u015fmas\u0131n\u0131n yapaca\u011f\u0131 tahribata tahamm\u00fcl edemeyerek parlayacak milli ve manevi heyecan dalgalar\u0131n\u0131, planlanan bir s\u00fcrede, \u00e7e\u015fitli ve etkili propagandalarla s\u00f6nd\u00fcrmek ve sindirmek&#8230;  <\/p>\n<p> &#160; <\/p>\n<p> <strong>T\u00dcRK\u0130YE ORTAK PAZARA G\u0130RERSE NE OLUR? <\/strong> <\/p>\n<p> T\u00fcrkiye bu haliyle \u015fayet ortak pazara girerse 3 tehlikeli sonu\u00e7la kar\u015f\u0131la\u015facakt\u0131r.  <\/p>\n<p> 1- Siyasi sahada Milli h\u00e2kimiyet prensibi ihlal edilerek h\u00fck\u00fcmranl\u0131k haklar\u0131m\u0131z planl\u0131 ve sinsi ad\u0131mlarla ortak pazar konseyine devredilmek suretiyle T\u00fcrkiye ba\u011f\u0131ml\u0131 bir dominyon haline gelmek bahts\u0131zl\u0131\u011f\u0131na u\u011frayacakt\u0131r.  <\/p>\n<p> Ortak pazar Roma antla\u015fmas\u0131n\u0131n a\u015fa\u011f\u0131da kaybedece\u011fimiz baz\u0131 maddeleri bu endi\u015felerimiz hakl\u0131 \u00e7\u0131karmaktad\u0131r.\u00a0  <\/p>\n<p> Madde 12: &quot;Milli h\u00fck\u00fcmetler g\u00fcmr\u00fck vergisi veya g\u00fcmr\u00fck vergisi yerine ge\u00e7ecek ba\u015fka vergiler koyamazlar&quot;  <\/p>\n<p> Madde 25: &quot;ortak pazar d\u0131\u015f\u0131 \u00fclkelerden ithalat ve ihracat, mutlaka komisyonun iznine ve bilgisine ba\u011fl\u0131d\u0131r.&quot;  <\/p>\n<p> Madde 40-45: \u00dcye \u00fclkelerdeki &quot;Milli nizamlar kald\u0131r\u0131lacak yerine ortak nizamlar koyulacakt\u0131r.  <\/p>\n<p> Madde 54: &quot;Yerle\u015fme serbest\u00eesini s\u0131n\u0131rlayan kanunlar kald\u0131r\u0131lacakt\u0131r. Serbest meslek sahipleri ve i\u015f\u00e7iler istedi\u011fi anda ve istedi\u011fi yerde yerle\u015fip \u00e7alabilecek ve di\u011fer bir \u00fclkede gayrimenkul edinebilecektir.&quot;  <\/p>\n<p> Madde 58: &quot;\u015eirketlere m\u00fclk edinme ve yerle\u015fme hakk\u0131 tan\u0131nm\u0131\u015ft\u0131r.&quot;  <\/p>\n<p> Madde 67: &quot;Sermaye hareketleri serbesttir&quot;  <\/p>\n<p> Madde 89: (Korkun\u00e7 maddelerden biri) &quot;Bu prensiplerin ihlaline son verilmedi\u011fi taktirde komisyon gere\u011fini tesbit edip karar\u0131n\u0131 verir. Durumun d\u00fczeltilmesi i\u00e7in \u015fartlar\u0131n\u0131 ve \u015feklini yine komisyonun tayin edece\u011fi tedbirleri almaya \u00fcye devletleri yetkili k\u0131lar.&quot;  <\/p>\n<p> Madde 100-101: &quot;Konsey, \u00fcye devletlere direktif verebilecek, bunlara uyulmad\u0131\u011f\u0131 taktirde ise aleyhlerine gereken tedbirleri alabilecektir.&quot;  <\/p>\n<p> Gerekti\u011finde konseyin (Tedbir alma) yetki ve tehdidi bir\u00e7ok maddelerde zikredildi\u011fi halde bu tedbirlerin ne oldu\u011fu a\u00e7\u0131klanmam\u0131\u015ft\u0131r. Anla\u015f\u0131lan bu tedbir kap\u0131lar\u0131 askeri istilaya kadar a\u00e7\u0131kt\u0131r.  <\/p>\n<p> Madde 211: &quot;Topluluk her \u00fcye devlette milli mevzuatlarla h\u00fckmi \u015fahsiyetlere tan\u0131nan en geni\u015f hukuki ehliyeti haizdir. Topluluk menkul ve gayrimenkul (ta\u015f\u0131n\u0131r ve ta\u015f\u0131nmaz) mallar alabilir, bunlar\u0131 devredebilir, dava a\u00e7abilir, Her konuda toplulu\u011fu komisyon temsil eder.&quot;  <\/p>\n<p> Alt\u0131nda gizlenmeye \u00e7al\u0131\u015f\u0131lan \u015feytani ama\u00e7lar\u0131n rahatl\u0131kla anla\u015f\u0131ld\u0131\u011f\u0131 bu maddelerin de g\u00f6sterdi\u011fi gibi, ortak pazara kat\u0131lma heves ve karar\u0131, ekonomik cihetiyle bile ba\u011f\u0131ms\u0131zl\u0131\u011f\u0131m\u0131z\u0131 ve gelece\u011fimizi tehdit eden \u00e7ok tehlikeli bir giri\u015fimdir.  <\/p>\n<p> 2. Tehlike: Ekonomik sahada ortak pazar milli sanayimizi k\u00f6stekleyecek, k\u00f6rletecek ve nihayet k\u00f6k\u00fcnden s\u00f6nd\u00fcrecektir. G\u00fcmr\u00fck duvarlar\u0131 kald\u0131r\u0131laca\u011f\u0131ndan Avrupa&#39;n\u0131n geli\u015fmi\u015f ve g\u00fc\u00e7le\u015fmi\u015f sanayi mamulleri, a\u00e7\u0131k pazar haline gelecek T\u00fcrk piyasalar\u0131na h\u00e2kim olacak, Avrupa sanayii ile rekabet etme g\u00fcc\u00fcne ula\u015fmam\u0131\u015f yerli ve milli sanayimiz hen\u00fcz emekleme ve canlanma devresinde iken bo\u011fulacakt\u0131r. Nispeten g\u00fc\u00e7l\u00fc ve oturmu\u015f sanayi kurulu\u015flar\u0131m\u0131z ve fabrikalar\u0131m\u0131z da bug\u00fcn Avrupa&#39;da oldu\u011fu gibi paral\u0131 siyonist \u00e7evrelerce sat\u0131n al\u0131nacakt\u0131r. ve bu durum zaten \u015fimdiden ba\u015flam\u0131\u015ft\u0131r. Tehlike bununla da kalmayacak, \u015fartlar\u0131n zorlamas\u0131 sonucu orta halli t\u00fcccar\u0131m\u0131z, el eme\u011fi ile ve al\u0131n teri ile kazanan esnaf ve sanatkarlar\u0131m\u0131z iflasa s\u00fcr\u00fcklenmi\u015f olacakt\u0131r. O zaman T\u00fcrkiye&#39;de orta s\u0131n\u0131f kald\u0131r\u0131l\u0131p ba\u015ftan ba\u015fa sefil i\u015f\u00e7iler ve &quot;Demokrat k\u00f6leler&quot; \u00fclkesi olacakt\u0131r.  <\/p>\n<p> Siyonizm&#39;in buland\u0131rd\u0131\u011f\u0131 bu felaket ve rezalet asr\u0131n\u0131n son bulunmas\u0131nda ve in\u015fallah saadet ve selamet \u00e7a\u011f\u0131n\u0131n kap\u0131lar\u0131n\u0131n yeniden a\u00e7\u0131lmas\u0131nda \u00e7ok m\u00fchim rol oynayan Erbakan Hoca ortak pazar\u0131 3 katl\u0131 bir binaya benzetmektedir; &quot;Bu binan\u0131n en \u00fcst kat\u0131nda Siyonist sermayedarlar ve Yahudi patronlar oturmu\u015flard\u0131r. Bu binan\u0131n orta kat\u0131nda ise Avrupal\u0131lar k\u00e2hya ve sekreter olarak Siyonist sermayenin hizmetkarlar\u0131 durumunda bulunmaktad\u0131r. Alt kata gelince, buraya da i\u015f\u00e7i ve u\u015fak gerekti\u011finden T\u00fcrkiye i\u015fte bu maksatla birinci kata \u00e7ekilme\u011fe haz\u0131rlanmaktad\u0131r.&quot;  <\/p>\n<p> \u00dc\u00e7\u00fcnc\u00fc tehlike: Ortak pazara girmekle \u00e7e\u015fitli \u00f6zendirici ve mecbur edici \u015fartlar sonucu dejenere olmu\u015f Avrupa halklar\u0131yla kar\u0131\u015fmak suretiyle milli ve manevi de\u011ferlerimiz tamamen tahrip edilecek, M\u00fcsl\u00fcman T\u00fcrk toplumu yozla\u015ft\u0131r\u0131lacak, bat\u0131l\u0131la\u015fmak hevesiyle bat\u0131r\u0131lacakt\u0131r.  <\/p>\n<p> Ortak pazar antla\u015fmas\u0131na g\u00f6re yabanc\u0131lar rahatl\u0131kla \u00fclkemize yerle\u015febilecekleri, i\u015f ve meslek sahibi olabilecekleri, toprak ve m\u00fclkiyet sat\u0131n alabilecekleri i\u00e7in bize g\u00f6re n\u00fcfus yo\u011funlu\u011fu \u00e7ok fazla olan Bat\u0131 Avrupa&#39;dan yurdumuza haliyle bir hristiyan ak\u0131m\u0131 ba\u015flayacakt\u0131r. Bunlar her t\u00fcrl\u00fc adet ve rezaletlerini de birlikte getireceklerinden halk\u0131m\u0131zla kar\u0131\u015f\u0131p kayna\u015facak b\u00f6ylece bizi &quot;Biz&quot; yapan de\u011ferler ve \u00f6l\u00e7\u00fcler b\u00fct\u00fcn\u00fcyle kaybolacak, ortada kozmopolit ve \u015fahsiyetsiz bir kalabal\u0131k olu\u015facakt\u0131r.  <\/p>\n<p> &#160; <\/p>\n<p> <strong>SONU\u00c7<\/strong>  <\/p>\n<p> Ortak pazarla T\u00fcrkiye&#39;nin ili\u015fkileri ne merkezde ve nas\u0131l olmal\u0131d\u0131r?  <\/p>\n<p> T\u00fcrkiye bu t\u00fcr birle\u015fmeye asla yana\u015fmadan ortak pazar \u00fclkeleriyle milli menfaatlerimize uygun ikili anla\u015fmalar yoluyla ili\u015fkilerini s\u00fcrd\u00fcrebilir ve geli\u015ftirebilir.  <\/p>\n<p> Bu g\u00fcn Avrupal\u0131 bir \u00e7ok \u00fclkeler, ortak pazarla birle\u015fip tek devlet olmaya yana\u015fmadan yapt\u0131klar\u0131 ikili anla\u015fmalarla ili\u015fkilerini pekala y\u00fcr\u00fctmektedir. \u00c7\u00fcnk\u00fc ortak pazar asl\u0131nda temel yap\u0131s\u0131 itibar\u0131yla &quot;b\u00fcy\u00fck sermaye a\u011flar\u0131n\u0131n kol gezdi\u011fi, kuvvetli sermayenin zay\u0131f sermayeyi eritti\u011fi&quot; bir d\u00fczen \u00fczerine kurulmu\u015ftur. Ortak pazar\u0131n ger\u00e7ek gayesi ve esas i\u00e7eri\u011fi b\u00fct\u00fcn \u00e7\u0131plakl\u0131\u011f\u0131yla milletimize a\u00e7\u0131klanmal\u0131d\u0131r. Ve ortak pazara girip girmeme konusundaki karar\u0131 ancak bir referandum sonucu milletimizin kendisi vermelidir Bu g\u00fcne kadar ortak pazara girmek i\u00e7in can atan siyasi iktidarlar ve partiler ortak pazar\u0131n ger\u00e7ek manas\u0131n\u0131 ve maksad\u0131n\u0131 milletimizden saklam\u0131\u015f &quot;basit bir ticari anla\u015fma&quot; olarak savunmaya \u00e7al\u0131\u015fm\u0131\u015flard\u0131r. \u0130ngiltere gibi bir\u00e7ok bat\u0131l\u0131 \u00fclkelerde bile ortak pazar\u0131n anlam\u0131 ve amac\u0131 samimiyetle topluma anlat\u0131ld\u0131ktan sonra, girip girmeme hususunda karar verebilmek i\u00e7in halk\u0131n oyuna m\u00fcracaat edilmi\u015ftir.  <\/p>\n<p> H\u00e2lbuki Avrupal\u0131lar iktisadi ve Ahlaki yap\u0131lar\u0131 itibariyle pek farkl\u0131l\u0131k arz etmeyen H\u0131ristiyan topluluklar\u0131d\u0131r. Birbirleriyle rahatl\u0131kla kayna\u015f\u0131p uyu\u015fabilirler Ancak bizim gibi din ve d\u00fcnya anlay\u0131\u015f\u0131 milli ve manevi yap\u0131s\u0131 bak\u0131m\u0131ndan Hristiyan bat\u0131 \u00e2lemiyle aras\u0131nda derin farkl\u0131l\u0131klar bulunan M\u00fcsl\u00fcman bir toplumun Avrupa Toplulu\u011funa kat\u0131lma konusunda onlardan \u00e7ok daha titiz davranmas\u0131 ve gayet uyan\u0131k bulunmas\u0131 gerekmektedir. T\u00fcrkiye&#39;den sonra \u0130srail&#39;in de AT&#39;ye girmek hususundaki hile ve haz\u0131rl\u0131\u011f\u0131 da \u00fczerinde durulacak ve d\u00fc\u015f\u00fcn\u00fclecek bir meseledir.  <\/p>\n<p> Biz bat\u0131ya u\u015fak ve kuyruk olaca\u011f\u0131m\u0131za \u0130slam alemine lider ve lokomotif olmaya \u00e7al\u0131\u015fmal\u0131, \u0130slam birle\u015fmi\u015f milletleri, \u0130slam ortak Pazar\u0131, Askeri savunma Pakt\u0131, E\u011fitim ve k\u00fclt\u00fcr i\u015fbirli\u011fi Anla\u015fmas\u0131 ve \u0130slam ortak dinar\u0131 gibi te\u015fkilatlar\u0131m\u0131z\u0131 bir an evvel kurmal\u0131 ve bu maksatla Milli g\u00f6r\u00fc\u015f\u00fc mutlaka iktidara ta\u015f\u0131mal\u0131y\u0131z.  <\/p>\n<p> &quot;Tuzlaya d\u00fc\u015f\u00fcp \u00f6len bir merkebin eti tuz kesece\u011finden bunun helal oldu\u011fu ve yenilebilece\u011fi&quot; f\u0131k\u0131h kitaplar\u0131nda h\u00fckme ba\u011flanm\u0131\u015ft\u0131r.  <\/p>\n<p> Yani:  <\/p>\n<p> &quot;Tuzlaya d\u00fc\u015fen tuzla\u015f\u0131r&#8230; Avrupa bata\u011f\u0131na giren \u00e7amurla\u015f\u0131r&quot;  <\/p>\n<p> Ama giri\u015fte de belirtti\u011fimiz gibi AT Siyonizm&#39;in etkisinden \u00e7\u0131kar bar\u0131\u015f\u00e7\u0131 hedeflere y\u00f6nelirse elbette durum de\u011fi\u015fir. Bunun yan\u0131nda ikili anla\u015fmalar \u015feklinde kar\u015f\u0131l\u0131kl\u0131 \u00e7\u0131kar dengelerine dayal\u0131 her t\u00fcrl\u00fc ili\u015fkiler Bat\u0131 ile geli\u015ftirilebilir.  <\/p>\n<p> &#160; <\/p>\n<p> <strong>Bir Frans\u0131z yetkilinin itiraflar\u0131;<\/strong>  <\/p>\n<p> Fransa&#39;n\u0131n eski d\u0131\u015fi\u015fleri bakanlar\u0131ndan ve Avrupa toplulu\u011funun Akdeniz, Asya ve Latin Amerika sorumlular\u0131ndan, Frans\u0131z parlamentosunda sosyalist gurubun ba\u015fkan\u0131 olan ve halen Fransa milletvekili olarak Avrupa Parlamentosunda \u00fcye bulunan, ayraca Fransa eski Cumhurba\u015fkan\u0131n e\u015fi bayan Mitterand&#39;\u0131n\u00a0 ba\u015f\u0131ndaki vakf\u0131n ba\u015fkan\u00a0 yard\u0131mc\u0131l\u0131\u011f\u0131 ve me\u015fhur Le Monde Gazetesinin y\u00f6netim\u00a0 kurulu\u00a0 \u00fcyeli\u011fi etiketlerini de\u00a0 ta\u015f\u0131yan Claude\u00a0 CNEYSSON\u00a0 adl\u0131 gavur, T\u00fcrkiye&#39;nin ortak\u00a0 pazara\u00a0 al\u0131nmas\u0131 konusunda\u00a0 bir gazeteye\u00a0 verdi\u011fi deme\u00e7te\u00a0 bak\u0131n\u0131z neler geveliyor!..  <\/p>\n<p> &quot;&#8230;Niye \u00e7ok k\u0131sa vadede, T\u00fcrkiye&#39;nin Avrupa Toplulu\u011funa girmesini m\u00fcmk\u00fcn g\u00f6rmedim? Onu da a\u00e7\u0131klayay\u0131m. \u015eu anda kendi i\u00e7imizde \u00e7ok b\u00fcy\u00fck sorunlar\u0131m\u0131z ve denge aray\u0131\u015f\u0131m\u0131z var. T\u00fcrkiye&#39;nin ekonomik durumunu bize ne kadar yak\u0131n olursa olsun, \u015fu anda ayr\u0131ca ba\u015fka ku\u015fkular\u0131m\u0131z da var. Mesela,\u00a0 Toplulukta\u00a0 (Avrupa&#39;da) n\u00fcfus azal\u0131yor. Sizde (T\u00fcrkiye&#39;de ise) h\u0131zla art\u0131yor. Di\u011fer bir konu,\u00a0 siz (T\u00fcrkiye) tar\u0131m \u00fcr\u00fcnlerinizi art\u0131rma \u00e7abas\u0131 i\u00e7indesiniz. Mesela; bu a\u00e7\u0131dan barajlar in\u015fa ediyorsunuz. Oysa biz, Avrupa Toplulu\u011fu&#39;nda, tar\u0131m \u00fcr\u00fcnlerinin a\u015f\u0131r\u0131 \u00fcretimini her alanda k\u0131smaya \u00e7abal\u0131yoruz.  <\/p>\n<p> Bir ba\u015fka olay daha var. Siz\u00a0 (T\u00fcrkiye) tarihi b\u00fcy\u00fck bir imparatorluktan geliyorsunuz. Devletinizin \u00f6zerkli\u011fi var, ba\u011f\u0131ms\u0131z davran\u0131\u015f\u0131 var. Avrupa Toplulu\u011fu ise, kararlar\u0131n \u00e7o\u011funlukla al\u0131nd\u0131\u011f\u0131 bir yap\u0131ya gitmekte. Bir merkezi b\u00fcroksinin emrine girme durumunday\u0131z. Bunu da d\u00fc\u015f\u00fcnmemiz laz\u0131m. T\u00fcrkiye buna haz\u0131r m\u0131? Yanl\u0131\u015f anla\u015f\u0131lma olmas\u0131n, topluluk sizinle s\u00fcratle ekonomik entegrasyon i\u00e7ine girmelidir. Bunu hemen yapal\u0131m ve elimizden geldi\u011fi kadar da h\u0131zland\u0131ral\u0131m. Fakat nerede dikkatli davranal\u0131m? Topluluk kararlar\u0131n\u0131n b\u00fcrokratik bi\u00e7imde tek merkezden \u00e7o\u011funluk prensibine g\u00f6re al\u0131nd\u0131\u011f\u0131 noktaya T\u00fcrkiye&#39;nin gelmesi durumunu,\u00a0 iki tarafl\u0131, siz ve biz d\u00fc\u015f\u00fcnelim. Ben i\u015fte bu noktada daha haz\u0131r olmad\u0131\u011f\u0131m\u0131z kanaatindeyim. Ama durum yak\u0131nda de\u011fi\u015febilir. Bunu da beraberce g\u00f6zden ge\u00e7irebiliriz.&quot;\u00a0  <\/p>\n<p> \u015eimdide gelin, bu s\u00f6zleri biraz T\u00fcrk\u00e7ele\u015ftirelim:  <\/p>\n<p> 1- Avrupa Toplulu\u011funa ve Ortak Pazara \u00fcyelik sadece ekonomik ve ticari bir anla\u015fma de\u011fil, tam aksine siyasi ve sosyal bir kayna\u015fmad\u0131r. T\u00fcrkiye&#39;nin Avrupa Toplulu\u011funa al\u0131nmas\u0131n\u0131n geciktirilmesi ekonomik y\u00f6nden geri kalm\u0131\u015fl\u0131\u011f\u0131ndan ziyade, Hristiyan Avrupa&#39;yla siyasi ve ahlaki bir b\u00fct\u00fcnle\u015fmeye haz\u0131r olmad\u0131\u011f\u0131ndand\u0131r.  <\/p>\n<p> 2- Avrupa Toplulu\u011fu \u00fclkelerinde n\u00fcfus azal\u0131r, insanlar k\u0131s\u0131rla\u015f\u0131r ve gen\u00e7 n\u00fcfus giderek kaybolup Avrupa alkolik ya\u015fl\u0131lar ve bunaklar \u00fclkesi haline gelirken, gen\u00e7,\u00a0 din\u00e7 ve dinamik bir n\u00fcfusa sahip olan ve n\u00fcfusu giderek artan bir T\u00fcrkiye&#39;yi Ortak Pazara sokmak Avrupa&#39;y\u0131 T\u00fcrklere tapulamaktan farks\u0131zd\u0131r.\u00a0 Bunun i\u00e7in \u00f6nce n\u00fcfus planlamas\u0131 yoluyla T\u00fcrkleri k\u0131s\u0131rla\u015ft\u0131rd\u0131ktan ve ahlak\u0131n\u0131z\u0131 da iyice bozup milli benli\u011finizden uzakla\u015ft\u0131rd\u0131ktan sonra sizi Avrupa Toplulu\u011funa alaca\u011f\u0131z.\u00a0  <\/p>\n<p> 3- T\u00fcrkiye sadece kendisi de\u011fil, hem Avrupa&#39;y\u0131, hem Ortado\u011fuyu hatta Afrika&#39;y\u0131 besleyecek \u00e7ok geni\u015f bir tar\u0131m potansiyeline, su ve toprak rezervlerine sahiptir ve siz bu potansiyeli geli\u015ftirecek ve de\u011ferlendirecek barajlar yap\u0131yorsunuz. H\u00e2lbuki biz Avrupa Toplulu\u011funa almak ve k\u00f6le diye kullanmak \u00fczere a\u00e7 ve muhta\u00e7 bir T\u00fcrkiye istiyoruz.  <\/p>\n<p> 4- Hepsinden \u00f6nemlisi siz ge\u00e7mi\u015fte b\u00fcy\u00fck imparatorluklar kurmu\u015f,\u00a0 \u00fclkeler y\u00f6netmi\u015f,\u00a0 tarih tecr\u00fcbesi ve devlet gelene\u011fi olan, milli benli\u011fine ve ba\u011f\u0131ms\u0131zl\u0131\u011f\u0131na d\u00fc\u015fk\u00fcn bir milletsiniz.\u00a0  <\/p>\n<p> Avrupa Toplulu\u011funa kat\u0131lmak ise her \u015feyden \u00f6nce b\u00fct\u00fcn bunlardan vazge\u00e7meyi ve merkezi Avrupa Parlamentosunun siyasi, hukuki, iktisadi ve ahlaki konularda alaca\u011f\u0131 b\u00fct\u00fcn karar ve kurallara kay\u0131ts\u0131z teslim olmay\u0131 gerektirir.  <\/p>\n<p> Sizin kanunlar\u0131n\u0131z\u0131 T\u00fcrkiye B\u00fcy\u00fck Millet Meclisi de\u011fil, art\u0131k biz yapaca\u011f\u0131z buna haz\u0131r m\u0131s\u0131n\u0131z?\u00a0  <\/p>\n<p> Bir as\u0131rd\u0131r, yapt\u0131\u011f\u0131m\u0131z her t\u00fcrl\u00fc yozla\u015ft\u0131rma ve \u0130slam&#39;dan uzakla\u015ft\u0131rma sonunda, her ne kadar ayd\u0131n ve b\u00fcrokrat kesiminde milli haysiyet ve h\u00fcviyetini yitirmi\u015f k\u00f6le ruhlu insanlar yeti\u015ftirdik ise de. Hala halk\u0131n \u00e7o\u011funlu\u011fu M\u00fcsl\u00fcman olup dinine ve devletine ba\u011fl\u0131 bulundu\u011fu ve \u00f6zellikle ERBAKAN olay\u0131 ile milli \u015fuurun giderek g\u00fc\u00e7lendi\u011fi bir T\u00fcrkiye&#39;yi i\u00e7imize sokmak istemiyoruz. Ama T\u00fcrkiye&#39;yi kendi haline b\u0131rakmak ve elden ka\u00e7\u0131rmakta istemiyoruz. Onun i\u00e7in \u00f6nce Milli G\u00f6r\u00fc\u015f\u00fc s\u00f6nd\u00fcrecek ve sindirecek gayret ve faaliyetler i\u00e7ine girmeli, sonra da, turizm patlamas\u0131, festival furyas\u0131, k\u00fclt\u00fcr sanat yaygaras\u0131, i\u00e7ki, kumar, fuhu\u015f yayg\u0131nla\u015fmas\u0131, T\u00fcrk-K\u00fcrt k\u0131\u015fk\u0131rtmas\u0131, laiklik tart\u0131\u015fmas\u0131, din-devlet \u00e7at\u0131\u015fmas\u0131 ve irtica bast\u0131rmas\u0131 vs. ile nihayet milli benli\u011finiz \u00e7\u00fcr\u00fct\u00fclmeli, birli\u011finiz ve dirli\u011finiz \u00e7\u00f6z\u00fclmelidir. \u0130\u015fte o zaman T\u00fcrkiye Avrupa Toplulu\u011funa namzettir ve b\u00f6yle bir T\u00fcrkiye bizim i\u00e7in en b\u00fcy\u00fck nimettir.\u00a0  <\/p>\n<p> Bu ger\u00e7ekleri Erbakan Hoca y\u0131llard\u0131r s\u00f6yleyip duruyor ama pek \u00e7oklar\u0131 bir t\u00fcrl\u00fc anlamak ve inanmak istemiyordu. \u015eimdi ayn\u0131 \u015feyleri bir Frans\u0131z yetkili a\u011fz\u0131ndan ka\u00e7\u0131r\u0131yor&#8230; Hala uyanmayacak m\u0131s\u0131n\u0131z?\u00a0  <\/p>\n<p> Bayra\u011f\u0131m\u0131z de\u011fi\u015fecek ve ba\u011f\u0131ms\u0131zl\u0131\u011f\u0131m\u0131z elden gidecek:  <\/p>\n<p> DSP&#39;nin ikiz karde\u015fi olan SHP&#39;nin eski genel ba\u015fkan\u0131&#8230;\u00a0 Eski Devlet bakan\u0131 ve ba\u015fbakan yard\u0131mc\u0131s\u0131 say\u0131n Erdal \u0130n\u00f6n\u00fc&#39;ye gitti\u011fi Avrupa umresinde -Hac i\u00e7in Amerika&#39;ya giderler-T\u00fcrkiye&#39;nin Ortak Pazar&#39;a kabul edilebilmesi i\u00e7in \u015fanl\u0131 bayra\u011f\u0131m\u0131zdaki ay-y\u0131ld\u0131z\u0131n \u00e7\u0131kar\u0131lmas\u0131 gerekti\u011fini teklif ve telkin etmi\u015flerdi&#8230; Bu al\u00e7ak\u00e7a teklifi yapanlar s\u0131radan kimseler olmad\u0131\u011f\u0131 gibi, bu teklife muhatap olan ki\u015fi de-i\u015fgal etti\u011fi makam itibariyle- s\u0131radan bir kimse de\u011fildi. Bat\u0131l\u0131 gavurlara b\u00f6ylesine a\u015fa\u011f\u0131lay\u0131c\u0131 bir teklifi yapabilme cesaretini veren T\u00fcrkiye&#39;nin ba\u015fbakan yard\u0131mc\u0131s\u0131, bu teklifi yapanlar da Avrupa Toplulu\u011funun \u00fcst seviye yetkilileridir. Bir \u00fclkenin bayra\u011f\u0131na,\u00a0 ba\u011f\u0131ms\u0131zl\u0131\u011f\u0131na, devlet onuruna a\u00e7\u0131k\u00e7a ve al\u00e7ak\u00e7a bir hakaret \u00f6zelli\u011fi ta\u015f\u0131yan b\u00f6yle bir teklif herhalde birden bire yap\u0131lmam\u0131\u015ft\u0131r&#8230; Kim bilir belki de, bizimki bat\u0131l\u0131 a\u011fabeylerine \u015f\u00f6yle yalvarm\u0131\u015ft\u0131r:  <\/p>\n<p> -Aman, ne olur, \u00e7abuk davran\u0131n&#8230; Bizi i\u00e7inize al\u0131p, kendinize kul k\u00f6le yap\u0131n&#8230; Yoksa Milli G\u00f6r\u00fc\u015f geli\u015fiyor, Refah iktidara y\u00fcr\u00fcyor&#8230; \u0130slam&#39;\u0131n ayd\u0131nl\u0131\u011f\u0131 daha \u015fimdiden karanl\u0131\u011fa al\u0131\u015fm\u0131\u015f yarasa g\u00f6zlerimizi kama\u015ft\u0131r\u0131yor!..  <\/p>\n<p> Otuz y\u0131ld\u0131r kap\u0131n\u0131zda yalvar\u0131p duruyoruz&#8230; Her\u00a0 emrinizi\u00a0 yerine\u00a0 getirdik, daha ne istiyorsunuz?..  <\/p>\n<p> &quot;De\u011ferlerinizi de\u011fi\u015ftirin&quot; dediniz,\u00a0 de\u011fi\u015ftirdik&#8230; \u0130slam ahlak\u0131 yerine Bat\u0131 hayranl\u0131\u011f\u0131n\u0131 yerle\u015ftirdik&#8230;  <\/p>\n<p> &quot;D\u00fczeninizi de\u011fi\u015ftirin&quot; dediniz, de\u011fi\u015ftirdik&#8230; Demokrasi yerine despotizmi getirdik&#8230;  <\/p>\n<p> &quot;Giyiminizi de\u011fi\u015ftirin&quot; dediniz,\u00a0 de\u011fi\u015ftirdik&#8230; Milleti \u00e7\u0131plakl\u0131\u011fa ve soytar\u0131l\u0131\u011fa \u00f6zendirdik&#8230;  <\/p>\n<p> &quot;Dilinizi de\u011fi\u015ftirin&quot; dediniz, de\u011fi\u015ftirdik, T\u00fcrk\u00e7eyi ku\u015fa \u00e7evirdik. Baba ile o\u011fulu birbirini anlamaz hale getirdik.\u00a0  <\/p>\n<p> \u015eimdi de &quot;bayra\u011f\u0131n\u0131z\u0131 de\u011fi\u015ftirin&quot; diyorsunuz&#8230; Ve bizi zor durumda b\u0131rak\u0131yorsunuz&#8230; \u00c7\u00fcnk\u00fc bunu yaparsak millet uyan\u0131r&#8230; H\u0131yanetlerin fark\u0131na var\u0131r&#8230; Erbakan&#39;\u0131n ne kadar hakl\u0131 oldu\u011funu daha iyi anlar ve Milli G\u00f6r\u00fc\u015f etraf\u0131nda toplan\u0131r! O zaman Avrupa&#39;yla b\u00fct\u00fcnle\u015fmek, Hristiyan potas\u0131nda eritmek \u00fcmitlerimiz bo\u015fta kal\u0131r&#8230; Hayallerimiz y\u0131k\u0131l\u0131r!..  <\/p>\n<p> Hele bir Avrupa birli\u011fine kabul buyurun&#8230; Bayra\u011f\u0131m\u0131z zaten de\u011fi\u015fecek&#8230;\u00a0 Ba\u011f\u0131ms\u0131zl\u0131\u011f\u0131m\u0131z zaten sizin elinize ge\u00e7ecek&#8230; Milletimiz art\u0131k TBMM \u00fcyelerini de\u011fil, zaten 7 tane Avrupa parlamenterini se\u00e7ecek&#8230; Zaten anayasam\u0131z\u0131,\u00a0 kanunlar\u0131m\u0131z\u0131 Br\u00fcksel tanzim edecek&#8230; Zaten ekonomimize Ortak Pazar y\u00f6n verecek&#8230; Zaten T\u00fcrkiye ad\u0131m ad\u0131m istila edilecek&#8230; Zaten askerlerimize Hans&#39;lar, Coni&#39;ler emir verecek!&quot;  <\/p>\n<p> Evet, evet! \u015eanl\u0131 bayra\u011f\u0131m\u0131z\u0131n de\u011fi\u015ftirilmesi teklifinin yap\u0131lmas\u0131 bile \u00fclkemiz ve milletimiz i\u00e7in ne b\u00fcy\u00fck bir \u015fanss\u0131zl\u0131kt\u0131r&#8230; Ne\u00a0 kadar onur k\u0131r\u0131c\u0131d\u0131r\u00a0 ve ne denli\u00a0 a\u015fa\u011f\u0131lay\u0131c\u0131d\u0131r!?..  <\/p>\n<p> Bat\u0131l\u0131 barbarlar\u0131n bu talihsiz teklifi yaparken \u00f6ne s\u00fcrd\u00fckleri &quot;\u00f6z\u00fcrleri de kabahatlerinden b\u00fcy\u00fckt\u00fcr&quot;  <\/p>\n<p> Ay-y\u0131ld\u0131z niye bayra\u011f\u0131m\u0131zdan \u00e7\u0131kar\u0131lmal\u0131ym\u0131\u015f? \u00c7\u00fcnk\u00fc\u00a0 bunlar \u0130slamiyeti\u00a0 simgeliyor ve \u0130stanbul&#39;un fethini\u00a0 ve Osmanl\u0131n\u0131n zaferlerini hat\u0131rlat\u0131yormu\u015f!&#8230;  <\/p>\n<p> Bunun\u00a0 i\u00e7in T\u00fcrkiye&#39;nin\u00a0 bat\u0131l\u0131l\u0131k imaj\u0131n\u0131\u00a0 olumsuz\u00a0 y\u00f6nde\u00a0 etkiliyormu\u015f!..  <\/p>\n<p> Hristiyan olan Avrupal\u0131lar aras\u0131nda psikolojik bir engel olu\u015fturuyormu\u015f!  <\/p>\n<p> Anla\u015f\u0131l\u0131yor ki,\u00a0 onlara uyup bayra\u011f\u0131m\u0131z\u0131 de\u011fi\u015ftirsek bu sefer camileri, minareleri y\u0131k\u0131n, ezanlar\u0131 kald\u0131r\u0131n diyecekler&#8230; Ramazanlar\u0131, bayramlar\u0131, terk etmemizi bekleyecekler&#8230; S\u00fcnnet olmay\u0131 b\u0131rakmam\u0131z\u0131 emredecekler&#8230; Domuz yedirecekler, \u015farap i\u00e7irecekler&#8230; Kar\u0131m\u0131z\u0131 k\u0131z\u0131m\u0131z\u0131 isteyecekler&#8230;  <\/p>\n<p> Yani Kur&#39;an&#39;\u0131n haber verdi\u011fi gibi\u00a0 &quot;Her y\u00f6n\u00fcyle onlar\u0131n dinlerine d\u00f6nmedik\u00e7e ve milletlerine benzemedik\u00e7e ve \u0130slami b\u00fct\u00fcn de\u011ferleri terk etmedik\u00e7e ne Yahudiler, ne de Hristiyanlar asla bizden raz\u0131 olmayacaklar ve kendilerinden saymayacaklard\u0131r. &quot;E\u011fer size gelen Kur&#39;an&#39;\u0131 ilimden sonra onlar\u0131n \u015feytani arzular\u0131na uyarsan\u0131z, muhakkak Allah sizi sahipsiz ve yard\u0131ms\u0131z b\u0131rakacakt\u0131r!&quot;  <\/p>\n<p> Ey millet, art\u0131k uyan\u0131n\u0131z! \u00dclkemizi Avrupa birli\u011fine katmak isteyen&#8230; Bayra\u011f\u0131m\u0131z\u0131n ve ba\u011f\u0131ms\u0131zl\u0131\u011f\u0131m\u0131z\u0131 satmak isteyen bu kafalar\u0131 art\u0131k tan\u0131y\u0131n\u0131z.\u00a0 Onlar\u0131n cinayet ve h\u0131yanetlerine alet olmay\u0131n\u0131z.\u00a0 Bat\u0131l\u0131la\u015fmak ad\u0131na her \u015feyimizi bat\u0131ran masonlar\u0131n pe\u015fini b\u0131rak\u0131n\u0131z.\u00a0 Ey \u0130slami de\u011ferlerimizi ve \u015fanl\u0131 tarihimizi hat\u0131rlat\u0131yor diye bayra\u011f\u0131m\u0131zdaki ay-y\u0131ld\u0131z\u0131 kald\u0131rmam\u0131z\u0131 isteyen k\u00fcstahl\u0131\u011fa f\u0131rsat ve cesaret veren zihniyet ve \u015fahsiyetleri oylar\u0131yla destekleyenler! Ne korkun\u00e7 bir vebal\u00a0 y\u00fcklendi\u011finizi, Allah a\u015fk\u0131na\u00a0 daha ne\u00a0 zaman anlayacaks\u0131n\u0131z?..  <\/p>\n<p> AKP&#39;nin T\u00fcrkiye&#39;yi \u0130\u015fgal ve imha plan\u0131n\u0131n basit bir piyonu ve ta\u015feronu oldu\u011funu, bug\u00fcn anlayamayanlar, yar\u0131n dizlerinize vuracaks\u0131n\u0131z!..  <\/p>\n","protected":false},"excerpt":{"rendered":"<p>\u00a0  <\/p>\n<p> Ortak Pazar \u00fc\u00e7 perdelik bir Siyonist oyunudur. Birinci ve g\u00f6r\u00fcnen \u00e7er\u00e7evesi her bak\u0131mdan g\u00fc\u00e7l\u00fc bir Birle\u015fik Avrupa hayalini ger\u00e7ekle\u015ftirmek arzusudur. \u0130kinci perdesi ise Hristiyanl\u0131k kayna\u015fmas\u0131 ve Ha\u00e7l\u0131 duygusudur. \u00dc\u00e7\u00fcnc\u00fcs\u00fc ve as\u0131l gayesi de Avrupa&#39;y\u0131 siyasi ve ekonomik y\u00f6nden s\u00f6m\u00fcrmek ve Siyonist emellerine alet etmek i\u00e7in haz\u0131rlanan bir Siyonist senaryosudur.  <\/p>\n","protected":false},"author":4,"featured_media":0,"comment_status":"open","ping_status":"closed","sticky":false,"template":"","format":"standard","meta":{"footnotes":""},"categories":[56],"tags":[],"class_list":["post-688","post","type-post","status-publish","format-standard","hentry","category-nisan-2004"],"_links":{"self":[{"href":"https:\/\/www.millicozum.com\/mc\/wp-json\/wp\/v2\/posts\/688","targetHints":{"allow":["GET"]}}],"collection":[{"href":"https:\/\/www.millicozum.com\/mc\/wp-json\/wp\/v2\/posts"}],"about":[{"href":"https:\/\/www.millicozum.com\/mc\/wp-json\/wp\/v2\/types\/post"}],"author":[{"embeddable":true,"href":"https:\/\/www.millicozum.com\/mc\/wp-json\/wp\/v2\/users\/4"}],"replies":[{"embeddable":true,"href":"https:\/\/www.millicozum.com\/mc\/wp-json\/wp\/v2\/comments?post=688"}],"version-history":[{"count":0,"href":"https:\/\/www.millicozum.com\/mc\/wp-json\/wp\/v2\/posts\/688\/revisions"}],"wp:attachment":[{"href":"https:\/\/www.millicozum.com\/mc\/wp-json\/wp\/v2\/media?parent=688"}],"wp:term":[{"taxonomy":"category","embeddable":true,"href":"https:\/\/www.millicozum.com\/mc\/wp-json\/wp\/v2\/categories?post=688"},{"taxonomy":"post_tag","embeddable":true,"href":"https:\/\/www.millicozum.com\/mc\/wp-json\/wp\/v2\/tags?post=688"}],"curies":[{"name":"wp","href":"https:\/\/api.w.org\/{rel}","templated":true}]}}