{"id":692,"date":"2004-05-01T00:00:00","date_gmt":"2004-05-01T00:00:00","guid":{"rendered":"https:\/\/www.millicozum.com\/mc\/2004\/05\/01\/sensl\/"},"modified":"2004-05-01T00:00:00","modified_gmt":"2004-05-01T00:00:00","slug":"sensizlik","status":"publish","type":"post","link":"https:\/\/www.millicozum.com\/mc\/2004\/mayis-2004\/sensizlik\/","title":{"rendered":"SENS\u0130ZL\u0130K"},"content":{"rendered":"<p>\u00a0  <\/p>\n<p> A\u00e7\u0131lmaya g\u00f6rs\u00fcn dostla aras\u0131 <\/p>\n<p> Her an derinle\u015fir hasret yaras\u0131 <\/p>\n<p> Ne zor beklemek, vuslat s\u0131ras\u0131 <\/p>\n<p> Vallahi sinemde y\u00fckt\u00fc Sensizlik! <\/p>\n<p>  \u00a0  <\/p>\n<p> K\u00f6r topal kim, nas\u0131l vars\u0131n yar\u0131na <\/p>\n<p> Al g\u00f6t\u00fcr kulunu, can diyar\u0131na <\/p>\n<p> Tahamm\u00fcl kalmad\u0131, g\u00fcnden yar\u0131na <\/p>\n<p> Ey dost, \u00e7i\u011ferimi s\u00f6kt\u00fc Sensizlik! <\/p>\n<p> &#160; <\/p>\n<p> Uzaklarda at\u0131p kendin aratt\u0131 <\/p>\n<p> \u015eeytan\u0131m \u015fa\u015f\u0131rtt\u0131, nefsim ayartt\u0131 <\/p>\n<p> Benzimi sarartt\u0131, sa\u00e7\u0131m a\u011fartt\u0131 <\/p>\n<p> Billahi belimi b\u00fckt\u00fc Sensizlik! <\/p>\n<p> &#160; <\/p>\n<p> D\u00fcnya dedikleri, r\u00fcyadan \u00e7\u00fcr\u00fck <\/p>\n<p> Tamam\u0131 hayaldir, k\u00fc\u00e7\u00fck ve b\u00fcy\u00fck <\/p>\n<p> Ben sand\u0131\u011f\u0131m beden yetmi\u015f kilo y\u00fck <\/p>\n<p> Gurbet gibi i\u00e7ime \u00e7\u00f6kt\u00fc Sensizlik! <\/p>\n<p> &#160; <\/p>\n<p> Nas\u0131l anlatay\u0131m bu vasf\u0131 hali <\/p>\n<p> Deli g\u00f6nl\u00fcm daim umar visali <\/p>\n<p> G\u00fcz mevsimi g\u00f6rm\u00fc\u015f hazan misali <\/p>\n<p> G\u00fcl\u00fcm, yapra\u011f\u0131m\u0131 d\u00f6kt\u00fc Sensizlik! <\/p>\n<p> &#160; <\/p>\n<p> Beni bana koyma, Senden yana al <\/p>\n<p> Baki olan Sensin, eri\u015fmez zeval <\/p>\n<p> Gayri her \u015fey filim, hepisi sanal <\/p>\n<p> Ba\u015f\u0131m\u0131 belaya soktu Sensizlik! <\/p>\n<p> &#160; <\/p>\n<p> Alemler aynad\u0131r, mutlak var sensin <\/p>\n<p> G\u00f6lgelerden ge\u00e7tim, ki Hak yar sensin <\/p>\n<p> Tecelli taht\u0131nda a\u015fikar Sensin <\/p>\n<p> Ruhum rahatlad\u0131, \u00fcrkt\u00fc Sensizlik!.. <\/p>\n<p> &#160; <\/p>\n<p> Zerre &quot;ben&quot;lik kalm\u0131\u015f ise birinde <\/p>\n<p> Vahdet, vuslat olmaz, &quot;Ben&quot; olan yerde <\/p>\n<p> Alim, benmi\u015fim arada perde <\/p>\n<p> Gaflet geberince, yoktu Sensizlik! <\/p>\n","protected":false},"excerpt":{"rendered":"<p>\u00a0  <\/p>\n<p> A\u00e7\u0131lmaya g\u00f6rs\u00fcn dostla aras\u0131 <\/p>\n<p> Her an derinle\u015fir hasret yaras\u0131 <\/p>\n<p> Ne zor beklemek, vuslat s\u0131ras\u0131 <\/p>\n<p> Vallahi sinemde y\u00fckt\u00fc Sensizlik! <\/p>\n","protected":false},"author":8,"featured_media":0,"comment_status":"open","ping_status":"closed","sticky":false,"template":"","format":"standard","meta":{"footnotes":""},"categories":[57],"tags":[],"class_list":["post-692","post","type-post","status-publish","format-standard","hentry","category-mayis-2004"],"_links":{"self":[{"href":"https:\/\/www.millicozum.com\/mc\/wp-json\/wp\/v2\/posts\/692","targetHints":{"allow":["GET"]}}],"collection":[{"href":"https:\/\/www.millicozum.com\/mc\/wp-json\/wp\/v2\/posts"}],"about":[{"href":"https:\/\/www.millicozum.com\/mc\/wp-json\/wp\/v2\/types\/post"}],"author":[{"embeddable":true,"href":"https:\/\/www.millicozum.com\/mc\/wp-json\/wp\/v2\/users\/8"}],"replies":[{"embeddable":true,"href":"https:\/\/www.millicozum.com\/mc\/wp-json\/wp\/v2\/comments?post=692"}],"version-history":[{"count":0,"href":"https:\/\/www.millicozum.com\/mc\/wp-json\/wp\/v2\/posts\/692\/revisions"}],"wp:attachment":[{"href":"https:\/\/www.millicozum.com\/mc\/wp-json\/wp\/v2\/media?parent=692"}],"wp:term":[{"taxonomy":"category","embeddable":true,"href":"https:\/\/www.millicozum.com\/mc\/wp-json\/wp\/v2\/categories?post=692"},{"taxonomy":"post_tag","embeddable":true,"href":"https:\/\/www.millicozum.com\/mc\/wp-json\/wp\/v2\/tags?post=692"}],"curies":[{"name":"wp","href":"https:\/\/api.w.org\/{rel}","templated":true}]}}