{"id":705,"date":"2004-08-01T00:00:00","date_gmt":"2004-08-01T00:00:00","guid":{"rendered":"https:\/\/www.millicozum.com\/mc\/2004\/08\/01\/cuval-savasi-ve-turkiyenin-rovansi\/"},"modified":"2004-08-01T00:00:00","modified_gmt":"2004-08-01T00:00:00","slug":"cuval-savasi-ve-turkiyenin-rovansi","status":"publish","type":"post","link":"https:\/\/www.millicozum.com\/mc\/2004\/agustos-2004\/cuval-savasi-ve-turkiyenin-rovansi\/","title":{"rendered":"\u00c7UVAL SAVA\u015eI VE T\u00dcRK\u0130YE&#8217;N\u0130N R\u00d6VAN\u015eI"},"content":{"rendered":"<p>\u00a0 <\/p>\n<p>Hat\u0131rlanaca\u011f\u0131 gibi G\u00fcneydo\u011fu&#8217;da s\u0131n\u0131ra yak\u0131n dola\u015fan bir grup Amerikal\u0131 subay ve asker yakalan\u0131p T\u00fcrkiye&#8217;ye getirildi. Karakola g\u00f6t\u00fcr\u00fclen Amerikal\u0131lar\u0131n ba\u015f\u0131na \u00e7uval ge\u00e7irildi. Olay T\u00fcrkiye-ABD ili\u015fkilerinin sa\u011fl\u0131\u011f\u0131 a\u00e7\u0131s\u0131ndan gizli tutulmaya \u00e7al\u0131\u015f\u0131ld\u0131, ama sonunda patlak verdi.<\/p>\n<p>Evet, Irak s\u0131n\u0131r\u0131ndaki K\u00f6kpi Tepesi mevkiinde 3 pe\u015fmerge, yanlar\u0131nda 20 Amerikal\u0131 asker ile birlikte s\u0131n\u0131r\u0131 ge\u00e7ip T\u00fcrk taraf\u0131na kayd\u0131. Asl\u0131nda b\u00f6lgede, kar\u015f\u0131l\u0131kl\u0131 olarak bu t\u00fcr s\u0131n\u0131r ihlalleri zaman zaman olmaktayd\u0131.<\/p>\n<p>   \u00a0 <\/p>\n<p>Bu kez s\u0131n\u0131r\u0131 ge\u00e7en pe\u015fmergeler e\u015fli\u011findeki ABD askerleri may\u0131nl\u0131 alana girdiklerinin fark\u0131na varmam\u0131\u015flard\u0131. Fark\u0131na vard\u0131klar\u0131 anda ise \u00e7ok ge\u00e7 kal\u0131nm\u0131\u015ft\u0131. Grup geri d\u00f6nmek isterken, gruptan biri yanl\u0131\u015fl\u0131kla ayd\u0131nlatma may\u0131n\u0131na bas\u0131nca, ortal\u0131k bir anda g\u00fcnd\u00fcz gibi ayd\u0131nland\u0131.<\/p>\n<p>Gruptakiler may\u0131nl\u0131 b\u00f6lgenin ortas\u0131nda kala kald\u0131lar. Gruptakiler, mecburen bulundu\u011fu yerde hareketsiz durunca, bu s\u0131rada s\u0131n\u0131rda devriye g\u00f6revi yapan T\u00fcrk askerleri taraf\u0131ndan k\u0131sk\u0131vrak yakaland\u0131lar.<\/p>\n<p>Karakola g\u00f6t\u00fcr\u00fclen grubun i\u00e7inde ABD askerlerinin de oldu\u011funu g\u00f6ren T\u00fcrk askerleri, ge\u00e7en y\u0131l S\u00fcleymaniye&#8217;de ya\u015fanan \u00e7uval olay\u0131n\u0131 hat\u0131rlayarak, ABD askerlerinin ba\u015f\u0131na \u00e7uval ge\u00e7irip oturttular.<\/p>\n<p>Ve ba\u015flar\u0131na \u00e7uval ge\u00e7irilmi\u015f ABD&#8217;li askerlerin durumu, foto\u011fraflar\u0131 \u00e7ekilerek belgelendi.<\/p>\n<p>S\u0131n\u0131r b\u00f6lgesindeki askeri birli\u011fin komutan\u0131, i\u015fin i\u00e7ine ABD askerlerinin girmesi nedeniyle durumdan hemen Ankara&#8217;y\u0131, Genel Kurmay Kararg\u00e2h\u0131&#8217;n\u0131 haberdar etti. Ya\u015fanan olay ayr\u0131nt\u0131lar\u0131yla rapor edildi ve bu konuda talimat beklendi\u011fi kaydedildi. Ankara&#8217;n\u0131n konuyu bir s\u00fcre g\u00f6r\u00fc\u015ft\u00fc\u011f\u00fc, en \u00fcst d\u00fczeye kadar durumun anlat\u0131ld\u0131\u011f\u0131, g\u00f6r\u00fc\u015f al\u0131\u015f-veri\u015finde bulunuldu\u011fu \u00f6\u011frenildi. Sonunda s\u0131n\u0131rdaki birlik komutanl\u0131\u011f\u0131na talimat g\u00f6nderildi.<\/p>\n<p>&#8220;ABD askerlerinin silahlar\u0131n\u0131 geri verin ve s\u0131n\u0131rdan \u00f6te tarafa b\u0131rak\u0131n&#8221;.<\/p>\n<p>K\u0131sacas\u0131; Genel Kurmay, T\u00fcrk-Amerikan ili\u015fkilerini dikkate alarak olay\u0131 daha fazla b\u00fcy\u00fctmeden kapatmay\u0131 tercih etmi\u015fti. Ancak, Amerikal\u0131 bir grup asker ba\u015f\u0131na \u00e7uval ge\u00e7irilerek bir s\u00fcre al\u0131konulmu\u015f, yani ABD&#8217;nin bu t\u00fcr olaylarda ba\u015fvurdu\u011fu y\u00f6ntem aynen uygulanarak, &#8220;m\u00fctekabiliyet&#8221; (kar\u015f\u0131l\u0131kl\u0131l\u0131k) esas\u0131 uygulanm\u0131\u015ft\u0131.<\/p>\n<p><strong>S\u00fcleymaniye Olay\u0131 Unutulmad\u0131!<\/strong><\/p>\n<p>H\u00fcrriyet Gazetesi&#8217;nin ge\u00e7en y\u0131l 5 Temmuz&#8217;daki man\u015fet haberinde S\u00fcleymaniye&#8217;de T\u00fcrk askerlerinin ba\u015f\u0131na Amerikal\u0131lar\u0131n \u00e7uval ge\u00e7irdikleri a\u00e7\u0131klanm\u0131\u015ft\u0131. G\u00fcndeme bomba gibi d\u00fc\u015fen haber T\u00fcrk Silahl\u0131 Kuvvetlerinde b\u00fcy\u00fck moral bozuklu\u011funa yol a\u00e7m\u0131\u015f, kamuoyunda b\u00fcy\u00fck bir infial yaratm\u0131\u015ft\u0131. Maalesef Genel Kurmay Ba\u015fkan\u0131 ve h\u00fck\u00fcmet milli haysiyetimize ve halk\u0131n hissiyat\u0131na terc\u00fcmen olamam\u0131\u015f, gayet alttan alm\u0131\u015f ve ABD bir \u00f6z\u00fcr dilemeye bile yana\u015fmam\u0131\u015ft\u0131.<\/p>\n<p>S\u00fcleymaniye&#8217;de ne oldu\u011funu hat\u0131rlayal\u0131m: Irak&#8217;ta g\u00f6rev yapan T\u00fcrk \u00d6zel Kuvvetleri, temsilcilik binas\u0131nda otururlarken, etrafta ABD askerlerinin ko\u015fu\u015fturdu\u011funu ve bir helikopterin al\u00e7ak u\u00e7u\u015f yapt\u0131\u011f\u0131n\u0131 g\u00f6rd\u00fcler. Bunun \u00fczerine yak\u0131nda bir yerlerde Amerikal\u0131lar\u0131n operasyon yapt\u0131\u011f\u0131n\u0131 zanneden T\u00fcrk askerleri, durumu g\u00f6rmek i\u00e7in temsilcilik binas\u0131n\u0131n kap\u0131s\u0131na \u00e7\u0131kt\u0131klar\u0131nda, kafalar\u0131na silahlar\u0131n\u0131 do\u011frultmu\u015f ABD&#8217;li askerlerle kar\u015f\u0131la\u015ft\u0131lar. Tim komutan\u0131 y\u00fczba\u015f\u0131 bu a\u015famada b\u00fcy\u00fck bir so\u011fukkanl\u0131l\u0131k g\u00f6stererek, elleri tetikte olan tim mensuplar\u0131na &#8220;ate\u015f a\u00e7mamalar\u0131&#8221; emri verdi.<\/p>\n<p>ABD birli\u011finin ba\u015f\u0131ndaki komutan da bu davran\u0131\u015fa uyarak, o da kendi askerlerine ate\u015f a\u00e7\u0131lmamas\u0131n\u0131 s\u00f6yledi. ABD&#8217;li komutan &#8220;T\u00fcrk Timini g\u00f6t\u00fcrmek i\u00e7in geldiklerini&#8221; hat\u0131rlat\u0131p silahlar\u0131n\u0131 almak isteyince yeniden ortam gerildi ve bu arada tart\u0131\u015fma ve tartaklamalar oldu.<\/p>\n<p>Sonu\u00e7ta T\u00fcrk askerleri, ba\u015flar\u0131na \u00e7uval ge\u00e7irilerek ve rencide edilerek ABD karargah\u0131na g\u00f6t\u00fcr\u00fcld\u00fcler. Olay\u0131n Ankara&#8217;ya intikal ettirilmesi \u00fczerine yap\u0131lan giri\u015fimler sonucu T\u00fcrk \u00d6zel Kuvvetleri mensuplar\u0131 ancak 4 g\u00fcn sonra serbest b\u0131rak\u0131ld\u0131lar. Olay\u0131n KYB&#8217;liler taraf\u0131ndan ABD kuvvetlerine &#8220;T\u00fcrk \u00d6zel Kuvvetleri&#8217;nin Kerk\u00fck Valisi&#8217;ne bir suikast haz\u0131rl\u0131\u011f\u0131 i\u00e7inde olduklar\u0131&#8221; ihbar\u0131 \u00fczerine ger\u00e7ekle\u015ftirildi\u011fi bahane edildi. S\u00f6zde soru\u015fturma sonucunda ise, bu ihbar\u0131n as\u0131ls\u0131z oldu\u011fu ortaya \u00e7\u0131kt\u0131.<\/p>\n<p>G.K.B. Org. Hilmi \u00d6zk\u00f6k &#8220;bu olay\u0131n bir ABD politikas\u0131 oldu\u011funu zannetmedi\u011fini, ancak mahalli bir olay olarak de\u011ferlendirilmesinde de g\u00fc\u00e7l\u00fck \u00e7ekti\u011fini&#8221; a\u00e7\u0131klad\u0131. Oysa 100 ki\u015filik bir birli\u011fin, mahalli personelin de kat\u0131l\u0131m\u0131yla \u00f6zel tim binas\u0131n\u0131 ku\u015fatt\u0131klar\u0131n\u0131, T\u00fcrk askerlerinin ise gelenleri m\u00fcttefik olarak kar\u015f\u0131lad\u0131klar\u0131n\u0131, hatta b\u00f6yle davranmalar\u0131 i\u00e7in yukar\u0131dan uyar\u0131ld\u0131klar\u0131n\u0131&#8230; Ancak ABD askerlerinin i\u00e7erideki bir k\u0131s\u0131m malzemeyi tahrip edip k\u0131rd\u0131klar\u0131n\u0131, bir k\u0131sm\u0131n\u0131 ald\u0131klar\u0131n\u0131, asker ve sivil personelimizin de \u00f6nce Kerk\u00fck&#8217;e oradan Ba\u011fdat&#8217;a ta\u015f\u0131nd\u0131klar\u0131n\u0131 bilmeyen kalmam\u0131\u015ft\u0131&#8230;<\/p>\n<p>Bu bilgiler, gazete sayfalar\u0131na yans\u0131yan ve Tv. Ekranlar\u0131nda konu\u015fulanlard\u0131. Bir de bunlar\u0131n perde arkas\u0131 vard\u0131.<\/p>\n<p>\u015e\u00f6yle ki:<\/p>\n<p>a-\u00c7uval sava\u015f\u0131n\u0131 asl\u0131nda T\u00fcrk \u00d6zel Kuvvetleri ba\u015flatm\u0131\u015ft\u0131&#8230; Kerk\u00fck&#8217;teki T\u00fcrkleri sindirmek i\u00e7in sald\u0131r\u0131lar d\u00fczenleyen K\u00fcrt pe\u015fmergelerine destek \u00e7\u0131kan bir grup Amerikal\u0131, Kuzey Irak&#8217;taki \u00d6zel Kuvvetlerimizce yakalan\u0131p ba\u015flar\u0131na \u00e7uval ge\u00e7irilerek sorgulanm\u0131\u015f, sonra serbest b\u0131rak\u0131lm\u0131\u015ft\u0131.<\/p>\n<p>b-Bunu sindiremeyen Amerikal\u0131lar, \u00d6zel Kuvvetler Komutan\u0131m\u0131za : &#8220;Sizinle sadece g\u00f6r\u00fc\u015fmeye gelecekler. Onlara iyi davran\u0131n&#8221; diye haber g\u00f6nderen i\u00e7eriden bir hainin de yard\u0131m\u0131 ve yan\u0131ltmas\u0131yla bizim subaylar\u0131m\u0131z\u0131 gafil avlay\u0131p tongaya d\u00fc\u015f\u00fcrm\u00fc\u015f ve ba\u015flar\u0131na \u00e7uval ge\u00e7irip intikam alm\u0131\u015flard\u0131.<\/p>\n<p>c-Bu arada \u00d6zel Kuvvetlerin, kendilerine sorun \u00e7\u0131kard\u0131\u011f\u0131n\u0131 d\u00fc\u015f\u00fcnen NATO&#8217;cu generaller, bunlar\u0131 Irak&#8217;tan tamamen \u00e7ekip T\u00fcrkiye&#8217;deki farkl\u0131 birliklere da\u011f\u0131tm\u0131\u015f ve onlar\u0131n yerine &#8220;yeni ve acemi&#8221; ekipler yollam\u0131\u015flard\u0131.<\/p>\n<p>\u00e7-Ama bu yeni \u00d6zel Kuvvetlerin eskilerini aratmayacak kadar bilin\u00e7 ve beceriye sahip olduklar\u0131, herkesi \u015fa\u015f\u0131rtm\u0131\u015ft\u0131&#8230;<\/p>\n<p>d-Amerikal\u0131lar&#8217;\u0131n, NATO&#8217;cular\u0131n h\u0131yanetiyle ba\u015fard\u0131klar\u0131, \u00e7uval ge\u00e7irme operasyonunun r\u00f6van\u015f\u0131na almak \u00fczere f\u0131rsat kollayan Milli G\u00fc\u00e7ler ve \u00d6zel Kuvvetler, nihayet \u00e7ok anlaml\u0131 bir bayram g\u00fcn\u00fcnde, 19-May\u0131s-2004 tarihinde, T\u00fcrkiye s\u0131n\u0131r\u0131na yak\u0131n bir b\u00f6lgede devriye gezen Amerikan subaylar\u0131n\u0131 karga tulumba yakalay\u0131p ve ba\u015flar\u0131na \u00e7uval tak\u0131p T\u00fcrkiye taraf\u0131ndaki s\u0131n\u0131r karakolumuza ta\u015f\u0131m\u0131\u015flard\u0131&#8230;<\/p>\n<p>e-Bu olay\u0131n yetkili yalakalar taraf\u0131ndan yalanlanmas\u0131 ve Amerika&#8217;n\u0131n \u015ferefinin kurtar\u0131lmaya \u00e7al\u0131\u015f\u0131lmas\u0131 ihtimaline kar\u015f\u0131 da; \u00e7uvala sokulmu\u015f conilerin boy boy foto\u011fraflar\u0131 al\u0131nm\u0131\u015f ve bu tarihi belgeler dosyalanm\u0131\u015ft\u0131&#8230;<\/p>\n<p>f-Bu olay karakolun bulundu\u011fu 3 bin hanelik s\u0131n\u0131r k\u00f6y\u00fcm\u00fczdeki Muhtar, azalar ve di\u011fer halk\u0131m\u0131z taraf\u0131ndan da g\u00f6zlenmi\u015f ve do\u011frulanm\u0131\u015ft\u0131.<\/p>\n<p>\u015eimdi b\u00fct\u00fcn bunlar ne anlama geliyor?<\/p>\n<p>1-Bu T\u00fcr operasyonlar\u0131 d\u00fcnyada sadece ABD ve \u0130srail gibi \u00fclkelerin yapabilece\u011fi san\u0131l\u0131rd\u0131. Oysa bu i\u015fi T\u00fcrk \u00d6zel Kuvvetleri onlardan \u00e7ok daha atik ve pratik olarak yapmaktad\u0131r.<\/p>\n<p>2-Bu t\u00fcr operasyonlar\u0131,\u00a0 hem de Amerika&#8217;ya kar\u015f\u0131 yapmak de\u011fil, as\u0131l bunlara sahip \u00e7\u0131kmak ve arkas\u0131nda durmak \u00e7ok daha \u00f6nemli ve anlaml\u0131d\u0131r. \u00c7\u00fcnk\u00fc bu durum; d\u00fcnyan\u0131n tek s\u00fcper g\u00fcc\u00fc Amerika&#8217;ya a\u00e7\u0131k\u00e7a meydan okumad\u0131r.<\/p>\n<p>Bak\u0131n\u0131z, d\u00fcnyada n\u00fckleer santrallere ve Atom ba\u015fl\u0131kl\u0131 f\u00fczelere sahip pek \u00e7ok \u00fclke vard\u0131r. Ama ABD, Rusya, \u0130ngiltere, Fransa ve \u00c7in d\u0131\u015f\u0131nda hi\u00e7bir \u00fclke bunu a\u00e7\u0131klamaya yana\u015fmamaktad\u0131r. \u00c7\u00fcnk\u00fc hemen h\u00fccuma u\u011fray\u0131p peri\u015fan edilece\u011finin fark\u0131ndad\u0131r ve korkmaktad\u0131r.<\/p>\n<p>3-Amerika, b\u00f6ylesi meydan okumalar\u0131 ve ba\u015f\u0131na \u00e7uval takmalar\u0131 sineye \u00e7ekiyor ve T\u00fcrk Genel Kurmay\u0131na yalvarmak zorunda kal\u0131yorsa, bu \u00d6zel Kuvvetlerimizin s\u0131rt\u0131n\u0131 dayad\u0131\u011f\u0131 ve Amerika&#8217;n\u0131n da mecburen hesaba katt\u0131\u011f\u0131 M\u0130LL\u0130 ve HAYS\u0130YETL\u0130 B\u0130R G\u00dcC&#8217; \u00fcn varl\u0131\u011f\u0131n\u0131 ve bu g\u00fcc\u00fcn a\u011f\u0131rl\u0131k ve sayg\u0131nl\u0131\u011f\u0131n\u0131 ortaya koymaktad\u0131r.<\/p>\n<p>4-Hangi mahfillerin g\u00fcd\u00fcm\u00fcnde oldu\u011fu \u00e7ok iyi bilinen, Ayd\u0131n Do\u011fan Grubuna ait Referans Gazetesi&#8217;nin 5-Haziran-2004 tarihli n\u00fcshas\u0131nda, &#8220;T\u00fcrk askerinin \u00e7uval r\u00f6van\u015f\u0131n\u0131&#8221; man\u015fete ta\u015f\u0131mas\u0131&#8230; Ve yine haber kayna\u011f\u0131 gazetecinin &#8220;Bu olay\u0131 yalanlayan olursa, ellerinde ki b\u00fct\u00fcn bilgi, belge ve resimleri ortaya d\u00f6kece\u011fini a\u00e7\u0131klamas\u0131&#8230; Bu milli, haysiyetli ve cesaretli cephenin sadece askeri ve teknolojik sahada de\u011fil, ekonomik, stratejik, politik ve psikolojik sahalarda da etkin ve yetkin oldu\u011funun bir kan\u0131t\u0131d\u0131r.<\/p>\n<p>5-T\u00fcrkiye&#8217;deki s\u00f6m\u00fcr\u00fc ve sindirme d\u00fczenini ve t\u00fcm d\u00fcnyadaki bozuk dengeleri de\u011fi\u015ftirip d\u00fczeltmeye haz\u0131rlanan bu ONURLU VE OLUMLU G\u00dc\u00c7, \u015feytan\u0131n kafas\u0131na son darbeyi vurmaya haz\u0131rlanmaktad\u0131r.<\/p>\n<p>6-Amerika&#8217;y\u0131 tanr\u0131la\u015ft\u0131ran&#8230; Siyonizm&#8217;i; asla yenilmez, kar\u015f\u0131 gelinmez ve ba\u015f edilmez sanan&#8230; M\u00fcsl\u00fcman, muttaki, alim, ayd\u0131n, ge\u00e7inse de, ger\u00e7ekte en g\u00fc\u00e7l\u00fc g\u00f6rd\u00fc\u011f\u00fc BATI&#8217;ya tap\u0131nan tabans\u0131zlar\u0131n akl\u0131 yatmasa ve iman\u0131 yetmese de, mevcut zul\u00fcm ve k\u00fcf\u00fcr saltanat\u0131 T\u00fcrkiye merkezli milli bir devrimle tarihe kar\u0131\u015facakt\u0131r&#8230;<\/p>\n<p>Cumhuriyet tarihimizde, bunun 27-May\u0131s gibi \u00f6rnekleri vard\u0131r.<\/p>\n<p>Hat\u0131rlanaca\u011f\u0131 \u00fczere,<\/p>\n<ul>\n<li>Harp sanayimizi ve yerli a\u011f\u0131r sanayimizi k\u00f6rletip, montaj sanayine y\u00f6nelen ve T\u00fcrkiye&#8217;yi ithal makine mezarl\u0131\u011f\u0131na \u00e7eviren&#8230;<\/li>\n<li>\u00dclkemizi, &#8220;K\u00fc\u00e7\u00fck Amerika&#8221; yalan\u0131yla, ABD&#8217;nin yar\u0131 s\u00f6m\u00fcrgesi haline getiren..<\/li>\n<li>B\u00fct\u00fcn milli ve stratejik kurumlar\u0131m\u0131z\u0131 ABD&#8217;li Siyonistlere ve yerli Mason hainlere teslim eden..<\/li>\n<li>Ordumuzu, hem teknolojik bak\u0131mdan hem psikolojik bak\u0131mdan, hantal ve haz\u0131rl\u0131ks\u0131z bir duruma itip, zay\u0131f d\u00fc\u015f\u00fcren ve NATO&#8217;nun bir yedek birli\u011fi konumuna d\u00fc\u015f\u00fcren<\/li>\n<li>Demokrasi ve serbestlik perdesi alt\u0131nda, halk\u0131m\u0131z\u0131n milli ve manevi de\u011ferlerinin h\u0131zla tahribine ve ahlak \u00e7\u00f6k\u00fcnt\u00fcs\u00fcne uygun bir ortam meydana getiren&#8230;<\/li>\n<li>Amerika&#8217;ya iman derecesinde ba\u011f\u0131ml\u0131, zul\u00fcm ve s\u00f6m\u00fcr\u00fc sistemine sayg\u0131l\u0131 dindar M\u00fcsl\u00fcmanlar yeti\u015ftiren Kuran Kurslar\u0131na ve tarikatlara ruhsat ve f\u0131rsat vererek &#8220;layt-\u0131l\u0131ml\u0131&#8221; \u0130slam&#8217;\u0131n temellerini yerle\u015ftiren&#8230;<\/li>\n<li>T\u00fcrkiye Ekonomisinin d\u0131\u015f g\u00fc\u00e7lerin ve d\u00f6nmelerin eline ge\u00e7mesine sebebiyet veren DP H\u00fck\u00fcmetine kar\u015f\u0131 yap\u0131lan 27.May\u0131s.1960 ihtilalinde \u00e7\u0131kar\u0131lan 42.say\u0131l\u0131 kanunla; s\u0131rt\u0131n\u0131 Amerika ve NATO&#8217;ya dayayan, mevcut 254 general ve Amiralin 19&#8217;u hari\u00e7 235 tanesi tasfiye edilmi\u015fti&#8230; Ve yine ayn\u0131 kafadan 5 bine yak\u0131n subay\u0131n Ordudan ili\u015fkisi kesilmi\u015fti&#8230;<\/li>\n<\/ul>\n<p>Osmanl\u0131n\u0131n son d\u00f6neminde, Bab\u0131ali bask\u0131n\u0131ndan sonra yeniden iktidara gelen \u0130ttihat Terakki de, 7 bin kadar alayl\u0131 subay\u0131n g\u00f6revine son vermi\u015fti&#8230;<\/p>\n<p>Acaba yine b\u00f6ylesine milli ve ciddi bir geli\u015fme endi\u015fesi mi duyuluyor ki, \u0130sve\u00e7&#8217;ten yazan Mewla Benavi gibi T\u00fcrkiye d\u00fc\u015fman\u0131 ve Amerika hayran\u0131 yazar bozuntular\u0131yla&#8230;<\/p>\n<p>Abdurrahman Dilipak gibi \u0130slamc\u0131lar ayn\u0131 a\u011f\u0131zla:<\/p>\n<p>&#8221; Aman, baz\u0131lar\u0131 darbe yapmak istiyor&#8230; Ama \u015f\u00fck\u00fcr ki Amerika onlar\u0131 desteklemiyor!..&#8221;diye feryat ediyor.<\/p>\n<p>\u0130\u015fte Mewla Benavi&#8217;nin <a href=\"http:\/\/www.kekuk.kurdistan.com.sitesindeki\/\">http:\/\/www.kekuk.kurdistan.com.sitesindeki\/<\/a>\u00a0 20-May\u0131s-2004 tarihli yaz\u0131s\u0131ndan baz\u0131 pasajlar\u0131 birlikte okuyal\u0131m:<\/p>\n<p>K\u0131br\u0131s&#8217;a ili\u015fkin politika \u00fczerinde gerilmesi d\u00fc\u015f\u00fcn\u00fclen ili\u015fkiler, K\u0131br\u0131s meselesinin bu \u015fekilde dondurulmas\u0131 nedeni ile ertelenmi\u015f bulunuyor. Y\u00d6K yasas\u0131, T\u00fcrkiye&#8217;deki g\u00fc\u00e7lerin \u00e7at\u0131\u015fma alan\u0131 oldu. Y\u00d6K&#8217;\u00fcn san\u0131ld\u0131\u011f\u0131 kadar \u00f6nemli olmad\u0131\u011f\u0131 biliniyor, ama &#8220;devlet g\u00fc\u00e7leri aras\u0131nda \u00e7at\u0131\u015fma alan\u0131&#8221; oldu\u011fu i\u00e7in \u00f6nem kazan\u0131yor. Baz\u0131 generaller Y\u00d6K yasa tasar\u0131s\u0131na taraf olduklar\u0131n\u0131 a\u00e7\u0131klad\u0131lar. T\u00fcrk Genel Kurmay\u0131 hala konu\u015fmam\u0131\u015f. Genelkurmay ad\u0131na yay\u0131nlanan bildirinin \u00d6zk\u00f6k&#8217;\u00fcn denetiminde yay\u0131nland\u0131\u011f\u0131 da olduk\u00e7a \u015f\u00fcpheli g\u00f6r\u00fcn\u00fcyor !..<\/p>\n<p>T\u00fcrk medyas\u0131nda Blair&#8217;in &#8220;apar topar&#8221; ziyareti \u00fczerinde pek durulmad\u0131. Kli\u015fele\u015fmi\u015f &#8220;AB \u00fcyeli\u011fine destek&#8221; k\u0131sm\u0131n\u0131 bir kenara b\u0131rak\u0131rsak, asl\u0131nda \u00f6nemli olan &#8220;plan&#8221;d\u0131r. Blair ile Erdo\u011fan&#8217;\u0131n bir plan \u00fczerine anla\u015ft\u0131klar\u0131 yaz\u0131ld\u0131. Erdo\u011fan bas\u0131n toplant\u0131s\u0131nda &#8220;Ortak eylem plan\u0131 kabul ettik. Eylem plan\u0131n\u0131n amac\u0131 AB&#8217;ye tam \u00fcyelik olmak kayd\u0131yla at\u0131labilecek somut ad\u0131mlar\u0131n tespit edilmesidir!&#8221; diyor.<\/p>\n<p>\u00c7ok zarars\u0131z ve n\u00f6tr g\u00f6r\u00fcnen bu plan baz\u0131 (milli) g\u00fc\u00e7lerin ho\u015funa gitmeyebilir. \u00c7\u00fcnk\u00fc plan\u0131n amac\u0131n\u0131n AB&#8217;ye tam \u00fcyelik kayd\u0131yla at\u0131labilecek somut ad\u0131mlar oldu\u011fu belirtiliyor.<\/p>\n<p>Daha a\u00e7\u0131k bir ifade ile Kemalistler, (Kuvay\u0131 Milliyeciler) plan\u0131n T\u00fcrk devletinin yap\u0131s\u0131n\u0131 de\u011fi\u015ftirilmesi plan\u0131 oldu\u011funu iddia edecekler. Bu iddialar\u0131nda hakl\u0131 olabilirler. Kemalistler ve Milliyet\u00e7i T\u00fcrkler T\u00fcrk devletinin yap\u0131s\u0131nda hi\u00e7bir de\u011fi\u015fiklik yap\u0131lmadan, esas\u0131nda T\u00fcrk devletine uydurulmu\u015f bir, AB \u00fcyesi olmak istiyorlar. Ya da en az\u0131ndan AB i\u00e7 hukukunun uygulanmad\u0131\u011f\u0131 ama AB&#8217;nin nimetlerinden yararlanmay\u0131 sa\u011flayacak bir AB \u00fcyeli\u011fi istiyorlar.<\/p>\n<p>Tayyip Erdo\u011fan ve AKP&#8217;nin baz\u0131 kesimleri i\u00e7in sorun farkl\u0131d\u0131r. Erdo\u011fan, Ecevit ve Demirel&#8217;den farkl\u0131 olarak iktidardan daha fazla pay almak istiyor. Ecevit ve Demirel t\u00fcr\u00fc politikac\u0131lar askere dayanarak (i\u015fbirli\u011fi yaparak ve imk\u00e2nlar\u0131 payla\u015farak iktidarlar\u0131n\u0131 korudular.) Asker, iktidarlar\u0131na son verdikleri zaman da askere kar\u015f\u0131 \u2018nank\u00f6r&#8217; davranmad\u0131lar. Erdo\u011fan ise devlet yap\u0131s\u0131nda de\u011fi\u015fiklik yap\u0131lmadan iktidar olam\u0131yor, iktidar\u0131n\u0131 s\u00fcrekli k\u0131lam\u0131yor. T\u00fcrk devletinin bu yap\u0131s\u0131 ile ayakta kalamayaca\u011f\u0131na da inan\u0131yor olabilir.<\/p>\n<p>T\u00fcrk devleti soyulmu\u015f bir \u00e7i\u011f yumurtaya benziyor. Her an elden d\u00fc\u015febilir. Kabuksuz kalan devlet el de de\u011fi\u015ftiremiyor. En ufak bir olayda Avrupa&#8217;l\u0131 ve Amerikal\u0131 y\u00f6neticiler \u2018apar topar&#8217; ko\u015farak bu kabuksuz devletin mahvolmas\u0131n\u0131 engellemeye \u00e7al\u0131\u015f\u0131yor. Bat\u0131l\u0131lar; T\u00fcrk devletinin y\u0131k\u0131l\u0131p yok olmas\u0131na belki \u00fcz\u00fclmezler ama anla\u015f\u0131lan y\u0131k\u0131l\u0131rken etrafa verece\u011fi zarar ile \u015fimdilik u\u011fra\u015fmak istemiyor!..<\/p>\n<p>T\u00fcrk ordusu i\u00e7indeki baz\u0131 g\u00fc\u00e7lerin &#8220;sivil&#8221; Kemalistlerin ve milliyet\u00e7i kesimlerin askeri bir darbe yapmak istedikleri biliniyor. Uluslar aras\u0131 ko\u015fullar elveri\u015fli olmad\u0131\u011f\u0131 i\u00e7in \u015fimdiye kadar erteleniyor. Bat\u0131l\u0131 liderlerin iki de bir T\u00fcrkiye&#8217;ye ko\u015fmalar\u0131n\u0131n da, olas\u0131 bir darbeyi engellemek amac\u0131 ta\u015f\u0131d\u0131\u011f\u0131 anla\u015f\u0131l\u0131yor !..<\/p>\n<p>Durum her iki taraf i\u00e7in de olduk\u00e7a problemlidir. Hilmi \u00d6zk\u00f6k ve Tayyip Erdo\u011fan ABD, AB deste\u011fi ile askeri darbeyi \u00f6nleyebiliyor ama bir t\u00fcrl\u00fc iktidar olam\u0131yorlar! Kar\u015f\u0131t taraf ta, di\u011ferlerinin egemenliklerini engelliyor ama her ge\u00e7en g\u00fcn daha \u00e7ok zaman yitiriyor ve eriyor. K\u0131br\u0131s resmi olarak tam kaybedilmedi ama art\u0131k orada kazan\u0131lacak fazla bir \u015fey olmad\u0131\u011f\u0131n\u0131 hemen herkes kabul ediyor!.. Dikkatleri K\u00fcrdistan&#8217;\u0131n g\u00fcneyine, bazen de kuzeyine, \u00e7ekmek isteyenlerin sesi de art\u0131k yeterli derecede yank\u0131 bulmuyor.<\/p>\n<p>Haziran ay\u0131n\u0131n sonunda \u0130stanbul&#8217;da NATO&#8217;nun yeni program\u0131n\u0131n belirlenmesi-belki resmile\u015fmesi demek daha do\u011frudur- toplant\u0131lar\u0131 yap\u0131lacak. Daha sonra da A\u011fustos ay\u0131 ve askerlerin terfi edilmeleri ve veya terfilerin s\u00f6k\u00fclmesi m\u00fccadelesi ya\u015fanacak. Belki \u015fimdiki olaylar\u0131n bir k\u0131sm\u0131n\u0131, A\u011fustos ay\u0131na y\u00f6nelik de\u011ferlendirmek daha do\u011fru olacak&#8230;<\/p>\n<p>Ama NATO toplant\u0131s\u0131 ve A\u011fustos m\u00fccadelesi nas\u0131l sonu\u00e7lan\u0131rsa, \u00f6nemli de\u011fil, \u00e7\u00fcnk\u00fc ger\u00e7ekle\u015fen ve yerle\u015fen olaylar var, bunlar\u0131 olmam\u0131\u015f saymak m\u00fcmk\u00fcn de\u011fil. Saddam rejimi y\u0131k\u0131lm\u0131\u015ft\u0131r&#8230; ABD b\u00fcy\u00fck bir askeri g\u00fc\u00e7le ve farkl\u0131 bir ama\u00e7 i\u00e7in Ortado\u011fu&#8217;da bulunmaktad\u0131r. Ne hayali teoriler ve propagandalar ne de psikolojik sava\u015flar ve hi\u00e7bir g\u00fc\u00e7 ABD&#8217;yi b\u00f6lgeden \u00e7\u0131karamayacakt\u0131r&#8221;..<\/p>\n<p><strong>Ve \u015fimdi de, Abdurrahman Dilipak&#8217;\u0131n 7.6.2004 tarihli Vakit Gazetesindeki &#8220;Erdo\u011fan ne yap\u0131yor&#8221; yaz\u0131s\u0131ndan baz\u0131 pasajlar aktaral\u0131m:<\/strong><\/p>\n<p>Bilmem fark\u0131nda m\u0131s\u0131n\u0131z? Arada bir Ba\u015fbakan \u00e7\u0131k\u0131yor ABD ve \u0130srail&#8217;i al\u0131\u015f\u0131lm\u0131\u015f\u0131n d\u0131\u015f\u0131nda sert bir uslubla ele\u015ftiriyor&#8230;<\/p>\n<p>\u00a0Bana kal\u0131rsa Erdo\u011fan bir yerlere mesaj g\u00f6nderiyor&#8230; Cesaret ve kararl\u0131l\u0131k g\u00f6sterisi yap\u0131yor&#8230; \u00c7\u00fcnk\u00fc<\/p>\n<p><strong>Birileri CIA ve MOSSAD deste\u011finde, iktidara kar\u015f\u0131 derin bir m\u00fcdahalenin haz\u0131rl\u0131\u011f\u0131 i\u00e7inde&#8230;<\/strong> Bu zaten bir s\u00fcreden beri yaz\u0131l\u0131p \u00e7iziliyor. Ancak, b\u00f6yle i\u015flerde ABD ve \u0130srail&#8217;in deste\u011fini almadan hareket etmek kolay de\u011fil&#8230;<\/p>\n<p><strong>ABD ve \u0130srail yenilecek ata oynamayacaklar\u0131 gibi, kendi menfaatlerini \u00e7\u00fcr\u00fck bir pamuk ipli\u011fine ba\u011flamak istemezler&#8230; (Yani , ABD ve \u0130srail AB&#8217;ye ve Tayyib&#8217;e kar\u015f\u0131 \u00e7\u0131kan askerleri ve milli g\u00fc\u00e7leri desteklemezler.)<\/strong> ABD&#8217;nin \u00e7\u0131karlar\u0131 &#8220;Bizim \u00c7ocuklar\u0131n&#8221; zararlar\u0131 ile \u00f6l\u00e7\u00fclemeyecek kadar b\u00fcy\u00fckt\u00fcr.. Ve bu piyasada vefaya yer yoktur&#8230;<\/p>\n<p>T\u00fcrkiye zor bir d\u00f6neme\u00e7ten ge\u00e7iyor.. <strong>Bu y\u0131l boyunca \u00e7ok dikkatli olmak gerek&#8230; Bundan sonraki y\u0131llar i\u00e7in bu y\u0131l son derece belirleyici olacak \u00e7\u00fcnk\u00fc.<\/strong><\/p>\n<p>Ankara; kararl\u0131l\u0131\u011f\u0131n\u0131 s\u00fcrd\u00fcrmek, derin g\u00fc\u00e7lere umut, c\u00fcr&#8217;et ve cesaret verecek davran\u0131\u015flardan titizlikle ka\u00e7\u0131nmak zorunda&#8221;<\/p>\n<p><strong>\u015eimdi, biri \u0130sve\u00e7&#8217;te \u00f6teki T\u00fcrkiye&#8217;de&#8230; Biri Amerikanc\u0131, di\u011feri \u0130slamc\u0131&#8230; Farkl\u0131 tarihlerde ve ayr\u0131 sitelerde yaz\u0131yorlar&#8230; Ama hayret , ikisi de ayn\u0131 \u015feyleri d\u00fc\u015f\u00fcn\u00fcyor, ayn\u0131 endi\u015feleri dillendiriyor , ayn\u0131 \u00e7areleri \u00f6neriyor ve ayn\u0131 g\u00fcce (ABD&#8217;ye) g\u00fcveniyorlar!..<\/strong> Her ikisi de:<\/p>\n<ul>\n<li>AKP&#8217;nin hay\u0131rl\u0131 ve yararl\u0131 ad\u0131mlar att\u0131\u011f\u0131n\u0131<\/li>\n<li>T\u00fcrkiye&#8217;de ve \u00f6zellikle ordu i\u00e7inde bir kesimin darbe haz\u0131rl\u0131\u011f\u0131 yapt\u0131\u011f\u0131n\u0131<\/li>\n<li>Ama Amerika ve Avrupa&#8217;n\u0131n bu harekete destek \u00e7\u0131kmad\u0131\u011f\u0131n\u0131<\/li>\n<li>AKP&#8217;nin, Avrupa ve Amerika&#8217;y\u0131 memnun eden at\u0131l\u0131mlar\u0131n\u0131 s\u00fcrd\u00fcrebilmesi i\u00e7in daha dikkatli davranarak bu badireyi atlataca\u011f\u0131n\u0131 yaz\u0131yorlar&#8230;<\/li>\n<\/ul>\n<p>Bu kadar tesad\u00fcf olamayaca\u011f\u0131na g\u00f6re , yoksa her iki zurnaya da ayn\u0131 yerden mi \u00fcfl\u00fcyorlar ?..<\/p>\n<p>Ve hele A.Dilipak&#8217;\u0131n : &#8221; ABD ve \u0130srail , yenilecek ata oynamazlar&#8221; (Yani planlanan darbeyi onaylamaz ve destek \u00e7\u0131kmazlar.. AKP onlar\u0131n \u00e7\u0131karlar\u0131 i\u00e7in daha uygun ve uyumludur&#8230;AKP&#8217;yi b\u0131rakmazlar) s\u00f6zleriyle , AKP&#8217;nin ve kendilerinin Siyonist \u0130srail&#8217;in ve Emperyalist ABD&#8217;nin g\u00fcvenine daha yak\u0131n ve daha yatk\u0131n olduklar\u0131n\u0131 if\u015fa etmesine , bakal\u0131m safdirik M\u00fcsl\u00fcmanlar ne hikmet uyduracaklar ?&#8230;<\/p>\n<p><strong>Ve tam bu s\u0131rada NTV. B\u00fcr\u00fcksel muhabiri G\u00fcldener Sonumut \u015fu bilgileri aktar\u0131yor<\/strong>:<a name=\"_ftnref1\" href=\"#_ftn1\" title=\"_ftnref1\">[1]<\/a><\/p>\n<p>&#8220;Avrupa Komisyonu&#8217;nun D\u0131\u015f ili\u015fkilerden sorumlu \u00fcyesi Chris Patten, Atat\u00fcrk&#8217;\u00fcn; derin devletin kurucusu oldu\u011funu ve bunun da AB de\u011ferleriyle ba\u011fda\u015fmad\u0131\u011f\u0131n\u0131 s\u00f6yledi.<\/p>\n<p>Patten, merkezi \u0130ngiltere&#8217;de bulunan Oxford \u0130slam Ara\u015ft\u0131rma Merkezi&#8217;nde yapt\u0131\u011f\u0131 konu\u015fmada, T\u00fcrkiye&#8217;nin AB \u00fcyeli\u011fi ile ilgili a\u00e7\u0131klamalarda bulundu.<\/p>\n<p>Bir \u00fclkenin AB \u00fcyesi olmas\u0131 i\u00e7in Avrupal\u0131 olup, Avrupa de\u011ferlerini benimsemi\u015f olmas\u0131na dikkat \u00e7eken Avrupa Komisyonunun D\u0131\u015f ili\u015fkilerden sorumlu \u00fcyesi Chris Patten, T\u00fcrkiye&#8217;nin kurucusu Mustafa Kemal&#8217;in miras\u0131n\u0131n AB de\u011ferleriyle \u00e7eli\u015fti\u011fini belirtti.<\/p>\n<p>Derin devletin kurucusu olarak Atat\u00fcrk&#8217;\u00fc g\u00f6steren Chris Patten T\u00fcrkiye&#8217;de askerlerin siyasetteki konumunun da yine Atat\u00fcrk&#8217;\u00fcn devlet anlay\u0131\u015f\u0131na ba\u011fl\u0131 oldu\u011funu bunun da AB de\u011ferleriyle ba\u011fda\u015fmad\u0131\u011f\u0131n\u0131 s\u00f6yledi.<\/p>\n<p>Atat\u00fcrk&#8217;\u00fcn dini ve etnik az\u0131nl\u0131klar\u0131 T\u00fcrkiye&#8217;de b\u00f6l\u00fcc\u00fc unsur olarak alg\u0131lad\u0131\u011f\u0131na i\u015faret eden Chris Patten, askeri y\u00f6netimle bu b\u00f6l\u00fcc\u00fc unsurlara hakim olabildi\u011fini ifade etti.<\/p>\n<p>Patten, konu\u015fmas\u0131nda T\u00fcrkiye&#8217;nin AB \u00fcyeli\u011fini destekledi\u011fini de ifade ederek, medeniyetler aras\u0131 diyalog ve Hristiyan-M\u00fcsl\u00fcman ileti\u015fimi i\u00e7in T\u00fcrkiye&#8217;nin AB \u00fcyeli\u011finin \u00f6nemli oldu\u011funu belirtti.<\/p>\n<p>&#8220;T\u00fcrkiye&#8217;de askerlerin eski g\u00fcc\u00fcne sahip olmad\u0131\u011f\u0131na&#8221; i\u015faret eden Patten, baz\u0131 Pa\u015falar\u0131n Irak konusunda Washington y\u00f6netiminin isteklerine boyun e\u011fmedi\u011fini s\u00f6yledi.&#8221;<\/p>\n<p>Evet , hem Benawi , hem Dilipak hem de Chris Patten ayn\u0131 \u015feyleri s\u00f6yl\u00fcyor!.. Ve Can D\u00fcndar&#8217;da 27-May\u0131s-2004 tarihli Milliyet&#8217;te bunlara \u2018Ankara&#8217;da final ma\u00e7\u0131&#8217; ba\u015fl\u0131kl\u0131 yaz\u0131s\u0131yla \u015f\u00f6yle kat\u0131l\u0131yor :<\/p>\n<p>&#8220;Ankara&#8217;da bir s\u00fcredir oynanan final ma\u00e7\u0131, en heyecanl\u0131 devresine girdi. Taraflar adeta bir \u00f6l\u00fcm-kal\u0131m m\u00fccadelesi veriyor. Bat\u0131 taraf\u0131ndaki kalede &#8220;De\u011fi\u015fimciler&#8221; var. Kar\u015f\u0131 kalede ise &#8220;Stat\u00fckocular&#8221;&#8230;<\/p>\n<p>Bu \u00e7eki\u015fmeli derbi, kar\u015f\u0131l\u0131kl\u0131 goller ve tehlikeli faullerle sona yakla\u015f\u0131yor. Ba\u015fkentin b\u00fcrokrasi koridorlar\u0131nda gezenler bu \u00e7eki\u015fmenin nas\u0131l k\u0131yas\u0131ya s\u00fcrd\u00fc\u011f\u00fcn\u00fcn g\u00f6zleyebiliyor.<\/p>\n<p>Yan yana binalarda s\u0131rt s\u0131rta \u00e7al\u0131\u015fan her iki tak\u0131ma mensup b\u00fcrokratlar, birbirine tuzaklar kurarak, birinin yapt\u0131\u011f\u0131n\u0131 di\u011feri bozarak ve kar\u015f\u0131 tarafta derin yaralar a\u00e7arak hedefe varmaya \u00e7al\u0131\u015f\u0131yor&#8221;<\/p>\n<p>Sonu\u00e7: Kirli cephe, \u00e7ok gizli ve tehlikeli h\u0131yanetler planl\u0131yor. Milli cephe ise, \u00e7\u0131banlar\u0131 de\u015fmek i\u00e7in, olgunla\u015fmas\u0131n\u0131 bekliyor!..<\/p>\n<p> <\/p>\n<hr \/>\n<p><a name=\"_ftn1\" href=\"#_ftnref1\" title=\"_ftn1\">[1]<\/a> Bak.www.ntvmsnbc.com. 25-May\u0131s-2004<\/p>\n","protected":false},"excerpt":{"rendered":"<p>\u00a0 <\/p>\n<p>Hat\u0131rlanaca\u011f\u0131 gibi G\u00fcneydo\u011fu&#8217;da s\u0131n\u0131ra yak\u0131n dola\u015fan bir grup Amerikal\u0131 subay ve asker yakalan\u0131p T\u00fcrkiye&#8217;ye getirildi. Karakola g\u00f6t\u00fcr\u00fclen Amerikal\u0131lar\u0131n ba\u015f\u0131na \u00e7uval ge\u00e7irildi. Olay T\u00fcrkiye-ABD ili\u015fkilerinin sa\u011fl\u0131\u011f\u0131 a\u00e7\u0131s\u0131ndan gizli tutulmaya \u00e7al\u0131\u015f\u0131ld\u0131, ama sonunda patlak verdi.<\/p>\n<p>Evet, Irak s\u0131n\u0131r\u0131ndaki K\u00f6kpi Tepesi mevkiinde 3 pe\u015fmerge, yanlar\u0131nda 20 Amerikal\u0131 asker ile birlikte s\u0131n\u0131r\u0131 ge\u00e7ip T\u00fcrk taraf\u0131na kayd\u0131. Asl\u0131nda b\u00f6lgede, kar\u015f\u0131l\u0131kl\u0131 olarak bu t\u00fcr s\u0131n\u0131r ihlalleri zaman zaman olmaktayd\u0131.<\/p>\n","protected":false},"author":25,"featured_media":0,"comment_status":"open","ping_status":"closed","sticky":false,"template":"","format":"standard","meta":{"footnotes":""},"categories":[60],"tags":[],"class_list":["post-705","post","type-post","status-publish","format-standard","hentry","category-agustos-2004"],"_links":{"self":[{"href":"https:\/\/www.millicozum.com\/mc\/wp-json\/wp\/v2\/posts\/705","targetHints":{"allow":["GET"]}}],"collection":[{"href":"https:\/\/www.millicozum.com\/mc\/wp-json\/wp\/v2\/posts"}],"about":[{"href":"https:\/\/www.millicozum.com\/mc\/wp-json\/wp\/v2\/types\/post"}],"author":[{"embeddable":true,"href":"https:\/\/www.millicozum.com\/mc\/wp-json\/wp\/v2\/users\/25"}],"replies":[{"embeddable":true,"href":"https:\/\/www.millicozum.com\/mc\/wp-json\/wp\/v2\/comments?post=705"}],"version-history":[{"count":0,"href":"https:\/\/www.millicozum.com\/mc\/wp-json\/wp\/v2\/posts\/705\/revisions"}],"wp:attachment":[{"href":"https:\/\/www.millicozum.com\/mc\/wp-json\/wp\/v2\/media?parent=705"}],"wp:term":[{"taxonomy":"category","embeddable":true,"href":"https:\/\/www.millicozum.com\/mc\/wp-json\/wp\/v2\/categories?post=705"},{"taxonomy":"post_tag","embeddable":true,"href":"https:\/\/www.millicozum.com\/mc\/wp-json\/wp\/v2\/tags?post=705"}],"curies":[{"name":"wp","href":"https:\/\/api.w.org\/{rel}","templated":true}]}}