{"id":711,"date":"2004-08-01T00:00:00","date_gmt":"2004-08-01T00:00:00","guid":{"rendered":"https:\/\/www.millicozum.com\/mc\/2004\/08\/01\/ayin-aynasi-19\/"},"modified":"2004-08-01T00:00:00","modified_gmt":"2004-08-01T00:00:00","slug":"ayin-aynasi-19","status":"publish","type":"post","link":"https:\/\/www.millicozum.com\/mc\/2004\/agustos-2004\/ayin-aynasi\/","title":{"rendered":"AYIN AYNASI"},"content":{"rendered":"<p>\u00a0  <\/p>\n<p> &#160; <\/p>\n<p align=\"center\"> <strong>BU VATAN NATO KAFALI VE YAHUD\u0130DEN MADALYALI GUS\u00dcLS\u00dcZLER\u0130N DE\u011e\u0130L, \u0130MANLI VE \u0130SLAM&#39;A SEVDALI \u015eEH\u0130TLER\u0130N YAD\u0130G\u00c2RIDIR.<\/strong> <\/p>\n<p align=\"center\"> &#160; <\/p>\n<p align=\"center\"> <strong>G\u00fczel Ninenin \u015eehit Hat\u0131ras\u0131<\/strong> <\/p>\n<p> Kars&#39;\u0131n Selim \u0130l\u00e7esi Sar\u0131g\u00fcn K\u00f6y\u00fc&#39;nde, 80 ya\u015f\u0131ndaki G\u00fczel Arslan&#39;\u0131n Allah-u Ekber Da\u011flar\u0131&#39;nda \u015fehit olan bir askerle ilgili ilgin\u00e7 an\u0131s\u0131 duyanlar\u0131 hayrete d\u00fc\u015f\u00fcr\u00fcyor. 1918 Osmanl\u0131-Rus Sava\u015f\u0131&#39;nda donarak \u015fehit olan 90 bin T\u00fcrk askerinin bulundu\u011fu Allah-u Ekber Da\u011flar\u0131&#39;n\u0131n eteklerindeki yaylaya her yaz \u00e7\u0131kan G\u00fczel Arslan, 80 ya\u015f\u0131nda olmas\u0131na ra\u011fmen dimdik ayakta duruyor ve ziyaret\u00e7ilerine ilgin\u00e7 an\u0131s\u0131n\u0131 anlat\u0131yor. 7 \u00e7ocu\u011fu bulunan ve bir \u00e7ocu\u011funu, gelini ve torunlar\u0131yla birlikte bir y\u0131l \u00f6nce trafik kazas\u0131nda kaybeden &#39;G\u00fczel Nine&#39;, yaz g\u00fcnlerini ge\u00e7irdi\u011fi Allah-u Ekber Da\u011flar\u0131&#39;ndaki \u015fehitler i\u00e7in s\u00fcrekli dua ediyor ve g\u00f6rd\u00fc\u011f\u00fc bir \u015fehit cenazesini hi\u00e7 unutamad\u0131\u011f\u0131n\u0131 s\u00f6yl\u00fcyor. 15-20 y\u0131l \u00f6nce yap\u0131lan bir kaz\u0131 esnas\u0131nda, elindeki silah\u0131yla \u015fehit olan bir askerin cesediyle kar\u015f\u0131la\u015ft\u0131klar\u0131n\u0131 belirten G\u00fczel Nine, \u015fehit askerin silah\u0131n\u0131 kaz\u0131 yerine gelen bir binba\u015f\u0131ya teslim edi\u015fine \u015fahit oldu\u011funu anlatarak, o an\u0131 hi\u00e7 unutamad\u0131\u011f\u0131n\u0131 ve bu topraklara ayak bast\u0131\u011f\u0131nda duygu seline kap\u0131ld\u0131\u011f\u0131n\u0131 s\u00f6yledi. <\/p>\n<p>  \u00a0  <\/p>\n<p> \u015eehitlerin \u00f6lmedi\u011fini ifade eden G\u00fczel Nine, &quot;Elindeki silaha sar\u0131lm\u0131\u015f, diz \u00e7\u00f6km\u00fc\u015f ve kafas\u0131n\u0131 \u00f6ne uzatm\u0131\u015ft\u0131. Elbiseleri \u00e7\u00fcr\u00fcmemi\u015f, sanki yeni \u015fehit olmu\u015f gibi duruyor ve elinden silah\u0131n\u0131 b\u0131rakm\u0131yordu. Olay yerine bir binba\u015f\u0131 geldi ve \u015fehit askere seslenerek, &#39;Ey \u015fehit asker! Elindeki t\u00fcfe\u011fini bana teslim et. Sana namus s\u00f6z\u00fc veriyorum, yemin ederim ki silah\u0131n\u0131 \u00f6pt\u00fckten sonra sana geri verece\u011fim&#39; dedi ve asker ellerini yana b\u0131rakt\u0131 ve silah binba\u015f\u0131n\u0131n eline d\u00fc\u015ft\u00fc. Silah\u0131 \u00f6pen binba\u015f\u0131, tekrar \u015fehide teslim etti. \u015eehit asker tekrar silah\u0131n\u0131 s\u0131k\u0131ca tuttu. Bu durumu g\u00f6rd\u00fc\u011f\u00fcmde \u015fa\u015f\u0131rd\u0131m ve bu topraklar\u0131n ne kadar kutsal oldu\u011funu anlad\u0131m. Demek ki ger\u00e7ekten de \u015fehitler \u00f6lm\u00fcyor ve yurdumuz gururla ayakta duruyormu\u015f.  <\/p>\n<p align=\"center\"> <strong>Y\u00dcKSEKLERE T\u00dcK\u00dcRME, D\u00d6N\u00dcP Y\u00dcZ\u00dcNE D\u00dc\u015eER!<\/strong> <\/p>\n<p> Baz\u0131 bas\u0131n yay\u0131n organlar\u0131n\u0131n 17-Haziran-2004 tarihli n\u00fcshalar\u0131nda &#8216;Erbakan&#39;dan da para alm\u0131\u015flar&#39; konulu as\u0131ls\u0131z ve ger\u00e7ek d\u0131\u015f\u0131 iddia ve isnatlar yer alm\u0131\u015ft\u0131r. <\/p>\n<p> Galip Altunta\u015f ve Haldun Erdavran isimli \u015fah\u0131slar\u0131n &quot;bir hakime ev al\u0131naca\u011f\u0131ndan bahisle hem Necmettin Erbakan hem de e\u015fi Nermin Erbakan&#39;dan para ald\u0131klar\u0131, daha sonra bu paralar\u0131 iade etmeyerek kendi i\u015f yerlerinde harcay\u0131p Erbakan ve ailesini doland\u0131rd\u0131klar\u0131&quot; iddias\u0131n\u0131n tamamen ger\u00e7ek d\u0131\u015f\u0131 oldu\u011fu anla\u015f\u0131lm\u0131\u015ft\u0131r. <\/p>\n<p> Bas\u0131n Kanunu&#39;nun 30.maddesinin h\u00fckm\u00fcne g\u00f6re duru\u015fmadan \u00f6nce iddianamelerin bas\u0131n-yay\u0131n organlar\u0131nda yay\u0131nlanmas\u0131, bu yay\u0131nlar dikkate al\u0131narak ki\u015filer hakk\u0131nda kamuoyunda karalama kampanyalar\u0131n\u0131n y\u00fcr\u00fct\u00fclmesi yay\u0131n organlar\u0131 i\u00e7in su\u00e7 say\u0131lm\u0131\u015ft\u0131r. <\/p>\n<p> Buna ra\u011fmen bu as\u0131ls\u0131z iddia ve iftiray\u0131 bas\u0131na s\u0131zd\u0131ran savc\u0131n\u0131n, bunlar\u0131 ger\u00e7ekmi\u015f gibi yazan ve yay\u0131nlayan medyan\u0131n bu tav\u0131rlar\u0131, sadece kendi ayarlar\u0131n\u0131 ve gizli yaralar\u0131n\u0131 ortaya koymaktad\u0131r. <\/p>\n<p> 12 Eyl\u00fcl askeri mahkemeleri tam be\u015f sene, t\u00fcm yurt \u00e7ap\u0131nda hatta \u00fclke d\u0131\u015f\u0131nda ara\u015ft\u0131rma ve soru\u015fturma yaparak Erbakan&#39;\u0131, bu t\u00fcr iddialarla su\u00e7layacak en k\u00fc\u00e7\u00fck bir delil bile bulamad\u0131klar\u0131ndan beraat ettirmeye mecbur kald\u0131klar\u0131 halde, bunlar\u0131n b\u00f6ylesi basitliklere tevess\u00fcl etmesi sadece \u015feytanl\u0131k ve \u015farlatanl\u0131k damar\u0131d\u0131r. <\/p>\n<p> Atalar\u0131m\u0131z ne g\u00fczel s\u00f6ylemi\u015f: <\/p>\n<p> &quot; Y\u00fckseklere t\u00fck\u00fcrme, d\u00f6n\u00fcp y\u00fcz\u00fcne d\u00fc\u015fer&quot; <\/p>\n<p align=\"center\"> <strong>&quot;\u00c7\u0130FTE STANDART&quot; \u00c7ILIK VEYA \u00c7A\u011eDA\u015e M\u00dcNAFIKLIK<\/strong> <\/p>\n<p> Hat\u0131rlanaca\u011f\u0131 \u00fczere, Erbakan Hoca \u00c7\u0131ra\u011fan Saray\u0131n da, k\u0131zlar\u0131 i\u00e7in, kendi konumuna ve maddi durumuna g\u00f6re gayet sade ve asude (g\u00f6n\u00fcl rahatl\u0131\u011f\u0131 i\u00e7inde) say\u0131lacak bir d\u00fc\u011f\u00fcn yapm\u0131\u015ft\u0131. Ve bu d\u00fc\u011f\u00fcne, inanc\u0131na ve s\u00fcrd\u00fcre geldi\u011fi samimi iddialar\u0131na ayk\u0131r\u0131; \u0130\u00e7ki ikram\u0131nda bulunmak, devlet ve h\u00fck\u00fcmet imk\u00e2n ve elemanlar\u0131n\u0131 kullanmak, cazl\u0131 dansl\u0131 ta\u015fk\u0131nl\u0131klar gibi yanl\u0131\u015fl\u0131klara tenezz\u00fcl buyrulmam\u0131\u015ft\u0131&#8230; <\/p>\n<p> Ama buna ra\u011fmen, marazl\u0131 medyas\u0131ndan, garazl\u0131 m\u00fcnaf\u0131klara&#8230; Dini bat\u0131l yorumculardan, dili bozuk yazarlara&#8230; Karanl\u0131k mihraklar\u0131n kiral\u0131k havhavc\u0131lar\u0131n, haftalarca bu d\u00fc\u011f\u00fcn\u00fc de\u011fi\u015fik y\u00f6nlere \u00e7ekerek, Erbakan Hoca&#39;n\u0131n temiz ve nezih ki\u015fili\u011fine g\u00f6lge d\u00fc\u015f\u00fclmeye \u00e7al\u0131\u015f\u0131lm\u0131\u015ft\u0131&#8230; <\/p>\n<p> Ve \u015fimdi, Demokrat Recep T. Erdo\u011fan, Devlet u\u00e7a\u011f\u0131yla ve aile boyu \u00dcrd\u00fcn Kral\u0131na davetiyeler da\u011f\u0131tarak&#8230; Be\u015f bin polisi ve emniyetin di\u011fer birimlerini bu \u015fahsi ve g\u00f6steri\u015fli d\u00fc\u011f\u00fcn\u00fc i\u00e7in kullanarak&#8230; Daha \u00f6nce kar\u0131s\u0131n\u0131 \u00f6pen, dostu Yunan Ba\u015fbakan\u0131&#39;n\u0131 \u015fahit k\u0131larak, ola\u011fan\u00fcst\u00fc bir \u015fa&#39;\u015faa ve \u015fatafatla yapt\u0131\u011f\u0131, ve i\u00e7eride nelerin ya\u015fand\u0131\u011f\u0131n\u0131 g\u00f6renlerin anlatt\u0131\u011f\u0131 bu d\u00fc\u011f\u00fcn olay\u0131ndan ve ya\u015fanan dejenerasyondan ne gavur ne M\u00fcsl\u00fcman, hi\u00e7 kimse bahsetmedi, a\u011fz\u0131na bile almad\u0131&#8230; <\/p>\n<p> Milli Gazete&#39;de yazarken Tayyib&#39;i ve ekibini &quot;d\u00f6neklik ve dengesizlik&quot; le su\u00e7layan&#8230; Ama \u015fimdi o &quot;d\u00f6nek ve dengesiz&quot; dedikleriyle d\u00fcn\u00fcr olup \u015feref bulan, ad\u0131 Sad\u0131k ayar\u0131 tan\u0131d\u0131k, Albayraklar kabilesinden ve yeni \u015eafak katiplerinden olan Zat, i\u015fte bu dediklerimizi en iyi hat\u0131rlayacak ve anlayacak \u015fah\u0131st\u0131r!.. <\/p>\n<p align=\"center\"> ASKER\u0130 DEPOLARIMIZ \u0130SRA\u0130L&#39;\u0130N EMR\u0130NDE <\/p>\n<p> 21.Haziran. Pazartesi NTV saat 14:00 Haberlerinde, hem \u0130srail&#39;in Kuzey Irak&#39;taki pe\u015fmergeleri e\u011fitti\u011fi s\u00f6ylendi. <\/p>\n<p> Hem de, T\u00fcrkiye ile \u0130srail&#39;in &quot; Ortak Askeri M\u00fchimmat Depolama&quot; anla\u015fmas\u0131 yapt\u0131\u011f\u0131 bildirildi. <\/p>\n<p> G\u00fcya, bu iki \u00fclkeden her hangisine bir sald\u0131r\u0131 olursa bu ortak depolardaki silahlar\u0131 kullanacakm\u0131\u015f&#8230; <\/p>\n<p> Ya hu, \u015funa T\u00fcrkiye&#39;nin askeri imk\u00e2nlar\u0131 ve silahlar\u0131, \u0130slam \u00fclkelerine kar\u015f\u0131 kullan\u0131ls\u0131n diye \u0130srail&#39;in emrine veriliyor desenize!  <\/p>\n<p> Evet, AKP&#39;liler ve NATO&#39;cu generaller \u0130srail&#39;in hizmetinde&#8230; <\/p>\n<p> Yegane kuvvet ve kudret sahibi olarak \u0130srail&#39;i g\u00f6renler yak\u0131nda yan\u0131ld\u0131klar\u0131n\u0131 anlayacaklar! <\/p>\n<p align=\"center\"> <strong>AMAN HA, AKP&#39;Y\u0130 \u0130NC\u0130TMEY\u0130N !..<\/strong> <\/p>\n<p> 18-Haziran Cuma gecesi TV-5. Ekrem K\u0131z\u0131lta\u015f&#39;\u0131n G\u00fcnd\u00f6n\u00fcm\u00fc program\u0131na , &quot;NATO&#39;ya ve i\u015fgale hay\u0131r&quot; mitingi m\u00fcnasebetiyle , \u0130HH Ba\u015fkan\u0131 B\u00fclent Y\u0131ld\u0131r\u0131m konuk edilip , bu mitingin sebepleri ve hedefleri konu\u015fuldu.. <\/p>\n<p> &quot; Bush&#39;un i\u015fkencecili\u011fi, ABD&#39;nin canili\u011fi, NATO&#39;nun \u0130slam&#39;\u0131 hedef se\u00e7ti\u011fi, Bat\u0131n\u0131n yeni bir Ha\u00e7l\u0131 Sava\u015f\u0131&#39;na giri\u015fti\u011fi&quot; gibi do\u011fru konular \u00fczerinde uzun uzun duruldu. Ama bir husus dikkatimizi \u00e7ekti. Ne Ekrem K\u0131z\u0131lta\u015f ne de B\u00fclent Y\u0131ld\u0131r\u0131m &quot;Bat\u0131n\u0131n, NATO&#39;nun ve Amerika&#39;n\u0131n b\u00fct\u00fcn bu vah\u015fet ve h\u0131yanetlerine AKP \u0130ktidar\u0131n\u0131 ortak yapt\u0131klar\u0131ndan, Recep T.Erdo\u011fan ve ekibini bu i\u015fgal ve i\u015fkencelerde ta\u015feron olarak kulland\u0131klar\u0131ndan, as\u0131l AKP iktidar\u0131n\u0131n uyar\u0131lmas\u0131n\u0131 ve halk\u0131n bu i\u015fbirlik\u00e7i y\u00f6netime kar\u015f\u0131 tepki koymas\u0131n\u0131 ama\u00e7lad\u0131klar\u0131ndan&quot; tek bir kelime olsun bahsedilmedi&#8230; <\/p>\n<p> &quot;T\u00fcrkiye oyuna getirilmek isteniyor&#8230;&quot; cinsinden yuvarlak ve dolayl\u0131 ifadeler d\u0131\u015f\u0131nda, AKP&#39;yi incitecek s\u00f6zler sarf edilmedi&#8230; <\/p>\n<p> Hatta bir ara B\u00fclent Y\u0131ld\u0131r\u0131m &quot; Bu mitinge y\u00fcz binler kat\u0131l\u0131rsa , h\u00fck\u00fcmetin de eli g\u00fc\u00e7lenir &quot; anlam\u0131nda laflar etti ve ekledi &quot;Ba\u015f\u00f6rt\u00fcs\u00fc ve Meslek liseleri konusunda y\u00fcz binlerin kat\u0131ld\u0131\u011f\u0131 mitingler yap\u0131labilseydi , bence o sorunlar da \u00e7\u00f6z\u00fclecekti&#8230;&quot;!? <\/p>\n<p> Yani, bu millet, tek ba\u015f\u0131na anayasay\u0131 de\u011fi\u015ftirebilecek \u00e7o\u011funlukta oy verip AKP&#39;yi iktidara getirmi\u015f&#8230; Onlar ise en basit konularda bile s\u00f6z\u00fcn\u00fc yerine getirememi\u015f&#8230; \u015eimdi millet miting yap\u0131p, ayr\u0131ca AKP&#39;ye destek vermekle mi bu i\u015fler \u00e7\u00f6z\u00fclecek? Bu nas\u0131l mant\u0131k? <\/p>\n<p> Yoksa bu mitingler, NATO&#39;ya, Amerika&#39;ya kar\u015f\u0131 \u00e7\u0131k\u0131l\u0131yormu\u015f g\u00f6r\u00fcnt\u00fcs\u00fc alt\u0131nda, asl\u0131nda onlar\u0131n ta\u015feronu ve su\u00e7 orta\u011f\u0131 AKP&#39;yi aklamak i\u00e7in mi yap\u0131l\u0131yor? <\/p>\n<p> Veya, D\u0131\u015f G\u00fc\u00e7lere ve AKP gibi i\u015fbirlik\u00e7ilere kar\u015f\u0131 toplumda olu\u015fan h\u0131rs ve heyecan\u0131 savu\u015fturmak ve halk\u0131m\u0131z\u0131n havas\u0131n\u0131 almak i\u00e7in mi tertipleniyor? <\/p>\n<p> Hayret ki, hayret! <\/p>\n<p> Hat\u0131rlatma: Recep T. Erdo\u011fan&#39;\u0131n, bu t\u00fcrl\u00fc &quot;\u0130slam&#39;c\u0131 destek&quot;leri ald\u0131ktan sonra, \u00e7ocuklar\u0131 ba\u015f\u00f6rt\u00fcs\u00fc ve \u0130mam Hatip ma\u011fduru olan velilere sata\u015f\u0131p &quot;Bedel \u00f6demezseniz, sorunu \u00e7\u00f6zemezsiniz&quot; yollu \u00e7\u0131k\u0131\u015flar\u0131 bizi hakl\u0131 \u00e7\u0131kar\u0131yor de\u011filmidir? <\/p>\n<p align=\"center\"> &quot;EFEND\u0130&quot; ve Soner Yal\u00e7\u0131n <\/p>\n<p> Soner Yal\u00e7\u0131n, Tanzimat&#39;tan itibaren, yakla\u015f\u0131k 200 y\u0131ld\u0131r T\u00fcrkiye&#39;nin gizli ama ger\u00e7ek &quot;Efendi&quot;lerinin&#8230; Yani ekonomiden ticarete&#8230; K\u00fclt\u00fcr ve sanattan siyasete&#8230; Bas\u0131n ve yay\u0131ndan d\u0131\u015f politika ve diplomasiye&#8230; E\u011fitimden adalete&#8230; Hemen her alanda \u00fclkemize y\u00f6n veren ve y\u00f6neten kimselerin ve bug\u00fcnk\u00fc sistemi \u015fekillendirenlerin Sabataist d\u00f6nmeler ve Masonik merkezler oldu\u011funu, delilleriyle ve tatl\u0131 bir dille ortaya koymu\u015f&#8230; Yak\u0131n tarihimizin perde arkas\u0131na projekt\u00f6r tutmu\u015f&#8230; <\/p>\n<p> Kendisini tebrik ediyor, bu yolda daha ba\u015fka ve bereketli eserlerini bekliyoruz&#8230; <\/p>\n<p> Ama gelin g\u00f6r\u00fcn ki; Masonundan M\u00fcsl\u00fcman&#39;\u0131na&#8230; Yazar\u0131ndan yorumcusuna bir s\u00fcr\u00fc adam : <\/p>\n<p> &quot;Niye kabuk ba\u011flam\u0131\u015f yaram\u0131z\u0131 ka\u015f\u0131d\u0131n !? <\/p>\n<p> Niye gizli kalm\u0131\u015f bir yan\u0131m\u0131z\u0131 a\u00e7\u0131\u011fa \u00e7\u0131kard\u0131n !? <\/p>\n<p> Niye , zorla durulmaya ba\u015flam\u0131\u015f kafalar\u0131m\u0131z\u0131 yeniden kar\u0131\u015ft\u0131rd\u0131n !?  <\/p>\n<p> &quot;Tam da , ho\u015f g\u00f6relim , bo\u015f verelim&quot; havas\u0131na girmi\u015fken , niye bu tarihi ve tehlikeli ger\u00e7ekleri g\u00fcndeme ta\u015f\u0131d\u0131n !? diye kar\u015f\u0131 \u00e7\u0131k\u0131yorlar&#8230;  <\/p>\n<p> Yani &quot;Yaras\u0131 olanlar gocunuyorlar !&#8230;&quot; <\/p>\n<p> Ama bilmiyorlar ki , hi\u00e7bir hastal\u0131k hayat boyu gizli kalmayaca\u011f\u0131 gibi , hi\u00e7bir &quot;Milli m\u00fcnaf\u0131kl\u0131k&quot; ta, toplumdan s\u00fcrekli saklanamaz !.. <\/p>\n<p> Kald\u0131 ki biz millet olarak Yahudi ve Hr\u0131stiyanlara de\u011fil , \u00fclkemize h\u0131yanet edenlere ve gizli kirli i\u015fler \u00e7evirenlere kar\u015f\u0131y\u0131z !.. <\/p>\n<p> &quot; Yalan yanl\u0131\u015f yazan tarih utans\u0131n!.. <\/p>\n<p> &quot; Efendi&quot;lere k\u00f6lelik yapan , millet uyans\u0131n !..&quot;  <\/p>\n<p align=\"center\"> ERDO\u011eAN&#39;DAN YAHUD\u0130 LOB\u0130S\u0130NE DOST UYARISI <\/p>\n<p> Ba\u015fbakan, partisinin grup toplant\u0131s\u0131nda ABD gezisini de\u011ferlendirmi\u015f: <\/p>\n<p> ABD&#39;de yap\u0131lan G-8 zirvesinin baz\u0131 \u00e7evreler taraf\u0131ndan g\u00f6lgelenmeye \u00e7al\u0131\u015f\u0131ld\u0131\u011f\u0131n\u0131 savunan Erdo\u011fan, orada Yahudi Lobisiyle yapt\u0131\u011f\u0131 g\u00f6r\u00fc\u015fmelerde de &quot;Dost ac\u0131 s\u00f6yler&quot; diyerek, baz\u0131 uyar\u0131larda bulundu\u011funu ifade etmi\u015f. <\/p>\n<p> Evet, Recep T.Erdo\u011fan, &quot;\u0130srail&#39;in ba\u015f\u0131n\u0131 s\u0131k\u0131nt\u0131ya sokan yanl\u0131\u015fl\u0131klar\u0131 ve mazeret uydurulamayan sald\u0131r\u0131lar\u0131n\u0131 b\u0131rakmas\u0131n\u0131&quot; istemi\u015f&#8230; Ve gayet dost\u00e7a talep ve temennilerini iletmi\u015f. B\u00f6ylece hem Siyonist odaklara <\/p>\n<p> &quot;Bak\u0131n\u0131z , bu kulunuz , \u0130srail&#39;in gelece\u011fini ve g\u00fcvenli\u011fini , sizden bile daha \u00e7ok d\u00fc\u015f\u00fcn\u00fcyor ve dert ediniyorum !&quot; mesaj\u0131n\u0131 vermi\u015f.. <\/p>\n<p> Hem de kendi taban\u0131na ve te\u015fkilat\u0131na kar\u015f\u0131: G\u00f6r\u00fcyor musunuz ne kahraman adam!\u00a0 \u0130srail&#39;e bile sert \u00e7\u0131kabiliyor ve Siyonist Liderlere bile ger\u00e7ekleri hayk\u0131r\u0131yor !..&quot; imaj\u0131n\u0131 g\u00fc\u00e7lendirmi\u015f.. <\/p>\n<p> Ama \u0130srail Savunma Bakanl\u0131\u011f\u0131 Ba\u015fdan\u0131\u015fman\u0131 ve T\u00fcrkiye uzman\u0131 Alon Liel, bu konuda ne diyor : <\/p>\n<p> &quot;Tayyip Erdo\u011fan&#39;\u0131n, bizimle dostlu\u011funu daha rahat s\u00fcrd\u00fcrebilmesi i\u00e7in, bu t\u00fcr \u00e7\u0131k\u0131\u015flar\u0131n\u0131 anlay\u0131\u015fla kar\u015f\u0131l\u0131yor, ho\u015f g\u00f6r\u00fcyoruz !&quot; <\/p>\n<p> \u00a0\u00a0  <\/p>\n<p align=\"center\"> TESEV&#39;DEN \u0130HL RAPORU <\/p>\n<p> TESEV; Siyonizm&#39;in Gizli D\u00fcnya Devletinin , &quot;300&quot;ler Meclisinin T\u00fcrkiye temsilcilerinin denetimindeki T\u00dcS\u0130AD&#39;\u0131n, bir d\u00fc\u015f\u00fcnce \u00fcretme merkezi&#8230; Daha do\u011frusu sinsi Masonik mahfillerin g\u00f6r\u00fc\u015f ve giri\u015fimlerini seslendirme servisi&#8230; <\/p>\n<p> &quot;T\u00fcrkiye Ekonomik ve Sosyal Et\u00fctler Vakf\u0131 (TESEV) Demokratikle\u015fme Program\u0131&quot; kapsam\u0131nda gazeteci Ru\u015fen \u00c7ak\u0131r ve ara\u015ft\u0131rma ekibinin haz\u0131rlad\u0131\u011f\u0131 &quot;\u0130mam Hatip Liseleri (\u0130HL) Efsaneler ve ger\u00e7ekler&quot; raporu a\u00e7\u0131kland\u0131. <\/p>\n<p> Conrad Otel&#39;de d\u00fczenlenen bas\u0131n toplant\u0131s\u0131nda konu\u015fan TESEV Ba\u015fkan\u0131 Can Paker &quot; \u0130HL konusundaki efsaneleri k\u0131r\u0131p ger\u00e7ekleri ortaya \u00e7\u0131karmak i\u00e7in bu \u00e7al\u0131\u015fmay\u0131 ba\u015flatt\u0131klar\u0131n\u0131&quot; kaydederek, &quot;Bu rapor, \u0130HL sorununun sadece e\u011fitim meselesi olmad\u0131\u011f\u0131n\u0131, alt\u0131nda sosyolojik olgu yatt\u0131\u011f\u0131n\u0131 da g\u00f6sterdi&quot; diyor. <\/p>\n<p> Gazeteci \u00c7ak\u0131r da, ocak ay\u0131nda ba\u015flayan \u00e7al\u0131\u015fman\u0131n 4 ay s\u00fcrd\u00fc\u011f\u00fcn\u00fc , raporu haz\u0131rlayan ekibin gazetecilerden olu\u015ftu\u011funu ve akademik bir hakem taraf\u0131ndan da incelendi\u011fini s\u00f6yl\u00fcyor.. <\/p>\n<p> \u0130HL&#39;lerin , T\u00fcrk toplumunda \u00e7e\u015fitli kesimlerce &quot;din e\u011fitiminde T\u00fcrk modeli&quot; , &quot;e\u011fitim sisteminin kara deli\u011fi&quot; , &quot;e\u011fitim sistemi i\u00e7inde acil \u00e7\u00f6z\u00fclmesi gereken sorun&quot; olarak de\u011ferlendirildi\u011fini dile getiren \u00c7ak\u0131r , \u0130HL mezunlar\u0131na \u00d6SS s\u0131nav\u0131nda uygulanan katsay\u0131n\u0131n toplumun geni\u015f kesimlerince &quot;adaletsizlik&quot; olarak yorumland\u0131\u011f\u0131n\u0131 ifade ediyor.. <\/p>\n<p> Ru\u015fen \u00c7ak\u0131r; <\/p>\n<p> &quot;\u0130HL&#39;lerin herkes i\u00e7in sorun olu\u015fturdu\u011fu kabul edilmeli. \u0130HL sorunu, T\u00fcrk e\u011fitim sisteminin temel sorunlar\u0131ndan yaln\u0131zca biri olarak g\u00f6r\u00fclmeli ,&quot; e\u011fitim sistemimizin yeniden yap\u0131lanmas\u0131 ba\u011flam\u0131nda yeniden ele al\u0131nmal\u0131. \u0130HL sorunu, m\u00fcmk\u00fcn oldu\u011fu kadar politik tart\u0131\u015fma ve \u00e7eki\u015fmelerin malzemesi olmaktan \u00e7\u0131kar\u0131lmal\u0131. &#8216;28 \u015eubat s\u00fcrecinin r\u00f6van\u015f\u0131n\u0131 alma&#39; veya &#8216;AKP H\u00fck\u00fcmetini k\u00f6\u015feye s\u0131k\u0131\u015ft\u0131rma&#39; gibi yakla\u015f\u0131mlardan uzak durulmas\u0131 gerekti\u011fini de ekliyor! <\/p>\n<p> <strong>TESEV&#39;cilerin Gazetecisi, daha do\u011frusu sahibinin sesi olan Ru\u015fen \u00c7ak\u0131r&#39;a bir s\u00f6z\u00fcm\u00fcz var: \u0130mam Hatipler \u00fclkemizdeki bir avu\u00e7 d\u00f6nmenin ve dinsizin ve de bu s\u00f6m\u00fcr\u00fc d\u00fczeninden beslenen birka\u00e7 kiral\u0131k densizin d\u0131\u015f\u0131nda, hi\u00e7 kimse i\u00e7in bir sorun de\u011fil, tam tersine milletimiz i\u00e7in bir onur kayna\u011f\u0131d\u0131r&#8230; <\/strong> <\/p>\n<p align=\"center\"> TESEV Y\u00d6NET\u0130C\u0130LER\u0130NE SU\u00c7 DUYURUSU <\/p>\n<p> \u0130stanbul \/ Gasp\u0131ral\u0131 \u00c7al\u0131\u015fma Grubu Ba\u015fkan\u0131 Ramazan Bakkal, T\u00fcrkiye Ekonomik Ve Sosyal Et\u00fcdler Vakf\u0131 (TESEV) y\u00f6neticileri hakk\u0131nda, vakf\u0131n &quot;2004 programlar\u0131&quot; ba\u015fl\u0131kl\u0131 raporunda halk\u0131 askerlikten so\u011futmaya y\u00f6nelik propaganda yap\u0131ld\u0131\u011f\u0131 gerek\u00e7esiyle savc\u0131l\u0131\u011fa su\u00e7 duyurusunda bulundu. <\/p>\n<p> \u0130stanbul Cumhuriyet Ba\u015fsavc\u0131l\u0131\u011f\u0131na gelen Bakkal ile grubun Y\u00f6netim Kurulu \u00fcyeleri Kemal \u00c7ab\u0131o\u011flu ve Hasan G\u00fcrb\u00fcz, haz\u0131rlad\u0131klar\u0131 su\u00e7 duyurusu dilek\u00e7esini \u0130stanbul M\u00fcracaat savc\u0131l\u0131\u011f\u0131na verdi. <\/p>\n<p> Dilek\u00e7e de, TESEV&#39;in haz\u0131rlad\u0131\u011f\u0131 &quot;2004 programlar\u0131&quot; ba\u015fl\u0131kl\u0131 raporda &quot;\u015fehitlik&quot; , &quot;gazilik ve kahramanl\u0131k&quot; kavramlar\u0131n\u0131n tart\u0131\u015fmaya a\u00e7\u0131larak, sonu\u00e7ta ortadan kald\u0131r\u0131lmas\u0131n\u0131n \u00f6nerildi\u011fi kaydedildi. <\/p>\n<p> Bu kavramlar\u0131n bir tarafa b\u0131rak\u0131lmas\u0131 i\u00e7in propaganda yap\u0131lmas\u0131n\u0131n halk\u0131n askerlikten so\u011futulmas\u0131 amac\u0131na y\u00f6nelik oldu\u011fu bildirilen dilek\u00e7ede &quot;vicdani red&quot; konusu da g\u00fcndeme getirilerek halk\u0131 askerlikten so\u011futma eylemlerinin s\u00fcrd\u00fcr\u00fcld\u00fc\u011f\u00fc savunuldu.  <\/p>\n<p> Raporun &quot;Silahl\u0131 Kuvvetlerin Demokratik Denetimi&quot; ba\u015fl\u0131\u011f\u0131 alt\u0131nda da, T\u00fcrk Silahl\u0131 Kuvvetleri&#39;nin ve di\u011fer emniyet birimlerinin yabanc\u0131 \u015firketlerin denetimine a\u00e7\u0131lmas\u0131n\u0131n istendi\u011fi dilek\u00e7ede, TESEV Ba\u015fkan\u0131 Can Paker&#39;in, bir r\u00f6portaj\u0131nda yabanc\u0131 vak\u0131f ve ki\u015filerden para ald\u0131klar\u0131n\u0131 s\u00f6yledi\u011fi, bahsi ge\u00e7en kurulu\u015flar\u0131n T\u00fcrkiye&#39;deki etnik ayr\u0131mc\u0131l\u0131\u011f\u0131 k\u0131\u015fk\u0131rtan kurulu\u015flar oldu\u011fu ifade edildi. <\/p>\n<p> &quot;San\u0131klar\u0131n tamam\u0131, fikir ve eylem birli\u011fi i\u00e7erisinde devletin ve milletin varl\u0131\u011f\u0131n\u0131 ve b\u00fct\u00fcnl\u00fc\u011f\u00fcn\u00fc ortadan kald\u0131racak projeler \u00f6nermekte ve propaganda etmektedir&quot; denilen dilek\u00e7ede, TESEV Ba\u015fkan\u0131 Can Paker, ba\u015fkan yard\u0131mc\u0131lar\u0131 Mete Say\u0131c\u0131 ve \u0130shak Alaton ile Y\u00f6netim Kurulu \u00fcyeleri Osman Kavala, Vural Ak\u0131\u015f\u0131k, Y\u0131lmaz Arg\u00fcen, Selim Alguadi\u015f, O\u011fuz \u00d6zerden ve Hasan Karacal hakk\u0131nda, eylemlerine uyan TCK maddeleri uyar\u0131nca dava a\u00e7\u0131lmas\u0131 istendi.&quot; <\/p>\n<p> <strong>Acaba; \u0130mam Hatipliler ve Ba\u015f\u00f6rt\u00fcl\u00fcler gibi irticai geli\u015fmelerle (!) sava\u015fan baz\u0131 generallerimiz, TESEV ve T\u00dcS\u0130AD&#39;\u0131n bu tahripleri kar\u015f\u0131s\u0131nda niye suskun ve puskun kal\u0131yorlar?<\/strong> <\/p>\n<p> &#160; <\/p>\n<p align=\"center\"> <strong>BARTHOLOMEOS V\u0130YANA&#39;DA A\u00c7IKLADI: <\/strong> <\/p>\n<p align=\"center\"> <strong>BA\u015eBAKAN RUHBAN OKULU \u0130\u00c7\u0130N S\u00d6Z VERD\u0130&#8230;<\/strong> <\/p>\n<p> Fener Rum Patri\u011fi Bartholomeos Viyana&#39;da yapt\u0131\u011f\u0131 a\u00e7\u0131klamada, &quot;Ba\u015fbakan, D\u0131\u015fi\u015fleri ve Milli E\u011fitim Bakanlar\u0131 s\u00f6z verdi. Heybeliada Ruhban Okulu a\u00e7\u0131lacak. A\u00e7\u0131l\u0131\u015f\u0131n yeni ders y\u0131l\u0131na yeti\u015fece\u011fini umuyorum&quot; <\/p>\n<p> AKP H\u00fck\u00fcmeti \u0130mam-Hatip Liseleri ve di\u011fer meslek liseleri i\u00e7in halk\u0131n taleplerini g\u00f6z ard\u0131 edip hep geri ad\u0131m atarken, Heybeliada Ruhban Okulu&#39;nun a\u00e7\u0131lmas\u0131 i\u00e7in her \u015feyi seferber etmesi ve bu d\u00f6neme yeti\u015ftirmek \u00fczere s\u00f6z vermesi manidar bulunuyor&#8230; <\/p>\n<p> <strong>Ama \u015fa\u015f\u0131lacak bir \u015fey yok ; AKP&#39;yi kimler kurdurdu kimler iktidar koltu\u011funa oturttu ise , \u015fimdi de onlar kullan\u0131yor !..<\/strong> <\/p>\n<p> E\u011e\u0130T\u0130MDEK\u0130 YASAKLARI \u00c7\u00d6ZMES\u0130 BEKLENEN \u0130KT\u0130DAR, RUHBAN OKULU \u0130\u00c7\u0130N TASARI HAZIRLIYOR. K\u0130ME N\u0130YET K\u0130ME KISMET <\/p>\n<p> \u0130HL&#39;ler ile ilgili yasa tasar\u0131s\u0131nda geri ad\u0131m atan ve verdi\u011fi s\u00f6z\u00fc tutmayan h\u00fck\u00fcmetin Heybeliada Ruhban Okulu&#39;nun a\u00e7\u0131lmas\u0131 i\u00e7in m\u00fccadele etmesini anlamakta zorlanmaktay\u0131z. &quot;Biz din \u00f6zg\u00fcrl\u00fc\u011f\u00fcn\u00fcn kar\u015f\u0131s\u0131nda de\u011filiz. Ama, bu \u00fclkenin ger\u00e7ek sahipleri dini \u00f6zg\u00fcrl\u00fcklerden mahrum b\u0131rak\u0131l\u0131rken, az\u0131nl\u0131klara yeni haklar verilmesine kar\u015f\u0131y\u0131z&quot;\u00a0  <\/p>\n<p> Ruhban Okulunun a\u00e7\u0131lmas\u0131 i\u00e7in 18 maddelik d\u00fczenleme yap\u0131lmas\u0131 gerekti\u011fini belirten Aytun\u00e7 Alt\u0131ndal , &quot;Bu 18 maddenin 2 tanesi de de\u011fi\u015ftirilemez h\u00fckm\u00fc bulunan anayasa maddesidir.Bu nedenle T\u00fcrkiye&#39;de Ruhban Okulunun Patri\u011fin istedi\u011fi bir \u015fekilde a\u00e7\u0131lmas\u0131 m\u00fcmk\u00fcn de\u011fildir..H\u00fck\u00fcmet yasa tasar\u0131s\u0131yla bu okulu a\u00e7amaz.&quot; diye konu\u015ftu. <\/p>\n<p> &#160; <\/p>\n<p align=\"center\"> <strong>DEVRANI DEVR\u0130LECEK D\u0130NAZORLAR, BA\u015e\u00d6RT\u00dcS\u00dcNE EL UZATIRLAR!<\/strong> <\/p>\n<p> Erzurum Atat\u00fcrk \u00dcniversitesi&#39;ndeki diploma t\u00f6renine ba\u015f\u00f6rt\u00fcl\u00fc \u00f6\u011frenciler, anneleri ve yak\u0131nlar\u0131 al\u0131nmad\u0131. Moskova&#39;da \u0130slam \u00dcniversitesi a\u00e7\u0131lmas\u0131n\u0131n haz\u0131rl\u0131klar\u0131 yap\u0131l\u0131rken, Stalin Rusya&#39;s\u0131nda bile g\u00f6r\u00fclmeyen ba\u015f\u00f6rt\u00fc yasa\u011f\u0131 T\u00fcrkiye&#39;ye bir deli g\u00f6mle\u011fi gibi giydiriliyor. <\/p>\n<p> T\u00fcrkiye i\u00e7in , tarih boyunca bir h\u0131yanet merkezi olmu\u015f ,Heybeliada Ruhban Okulunun a\u00e7\u0131lmas\u0131 ve kendi dini k\u0131yafetleriyle e\u011fitim yap\u0131lmas\u0131 konusunda her t\u00fcrl\u00fc gayreti g\u00f6steren AKP iktidar\u0131n\u0131n , Ba\u015f\u00f6rt\u00fcs\u00fc ve \u0130mam-Hatip Lisesi konusundaki tutars\u0131z ve duyars\u0131z tav\u0131rlar\u0131 , hala gafil M\u00fcsl\u00fcmanlar\u0131n akl\u0131n\u0131 ba\u015f\u0131na getirmiyorsa ; demek ki , biraz daha \u00e7ekmeleri gerekiyor !.. <\/p>\n<p align=\"center\"> <strong>ADALET VE ASALET; ASKERDE&#8230;<\/strong> <\/p>\n<p> T\u00fcrkiye Ekonomik Ve Sosyal Et\u00fcdler Vakf\u0131 (TESEV) , \u0130mam-Hatip Liseleri konusunu ara\u015ft\u0131rd\u0131 ve bir rapor yay\u0131nlad\u0131&#8230; 12 Mart s\u00fcreci, \u0130mam-Hatip mezunlar\u0131na \u00fcniversiteye girme hakk\u0131n\u0131 verirken orta k\u0131s\u0131mlar\u0131 da kapatt\u0131. Daha sonra y\u00f6netmelik de\u011fi\u015ftirilince, \u0130mam-Hatip mezunlar\u0131 1976-1977 ders y\u0131l\u0131nda, edebiyat kollar\u0131 ile irtibatland\u0131r\u0131lan fak\u00fcltelere kay\u0131tlar\u0131n\u0131 yapt\u0131rd\u0131lar. Ecevit, Milli Sel\u00e2met Partisi ile koalisyon kurunca, h\u00fck\u00fcmet program\u0131n\u0131n en \u00f6nemli vaatlerinden biri &quot;meslek okullar\u0131n\u0131n orta k\u0131s\u0131mlar\u0131n\u0131&quot; a\u00e7\u0131lmas\u0131yd\u0131. Nitekim 12 Mart d\u00f6neminde kapat\u0131lan \u0130mam-Hatiplerin orta k\u0131s\u0131mlar\u0131 Ecevit h\u00fck\u00fcmeti d\u00f6neminde ve Erbakan&#39;\u0131n gayretiyle a\u00e7\u0131ld\u0131. <\/p>\n<p> 10 ayl\u0131k CHP-MSP H\u00fck\u00fcmeti s\u0131ras\u0131nda, 29 yeni \u0130mam-Hatip Lisesi faaliyete ge\u00e7ti.12 Eyl\u00fcl d\u00f6neminde Milli E\u011fitim Temel Kanunu de\u011fi\u015fti.16 Haziran 1983&#39;te kabul edilen h\u00fck\u00fcm, \u0130mam-Hatip Lisesi mezunlar\u0131n\u0131n edebiyat d\u0131\u015f\u0131nda kalan dallarda da \u00fcniversiteye girmesine zemin haz\u0131rl\u0131yordu.16 Haziran 1983 de\u011fi\u015fikli\u011fi \u015f\u00f6yleydi : &quot; Lise ve dengi okullar\u0131 bitirenler, y\u00fcksek \u00f6\u011frenim kurumlar\u0131na girmek i\u00e7in aday olmaya hak kazan\u0131rlar. Hangi y\u00fcksek kurumlara, hangi programlar\u0131 bitirenlerin nas\u0131l girecekleri ve giri\u015f \u015fartlar\u0131 Mili E\u011fitim Bakanl\u0131\u011f\u0131 ile i\u015fbirli\u011fi yaparak Y\u00fcksek E\u011fitim Kurulu taraf\u0131ndan tespit edilir.&quot;G\u00f6r\u00fcld\u00fc\u011f\u00fc gibi, bug\u00fcn katsay\u0131 tart\u0131\u015fmas\u0131na zemin haz\u0131rlayan geli\u015fmeler, iki askeri d\u00f6nemde ortaya \u00e7\u0131kt\u0131: 12 Mart ve 12 Eyl\u00fcl. 12 Mart, \u0130mam-Hatip mezunlar\u0131n\u0131n edebiyatla ili\u015fkili, siyasal bilgiler, hukuk gibi fak\u00fcltelere girmesine imkan verdi.12 Eyl\u00fcl ise, alan s\u0131n\u0131rlamas\u0131n\u0131 tamamen kald\u0131rd\u0131. <\/p>\n<p> <strong>Demek ki askerler, Mason sivillerden ve siyasilerden \u00e7ok daha adil ve asil davran\u0131yor!<\/strong> <\/p>\n<p> &#160; <\/p>\n<p align=\"center\"> <strong>GENELKURMAY BA\u015eKANLI\u011eI K\u00dcT\u00dcPHANES\u0130&#39;NDEK\u0130 KUR&#39;ANI KER\u0130M<\/strong> <\/p>\n<p> Genelkurmay Ba\u015fkanl\u0131\u011f\u0131 K\u00fct\u00fcphanesi&#39;ndeki 1 numarada kay\u0131tl\u0131 kitab\u0131n Kur&#39;\u00e2n-\u0131 Kerim oldu\u011funu biliyor muydunuz? <\/p>\n<p> Evet, Genelkurmay Ba\u015fkanl\u0131\u011f\u0131 K\u00fct\u00fcphanesi&#39;nde Kur&#39;an\u0131 Kerim, 1 numaral\u0131 kitap olarak durmaktad\u0131r. <\/p>\n<p> Genelkurmay K\u00fct\u00fcphanesi&#39;nde Kur&#39;an\u0131 Kerim&#39;in bir numara kaydedili\u015finin, ser\u00fcveni \u015f\u00f6yle cereyan etmi\u015ftir:  <\/p>\n<p> \u015eark Cephesi Kumandan\u0131 Kaz\u0131m Karabekir&#39;e Erzurum halk\u0131n\u0131n el yazmas\u0131 Kur&#39;an\u0131 Kerim hediyesi, Pa\u015fay\u0131 \u00e7ok m\u00fctehass\u0131s etmi\u015ftir.  <\/p>\n<p> O da 30 Ekim 1920 Kars&#39;\u0131n Anavatan&#39;a ilhak\u0131 u\u011fruna \u015fehid olan askerlerin ruhlar\u0131 i\u00e7in , bu Kur&#39;an&#39;dan hatim edilecektir , emrini vermi\u015ftir.. <\/p>\n<p> Bug\u00fcn bu &quot;yazma Kur&#39;an\u0131 Kerim&quot; Genelkurmay Ba\u015fkanl\u0131\u011f\u0131 K\u00fct\u00fcphanesi&#39;nde 1 nolu kitap olarak kay\u0131tl\u0131d\u0131r. <\/p>\n<p> <strong>K\u00fct\u00fcphanesi&#39;nin 1. nolu kay\u0131tl\u0131 kitab\u0131 , Kutsal Kur&#39;an\u0131 Kerim olan bir ordu ,<\/strong> <\/p>\n<p> <strong>Bir g\u00fcn mutlaka asl\u0131na d\u00f6necek , kendisine cihan medeniyetleri kurduran Kur&#39;an&#39;\u0131n adalet ve ahlak prensiplerine sahip \u00e7\u0131kacakt\u0131r !..<\/strong> <\/p>\n<p> &#160; <\/p>\n<p align=\"center\"> <strong>TV-5 BA\u015eBAKAN ERDO\u011eAN&#39;A TAKILDI<\/strong> <\/p>\n<p> \u00a0TV-5, Ba\u015fbakan Recep Tayyip Erdo\u011fan onay vermedi\u011fi i\u00e7in kablolu yay\u0131na ge\u00e7emedi. Erbakan ve SP&#39;nin sert muhalefetinden korkan Erdo\u011fan i\u015fi s\u00fcr\u00fcncemeye b\u0131rakt\u0131. Konu bizzat Bakan Binali Y\u0131ld\u0131r\u0131m&#39;a iletildi. Ancak Bakan Y\u0131ld\u0131r\u0131m&#39;dan da TV-5 i\u00e7in olumlu bir cevap \u00e7\u0131kmad\u0131. <\/p>\n<p> &#160; <\/p>\n<p align=\"center\"> <strong>\u00d6ZG\u00dcR KIZ, \u00d6ZG\u00dcR TAYY\u0130P!<\/strong> <\/p>\n<p> &quot;Ben Amerikan dostumuzdan dolar\u0131n\u0131 al\u0131r\u0131m ama onun emrine girmem&quot; diyenler, bir televizyon rekl\u00e2m\u0131nda &quot;Ben \u00f6zg\u00fcr\u00fcm&quot; diyen k\u0131z\u0131n durumuna d\u00fc\u015ferler. O k\u0131z\u0131n giyim ku\u015fam\u0131ndan, gezece\u011fi da\u011fdan, s\u00f6yleyece\u011fi s\u00f6ze kadar, bu se\u00e7imi yapanlar ba\u015fkalar\u0131d\u0131r. O sadece basit bir reklam arac\u0131d\u0131r! <\/p>\n<p align=\"center\"> <strong>&quot;ARAFAT BARI\u015eA ENGEL&quot; M\u0130?<\/strong> <\/p>\n<p> Ak\u015fam Gazetesi&#39;nin man\u015fetinde Ba\u015fbakan Recep T.Erdo\u011fan&#39;\u0131n, ABD&#39; deki temaslar\u0131nda &quot;Arafat bar\u0131\u015fa engel&quot; dedi\u011fi yaz\u0131ld\u0131. Haberde \u015f\u00f6yle denildi , &quot;Erdo\u011fan, ilk kez Filistin Lideri&#39;ne kar\u015f\u0131 tav\u0131r ald\u0131. Arafat&#39;\u0131n Barak zaman\u0131nda masadan kalkarak bar\u0131\u015f\u0131 engelledi\u011fini \u00f6ne s\u00fcren Ba\u015fbakan , &#8216;Arafat bar\u0131\u015f\u0131n \u00f6n\u00fcnde engel olamaz&#39; dedi.&quot; <\/p>\n<p> Daha \u00f6nce Irak&#39;\u0131 i\u015fgal eden ve tarihin en vah\u015fi i\u015fkencelerini sergileyen Amerikan conilerine &quot;ba\u015far\u0131l\u0131 olmalar\u0131 i\u00e7in dua eden&quot; bir Tayyip&#39;in Arafat&#39;a sald\u0131rmas\u0131 ve \u0130srail a\u011fz\u0131yla Onu bar\u0131\u015fa engel saymas\u0131 \u00e7ok ta \u015fa\u015f\u0131rt\u0131c\u0131 de\u011fil .. <\/p>\n<p align=\"center\"> <strong>\u0130K\u00d6 CANLANIYOR!<\/strong> <\/p>\n<p> \u0130slam Konferans\u0131 \u00d6rg\u00fct\u00fc (\u0130K\u00d6) 31.D\u00f6nem D\u0131\u015fi\u015fleri Bakanlar\u0131 toplant\u0131s\u0131n\u0131n sonu\u00e7 bildirisi, \u0130stanbul Deklarasyonu ismiyle yay\u0131nland\u0131. \u0130slam \u00e2leminin, k\u00fcresel sald\u0131r\u0131larla, a\u00e7l\u0131kla, ter\u00f6rle ve sava\u015fla m\u00fccadele etti\u011fi bir d\u00f6nemde toplanan \u0130slam Konferans\u0131 \u00d6rg\u00fct\u00fc&#39;n\u00fcn, Filistin&#39;den Irak&#39;a, K\u0131br\u0131s&#39;tan bat\u0131 Trakya&#39;ya, Azerbaycan, Afganistan, Ke\u015fmir ve Suriye&#39;den \u0130ran&#39;a kadar \u0130slam Co\u011frafyas\u0131ndaki problemlere sahip \u00e7\u0131kt\u0131. <\/p>\n<p> K\u0131br\u0131s T\u00fcrk halk\u0131n\u0131n, adan\u0131n, siyasi olarak e\u015fit iki kurucu devletin iki b\u00f6lgeli ortakl\u0131\u011f\u0131na dayal\u0131 olarak birle\u015fmesi y\u00f6n\u00fcndeki BM plan\u0131n\u0131 b\u00fcy\u00fck \u00e7o\u011funlukla onaylamas\u0131n\u0131 takdir ettiklerini belirten \u0130slam \u00dclkeleri, BM Genel Sekreteri&#39;nin 28-May\u0131s-2004 tarihli raporunu ve bu rapordaki sonu\u00e7 ve \u00f6nerilerini memnuniyetle kar\u015f\u0131lad\u0131klar\u0131n\u0131 ve desteklediklerini kaydettiler. <\/p>\n<p> Deklarasyonda , &quot;K\u0131br\u0131s&#39;ta 24-Nisan tarihli referandumdan sonra temelden de\u011fi\u015fen ko\u015fullar\u0131 dikkate alarak K\u0131br\u0131s T\u00fcrklerinin haks\u0131z izolasyonunu sona erdirecek ad\u0131mlar atmaya karar verdik. Bu konuda ayr\u0131ca , uluslar aras\u0131 topluluk ve kurumlar\u0131n da benzer ad\u0131mlar atmas\u0131n\u0131 bekliyoruz&quot; denildi.. <\/p>\n<p> Bu arada, 2.\u0130K\u00d6-AB zirvesinin 4-5 Ekim 2004&#39;te \u0130stanbul&#39;da yap\u0131lmas\u0131 da kararla\u015ft\u0131r\u0131ld\u0131&#8230; <\/p>\n<p align=\"center\"> <strong>RECEP T.ERDO\u011eAN&#39;DAN \u0130K\u00d6&#39;YE BOP REKL\u00c2MI<\/strong> <\/p>\n<p> \u0130K\u00d6 toplant\u0131s\u0131nda konu\u015fan Ba\u015fbakan Erdo\u011fan; G-8 \u00fclkelerinin a\u00e7\u0131l\u0131m\u0131na cevap verip vermemenin, b\u00f6lge \u00fclkelerinin takdirinde oldu\u011funu belirterek; &quot;Bizim g\u00f6r\u00fc\u015f\u00fcm\u00fcz, b\u00f6yle yeni bir ortakl\u0131\u011f\u0131n kurulabilece\u011fi istikametindedir&quot; dedi. <\/p>\n<p> &quot;Tarihin \u00f6nemli bir d\u00f6nemecinde bulunmaktay\u0131z&quot; diyen Erdo\u011fan; &quot; Bunu ger\u00e7ekle\u015ftirebilecek m\u00fc\u015fterek ak\u0131l ve deneyime sahip oldu\u011fumuza ve neticede b\u00fct\u00fcn \u0130K\u00d6 co\u011frafyas\u0131 i\u00e7in \u00f6nemli bir f\u0131rsat penceresinin a\u00e7\u0131labilece\u011fine inan\u0131yorum&quot; diye konu\u015ftu. <\/p>\n<p> <strong>Recep T.Erdo\u011fan&#39;\u0131n &quot;M\u00fc\u015fterek ak\u0131l&quot; dedi\u011fi &quot;Siyonist ABD&#39;nin S\u00fcper G\u00fc\u00e7 oldu\u011fu ve \u00fclkelerin ona teslim oldu\u011fu kadar emniyette bulundu\u011fu&quot; saplant\u0131s\u0131d\u0131r. B\u00fcy\u00fck \u0130srail Projesinin bir provas\u0131 olan BOP&#39;u \u0130slam \u00fclkelerine bir f\u0131rsat olarak sunmas\u0131 ise bu saplant\u0131n\u0131n uzant\u0131s\u0131 olan bir safsatad\u0131r.<\/strong> <\/p>\n<p align=\"center\"> <strong>AMER\u0130KA BEN\u0130 MUHALEFET L\u0130DER\u0130 G\u00d6RMEK \u0130ST\u0130YOR.<\/strong> <\/p>\n<p> \u015ei\u015fli Belediye Ba\u015fkan\u0131 Mustafa Sar\u0131g\u00fcl, &quot;binmi\u015f bir medya alametine, gidiyor k\u0131yamete&quot; izlenimi uyand\u0131ran tav\u0131rlar sergiliyor. T\u00fcrk solunu toparlamay\u0131 beceremeyen eski t\u00fcfek yazarlar\u0131n da doldurmas\u0131 ile, sadece pop\u00fclist kimli\u011fine g\u00fcvenerek, derinle\u015fmi\u015f sol b\u00f6l\u00fcnmeyi sa\u011flayaca\u011f\u0131na inand\u0131r\u0131lan Sar\u0131g\u00fcl, \u015fimdi de Amerika&#39;da temaslar\u0131n\u0131 s\u00fcrd\u00fcr\u00fcyor. &quot;Amerika beni muhalefet lideri g\u00f6rmek istiyor&quot; diyen Sar\u0131g\u00fcl&#39;\u00fcn ABD&#39;li yetkililer taraf\u0131ndan CHP i\u00e7indeki yeni ak\u0131m\u0131n s\u00f6zc\u00fcs\u00fc olabilece\u011fi \u00f6ng\u00f6r\u00fcl\u00fcyormu\u015f. <\/p>\n<p> Demek ki, Siyonist ABD hi\u00e7bir partide milli ve yerli kafalar istemiyor! Ama g\u00f6r\u00fcnen o ki; \u015fimdilik Deniz Baykal kar\u015f\u0131tlar\u0131 yenilmi\u015f g\u00f6r\u00fcn\u00fcyor!.. <\/p>\n<p align=\"center\"> <strong>AMER\u0130KA PAR\u00c7ALANACAK!<\/strong> <\/p>\n<p> ABD&#39;de Harwad \u00dcniversitesi&#39;nde tarih profes\u00f6r\u00fc olan ve &#8216;Medeniyetler \u00c7at\u0131\u015fmas\u0131&#39; kitab\u0131yla tan\u0131nan Huntington \u00f6nemli bir kehanette bulunmu\u015f&#8230; Tarih profes\u00f6r\u00fc , son yazd\u0131\u011f\u0131 Who Are We\u00a0 (Biz kimiz) adl\u0131 kitab\u0131nda ABD&#39;nin b\u00f6l\u00fcnece\u011fini belirtiyor.Gerek\u00e7e ise; ABD i\u00e7inde Amerikan k\u00fclt\u00fcr\u00fcn\u00fc benimsemek istemeyen g\u00f6\u00e7menlerin fazla olmas\u0131.. <\/p>\n<p> Bu g\u00fcne kadar vah\u015fet ve s\u00f6m\u00fcr\u00fcden ba\u015fka bir k\u00fclt\u00fcr\u00fc bulunmayan ABD&#39;nin, bu k\u00fclt\u00fcr\u00fc kabul ettirmekte zorland\u0131\u011f\u0131 ifade ediliyor. Tabi b\u00f6l\u00fcnme da\u011f\u0131lman\u0131n da bir di\u011fer ad\u0131n\u0131 olu\u015fturuyor&#8230; Bir zamanlar Birle\u015fik Sovyetler gibi&#8230;  <\/p>\n<p> <strong>Huntington&#39;un tespiti do\u011fru, fakat te\u015fhisi yanl\u0131\u015f. Evet Amerika par\u00e7alanacak. Ama yabanc\u0131 g\u00f6\u00e7menler y\u00fcz\u00fcnden de\u011fil, Siyonist s\u00f6m\u00fcr\u00fcye kar\u015f\u0131 ba\u015flayan dirili\u015f ve direni\u015ften dolay\u0131&#8230;<\/strong> <\/p>\n<p> &#160; <\/p>\n<p align=\"center\"> <strong>DENKTA\u015e&#39;A UZAK DURAN TAYY\u0130P, TALAT&#39;I EV\u0130NDE A\u011eIRLADI<\/strong> <\/p>\n<p> 6 Haziran 2004 g\u00fcn\u00fc KKTC Ba\u015fbakan\u0131 Talat, Ba\u015fbakan Erdo\u011fan&#39;\u0131n \u00dcsk\u00fcdar Emniyet Mahallesi&#39;ndeki evine saat 10.40&#39;ta geldi. Talat, burada Erdo\u011fan&#39;la yakla\u015f\u0131k 1 saat 45 dakika g\u00f6r\u00fc\u015ft\u00fc. Talat, bas\u0131na kapal\u0131 ger\u00e7ekle\u015ftirilen g\u00f6r\u00fc\u015fmenin ard\u0131ndan konuttan ayr\u0131ld\u0131. Bu arada, \u0130stanbul Valisi Muammer G\u00fcler, Emniyet M\u00fcd\u00fcr\u00fc Celalettin Cerrah ve TMSF Ba\u015fkan\u0131 Ahmet Ert\u00fcrk de, konuta gelerek Ba\u015fbakan Erdo\u011fan&#39;la g\u00f6r\u00fc\u015ft\u00fc. <\/p>\n<p align=\"center\"> <strong>KIBRIS KAYIYOR!<\/strong> <\/p>\n<p> Flash TV&#39;de Ufuk S\u00f6ylemez&#39;in program\u0131na kat\u0131lan KKTC Cumhurba\u015fkan\u0131 Sn. Rauf Denkta\u015f \u015fu \u00e7arp\u0131c\u0131 a\u00e7\u0131klamalarda bulundu: <\/p>\n<p> Amerika&#39;n\u0131n b\u00fct\u00fcn kamuoyuna \u00f6zellikle \u0130slam d\u00fcnyas\u0131na K\u0131br\u0131s&#39;taki referandumu: <\/p>\n<p> &quot;Bak\u0131n\u0131z; Kuzey K\u0131br\u0131s T\u00fcrk Halk\u0131, bu h\u00fcr iradesiyle ve kendi tercihiyle &quot;Rumlarla birle\u015fip AB&#39;ye girmeye &quot;evet&quot; , ama &quot; Ayr\u0131 bir T\u00fcrk Devleti iste\u011fine &quot;hay\u0131r&quot; demi\u015ftir&quot; \u015feklinde \u00e7arp\u0131tarak takdim etmi\u015ftir. <\/p>\n<p> Bu nedenle, Kuzey K\u0131br\u0131s T\u00fcrk Devletini tan\u0131maya haz\u0131rlanan \u0130slam \u00fclkelerine mektuplar yaz\u0131p bir nevi tehdit etmi\u015ftir. <\/p>\n<p> &#160; <\/p>\n<p align=\"center\"> <strong>TSK&#39;YI BEKLEYEN SICAK YAZ<\/strong> <\/p>\n<p> 30 A\u011fustos&#39;taki Y\u00fcksek Askeri \u015eura (YA\u015e)&#39;da 23 general, 2 Koramiral ve 24 albay\u0131n terfisi sonu\u00e7lanacak. YA\u015e toplant\u0131s\u0131, Orgeneral Hilmi \u00d6zk\u00f6k&#39;\u00fcn ard\u0131ndan T\u00fcrkiye&#39;nin 25 ve 26&#39;\u0131nc\u0131 Genelkurmay Ba\u015fkanlar\u0131n\u0131 da belirleyece\u011fi s\u00f6yleniyor. Bu koltu\u011fa oturacak \u0130ki ismin, \u00f6nce Orgeneral Ya\u015far B\u00fcy\u00fckan\u0131t, ard\u0131ndan da Orgeneral \u0130lker Ba\u015fbu\u011f olmas\u0131 planlan\u0131yor&#8230; <\/p>\n<p> Bu y\u0131lki kararlar\u0131n en \u00f6nemli y\u00f6n\u00fc Kara Kuvvetleri Komutan\u0131 Orgeneral Ayta\u00e7 Yalman ile Jandarma Genel Komutan\u0131 Orgeneral \u015eener Ereygur ve 3.Ordu Komutan\u0131 Orgeneral Oktar Ataman&#39;\u0131n emekli oluyorlar. Yalman&#39;dan bo\u015falan Kara Kuvvetleri Komutanl\u0131\u011f\u0131&#39;na ise 1.ordu Komutan\u0131 Orgeneral Ya\u015far B\u00fcy\u00fckan\u0131t&#39;\u0131n getirilmesi bekleniyor. B\u00f6ylelikle B\u00fcy\u00fckan\u0131t&#39;\u0131n, iki y\u0131l sonra Orgeneral Hilmi \u00d6zk\u00f6k&#39;\u00fcn g\u00f6rev s\u00fcresinin tamamlamas\u0131n\u0131n ard\u0131ndan, Genelkurmay Ba\u015fkan\u0131 olmas\u0131 hesaplan\u0131yor. <\/p>\n<p> <strong>Bakal\u0131m , kader ne programlam\u0131\u015f !..<\/strong> <\/p>\n<p align=\"center\"> <strong>YA CANINI YA D\u0130N\u0130N\u0130!<\/strong> <\/p>\n<p> Son bir sene i\u00e7inde Irak&#39;ta binlerce insan Hr\u0131stiyanl\u0131\u011fa ge\u00e7mi\u015f. Can g\u00fcvenli\u011finin sa\u011flanmas\u0131 ve i\u015f bulma umuduyla ma\u011fdur Irakl\u0131lara yakla\u015fan misyonerlerin, \u00f6zellikle Bush&#39;un da \u00fcye oldu\u011fu Evangelist tarikat\u0131n\u0131n \u00fcyesi oldu\u011fu ve ABD y\u00f6netiminden b\u00fcy\u00fck finansman deste\u011fi ald\u0131\u011f\u0131 ifade ediliyor. T\u00fcrk istihbarat birimlerince haz\u0131rlanan Irak raporunda, misyonerlerin Ba\u011fdat&#39;ta yo\u011funla\u015fan faaliyetleri ayr\u0131nt\u0131lar\u0131 ile ele al\u0131n\u0131yormu\u015f. <\/p>\n<p align=\"center\"> <strong>EROT\u0130K AKP !..<\/strong> <\/p>\n<p> Gazeteler-televizyonlar &quot;Art\u0131k devletin bir erotik kanala sahip oldu\u011funu&quot; duyuruyorlar. <\/p>\n<p> Elbette AKP iktidar\u0131, devlet ad\u0131na bu yay\u0131ndan sorumlu&#8230; <\/p>\n<p> Devlet son zamanlarda bat\u0131k bankac\u0131lar\u0131n art\u0131klar\u0131n\u0131 toplarken, istemedi\u011fi bir\u00e7ok \u015feye de sahip oluyor ister istemez. Bunlardan birisi de; erotik kanal C\u0130NE-5. <\/p>\n<p> \u015eimdi AKP kadrolar\u0131 bu yay\u0131n\u0131 s\u00fcrd\u00fcrebileceklerini belirtiyorlar. Mademki bu yay\u0131n\u0131n patronu devlet, o zaman devlet ad\u0131na AKP kadrolar\u0131 &quot;iyi g\u00f6z\u00fckm\u00fcyor&quot; gibi vaki \u015fik\u00e2yetlerin de muhatab\u0131 oldular say\u0131l\u0131r. <\/p>\n<p> Anlad\u0131\u011f\u0131m kadar\u0131yla; s\u0131rf \u00e7a\u011fda\u015flar\u0131n laiklerin ba\u015f\u0131 dertte de\u011fil.&quot;\u0130slami demokrat&quot; arkada\u015flar\u0131n da ba\u015f\u0131 bu \u00e7a\u011fda\u015f d\u00fcnya ile dertte. <\/p>\n<p> <strong>\u0130\u015fte erotik kanallar\u0131 da oldu.<\/strong> <\/p>\n<p> <strong>Eh , AKP \u00e7a\u011fda\u015f bir parti !.. .<\/strong> <\/p>\n<p align=\"center\"> <strong>POWELL: T\u00dcRK\u0130YE \u0130Z\u0130N VERMEZ! D\u0130YOR.<\/strong> <\/p>\n<p align=\"center\"> <strong>T.ERDO\u011eAN: &quot;T\u00dcRK\u0130YE ORTA\u011eINI<\/strong> <strong>\u00dcZMEZ&quot; D\u0130YOR!<\/strong> <\/p>\n<p> New York Times, Pentagon&#39;un yeni \u00fcs plan\u0131n\u0131n 20 May\u0131s&#39;ta \u00fcst d\u00fczey ABD yetkililerinin kat\u0131ld\u0131\u011f\u0131 bir toplant\u0131da tart\u0131\u015f\u0131ld\u0131\u011f\u0131n\u0131 belirtti. Gazeteye g\u00f6re toplant\u0131da, bir zamanlar Genelkurmay Ba\u015fkan\u0131 olan D\u0131\u015fi\u015fleri Bakan\u0131 Colin Powell, T\u00fcrkiye&#39;nin, ABD&#39;nin T\u00fcrk \u00fcslerinden k\u0131s\u0131tlamadan operasyon yapmaya izin verece\u011fini sanmad\u0131\u011f\u0131n\u0131 s\u00f6yledi. \u015eimdiki Genelkurmay Ba\u015fkan\u0131 general Myers de, T\u00fcrkiye&#39;nin onay\u0131n\u0131n sa\u011flanmas\u0131n\u0131n kolay olmayaca\u011f\u0131n\u0131 s\u00f6yledi ve F-16&#39;lar\u0131n Almanya&#39;da kalmas\u0131n\u0131 tercih etti\u011fini belirtti. <\/p>\n<p> <strong>Ama AKP iktidar\u0131 , Kraldan daha Amerikanc\u0131..<\/strong> <\/p>\n<p align=\"center\"> <strong>DO\u011eRU S\u00d6ZE NE DEMEL\u0130 !?<\/strong> <\/p>\n<p> 18-Haziran Cuma g\u00fcn\u00fc CNN T\u00fcrk&#39;te, M. Ali Brand&#39;\u0131n Man\u015fet \u00d6zel program\u0131na konuk olan Ba\u015fbakan Recep T. Erdo\u011fan  <\/p>\n<p> &#8211; AB&#39;ye girmekle \u00e7ok bamba\u015fka bir d\u00fcnyaya gidiyoruz. Acaba buna haz\u0131r m\u0131y\u0131z? sorusuna .. <\/p>\n<p> &#8211; Hay\u0131r, biz hemen hemen ayn\u0131 d\u00fcnya g\u00f6r\u00fc\u015f\u00fcne sahip ve birbirine<strong> <\/strong>her bak\u0131mdan \u00e7ok yak\u0131n \u00fclkeleriz&#8230; Sadece onlar\u0131n ad\u0131 Hans, Shmit, bizim ki Hasan Mehmet&#39;iz. Cevab\u0131n\u0131 verdi&#8230; Ve \u00e7ok do\u011fru s\u00f6yledi&#8230; Ve fark\u0131nda olmadan \u00f6zellikle gizlenen bir ger\u00e7e\u011fi dile getirdi&#8230; <\/p>\n<p> Evet; bir insan\u0131n Hans veya Hasan olmas\u0131&#8230; N\u00fcfus c\u00fczdan\u0131nda M\u00fcsl\u00fcman veya Hr\u0131stiyan yazmas\u0131&#8230; D\u0131\u015far\u0131da Karl Marks\u00e7\u0131 veya \u0130slamc\u0131 tan\u0131nmas\u0131 hi\u00e7 \u00f6nemli de\u011fildir. Bunlar bir farkl\u0131l\u0131k ta zannedilmemelidir. <\/p>\n<p> <strong>As\u0131l \u00f6nemli olan ve insan\u0131n ger\u00e7ek kimli\u011fini ve ki\u015fili\u011fini ortaya koyan \u00f6l\u00e7\u00fc, \u015fu sorunun cevab\u0131d\u0131r:<\/strong> <\/p>\n<p> <strong>ABD ve AB&#39;nin \u00f6nderli\u011findeki bug\u00fcnk\u00fc barbar Bat\u0131 Medeniyetinin kalmas\u0131ndan ve onun kuyru\u011fu olmaktan m\u0131 yana ?<\/strong> <\/p>\n<p> <strong>Yoksa, yeni ve Adil bir medeniyetin kurulmas\u0131ndan m\u0131 yana?<\/strong> <\/p>\n<p> <strong>Ba\u015fbakan do\u011fru s\u00f6yl\u00fcyor.Bunun d\u0131\u015f\u0131nda , ayn\u0131 d\u00fcnya g\u00f6r\u00fc\u015f\u00fcne sahip olduktan sonra Hansla Hasan\u0131n , Blair&#39;le Tayyip&#39;in , Abraham&#39;la Abdullah&#39;\u0131n hi\u00e7 fark\u0131 yoktur!&#8230;<\/strong> <\/p>\n<p align=\"center\"> <strong>B\u00dcY\u00dcK \u015eEYTAN&#39;IN \u0130\u015eKENCE MERKEZLER\u0130 veya DECCAL\u0130N CEZAEVLER\u0130<\/strong> <\/p>\n<p> \u0130nsan Haklar\u0131 \u00d6rg\u00fct\u00fc &quot;Human Rights First&quot; (\u00d6nce \u0130nsan Haklar\u0131) , ABD&#39;nin d\u00fcnyada 20&#39;den fazla g\u00f6zalt\u0131 merkezi oldu\u011funu, bunlar\u0131n yar\u0131s\u0131n\u0131n tamamen gizli tutuldu\u011funu belirtti. <\/p>\n<p> \u0130nsan Haklar\u0131 i\u00e7in Avukatlar Komitesi olarak da bilinen grubun ABD&#39;deki eski y\u00f6neticisi Deborah Pearlstein, ABD&#39;nin, Irak ve Afganistan&#39;\u0131n yan\u0131 s\u0131ra ordunun yerini a\u00e7\u0131klamad\u0131\u011f\u0131 bir\u00e7ok yerde binlerce ki\u015fiyi g\u00f6zalt\u0131nda tuttu\u011fu s\u00f6yledi. <\/p>\n<p> Pearlstein , &quot;Amerikan h\u00fck\u00fcmeti, tutuklular\u0131, uygun denetimden ve yasal sorumluluktan uzak bi\u00e7imde, \u00fclke d\u0131\u015f\u0131ndaki gizli cezaevlerinin bulundu\u011funu belgeledi. <\/p>\n<p> <strong>Bu Amerika m\u0131, d\u00fcnyaya huzur ve h\u00fcrriyet getirecek? Bunlar m\u0131 insan haklar\u0131 ve adaleti yerle\u015ftirecek?<\/strong> <\/p>\n<p> <strong>Bu Amerika&#39;n\u0131n kuklas\u0131 olan iktidarlar, \u015feytan&#39;\u0131n kap\u0131 kullar\u0131 de\u011fil midir?<\/strong> <\/p>\n<p> &#160; <\/p>\n<p> &#160; <\/p>\n<p align=\"center\"> <strong>ERDO\u011eAN, SU\u00c7U VEL\u0130LERE Y\u00dcKLED\u0130<\/strong> <\/p>\n<ul>\n<li>Birlik Vakf\u0131n\u0131n d\u00fczenledi\u011fi Meseleler ve \u00c7areler adl\u0131 toplant\u0131ya akademisyenler ve siyasiler kat\u0131ld\u0131. E\u011fitim Politikam\u0131z adl\u0131 raporunu sunan Prof. Dr. \u015eefik Dursun; Y\u00d6K&#39;\u00fc ve onu savunanlar\u0131, \u0130HL ve meslek liselerinin \u00fcniversiteye girmesini engelleyenleri ele\u015ftirdi. Dursun AKP&#39;yi de ele\u015ftirerek beklentilere cevap vermedi\u011fini, h\u00fck\u00fcmetin Y\u00d6K Yasa Tasar\u0131s\u0131n\u0131 yeniden g\u00fcndeme getirmesini istedi.<\/li>\n<li>Toplant\u0131da konu\u015fan Ba\u015fbakan Erdo\u011fan su\u00e7u velilere y\u00fckleyerek bedel \u00f6demeye haz\u0131r olmad\u0131klar\u0131n\u0131 s\u00f6yleyip, &quot;Gelen tepkiler akla uygun olmas\u0131 gerekir&quot; diyerek, akademisyenlere sert tepki g\u00f6sterdi.<\/li>\n<\/ul>\n","protected":false},"excerpt":{"rendered":"<p>\u00a0  <\/p>\n<p> &#160; <\/p>\n<p align=\"center\"> <strong>BU VATAN NATO KAFALI VE YAHUD\u0130DEN MADALYALI GUS\u00dcLS\u00dcZLER\u0130N DE\u011e\u0130L, \u0130MANLI VE \u0130SLAM&#39;A SEVDALI \u015eEH\u0130TLER\u0130N YAD\u0130G\u00c2RIDIR.<\/strong> <\/p>\n<p align=\"center\"> &#160; <\/p>\n<p align=\"center\"> <strong>G\u00fczel Ninenin \u015eehit Hat\u0131ras\u0131<\/strong> <\/p>\n<p> Kars&#39;\u0131n Selim \u0130l\u00e7esi Sar\u0131g\u00fcn K\u00f6y\u00fc&#39;nde, 80 ya\u015f\u0131ndaki G\u00fczel Arslan&#39;\u0131n Allah-u Ekber Da\u011flar\u0131&#39;nda \u015fehit olan bir askerle ilgili ilgin\u00e7 an\u0131s\u0131 duyanlar\u0131 hayrete d\u00fc\u015f\u00fcr\u00fcyor. 1918 Osmanl\u0131-Rus Sava\u015f\u0131&#39;nda donarak \u015fehit olan 90 bin T\u00fcrk askerinin bulundu\u011fu Allah-u Ekber Da\u011flar\u0131&#39;n\u0131n eteklerindeki yaylaya her yaz \u00e7\u0131kan G\u00fczel Arslan, 80 ya\u015f\u0131nda olmas\u0131na ra\u011fmen dimdik ayakta duruyor ve ziyaret\u00e7ilerine ilgin\u00e7 an\u0131s\u0131n\u0131 anlat\u0131yor. 7 \u00e7ocu\u011fu bulunan ve bir \u00e7ocu\u011funu, gelini ve torunlar\u0131yla birlikte bir y\u0131l \u00f6nce trafik kazas\u0131nda kaybeden &#39;G\u00fczel Nine&#39;, yaz g\u00fcnlerini ge\u00e7irdi\u011fi Allah-u Ekber Da\u011flar\u0131&#39;ndaki \u015fehitler i\u00e7in s\u00fcrekli dua ediyor ve g\u00f6rd\u00fc\u011f\u00fc bir \u015fehit cenazesini hi\u00e7 unutamad\u0131\u011f\u0131n\u0131 s\u00f6yl\u00fcyor. 15-20 y\u0131l \u00f6nce yap\u0131lan bir kaz\u0131 esnas\u0131nda, elindeki silah\u0131yla \u015fehit olan bir askerin cesediyle kar\u015f\u0131la\u015ft\u0131klar\u0131n\u0131 belirten G\u00fczel Nine, \u015fehit askerin silah\u0131n\u0131 kaz\u0131 yerine gelen bir binba\u015f\u0131ya teslim edi\u015fine \u015fahit oldu\u011funu anlatarak, o an\u0131 hi\u00e7 unutamad\u0131\u011f\u0131n\u0131 ve bu topraklara ayak bast\u0131\u011f\u0131nda duygu seline kap\u0131ld\u0131\u011f\u0131n\u0131 s\u00f6yledi. <\/p>\n","protected":false},"author":1,"featured_media":0,"comment_status":"open","ping_status":"closed","sticky":false,"template":"","format":"standard","meta":{"footnotes":""},"categories":[60],"tags":[],"class_list":["post-711","post","type-post","status-publish","format-standard","hentry","category-agustos-2004"],"_links":{"self":[{"href":"https:\/\/www.millicozum.com\/mc\/wp-json\/wp\/v2\/posts\/711","targetHints":{"allow":["GET"]}}],"collection":[{"href":"https:\/\/www.millicozum.com\/mc\/wp-json\/wp\/v2\/posts"}],"about":[{"href":"https:\/\/www.millicozum.com\/mc\/wp-json\/wp\/v2\/types\/post"}],"author":[{"embeddable":true,"href":"https:\/\/www.millicozum.com\/mc\/wp-json\/wp\/v2\/users\/1"}],"replies":[{"embeddable":true,"href":"https:\/\/www.millicozum.com\/mc\/wp-json\/wp\/v2\/comments?post=711"}],"version-history":[{"count":0,"href":"https:\/\/www.millicozum.com\/mc\/wp-json\/wp\/v2\/posts\/711\/revisions"}],"wp:attachment":[{"href":"https:\/\/www.millicozum.com\/mc\/wp-json\/wp\/v2\/media?parent=711"}],"wp:term":[{"taxonomy":"category","embeddable":true,"href":"https:\/\/www.millicozum.com\/mc\/wp-json\/wp\/v2\/categories?post=711"},{"taxonomy":"post_tag","embeddable":true,"href":"https:\/\/www.millicozum.com\/mc\/wp-json\/wp\/v2\/tags?post=711"}],"curies":[{"name":"wp","href":"https:\/\/api.w.org\/{rel}","templated":true}]}}