{"id":714,"date":"2004-08-01T00:00:00","date_gmt":"2004-08-01T00:00:00","guid":{"rendered":"https:\/\/www.millicozum.com\/mc\/2004\/08\/01\/turkiye-bu-iktidarla-nereye-kadar-gidebilir\/"},"modified":"2004-08-01T00:00:00","modified_gmt":"2004-08-01T00:00:00","slug":"turkiye-bu-iktidarla-nereye-kadar-gidebilir","status":"publish","type":"post","link":"https:\/\/www.millicozum.com\/mc\/2004\/agustos-2004\/turkiye-bu-iktidarla-nereye-kadar-gidebilir\/","title":{"rendered":"T\u00dcRK\u0130YE BU \u0130KT\u0130DARLA NEREYE KADAR G\u0130DEB\u0130L\u0130R?"},"content":{"rendered":"<p>\u00a0 <\/p>\n<p><strong>D<\/strong>emokratik<strong> bir \u00fclkede acaba se\u00e7imler ni\u00e7in yap\u0131l\u0131r? Ni\u00e7in bir parlamento olu\u015fturulur, ni\u00e7in o parlamento kendi i\u00e7inden bir h\u00fck\u00fcmet \u00e7\u0131kart\u0131r? Hatta bir h\u00fck\u00fcmet \u00e7\u0131kartmay\u0131 ni\u00e7in belirli kurallara ve say\u0131sal \u00fcst\u00fcnl\u00fc\u011fe ba\u011flar?<\/strong><\/p>\n<p>Say\u0131n Ba\u015fbakan,<strong> meslek liselerine y\u00f6nelik haks\u0131zl\u0131\u011f\u0131 ortadan kald\u0131rmay\u0131\u015flar\u0131n\u0131 savunurken topu millete at\u0131yor; <\/strong>&#8220;Toplum bize yeterli deste\u011fi vermedi&#8221;<strong> diyor. Hatta bir ad\u0131m daha ileri giderek \u00e7ocuklar\u0131n\u0131 meslek liselerine g\u00f6nderen ailelerin meseleye sahip \u00e7\u0131kmad\u0131\u011f\u0131n\u0131 iddia ediyor.<\/strong><\/p>\n<p><strong>Bu \u00f6ncelikle insafs\u0131z bir su\u00e7lama. O su\u00e7lad\u0131\u011f\u0131 aileler <\/strong>Say\u0131n Erdo\u011fan<strong>&#8216;\u0131 hala bir \u00fcmit olarak g\u00f6rd\u00fckleri i\u00e7in sakin bir vakarla \u00e7\u00f6z\u00fcm bekliyorlar. <\/strong>AKP<strong>&#8216;liler gerek <\/strong>\u0130mam Hatipler<strong> konusunda, gerekse ba\u015f\u00f6rt\u00fcs\u00fc konusunda tabana <\/strong>&#8220;Aman sesinizi \u00e7\u0131karmay\u0131n. Bu i\u015fi biz \u00e7\u00f6zece\u011fiz&#8221;<strong> diye az bask\u0131 yapmad\u0131lar. \u015eimdi onlar\u0131n s\u00f6z\u00fcne itimat edip bekleyen aileleri su\u00e7lamak, <\/strong>&#8220;\u00c7ocuklar\u0131n\u0131n meselesine sahip \u00e7\u0131kmad\u0131lar<strong>&#8221; demek insafla ba\u011fda\u015fmaz.<\/strong><\/p>\n<p><strong>\u00dcstelik bu bak\u0131\u015f\u0131n bir ba\u015fka problemi daha var. Bu bak\u0131\u015f kitleleri kendi i\u015flerini kendileri g\u00f6rme e\u011filimine s\u00fcr\u00fckler. O zaman ne iktidar\u0131n, ne parlamentonun gereklili\u011fi kalmaz. B\u00f6yle bir \u015feyi d\u00fc\u015f\u00fcnmek bile m\u00fcmk\u00fcn de\u011fildir. Su\u00e7lad\u0131klar\u0131 kitleler onlar\u0131 <\/strong>Meclis<strong>&#8216;e s\u00fcs i\u00e7in de\u011fil, bu problemlerin \u00fcstesinden gelsinler diye g\u00f6nderdi.<\/strong><\/p>\n<p><strong>Peki <\/strong>AKP<strong> bu problemlerin \u00fcstesinden gelebilir mi? Hay\u0131r gelemez. \u00c7\u00fcnk\u00fc <\/strong>Ba\u015fbakan, &#8220;Bunlar\u0131 halletmek bir bedel \u00f6demeyi gerektirir. Bizse bedel \u00f6demek istemiyoruz&#8221;<strong> diyor.<\/strong><\/p>\n<p><strong>Bu yakla\u015f\u0131m son derece ciddi problemler i\u00e7eren bir yakla\u015f\u0131md\u0131r. Biz bunun tersini biliyoruz. Zaman\u0131n Ba\u015fbakan Yard\u0131mc\u0131s\u0131 <\/strong>&#8220;Siyasi hayat\u0131ma mal olsa bile ben bu yasay\u0131 \u00e7\u0131kartaca\u011f\u0131m&#8221; <strong>demi\u015fti. Ve onlar \u00e7\u0131kartt\u0131klar\u0131 yasalar\u0131n bedelini siyaset sahnesinden silinerek \u00f6dediler.<\/strong><\/p>\n<p><strong>Demokrasilerde mihraklar, odaklar de\u011fil, millet esast\u0131r. \u015eimdi <\/strong>Ba\u015fbakan<strong>&#8216;\u0131n s\u00f6yledi\u011fi bedel millete \u00f6denmeyece\u011fine g\u00f6re kime, ya da kimlere \u00f6denecek?<\/strong><\/p>\n<p><strong>Bu kim sorusuna verilebilecek cevap yeni bir soruyu daha getirir \u00f6n\u00fcm\u00fcze:<\/strong><\/p>\n<p><strong>Parlamentoyu millet se\u00e7miyor mu? Kendisini se\u00e7enlerden bir ba\u015fka merciye bedel \u00f6deyip \u00f6dememeyi hesap eden bir iktidarla <\/strong>T\u00fcrkiye<strong> nereye kadar gidebilir?<a name=\"_ftnref1\" href=\"#_ftn1\" title=\"_ftnref1\"><strong>[1]<\/strong><\/a><\/strong><\/p>\n<p> <\/p>\n<hr \/>\n<p><a name=\"_ftn1\" href=\"#_ftnref1\" title=\"_ftn1\">[1]<\/a> Milli Gazete \/ 07 07 2004 \/ Ba\u015fyaz\u0131.<\/p>\n","protected":false},"excerpt":{"rendered":"<p>\u00a0 <\/p>\n<p><strong>D<\/strong>emokratik<strong> bir \u00fclkede acaba se\u00e7imler ni\u00e7in yap\u0131l\u0131r? Ni\u00e7in bir parlamento olu\u015fturulur, ni\u00e7in o parlamento kendi i\u00e7inden bir h\u00fck\u00fcmet \u00e7\u0131kart\u0131r? Hatta bir h\u00fck\u00fcmet \u00e7\u0131kartmay\u0131 ni\u00e7in belirli kurallara ve say\u0131sal \u00fcst\u00fcnl\u00fc\u011fe ba\u011flar?<\/strong><\/p>\n<p>Say\u0131n Ba\u015fbakan,<strong> meslek liselerine y\u00f6nelik haks\u0131zl\u0131\u011f\u0131 ortadan kald\u0131rmay\u0131\u015flar\u0131n\u0131 savunurken topu millete at\u0131yor; <\/strong>&#8220;Toplum bize yeterli deste\u011fi vermedi&#8221;<strong> diyor. Hatta bir ad\u0131m daha ileri giderek \u00e7ocuklar\u0131n\u0131 meslek liselerine g\u00f6nderen ailelerin meseleye sahip \u00e7\u0131kmad\u0131\u011f\u0131n\u0131 iddia ediyor.<\/strong><\/p>\n","protected":false},"author":34,"featured_media":0,"comment_status":"open","ping_status":"closed","sticky":false,"template":"","format":"standard","meta":{"footnotes":""},"categories":[60],"tags":[],"class_list":["post-714","post","type-post","status-publish","format-standard","hentry","category-agustos-2004"],"_links":{"self":[{"href":"https:\/\/www.millicozum.com\/mc\/wp-json\/wp\/v2\/posts\/714","targetHints":{"allow":["GET"]}}],"collection":[{"href":"https:\/\/www.millicozum.com\/mc\/wp-json\/wp\/v2\/posts"}],"about":[{"href":"https:\/\/www.millicozum.com\/mc\/wp-json\/wp\/v2\/types\/post"}],"author":[{"embeddable":true,"href":"https:\/\/www.millicozum.com\/mc\/wp-json\/wp\/v2\/users\/34"}],"replies":[{"embeddable":true,"href":"https:\/\/www.millicozum.com\/mc\/wp-json\/wp\/v2\/comments?post=714"}],"version-history":[{"count":0,"href":"https:\/\/www.millicozum.com\/mc\/wp-json\/wp\/v2\/posts\/714\/revisions"}],"wp:attachment":[{"href":"https:\/\/www.millicozum.com\/mc\/wp-json\/wp\/v2\/media?parent=714"}],"wp:term":[{"taxonomy":"category","embeddable":true,"href":"https:\/\/www.millicozum.com\/mc\/wp-json\/wp\/v2\/categories?post=714"},{"taxonomy":"post_tag","embeddable":true,"href":"https:\/\/www.millicozum.com\/mc\/wp-json\/wp\/v2\/tags?post=714"}],"curies":[{"name":"wp","href":"https:\/\/api.w.org\/{rel}","templated":true}]}}