{"id":717,"date":"2004-11-01T00:00:00","date_gmt":"2004-11-01T00:00:00","guid":{"rendered":"https:\/\/www.millicozum.com\/mc\/2004\/11\/01\/basi-cuvalli\/"},"modified":"2004-11-01T00:00:00","modified_gmt":"2004-11-01T00:00:00","slug":"basi-cuvalli","status":"publish","type":"post","link":"https:\/\/www.millicozum.com\/mc\/2004\/eylul-2004\/basi-cuvalli\/","title":{"rendered":"BA\u015e&#8217;I \u00c7UVALLI"},"content":{"rendered":"<p>\u00a0 <\/p>\n<p>&#8220;Dini olu\u015fumlara kar\u015f\u0131y\u0131z&#8221; diyen zavall\u0131,<\/p>\n<p>Bilmezmisin, Ha\u00e7l\u0131n\u0131n AB&#8217;si, NATO&#8217;su vard\u0131r!<\/p>\n<p>Be hey, Lobilerden madalyal\u0131, ba\u015f\u0131 \u00e7uvall\u0131<\/p>\n<p>Sanma ki, siyonizmin y\u0131k\u0131lmaz \u015fatosu vard\u0131r.<\/p>\n<p>   \u00a0 <\/p>\n<p>Ruhban okuluyla, gavurlara paylar da\u011f\u0131t\u0131r<\/p>\n<p>Bo\u015fver, \u0130mam Hatip, ba\u015f\u00f6rt\u00fcs\u00fc&#8230; ba\u015flar a\u011fr\u0131t\u0131r<\/p>\n<p>Gafil s\u0131rt\u0131n \u0130srail&#8217;e, Amerkay&#8217;a dayat\u0131r.<\/p>\n<p>Bunlar d\u00fc\u015f\u00fcnmez ki, Allah&#8217;\u0131n da vetosu vard\u0131r!<\/p>\n<p>\u00a0<\/p>\n<p>Neye yarar, sultan olsan; iktidars\u0131z, \u015fuursuz&#8230;<\/p>\n<p>V\u00fccud cennette olsa da, vicdan\u0131 hep huzursuz<\/p>\n<p>\u00d6z\u00fc \u00e7\u00fcr\u00fck, s\u00f6z\u00fc bat\u0131l; g\u00f6z kapal\u0131, y\u00fcz nursuz<\/p>\n<p>Velakin \u00fczerinde tesett\u00fcr mantosu vard\u0131r!<\/p>\n<p>\u00a0<\/p>\n<p>Bizden s\u00f6ylemesi, bor\u00e7 kafesindeki ku\u015flara<\/p>\n<p>G\u00fcvenenler pi\u015fman olur, \u015earonlara, Bush&#8217;lara<\/p>\n<p>Bu millet pabu\u00e7 b\u0131rakmaz, masonlara, pu\u015ftlara<\/p>\n<p>Ayak takmakla d\u00fc\u015fmez, taklas\u0131 zaltosu vard\u0131r!<\/p>\n","protected":false},"excerpt":{"rendered":"<p>\u00a0 <\/p>\n<p>&#8220;Dini olu\u015fumlara kar\u015f\u0131y\u0131z&#8221; diyen zavall\u0131,<\/p>\n<p>Bilmezmisin, Ha\u00e7l\u0131n\u0131n AB&#8217;si, NATO&#8217;su vard\u0131r!<\/p>\n<p>Be hey, Lobilerden madalyal\u0131, ba\u015f\u0131 \u00e7uvall\u0131<\/p>\n<p>Sanma ki, siyonizmin y\u0131k\u0131lmaz \u015fatosu vard\u0131r.<\/p>\n","protected":false},"author":26,"featured_media":0,"comment_status":"open","ping_status":"closed","sticky":false,"template":"","format":"standard","meta":{"footnotes":""},"categories":[61],"tags":[],"class_list":["post-717","post","type-post","status-publish","format-standard","hentry","category-eylul-2004"],"_links":{"self":[{"href":"https:\/\/www.millicozum.com\/mc\/wp-json\/wp\/v2\/posts\/717","targetHints":{"allow":["GET"]}}],"collection":[{"href":"https:\/\/www.millicozum.com\/mc\/wp-json\/wp\/v2\/posts"}],"about":[{"href":"https:\/\/www.millicozum.com\/mc\/wp-json\/wp\/v2\/types\/post"}],"author":[{"embeddable":true,"href":"https:\/\/www.millicozum.com\/mc\/wp-json\/wp\/v2\/users\/26"}],"replies":[{"embeddable":true,"href":"https:\/\/www.millicozum.com\/mc\/wp-json\/wp\/v2\/comments?post=717"}],"version-history":[{"count":0,"href":"https:\/\/www.millicozum.com\/mc\/wp-json\/wp\/v2\/posts\/717\/revisions"}],"wp:attachment":[{"href":"https:\/\/www.millicozum.com\/mc\/wp-json\/wp\/v2\/media?parent=717"}],"wp:term":[{"taxonomy":"category","embeddable":true,"href":"https:\/\/www.millicozum.com\/mc\/wp-json\/wp\/v2\/categories?post=717"},{"taxonomy":"post_tag","embeddable":true,"href":"https:\/\/www.millicozum.com\/mc\/wp-json\/wp\/v2\/tags?post=717"}],"curies":[{"name":"wp","href":"https:\/\/api.w.org\/{rel}","templated":true}]}}