{"id":726,"date":"2004-11-01T00:00:00","date_gmt":"2004-11-01T00:00:00","guid":{"rendered":"https:\/\/www.millicozum.com\/mc\/2004\/11\/01\/ayin-aynasi-20\/"},"modified":"2004-11-01T00:00:00","modified_gmt":"2004-11-01T00:00:00","slug":"ayin-aynasi-20","status":"publish","type":"post","link":"https:\/\/www.millicozum.com\/mc\/2004\/eylul-2004\/ayin-aynasi\/","title":{"rendered":"AYIN AYNASI"},"content":{"rendered":"<p>\u00a0  <\/p>\n<p align=\"center\"> <strong>\u0130SRA\u0130L \u00d6Z\u00dcR D\u0130LE!<\/strong> <\/p>\n<p> D\u00fcnya medyas\u0131nda da yer alan &#39;Kuzey Irak&#39;ta T\u00fcrkiye aleyhine \u0130srail Oyunu&#39;nun hi\u00e7 oynanmad\u0131\u011f\u0131n\u0131 kan\u0131tlamak Tel-Aviv&#39;e d\u00fc\u015f\u00fcyor. <\/p>\n<p> Bunun yerine T\u00fcrkiye&#39;yi tehdit anlam\u0131na \u00e7\u0131k\u0131\u015flar, \u00e7irkindir. <\/p>\n<p> Hem \u0130srail&#39;in, &#39;hangi T\u00fcrkiye&#39;ye d\u00fc\u015fmanl\u0131k yapt\u0131\u011f\u0131&#39; iddia ediliyor? <\/p>\n<p> Filistin&#39;de \u00e7ocuk ve kad\u0131nlar\u0131n \u00f6ld\u00fcr\u00fclmesini g\u00f6rmezden gelen ya da \u00fc\u00e7be\u015f k\u0131nama ile ge\u00e7i\u015ftiren T\u00fcrkiye&#39;ye! <\/p>\n<p>  \u00a0  <\/p>\n<p> \u0130slam d\u00fcnyas\u0131n\u0131n b\u00fct\u00fcn tepkilerine ra\u011fmen \u0130srail ile her t\u00fcrl\u00fc i\u015fbirli\u011fini s\u00fcrd\u00fcrmekten geri durmayan&#8230; <\/p>\n<p> \u0130srail&#39;in b\u00f6lgedeki olumsuzluklar\u0131n\u0131 &#39;izlemekle&#39; yetinen T\u00fcrkiye&#39;ye kar\u015f\u0131 d\u00fc\u015fmanl\u0131k; pes! <\/p>\n<p> E\u011fer T\u00fcrkiye ile ger\u00e7ekten dost olduklar\u0131n\u0131 iddia ediyorlarsa.. <\/p>\n<p> Burada g\u00f6rev, dostlu\u011funu kan\u0131tlam\u0131\u015f T\u00fcrkler&#39;in de\u011fil, &#39;d\u00fc\u015fmanl\u0131k&#39; yap\u0131p yapmad\u0131klar\u0131 tart\u0131\u015f\u0131lan Museviler&#39;indir. <\/p>\n<p> Biz \u015fahsen hen\u00fcz Museviler&#39;i resmen ve alenen &#39;d\u00fc\u015fman&#39; ilan etmemek i\u00e7in son avanslar\u0131m\u0131z\u0131 kullan\u0131yoruz. <\/p>\n<p> T\u00fcrkiye&#39;de kimse &#39;Ya\u015fas\u0131n \u0130srail&#39; demez, dememi\u015ftir.. Ho\u015f, bunu dedirtecek bir eylemi de olmam\u0131\u015ft\u0131r \u0130srail&#39;in.. <\/p>\n<p> Ama \u00f6yle noktaya gelindi ki.. <\/p>\n<p> &#39;Kahrolsun Siyonizm&#39; diyerek yollara d\u00f6k\u00fclmek i\u00e7in sab\u0131rs\u0131zlanan milyonlar var T\u00fcrkiye&#39;de.. <\/p>\n<p> Ses ver! <\/p>\n<p> Ya &#39;masum&#39; oldu\u011funu kan\u0131tla. <\/p>\n<p> Ya da en k\u0131sa zamanda, seni 500 y\u0131ld\u0131r dost sayan T\u00fcrkler&#39;den \u00f6z\u00fcr dile!.. <\/p>\n<p> <strong>&quot;Sizin kar\u015f\u0131n\u0131zda, Filistin&#39;li alt\u0131 ya\u015f\u0131nda bir \u00e7o\u00e7uk yok!..&quot;<a name=\"_ftnref1\" href=\"#_ftn1\" title=\"_ftnref1\"><strong>[1]<\/strong><\/a><\/strong> <\/p>\n<p> &#160; <\/p>\n<p align=\"center\"> <strong>\u0130\u015eTE SON \u0130ST\u0130HBARAT RAPORU<\/strong> <\/p>\n<p> Sabah,<strong> <\/strong>Mossad &#39;\u0131n Kuzey Irak&#39;taki faaliyetlerine ili\u015fkin haz\u0131rlad\u0131\u011f\u0131 son rapora ula\u015ft\u0131. Rapor, \u00f6zetle \u015fu bilgileri i\u00e7eriyor: <\/p>\n<ul>\n<li>MOSSAD ile KDP, askeri e\u011fitim konusunda ka\u011f\u0131t \u00fczerindeki ilk resmi anla\u015fmay\u0131 2001 y\u0131l\u0131nda yapt\u0131.<\/li>\n<li>E\u011fitim hem b\u00f6lgede, hem de \u0130srail&#39;de yap\u0131l\u0131yor.<\/li>\n<li>Pe\u015fmergelere ayda 500 bin dolar hibe veriliyor.<\/li>\n<li>E\u011fitime Barzani&#39;nin yak\u0131n akrabalar\u0131 da kat\u0131l\u0131yor.<\/li>\n<li>B\u00f6lgedeki MOSSAD ajanlar\u0131n\u0131n \u00e7o\u011fu K\u00fcrt Yahudisi oldu\u011fu biliniyor.<\/li>\n<li>E\u011fitim verenlerin tamam\u0131 leh\u00e7elerine kadar K\u00fcrt\u00e7e biliyor.<\/li>\n<li>Pe\u015fmergelere verilen e\u011fitim, b\u00f6lge \u00fclkeleri ile ilgili genel bilgileri de sa\u011fl\u0131yor.<\/li>\n<\/ul>\n<p> \u0130srail<strong> <\/strong>yetkilileri ise, \u0130srailli askerlerin K.Irak faaliyetleri i\u00e7in \u015fu komik savunmay\u0131 yap\u0131yor: &quot;Irak&#39;ta hi\u00e7bir resmi faaliyetimiz yok. \u00c7ift pasaportlu \u015fah\u0131slar ya da oradakilerin akrabalar\u0131 baz\u0131 faaliyetler y\u00fcr\u00fctebilir. Bu, onlar\u0131 ba\u011flar.&quot; Diyor. <\/p>\n<p> <strong>K\u00fcrtler&#39;e 500 bin dolar:<\/strong> <\/p>\n<p> \u0130srail&#39;in K\u00fcrt oyunu T\u00fcrk istihbarat raporlar\u0131na da yans\u0131d\u0131: &quot;MOSSAD ile KDP \u00fc\u00e7 y\u0131l \u00f6nce anla\u015fma yapt\u0131. E\u011fitim hem b\u00f6lgede hem de \u0130srail&#39;de veriliyor. Pe\u015fmergelere ayda 500 bin dolar hibe ediliyor.&quot;  <\/p>\n<p> <strong>G\u00fcl: Yak\u0131n takipteyiz <\/strong> <\/p>\n<p> D\u0131\u015fi\u015fleri<strong> <\/strong>Bakan\u0131 G\u00fcl, \u0130srail&#39;in uyar\u0131ld\u0131\u011f\u0131n\u0131 ima etti, &quot;\u00c7ok yak\u0131ndan takip ediyor, uyar\u0131lar\u0131 yap\u0131yoruz. Kerk\u00fck hassasiyetimizi herkes biliyor. Oldu bittiye izin vermeyiz. Ama \u0130srail&#39;e de g\u00fcvenmeliyiz.&quot; Diyor&#8230; <\/p>\n<p> Anlayana a\u015fk olsun&#8230;  <\/p>\n<p> &#160; <\/p>\n<p align=\"center\"> <strong>ERDO\u011eAN R\u0130ZE&#39;DE &quot; POTAMYA&#39;NIN GURURU&quot; SLOGANLARI \u0130LE KAR\u015eILANDI.<\/strong> <\/p>\n<p align=\"center\"> <strong>PEK\u0130 POTAMYA&#39;NIN ANLAMI NE?<\/strong> <\/p>\n<p> <strong>www<\/strong><a href=\"http:\/\/www.habervitrini.com\/\">.habervitrini.com<\/a> <\/p>\n<p> Ba\u015fbakan Recep Tayyip Erdo\u011fan, iki g\u00fcnl\u00fck program\u0131 i\u00e7in memleketi Rize&#39;ye geldi. <\/p>\n<p> 13 Kas\u0131m 2003 Per\u015fembe 00:29 <\/p>\n<p> G\u00f6kt\u00fcrk F\u0131rat Ba\u015fbakan Recep Tayyip Erdo\u011fan, iki g\u00fcnl\u00fck program\u0131 i\u00e7in memleketi Rize&#39;ye geldi. Ba\u015fbakan Erdo\u011fan, havayolu ile geldi\u011fi Trabzon&#39;dan karayolu ile baba oca\u011f\u0131 Rize&#39;nin G\u00fcneysu \u0130l\u00e7esi&#39;ne ge\u00e7ti. Erdo\u011fan, G\u00fcneysu giri\u015finde ya\u015fanan heyelan tehlikesi nedeniyle yolun trafi\u011fe kapat\u0131lmas\u0131 sonucu Adacami K\u00f6y\u00fc \u00fczerinden il\u00e7eye giri\u015f yapt\u0131. \u0130l\u00e7ede bir grup partili taraf\u0131ndan kar\u015f\u0131lanan Erdo\u011fan&#39;a hem\u015fehrileri, <strong><u>&quot;Ba\u015fbakan Tayyip, Potamya&#39;n\u0131n Gururu&quot;<\/u><\/strong> diye tezah\u00fcratta bulundu. Potamya&#39;n\u0131n, G\u00fcneysu&#39;nun Rumca ismi oldu\u011fu belirtildi. Erdo\u011fan, hem\u015fehrileri ile k\u0131sa s\u00fcren sohbetin ard\u0131ndan Merkez Mahallesi&#39;ndeki evine giderken, korumalar\u0131 ve polis ekipleri, evinin bulundu\u011fu yere (yamaca) bas\u0131n mensuplar\u0131n\u0131n \u00e7\u0131k\u0131\u015f\u0131n\u0131 engelledi. <\/p>\n<p> ( Not: <strong>Potamya <\/strong>Rum k\u00f6y\u00fcne Hem\u015fin&#39;den Ermeni g\u00f6\u00e7\u00fc oldu\u011fu da s\u00f6ylenmektedir.) <\/p>\n<p align=\"center\"> &#160; <\/p>\n<p align=\"center\"> <strong>ABD, IRAK&#39;IN PARASINI HARCIYOR<\/strong> <\/p>\n<p> ABD&#39;nin, Irak&#39;\u0131n yeniden in\u015fas\u0131n\u0131n birinci y\u0131l\u0131nda, kendi paras\u0131ndan daha \u00e7ok Irak&#39;\u0131n paras\u0131n\u0131 harcad\u0131\u011f\u0131 bildirildi.  <\/p>\n<p> ABD Kongresi&#39;nin bir raporuna g\u00f6re, \u00fclkenin yeniden yap\u0131lanmas\u0131nda Amerikan fonlar\u0131ndan 3 milyar dolar harcan\u0131rken, Irak&#39;\u0131n paras\u0131ndan 8.3 milyar dolar harcand\u0131.  <\/p>\n<p> Saddam H\u00fcseyin sonras\u0131 Irak&#39;taki yeniden in\u015fa ve yard\u0131m \u00e7al\u0131\u015fmalar\u0131 i\u00e7in, Nisan ay\u0131 itibar\u0131yla 58 milyar dolar ayr\u0131lm\u0131\u015ft\u0131. Bu miktar\u0131n 24 milyar dolar\u0131 Amerikan fonlar\u0131ndan, 13.6 milyar dolar\u0131 uluslararas\u0131 yard\u0131mdan, 21 milyar dolar\u0131 da Irak&#39;\u0131n petrol gelirleri ve eski rejimin servetinden olu\u015fuyordu.  <\/p>\n<p> Rapora g\u00f6re, 24 milyarl\u0131k Amerikan fonlar\u0131ndan yaln\u0131zca 3 milyar dolar\u0131 harcan\u0131rken, Irak&#39;\u0131n gelirlerinden sa\u011flanan paradan 8.3 milyar dolar sarf edildi.  <\/p>\n<p align=\"center\"> &#160; <\/p>\n<p align=\"center\"> <strong>B\u0130NLERCE IRAKLI SALKIM BOMBALARIYLA CAN VERD\u0130<\/strong> <\/p>\n<p> HRW, ABD Kongresi&#39;ne &quot;Pentagon&#39;un salk\u0131m bombas\u0131 talebini reddedin&quot; \u00e7a\u011fr\u0131s\u0131 yapt\u0131 <\/p>\n<p> ABD&#39;deki \u0130nsan Haklar\u0131n\u0131 \u0130zleme \u00d6rg\u00fct\u00fc (HRW), Kongre&#39;den Savunma Bakanl\u0131\u011f\u0131&#39;n\u0131n (Pentagon) binlerce salk\u0131m bombas\u0131 al\u0131nmas\u0131 yolundaki talebini reddetmesini istedi.  <\/p>\n<p> \u00d6rg\u00fct yetkilisi Bonnie Docherty, salk\u0131m bombalar\u0131n\u0131n Irak sava\u015f\u0131nda binlerce masum sivilin \u00f6lmesine ya da yaralanmas\u0131na yol a\u00e7t\u0131\u011f\u0131n\u0131 belirterek, &#8216;&#39;ABD son sava\u015flardan ders \u00e7\u0131karmal\u0131, sivillere b\u00f6ylesine zarar veren silahlar edinmekten vazge\u00e7meli&#39;&#39; dedi.  <\/p>\n<p> Docherty, salk\u0131m bombalar\u0131n\u0131n hi\u00e7 kullan\u0131lmamas\u0131 gerekti\u011fini, \u00e7\u00fcnk\u00fc bunlar\u0131n \u00e7at\u0131\u015fmalardan \u00e7ok sonra da tehlike arz etti\u011fini vurgulad\u0131.  <\/p>\n<p> Pentagon, 2005 b\u00fct\u00e7e tasar\u0131s\u0131nda salk\u0131m bombalar\u0131 i\u00e7in milyonlarca dolar talip etmi\u015fti.  <\/p>\n<p> &#8216;&#39;Bomba i\u00e7indeki bombac\u0131klar&#39;&#39; olarak tan\u0131mlanan salk\u0131m bombalar\u0131 havada patl\u0131yor, bombac\u0131klar geni\u015f alana da\u011f\u0131l\u0131yor, bunlar da hedefe \u00e7arp\u0131nca infilak ediyor, ancak bir\u00e7o\u011fu da patlamadan kal\u0131yor ve daha sonra siviller i\u00e7in tehlike meydana getiriyor <\/p>\n<p align=\"center\"> <strong>P\u0130SKOPOSLARDAN BLA\u0130R&#39;E SU\u00c7LAMA<\/strong> <\/p>\n<p> \u0130ngiltere&#39;de Canterbury ve York ba\u015fpiskoposlar\u0131, Ba\u015fbakan Tony Blair&#39;i, Irak&#39;ta \u00f6zellikle hapishanelerdeki insan haklar\u0131 ihlalleri ve i\u015fkenceden sorumlu tuttu. Dr. Rowan Williams ve Dr. David Hope, Ba\u015fbakan Blair&#39;e yazd\u0131klar\u0131 mektupta, Blair&#39;i Irak konusunda \u00e7ifte standart uygulamakla su\u00e7larken, h\u00fck\u00fcmetin b\u00fct\u00fcn g\u00fcvenilirli\u011finin de Irak&#39;taki ihlaller y\u00fcz\u00fcnden tehlikede oldu\u011fu uyar\u0131s\u0131nda bulundular.  <\/p>\n<p> Protestan kilisesinin en g\u00fc\u00e7l\u00fc iki ismi taraf\u0131ndan kaleme al\u0131nan mektupta, &#8216;&#39;Irakl\u0131 mahpuslarla ilgili olarak uluslararas\u0131 yasalar\u0131n belirgin bi\u00e7imde ihlali \u00fclkemize b\u00fcy\u00fck zarar vermi\u015ftir. \u00c7ifte standartbat\u0131l\u0131 h\u00fck\u00fcmetlerin b\u00fct\u00fcn inan\u0131l\u0131rl\u0131\u011f\u0131n\u0131 ortadan kald\u0131rm\u0131\u015f, Irak&#39;ta ve di\u011fer M\u00fcsl\u00fcman \u00fclkelerde bat\u0131ya olan g\u00fcven sars\u0131lm\u0131\u015ft\u0131r&#39;&#39; denildi.  <\/p>\n<p> &#160; <\/p>\n<p align=\"center\"> <strong>NATO&#39;YA ASKER BASKISI<\/strong> <\/p>\n<p> <strong>Zirvenin ard\u0131ndan ABD, kontrol\u00fc kaybetti\u011fi Afganistan&#39;a asker g\u00f6nderilmesi i\u00e7in bast\u0131r\u0131yor<\/strong> <\/p>\n<p> ABD&#39;nin, Afganistan&#39;a bir an \u00f6nce takviye g\u00fc\u00e7 g\u00f6ndermeleri i\u00e7in NATO \u00fcyesi \u00fclkelere bask\u0131 yapt\u0131\u011f\u0131 bildirildi. Washington y\u00f6netiminden \u00fcst d\u00fczey bir yetkili, ABD&#39;nin bask\u0131s\u0131yla NATO \u00fclkelerinin eyl\u00fcl ay\u0131nda yap\u0131lacak se\u00e7imlerin g\u00fcvenli\u011finin sa\u011flanmas\u0131 i\u00e7in acilen takviye asker g\u00f6ndermeyi d\u00fc\u015f\u00fcnd\u00fcklerini s\u00f6yledi.  <\/p>\n<p> Takviye askerlerin Afganistan&#39;a g\u00f6nderilmesi i\u00e7in daha fazlas\u0131n\u0131 yapmaya \u00e7al\u0131\u015facaklar\u0131n\u0131 s\u00f6yleyen Amerikal\u0131 yetkili, ABD&#39;nin, eyl\u00fcl ay\u0131ndaki se\u00e7imlerden \u00f6nce askerlerin erkenden konu\u015flanmas\u0131n\u0131 istedi\u011fini ifade etti.  <\/p>\n<p> Giri\u015fimlerinin \u0130stanbul&#39;da yap\u0131lan NATO zirvesinden al\u0131nan karar do\u011frultusunda oldu\u011funu s\u00f6yleyen yetkili, askerlerin birka\u00e7 hafta i\u00e7inde g\u00f6nderilebilece\u011fini, bunun i\u00e7in u\u011fra\u015ft\u0131klar\u0131n\u0131 kaydetti. NATO&#39;nun Afganistan&#39;da halen 6500 askeri bulunuyor.  <\/p>\n<p> ABD 5600 eski askeri g\u00f6reve \u00e7a\u011fr\u0131yor <\/p>\n<p> Irak ve Afganistan&#39;da giderek daha \u00e7ok yard\u0131ma ihtiyac\u0131 olan Amerikan ordusunun, emekli ya da terhis olmu\u015f 5600 sivili aktif g\u00f6reve \u00e7a\u011f\u0131rmaya haz\u0131rland\u0131\u011f\u0131 bildirildi. <\/p>\n<p> Ordu yetkilileri, g\u00f6reve \u00e7a\u011fr\u0131lan sivillerin, Irak ve Afganistan&#39;da g\u00f6revlendirilen ya da yak\u0131nda g\u00f6nderilecek yedek birliklerinde g\u00f6rev yapaca\u011f\u0131n\u0131 s\u00f6yledi. <\/p>\n<p> Yetkililer, K\u00f6rfez Sava\u015f\u0131&#39;ndan bu yana ilk kez bu kadar \u00e7ok say\u0131da silah alt\u0131nda olmayan ki\u015finin g\u00f6n\u00fcll\u00fc olmadan g\u00f6reve \u00e7a\u011fr\u0131lm\u0131\u015f olaca\u011f\u0131n\u0131 kaydetti. <\/p>\n<p> Bu ki\u015filerin, Ulusal Muhaf\u0131z ve yedeklerden farkl\u0131 olarak d\u00fczenli \u015fekilde e\u011fitim g\u00f6rmedi\u011fi ve g\u00f6reve \u00e7a\u011fr\u0131lmad\u0131k\u00e7a para almad\u0131klar\u0131 belirtildi. <\/p>\n<p> Lexington Enstit\u00fcs\u00fc&#39;nden askeri uzman Dan Goure, Irak&#39;ta \u00f6nemli say\u0131da taarruz birli\u011fi bulundurmalar\u0131 gerekti\u011finin anla\u015f\u0131lmas\u0131ndan sonra sivilleri askere \u00e7a\u011f\u0131rman\u0131n ka\u00e7\u0131n\u0131lmaz oldu\u011funu s\u00f6yledi. <\/p>\n<p> ABD Savunma Bakanl\u0131\u011f\u0131, ge\u00e7en ilkbaharda Irak&#39;taki asker say\u0131s\u0131n\u0131 105 bine d\u00fc\u015f\u00fcrmeyi planl\u0131yordu, ancak artan direni\u015fin artmas\u0131 \u00fczerine bu say\u0131 140 bine \u00e7\u0131kt\u0131. <\/p>\n<p align=\"center\"> <strong>AKP, ANADOLU&#39;YU PE\u015eKE\u015e M\u0130 \u00c7EK\u0130YOR?\u00a0<\/strong> <\/p>\n<p align=\"center\"> <strong>ABD Ve \u0130srail&#39;in Al\u0131\u015fkanl\u0131k Haline Getirdi\u011fi Tatbikatlar Neyin Haz\u0131rl\u0131\u011f\u0131?<\/strong> <\/p>\n<p align=\"center\"> <strong>KONYA, 2. \u0130NC\u0130RL\u0130K M\u0130?<\/strong> <\/p>\n<p> Ge\u00e7ti\u011fimiz g\u00fcnlerde \u0130srail ve Amerikan u\u00e7aklar\u0131yla ger\u00e7ekle\u015ftirilen Anadolu Kartal\u0131 tatbikat\u0131ndan sonra \u00f6n\u00fcm\u00fczdeki g\u00fcnlerde bin 500 Amerikan ve \u0130srail askerinin yeni bir askeri tatbikat i\u00e7in Konya&#39;ya gelece\u011fi \u00f6\u011frenildi. Konya&#39;ya gelecek yabanc\u0131 askerlerin kalmas\u0131 i\u00e7in aralar\u0131nda Hilton&#39;un da bulundu\u011fu Konya&#39;n\u0131n en b\u00fcy\u00fck \u00fc\u00e7 otelinin tatbikat boyunca kapat\u0131ld\u0131\u011f\u0131 belirtiliyor. Bu kadar b\u00fcy\u00fck miktarda askerin konu\u015flanaca\u011f\u0131 bir tatbikat i\u00e7in Meclis izni gerekip gerekmedi\u011fi de bir ba\u015fka tart\u0131\u015fma konusu. <\/p>\n<p> <strong>Konya, \u0130ncirlik mi oluyor?<\/strong> <\/p>\n<p> S\u00f6zkonusu tatbikat \u00f6zellikle Ortado\u011fu&#39;da ya\u015fanan geli\u015fmeler nedeniyle b\u00fct\u00fcn g\u00f6zlerin \u00fczerinde toplanmas\u0131na neden oluyor. \u00d6zellikle \u0130srail&#39;in bu tatbikat i\u00e7inde yer almas\u0131 tepki \u00e7ekiyor. Anadolu Kartal\u0131 tatbikat\u0131n\u0131n NATO \u00e7er\u00e7evesinde yap\u0131ld\u0131\u011f\u0131n\u0131n iddia edilmesi, &quot;NATO \u00fcyesi olmayan \u0130srail&#39;in bu tatbikat i\u00e7inde nas\u0131l ve ni\u00e7in yer ald\u0131\u011f\u0131?&quot; sorusuna neden oluyor.  <\/p>\n<p> Birbiri ard\u0131na ger\u00e7ekle\u015fenen tatbikatlar Konya&#39;daki \u00dc\u00e7\u00fcnc\u00fc Hava Jet \u00dcss\u00fc&#39;n\u00fcn ikinci bir \u0130ncirlik haline gelece\u011fi iddialar\u0131n\u0131 da g\u00fcndeme ta\u015f\u0131d\u0131. \u00d6te yandan \u00e7ok s\u0131k tekrarlanan s\u00f6zkonusu tatbikatlar\u0131n \u00e7evreye ve insan sa\u011fl\u0131\u011f\u0131na etkileri de ciddi bir tart\u0131\u015fma konusu halinde geldi. Tatbikata kat\u0131lan y\u00fczlerce u\u00e7a\u011f\u0131n \u00e7evreye b\u0131rakt\u0131\u011f\u0131 gazlar ve tatbikatta kullan\u0131lan f\u00fcze ve mermilerin \u00e7evresel fakt\u00f6rleri ciddi bir etki alt\u0131nda b\u0131rakt\u0131\u011f\u0131 konu\u015fuluyor.  <\/p>\n<p> Eyl\u00fcl ay\u0131 i\u00e7erisindeki tatbikat i\u00e7in b\u00f6lgeye gelecek yabanc\u0131 askerlerin say\u0131s\u0131 hukuki tart\u0131\u015fmalar\u0131 da beraberinde getirdi. Tatbikat y\u00fczlerce askerin Konya&#39;da konu\u015flanmas\u0131na neden olaca\u011f\u0131 i\u00e7in bunun t\u0131pk\u0131 tezkerede oldu\u011fu gibi Meclis iznine tabi olmas\u0131 gerekti\u011fi belirtiliyor.  <\/p>\n<p align=\"center\"> <strong>TAC\u0130Z DAVASI K\u0130L\u0130SE BATIRDI<\/strong> <\/p>\n<p> ABD&#39;de ilk kez, Katolik kilisesine ba\u011fl\u0131 bir ba\u015fpiskoposluk iflas\u0131n\u0131 ilan etti. Portland Ba\u015fpiskoposlu\u011fu, kiliseye ba\u011fl\u0131 rahiplerin cinsel tacizine u\u011frayan ki\u015filere tazminat \u00f6deyecek g\u00fcc\u00fcn\u00fcn kalmad\u0131\u011f\u0131n\u0131 a\u00e7\u0131klad\u0131.  <\/p>\n<p> ABD&#39;de daha pek\u00e7ok piskoposluk, rahiplere y\u0131llard\u0131r a\u00e7\u0131lan tazminat davalar\u0131n\u0131n ard\u0131ndan, malvarl\u0131klar\u0131n\u0131 satmak ya da iflas ilan etmek zorunda kal\u0131yor.  <\/p>\n<p> Portland Ba\u015fpiskoposlu\u011fu, bug\u00fcne dek, rahiplerin tacizine u\u011frad\u0131\u011f\u0131n\u0131 s\u00f6yleyen 130 ki\u015finin a\u00e7t\u0131\u011f\u0131 davalarda 53 milyon dolar kaybetti.  <\/p>\n<p> Su\u00e7lamalar\u0131n hedefi m\u00fcteveffa Rahip Maurice Grammond&#39;\u0131n, 1980&#39;li y\u0131llarda 50&#39;den fazla \u00e7ocu\u011fa tacizde bulundu\u011fu \u00f6ne s\u00fcr\u00fcl\u00fcyor. \u00c7ok say\u0131da ba\u015fvuru ise s\u0131rada bekliyor.  <\/p>\n<p> Ahlak ve maneviyat\u0131 koruyacak kurumlar\u0131n bile b\u00f6ylesine yozla\u015ft\u0131\u011f\u0131 bir BATI medeniyetinden medet umanlar, batmakta olan gemiye binmek i\u00e7in can atan ahmaklard\u0131r. <\/p>\n<p align=\"center\"> <strong>B\u0130RL\u0130K OLMAZSAK IRAK G\u0130B\u0130 OLURUZ<\/strong> <\/p>\n<p> \u0130slam \u00fclkeleri aras\u0131ndaki i\u015fbirli\u011finin zorunlu ve ka\u00e7\u0131n\u0131lmaz oldu\u011funu s\u00f6yleyen Malezya eski Ba\u015fbakan\u0131 Mahattir Muhammed, &quot;Irak ve Afganistan ile ayn\u0131 kaderi payla\u015fmak istemiyoruz. \u00d6yleyse aram\u0131zdaki diyalo\u011fu art\u0131rmal\u0131y\u0131z. \u0130srail&#39;in Filistin&#39;de yapt\u0131\u011f\u0131 katliamlar korkun\u00e7 boyuttad\u0131r. Ancak ABD y\u00f6netimi ve Avrupa Birli\u011fi bu konuda \u00f6nemli tek kelime etmiyorlar&quot; diyerek Bat\u0131&#39;y\u0131 ele\u015ftirdi. <\/p>\n<p align=\"center\"> <strong>\u00dcRD\u00dcN&#39;E D\u00dc\u011e\u00dcN DAVET\u0130YES\u0130<\/strong> <\/p>\n<p> Ba\u015fbakan Recep T. Erdo\u011fan k\u0131z\u0131n\u0131n d\u00fc\u011f\u00fcn davetiyesini Amerika ve \u0130ngiltere&#39;nin kuklas\u0131 Kral Abdullah&#39;a g\u00f6t\u00fcr\u00fcp elden vermek \u00fczere, devletin u\u00e7a\u011f\u0131yla ve de han\u0131m\u0131yla \u00dcrd\u00fcn&#39;e gidip geldi. <\/p>\n<p> \u00d6zal&#39;\u0131 da ailesi ve bu t\u00fcr ili\u015fkileri bitirmi\u015fti. <\/p>\n<p align=\"center\"> &#160; <\/p>\n<p align=\"center\"> <strong>\u0130ZAN VE V\u0130CDAN<\/strong> <\/p>\n<p> Meclis adalet Komisyonunda, T.C.K&#39;n\u0131n de\u011fi\u015fmesi g\u00f6r\u00fc\u015fmelerinde &quot;e\u011fitim hakk\u0131na engel olanlar\u0131n 1. y\u0131l&#39;a kadar cezaland\u0131r\u0131lmas\u0131&quot; teklifi, ba\u015f\u00f6rt\u00fcs\u00fcne ge\u00e7it vermeye y\u00f6nelik diye ve \u00fcstelik AKP&#39;li Cemil \u00c7i\u00e7ek ve di\u011fer Milletvekillerinin aleyhte oy vermesiyle reddedildi&#8230; <\/p>\n<p> Hala AKP&#39;de samimiyet arayanlar, izan ve vicdan ayarlar\u0131n\u0131 teste tabi tutsunlar! <\/p>\n<p align=\"center\"> &#160; <\/p>\n<p align=\"center\"> <strong>&quot;SESAR&quot; DAN SIZINTILAR<\/strong> <\/p>\n<p align=\"center\"> &#160; <\/p>\n<p align=\"center\"> <strong>DURUM<\/strong> <\/p>\n<p> Tayyip Erdo\u011fan&#39;\u0131n g\u00f6r\u00fcn\u00fcrde \u0130srail&#39;e kar\u015f\u0131 s\u00f6ylemini sertle\u015ftirirken, arka planda \u0130srail&#39;i k\u0131nama karar\u0131n\u0131 g\u00f6r\u00fc\u015fen TBMM&#39;de AKP&#39;li milletvekillerini &quot;duygusal olmamalar\u0131&quot; y\u00f6n\u00fcnde uyararak, \u0130srail&#39;i k\u0131nayan karar\u0131n ge\u00e7mesini \u00f6nlemesi <\/p>\n<p align=\"center\"> <strong>YORUM<\/strong> <\/p>\n<p> <strong>Devlet yap\u0131s\u0131 i\u00e7inde \u0130srail&#39;le koalisyonu savunanlar ile \u0130srail kar\u015f\u0131tlar\u0131n\u0131n aras\u0131ndaki g\u00fc\u00e7 sava\u015f\u0131n\u0131n belirtilerinin siyasete yans\u0131d\u0131\u011f\u0131n\u0131<\/strong> <\/p>\n<p> <strong>Taban bask\u0131s\u0131n\u0131n artmas\u0131 ile birlikte, AKP liderinin &quot;taz\u0131ya tut, tav\u015fana kovala&quot; politikas\u0131 izlemeye ba\u015flad\u0131\u011f\u0131n\u0131 g\u00f6steriyor!<\/strong> <\/p>\n<p> &#8212;&#8212;&#8212;&#8212;&#8212;&#8212;&#8212;&#8212;&#8212;&#8212;&#8212;&#8212;&#8212;&#8212;&#8212;&#8212;&#8212;&#8212;&#8212;&#8212;&#8212;&#8212;&#8212;&#8212;&#8212;&#8212;&#8212;&#8212;&#8212;&#8212;&#8212;&#8212;&#8212;&#8212;&#8212;&#8212;&#8212;&#8212;&#8212;&#8212;&#8212;&#8212;&#8212;&#8212;&#8212;&#8212;&#8212; <\/p>\n<p align=\"center\"> <strong>DURUM<\/strong> <\/p>\n<p> H\u00fck\u00fcmetin yeni bir &quot;Vergi \u0130daresi Ba\u015fkanl\u0131\u011f\u0131 Yasas\u0131&quot; ile gelir toplama yap\u0131s\u0131n\u0131 par\u00e7alayarak, defterdarl\u0131klar\u0131 ortadan kald\u0131rmas\u0131 ve b\u00f6lge vergi dairelerini kurarak, maliye b\u00fcnyesindeki gelirler kontrol\u00f6rlerini kald\u0131rmas\u0131 <\/p>\n<p align=\"center\"> <strong>YORUM<\/strong> <\/p>\n<p> <strong>T\u00fcrkiye&#39;yi eyaletlere b\u00f6lme plan\u0131n\u0131 \u00f6nce ekonomik damarlar \u00fczerinden ilerletmenin; DPT&#39;yi b\u00f6lgesel kalk\u0131nma idareleri olarak b\u00f6lme politikas\u0131ndan sonra yeni bir boyut kazand\u0131\u011f\u0131n\u0131 g\u00f6steriyor.<\/strong> <\/p>\n<p> &#8212;&#8212;&#8212;&#8212;&#8212;&#8212;&#8212;&#8212;&#8212;&#8212;&#8212;&#8212;&#8212;&#8212;&#8212;&#8212;&#8212;&#8212;&#8212;&#8212;&#8212;&#8212;&#8212;&#8212;&#8212;&#8212;&#8212;&#8212;&#8212;&#8212;&#8212;&#8212;&#8212;&#8212;&#8212;&#8212;&#8212;&#8212;&#8212;&#8212;&#8212;&#8212;&#8212;&#8212;&#8212;&#8212;&#8212; <\/p>\n<p align=\"center\"> <strong>DURUM<\/strong> <\/p>\n<p> a-Bu sene Bilderberg&#39;e T\u00fcrkiye&#39;den Kemal Dervi\u015f, Mustafa Ko\u00e7, Ali Babacan ve Hasan Cemal&#39;in kat\u0131lacak olmas\u0131 <\/p>\n<p> b-Toplant\u0131n\u0131n konusunun Irak ve Ortado\u011fu&#39;daki geli\u015fmeler ile ABD Ba\u015fkanl\u0131k se\u00e7imleri olarak belirlenmesi <\/p>\n<p align=\"center\"> <strong>YORUM<\/strong> <\/p>\n<p> <strong>a-Hasan Cemal&#39;in, Irak sava\u015f\u0131 s\u0131ras\u0131nda k\u00fcresel hegemonlarla pararel \u00e7izgisinin \u00f6d\u00fcl\u00fcn\u00fc ald\u0131\u011f\u0131n\u0131<\/strong> <\/p>\n<p> <strong>b-Ali Babacan&#39;\u0131n AKP iktidar\u0131n\u0131n en sessiz ve derinden bakanlar\u0131ndan biri oldu\u011funu<\/strong> <\/p>\n<ul>\n<li><strong>ABD Ba\u015fkanl\u0131k se\u00e7imleri ile birlikte, Ortado\u011fu \u00fczerinden oynanan oyun \u00fczerinde b\u00fcy\u00fck de\u011fi\u015fiklikler beklenmemesi gerekti\u011fini g\u00f6steriyor.<\/strong><\/li>\n<\/ul>\n<p align=\"center\"> <strong>&#8212;&#8212;&#8212;&#8212;&#8212;&#8212;&#8212;&#8212;&#8212;&#8212;&#8212;&#8212;&#8212;&#8212;&#8212;&#8212;&#8212;&#8212;&#8212;&#8212;&#8212;&#8212;&#8212;&#8212;&#8212;&#8212;&#8212;&#8212;&#8212;&#8212;&#8212;&#8212;&#8212;&#8212;&#8212;&#8212;&#8212;&#8212;&#8212;&#8212;&#8212;&#8212;&#8212;&#8212;&#8212;&#8212;<\/strong> <\/p>\n<p align=\"center\"> <strong>DURUM<\/strong> <\/p>\n<p> Terhis olan askerlere bir senelik kondom da\u011f\u0131talaca\u011f\u0131 n\u0131n proje olarak GATA Komutan\u0131 taraf\u0131ndan a\u00e7\u0131klanmas\u0131 <\/p>\n<p align=\"center\"> <strong>YORUM<\/strong> <\/p>\n<ul>\n<li><strong>T\u00fcrk Silahl\u0131 Kuvvetleri&#39;nin g\u00fcndem yaratma ve imaj\u0131 konusunda kontrol\u00fc tamamen kaybetti\u011fini<\/strong><\/li>\n<li><strong>TSK&#39;n\u0131n \u00fclke ad\u0131na g\u00fcvenlik ve strateji \u00fcretme kapasitesinin toplum nezdinde sorgulanmaya ba\u015flad\u0131\u011f\u0131n\u0131 <\/strong><\/li>\n<\/ul>\n<ul>\n<li><strong>TSK&#39;daki baz\u0131 unsurlar\u0131n T\u00fcrk n\u00fcfusunun \u00fcreme yetene\u011fini s\u0131n\u0131rlama konusunda azimli oldu\u011funu g\u00f6steriyor.<\/strong><\/li>\n<\/ul>\n<p align=\"center\"> <strong>&#8212;&#8212;&#8212;&#8212;&#8212;&#8212;&#8212;&#8212;&#8212;&#8212;&#8212;&#8212;&#8212;&#8212;&#8212;&#8212;&#8212;&#8212;&#8212;&#8212;&#8212;&#8212;&#8212;&#8212;&#8212;&#8212;&#8212;&#8212;&#8212;&#8212;&#8212;&#8212;&#8212;&#8212;&#8212;&#8212;&#8212;&#8212;&#8212;&#8212;&#8212;&#8212;&#8212;&#8212;&#8212;&#8212;&#8212;&#8212;&#8212;-<\/strong> <\/p>\n<p align=\"center\"> <strong>DURUM<\/strong> <\/p>\n<p> a-Mardin&#39;deki yeniden yap\u0131lanma \u00e7al\u0131\u015fmalar\u0131 ile birlikte, 200 bin s\u00fcryaninin \u00e7o\u011funun Mardin&#39;e geri d\u00f6nmeye haz\u0131rland\u0131\u011f\u0131 haberlerinin \u00e7\u0131kmas\u0131 <\/p>\n<p> b-S\u00fcryani&#39;lerin Midyat&#39;\u0131n k\u00f6ylerinde villa tipi ta\u015f evler kurmaya ba\u015flamas\u0131 ve \u015fimdiden bir Yezidi k\u00f6y\u00fcn\u00fcn kurulmas\u0131 <\/p>\n<p> c-AKP&#39;li ba\u015fkan \u015eeyhmus Din\u00e7el&#39;in 1932 y\u0131l\u0131nda mekan\u0131 Mardin&#39;den \u015eam&#39;a nakledilen S\u00fcryani patrikhanesinin yeniden Mardin&#39;e d\u00f6nmesi i\u00e7in kulis yapmas\u0131 <\/p>\n<p> d-Can D\u00fcndar&#39;\u0131n yaz\u0131lar\u0131nda Mardin&#39;den Anadolu&#39;nun Kud\u00fcs&#39;\u00fc diye s\u00f6z etmesi <\/p>\n<p align=\"center\"> <strong>YORUM<\/strong> <\/p>\n<p> <strong>a-\u0130stanbul&#39;dan sonra T\u00fcrkiye&#39;nin yeni Kud\u00fcs&#39;\u00fc olarak Mardin&#39;in belirlendi\u011fini<\/strong> <\/p>\n<p> <strong>b-ABD askerlerinin zaman\u0131nda Mardin&#39;e bo\u015fu bo\u015funa konu\u015flanmad\u0131klar\u0131n\u0131<\/strong> <\/p>\n<p> <strong>c-&quot;K\u00fclt\u00fcrel \u00e7e\u015fitlilik&quot; politikalar\u0131n\u0131n T\u00fcrkiye&#39;yi par\u00e7alama siyasetinde temel silah olarak kullan\u0131m\u0131n\u0131n yayg\u0131nla\u015faca\u011f\u0131n\u0131<\/strong> <\/p>\n<p> <strong>d-Yurtd\u0131\u015f\u0131ndaki S\u00fcryani diasporan\u0131n T\u00fcrk siyasi hayat\u0131na kaynak aktar\u0131m\u0131n\u0131n artaca\u011f\u0131n\u0131 g\u00f6steriyor.<\/strong> <\/p>\n<p align=\"center\"> &#8212;&#8212;&#8212;&#8212;&#8212;&#8212;&#8212;&#8212;&#8212;&#8212;&#8212;&#8212;&#8212;&#8212;&#8212;&#8212;&#8212;&#8212;&#8212;&#8212;&#8212;&#8212;&#8212;&#8212;&#8212;&#8212;&#8212;&#8212;&#8212;&#8212;&#8212;&#8212;&#8212;&#8212;&#8212;&#8212;&#8212;&#8212;&#8212;&#8212;&#8212;&#8212;&#8212;&#8212;&#8212;&#8212;&#8212;&#8211; <\/p>\n<p align=\"center\"> <strong>DURUM<\/strong> <\/p>\n<ul>\n<li>Erdo\u011fan&#39;\u0131n Bat\u0131 Trakya ziyaretinde, T\u00fcrklere Yunanistan&#39;a daha fazla asimile olma \u00f6\u011f\u00fcd\u00fc vermesi, &quot;M\u00fcsl\u00fcman az\u0131nl\u0131k&quot; s\u00f6z\u00fcn\u00fc hi\u00e7 kullanmamas\u0131 ve &quot;Siz Yunanistan&#39;\u0131n vatanda\u015f\u0131s\u0131n\u0131z. Yunanistan&#39;\u0131n geli\u015fmesi i\u00e7in \u00e7al\u0131\u015f\u0131n&quot; buyurmas\u0131<\/li>\n<\/ul>\n<p align=\"center\"> <strong>YORUM<\/strong> <\/p>\n<ul>\n<li><strong>Tayyip Erdo\u011fan&#39;\u0131n s\u00f6zkonusu Anadolu topraklar\u0131 olunda, k\u00fclt\u00fcrel ayr\u0131\u015fmay\u0131; s\u00f6zkonusu di\u011fer \u00fclkelerin topraklar\u0131 ve bu topraklardaki T\u00fcrk unsurlar olunca &quot;kayna\u015fmay\u0131\/b\u00fct\u00fcnle\u015fmeyi&quot; savundu\u011funu g\u00f6steriyor.<\/strong><\/li>\n<\/ul>\n<p> &#8212;&#8212;&#8212;&#8212;&#8212;&#8212;&#8212;&#8212;&#8212;&#8212;&#8212;&#8212;&#8212;&#8212;&#8212;&#8212;&#8212;&#8212;&#8212;&#8212;&#8212;&#8212;&#8212;&#8212;&#8212;&#8212;&#8212;&#8212;&#8212;&#8212;&#8212;&#8212;&#8212;&#8212;&#8212;&#8212;&#8212;&#8212;&#8212;&#8212;&#8212;&#8212;&#8212;&#8212;&#8212;&#8212;&#8212; <\/p>\n<p align=\"center\"> <strong>DURUM<\/strong> <\/p>\n<ul>\n<li>Erdo\u011fan&#39;\u0131n zaman\u0131nda memleketi G\u00fcneysu&#39;ya yapt\u0131\u011f\u0131 ziyaret s\u0131ras\u0131nda, kendisini G\u00fcneysu&#39;nun Rumca ad\u0131 , &quot;Potamya&#39;ya Ho\u015fgeldiniz&quot; pankart\u0131 ile kar\u015f\u0131layanlara hi\u00e7 bir tepki vermemesi<\/li>\n<\/ul>\n<p align=\"center\"> <strong>YORUM<\/strong> <\/p>\n<ul>\n<li><strong>Erdo\u011fan&#39;\u0131n Rumlarla aras\u0131nda \u00f6zel bir h\u00fcsniyet oldu\u011funun ve bunun k\u00f6klerinin Rize&#39;de aranmas\u0131 gerekti\u011fini g\u00f6steriyor.<\/strong><\/li>\n<\/ul>\n<p> &#8212;&#8212;&#8212;&#8212;&#8212;&#8212;&#8212;&#8212;&#8212;&#8212;&#8212;&#8212;&#8212;&#8212;&#8212;&#8212;&#8212;&#8212;&#8212;&#8212;&#8212;&#8212;&#8212;&#8212;&#8212;&#8212;&#8212;&#8212;&#8212;&#8212;&#8212;&#8212;&#8212;&#8212;&#8212;&#8212;&#8212;&#8212;&#8212;&#8212;&#8212;&#8212;&#8212;&#8212;&#8212;&#8212;&#8212; <\/p>\n<p align=\"center\"> <strong>DURUM<\/strong> <\/p>\n<ul>\n<li>G\u00fcrcistan Devlet Ba\u015fkan\u0131 Mikhail \u015eaaka\u015fvili&#39;nin ; Acaristan konusunda ge\u00e7en hafta ya\u015fanan gerginlikten iki taraf\u0131 sorumlu tutan Avrupa Konseyi Genel Sekreteri Walter Schwimmer&#39;i; &quot;Y\u00fcksek maa\u015fl\u0131 ve k\u00fcstah Avrupa b\u00fcrokrasisi bize ak\u0131l veremez&quot; s\u00f6zleri ile a\u011f\u0131r bir \u015fekilde ele\u015ftirmesi, ama T\u00fcrkiye D\u0131\u015fi\u015fleri Bakan\u0131 Abdullah G\u00fcl ve TBMM Ba\u015fkan\u0131 Ar\u0131n\u00e7&#39;\u0131n; Leyla Zana&#39;y\u0131 kendisine dava edinmi\u015f olan Avrupal\u0131 Parlamenter Claudia Roth&#39;u a\u011f\u0131rlay\u0131p, Ar\u0131n\u00e7&#39;\u0131n Roth&#39;a Meclis Madalyas\u0131 vermesi<\/li>\n<\/ul>\n<p align=\"center\"> <strong>YORUM<\/strong> <\/p>\n<ul>\n<li><strong>&quot;\u015eahsiyet&quot; ve &quot;\u00d6zg\u00fcven&quot;&#39;in, bir \u00fclkenin ekonomik ve siyasi b\u00fcy\u00fckl\u00fc\u011f\u00fcnden ba\u011f\u0131ms\u0131z fakt\u00f6rler oldu\u011funu, \u00fclkeleri kimliksiz liderlerin belaya soktu\u011funu g\u00f6steriyor<\/strong>.<\/li>\n<\/ul>\n<p> &#8212;&#8212;&#8212;&#8212;&#8212;&#8212;&#8212;&#8212;&#8212;&#8212;&#8212;&#8212;&#8212;&#8212;&#8212;&#8212;&#8212;&#8212;&#8212;&#8212;&#8212;&#8212;&#8212;&#8212;&#8212;&#8212;&#8212;&#8212;&#8212;&#8212;&#8212;&#8212;&#8212;&#8212;&#8212;&#8212;&#8212;&#8212;&#8212;&#8212;&#8212;&#8212;&#8212;&#8212;&#8212;&#8212;&#8212; <\/p>\n<p align=\"center\"> <strong>DURUM<\/strong> <\/p>\n<ul>\n<li>Ordu mensuplar\u0131na y\u00f6nelik yay\u0131n yapan, t\u00fcm askeri tesislerde sat\u0131lan ve sahibinin bir sivil oldu\u011fu belirtilen &quot;The Army, Navy, Air Force and Marine Times&quot; isimli gazetenin ba\u015fyaz\u0131s\u0131nda Rumsfeld ve ABD Genelkurmay Ba\u015fkan\u0131 Richard Myers&#39;\u0131n Irak&#39;taki durum ve geli\u015fmeler nedeni ile su\u00e7lanmas\u0131<\/li>\n<\/ul>\n<p align=\"center\"> <strong>YORUM<\/strong> <\/p>\n<ul>\n<li><strong>ABD Genelkurmay\u0131nda da di\u011fer genelkurmaylar gibi y\u00f6ntemler konusunda ciddi ayr\u0131\u015fma ya\u015fand\u0131\u011f\u0131n\u0131 g\u00f6steriyor.<\/strong><\/li>\n<\/ul>\n<p> &#8212;&#8212;&#8212;&#8212;&#8212;&#8212;&#8212;&#8212;&#8212;&#8212;&#8212;&#8212;&#8212;&#8212;&#8212;&#8212;&#8212;&#8212;&#8212;&#8212;&#8212;&#8212;&#8212;&#8212;&#8212;&#8212;&#8212;&#8212;&#8212;&#8212;&#8212;&#8212;&#8212;&#8212;&#8212;&#8212;&#8212;&#8212;&#8212;&#8212;&#8212;&#8212;&#8212;&#8212;&#8212;&#8212;&#8212; <\/p>\n<p align=\"center\"> <strong>DURUM<\/strong> <\/p>\n<ul>\n<li>Daily Telegraph&#39;\u0131n \u00f6zg\u00fcrl\u00fck\u00e7\u00fc muhafazakar \u00e7izgisi i\u00e7inde, \u0130ngiltere&#39;nin AB kar\u015f\u0131s\u0131nda ulusal kimli\u011fini korumas\u0131 \u00e7izgisini savunmas\u0131 ve Avrupa Anayasas\u0131&#39;n\u0131 &quot;tiranl\u0131k giri\u015fimi&quot; olarak alg\u0131lanmas\u0131<\/li>\n<\/ul>\n<p align=\"center\"> <strong>YORUM<\/strong> <\/p>\n<ul>\n<li><strong>AB&#39;nin toplumsal, ekonomik ve politik standartlar\u0131n\u0131n \u0130srail&#39;in i\u015fini zorla\u015ft\u0131rd\u0131\u011f\u0131n\u0131, bu sebeple Musevilerin AB bas\u0131n\u0131ndaki a\u011f\u0131rl\u0131\u011f\u0131n\u0131 yeniden g\u00f6zden ge\u00e7irdiklerini g\u00f6steriyor.<\/strong><\/li>\n<\/ul>\n<p> &#8212;&#8212;&#8212;&#8212;&#8212;&#8212;&#8212;&#8212;&#8212;&#8212;&#8212;&#8212;&#8212;&#8212;&#8212;&#8212;&#8212;&#8212;&#8212;&#8212;&#8212;&#8212;&#8212;&#8212;&#8212;&#8212;&#8212;&#8212;&#8212;&#8212;&#8212;&#8212;&#8212;&#8212;&#8212;&#8212;&#8212;&#8212;&#8212;&#8212;&#8212;&#8212;&#8212;&#8212;&#8212;&#8212;&#8212; <\/p>\n<p align=\"center\"> <strong>DURUM<\/strong> <\/p>\n<p> a-ABD&#39;nin Afganistan&#39;a T\u00fcrk askeri talebini NATO k\u0131l\u0131f\u0131na sokmaya niyetlenmesi <\/p>\n<p> b-Gazetelerde; NATO ABD&#39;nin Afganistan&#39;a asker talebini cevaplamaya karar verirse, T\u00fcrkiye&#39;nin buna hay\u0131r diyemeyece\u011finin vurgulanmaya ba\u015flanmas\u0131 <\/p>\n<p align=\"center\"> <strong>YORUM<\/strong> <\/p>\n<p> <strong>a-NATO t\u00fcrevi yap\u0131lar\u0131n, kafalar\u0131nda verdikleri karar\u0131 toplumsal vicdana yedirmek i\u00e7in \u015fimdiden medyatik s\u0131zd\u0131rmalar yapmaya ba\u015flad\u0131\u011f\u0131n\u0131 <\/strong> <\/p>\n<p> <strong>b-Orduyu bir \u015feye ikna etmenin en k\u0131sa yolunun NATO oldu\u011funu g\u00f6steriyor.<\/strong> <\/p>\n<p> &#8212;&#8212;&#8212;&#8212;&#8212;&#8212;&#8212;&#8212;&#8212;&#8212;&#8212;&#8212;&#8212;&#8212;&#8212;&#8212;&#8212;&#8212;&#8212;&#8212;&#8212;&#8212;&#8212;&#8212;&#8212;&#8212;&#8212;&#8212;&#8212;&#8212;&#8212;&#8212;&#8212;&#8212;&#8212;&#8212;&#8212;&#8212;&#8212;&#8212;&#8212;&#8212;&#8212;&#8212;&#8212;&#8212;&#8212; <\/p>\n<p align=\"center\"> <strong>DURUM<\/strong> <\/p>\n<ul>\n<li>ABD&#39;ye giden \u00fc\u00e7 \u00fcyelerinin, ABD giri\u015finde sorgusuz sualsiz 18 saat elleri kelep\u00e7eli olarak tutulmas\u0131n\u0131 ABD b\u00fcy\u00fckel\u00e7ili\u011fine \u015fikayet eden Ankara Ticaret Odas\u0131&#39;na, ABD B\u00fcy\u00fckel\u00e7ili\u011fi&#39;nin &quot;Bu i\u015f, sizi, Ankara Ticaret Odas\u0131&#39;n\u0131 ilgilendirmez&quot; \u015feklinde cevap vermesi<\/li>\n<\/ul>\n<p align=\"center\"> <strong>YORUM<\/strong> <\/p>\n<ul>\n<li><strong>ABD B\u00fcy\u00fckel\u00e7ili\u011fi&#39;nin, k\u00fcstahl\u0131\u011f\u0131n boyutu konusunda her g\u00fcn alan\u0131n\u0131 daha fazla geni\u015fletti\u011fini<\/strong><\/li>\n<li><strong>T\u00fcrkiye Cumhuriyeti devleti b\u00fcnyesinde hi\u00e7 bir kurumun ABD B\u00fcy\u00fckel\u00e7ili\u011fine haddini bildirecek basirete sahip olmad\u0131\u011f\u0131n\u0131 <\/strong><\/li>\n<li><strong>Her \u015fey i\u00e7in bayrak a\u00e7an Sinan Ayg\u00fcn&#39;\u00fcn bu olay\u0131 g\u00f6rmezden gelerek profilini d\u00fc\u015f\u00fcrd\u00fc\u011f\u00fcn\u00fc g\u00f6steriyor.<\/strong><\/li>\n<\/ul>\n<p> &#8212;&#8212;&#8212;&#8212;&#8212;&#8212;&#8212;&#8212;&#8212;&#8212;&#8212;&#8212;&#8212;&#8212;&#8212;&#8212;&#8212;&#8212;&#8212;&#8212;&#8212;&#8212;&#8212;&#8212;&#8212;&#8212;&#8212;&#8212;&#8212;&#8212;&#8212;&#8212;&#8212;&#8212;&#8212;&#8212;&#8212;&#8212;&#8212;&#8212;&#8212;&#8212;&#8212;&#8212;&#8212;&#8212;&#8212; <\/p>\n<p> &#160; <\/p>\n<p align=\"center\"> <strong>DURUM<\/strong> <\/p>\n<ul>\n<li>Baykal&#39;\u0131n \u0130zmir&#39;de ger\u00e7ekle\u015ftirilen 4. \u0130ktisat Kongresi&#39;nde AKP h\u00fck\u00fcmetine kar\u015f\u0131 y\u00f6neltti\u011fi ve ekonomideki g\u00f6stergelerle oynand\u0131\u011f\u0131, mali sisteme giren 5.1 milyar dolarl\u0131k kayna\u011f\u0131 belirsiz paran\u0131n 2004&#39;\u00fc kurtarmaya yetmeyece\u011fi ve T\u00fcrkiye&#39;nin d\u0131\u015f bor\u00e7lar\u0131n\u0131n yeniden yap\u0131land\u0131r\u0131lmas\u0131 gerekti\u011fi gibi s\u00f6zlerinin medyada es ge\u00e7ilmesi<\/li>\n<\/ul>\n<p align=\"center\"> <strong>YORUM<\/strong> <\/p>\n<ul>\n<li><strong>T\u00fcrkiye&#39;de ekonomik ak\u0131\u015flar\u0131n kayna\u011f\u0131 belirsiz para ile ayakta tutuldu\u011fu ger\u00e7e\u011finin medya taraf\u0131ndan bloke edildi\u011fini<\/strong><\/li>\n<li><strong>T\u00fcrk medyas\u0131n\u0131n arkas\u0131ndaki odaklar\u0131n bu &quot;kay\u0131td\u0131\u015f\u0131&quot; para trafi\u011finden gerekli paylar\u0131 ald\u0131klar\u0131n\u0131<\/strong><\/li>\n<li><strong>Baykal&#39;\u0131n s\u00f6zlerinin arkas\u0131ndaki ger\u00e7e\u011fin ayr\u0131nt\u0131lar\u0131na hakim olmak i\u00e7in, son zamanlarda ciddi reklam ve altyap\u0131 yat\u0131r\u0131mlar\u0131na giri\u015fen gruplara bak\u0131lmas\u0131 gerekti\u011fini g\u00f6steriyor.<\/strong><\/li>\n<\/ul>\n<p> &#8212;&#8212;&#8212;&#8212;&#8212;&#8212;&#8212;&#8212;&#8212;&#8212;&#8212;&#8212;&#8212;&#8212;&#8212;&#8212;&#8212;&#8212;&#8212;&#8212;&#8212;&#8212;&#8212;&#8212;&#8212;&#8212;&#8212;&#8212;&#8212;&#8212;&#8212;&#8212;&#8212;&#8212;&#8212;&#8212;&#8212;&#8212;&#8212;&#8212;&#8212;&#8212;&#8212;&#8212;&#8212;&#8212;&#8212; <\/p>\n<p align=\"center\"> <strong>DURUM<\/strong> <\/p>\n<ul>\n<li>AKP milletvekillerine ders veren ileti\u015fim uzman\u0131 \u015eerif \u0130zg\u00f6ren&#39;in milletvekillerine iyi bir lider olabilmek i\u00e7in &quot;MOSSAD&quot; y\u00f6ntemi ile \u00e7al\u0131\u015fmalar\u0131n\u0131 \u00f6nermesi<\/li>\n<\/ul>\n<p align=\"center\"> <strong>YORUM<\/strong> <\/p>\n<ul>\n<li><strong>MOSSAD&#39;\u0131n AKP&#39;nin sadece rantsal de\u011fil, d\u00fc\u015f\u00fcnsel altyap\u0131s\u0131na da s\u0131zmaya ba\u015flad\u0131\u011f\u0131n\u0131 g\u00f6steriyor.<\/strong><\/li>\n<\/ul>\n<p> &#8212;&#8212;&#8212;&#8212;&#8212;&#8212;&#8212;&#8212;&#8212;&#8212;&#8212;&#8212;&#8212;&#8212;&#8212;&#8212;&#8212;&#8212;&#8212;&#8212;&#8212;&#8212;&#8212;&#8212;&#8212;&#8212;&#8212;&#8212;&#8212;&#8212;&#8212;&#8212;&#8212;&#8212;&#8212;&#8212;&#8212;&#8212;&#8212;&#8212;&#8212;&#8212;&#8212;&#8212;&#8212;&#8212;&#8212; <\/p>\n<p align=\"center\"> <strong>DURUM<\/strong> <\/p>\n<p> a-Zaman gazetesi ana sayfadan K\u00f6rfez&#39;deki iki k\u0131lavuz kaptanl\u0131k hizmeti veren \u015firketin \u00e7eki\u015fmesinin K\u00f6rfez&#39;de ciddi risk yaratt\u0131\u011f\u0131n\u0131 duyurmas\u0131. <\/p>\n<p> b-Ayn\u0131 haberin, ana sayfadan Zaman d\u0131\u015f\u0131nda sadece bir tek Milliyet taraf\u0131ndan g\u00f6r\u00fclmesi <\/p>\n<p align=\"center\"> <strong>YORUM<\/strong> <\/p>\n<ul>\n<li><strong>Ayd\u0131n Do\u011fan ile Fettullah G\u00fclen aras\u0131nda deniz \u00fczerinden elde edilecek rantlar konusunda bir i\u015fbirli\u011fi k\u00f6pr\u00fcs\u00fcn\u00fcn olu\u015ftu\u011funu g\u00f6steriyor.<\/strong><\/li>\n<\/ul>\n<p> &#160; <\/p>\n<p align=\"center\"> <strong>AKP- PATR\u0130K ORTAKLI\u011eI<\/strong> <\/p>\n<p> \u0130\u015fte madde madde 5 \u00a0a\u015famal\u0131 ihanet plan <\/p>\n<ul>\n<li>Birinci A\u015fama: T\u00fcrkiye Cumhuriyeti Kanunlar\u0131n\u0131n vesayetinden ve engellemelerinden patrikhanenin kurtar\u0131lmas\u0131<\/li>\n<li>\u0130kinci A\u015fama: &#8216;Suri\u00e7i \u0130stanbul&#39;un Patrikhane&#39;nin Ek\u00fcmenlik s\u0131fat\u0131 alt\u0131nda eski Konstantinople olarak yeniden ihyas\u0131<\/li>\n<li>\u00dc\u00e7\u00fcnc\u00fc A\u015fama: H\u0131ristiyan \u00fclkelerin \u0130stanbul&#39;da dini ate\u015felikler a\u00e7mas\u0131<\/li>\n<li>D\u00f6rd\u00fcnc\u00fc A\u015fama: BM, AB ve UNESCO gibi uluslararas\u0131 kurulu\u015flar\u0131n surlar i\u00e7indeki tarihi Konstantinople&#39;nin &#8216;A\u00e7\u0131k \u015eehir&#39; haline getirilerek o b\u00f6lgedeT\u00fcrkiye&#39;nin h\u00fck\u00fcmranl\u0131k hakk\u0131n\u0131 kald\u0131r\u0131p \u00f6zerklik tan\u0131nmas\u0131 tart\u0131\u015fmaya a\u00e7malar\u0131<\/li>\n<li>Be\u015finci A\u015fama: Vatikan&#39;\u0131n benzeri Ek\u00fcmen (Bizans) \u0131n resmen kurulmas\u0131 ve B.M tan\u0131nmas\u0131.<\/li>\n<\/ul>\n<p align=\"center\"> <strong>KAMU Y\u00d6NET\u0130M\u0130 YASASI KABUL ED\u0130LD\u0130<\/strong> <\/p>\n<p> Kamu Y\u00f6netiminin Temel \u0130lkeleri ve Yeniden Yap\u0131land\u0131r\u0131lmas\u0131 Hakk\u0131ndaki Yasa TBMM Genel Kurulu&#39;nda kabul edildi. Yasayla, K\u00f6y Hizmetleri Genel M\u00fcd\u00fcrl\u00fc\u011f\u00fc kald\u0131r\u0131l\u0131yor, devlet bakanl\u0131\u011f\u0131 say\u0131s\u0131 20&#39;den 8&#39;e indiriliyor. Ba\u015fbakana yard\u0131mc\u0131 olmak ve bakanl\u0131klar aras\u0131nda koordinasyonu sa\u011flamak \u00fczere en \u00e7ok 3 ba\u015fbakan yard\u0131mc\u0131s\u0131 g\u00f6revlendirilebilecek. Yasan\u0131n \u00e7\u0131kmas\u0131 bir \u00e7ok soruyu da beraberinde getirdi. S\u00f6zkonusu yasaya g\u00f6re, Sa\u011fl\u0131k, K\u00fclt\u00fcr ve Turizm, \u00c7evre ve Orman, Tar\u0131m ve K\u00f6yi\u015fleri, Sanayi ve Ticaret ile Bay\u0131nd\u0131rl\u0131k ve \u0130skan Bakanl\u0131klar\u0131n\u0131n ta\u015fra te\u015fkilatlar\u0131, mallar\u0131 ve kadrolar\u0131 belediye s\u0131n\u0131rlar\u0131 i\u00e7inde belediyelere, s\u0131n\u0131rlar d\u0131\u015f\u0131nda il \u00f6zel idarelerine devredilecek. Ta\u015fra te\u015fkilat\u0131 devredilen kamu kurum ve kurulu\u015flar\u0131n\u0131n personelinden ihtiya\u00e7 fazlas\u0131, bulunduklar\u0131 ilin valisi taraf\u0131ndan o ildeki mahalli idareler ya da kamu kurum ve kurulu\u015flar\u0131nda durumlar\u0131na uygun kadrolara atanacak.  <\/p>\n<p> Yasayla, kamuda geleneksel denetim uygulamalar\u0131 da de\u011fi\u015ftirildi. Denetimin amac\u0131 yeniden belirlenirken, denetimde rehberlik, e\u011fitim ve dan\u0131\u015fmanl\u0131k yakla\u015f\u0131m\u0131 \u00f6ne \u00e7\u0131kart\u0131ld\u0131. Denetim kapsam\u0131na &quot;performans denetimi&quot;ni de ekleyen yasa, bu \u00e7er\u00e7evede y\u00f6netimin b\u00fct\u00fcn kademelerinde ger\u00e7ekle\u015ftirilen faaliyet ve programlar\u0131n planlanmas\u0131n\u0131, uygulanmas\u0131n\u0131 ve kontrol\u00fc a\u015famalar\u0131nda ekonomikli\u011fin, verimlili\u011fin ve etkilili\u011fin denetlenmesini h\u00fckme ba\u011flan\u0131yor.  <\/p>\n<p> Yasa ile birlikte, i\u00e7 denetimi, kamu kurum ve kurulu\u015flar\u0131n\u0131n kendi y\u00f6neticileri ve kurumun \u00fcst y\u00f6neticisinin g\u00f6revlendirece\u011fi denetim elemanlar\u0131 yapacak. Merkezi idareye dahil kurul ve kurulu\u015flarla il \u00f6zel idareleri, belediyeler ve bunlara ba\u011fl\u0131 kurulu\u015flar ve mahalli idare birliklerinin d\u0131\u015f denetimi, yasayla belirlenecek esaslar \u00e7er\u00e7evesinde Say\u0131\u015ftay taraf\u0131ndan yap\u0131lacak veya yapt\u0131r\u0131lacak. Her ilde, yerel idareler ve bunlara ba\u011fl\u0131 kurulu\u015flar ile bu idareler taraf\u0131ndan kurulan birlik ve i\u015fletmelerin, kurum d\u0131\u015f\u0131 ger\u00e7ek ve t\u00fczel ki\u015filerle ilgili i\u015flem ve eylemlerinden kaynaklanan anla\u015fmazl\u0131klar\u0131n \u00e7\u00f6z\u00fcm\u00fcne yard\u0131mc\u0131 olmak i\u00e7in &quot;halk denet\u00e7isi&quot; se\u00e7ilecek!* <\/p>\n<p> Atat\u00fck\u00e7\u00fcler, \u00dclk\u00fcc\u00fcler ve Vatanseverler nerdesiniz? <\/p>\n<p align=\"center\"> <strong>ECEV\u0130T: &quot;40 TR\u0130LYON \u0130\u00c7\u0130N BA\u015eKAN OLMAK \u0130STEYENLER VAR!&quot;<\/strong> <\/p>\n<p> Demokratik Sol Parti (DSP) Genel Ba\u015fkan\u0131 B\u00fclent Ecevit, partinin kasas\u0131nda 40 trilyon liradan fazla para oldu\u011fu ve baz\u0131 ki\u015filerin bunun i\u00e7in Genel Ba\u015fkan olmak istedikleri iddialar\u0131n\u0131 do\u011frulayarak parti i\u00e7inde bunun i\u00e7in hareket eden baz\u0131 partililerin oldu\u011funu s\u00f6yledi. Ecevit, Genel Ba\u015fkanl\u0131k i\u00e7in veliaht b\u0131rakmad\u0131\u011f\u0131n\u0131 ve herhangi bir dayatman\u0131n s\u00f6z konusu olmad\u0131\u011f\u0131n\u0131 s\u00f6yleyerek &quot;Ben sadece ki\u015fisel kanaatimi a\u00e7\u0131klad\u0131m, bunu kimse yad\u0131rgayamaz&quot; dedi.  <\/p>\n<p> Bir ara &quot;Milli G\u00f6r\u00fc\u015f&#39;\u00fcn k\u00f6k\u00fcn\u00fc kurutmal\u0131y\u0131z&quot; diyen Ecevit&#39;in kendisinin ve partisinin k\u00f6k\u00fc kurudu. <\/p>\n<p> \u015eimdi nereden ve nas\u0131l kazan\u0131ld\u0131\u011f\u0131 belli olmayan bu 40 trilyon i\u00e7in kap\u0131\u015f\u0131yorlar. <\/p>\n<p> &#160; <\/p>\n<p align=\"center\"> <strong>B\u00dcY\u00dcK\u015eEH\u0130RLER\u0130N SINIRI GEN\u0130\u015eLED\u0130<\/strong> <\/p>\n<p> Yerel y\u00f6netim reformu paketi i\u00e7inde yer alan &quot;B\u00fcy\u00fck\u015fehir Belediyeleri Yasa Tasar\u0131s\u0131&quot;, TBMM Genel Kurulu&#39;nda kabul edildi. Yasayla \u0130stanbul ve Kocaeli il s\u0131n\u0131r\u0131n\u0131n t\u00fcm\u00fc b\u00fcy\u00fck\u015fehir belediye s\u0131n\u0131r\u0131na al\u0131nd\u0131. <\/p>\n<p> ANKARA &#8211; Yerel y\u00f6netim reformu paketi i\u00e7inde yer alan &quot;B\u00fcy\u00fck\u015fehir Belediyeleri Yasa Tasar\u0131s\u0131&quot;, TBMM Genel Kurulu&#39;nda kabul edildi. Yasayla \u0130stanbul ve Kocaeli il s\u0131n\u0131r\u0131n\u0131n t\u00fcm\u00fc b\u00fcy\u00fck\u015fehir belediye s\u0131n\u0131r\u0131na al\u0131nd\u0131. <\/p>\n<p> Yasaya g\u00f6re, b\u00fcy\u00fck\u015fehir belediyesi kurulabilmesi i\u00e7in 750 bin n\u00fcfus ve en az 3 il\u00e7e veya ilk kademe belediyesi i\u00e7erme ko\u015fulu getirildi. B\u00fcy\u00fck\u015fehir belediyesi kendisi taraf\u0131ndan yap\u0131lan ve i\u015fletilen yerleri ruhsat vererek denetleyebilecek. <\/p>\n<p align=\"center\"> <strong>TEPK\u0130<\/strong> <\/p>\n<p> AKP Ankara Milletvekili Ers\u00f6nmez Yarbay \u0130stanbul ve Kocaeli il s\u0131n\u0131rlar\u0131n\u0131n b\u00fcy\u00fck\u015fehir belediye s\u0131n\u0131r\u0131 say\u0131lmas\u0131na ili\u015fkin maddenin yasadan \u00e7\u0131kar\u0131lmas\u0131n\u0131 isteyerek, bu maddenin &quot;T\u00fcrkiye&#39;nin b\u00f6l\u00fcnmesine yol a\u00e7aca\u011f\u0131&quot; uyar\u0131s\u0131nda bulundu. <\/p>\n<p align=\"center\"> <strong>AKSU: YARBAY&#39;IN ELE\u015eT\u0130R\u0130LER\u0130NE KATILMIYORUM<\/strong> <\/p>\n<p> \u0130\u00e7i\u015fleri Bakan\u0131 Abd\u00fclkadir Aksu, Bu de\u011fi\u015fikli\u011fin tarihe ge\u00e7ece\u011fini ifade ederek belediyelerin demokrasinin okulu olaca\u011f\u0131n bildirdi. T\u00fcrk belediyelerinin bir ekol olaca\u011f\u0131n\u0131 belirten Aksu, bu durumun di\u011fer \u00fclkelere de \u00f6rnek olaca\u011f\u0131n\u0131 ifade etti. Aksu, AKP&#39;li Ers\u00f6nmez Yarbay&#39;\u0131n endi\u015felerine kat\u0131lmad\u0131\u011f\u0131n\u0131 da belirterek, B\u00fcy\u00fck\u015fehirlerin, modern metropol kentlere do\u011fru bir ad\u0131m oldu\u011funu s\u00f6yledi. <\/p>\n<p> Eh, Yalova Bursa&#39;y\u0131 da kar\u0131\u015ft\u0131r\u0131rsan\u0131z Bizans ortaya \u00e7\u0131kar!.. <\/p>\n<p align=\"center\"> <strong>Mahkeme karar\u0131na ra\u011fmen \u0130srail, duvar\u0131 yapmaya devam ediyor<\/strong> <\/p>\n<p align=\"center\"> <strong>AMER\u0130KA-\u0130SRA\u0130L ELELE&#8230;<\/strong> <\/p>\n<p> \u0130srail, Lahey Uluslararas\u0131 Adalet Divan\u0131&#39;n\u0131n, Bat\u0131 \u015eeria&#39;daki in\u015fa edilen g\u00fcvenlik duvar\u0131n\u0131n yasad\u0131\u015f\u0131 oldu\u011fu ve y\u0131k\u0131lmas\u0131 gerekti\u011fi y\u00f6n\u00fcndeki karar\u0131n\u0131 k\u0131nad\u0131. <\/p>\n<p> Karar\u0131 k\u0131nayan \u0130srailli yetkililer, &quot;masum vatanda\u015flar\u0131n\u0131 koruman\u0131n haklar\u0131 ve g\u00f6revleri oldu\u011funu&quot; bildirdi. <\/p>\n<p> \u0130srail D\u0131\u015fi\u015fleri Bakan\u0131 Silvan \u015ealom, Associated Press ajans\u0131na verdi\u011fi deme\u00e7te, g\u00fcvenlik etmenlerinin binlerce Filistinlinin olas\u0131 rahats\u0131zl\u0131\u011f\u0131n\u0131 bertaraf etti\u011fini yineledi. \u015ealom, &quot;G\u00fcvenlik duvar\u0131n\u0131 in\u015fa etmeye devam edece\u011fiz \u00e7\u00fcnk\u00fc \u0130srail halk\u0131n\u0131n g\u00fcvenli\u011fini sa\u011fl\u0131yor. 20 bin ter\u00f6rist sald\u0131r\u0131s\u0131ndan sonra ba\u015fka se\u00e7ene\u011fimiz yok&quot; dedi. <\/p>\n<p> \u0130srail eski ba\u015fbakan\u0131 Binyamin Netanyahu ise Lahey Adalet Divan\u0131&#39;n\u0131n &quot;s\u0131n\u0131r\u0131 a\u015ft\u0131\u011f\u0131n\u0131&quot; savunarak, &quot;Hi\u00e7bir uluslararas\u0131 mahkeme bir \u00fclkeye ter\u00f6ristlere kar\u015f\u0131 vatanda\u015flar\u0131n\u0131 savunmamas\u0131n\u0131 s\u00f6yleyemez. Bu kabul edilemez. Bu hukukun, adaletin ve ger\u00e7e\u011fin k\u00f6t\u00fc bir taklidi&quot; dedi. <\/p>\n<p> ABD D\u0131\u015fi\u015fleri Bakan\u0131 Colin Powell da Adalet Divan\u0131&#39;n\u0131n karar\u0131n\u0131 ve karara ili\u015fkin \u0130srail dahil b\u00fct\u00fcn d\u00fcnyadan gelen tepkinin ayr\u0131nt\u0131l\u0131 bi\u00e7imde inceleyece\u011fini belirterek, \u0130srail&#39;in bu duvar in\u015fas\u0131 sayesinde ter\u00f6rist sald\u0131r\u0131lar\u0131n say\u0131s\u0131n\u0131 azaltmay\u0131 ba\u015fard\u0131\u011f\u0131na dikkati \u00e7ekti. <\/p>\n<p> &#160; <\/p>\n<p align=\"center\"> <strong>D\u0130L B\u0130LMEYEN RECEP TAYY\u0130B&#39;\u0130N ANLATIM BECER\u0130S\u0130.<\/strong> <\/p>\n<p> Mehmet Barlas, <strong>&quot;Erdo\u011fan dil bilmeden yabanc\u0131larla nas\u0131l yak\u0131n ili\u015fki kuruyor&quot;<\/strong> diye soruyor ve yine, sorusunun cevab\u0131n\u0131 kendisi veriyor. <\/p>\n<p> Say\u0131n Barlas, Japonya seyahati s\u0131ras\u0131nda ba\u015f\u0131ndan ge\u00e7en bir olay\u0131 anlat\u0131p o olaydan yola \u00e7\u0131karak sorusunun cevab\u0131n\u0131 veriyor. Ayn\u0131 olaydan yola \u00e7\u0131karak, bir cevap da ben vermek istiyorum. <\/p>\n<p> \u00d6nce olay: Barlas, Japonya seyahati s\u0131ras\u0131nda dev \u015firketlerden birinin ihracaat m\u00fcd\u00fcr\u00fc ile tan\u0131\u015f\u0131r. M\u00fcd\u00fcr, \u00e7ok k\u00f6t\u00fc ve zor anla\u015f\u0131l\u0131r bir \u0130ngilizce kullan\u0131yordur.  <\/p>\n<p> Barlas bu duruma \u015fa\u015f\u0131r\u0131p sorar: &quot;En b\u00fcy\u00fck ihracaat\u0131n\u0131z\u0131 Amerika&#39;ya yap\u0131yorsunuz. Bu \u0130ngilizce ile milyarlarca dolarl\u0131k sat\u0131\u015f\u0131 nas\u0131l ba\u015far\u0131yorsunuz?&quot; <\/p>\n<p> Japon&#39;un cevab\u0131 \u015f\u00f6yledir: <strong>&quot;E\u011fer mal\u0131n\u0131z kaliteli, fiyat\u0131n\u0131z ucuz ise ve s\u00f6z verdi\u011finiz zamanda mal\u0131n\u0131z\u0131 teslim ediyorsan\u0131z, bir sorun \u00e7\u0131km\u0131yor&#8230;&quot;<\/strong> <\/p>\n<p> Japon&#39;un bu cevab\u0131ndan, Say\u0131n Barlas&#39;\u0131n anlad\u0131\u011f\u0131n\u0131 anlamam zor. Ben \u015funu anl\u0131yorum: Erdo\u011fan&#39;\u0131n pazarlad\u0131\u011f\u0131 mallar ger\u00e7ekten de \u00e7ok kaliteli: K\u0131br\u0131s adas\u0131, Ruhban okulu, Avrupa Birli\u011fine girmek i\u00e7in verilen hayati tavizler, \u0130slam Birli\u011fi&#39;nin gereksiz oldu\u011funu s\u00f6ylemek vs vs. Ve fiyat\u0131m\u0131z \u00e7ok ucuz: K\u00fc\u00e7\u00fck bir kredi ya da g\u00f6z k\u0131rpma kar\u015f\u0131l\u0131\u011f\u0131nda, yapamayaca\u011f\u0131m\u0131z i\u015flerin say\u0131s\u0131 \u00e7ok az. Ayr\u0131ca halka kar\u015f\u0131 de\u011fil ama, \u00f6zellikle Amerika ve Avrupa&#39;ya kar\u015f\u0131 verilen s\u00f6zler de, tam zaman\u0131nda yerine getiriliyor&#8230; (\u0130. Tenekeci) <\/p>\n<p> <strong>\u015eimdi, b\u00fct\u00fcn nedenlerden sonra, Say\u0131n Erdo\u011fan yabanc\u0131larla anla\u015fmas\u0131n da, kimlerle anla\u015fs\u0131n?<\/strong> <\/p>\n<p align=\"center\"> &#160; <\/p>\n<p align=\"center\"> <strong>\u015eOVUN FATURASI: AKP RAYDAN \u00c7IKTI!<\/strong> <\/p>\n<p> Recep T. Erdo\u011fan&#39;\u0131n \u015fov merak\u0131 y\u00fcz\u00fcnden, 120 y\u0131ll\u0131k demiryolu raylar\u0131nda, h\u0131zl\u0131 tren seferi ba\u015flatmas\u0131 \u00fczerine meydana gelen Bilecik-Mekece facias\u0131nda 40 \u00f6l\u00fc 80 yaral\u0131 ile sonu\u00e7land\u0131. <\/p>\n<p> Asl\u0131nda h\u0131zl\u0131 tren de\u011fil, ak\u0131ls\u0131z yetkililer ve h\u00fck\u00fcmet raydan \u00e7\u0131kt\u0131. <\/p>\n<p> Bu &quot;siyon&quot; g\u00fc\u00e7lere piyon h\u00fck\u00fcmet, vaktinde b\u0131rak\u0131p \u00e7ekilmesini beceremezse, kendilerinin de, milletin de ba\u015f\u0131na daha \u00e7ok dertler a\u00e7acakt\u0131r !.. <\/p>\n<p align=\"center\"> <strong>MASON KONU\u015eTU, MAYASINI KUSTU !<\/strong> <\/p>\n<p> Emekli Cumhurba\u015fkan\u0131 S\u00fcleyman Demirel g\u00fcndemden d\u00fc\u015fmemek i\u00e7in ara ara g\u00fcndem maddelerini de\u011ferlendirmeye devam ediyor. Senelerce &quot; Nurlu S\u00fcleyman &quot; s\u0131fat\u0131yla baz\u0131 cemaatlerin oyunu alan ancak ayn\u0131 kesimlerin ba\u015f\u00f6rt\u00fcl\u00fc \u00e7ocuklar\u0131n\u0131n okuma haklar\u0131n\u0131 elinden al\u0131nmas\u0131na g\u00f6z yuman Demirel, &quot;T\u00fcrk kad\u0131n\u0131n\u0131n Anadolu&#39;da b\u00fcy\u00fck k\u0131sm\u0131n\u0131n ba\u015f\u0131n ba\u011fl\u0131 olmas\u0131, t\u00fcrbana hak vermiyor. T\u00fcrban savunucular\u0131 bundan yararlan\u0131yorlar. Bu yanl\u0131\u015f demi\u015f ! <\/p>\n<p align=\"center\"> &#160; <\/p>\n<p align=\"center\"> <strong>AKP&#39;L\u0130LERDE CAM\u0130 YIKMA FURYASI<\/strong> <\/p>\n<p> Bir daha halk\u0131m kar\u015f\u0131s\u0131na \u00e7\u0131kmayacakm\u0131\u015f gibi, sand\u0131\u011fa gitmeyecekmi\u015f gibi icraatlar\u0131na imza atan baz\u0131 AKP&#39;li belediye ba\u015fkanlar\u0131, medyada g\u00f6r\u00fcnmenin yolunun camilerle u\u011fra\u015fmak oldu\u011funa kanaat getirmi\u015f anla\u015f\u0131lan. Denizli&#39;de Honaz il\u00e7esinin AKP&#39;li belediye ba\u015fkan\u0131 Turgut DEVEC\u0130O\u011eLU\u00a0 da\u00a0 kiliseden camiye d\u00f6n\u00fc\u015ft\u00fcr\u00fclen Hisar Camii&#39;ni yeniden kiliseye d\u00f6n\u00fc\u015ft\u00fcrme karar\u0131 ald\u0131. Camiyle u\u011fra\u015fan\u0131n medyatik oldu\u011fu y\u00f6n\u00fcndeki d\u00fc\u015f\u00fcnce korkar\u0131z AKP&#39;li belediyeler aras\u0131nda furya halini alacak&#8230; \u00c7\u00fcnk\u00fc AKP, b\u00fct\u00fcn Anadolu&#39;yu Hristiyanla\u015ft\u0131racak. <\/p>\n<p align=\"center\"> <strong>\u0130SRA\u0130L&#39;\u0130N G\u00d6Z\u00dc \u00d6ZELLE\u015eT\u0130RMEDE<\/strong> <\/p>\n<p> T\u00fcrkiye &#8211; \u0130srail aras\u0131nda Ankara&#39;da estirilmeye \u00e7al\u0131\u015f\u0131lan kriz havas\u0131na ra\u011fmen Tar\u0131m Bakan\u0131 Sami G\u00fc\u00e7l\u00fc, \u0130srail Ba\u015fbakan Yard\u0131mc\u0131s\u0131 Sanayi ve Ticaret Bakan\u0131 Ehud Olmert&#39;le yapt\u0131\u011f\u0131 g\u00f6r\u00fc\u015fmesinde s\u0131cak mesajlar verdi. &quot;H\u00fck\u00fcmetimiz, T\u00fcrkiye-\u0130srail ili\u015fkilerini, b\u00f6lge \u00fclkelerine \u00f6rnek te\u015fkil edecek bir seviyeye ula\u015ft\u0131rmak i\u00e7in gerekli her t\u00fcrl\u00fc tedbiri almak ve uygulamak kararl\u0131\u011f\u0131ndad\u0131r&quot; diyen G\u00fc\u00e7l\u00fc, Manavgat suyunun \u0130sraile&#39;e sat\u0131lmas\u0131na y\u00f6nelik anla\u015fmalar\u0131n da k\u0131sa zamanda tamamlanaca\u011f\u0131ndan ku\u015fku duymad\u0131\u011f\u0131n\u0131 kaydetti.\u00a0 Recep T. Erdo\u011fan&#39;\u0131n Siyonist Olmert&#39;le g\u00f6r\u00fc\u015fmemesi ise sadece i\u00e7 politikaya y\u00f6nelik bir mesajd\u0131r ve \u0130srail&#39;e verilen tavizleri gizleyen bir kamuflajd\u0131r. <\/p>\n<p align=\"center\"> <strong>YUNAN\u0130STAN&#39;IN B\u0130R AYA\u011eI PATR\u0130KHANE&#39;DE<\/strong> <\/p>\n<p> T\u00fcrkiye&#39;yi ziyaret eden Yunanl\u0131 b\u00fct\u00fcn devlet adamlar\u0131 ilk i\u015f \u00a0olarak Fener Rum Patrikhanesine gidiyor. Yunanistan kamu d\u00fczeni bakan\u0131 Yorgos Vulgarakis de d\u00fcn Patrikhaneyi ziyaret ederek Bartholomeos&#39;un elini \u00f6pt\u00fc.  <\/p>\n<p> \u0130\u00e7 i\u015fleri\u00a0 bakan\u0131 Aksu&#39;nun konu\u011fu olarak T\u00fcrkiyede bulunan Vulgarakis, ilk olarak Patrikhanedeki Aya Yorgi Kilisesini gezdi. Kiliseye giri\u015finde mum yakan Vulgarakis, g\u00f6revlilerden de kilise hakk\u0131nda bilgi ald\u0131. Ba\u015fbakan Recet T. Erdo\u011fan&#39;\u0131n\u00a0 Yunanl\u0131 &quot; Ortak &quot; lar\u0131 T\u00fcrkiyenin alt\u0131n\u0131 oymaya devam ediyor. <\/p>\n<p align=\"center\"> <strong>KAT\u0130L BA\u015eBAKAN VE K\u0130RALIK BA\u015eGARD\u0130YAN!<\/strong> <\/p>\n<p align=\"center\"> &#160; <\/p>\n<p> Irak ba\u015fbakan\u0131 \u0130yad Allavi&#39;nin, Ba\u011fdat merkez karakolunda, kelep\u00e7eli ve g\u00f6zleri ba\u011fl\u0131 6 tutukluyu, kafalar\u0131na birer kez ate\u015f ederek kur\u015funa dizdi. Irakta her g\u00fcn\u00a0 can alan bombal\u0131 sald\u0131r\u0131lar, son g\u00fcnlerde \u0130yad Allavi&#39;nin ba\u015fkanl\u0131\u011f\u0131ndaki h\u00fck\u00fcmet g\u00f6revlilerine y\u00f6neldi.\u00a0 Ba\u011fdat&#39;ta d\u00fcn sabah, Adalet bakan\u0131 Malik Doghan El Hasan&#39;\u0131n konvoyunu hedef alan sald\u0131r\u0131da 7 ki\u015fi \u00f6ld\u00fc. Bakan El Hasan yara almadan kurtuldu. \u0130ddiay\u0131, Avusturalyan\u0131n en \u00f6enmli iki gazetesi The Age Ve Sidney Morning Herald d\u00fcn man\u015fetten duyurdu. Habere g\u00f6re infaz \u015f\u00f6yle ger\u00e7ekle\u015fti: Allavi Amerikal\u0131lardan y\u00f6netimi devralmadan iki g\u00fcn \u00f6nce, Irak ge\u00e7ici y\u00f6netimin\u00a0 lideri s\u0131fat\u0131yla karakolu ziyaret etti. Yan\u0131nda 10 Irakl\u0131 polis yetkilisi ile kendisini korumakla g\u00f6revli 4 Amerikal\u0131 vard\u0131. Irakl\u0131 tutuklular\u0131 duvar\u0131n dibine dizdirdi.  <\/p>\n<p> Tabancas\u0131n\u0131n \u00e7ekti ve elleri kelep\u00e7eli, g\u00f6zleri ba\u011fl\u0131 6 Irakl\u0131n\u0131n kafalar\u0131na birer el ate\u015f etti. Irak\u0131n CIA patentli ge\u00e7ici ba\u015fbakan\u0131 Dr. \u0130yad Allaviyi tan\u0131yanlar CIA operasyonlar\u0131ndan tan\u0131d\u0131klar\u0131 Allavi i\u00e7in bu davran\u0131\u015f\u0131n &quot; normal &quot; oldu\u011funu ifade ediyorlar.. <\/p>\n<p align=\"center\"> &#160; <\/p>\n<p> <\/p>\n<hr \/>\n<p> <a name=\"_ftn1\" href=\"#_ftnref1\" title=\"_ftn1\">[1]<\/a> 24-26 Haziran 2004 \/ Ak\u015fam \/ \u015e. S\u00fcter <\/p>\n","protected":false},"excerpt":{"rendered":"<p>\u00a0  <\/p>\n<p align=\"center\"> <strong>\u0130SRA\u0130L \u00d6Z\u00dcR D\u0130LE!<\/strong> <\/p>\n<p> D\u00fcnya medyas\u0131nda da yer alan &#39;Kuzey Irak&#39;ta T\u00fcrkiye aleyhine \u0130srail Oyunu&#39;nun hi\u00e7 oynanmad\u0131\u011f\u0131n\u0131 kan\u0131tlamak Tel-Aviv&#39;e d\u00fc\u015f\u00fcyor. <\/p>\n<p> Bunun yerine T\u00fcrkiye&#39;yi tehdit anlam\u0131na \u00e7\u0131k\u0131\u015flar, \u00e7irkindir. <\/p>\n<p> Hem \u0130srail&#39;in, &#39;hangi T\u00fcrkiye&#39;ye d\u00fc\u015fmanl\u0131k yapt\u0131\u011f\u0131&#39; iddia ediliyor? <\/p>\n<p> Filistin&#39;de \u00e7ocuk ve kad\u0131nlar\u0131n \u00f6ld\u00fcr\u00fclmesini g\u00f6rmezden gelen ya da \u00fc\u00e7be\u015f k\u0131nama ile ge\u00e7i\u015ftiren T\u00fcrkiye&#39;ye! <\/p>\n","protected":false},"author":1,"featured_media":0,"comment_status":"open","ping_status":"closed","sticky":false,"template":"","format":"standard","meta":{"footnotes":""},"categories":[61],"tags":[],"class_list":["post-726","post","type-post","status-publish","format-standard","hentry","category-eylul-2004"],"_links":{"self":[{"href":"https:\/\/www.millicozum.com\/mc\/wp-json\/wp\/v2\/posts\/726","targetHints":{"allow":["GET"]}}],"collection":[{"href":"https:\/\/www.millicozum.com\/mc\/wp-json\/wp\/v2\/posts"}],"about":[{"href":"https:\/\/www.millicozum.com\/mc\/wp-json\/wp\/v2\/types\/post"}],"author":[{"embeddable":true,"href":"https:\/\/www.millicozum.com\/mc\/wp-json\/wp\/v2\/users\/1"}],"replies":[{"embeddable":true,"href":"https:\/\/www.millicozum.com\/mc\/wp-json\/wp\/v2\/comments?post=726"}],"version-history":[{"count":0,"href":"https:\/\/www.millicozum.com\/mc\/wp-json\/wp\/v2\/posts\/726\/revisions"}],"wp:attachment":[{"href":"https:\/\/www.millicozum.com\/mc\/wp-json\/wp\/v2\/media?parent=726"}],"wp:term":[{"taxonomy":"category","embeddable":true,"href":"https:\/\/www.millicozum.com\/mc\/wp-json\/wp\/v2\/categories?post=726"},{"taxonomy":"post_tag","embeddable":true,"href":"https:\/\/www.millicozum.com\/mc\/wp-json\/wp\/v2\/tags?post=726"}],"curies":[{"name":"wp","href":"https:\/\/api.w.org\/{rel}","templated":true}]}}