{"id":820,"date":"2007-01-03T12:07:07","date_gmt":"2007-01-03T12:07:07","guid":{"rendered":"https:\/\/www.millicozum.com\/mc\/2007\/01\/03\/sont-te-e-tladi\/"},"modified":"2007-01-03T12:07:07","modified_gmt":"2007-01-03T12:07:07","slug":"siyonist-cete-ikiye-catladi","status":"publish","type":"post","link":"https:\/\/www.millicozum.com\/mc\/2007\/ocak-2007\/siyonist-cete-ikiye-catladi\/","title":{"rendered":"S\u0130YON\u0130ST \u00c7ETE \u0130K\u0130YE \u00c7ATLADI!"},"content":{"rendered":"<p>\u00a0  <\/p>\n<p> ABD&#39;nin s\u00fcrekli destek verdi\u011fi \u0130srail&#39;in L\u00fcbnan sald\u0131r\u0131lar\u0131n\u0131n ard\u0131ndan Amerikan Yahudi toplumu aras\u0131nda \u0130srail-ABD ili\u015fkileri \u00fczerine hararetli tart\u0131\u015fmalar ba\u015flad\u0131. Ve tarihinde ilk defa Siyonist lobinin kurmaylar\u0131 ve Gizli D\u00fcnya Devleti&#39;nin Yahudi patronlar\u0131 ikiye ayr\u0131ld\u0131. <\/p>\n<p> \u0130ngiliz Financial Times gazetesi, \u0130srail&#39;in L\u00fcbnan&#39;\u0131 yerle bir etmesine izin veren Washington&#39;a k\u0131zan Amerika&#39;daki baz\u0131 Yahudi \u00e7evrelerin, \u0130srail ile Filistin aras\u0131nda bar\u0131\u015f\u0131n sa\u011flanmas\u0131 i\u00e7in \u00e7al\u0131\u015facak yeni bir Yahudi lobisini \u00f6rg\u00fctlemeye \u00e7al\u0131\u015ft\u0131\u011f\u0131n\u0131 a\u00e7\u0131klad\u0131. Gazete, &quot;Yeni \u0130srail Projesi&quot; ad\u0131 verilen \u00f6rg\u00fctlenmeye, ABD Ba\u015fkan\u0131 George Bush&#39;a kar\u015f\u0131 \u00e7\u0131k\u0131\u015flar\u0131yla tan\u0131nan d\u00fcnyaca \u00fcnl\u00fc Yahudi as\u0131ll\u0131 milyarder i\u015fadam\u0131 George Soros&#39;un da destek verece\u011fini yazd\u0131. Gazetede yer alan haberde, Amerika&#39;daki Yahudi toplumu i\u00e7inde, baz\u0131 Filistinliler ve Soros&#39;la birlikte bar\u0131\u015f i\u00e7in lobi faaliyetinde bulunacak yeni bir giri\u015fimin ba\u015flat\u0131ld\u0131\u011f\u0131 vurguland\u0131. ABD&#39;deki di\u011fer Yahudi lobilerine alternatif olacak bu grubun, ABD&#39;nin Ortado\u011fu&#39;da devreye girece\u011fi ve iki devletli bir \u00e7\u00f6z\u00fcm i\u00e7in lobi faaliyetlerinde bulunaca\u011f\u0131 anlat\u0131ld\u0131. Yeni yap\u0131n\u0131n, Amerika&#39;daki en etkili lobi kurulu\u015flar\u0131ndan biri olan Amerikan \u0130srail Kamu \u0130\u015fleri Komitesi&#39;ne (AIPAC) rakip olabilece\u011fini ileri s\u00fcren Financial Times, ancak yeni olu\u015fumun liderlerinin, \u015fimdilik bunu reddetti\u011fini yazd\u0131. Gazeteye konu\u015fan Yeni \u0130srail Projesi&#39;nin y\u00f6neticilerinden Jeremy Ben-Ami, &quot;L\u00fcbnan krizi bu tart\u0131\u015fmalara aciliyet getirdi. Tart\u0131\u015fmalar, \u0130srail&#39;in g\u00fcvenli\u011finin Filistin krizini bar\u0131\u015f\u00e7\u0131l bir yolla \u00e7\u00f6zmekten ge\u00e7ti\u011fi g\u00f6r\u00fc\u015f\u00fcn\u00fc Yahudi toplumuna benimsetme \u00e7abas\u0131n\u0131 i\u00e7eriyor. \u0130srail&#39;in gelece\u011fi ve g\u00fcvenli\u011fi i\u00e7in derin endi\u015fe duyuyoruz. L\u00fcbnan sava\u015f\u0131, \u0130srail&#39;in kar\u015f\u0131 kar\u015f\u0131ya kald\u0131\u011f\u0131 tehlikeyi g\u00f6steriyor ve bunun i\u00e7in m\u00fcmk\u00fcn olan en k\u0131sa zamanda bar\u0131\u015fa ihtiya\u00e7 var.&quot; Diyerek dolayl\u0131 bi\u00e7imde Bush y\u00f6netimini ve onu destekleyen Yahudileri su\u00e7lad\u0131. Financial Times, projeye destek verenler aras\u0131nda ABD Yahudi Kongresi&#39;nden David Elcott, ABD&#39;nin eski d\u0131\u015f politika planlamac\u0131s\u0131 ve Soros&#39;un ba\u015fkan\u0131 oldu\u011fu A\u00e7\u0131k Toplum Enstit\u00fcs\u00fc yetkililerinden Morton Halperin ve &quot;Bar\u0131\u015f hemen \u015eimdi&quot; \u00f6rg\u00fct\u00fcn\u00fcn Ba\u015fkan\u0131 Debra DeLee gibi isimlerin yer ald\u0131\u011f\u0131n\u0131 kaydetti. \u0130srail&#39;in Hizbullah&#39;a kar\u015f\u0131 kulland\u0131\u011f\u0131 taktikleri ele\u015ftiren ve Filistinlilerle siyasi bir \u00e7\u00f6z\u00fcme ula\u015f\u0131lmas\u0131n\u0131 isteyen George Soros&#39;un da projeye destek vermesi bekleniyor.  <\/p>\n<p>  \u00a0  <\/p>\n<p> <strong>ABD-\u0130srail ili\u015fkilerine y\u00f6nelik tart\u0131\u015fmalar, Chicago \u00dcniversitesi&#39;nden John Mearsheimer ve Harvard \u00dcniversitesi&#39;nden Profes\u00f6r Stephen Walt&#39;\u0131n mart ay\u0131nda yay\u0131nlad\u0131klar\u0131 &quot;\u0130srail lobisi&quot; ara\u015ft\u0131rmas\u0131nda; &quot;\u0130srail&#39;in Amerika&#39;y\u0131 her alanda ablukaya ald\u0131\u011f\u0131n\u0131 ve Amerikan y\u00f6netimlerinin \u0130srail&#39;in \u00e7\u0131kar\u0131na olmayacak hi\u00e7bir eyleme imza atamad\u0131klar\u0131n\u0131&quot; kaydetmeleri \u00fczerine alevlenmi\u015fti.<a name=\"_ftnref1\" href=\"#_ftn1\" title=\"_ftnref1\"><strong>[1]<\/strong><\/a> Bu Siyonist \u00e7etenin ikiye \u00e7atlamas\u0131 ve aralar\u0131nda ciddi g\u00f6r\u00fc\u015f ayr\u0131l\u0131klar\u0131n\u0131n ba\u015flamas\u0131, Deccalizmin (emperyalizmin) y\u0131k\u0131l\u0131\u015f habercisidir.<\/strong> <\/p>\n<p> <strong>Henry Kissinger teklif ediyor: ABD ile \u0130ran anla\u015fs\u0131n!?<\/strong> <\/p>\n<p> <strong>Bu Siyonistlerin amac\u0131: Milli G\u00f6r\u00fc\u015f merkezli D-8&#39;lere ve T\u00fcrkiye \u00f6nc\u00fcl\u00fc\u011f\u00fcndeki Yeni Bir D\u00fcnya projesine kar\u015f\u0131, \u0130ran&#39;\u0131n Amerikan saf\u0131na kat\u0131lmas\u0131d\u0131r. Bak\u0131n\u0131z, Kissinger&#39;in kiral\u0131k kalemi C\u00fcneyt \u00dclsever ne hikmetler yumurtluyor.<\/strong> <\/p>\n<p> &quot;20. y\u00fczy\u0131l\u0131n 21. y\u00fczy\u0131la emanet etti\u011fi en b\u00fcy\u00fck beyinlerden birisi oldu\u011funa inand\u0131\u011f\u0131m Henry Kissinger, ge\u00e7enlerde yapt\u0131\u011f\u0131 bir k\u0131sa konu\u015fmada ayn\u0131 konuya de\u011findi. Kissinger, ABD-\u0130ran \u00e7at\u0131\u015fmas\u0131n\u0131n bir yere gitmedi\u011fini, iki taraf\u0131n da denetimi d\u0131\u015f\u0131nda bir s\u00fcr\u00fc patlamalara yol a\u00e7abilece\u011fini, bundan t\u00fcm Ortado\u011fu devletlerinin zarar g\u00f6rebilece\u011fini, ideoloji ihra\u00e7 etmeye \u00e7al\u0131\u015fmak yerine d\u00fcnyadaki m\u00fcmtaz yerini almak i\u00e7in \u00e7aba sarf edecek bir \u0130ran y\u00f6netiminin Bat\u0131&#39;da kabul g\u00f6rebilece\u011fini s\u00f6yl\u00fcyordu. <\/p>\n<p> ABD, \u0130ngiltere, Almanya, Fransa gibi \u00fclkeler, denetim d\u0131\u015f\u0131 alt\u00fcst olacak bir Ortado\u011fu haritas\u0131 yerine, b\u00f6lgede bug\u00fcnk\u00fc yerle\u015fik devletlerin \u00e7\u0131karlar\u0131n\u0131 koruyan bir harita \u00fczerine anla\u015fabilirler ve bu haritan\u0131n kar\u015f\u0131l\u0131\u011f\u0131nda da \u0130ran&#39;\u0131 d\u00fcnyadaki yerle\u015fik d\u00fczenin m\u00fcmtaz bir temsilcisi olmaya davet edebilirlerdi.  <\/p>\n<p> <strong>Konu\u015fma s\u0131ras\u0131nda ortaya \u00e7\u0131kt\u0131 ki; Henry Kissinger benzer g\u00f6r\u00fc\u015flerini daha \u00f6nce yaz\u0131l\u0131 olarak da, benim daha evvel g\u00f6rmedi\u011fim bir makalesinde ifade etmi\u015fti:<\/strong> <\/p>\n<p> <strong>&quot;The Next Steps With Iran: Negotiations Must Go Beyond the Nuclear Thret to Broader Issues&quot; \u0130ran&#39;la At\u0131lacak Sonraki Ad\u0131mlar: G\u00f6r\u00fc\u015fmeler N\u00fckleer Tehditten Daha Geni\u015f Meseleleri Kapsamal\u0131- (Washington Post- 31.08.2006) <\/strong> <\/p>\n<p> <strong>\u0130ran&#39;\u0131n Ortado\u011fu&#39;da &quot;emperyal egemenli\u011finin&quot; sadece b\u00f6lgede de\u011fil, d\u00fcnyada kabul g\u00f6rmeyece\u011finin alt\u0131n\u0131 \u00e7izdikten sonra bana g\u00f6re makalenin en can al\u0131c\u0131 noktas\u0131nda Kissinger diyor ki:<\/strong> <\/p>\n<p> <strong>&quot;(\u0130ran&#39;\u0131n global d\u00fcnyaya davet edilmesi) \u015feffaf olarak do\u011frulanabilir objektif politikalarla anlat\u0131lmal\u0131d\u0131r. Bir jeopolitik diyalog, n\u00fckleer zenginle\u015ftirme krizine getirilecek erken bir \u00e7\u00f6z\u00fcm\u00fcn yerini tutmaz. Bu iki konu birbirinden ayr\u0131 ve ivedilikle ele al\u0131nmal\u0131d\u0131r. Ancak, (n\u00fckleer tehdit ile ilgili) m\u00fczakerelerde al\u0131nacak sonu\u00e7lar\u0131n \u0130ran&#39;\u0131n geni\u015f (global) d\u00fcnyaya kabul\u00fc i\u00e7in ilk ad\u0131m oldu\u011funa dair g\u00fc\u00e7l\u00fc duru\u015fun a\u00e7\u0131k\u00e7a anla\u015f\u0131lmas\u0131 gerekir.&quot;<\/strong> <\/p>\n<p> Ancak, her anla\u015fma &quot;optimum bir nokta&quot;da kar\u015f\u0131l\u0131kl\u0131 anla\u015fmay\u0131 i\u00e7erir. Ya \u0130ran, Bat\u0131&#39;y\u0131 devrim ihracat\u0131 yapmay\u0131p Ortado\u011fu&#39;da klasik ve Bat\u0131 ile ortak s\u00fcrd\u00fcr\u00fclecek bir hegemonyay\u0131 kabul etti\u011fine ikna ederse? O zaman T\u00fcrkiye&#39;nin b\u00f6lgede &quot;\u00f6nemi&quot; ne \u015fekil al\u0131r? <\/p>\n<p> Bar\u0131\u015fsever her ulusalc\u0131, bu ihtimali hesaba katmak zorundad\u0131r.  <\/p>\n<p> G\u00f6r\u00fcnen o ki, ABD&#39;de baz\u0131 beyinler bu konuda beyin jimnasti\u011fi yapmaya ba\u015flam\u0131\u015flar bile.<a name=\"_ftnref2\" href=\"#_ftn2\" title=\"_ftnref2\">[2]<\/a>  <\/p>\n<p> <strong>Wilson&#39;un kakofoni \u00e7\u0131k\u0131\u015f\u0131 neocon Rubin&#39;i \u00e7\u0131ld\u0131rtt\u0131? \u00c7\u00fcnk\u00fc Wilson siyonistinin sinsi de\u011fil hissi davran\u0131p, Genel Kurmay\u0131m\u0131z\u0131 hedef almas\u0131, ak\u0131l ve vicdan sahiplerinin g\u00f6z\u00fcn\u00fc a\u00e7maktayd\u0131.<\/strong> <\/p>\n<p> Amerika&#39;da AK Parti kar\u015f\u0131tl\u0131\u011f\u0131yla bilinen neocon (yeni muhafazakar) Michael Rubin, ABD&#39;li diplomatlar\u0131n T\u00fcrkiye&#39;deki irtica iddialar\u0131n\u0131 \u00f6nemsememesine sert tepki g\u00f6sterdi.  <\/p>\n<p> ABD&#39;nin Ankara B\u00fcy\u00fckel\u00e7isi Ross Wilson&#39;\u0131n, &quot;T\u00fcrk medyas\u0131 ve i\u00e7 politikas\u0131nda daima belirli bir kakofoni (kuru g\u00fcr\u00fclt\u00fc) oldu\u011fu&quot; y\u00f6n\u00fcndeki a\u00e7\u0131klamas\u0131 Rubin&#39;i \u00e7ileden \u00e7\u0131kartt\u0131. Wall Street Journal gazetesinde &quot;Erdo\u011fan&#39;\u0131n T\u00fcrkiye&#39;si&quot; ba\u015fl\u0131kl\u0131 bir yaz\u0131s\u0131 yay\u0131nlanan Rubin, Cumhurba\u015fkan\u0131 Sezer ve Genelkurmay Ba\u015fkan\u0131 Org. B\u00fcy\u00fckan\u0131t&#39;\u0131n irtica a\u00e7\u0131klamalar\u0131ndan yola \u00e7\u0131karak T\u00fcrkiye&#39;de \u0130slam\u00ee rejim tehdidi oldu\u011funu iddia etti. ABD&#39;de liberal e\u011filimli akademik \u00e7evrelerce ele\u015ftirilen American Enterprise Institute&#39;un ara\u015ft\u0131rmac\u0131s\u0131 olan Rubin, T\u00fcrk siyaset\u00e7ileri ve yetkililerinin i\u015finin anayasay\u0131 savunmak oldu\u011fu bir vakitte ABD&#39;li diplomatlar\u0131n T\u00fcrk endi\u015felerini g\u00f6rmezden geldi\u011fini ve \u0130slam\u00ee tehlikeyi hafife ald\u0131\u011f\u0131n\u0131 \u00f6ne s\u00fcrd\u00fc. Rubin, &quot;Y\u00f6n\u00fcn\u00fc Bat\u0131&#39;ya \u00e7evirmi\u015f laik T\u00fcrkiye devleti risk alt\u0131nda.&quot; ifadesini kulland\u0131. Michael Rubin, T\u00fcrkiye&#39;de rejim endi\u015fesi olmad\u0131\u011f\u0131n\u0131 ifade ederek, &quot;T\u00fcrkiye, g\u00fc\u00e7l\u00fc, istikrarl\u0131 ve laik bir demokrasidir.&quot; diyen Wilson&#39;un bu g\u00f6r\u00fc\u015f\u00fcn\u00fcn ABD D\u0131\u015fi\u015fleri taraf\u0131ndan da desteklenmesine b\u00fcy\u00fck tepki g\u00f6sterdi. \u0130mam-hatip, ba\u015f\u00f6rt\u00fcs\u00fc, Suudi sermayenin T\u00fcrkiye&#39;ye geli\u015fi ve Y\u00d6K&#39;le tart\u0131\u015fmalar\u0131 \u00f6rnek g\u00f6steren Rubin, &quot;Demokratlar sistem i\u00e7inde de\u011fi\u015fiklik i\u00e7in m\u00fccadele ederken, \u0130slamistler rejimi de\u011fi\u015ftirmeye \u00e7al\u0131\u015f\u0131yor.&quot; iddias\u0131nda bulundu. AKP&#39;nin anti-laik hedefleri oldu\u011funu ve bunlar\u0131n iyice belirginle\u015fti\u011fini \u00f6ne s\u00fcren ABD&#39;li yazar, Ba\u015fbakan Erdo\u011fan&#39;\u0131n kendisini AB&#39;ye adamas\u0131n\u0131n hedefinin esas\u0131nda T\u00fcrk ordusunun siyaset \u00fczerindeki etkisini k\u0131rmak oldu\u011funu savundu. Amerikan y\u00f6netimini \u00e2deta g\u00f6reve \u00e7a\u011f\u0131ran Rubin, &quot;Diplomasi sadece m\u00fcspet y\u00f6nleri \u00f6ne \u00e7\u0131kar\u0131p olumsuzluklar\u0131 g\u00f6rmezden gelmemeli. En az\u0131ndan, ABD&#39;li diplomatlar liberalizm u\u011fruna bu duruma arac\u0131 olmamal\u0131.&quot; diye yazd\u0131. Aral\u0131k 2005&#39;te ABD&#39;ye ziyarette bulunan Org. B\u00fcy\u00fckan\u0131t&#39;\u0131n AK Parti kar\u015f\u0131tl\u0131\u011f\u0131yla bilinen American Enterprise Institute&#39;un davetini kabul ederek burada T\u00fcrk gazetecilerle sohbet toplant\u0131s\u0131na kat\u0131lmas\u0131 tart\u0131\u015fmalara neden olmu\u015ftu.<a name=\"_ftnref3\" href=\"#_ftn3\" title=\"_ftnref3\">[3]<\/a>  <\/p>\n<p> <\/p>\n<p> <strong>Bush, Irak&#39;\u0131n Vietnam&#39;a benzedi\u011fini kabul etti&#8230; Bu ABD&#39;nin insafs\u0131zl\u0131\u011f\u0131n\u0131n ve iflas\u0131n\u0131n ilan\u0131yd\u0131!\u00a0 <\/strong> <\/p>\n<p> <strong>ABD Ba\u015fkan\u0131 George Bush, ilk kez Irak Sava\u015f\u0131 ile Vietnam Sava\u015f\u0131 aras\u0131nda benzerlikler oldu\u011funu kabul etti. Beyaz Saray ise Bush&#39;un s\u00f6zlerini d\u00fczeltti.\u00a0 <\/strong> <\/p>\n<p> <strong>ABC News&#39;e bir r\u00f6portaj veren Bush, Irak ile Vietnam Sava\u015f&#39;\u0131nda \u00f6nemli bir d\u00f6n\u00fcm noktas\u0131 olan Tet Sald\u0131r\u0131s\u0131&#39;n\u0131n birbirine benzeyip benzemedi\u011finin sorulmas\u0131 \u00fczerine &quot;Do\u011fru olabilir.&quot; cevab\u0131n\u0131 verdi. &quot;Irak&#39;ta kesinlikle daha fazla \u015fiddet var.&quot; diyen Bush, &quot;direni\u015f\u00e7ilerin, Irak&#39;tan ayr\u0131lmalar\u0131 i\u00e7in yetecek kadar zarar vermeye \u00e7al\u0131\u015ft\u0131klar\u0131n\u0131&quot; savundu. Bush&#39;u d\u00fczelten Beyaz Saray s\u00f6zc\u00fcs\u00fc Tony Snow ise Irak&#39;\u0131n, 1968 Vietnam&#39;\u0131n\u0131n tersine d\u00f6n\u00fcm noktas\u0131nda olmad\u0131\u011f\u0131n\u0131 s\u00f6yledi. Show, &quot;Ba\u015fkan, Ter\u00f6ristlerin ABD kamuoyunu etkilemek amac\u0131yla medyay\u0131 ve olaylar\u0131 kullanmaya \u00e7al\u0131\u015ft\u0131\u011f\u0131n\u0131 s\u00f6ylemek istedi.&quot; dedi. 1968 ba\u015flar\u0131nda Vietnam Sava\u015f\u0131&#39;nda ya\u015fanan ve sava\u015f\u0131n kaderini de\u011fi\u015ftiren Tet Sald\u0131r\u0131s\u0131, ABD&#39;nin Kuzey Vietnaml\u0131lar\u0131 a\u011f\u0131r kay\u0131plar verdirerek geri p\u00fcsk\u00fcrtmesiyle sonu\u00e7lanm\u0131\u015ft\u0131. Ancak bu sald\u0131r\u0131n\u0131n ard\u0131ndan bir\u00e7ok ki\u015fi, zaferin &quot;kazan\u0131lamaz oldu\u011funu veya \u00e7ok pahal\u0131ya patlayaca\u011f\u0131n\u0131&quot; d\u00fc\u015f\u00fcnmeye ba\u015flam\u0131\u015ft\u0131.<a name=\"_ftnref4\" href=\"#_ftn4\" title=\"_ftnref4\"><strong>[4]<\/strong><\/a><\/strong>  <\/p>\n<p> <strong>Amerika itiraf etti: Irak&#39;ta k\u00fcstah\u00e7a ve aptalca davrand\u0131k!\u00a0 <\/strong> <\/p>\n<p> ABD Ba\u015fkan\u0131 George Bush&#39;un, &quot;Irak da Vietnam&quot; itiraf\u0131n\u0131n ard\u0131ndan ABD D\u0131\u015fi\u015fleri Bakanl\u0131\u011f\u0131&#39;n\u0131n \u00fcst d\u00fczey bir yetkilisinden de Irak&#39;ta ba\u015far\u0131s\u0131zl\u0131k itiraf\u0131 geldi.  <\/p>\n<p> ABD D\u0131\u015fi\u015fleri Bakanl\u0131\u011f\u0131 Yak\u0131ndo\u011fu \u0130\u015fleri B\u00fcrosu Kamusal Diplomasi Yetkilisi Alberto Fernandez, \u00fclkesinin Irak&#39;ta &quot;aptalca ve kibirlice davrand\u0131\u011f\u0131 durumlar oldu\u011funu&quot; s\u00f6yledi.  <\/p>\n<p> <strong>ABD i\u00e7in son durak: Irak <\/strong> <\/p>\n<p> Her ge\u00e7en g\u00fcn daha da derinle\u015fen Irak batakl\u0131\u011f\u0131ndan kurtulmaya \u00e7al\u0131\u015fan ABD, \u00e7\u0131rp\u0131nd\u0131k\u00e7a batmaya devam ediyor. ABD&#39;nin Irak&#39;ta bozguna u\u011frad\u0131\u011f\u0131 ger\u00e7e\u011fi, ABD m\u00fcttefiki \u00fclkeler taraf\u0131ndan da art\u0131k y\u00fcksek sesle dile getiriliyor.  <\/p>\n<p> <strong>Kerk\u00fck politikas\u0131 da iflas etti<\/strong> <\/p>\n<p> \u00d6te yandan, Irak&#39;\u0131n gelece\u011fi ile ilgili planlar\u0131n\u0131, Irak direni\u015f g\u00fcc\u00fcn\u00fcn giderek artmas\u0131 dolay\u0131s\u0131yla s\u00fcrekli de\u011fi\u015ftirmek zorunda kalan ABD, bu kez de Kerk\u00fck&#39;\u00fcn stat\u00fcs\u00fcn\u00fcn belirlenece\u011fi 2007 referandumunun daha ileriki bir tarihe ertelenmesi karar\u0131n\u0131 almak \u00fczere. ABD kongresinin telkiniyle, Irak&#39;taki durumu ara\u015ft\u0131rmak ve makul \u00f6nerilerde bulunmak \u00fczere kurulan ba\u011f\u0131ms\u0131z Irak \u00c7al\u0131\u015fma Grubu&#39;nun raporunda, Irak anayasas\u0131nda \u00f6ng\u00f6r\u00fcld\u00fc\u011f\u00fc gibi 2007 y\u0131l\u0131 sonundan \u00f6nce Kerk\u00fck&#39;\u00fcn gelece\u011fiyle ilgili referandum d\u00fczenlenmesinin b\u00f6lgeyi \u015fiddete bo\u011fabilece\u011fi kaydedildi.  <\/p>\n<p> <strong>Independent&#39;de, i\u015fgalci kadronun itiraflar\u0131<\/strong> <\/p>\n<p> Bask\u0131, \u015fiddet tecav\u00fcz ve i\u015fkence ile yery\u00fcz\u00fcnde bir korku imparatorlu\u011fu kurmaya \u00e7al\u0131\u015fan ABD&#39;nin Irak politikas\u0131n\u0131n iflas etti\u011fi, ABD&#39;nin y\u00fcksek tirajl\u0131 gazetelerinden Independent taraf\u0131ndan da man\u015fetten at\u0131lan &quot;birer birer ger\u00e7ekleri s\u00f6yl\u00fcyorlar&quot; ba\u015fl\u0131\u011f\u0131yla duyuruldu. Independent gazetesinin d\u00fcnk\u00fc man\u015fet ba\u015fl\u0131\u011f\u0131n\u0131n alt\u0131nda Irak&#39;\u0131n i\u015fgalinde rol oynayan, bu i\u015fgali savunan ABD&#39;li \u00fcst d\u00fczey b\u00fcrokratlar\u0131n isimleri, foto\u011fraflar\u0131 ve aradan ge\u00e7en y\u0131llarda de\u011fi\u015fen ifadeleri yer al\u0131yor. <\/p>\n<p> <strong>\u0130\u015fte Yeni \u0130srail Projesini destekleyen Bush Kar\u015f\u0131t\u0131 Siyonistlerin itiraflar\u0131:<\/strong> <\/p>\n<p> Colin Powell: 2003 y\u0131l\u0131nda Birle\u015fmi\u015f Milletler&#39;e Saddam H\u00fcseyin&#39;in kitle imha silahlar\u0131 oldu\u011funu s\u00f6yleyen Powell, 2004 May\u0131s&#39;\u0131nda bu bilgilerin do\u011fru olmad\u0131\u011f\u0131n\u0131 itiraf etti. <\/p>\n<p> <strong>Paul Bremer<\/strong>: Ge\u00e7ici Irak Y\u00f6netimi&#39;nin Ba\u015fkan\u0131, 2006 y\u0131l\u0131n\u0131n Ocak ay\u0131nda i\u015fgalin bekledi\u011finden daha zor ge\u00e7ti\u011fini belirtip, &quot;Direni\u015fle kar\u015f\u0131la\u015faca\u011f\u0131m\u0131z\u0131 g\u00f6remedik&quot; dedi. <\/p>\n<p> <strong>Zalmay Halilzad<\/strong>: Irak B\u00fcy\u00fckel\u00e7isi, genelde izlenen olumlu havaya ters olarak Mart ay\u0131nda &quot;Pandora&#39;n\u0131n kutusunu a\u00e7t\u0131k. E\u011fer \u015fiddet durmazsa, Afganistan ve Taliban Irak&#39;\u0131n yan\u0131nda bir hi\u00e7 olarak kalacak&quot; dedi. <\/p>\n<p> <strong>Richard Perle:<\/strong> Sava\u015f\u0131n planlay\u0131c\u0131lar\u0131ndan birisi olarak g\u00f6r\u00fclen Perle, Kas\u0131m ay\u0131nda &#39;Irak&#39;ta b\u00fcy\u00fck hatalar yap\u0131ld\u0131\u011f\u0131n\u0131&#39; s\u00f6yledi. <\/p>\n<p> <strong>Donald Rumsfeld<\/strong>: \u0130stifa eden Amerikan Savunma Bakan\u0131&#39;n\u0131n bir i\u00e7 yaz\u0131\u015fmas\u0131 bu hafta bas\u0131na s\u0131zd\u0131. Bu notta Rumsfeld &quot;Amerikan birliklerinin Irak&#39;ta yapt\u0131klar\u0131 bir i\u015fe yaram\u0131yor&quot; diyor. <\/p>\n<p> <strong>Robert Gates:<\/strong> Savunma Bakanl\u0131\u011f\u0131&#39;n\u0131n m\u00fcstakbel ismi Gates, d\u00fcn Senato&#39;da &#39;Irak&#39;taki sava\u015f\u0131 kazan\u0131yor muyuz?&#39; sorusunu &quot;Hay\u0131r&quot; diye yan\u0131tlam\u0131\u015ft\u0131. <\/p>\n<p> <strong>Bush ve Blair&#39;in kutular\u0131 bo\u015f<\/strong> <\/p>\n<p> Independent&#39;\u0131n &quot;Birer birer ger\u00e7ekleri s\u00f6yl\u00fcyorlar&quot; man\u015feti at\u0131lan kapak sayfas\u0131nda iki kutu ise bo\u015f b\u0131rak\u0131lm\u0131\u015f. Bu kutulardaki isimler &#39;Tony Blair&#39; ve &#39;George Bush&#39;.<a name=\"_ftnref5\" href=\"#_ftn5\" title=\"_ftnref5\">[5]<\/a>  <\/p>\n<p> <strong>ABD Ba\u015fkan\u0131 George Bush, Irak&#39;\u0131n \u00fc\u00e7 \u00f6zerk b\u00f6lgeye b\u00f6l\u00fcnmesine kesinlikle kar\u015f\u0131 oldu\u011funu s\u00f6yl\u00fcyor, ama \u0130srail g\u00fcd\u00fcm\u00fcndeki bir K\u00fcrdistan i\u00e7in var g\u00fcc\u00fcyle \u00e7al\u0131\u015f\u0131yor!.<\/strong> <\/p>\n<p> Bush, Amerikan Fox News televizyonuna demecinde, Irak&#39;ta \u00fc\u00e7 \u00f6zerk b\u00f6lge kurulmas\u0131 durumunda bunun, hem S\u00fcnnileri \u015eii radikallerle yar\u0131\u015fma ortam\u0131na sokaca\u011f\u0131n\u0131 hem de K\u00fcrtlerin T\u00fcrkiye i\u00e7in sorun yarataca\u011f\u0131n\u0131 kaydederek bu durumda da b\u00f6lgede \u015fimdikinden \u00e7ok daha b\u00fcy\u00fck bir kar\u0131\u015f\u0131kl\u0131\u011f\u0131n \u00e7\u0131kaca\u011f\u0131n\u0131 belirtti. Bush, Irak Ba\u015fbakan\u0131 Nuri el-Maliki ile d\u00fcn yapt\u0131\u011f\u0131 telefon g\u00f6r\u00fc\u015fmesine ili\u015fkin Fox News&#39;un sunucusu Bill O&#39;Reilly&#39;ye bilgi verirken \u00f6nemli a\u00e7\u0131klamalar yapt\u0131. O&#39;Reilly&#39;nin, Irak&#39;taki sorunun \u00e7\u00f6z\u00fcm\u00fc i\u00e7in \u00fclkenin \u00fc\u00e7 \u00f6zerk b\u00f6lgeye b\u00f6l\u00fcnmesi ve taraflara petrol verilmesi kar\u015f\u0131l\u0131\u011f\u0131nda \u00e7at\u0131\u015fmamalar\u0131n\u0131n istenmesi konusunda ne d\u00fc\u015f\u00fcnd\u00fc\u011f\u00fcn\u00fc sormas\u0131 \u00fczerine Bush, &quot;Bunun do\u011fru yol oldu\u011funu sanm\u0131yorum. Bu, \u015fiddeti art\u0131r\u0131r ve durumu daha tehlikeli hale getirir. Ba\u015fbakan El Maliki de ayn\u0131 \u015fekilde d\u00fc\u015f\u00fcn\u00fcyor&quot; dedi. Bush, El Maliki&#39;nin, \u00fclkenin \u00fc\u00e7e b\u00f6l\u00fcnmesine kesinlikle kar\u015f\u0131 \u00e7\u0131kt\u0131\u011f\u0131n\u0131 ve kendisinin de, tamamen ayn\u0131 g\u00f6r\u00fc\u015f\u00fc payla\u015ft\u0131\u011f\u0131n\u0131 vurgulad\u0131. Federalizmin, yerel y\u00f6netimle merkezi h\u00fck\u00fcmet aras\u0131nda bir g\u00f6rev b\u00f6l\u00fcm\u00fc niteli\u011fi ta\u015f\u0131d\u0131\u011f\u0131n\u0131 anlatan Bush, &quot;Ancak \u00fclkeyi b\u00f6lmek ve &#39;\u00fc\u00e7 \u00f6zerk b\u00f6lge olacak&#39; demek; hem S\u00fcnnileri, S\u00fcnni \u00fclkeleri, S\u00fcnni radikalleri \u015eii radikallerle bir yar\u0131\u015fma i\u00e7ine sokar hem de K\u00fcrtler, T\u00fcrkiye ve Suriye i\u00e7in sorun yarat\u0131r. Bu da, \u015fimdikinden daha b\u00fcy\u00fck bir kar\u0131\u015f\u0131kl\u0131\u011f\u0131n \u00e7\u0131kmas\u0131 anlam\u0131na gelir&quot; diye konu\u015ftu. Bush, Irak petrol\u00fc konusunda da &quot;Ben, petrol\u00fcn halka ait olu\u011funa inan\u0131yorum ve Irakl\u0131lar\u0131n bunu anlad\u0131\u011f\u0131 \u00f6l\u00e7\u00fcde, petrol \u00fclkenin birle\u015ftirilmesine yard\u0131m eder&quot; dedi.\u00a0  <\/p>\n<p> <strong>Irak&#39;ta &quot;M\u00fcsl\u00fcman Bar\u0131\u015f G\u00fcc\u00fc&quot; olu\u015fturulup Yahudi ve H\u0131ristiyan emellerine alet edilecek<\/strong> <\/p>\n<p> Barzani, Washington&#39;da t\u00f6renlerle kar\u015f\u0131land\u0131, Beyaz Saray&#39;da a\u011f\u0131rland\u0131. Ba\u015fkan Bush, ayn\u0131 ilgiyi, hatta fazlas\u0131n\u0131 Talabani&#39;ye de g\u00f6stermi\u015fti. Biri Irak&#39;\u0131n, di\u011feri K\u00fcrdistan&#39;\u0131n devlet ba\u015fkan\u0131&#8230;  <\/p>\n<p> Bu arada T\u00fcrkiye, Kuzey Irak&#39;a a\u00e7\u0131lan Habur s\u0131n\u0131r kap\u0131s\u0131n\u0131n kar\u015f\u0131 taraf\u0131na &quot;K\u00fcrdistan Bayra\u011f\u0131&quot; \u00e7ekilmesini protesto ediyor. \u0130yi de, bu yeni de\u011fil ki.  <\/p>\n<p> 1995&#39;te yazm\u0131\u015f\u0131m &quot;K\u00fcrdistan fiili olarak kuruldu&quot; diye.  <\/p>\n<p> 1995 y\u0131l\u0131nda Habur&#39;dan ge\u00e7erken pasaportuma &quot;K\u00fcrdistan&quot; m\u00fchr\u00fc vurulmu\u015ftu.  <\/p>\n<p> Ancak Barzani&#39;nin ABD ziyaretinin, K\u00fcrdistan meselesiyle alakas\u0131 yok.  <\/p>\n<p> Barzani ABD&#39;ye Irak&#39;a y\u00f6nelik ABD planlar\u0131 ile ilgili olarak konu\u015fmak i\u00e7in \u00e7a\u011fr\u0131ld\u0131.  <\/p>\n<p> ABD Irak&#39;tan art\u0131k \u00e7\u0131kmak istiyor. Ancak arkas\u0131nda kaotik bir ortam b\u0131rakmak niyetinde de\u011fil. <\/p>\n<p> ABD&#39;nin geli\u015ftirdi\u011fi \u00e7\u00f6z\u00fcm \u00fclkedeki ABD ve \u0130ngiliz askerlerinin yerine &quot;M\u00fcsl\u00fcman Bar\u0131\u015f G\u00fcc\u00fc&quot; yerle\u015ftirmek.. <\/p>\n<p> Ba\u015ftan beri ABD&#39;nin akl\u0131nda olan bu \u00e7\u00f6z\u00fcm giderek netle\u015fiyor. <\/p>\n<p> Amerikal\u0131lar ve \u0130ngilizler gidecek, yerine T\u00fcrkiye, M\u0131s\u0131r, Pakistan askerlerinden olu\u015fan M\u00fcsl\u00fcman Bar\u0131\u015f G\u00fcc\u00fc konu\u015flanacak. Hatta bu g\u00fcce birka\u00e7 M\u00fcsl\u00fcman \u00fclkenin daha asker vermesi planlan\u0131yor ama a\u011f\u0131rl\u0131k bu \u00fc\u00e7 \u00fclkede olacak. Dahas\u0131 ABD bu g\u00fcc\u00fcn as\u0131l unsurunun T\u00fcrk askerinden olu\u015fmas\u0131ndan yana. Yani K\u00fcrdistan&#39;\u0131 koruma g\u00f6revi T\u00fcrk askerine d\u00fc\u015f\u00fcyor!.. <\/p>\n<p> ABD&#39;nin bu plan\u0131n\u0131n son ABD gezisi s\u0131ras\u0131nda Tayyib Erdo\u011fan&#39;a &quot;\u00e7\u0131tlat\u0131ld\u0131\u011f\u0131&quot;, Erdo\u011fan&#39;\u0131n da askerlerle g\u00f6r\u00fc\u015ft\u00fckten sonra &quot;olabilir&quot; mesaj\u0131 yollad\u0131\u011f\u0131 konu\u015fuluyor.  <\/p>\n<p> D\u0131\u015fi\u015fleri&#39;nden bir yetkili, &quot;Bize ula\u015fm\u0131\u015f resmi bir plan yok ama bu konunun \u00e7ok konu\u015fuldu\u011funu biliyoruz&quot; dedi. Tabii bu resmi bir a\u00e7\u0131klama de\u011fil.  <\/p>\n<p> <\/p>\n<p> Barzani&#39;nin ABD ziyaretinin ard\u0131nda bu plan var. Daha \u00f6nce Irak&#39;ta T\u00fcrk askeri g\u00f6rmek istemediklerini s\u00f6yleyen Barzani&#39;ye, Bush&#39;un &quot;G\u00f6receksin \u015fa\u015f\u0131rma&quot; demek i\u00e7in Beyaz Saray&#39;a \u00e7a\u011f\u0131rd\u0131\u011f\u0131 belirtiliyor&#8230; <a name=\"_ftnref6\" href=\"#_ftn6\" title=\"_ftnref6\">[6]<\/a> <\/p>\n<p> <strong>Soros: &quot;Bush g\u00f6revi b\u0131raks\u0131n, servetimden vazge\u00e7erim!&quot; Diyor. \u00c7\u00fcnk\u00fc d\u00fcnyay\u0131 gizlice ve ABD eliyle s\u00f6m\u00fcrelim diyen Siyonistlerin saf\u0131nda yer alan Soros, B\u00fcy\u00fck \u0130srail hayalcilerini k\u00f6r\u00fckleyen Bush&#39;un kendi ba\u015flar\u0131na bela a\u00e7aca\u011f\u0131n\u0131 d\u00fc\u015f\u00fcn\u00fcyor!..\u00a0 <\/strong> <\/p>\n<p> <strong>D\u00fcnyaca \u00fcnl\u00fc Yahudi as\u0131ll\u0131 spek\u00fclat\u00f6r George Soros, ABD Ba\u015fkan\u0131 George W. Bush&#39;un g\u00f6revini b\u0131rakmas\u0131 durumunda t\u00fcm servetinden vazge\u00e7ece\u011fini s\u00f6yl\u00fcyor. <\/strong> <\/p>\n<p> <strong>Soros, uluslararas\u0131 ter\u00f6rizmi Bush liderli\u011findeki Amerikan politikas\u0131n\u0131n \u00fcretti\u011fini belirtti. Amerikan PBS televizyonunda The Charlie Rose \u015eov&#39;a konuk olan Soros &quot;Age of Fallibility: Consequences of the War on Terror&quot; (Yan\u0131lg\u0131lar \u00c7a\u011f\u0131: Ter\u00f6rizmle Sava\u015f\u0131n Sonu\u00e7lar\u0131) adl\u0131 son kitab\u0131 ve ABD d\u0131\u015f politikas\u0131 hakk\u0131nda de\u011ferlendirmelerde bulundu. &quot;11 Eyl\u00fcl sald\u0131r\u0131lar\u0131ndan sonra ter\u00f6rizmle m\u00fccadele yolumuzu kaybettik.&quot; diyen Soros, bunun neticelerinin b\u00fcy\u00fck bir y\u0131k\u0131m olu\u015fturmakta oldu\u011funu savundu. Irak sava\u015f\u0131n\u0131n bir hata oldu\u011funu kamuoyunun kabullendi\u011fini \u00f6ne s\u00fcren George Soros, Irak&#39;\u0131n i\u015fgalinin &quot;masum kurbanlar&quot; \u00fcretti\u011fini \u00f6ne s\u00fcrd\u00fc. ABD&#39;li milyarder, d\u00fcnyadaki Amerikan nefretinin arkas\u0131nda Irak&#39;\u0131n i\u015fgalinin \u00f6nemli rol\u00fc oldu\u011funu kaydetti. Ter\u00f6rizmin ana kayna\u011f\u0131n\u0131n i\u015fgal ve insanlar\u0131 rencide etme oldu\u011funu dile getiren Bush kar\u015f\u0131t\u0131 Soros, \u0130srail&#39;in Gazze \u015eeridi&#39;ni i\u015fgaliyle Hamas&#39;\u0131n; L\u00fcbnan&#39;\u0131 i\u015fgaliyle de Hizbullah&#39;\u0131n kendini g\u00f6sterdi\u011fini belirtti. Ter\u00f6r\u00fc do\u011furan\u0131n as\u0131l Amerika&#39;n\u0131n ter\u00f6rle m\u00fccadele politikas\u0131 oldu\u011funa i\u015faret eden ABD&#39;li milyarder George Soros, &quot;Irak&#39;\u0131 i\u015fgal etti\u011fimiz i\u00e7in S\u00fcnni direni\u015fi var, Mehdi ordusu var. Suudi Arabistan&#39;da birlik konu\u015fland\u0131rd\u0131\u011f\u0131 i\u00e7in El Kaide, ABD&#39;ye s\u0131rt \u00e7evirdi.&quot; diye konu\u015ftu. Ter\u00f6r\u00fc, Amerikan politikas\u0131 \u00fcretiyor ABD i\u015fgallerinden sonra buradaki halk\u0131n potansiyel direni\u015f\u00e7i ve ter\u00f6rist konumuna d\u00fc\u015ft\u00fc\u011f\u00fcn\u00fc savunan Soros, &quot;Bu insanlar\u0131n y\u00fczde 80&#39;i masum. Onlar\u0131 bu hale biz getirdik. Biz oray\u0131 i\u015fgal edinceye kadar onlar ter\u00f6rist de\u011fildi. Oraya girilince karde\u015flerinin direni\u015flerine destek verdiler.&quot; \u015feklinde konu\u015ftu. &quot;Bush, g\u00f6revini b\u0131rak\u0131rsa servetinizin y\u00fczde 90&#39;\u0131ndan vazge\u00e7er misiniz?&quot; \u015feklindeki soruyu Soros \u015f\u00f6yle cevapland\u0131rd\u0131: &quot;Y\u00fczde y\u00fcz\u00fcn\u00fc. \u00c7\u00fcnk\u00fc bu insanl\u0131\u011fa b\u00fcy\u00fck bir hizmet olur. Bush&#39;un yanl\u0131\u015f planlar\u0131 nedeniyle d\u00fcnya k\u00f6t\u00fc y\u00f6ne gidiyor.&quot; Soros&#39;un ki\u015fisel malvarl\u0131\u011f\u0131n\u0131n 12 milyar dolardan fazla oldu\u011fu belirtiliyor.<\/strong>  <\/p>\n<p> <strong>\u0130srail B\u00fcy\u00fckel\u00e7isi: &quot;\u0130ran&#39;a sald\u0131r\u0131 hata olur!&quot; demi\u015f&#8230; Herhalde sonlar\u0131n\u0131 sezmi\u015f!..<\/strong> <\/p>\n<p> <strong>Fatih Altayl\u0131 Anlat\u0131yor:<\/strong> <\/p>\n<p> \u0130srail&#39;in Ankara B\u00fcy\u00fckel\u00e7isi Avivi cuma g\u00fcn\u00fc ziyaretime geldi. <\/p>\n<p> Hamas liderinin T\u00fcrkiye ziyaretine tepkisini sordum.  <\/p>\n<p> &quot;Bas\u0131n abartt\u0131. Bence \u00e7ok da m\u00fchim bir \u015fey de\u011fil. Biz sizin kadar tepki g\u00f6stermedik&quot; dedi. Oysa Metehan Demir&#39;in konu\u015ftu\u011fu \u0130srail Cumhurba\u015fkan\u0131, Hamas liderinin T\u00fcrkiye ziyaretinden \u00e7ok da mutlu olmad\u0131klar\u0131n\u0131 s\u00f6ylemi\u015fti. <\/p>\n<p> \u015ea\u015f\u0131rd\u0131m. \u0130ran&#39;\u0131n n\u00fckleer g\u00fcce sahip olmas\u0131 konusunda &quot;\u0130srail&#39;den daha \u00e7ok \u00e7evre \u00fclkeler, hatta Avrupa i\u00e7in tehlike&quot; dedi. <\/p>\n<p> &quot;Peki \u0130ran vurulmal\u0131 m\u0131?&quot; diye sordum. &quot;Hay\u0131r vurulmamal\u0131. \u00c7ok yanl\u0131\u015f olur&quot; dedi ve anlatt\u0131: &quot;Zaten isteseniz de vuramazs\u0131n\u0131z. Irak&#39;taki n\u00fckleer reakt\u00f6r\u00fc biz vurmu\u015ftuk. Hat\u0131rlars\u0131n\u0131z&#8230; Ama \u0130ran Irak de\u011fil. Hem vurmak g\u00fc\u00e7, \u00e7\u00fcnk\u00fc \u00e7ok yayg\u0131n bir tesisler a\u011f\u0131 var, hem de vurmaya gerek yok. \u0130ran&#39;\u0131 vurmak \u00e7ok daha komplike sorunlara yol a\u00e7ar.&quot;  <\/p>\n<p> &quot;Peki ne yapmak gerek&quot; dedim.  <\/p>\n<p> &quot;Uluslararas\u0131 camia el ele vermeli&quot; dedi. &quot;Birle\u015fmi\u015f Milletler \u00f6nc\u00fcl\u00fc\u011f\u00fcnde bir siyasi bask\u0131 kurmak gerekiyor. \u0130ran&#39;\u0131 siyasi olarak k\u00f6\u015feye s\u0131k\u0131\u015ft\u0131rmak laz\u0131m. Gerekirse \u00e7ok s\u0131k\u0131 bir ambargo uygulanmal\u0131. Dayanamayacaklar\u0131 bir uluslararas\u0131 bask\u0131 gerek. T\u00fcrkiye burada \u00e7ok \u00f6nemli&quot; diye anlatt\u0131. <\/p>\n<p> &quot;Herkesin n\u00fckleer silah\u0131 var. \u0130ran&#39;\u0131n da olsa ne olur?&quot; dedim.  <\/p>\n<p> &quot;\u0130ran&#39;\u0131n bu silah\u0131 uza\u011fa yollama kapasitesi de var. <\/p>\n<p> Madrid&#39;le Pekin aras\u0131nda her yere f\u0131rlatabilirler. Bu bir risktir&quot; dedi. <\/p>\n<p> &quot;F\u0131rlatacaklar\u0131na inan\u0131yor musunuz?&quot; diye \u0131srar ettim.  <\/p>\n<p> &quot;As\u0131l mesele b\u00f6lge dengeleridir. \u0130ran bu silaha sahip olursa, b\u00f6lgede herkes ya yapmak, ya da sat\u0131n almak zorunda kal\u0131r. \u0130ran n\u00fckleer g\u00fcce sahip olursa, mesela Suudi Arabistan da mutlaka edinir. N\u00fckleer yar\u0131\u015f b\u00f6lgede ba\u015flar&quot; dedi. T\u00fcrk-\u0130srail ili\u015fkilerine de de\u011findik. &quot;\u0130li\u015fkiler iki y\u0131l \u00f6nce biraz salland\u0131. Ama \u015fimdi \u00e7ok \u00e7ok iyi. Ticaret hacmimiz tarihin en y\u00fcksek d\u00fczeyine geldi. T\u00fcrk firmalar \u0130srail&#39;de pek \u00e7ok i\u015f ald\u0131. Bizim T\u00fcrkiye&#39;den ald\u0131\u011f\u0131m\u0131z i\u015fler var. Sorunlu g\u00fcnler geride kald\u0131&quot; dedi.  <\/p>\n<p> <\/p>\n<p> <strong>&quot;Ya Kuzey Irak. Oradaki faaliyetleriniz rahats\u0131zl\u0131k yarat\u0131yor&quot; dedim. &quot;Bizim orada bir faaliyetimiz yok. Bizim orada faaliyetimiz oldu\u011fu iddias\u0131 tamamen bir Suriye propagandas\u0131d\u0131r. Irak&#39;ta T\u00fcrkiye&#39;nin ve \u0130srail&#39;in \u00e7\u0131karlar\u0131 ortak. B\u00f6l\u00fcnen bir Irak istikrars\u0131zl\u0131k yarat\u0131r. Bundan en fazla zarar\u0131 ise siz ve biz g\u00f6r\u00fcr\u00fcz&quot; diye fikrini belirtti.<\/strong> <\/p>\n<p> <strong>&quot;Ama bilim adamlar\u0131n\u0131z makalelerinde Irak b\u00f6l\u00fcnmeli diye yaz\u0131yorlar&quot; diye itiraz ettim. <\/strong> <\/p>\n<p> <strong>&quot;O onlar\u0131n fikri olabilir. Bizim politikam\u0131z de\u011fil. Fikirleri de yanl\u0131\u015f&quot; dedi. Bu sohbetin en ilgin\u00e7 taraf\u0131 B\u00fcy\u00fckel\u00e7i Avivi&#39;nin, kendi Cumhurba\u015fkan\u0131 ile tam ters bir fikre sahip olmas\u0131yd\u0131.<a name=\"_ftnref7\" href=\"#_ftn7\" title=\"_ftnref7\"><strong>[7]<\/strong><\/a><\/strong> <\/p>\n<p> <strong>Evet, Siyonist \u00e7etenin ikiye \u00e7atlamas\u0131, \u00e7ok \u00f6nemli ve tarihi bir olayd\u0131r. \u015eimdi s\u00f6m\u00fcr\u00fc baronlar\u0131 biri biriyle u\u011fra\u015fmaktad\u0131r ve \u015feytan\u0131n \u015fatosu sars\u0131lmaktad\u0131r. Bu geli\u015fme, elbette M\u00fcsl\u00fcmanlar\u0131n ve mazlumlar\u0131n da i\u015fini kolayla\u015ft\u0131racakt\u0131r. \u00c7\u00fcnk\u00fc, &quot;Art\u0131k Vakit Tamamd\u0131r.&quot; Ve Allah nurunu tamamlayacakt\u0131r!..<\/strong> <\/p>\n<p> <strong>\u0130srail&#39;de, Siyonistler aras\u0131ndaki anla\u015fmazl\u0131k b\u00fcy\u00fcyor!<\/strong> <\/p>\n<p> \u0130srail&#39;de, Ba\u015fbakan Ehud Olmert ile Savunma Bakan\u0131 Amir Peretz aras\u0131nda ipler geriliyor. Savunma Bakan\u0131 Amir Peretz&#39;in, Filistin Devlet Ba\u015fkan\u0131 Mahmud Abbas&#39;\u0131 telefonla arayarak, Gazze&#39;den at\u0131lan Kassam f\u00fczelerini durdurmas\u0131 istemiyle iyice su y\u00fcz\u00fcne \u00e7\u0131kan gerginlik, Olmert&#39;in Peretz&#39;i g\u00f6revden alaca\u011f\u0131 veya bakanlar kurulunda bir ba\u015fka g\u00f6reve kayd\u0131raca\u011f\u0131 yolundaki iddialar\u0131 da g\u00fcndeme ta\u015f\u0131rken, Peretz&#39;in yerine atanacak muhtemel isimler de telaffuz ediliyor. <\/p>\n<p> \u0130\u015f\u00e7i Partili bakanlar\u0131n bir k\u0131sm\u0131, Olmert&#39;in Peretz&#39;i g\u00f6revden almas\u0131 halinde h\u00fck\u00fcmetten ayr\u0131lacaklar\u0131 tehdidinde bulundu. \u0130srail Radyosu, Peretz&#39;in savunma bakanl\u0131\u011f\u0131ndan istifa etmesi halinde, Ehud Barak&#39;\u0131n \u0130\u015f\u00e7i Partisinin muhtemel savunma bakan\u0131 aday\u0131 oldu\u011funu duyurdu. <\/p>\n<p> Peretz&#39;in savunma bakanl\u0131\u011f\u0131na atanmas\u0131 yerine, yetkileri geni\u015fletilmi\u015f sosyal-ekonomik bir bakanl\u0131\u011f\u0131 almas\u0131n\u0131 savunanlar da var. Peretz&#39;i istifa etmemesi halinde, Olmert ve Peretz&#39;in, en az\u0131ndan 2007 May\u0131s ay\u0131nda yap\u0131lacak \u0130\u015f\u00e7i Partisi genel kuruluna kadar birlikte \u00e7al\u0131\u015fabilecekleri de belirtiliyor. Ekim ay\u0131 sonunda \u0130srail Evimiz Partisi Ba\u015fkan\u0131, a\u015f\u0131r\u0131 radikal g\u00f6r\u00fc\u015fleriyle bilinen Avigdor Lieberman&#39;\u0131 h\u00fck\u00fcmete Ba\u015fbakan Yard\u0131mc\u0131s\u0131 ve Stratejik Tehditlerden Sorumlu Bakan olarak katan, \u0130srail Evimiz Partisinin 11 milletvekili ile Knesset&#39;teki milletvekili deste\u011fini 78&#39;e \u00e7\u0131karan Ba\u015fbakan Ehud Olmert ise koalisyonunu daha da geni\u015fletme pe\u015finde&#8230; Olmert&#39;in, halen bo\u015f olan sosyal g\u00fcvenlik bakanl\u0131\u011f\u0131n\u0131, koalisyona katmay\u0131 planlad\u0131\u011f\u0131 Birle\u015fmi\u015f Tevrat Yahudili\u011fi partisine verme niyetinde. <\/p>\n<p> Olmert ile \u0130\u015f\u00e7i Partisi aras\u0131nda, Avigdor Lieberman ve partisinin h\u00fck\u00fcmete kat\u0131lmas\u0131 s\u0131ras\u0131nda da gerginlik olmu\u015f, \u0130\u015f\u00e7i Partililer koalisyondan ayr\u0131lma tehdidinde bulunmu\u015f, ancak Peretz, koalisyonda kal\u0131nmas\u0131 y\u00f6n\u00fcnde tav\u0131r alm\u0131\u015ft\u0131. \u0130\u015f\u00e7i Partili Bilim, K\u00fclt\u00fcr ve Spor Bakan\u0131 Ofir Pines-Paz ise bu kat\u0131l\u0131ma kar\u015f\u0131 \u00e7\u0131karak, bakanl\u0131k g\u00f6revinden ayr\u0131lm\u0131\u015ft\u0131. <\/p>\n<p> <strong>&quot;Ne bar\u0131\u015ftan, ne Abbas&#39;tan umudumu keserim&quot;<\/strong> <\/p>\n<p> <strong>Peretz ise ismi savunma bakanl\u0131\u011f\u0131 i\u00e7in ge\u00e7en eski Ba\u015fbakan Ehud Barak ile ilgili olarak Yediot Ahronoth gazetesine yapt\u0131\u011f\u0131 a\u00e7\u0131klamada, &quot;Barak savunma bakan\u0131 m\u0131 olmak istiyor? O L\u00fcbnan&#39;dan ka\u00e7\u0131s\u0131n mimar\u0131yd\u0131&quot; diye kinayeli bir cevap verdi.<\/strong> <\/p>\n<p> <strong>\u0130\u015f\u00e7i Partisince d\u00fczenlenen bir konferansta ise Peretz, Ba\u015fbakan&#39;la olan anla\u015fma uyar\u0131nca Birle\u015fmi\u015f Tevrat Yahudili\u011fi partisi sosyal g\u00fcvenlik bakanl\u0131\u011f\u0131n\u0131 almazsa, bunu ba\u015fka bir bakanl\u0131kla de\u011fi\u015f toku\u015f ederek kendilerinin alaca\u011f\u0131n\u0131 s\u00f6yledi.<\/strong> <\/p>\n<p> <strong>Peretz, &quot;Size s\u00f6z veriyorum; gelecek hafta bu makam\u0131 Ba\u015fbakan&#39;dan alacak ve bu koltu\u011fa kimin oturaca\u011f\u0131na karar verece\u011fim&quot; dedi. Kendisini hedef alanlar\u0131 da \u015fiddetle ele\u015ftiren Savunma Bakan\u0131, &quot;\u00dcstlendi\u011fim yurtta\u015fl\u0131k g\u00f6revine \u00e7ok \u00f6nem veriyorum. E\u011fer sorumsuzca yap\u0131lan bir \u015fey varsa, bu da \u015fahs\u0131ma kar\u015f\u0131 i\u00e7eriden ve d\u0131\u015far\u0131dan y\u00f6neltilen ele\u015ftirilerdir. \u00c7\u00fcnk\u00fc bunlar ulusumuzun moralini y\u0131prat\u0131yor&quot; diye konu\u015ftu.<a name=\"_ftnref8\" href=\"#_ftn8\" title=\"_ftnref8\"><strong>[8]<\/strong><\/a><\/strong> <\/p>\n<p> <\/p>\n<hr \/>\n<p> <a name=\"_ftn1\" href=\"#_ftnref1\" title=\"_ftn1\">[1]<\/a> 25.10.2006 \/ Zaman <\/p>\n<p> <a name=\"_ftn2\" href=\"#_ftnref2\" title=\"_ftn2\">[2]<\/a> 24.09.2006 \/ C\u00fcneyt \u00dclsever \/ H\u00fcrriyet <\/p>\n<p> <a name=\"_ftn3\" href=\"#_ftnref3\" title=\"_ftn3\">[3]<\/a> 21.10.2006 \/ Zaman <\/p>\n<p> <a name=\"_ftn4\" href=\"#_ftnref4\" title=\"_ftn4\">[4]<\/a> 20.10.2006 \/ Zaman <\/p>\n<p> <a name=\"_ftn5\" href=\"#_ftnref5\" title=\"_ftn5\">[5]<\/a> Milli Gazete \/ 09.12.2006 <\/p>\n<p> <a name=\"_ftn6\" href=\"#_ftnref6\" title=\"_ftn6\">[6]<\/a> 27.10.2005 \/ Fatih Altayl\u0131 \/ Sabah <\/p>\n<p> <a name=\"_ftn7\" href=\"#_ftnref7\" title=\"_ftn7\">[7]<\/a> 02.04.2006 \/ Fatih Altayl\u0131 \/ H\u00fcrriyet <\/p>\n<p> <a name=\"_ftn8\" href=\"#_ftnref8\" title=\"_ftn8\">[8]<\/a> Milli Gazete \/ 25.11.2006 <\/p>\n","protected":false},"excerpt":{"rendered":"<p>\u00a0  <\/p>\n<p> ABD&#39;nin s\u00fcrekli destek verdi\u011fi \u0130srail&#39;in L\u00fcbnan sald\u0131r\u0131lar\u0131n\u0131n ard\u0131ndan Amerikan Yahudi toplumu aras\u0131nda \u0130srail-ABD ili\u015fkileri \u00fczerine hararetli tart\u0131\u015fmalar ba\u015flad\u0131. Ve tarihinde ilk defa Siyonist lobinin kurmaylar\u0131 ve Gizli D\u00fcnya Devleti&#39;nin Yahudi patronlar\u0131 ikiye ayr\u0131ld\u0131. <\/p>\n<p> \u0130ngiliz Financial Times gazetesi, \u0130srail&#39;in L\u00fcbnan&#39;\u0131 yerle bir etmesine izin veren Washington&#39;a k\u0131zan Amerika&#39;daki baz\u0131 Yahudi \u00e7evrelerin, \u0130srail ile Filistin aras\u0131nda bar\u0131\u015f\u0131n sa\u011flanmas\u0131 i\u00e7in \u00e7al\u0131\u015facak yeni bir Yahudi lobisini \u00f6rg\u00fctlemeye \u00e7al\u0131\u015ft\u0131\u011f\u0131n\u0131 a\u00e7\u0131klad\u0131. Gazete, &quot;Yeni \u0130srail Projesi&quot; ad\u0131 verilen \u00f6rg\u00fctlenmeye, ABD Ba\u015fkan\u0131 George Bush&#39;a kar\u015f\u0131 \u00e7\u0131k\u0131\u015flar\u0131yla tan\u0131nan d\u00fcnyaca \u00fcnl\u00fc Yahudi as\u0131ll\u0131 milyarder i\u015fadam\u0131 George Soros&#39;un da destek verece\u011fini yazd\u0131. Gazetede yer alan haberde, Amerika&#39;daki Yahudi toplumu i\u00e7inde, baz\u0131 Filistinliler ve Soros&#39;la birlikte bar\u0131\u015f i\u00e7in lobi faaliyetinde bulunacak yeni bir giri\u015fimin ba\u015flat\u0131ld\u0131\u011f\u0131 vurguland\u0131. ABD&#39;deki di\u011fer Yahudi lobilerine alternatif olacak bu grubun, ABD&#39;nin Ortado\u011fu&#39;da devreye girece\u011fi ve iki devletli bir \u00e7\u00f6z\u00fcm i\u00e7in lobi faaliyetlerinde bulunaca\u011f\u0131 anlat\u0131ld\u0131. Yeni yap\u0131n\u0131n, Amerika&#39;daki en etkili lobi kurulu\u015flar\u0131ndan biri olan Amerikan \u0130srail Kamu \u0130\u015fleri Komitesi&#39;ne (AIPAC) rakip olabilece\u011fini ileri s\u00fcren Financial Times, ancak yeni olu\u015fumun liderlerinin, \u015fimdilik bunu reddetti\u011fini yazd\u0131. Gazeteye konu\u015fan Yeni \u0130srail Projesi&#39;nin y\u00f6neticilerinden Jeremy Ben-Ami, &quot;L\u00fcbnan krizi bu tart\u0131\u015fmalara aciliyet getirdi. Tart\u0131\u015fmalar, \u0130srail&#39;in g\u00fcvenli\u011finin Filistin krizini bar\u0131\u015f\u00e7\u0131l bir yolla \u00e7\u00f6zmekten ge\u00e7ti\u011fi g\u00f6r\u00fc\u015f\u00fcn\u00fc Yahudi toplumuna benimsetme \u00e7abas\u0131n\u0131 i\u00e7eriyor. \u0130srail&#39;in gelece\u011fi ve g\u00fcvenli\u011fi i\u00e7in derin endi\u015fe duyuyoruz. L\u00fcbnan sava\u015f\u0131, \u0130srail&#39;in kar\u015f\u0131 kar\u015f\u0131ya kald\u0131\u011f\u0131 tehlikeyi g\u00f6steriyor ve bunun i\u00e7in m\u00fcmk\u00fcn olan en k\u0131sa zamanda bar\u0131\u015fa ihtiya\u00e7 var.&quot; Diyerek dolayl\u0131 bi\u00e7imde Bush y\u00f6netimini ve onu destekleyen Yahudileri su\u00e7lad\u0131. Financial Times, projeye destek verenler aras\u0131nda ABD Yahudi Kongresi&#39;nden David Elcott, ABD&#39;nin eski d\u0131\u015f politika planlamac\u0131s\u0131 ve Soros&#39;un ba\u015fkan\u0131 oldu\u011fu A\u00e7\u0131k Toplum Enstit\u00fcs\u00fc yetkililerinden Morton Halperin ve &quot;Bar\u0131\u015f hemen \u015eimdi&quot; \u00f6rg\u00fct\u00fcn\u00fcn Ba\u015fkan\u0131 Debra DeLee gibi isimlerin yer ald\u0131\u011f\u0131n\u0131 kaydetti. \u0130srail&#39;in Hizbullah&#39;a kar\u015f\u0131 kulland\u0131\u011f\u0131 taktikleri ele\u015ftiren ve Filistinlilerle siyasi bir \u00e7\u00f6z\u00fcme ula\u015f\u0131lmas\u0131n\u0131 isteyen George Soros&#39;un da projeye destek vermesi bekleniyor.  <\/p>\n","protected":false},"author":4,"featured_media":0,"comment_status":"open","ping_status":"closed","sticky":false,"template":"","format":"standard","meta":{"footnotes":""},"categories":[65],"tags":[],"class_list":["post-820","post","type-post","status-publish","format-standard","hentry","category-ocak-2007"],"_links":{"self":[{"href":"https:\/\/www.millicozum.com\/mc\/wp-json\/wp\/v2\/posts\/820","targetHints":{"allow":["GET"]}}],"collection":[{"href":"https:\/\/www.millicozum.com\/mc\/wp-json\/wp\/v2\/posts"}],"about":[{"href":"https:\/\/www.millicozum.com\/mc\/wp-json\/wp\/v2\/types\/post"}],"author":[{"embeddable":true,"href":"https:\/\/www.millicozum.com\/mc\/wp-json\/wp\/v2\/users\/4"}],"replies":[{"embeddable":true,"href":"https:\/\/www.millicozum.com\/mc\/wp-json\/wp\/v2\/comments?post=820"}],"version-history":[{"count":0,"href":"https:\/\/www.millicozum.com\/mc\/wp-json\/wp\/v2\/posts\/820\/revisions"}],"wp:attachment":[{"href":"https:\/\/www.millicozum.com\/mc\/wp-json\/wp\/v2\/media?parent=820"}],"wp:term":[{"taxonomy":"category","embeddable":true,"href":"https:\/\/www.millicozum.com\/mc\/wp-json\/wp\/v2\/categories?post=820"},{"taxonomy":"post_tag","embeddable":true,"href":"https:\/\/www.millicozum.com\/mc\/wp-json\/wp\/v2\/tags?post=820"}],"curies":[{"name":"wp","href":"https:\/\/api.w.org\/{rel}","templated":true}]}}