{"id":823,"date":"2007-01-03T12:28:13","date_gmt":"2007-01-03T12:28:13","guid":{"rendered":"https:\/\/www.millicozum.com\/mc\/2007\/01\/03\/barmerkez-bankasi-ameraya-tansin\/"},"modified":"2007-01-03T12:28:13","modified_gmt":"2007-01-03T12:28:13","slug":"bari-merkez-bankasi-amerikaya-tasinsin","status":"publish","type":"post","link":"https:\/\/www.millicozum.com\/mc\/2007\/ocak-2007\/bari-merkez-bankasi-amerikaya-tasinsin\/","title":{"rendered":"BAR\u0130 MERKEZ BANKASI AMER\u0130KA&#8217;YA TA\u015eINSIN!"},"content":{"rendered":"<p>\u00a0  <\/p>\n<p> <strong>As\u0131l merkez Washington mu?<\/strong>  <\/p>\n<p> <strong>Ak\u015fam gazetesinden G\u00fclay Atlan 13.08.2006 g\u00fcn\u00fc yay\u0131mlanan r\u00f6portaj\u0131nda, genel olarak ele\u015ftirdi\u011fimiz konularla paralellik arz eden g\u00f6r\u00fc\u015fler beyan eden Marmara \u00dcniversitesi \u0130ktisat Fak\u00fcltesi Dekan\u0131 Prof. Osman Altu\u011f ve \u0130stanbul \u00dcniversitesi Bankac\u0131l\u0131k Ara\u015ft\u0131rma Merkezi M\u00fcd\u00fcr\u00fc Prof. Targan \u00dcnal&#39;\u0131n g\u00f6r\u00fc\u015flerine yer vermi\u015f. <\/strong> <\/p>\n<p> <strong>Malum oldu\u011fu \u00fczere, Devlet Bakan\u0131 Ali Babacan aniden bir a\u00e7\u0131klama yapt\u0131 ve dedi ki: &#8216;Merkez Bankas\u0131 idari merkezi \u0130stanbul&#39;a ta\u015f\u0131nacak.&#39; H\u00fck\u00fcmetin plan\u0131na g\u00f6re \u0130stanbul, sadece Merkez Bankas\u0131 de\u011fil ayn\u0131 zamanda BDDK (Bankac\u0131l\u0131k D\u00fczenleme ve Denetleme Kurulu) ve SPK&#39;n\u0131n (Sermaye Piyasalar\u0131 Kurulu) merkezlerinin de ta\u015f\u0131nmas\u0131yla finansal ba\u015fkent olacak! <\/strong> <\/p>\n<p>  \u00a0  <\/p>\n<p> <strong>Merkez Bankas\u0131 ise \u00f6nce &#8216;\u015fimdiye kadar bu y\u00f6nde al\u0131nm\u0131\u015f bir karar yok&#39; dedi! Sonra bu dedi\u011finden \u00e7ark etti ve bu durum H\u00fck\u00fcmet ile Merkez Bankas\u0131 aras\u0131nda bir z\u0131tla\u015fma \u015feklinde yorumland\u0131. <\/strong> <\/p>\n<p> <strong>Tart\u0131\u015fmaya i\u015fadam\u0131 derneklerinden banka y\u00f6neticilerine kadar herkes kat\u0131lmaya ba\u015flad\u0131. <\/strong> <\/p>\n<p> <strong>Bu tart\u0131\u015fmalar aras\u0131nda &#8216;bari ba\u015fkent de \u0130stanbul olsun&#39; diyenler de \u00e7\u0131kt\u0131! <\/strong> <\/p>\n<p> <strong>Sizleri r\u00f6portaj\u0131n baz\u0131 \u00f6nemli b\u00f6l\u00fcmleri ile ba\u015f ba\u015fa b\u0131rak\u0131yoruz. <\/strong> <\/p>\n<p> <strong>Asl\u0131nda merkez Washington&#39;dad\u0131r! <\/strong> <\/p>\n<p> &#8211; Merkez Bankas\u0131&#39;n\u0131n \u0130stanbul&#39;a ta\u015f\u0131nmas\u0131 karar\u0131 gerekli ve isabetli mi? <\/p>\n<p> Prof. Dr. Osman Altu\u011f: Merkez Bankas\u0131&#39;n\u0131n merkezi Ankara m\u0131d\u0131r? Asl\u0131nda merkez Washington&#39;dad\u0131r! Dolay\u0131s\u0131yla Merkez Bankas\u0131&#39;n\u0131n bulundu\u011fu yer co\u011frafi olarak o kadar da \u00f6nemli de\u011fil. Zaten \u00f6n\u00fcm\u00fczdeki 10 y\u0131ll\u0131k s\u00fcre\u00e7te merkez bankalar\u0131 i\u015flevlerini de kaybedecek. \u00c7\u00fcnk\u00fc dijital para sistemine ge\u00e7ilecek, \u015fimdi Merkez Bankas\u0131 olarak kas\u0131lan y\u00f6neticilerin bir anda i\u015flevsiz kald\u0131klar\u0131n\u0131 g\u00f6rece\u011fiz. Teknoloji Merkez Bankas\u0131&#39;n\u0131n \u00f6n\u00fcnde gidiyor.  <\/p>\n<p> Prof. Dr. Targan \u00dcnal: Merkez Bankas\u0131&#39;n\u0131n ta\u015f\u0131nmas\u0131 yeni al\u0131nm\u0131\u015f bir karar de\u011fildir, bana kal\u0131rsa uzun s\u00fcredir planlanan bir b\u00fct\u00fcn\u00fcn par\u00e7as\u0131&#8230;  <\/p>\n<p> &#8211; Sadece y\u00fcz y\u00fcze g\u00f6r\u00fc\u015fmeleri kolayla\u015ft\u0131rmas\u0131 m\u0131 hedefleniyor?  <\/p>\n<p> <strong>T.\u00dc.:<\/strong> H\u00fck\u00fcmet BMSV (Banka ve Sigorta Muameleleri Vergisi) gibi baz\u0131 idari kesintiler ve fonlar\u0131n ileride d\u00fc\u015f\u00fcr\u00fclece\u011fini ve bunlar\u0131n da yabanc\u0131 yat\u0131r\u0131mc\u0131lar i\u00e7in cazip olaca\u011f\u0131n\u0131 a\u00e7\u0131klad\u0131. Merkez Bankas\u0131&#39;n\u0131n \u0130stanbul&#39;a gelmesiyle yabanc\u0131lara bir kolayl\u0131k daha hedeflenmi\u015f olabilir&#8230;  <\/p>\n<p> <strong>Merkez Bankas\u0131&#39;n\u0131n temel g\u00f6revleri nedir?<\/strong> <\/p>\n<p> -Merkez Bankas\u0131 ekonomi haberlerinden \u00e7\u0131k\u0131p g\u00fcncel haberlerin ba\u015f akt\u00f6r\u00fc oldu. Ba\u015fkan\u0131n\u0131n atanmas\u0131ndan ta\u015f\u0131nmas\u0131na \u00e7ok fazla konu\u015fulmaya ba\u015fland\u0131. Merkez Bankas\u0131&#39;n\u0131n temel g\u00f6revleri nedir?  <\/p>\n<p> <strong>O. A.:<\/strong> Merkez Bankas\u0131&#39;n\u0131n temel g\u00f6revi emisyon hacmini yani dola\u015f\u0131mdaki para miktar\u0131n\u0131 ayarlamak. Merkez Bankas\u0131 son d\u00f6nemde b\u00fcy\u00fck bir rekor k\u0131rd\u0131. 2002 sonunda yakla\u015f\u0131k 7 katrilyon olan emisyon hacmini bug\u00fcn 25 katrilyona \u00e7\u0131kard\u0131. Demek ki Merkez Bankas\u0131&#39;n\u0131n matbaalar\u0131 \u00e7ok iyi \u00e7al\u0131\u015f\u0131yor. \u0130kincisi bankalar aras\u0131 para piyasalar\u0131nda faiz oranlar\u0131n\u0131 \u015fekillendirmek ama onu da &#8216;\u00fc\u00e7ka\u011f\u0131t ekonomisinin&#39; verdi\u011fi y\u00f6ne g\u00f6re yapmak, faizleri indirmek, faizleri y\u00fckseltmek ve kurlar\u0131 buna g\u00f6re ayarlamak. Faizler y\u00fckseldik\u00e7e kurlar d\u00fc\u015f\u00fcyor, kurlar y\u00fckseldik\u00e7e faizler d\u00fc\u015f\u00fcyor gibi bir mant\u0131k i\u00e7inde hareket ediyorlar ve halk\u0131m\u0131z zannediyor ki &#8216;Merkez Bankas\u0131 paraya y\u00f6n veriyor.&#39;  <\/p>\n<p> <strong>&#8211; Vermiyor mu?<\/strong> <\/p>\n<p> O.A.: Hay\u0131r, bu kurumlar\u0131n fonksiyonlar\u0131 san\u0131ld\u0131\u011f\u0131 gibi \u00fcretime y\u00f6nelik de\u011fildir. Bir \u00fclkede paran\u0131n de\u011ferini belirleyen esas unsur &#8216;\u00fcretimin g\u00fcc\u00fc&#39;d\u00fcr. Bizim gibi \u00fclkelerde paran\u0131n de\u011ferini belirleyici unsur olarak tamamen parasalc\u0131 bir ekonomik model se\u00e7ilir, y\u00f6netimi Merkez Bankas\u0131&#39;na verilir, o da kendini her \u015feye kadir g\u00f6rmeye ba\u015flarsa \u015fenlik olur.  <\/p>\n<p> T.\u00dc.: Avrupa Birli\u011fi i\u00e7indeki bankac\u0131l\u0131k sistemi faiz oranlar\u0131na uyum, ard\u0131ndan da AB i\u00e7indeki Merkez Bankas\u0131&#39;nda toplanma hedefi var. D\u00fc\u015f\u00fcn\u00fcnce 10 y\u0131l i\u00e7inde Merkez Bankas\u0131 fonksiyonunu kaybedecektir.  <\/p>\n<p> <strong>\u0130\u015fsizin enflasyonu y\u00fczde y\u00fcz! <\/strong> <\/p>\n<p> &#8211; Merkez Bankas\u0131 t\u00fcm \u00fclkelerde fonksiyonel mi?  <\/p>\n<p> <strong>O.A.:<\/strong> T\u00fcrkiye&#39;de 12 Aral\u0131k 1999 g\u00fc\u00e7l\u00fc ekonomiye ge\u00e7i\u015f program\u0131yla Merkez Bankas\u0131 \u00e7ok fonksiyonel h\u00e2le getirildi ve bu programla T\u00fcrkiye asl\u0131nda bir deli g\u00f6mle\u011fi giydi. Dolar\u0131n kafas\u0131na bas, dolar fiyatlar\u0131 d\u00fc\u015fs\u00fcn, d\u00fc\u015ft\u00fck\u00e7e ithalat arts\u0131n, ithalat artt\u0131k\u00e7a \u00fclkedeki i\u015fsizlik ve gelir da\u011f\u0131l\u0131m\u0131ndaki adaletsizlik daha da yayg\u0131nla\u015fs\u0131n. Sanki tek hedef enflasyonu a\u015fa\u011f\u0131 \u00e7ekmek. Evet enflasyonu d\u00fc\u015f\u00fcr\u00fcrs\u00fcn\u00fcz ama herkesin enflasyonu kendine. \u0130\u015fsiz adam\u0131n enflasyonu kafadan y\u00fczde 100, Merkez Bankas\u0131 nutuk at\u0131yor! Bu tip kurumlar daha \u00e7ok \u015fov kurumlar\u0131d\u0131r.<a name=\"_ftnref1\" href=\"#_ftn1\" title=\"_ftnref1\">[1]<\/a>  <\/p>\n<p> <\/p>\n<p> <strong>Bu arada Yunanistan&#39;dan sonra \u015fimdi \u0130srail bankas\u0131 T\u00fcrkiye&#39;de Banka sat\u0131n ald\u0131!?<\/strong> <\/p>\n<p> <strong>\u0130srail merkezli Banka Hapoalim B.M Bank Pozitif\u00a0 Kredi ve Kalk\u0131nma Bankas\u0131 A.\u015e&#39;nin (Bank Pozitif) % 57,55&#39;ini ald\u0131\u011f\u0131 \u00f6\u011frenildi.<\/strong> <\/p>\n<p> <strong>Bank Pozitif&#39;ten yap\u0131lan a\u00e7\u0131klamada, s\u00f6z konusu sat\u0131n alma i\u015fleminin Hapoalim&#39;e ait olan Tarshish-Hapoalim Holdings and Investmen Ltd&#39;nin Bank Pozitif&#39;in artt\u0131r\u0131lan sermaye paylar\u0131na kat\u0131lmas\u0131yla ger\u00e7ekle\u015ftirdi\u011fi belirtildi.<\/strong> <\/p>\n<p> <strong>Bank Pozitif&#39;in sermaye art\u0131\u015f i\u015flemlerinin 17 Kas\u0131m 2006 tarihinde tamamlanmas\u0131yla toplam \u00f6z kayna\u011f\u0131n\u0131n 233 milyon YTL (161 Milyon ABD Dolar\u0131) seviyesine y\u00fckseldi\u011fi ifade edilen a\u00e7\u0131klamada, sat\u0131n alma i\u015flemleriyle ilgili sat\u0131\u015f s\u00f6zle\u015fmesi kapsam\u0131nda \u00f6n\u00fcm\u00fczdeki birka\u00e7 hafta i\u00e7erisinde ilave bir sermaye art\u0131\u015f\u0131 yap\u0131larak toplam \u00f6z kayna\u011f\u0131n yakla\u015f\u0131k 170 milyon dolar civar\u0131na y\u00fckselmesinin beklendi\u011fi kaydedildi.<\/strong> <\/p>\n<p> <strong>A\u00e7\u0131klamada, Bank Pozitif&#39;in kurumsal bankac\u0131l\u0131k alan\u0131nda faaliyetlerine devam edece\u011fi, bireysel bankac\u0131l\u0131k alan\u0131nda geni\u015f yelpazeli hizmet vermeyi hedefledi\u011fi, bu alandaki pilot uygulamalar\u0131n\u0131 hayata ge\u00e7irmeye ba\u015flad\u0131\u011f\u0131 bildirildi.<\/strong> <\/p>\n<p> <strong>Merkez Bankas\u0131 \u0130stanbul&#39;a ta\u015f\u0131n\u0131rsa, k\u0131yamet kopar!<\/strong> <\/p>\n<p> &quot;K\u0131yamet kopar! \u00c7\u00fcnk\u00fc, ta\u015f\u0131nmas\u0131 olanaks\u0131zd\u0131r: Tarihi nedenlerden, ba\u011f\u0131ms\u0131zl\u0131k sava\u015f\u0131ndaki tarihsel konumundan dolay\u0131 ta\u015f\u0131namaz; co\u011frafi nedenlerden, ula\u015f\u0131m, haberle\u015fme, savunmada merkezi konumundan dolay\u0131 ta\u015f\u0131namaz; ulusal ideolojik nedenlerden, Cumhuriyet ve Devrim ile \u00f6zde\u015fle\u015fmesinden dolay\u0131 ta\u015f\u0131namaz.&quot; <\/p>\n<p> Yank\u0131 Dergisinin, bankac\u0131l\u0131k, merkez bankas\u0131 ve devlet merkezinin \u0130stanbul&#39;a ta\u015f\u0131nmas\u0131 giri\u015fimleri hakk\u0131ndaki sorular\u0131n\u0131, \u0130P \u00dcyesi, Eski Hazine Banka ve Kambiyo Genel M\u00fcd\u00fcr\u00fc, BM Daimi Temsilci Yard\u0131mc\u0131s\u0131 Ali Kocat\u00fcrk yan\u0131tlad\u0131. Bir b\u00f6l\u00fcm\u00fc Yank\u0131 dergisinin Eyl\u00fcl 2006 tarihli say\u0131s\u0131nda da yay\u0131mlanan soru ve yan\u0131tlar\u0131 sunuyoruz. <\/p>\n<p> <strong>Yank\u0131-<\/strong> Kamu bankas\u0131z devlet olur mu? Bu ba\u011flamda d\u00fcnyadaki uygulamalar nelerdir? <\/p>\n<p> <strong>Ali Kocat\u00fcrk:<\/strong> Devletle kamu bankalar\u0131 aras\u0131ndaki ili\u015fkilerin niteli\u011fi, bu nitelikteki de\u011fi\u015fmeyle ilgilidir ve bir d\u00f6n\u00fc\u015f\u00fcm sorunu olarak ele al\u0131nabilir. Bu d\u00f6n\u00fc\u015f\u00fcm, kamu bankalar\u0131-\u00f6zel bankalar, ve tersi, \u00e7evrimlerinde kavran\u0131labilir. Kuramsal olarak, kamu bankalar\u0131n\u0131n \u00f6zel bankalara d\u00f6n\u00fc\u015ft\u00fcr\u00fclmesi, bir yandan bu bankalar\u0131n sahipli\u011finde di\u011fer yandan da i\u015flevlerinde de\u011fi\u015fiklik sa\u011flanmas\u0131, \u00f6zelle\u015ftirme, olanakl\u0131d\u0131r; kar\u015f\u0131t\u0131 kamula\u015ft\u0131rma da; hi\u00e7bir \u015fey imkans\u0131z de\u011fildir. Ancak, bunlar\u0131n birer olgu olarak ger\u00e7ekle\u015fmesi \u00e7eli\u015fiktir; \u00f6zelle\u015ftirmenin oldu\u011fu yerde kamula\u015ft\u0131rma, ya da tersi, yoktur. &#8216;Kamu bankas\u0131z Devlet&#39; deyimlemesini, bu ba\u011flamda, de\u011ferlendirmek gerekir. Kamu bankalar\u0131, i\u015flevleri y\u00f6n\u00fcnden di\u011fer ticari bankalardan ayr\u0131l\u0131r: Bu bankalar, kamu yarar ve \u00e7\u0131kar\u0131n\u0131 g\u00f6zetme ilkesine g\u00f6re \u00e7al\u0131\u015f\u0131rlar. Ama\u00e7lar\u0131, salt kar etmek de\u011fildir; tersine, y\u00fcklendikleri, sosyal, finansman ve di\u011fer g\u00f6revler dolay\u0131s\u0131yla, g\u00f6rev zarar\u0131 y\u00fcklenen ve kamu kaynaklar\u0131yla bu zararlar\u0131 kapat\u0131lan kurulu\u015flard\u0131r. <\/p>\n<p> <strong>&quot;Evrim S\u00fcrecinin Ka\u00e7\u0131n\u0131lmaz Sonucu&quot; mu?<\/strong> <\/p>\n<p> IMF&#39;ce benimsenen bir yakla\u015f\u0131m, kamu bankalar\u0131-\u00f6zel bankalar \u00e7evrimini, \u00f6zelle\u015ftirmeyi, bir evrim s\u00fcrecinin ka\u00e7\u0131n\u0131lmaz sonucu olarak de\u011ferlendirmektedir. Buna g\u00f6re, &quot;\u00f6zel bankalar, kamu bankalar\u0131n\u0131n geli\u015fmi\u015f bir bi\u00e7imidir; t\u00fcm ekonomik faaliyetler, ticaridir, kar ama\u00e7l\u0131d\u0131r. Bu bankalar, \u00f6te yandan, mevduat toplama ve kredi mekanizmas\u0131ndan dolay\u0131, kamu yarar\u0131na \u00e7al\u0131\u015fmaktad\u0131rlar. Esasen, Devlet \u00f6zel \u00e7\u0131karlarla kamu \u00e7\u0131karlar\u0131n\u0131n \u00e7at\u0131\u015fmas\u0131n\u0131 \u00f6nleyecek \u00f6nlemleri almakla, bu \u00e7\u0131karlar aras\u0131nda uyum sa\u011flayacak d\u00fczenlemeleri yapmakla y\u00fck\u00fcml\u00fcd\u00fcr&quot;. Bu g\u00f6r\u00fc\u015f, \u00f6zel bankalar\u0131, salt ya ticari ya da yat\u0131r\u0131m bankalar\u0131na indirgemekte; kamu bankalar\u0131n\u0131 ortadan kald\u0131rmaktad\u0131r. Burada yal\u0131n ger\u00e7ek \u015fudur: \u00d6zelle\u015ftirilen bir kamu bankas\u0131, art\u0131k, bir kamu bankas\u0131 de\u011fildir; ve \u00f6zelle\u015ftirme dolay\u0131s\u0131yla, korunan bir \u00f6zellik, bir kazan\u00e7 olmad\u0131\u011f\u0131 gibi aksine kay\u0131p da vard\u0131r. Bu bankalar\u0131n kamu bankalar\u0131ndan dev\u015firilmesi olgusu, bu bankalar\u0131n, banka olarak, kamu bankas\u0131 olma karakterinin olumsuzlanmas\u0131ndan ba\u015fka bir \u015fey de\u011fildir. <\/p>\n<p> <strong>Bankalar, \u00f6z\u00fcnde, kamu yarar ve \u00e7\u0131kar i\u00e7indir; ve tarihsel geli\u015fmeleri bu amac\u0131 ger\u00e7ekle\u015ftirmeye d\u00f6n\u00fckt\u00fcr. Varl\u0131klar\u0131, bu \u00f6zle \u00e7eli\u015fen bankalar, adlar\u0131 banka olsa bile, ger\u00e7ekten banka de\u011fildir. O halde bankalar\u0131n kamusal niteli\u011fi, ger\u00e7ek karakterleridir, ya da do\u011fru bi\u00e7imleridir; kamula\u015ft\u0131rma, bir ilke olarak, bu geli\u015fmeyi. y\u00f6nlendiricidir. <\/strong> <\/p>\n<p> <strong>\u00d6l\u00fc Liberal Ekonomi Felsefesini Ya\u015fatma \u00c7abas\u0131<\/strong> <\/p>\n<p> Bu olumsuzlaman\u0131n olumsuzlanmas\u0131 gerekir. Nitekim, destekledi\u011fimiz kar\u015f\u0131t yakla\u015f\u0131m, \u00f6zel bankalar-kamu bankalar\u0131 \u00e7evrimini, kamula\u015ft\u0131rma, ger\u00e7ek bir evrim s\u00fcreci olarak kavramaktad\u0131r. Nitekim, kamu bankalar\u0131, \u00f6zel bankalar\u0131n da i\u015flevini -mevduat toplama ve kredi verme gibi- ger\u00e7ekte, \u00f6zel bankalara g\u00f6re daha geli\u015fmi\u015f olarak yapmaktad\u0131r. Bir \u015feyin ger\u00e7ek karakteri, o \u015feyin en geli\u015fmi\u015f bi\u00e7imindedir; hatta kayna\u011f\u0131na d\u00f6n\u00fcld\u00fc\u011f\u00fcnde, bu karakterin orada \u00f6rt\u00fck bulundu\u011fu, bask\u0131da tutuldu\u011fu, kendini a\u00e7\u0131\u011fa vurmad\u0131\u011f\u0131, s\u00f6ylenebilir. \u00d6zel bankalar, do\u011falar\u0131 gere\u011fi, kamu yarar ve \u00e7\u0131kar\u0131na g\u00f6re de\u011fil, fakat \u00f6zel yarar ve \u00e7\u0131karlara g\u00f6re \u00e7al\u0131\u015f\u0131rlar. Bu \u00e7eli\u015fkinin \u00e7\u00f6z\u00fcm\u00fc, kamu bankalar\u0131n\u0131n varl\u0131k nedenidir. Kamu bankalar\u0131, \u00f6zel yarar ve \u00e7\u0131kar sa\u011flamayan bankalard\u0131r. Kamu \u00e7\u0131karlar\u0131, \u00f6zel \u00e7\u0131karlara \u00f6nceldir. <\/p>\n<p> Bankac\u0131l\u0131k sisteminde, kamu bankalar\u0131n\u0131n \u00f6zelle\u015ftirilmesi, geriye d\u00f6n\u00fckt\u00fcr: \u00d6l\u00fc liberal ekonomi felsefesini ya\u015fatmaya \u00e7al\u0131\u015fmaktan, sosyal devleti, salt devlet anlay\u0131\u015f\u0131na indirgemekten ba\u015fka bir \u015fey de\u011fildir. <\/p>\n<p> Bankac\u0131l\u0131k sekt\u00f6r\u00fcnde, son y\u0131llarda, ortaya \u00e7\u0131kan geli\u015fmelerden kamu bankalar\u0131n\u0131n tasfiye edilmekte olduklar\u0131, ya da i\u015flevlerinin giderek s\u0131n\u0131rland\u0131r\u0131ld\u0131\u011f\u0131 ve yabanc\u0131 bankalarla entegrasyona gidildi\u011fi g\u00f6zlemlenmektedir. Bu e\u011filimin s\u00fcrd\u00fcr\u00fclmesi sonucunda, bir yandan B\u0130S ve IMF, belki ileride Avrupa Yat\u0131r\u0131m Bankas\u0131, di\u011fer yandan da d\u0131\u015f bankalar g\u00f6zetim ve denetimdeki bir bankac\u0131l\u0131k sekt\u00f6r\u00fcyle b\u00fct\u00fcn ekonomik faaliyetlerde d\u0131\u015fa ba\u011f\u0131ml\u0131k artacakt\u0131r. <\/p>\n<p> <strong>\u00dclke Ekonomileri Ba\u011f\u0131ms\u0131z MB&#39;lerle Y\u00f6netiliyor!?<\/strong> <\/p>\n<p> <strong>Yank\u0131-<\/strong> Merkez Bankas\u0131 ve di\u011fer kamu bankalar\u0131n\u0131n merkezinin Ankara&#39;dan \u0130stanbul&#39;a ta\u015f\u0131nmas\u0131 mant\u0131\u011f\u0131n\u0131n alt\u0131nda size g\u00f6re asl\u0131nda ne var? <\/p>\n<p> <strong>Kocat\u00fcrk:<\/strong> Kamu bankalar\u0131, BDDK, SPK, Merkez Bankas\u0131&#39;n\u0131n \u0130stanbul&#39;a nakli, basit bir yer de\u011fi\u015ftirme hareketi olmamakla birlikte, bu harekete neden olan etkenler \u00fczerinde durmak gerekmektedir. <\/p>\n<p> \u00d6teden beri, mali kontrol\u00fc \u00f6zel bir elde toplayan kapsaml\u0131, evrensel, bir sistem olu\u015fturarak \u00fclke ekonomilerini, B\u0130S (Bank for \u0130nternational Settlements) g\u00fcd\u00fcm\u00fcnde, IMF ve IBRD (The World Bank) vas\u0131tas\u0131yla, ba\u011f\u0131ms\u0131z Merkez Bankalar\u0131yla y\u00f6netmek ve \u00fclke siyasetlerini bi\u00e7imlemek konusunda s\u00fcrd\u00fcr\u00fclen \u00e7abalar\u0131n, bir projenin bulundu\u011fu bilinmektedir. Bizi ilgilendiren y\u00f6n\u00fcyle konunun \u00fc\u00e7 boyutu bulunmaktad\u0131r:  <\/p>\n<p> BDDK&#39;n\u0131n Hazine&#39;den, TMSF&#39;nin Merkez Bankas\u0131&#39;ndan ayr\u0131larak ayr\u0131cal\u0131kl\u0131, ba\u011f\u0131ms\u0131z, konumlanmas\u0131;\u00a0 Kamu bankalar\u0131n\u0131n \u00f6zelle\u015ftirilerek ticari bankalara d\u00f6n\u00fc\u015ft\u00fcr\u00fclmesi, yani bunlar\u0131n K\u0130T&#39;lerin-esasen tasfiye edilmekte olduklar\u0131ndan-finansman\u0131ndan \u00e7ekilmesi ve sosyal ama\u00e7l\u0131-destekleme gibi faaliyetler k\u0131s\u0131tlanaca\u011f\u0131ndan-bu g\u00f6revlerden uzakla\u015ft\u0131r\u0131lmalar\u0131 ve-ihtisas kredilerinin, hayvanc\u0131l\u0131k, denizcilik, k\u00fc\u00e7\u00fck imalata, v.b. d\u00f6n\u00fck kredilerin ortadan kald\u0131r\u0131lmas\u0131; <strong>\u00a0<\/strong>Merkez Bankas\u0131&#39;n\u0131n ba\u011f\u0131ms\u0131z k\u0131l\u0131nmas\u0131 ve giderek \u00f6zelle\u015ftirilmesi.  <\/p>\n<p> K\u0130T&#39;ler esasen \u00f6zelle\u015ftirilmi\u015f ve \u00f6zelle\u015ftirilmekte oldu\u011fundan, TMSF ve BDDK&#39;ya ayr\u0131 bir varl\u0131k kazand\u0131r\u0131ld\u0131\u011f\u0131ndan, yukar\u0131daki son iki husus \u00fczerinde \u00e7abalar\u0131n yo\u011funla\u015ft\u0131\u011f\u0131 g\u00f6zlenmektedir. <\/p>\n<p> <strong>\u00a0Ankara, Mustafa Kemal Pa\u015fa&#39;n\u0131n deyi\u015fiyle, &quot;T\u00fcrk&#39;\u00fcn imkans\u0131z\u0131 imkan haline getiren kudretini&quot; b\u00fct\u00fcn d\u00fcnyaya g\u00f6steren somut bir \u00f6rnek ve de simge; emperyalizme kar\u015f\u0131 ba\u011f\u0131ms\u0131zl\u0131k m\u00fccadelesinin parolas\u0131, azim ve iradesinin, i\u015fareti; bozk\u0131rda, \u00e7orak topraklarda kan d\u00f6k\u00fclerek at\u0131lan bir tohum, dikilen bir fidan, ye\u015fertilen bir devrim \u00e7i\u00e7e\u011fi; T\u00fcrkiye Cumhuriyeti&#39;nin a\u011f\u0131rl\u0131k merkezi; \u0131\u015f\u0131ldayan bir ba\u015fka kent, Ba\u015f-Kent&#39;tir. <\/strong> <\/p>\n<p> <strong>Mali Boyunduruk!<\/strong> <\/p>\n<p> B\u0130S ve IMF taraf\u0131nda benimsenen Hayek, White \u00e7izgisinde geli\u015fen bir kuramda, Merkez Bankas\u0131&#39;n\u0131n ba\u011f\u0131ms\u0131zl\u0131\u011f\u0131 &#8216;serbest ticaret-serbest bankac\u0131l\u0131k&#39; ba\u011flam\u0131nda savunulmakta ve alt\u0131n-standard\u0131na, yeni \u015fekliyle bor\u00e7-paraya, bor\u00e7lanmaya, d\u00f6n\u00fc\u015f ama\u00e7lanmaktad\u0131r. Destekledi\u011fimiz kar\u015f\u0131t kuramda-Kaldor, Itoh, Ansari burada say\u0131labilir-Merkez Bankas\u0131&#39;n\u0131n ba\u011f\u0131ms\u0131zl\u0131\u011f\u0131, H\u00fck\u00fcmet&#39;in icraatlar\u0131ndan ba\u011f\u0131ms\u0131z, ancak uluslararas\u0131 mali \u00f6rg\u00fctlerinin kararlar\u0131ndan ba\u011f\u0131ms\u0131z de\u011fildir. Bu ekonomik ba\u011f\u0131ms\u0131zl\u0131\u011f\u0131n yitirilmesinden, t\u00fcm ekonomik faaliyetlerin uluslararas\u0131 mali \u00f6rg\u00fctlerin tercihleri do\u011frultusunda y\u00fcr\u00fct\u00fclmesinden, \u00fclkenin mali boyunduruk alt\u0131na al\u0131nmas\u0131ndan ba\u015fka bir \u015fey de\u011fildir. Tedav\u00fcldeki para, bizde de son y\u0131llarda g\u00f6zlenece\u011fi gibi, tamamen, &#8216;s\u0131cak para&#39; olarak bilinen, bor\u00e7lanmaya, bu bor\u00e7lanmadan kaynaklanan rezerv birikimine dayanmakta, ekonominin ger\u00e7ek gereksinimini d\u0131\u015flamaktad\u0131r ve sermaye birikimini de\u011fil, ulusal yada uluslararas\u0131 bankalara, ihra\u00e7 edilen Hazine Bono ve Tahvilleri al\u0131m-sat\u0131m\u0131yla, faiz rant aktar\u0131m\u0131 i\u015flevini yerine getirmektedir. Verilen Niyet Mektubu&#39;nda bu uygulamadan \u00f6d\u00fcn verilmeyece\u011fi vurgulanmaktad\u0131r. D\u00fcnya Bankas\u0131&#39;n\u0131n yap\u0131sal uyum kredilerinde, Merkez Bankas\u0131&#39;n\u0131n ba\u011f\u0131ms\u0131zl\u0131\u011f\u0131n\u0131n sa\u011flanmas\u0131 s\u00fcrekli korunan bir ko\u015fuldur. <\/p>\n<p> <strong>Yank\u0131-<\/strong> Devletin merkezi \u0130stanbul&#39;a m\u0131 ta\u015f\u0131n\u0131yor? Ta\u015f\u0131n\u0131rsa ne olur? <\/p>\n<p> <strong>Kocat\u00fcrk:<\/strong> Bu yer de\u011fi\u015ftirme hareketi, bir yerde, Ba\u015fkentin \u0130stanbul&#39;a ta\u015f\u0131nmas\u0131yla ilgili kimi ku\u015fku ya da kayg\u0131lar\u0131 da ister istemez pe\u015finden s\u00fcr\u00fcklemektedir Devlet Merkezi&#39;nin \u0130stanbul&#39;a ta\u015f\u0131nmas\u0131 salt bir olas\u0131l\u0131k olarak ortadad\u0131r; ve her ger\u00e7ek olgu ger\u00e7ek olas\u0131l\u0131\u011f\u0131 olanakl\u0131 olan bir olgudur. Ancak, burada bir ger\u00e7ek olas\u0131l\u0131k ya da olana\u011f\u0131n bulundu\u011funu sanm\u0131yoruz &#8216;Ta\u015f\u0131n\u0131rsa ne olur?&#39; K\u0131yamet kapar! <\/p>\n<p> Yer de\u011fi\u015ftirmeden bir sonraki hamle, Merkez Bankas\u0131&#39;n\u0131n \u00f6zelle\u015ftirilmesidir, Bu hareket, g\u00f6k g\u00fcr\u00fclt\u00fcs\u00fc gibi, ya\u011facak bir ya\u011fmurun ilk belirtisi olarak alg\u0131lanmal\u0131d\u0131r.  <\/p>\n<p> <strong>Uluda\u011f \u00dcniversitesi Rekt\u00f6r\u00fc Prof. Dr. Mustafa Yurtkuran:<\/strong> <\/p>\n<p> <strong>G\u00fcn\u00fc gelecek fabrikalar\u0131m\u0131z\u0131 geri alaca\u011f\u0131z!<\/strong> <\/p>\n<p> &quot;Madem TELEKOM&#39;u, bankalar\u0131m\u0131z\u0131, fabrikam\u0131z\u0131 yabanc\u0131ya satacakt\u0131k, bu kadar \u015fehidi niye verdik? Bu \u00fclkenin generalinin telefonunun dinlenmedi\u011fini Telekominikasyonun ba\u015f\u0131ndaki yabanc\u0131 s\u00f6yl\u00fcyorsa, biz burada utan\u00e7 i\u00e7indeyiz demektir. Tarihimiz geri almalarla doludur. Bu \u00fclkede son Atat\u00fcrk\u00e7\u00fc kal\u0131ncaya kadar bu sava\u015f devam edecektir!&quot; <\/p>\n<p> &quot;\u00d6zelle\u015ftirme Su\u00e7lular\u0131 Yarg\u0131lans\u0131n, \u0130\u015fgal Alt\u0131ndaki Kurumlar Kamuya \u0130ade Edilsin!&quot; \u0130\u015f\u00e7i Partisi&#39;nin sendikac\u0131larla birlikte ba\u015flatt\u0131\u011f\u0131 kampanya, yurt \u00e7ap\u0131nda destek buldu. Bunlar aras\u0131nda bir T\u00fcrk ayd\u0131n\u0131n\u0131n, Uluda\u011f \u00dcniversitesi Rekt\u00f6r\u00fc Prof. Dr. Mustafa Yurtkuran&#39;\u0131n a\u00e7\u0131klamas\u0131, dikkat \u00e7ekiciydi. Prof. Dr. Mustafa Yurtkuran &quot;G\u00fcn\u00fc gelecek, fabrikalar\u0131m\u0131z\u0131 geri alaca\u011f\u0131z&quot; dedi. <\/p>\n<p> Sendikac\u0131lar ve kitle \u00f6rg\u00fctleri y\u00f6neticileri de kampanya \u00e7er\u00e7evesinde tav\u0131rlar\u0131n\u0131, Ayd\u0131nl\u0131k&#39;a yazd\u0131klar\u0131 yaz\u0131larla ortaya koyuyorlar. Bu say\u0131m\u0131zda, Seydi\u015fehirlilerin imzas\u0131yla yap\u0131lan su\u00e7 duyurusunu da, bir \u00f6rnek metin olmas\u0131 amac\u0131yla yay\u0131ml\u0131yoruz. <\/p>\n<p> <strong>&quot;Silahla Kazand\u0131\u011f\u0131m\u0131z\u0131 AB \u00dctopyas\u0131na Harc\u0131yoruz&quot;<\/strong> <\/p>\n<p> Mudanya M\u00fctarekesi&#39;nin 84.y\u0131l\u0131 kutlamalar\u0131 \u00e7er\u00e7evesinde, 11 Ekim g\u00fcn\u00fc, U\u011fur Mumcu K\u00fclt\u00fcr Merkezi&#39;nde bir panel yap\u0131ld\u0131. <\/p>\n<p> Uluda\u011f \u00dcniversitesi taraf\u0131ndan d\u00fczenlenen panelde konu\u015fan Rekt\u00f6r Prof. Dr. Mustafa Yurtkuran, Anadolu&#39;nun 4 bin y\u0131ld\u0131r T\u00fcrk topra\u011f\u0131 oldu\u011funu belirterek, \u015funlar\u0131 s\u00f6yledi: &quot;Biz silah zoruyla; kan vererek, can vererek ald\u0131\u011f\u0131m\u0131z topraklar\u0131 \u015fimdi globalle\u015fme, bat\u0131l\u0131la\u015fma Avrupa Birli\u011fi&#39;ne girme ve ona benzer bir tak\u0131m \u00fctopyalarla para kar\u015f\u0131l\u0131\u011f\u0131 geri vermekte oldu\u011fumuzu g\u00f6rmeliyiz. Sahile \u00e7\u0131kamayan Yunan delegesi 84 y\u0131l sonra paras\u0131yla gelip banka sat\u0131n alabilmektedir bu \u00fclkede. Madem Telekom\u00fcnikasyonumuzu yabanc\u0131ya, bankam\u0131z\u0131 yabanc\u0131ya, di\u015fimizle t\u0131rna\u011f\u0131m\u0131zla, ulusal onurumuzla, terimizle yapt\u0131\u011f\u0131m\u0131z fabrikalar\u0131 yabanc\u0131ya satacakt\u0131k, bu kadar \u015fehidi niye verdik? Biz bu topraklar\u0131 ne parayla sat\u0131n ald\u0131k, ne de soyk\u0131r\u0131m yaparak, milyonlar \u015fehit vererek sahip \u00e7\u0131kt\u0131k, Bu topraklarda 4 bin y\u0131ld\u0131r var\u0131z. 4 bin y\u0131ld\u0131r bu topraklar\u0131 kan\u0131m\u0131zla, can\u0131m\u0131zla, her \u015feyimizle korumaya \u00e7al\u0131\u015f\u0131yoruz. Yapmad\u0131\u011f\u0131m\u0131z baraj\u0131, liman\u0131 kimse kimseye satamaz. Bunun hesab\u0131 zaman\u0131 gelince g\u00f6r\u00fcl\u00fcr.&quot; <\/p>\n<p> <\/p>\n<p> <strong>&quot;Yabanc\u0131lar\u0131 Uyar\u0131yorum: Sat\u0131n Al\u0131rken D\u00fc\u015f\u00fcn\u00fcn!&quot;<\/strong> <\/p>\n<p> &quot;Madem ki Avrupa Birli\u011fi&#39;nin \u00fc\u00e7\u00fcnc\u00fc s\u0131n\u0131f \u00fclkesi olmak i\u00e7in K\u0131br\u0131s&#39;\u0131 verecektik, say\u0131n Cumhurba\u015fkan\u0131 bir \u00f6mr\u00fcn\u00fc niye sava\u015f meydanlar\u0131nda ge\u00e7irdi? Niye binlerce insan\u0131 K\u0131br\u0131s&#39;ta \u015fehit verdik?&quot; diyen Yurtkuran, &quot;Niye hala 30-40 y\u0131ld\u0131r bu sava\u015f\u0131 veriyoruz. Teslim olurduk. Bitirirdik i\u015fimizi. Bu kadar kolay m\u0131? Sat\u0131n alanlara da bir s\u00f6z\u00fcm var. G\u00fcn gelir, bunlar geriye al\u0131n\u0131r, sat\u0131n al\u0131rken dikkatli olun Tarihimiz geri almalarla doludur. Bu \u00fclkenin generalinin telefonunun dinlenmedi\u011fini Telekom\u00fcnikasyonun ba\u015f\u0131ndaki yabanc\u0131 s\u00f6yl\u00fcyorsa, biz burada &#8216;utan\u00e7 i\u00e7indeyiz&#39; demektir. M\u0130T, askeri istihbarat, polis dinlemiyor. Yabanc\u0131 \u00e7\u0131k\u0131p ben de dinlemedim diyor. Biz bu sava\u015f\u0131 niye yapt\u0131k? Kapit\u00fclasyonlar\u0131 kald\u0131rmak i\u00e7in niye Lozan&#39;da y\u0131rt\u0131nm\u0131\u015ft\u0131k ki? Bu \u00fclkede son Atat\u00fcrk\u00e7\u00fc kal\u0131ncaya kadar bu sava\u015f devam edecektir&quot; diye konu\u015ftu. <\/p>\n<p> Panelde konu\u015fan KKTC 1.Cumhurba\u015fkan\u0131 Rauf Denkta\u015f ise K\u0131br\u0131s&#39;\u0131n T\u00fcrkiye&#39;nin Avrupa Birli\u011fi&#39;ne giri\u015finde engel olarak g\u00f6r\u00fclmemesini gerekti\u011fini belirterek, \u015funlar\u0131 s\u00f6yledi: &quot;Bizim k\u0131rm\u0131z\u0131\u00e7izgilerimiz var. Bunlar\u0131 da Cumhurba\u015fkan\u0131 Sezer vurgulam\u0131\u015ft\u0131r. K\u0131br\u0131s&#39;ta ba\u011f\u0131ms\u0131z KKTC devleti bar\u0131\u015f i\u00e7in esas temeldir. H\u00fck\u00fcmetten ricam\u0131z bu form\u00fcl\u00fcn korunmas\u0131d\u0131r. K\u0131br\u0131s, T\u00fcrkiye i\u00e7in Anadolu i\u00e7in stratejik bir adad\u0131r. E\u011fer de\u011filse, 60 y\u0131ld\u0131r T\u00fcrkiye niye u\u011fra\u015f\u0131yor.&quot; <a name=\"_ftnref2\" href=\"#_ftn2\" title=\"_ftnref2\">[2]<\/a> <\/p>\n<p> <\/p>\n<hr \/>\n<p> <a name=\"_ftn1\" href=\"#_ftnref1\" title=\"_ftn1\">[1]<\/a> 01.09.2006 \/ Re\u015fat Nuri Erol \/ Milli Gazete <\/p>\n<p> <\/p>\n<p> <a name=\"_ftn2\" href=\"#_ftnref2\" title=\"_ftn2\">[2]<\/a> 15.10.2006 \/ Ayd\u0131nl\u0131k  <\/p>\n","protected":false},"excerpt":{"rendered":"<p>\u00a0  <\/p>\n<p> <strong>As\u0131l merkez Washington mu?<\/strong>  <\/p>\n<p> <strong>Ak\u015fam gazetesinden G\u00fclay Atlan 13.08.2006 g\u00fcn\u00fc yay\u0131mlanan r\u00f6portaj\u0131nda, genel olarak ele\u015ftirdi\u011fimiz konularla paralellik arz eden g\u00f6r\u00fc\u015fler beyan eden Marmara \u00dcniversitesi \u0130ktisat Fak\u00fcltesi Dekan\u0131 Prof. Osman Altu\u011f ve \u0130stanbul \u00dcniversitesi Bankac\u0131l\u0131k Ara\u015ft\u0131rma Merkezi M\u00fcd\u00fcr\u00fc Prof. Targan \u00dcnal&#39;\u0131n g\u00f6r\u00fc\u015flerine yer vermi\u015f. <\/strong> <\/p>\n<p> <strong>Malum oldu\u011fu \u00fczere, Devlet Bakan\u0131 Ali Babacan aniden bir a\u00e7\u0131klama yapt\u0131 ve dedi ki: &#8216;Merkez Bankas\u0131 idari merkezi \u0130stanbul&#39;a ta\u015f\u0131nacak.&#39; H\u00fck\u00fcmetin plan\u0131na g\u00f6re \u0130stanbul, sadece Merkez Bankas\u0131 de\u011fil ayn\u0131 zamanda BDDK (Bankac\u0131l\u0131k D\u00fczenleme ve Denetleme Kurulu) ve SPK&#39;n\u0131n (Sermaye Piyasalar\u0131 Kurulu) merkezlerinin de ta\u015f\u0131nmas\u0131yla finansal ba\u015fkent olacak! <\/strong> <\/p>\n","protected":false},"author":6,"featured_media":0,"comment_status":"open","ping_status":"closed","sticky":false,"template":"","format":"standard","meta":{"footnotes":""},"categories":[65],"tags":[],"class_list":["post-823","post","type-post","status-publish","format-standard","hentry","category-ocak-2007"],"_links":{"self":[{"href":"https:\/\/www.millicozum.com\/mc\/wp-json\/wp\/v2\/posts\/823","targetHints":{"allow":["GET"]}}],"collection":[{"href":"https:\/\/www.millicozum.com\/mc\/wp-json\/wp\/v2\/posts"}],"about":[{"href":"https:\/\/www.millicozum.com\/mc\/wp-json\/wp\/v2\/types\/post"}],"author":[{"embeddable":true,"href":"https:\/\/www.millicozum.com\/mc\/wp-json\/wp\/v2\/users\/6"}],"replies":[{"embeddable":true,"href":"https:\/\/www.millicozum.com\/mc\/wp-json\/wp\/v2\/comments?post=823"}],"version-history":[{"count":0,"href":"https:\/\/www.millicozum.com\/mc\/wp-json\/wp\/v2\/posts\/823\/revisions"}],"wp:attachment":[{"href":"https:\/\/www.millicozum.com\/mc\/wp-json\/wp\/v2\/media?parent=823"}],"wp:term":[{"taxonomy":"category","embeddable":true,"href":"https:\/\/www.millicozum.com\/mc\/wp-json\/wp\/v2\/categories?post=823"},{"taxonomy":"post_tag","embeddable":true,"href":"https:\/\/www.millicozum.com\/mc\/wp-json\/wp\/v2\/tags?post=823"}],"curies":[{"name":"wp","href":"https:\/\/api.w.org\/{rel}","templated":true}]}}