{"id":826,"date":"2007-01-03T12:36:08","date_gmt":"2007-01-03T12:36:08","guid":{"rendered":"https:\/\/www.millicozum.com\/mc\/2007\/01\/03\/hayattavarsa-mahale-meudur\/"},"modified":"2007-01-03T12:36:08","modified_gmt":"2007-01-03T12:36:08","slug":"hayati-ihtiyac-varsa-mudahale-mesrudur","status":"publish","type":"post","link":"https:\/\/www.millicozum.com\/mc\/2007\/ocak-2007\/hayati-ihtiyac-varsa-mudahale-mesrudur\/","title":{"rendered":"HAYAT\u0130 \u0130HT\u0130YA\u00c7 VARSA; M\u00dcDAHALE ME\u015eRUDUR"},"content":{"rendered":"<p>\u00a0  <\/p>\n<p> <strong>\u00d6nce \u015fu sorular \u00fczerinde dural\u0131m ve l\u00fctfen biraz kafa yoral\u0131m:<\/strong> <\/p>\n<p> <strong>SORU:1<\/strong> <\/p>\n<p> Marazl\u0131 medya marifetiyle uzaktan kumandal\u0131 canl\u0131 robotlar haline getirilen; Gizli ve kirli g\u00fc\u00e7lerin iktidar yapmaya karar verdikleri parti ve adaylardan birisine oy vermeye dolayl\u0131 bi\u00e7imde mecbur ve mahkum edilen halk\u0131m\u0131z\u0131n, h\u00fcr olmayan iradesiyle ve g\u00f6stermelik se\u00e7im hileleri ve demonkrasi&#39;ye (\u015feytan rejimine) \u00e7evrilen demokratik dalaverelerle olu\u015fturulan &quot;Meclisler&quot;; <\/p>\n<p> <strong>&#8226;a)\u00a0\u00a0\u00a0\u00a0\u00a0 <\/strong>Millete ve milli menfaatlere ra\u011fmen, egemenli\u011fimizi AB&#39;ye devredebiliyorsa&#8230; <\/p>\n<p> <strong>&#8226;b)\u00a0\u00a0\u00a0\u00a0\u00a0 <\/strong>Milli ve de\u011ferlerimizi, gen\u00e7li\u011fimizi ve gelece\u011fimizi tehdit ve tahrip eden kanun ve kararlar\u0131 \u00e7\u0131kar\u0131p devreye sokabiliyorsa&#8230; <\/p>\n<p> Peki aziz milletimizin ba\u011fr\u0131ndan kopan, onun tamam\u0131n\u0131n tabii bir temsilcisi olan ordumuz, gerekti\u011finde \u00fclkemizin, devletimizin ve milletimizin yarar\u0131 ve \u00f6z \u00e7\u0131karlar\u0131 do\u011frultusunda, \u00fcstelik anayasa ve kanunlar\u0131n kendisine y\u00fckledi\u011fi g\u00f6rev ve sorumluluklar\u0131n gere\u011fi olarak bir m\u00fcdahale yapt\u0131\u011f\u0131nda niye k\u00f6t\u00fc ve tu kaka oluyor? <\/p>\n<p>  \u00a0  <\/p>\n<p> <strong>SORU:2<\/strong> <\/p>\n<p> Bu askeri darbeler, d\u0131\u015f g\u00fc\u00e7lerin ve yerli i\u015fbirlik\u00e7ilerin \u015feytani h\u0131rs\u0131na ve hesab\u0131na uygun \u015fekilde k\u0131\u015fk\u0131rt\u0131l\u0131r ve kullan\u0131l\u0131rsa; <\/p>\n<p> &quot;Rejimin ve rantiyenin kurtulu\u015f \u015fans\u0131!&#8230;&quot; <\/p>\n<p> &quot;Demokrasinin balans ayar\u0131&quot; say\u0131l\u0131yor ve alk\u0131\u015flan\u0131yor da, Milli mecburiyetler ve yerli mazeret ve gayretlerle yap\u0131ld\u0131\u011f\u0131nda niye &quot;despotiklik, cunta \u00f6zentisi, anti demokratiklik&quot; olarak alg\u0131lan\u0131yor veya kas\u0131tl\u0131 olarak b\u00f6yle sunuluyor?  <\/p>\n<p> <strong>SORU:3 <\/strong> <\/p>\n<ul>\n<li>S\u00f6z ve fikir \u00f6zg\u00fcrl\u00fc\u011f\u00fc ad\u0131na sanat\u00e7\u0131 ge\u00e7inen, baz\u0131s\u0131 okuma-yazma bile bilmeyen birtak\u0131m soytar\u0131lar, her konuda konu\u015facak ve ortal\u0131\u011f\u0131 koku\u015fturacak&#8230;<\/li>\n<li>D\u00fc\u015fman \u00e7evrelerce \u00f6v\u00fclen ve \u00f6d\u00fcllendirilen; dinimize ve T\u00fcrkl\u00fc\u011f\u00fcm\u00fcze hakaret eden yazar-\u00e7izer bozuntular\u0131, akl\u0131na ve a\u011fz\u0131na geleni savurup sata\u015facak&#8230;<\/li>\n<li>Kayna\u011f\u0131 karma\u015f\u0131k, arkas\u0131 karanl\u0131k bi\u00e7imde kazand\u0131\u011f\u0131, daha do\u011frusu kotard\u0131\u011f\u0131 kirli ve \u015faibeli sermayesinin sayesinde adam s\u0131n\u0131f\u0131na kat\u0131ld\u0131\u011f\u0131n\u0131 sanan; Holding, Gazete ve TV patronlar\u0131, \u00e7ok y\u00fcksek perdeden at\u0131p tutacak, fikir diye zihinsel k\u00f6rl\u00fck ve kirlilik kusacak&#8230;<\/li>\n<\/ul>\n<p> Ama; <\/p>\n<ul>\n<li>Ciddi ve \u00e7a\u011fda\u015f bir e\u011fitimle ve kendi kendisini geli\u015ftirme tekni\u011fiyle \u00f6zel bir donan\u0131m ve duyarl\u0131l\u0131k sahibi olarak \u00f6zenle yeti\u015ftirilen, birka\u00e7 yabanc\u0131 dil \u00f6\u011frenen&#8230;<\/li>\n<li>\u00dclke, b\u00f6lge ve d\u00fcnya sorunlar\u0131n\u0131 yak\u0131ndan takip eden ve \u00e7\u00f6z\u00fcm yollar\u0131 \u00fcretebilen&#8230;<\/li>\n<li>Bilgi, birikim ve becerisiyle bat\u0131l\u0131 ve do\u011fulu meslekta\u015flar\u0131nca g\u0131pta edilen ve pek \u00e7ok \u00fclkede bizzat ve ba\u015far\u0131yla ders ve e\u011fitim veren&#8230;<\/li>\n<li>Olaylar\u0131n perde arkas\u0131n\u0131, muhtemel sonu\u00e7lar\u0131n\u0131 ve ger\u00e7ek ama\u00e7lar\u0131n\u0131 \u00e7ok iyi sezip, analiz edebilen&#8230;<\/li>\n<li>\u015eairin dedi\u011fi gibi; D\u00fc\u015fman\u0131 ve hasm\u0131 r\u00fcyada de\u011fil, bizzat cephede \u00e7arp\u0131\u015farak, da\u011fda vuru\u015farak silah\u0131n namlusundan g\u00f6ren&#8230;<\/li>\n<li>Hepsinden \u00f6nemli ve sevindirici olan\u0131; (\u0130stisnalar hari\u00e7 olmak \u00fczere) ger\u00e7ek ve y\u00fcksek bir vatan a\u015fk\u0131, \u00f6rnek bir devlet ve Cumhuriyet sevdas\u0131, milli de\u011ferlere ve manevi dinamiklere ba\u011fl\u0131l\u0131k ve bunlar\u0131 istismardan sak\u0131nma duyarl\u0131l\u0131\u011f\u0131 i\u00e7inde hareket eden kurmaylar\u0131m\u0131z ve komutanlar\u0131m\u0131z ise, devaml\u0131 susacak, bu k\u00f6t\u00fc ve \u00fcrk\u00fct\u00fcc\u00fc gidi\u015fe sessiz ve seyirci kalacak, beyinsiz ve iradesiz bir robot silah gibi davranacak!&#8230;?<\/li>\n<\/ul>\n<p> L\u00fctfen d\u00fc\u015f\u00fcn\u00fcn; Bu yamuk yakla\u015f\u0131m\u0131n, tutarl\u0131 ve insafl\u0131 bir mant\u0131\u011f\u0131 var m\u0131d\u0131r? <\/p>\n<p> Elbette ve kesinlikle, asker siyasete kar\u0131\u015fmamal\u0131d\u0131r. Basit parti ve iktidar \u00e7eki\u015fmelerine alet olmamal\u0131d\u0131r. Yapay ve y\u00fczeysel sa\u011f-sol, ilerici-gerici s\u00fcrt\u00fc\u015fmelerine bula\u015fmamal\u0131d\u0131r. Milli mesuliyetinin, g\u00f6rev ve yetkilerinin bilincinde ve \u00fclkeye hizmet \u00f6nceli\u011finde olan sivil iktidarlar\u0131n emrinde bulunmal\u0131d\u0131r&#8230; <\/p>\n<p> Ama bu genel kurallar; <\/p>\n<p> Atat\u00fcrk&#39;\u00fcn gen\u00e7li\u011fe hitabesinde vurgulad\u0131\u011f\u0131 ve uyard\u0131\u011f\u0131; &quot;gaflet, dalalet, hatta h\u0131yanet i\u00e7ine d\u00fc\u015fen ve \u015fahsi makam ve menfaatleri i\u00e7in istilac\u0131 ve sinsi ama\u00e7l\u0131 d\u00fc\u015fman g\u00fc\u00e7lerle i\u015fbirli\u011fine giri\u015fen&quot; iktidarlar ve etkili g\u00fc\u00e7 odaklar\u0131 i\u00e7in, herhalde ge\u00e7erli say\u0131lmayacakt\u0131r. <\/p>\n<p> \u00c7\u00fcnk\u00fc b\u00f6yle durumlarda onlar sadece bir asker de\u011fil, ayn\u0131 zamanda ve ondan da \u00f6te; \u015fuurlu ve sorumlu bir vatan evlad\u0131d\u0131r, aziz milletimizin asil bir par\u00e7as\u0131d\u0131r. <\/p>\n<p> <\/p>\n<p> <strong>Org. K\u0131vr\u0131ko\u011flu, Milli Duygu ve Duyarl\u0131l\u0131klar\u0131m\u0131za Terc\u00fcman Oldu<\/strong> <\/p>\n<p> <strong>Eski Genelkurmay Ba\u015fkan\u0131 Org. K\u0131vr\u0131ko\u011flu, Genelkurmay Ba\u015fkan\u0131 Org. B\u00fcy\u00fckan\u0131t&#39;\u0131n Harp Akademileri&#39;ndeki konu\u015fmas\u0131n\u0131n ard\u0131ndan &#39;4 y\u0131ll\u0131k suskunluk sona erdi&#39; dedi.<\/strong> <\/p>\n<p> \u0131Orgeneral Hilmi \u00d6zk\u00f6k&#39;\u00fcn Genelkurmay Ba\u015fkanl\u0131\u011f\u0131 g\u00f6revini Orgeneral Ya\u015far B\u00fcy\u00fckan\u0131t&#39;a devretti\u011fi t\u00f6ren s\u0131ras\u0131nda eski genelkurmay ba\u015fkanlar\u0131n\u0131n \u00e7o\u011fu haz\u0131r bulunmam\u0131\u015ft\u0131. Tek istisna, Orgeneral Necip Torumtay&#39;d\u0131. \u00d6zellikle Orgeneral \u00d6zk\u00f6k&#39;\u00fcn selefi Orgeneral H\u00fcseyin K\u0131vr\u0131ko\u011flu ile onun selefi Orgeneral \u0130smail Hakk\u0131 Karaday\u0131&#39;nun bulunmay\u0131\u015f\u0131 dikkat \u00e7ekmi\u015fti. <\/p>\n<p> Bunda illa \u00f6zel bir neden aramak gerekmiyor. Emekli komutanlar\u0131n \u00e7o\u011fu a\u011fustos aylar\u0131n\u0131 Bodrum&#39;da ge\u00e7irdiklerinden tek bir t\u00f6ren i\u00e7in Ankara&#39;ya gelmeleri g\u00fc\u00e7 olabilir. <\/p>\n<p> 2002 yaz\u0131nda d\u00f6nemin Ba\u015fbakan\u0131 B\u00fclent Ecevit&#39;in, Orgeneral K\u0131vr\u0131ko\u011flu&#39;nun g\u00f6rev s\u00fcresini uzatarak Orgeneral \u00d6zk\u00f6k&#39;\u00fc emekli etme giri\u015fiminin \u00c7ankaya K\u00f6\u015fk\u00fc&#39;nden d\u00f6nmesi olay\u0131n\u0131n tortular\u0131n\u0131n, K\u0131vr\u0131ko\u011flu ile \u00d6zk\u00f6k&#39;\u00fcn ili\u015fkilerine nas\u0131l yans\u0131d\u0131\u011f\u0131 bilinmiyor. <\/p>\n<p> <strong>En \u00d6nde Oturdu<\/strong> <\/p>\n<p> Orgeneral K\u0131vr\u0131ko\u011flu, Genelkurmay Ba\u015fkan\u0131 Orgeneral B\u00fcy\u00fckan\u0131t&#39;\u0131n ge\u00e7en pazartesi Harp Akademileri&#39;nde yapt\u0131\u011f\u0131 konu\u015fma s\u0131ras\u0131nda salonda en \u00f6nde oturuyordu. <\/p>\n<p> Gazeteci \u0130smet Berkan&#39;\u0131n bir TV program\u0131nda aktard\u0131\u011f\u0131na g\u00f6re, K\u0131vr\u0131ko\u011flu toplant\u0131dan sonra herkesin duyaca\u011f\u0131 \u015fekilde, &quot;\u00c7ok \u015f\u00fck\u00fcr 4 y\u0131ll\u0131k suskunluk sona erdi&quot; diyerek konu\u015fmadan duydu\u011fu memnuniyeti gizlememi\u015fti. <\/p>\n<p> Anla\u015f\u0131lan K\u0131vr\u0131ko\u011flu, halefi Orgeneral \u00d6zk\u00f6k&#39;\u00fcn \u00e7izgisini tasvip etmemi\u015fti. <\/p>\n<p> <strong>&quot;\u0130rtica Tarifleri&quot;<\/strong> <\/p>\n<p> \u0131\u00dc\u00fcKomutanlar\u0131n o kadar do\u011fru laflar\u0131 aras\u0131nda, &quot;irtica&quot; vurgular\u0131 dikkat \u00e7ekti, onlar konu\u015fuluyor. Bu arada \u00e7ok b\u00fcy\u00fck tarihi yanl\u0131\u015flar yap\u0131l\u0131yor. Bu konu\u015fmalardan yola \u00e7\u0131k\u0131larak 28 \u015eubat s\u00fcreci hat\u0131rlan\u0131yor mesela. <\/p>\n<p> 28 \u015eubat iki komutan\u0131n ve sivil iktidar i\u00e7indeki yanda\u015flar\u0131n\u0131n kurgulad\u0131\u011f\u0131 menfi bir hareketti ve T\u00fcrkiye&#39;nin b\u00fcy\u00fcmesinin \u00f6n\u00fcn\u00fc kesti. Hareket emrinin de Frans\u0131z Mason localar\u0131ndan geldi\u011fi, belgelerle sabit. <\/p>\n<p> <strong>O kadro tasfiye edildi. Onlar\u0131n i\u00e7inden, h\u00e2l\u00e2 s\u00f6z sahibi bir mevkide bulunan bir tek ki\u015fi g\u00f6steremezsiniz.<\/strong> <\/p>\n<p> Ge\u00e7enlerde bir a\u00e7\u0131k oturumda konu\u015fan bir askeri hakimi hayretle dinledim. \u0130ttihat\u00e7\u0131lardan \u00f6rnek g\u00f6stermeye kalkt\u0131. \u0130ttihat ve Terakki Partisinin ve te\u015fkilatlar\u0131n\u0131n <strong>&quot;biraderler&quot; taraf\u0131ndan y\u00f6netildi\u011fi,<\/strong> tarihi bir ger\u00e7ektir. Onlar\u0131nki <strong>&quot;siyasete kar\u0131\u015fmak&quot;<\/strong>t\u0131 evet, ama Alman Masonlar\u0131yla dayan\u0131\u015fma i\u00e7inde olan bu pa\u015falar\u0131m\u0131z, Allah taksiratlar\u0131n\u0131 affetsin, Sivastopol&#39;u, T\u00fcrk bayra\u011f\u0131 \u00e7ekmi\u015f Alman gemileriyle bombalayarak bizi sava\u015fa, yani ate\u015fe att\u0131lar. Bu durumu <strong>&quot;milli bir ordu&quot;<\/strong>nun, kayg\u0131l\u0131 beyanlar\u0131yla kar\u0131\u015ft\u0131rmamak laz\u0131m. <strong>Bug\u00fcnk\u00fc ordu \u0130ttihat ve Terakki ordusu<\/strong> de\u011fildir. Ger\u00e7i 1. D\u00fcnya harbinde <strong>\u0130ttihat\u00e7\u0131 subaylar<\/strong> cephelerde cesaretle ve ihlasla sava\u015ft\u0131lar ama y\u00f6netim ne yaz\u0131k ki onlar kadar temiz kalamad\u0131. S\u00f6yler misiniz, <strong>\u00c7anakkale&#39;de ordumuzun ba\u015f\u0131nda Alman generallerin ne i\u015fi vard\u0131?<\/strong> <\/p>\n<p> \u015eimdi herkes irticay\u0131 tarif etmeye \u00e7al\u0131\u015f\u0131yor. <strong>Aynen k\u00f6r\u00fcn fili tarif etmesi gibi. Fil kulakt\u0131r, fil kuyruktur, fil hortumdur vs. Askerlerimizin vatanperverane kayg\u0131lar\u0131n\u0131 a\u00e7\u0131k\u00e7a s\u00f6ylemeleri de iktidar\u0131n ekme\u011fine ya\u011f s\u00fcr\u00fcyor. Bu ele\u015ftirilerin &quot;m\u00fctedeyyin halka&quot; y\u00f6neltilmi\u015f oldu\u011fu d\u00fc\u015f\u00fcn\u00fcl\u00fcyor. Oysa m\u00fcnferit olaylar d\u0131\u015f\u0131nda askerlerin &quot;ilke&quot; olarak b\u00f6yle bir derdi olaca\u011f\u0131n\u0131 sanm\u0131yorum.<\/strong> Bunu komutanlar daha \u00f6nceki \u00e7e\u015fitli beyanlar\u0131nda belirttiler. Halk\u0131m\u0131z\u0131n \u00e7o\u011funun, iktidar partisinin taban\u0131 da dahil ve dindarlar\u0131n \u00e7o\u011funun, siyasette yap\u0131lan yanl\u0131\u015flar\u0131, verilen t\u00e2vizleri, <strong>T\u00fcrkiye&#39;nin ba\u015f\u0131na \u00f6r\u00fclen \u00e7oraplar\u0131 bilmedi\u011fi de muhakkak. <\/strong>Onlara B\u00fcy\u00fckan\u0131t Pa\u015fa&#39;n\u0131n ba\u015flatt\u0131\u011f\u0131 <strong>k\u00fcreselcili\u011fin tehlikeleri<\/strong> a\u00e7\u0131k a\u00e7\u0131k anlat\u0131lmal\u0131. <strong>\u0130rtican\u0131n d\u0131\u015f kaynakl\u0131 oldu\u011fu, hatta a\u00e7\u0131k\u00e7a Washington ve Br\u00fcksel kaynakl\u0131 oldu\u011fu anlat\u0131lmal\u0131. Dikkat ederseniz k\u00fcreselciler, M\u00fcsl\u00fcman kanallar\u0131ndan ve gazetelerinden \u00e7\u0131km\u0131yorlar.<\/strong> <\/p>\n<p> <strong>\u0130rtica&#39;n\u0131n Sevr&#39;e gitmek demek oldu\u011fu, T\u00fcrkiye&#39;yi i\u015fgale a\u00e7\u0131k hale getirmek isteyenlerin siyasi projeleri oldu\u011fu, 28 \u015eubat&#39;\u0131n asla milli bir ordunun eylemi olmad\u0131\u011f\u0131 ve bunun sorumlular\u0131n\u0131n (\u015fimdi akt\u00f6r diyorlar) tasfiye edildi\u011fi hat\u0131rlat\u0131lmal\u0131.<\/strong> <\/p>\n<p> \u015eimdi Mustafa Y\u0131ld\u0131r\u0131m&#39;\u0131n <strong>&quot;Sivil \u00d6r\u00fcmce\u011fin A\u011f\u0131nda&quot;<\/strong> adl\u0131 kitab\u0131ndan bir b\u00f6l\u00fcm al\u0131yorum: <\/p>\n<p> 1983 sonlar\u0131nda ABD kongresinin onay\u0131yla NED (Ulusal Demokrasi Fonu) kuruldu. CIA emeklisi Ralph Mc Gbee, bu kurulu\u015fun i\u015flevini, deneyimli istihbarat\u00e7\u0131 s\u00f6ylemiyle \u015f\u00f6yle yorumluyor: <\/p>\n<p> &quot;CIA&#39;n\u0131n \u00fclkelerin kar\u0131\u015ft\u0131r\u0131lmas\u0131 operasyonlar\u0131nda kullan\u0131lan bir\u00e7ok i\u015flevinin, <strong>NED&#39;e transferiyle<\/strong> bu fonun kullan\u0131m\u0131na gidildi. <strong>CIA&#39;n\u0131n<\/strong> \u00f6rt\u00fcl\u00fc eylemlerine, ek olarak <strong>Uluslararas\u0131 Kalk\u0131nma Ajans\u0131 (AID) ve B. Devletler \u0130stihbarat Ajans\u0131 (US\u0130A) da &quot;demokrasi yayma&quot; <\/strong>operasyonlar\u0131nda yer almaktad\u0131r. Avrupa&#39;da yerle\u015fik ve \u00e7o\u011fu <strong>B. Devletler taraf\u0131ndan parayla beslenen h\u00fck\u00fcmet d\u0131\u015f\u0131 \u00f6rg\u00fctler (NGO) de do\u011frudan ya da dolayl\u0131 olarak bu operasyonlarda yer al\u0131yorlar. <\/strong>Bu t\u00fcr \u00f6rg\u00fctler ve ajanslar a\u015fa\u011f\u0131 yukar\u0131 a\u00e7\u0131kta iseler de <strong>CIA, h\u00fck\u00fcmetleri &quot;destekleme&quot; ve y\u0131kma gibi birinci rol\u00fcn\u00fc elinde bulundurmaktad\u0131r.&quot;<\/strong> <\/p>\n<p> &quot;Para kayna\u011f\u0131 do\u011frudan <strong>ABD hazinesi,<\/strong> yani devlettir. <strong>NED ise paran\u0131n kasas\u0131d\u0131r.<\/strong> Ayr\u0131ca<strong> Vak\u0131flar <\/strong>ile <strong>Konsey<\/strong> ya da enstit\u00fc ve <strong>Merkez<\/strong> ad\u0131yla \u00f6rg\u00fctlenmi\u015f olan se\u00e7kinler kul\u00fcpleri, <strong>AID<\/strong> ve hatta <strong>Amerikan sendikalar\u0131, \u015firketler, i\u015f adamlar\u0131, para havuzuna kat\u0131lmaktad\u0131rlar. Bat\u0131 Avrupal\u0131 siyasi vak\u0131flar ve dernekler de ortak b\u00fct\u00e7eye sonradan kat\u0131ld\u0131lar. Ama\u00e7lar\u0131 gizlenmeyecek kadar a\u00e7\u0131kt\u0131r. Do\u011fu Avrupa&#39;y\u0131, Asya&#39;y\u0131, Ortado\u011fu&#39;yu, Okyanus devletlerini &quot;birlikte&quot; yeniden kolonile\u015ftirmek, do\u011fal kaynaklar\u0131 \u00e7ok uluslu \u015firketlerin arac\u0131l\u0131\u011f\u0131yla ya\u011fmalamak.&quot;<\/strong> <\/p>\n<p> B\u00fcy\u00fckan\u0131t Pa\u015fa&#39;n\u0131n dikkat \u00e7ekti\u011fi d\u0131\u015f kaynakl\u0131 \u00f6r\u00fcmcek a\u011f\u0131 budur. \u015eimdi size ayn\u0131 kitaptan <strong>18 ad\u0131mda demokrasi <\/strong>ba\u015fl\u0131kl\u0131 b\u00f6l\u00fcm\u00fcn baz\u0131 paragraf ba\u015fl\u0131klar\u0131n\u0131 sunuyorum. \u00dclkelerde yap\u0131lanlar budur. Bizim \u00fclkemizde yap\u0131lanlar da budur. Bu hal basit bir &quot;irtica&quot; su\u00e7lamas\u0131 de\u011fildir ve ba\u015fta da dedi\u011fim gibi yan\u0131lt\u0131c\u0131 bir s\u00f6ylem kullan\u0131lmakla birlikte, s\u00f6ylenmek istenen, <strong>\u0130rtican\u0131n Washington ve Br\u00fcksel kaynakl\u0131 olu\u015fudur:<\/strong> <\/p>\n<p> <strong>1.<\/strong> Kamuoyu olu\u015fturucular. <\/p>\n<p> <strong>2.<\/strong> Alt \u00f6rg\u00fctler yoksa hemen Helsinki Nihai Senedi kapsam\u0131nda, <strong>Helsinki Yurtta\u015flar ve Ortak zemin merkezleri \u00f6rg\u00fctlemek ve ko\u015fullar olgunla\u015ft\u0131k\u00e7a uzaktan y\u00f6nlendirilebilecek bir ili\u015fkiler a\u011f\u0131 kurmak.<\/strong> <\/p>\n<p> <strong>3. Yeni propaganda ayg\u0131tlar\u0131n\u0131n (radyo, gazete, dergi, televizyon) devreye sokulmas\u0131.<\/strong> <\/p>\n<p> Aradaki maddeleri, yerimin yetmemesi sebebiyle atl\u0131yor ve ba\u015fka bir yaz\u0131ya b\u0131rak\u0131yorum. \u015eu \u00e7ok \u00f6nemli maddeleri almakla yetinece\u011fim: <strong>Ulusal sanayinin y\u0131k\u0131lmas\u0131. Ordular\u0131 ulusal savunma kimli\u011finden koparmak.<\/strong> <\/p>\n<p> Silahl\u0131 g\u00fcc\u00fcn zay\u0131flat\u0131lmas\u0131. \u0130ktisadi bunal\u0131m\u0131 bahane ederek toprak b\u00fct\u00fcnl\u00fc\u011f\u00fcn\u00fc koruma arac\u0131 ulusal ordunun silah donan\u0131mlar\u0131nda, komuta kontrol ve ileti\u015fim sistemlerinde yenilenme al\u0131mlar\u0131n\u0131n k\u0131s\u0131tlanarak zay\u0131flat\u0131lmas\u0131 ve ulusal s\u0131n\u0131rlar\u0131n gev\u015fetilmesi. <\/p>\n<p> Bunlar size, bir \u015feyleri hat\u0131rlatm\u0131yor mu?<a name=\"_ftnref1\" href=\"#_ftn1\" title=\"_ftnref1\">[1]<\/a> <\/p>\n<p> <strong>Tolon Pa\u015fa&#39;dan Uyar\u0131: &#39;\u0130rtica&#39; Rakamlar\u0131 Do\u011fruydu<\/strong> <\/p>\n<p> Emekli Org. Hur\u015fit Tolon, T\u00fcrkiye&#39;nin irtica ve b\u00f6l\u00fcnme tehdidi alt\u0131nda oldu\u011funu savundu. Tolon, 1000 \u015firket, 600 vak\u0131f, 300 okul, 150 internet sitesi, 100 televizyon, 100 radyonun irticai faaliyet yapt\u0131\u011f\u0131n\u0131 savundu. <\/p>\n<p> \u0131Orgeneral Hur\u015fit Tolon, &quot;Cumhuriyet, Atat\u00fcrk\u00e7\u00fcl\u00fck ve T\u00fcrkiye&#39;nin 21&#39;inci Y\u00fczy\u0131l&#39;daki Yeri&quot; konulu bir konferans verdi. Avrupa Birli\u011fi dayatmalar\u0131n\u0131n T\u00fcrkiye&#39;nin ba\u011f\u0131ms\u0131z devlet olma \u00f6zelli\u011fini tehlikeye d\u00fc\u015f\u00fcrd\u00fc\u011f\u00fcn\u00fc s\u00f6yleyen Tolon, &quot;Eskinin s\u00f6m\u00fcrgecileri olan emperyalist g\u00fc\u00e7ler, T\u00fcrkiye&#39;nin bir uzak k\u00f6y\u00fc olmas\u0131n\u0131 istiyor. ABD ve AB&#39;nin jeopolitik \u00e7\u0131karlar\u0131 g\u00fcn\u00fcm\u00fczde Ortado\u011fu&#39;da d\u00fc\u011f\u00fcmleniyor. T\u00fcrkiye de co\u011frafi konumu ile ayn\u0131 zamanda bir Ortado\u011fu \u00fclkesidir&quot; diye konu\u015ftu. ABD&#39;nin tek kutuplu g\u00fc\u00e7 oldu\u011funu ve &#8216;D\u00fcnya \u00fczerinde yeni d\u00fczenlemeyi ben yapaca\u011f\u0131m&#39; diyerek yeni Ortado\u011fu Projesi&#39;ni ortaya att\u0131\u011f\u0131n\u0131, bir tarafta da Rusya &#8211; \u00c7in ile birlikte \u015eankay Zirvesi ile Hindistan&#39;\u0131 da i\u00e7ine al\u0131p ekonomik g\u00fc\u00e7 merkezi olu\u015fturmak istedi\u011fini belirten Tolon, &quot;ABD, d\u00fcnyan\u0131n do\u011falgaz ve enerji kaynaklar\u0131n\u0131 elinde bulundurmak, kar\u015f\u0131t g\u00fc\u00e7lerin eline ge\u00e7irmemek i\u00e7in 1992 y\u0131l\u0131ndan bu yana Ortado\u011fu ve Afganistan&#39;da bulunuyor&quot; dedi. <\/p>\n<p> B\u00f6lgedeki enerji kaynaklar\u0131n\u0131n 100 y\u0131l daha \u00f6mr\u00fc oldu\u011funu, ancak ABD&#39;nin kaynaklar\u0131n\u0131n ise 12 y\u0131l \u00f6mr\u00fc kald\u0131\u011f\u0131n\u0131 iddia eden emekli Orgeneral Tolon, \u015f\u00f6yle konu\u015ftu: <\/p>\n<p> &quot;T\u00fcrkiye 100 y\u0131l \u00f6nce bu filmi izlemi\u015fti. O film siyah-beyazd\u0131. Bu film yeniden kurguland\u0131 ancak renkli. D\u00fcn \u0130ngiltere ba\u015f\u0131ndayd\u0131, bug\u00fcn ba\u015f\u0131nda ABD var. ABD D\u0131\u015fi\u015fleri Bakan\u0131 Condoleezza Rice, D\u0131\u015fi\u015fileri Bakan Yard\u0131mc\u0131s\u0131 iken Ortado\u011fu&#39;da s\u0131n\u0131rlar\u0131n de\u011fi\u015fece\u011fini s\u00f6yledi\u011finde kimseden \u00e7\u0131t \u00e7\u0131kmam\u0131\u015ft\u0131. Yine ABD&#39;de yeni Ortado\u011fu haritalar\u0131 g\u00f6sterilip, T\u00fcrkiye&#39;yi b\u00f6l\u00fcnm\u00fc\u015f g\u00f6steriyorlar. B\u00f6yle bir haritaya T\u00fcrk D\u0131\u015fi\u015fleri gerekli cevab\u0131 veremedi. S\u00f6m\u00fcrge ayd\u0131nlar\u0131, \u015feriat \u00f6zlemi i\u00e7indekiler, ikinci Cumhuriyet\u00e7iler, Marksistler, b\u00f6l\u00fcc\u00fcler de T\u00fcrkiye&#39;nin b\u00f6l\u00fcnm\u00fc\u015fl\u00fc\u011f\u00fcn\u00fc istiyor. Etnik, dinsel ayr\u0131cal\u0131\u011f\u0131 olan unsurlar az\u0131nl\u0131k haklar\u0131 bekliyor. Nitekim bir belediye ba\u015fkan\u0131, &#8216;Baraj\u0131n \u00fcretti\u011fi enerjinin paras\u0131n\u0131 biz almal\u0131y\u0131z&#39; diyor. Birtak\u0131m belediye ba\u015fkanlar\u0131 b\u00f6l\u00fcc\u00fcl\u00fck ifadeleri kullan\u0131yor. Hi\u00e7bir yetkili gerekli m\u00fcdahaleyi yapm\u0131yor.&quot; <\/p>\n<p> <\/p>\n<p> <strong>AB&#39;nin Yolu<\/strong> <\/p>\n<p> Ulusal birli\u011fin, \u00fcniter ulus laik devlete dayal\u0131 oldu\u011funu, ancak bunun da AB dayatmalar\u0131 ile y\u0131k\u0131lmak istendi\u011fini kaydeden Tolon, &quot;Avrupa Birli\u011fi&#39;nin yolu K\u0131br\u0131s&#39;tan ge\u00e7er diyorlar. Ver K\u0131br\u0131s&#39;\u0131 kurtul diyenler var. AB yolunun nereden ge\u00e7ti\u011fini \u015f\u00f6yle \u00f6zetleyebilirim. Diyarbak\u0131r&#39;dan G\u00fcneydo\u011fu sorununu kendilerince \u00e7\u00f6z\u00fcm\u00fcnden, Ermeni isteklerinin kabul\u00fcnden, s\u00f6zde soyk\u0131r\u0131m\u0131 tan\u0131maktan, Helen ve Rum Pontus&#39;u tan\u0131maktan, patrikhane ruhban okulundan, \u0130stanbul&#39;da Ortodoks devleti kurulmas\u0131ndan, etnik dinsel ayr\u0131cal\u0131ktan, Ege Denizi&#39;nden; K\u0131sacas\u0131 Lozan&#39;\u0131n iptali ile Sevr&#39;in y\u00fcr\u00fcrl\u00fc\u011fe konmas\u0131ndan&quot; diye konu\u015ftu. <\/p>\n<p> S\u00f6zlerini &quot;\u015eu AB&#39;ye bizim Atat\u00fcrk&#39;\u00fcn resimleri bat\u0131yor. \u0130ki de bir &#8216;\u0130ndirin&#39; diyorlar. Atam\u0131n resmini niye kald\u0131ray\u0131m deyip tepki g\u00f6steren yok&quot; diye s\u00fcrd\u00fcren Hur\u015fit Tolon, T\u00fcrkiye&#39;nin anti-laik tehlike ile de kar\u015f\u0131 kar\u015f\u0131ya oldu\u011funu vurgulad\u0131. Tolon, s\u00f6zlerini \u00f6rneklerle destekleyece\u011fini de belirterek \u015funlar\u0131 s\u00f6yledi: <\/p>\n<p> &quot;1000 \u015firket, 600 vak\u0131f, 300 okul, 150 internet sitesi, 100 televizyon, 100 radyo irticai faaliyet yap\u0131yor. Sadece kad\u0131nlar\u0131n gidece\u011fi park, \u00fcstte kad\u0131nlar, altta erkeklerin gezdi\u011fi yat, e\u015finin ve annenin d\u0131\u015f\u0131nda elinden tutarsan\u0131z nikah d\u00fc\u015fer diyen Mudanya M\u00fcft\u00fcs\u00fc, Milli E\u011fitim Bakanl\u0131\u011f\u0131 kitaplar\u0131ndaki pek \u00e7ok \u00f6rnek, ince ince Atat\u00fcrk&#39;\u00fc unutturup laik cumhuriyetin temellerini yok ettirmek amac\u0131n\u0131 ta\u015f\u0131yor. Ancak T\u00fcrkiye Cumhuriyeti&#39;ni o haritalarda oldu\u011fu gibi b\u00f6ld\u00fcrtmeyece\u011fiz. Kara \u00e7ar\u015fafl\u0131 g\u00f6r\u00fcnt\u00fcler \u00c7ankaya&#39;ya yans\u0131t\u0131lmak isteniyor. Ama Cumhuriyet buna izin vermeyecektir.&quot;<a name=\"_ftnref2\" href=\"#_ftn2\" title=\"_ftnref2\">[2]<\/a> <\/p>\n<p> <strong>Deniz Kuvvetleri\u00a0 Komutan\u0131 Oramiral Karahano\u011flu&#39;nun;<\/strong> <\/p>\n<p> <strong>&quot;Atat\u00fcrk Milliyet\u00e7ili\u011finin Kar\u015f\u0131t\u0131 Evrensel Kapitalizmdir&quot;<\/strong> <strong>tespiti olumlu ve onurludur.<\/strong> <\/p>\n<p> Deniz Kuvvetleri Komutan\u0131 Oramiral Yener Karahano\u011flu, kimi i\u00e7 ve d\u0131\u015f mihraklar\u0131n T\u00fcrk Silahl\u0131 Kuvvetlerini y\u0131pratmak i\u00e7in i\u015fbirli\u011fi halinde sald\u0131r\u0131lar\u0131n\u0131 yo\u011funla\u015ft\u0131rd\u0131klar\u0131n\u0131 belirterek, &quot;Sonlar\u0131n\u0131 kendileri haz\u0131rlayan bu zavall\u0131lara biz sadece ac\u0131yoruz. Bu mihraklar, ya onlar bu \u00fclkeyi terk edecekler ya da Anadolu denizinde bo\u011fulacaklard\u0131r&quot; dedi. <\/p>\n<p> Oramiral Karahano\u011flu, Tuzla&#39;daki Kara Harp Okulu Komutanl\u0131\u011f\u0131nda d\u00fczenlenen a\u00e7\u0131l\u0131\u015f t\u00f6reninde \u00f6\u011frencileri ilk dersi verdi. <\/p>\n<p> <strong>Irk\u00e7\u0131l\u0131\u011f\u0131 reddeden Atat\u00fcrk milliyet\u00e7ili\u011finin b\u00fct\u00fcnle\u015ftirici, birle\u015ftirici ve milli birli\u011fi sa\u011flay\u0131c\u0131 oldu\u011funu vurgulayan Oramiral Karahano\u011flu \u015funlar\u0131 s\u00f6yledi: &quot;Atat\u00fcrk\u00e7\u00fc d\u00fc\u015f\u00fcnce sisteminde milliyet\u00e7ilik, kimilerinin hevesli oldu\u011fu \u00fcmmet, cemaat gibi kavramlar\u0131 reddederken, ayn\u0131 zamanda yery\u00fcz\u00fcndeki b\u00fct\u00fcn T\u00fcrkleri bir arada, ayn\u0131 devlet kimli\u011finde birle\u015ftirmeyi \u00f6ng\u00f6ren ve ad\u0131na &#8216;T\u00fcrk\u00e7\u00fcl\u00fck&#39; denen \u00fctopik d\u00fc\u015f\u00fcncenin ya\u015fama ge\u00e7irilmesini de ayn\u0131 \u00f6l\u00e7\u00fcde reddeden ve T\u00fcrkiye Cumhuriyeti ile onu olu\u015fturan ulusu, yaln\u0131zca milli s\u0131n\u0131rlar i\u00e7inde \u00fclke, \u00fclk\u00fc ve dil birli\u011fi idealinde ba\u011f\u0131ms\u0131z bir devlet kurumu halinde ya\u015fatmay\u0131 ama\u00e7layan bir ilkedir. \u00dclkenin birli\u011fi, milletin tekli\u011fi ve tam ba\u011f\u0131ms\u0131zl\u0131k; Atat\u00fcrk milliyet\u00e7ili\u011fi budur. Bu ilkenin kar\u015f\u0131t\u0131 ise \u00fcmmet\u00e7ilik, \u015feriat taraftarl\u0131\u011f\u0131, emperyalizm ve evrensel kapitalizmdir. Milliyet\u00e7ilik ilkesi, \u00fcniter bir devlet yap\u0131s\u0131n\u0131 i\u00e7ermesi a\u00e7\u0131s\u0131ndan b\u00f6l\u00fcc\u00fcl\u00fc\u011f\u00fcn her t\u00fcr\u00fcn\u00fcn kesinlikle kar\u015f\u0131s\u0131ndad\u0131r.&quot;<\/strong> <\/p>\n<p> <strong>Tarih boyunca t\u00fcm devrimcilerin din ve ger\u00e7ek dindarlarla de\u011fil, cemaatler, tarikatlar ve dinciler ile kar\u015f\u0131 kar\u015f\u0131ya geldi\u011fini ifade eden Oramiral Karahano\u011flu \u015f\u00f6yle konu\u015ftu:<\/strong> <\/p>\n<p> <strong>&quot;Eski d\u00fczenle \u00e7\u0131karlar\u0131 b\u00fct\u00fcnle\u015fmi\u015f olan bu kesimler, k\u00f6kl\u00fc de\u011fi\u015fimlere hep kar\u015f\u0131 \u00e7\u0131km\u0131\u015f; dini, bir siyasal ama\u00e7 i\u00e7in kullanarak kitleleri etkilemeye \u00e7al\u0131\u015fm\u0131\u015flard\u0131r. Kendi etki ve a\u011f\u0131rl\u0131klar\u0131n\u0131 azaltacak her giri\u015fimi de &#8216;dinsizlik&#39; olarak nitelendirmekten \u00e7ekinmemi\u015flerdir. Kurtulu\u015f Sava\u015f\u0131 s\u0131ras\u0131nda Mustafa Kemal&#39;in idam ferman\u0131n\u0131 \u00e7\u0131karanlar ve i\u015fgalci g\u00fc\u00e7lerle i\u015fbirli\u011fi yapanlar Sait Molla gibi dinciler olmu\u015ftur.&quot;<\/strong> <\/p>\n<p> <strong>Oramiral Karahano\u011flu, TSK&#39;n\u0131n Avrupa Birli\u011fi u\u011fruna kendisinden istenen tavizleri de asla veremeyece\u011fini s\u00f6yledi.<\/strong> <\/p>\n<p> <strong>Ama Yeni\u015fafak&#39;\u0131n islamc\u0131 yazar\u0131 Rasim \u00d6zden\u00f6ren, Yahudi Ross Wilson&#39;un ordumuza y\u00f6nelik &quot;kakofoni&quot; hakaretlerini hakl\u0131 g\u00f6r\u00fcyor ve utanmadan \u00f6d\u00fcn\u00e7 al\u0131yordu:<\/strong> <\/p>\n<p> <strong>\u00d6zele\u015ftiri ve Kakofoni<\/strong>\u0131\u00dc\u00fc <\/p>\n<p> Biz konunun akt\u00fcel yan\u0131yla ilgili de\u011filiz. Biz, bu konu \u00fczerindeki tezimizi 40 y\u0131ldan fazla bir s\u00fcredir tekrarl\u0131yoruz. Otuzun \u00fcst\u00fcndeki kitaplar\u0131m\u0131z\u0131n nerdeyse yar\u0131s\u0131nda bu tezimizi \u00e7e\u015fitli cepheleriyle anlatmaya \u00e7al\u0131\u015ft\u0131k. Ancak son g\u00fcnlerdeki tart\u0131\u015fmalar g\u00f6steriyor ki, bu \u00fclkede siyasal, toplumsal \u00e7eki\u015fmelerin, g\u00f6r\u00fc\u015f al\u0131\u015fveri\u015findeki uzla\u015fmazl\u0131\u011f\u0131n temelinde hep ayn\u0131 kavram karga\u015fas\u0131 yer almaktad\u0131r. <\/p>\n<p> &quot;\u0130rtica tehdidi&quot; konusuna de\u011findi\u011fimiz belli oluyor san\u0131yorum. Konu yaln\u0131zca irtica tehdidi ile ilgili de\u011fil, bir ucu laiklikle ilgili. \u0130rtica tehdidinin oldu\u011fu yerde &quot;laiklik elden gidiyor&quot; vaveyl\u00e2s\u0131 da e\u015fanl\u0131 olarak ve kaideten ortaya \u00e7\u0131kar. \u00c7\u0131k\u0131yor. <\/p>\n<p> Ni\u00e7in b\u00f6yle oluyor? Ni\u00e7in her kafadan bir ses \u00e7\u0131k\u0131yor? Ve bu sesler bir ahenk olu\u015fturmuyor. ABD&#39;nin Ankara B\u00fcy\u00fckel\u00e7isi Ross Wilson&#39;un deyi\u015fini \u00f6d\u00fcn\u00e7 alarak s\u00f6ylersek kakofoni nas\u0131l oluyor da seksen y\u0131ld\u0131r devam edip geliyor. Ve sakinle\u015fece\u011fe de benzemiyor?<a name=\"_ftnref3\" href=\"#_ftn3\" title=\"_ftnref3\">[3]<\/a> <\/p>\n<p> Zaman Gazetesi yazar\u0131 Sami Uslu, Tayyib&#39;e yalakal\u0131k olsun diye, B\u00fcy\u00fckan\u0131t Pa\u015faya ak\u0131l vermeye \u00e7al\u0131\u015f\u0131yordu: <\/p>\n<p> <strong>B\u00fcy\u00fckan\u0131t Pa\u015fa, Ba\u015fbakan Erdo\u011fan&#39;a Te\u015fekk\u00fcr Bor\u00e7lu<\/strong> <\/p>\n<p> &quot;B\u00f6yle bir ortamda yeti\u015fen ve Genelkurmay Ba\u015fkanl\u0131\u011f\u0131 gibi zirve bir g\u00f6reve ula\u015fan bir orgeneralin ba\u011fl\u0131 bulundu\u011fu amirine kar\u015f\u0131 usul\u00fcne uygun bir davran\u0131\u015f tarz\u0131 sergilemesini beklemez misiniz? D\u00fcnyan\u0131n gelmi\u015f ge\u00e7mi\u015f en b\u00fcy\u00fck askerlerinden biri olarak kabul edilen Napolyon der ki: &quot;Bir subay\u0131n iyi bir komutan olabilmesi i\u00e7in, kendi komutan\u0131na tam bir itaat g\u00f6stermesi gerekir.&quot; <strong>Ne var ki, Say\u0131n B\u00fcy\u00fckan\u0131t, Genelkurmay Ba\u015fkanl\u0131\u011f\u0131 g\u00f6rev devir ve teslim t\u00f6reninde Ba\u015fbakan&#39;a kuru bir te\u015fekk\u00fcr\u00fc dahi \u00e7ok g\u00f6rd\u00fc. Halbuki, ad\u0131n\u0131 anmad\u0131\u011f\u0131 Ba\u015fbakan onun her subay\u0131n r\u00fcyas\u0131 olan bir zirve makam ve unvana ula\u015fmas\u0131n\u0131 sa\u011flam\u0131\u015f, bunu yaparken de tam bir liderlik g\u00f6stererek, \u00fclke i\u00e7inden ve d\u0131\u015f\u0131ndan gelen karalama kampanyalar\u0131n\u0131 elinin tersiyle bir kenara itmi\u015fti.<\/strong> <\/p>\n<p> \u00dcstlere itaat ve sayg\u0131y\u0131 ba\u015fkalar\u0131na \u00f6\u011fretme mevkiinde bulunan bir insan, Anayasa&#39;n\u0131n emretti\u011fi hiyerar\u015fik s\u0131ralamada amiri pozisyonunda bulunan bir ki\u015fiye kar\u015f\u0131 en basit nezaket s\u00f6zc\u00fcklerini telaffuz etmekten ka\u00e7\u0131namaz. B\u00f6ylesine bir tutumu makul bir nedenle izah etmek imkans\u0131zd\u0131r. Mesela, &quot;yasa ve team\u00fcllerde b\u00f6yle bir \u015fey yok&quot; demek anlams\u0131z, zay\u0131f bir arg\u00fcmandan ileri gitmez. \u00c7\u00fcnk\u00fc yasalar nezaket ve g\u00f6rg\u00fc kurallar\u0131n\u0131 d\u00fczenlemez. Zaten, adab\u0131 mua\u015feret, i\u015f hayat\u0131 ve sosyal ya\u015fam\u0131n tanziminde genellikle kanunlardan daha \u00f6nemli, daha etkilidir. Team\u00fcl (uygulama) ise nezakete ayk\u0131r\u0131ysa yanl\u0131\u015f bir team\u00fcld\u00fcr. B\u00f6yle bir team\u00fcl\u00fc mazeret diye kullanmak yerine, onu derhal de\u011fi\u015ftirmek daha yararl\u0131d\u0131r. <\/p>\n<p> Halk\u0131m\u0131z \u00fcst d\u00fczey komutanlar\u0131m\u0131z i\u00e7in yabanc\u0131 dilden al\u0131nma general s\u00f6zc\u00fc\u011f\u00fcn\u00fc benimsememi\u015f, bunun yerine Osmanl\u0131&#39;dan kalma ve y\u00fcceltici anlam\u0131 bulunan pa\u015fa kelimesini tercih etmi\u015ftir. Say\u0131n B\u00fcy\u00fckan\u0131t&#39;\u0131n, t\u00f6rende Ba\u015fbakan&#39;\u0131 pas ge\u00e7mesi &#39;pa\u015faca&#39; bir davran\u0131\u015f de\u011fildi. Ama, biraz hayalperestlik deseniz de, ben Genelkurmay Ba\u015fkan\u0131&#39;m\u0131z\u0131n bu ihmalini telafi edecek jesti de yapaca\u011f\u0131n\u0131 umuyor ve bekliyorum.&quot;<a name=\"_ftnref4\" href=\"#_ftn4\" title=\"_ftnref4\">[4]<\/a> <\/p>\n<p> <strong>Zaman gazetesinin Ermeni as\u0131ll\u0131 ve \u0131l\u0131ml\u0131 islamc\u0131 (!) yazar\u0131 Etyen Mah\u00e7upyan ise, ordunun kendisini devletin ve milletin \u00fcst\u00fcnde g\u00f6rd\u00fc\u011f\u00fcn\u00fc savunuyor ve AB&#39;li patronlar\u0131n\u0131 k\u0131\u015fk\u0131rt\u0131yordu:<\/strong> <\/p>\n<p> &quot;<strong>Korkular\u0131m\u0131z\u0131n Cisimle\u015fmi\u015f Hali&quot;<\/strong> <\/p>\n<p> \u0131\u00dc\u00fcBu kurumlar\u0131n ba\u015f\u0131nda ise ordu gelmekte&#8230; Bu \u00f6yle bir ordu ki g\u00f6rev ve i\u015flevleri kendi i\u00e7 hizmet kurallar\u0131na g\u00f6re saptanmakta, kendi yarg\u0131s\u0131 ve ekonomik faaliyet g\u00f6steren kurulu\u015flar\u0131 var. Di\u011fer bir deyi\u015fle ger\u00e7ekten de T\u00fcrkiye&#39;deki silahl\u0131 kuvvetler di\u011fer \u00fclkelerdekilere benzemiyor. Ama bu sadece toplumun kimliksel alanda duydu\u011fu eksikli\u011fi kapatan bir kurum oldu\u011fu i\u00e7in de\u011fil, kendisini toplumun d\u0131\u015f\u0131nda ve \u00fcst\u00fcnde konumland\u0131ran bir kurum oldu\u011fu i\u00e7in de&#8230; B\u00f6ylece toplumun bir miktar demokrasi d\u0131\u015f\u0131 addetti\u011fi bu kurumun, kendi iradesiyle demokrasi d\u0131\u015f\u0131 kalma gayretine dayanan bir devlet yap\u0131s\u0131 ile kar\u015f\u0131 kar\u015f\u0131ya kal\u0131yoruz. Toplumun bu durumu &#39;demokrasi i\u00e7i&#39; olarak kabul etmesi ise tehditlerin s\u00fcreklili\u011fine ve belirsizli\u011fine ba\u011fl\u0131. \u00c7\u00fcnk\u00fc korkular\u0131m\u0131z\u0131 harekete ge\u00e7iren tehditlere kar\u015f\u0131 toplum olarak o denli acz i\u00e7indeyiz ki, devletin otoriter yakla\u015f\u0131m\u0131 bile bir &#39;toplumsal talep&#39; halini alabiliyor. Silahl\u0131 kuvvetlerin s\u00f6zc\u00fcleri ise s\u00f6z konusu denge halini daim k\u0131lacak bi\u00e7imde tehdit alg\u0131lamas\u0131n\u0131 ayakta tutuyorlar. Resmi s\u00f6yleme g\u00f6re bu tehditleri bizler genellikle g\u00f6rm\u00fcyoruz&#8230; \u00c7\u00fcnk\u00fc g\u00f6rme yetene\u011fi resmi ideolojiye biat etmeyi gerektirirken hi\u00e7birimiz o ideolojinin sahibi kadar keskin g\u00f6zlere sahip olam\u0131yor&#8230; <\/p>\n<p> <strong>B\u00f6ylece etraf\u0131m\u0131z askerin alg\u0131lad\u0131\u011f\u0131 tehditk\u00e2r hayaletlerle dolarken, Genelkurmay Ba\u015fkan\u0131 da Cumhuriyet&#39;in bekas\u0131 i\u00e7in &quot;g\u00fc\u00e7l\u00fc muhaf\u0131zlar\u0131n&quot; gere\u011finden s\u00f6z ediyor; toplumun kendini koruyacak, ayaklar\u0131 \u00fczerinde duracak bir ki\u015fili\u011fe gelmesinden de\u011fil&#8230; Devlete tabi ve s\u00fcrekli korunmaya muhta\u00e7, hen\u00fcz olgunla\u015fmam\u0131\u015f bir toplum olarak kalmam\u0131z daha az riskli, daha uygun bulunuyor. Biz de korkular\u0131m\u0131zla y\u00fczle\u015fmeyi bilmedi\u011fimiz i\u00e7in bu korumaya pek kar\u015f\u0131 \u00e7\u0131kam\u0131yoruz. Korkular\u0131m\u0131z\u0131 cisimle\u015ftirerek onlardan kurtuldu\u011fumuzu san\u0131yor, tam da bu nedenle giderek kendimizden korkuyoruz&#8230;<a name=\"_ftnref5\" href=\"#_ftn5\" title=\"_ftnref5\"><strong>[5]<\/strong><\/a><\/strong> <\/p>\n<p> Siyonist spek\u00fclat\u00f6r Soros&#39;un destekledi\u011fi TESEV&#39;in kiral\u0131k ayd\u0131nlar\u0131ndan Emekli Albay Hakim \u00dcmit Karda\u015f ise, yine saman tad\u0131 veren Zaman gazetesindeki r\u00f6portaj\u0131nda, AB ve ABD a\u011fz\u0131yla ordumuza sata\u015f\u0131yordu: <\/p>\n<p> <strong>Askerler Demokratik Denetime Raz\u0131 De\u011fil<\/strong> <\/p>\n<p> <strong>Genelkurmay Ba\u015fkan\u0131 TESEV almana\u011f\u0131na neden bu kadar k\u0131zd\u0131?<\/strong> <\/p>\n<p> <strong>\u00dcmit Karda\u015f: <\/strong>\u00c7\u00fcnk\u00fc askerler demokratik bir denetime ve g\u00f6zetime raz\u0131 de\u011filler. B\u00f6yle bir konunun b\u0131rak\u0131n tart\u0131\u015f\u0131lmas\u0131n\u0131, bilgi olarak dahi ortaya konmas\u0131n\u0131 istemiyorlar. Tarihten gelen birtak\u0131m nedenleri de var; Ama TSK 1980&#39;den beri iktidarda. MGK yap\u0131lanmas\u0131 ve 12 Eyl\u00fcl hukukunun getirdi\u011fi d\u00fczenlemelerle y\u00fcr\u00fctme ve yarg\u0131 erkleri ile toplum \u00fczerinde g\u00fc\u00e7l\u00fc bir iktidara sahip ve s\u00fcrekli topluma korku sal\u0131yor. B\u00f6yle bir tehdit ve korku ortam\u0131nda onu denetleyemezsiniz. H\u00fck\u00fcmetin bu almana\u011f\u0131, ifade \u00f6zg\u00fcrl\u00fc\u011f\u00fc ba\u011flam\u0131nda ve demokrasiye bir katk\u0131 olarak alg\u0131lay\u0131p savunmamas\u0131 ve askere hak vermesi hatta bu \u00e7\u0131k\u0131\u015f\u0131n nedenini daha \u00e7ok bu almana\u011fa y\u00f6neltmesi hem etik hem de ahlaki de\u011fil. AKP iktidarda muktedir de\u011fil, yalpal\u0131yor. <\/p>\n<p> <strong>Ba\u015fbakan&#39;\u0131n askerlere &quot;Gelin abartmayal\u0131m, uzla\u015fal\u0131m&quot; \u00f6nerisi yalpalamak m\u0131?<\/strong> <\/p>\n<p> <strong>\u00dcmit Karda\u015f: <\/strong>Ba\u015fbakan tutars\u0131z davran\u0131yor. ABD&#39;de ordunun sivil otoritenin emrinde oldu\u011funu s\u00f6yleyip, d\u00f6n\u00fc\u015f yolunda tavizkar bir tutum sergilemesini do\u011fru bulmuyorum. Ba\u015fbakan&#39;\u0131n bu konularda askeri ikna etmesi gerekmiyor. Asker\u00ee b\u00fcrokrasi bir siyasi parti de\u011fil, kendine ba\u011fl\u0131, idare i\u00e7inde yer alan bir kurum. \u0130ktidar uzla\u015fmay\u0131 muhalefet partileriyle arar, onlar\u0131 iknaya \u00e7al\u0131\u015fabilir. Ama askeri de\u011fil. <\/p>\n<p> <strong>Size g\u00f6re &quot;din\u00ee&quot; irtica tehdidi alt\u0131nda m\u0131 T\u00fcrkiye?<\/strong> <\/p>\n<p> <strong>\u00dcmit Karda\u015f: <\/strong>Hay\u0131r, ben aksine iyiye gidi\u015f g\u00f6r\u00fcyorum. Hakikaten, gettolar\u0131ndan \u00e7\u0131kt\u0131 bu insanlar ve d\u00fcnyevile\u015fmek istiyorlar. \u00c7i\u00e7ek Pasaj\u0131&#39;nda oturan, erkek arkada\u015flar\u0131yla el ele dola\u015fan t\u00fcrbanl\u0131 k\u0131zlar g\u00f6r\u00fcyorum. \u00dcniversiteye gelip kap\u0131dan d\u00f6nd\u00fcr\u00fclen k\u0131zlar okumak istiyor. Eskiden okumak istemiyorlard\u0131. \u015eimdi belki orada pozitif bilim ile tan\u0131\u015f\u0131p de\u011fi\u015fecekler. Yani bunlar asl\u0131nda \u00e7o\u011falmad\u0131lar. Zaten vard\u0131lar. \u015eimdi toplumsal alana geliyorlar, talepleri var. Bu talepleri kar\u015f\u0131lamak zorundas\u0131n\u0131z. TSK ise t\u00fcrban\u0131 laikli\u011fi tehdit eden bir durum olarak alg\u0131l\u0131yor. <\/p>\n<p> <strong>MGK&#39;n\u0131n yap\u0131s\u0131ndaki yasal de\u011fi\u015fiklikler uygulamada neleri de\u011fi\u015ftirdi?<\/strong> <\/p>\n<p> <strong>\u00dcmit Karda\u015f: <\/strong>MGK&#39;n\u0131n yetkileri daralt\u0131ld\u0131. Bir sivil genel sekreter getirildi. Ama de\u011fi\u015fen bir \u015fey yok. Fiiliyatta olu\u015fturduklar\u0131 m\u00fcdahale gelene\u011fi, fi\u015flemeler, i\u00e7 istihbarat devam ediyor. Bence MGK&#39;n\u0131n tamamen kalkmas\u0131 laz\u0131m. D\u0131\u015f g\u00fcvenlik kurulu olabilir. D\u0131\u015f g\u00fcvenlikle ilgili konularda askerin g\u00f6r\u00fc\u015f\u00fcn\u00fc alacaks\u0131n\u0131z tabii ki. Ama MGK&#39;da i\u00e7 siyaset konu\u015fuluyor. Siyaset\u00e7inin b\u00f6yle bir zemine ihtiyac\u0131 yok. Kendi parti gruplar\u0131 var, Meclis var, bakanlar kurulu var. <\/p>\n<p> <strong>Milli G\u00fcvenlik Siyaset Belgesi&#39;ni g\u00f6rmediklerini a\u00e7\u0131klayan siyasiler var. Neden gizleniyor?<\/strong> <\/p>\n<p> <strong>\u00dcmit Karda\u015f: <\/strong>Bunun haz\u0131rlanmas\u0131nda asker egemen oldu\u011fu i\u00e7in, kendilerine g\u00f6re yapt\u0131\u011f\u0131 birtak\u0131m tehdit alg\u0131lamalar\u0131n\u0131n bilinmesini istemiyor. <\/p>\n<p> <strong>E\u011fer siviller yetersizlerse bunda askerin pay\u0131 yok mu? \u0130\u015fte hep deniyor ki siyasiler bo\u015fluk yarat\u0131yor, asker de onu dolduruyor. Sen s\u00fcrekli onlar\u0131 korkutursan, a\u015fa\u011f\u0131larsan nas\u0131l geli\u015fecek beyinler?<\/strong> <\/p>\n<p> <strong>\u00dcmit Karda\u015f: <\/strong>Geli\u015femez tabii. O bo\u015flu\u011fu zaten asker yarat\u0131yor. Asker siyasete m\u00fcdahale ettik\u00e7e siyaset\u00e7i sorumluluk almaktan ka\u00e7\u0131n\u0131r. Kendine olan g\u00fcvenini kaybeder bir s\u00fcre sonra. Hatta Genelkurmay, milli g\u00fcvenlik siyaseti ile ilgili galiba bir g\u00f6r\u00fc\u015f sormu\u015f h\u00fck\u00fcmete. Onlar da &#39;siz nas\u0131l uygun g\u00f6r\u00fcrseniz&#39; demi\u015fler. <\/p>\n<p> <strong>Bunu diyen kim, Ba\u015fbakan m\u0131?<\/strong> <\/p>\n<p> <strong>\u00dcmit Karda\u015f: <\/strong>Art\u0131k bilemiyorum, ya Ba\u015fbakan ya Milli Savunma Bakan\u0131. Siz siyaset yap\u0131yorsan\u0131z, cesur, programl\u0131 ve dik olacaks\u0131n\u0131z. Bak\u0131n toplumsal bir olay oldu\u011fu zaman vali askerden yard\u0131m ister. \u00d6yle bir y\u00f6netmelik \u00e7\u0131kar\u0131ld\u0131 ki asker do\u011frudan do\u011fruya m\u00fcdahale ediyor art\u0131k. Bunu haz\u0131rlayan, h\u00fck\u00fcmet. Siz kendi yetkilerinizi resmen askere devrediyorsunuz. Ha diyeceksiniz ki asker bunlar\u0131 tokatl\u0131yor. Travma ge\u00e7irdiler bunlar. Do\u011frudur. Bir ba\u015fbakan, iki bakan as\u0131ld\u0131. Ondan sonra iki g\u00f6mle\u011fimiz var; bayraml\u0131k ve idaml\u0131k s\u00f6ylemleri. Tayyip Erdo\u011fan da yak\u0131n bir zamanda b\u00f6yle bir psikolojinin i\u00e7indeydi. Darbeler yap\u0131yorsunuz. Siyaset\u00e7i tabii ki g\u00fcvenini kaybediyor. Sorumluluk almaktan korkuyor. <\/p>\n<p> <strong>Bir ad\u0131m ileri iki ad\u0131m geri gidiyor.<\/strong> <\/p>\n<p> <strong>\u00dcmit Karda\u015f: <\/strong>K\u00fcrt sorunu var diyorsunuz, laf\u0131n\u0131z\u0131n alt\u0131n\u0131 dolduram\u0131yorsunuz. Askere dur karde\u015fim, ben bunu \u00e7\u00f6zece\u011fim, bu benim sorunum diyebiliyor musunuz? Yoksa bir kenara \u00e7ekilip, asker gitsin, sava\u015fs\u0131n m\u0131 diyorsunuz. Siz g\u00fc\u00e7l\u00fc birisinden dayak yedi\u011finiz zaman bir daha onun \u00e7evresinde dola\u015fabilir misiniz? Dola\u015ft\u0131\u011f\u0131n\u0131z zaman da boynunuzu b\u00fck\u00fcp korkarak ka\u00e7ars\u0131n\u0131z, onun dedi\u011fini yapars\u0131n\u0131z. <\/p>\n<p> <strong>Peki bu durumdan dayak atan da zarar g\u00f6rm\u00fcyor mu?<\/strong> <\/p>\n<p> <strong>\u00dcmit Karda\u015f: <\/strong>Tabii, o da netice itibar\u0131yla g\u00fc\u00e7 kayb\u0131na u\u011fruyor. Disiplini zay\u0131fl\u0131yor, kendi i\u00e7inde muhalif gruplara b\u00f6l\u00fcn\u00fcyor. Her darbeden sonra tasfiyeler oldu orduda. 12 Eyl\u00fcl&#39;de bir s\u00fcr\u00fc gen\u00e7 subay at\u0131ld\u0131. 1960 ihtilali keza Eminsular\u0131, tasfiye etti. 28 \u015eubat&#39;ta da ayn\u0131 \u015feyler ya\u015fand\u0131. <\/p>\n<p> Ordu g\u00fc\u00e7 kullanmaya al\u0131\u015ft\u0131, denetlenmek istemiyor. AB&#39;ye kar\u015f\u0131 \u00e7\u0131kmay\u0131 da istemiyor. \u00c7\u00fcnk\u00fc T\u00fcrkiye Cumhuriyeti&#39;nin bir politikas\u0131 Bat\u0131l\u0131la\u015fmak. Burada bir \u00e7\u0131kmaza giriyor. &quot;Avrupa Birli\u011fi bizim neyimize?&quot; diyemiyor tabii. Asl\u0131nda d\u00fc\u015f\u00fcncesi bu. \u00d6zellikle son 25 y\u0131ld\u0131r siyasi parti gibi \u00e7al\u0131\u015f\u0131yor. Ve bu h\u00fck\u00fcmranl\u0131\u011f\u0131n\u0131 kaybetmek istemiyor.<a name=\"_ftnref6\" href=\"#_ftn6\" title=\"_ftnref6\">[6]<\/a> <\/p>\n<p> Oysa Dr. L\u00fcf\u00fc \u00d6z\u015fahin daha yap\u0131c\u0131 ve ak\u0131lc\u0131 bir tespitte bulunuyordu: <\/p>\n<p> <strong>Ordu, Kavramlar\u0131 Tan\u0131mlar ve Siyasalla\u015ft\u0131r\u0131rsa Ne Olur?<\/strong> <\/p>\n<p> Ordu-siyaset ili\u015fkisi T\u00fcrkiye&#39;de her zaman \u00f6nemli bir yer i\u015fgal etmi\u015ftir. Ancak \u015funu belirteyim ki, T\u00fcrkiye&#39;de askerin siyasalla\u015fmas\u0131na kar\u015f\u0131 \u00e7\u0131kan en \u00f6nemli lider, kendisi ad\u0131na yani Atat\u00fcrk\u00e7\u00fcl\u00fck, Kemalizm, laiklik ad\u0131na darbeler yap\u0131lan Mustafa Kemal Atat\u00fcrk olmu\u015ftur. Mustafa Kemal yapt\u0131\u011f\u0131 konu\u015fmalarda askerin siyasalla\u015fmas\u0131n\u0131n \u00fclkeye b\u00fcy\u00fck zararlar verdi\u011fini hatta Trablusgarp, Balkan Sava\u015flar\u0131 ve Sar\u0131kam\u0131\u015f facialar\u0131n\u0131n \u0130ttihat ve Terakki&#39;nin askeri siyasalla\u015ft\u0131rmas\u0131ndan kaynakland\u0131\u011f\u0131n\u0131 s\u00f6yler. Zira b\u00fct\u00fcn askeri otoriteler kabul ederler ki, Ordu siyasalla\u015ft\u0131\u011f\u0131 zaman sava\u015fma ve taarruz yetene\u011fini kaybeder. Ordu&#39;da hiziple\u015fmeler ve klikle\u015fmeler ba\u015flar. \u00c7\u00fcnk\u00fc askeri kurmaylar vatan\u0131n savunmas\u0131 i\u00e7in, ordunun g\u00fc\u00e7lenmesi, geli\u015fmesi, modernle\u015fmesi, vurucu g\u00fcc\u00fcn\u00fcn artmas\u0131 noktas\u0131nda \u00e7aba sarf etmesi gerekirken, mesaisini siyasete harcad\u0131\u011f\u0131 zaman zaafa u\u011frar ve sava\u015fma yetene\u011fi irtifa kaybeder. Bu hem Mustafa Kemal, hem de g\u00fcn\u00fcm\u00fcz strateji ve askeri otoriteler taraf\u0131ndan kabul edilen bir ger\u00e7ekliktir. <\/p>\n<p> Yani s\u00f6z\u00fcn \u00f6z\u00fc; bir \u00fclkede askerler milletin iradesini yans\u0131tan ve \u00f6zg\u00fcr se\u00e7imlerle i\u015fba\u015f\u0131na gelen bir siyasal otoriteye ba\u011fl\u0131 olmad\u0131\u011f\u0131 zaman o \u00fclkenin kalk\u0131nmas\u0131, geli\u015fmesi, y\u00fckselmesi, devlet ve millet kayna\u015fmas\u0131n\u0131n olmas\u0131, hakeza ideal bir hukuk devletinin ve demokrasinin olu\u015fmas\u0131 m\u00fcmk\u00fcn de\u011fildir. Bunu zaten hep beraber g\u00f6rmedik mi? Darbeler ne i\u015fe yarad\u0131? Kimin i\u015fine yarad\u0131? \u00d6rne\u011fin 28 \u015eubat Postmodern darbesi millete de\u011fil, milletin vergilerini iliklerine kadar s\u00f6m\u00fcren, bankalar\u0131 bo\u015faltan soygunculara, h\u0131rs\u0131zlara yaramad\u0131 m\u0131? \u00d6yle ki cumhuriyet tarihinin en b\u00fcy\u00fck soygunlar\u0131 irtica bahanesi ile Erbakan h\u00fck\u00fcmetinin istifa ettirilmesi sonras\u0131nda olmad\u0131 m\u0131? Sonra ne oldu? Sonu\u00e7 beyhude T\u00fcrkiye&#39;nin kay\u0131p y\u0131llar\u0131, fakirle\u015fme, gerilim, kaos, epidemik ahlaks\u0131zl\u0131k, \u00e7\u00fcr\u00fcme, yabanc\u0131la\u015fma, can ve mal endi\u015fesi. <\/p>\n<p> Ancak hemen belirteyim ki, T\u00fcrkiye \u00f6zelinde askerlerin siyasalla\u015fmas\u0131n\u0131n en \u00f6nemli dinamiklerinden birisi de dalkavuk, apoletsiz sivil generallerdir. \u00d6yle ki bu zevat sivil elbise giyinmelerine ve sivil g\u00f6revlerde bulunmalar\u0131na ra\u011fmen askerlerden daha otoriter ve daha da darbe heveslisidir. Her durumdan darbe zemini olu\u015fturmak i\u00e7in anlam \u00e7\u0131karabilirler. <\/p>\n<p> <\/p>\n<p> Bu zevat\u0131n sureti haktan g\u00f6z\u00fcken en \u00f6nemli arg\u00fcmanlar\u0131, askerler; din, ezan, e\u011fitim, ekonomi, laiklik, demokrasi, ba\u015f\u00f6rt\u00fcs\u00fc gibi konularda a\u00e7\u0131klama yapt\u0131klar\u0131nda &quot;bu \u00fclkede demokrasi var, askerler de g\u00f6r\u00fc\u015flerini yans\u0131tabilir&quot; t\u00fcr\u00fcnden g\u00f6r\u00fc\u015fleri savunmalar\u0131d\u0131r. Bu zevat\u0131n \u00e7o\u011funlu\u011funu genelde jakoben, elitist, Bat\u0131 hayran\u0131 garpzadeler olu\u015fturur. Bunlar emellerini halk pirim vermedi\u011finden dolay\u0131 demokratik yoldan ger\u00e7ekle\u015ftiremedikleri i\u00e7in Orduyu bir alet-enstr\u00fcman olarak kullanma ihtiyac\u0131 hissederler ve daima cumhuriyet, vatan, laiklik, devrimler elden gidiyor sloganlar\u0131n\u0131 seslendirirler. Asl\u0131nda elden giden hi\u00e7bir \u015fey yoktur. Ger\u00e7ekte bu zevat; konumlar\u0131n\u0131, stat\u00fclerini, ali menfaatlerini, devasa mal varl\u0131klar\u0131n\u0131 kaybetme endi\u015fesine kap\u0131lm\u0131\u015flard\u0131r o kadar. Bundan dolay\u0131 her zaman askerlerin siyasal a\u00e7\u0131klamalar\u0131n\u0131 makul kar\u015f\u0131larlar.<a name=\"_ftnref7\" href=\"#_ftn7\" title=\"_ftnref7\">[7]<\/a> <\/p>\n<p> Yusuf Gen\u00e7&#39;in; <\/p>\n<p> <strong>&quot;Yeni\u00e7eri Oca\u011f\u0131&#39;ndan Odumuza Bak\u0131\u015f&#8230;&quot; a\u00e7\u0131\u015f\u0131 ba\u015fka bir soruna dikkat \u00e7ekiyordu:<\/strong> <\/p>\n<p> Bu topraklarda ve dahi b\u00fct\u00fcn evvelki T\u00fcrk yurtlar\u0131nda biz T\u00fcrkler orduya \u00e7ok \u00f6nem vermi\u015f bir milletiz. T\u00fcrk hakan\u0131n\u0131n\/sultan\u0131n\u0131n \u00fcstlendi\u011fi bir \u00e7ok g\u00f6revle beraber ayn\u0131 zamanda ordumuzun da ba\u015fkomutan\u0131 s\u0131fat\u0131n\u0131 alm\u0131\u015f olmas\u0131, \u00f6teden beri s\u00f6ylenilen sav\u0131m\u0131z\u0131n do\u011frulu\u011funun da ispat kap\u0131s\u0131d\u0131r. <\/p>\n<p> \u00d6zellikle Sel\u00e7uklu ve Osmanl\u0131 d\u00f6neminde, orduya verilen \u00f6nemin elbette \u00e7e\u015fitli sebepleri vard\u0131r. Halid bin Velid&#39;in; &quot;Ey yak\u0131nlar\u0131m, cihad\u0131 b\u0131rakmay\u0131n! Bu topraklar ancak cihatla korunabilir&quot; s\u00f6z\u00fcnden yola \u00e7\u0131kal\u0131m ve belirtelim; \u0130slamiyet&#39;le \u015fereflendikten sonra T\u00fcrklerin yeg\u00e2ne var olma sebebi olan \u0130&#39;lay\u0131 Kelimetullah misyonunu (g\u00f6revini), b\u00fcy\u00fck bir inan\u00e7la devretti\u011fimiz i\u00e7in orduya\/silahl\u0131 kuvvetlere b\u00fcy\u00fck de\u011fer ve \u00f6nem veriyoruz. Orduya verdi\u011fimiz de\u011ferle Halid bin Velid aras\u0131nda ba\u011flant\u0131 kuramayanlara ve &quot;bu topraklar&quot; olarak kastedilen yerin neresi oldu\u011fundan habersiz olanlara sadece ac\u0131makla yetinebiliriz. Bu hayati ba\u011flant\u0131y\u0131 onlara a\u00e7\u0131klamaya \u00e7al\u0131\u015farak zaman kaybetmeye gerek yok. <\/p>\n<p> <strong>Peki, b\u00f6ylesine \u00f6nem verdi\u011fimiz, ba\u015f tac\u0131 etti\u011fimiz, el \u00fcst\u00fcnde tuttu\u011fumuz silahl\u0131 kuvvetlerimize\/ordumuza g\u00f6sterdi\u011fimiz sayg\u0131 ve sevgi hi\u00e7 azalmad\u0131 m\u0131? \u0130kinci Abd\u00fclhamid&#39;i, ordunun s\u0131f\u0131ra inen imaj\u0131n\u0131 d\u00fczelten ve orduya yeniden sayg\u0131nl\u0131k kazand\u0131ran sultan olarak da anmam\u0131z, sorumuzun cevab\u0131n\u0131 vermiyor mu? <\/strong> <\/p>\n<p> <strong>Kendi \u00fclkesinin silahl\u0131 kuvvetlerinin g\u00fc\u00e7l\u00fc, b\u00fcy\u00fck ve cayd\u0131r\u0131c\u0131 olmas\u0131n\u0131 elbette her \u00fclke vatanda\u015f\u0131 ister. \u015eahsi olarak, T\u00fcrk Silahl\u0131 Kuvvetlerinin sayd\u0131\u011f\u0131m \u00f6zelliklere sahip olmas\u0131n\u0131 her T\u00fcrk vatanda\u015f\u0131ndan daha fazla ben de istiyorum. Elbette silahl\u0131 kuvvetler b\u00fcy\u00fck ve g\u00fc\u00e7l\u00fc olacak. Bayra\u011f\u0131m\u0131z\u0131 ya\u015fatmak ve topraklar\u0131m\u0131z\u0131 korumak ancak b\u00f6yle m\u00fcmk\u00fcn&#8230;<\/strong> <\/p>\n<p> <strong>Fakat burada \u00e7ok ince bir dikkat isteyen husus var. Silahl\u0131 kuvvetler g\u00fc\u00e7l\u00fc olacak, lakin g\u00fcc\u00fcn\u00fc bize g\u00f6stermeyecek&quot;<a name=\"_ftnref8\" href=\"#_ftn8\" title=\"_ftnref8\"><strong>[8]<\/strong><\/a> <\/strong> <\/p>\n<p> <strong>Deniz \u00dclke Ar\u0131bo\u011fan&#39;\u0131n Ak\u015fam&#39;da yazd\u0131klar\u0131 ise tarihi bir \u00f6nem ta\u015f\u0131yordu ve ordumuzu yaralamak isteyenleri uyar\u0131yordu:<\/strong> <\/p>\n<p> <strong>Yaral\u0131 Aslan, Orman\u0131 Tarumar Etmeye Kalkmas\u0131n!<\/strong> <\/p>\n<p> Halk, ne kendisine, ne kendi se\u00e7ti\u011fi temsilcilere, ne \u00fcniversitelere, ne de di\u011fer kurumlara fazla itibar etmedi. T\u00fcrkiye co\u011frafyas\u0131n\u0131n her k\u00f6y\u00fcnde, kasabas\u0131nda ve \u015fehrinde \u00f6rg\u00fctlenmi\u015f tek kurum olan ordu, halkla en fazla temas eden, onun ya\u015fam\u0131n\u0131 payla\u015fan, ona destek veren g\u00fc\u00e7 oldu. Kimsenin gitmedi\u011fi yerlere askeri doktorlar gitti, subaylar mezralarda \u00f6\u011fretmenlik yapt\u0131, karda kapanan yollarda halka askerler ula\u015ft\u0131, depremde insanlar\u0131 enkaz\u0131n alt\u0131ndan onlar \u00e7\u0131kartt\u0131. Bug\u00fcn bir\u00e7oklar\u0131n\u0131n anlayamad\u0131\u011f\u0131 &#8216;halk\u0131n orduya neden bu kadar g\u00fcven duydu\u011fu&#39; sorusunun cevab\u0131 da burada gizli&#8230; T\u00fcrk siyasi gelene\u011finde ordunun rol\u00fc ve etkinli\u011finin di\u011fer demokratik \u00fclkelerdeki standartlara \u00e7ekilmesi konusu uzunca bir s\u00fcredir vitrinde. <\/p>\n<p> Bu konu, AB yolunda ele al\u0131nmas\u0131 gereken en \u00f6ncelikli paketlerden biri haline gelmi\u015f bulunuyor. Ancak temel mesele \u015fu ki, iklim \u015fimdilik bu paketi a\u00e7maya m\u00fcsait de\u011fil. T\u00fcrk Silahl\u0131 Kuvvetleri, bir s\u00fcredir bug\u00fcne kadar rastlan\u0131lmam\u0131\u015f bir ele\u015ftiri bombard\u0131man\u0131 alt\u0131nda tutuluyor. Ge\u00e7mi\u015f hesaplar yeniden a\u00e7\u0131l\u0131yor, s\u00f6ylenmemi\u015f s\u00f6z kalmamacas\u0131na a\u011fza gelen her \u015fey deyiveriliyor&#8230; Cumhuriyetimizin her \u015feyden \u00e7ok, demokrasiye ihtiyac\u0131 var. <\/p>\n<p> Halk askerini ne kadar seviyor ve kolluyorsa, Cumhuriyeti&#39;ni de o kadar seviyor. Kimse korkmas\u0131n. Korkulacak \u015fey, sakin sakin dururken taciz edilip, yaralanan aslan\u0131n, t\u00fcm orman\u0131 tarumar etmeye kalkmas\u0131! <\/p>\n<p> <\/p>\n<p> <strong>Ve Prof. Celal \u015eeng\u00fcr bir do\u011fruyu dobra dobra dile getiriyor ve son noktay\u0131 koyuyordu.<a name=\"_ftnref9\" href=\"#_ftn9\" title=\"_ftnref9\"><strong>[9]<\/strong><\/a><\/strong> <\/p>\n<p> <strong>&quot;E\u011fer Devletin Bekas\u0131 ve \u00dclkenin Ba\u011f\u0131ms\u0131zl\u0131\u011f\u0131 \u0130\u00e7in Mutlaka Gerekiyorsa; Ordu Tabii ki Darbe Yapabilir!&quot; Diyordu.<\/strong> <\/p>\n<p> <strong>Harp Akademileri&#39;nde ilk dersi verip konu\u015fmas\u0131n\u0131 &#39;arz ederim&#39; diye bitiren Prof. Dr. Celal \u015eeng\u00f6r, &quot;Ordu gayet tabii ki darbe yapabilir. Ordunun g\u00f6revi memleketi korumakt\u0131r&quot; demi\u015fti. <\/strong>Harp Akademileri&#39;nde ilk dersi vererek dikkatleri \u00fczerine \u00e7eken \u0130T\u00dc Maden Fak\u00fcltesi Jeoloji B\u00f6l\u00fcm\u00fc \u00d6\u011fretim \u00dcyesi Prof. Dr. Celal \u015eeng\u00f6r, kamuoyunun kendisini sadece jeolog olarak tan\u0131d\u0131\u011f\u0131n\u0131, ancak ayn\u0131 zamanda bilim tarihi ve felsefecisi oldu\u011funu belirtmi\u015fti. \u015eeng\u00f6r, &quot;Ama benim bu \u00f6zelli\u011fimi bilmeyenler hakk\u0131mda yaz\u0131p duruyor, ara\u015ft\u0131rma gere\u011fi bile duymuyor. Askerler bunu bildikleri i\u00e7in benim &#39;Atat\u00fcrk ve E\u011fitim&#39; konusunda ders vermemi istiyor&quot; diye eklemi\u015fti. <\/p>\n<p> <strong>\u0130\u015fte \u015eeng\u00f6r&#39;\u00fcn \u0130zlenimleri:<\/strong> <\/p>\n<p> \u00dcniversitede k\u0131ymetli bilim adamlar\u0131 var, ama bir s\u0131n\u0131f olarak ele ald\u0131\u011f\u0131n\u0131z zaman, maalesef\u00a0 \u00fcniversite \u00fcniversiteye benzemiyor. Ama bir s\u0131n\u0131f olarak ele ald\u0131\u011f\u0131n\u0131z zaman askerler, T\u00fcrkiye&#39;nin en entelekt\u00fcel kurumu olarak kar\u015f\u0131n\u0131za \u00e7\u0131k\u0131yor. \u0130lk b\u00fcy\u00fck ressamlar\u0131m\u0131z, doktorlar\u0131m\u0131z askerdir. <\/p>\n<p> Kimle konu\u015fsak, &#39;Can\u0131m asker daha ne bekliyor?&#39; diyor. \u015eimdi de \u00f6yle. Toplum \u00fclkenin ve devletin sigortas\u0131 olarak, askeri g\u00f6r\u00fcyor ve ona g\u00fcveniyor. Bu askerin g\u00f6revi mi? Halk olarak bir \u015fey yapsak bu i\u015fi askere b\u0131rak\u0131p orduyu y\u0131pratmasak, ne iyi olur, ama kimse bir \u015fey yapm\u0131yor. Asker konu\u015fmal\u0131 m\u0131, evet konu\u015fmal\u0131. <\/p>\n<p> Ordu gayet tabii ki darbe yapabilir. Niye yapmas\u0131n? Ordunun g\u00f6revi memleketi korumakt\u0131r. Atat\u00fcrk, &#39;\u0130stanbul&#39;da me\u015fru bir h\u00fck\u00fcmet var, biz onun dediklerinden d\u0131\u015far\u0131 \u00e7\u0131kamay\u0131z&#39; deseydi, Kurtulu\u015f Sava\u015f\u0131&#39;n\u0131 yapamazd\u0131k. Atat\u00fcrk &#39;\u0130stanbul&#39;u tan\u0131m\u0131yorum&#39; dedi. Ne oldu? Atat\u00fcrk&#39;\u00fc vatan haini ilan ettiler, idama mahk\u00fbm ettiler, r\u00fctbelerini s\u00f6kt\u00fcler. Atat\u00fcrk \u00fcniformas\u0131n\u0131 \u00e7\u0131kard\u0131. Sakarya Sava\u015f\u0131&#39;n\u0131 sivil olarak y\u00f6netti ve ba\u015fard\u0131!. <\/p>\n<p> &quot;T\u00fcrkiye&#39;de darbeler politikac\u0131n\u0131n yeti\u015fmesine engel oluyor&quot; diyorlar. Hay\u0131r, b\u00f6yle bir \u015fey yok. Politikadaki s\u00fcreklilik, kalitesizli\u011fin s\u00fcreklili\u011fi. Yeni ve yeterli adam gelemiyor politikaya.  <\/p>\n<p> &quot;Ortada irtica tehdidi var&quot; diyor komutan! Bunu g\u00f6rmemek i\u00e7in sa\u011f\u0131r sultan olmak laz\u0131m. Herkes biliyor irtica tehdidi oldu\u011funu, ama hazret \u00e7\u0131k\u0131yor, &#39;Ben \u00f6yle bir \u015fey g\u00f6rmedim&#39; diyor veyahut bir bakan \u00e7\u0131k\u0131yor, &#39;Efendim bize gelen raporlarda irtica diye bir \u015fey yok&#39; diyor. Ka\u00e7ak Kuran Kurslar\u0131 yakalan\u0131yor, \u015eeriat diye Taliban d\u00fczeni \u00f6zleniyor, ee b\u00fct\u00fcn\u00a0 bunun alt\u0131na irtica diye yazm\u0131yor ki.  <\/p>\n<p> <\/p>\n<hr \/>\n<p> <a name=\"_ftn1\" href=\"#_ftnref1\" title=\"_ftn1\">[1]<\/a> Afet Ilgaz \/ Milli Gazete \/ 09.10.2006 <\/p>\n<p> <a name=\"_ftn2\" href=\"#_ftnref2\" title=\"_ftn2\">[2]<\/a> Haber7.com\u00a0 \/ 31 Ekim 2006 <\/p>\n<p> <a name=\"_ftn3\" href=\"#_ftnref3\" title=\"_ftn3\">[3]<\/a> Rasim \u00d6zden\u00f6ren \/ Yeni\u015fafak \/ 08.10.2006 <\/p>\n<p> <a name=\"_ftn4\" href=\"#_ftnref4\" title=\"_ftn4\">[4]<\/a> Zaman \/ 11 Ekim 2006 <\/p>\n<p> <a name=\"_ftn5\" href=\"#_ftnref5\" title=\"_ftn5\">[5]<\/a> Etyen Mah\u00e7upyan \/ Zaman \/ 08.10.2006 <\/p>\n<p> <a name=\"_ftn6\" href=\"#_ftnref6\" title=\"_ftn6\">[6]<\/a> Nuriye Akman \/ Zaman \/ 08.10.2006 <\/p>\n<p> <a name=\"_ftn7\" href=\"#_ftnref7\" title=\"_ftn7\">[7]<\/a> Milli Gazete \/ 09.10.2006 <\/p>\n<p> <a name=\"_ftn8\" href=\"#_ftnref8\" title=\"_ftn8\">[8]<\/a> Yusuf Gen\u00e7 \/ Milli Gazete \/ 23.9.2006 <\/p>\n<p> <a name=\"_ftn9\" href=\"#_ftnref9\" title=\"_ftn9\">[9]<\/a> Bak: Milliyet. 8 Ekim 2006 <\/p>\n","protected":false},"excerpt":{"rendered":"<p>\u00a0  <\/p>\n<p> <strong>\u00d6nce \u015fu sorular \u00fczerinde dural\u0131m ve l\u00fctfen biraz kafa yoral\u0131m:<\/strong> <\/p>\n<p> <strong>SORU:1<\/strong> <\/p>\n<p> Marazl\u0131 medya marifetiyle uzaktan kumandal\u0131 canl\u0131 robotlar haline getirilen; Gizli ve kirli g\u00fc\u00e7lerin iktidar yapmaya karar verdikleri parti ve adaylardan birisine oy vermeye dolayl\u0131 bi\u00e7imde mecbur ve mahkum edilen halk\u0131m\u0131z\u0131n, h\u00fcr olmayan iradesiyle ve g\u00f6stermelik se\u00e7im hileleri ve demonkrasi&#39;ye (\u015feytan rejimine) \u00e7evrilen demokratik dalaverelerle olu\u015fturulan &quot;Meclisler&quot;; <\/p>\n<p> <strong>&#8226;a)\u00a0\u00a0\u00a0\u00a0\u00a0 <\/strong>Millete ve milli menfaatlere ra\u011fmen, egemenli\u011fimizi AB&#39;ye devredebiliyorsa&#8230; <\/p>\n<p> <strong>&#8226;b)\u00a0\u00a0\u00a0\u00a0\u00a0 <\/strong>Milli ve de\u011ferlerimizi, gen\u00e7li\u011fimizi ve gelece\u011fimizi tehdit ve tahrip eden kanun ve kararlar\u0131 \u00e7\u0131kar\u0131p devreye sokabiliyorsa&#8230; <\/p>\n<p> Peki aziz milletimizin ba\u011fr\u0131ndan kopan, onun tamam\u0131n\u0131n tabii bir temsilcisi olan ordumuz, gerekti\u011finde \u00fclkemizin, devletimizin ve milletimizin yarar\u0131 ve \u00f6z \u00e7\u0131karlar\u0131 do\u011frultusunda, \u00fcstelik anayasa ve kanunlar\u0131n kendisine y\u00fckledi\u011fi g\u00f6rev ve sorumluluklar\u0131n gere\u011fi olarak bir m\u00fcdahale yapt\u0131\u011f\u0131nda niye k\u00f6t\u00fc ve tu kaka oluyor? <\/p>\n","protected":false},"author":1,"featured_media":0,"comment_status":"open","ping_status":"closed","sticky":false,"template":"","format":"standard","meta":{"footnotes":""},"categories":[65],"tags":[],"class_list":["post-826","post","type-post","status-publish","format-standard","hentry","category-ocak-2007"],"_links":{"self":[{"href":"https:\/\/www.millicozum.com\/mc\/wp-json\/wp\/v2\/posts\/826","targetHints":{"allow":["GET"]}}],"collection":[{"href":"https:\/\/www.millicozum.com\/mc\/wp-json\/wp\/v2\/posts"}],"about":[{"href":"https:\/\/www.millicozum.com\/mc\/wp-json\/wp\/v2\/types\/post"}],"author":[{"embeddable":true,"href":"https:\/\/www.millicozum.com\/mc\/wp-json\/wp\/v2\/users\/1"}],"replies":[{"embeddable":true,"href":"https:\/\/www.millicozum.com\/mc\/wp-json\/wp\/v2\/comments?post=826"}],"version-history":[{"count":0,"href":"https:\/\/www.millicozum.com\/mc\/wp-json\/wp\/v2\/posts\/826\/revisions"}],"wp:attachment":[{"href":"https:\/\/www.millicozum.com\/mc\/wp-json\/wp\/v2\/media?parent=826"}],"wp:term":[{"taxonomy":"category","embeddable":true,"href":"https:\/\/www.millicozum.com\/mc\/wp-json\/wp\/v2\/categories?post=826"},{"taxonomy":"post_tag","embeddable":true,"href":"https:\/\/www.millicozum.com\/mc\/wp-json\/wp\/v2\/tags?post=826"}],"curies":[{"name":"wp","href":"https:\/\/api.w.org\/{rel}","templated":true}]}}