{"id":828,"date":"2007-01-03T12:41:21","date_gmt":"2007-01-03T12:41:21","guid":{"rendered":"https:\/\/www.millicozum.com\/mc\/2007\/01\/03\/gkb-bankp-hetdevlet-polasindan-sapiyor-ve-kibrisi-satiyor\/"},"modified":"2007-01-03T12:41:21","modified_gmt":"2007-01-03T12:41:21","slug":"g-k-b-buyukanitakp-hukumeti-devlet-politikasindan-sapiyor-ve-kibrisi-satiyor","status":"publish","type":"post","link":"https:\/\/www.millicozum.com\/mc\/2007\/ocak-2007\/gkb-buyukanitakp-hukumeti-devlet-politikasindan-sapiyor-ve-kibrisi-satiyor\/","title":{"rendered":"G.K.B. B\u00fcy\u00fckan\u0131t:AKP H\u00dcK\u00dcMET\u0130 DEVLET POL\u0130T\u0130KASINDAN SAPIYOR (VE KIBRIS&#8217;I SATIYOR!..)"},"content":{"rendered":"<p>\u00a0  <\/p>\n<p> <strong>Bu tarihi uyar\u0131lar, ac\u0131 bir ger\u00e7e\u011fin \u00f6zetidir. Milletimize ve t\u00fcm sorumluluk sahiplerine:<\/strong>  <\/p>\n<p> <strong>&quot;\u015eimdi \u015fahsi hevesler ve hesaplar i\u00e7in, \u00fclkemiz ve gelece\u011fimiz feda ediliyor&quot; mesaj\u0131 yerindedir.<\/strong>  <\/p>\n<p> <strong>AKP, sanki babalar\u0131n\u0131n mal\u0131ym\u0131\u015f, kendilerine miras kalm\u0131\u015f gibi, K\u0131br\u0131s&#39;\u0131 AB&#39;ye hibe ve hediye etmektedir. <\/strong> <\/p>\n<p> <strong>Hala &quot;Asker siyasete kar\u0131\u015fmas\u0131n, Genel Kurmay konu\u015fmas\u0131n&quot; diyen \u00e7evrelerin bu tavr\u0131, h\u0131yanetleri gizlemeye y\u00f6neliktir ve kahpeliktir!\u00a0 <\/strong> <\/p>\n<p> <strong>Cumhurba\u015fkan\u0131n\u0131n, Genel Kurmay\u0131n, Ana Muhalefet Ba\u015fkan\u0131n\u0131n, hatta bakanlar\u0131n bile haberi ve bilgisi olmadan, AKP K\u0131br\u0131s&#39;\u0131 ve T\u00fcrkiye&#39;nin \u00e7\u0131karlar\u0131n\u0131 r\u00fc\u015fvet veriyor! <\/strong> <\/p>\n<p>  \u00a0  <\/p>\n<p> <strong>Ba\u015f\u00f6rt\u00fcs\u00fc ve \u0130mam-Hatip zulm\u00fc konusunda muhalefetle ve marazl\u0131 sivil inisiyatifle mutabakat arayan AKP; \u015fahsi hesaplar\u0131 i\u00e7in milli \u00e7\u0131karlar\u0131m\u0131zdan taviz vermeye gelince hi\u00e7 kimseye sormayarak m\u00fcnaf\u0131kl\u0131\u011f\u0131n\u0131 m\u00fch\u00fcrl\u00fcyor.<\/strong>  <\/p>\n<p> <strong>Oysa Tayip ve \u015fa\u015fk\u0131n ekibi, b\u00fct\u00fcn tavizleri verseler de AB&#39;ye yaranamayacaklar\u0131n\u0131, &quot;T\u00fcrkiye&#39;nin AB&#39;ye girmesine as\u0131l engel, halk\u0131n\u0131n M\u00fcsl\u00fcman olmas\u0131d\u0131r.&quot; Diyen \u0130talyan Bakan Emma Bonino a\u00e7\u0131kl\u0131yor.<br \/> <\/strong> <\/p>\n<p> <strong><br \/> K\u0131br\u0131s&#39;\u0131; Ecevit&#39;in ve muhalefetin direnmesine ra\u011fmen 1974 \u00e7\u0131karmas\u0131na \u00f6n ayak olan Erbakan kurtarm\u0131\u015ft\u0131. \u015eimdi Tayip Erdo\u011fan AB&#39;ye ve \u0130srail&#39;e r\u00fc\u015fvet veriyor. Hala her ikisini ayn\u0131 g\u00f6steren kas\u0131tl\u0131 \u00e7evreler asl\u0131nda AKP&#39;nin h\u0131yanetine dolayl\u0131 destek veriyor.<\/strong> <\/p>\n<table border=\"0\" cellspacing=\"0\" cellpadding=\"0\" width=\"100%\">\n<tbody>\n<tr>\n<td>\n<p> \t\t\t<strong>AKP&#39;nin teslimiyet\u00e7i ve i\u015fbirlik\u00e7i tavr\u0131 K\u0131br\u0131s&#39;\u0131 Girit olmaya s\u00fcr\u00fckl\u00fcyor ve K\u0131br\u0131s, Rum&#39;lara teslim ediliyor!<\/strong>  \t\t\t<\/p>\n<p> \t\t\tAB sevdas\u0131 ile taviz \u00fcst\u00fcne taviz veren AKP iktidar\u0131, Kuzey K\u0131br\u0131s T\u00fcrk Cumhuriyeti&#39;ni ortadan kald\u0131racak bir giri\u015fim yapt\u0131. 40 y\u0131ll\u0131k K\u0131br\u0131s davas\u0131n\u0131 bir kalemde silen AKP,\u00a0 KKTC&#39;deki Ercan Havaalan\u0131&#39;n\u0131n uluslar aras\u0131 trafi\u011fe ve Mara\u015f liman\u0131n\u0131n da do\u011frudan ticarete a\u00e7\u0131lmas\u0131 kar\u015f\u0131l\u0131\u011f\u0131nda G\u00fcney K\u0131br\u0131s Rum Y\u00f6netimi&#39;ne T\u00fcrkiye&#39;den bir havaalan\u0131 ve birka\u00e7 liman\u0131 a\u00e7may\u0131 \u00f6nerdi.  \t\t\t<\/p>\n<p> \t\t\tBr\u00fcksel&#39;de ba\u015flayan daimi temsilciler toplant\u0131s\u0131nda ele al\u0131nan \u00f6neri, 2007 sonuna kadar sonu\u00e7land\u0131r\u0131lmak \u00fczere, K\u0131br\u0131s i\u00e7in Birle\u015fmi\u015f Milletler \u015femsiyesi alt\u0131nda bir \u00e7\u00f6z\u00fcm giri\u015fimi ba\u015flat\u0131lmas\u0131n\u0131, bu bir y\u0131ll\u0131k s\u00fcre i\u00e7in birka\u00e7 liman ve havaalan\u0131n\u0131n Rumlara a\u00e7\u0131lmas\u0131n\u0131, buna kar\u015f\u0131l\u0131k KKTC&#39;deki Magosa Liman\u0131 ile Ercan Havaalan\u0131&#39;ndan do\u011frudan ticaret ve u\u00e7u\u015flar\u0131n yap\u0131labilmesi teklifi h\u00fck\u00fcmet \u00fcyelerinden bile gizlendi.  \t\t\t<\/p>\n<p> \t\t\t<strong>AB daha fazlas\u0131n\u0131 bekliyor!<\/strong>  \t\t\t<\/p>\n<p> \t\t\tAB D\u00f6nem Ba\u015fkan\u0131 Finlandiya, D\u0131\u015fi\u015fleri Bakan\u0131 ve Ba\u015fbakan Yard\u0131mc\u0131s\u0131 Abdullah G\u00fcl&#39;\u00fcn, limanlar\u0131n a\u00e7\u0131lmas\u0131 konusunda T\u00fcrkiye&#39;nin \u00f6nerilerini i\u00e7eren bir mektubunun ellerine ula\u015ft\u0131\u011f\u0131n\u0131 bildirdi.  \t\t\t<\/p>\n<p> \t\t\tFinlandiya&#39;n\u0131n AB Daimi Temsilcili\u011fi S\u00f6zc\u00fcs\u00fc Mikko Norros, D\u00f6nem Ba\u015fkanl\u0131\u011f\u0131n\u0131n, G\u00fcl&#39;\u00fcn mektubunu incelemeyi s\u00fcrd\u00fcrd\u00fc\u011f\u00fcn\u00fc s\u00f6yledi.  \t\t\t<\/p>\n<p> \t\t\tB\u00f6ylece T\u00fcrkiye de aynen AB \u00fclkeleri gibi G\u00fcney K\u0131br\u0131s Rum Y\u00f6netimi&#39;ni K\u0131br\u0131s Cumhuriyeti olarak kabul edilecek ve KKTC yok say\u0131lm\u0131\u015f olacak.  \t\t\t<\/p>\n<p> \t\t\tAvrupa Birli\u011fi&#39;nin (AB) d\u00f6nem ba\u015fkan\u0131 Finlandiya ise, T\u00fcrkiye&#39;nin, \u00fcyelik m\u00fczakerelerindeki t\u0131kan\u0131kl\u0131\u011f\u0131 a\u015fmak i\u00e7in bir liman ve bir havaalan\u0131n\u0131 K\u0131br\u0131sl\u0131 Rumlara a\u00e7ma teklifinin \u00e7ok olumlu bir ad\u0131m oldu\u011funu belirtti.  \t\t\t<\/p>\n<p> \t\t\tAlmanya da, T\u00fcrkiye&#39;nin bir liman ve bir havaalan\u0131n\u0131 K\u0131br\u0131sl\u0131 Rumlara a\u00e7ma teklifine olduk\u00e7a sevindi.  \t\t\t<\/p>\n<p> \t\t\t<strong>KKTC tasfiye edilmek isteniyor<\/strong>  \t\t\t<\/p>\n<p> \t\t\tT\u00fcrkiye&#39;nin k\u0131rk y\u0131ll\u0131k K\u0131br\u0131s politikas\u0131 tezlerini yerle bir eden, 1974 Bar\u0131\u015f Harekat\u0131&#39;n\u0131 &#8216;i\u015fgal&#39; harekat\u0131na d\u00fc\u015f\u00fcren T\u00fcrkiye&#39;nin bu teklifi KKTC&#39;nin tamamen tasfiyesi anlam\u0131na geliyor. Avrupa Birli\u011fi \u00fcyesi Rumlar&#39;\u0131n \u00e7\u0131karlar\u0131na y\u00f6nelik bu teklifin, Avrupa Birli\u011fi&#39;nin iki g\u00fc\u00e7l\u00fc \u00fcyesi Almanya ve Fransa&#39;n\u0131n ge\u00e7enlerde yapt\u0131\u011f\u0131 m\u00fczakereleri ask\u0131ya alman\u0131n yeterli olmayaca\u011f\u0131 bunun i\u00e7in s\u00fcre verilmesi ve yeniden bir rapor haz\u0131rlanmas\u0131 \u00f6nerisinin arkas\u0131nda gelmesi dikkat \u00e7ekti.  \t\t\t<\/p>\n<\/td>\n<\/tr>\n<\/tbody>\n<\/table>\n<table border=\"0\" cellspacing=\"0\" cellpadding=\"0\" width=\"100%\">\n<tbody>\n<tr>\n<td>\n<p> \t\t\tAvrupa Birli\u011fi \u00fcyelik s\u00fcreci ile K\u0131br\u0131s sorununun birbiriyle ilgisi olmadan y\u00fcr\u00fct\u00fclmesi gerekti\u011fini her f\u0131rsatta dile getiren AKP H\u00fck\u00fcmeti&#39;nin bu giri\u015fimi sadece bununla s\u0131n\u0131rl\u0131 de\u011fil. Eyl\u00fcl ay\u0131 i\u00e7erisinde Bakanlar Kurulu&#39;nun G\u00fcmr\u00fck Birli\u011fi ile ilgili bir kararnamede G\u00fcney K\u0131br\u0131s Rum Y\u00f6netimi&#39;nden K\u0131br\u0131s diye bahsetmesi ile devam eden s\u00fcre\u00e7 bug\u00fcn KKTC&#39;nin tamamen yok edilmesine y\u00f6nelik ad\u0131mlarla daha da ileri gitti.  \t\t\t<\/p>\n<p> \t\t\t\u00d6te yandan AB D\u00f6nem Ba\u015fkan\u0131 Finlandiya ise T\u00fcrkiye&#39;nin bu \u00f6nerisinin birli\u011fin taleplerini tam olarak kar\u015f\u0131lamayabilece\u011fini de a\u00e7\u0131klad\u0131. Kaynaklar, bu meselenin AB i\u00e7inde g\u00f6r\u00fc\u015f\u00fclmeye devam edildi\u011fini, taraflar aras\u0131nda g\u00f6r\u00fc\u015f al\u0131\u015fveri\u015finin s\u00fcrd\u00fc\u011f\u00fcn\u00fc ve konunun AB Daimi Temsilciler Komitesi (COREPER) Toplant\u0131s\u0131&#39;nda ele al\u0131naca\u011f\u0131n\u0131 dile getirdi.  \t\t\t<\/p>\n<p> \t\t\t<strong>Rumlar buna bile raz\u0131 olmuyor!<\/strong>  \t\t\t<\/p>\n<p> \t\t\tT\u00fcrkiye&#39;nin bu \u00f6nerisine Rum y\u00f6netiminden ise olumsuz cevap geldi. Bu teklife Avrupa Birli\u011fi \u00e7evreleri olumlu bakarken Rumlar tepki vermede ge\u00e7 kalmad\u0131. Rum D\u0131\u015fi\u015fleri yetkilileri KKTC&#39;deki havaliman\u0131 ve limanlar\u0131n a\u00e7\u0131lmas\u0131na kesinlikle kar\u015f\u0131 olduklar\u0131n\u0131 ifade etti. T\u00fcrkiye&#39;nin bir liman ve havaalan\u0131n\u0131 Rumlara a\u00e7acak&#39; duyurusu Borsa&#39;y\u0131 da etkiledi. Endeks, 900 puan y\u00fckselerek 39 bin puan\u0131 a\u015ft\u0131. Amat\u00f6r yat\u0131r\u0131mc\u0131lara da borsa uyar\u0131s\u0131 geldi.  \t\t\t<\/p>\n<\/td>\n<\/tr>\n<\/tbody>\n<\/table>\n<p> <strong>Onur \u00d6ymen: &quot;Ha bir liman, ha 10 liman&quot; diye uyar\u0131yor!<\/strong>  <\/p>\n<p> CHP Genel Ba\u015fkan Yard\u0131mc\u0131s\u0131 Onur \u00d6ymen, T\u00fcrkiye&#39;nin K\u0131br\u0131s konusunda AB&#39;ye yapt\u0131\u011f\u0131 \u00f6neriyle ilgili olarak, &quot;Bir liman\u0131; bir havaliman\u0131n\u0131 a\u00e7makla, 10 liman\u0131 a\u00e7mak aras\u0131nda hukuki ve siyasi a\u00e7\u0131dan hi\u00e7bir fark yok. Kimse kimseyi kand\u0131rmas\u0131n. Bu, ad\u0131m ad\u0131m T\u00fcrkiye&#39;nin bug\u00fcne kadar gayri me\u015fru sayd\u0131\u011f\u0131 K\u0131br\u0131s Rum Y\u00f6netimini me\u015frula\u015ft\u0131rma y\u00f6n\u00fcndeki gidi\u015fin i\u015faretidir&quot; dedi.  <\/p>\n<p> \u00d6ymen, TBMM D\u0131\u015fi\u015fleri Komisyonu toplant\u0131s\u0131 \u00f6ncesi gazetecilere, T\u00fcrkiye&#39;nin AB&#39;ye yapt\u0131\u011f\u0131, &quot;Ercan Havaalan\u0131n\u0131n uluslararas\u0131 trafi\u011fe, Ma\u011fusa\u00a0 liman\u0131n\u0131n da do\u011frudan ticarete a\u00e7\u0131lmas\u0131 kar\u015f\u0131l\u0131\u011f\u0131nda, T\u00fcrkiye&#39;den de bir havaalan\u0131 ve liman\u0131n Rumlara a\u00e7\u0131labilece\u011fi y\u00f6n\u00fcndeki&quot; teklifi de\u011ferlendirdi.  <\/p>\n<p> T\u00fcrkiye&#39;nin, bir s\u00fcreden beri kapal\u0131 kap\u0131lar ard\u0131nda bu konuda m\u00fczakereler yapt\u0131\u011f\u0131na ili\u015fkin endi\u015feleri bulundu\u011funu dile getiren \u00d6ymen, H\u00fck\u00fcmetin, T\u00fcrkiye&#39;nin \u00e7\u0131karlar\u0131n\u0131 \u00e7ok yak\u0131ndan ilgilendiren milli davaya, bu gibi geli\u015fmeler hakk\u0131nda Meclise ve muhalefete hi\u00e7bir bilgi vermedi\u011fini ifade etti.  <\/p>\n<p> <strong>Ercan Havaalan\u0131ndan, do\u011frudan u\u00e7u\u015flar konusu g\u00fcndeme geldi\u011finde, Rum Y\u00f6netimi Lideri Papadapulos&#39;un, &quot;Bunu m\u00fczakere konusu bile yapmay\u0131z. Bu, bizim i\u00e7in bir egemenlik konusudur&quot; dedi\u011fini hat\u0131rlatan \u00d6ymen, Rumlar\u0131n bu noktada geri ad\u0131m atmayaca\u011f\u0131n\u0131 d\u00fc\u015f\u00fcnd\u00fcklerini s\u00f6yledi.<\/strong>  <\/p>\n<p> <strong>\u00d6ymen, arkas\u0131nda AB&#39;nin deste\u011fini hissederken K\u0131br\u0131sl\u0131 Rumlar\u0131n taviz vermesi i\u00e7in bir sebep bulunmad\u0131\u011f\u0131n\u0131 dile getirerek, \u015f\u00f6yle devam etti:<\/strong>  <\/p>\n<p> <strong>&quot;Belli ki b\u00fct\u00fcn \u00e7abalar, T\u00fcrkiye&#39;yi ad\u0131m ad\u0131m tek tarafl\u0131 tavizlere y\u00f6nlendirmektir. Son haberler ger\u00e7e\u011fi yans\u0131t\u0131yorsa, T\u00fcrkiye&#39;nin, bir \u00e7\u00f6z\u00fclme ba\u015flang\u0131c\u0131n\u0131n i\u00e7inde oldu\u011funu g\u00f6r\u00fcyoruz. Bu gidi\u015f, sonunda K\u0131br\u0131s&#39;\u0131 Girit gibi elden \u00e7\u0131karmam\u0131za yol a\u00e7ar. H\u00fck\u00fcmeti son kez uyar\u0131yoruz; Bu vahim hatay\u0131 yapmay\u0131n\u0131z, direniniz, haks\u0131z bask\u0131lar kar\u015f\u0131s\u0131nda direniniz \u00c7\u00fcnk\u00fc T\u00fcrkiye&#39;nin \u00f6n\u00fcne K\u0131br\u0131s meselesini \u00e7\u0131karmak isteyenler, ger\u00e7ek niyetlerini ortaya koymuyorlar.&quot;<\/strong>  <\/p>\n<p> <strong>D\u0131\u015fi\u015fleri Komisyonu Ba\u015fkan\u0131 Mehmet D\u00fclger de \u00f6neriyle ilgili olarak D\u0131\u015fi\u015fleri Bakanl\u0131\u011f\u0131 ile konu\u015fmad\u0131klar\u0131n\u0131 ifade ederek, &quot;B\u00f6yle bir teklif gitmi\u015f. Liman a\u00e7\u0131ld\u0131\u011f\u0131 zaman, fiili olarak o limana gelecek adam, ka\u011f\u0131d\u0131n\u0131 getirecek, ka\u011f\u0131da itibar ederek damga at\u0131lacak. Onu fiili olarak tan\u0131yor durumuna ge\u00e7iyorsunuz. Buna dikkat etmek laz\u0131m Ercan a\u00e7\u0131l\u0131yorsa, o da oraya geldi\u011fi zaman KKTC&#39;yi tan\u0131m\u0131\u015f oluyor. Burada hukuki bir husus var. Yeni bir \u015fey&quot; diye konu\u015ftu. <a name=\"_ftnref1\" href=\"#_ftn1\" title=\"_ftnref1\"><strong>[1]<\/strong><\/a><\/strong>  <\/p>\n<p> <strong>Tayip Erdo\u011fan AB&#39;ye gizli tavizler ve taahh\u00fctler veriyor!<\/strong>  <\/p>\n<p> &quot;Ein mann ein wort&quot;  <\/p>\n<p> <strong>BA\u015eLIKTAK\u0130 iki kelime Almanca. Ein Mann, bir adam, ein Wort bir kelime demek. Arka arkaya kullan\u0131ld\u0131\u011f\u0131nda, bu bir deyim, &quot;adam olan s\u00f6z\u00fcnde durur&quot;, anlam\u0131na geliyor.<\/strong>  <\/p>\n<p> Bu deyimi 8 Kas\u0131m 2006&#39;da, yani bir ay \u00f6nce Alman Ba\u015fbakan\u0131 <strong>Merkel <\/strong>Berlin&#39;de bir toplant\u0131da kullan\u0131yor.  <\/p>\n<p> <strong>Tayyip Erdo\u011fan&#39;\u0131 <\/strong>kastederek, <strong>&quot;ein Mann, ein Wort&quot; <\/strong>diyor. Erdo\u011fan&#39;\u0131n verdi\u011fi s\u00f6zde durmad\u0131\u011f\u0131n\u0131 \u00f6ne s\u00fcr\u00fcyor. Sert bir \u00fcslup. K\u0131zg\u0131nl\u0131k ve hayal k\u0131r\u0131kl\u0131\u011f\u0131 ifade ediyor.  <\/p>\n<p> 08 Kas\u0131m, Berlin. Alman D\u0131\u015f Politika Enstit\u00fcs\u00fc&#39;n\u00fcn toplant\u0131s\u0131. K\u00fcrs\u00fcde Merkel:  <\/p>\n<p> <strong>&quot;T\u00fcrkiye s\u00f6z\u00fcnde durmad\u0131, buna kar\u015f\u0131 bizim de bir tavr\u0131m\u0131z olacak. Biz, AB&#39;de T\u00fcrkiye i\u00e7in ba\u015f\u0131ndan beri \u00f6zel stat\u00fc istedik, ama devlet politikas\u0131 izledi\u011fimiz i\u00e7in, bundan vazge\u00e7tik. Ancak, \u015fimdi T\u00fcrkiye s\u00f6z\u00fcnde durmuyor. Bizim de, T\u00fcrkiye&#39;nin AB \u00fcyeli\u011fine destek veren devlet politikas\u0131n\u0131 rafa kald\u0131rma hakk\u0131m\u0131z do\u011fmu\u015ftur&quot;.<\/strong>  <\/p>\n<p> \u00c7ok kesin ifadeler. Son sekiz y\u0131lda Almanya&#39;n\u0131n izledi\u011fi politikay\u0131 tam tersine \u00e7eviren s\u00f6zler.  <\/p>\n<p> Merkel konu\u015ftuk\u00e7a, daha da sertle\u015fiyor. Ve hatta:  <\/p>\n<p> <strong>&quot;Bizim d\u00f6nemimizde T\u00fcrkiye ile g\u00f6r\u00fc\u015fmeler s\u00fcrmeyecek&quot; Diyor.<\/strong>  <\/p>\n<p> T\u00fcrkiye denilince, Merkel kendini kaybediyor.  <\/p>\n<p> Ayn\u0131 toplant\u0131da T\u00fcrkiye Ara\u015ft\u0131rmalar Merkezi Ba\u015fkan\u0131 <strong>Prof. Faruk \u015een <\/strong>de var.  <\/p>\n<p> Toplant\u0131 sonras\u0131ndaki yemekte \u015een, Merkel&#39;le konu\u015fma f\u0131rsat\u0131 buluyor. \u015een&#39;in <strong>&quot;T\u00fcrkiye&#39;ye neden bu kadar sert \u00e7\u0131kt\u0131n\u0131z&quot; <\/strong>sorusuna, Merkel&#39;\u0131n yan\u0131t\u0131 \u00e7ok k\u0131sa:  <\/p>\n<p> <strong>&quot;Ein Mann, ein Wort&quot;.<\/strong>  <\/p>\n<p> Erdo\u011fan s\u00f6z\u00fcnde durmuyor, anlam\u0131nda. Erdo\u011fan&#39;\u0131n s\u00f6z\u00fcnde durmad\u0131\u011f\u0131n\u0131 \u00f6ne s\u00fcrd\u00fc\u011f\u00fc konu,\u00a0\u00a0\u00a0\u00a0\u00a0\u00a0\u00a0\u00a0\u00a0\u00a0\u00a0\u00a0\u00a0\u00a0\u00a0\u00a0 <strong>29 Temmuz 2005 <\/strong>tarihli Ek Protokol. Merkel devam ediyor:  <\/p>\n<p> <strong>&quot;Erdo\u011fan o protokolde G\u00fcney K\u0131br\u0131s&#39;\u0131 tan\u0131yaca\u011f\u0131na dair s\u00f6z verdi. Hava alanlar\u0131 ve limanlar\u0131 a\u00e7aca\u011f\u0131na s\u00f6z verdi, birbu\u00e7uk y\u0131l ge\u00e7ti, a\u00e7mad\u0131&quot;.<\/strong>  <\/p>\n<p> <strong>\u015eimdi soruyoruz:<\/strong>  <\/p>\n<p> Bu nezaket \u00f6l\u00e7\u00fclerini ve diplomasiyi a\u015fan ele\u015ftiri kar\u015f\u0131s\u0131nda, Erdo\u011fan&#39;\u0131n Merkel&#39;e yan\u0131t hakk\u0131 do\u011fuyor. Ortaya hayati bir soru \u00e7\u0131k\u0131yor.  <\/p>\n<p> Gerek ek protokol yoluyla, gerekse ikili g\u00f6r\u00fc\u015fmelerinde, Erdo\u011fan ger\u00e7ekten <strong>&quot;G\u00fcney K\u0131br\u0131s&#39;\u0131 tan\u0131yaca\u011f\u0131z&quot; <\/strong>diye bir s\u00f6z verdi mi?<a name=\"_ftnref2\" href=\"#_ftn2\" title=\"_ftnref2\">[2]<\/a>  <\/p>\n<p> <strong>Tayip Erdo\u011fan AB&#39;yi mi, T\u00fcrkiye&#39;yi mi, Yoksa \u015fahsi emellerini mi kay\u0131r\u0131yor?<\/strong>  <\/p>\n<p> <strong>B\u0131rak\u0131n bir sefer de AB kaybetsin!..\u00a0 <\/strong> <\/p>\n<p> <strong>\u00a0Baz\u0131 AB \u00fclkelerinin Yunanistan ve K\u0131br\u0131s Rumlar\u0131 ile kolkola girerek T\u00fcrkiye&#39;ye yeni \u015fartlar dikte ettirmeye kalk\u0131\u015fmalar\u0131, hatta m\u00fczakerelerin ask\u0131ya al\u0131nmas\u0131 y\u00f6n\u00fcndeki \u00e7al\u0131\u015fmalar\u0131 T\u00fcrkiye&#39;deki AB yanda\u015flar\u0131n\u0131 iyice k\u00f6\u015feye s\u0131k\u0131\u015ft\u0131rd\u0131. T\u00fcrk halk\u0131na kar\u015f\u0131 s\u00f6yleyecek s\u00f6z bulamaman\u0131n s\u0131k\u0131nt\u0131s\u0131n\u0131 ya\u015f\u0131yorlar. \u00c7\u00fcnk\u00fc, adamlar hem T\u00fcrk halk\u0131na hakaret anlam\u0131na gelen istekler s\u0131ral\u0131yorlar hem de bunun T\u00fcrk halk\u0131na hakaret oldu\u011funu ba\u011f\u0131ra ba\u011f\u0131ra s\u00f6yl\u00fcyorlar. Sormazlar m\u0131 adama, &quot;Madem ki yap\u0131lan i\u015f T\u00fcrk halk\u0131na hakaret anlam\u0131na geliyor ni\u00e7in b\u00f6yle bir geli\u015fmeye meydan veriyor, engellemiyorsunuz?&quot; diye.<\/strong>  <\/p>\n<p> <strong>Bu arada Ba\u015fbakan Erdo\u011fan da Merkel&#39;i arayarak, &quot;T\u00fcrkiye&#39;yi masadan uzakla\u015ft\u0131rmak vahim bir hata. T\u00fcrkiye de\u011fil AB kaybeder&quot; demi\u015fmi\u015f!.. <\/strong> <\/p>\n<p> <strong>\u015eimdi, birisi de \u00e7\u0131k\u0131p: &quot;Say\u0131n Ba\u015fbakan madem T\u00fcrkiye&#39;nin AB masas\u0131ndan \u00e7ekilmesi ile T\u00fcrkiye de\u011fil de AB&#39;nin kaybedece\u011fine inan\u0131yorsunuz. \u00d6yle ise masadan \u00e7ekilin de hep kaybeden taraf biz olmayal\u0131m. Bir defa da AB kaybetsin&quot; diyecek olursa acaba ne cevap verirmi\u015f&#8230;<\/strong>  <\/p>\n<p> <strong>Kald\u0131 ki, Ba\u015fbakan Erdo\u011fan&#39;\u0131n bu s\u00f6zleri y\u0131llardan beri T\u00fcrkiye&#39;deki AB yanl\u0131lar\u0131n\u0131n ve ba\u015fta da kendisi ve partisi y\u00f6neticilerinin s\u00f6ylemlerine ters bir \u00e7\u0131k\u0131\u015f de\u011fil mi? Y\u0131llardan beri AB&#39;ye girmenin meziyetlerini ve faydalar\u0131n\u0131 anlatanlar kendileri de\u011fil miydi? AB T\u00fcrkiye&#39;yi yoku\u015fa s\u00fcrmeseydi kazanan T\u00fcrkiye olmayacak m\u0131yd\u0131? Bunun aksine inan\u0131l\u0131yorduysa bu AB sevdas\u0131n\u0131n tutarl\u0131 bir izah\u0131 olabilir mi? Varsa yap\u0131ls\u0131n da bizde bilelim.<\/strong>  <\/p>\n<p> <strong>Bu \u00fclkeyi y\u00f6netenlerin asli g\u00f6revi \u00f6nce \u00fclkemizin \u00e7\u0131karlar\u0131n\u0131 korumak de\u011fil mi?<a name=\"_ftnref3\" href=\"#_ftn3\" title=\"_ftnref3\"><strong>[3]<\/strong><\/a><\/strong>  <\/p>\n<p> <\/p>\n<table border=\"0\" cellspacing=\"0\" cellpadding=\"0\" width=\"100%\">\n<tbody>\n<tr>\n<td>\n<p> \t\t\t<strong>As\u0131l \u0130srail rahats\u0131z, Siyonistler T\u00fcrkiye&#39;nin AB&#39;den kopup, yeni bir olu\u015fuma kaymas\u0131ndan korkuyor!<\/strong>  \t\t\t<\/p>\n<p> \t\t\tAvrupa Birli\u011fi ile K\u0131br\u0131s \u00fczerinden ba\u015flat\u0131lan kriz giderek derinle\u015fiyor&#8230; Avrupa Birli\u011fi kriziyle birlikte Amerika&#39;dan y\u00fckselen darbe ihtimali seslerine de kulak vermek gerekir. T\u00fcrkiye&#39;nin Avrupa Birli\u011fi vizyonunu kaybetmesinden veya y\u00f6n\u00fcn\u00fc Do\u011fu&#39;ya \u00e7evirmesinden en b\u00fcy\u00fck rahats\u0131zl\u0131\u011f\u0131 duyacak \u00fclkelerin ba\u015f\u0131nda \u0130srail&#39;in gelece\u011fini d\u00fc\u015f\u00fcnmek yanl\u0131\u015f olmaz. 28 \u015eubat d\u00f6neminde Erbakan iktidar\u0131n\u0131n b\u00f6yle bir his vermesi, post-modern darbe s\u00fcrecini ba\u015flatan en \u00f6nemli etken olmu\u015ftu. \u0130srail&#39;in \u015fu anda da kendisinin k\u00f6t\u00fc ili\u015fkiler i\u00e7inde oldu\u011fu \u00fclkelerle T\u00fcrkiye&#39;nin dostane ili\u015fkiler geli\u015ftirmesinden memnun oldu\u011funu s\u00f6ylemek \u00e7ok ger\u00e7ek\u00e7i olmaz.  \t\t\t<\/p>\n<p> \t\t\tT\u00fcrkiye e\u011fer K\u0131br\u0131s sorunu nedeniyle Avrupa Birli\u011fi ray\u0131ndan \u00e7\u0131kacak olursa, kim ne derse desin, bir y\u00f6n aray\u0131\u015f\u0131na girecektir. \u0130srail b\u00f6yle bir geli\u015fmeyi istemez ve bunun d\u00fc\u015f\u00fcncesinden bile rahats\u0131z olur. \u00dcst d\u00fczey komutanlar\u0131n Amerika ziyaretlerinde \u0130srail yanl\u0131s\u0131 d\u00fc\u015f\u00fcnce kurulu\u015flar\u0131nda konu\u015fma yapmalar\u0131 tesad\u00fcf de\u011fildir. Bu ziyaretlerin ard\u0131ndan \u00f6nce Soner \u00c7a\u011faptay&#39;\u0131n T\u00fcrkiye&#39;nin istikameti hakk\u0131nda olumsuz de\u011ferlendirmeler yapmas\u0131, Zeyno Baran&#39;\u0131n da darbe ihtimalinden s\u00f6z etmesi de tesad\u00fcf de\u011fildir. 28 \u015eubat&#39;\u0131n yeniden tart\u0131\u015fmaya a\u00e7\u0131ld\u0131\u011f\u0131 ve g\u00f6klere \u00e7\u0131kar\u0131ld\u0131\u011f\u0131 bug\u00fcnlerde her sat\u0131r\u0131 dikkatli okumakta, at\u0131lacak ad\u0131mlara dikkatli karar vermekte yarar var. Do\u011frudur, Avrupa Birli\u011fi, T\u00fcrkiye&#39;ye kar\u015f\u0131 s\u00f6zlerini yerine getirmemi\u015f ve K\u0131br\u0131s&#39;ta verdi\u011fi s\u00f6zleri tutmam\u0131\u015ft\u0131r. Do\u011frudur, T\u00fcrkiye&#39;nin Avrupa Birli\u011fi yolunda att\u0131\u011f\u0131 ad\u0131mlar kimi \u00fclkeleri rahats\u0131z etmektedir. Ama T\u00fcrkiye&#39;nin m\u00fckemmel, her t\u00fcrl\u00fc d\u0131\u015f m\u00fcdahaleden uzak bir demokratik sisteme hen\u00fcz kavu\u015fmad\u0131\u011f\u0131 da do\u011frudur.\u00a0 Bu \u00fclkede yeni m\u00fcdahalelere zemin sa\u011flayacak d\u0131\u015f dinamikler h\u00e2l\u00e2 mevcuttur ve oyun planlar\u0131n\u0131 uygulamaya koyma zemini aramaktad\u0131r. (06 12 2006 \/ Sabah \/ E. Babahan)  \t\t\t<\/p>\n<p> \t\t\t<strong>AB&#39;den AKP&#39;ye se\u00e7im kurtarma m\u00fchleti mi veriliyor?<\/strong>  \t\t\t<\/p>\n<p> \t\t\t<strong>AB ve AKP aras\u0131ndaki &#8216;dan\u0131\u015f\u0131kl\u0131 d\u00f6v\u00fc\u015f&#39; m\u00fc yap\u0131l\u0131yor?<\/strong>  \t\t\t<\/p>\n<p> \t\t\tAnkara Protokol\u00fc&#39;n\u00fcn uygulanmas\u0131nda geri ad\u0131m atmad\u0131\u011f\u0131n\u0131 halklar\u0131na g\u00f6stermek isteyen AB \u00fclkeleri ile yakla\u015fan genel se\u00e7imler \u00f6ncesinde K\u0131br\u0131s konusunda bir taviz vermek istemeyen AKP h\u00fck\u00fcmetinin bu g\u00f6r\u00fc\u015fleri birlikte de\u011ferlendirildi\u011finde ba\u015fka bir tablo ortaya \u00e7\u0131k\u0131yor. \u015euan ki AB d\u00f6nem ba\u015fkan\u0131 olan Finlandiya&#39;n\u0131n m\u00fczakereler konusunda T\u00fcrkiye&#39;ye ek s\u00fcre verilmesine kar\u015f\u0131 \u00e7\u0131kmas\u0131na ra\u011fmen Almanya ve Fransa&#39;n\u0131n b\u00f6yle bir \u00e7\u0131k\u0131\u015f yapmas\u0131 farkl\u0131 yorumlara sebep oluyor. M\u00fczakereleri uzun bir d\u00f6nem i\u00e7inde ve se\u00e7imlerden sonra de\u011ferlendirme \u00f6nerisi, Almanya ve Fransa&#39;n\u0131n bir bak\u0131ma AKP h\u00fck\u00fcmeti ile bir d\u00f6nem daha \u00e7al\u0131\u015fmak istemesinin bir belirtisi olarak nitelendiriliyor. AKP y\u00f6netimindeki Ankara H\u00fck\u00fcmeti&#39;nden istedi\u011fi tavizleri alaca\u011f\u0131na inanm\u0131\u015f olan AB ile verece\u011fi tavizleri se\u00e7im sonras\u0131na \u00f6teleyece\u011fini i\u015faret eden AKP h\u00fck\u00fcmetinin bu dan\u0131\u015f\u0131kl\u0131 d\u00f6v\u00fc\u015f\u00fc hem AB hem de T\u00fcrkiye halk\u0131 taraf\u0131ndan merak ve endi\u015fe ile takip edilmeye devam ediyor.  \t\t\t<\/p>\n<\/td>\n<\/tr>\n<\/tbody>\n<\/table>\n<p> <strong>Eyvah, kaybedecek bir \u015feyimiz kalmam\u0131\u015f!\u00a0 <\/strong> <\/p>\n<p> AKP Genel Ba\u015fkan\u0131 Erdo\u011fan&#39;\u0131n T\u00fcrkiye-AB ili\u015fkileri ile ilgili olarak yapt\u0131\u011f\u0131 &quot;T\u00fcrkiye&#39;nin kaybedecek bir \u015feyi yok, kaybederse AB kaybeder&quot; de\u011ferlendirmesini nas\u0131l yorumlamal\u0131y\u0131z?  <\/p>\n<p> T\u00fcrkiye&#39;nin elinin \u00e7ok g\u00fc\u00e7l\u00fc(!) oldu\u011fu \u015feklinde mi yoksa her \u015feyini kaybetmi\u015f bir \u00fclke olarak m\u0131?  <\/p>\n<p> T\u00fcrkiye&#39;nin elinin \u00e7ok g\u00fc\u00e7l\u00fc olmad\u0131\u011f\u0131 ortada!  <\/p>\n<p> B\u00f6yle bir \u015feye inanmay\u0131 b\u0131rak\u0131n d\u00fc\u015f\u00fcnmeyi bile yersiz buluruz.  <\/p>\n<p> O zaman her \u015feyini kaybetmi\u015f bir \u00fclke ile kar\u015f\u0131 kar\u015f\u0131ya oldu\u011fumuzu d\u00fc\u015f\u00fcnmek durumunday\u0131z demektir.  <\/p>\n<p> AKP Genel Ba\u015fkan\u0131 Erdo\u011fan&#39;\u0131n bu s\u00f6zlerini ilk duydu\u011fumuzda t\u00fcylerimizin diken diken oldu\u011funu ve &quot;Eyvah, kaybedecek hi\u00e7 bir \u015feyimiz kalmam\u0131\u015f&quot; diye hay\u0131fland\u0131\u011f\u0131m\u0131z\u0131 s\u00f6ylemeliyiz!  <\/p>\n<p> <strong>Bu s\u00f6zler bir bak\u0131ma T\u00fcrkiye&#39;nin i\u00e7ine sokuldu\u011fu \u00e7\u0131kmaz soka\u011f\u0131 da bize tarif etmiyor mu?<\/strong>  <\/p>\n<p> <strong>T\u00fcrkiye-AB ili\u015fkilerini ele ald\u0131\u011f\u0131m\u0131z zaman bug\u00fcne kadar verdi\u011fimiz tavizlerin hep maldan oldu\u011funu ama kar\u015f\u0131 taraf\u0131n bitip t\u00fckenmek bilmeyen istekleri y\u00fcz\u00fcnden art\u0131k b\u0131\u00e7a\u011f\u0131n kemi\u011fe dayand\u0131\u011f\u0131n\u0131 g\u00f6r\u00fcyoruz.<\/strong>  <\/p>\n<p> <strong>\u00d6zelle\u015ftirme dediler \u00f6zelle\u015ftirdik.<\/strong>  <\/p>\n<p> <strong>K\u0131br\u0131s dediler verilebilecek her \u015feyi verdik.<\/strong>  <\/p>\n<p> <strong>Ama kar\u015f\u0131m\u0131zda adeta ne versek doyuramayaca\u011f\u0131m\u0131z a\u00e7 bir ejderha vard\u0131 ve hep daha \u00e7o\u011funu istiyordu!<\/strong>  <\/p>\n<p> <strong>B\u00f6yle bir ortamda AKP Genel Ba\u015fkan\u0131 Erdo\u011fan&#39;\u0131n s\u00f6zlerini &quot;Neyimiz var neyimiz yoksa hepsini kaybettik, art\u0131k kaybedilecek bir \u015feyimiz kalmad\u0131&quot; \u015feklinde anlamak en do\u011frusu galiba!<\/strong>  <\/p>\n<p> <strong>Bu duruma d\u00fc\u015fmenin tek avantaj\u0131 var, o da bizim i\u00e7in art\u0131k hi\u00e7bir tehdidin para etmemesidir!<\/strong>  <\/p>\n<p> \u0130nsan kaybedecek bir \u015feyi oldu\u011fu zaman onu kaybetmemek i\u00e7in taviz verebilir!  <\/p>\n<p> Ama kaybedecek bir \u015fey kalmam\u0131\u015fsa yani s\u0131f\u0131r\u0131 t\u00fcketmi\u015fse korkmas\u0131 i\u00e7in bir neden kalmam\u0131\u015f demektir.\u00a0\u00a0  <\/p>\n<p> Dileriz, kendi de\u011ferlerimize s\u0131ms\u0131k\u0131 sar\u0131larak yeniden aya\u011fa kalkmaktan ba\u015fka \u00e7aremiz olmad\u0131\u011f\u0131n\u0131n fark\u0131na erilir.  <\/p>\n<p> Unutulmamas\u0131 gereken \u00e7ok \u00f6nemli bir husus ise T\u00fcrkiye&#39;nin AKP iktidar\u0131 d\u00f6neminde kaybedecek hi\u00e7 biri \u015feyi kalmam\u0131\u015f \u00fclke durumuna geldi\u011fidir.  <\/p>\n<p> Yani s\u0131f\u0131r t\u00fcketti\u011fidir.<a name=\"_ftnref4\" href=\"#_ftn4\" title=\"_ftnref4\">[4]<\/a>  <\/p>\n<p> <strong>AKP&#39;nin g\u00fcvendi\u011fi ABD sar\u0131lacak y\u0131lan ar\u0131yor <\/strong> <\/p>\n<p> ABD, Irak \u00c7al\u0131\u015fma Grubu&#39;nun (I\u00c7G) raporuna epey bel ba\u011flam\u0131\u015ft\u0131. Ama hayaller suya d\u00fc\u015ft\u00fc. Raporu \u015f\u00f6yle \u00f6zetleyebiliriz: ABD bo\u011fulmak \u00fczere, kendinden ba\u015fkas\u0131n\u0131 d\u00fc\u015f\u00fcnd\u00fc\u011f\u00fc yok, sar\u0131labilece\u011fi y\u0131lan ar\u0131yor.  <\/p>\n<p> Raporun i\u015flevi s\u0131n\u0131rl\u0131 olabilir ama sembolik anlam\u0131 \u00e7ok b\u00fcy\u00fck. \u00c7\u00fcnk\u00fc bu rapor ABD&#39;nin Irak&#39;taki sava\u015f\u0131 kazanamad\u0131\u011f\u0131n\u0131n, kazanmas\u0131n\u0131n da m\u00fcmk\u00fcn olmad\u0131\u011f\u0131n\u0131n a\u00e7\u0131k bir itiraf\u0131 olarak tarihe ge\u00e7ti. Peki ABD yenildiyse kim kazand\u0131? Tabii ki Irak de\u011fil. Her ne kadar raporda Irak&#39;\u0131n b\u00f6l\u00fcnmesi fikrine kesinlikle kar\u015f\u0131 \u00e7\u0131k\u0131lsa da bir s\u00fcre sonra ortada b\u00f6yle bir \u00fclke kalmayaca\u011f\u0131n\u0131 \u00f6ng\u00f6rebiliriz. \u015eii Araplar ile K\u00fcrtler mi? ABD&#39;nin \u00e7ekilmesi halinde Irak&#39;ta ve Ortado\u011fu&#39;da neler ya\u015fanaca\u011f\u0131n\u0131, Irak \u015eiileri ve K\u00fcrtlerinin ak\u0131betinin ne olaca\u011f\u0131n\u0131 kestirmek zor.  <\/p>\n<p> \u0130ran ve Suriye mi? Kesinlikle evet. \u0130ran \u015eiileri, Suriye de S\u00fcnnileri arkalayarak Irak&#39;\u0131n kontrol\u00fcn\u00fc b\u00fcy\u00fck \u00f6l\u00e7\u00fcde ele ge\u00e7irdiler. Irak b\u00f6l\u00fcnse de par\u00e7alansa da ipleri ellerinde tutaca\u011fa benziyorlar. En az\u0131ndan n\u00fckleer silah konusunda a\u00e7\u0131k bir garanti almadan \u0130ran&#39;\u0131n elini g\u00fc\u00e7lendirmek istemeyecektir. Bu \u00f6neriye en sert itirazsa ku\u015fkusuz \u0130srail&#39;den ve onun ABD&#39;deki g\u00fc\u00e7l\u00fc destek\u00e7ilerinden gelecektir. Bu arada I\u00c7G&#39;nin, Filistin sorununun \u00e7\u00f6z\u00fcm\u00fcne yo\u011funla\u015f\u0131lmas\u0131 \u00f6nerisi \u0130srail&#39;i rahats\u0131z ediyor. Asl\u0131nda I\u00c7G, sadece \u0130ran ve Suriye&#39;yi de\u011fil Irak&#39;a t\u00fcm kom\u015fu \u00fclkeleri s\u00fcrece dahil etmeyi \u00f6neriyor. Bu noktada T\u00fcrkiye&#39;ye K\u00fcrtler, Suudi Arabistan, M\u0131s\u0131r gibi S\u00fcnni Arap devletlerine \u015eii Araplar ve bir \u00f6l\u00e7\u00fcde de K\u00fcrtler kar\u015f\u0131 \u00e7\u0131kacaklard\u0131r. <a name=\"_ftnref5\" href=\"#_ftn5\" title=\"_ftnref5\">[5]<\/a>  <\/p>\n<p> <strong>T\u00fcrkiye ve \u0130ran, Irak&#39;a m\u00fcdahaleye mi haz\u0131rlan\u0131yor? <\/strong> <\/p>\n<p> <strong>\u015eu ana kadar \u0130ran, n\u00fcfuz alan\u0131n\u0131 alabildi\u011fine g\u00fc\u00e7lendirdi. Bunu, b\u00fcy\u00fck oranda ABD\/ \u0130srail cephesiyle y\u00fcr\u00fctt\u00fc\u011f\u00fc \u00e7at\u0131\u015fma eksenli stratejiye bor\u00e7lu. Irak i\u00e7inde neredeyse ABD&#39;den daha etkin hale gelirken, L\u00fcbnan&#39;da Suriye ile birlikte, ABD\/\u0130srail cephesiyle k\u0131yas\u0131ya bir g\u00fc\u00e7 m\u00fccadelesine giri\u015fti. K\u00fcresel g\u00f6stergelerin aksine, Tahran iki cephede de tahminlerin \u00f6tesinde bir ba\u015far\u0131 sa\u011flad\u0131. Bunun d\u0131\u015f\u0131nda, Hem Irak&#39;ta hem de L\u00fcbnan&#39;da Suudi Arabistan&#39;la k\u0131yas\u0131ya bir m\u00fccadele y\u00fcr\u00fct\u00fcyor. ABD ve i\u015fgalci g\u00fc\u00e7leri bir tarafa b\u0131rak\u0131rsak, iki \u00fclkede de asl\u0131nda \u0130ran-Suudi Arabistan \u00e7at\u0131\u015fmas\u0131ndan s\u00f6z edebiliriz. Asl\u0131nda bu \u00e7at\u0131\u015fman\u0131n \u0130ran-Irak sava\u015f\u0131ndan beri devam etti\u011fini, Birinci K\u00f6rfez Sava\u015f\u0131&#39;n\u0131n bu \u00e7er\u00e7evede \u015fekillendi\u011fini, \u015fimdi Irak&#39;taki i\u00e7 \u00e7at\u0131\u015fma ile kendini g\u00f6sterdi\u011fini, giderek yay\u0131lma i\u015faretleri g\u00f6sterdi\u011fini s\u00f6ylemeliyiz. Irak&#39;ta izledi\u011fimiz mezhep \u00fczerinden iktidar sava\u015f\u0131n\u0131n \u00f6nlenmesi, L\u00fcbnan&#39;a ve K\u00f6rfez b\u00f6lgesine s\u0131\u00e7ramamas\u0131 i\u00e7in bu iki \u00fclkenin ikna edilmesinin tek yol oldu\u011funu da&#8230;<\/strong>  <\/p>\n<p> <strong>ABD&#39;nin yeni Savunma Bakan\u0131 Robert Gates, Irak&#39;taki sava\u015f\u0131 kazanamayacaklar\u0131n\u0131 a\u00e7\u0131klad\u0131. Ayn\u0131 zamanda da kom\u015fular\u0131n Irak&#39;a m\u00fcdahale edebilece\u011fini s\u00f6yledi. Irak G\u00f6zlem Grubu ABD askerlerinin Irak&#39;taki varl\u0131\u011f\u0131n\u0131n 2008&#39;den itibaren \u00e7ekilmesine ili\u015fkin bir yakla\u015f\u0131m sunarken askeri kaynaklar ABD askerlerinin 2007&#39;nin ortalar\u0131nda g\u00f6revi Irak birliklerine devretmeye ba\u015flayaca\u011f\u0131n\u0131 s\u00f6yl\u00fcyor. G\u00f6zlem Grubu ayr\u0131ca \u0130srail-Filistin krizine m\u00fcdahale konusunda da ABD&#39;nin rol\u00fcn\u00fc art\u0131r\u0131c\u0131 \u00f6neriler getiriyor. <a name=\"_ftnref6\" href=\"#_ftn6\" title=\"_ftnref6\"><strong>[6]<\/strong><\/a><\/strong>  <\/p>\n<p> <strong>Mandac\u0131 ruh yeniden hortluyor!<\/strong>  <\/p>\n<p> Atat\u00fcrk \u00f6l\u00fcnce ipleri ele ge\u00e7iren \u0130n\u00f6n\u00fc, Sevr kabusu ya\u015fan\u0131rken \u0130stanbul&#39;da geli\u015ftirdi\u011fi mandac\u0131 ki\u015fili\u011fine d\u00f6ner ve devleti d\u00f6n\u00fc\u015ft\u00fcr\u00fcr. Malum, Pa\u015fa, Amerikan veya \u0130ngiliz mandas\u0131 alt\u0131nda bir T\u00fcrkiye hesab\u0131 yaparak hayat\u0131n\u0131 &#39;\u00c7ift\u00e7i \u0130smet A\u011fa&#39; olarak ge\u00e7irmek istiyordu&#8230;  <\/p>\n<p> Dilimde t\u00fcy bitse de bu ger\u00e7e\u011fi s\u0131k\u00e7a vurgulayarak ba\u011flant\u0131l\u0131 konularda meram anlatmay\u0131 s\u00fcrd\u00fcrece\u011fim. Zira 1938&#39;de olan biteni anlamazsak, Atat\u00fcrk&#39;\u00fcn de bir de\u011feri kalmaz, Cumhuriyet&#39;in de&#8230; \u0130n\u00f6n\u00fc&#39;n\u00fcn Atat\u00fcrk Ankaras\u0131&#39;na \u00e7\u00f6kertti\u011fi mandac\u0131 ruh y\u00fcz\u00fcnden gelen gideni arat\u0131r. Cumhuriyet&#39;in p\u00fcf noktas\u0131 budur&#8230;  <\/p>\n<p> \u0130lgin\u00e7tir; Atat\u00fcrk\u00e7\u00fcl\u00fck ve laiklik konusunda aslan ge\u00e7inen Demirel AB meselesine dair son beyan\u0131yla \u00e7ok daha a\u015f\u0131r\u0131 bir mandac\u0131 ruh yans\u0131t\u0131r:  <\/p>\n<p> -Ne olursa olsun Avrupa hedefinden cayamay\u0131z&#8230;  <\/p>\n<p> T\u00fcrkiye-AB \u015famatas\u0131nda gaflet, dalalet ve ihanet ehli olmayan her T\u00fcrk, bizi tutan \u0130ngiltere&#39;ye kar\u015f\u0131 Fransa ve Almanya&#39;n\u0131n ikiy\u00fczl\u00fc muhalefetindeki basit hakikati g\u00f6r\u00fcr. Bu demektir ki, Ankara ile oynanan oyun, \u0130ngiltere ile Almanya-Fransa ittifak\u0131 aras\u0131ndaki \u00e7eki\u015fmenin yan \u00fcr\u00fcn\u00fcd\u00fcr. Ankara, kendisi i\u00e7in AB \u00fcyesi olmay\u0131 hedefledi\u011fini san\u0131rken i\u015fin asl\u0131 \u0130ngiltere&#39;nin Br\u00fcksel&#39;deki Alman-Frans\u0131z a\u011f\u0131rl\u0131\u011f\u0131n\u0131 dengeleme manevras\u0131d\u0131r.<a name=\"_ftnref7\" href=\"#_ftn7\" title=\"_ftnref7\">[7]<\/a>  <\/p>\n<p> <\/p>\n<table border=\"0\" cellspacing=\"0\" cellpadding=\"0\" width=\"100%\">\n<tbody>\n<tr>\n<td>\n<p> \t\t\t<strong>ABD ve yanda\u015flar\u0131 Irak&#39;ta kaostan kurtulam\u0131yor! <\/strong> \t\t\t<\/p>\n<p> \t\t\tRaporda Irak&#39;ta &quot;kaosa do\u011fru gidi\u015fat oldu\u011funun&quot; belirtilmesi, Avrupa bas\u0131n\u0131n\u0131n tepkisini \u00e7ekti. Raporun ger\u00e7ekleri gizleme amac\u0131 g\u00fctt\u00fc\u011f\u00fcn\u00fc belirten gazeteler, Irak&#39;taki vah\u015fetin \u00e7ok daha b\u00fcy\u00fck insani bir felaketi tetikleyece\u011fini yazd\u0131.  \t\t\t<\/p>\n<p> \t\t\t\u0130ngiliz bas\u0131n\u0131, Irak \u00c7al\u0131\u015fma Grubu&#39;nun Raporunu ele\u015ftirirken, The Independent &quot;K\u0131yamet&quot; man\u015feti ile \u00e7\u0131kt\u0131. Irak&#39;ta durumun felaket oldu\u011funu yazan gazete, raporun Irak&#39;taki ger\u00e7ek vah\u015feti gizledi\u011fini, buradaki kaosa do\u011fru gidi\u015fat\u0131n insani bir felaketi tetikleyebilece\u011fini kaydetti. Financial T\u0131mes ise, Irak&#39;taki \u00e7\u00f6k\u00fc\u015fe, Bush&#39;un politikalar\u0131n\u0131n neden oldu\u011funu belirterek, i\u015fgal g\u00fc\u00e7lerinin derhal Irak&#39;tan \u00e7ekilmesini istedi. \u00d6te yandan her g\u00fcn Irak&#39;taki\u00a0 direni\u015f\u00e7i sald\u0131r\u0131lar\u0131nda onlarca Amerikan askeri \u00f6ld\u00fcr\u00fcl\u00fcyor. Bunun \u00fczerine ABD, hava sald\u0131r\u0131lar\u0131yla masum sivil halk\u0131 katletmeye devam diyor.  \t\t\t<\/p>\n<p> \t\t\t<strong>Bu arada Irak ve \u0130ran&#39;dan hem de Amerika&#39;n\u0131n bilgisi dahilinde \u00fclkeye sokulan ka\u00e7ak mallardan b\u00f6l\u00fcc\u00fc \u00f6rg\u00fct\u00fcn y\u00fczde 20 pay ald\u0131\u011f\u0131 resmen a\u00e7\u0131kland\u0131.<\/strong>  \t\t\t<\/p>\n<p> \t\t\t<strong>Ka\u00e7ak\u00e7\u0131l\u0131k geliri PKK&#39;ya gidiyor!<\/strong>  \t\t\t<\/p>\n<p> \t\t\tVan Emniyet M\u00fcd\u00fcrl\u00fc\u011f\u00fc ekiplerince, 2006 y\u0131l\u0131nda d\u00fczenlenen 111 operasyonda 2 milyon 580 bin 947 paket ka\u00e7ak sigaran\u0131n ele ge\u00e7irildi\u011fi bildirildi.  \t\t\t<\/p>\n<p> \t\t\tVan Emniyet M\u00fcd\u00fcrl\u00fc\u011f\u00fc yetkililerinden al\u0131nan bilgiye g\u00f6re, Van&#39;da ka\u00e7ak\u00e7\u0131l\u0131kla u\u011fra\u015fan ki\u015filerin, ge\u00e7mi\u015f d\u00f6nemlerde \u0130ran&#39;daki bask\u0131lar nedeniyle Van&#39;a gelerek s\u0131n\u0131r b\u00f6lgelere Azeri kimli\u011fiyle yerle\u015ftikleri, daha sonra da ge\u00e7im kayna\u011f\u0131 olarak \u0130ran&#39;daki yak\u0131nlar\u0131yla i\u015fbirli\u011fi yaparak ka\u00e7ak\u00e7\u0131l\u0131k yapmaya ba\u015flad\u0131klar\u0131 \u00f6\u011frenildi.  \t\t\t<\/p>\n<p> \t\t\tB\u00f6lge arazisinin engebeli olmas\u0131 ve \u0130ran ile 352 kilometrelik uzun s\u0131n\u0131ra sahip olmas\u0131 nedeniyle ka\u00e7ak\u00e7\u0131l\u0131\u011fa y\u00f6nelik denetimlerin zorla\u015ft\u0131\u011f\u0131n\u0131 belirten yetkililer, kat\u0131r ve at s\u0131rt\u0131nda yap\u0131lan ka\u00e7ak\u00e7\u0131l\u0131\u011f\u0131n b\u00f6lgede ya\u015fanan i\u015fsizlik ve ge\u00e7im s\u0131k\u0131nt\u0131lar\u0131 nedeniyle ge\u00e7im kayna\u011f\u0131 haline geldi\u011fini ve ka\u00e7ak\u00e7\u0131l\u0131\u011f\u0131n b\u00f6lgede normal bir i\u015f kolu olarak g\u00f6r\u00fcld\u00fc\u011f\u00fcn\u00fc belirttiler.  \t\t\t<\/p>\n<\/td>\n<\/tr>\n<\/tbody>\n<\/table>\n<p> <strong>Y\u00fczde 20&#39;si Amerika kontrol\u00fcnde PKK&#39;ya gidiyor!<\/strong>  <\/p>\n<p> <strong>B\u00f6lgedeki ka\u00e7ak\u00e7\u0131l\u0131ktan elde edilen gelirin y\u00fczde 20&#39;sinin y\u0131llard\u0131r ter\u00f6r \u00f6rg\u00fct\u00fc PKK&#39;ya finans olarak aktar\u0131ld\u0131\u011f\u0131n\u0131 tespit ettiklerini belirten emniyet yetkilileri, da\u011f yoluyla hayvan s\u0131rt\u0131nda getirilen ka\u00e7ak malzemeleri \u0130ran&#39;dan T\u00fcrkiye&#39;ye PKK&#39;n\u0131n kontrol\u00fc alt\u0131nda olan b\u00f6lgelerden getirildi\u011fini, bu nedenle ka\u00e7ak\u00e7\u0131l\u0131ktan kazan\u0131lan paran\u0131n y\u00fczde 20&#39;sinin pay olarak \u00f6rg\u00fcte aktar\u0131ld\u0131\u011f\u0131n\u0131 vurgulad\u0131lar. Yetkililer, bu nedenle b\u00f6lgede ka\u00e7ak\u00e7\u0131l\u0131kla m\u00fccadelenin daha \u00f6nem kazand\u0131\u011f\u0131n\u0131 s\u00f6ylediler.<a name=\"_ftnref8\" href=\"#_ftn8\" title=\"_ftnref8\"><strong>[8]<\/strong><\/a><\/strong>  <\/p>\n<hr \/>\n<p> <a name=\"_ftn1\" href=\"#_ftnref1\" title=\"_ftn1\">[1]<\/a> (a.a)  <\/p>\n<p> <a name=\"_ftn2\" href=\"#_ftnref2\" title=\"_ftn2\">[2]<\/a> H\u00fcrriyet \/ 07.12.2006 \/ Y. do\u011fan  <\/p>\n<p> <a name=\"_ftn3\" href=\"#_ftnref3\" title=\"_ftn3\">[3]<\/a> 07.12.2006 \/ Abd\u00fclkadir \u00d6zkan \/ Milli Gazete  <\/p>\n<p> <a name=\"_ftn4\" href=\"#_ftnref4\" title=\"_ftn4\">[4]<\/a> 08.12.2006 \/ Zeki Ceyhan \/ Milli Gazete  <\/p>\n<p> <a name=\"_ftn5\" href=\"#_ftnref5\" title=\"_ftn5\">[5]<\/a> 07.12.2006 \/ Ru\u015fen \u00c7ak\u0131r \/ Vatan\u00a0  <\/p>\n<p> <a name=\"_ftn6\" href=\"#_ftnref6\" title=\"_ftn6\">[6]<\/a> 07.12.2006 \/ \u0130brahim Karag\u00fcl \/ Yeni \u015eafak\u00a0  <\/p>\n<p> <a name=\"_ftn7\" href=\"#_ftnref7\" title=\"_ftn7\">[7]<\/a> 07.12.2006 \/ \u00d6mer L\u00fctfi Mete \/ Terc\u00fcman\u00a0  <\/p>\n<p> <a name=\"_ftn8\" href=\"#_ftnref8\" title=\"_ftn8\">[8]<\/a> (aa)  <\/p>\n","protected":false},"excerpt":{"rendered":"<p>\u00a0  <\/p>\n<p> <strong>Bu tarihi uyar\u0131lar, ac\u0131 bir ger\u00e7e\u011fin \u00f6zetidir. Milletimize ve t\u00fcm sorumluluk sahiplerine:<\/strong>  <\/p>\n<p> <strong>&quot;\u015eimdi \u015fahsi hevesler ve hesaplar i\u00e7in, \u00fclkemiz ve gelece\u011fimiz feda ediliyor&quot; mesaj\u0131 yerindedir.<\/strong>  <\/p>\n<p> <strong>AKP, sanki babalar\u0131n\u0131n mal\u0131ym\u0131\u015f, kendilerine miras kalm\u0131\u015f gibi, K\u0131br\u0131s&#39;\u0131 AB&#39;ye hibe ve hediye etmektedir. <\/strong> <\/p>\n<p> <strong>Hala &quot;Asker siyasete kar\u0131\u015fmas\u0131n, Genel Kurmay konu\u015fmas\u0131n&quot; diyen \u00e7evrelerin bu tavr\u0131, h\u0131yanetleri gizlemeye y\u00f6neliktir ve kahpeliktir!\u00a0 <\/strong> <\/p>\n<p> <strong>Cumhurba\u015fkan\u0131n\u0131n, Genel Kurmay\u0131n, Ana Muhalefet Ba\u015fkan\u0131n\u0131n, hatta bakanlar\u0131n bile haberi ve bilgisi olmadan, AKP K\u0131br\u0131s&#39;\u0131 ve T\u00fcrkiye&#39;nin \u00e7\u0131karlar\u0131n\u0131 r\u00fc\u015fvet veriyor! <\/strong> <\/p>\n","protected":false},"author":24,"featured_media":0,"comment_status":"open","ping_status":"closed","sticky":false,"template":"","format":"standard","meta":{"footnotes":""},"categories":[65],"tags":[],"class_list":["post-828","post","type-post","status-publish","format-standard","hentry","category-ocak-2007"],"_links":{"self":[{"href":"https:\/\/www.millicozum.com\/mc\/wp-json\/wp\/v2\/posts\/828","targetHints":{"allow":["GET"]}}],"collection":[{"href":"https:\/\/www.millicozum.com\/mc\/wp-json\/wp\/v2\/posts"}],"about":[{"href":"https:\/\/www.millicozum.com\/mc\/wp-json\/wp\/v2\/types\/post"}],"author":[{"embeddable":true,"href":"https:\/\/www.millicozum.com\/mc\/wp-json\/wp\/v2\/users\/24"}],"replies":[{"embeddable":true,"href":"https:\/\/www.millicozum.com\/mc\/wp-json\/wp\/v2\/comments?post=828"}],"version-history":[{"count":0,"href":"https:\/\/www.millicozum.com\/mc\/wp-json\/wp\/v2\/posts\/828\/revisions"}],"wp:attachment":[{"href":"https:\/\/www.millicozum.com\/mc\/wp-json\/wp\/v2\/media?parent=828"}],"wp:term":[{"taxonomy":"category","embeddable":true,"href":"https:\/\/www.millicozum.com\/mc\/wp-json\/wp\/v2\/categories?post=828"},{"taxonomy":"post_tag","embeddable":true,"href":"https:\/\/www.millicozum.com\/mc\/wp-json\/wp\/v2\/tags?post=828"}],"curies":[{"name":"wp","href":"https:\/\/api.w.org\/{rel}","templated":true}]}}