{"id":829,"date":"2007-01-03T12:44:05","date_gmt":"2007-01-03T12:44:05","guid":{"rendered":"https:\/\/www.millicozum.com\/mc\/2007\/01\/03\/ata-et-e-ot-vermez\/"},"modified":"2007-01-03T12:44:05","modified_gmt":"2007-01-03T12:44:05","slug":"ata-et-ite-ot-verilmez","status":"publish","type":"post","link":"https:\/\/www.millicozum.com\/mc\/2007\/ocak-2007\/ata-et-ite-ot-verilmez\/","title":{"rendered":"ATA ET, \u0130TE OT VER\u0130LMEZ!"},"content":{"rendered":"<p>\u00a0  <\/p>\n<p> <strong>Herkese lay\u0131k\u0131n\u0131, vermeli dostlar<\/strong> <\/p>\n<p> <strong>Atlara et ve itlere ot gerekmez!<\/strong> <\/p>\n<p> <strong>Ahmakl\u0131k ederisek, delinir postlar<\/strong> <\/p>\n<p> <strong>K\u00f6ks\u00fcze ahlak, \u00f6k\u00fcze bot gerekmez!<\/strong> <\/p>\n<p>  \u00a0  <\/p>\n<p> <strong>D\u00fcze \u00e7\u0131ksa tan\u0131maz, birader peder<\/strong> <\/p>\n<p> <strong>Aya\u011f\u0131 yer tutarsa, bak neler eder<\/strong> <\/p>\n<p> <strong>Hak dava d\u00f6nekleri, kahpeden beter<\/strong> <\/p>\n<p> <strong>Yalama k\u0131\u00e7a \u015falvar, ve \u015fort gerekmez!.<\/strong> <\/p>\n<p> <\/p>\n<p> <strong>G\u00f6r \u0130bni Sebe hala, dava i\u00e7inde<\/strong> <\/p>\n<p> <strong>Lavrens&#39;ten daha usta, takva i\u00e7inde<\/strong> <\/p>\n<p> <strong>Feraset fakiri saf; hava i\u00e7inde<\/strong> <\/p>\n<p> <strong>Fark etmez haini, Ona spot gerekmez!<\/strong> <\/p>\n<p> <\/p>\n<p> <strong>Lider \u00fclke T\u00fcrkiye, g\u00f6z\u00fcmde t\u00fcter<\/strong> <\/p>\n<p> <strong>Bat\u0131dan bor\u00e7 dilenmek, \u00f6l\u00fcmden beter<\/strong> <\/p>\n<p> <strong>Yerli Devrim otomobil, bizlere yeter<\/strong> <\/p>\n<p> <strong>Gavurun olsun BMW, Fort gerekmez!.<\/strong> <\/p>\n<p> <\/p>\n<p> <strong>Kuvay\u0131 Milliyeyim, olmaz oyna\u015f\u0131m<\/strong> <\/p>\n<p> <strong>Vicdan\u0131m rahat olsun, a\u011fr\u0131s\u0131n ba\u015f\u0131m<\/strong> <\/p>\n<p> <strong>\u00dclkem kurtulsun; han\u0131m, als\u0131n maa\u015f\u0131m<\/strong> <\/p>\n<p> <strong>Meram\u0131m anla\u015f\u0131ld\u0131, fazla pot gerekmez!<\/strong> <\/p>\n<p> <\/p>\n<p> <strong>Gel Bayram\u0131m sen s\u00f6yle, vicdanlar anlar<\/strong> <\/p>\n<p> <strong>Allah diye Avrpa&#39;ya, hep h\u00fcsn\u00fc zanlar<\/strong> <\/p>\n<p> <strong>Dayan ve diren, yak\u0131n; kutlu zamanlar<\/strong> <\/p>\n<p> <strong>Kefen bezi kafi, Coni kot gerekmez!<\/strong> <\/p>\n","protected":false},"excerpt":{"rendered":"<p>\u00a0  <\/p>\n<p> <strong>Herkese lay\u0131k\u0131n\u0131, vermeli dostlar<\/strong> <\/p>\n<p> <strong>Atlara et ve itlere ot gerekmez!<\/strong> <\/p>\n<p> <strong>Ahmakl\u0131k ederisek, delinir postlar<\/strong> <\/p>\n<p> <strong>K\u00f6ks\u00fcze ahlak, \u00f6k\u00fcze bot gerekmez!<\/strong> <\/p>\n","protected":false},"author":26,"featured_media":0,"comment_status":"open","ping_status":"closed","sticky":false,"template":"","format":"standard","meta":{"footnotes":""},"categories":[65],"tags":[],"class_list":["post-829","post","type-post","status-publish","format-standard","hentry","category-ocak-2007"],"_links":{"self":[{"href":"https:\/\/www.millicozum.com\/mc\/wp-json\/wp\/v2\/posts\/829","targetHints":{"allow":["GET"]}}],"collection":[{"href":"https:\/\/www.millicozum.com\/mc\/wp-json\/wp\/v2\/posts"}],"about":[{"href":"https:\/\/www.millicozum.com\/mc\/wp-json\/wp\/v2\/types\/post"}],"author":[{"embeddable":true,"href":"https:\/\/www.millicozum.com\/mc\/wp-json\/wp\/v2\/users\/26"}],"replies":[{"embeddable":true,"href":"https:\/\/www.millicozum.com\/mc\/wp-json\/wp\/v2\/comments?post=829"}],"version-history":[{"count":0,"href":"https:\/\/www.millicozum.com\/mc\/wp-json\/wp\/v2\/posts\/829\/revisions"}],"wp:attachment":[{"href":"https:\/\/www.millicozum.com\/mc\/wp-json\/wp\/v2\/media?parent=829"}],"wp:term":[{"taxonomy":"category","embeddable":true,"href":"https:\/\/www.millicozum.com\/mc\/wp-json\/wp\/v2\/categories?post=829"},{"taxonomy":"post_tag","embeddable":true,"href":"https:\/\/www.millicozum.com\/mc\/wp-json\/wp\/v2\/tags?post=829"}],"curies":[{"name":"wp","href":"https:\/\/api.w.org\/{rel}","templated":true}]}}