{"id":831,"date":"2007-01-03T12:54:29","date_gmt":"2007-01-03T12:54:29","guid":{"rendered":"https:\/\/www.millicozum.com\/mc\/2007\/01\/03\/qerkeqden-kenler-der-korkusu\/"},"modified":"2007-01-03T12:54:29","modified_gmt":"2007-01-03T12:54:29","slug":"erkeden-urkenlerin-derin-korkusu","status":"publish","type":"post","link":"https:\/\/www.millicozum.com\/mc\/2007\/ocak-2007\/erkeden-urkenlerin-derin-korkusu\/","title":{"rendered":"&#8220;ERKE&#8221;DEN \u00dcRKENLER\u0130N DER\u0130N KORKUSU"},"content":{"rendered":"<p> <span style=\"font-size: xx-small\">Erke Nedir?<br \/> <\/span> <\/p>\n<p> <span style=\"font-size: xx-small\">Erke; Erke Ara\u015ft\u0131rmalar\u0131 ve M\u00fchendislik A.\u015e. 10 Ocak 1992 tarihinde %100 T\u00fcrk sermayesi ile kurulmu\u015f bilimsel ara\u015ft\u0131rmalar yapan ticari bir kurumdur. Kurulu\u015f tarihinden bug\u00fcne kadar, insanl\u0131\u011fa faydal\u0131 konularda bilimsel ara\u015ft\u0131rmalar yapm\u0131\u015ft\u0131r. Halen ilkelerinden taviz vermeden, kurumsal yap\u0131s\u0131n\u0131 \u00f6n planda tutarak bilimsel ara\u015ft\u0131rma \u00e7al\u0131\u015fmalar\u0131na devam etmektedir. <\/span> <\/p>\n<p> <span style=\"font-size: xx-small\">Em. T\u00fcmgeneral \u00c7etin U\u011fural Erke Ara\u015ft\u0131rmalar\u0131 ve M\u00fchendislik A.\u015e&#39;nin asra y\u00f6n verebilecek bulu\u015funu a\u00e7\u0131klad\u0131: Atat\u00fcrk&#39; \u00fcn 10. Y\u0131l nutkundan bug\u00fcnleri g\u00f6ren bir b\u00f6l\u00fcmle konu\u015fmaya ba\u015flad\u0131.<\/span>  <\/p>\n<p>  \u00a0  <\/p>\n<p> <strong>\u00a0&quot;Asla \u015f\u00fcphem yoktur ki, T\u00fcrkl\u00fc\u011f\u00fcn unutulmu\u015f b\u00fcy\u00fck medeni vasf\u0131 ve b\u00fcy\u00fck medeni kabiliyeti, bundan sonraki inki\u015faf\u0131yla, atinin y\u00fcksek medeniyet ufkunda yeni bir g\u00fcne\u015f gibi do\u011facakt\u0131r.&quot;<\/strong> <\/p>\n<p> \u00a0Huzurlar\u0131n\u0131zda \u015fu anda a\u00e7\u0131klayaca\u011f\u0131m konu ile Atam\u0131z\u0131n bu \u00f6ng\u00f6r\u00fcs\u00fcne bir nebze olsun yakla\u015ft\u0131\u011f\u0131m\u0131z\u0131 d\u00fc\u015f\u00fcnmekteyiz. <\/p>\n<p> \u00a0En b\u00fcy\u00fck bayram\u0131m\u0131z olan 29 Ekim&#39;de ba\u015flatt\u0131\u011f\u0131m\u0131z ve bug\u00fcne kadar yaz\u0131l\u0131 ve g\u00f6rsel bas\u0131nda yer alan &quot;Erke Bilimsel D\u00fc\u015f\u00fcncenin G\u00fcc\u00fc&quot; slogan\u0131n\u0131n sizlerde bir merak uyand\u0131rd\u0131\u011f\u0131n\u0131n bilincindeyiz.  <\/p>\n<p> <strong>\u00a0Say\u0131n konuklar, tarihe malolacak bu bulu\u015fu teknik detaylar\u0131na inmeden a\u00e7\u0131kl\u0131yorum; <\/strong> <\/p>\n<p> Bulu\u015f ile eri\u015filen sistem \u00e7evreye zarar vermeyen, istenilen g\u00fc\u00e7 ve s\u00fcrati sa\u011flayabilen, do\u011frudan hareketin elde edilebildi\u011fi, yak\u0131t gerektirmeyen bir kuvvet makinesidir. Bu sistemin \u00e7al\u0131\u015fmas\u0131nda maddenin atalet \u00f6zelli\u011finden faydalan\u0131lmaktad\u0131r.  <\/p>\n<p> Bu sistem ile \u00e7al\u0131\u015fan makinelerde istenilen yerde istenilen miktarda elektrik elde edilebilir. T\u00fcm kara, hava ve deniz ta\u015f\u0131tlar\u0131nda kullan\u0131labilir.  <\/p>\n<p> Ayr\u0131ca sunumda takip etti\u011finiz \u00fczere bu bulu\u015fla k\u00fcresel \u0131s\u0131nman\u0131n \u00f6nlenmesi, dolay\u0131s\u0131yla iklim bozukluklar\u0131n\u0131n zararl\u0131 etkilerinin ortadan kald\u0131r\u0131lmas\u0131 sa\u011flan\u0131r. B\u00f6ylece insanl\u0131k kendi eliyle haz\u0131rlad\u0131\u011f\u0131 bir sona gitmekten kurtulur.  <\/p>\n<p> Bu bulu\u015f, 1992 y\u0131l\u0131ndan itibaren \u00e7ok gizli olarak y\u00fcr\u00fct\u00fclen bilimsel \u00e7al\u0131\u015fmalar\u0131m\u0131z\u0131n bir sonucudur. \u015eirketimiz ad\u0131na bulu\u015fun yurt i\u00e7i ve yurt d\u0131\u015f\u0131 patent ba\u015fvurular\u0131 yap\u0131lm\u0131\u015ft\u0131r.  <\/p>\n<p> Ancak bilimsel bilgi ile \u00e7evreye sayg\u0131l\u0131 ve s\u00fcrd\u00fcr\u00fclebilir kalk\u0131nma sa\u011flanabilir. Bu anlay\u0131\u015f\u0131n bir sonucu olan bulu\u015fumuz, ba\u015fta T\u00fcrk milleti olmak \u00fczere t\u00fcm d\u00fcnya insanl\u0131\u011f\u0131na sunulmu\u015f bir hizmet olarak de\u011ferlendirilmektedir&quot;. <\/p>\n<table border=\"0\" cellspacing=\"0\" cellpadding=\"0\" width=\"100%\">\n<tbody>\n<tr>\n<td>\n<p> \t\t\tErke&#39;nin ilkeleri ise \u015f\u00f6yle s\u0131raland\u0131:\u00a0 \t\t\t<\/p>\n<ul>\n<li>Hakikat \u015fim\u015fe\u011fi fikirlerin \u00e7at\u0131\u015fmas\u0131ndan do\u011far. Dolay\u0131s\u0131yla bilimsel d\u00fc\u015f\u00fcnce yap\u0131s\u0131 ancak fikirlerin serbest\u00e7e s\u00f6ylenebildi\u011fi ba\u011f\u0131ms\u0131zl\u0131k ortam\u0131nda geli\u015febilir. <\/li>\n<li>Bilgi her t\u00fcrl\u00fc iyi, do\u011fru ve g\u00fczel i\u015fin kayna\u011f\u0131d\u0131r. Bir ara\u015ft\u0131rmac\u0131n\u0131n bug\u00fcn\u00fcn bilgilerine sahip olmas\u0131 gerekmekle birlikte onlar\u0131n ataletinden s\u0131yr\u0131labilecek derecede ba\u011f\u0131ms\u0131z olmas\u0131 gerekir. Hatta bilimsel ara\u015ft\u0131rma yaparken kendi \u00f6nyarg\u0131lar\u0131ndan bile uzakla\u015fabilecek derecede bir bilimsel yakla\u015f\u0131ma sahip olmal\u0131d\u0131r. \u0130\u015fte bulu\u015flar\u0131 ortaya \u00e7\u0131karan ger\u00e7ek ara\u015ft\u0131rmac\u0131l\u0131k ve bilimsel d\u00fc\u015f\u00fcnce yap\u0131s\u0131 budur. <\/li>\n<li>\u0130yilik ve kalk\u0131nmadan t\u00fcm d\u00fcnya milletleri faydalanmal\u0131d\u0131r. \u0130\u015fte Erke&#39;nin evrensellik anlay\u0131\u015f\u0131 b\u00f6yledir. <\/li>\n<li>Ger\u00e7ek kalk\u0131nman\u0131n g\u00f6r\u00fcld\u00fc\u011f\u00fc bir d\u00fcnyada tabii bir sonu\u00e7 olarak bar\u0131\u015f sa\u011flanacakt\u0131r. <\/li>\n<\/ul>\n<p> \t\t\t\u0130lkelerimizin tamam\u0131n\u0131 tek bir c\u00fcmle ile \u015f\u00f6yle ifade etmekteyiz; ba\u011f\u0131ms\u0131zl\u0131k temeline dayanan bilimsel d\u00fc\u015f\u00fcnce yap\u0131s\u0131 ile ortaya \u00e7\u0131kan ger\u00e7ek ara\u015ft\u0131rmac\u0131l\u0131k toplumun bir b\u00fct\u00fcn oldu\u011funu g\u00f6sterdi\u011finden evrensellik ve bar\u0131\u015f hedefine ula\u015f\u0131l\u0131r.  \t\t\t<\/p>\n<ul>\n<li>Erke&#39;nin ilkeleri ve kurumsal yap\u0131s\u0131, hi\u00e7bir \u015fahs\u0131n veya kurumun Erke \u00fczerinde etkili olmas\u0131na izin vermez. Erke&#39;nin tek yol g\u00f6stericisi m\u00fcspet bilimdir.<\/li>\n<\/ul>\n<\/td>\n<\/tr>\n<\/tbody>\n<\/table>\n<table border=\"0\" cellspacing=\"0\" cellpadding=\"0\" width=\"100%\">\n<tbody>\n<tr>\n<td>\n<ul>\n<li>Bug\u00fcn\u00fcn bilim literat\u00fcr\u00fcnde bulu\u015fun a\u00e7\u0131klanmas\u0131 i\u00e7in temel te\u015fkil edecek bilgi yoktur. Bu nedenle bulu\u015fun dayand\u0131\u011f\u0131 fizik ve matematik esaslar\u0131 Erke taraf\u0131ndan uygun g\u00f6r\u00fclen bir zamanda bilim d\u00fcnyas\u0131na hediye edilecektir. Bu y\u00fczden konuyu tart\u0131\u015fmaya a\u00e7m\u0131yoruz. Kimseyi inand\u0131rma gibi bir amac\u0131m\u0131z da yoktur. Hatta bu bulu\u015fa inan\u0131lmamas\u0131 bizi bilhassa mutlu eder. \u00c7\u00fcnk\u00fc ba\u015far\u0131lmas\u0131 imkans\u0131za yak\u0131n bir i\u015f oldu\u011funun delilidir.<\/li>\n<li>Bu bulu\u015fun \u00f6nemi d\u00fc\u015f\u00fcn\u00fcld\u00fc\u011f\u00fcnde ve alg\u0131land\u0131\u011f\u0131nda yap\u0131lan a\u00e7\u0131klamalar\u0131n neden bu \u00f6l\u00e7\u00fcde s\u0131n\u0131rl\u0131 oldu\u011fu anla\u015f\u0131lacakt\u0131r. Bas\u0131n toplant\u0131s\u0131nda amac\u0131m\u0131z bu bulu\u015fun T\u00fcrk milletine aidiyetinin tescil edilmesidir. Takip etmenizi de\u011ferlendirmenize sunar\u0131z.<\/li>\n<\/ul>\n<p> \t\t\t\u00a0Sunumda arz edildi\u011fi gibi patent ba\u015fvurular\u0131 yap\u0131lm\u0131\u015f olup, bu konuda s\u00fcre\u00e7 i\u015flemektedir ve takip etmekteyiz. Dolay\u0131s\u0131yla bu safhada teknik detaylar\u0131n a\u00e7\u0131klanmas\u0131n\u0131n emniyet ve gizlilik a\u00e7\u0131s\u0131ndan yarataca\u011f\u0131 sorunlar\u0131 da takdirlerinize sunar\u0131z. \t\t\t<\/p>\n<p> \t\t\t\u00a0Bulunan sistem ile ilgili ilk \u00fcr\u00fcn \u00e7e\u015fidi olarak \u00f6n g\u00f6rd\u00fc\u011f\u00fcm\u00fcz elektrik \u00fcretecinde seri \u00fcretim a\u015famas\u0131na gelinmi\u015ftir. 2007 y\u0131l\u0131 i\u00e7ersinde \u00fcr\u00fcnler halk\u0131m\u0131z\u0131n kullan\u0131m\u0131na arz edilecektir. \t\t\t<\/p>\n<p> \t\t\t\u00a0S\u0131ras\u0131 gelince milletimize siz de\u011ferli bas\u0131n mensuplar\u0131 vas\u0131tas\u0131yla ula\u015faca\u011f\u0131z.  \t\t\t<\/p>\n<p> \t\t\tTeknoloji ve bilim alan\u0131nda yeni ufuklar ve \u00e7\u0131\u011f\u0131r a\u00e7acak bu bulu\u015fun T\u00fcrkiye&#39;de ger\u00e7ekle\u015ftirilmi\u015f olmas\u0131 hepimiz i\u00e7in bir gurur kayna\u011f\u0131d\u0131r. \t\t\t<\/p>\n<p> \t\t\t\u00a0Bilgi ve takdirlerinize sundu\u011fumuz bu bulu\u015fu a\u00e7\u0131klaman\u0131n gurur ve bahtiyarl\u0131\u011f\u0131 ile sayg\u0131lar\u0131m\u0131z\u0131 arz ediyorum.&quot; \t\t\t<\/p>\n<\/td>\n<\/tr>\n<\/tbody>\n<\/table>\n<p> <strong>&quot;Erke&quot;nin bu \u00e7\u0131k\u0131\u015f\u0131n\u0131: 24.11.2006 Ak\u015famda G\u00fcler K\u00f6m\u00fcrc\u00fc &quot;AKP&#39;ye ve sisteme kar\u015f\u0131 siyasi bir hareketin \u015fifre ve sinyalleri olarak yorumlad\u0131.&quot;<\/strong>  <\/p>\n<p> &quot;G\u00fcndem 2 konuya kilitlendi; ERKE Hareketi pardon ERKE Grubun m\u00fcthi\u015f (!) icad\u0131n\u0131n tan\u0131t\u0131m\u0131nda yapt\u0131\u011f\u0131 <strong>&#8216;\u00fcst d\u00fczey general&#39; davetlilerin g\u00f6r\u00fcnt\u00fcs\u00fc \u00fczerinden asl\u0131nda &#8216;kurulu\u015fu tamamlanan yeni bir siyasi parti&#39;nin a\u015famal\u0131 duyurusunun hedeflendi\u011fi&#39;<\/strong> dillerde. (Ki toplant\u0131da g\u00f6z\u00fcken em. generaller iddia edilen yap\u0131n\u0131n i\u00e7inde kesinlikle yoklar-do\u011fru) <\/p>\n<p> \u00d6nce ERKE hakk\u0131nda yeni k\u0131sa bir bilgiyi payla\u015fal\u0131m, profil istihbarat\u0131 yapal\u0131m; ERKE Grubun dan\u0131\u015fmanl\u0131\u011f\u0131n\u0131 \u00fcstlenen, &#8216;bilimsel proje&#39;nin arkas\u0131nda duran sivil hareketin ki \u00e7ok yak\u0131nda <strong>siyasi partiye d\u00f6n\u00fc\u015fmesi beklenen organizasyonun da \u015fimdilik liderli\u011fini yapan emekli T\u00fcmgeneral \u00c7etin U\u011fural, Milli Savunma Bakanl\u0131\u011f\u0131 M\u00fcste\u015far Yard\u0131mc\u0131l\u0131\u011f\u0131, K\u0131z\u0131lay (Ertan G\u00f6nen&#39;in ba\u015fkanl\u0131\u011f\u0131 d\u00f6neminde) Y\u00f6netim Kurulu \u00dcyeli\u011fi g\u00f6revlerinden ayr\u0131ld\u0131ktan sonra<\/strong> <strong>Ba\u015fkent&#39;te emekli bir M\u0130T mensubuyla &#8216;ticarete&#39; at\u0131lm\u0131\u015f. PA\u015eA ve X ekibinin \u00f6zellikle son 1 y\u0131ld\u0131r &#8216;sivil inisiyatif&#39; olu\u015fturma ve daha sonra bu olu\u015fumu politik zemine ta\u015f\u0131ma \u00e7abalar\u0131n\u0131n da son a\u015famaya geldi\u011fi,<\/strong> T\u00fcrkiye genelinde te\u015fkilatlanmay\u0131 tamamlad\u0131klar\u0131, son bir y\u0131l i\u00e7inde farkl\u0131 platformlarda-de\u011fi\u015fik illerde yap\u0131lan toplant\u0131lar arac\u0131l\u0131\u011f\u0131yla grubun kat\u0131l\u0131mc\u0131 say\u0131s\u0131n\u0131 da h\u0131zla art\u0131rd\u0131klar\u0131 s\u00f6yleniyor. <\/p>\n<p> Duyumlar\u0131ma bak\u0131l\u0131rsa te\u015fkilatlanma metodlar\u0131 olduk\u00e7a ilgi \u00e7ekici; halen de\u011fi\u015fik isimler alt\u0131nda faaliyet g\u00f6steren sivil olu\u015fumlar- zincir gruplar\u0131n \u00e7ok yak\u0131nda \u00e7\u00f6z\u00fcmlenerek, tek \u00e7at\u0131, ERKE alt\u0131nda birle\u015fmeye haz\u0131rland\u0131klar\u0131 belirtiliyor. <strong>Dolay\u0131s\u0131yla, Say\u0131n U\u011fural&#39;\u0131n ERKE motor mucizesi, yani s\u00f6zde teknolojik i\u00e7erikli bas\u0131n toplant\u0131s\u0131n\u0131n asl\u0131nda geri planda bekletti\u011fi siyasi hareketinin \u00f6n tan\u0131t\u0131m\u0131 oldu\u011fu, son derece zekice d\u00fc\u015f\u00fcn\u00fclm\u00fc\u015f<\/strong> &#8216;kitlenin merak\u0131n\u0131 ERKE kelimesine&#39; odaklamak amac\u0131yla planlanan bir \u00f6zel propaganda tekni\u011fi i\u00e7erdi\u011fi \u00f6ne s\u00fcr\u00fcl\u00fcyor. ERKE- ERK kelimesi art\u0131k hepimiz i\u00e7in \u00e7ok a\u015fina de\u011fil mi? ERKE ile ili\u015fkili di\u011fer isimler kimler, san\u0131r\u0131m \u00e7ok yak\u0131nda \u00f6\u011frenece\u011fiz&#8230;&quot; <\/p>\n<p> G\u00fcler han\u0131m, bir g\u00fcn \u00f6ncesinde ise: <\/p>\n<p> &quot;Ve&#8230; T\u0131pk\u0131 sizlere g\u00fcnler \u00f6nceden duyurdu\u011fum gibi, <strong>21 Kas\u0131m&#39;da ERKE&#39;nin erkleri bir bas\u0131n toplant\u0131s\u0131 d\u00fczenleyerek, &#8216;petrol, su ve gaz&#39; kullanmadan elektrik \u00fcreten &#8216;Erke D\u00f6nergeci&#39; ad\u0131nda bir makine geli\u015ftirdiklerini a\u00e7\u0131klad\u0131lar. Bas\u0131n toplant\u0131s\u0131nda, projenin arkas\u0131nda oldu\u011fu belirtilen Malatyal\u0131, tekstil makineleri \u00fcretiminde s\u00f6z sahibi olan Brother Makina&#39;n\u0131n sahiplerinden kimse yoktu, projeyi \u015firketin Y\u00f6netim Kurulu Dan\u0131\u015fman\u0131 emekli T\u00fcmgeneral \u00c7etin U\u011fural tan\u0131tt\u0131.<\/strong> U\u011fural, bu makine i\u00e7in yurti\u00e7i ve yurtd\u0131\u015f\u0131nda patent ba\u015fvurusunun yap\u0131ld\u0131\u011f\u0131n\u0131 ve <strong>2007 y\u0131l\u0131 i\u00e7inde \u00fcr\u00fcnlerin piyasaya \u00e7\u0131kaca\u011f\u0131n\u0131 da kaydetti<\/strong>. Ancak toplant\u0131da baz\u0131 bas\u0131n mensuplar\u0131n\u0131n, &#8216;&#39;Bulu\u015fa y\u00f6nelik anlat\u0131lanlar\u0131n tutarl\u0131 olmad\u0131\u011f\u0131, \u015firketin y\u00f6netim kurulu ba\u015fkan\u0131n\u0131n kim oldu\u011fu ve ni\u00e7in onun yerine kendisinin a\u00e7\u0131klama yapt\u0131\u011f\u0131, b\u00f6yle \u00f6nemli bir bulu\u015fun neden d\u00fcnya \u00e7ap\u0131nda bir organizasyonla tan\u0131t\u0131lmad\u0131\u011f\u0131&#39;&#39; y\u00f6n\u00fcndeki sorular\u0131 ise cevaps\u0131z b\u0131rak\u0131ld\u0131. Ak\u0131llar kar\u0131\u015ft\u0131, kar\u0131\u015ft\u0131&#8230; Hepsi bu kadar da de\u011fil&#8230;  <\/p>\n<p> Ba\u015fta da belirtti\u011fim \u00fczere, toplant\u0131da bir ola\u011fand\u0131\u015f\u0131l\u0131k daha meydana geldi, <strong>Erke&#39;nin bas\u0131n toplant\u0131s\u0131n\u0131 \u00e7ok say\u0131da emekli asker, tekmili bir arada \u00f6n s\u0131ralardan izledi. Toplant\u0131y\u0131 izleyen isimler aras\u0131nda eski Genelkurmay Ba\u015fkan\u0131 \u0130smail Hakk\u0131 Karaday\u0131, eski Kara Kuvvetleri Komutan\u0131 Muhittin F\u00fcsuno\u011flu, eski Jandarma Kuvvetleri Komutan\u0131 Rasim Betir ve de emekli pa\u015falardan Say\u0131n Kemal YAVUZ, K\u00f6ksal Karabay, Necati \u00d6ZGEN ve de eski Yarg\u0131tay Ba\u015fsavc\u0131s\u0131 Vural Sava\u015f yer ald\u0131.<\/strong> \u00d6zellikle eski Genelkurmay Ba\u015fkan\u0131 \u0130smail Hakk\u0131 Karaday\u0131&#39;n\u0131n \u00e7ok nadir bu t\u00fcr sosyal aktivitelere e\u015flik etti\u011fi d\u00fc\u015f\u00fcn\u00fcld\u00fc\u011f\u00fcnde, bu bilimsel projenin sunum foto\u011fraf\u0131n\u0131n i\u00e7inde sakl\u0131 bir ba\u015fka &#8216;foto\u011fraf&#39; olabilece\u011fi &#8216;merak\u0131&#39; da ka\u015f\u0131nm\u0131\u015f oldu. E. PA\u015eA&#39;lar yoksa siyasi bir parti kurmak haz\u0131rl\u0131\u011f\u0131nda m\u0131yd\u0131?&#39; Sorular b\u00f6yle, buyrun, \u015fimdi hemen do\u011fru cevaplara bakal\u0131m ey benim gibi akl\u0131 kar\u0131\u015fm\u0131\u015f okur;  <\/p>\n<p> D\u00fcnk\u00fc malum toplant\u0131da &#8216;\u00f6n s\u0131rada haz\u0131r bulunan&#39; \u00f6nemli davetlilerden baz\u0131 de\u011ferli isimleri-Pa\u015falar\u0131m\u0131z&#39;dan baz\u0131lar\u0131n\u0131 aray\u0131p, kamuoyundaki ak\u0131l kar\u0131\u015f\u0131kl\u0131\u011f\u0131n\u0131, <strong>ERKE projesinin &#8216;sivil ya da siyasi bir hareket&#39; i\u00e7erip i\u00e7ermedi\u011fi sorusunu y\u00f6nelttim. Ve \u00f6\u011frendim ki, salonda foto\u011fraf veren emekli generallerimizin neredeyse tamam\u0131,<\/strong> ERKE&#39;nin tepesindeki y\u00f6neticiler taraf\u0131ndan sadece birka\u00e7 g\u00fcn \u00f6nce aran\u0131p-toplant\u0131ya davet edilmi\u015fler, di\u011fer bir ifadeyle proje hakk\u0131nda \u00f6nceden fikir sahibi de\u011fillermi\u015f, &#8216;kendileri d\u0131\u015f\u0131ndaki di\u011fer davetli listesinden de ayn\u0131 \u015fekilde haberleri yokmu\u015f. ERKE grubuna &#8216;askeri erk deste\u011fi g\u00f6r\u00fcnt\u00fcs\u00fc&#39; ne derece ger\u00e7ek pay\u0131 ta\u015f\u0131yor diye merak edenlere, ilk a\u011f\u0131zlardan i\u015fin do\u011frusu budur efendim; b\u00f6yle bir destek ya da <strong>bir sivil veya siyasi hareket<\/strong> <strong>haz\u0131rl\u0131\u011f\u0131 s\u00f6z konusu de\u011fil-M\u0130\u015e&#8230;<\/strong>  <\/p>\n<p> A\u00e7\u0131klamalar b\u00f6yle&#8230; Ancak&#8230; Erke M\u00fchendislik&#39;in bu projesi \u00fczerinden yarat\u0131lan gizem perdesinden, her \u015feye ra\u011fmen bir kulis y\u00fckselmeye devam ediyor; iddia o ki her ne kadar ERKE&#39;ciler de hi\u00e7bir dernek, siyasi parti, tarikat, kurum ya da kurulu\u015fla hi\u00e7bir ilgileri olmad\u0131klar\u0131n\u0131 belirtseler de olu\u015fumun vitrin arkas\u0131nda bulunan ve isimleri \u015fu ana kadar kamuoyuna a\u00e7\u0131klanmayan bir grup akademisyen-eski b\u00fcrokrat ve de i\u015fadam\u0131 g\u00fcya <strong>T\u00fcrkiye genelinde faaliyette bulunacak bir sivil insiyatifin-d\u00fc\u015f\u00fcnce \u00fcretim merkezinin altyap\u0131s\u0131n\u0131 tamamlam\u0131\u015flar, deklarasyon da yeni y\u0131ldan sonra olacakm\u0131\u015f ya da alt\u0131 vurgulu (anlayana) MAYIS&#39;ta K\u00d6\u015eK se\u00e7imleri \u00f6ncesinde ciddi bir \u00e7\u0131k\u0131\u015fa haz\u0131rlan\u0131yorlar-MI\u015e&#8230;&quot;<\/strong> yorumunu yapm\u0131\u015ft\u0131. <\/p>\n<p> Ve her nedense NTV (24 Kas\u0131m 2006) tarihli b\u00fcltenlerinde <strong>&quot;Genelkurmay: Erke&#39;yle ilgimiz yok!&quot; <\/strong>haberini \u00f6ne \u00e7\u0131karm\u0131\u015ft\u0131&#8230; <\/p>\n<p> <strong>Genelkurmay Ba\u015fkanl\u0131\u011f\u0131, T\u00fcrk Silahl\u0131 Kuvvetleri&#39;nin &#8216;kuvvet makinesi&#39; olarak tan\u0131t\u0131lan cihazla ilgisi ve bilgisi olmad\u0131\u011f\u0131n\u0131 duyurdu.<\/strong> <\/p>\n<p> Kuvvet makinesi olarak tan\u0131t\u0131lan Erke&#39;nin 21 Kas\u0131m&#39;daki tan\u0131t\u0131m toplant\u0131s\u0131na \u00e7ok say\u0131da emekli pa\u015fa kat\u0131lm\u0131\u015ft\u0131. Kamuoyunda tart\u0131\u015fmalara neden olan proje ile ilgili olarak <strong>Genelkurmay Ba\u015fkanl\u0131\u011f\u0131&#39;n\u0131n <a href=\"http:\/\/www.tsk.mil.tr\/\">http:\/\/www.tsk.mil.tr\/<\/a> adl\u0131 internet sitesinde a\u00e7\u0131klamada bulunuldu.<\/strong> <\/p>\n<p> A\u00e7\u0131klamada yak\u0131t gerektirmeyen kuvvet makinesi olarak tan\u0131t\u0131lan cihaz hakk\u0131nda TSK&#39;n\u0131n bilgisi oldu\u011funa dair haberler yer ald\u0131\u011f\u0131 hat\u0131rlat\u0131ld\u0131. A\u00e7\u0131klamada, &quot;T\u00fcrk Silahl\u0131 Kuvvetleri&#39;nin konu hakk\u0131nda ne bilgisi ne de ilgisi bulunmaktad\u0131r&quot; denildi. <\/p>\n<p> <strong>T\u00fcrk Patent Enstit\u00fcs\u00fc: Ba\u015fvuru oldu\u011funu resmen a\u00e7\u0131klad\u0131.<\/strong> <\/p>\n<p> <strong>Bu arada T\u00fcrk Patent Enstit\u00fcs\u00fc, Erke Ara\u015ft\u0131rmalar\u0131 ve M\u00fchendislik A.\u015e&#39;nin cihaz i\u00e7in patent ba\u015fvurusunda bulundu\u011funu do\u011frulad\u0131.<\/strong> Yetkililer projenin \u00e7ok say\u0131da ki\u015fi taraf\u0131ndan sahiplenilmesinin patent y\u00f6n\u00fcnden sorun olu\u015fturmad\u0131\u011f\u0131na dikkat \u00e7ekiyor. Enstit\u00fc Ba\u015fkan\u0131 Yusuf Balc\u0131, farkl\u0131 ki\u015fi ya da firmalar\u0131n farkl\u0131 tekniklerle ayn\u0131 \u00fcr\u00fcn\u00fc ortaya \u00e7\u0131karmalar\u0131 halinde \u00fcr\u00fcnlerine patent almalar\u0131n\u0131n m\u00fcmk\u00fcn oldu\u011funu belirtti. Ama zaman gazetesi b\u00f6yle bir ba\u015fvuru yap\u0131lmad\u0131\u011f\u0131n\u0131 \u0131srarla yaz\u0131p durmaktayd\u0131. <\/p>\n<p> <\/p>\n<table border=\"0\" cellspacing=\"0\" cellpadding=\"0\" width=\"100%\">\n<tbody>\n<tr>\n<td>\n<p> \t\t\tBu arada H\u00fcrriyet gazetesinden Tufan T\u00fcren\u00e7 (23 Kas\u0131m 2006): &quot;Erke&#39;nin atas\u0131 &#8216;Emi\u015fli Memi\u015f&#39; mi&quot; diye kendi akl\u0131nca dalga ge\u00e7iyor numaras\u0131yla &quot;Erke&quot;den duyduklar\u0131 korkuyu bast\u0131rmaya \u00e7al\u0131\u015fmaktayd\u0131: \t\t\t<\/p>\n<p> \t\t\t<strong>&quot;Bu olay\u0131n en ilgin\u00e7 yan\u0131 Erke&#39;nin \u00e7a\u011f\u0131n bulu\u015fu diye sundu\u011fu makineyi bas\u0131na a\u00e7\u0131klayan Emekli T\u00fcmgeneral \u00c7etin U\u011fural&#39;\u0131n Kurmay Albay olarak Genelkurmay&#39;da T\u00fcmgeneral &quot;Emi\u015fli Memi\u015f&quot; makinesini icat eden T\u00fcmgeneral \u00d6zdemir Kandemir&#39;in yan\u0131nda \u00e7al\u0131\u015fmas\u0131.<\/strong> \t\t\t<\/p>\n<p> \t\t\tBu bir rastlant\u0131 olabilir. ERKE&#39;nin makines\u0131 ile <strong>Kandemir <\/strong>Pa\u015fa&#39;n\u0131n icat etti\u011fi makine aras\u0131nda bir ba\u011flant\u0131 var m\u0131d\u0131r bunu s\u00f6ylemenin olana\u011f\u0131 yok.  \t\t\t<\/p>\n<p> \t\t\tAma ne olursa olsun, b\u00f6yle bir olay\u0131 \u00f6\u011frenince, insan\u0131n akl\u0131na emekli T\u00fcmgeneral <strong>\u00d6zdemir Kandemir&#39;<\/strong>in icat etti\u011fi <strong>&quot;Emi\u015fli Memi\u015f&quot;<\/strong>in Erke&#39;nin <strong>&quot;Con Ahmet&#39;in makinesi&quot;<\/strong>nin atas\u0131 olup olmad\u0131\u011f\u0131 geliyor. \t\t\t<\/p>\n<p> \t\t\t\u0131\u00dc\u00fcEmekli pa\u015fa: Erke ile ili\u015fkimiz yok. <strong>Emekli Orgeneral Kemal Yavuz<\/strong>, <strong>bir elektrik \u00fcretim makinesi buldu\u011fu y\u00f6n\u00fcnde a\u00e7\u0131klama yap\u0131lan toplant\u0131ya kendisinin ve arkada\u015flar\u0131n\u0131n birbirinden habersiz, sadece davetli olarak kat\u0131ld\u0131\u011f\u0131n\u0131 a\u00e7\u0131klad\u0131.<\/strong> 22 Kas\u0131m 2006 14:55 Yaz\u0131 boyutunu b\u00fcy\u00fctmek i\u00e7in \u0131\u00dc\u00fcEmekli pa\u015fa: Erke ile ili\u015fkimiz yok Emekli Orgeneral Kemal Yavuz, bir elektrik \u00fcretim makinesi buldu\u011fu y\u00f6n\u00fcnde a\u00e7\u0131klama yap\u0131lan toplant\u0131ya kendisinin ve arkada\u015flar\u0131n\u0131n birbirinden habersiz, sadece davetli olarak kat\u0131ld\u0131\u011f\u0131n\u0131 a\u00e7\u0131klad\u0131.&quot; \t\t\t<\/p>\n<p> \t\t\t<\/td>\n<\/tr>\n<\/tbody>\n<\/table>\n<p> AKP borazan\u0131 Haber 7 ise (23.11.2006) bu i\u015fin imkans\u0131z oldu\u011funu \u00f6ne \u00e7\u0131karmaktayd\u0131. <\/p>\n<p> S\u00f6z konusu ke\u015ffin mevcut bilimsel bilgilerle m\u00fcmk\u00fcn olmad\u0131\u011f\u0131n\u0131 belirten Em. Org. Kemal Yavuz, enerji \u00fcretimi i\u00e7in mutlaka bir kayna\u011fa ihtiya\u00e7 oldu\u011funu hat\u0131rlatt\u0131. <strong>Ke\u015ffi yapt\u0131klar\u0131n\u0131 iddia edenlerin bu geli\u015fmenin mevcut \u00fczeri bilgiler \u0131\u015f\u0131\u011f\u0131nda yap\u0131ld\u0131\u011f\u0131n\u0131 savundu\u011funa i\u015faret eden Yavuz, binde bir ihtimal bile olsa b\u00f6yle bir \u015feye ihtiya\u00e7 duyulmas\u0131 gerekti\u011fini ifade etti. \u00c7\u00fcnk\u00fc b\u00f6yle bir ke\u015ffin ekonomik, bilimsel, askeri ve diplomatik \u00e7a\u011f\u0131n de\u011fi\u015fimine sebep olaca\u011f\u0131n\u0131<\/strong> belirten Yavuz, g\u00fcn\u00fcm\u00fczdeki b\u00fct\u00fcn m\u00fccadelelerin enerjiden kaynakland\u0131\u011f\u0131n\u0131 ve bu iddian\u0131n ger\u00e7ek olmas\u0131 durumunda ise bu m\u00fccadelelerin de ortadan kalkaca\u011f\u0131na i\u015faret etti.  <\/p>\n<p> <strong>Ayr\u0131ca 2007 tarihi g\u00f6zlerine batmaktayd\u0131: <\/strong> <\/p>\n<p> <strong>&quot;\u015eirketin s\u00f6z konusu ke\u015ffi 2017&#39;de de\u011fil 2007 y\u0131l\u0131nda tan\u0131tacaklar\u0131n\u0131 s\u00f6ylemesinin \u00e7ok ilgin\u00e7 buldu\u011funu s\u00f6yleyen Yavuz, &quot;Bu yolla kimseden de para toplanamayaca\u011f\u0131na g\u00f6re bu balonu \u015fi\u015firmelerindeki menfaatleri ne olabilir. \u00c7ok ilgin\u00e7&quot; dedi. Yavuz, &quot;Garip bir durumla kar\u015f\u0131 kar\u015f\u0131yay\u0131z. O \u00fcmidin ger\u00e7ekle\u015fmesini istiyoruz. Ama iki tarafl\u0131 bir a\u00e7maz bu&quot; diye konu\u015ftu. <\/strong> <\/p>\n<p> <strong>Baz\u0131 M\u00fchendislere g\u00f6re: &quot;B\u00f6yle Bir \u015eey M\u00fcmk\u00fcn De\u011fil&quot; (mi\u015f!..)<\/strong> <\/p>\n<p> TMMOB Makine M\u00fchendisleri Ba\u015fkan\u0131 Emin Koramaz ise, konunun \u00e7ok spek\u00fclatif oldu\u011funu belirterek, her makinenin enerji \u00fcretebilece\u011fini, bunun i\u00e7in de mutlaka bir kayna\u011fa \u00f6rne\u011fin r\u00fczgar, su gibi bir enerji kayna\u011f\u0131 kullan\u0131lmas\u0131 gerekti\u011fini vurgulad\u0131. B\u00f6yle bir makinenin olmas\u0131n\u0131n m\u00fcmk\u00fcn olmad\u0131\u011f\u0131n\u0131 belirten Koramaz, <strong>&quot;\u015eu anki bilimsel bilgi ve teknoloji \u00e7er\u00e7evesinde, herhangi bir enerji kayna\u011f\u0131 olmaks\u0131z\u0131n bir makinenin enerji \u00fcretmesi m\u00fcmk\u00fcn de\u011fildir&quot;<\/strong> dedi. Koramaz, s\u00f6z konusu iddiay\u0131 ortaya atanlar\u0131n tek amac\u0131n\u0131n reklam oldu\u011funu da belirtti.&quot; <\/p>\n<p> Ve yine malum ve mel&#39;un H\u00fcrriyet (22.11.2006) &quot;Erke&#39;nin bulu\u015fu &#8216;Con Ahmet&#39;in makinesi&#39; mi&quot; diye alay konusu yapmaktayd\u0131!&#8230; <\/p>\n<p> <strong>&quot;Yo\u011fun reklamlarla &#8216;bilimsel d\u00fc\u015f\u00fcncenin g\u00fcc\u00fc&#39; slogan\u0131 ile merak kampanyas\u0131 d\u00fczenleyen Erke adl\u0131 firma, &#8216;Erke D\u00f6nerge\u00e7&#39; ad\u0131yla enerji t\u00fcketmeden, bedava elektrik \u00fcreten bir teknoloji buldu\u011funu iddia etti. Baz\u0131 emekli pa\u015falar\u0131n da kat\u0131ld\u0131\u011f\u0131 toplant\u0131da bulu\u015fla ilgili sorular &#8216;gizlilik&#39; gerek\u00e7esi ile yan\u0131ts\u0131z b\u0131rak\u0131ld\u0131.<\/strong>  <\/p>\n<p> 29 Ekim Cumhuriyet Bayram\u0131&#39;ndan itibaren &#39;Bilimsel d\u00fc\u015f\u00fcncenin g\u00fcc\u00fc&#39; slogan\u0131 ile yo\u011fun reklam kampanyalar\u0131 d\u00fczenlenen ve ne oldu\u011fu s\u0131r gibi saklanan Erke&#39;nin &#39;y\u00fczy\u0131l\u0131n bulu\u015fu&#39; ortaya \u00e7\u0131kt\u0131. Erke Ara\u015ft\u0131rmalar\u0131 ve M\u00fchendislik adl\u0131 firma, bir bas\u0131n toplant\u0131s\u0131 d\u00fczenleyerek, petrol, su ve gaz kullanmadan elektrik \u00fcreten &#39;Erke D\u00f6nerge\u00e7&#39; ad\u0131nda bir makine geli\u015ftirdi\u011fini iddia etti. Bas\u0131n toplant\u0131s\u0131nda, \u015firketin ortaklar\u0131, y\u00f6neticileri, bulu\u015fun nas\u0131l \u00e7al\u0131\u015ft\u0131\u011f\u0131 konular\u0131ndaki sorular &#39;gizlilik&#39; gerek\u00e7esi ile yan\u0131ts\u0131z b\u0131rak\u0131ld\u0131. Toplant\u0131da, merakla beklenen \u00fcr\u00fcn ile ilgili sorulan sorular\u0131n hi\u00e7 birinin yan\u0131tlanmamas\u0131, &#39;con Ahmet&#39;in makinas\u0131&#39; n\u0131 akla getirdi. <\/p>\n<p> <strong>S\u0131ra S\u0131ra Emekli Pa\u015fa:<\/strong> Aralar\u0131nda eski Yarg\u0131tay Cumhuriyet Ba\u015fsavc\u0131s\u0131 Vural Sava\u015f, emekli orgeneral \u0130smail Hakk\u0131 Karaday\u0131, Karakuvvetleri eski komutan\u0131 Muhittin Fisuno\u011flu&#39;nun da bulundu\u011fu pa\u015falar\u0131n en \u00f6n s\u0131rada yan yana oturduklar\u0131 toplant\u0131da \u00fcr\u00fcn ile ilgili sunumu da &#39;\u015firket dan\u0131\u015fman\u0131&#39; s\u0131fat\u0131 ile emekli T\u00fcmgeneral \u00c7etin U\u011fural yapt\u0131.  <\/p>\n<p> <strong>2007&#39;de Pazarda:<\/strong> <strong>Erke Erke Ara\u015ft\u0131rmalar\u0131 ve M\u00fchendislik A.\u015e. Y\u00f6netim Kurulu ad\u0131na a\u00e7\u0131klama yapan \u00c7etin U\u011fural, elektrik \u00fcretecinin \u00e7al\u0131\u015fmas\u0131 i\u00e7in maddenin atalet \u00f6zelli\u011finden yararlan\u0131ld\u0131\u011f\u0131n\u0131 belirterek, bu sistemle \u00e7al\u0131\u015fan makinelerde istenilen yerde, istenilen miktarda elektrik elde edilebilece\u011fini savundu.<\/strong> <strong>Milli Savunma M\u00fcste\u015far Yard\u0131mc\u0131l\u0131\u011f\u0131ndan emekli U\u011fural, bulu\u015fun 1992&#39;den itibaren \u00e7ok gizli olarak y\u00fcr\u00fct\u00fclen bilimsel \u00e7al\u0131\u015fmalar\u0131n bir sonucu oldu\u011funu aktararak, \u015firket ad\u0131na bulu\u015fun yurti\u00e7i ve yurtd\u0131\u015f\u0131 patent ba\u015fvurular\u0131n\u0131n yap\u0131ld\u0131\u011f\u0131n\u0131 s\u00f6yledi. Bulunan sistemle ilgili ilk \u00fcr\u00fcn \u00e7e\u015fidi olarak \u00f6ng\u00f6r\u00fclen elektrik \u00fcretecinde seri \u00fcretim a\u015famas\u0131na gelindi\u011fi bilgisini veren U\u011fural, 2007 y\u0131l\u0131 i\u00e7inde \u00fcr\u00fcnlerin pazara sunulaca\u011f\u0131n\u0131 belirtti.&quot;<\/strong> <\/p>\n<p> <strong>&quot;Con Ahmet&#39;in makinesi ne?<br \/> CON<\/strong> <strong>Ahmet&#39;in devridaim makinesi, halk aras\u0131nda &#8216;hi\u00e7bir i\u015fe yaramayan bulu\u015flar&#39; i\u00e7in kullan\u0131lan bir deyim haline geldi.<\/strong> Bu deyimi olu\u015fturan hikaye \u015f\u00f6yle: Bir zamanlar Con Ahmet diye olduk\u00e7a merakl\u0131 ancak bilgisi biraz k\u0131t bir vatanda\u015f varm\u0131\u015f. Con Ahmet &quot;ben bedava enerji makinesi yapaca\u011f\u0131m&quot; diye tutturmu\u015f. Demi\u015f ki, &quot;Bir ak\u00fcyle bir motoru \u00e7al\u0131\u015ft\u0131r\u0131r, bu motorla da bir dinamoyu ve dinamodan alaca\u011f\u0131 elektri\u011fin bir k\u0131sm\u0131n\u0131 da yine ak\u00fc ve motora vererek geri kalan enerjiyi ben kullan\u0131r ve sonsuza kadar mutlu ya\u015far\u0131m. Con Ahmet bilgisi olanlar taraf\u0131ndan &#39;ti&#39;ye al\u0131nm\u0131\u015f ve tasarlad\u0131\u011f\u0131 makineye de kendi ad\u0131na ithafen &quot;Con Ahmet&#39;in devr-i daim makinesi&quot; denmi\u015f.  <\/p>\n<table border=\"0\" cellspacing=\"0\" cellpadding=\"0\" width=\"100%\">\n<tbody>\n<tr>\n<td>\n<p> \t\t\t<strong>Daha \u00f6nce hi\u00e7 bulu\u015f yapmad\u0131k<\/strong> \t\t\t<\/p>\n<p> \t\t\t<strong>ERKE <\/strong>dan\u0131\u015fman\u0131 \u00c7etin U\u011fural, bulu\u015fun 2007 y\u0131l\u0131ndaki ba\u015fbakanl\u0131k ya da cumhurba\u015fkanl\u0131\u011f\u0131 se\u00e7imlerinden \u00f6nce mi, sonra m\u0131 pazara sunulaca\u011f\u0131 y\u00f6n\u00fcndeki soruya, &quot;2007 y\u0131l\u0131nda herhangi bir zamanda sunulabilir. 31 Aral\u0131k 2007 tarihinde saat 24:00&#39;e kadar bulu\u015fu piyasaya sunabiliriz&quot; \u015feklinde cevap verdi. U\u011fural, \u015firketin daha \u00f6nce ba\u015fka bulu\u015f yap\u0131p yapmad\u0131\u011f\u0131 sorusuna &quot;hay\u0131r&quot; yan\u0131t\u0131n\u0131 verdi. \u00c7etin U\u011fural, elektrik \u00fcretecinin ne kadar maliyetle, ka\u00e7 ki\u015filik ekiple geli\u015ftirildi\u011fi sorular\u0131na da bilgilendirici cevap vermedi. U\u011fural, insanl\u0131k tarihini etkileyecek bulu\u015fu neden daha b\u00fcy\u00fck ya da uluslararas\u0131 bir t\u00f6renle tan\u0131tmad\u0131klar\u0131 ve bulu\u015fun ger\u00e7ek olmamas\u0131 durumunda T\u00fcrkiye&#39;ye etkisiyle ilgili soruyu da, &quot;B\u00f6yle bir \u015fey olmayacak. Patent i\u00e7in ba\u015fvurulmas\u0131 nedeniyle \u00e7ok b\u00fcy\u00fck tan\u0131t\u0131m yapmak istemedik&quot; \u015feklinde yan\u0131tlad\u0131. \u00c7etin<strong> <\/strong>U\u011fural, toplant\u0131ya neden pa\u015falar\u0131 \u00e7a\u011f\u0131rd\u0131\u011f\u0131 \u015feklindeki soruya \u015fu yan\u0131t\u0131 verdi: &quot;Ben \u00e7a\u011f\u0131rd\u0131m kat\u0131ld\u0131lar. Tan\u0131yorum hepsini.&quot; Vural Sava\u015f, toplant\u0131ya kat\u0131lma nedenini, &quot;\u00c7etin U\u011fural \u00e7a\u011f\u0131rd\u0131. Davetli olarak geldim. Kitap Fuar\u0131&#39;nda kar\u015f\u0131la\u015ft\u0131k b\u00f6yle bir toplant\u0131 var deyip kat\u0131lmam\u0131 istedi, kat\u0131ld\u0131m&quot; \u015feklinde a\u00e7\u0131klad\u0131. \t\t\t<\/p>\n<p> \t\t\t<strong>Sahibi Brother&#39;\u0131n sanayi makinesi temsilcisi<\/strong> \t\t\t<\/p>\n<p> \t\t\t<strong>U\u011eUR<\/strong> Makine&#39;nin sahibi U\u011fur Ay\u0131k ile Sait Ruhi Ba\u015faran ve Mustafa Naci \u00d6zt\u00fcrk&#39;\u00fcn 1992&#39;de kurdu\u011fu Erke Ara\u015ft\u0131rmalar\u0131 ve M\u00fchendislik A.\u015e.&#39;nin, \u0130stanbul Ticaret Odas\u0131 (\u0130TO) kay\u0131tlar\u0131nda i\u015f konusu &quot;Ortaya \u00e7\u0131kard\u0131\u011f\u0131 bulu\u015flarla ilgili olarak know-how anla\u015fmalar\u0131 yapar, yurti\u00e7inde ve yurtd\u0131\u015f\u0131nda marka tescili, patent \u00e7\u0131kart\u0131r lisans antla\u015fmalar\u0131 yapar, m\u00fcmessillik, acentelik ve \u015fubeler a\u00e7ar, \u00f6zel veya resmi kurulu\u015flarla taahh\u00fctlere girerek ortaya \u00e7\u0131kard\u0131\u011f\u0131 bulu\u015flar\u0131n imalat ve sat\u0131\u015f antla\u015fmalar\u0131n\u0131 yapar&quot; \u015feklinde a\u00e7\u0131klan\u0131yor. Erke&#39;nin merkezi, ortaklar\u0131ndan U\u011fur Ay\u0131k&#39;a ait olan U\u011fur Tekstil Makinalar\u0131 olarak g\u00f6r\u00fcn\u00fcyor. U\u011fur Makina, Brother diki\u015f makinelerinin sanayi tiplerinin T\u00fcrkiye temsilcili\u011fini yap\u0131yor.  \t\t\t<\/p>\n<p> \t\t\t<strong>Petrol sava\u015flar\u0131n\u0131 bile durduraca\u011f\u0131z <\/strong> \t\t\t<\/p>\n<p> \t\t\t<strong>ERKE&#39;<\/strong>nin dan\u0131\u015fman\u0131 emekli T\u00fcmgeneral \u00c7etin U\u011fural, Erke D\u00f6nerge\u00e7&#39;in bahsedilen \u00f6zelliklere sahip olmas\u0131 durumunda d\u00fcnyadaki petrol sava\u015flar\u0131n\u0131 durdurabilece\u011fi ve bu nedenle neden daha b\u00fcy\u00fck bir organizasyonla tan\u0131t\u0131lmad\u0131\u011f\u0131 sorusuna ise, &quot;Evet, d\u00fcnya sava\u015flar\u0131n\u0131 durduracak&quot; demekle yetindi.&quot; \t\t\t<\/p>\n<\/td>\n<\/tr>\n<\/tbody>\n<\/table>\n<p> <strong>\u0130yice saman tad\u0131 vermeye ba\u015flayan \u0131l\u0131ml\u0131 \u0130slamc\u0131 ve Amerikanc\u0131 Fetullah&#39;\u0131n Zaman gazetesi ise: &quot;Erke, esrarengiz icad\u0131 i\u00e7in patent ba\u015fvurusu yapmam\u0131\u015f&quot; yalan\u0131n\u0131 man\u015fetine ta\u015f\u0131m\u0131\u015ft\u0131.<\/strong> <\/p>\n<p> &quot;Erke \u015eirketi&#39;nin &#39;Patent ba\u015fvurusu yapt\u0131k.&#39; dedi\u011fi esrarengiz icat i\u00e7in T\u00fcrk Patent Enstit\u00fcs\u00fc&#39;ne herhangi bir m\u00fcracaat\u0131n olmad\u0131\u011f\u0131 ortaya \u00e7\u0131kt\u0131. B\u00fcy\u00fck reklam kampanyas\u0131 ile tan\u0131t\u0131lan yak\u0131ts\u0131z enerji teknolojisine ise bilim camias\u0131 \u015f\u00fcphe ile yakla\u015f\u0131yor. <\/p>\n<p> &#39;Yak\u0131ts\u0131z enerji&#39;nin tan\u0131t\u0131m\u0131n\u0131 emekli T\u00fcmgeneral \u00c7etin U\u011fural yapm\u0131\u015ft\u0131. <\/p>\n<p> &#39;Ara\u00e7larda yak\u0131t deposu bulunmayacak. Benzin istasyonlar\u0131 \u00e7ay-kahve i\u00e7ilen mek\u00e2nlar haline gelecek.&#39; \u015feklindeki gazete ilanlar\u0131yla kamuoyunda merak uyand\u0131ran Erke \u015eirketi, \u00f6nceki g\u00fcnk\u00fc bas\u0131n toplant\u0131s\u0131yla soru i\u015faretlerini daha da art\u0131rd\u0131. \u00dcr\u00fcn\u00fcn tan\u0131t\u0131m\u0131n\u0131 yapan emekli T\u00fcmgeneral \u00c7etin U\u011fural, yak\u0131t gerektirmeyen kuvvet makinesi diye tan\u0131t\u0131lan &#39;Erke d\u00f6nergeci&#39; i\u00e7in patent ba\u015fvurular\u0131n\u0131n yap\u0131ld\u0131\u011f\u0131n\u0131 a\u00e7\u0131klam\u0131\u015ft\u0131. Ancak T\u00fcrk Patent Enstit\u00fcs\u00fc&#39;ne Erke \u015eirketi ad\u0131na kay\u0131tl\u0131 bir m\u00fcracaat olmad\u0131\u011f\u0131 ortaya \u00e7\u0131kt\u0131. Yetkililer, &quot;Biz de bu ilgin\u00e7 konuyu bas\u0131ndan takip ediyoruz.&quot; ifadelerini kulland\u0131. <strong>Enerji uzmanlar\u0131 da esrarengiz icat i\u00e7in &#39;teknik olarak imkans\u0131z&#39; iddias\u0131nda bulunuyor. ABD&#39;de Nevada \u00dcniversitesi&#39;nde g\u00f6rev yapan ve d\u00fcnyada en \u00e7ok okutulan Termodinamik kitab\u0131n\u0131n yazar\u0131 Prof. Dr. Yunus \u00c7engel, &quot;Hi\u00e7bir enerji yoktan var edilemez. Var olan enerji de\u011fi\u015ftirilebilir; ama yok edilemez.&quot;<\/strong> s\u00f6zleriyle projenin makul olmad\u0131\u011f\u0131na dikkat \u00e7ekiyor. Makine M\u00fchendisleri Odas\u0131 Ba\u015fkan\u0131 Emin Koramaz ise enerji \u00fcretecek makinenin su veya petrol gibi bir kayna\u011fa ihtiya\u00e7 duydu\u011funu vurguluyor. Toplant\u0131ya kat\u0131lan emekli Orgeneral Kemal Yavuz da \u015firketin ke\u015ffi 2007&#39;de tan\u0131taca\u011f\u0131n\u0131 a\u00e7\u0131klamas\u0131n\u0131 &#39;\u00e7ok ilgin\u00e7&#39; s\u00f6zleriyle nitelerken, &quot;Bu yolla para toplanamayaca\u011f\u0131na g\u00f6re balonu \u015fi\u015firmelerindeki menfaatleri ne olabilir? Garip bir durumla kar\u015f\u0131 kar\u015f\u0131yay\u0131z.&quot; diyor.&quot;<a name=\"_ftnref1\" href=\"#_ftn1\" title=\"_ftnref1\">[1]<\/a> Acaba liseli gen\u00e7lerin oyuncak cinsinden bulu\u015flar\u0131n\u0131 b\u00fcy\u00fck bir icat gibi sunan bu Zaman gazetesi d\u00fcnyay\u0131 d\u00f6n\u00fc\u015ft\u00fcrecek b\u00f6yle bir teknolojik devrime niye so\u011fuk bak\u0131yordu? Yoksa Amerikan amcalar\u0131n\u0131n saltanat\u0131n\u0131n y\u0131k\u0131lmas\u0131ndan m\u0131 korkuluyordu? <\/p>\n<p> Ayn\u0131 Zaman gazetesi (24.11.2006) tarihinde ise: <\/p>\n<p> &quot;<strong>\u0131\u00dc\u00fcGenelkurmay&#39;dan &#39;Erke&#39; a\u00e7\u0131klamas\u0131: Bilgimiz ve ilgimiz yok. Genelkurmay Ba\u015fkanl\u0131\u011f\u0131, Erke isimli \u015firket taraf\u0131ndan icat edildi\u011fi belirtilen enerji cihaz\u0131 hakk\u0131nda T\u00fcrk Silahl\u0131 Kuvvetleri&#39;nin bilgisinin de ilgisinin de bulunmad\u0131\u011f\u0131n\u0131 bildirdi.<\/strong> <\/p>\n<p> Genelkurmay Ba\u015fkanl\u0131\u011f\u0131&#39;n\u0131n internet sitesinden yap\u0131lan a\u00e7\u0131klamada \u015funlar kaydedildi:<strong> &quot;23 Kas\u0131m 2006 tarihinde baz\u0131 bas\u0131n yay\u0131n organlar\u0131nda, bir \u015firket taraf\u0131ndan icat edildi\u011fi belirtilen bir cihaz hakk\u0131nda T\u00fcrk Silahl\u0131 Kuvvetlerinin bilgisi oldu\u011funa dair haberler yer alm\u0131\u015ft\u0131r. <\/strong> <\/p>\n<p> <strong>T\u00fcrk Silahl\u0131 Kuvvetlerinin konu hakk\u0131nda ne bilgisi, ne de ilgisi bulunmaktad\u0131r.&quot; <\/strong> <\/p>\n<p> <strong>Erke, esrarengiz icad\u0131 i\u00e7in patent ba\u015fvurusu yapmam\u0131\u015f<\/strong>  <\/p>\n<p> Erke \u015eirketi&#39;nin &#39;Patent ba\u015fvurusu yapt\u0131k.&#39; dedi\u011fi esrarengiz icat i\u00e7in T\u00fcrk Patent Enstit\u00fcs\u00fc&#39;ne herhangi bir m\u00fcracaat\u0131n olmad\u0131\u011f\u0131 ortaya \u00e7\u0131kt\u0131. B\u00fcy\u00fck reklam kampanyas\u0131 ile tan\u0131t\u0131lan yak\u0131ts\u0131z enerji teknolojisine ise bilim camias\u0131 \u015f\u00fcphe ile yakla\u015f\u0131yor.  <\/p>\n<p> Tam bu s\u0131rada Patent Enstit\u00fcs\u00fc Erke Erke&#39;nin ba\u015fvurusunu do\u011frulad\u0131. <\/p>\n<p> <strong>Erke Erke Ara\u015ft\u0131rmalar\u0131 ve M\u00fchendislik A.\u015e. taraf\u0131ndan \u0130stanbul&#39;da tan\u0131t\u0131m\u0131 yap\u0131lan &quot;Yak\u0131t gerektirmeyen kuvvet makinesi&quot; i\u00e7in \u015firketin patent ba\u015fvurusu yapt\u0131\u011f\u0131, TPE taraf\u0131ndan do\u011fruland\u0131. <\/strong> <\/p>\n<p> Bu arada projeyi \u00e7ok say\u0131da ki\u015finin sahiplendi\u011fi dikkati \u00e7ekerken, bu durum patent y\u00f6n\u00fcnden sorun olu\u015fturmuyor. Farkl\u0131 ki\u015fi ya da firmalar\u0131n, &#39;farkl\u0131 tekniklerle&#39; ayn\u0131 \u00fcr\u00fcn\u00fc ortaya \u00e7\u0131karmalar\u0131 halinde, \u00fcr\u00fcnlerine patent almalar\u0131 m\u00fcmk\u00fcn. <\/p>\n<p> T\u00fcrk Patent Enstit\u00fcs\u00fc (TPE) Ba\u015fkan\u0131 Yusuf Balc\u0131, bir soru \u00fczerine, Erke Erke \u015firketinin bulu\u015fu konusunda Enstit\u00fc kanunu gere\u011fi, bulu\u015f ba\u015fvurular\u0131 &#39;yay\u0131na \u00e7\u0131kana kadar&#39; herhangi bir a\u00e7\u0131klama yapamayacaklar\u0131n\u0131, \u00e7\u00fcnk\u00fc s\u00f6z konusu bulu\u015fun, sahibinin &quot;mal\u0131&quot; oldu\u011funu s\u00f6yledi. <\/p>\n<p> Balc\u0131 ayr\u0131ca, bir \u00e7ok ki\u015finin &quot;bunu ben icat ettim&quot; diyebilece\u011fini, ancak burada \u00f6nemli olan\u0131n, &quot;kendilerine yap\u0131lan m\u00fcracaatlar ve bunlar\u0131n inceleme-ara\u015ft\u0131rma raporlar\u0131&quot; oldu\u011funu bildirdi. <\/p>\n<p> &quot;Ancak \u015firket kendisi a\u00e7\u0131klad\u0131\u011f\u0131 i\u00e7in b\u00f6yle bir ba\u015fvurunun oldu\u011funu s\u00f6yleyebiliriz&quot; diyen Balc\u0131, m\u00fcracaat\u0131n detaylar\u0131yla ilgili olarak ise yine yasa gere\u011fi bilgi veremeyeceklerini ifade etti. <\/p>\n<p> Kendilerine gelen patent ba\u015fvurular\u0131yla ilgili gerekli ara\u015ft\u0131rmalar\u0131 yapt\u0131klar\u0131n\u0131, benzerlerinin bulunup bulunmad\u0131\u011f\u0131n\u0131 incelediklerini ve elde ettikleri bilgiler \u0131\u015f\u0131\u011f\u0131nda ara\u015ft\u0131rma raporu haz\u0131rlad\u0131klar\u0131n\u0131 anlatan Balc\u0131, ba\u015fvuru yay\u0131na \u00e7\u0131kt\u0131ktan sonra itiraz gelmesi durumunda ise tekrar inceleme yap\u0131ld\u0131\u011f\u0131n\u0131 bildirdi.&quot;<a name=\"_ftnref2\" href=\"#_ftn2\" title=\"_ftnref2\">[2]<\/a> <\/p>\n<p> <strong>Sabah&#39;tan Ergun Babahan ise &quot;Yak\u0131ts\u0131z Motor mu, yoksa halks\u0131z demokrasi aray\u0131\u015f\u0131 m\u0131?&quot; diye olay\u0131 \u00e7arp\u0131t\u0131yordu:<\/strong> <\/p>\n<p> <strong>&quot;General motor <\/strong> <\/p>\n<p> <strong>Evet, g\u00fcnlerce s\u00fcren reklam kampanyas\u0131n\u0131n ard\u0131ndan ortaya ne bir \u00fcr\u00fcn \u00e7\u0131kt\u0131, ne de \u00fcr\u00fcnle ilgili teknolojik bir bilgi. Erke ad\u0131na bilgi verdi\u011fini s\u00f6yleyen emekli t\u00fcmgeneral \u00c7etin U\u011fural, Ertan G\u00f6nen&#39;in ba\u015fkanl\u0131\u011f\u0131 d\u00f6neminde K\u0131z\u0131lay y\u00f6netim kurulu \u00fcyeli\u011finde bulunmu\u015f bir isim. K\u0131z\u0131lay, devletle s\u0131k\u0131 f\u0131k\u0131l\u0131\u011f\u0131yla bilinen bir kurum. Bas\u0131n toplant\u0131s\u0131na \u00e7a\u011f\u0131rd\u0131\u011f\u0131 isimler de ilgin\u00e7. Hepsi 28 \u015eubat s\u00fcrecine \u015f\u00f6yle veya b\u00f6yle bula\u015fm\u0131\u015f isimler&#8230; Toplant\u0131ya kat\u0131lanlar eski b\u00fcrokrat, \u015firket ad\u0131na konu\u015fan ki\u015fi de emekli bir b\u00fcrokrat. \u015eirketle ilgili kimse bilgi vermiyor. G\u00fcnlerce s\u00fcren tam sayfa gazete ilanlar\u0131n\u0131n maliyeti nas\u0131l kar\u015f\u0131land\u0131? Olmayan bir \u015feyin ilan\u0131 i\u00e7in kim, niye bu kadar para harcad\u0131? Niye 28 \u015eubat ekibi toplu halde b\u00f6yle bir giri\u015fime destek verdi? Ortada yak\u0131ts\u0131z bir motor mu var, yoksa halks\u0131z bir demokrasi aray\u0131\u015f\u0131 m\u0131, merak konusu.&quot;<a name=\"_ftnref3\" href=\"#_ftn3\" title=\"_ftnref3\"><strong>[3]<\/strong><\/a><\/strong> <\/p>\n<p> Soyad\u0131 &quot;Do\u011fru&quot;, mayas\u0131 e\u011fri; &quot;Vatan&quot;c\u0131lardan Necati&#39;de, Erke toplant\u0131s\u0131na kat\u0131lan E. Generallerimizle dalga ge\u00e7meyi ve hakaret etmeyi ihmal etmiyordu&#8230; Bu vicdanlar\u0131 kirli ve karanl\u0131k, kafalar\u0131 ise kiral\u0131k yazar-bozar tak\u0131m\u0131, en az\u0131ndan: &quot;Ah ke\u015fke&#8230; \u00dclkemiz ve milletimiz b\u00f6ylesine bir teknolojiye ne kadar muhta\u00e7&#8230; \u0130n\u015fallah bu \u015ferefli ke\u015fif bize nasip olur!&quot; bile diyemiyordu&#8230; \u0130\u015fte, tehdit ve tahkir i\u00e7eren ve patronlar\u0131na ya\u011f \u00e7eken yaz\u0131s\u0131: <\/p>\n<p> <strong>Alt\u0131n bulmu\u015f gibi sevindiler.<\/strong> <\/p>\n<p> &quot;General Motor&quot; diye ger\u00e7ekten \u00e7ok \u00f6zel bir ba\u015fl\u0131k da bulup gazetelerinin man\u015fetinden yazd\u0131lar. Ve harika bir haber takip\u00e7ili\u011fi de yaparak; &quot;D\u00fcnyay\u0131 sarsacak bir alet icat ettik&quot; diyen Erke \u015eirketi&#39;nin Y\u00f6netim Kurulu Ba\u015fkan\u0131 Ruhi Ba\u015faran&#39;dan da; &quot;\u0130cad etti\u011fimiz ERKE D\u00d6NENGE\u00c7 makinas\u0131 Atat\u00fcrk \u0130lke ve \u0130nkilaplar\u0131na ba\u011fl\u0131 bir \u00fcr\u00fcnd\u00fcr&quot; demecini almay\u0131 ba\u015fard\u0131lar. <\/p>\n<p> Samimi olmal\u0131y\u0131m. \u0130kiy\u00fczl\u00fcl\u00fck yapamam. D\u00fc\u015f\u00fcncemi s\u00f6ylemeliyim: <\/p>\n<p> Generallerle &quot;dalga ge\u00e7mekte, kafa bulmakta&quot; sonuna kadar hakl\u0131lar. &quot;K\u00f6t\u00fc imam insan\u0131 dininden, k\u00f6t\u00fc general insan\u0131 ordusundan eder&quot; diyesim geliyor. <\/p>\n<p> \u00d6nce ilanlarla ba\u015flad\u0131. TV ekranlar\u0131 doldu. Gazeteler sayfa sayfa&#8230; Dergiler \u00e7ift sayfa&#8230; Bilimsel d\u00fc\u015f\u00fcncenin g\u00fcc\u00fc! B\u00fcy\u00fck merak uyand\u0131. \u0130lan hedefini vurdu. <\/p>\n<p> Bas\u0131n toplant\u0131s\u0131 yapt\u0131lar. \u00d6n tarafa m\u00fcsamere \u00e7ocu\u011fu dizer gibi 5-6 generali oturttular; &quot;fizik kanunlar\u0131n\u0131 alt\u00fcst eden, termodinamik yasalar\u0131n\u0131 delip ge\u00e7en bir enerjiye ihtiya\u00e7 duymadan \u00e7al\u0131\u015facak bir alet icad ettiklerini&quot; ilan ettiler. <\/p>\n<p> Nerede bu alet? G\u00f6stermeyiz. Nas\u0131l \u00e7al\u0131\u015f\u0131yor? S\u00f6ylemeyiz. Kim icad etti? Bildirmeyiz. <\/p>\n<p> \u00d6n tarafa general oturtarak; Newton&#39;un, Galileo&#39;nun, Nobel&#39;in ve gelmi\u015f ge\u00e7mi\u015f onca fizik\u00e7inin &quot;olmas\u0131 m\u00fcmk\u00fcn de\u011fil, enerjinin sak\u0131m\u0131 kanununa ayk\u0131r\u0131&quot; diyece\u011fi &quot;bu bulu\u015fa&quot; b\u00fct\u00fcn d\u00fcnyan\u0131n inanmas\u0131n\u0131 beklediler. <\/p>\n<p> G\u00f6ster generali! \u0130nand\u0131r d\u00fcnyay\u0131! Generaller de sormam\u0131\u015f. Merak etmemi\u015f. Bilgi almam\u0131\u015f. Bas\u0131n toplant\u0131s\u0131na gelip \u00f6n s\u0131raya oturmu\u015flar. Ve ERKE D\u00d6NENGE\u00c7&#39;ci arkada\u015flar b\u00f6yle bir bulu\u015f yapt\u0131ysan\u0131z bas\u0131n toplant\u0131s\u0131na bizi g\u00f6t\u00fcrece\u011finize 4 tane fizik profes\u00f6r\u00fcn\u00fc g\u00f6t\u00fcr\u00fcn, d\u00fcnyaca \u00fcnl\u00fc bir fizik labaratuar\u0131ndan; &quot;evet bu ayg\u0131t bilinen b\u00fct\u00fcn fizik kurallar\u0131n\u0131 delip ge\u00e7en bir yeni bulu\u015ftur&quot; raporunu da bas\u0131n toplant\u0131s\u0131nda a\u00e7\u0131klayacak bir ortam yarat\u0131n dememi\u015fler. <\/p>\n<p> Nerede bu bulu\u015f! <\/p>\n<p> General g\u00f6stererek; &quot;Hi\u00e7bir \u015fey yoktan varolmaz, hi\u00e7bir \u015fey de vardan yok olmaz&quot; diyen fizik kanunu; &quot;emi\u015fli memi\u015f makinas\u0131 icad etmeye&quot; izin verir mi? <\/p>\n<p> Bulu\u015f yoksa! Generaller maytab\u0131 haketti! Bulu\u015f yoksa! Emekli general maa\u015flar\u0131n\u0131n (3 bin YTL), i\u015f\u00e7i emekli maa\u015f\u0131na (450 YTL) d\u00fc\u015f\u00fcr\u00fclmesi i\u00e7in kanun \u00e7\u0131kart\u0131lmas\u0131n\u0131 \u00f6neriyorum. Takip\u00e7isi de olaca\u011f\u0131m.&quot;<a name=\"_ftnref4\" href=\"#_ftn4\" title=\"_ftnref4\">[4]<\/a> <\/p>\n<p> <strong>En ilgin\u00e7 ve i\u011fren\u00e7 yorum ise NTV&#39;ye r\u00f6portaj veren \u0130brani d\u00f6l\u00fc Yal\u00e7\u0131n K\u00fc\u00e7\u00fck&#39;ten geliyordu:<\/strong> <\/p>\n<p> <strong>&quot;Erke Projesinin amac\u0131: Bir \u00e7e\u015fit postmodern bask\u0131 sonucu bu iktidar\u0131 devre d\u0131\u015f\u0131 b\u0131rakacak bir giri\u015fim sonucu, T\u00fcrkiye&#39;ye uygulanacak ambargolardan etkilenmeyece\u011fiz&quot; mesaj\u0131d\u0131r. Emekli generallerin bu tan\u0131t\u0131mda boy g\u00f6stermesi bu anlam\u0131 ta\u015f\u0131maktad\u0131r.<br \/> D\u0131\u015f d\u00fcnyaya, Amerika ve Avrupa&#39;ya bir nevi g\u00f6zda\u011f\u0131d\u0131r ve halk\u0131m\u0131z\u0131 darbeye al\u0131\u015ft\u0131rma haz\u0131rl\u0131\u011f\u0131d\u0131r!?&quot;<\/strong> <\/p>\n<table border=\"0\" cellspacing=\"0\" cellpadding=\"0\" width=\"100%\">\n<tbody>\n<tr>\n<td>\n<p> \t\t\t<strong>Deniz Kuvvetleri Komutan\u0131 Oramiral Yener Karahano\u011flu Uyard\u0131:<\/strong> \t\t\t<\/p>\n<p> \t\t\t<strong>Milli Gemi Projesi Engellenmek \u0130steniyor.<\/strong> \t\t\t<\/p>\n<p> \t\t\t&quot;Erke&quot; den \u00fcrk\u00fcnt\u00fclerini, bu olay\u0131 Alay konusu yaparak korkular\u0131n\u0131 yat\u0131\u015ft\u0131rmaya kalk\u0131\u015fanlar, ge\u00e7mi\u015fte Milli Selamet D\u00f6neminde Erbakan Hoca&#39;n\u0131n A\u011f\u0131r sanayi Hamlesini, \u015fimdi de &quot;Milli Gemi Projesini&quot; k\u00f6stekleyen D\u0131\u015f g\u00fc\u00e7lerin ma\u015falar\u0131d\u0131r. \t\t\t<\/p>\n<p> \t\t\tDeniz Kuvvetleri Komutan\u0131 oramiral yener Karahano\u011flu, &quot;Milli Gemi Projesi&#39;ni b\u00fct\u00fcn engellere ra\u011fmen y\u00fcr\u00fctmekteyiz&quot; dedi. D\u0131\u015fa ba\u011f\u0131ml\u0131l\u0131\u011f\u0131 azaltmay\u0131 hedefleyen Deniz Kuvvetleri Komutanl\u0131\u011f\u0131, Ortado\u011fu ve K\u0131br\u0131s sorunlar\u0131 nedeniyle hem g\u00fcneye kayd\u0131 hem de Milli Gemi Projesini ba\u015flatt\u0131. \t\t\t<\/p>\n<p> \t\t\tDeniz Harp Okulu ve Deniz Lisesi&#39;nin 233. kurulu\u015f y\u0131ld\u00f6n\u00fcm\u00fc t\u00f6reninde konu\u015fan Oramiral Karahano\u011flu, Milli Gemi (M\u0130LGEM) projesiyle ilgili bir uyar\u0131da bulundu. \t\t\t<\/p>\n<p> \t\t\tOramiral Karahano\u011flu, milli savunma sanayisinin, mili savunma stratejisi ve politikalar\u0131na dayanan uzun vadeli planlamalarla geli\u015ftirilmesinin m\u00fcmk\u00fcn oldu\u011funu belirtti. Karahano\u011flu, &quot;Milli olanaklarla sava\u015f gemisi in\u015fas\u0131na y\u00f6nelik M\u0130LGEM projesi&#39;ni \u0130stanbul tersanesi Komutanl\u0131\u011f\u0131&#39;nda b\u00fct\u00fcn engellemelere ra\u011fmen y\u00fcr\u00fctmekteyiz&quot; dedi. \t\t\t<\/p>\n<p> \t\t\t<strong>&quot;Akdeniz&#39;de s\u00fcrekli varl\u0131k g\u00f6stermeliyiz&quot;<\/strong> \t\t\t<\/p>\n<p> \t\t\tOramiral Karahano\u011flu, Tuzla&#39;daki Deniz Harp Okulu Komutanl\u0131\u011f\u0131&#39;ndaki t\u00f6rende, Do\u011fu Akdeniz Havzas\u0131&#39;n\u0131n siyasi, ekonomik ve stratejik \u00f6neminin, L\u00fcbnan krizi ba\u015fta olmak \u00fczere d\u00fcnyadaki geli\u015fmeler paralelinde her ge\u00e7en g\u00fcn artt\u0131\u011f\u0131na dikkat \u00e7ekti. Do\u011fu Akdeniz&#39;in, Basra K\u00f6rfez&#39;inden sonra en fazla sava\u015f gemisi varl\u0131\u011f\u0131 g\u00f6sterilen bir alan haline d\u00f6n\u00fc\u015ft\u00fc\u011f\u00fcn\u00fc belirten Oramiral Karahano\u011flu, \u015f\u00f6yle konu\u015ftu: &quot;Ege Denizi gibi bu denizde de hen\u00fcz s\u0131n\u0131rland\u0131r\u0131lmam\u0131\u015f olan deniz yetki alanlar\u0131m\u0131zda menfaatlerimizin korunmas\u0131 ve \u0130skenderun K\u00f6rfezi \u00e7\u0131k\u0131\u015fl\u0131 do\u011fu bat\u0131 deniz enerji koridorunun g\u00fcvenli\u011finin sa\u011flanmas\u0131yla, b\u00f6lgedeki bilinen sorunlara y\u00f6nelik sorumluluklar\u0131m\u0131z, Akdeniz&#39;de s\u00fcrekli varl\u0131k g\u00f6stermemizi gerekli k\u0131lmaktad\u0131r.  \t\t\t<\/p>\n<\/td>\n<\/tr>\n<\/tbody>\n<\/table>\n<table border=\"0\" cellspacing=\"0\" cellpadding=\"0\" width=\"100%\">\n<tbody>\n<tr>\n<td>\n<p> \t\t\tBu ihtiyaca cevap vermek maksad\u0131yla Do\u011fu Akdeniz&#39;de &#8216;Akdeniz kalkan\u0131 Harekat\u0131&#39; ba\u015flam\u0131\u015ft\u0131r.&quot; \t\t\t<\/p>\n<p> \t\t\tOramiral Karahano\u011flu, Karadeniz&#39;in ise deniz g\u00fcvenli\u011fi konusunda d\u00fcnyaya \u00f6rnek te\u015fkil eden bir deniz oldu\u011funu kaydetti. \t\t\t<\/p>\n<p> \t\t\t<strong>Cumhuriyet Donanmas\u0131n\u0131n En \u00d6nemli projesi<\/strong> \t\t\t<\/p>\n<p> \t\t\tOramiral Yener Karahano\u011flu, 2010&#39;lu y\u0131larda Deniz Kuvvetleri&#39;nin kuvvet yap\u0131s\u0131 ve y\u00fcr\u00fct\u00fclen projelerle ilgili bilgi verdi. Oramiral Karahano\u011flu, &quot;G\u00fc\u00e7l\u00fc ve idame y\u00f6n\u00fcnden g\u00fcvenilir bir deniz kuvvetine sahip olmam\u0131z i\u00e7in T\u00fcrkiye olarak milli savunma sanayimizi geli\u015ftirmemiz b\u00fcy\u00fck \u00f6nem arz etmektedir&quot; dedi M\u0130LGEM&#39;i Cumhuriyet donanmas\u0131n\u0131n en \u00f6nemli projesi olarak nitelendiren Oramiral Karahano\u011flu, \u015f\u00f6yle konu\u015ftu: &quot;Deniz Kuvvetlerimizin, b\u00fcy\u00fck \u00f6nem verdi\u011fi bu projeyi ger\u00e7ekle\u015ftirmekten ve ba\u015farmaktan ba\u015fka alternatif yoktur. Bu geminin 2012 y\u0131l\u0131nda hizmete girmesi ve m\u00fcteakiben projenin di\u011fer 11 gemisinin in\u015fa edilmesi planl\u0131d\u0131r.&quot; \t\t\t<\/p>\n<p> \t\t\tOramiral Karahano\u011flu, 16 yeni tip karakol botu, 1 havuzlu ve 2 amfibi \u00e7\u0131karma gemisi ile denizalt\u0131, h\u00fccumbot, may\u0131n avlama gemileri, deniz karakol u\u00e7a\u011f\u0131 ve helikopter platform projelerinin de halen devam etti\u011fini belirtti. \t\t\t<\/p>\n<p> \t\t\tOramiral Karahano\u011flu, \u00f6\u011frencilere hitaben de, Atat\u00fcrk\u00e7\u00fc d\u00fc\u015f\u00fcnce sistemini \u00f6z\u00fcmsemelerini, Atat\u00fcrk ilke ve devrimlerini rehber edinmelerini istedi. \t\t\t<\/p>\n<p> \t\t\t<strong>Deniz Kuvvetleri G\u00fcney&#39;e kay\u0131yor.<\/strong> \t\t\t<\/p>\n<p> \t\t\tTSK, yak\u0131n ge\u00e7mi\u015fte, Ortado\u011fu&#39;daki geli\u015fmeler ve K\u0131br\u0131s nedeniyle, tehdit de\u011ferlendirmesinde de\u011fi\u015fikli\u011fe gitti ve donanmas\u0131n\u0131n a\u011f\u0131rl\u0131\u011f\u0131n\u0131 g\u00fcneye kayd\u0131rma karar\u0131 ald\u0131. Deniz Kuvvetleri Komutanl\u0131\u011f\u0131, hava savunmas\u0131 da yapabilen f\u0131rkateynlere ve deniz yollar\u0131n\u0131 a\u00e7\u0131k tutabilecek karakol gemilerine \u00f6ncelik veren bir strateji izliyor. \t\t\t<\/p>\n<p> \t\t\tBu ihtiyaca y\u00f6nelik ba\u015flat\u0131lan M\u0130LGEM Projesi&#39;nin hedefi de &quot;Uzun vadede \u00fclkemizde yerli harp gemisi dizayn ve in\u015fa kabiliyetinde s\u00fcreklik sa\u011flanmas\u0131, yurt i\u00e7i savunma sanayinin geli\u015ftirilmesi suretiyle uluslar aras\u0131 rekabet g\u00fcc\u00fcne sahip olunmas\u0131.&quot; \t\t\t<\/p>\n<\/td>\n<\/tr>\n<\/tbody>\n<\/table>\n<p> <strong>Kim Engelliyor<\/strong>  <\/p>\n<p> <strong>M\u0130LGEM projesi&#39;nden ba\u015fta ABD olmak \u00fczere baz\u0131 Avrupa \u00fclkeleri rahats\u0131z. \u00d6te yandan Karadeniz konusunda ABD ile somutla\u015fan \u00e7eli\u015fmeler, Atlantik ittifak\u0131n\u0131n, milli gemiler \u00fcreten projemize kar\u015f\u0131 olmas\u0131n\u0131n bir ba\u015fka nedeni. T\u00fcrk Deniz Kuvvetleri&#39;nin b\u00fcy\u00fck oranda ba\u011f\u0131ms\u0131zl\u0131k kazanacak olmas\u0131n\u0131n yan\u0131 s\u0131ra, ABD ve AB&#39;nin projeden pay alamamalar\u0131 da bu \u00fclkelerde rahats\u0131zl\u0131k uyand\u0131r\u0131yor.<a name=\"_ftnref5\" href=\"#_ftn5\" title=\"_ftnref5\"><strong>[5]<\/strong><\/a><\/strong> <\/p>\n<p> <\/p>\n<p> <strong>\u00a0\u00a0\u00a0\u00a0 <\/strong> <\/p>\n<hr \/>\n<p> <a name=\"_ftn1\" href=\"#_ftnref1\" title=\"_ftn1\">[1]<\/a> 23.11.2006 <\/p>\n<p> <a name=\"_ftn2\" href=\"#_ftnref2\" title=\"_ftn2\">[2]<\/a> <a href=\"http:\/\/www.8sutun.com\/\">http:\/\/www.8sutun.com\/<\/a> \/ 24.11.2006 <\/p>\n<p> <a name=\"_ftn3\" href=\"#_ftnref3\" title=\"_ftn3\">[3]<\/a> Sabah \/ Ergun Babahan \/ 24.11.2006 <\/p>\n<p> <a name=\"_ftn4\" href=\"#_ftnref4\" title=\"_ftn4\">[4]<\/a> 26.11.2006 \/ Necati Do\u011fru \/ Vatan <\/p>\n<p> <a name=\"_ftn5\" href=\"#_ftnref5\" title=\"_ftn5\">[5]<\/a> Ayd\u0131nl\u0131k, 26 KASIM 2006, syf:30 <\/p>\n","protected":false},"excerpt":{"rendered":"<p> <span style=\"font-size: xx-small\">Erke Nedir?<br \/> <\/span> <\/p>\n<p> <span style=\"font-size: xx-small\">Erke; Erke Ara\u015ft\u0131rmalar\u0131 ve M\u00fchendislik A.\u015e. 10 Ocak 1992 tarihinde %100 T\u00fcrk sermayesi ile kurulmu\u015f bilimsel ara\u015ft\u0131rmalar yapan ticari bir kurumdur. Kurulu\u015f tarihinden bug\u00fcne kadar, insanl\u0131\u011fa faydal\u0131 konularda bilimsel ara\u015ft\u0131rmalar yapm\u0131\u015ft\u0131r. Halen ilkelerinden taviz vermeden, kurumsal yap\u0131s\u0131n\u0131 \u00f6n planda tutarak bilimsel ara\u015ft\u0131rma \u00e7al\u0131\u015fmalar\u0131na devam etmektedir. <\/span> <\/p>\n<p> <span style=\"font-size: xx-small\">Em. T\u00fcmgeneral \u00c7etin U\u011fural Erke Ara\u015ft\u0131rmalar\u0131 ve M\u00fchendislik A.\u015e&#39;nin asra y\u00f6n verebilecek bulu\u015funu a\u00e7\u0131klad\u0131: Atat\u00fcrk&#39; \u00fcn 10. Y\u0131l nutkundan bug\u00fcnleri g\u00f6ren bir b\u00f6l\u00fcmle konu\u015fmaya ba\u015flad\u0131.<\/span>  <\/p>\n","protected":false},"author":12,"featured_media":0,"comment_status":"open","ping_status":"closed","sticky":false,"template":"","format":"standard","meta":{"footnotes":""},"categories":[65],"tags":[],"class_list":["post-831","post","type-post","status-publish","format-standard","hentry","category-ocak-2007"],"_links":{"self":[{"href":"https:\/\/www.millicozum.com\/mc\/wp-json\/wp\/v2\/posts\/831","targetHints":{"allow":["GET"]}}],"collection":[{"href":"https:\/\/www.millicozum.com\/mc\/wp-json\/wp\/v2\/posts"}],"about":[{"href":"https:\/\/www.millicozum.com\/mc\/wp-json\/wp\/v2\/types\/post"}],"author":[{"embeddable":true,"href":"https:\/\/www.millicozum.com\/mc\/wp-json\/wp\/v2\/users\/12"}],"replies":[{"embeddable":true,"href":"https:\/\/www.millicozum.com\/mc\/wp-json\/wp\/v2\/comments?post=831"}],"version-history":[{"count":0,"href":"https:\/\/www.millicozum.com\/mc\/wp-json\/wp\/v2\/posts\/831\/revisions"}],"wp:attachment":[{"href":"https:\/\/www.millicozum.com\/mc\/wp-json\/wp\/v2\/media?parent=831"}],"wp:term":[{"taxonomy":"category","embeddable":true,"href":"https:\/\/www.millicozum.com\/mc\/wp-json\/wp\/v2\/categories?post=831"},{"taxonomy":"post_tag","embeddable":true,"href":"https:\/\/www.millicozum.com\/mc\/wp-json\/wp\/v2\/tags?post=831"}],"curies":[{"name":"wp","href":"https:\/\/api.w.org\/{rel}","templated":true}]}}