{"id":832,"date":"2007-01-03T13:04:10","date_gmt":"2007-01-03T13:04:10","guid":{"rendered":"https:\/\/www.millicozum.com\/mc\/2007\/01\/03\/patr-ekenlve-akpn-akrepl\/"},"modified":"2007-01-03T13:04:10","modified_gmt":"2007-01-03T13:04:10","slug":"patrigin-ekumenligi-ve-akpnin-akrepligi","status":"publish","type":"post","link":"https:\/\/www.millicozum.com\/mc\/2007\/ocak-2007\/patrigin-ekumenligi-ve-akpnin-akrepligi\/","title":{"rendered":"PATR\u0130\u011e\u0130N EK\u00dcMENL\u0130\u011e\u0130 VE AKP&#8217;N\u0130N AKREPL\u0130\u011e\u0130"},"content":{"rendered":"<p>\u00a0  <\/p>\n<p> <strong>H\u00fck\u00fcmet, milletin g\u00f6z\u00fcn\u00fcn i\u00e7ine baka baka yalan s\u00f6yl\u00fcyor. Vak\u0131flar tasar\u0131s\u0131yla \u0130stanbul Vatikanla\u015f\u0131yor!<\/strong>  <\/p>\n<p> Az\u0131nl\u0131k vak\u0131flar\u0131na ve yabanc\u0131lara ola\u011fan\u00fcst\u00fc imtiyazlar ta\u015f\u0131yan Vak\u0131flar Yasa Tasar\u0131s\u0131 ile ilgili tart\u0131\u015fmalar s\u00fcr\u00fcyor. Meclis g\u00fcndeminde bulunan ve yo\u011fun ele\u015ftirilere ra\u011fmen AKP&#39;nin \u0131srarla yasala\u015ft\u0131rmaya \u00e7al\u0131\u015ft\u0131\u011f\u0131 Vak\u0131flar Yasa Tasar\u0131s\u0131, yabanc\u0131lara vak\u0131f kurma ve y\u00f6netme hakk\u0131 verirken, yabanc\u0131 vak\u0131flar\u0131n s\u0131n\u0131rs\u0131z gayrimenkul sat\u0131n alabilmesine de imkan tan\u0131yor. Ancak tasar\u0131n\u0131n en \u00e7ok tart\u0131\u015f\u0131lan ve endi\u015feye neden olan d\u00fczenlemesi ge\u00e7ici 9. madde. Bu madde ile Hazine&#39;ye intikal eden Gayri Muslimlere ait Vak\u0131flara ait gayrimenkullerin iadesi \u00f6ng\u00f6r\u00fcl\u00fcyor.  <\/p>\n<p>  \u00a0  <\/p>\n<p> Tasar\u0131n\u0131n ge\u00e7ici 9. maddesinde, &#8216;Cemaat vak\u0131flar\u0131n\u0131n mal edinememeleri sebebiyle tapuda, nam-\u0131 m\u00fcstear veya nam-\u0131 mevhumlar ad\u0131na kay\u0131tl\u0131 ta\u015f\u0131nmazlar, tapu kay\u0131tlar\u0131ndaki hak ve m\u00fckellefiyetleri ile birlikte bu kanunun y\u00fcr\u00fcrl\u00fc\u011f\u00fcnden itibaren 18 ay i\u00e7inde tapu sicil m\u00fcd\u00fcrl\u00fcklerine m\u00fcracaat edilmesi halinde vak\u0131flar\u0131 ad\u0131na tescil olunur&#39; ifadesi yer al\u0131yor.. Maddede yer alan &#8216;nam-\u0131 mevhum&#39; ibaresi ger\u00e7ekte hi\u00e7 var olmam\u0131\u015f kimselerin yan\u0131 s\u0131ra peygamber ve azizleri de kaps\u0131yor. Tasar\u0131 yasala\u015ft\u0131\u011f\u0131 takdirde bu ifadeye g\u00f6re yabanc\u0131 vak\u0131flar azizlerin ad\u0131n\u0131 ta\u015f\u0131yan kiliselerde hak talep edebilecek. Y\u00fczlerce kilise ve arazinin cemaat vak\u0131flar\u0131 ad\u0131na tescil edilmesi istenebilecek. Ad\u0131n\u0131 bir azizden alan Ayasofya&#39;da buna dahil. As\u0131l sorunlardan biri ise yabanc\u0131 vak\u0131flarla T\u00fcrkiye aras\u0131ndaki bu konuda \u00e7\u0131kacak herhangi bir anla\u015fmazl\u0131kta, sorunun A\u0130HM&#39;ye ta\u015f\u0131nacak olmas\u0131. A\u0130HM&#39;nin bu noktada verece\u011fi kararlar T\u00fcrkiye&#39;yi \u00e7ok ciddi tazminat \u00f6demelerine mahkum b\u0131rakacak.  <\/p>\n<p> <strong>\u0130\u015fte Vatikan&#39;\u0131n raporu<\/strong>  <\/p>\n<p> Bu konuda kamuoyundaki endi\u015feleri hakl\u0131 \u00e7\u0131karacak geli\u015fmeler birbiri ard\u0131na ortaya \u00e7\u0131kmaya ba\u015flad\u0131. Tasar\u0131&#39;y\u0131 yasala\u015ft\u0131rmak isteyen AKP y\u00f6netimine g\u00f6re bu yasa kapsam\u0131nda yabanc\u0131lara devredilecek gayrimenkul say\u0131s\u0131 sadece 36 adet. Ama \u0130slam&#39;a sald\u0131r\u0131lar\u0131yla g\u00fcndeme gelen 16. Papa Benedictus&#39;un ba\u015f\u0131nda bulundu\u011fu Vatikan&#39;\u0131n gizli bir raporu AKP H\u00fck\u00fcmeti&#39;ni yalanl\u0131yor. Vatikan Hukuk Dairesi taraf\u0131ndan haz\u0131rlanan rapora g\u00f6re T\u00fcrkiye&#39;de kiliselere ait oldu\u011fu i\u00e7in iade edilmesi istenen gayrimenkul say\u0131s\u0131 tam bin 200 adet.  <\/p>\n<p> Raporu T\u00fcrkiye g\u00fcndemine ta\u015f\u0131yan Vatikan Uzman\u0131 Aytun\u00e7 Alt\u0131ndal gazetemize yapt\u0131\u011f\u0131 de\u011ferlendirmede, &quot;Vatikan&#39;daki Pontifical Missio taraf\u0131ndan haz\u0131rlanan raporda bu 1200 ta\u015f\u0131nmaz\u0131n &quot;Gasp&quot; yoluyla al\u0131nd\u0131\u011f\u0131 yaz\u0131yor. Ve bu ta\u015f\u0131nmazlar\u0131n iadesi ve tazmin edilmesi isteniyor. Hatta bir de tehdit var, e\u011fer bu talepler kar\u015f\u0131lanmazsa T\u00fcrkiye&#39;nin AB&#39;ye asla kabul edilmeyece\u011fi a\u00e7\u0131k\u00e7a ilan ediliyor. Bak\u0131n Almanya tam 60 y\u0131ld\u0131r Yahudilere tazminat \u00f6d\u00fcyor. Adamlar Almanlar\u0131n paralar\u0131yla zengin oldu. Yar\u0131n T\u00fcrkiye&#39;nin ba\u015f\u0131na da bu gelir. E\u011fer bu tasar\u0131 ge\u00e7erse ba\u015f\u0131nda Aya olan b\u00fct\u00fcn kiliseler, araziler, gayrimenkuller istenecek. Aya Yorgi&#39;den tutun, Aya Sofya&#39;ya kadar&quot; diye konu\u015ftu.  <\/p>\n<p> <\/p>\n<p> <strong>Bakana g\u00f6re sak\u0131nca yok<\/strong>  <\/p>\n<p> <strong>Oysa Vak\u0131flardan sorumlu Bakan Mehmet Ali \u015eahin; sadece 36 gayrimenkul oldu\u011funu iddia etmi\u015f ve Tasar\u0131y\u0131 savunurken, &quot;Ne AB, ne \u015fu, bana yasa tasar\u0131s\u0131 haz\u0131rlay\u0131n demedi. &#8216;Az\u0131nl\u0131k vak\u0131flar\u0131 imtiyaz elde ediyor, \u00fclke b\u00fct\u00fcnl\u00fc\u011f\u00fc tehlikeye giriyor, \u00fclkeye ihanet ediliyor&#39; deniyor. Tasar\u0131n\u0131n neresinde \u00fclke b\u00fct\u00fcnl\u00fc\u011f\u00fcn\u00fc zedeleyecek, tehdit edecek h\u00fck\u00fcm var!&quot; diye konu\u015fmu\u015ftu.<a name=\"_ftnref1\" href=\"#_ftn1\" title=\"_ftnref1\"><strong>[1]<\/strong><\/a>\u00a0 <\/strong> <\/p>\n<p> <strong>\u00c7o\u011funlu\u011fun her t\u00fcrl\u00fc hakarete ve k\u0131s\u0131tlamaya maruz kald\u0131\u011f\u0131 \u00fclkemizde, k\u00fc\u00e7\u00fck bir z\u00fcmreye boyun e\u011filiyor!<\/strong>  <\/p>\n<p> <strong>Zillet tasar\u0131s\u0131 <\/strong> <\/p>\n<p> Her yeni raporunda T\u00fcrkiye&#39;nin \u00f6n\u00fcne ak\u0131l almaz \u015fartlar \u00f6ne s\u00fcren Avrupa Birli\u011fi&#39;ne uyum i\u00e7in, vak\u0131flarla ilgili yap\u0131lmak istenen de\u011fi\u015fikliklere y\u00f6nelik tepkiler giderek art\u0131yor. \u00d6te yandan Devlet Bakan\u0131 ve Ba\u015fbakan Yard\u0131mc\u0131s\u0131 Mehmet Ali \u015eahin&#39;in 2003 y\u0131l\u0131nda yay\u0131nlad\u0131\u011f\u0131 y\u00f6netmeli\u011fe g\u00f6re, T\u00fcrkiye&#39;de 160 adet gayri M\u00fcslim ve az\u0131nl\u0131k vakf\u0131 bulunuyor. \u0130\u00e7erisinde Heybeliada Rum Ruhban Okulu Vakf\u0131&#39;n\u0131n da bulundu\u011fu bu cemaat vak\u0131flar\u0131, d\u00f6rt g\u00f6zle \u00e7\u0131kacak yasay\u0131 bekliyor. H\u00fck\u00fcmetin \u0131srarla sadece 36 adet ta\u015f\u0131nmaz\u0131n iade edilece\u011fini a\u00e7\u0131klamas\u0131na ra\u011fmen, bu 160 vakf\u0131n Meclis&#39;teki yasa \u00e7\u0131kt\u0131ktan sonra T\u00fcrkiye&#39;deki mahkemelerin yan\u0131 s\u0131ra \u00f6zellikle A\u0130HM&#39;e y\u00fczlerce dava a\u00e7mas\u0131 bekleniyor.  <\/p>\n<p> AKP h\u00fck\u00fcmetinin s\u00fcrekli g\u00fcndeminde olan az\u0131nl\u0131k ve gayri M\u00fcslim cemaatlerine ili\u015fkin d\u00fczenlemeler s\u00fcrekli tart\u0131\u015fma konusu oldu. \u0130ktidara geldi\u011fi g\u00fcnden bu yana ba\u015fta Ruhban Okulu&#39;nun a\u00e7\u0131lmas\u0131 gibi taleplere s\u0131cak bakan AKP h\u00fck\u00fcmeti, az\u0131nl\u0131k vak\u0131flar\u0131n\u0131n da listesini \u00e7\u0131kard\u0131.  <\/p>\n<p> AB&#39;nin uyum yasalar\u0131 \u00e7er\u00e7evesinde Devlet Bakan\u0131 ve Ba\u015fbakan Yard\u0131mc\u0131s\u0131 Mehmet Ali \u015eahin imzas\u0131yla Resmi Gazete&#39;nin 24 Ocak 2003 tarihli say\u0131s\u0131nda, &quot;Cemaat Vak\u0131flar\u0131n\u0131n Ta\u015f\u0131nmaz Mal Edinmeleri, Bunlar \u00dczerinde Tasarrufta Bulunmalar\u0131 ve Tasarruflar\u0131 Alt\u0131nda Bulunan Ta\u015f\u0131nmaz Mallar\u0131n Bu Vak\u0131flar Ad\u0131na Tescil Edilmesi Hakk\u0131nda Y\u00f6netmelik&quot; yay\u0131nland\u0131. Bu y\u00f6netmelik, 4 Ekim 2002 tarihli y\u00f6netmeli\u011fi y\u00fcr\u00fcrl\u00fckten kald\u0131rd\u0131.  <\/p>\n<p> Yeni y\u00f6netmelik, AB&#39;ye uyum \u00e7er\u00e7evesinde \u00e7\u0131kar\u0131lan 4771 say\u0131l\u0131 yasa paketi i\u00e7inde yer alan Vak\u0131flar Kanunu&#39;ndaki de\u011fi\u015fiklik dayanak yap\u0131larak haz\u0131rland\u0131.  <\/p>\n<p> O zaman h\u0131zl\u0131 esen AB r\u00fczg\u00e2r\u0131n\u0131n etkisiyle \u00e7\u0131kar\u0131lan y\u00f6netmelik, vakfiyeleri olup olmad\u0131\u011f\u0131na bak\u0131lmaks\u0131z\u0131n Vak\u0131flar Kanunu gere\u011fince t\u00fczel ki\u015filik kazanm\u0131\u015f T\u00fcrkiye&#39;deki gayrim\u00fcslim cemaatlere ait vak\u0131flar\u0131n, dini, hayr\u00ee, sosyal, e\u011fitsel, s\u0131hhi ve k\u00fclt\u00fcrel alanlardaki ihtiya\u00e7lar\u0131n\u0131 kar\u015f\u0131lamak ve sadece bu alanlardaki ama\u00e7lar\u0131n\u0131 s\u00fcrd\u00fcrecek geliri sa\u011flamak \u00fczere ta\u015f\u0131nmaz mal edinmelerine ili\u015fkin esaslar\u0131 belirliyordu.  <\/p>\n<p> <strong>AB 6. Uyum Yasalar\u0131 \u00e7er\u00e7evesinde 19 Haziran 2003 tarihinde Vak\u0131flar Yasas\u0131&#39;nda de\u011fi\u015fiklik yap\u0131lm\u0131\u015f ve cemaat vak\u0131flar\u0131n\u0131n tasarruflar\u0131 alt\u0131nda bulundu\u011fu belirlenen ta\u015f\u0131nmaz mallar\u0131n vak\u0131f ad\u0131na tescili i\u00e7in yap\u0131lacak ba\u015fvurular bak\u0131m\u0131ndan \u00f6ng\u00f6r\u00fclen 6 ayl\u0131k s\u00fcre 18 aya \u00e7\u0131kar\u0131lm\u0131\u015ft\u0131. Ayr\u0131ca y\u00f6netmelikle, T\u00fcrkiye&#39;de faaliyette bulunan gayri M\u00fcslim ve az\u0131nl\u0131klara ait vak\u0131flar\u0131n listesi tek tek yay\u0131nlanm\u0131\u015ft\u0131. <\/strong> <\/p>\n<p> <strong>Listede, ba\u015fta Rum ve Ermeni Ortodoks kiliselerine ait vak\u0131flar olmak \u00fczere, Yahudi, Katolik, S\u00fcryani ve Keldani cemaatlerinin b\u00fcnyesindeki vak\u0131flar yer al\u0131yor. \u0130stanbul&#39;un, Fatih Sultan Mehmet taraf\u0131ndan fethedilmeden \u00f6nce Rumlar\u0131n kulland\u0131\u011f\u0131 Konstantin ismini ad\u0131nda \u00f6zellikle kullanan vak\u0131flar\u0131n da listede bulunmas\u0131 dikkat \u00e7ekiyor: Pa\u015fabah\u00e7e Aya Konstantin Rum Ortodoks Kilisesi Vakf\u0131, Koca Mustafa Pa\u015fa Samatya Aya Konstantin Rum Ortodoks Kilisesi Vakf\u0131. <\/strong> <\/p>\n<p> <strong>A\u00e7\u0131lmas\u0131 i\u00e7in ABD ve AB&#39;nin T\u00fcrkiye&#39;ye s\u00fcrekli bask\u0131 yapt\u0131\u011f\u0131 Heybeliada Ruhban Okulu&#39;nun vakf\u0131 da, resmi listede yer al\u0131yor. Meclis&#39;te vak\u0131flar kanunu tasar\u0131s\u0131yla ilgili g\u00f6r\u00fc\u015fmelerde, en \u00e7ok Ruhban Okulu&#39;nun yeniden e\u011fitime a\u00e7\u0131laca\u011f\u0131 konusu g\u00fcndeme geldi.<\/strong>  <\/p>\n<p> <strong>\u0130\u015fte listede bulunan 160 gayri M\u00fcslim ve az\u0131nl\u0131k cemaat vak\u0131flardan baz\u0131lar\u0131:<\/strong>  <\/p>\n<ul>\n<li>Beykoz Aya Para\u015fkevi Rum Ortodoks Kilisesi Vakf\u0131 <\/li>\n<li>B\u00fcy\u00fckada Panayia Aya Dimitri Profiti \u0130lya Rum Ortodoks Kilisesi ve Mektebi Vakf\u0131 <\/li>\n<li>Heybeliada Rum Ruhban Okulu Vakf\u0131 <\/li>\n<li>K\u0131nal\u0131ada Panayia Rum Ortodoks Kilisesi Vakf\u0131 <\/li>\n<li>Burgazada Aya Yani Rum Ortodoks Kilisesi Vakf\u0131 <\/li>\n<li>Fener Mara\u015fl\u0131 Rum \u0130lkokulu Vakf\u0131 <\/li>\n<li>Ferik\u00f6y 12. Apastol Rum Ortodoks Kilisesi ve Mektebi Vakf\u0131 <\/li>\n<li>Kurtulu\u015f Aya Tana\u015f Dimitri Aya Lefter Rum Ortodoks Kilisesi ve Mektebi Vakf\u0131 <\/li>\n<li>Be\u015fikta\u015f Cihann\u00fcma Rum Ortodoks Kilisesi Vakf\u0131 <\/li>\n<li>Be\u015fikta\u015f Nanayia Rum Ortodoks Kilisesi Vakf\u0131 <\/li>\n<li>Bebek aya Haralambos Rum Ortodoks Kilisesi Vakf\u0131 <\/li>\n<li>Ba\u011f\u0131ms\u0131z T\u00fcrk Ortodoks Kiliseleri ve Patrikhanesi Vakf\u0131 <\/li>\n<li>Zapion Rum K\u0131z Lisesi Vakf\u0131 <\/li>\n<li>Galata Rum \u0130lkokulu Vakf\u0131 <\/li>\n<li>Bal\u0131kl\u0131 Rum Hastahanesi Vakf\u0131 <\/li>\n<li>Koca Mustafa pa\u015fa Samatya Aya Konstantin Rum Ortodoks Kilisesi Vakf\u0131 <\/li>\n<li>Bozcaada Kimisis Teodoku Rum Ortodoks Kilisesi Vakf\u0131 <\/li>\n<li>G\u00f6k\u00e7eada Merkez Panayia Rum Ortodoks Kilisesi Vakf\u0131 <\/li>\n<li>\u0130skenderun Rum Ortodoks Kilisesi Fukara Vakf\u0131 <\/li>\n<li>Antakya Rum Katolik Kilisesi Vakf\u0131 <\/li>\n<li>\u00dcsk\u00fcdar Surp Hac Ermeni Kilisesi Mektebi ve Mezarl\u0131\u011f\u0131 Vakf\u0131 <\/li>\n<li>Rumelihisar\u0131 Surp Sanduth Ermeni Kilisesi Vakf\u0131 <\/li>\n<li>Ortak\u00f6y Surp Kirkor Losavori\u00e7 Ermeni Katolik Kilisesi Vakf\u0131 <\/li>\n<li>Yenikap\u0131 Tetaos Patri\u011fimeos Ermeni Kilisesi Vakf\u0131 <\/li>\n<li>Gedikpa\u015fa Ermeni Protestan Kilisesi ve Mektebi Vakf\u0131 <\/li>\n<li>Beyo\u011flu Surp Gazer Ermeni Katolik Mihitaryan Manast\u0131r ve Mektebi Vakf\u0131 <\/li>\n<li>Pangalt\u0131 Ermeni Katolik Mihitaryan Manast\u0131r ve Mektebi Vakf\u0131 <\/li>\n<li>\u0130skenderun Karasun Manuk Ermeni Katolik Kilisesi Vakf\u0131 <\/li>\n<li>Samanda\u011f\u0131 Vak\u0131fl\u0131 K\u00f6y\u00fc Ermeni Ortodoks Kilisesi Vakf\u0131 <\/li>\n<li>Kayseri Surp Kirkor Ermeni Kilisesi Vakf\u0131 <\/li>\n<li>Diyarbak\u0131r Ermeni Surp K\u00fc\u00e7\u00fck Kilise H\u0131d\u0131r \u0130lyas Surp Gregos Kiliseleri Vakf\u0131 <\/li>\n<li>Mardin Ermeni Katolik Kilisesi Vakf\u0131 <\/li>\n<li>B\u00fcy\u00fckada Hased Leavram Musevi Sinagogu Vakf\u0131 <\/li>\n<li>Hask\u00f6y Mealem Musevi Sinangogu Vakf\u0131 <\/li>\n<li>Beyo\u011flu Musevi Hahamhanesi Vakf\u0131 <\/li>\n<li>Beyo\u011flu Seferadimi-Neve\u015falom Musevi Sinagogu Vakf\u0131 <\/li>\n<li>Ortak\u00f6y Musevi Etz-Ahayim Sinagogu Vakf\u0131 <\/li>\n<li>Balat Or-Ahayim Musevi Hastanesi Vakf\u0131 <\/li>\n<li>Ankara Musevi Sinagogu Vakf\u0131 <\/li>\n<li>\u00c7anakkale Mekor Hayim Musevi Sinagogu Vakf\u0131 <\/li>\n<li>Antakya Musevi Havras\u0131 Vakf\u0131 <\/li>\n<li>Diyarbak\u0131r S\u00fcryani Kadim Meryemana Kilisesi Vakf\u0131 <\/li>\n<li>Mardin S\u00fcryani Katolik Kilisesi Vakf\u0131 <\/li>\n<li>Mardin S\u00fcryani Protestan Kilisesi Vakf\u0131 <\/li>\n<li>Midyat S\u00fcryani Protestan Kilisesi Vakf\u0131 <\/li>\n<li>Midyat S\u00fcryani Kadim Cemaati Marborsom ve Mart \u015eemuni Kiliseleri Vakf\u0131 <\/li>\n<li>\u0130dil S\u00fcryani Kadim Kilisesi (Mardodo) Vakf\u0131 <\/li>\n<li>Keldani Katolik Kilisesi Vakf\u0131 <\/li>\n<li>Bulgar Ekzarhl\u0131\u011f\u0131 Ortodoks Kilisesi Vakf\u0131 <\/li>\n<li>\u015ei\u015fli G\u00fcrc\u00fc Katolik Kilisesi Vakf\u0131.<a name=\"_ftnref2\" href=\"#_ftn2\" title=\"_ftnref2\">[2]<\/a> <\/li>\n<\/ul>\n<p> <strong>Mondros M\u00fctarekesi Hortlat\u0131l\u0131yor!<\/strong>  <\/p>\n<p> Limni adas\u0131n\u0131n Mondros Liman\u0131&#39;nda Bahriye Naz\u0131r\u0131 H\u00fcseyin Rauf Orbay&#39;\u0131n Ba\u015fkanl\u0131\u011f\u0131&#39;n\u0131 yapt\u0131\u011f\u0131 Osmanl\u0131 Heyeti ile \u0130ngiliz Amiral Calthorp&#39;un Ba\u015fkan\u0131 oldu\u011fu \u0130tilaf Devletleri Heyeti aras\u0131nda imzalanan Mondros M\u00fctarekesi ile silahl\u0131 \u00e7at\u0131\u015fma sona ermi\u015ftir. 1. D\u00fcnya Sava\u015f\u0131n\u0131 bitiren bu Antla\u015fma asl\u0131nda \u00e7ok a\u011f\u0131r \u015fartlar ta\u015f\u0131yordu. Mondros M\u00fctarekesi Osmanl\u0131 Devleti&#39;nin y\u0131k\u0131l\u0131\u015f\u0131n\u0131 \u00f6ng\u00f6rmekte; \u0130tilaf Devletlerine Osmanl\u0131 \u0130mparatorlu\u011funun herhangi bir b\u00f6lgesine, g\u00fcvenliklerini tehdit edecek bir durum nedeni ile i\u015fgal hakk\u0131n\u0131 tan\u0131makta idi. Mondros Ate\u015fkes Antla\u015fmas\u0131 ile \u0130tilaf Devletleri, bar\u0131\u015f antla\u015fmas\u0131n\u0131n imzalanmas\u0131n\u0131 beklemeden, T\u00fcrk Topraklar\u0131n\u0131n taksimine giri\u015ftiler. Ate\u015fkes Antla\u015fmas\u0131n\u0131n 7. maddesi, b\u00fct\u00fcn bir memleketin i\u015fgali i\u00e7in \u0130tilaf Devletlerine imkan veriyordu.  <\/p>\n<p> M\u00fctarekenin en \u00f6nemli maddesi de, \u0130tilaf Devletleri&#39;ne \u00fclkenin stratejik noktalar\u0131n\u0131 i\u015fgal hakk\u0131 sa\u011flayan 7 nci maddesi idi. Nitekim 7 nci madde h\u00fck\u00fcmlerine dayanarak Frans\u0131zlar; 7 Aral\u0131k 1918&#39;de Antakya&#39;y\u0131, m\u00fcteakiben \u0130skenderun&#39;u, 20 Aral\u0131k&#39;da Adana&#39;y\u0131, 29 Aral\u0131k&#39;da Tarsus&#39;u i\u015fgal ettiler. \u0130ngilizler; 13 Ocak 1919&#39;da Kilis, 15 Ocak&#39;da Antep, daha sonra Urfa ve Mara\u015f b\u00f6lgelerini i\u015fgal ettiler. Ancak \u0130ngilizler, bu b\u00f6lgeleri bilahare Frans\u0131zlar&#39;a terk ettiler. \u0130talyanlar ise; 22 Mart 1919&#39;da Antalya ve Burdur, 11 May\u0131s&#39;da Bodrum, 12 May\u0131s&#39;da Fethiye ve Marmaris&#39;i i\u015fgal ettiler. B\u00fct\u00fcn bunlar\u0131n sonucunda 15 May\u0131s 1919&#39;da Yunanl\u0131lar \u0130zmir&#39;i i\u015fgal etti. Yunanl\u0131lar, bu i\u015fgalin ilk iki g\u00fcn\u00fcnde 2. 000 civar\u0131nda T\u00fcrk&#39;\u00fc katlettiler. \u0130tilaf Devletleri&#39;nin i\u015fgalleri devam etti ve bir s\u00fcre sonra t\u00fcm \u00fclke genelinde yayg\u0131nla\u015ft\u0131.  <\/p>\n<p> <strong>25 Maddeden olu\u015fan Mondros M\u00fctarekesi, Osmanl\u0131 Devleti&#39;nin devlet olma \u00f6zelli\u011fini ortadan kald\u0131ran; Ordu ba\u011f\u0131ms\u0131zl\u0131\u011f\u0131n\u0131 yok eden; \u0130tilaf Devletleri&#39;ne Osmanl\u0131 topraklar\u0131n\u0131 i\u015fgal hakk\u0131 sa\u011flayan \u00f6zelliklere sahipti. 30 Ekim 1918<\/strong>  <\/p>\n<p> <strong>Mondros Ate\u015fkes Anla\u015fmas\u0131n\u0131n Maddeleri<\/strong>  <\/p>\n<p> <strong>1- <\/strong>\u00c7anakkale ve \u0130stanbul Bo\u011fazlar\u0131n\u0131n a\u00e7\u0131lmas\u0131, Karadeniz&#39;e serbest\u00e7e ge\u00e7i\u015fin temini ve \u00c7anakkale ve Karadeniz istihkamlar\u0131n\u0131n \u0130tilaf Devletleri taraf\u0131ndan i\u015fgali sa\u011flanacakt\u0131r.  <\/p>\n<p> <strong>2-<\/strong> Osmanl\u0131 sular\u0131ndaki b\u00fct\u00fcn torpil tarlalar\u0131 ile torpido ve kovan mevzilerinin yerleri g\u00f6sterilecek ve bunlar\u0131 taramak ve kald\u0131rmak i\u00e7in yard\u0131m edilecektir.  <\/p>\n<p> <strong>3-<\/strong> Karadeniz&#39;deki torpiller hakk\u0131nda bilgi verilecektir.  <\/p>\n<p> <strong>4-<\/strong> \u0130tilaf Devletlerinin b\u00fct\u00fcn esirleri ile Ermeni esirleri kay\u0131ts\u0131z \u015farts\u0131z \u0130stanbul&#39;da teslim olunacakt\u0131r.  <\/p>\n<p> <strong>5-<\/strong> Hudutlar\u0131n korunmas\u0131 ve i\u00e7 asayi\u015fin temini d\u0131\u015f\u0131nda, Osmanl\u0131 ordusu derhal terhis edilecektir.  <\/p>\n<p> <strong>6-<\/strong> Osmanl\u0131 harp gemileri teslim olup, g\u00f6sterilecek Osmanl\u0131 limanlar\u0131nda g\u00f6zalt\u0131nda bulundurulacakt\u0131r.  <\/p>\n<p> <strong>7-<\/strong> \u0130tilaf Devletleri, g\u00fcvenliklerini tehdit edecek bir durumun ortaya \u00e7\u0131kmas\u0131 halinde herhangi bir stratejik yeri i\u015fgal etme hakk\u0131na sahip olacakt\u0131r.  <\/p>\n<p> <strong>8-<\/strong> Osmanl\u0131 demiryollar\u0131ndan \u0130tilaf Devletleri istifade edecekler ve Osmanl\u0131 ticaret gemileri onlar\u0131n hizmetinde bulundurulacakt\u0131r.  <\/p>\n<p> <strong>9-<\/strong> \u0130tilaf Devletleri, Osmanl\u0131 tersane ve limanlar\u0131ndaki vas\u0131talardan istifade sa\u011flayacakt\u0131r.  <\/p>\n<p> <strong>10-<\/strong> Toros T\u00fcnelleri, \u0130tilaf Devletleri taraf\u0131ndan i\u015fgal olunacakt\u0131r.  <\/p>\n<p> <strong>11-<\/strong> \u0130ran i\u00e7lerinde ve Kafkasya&#39;da bulunan Osmanl\u0131 kuvvetleri, i\u015fgal ettikleri yerlerden geri \u00e7ekilecekler.  <\/p>\n<p> <strong>12-<\/strong> H\u00fck\u00fcmet haberle\u015fmesi d\u0131\u015f\u0131nda, telsiz, telgraf ve kablolar\u0131n denetimi, \u0130tilaf Devletlerine ge\u00e7ecektir.  <\/p>\n<p> <strong>13-<\/strong> Askeri, ticari ve denizle ilgili madde ve malzemelerin tahribi \u00f6nlenecektir.  <\/p>\n<p> <strong>14-<\/strong> \u0130tilaf Devletleri k\u00f6m\u00fcr, mazot ve ya\u011f maddelerini T\u00fcrkiye&#39;den temin edeceklerdir.(Bu maddelerden hi\u00e7 biri ihra\u00e7 olunmayacakt\u0131r.)  <\/p>\n<p> <strong>15-<\/strong> B\u00fct\u00fcn demiryollar\u0131, \u0130tilaf Devletleri&#39;nin zab\u0131tas\u0131 taraf\u0131ndan kontrol alt\u0131na al\u0131nacakt\u0131r.  <\/p>\n<p> <strong>16-<\/strong> Hicaz, Asir, Yemen, Suriye ve Irak&#39;taki kuvvetler en yak\u0131n \u0130tilaf Devletleri&#39;nin kumandanlar\u0131na teslim olunacakt\u0131r.  <\/p>\n<p> <strong>17-<\/strong> Trablus ve Bingazi&#39;deki Osmanl\u0131 subaylar\u0131 en yak\u0131n \u0130talyan garnizonuna teslim olacakt\u0131r.  <\/p>\n<p> <strong>18-<\/strong> Trablus ve Bingazi&#39;de Osmanl\u0131 i\u015fgali alt\u0131nda bulunan limanlar \u0130talyanlara teslim olunacakt\u0131r.  <\/p>\n<p> <strong>19-<\/strong> Asker ve sivil Alman ve Avusturya tebas\u0131, bir ay zarf\u0131nda Osmanl\u0131 topraklar\u0131n\u0131 terk edeceklerdir.  <\/p>\n<p> <strong>20-<\/strong> Gerek askeri te\u00e7hizat\u0131n teslimine, gerek Osmanl\u0131 Ordusunun terhisine ve gerekse nakil vas\u0131talar\u0131n\u0131n \u0130tilaf Devletleri&#39;ne teslimine dair verilecek herhangi bir emir, derhal yerine getirilecektir.  <\/p>\n<p> <strong>21-<\/strong> \u0130tilaf Devletleri ad\u0131na bir \u00fcye, ia\u015fe nezaretinde \u00e7al\u0131\u015facak bu devletlerin ihtiya\u00e7lar\u0131n\u0131 temin edecek ve isteyece\u011fi her bilgi kendisine verilecektir.  <\/p>\n<p> <strong>22-<\/strong> Osmanl\u0131 harp esirleri, \u0130tilaf Devletleri&#39;nin nezdinde kalacakt\u0131r.  <\/p>\n<p> <strong>23-<\/strong> Osmanl\u0131 H\u00fck\u00fcmeti, merkezi devletlerle b\u00fct\u00fcn ili\u015fkilerini kesecektir.  <\/p>\n<p> <strong>24-<\/strong> Vilayeti sitte ad\u0131 verilen 6 vilayet(Erzurum, Van, Harput, Diyarbak\u0131r, Sivas ve Bitlis)&#39;te kar\u0131\u015f\u0131kl\u0131k \u00e7\u0131kmas\u0131 halinde bu vilayetlerin herhangi bir k\u0131sm\u0131n\u0131n i\u015fgali hakk\u0131na \u0130tilaf Devletleri haiz bulunacakt\u0131r.  <\/p>\n<p> <strong>25-<\/strong> M\u00fcttefiklerle Osmanl\u0131 Devleti aras\u0131ndaki sava\u015f, 1918 y\u0131l\u0131 Ekim ay\u0131n\u0131n 31 g\u00fcn\u00fc mahalli saat ile \u00f6\u011fle zaman\u0131 sona erecektir.  <\/p>\n<p> <strong>\u0130\u015fgali sona erdiren antla\u015fma<\/strong>  <\/p>\n<p> <strong>B\u00fcy\u00fck Taarruzun zaferle sona ermesi \u00fczerine \u0130til\u00e2f Devletleri TBMM&#39;ne m\u00fctareke \u00e7a\u011fr\u0131s\u0131nda bulunmu\u015flard\u0131r. T\u00fcrk ordusu ile \u0130ngiliz i\u015fgal kuvvetleri aras\u0131nda baz\u0131 gerginlikler ya\u015fand\u0131ysa da g\u00f6r\u00fc\u015fmeler 3 Ekim 1922&#39;de Mudanya&#39;da ba\u015flad\u0131.<\/strong>  <\/p>\n<p> <strong>G\u00f6r\u00fc\u015fmelerde TBMM h\u00fck\u00fcmetini Bat\u0131 Cephesi komutan\u0131 \u0130smet Pa\u015fa temsil ederken, Fevzi Pa\u015fa ve Refet Pa\u015fa da g\u00f6r\u00fc\u015fmeler boyunca Mudanya&#39;da bulundular. \u0130ngiltere&#39;yi General Harrington, Fransa&#39;y\u0131 General Charpy ve \u0130talya&#39;y\u0131 da General Monbelli&#39;nin temsil etti\u011fi Mudanya g\u00f6r\u00fc\u015fmelerinde, ate\u015fkesle do\u011frudan ilgili durumda bulunan Yunanistan, General Mazarakis ve Albay Sariyanis&#39;i g\u00f6revlendirmesine kar\u015f\u0131n, Yunan delegeler g\u00f6r\u00fc\u015fmelere do\u011frudan do\u011fruya kat\u0131lmam\u0131\u015flar ve olan biteni bir gemiden izlemekle yetinmi\u015flerdir.<\/strong>  <\/p>\n<p> <strong>Zaman zaman gergin anlar\u0131n ya\u015fand\u0131\u011f\u0131, hatta g\u00f6r\u00fc\u015fmelerin kesilmesi tehlikesinin do\u011fdu\u011fu ve T\u00fcrk ordusunun yeniden harekat haz\u0131rl\u0131klar\u0131na giri\u015fti\u011fi m\u00fctareke g\u00f6r\u00fc\u015fmeleri 11 Ekim 1922 tarihinde uzla\u015fmayla sonu\u00e7lanm\u0131\u015ft\u0131r.<\/strong>  <\/p>\n<p> <strong>M\u00fctarekeyi kabul etmek istemeyen ve imzalamaktan ka\u00e7\u0131nan Yunan h\u00fck\u00fcmeti arad\u0131\u011f\u0131 deste\u011fi bulamam\u0131\u015f ve sonu\u00e7ta 14 Ekimde Mudanya M\u00fctarekesi&#39;ni imzalamak zorunda kalm\u0131\u015ft\u0131r. Bu arada TBMM, Do\u011fu Trakya&#39;n\u0131n teslim al\u0131nmas\u0131 ve burada bir T\u00fcrk y\u00f6netiminin kurulmas\u0131yla ilgili olarak Refet Pa\u015fa&#39;y\u0131 g\u00f6revlendirmi\u015ftir. Refet Pa\u015fa 19 Ekim 1922&#39;de TBMM temsilcisi olarak \u0130stanbul&#39;a girmi\u015f ve halk\u0131n b\u00fcy\u00fck bir co\u015fkusuyla kar\u015f\u0131lanm\u0131\u015ft\u0131r.<\/strong>  <\/p>\n<p> <strong>Mudanya M\u00fctarekesi ile T\u00fcrk-Yunan \u00e7at\u0131\u015fmas\u0131n\u0131n sona erdirilmesi ve Do\u011fu Trakya&#39;n\u0131n kurtar\u0131lmas\u0131 gibi geli\u015fmeler T\u00fcrk taraf\u0131n\u0131n lehine sonu\u00e7lar do\u011furacak geli\u015fmeler olarak g\u00f6ze \u00e7arparken, \u0130stanbul ve Bo\u011fazlarda T\u00fcrk egemenli\u011fi tam anlam\u0131yla kurulamam\u0131\u015ft\u0131r. Gerek Bo\u011fazlar \u00fczerinde kontrol\u00fcn sa\u011flanamam\u0131\u015f olmas\u0131, gerekse Trakya&#39;ya ordu ge\u00e7irilememesi, bar\u0131\u015f konferans\u0131 \u00f6ncesinde T\u00fcrk h\u00fck\u00fcmetinin pazarl\u0131k g\u00fcc\u00fcn\u00fc s\u0131n\u0131rland\u0131rm\u0131\u015ft\u0131r. Bu h\u00fck\u00fcmler, bir\u00e7ok noktada \u00f6nemli kazan\u00e7 sa\u011flayan Mudanya M\u00fctarekesi&#39;nin zay\u0131f halkalar\u0131ndan bir k\u0131sm\u0131 olarak de\u011ferlendirilebilir.<\/strong> <strong>11 Ekim 1922<\/strong>  <\/p>\n<p> <\/p>\n<p> <strong>\u015eimdi, Patrikhane&#39;nin Ek\u00fcmeniklik iddias\u0131 ger\u00e7ekle\u015fiyor! <\/strong> <\/p>\n<p> \u00a0Fener Rum Patrikhanesi&#39;nin hukuki ve siyasi konumunu tart\u0131\u015f\u0131l\u0131r k\u0131lan elbette ki, bug\u00fcne kadar Patrikhane&#39;nin ba\u011fl\u0131 olaca\u011f\u0131 kurallar\u0131n ve sahip oldu\u011fu yetkilerin a\u00e7\u0131k\u00e7a d\u00fczenlenmemi\u015f olmas\u0131d\u0131r. Patrikhane&#39;nin stat\u00fcs\u00fcne a\u00e7\u0131kl\u0131k getirecek bir d\u00fczenleme, ge\u00e7mi\u015f h\u00fck\u00fcmetlerce bilin\u00e7li bir \u015fekilde yap\u0131lmam\u0131\u015f m\u0131d\u0131r yoksa sebep sadece ihmal edilmi\u015f olmas\u0131 m\u0131d\u0131r sorusunun cevab\u0131, herhalde ihmalkarl\u0131k de\u011fildir. Ger\u00e7ekten de, Heybeliada Ruhban Okulu&#39;nun gerek kapat\u0131lmas\u0131 esnas\u0131nda gerekse yeniden a\u00e7\u0131lmas\u0131n\u0131n talep edildi\u011fi uzun y\u0131llar boyunca yaratt\u0131\u011f\u0131 sorunlarla, Patrikin yurtd\u0131\u015f\u0131nda ger\u00e7ekle\u015ftirdi\u011fi rahats\u0131zl\u0131k veren temaslar\u0131yla ve elbette ki ek\u00fcmeniklik iddias\u0131 nedeniyle Patrikhane g\u00fcndeme gelmi\u015f ancak h\u00fck\u00fcmetlerce konu, genellikle g\u00f6rmezden gelinerek ge\u00e7i\u015ftirilmi\u015ftir.  <\/p>\n<p> H\u00fck\u00fcmetlerin, Patrikhane konusunda d\u00fczenleme yapmaktan ka\u00e7\u0131nmas\u0131nda da ya zaten T\u00fcrkiye Cumhuriyeti s\u0131n\u0131rlar\u0131 i\u00e7inde istenmeyen bir kurumun zamanla \u00f6nemsizle\u015ferek unutulmas\u0131 amac\u0131 ya da d\u00fczenleme yap\u0131lmas\u0131 durumunda kar\u015f\u0131la\u015f\u0131lacak tepkilerden \u00e7ekinilmesi durumu s\u00f6z konusudur. Ge\u00e7mi\u015fte ya\u015fanan olaylar\u0131n etkisi ile &quot;Devlet akl\u0131na&quot; kaz\u0131nan &quot;Az\u0131nl\u0131klara hak tan\u0131mak, devleti y\u0131k\u0131lmaya g\u00f6t\u00fcr\u00fcr.&quot; inanc\u0131n\u0131n da d\u00fczenleme yapmaktan imtina edilmesindeki etkisinin unutulmamas\u0131 gerekmektedir. D\u00fczenleme yap\u0131lmam\u0131\u015f olmas\u0131n\u0131n ise, &quot;az\u0131nl\u0131klar&quot; vas\u0131tas\u0131yla d\u0131\u015far\u0131dan bask\u0131 yap\u0131lmas\u0131n\u0131 engellemedi\u011fi g\u00f6r\u00fclmektedir. Nitekim, hem Avrupa Birli\u011fi ile ilgili yap\u0131lan g\u00f6r\u00fc\u015fmelerde hem ABD ile ili\u015fkilerde &quot;Patrikhane&quot; konusu, T\u00fcrkiye&#39;nin \u00f6n\u00fcne engel olarak \u00e7\u0131kart\u0131lan de\u011fi\u015fmez kozlardan birisi olmu\u015ftur.  <\/p>\n<p> D\u00fczenleme yap\u0131lmam\u0131\u015f olmas\u0131 bir tarafa, Patrikhanenin veya Patrikin zaman zaman \u00f6zg\u00fcrl\u00fck s\u0131n\u0131rlar\u0131n\u0131 a\u015farak ger\u00e7ekle\u015ftirdi\u011fi faaliyetlerle ilgili gerekli ve yeterli tepkinin h\u00fck\u00fcmetlerce g\u00f6sterilmemi\u015f olmas\u0131, gayri resmi durumlar\u0131n ve hukuka ayk\u0131r\u0131 i\u015flemlerin team\u00fcl haline gelmesine sebep olmu\u015ftur. Patrikhane&#39;nin ve Patrikin &quot;Ek\u00fcmeniklik&quot; iddias\u0131nda oldu\u011fu gibi &quot;Ek\u00fcmenik&quot; olma durumunu g\u00fc\u00e7lendirmek i\u00e7in yap\u0131lan faaliyetler, bu duruma en iyi \u00f6rne\u011fi olu\u015fturmaktad\u0131r.  <\/p>\n<p> <strong>Ek\u00fcmenik olman\u0131n gerekleri<\/strong>  <\/p>\n<p> Fener Rum Patrikhanesinin ya da Patrikin &quot;Ek\u00fcmenik&quot; olma iddias\u0131n\u0131n hakl\u0131l\u0131\u011f\u0131n\u0131n her t\u00fcrl\u00fc duygu ve inan\u00e7tan ar\u0131narak soru\u015fturulmas\u0131 ve Patrikhane ile ilgili olan her t\u00fcrl\u00fc problemin kayna\u011f\u0131 olan bu sorunun cevapland\u0131r\u0131lmas\u0131 gerekiyor. Patrikhanenin ve Patrikin t\u00fcm d\u00fcnya Ortodokslar\u0131n\u0131n lideri (Ek\u00fcmenik \/ evrensel) oldu\u011fu y\u00f6n\u00fcndeki iddia, bunu b\u00f6ylece kabul edecek \u00fc\u00e7 onay gerektirmekte. Her biri e\u015fde\u011ferdeki olurlar\u0131n ilki bu liderli\u011fi kabul edecek olan d\u00fcnya \u00fczerindeki Ortodokslar\u0131n icazeti, ikincisi b\u00f6ylesi bir liderlik yetkisini kullanmas\u0131na izin verecek T\u00fcrkiye&#39;nin onay\u0131, \u00fc\u00e7\u00fcnc\u00fcs\u00fc ise yaz\u0131l\u0131 olmayan H\u0131ristiyan hukukunun bu konuya ili\u015fkin usul kurallar\u0131na uyuldu\u011fu y\u00f6n\u00fcndeki kabul.  <\/p>\n<p> <strong>Apostolik kilise<\/strong>  <\/p>\n<p> Yerle\u015fmi\u015f H\u0131ristiyan kal\u0131plar\u0131na g\u00f6re, bir kilisenin &quot;Ek\u00fcmenik&quot; s\u0131fat\u0131n\u0131 kazanabilmesi bu anlamda di\u011fer kiliseler \u00fczerinde yetki ve s\u00f6z sahibi olabilmesi i\u00e7in o kilisenin apostolik olmas\u0131 yani \u0130sa&#39;n\u0131n bir havarisi taraf\u0131ndan kurulmu\u015f olmas\u0131 gerekiyor. T\u00fcm H\u0131ristiyan Kiliselerinin H\u0131ristiyanl\u0131kla ilgili tart\u0131\u015fmal\u0131 konular\u0131 ayd\u0131nlatmak \u00fczere bir araya geldi\u011fi Konsillerin ilki 325 tarihli \u0130znik Ek\u00fcmenik (genel) Konsili idi. Bu Konsil&#39;de \u0130sa&#39;n\u0131n havarileri taraf\u0131ndan kurulmu\u015f olan \u00fc\u00e7 kilise (Roma, Antakya, \u0130skenderiye) ek\u00fcmenik (evrensel) kilise olarak belirlenmi\u015ftir.  <\/p>\n<p> &quot;Tek kilise, tek devlet&quot; \u015fiar\u0131n\u0131 uygulamaya \u00e7al\u0131\u015fan, bu ama\u00e7la da dini hareketleri siyasi denetim alt\u0131na almak isteyen Do\u011fu Roma \u0130mparatoru, 381 y\u0131l\u0131nda toplatt\u0131\u011f\u0131 \u0130stanbul Konsiliyle, Antakya Patrikhanesinin Ere\u011fli (Heraclea) Metropolitli\u011fine ba\u011fl\u0131 bir Episkoposluk olan Fener kilisesine patriklik stat\u00fcs\u00fc vermi\u015f ve Roma Piskoposuyla e\u015fit haklar ta\u015f\u0131d\u0131\u011f\u0131n\u0131 karara ba\u011flam\u0131\u015ft\u0131r. Bu stat\u00fc 451 y\u0131l\u0131nda yap\u0131lan Kad\u0131k\u00f6y Kons\u00fcl\u00fcnde teyid edilmi\u015f, \u0130stanbul Metropolitan\u0131, Trakya, Pontus ve K\u00fc\u00e7\u00fck Asya&#39;n\u0131n kiliselerinin yetkilisi yap\u0131larak, Patriklik \u0130stanbul Patrikhanesine tan\u0131nm\u0131\u015ft\u0131r. Ancak bu karar, Fener patrikhanesi ruhanilerinin d\u0131\u015f\u0131nda konsile kat\u0131lan az say\u0131da din adam\u0131na zorla imzalatt\u0131r\u0131lm\u0131\u015ft\u0131r. Ba\u015fta Roma kilisesi (Vatikan) olmak \u00fczere hi\u00e7bir kilise taraf\u0131ndan kabul edilmeyen bu karar\u0131n hayata ge\u00e7irilmesi i\u00e7in ikisi de &quot;apostolik&quot; kilise olan Antakya ve \u0130skenderiye patriklikleri ortadan kald\u0131r\u0131lm\u0131\u015f, Anadolu, Suriye, M\u0131s\u0131r ve Filistin&#39;de y\u00fczlerce insan \u00f6ld\u00fcr\u00fclm\u00fc\u015ft\u00fcr. O halde, H\u0131ristiyan hukuku, Fener Rum Patrikhanesi&#39;nin &quot;Ek\u00fcmeniklik&quot; iddialar\u0131n\u0131 \u015fartlar ger\u00e7ekle\u015fmemi\u015f oldu\u011fu i\u00e7in kabul etmemektedir.  <\/p>\n<p> <\/p>\n<p> <strong>T\u00fcrkiye&#39;nin onay\u0131<\/strong>  <\/p>\n<p> Lozan Antla\u015fmas\u0131&#39;n\u0131n &quot;az\u0131nl\u0131klar&quot; ile ilgili maddeleri, oturum tutanaklar\u0131 ile birlikte incelendi\u011finde, Patrikhane&#39;nin stat\u00fcs\u00fcn\u00fcn gayrim\u00fcslim az\u0131nl\u0131klara ait herhangi bir kilise veya sinagogdan daha fazla yetki veya hakka sahip olmad\u0131\u011f\u0131 anla\u015f\u0131lmaktad\u0131r. T\u00fcrkiye a\u00e7\u0131s\u0131ndan Patrikhane, Ortodoks az\u0131nl\u0131\u011f\u0131n din\u00ee ihtiya\u00e7lar\u0131n\u0131 kar\u015f\u0131layan, tamam\u0131yla T\u00fcrkiye Cumhuriyeti yasalar\u0131na tab\u00ee din\u00ee bir m\u00fcessesedir. T\u00fczel bir ki\u015fili\u011fi olmamas\u0131 nedeniyle, T\u00fcrk Medeni Kanunu&#39;nun, ancak ger\u00e7ek ve t\u00fczel ki\u015filere tan\u0131d\u0131\u011f\u0131 okul, vak\u0131f, dernek gibi kurulu\u015flar\u0131 kurmak, y\u00f6netmek ve denetlemek gibi bir hakk\u0131 bulunmamaktad\u0131r. Lozan&#39;da Patrikhane, tek ba\u015f\u0131na bir kurum olarak yer almamakla birlikte, var\u0131lan s\u00f6zl\u00fc anla\u015fma gere\u011fi, Fener Patrikhanesi az\u0131nl\u0131\u011f\u0131n kilisesi olarak tan\u0131mlanm\u0131\u015f, 1453&#39;ten 1923&#39;e kadar sahip oldu\u011fu idari, siyasi ve yarg\u0131sal hak ve imtiyazlar\u0131na son verilmi\u015ftir. Bu \u00e7er\u00e7evede, idari a\u00e7\u0131dan Ey\u00fcp Kaymakaml\u0131\u011f\u0131na, Fatih Savc\u0131l\u0131\u011f\u0131&#39;na ve \u0130stanbul Valili\u011fi&#39;ne muhatap olmas\u0131 gerekmektedir.  <\/p>\n<p> S\u0131radan bir Episkoposlu\u011fu Patrikhane haline getiren Bizans d\u00f6neminde dahi tamam\u0131yla devlet taraf\u0131ndan y\u00f6nlendirilen ve sadece devlet s\u0131n\u0131rlar\u0131 i\u00e7indeki kiliseler \u00fczerinde -g\u00f6stermelik-yetkisi olan ve \u0130mparatorlu\u011fun s\u0131n\u0131rlar\u0131n\u0131n geni\u015fletilmesinde ara\u00e7 olarak kullan\u0131lan bir kurumdu. Fatih&#39;in \u0130stanbul&#39;u fethinin ard\u0131ndan Patrike tan\u0131d\u0131\u011f\u0131 &quot;milletba\u015f\u0131&quot; unvan\u0131 da Osmanl\u0131 Ortodoks tebaas\u0131n\u0131n temsilcili\u011fini ifade etmekte idi. Osmanl\u0131 D\u00f6neminde, Lozan Konferans\u0131 s\u0131ras\u0131nda ve sonras\u0131nda da Patrikhane veya Patrike &quot;ek\u00fcmeniklik&quot; stat\u00fcs\u00fcn\u00fcn tan\u0131nmad\u0131\u011f\u0131 g\u00f6r\u00fclmektedir. T\u00fcrkiye Cumhuriyeti h\u00fck\u00fcmetleri de zaten &quot;ek\u00fcmeniklik&quot; iddialar\u0131n\u0131 kabul etmemektedir. Bu durumda, iznine tabii oldu\u011fu T\u00fcrkiye&#39;nin ek\u00fcmeniklik konusunda olurunu almas\u0131 hukuken m\u00fcmk\u00fcn de\u011fildir. H\u0131ristiyan hukukunca kabul g\u00f6rm\u00fc\u015f olsayd\u0131 dahi Patrikhane&#39;nin T\u00fcrkiye&#39;den ek\u00fcmenik iddias\u0131n\u0131 tan\u0131mas\u0131n\u0131 isteme hakk\u0131 bulunmamaktad\u0131r. \u00d6yle ki, hilafeti kald\u0131ran bir T\u00fcrkiye Cumhuriyetinin Fener Rum Patrikhanesi&#39;ne sadece Rum az\u0131nl\u0131\u011f\u0131n dini ihtiya\u00e7lar\u0131n\u0131n yerine getirilmesi amac\u0131yla bu topraklarda kalmas\u0131na izin vermesi yeterince b\u00fcy\u00fck bir y\u00fcce g\u00f6n\u00fcll\u00fcl\u00fckt\u00fcr.  <\/p>\n<p> <strong>D\u00fcnya Ortodokslar\u0131n\u0131n tutumu<\/strong>  <\/p>\n<p> <strong>Osmanl\u0131 D\u00f6neminde Patrikhane&#39;ye ba\u011fl\u0131 olan kiliseler, Osmanl\u0131 topraklar\u0131 s\u0131n\u0131rlar\u0131 i\u00e7erisindeki Ortodoks tebaan\u0131n mensup oldu\u011fu kiliselerdi. Osmanl\u0131&#39;dan ba\u011f\u0131ms\u0131zl\u0131\u011f\u0131n\u0131 kazanan her bir \u00fclkenin kilisesi de ilk i\u015f olarak Patrikhanenin yetkilerini kabul etmediklerini a\u00e7\u0131klam\u0131\u015f ve birer milli kilise haline d\u00f6n\u00fc\u015fm\u00fc\u015flerdir. Bunlardan birisi de, Yunanistan&#39;\u0131n ba\u011f\u0131ms\u0131zl\u0131k ilan\u0131n\u0131n hemen ard\u0131ndan Patrikhanenin yetkisini kabul etmedi\u011fini a\u00e7\u0131klayarak ba\u011f\u0131ms\u0131zla\u015fan Atina&#39;daki Yunan Ortodoks Kilisesi idi. Bug\u00fcn i\u00e7in, Fener-Rum Patrikhanesine ba\u011fl\u0131 olan ve onun yetkilerini kabul edenler Yunanistan&#39;a daha sonradan ba\u011flanan kuzey kesimindeki kiliseler ve Oniki Adalar&#39;daki kiliseler ile Yunanistan d\u0131\u015f\u0131nda (ABD, Avustralya gibi \u00fclkelerde) ya\u015fayan Yunanl\u0131lar\u0131n mensubu olduklar\u0131 kiliselerdir. Ayn\u0131 \u00fclkenin topraklar\u0131nda ya\u015fad\u0131\u011f\u0131 Ba\u011f\u0131ms\u0131z T\u00fcrk Ortodoks Kilisesi&#39;nin bile Patrikhanenin liderli\u011fini kabul etmemesi ilgin\u00e7tir. Bu durumda Patrikhane, ek\u00fcmeniklik iddias\u0131na ge\u00e7erlilik kazand\u0131rabilecek \u00fc\u00e7\u00fcnc\u00fc oluru da kazanamam\u0131\u015f durumdad\u0131r. ABD&#39;nin, Yunanistan&#39;\u0131n ya da bir Avrupa devletinin Patrikhanenin ek\u00fcmenikli\u011fini tan\u0131mas\u0131 ise hi\u00e7bir \u015feyi de\u011fi\u015ftirmeyecektir.<\/strong>  <\/p>\n<p> <strong>Patrikhane, kimi zaman kendisini kabul etmeyen &quot;karde\u015f&quot;leri ile kimi zaman kendisini kabul etmeyenleri zay\u0131flatmak isteyen dostlar\u0131 ile yapt\u0131\u011f\u0131 i\u015fbirlikleri ve de\u011ferlendirdi\u011fi f\u0131rsatlarla g\u00fc\u00e7lenme imkan\u0131 buldu. Lenin&#39;in laik ve dinden uzak Sovyet Devleti&#39;nin din kar\u015f\u0131t\u0131 tutumu, &quot;ek\u00fcmeniklik&quot; iddias\u0131ndaki Fener-Rum Patrikhanesinin yay\u0131lma ve tan\u0131nma s\u00fcrecine \u00f6nemli bir katk\u0131da bulunmu\u015ftur. Fener-Rum \u00f6zellikle Stalin d\u00f6neminde Moskova Patrikhanesinin etkisinin iyice azalmas\u0131ndan faydalanarak, daha \u00f6nceleri Moskova Ortodoks Patrikhane&#39;sinin \u015femsiyesi ve g\u00fcd\u00fcm\u00fcnde hareket eden Bat\u0131 ve Orta Avrupa&#39;daki Ortodoks kiliselerini, Amerika ve Asya-Avustralya eksenindeki di\u011fer kimi &quot;karde\u015f&quot; kiliseleri etkisi alt\u0131na almay\u0131 ba\u015farm\u0131\u015ft\u0131. II. D\u00fcnya sava\u015f\u0131n\u0131 takiben yeniden Rus Ortodoks patrikhanesinin cazibe alan\u0131na d\u00f6nen Finlandiya, Litvanya, Letonya, Polonya, \u00c7ekoslavakya ve Macaristan Ortodoks Kiliseleri 1940&#39;l\u0131 y\u0131llara kadar Fener Patrikhanesi ile yak\u0131n temaslar kurup onunla i\u015fbirli\u011fi i\u00e7inde bulunmu\u015flard\u0131r.<\/strong>  <\/p>\n<p> SSCB&#39;nin da\u011f\u0131lmas\u0131 ile birlikte Rusya&#39;da spirit\u00fcellik ve k\u00fclt\u00fcr\u00fcn yeniden yarat\u0131lmas\u0131, geli\u015ftirilmesi ve Rus kimli\u011finin in\u015fas\u0131 a\u00e7\u0131s\u0131ndan Ortodoksluk ve Moskova Patrikhanesi yeniden \u00f6nem kazand\u0131 ve de eskisinden daha g\u00fc\u00e7l\u00fc bir \u015fekilde aya\u011fa kalkt\u0131. Bu d\u00f6nemde Moskova&#39;n\u0131n ihtiya\u00e7 duydu\u011fu ruhbanlar da, (Fener-Rum&#39;un ek\u00fcmeniklik iddias\u0131ndan pek de hazzetmeyen) Yunan Ortodoks Kilisesi taraf\u0131ndan g\u00f6nderilmi\u015fti. Balkanlarda bir T\u00fcrk &#8211; M\u00fcsl\u00fcman olu\u015fumu oldu\u011fu iddias\u0131ndaki Yunanistan, Rusya ile Slav-Ortodoks ekseni olu\u015fturma yoluna girdi\u011finde (1993) Patrikhane de Moskova Patrikhanesi ile i\u015fbirli\u011fi yapm\u0131\u015ft\u0131. Rus Ortodoks Kilisesi&#39;nin g\u00fc\u00e7lenmesinden ve etki alan\u0131n\u0131 geni\u015fletmesinden ho\u015flanmayan Vatikan, ABD ve AB topraklar\u0131nda Rus etkisi alt\u0131nda Ortodoks istemediklerinden olsa gerek Patrikhane&#39;nin iddialar\u0131na destek vermektedirler. G\u00f6r\u00fcld\u00fc\u011f\u00fc \u00fczere Patrikhane, s\u00fcrekli dostu olan bir kurum olmaktan ziyade kendisini kullanmakta \u00e7\u0131karlar\u0131 olanlar\u0131 kullanarak g\u00fc\u00e7 kazanmaya \u00e7al\u0131\u015fan eski bir Episkoposluktur.  <\/p>\n<p> Kendisinin yetkilerini tan\u0131mayan Moskova Patrikli\u011fi ve s\u00fcrekli tart\u0131\u015fma halinde oldu\u011fu Yunan Ortodoks Kilisesi&#39;ne kar\u015f\u0131 g\u00fc\u00e7lenmeye \u00e7al\u0131\u015fan ve Papal\u0131kla da boy \u00f6l\u00e7\u00fc\u015fen Patrikin, dinsel yetki m\u00fccadelesini yanl\u0131\u015f yerlerde s\u00fcrd\u00fcrd\u00fc\u011f\u00fc a\u00e7\u0131k. D\u00fcnya \u00fczerindeki 220 milyon Ortodoks insan\u0131n sadece binde 1.3&#39;\u00fc (300 bin) \u00fczerinde ruhani yetkileri oldu\u011fu d\u00fc\u015f\u00fcn\u00fcld\u00fc\u011f\u00fcnde Patrik&#39;in d\u00fcnya Ortodokslar\u0131n\u0131n liderli\u011fi iddias\u0131 as\u0131ls\u0131z kalmaktad\u0131r. Kald\u0131 ki ek\u00fcmeniklik iddias\u0131 bir kez kabul edildikten sonra memleketimiz i\u00e7inde ikinci bir Vatikan tarz\u0131 yap\u0131lanman\u0131n \u00f6n\u00fc a\u00e7\u0131lm\u0131\u015f olacakt\u0131r.  <\/p>\n<p> \u0130lk etapta Patrik&#39;in T\u00fcrk vatanda\u015f\u0131 olma zorunlulu\u011fu kald\u0131r\u0131lmak istenecek ard\u0131ndan m\u00fcbadele anla\u015fmalar\u0131 ile bo\u015falt\u0131lm\u0131\u015f Anadolu topraklar\u0131na tekrar Rumlar yerle\u015ftirilmek istenecek ve elbette daha \u00f6zerk bir y\u00f6netim istenecek. Asla olmaz gibi g\u00f6r\u00fcnen bu konudaki ad\u0131mlar ise \u00e7oktan at\u0131lm\u0131\u015ft\u0131r. Fener Rum Patriki Bartholomeos, &quot;y\u00fczlerce defa Vatikanla\u015fmak istemediklerini T\u00fcrk makamlar\u0131na anlatt\u0131klar\u0131n\u0131&quot; s\u00f6ylese de di\u011fer baz\u0131 zamanlarda yabanc\u0131 makamlara yapt\u0131\u011f\u0131 \u015fikayetler ve s\u0131ralad\u0131\u011f\u0131 talepler dikkate al\u0131nd\u0131\u011f\u0131nda farkl\u0131 bir ideal pe\u015finde oldu\u011fu anla\u015f\u0131lmaktad\u0131r. Bartholomeos &quot;eskiden H\u0131ristiyan topluluklar\u0131n ya\u015fad\u0131\u011f\u0131 b\u00f6lgelerde yeniden H\u0131ristiyanlar\u0131n ya\u015famas\u0131na izin verilmelidir&quot; iddia\/talebini ilk kez Kapadokya&#39;da 07 May\u0131s 2000&#39;de yapt\u0131\u011f\u0131 ayinde y\u00fcksek sesle dile getirmi\u015ftir. \u0130stanbul d\u0131\u015f\u0131ndaki Rum cemaatinin, ya \u0130stanbul&#39;a yerle\u015fti\u011fi ya da m\u00fcbadele yoluyla \u00fclkeyi ve Anadolu&#39;da ya\u015fad\u0131klar\u0131 yerleri terk ettikleri bilinmektedir. Ancak, Patrikhane terk edilmi\u015f topraklarda bulunan, cemaati olmad\u0131\u011f\u0131 i\u00e7in de i\u015flevsiz kalan kiliselere, bu ki\u015fileri \u0130stanbul&#39;da bulundursa da, metropolit atamaya devam etmektedir. Patrikin makam\u0131nda yabanc\u0131 devlet ba\u015fkanlar\u0131n\u0131 kabul etmesinin ve onlara ni\u015fan takmas\u0131n\u0131n ise ni\u015fan takman\u0131n devletlere has bir yetki oldu\u011fu d\u00fc\u015f\u00fcn\u00fcld\u00fc\u011f\u00fcnde devlet i\u00e7inde iki ba\u015fl\u0131l\u0131k sorunu yaratt\u0131\u011f\u0131 g\u00f6r\u00fclmektedir.  <\/p>\n<p> Amerikan Ortodoks Kilisesi Temsilciler Grubu&#39;nun Ba\u015fkan\u0131 Antoni Limberakis, ABD B\u00fcy\u00fckel\u00e7isi Edelman onuruna verilen yemekte, Patrikin se\u00e7iminde &quot;vatanda\u015fl\u0131k&quot; gibi bir engel olmamas\u0131 gerekti\u011fini iddia etmi\u015fti. Halbuki Fener Rum Patrikhanesinin yetkilerini kabul edenler Yunanistan d\u0131\u015f\u0131nda ya\u015fayan Yunanl\u0131lar (Rumlar) ve Yunanistan&#39;a ba\u011f\u0131ms\u0131zl\u0131\u011f\u0131ndan sonra kat\u0131lan bug\u00fcnk\u00fc Yunanistan topraklar\u0131nda ya\u015fayan Yunanl\u0131lard\u0131r. B\u00f6ylesi bir talebin kabul\u00fc, her daim Yunan as\u0131ll\u0131 ancak muhtemelen hi\u00e7bir zaman T\u00fcrkiye Cumhuriyeti vatanda\u015f\u0131 olmayan ruhbanlar\u0131n \u0130stanbul&#39;da Patrik olabilmesinin \u00f6n\u00fcn\u00fc a\u00e7acakt\u0131r. Nitekim, Yunanistan Ba\u015fpiskoposu Hristodulos da &quot;Patrikhaneyi hedef alan her darbe ayn\u0131 zamanda Yunan halk\u0131n\u0131n vicdan\u0131na vurulmu\u015ftur&quot; demektedir. Anla\u015f\u0131l\u0131yor ki, tamam\u0131yla milli bir karakter ta\u015f\u0131yan Ortodoksluk inanc\u0131 a\u00e7\u0131s\u0131ndan Ortodoks Rumlar\u0131n ruhani liderli\u011fini y\u00fcr\u00fctecek bir kurumun T\u00fcrkiye&#39;de bulunmas\u0131ndansa Yunanistan&#39;da bulunmas\u0131 daha uygun olacakt\u0131r.  <\/p>\n<p> <\/p>\n<p> Not: Konstantin&#39;in merkezini \u0130stanbul&#39;a ta\u015f\u0131d\u0131\u011f\u0131 devleti &quot;Yeni Roma&quot; ilan etmesinden sonra bu \u00fclkede ya\u015fayan vatanda\u015flar\u0131n Rum olarak adland\u0131r\u0131lmas\u0131yla ba\u015flayan s\u00fcre\u00e7 bir yana b\u0131rak\u0131l\u0131rsa, Osmanl\u0131&#39;da Millet sisteminden \u00f6t\u00fcr\u00fc, &#8216;Rum&#39;un manas\u0131 Fener Patrikhanesi&#39;ne ba\u011fl\u0131 oland\u0131r.<a name=\"_ftnref3\" href=\"#_ftn3\" title=\"_ftnref3\">[3]<\/a>  <\/p>\n<p> <\/p>\n<hr \/>\n<p> <a name=\"_ftn1\" href=\"#_ftnref1\" title=\"_ftn1\">[1]<\/a> 24.09.2006 Milli Gazete  <\/p>\n<p> <a name=\"_ftn2\" href=\"#_ftnref2\" title=\"_ftn2\">[2]<\/a> 30.09.2006 \/ Milli Gazete  <\/p>\n<p> <a name=\"_ftn3\" href=\"#_ftnref3\" title=\"_ftn3\">[3]<\/a> 03.11.2006 \/ G\u00f6zde K\u0131l\u0131\u00e7 Ya\u015f\u0131n \/ Milli Gazete  <\/p>\n","protected":false},"excerpt":{"rendered":"<p>\u00a0  <\/p>\n<p> <strong>H\u00fck\u00fcmet, milletin g\u00f6z\u00fcn\u00fcn i\u00e7ine baka baka yalan s\u00f6yl\u00fcyor. Vak\u0131flar tasar\u0131s\u0131yla \u0130stanbul Vatikanla\u015f\u0131yor!<\/strong>  <\/p>\n<p> Az\u0131nl\u0131k vak\u0131flar\u0131na ve yabanc\u0131lara ola\u011fan\u00fcst\u00fc imtiyazlar ta\u015f\u0131yan Vak\u0131flar Yasa Tasar\u0131s\u0131 ile ilgili tart\u0131\u015fmalar s\u00fcr\u00fcyor. Meclis g\u00fcndeminde bulunan ve yo\u011fun ele\u015ftirilere ra\u011fmen AKP&#39;nin \u0131srarla yasala\u015ft\u0131rmaya \u00e7al\u0131\u015ft\u0131\u011f\u0131 Vak\u0131flar Yasa Tasar\u0131s\u0131, yabanc\u0131lara vak\u0131f kurma ve y\u00f6netme hakk\u0131 verirken, yabanc\u0131 vak\u0131flar\u0131n s\u0131n\u0131rs\u0131z gayrimenkul sat\u0131n alabilmesine de imkan tan\u0131yor. Ancak tasar\u0131n\u0131n en \u00e7ok tart\u0131\u015f\u0131lan ve endi\u015feye neden olan d\u00fczenlemesi ge\u00e7ici 9. madde. Bu madde ile Hazine&#39;ye intikal eden Gayri Muslimlere ait Vak\u0131flara ait gayrimenkullerin iadesi \u00f6ng\u00f6r\u00fcl\u00fcyor.  <\/p>\n","protected":false},"author":3,"featured_media":0,"comment_status":"open","ping_status":"closed","sticky":false,"template":"","format":"standard","meta":{"footnotes":""},"categories":[65],"tags":[],"class_list":["post-832","post","type-post","status-publish","format-standard","hentry","category-ocak-2007"],"_links":{"self":[{"href":"https:\/\/www.millicozum.com\/mc\/wp-json\/wp\/v2\/posts\/832","targetHints":{"allow":["GET"]}}],"collection":[{"href":"https:\/\/www.millicozum.com\/mc\/wp-json\/wp\/v2\/posts"}],"about":[{"href":"https:\/\/www.millicozum.com\/mc\/wp-json\/wp\/v2\/types\/post"}],"author":[{"embeddable":true,"href":"https:\/\/www.millicozum.com\/mc\/wp-json\/wp\/v2\/users\/3"}],"replies":[{"embeddable":true,"href":"https:\/\/www.millicozum.com\/mc\/wp-json\/wp\/v2\/comments?post=832"}],"version-history":[{"count":0,"href":"https:\/\/www.millicozum.com\/mc\/wp-json\/wp\/v2\/posts\/832\/revisions"}],"wp:attachment":[{"href":"https:\/\/www.millicozum.com\/mc\/wp-json\/wp\/v2\/media?parent=832"}],"wp:term":[{"taxonomy":"category","embeddable":true,"href":"https:\/\/www.millicozum.com\/mc\/wp-json\/wp\/v2\/categories?post=832"},{"taxonomy":"post_tag","embeddable":true,"href":"https:\/\/www.millicozum.com\/mc\/wp-json\/wp\/v2\/tags?post=832"}],"curies":[{"name":"wp","href":"https:\/\/api.w.org\/{rel}","templated":true}]}}