{"id":834,"date":"2007-01-03T13:23:01","date_gmt":"2007-01-03T13:23:01","guid":{"rendered":"https:\/\/www.millicozum.com\/mc\/2007\/01\/03\/ahmedecadla-b-ytanin-dansi\/"},"modified":"2007-01-03T13:23:01","modified_gmt":"2007-01-03T13:23:01","slug":"ahmedinecadla-buyuk-seytanin-dansi","status":"publish","type":"post","link":"https:\/\/www.millicozum.com\/mc\/2007\/ocak-2007\/ahmedinecadla-buyuk-seytanin-dansi\/","title":{"rendered":"AHMED\u0130NECAD&#8217;LA B\u00dcY\u00dcK \u015eEYTANIN DANSI"},"content":{"rendered":"<p>\u00a0  <\/p>\n<p> <strong>\u0130srail&#39;i Haritadan Silmeyi \u00d6neriyor, ABD D\u00fc\u015fmanl\u0131\u011f\u0131nda Humeyni&#39;yi Solluyor, d\u00fc\u015f\u00fcnmeden D\u00fcnyay\u0131 Geriyor. Peki Kim Bu Mahmud Ahmedinecad?<\/strong>  <\/p>\n<p> <strong>Onu sevmeyenler, onun i\u00e7in &quot;ultra muhafazakar&quot; diyor. ABD&#39;nin n\u00fckleer silahlarla ilgili uyar\u0131lar\u0131na meydan okuyor. Bir\u00e7ok ki\u015fi bu tutumunu devam ettirirse sonunun Saddam H\u00fcseyin&#39;e benzeyece\u011fini d\u00fc\u015f\u00fcn\u00fcyor!.. Ama pek \u00e7ok insan da onu &quot;ki\u015filikli&quot; ve cesaretli buluyor! Ahmedinecad Amerika&#39;ya ve \u0130srail&#39;e kafa tutuyor. Hatta daha \u00f6teye gidiyor ve Bush&#39;u &quot;Allah&#39;\u0131n yoluna&quot; davet ediyor!?<\/strong>  <\/p>\n<p>  \u00a0  <\/p>\n<p> 1956 y\u0131l\u0131nda Kuzey \u0130ran&#39;\u0131n Aradan k\u00f6y\u00fcnde yoksul bir nalbant\u0131n o\u011flu olarak d\u00fcnyaya geldi. Annesi\u00a0 Azeri T\u00fcrk&#39;\u00fc, babas\u0131 Farisi. 1979&#39;da \u0130ran Devrimi oldu\u011funda Tahran&#39;daki Bilim ve Teknoloji \u00dcniversitesi \u0130mar ve \u0130n\u015faat B\u00f6l\u00fcm\u00fc&#39;nde okuyan, 23 ya\u015f\u0131nda ate\u015fli bir \u015eah aleyhtar\u0131 \u00fcniversite \u00f6\u011frencisiydi. \u00dcniversitedeyken Humeyni yanl\u0131s\u0131 \u00f6\u011frencilerin liderlerinden biriydi. S\u00f6ylentilere g\u00f6re \u0130ran Devrimi&#39;nden sonra ABD&#39;nin Tahran B\u00fcy\u00fckel\u00e7ili\u011fi&#39;nin bas\u0131lmas\u0131 ve i\u00e7eridekilerin rehin al\u0131nmas\u0131na ad\u0131 kar\u0131\u015fan gruplarla ili\u015fkiliydi.  <\/p>\n<p> Hakk\u0131nda s\u00f6ylenenler do\u011fruysa devrimden sonra Devrim Muhaf\u0131zlar\u0131na kat\u0131lm\u0131\u015f ve b\u00f6lgedeki baz\u0131 gizli operasyonlarda etkin rol alm\u0131\u015ft\u0131. Bitirdi\u011fi okulda, yani Tahran Bilim ve Teknoloji \u00dcniversitesi&#39;nde \u00f6\u011fretim g\u00f6revlisi olarak \u00e7al\u0131\u015ft\u0131. \u0130ran-Irak Sava\u015f\u0131&#39;nda m\u00fchendis olarak g\u00f6rev yapt\u0131. Sava\u015f bittikten sonra Maku ve Erdebil Valiliklerinde bulundu. Cumhurba\u015fkan\u0131 se\u00e7ilmeden \u00f6nce de Tahran Belediye Ba\u015fkanl\u0131\u011f\u0131 g\u00f6revini y\u00fcr\u00fct\u00fcyordu.  <\/p>\n<p> Belediye ba\u015fkan\u0131yken dini \u00e7al\u0131\u015fmalara a\u011f\u0131rl\u0131k vermi\u015fti. Asans\u00f6rlerde haremlik\/selaml\u0131k usul\u00fcn\u00fcn uygulanmas\u0131n\u0131 sa\u011flayacak kadar ileri gitmi\u015fti. \u0130ran&#39;da g\u00f6rev yapm\u0131\u015f Amerikal\u0131lar\u0131n iddialar\u0131na bak\u0131lacak olursa &quot;Ahmedinecad sert ve gaddar&quot; biriydi.  <\/p>\n<p> <strong>Tayyip Erdo\u011fan Gibi Belediyecilikte \u00dcn Kazand\u0131!<\/strong>  <\/p>\n<p> O da Ba\u015fbakan Recep Tayyip Erdo\u011fan gibi belediyecilikten geliyor. Tahran Belediye Ba\u015fkanl\u0131\u011f\u0131 d\u00f6neminde yapt\u0131klar\u0131yla hem Tahranl\u0131lar\u0131n, hem de \u0130ranl\u0131lar\u0131n b\u00fcy\u00fck takdirini kazand\u0131. Ahmedinecad, Hatemi&#39;nin Cumhurba\u015fkanl\u0131\u011f\u0131 d\u00f6neminde muhafazakarlar\u0131n gurur duydu\u011fu ve yenilik\u00e7ilere kar\u015f\u0131 \u00f6ne \u00e7\u0131kard\u0131klar\u0131 bir simayd\u0131. Tahran Belediye Ba\u015fkanl\u0131\u011f\u0131&#39;na atand\u0131\u011f\u0131 (O d\u00f6nemde belediye ba\u015fkanlar\u0131 atamayla i\u015fba\u015f\u0131na geliyordu) 2003 y\u0131l\u0131na kadar \u0130ran genelinde tan\u0131nan biri de\u011fildi. Onun as\u0131l \u00fcn\u00fc, Tahran Belediye Ba\u015fkanl\u0131\u011f\u0131 ile ba\u015flad\u0131. Tahran Belediye Ba\u015fkan\u0131 olmadan \u00f6nce, mezun oldu\u011fu \u00fcniversitede Dr. unvan\u0131n\u0131 ta\u015f\u0131yan bir \u00f6\u011fretim \u00fcyesiydi. Belediye ba\u015fkanl\u0131\u011f\u0131 d\u00f6neminde, \u0130ran Irak Sava\u015f\u0131nda \u00f6lenlerin an\u0131s\u0131n\u0131 ya\u015fatmak i\u00e7in Tahran&#39;\u0131 neredeyse a\u00e7\u0131k bir m\u00fczeye \u00e7evirdi. Her yeri posterler ve resimlerle s\u00fcsledi. Ayr\u0131ca fakirlere yard\u0131m programlar\u0131 uygulad\u0131. G\u00fcn geldi, 2003&#39;te, devrimin birinci ve ikinci ku\u015fa\u011f\u0131n\u0131 temsil eden radikal muhafazakar \u00e7evrelerin deste\u011fiyle Cumhurba\u015fkanl\u0131\u011f\u0131na aday oldu. Arkas\u0131nda Devrim Muhaf\u0131zlar\u0131 ve \u0130ran-Irak Sava\u015f\u0131&#39;na kat\u0131lm\u0131\u015f Besiciler vard\u0131. \u0130ran&#39;da polis d\u0131\u015f\u0131nda g\u00f6rev yapan sivillerin arkas\u0131ndaki g\u00fc\u00e7t\u00fc Besiciler. Yani Humeyni&#39;nin yolunu takip edenler, devrimi korumaya ant i\u00e7enler&#8230; Ahmedinecad&#39;\u0131n Cumhurba\u015fkanl\u0131\u011f\u0131 se\u00e7imlerinde en fazla g\u00fcndeme getirdi\u011fi konular, yoksulluk ve yolsuzlukla m\u00fccadele, sosyal adalet ve petrol gelirlerinin halka e\u015fit da\u011f\u0131t\u0131lmas\u0131 idi. Bu y\u00f6nleriyle Ahmedinecad Recep Tayyip Erdo\u011fan&#39;a benziyordu.  <\/p>\n<p> <\/p>\n<p> <strong>Se\u00e7ilmesi So\u011fuk Du\u015f Etkisi Yapt\u0131<\/strong>  <\/p>\n<p> Cumhurba\u015fkanl\u0131\u011f\u0131 se\u00e7imlerinde \u0130ran&#39;\u0131n en kudretli simalar\u0131ndan eski Cumhurba\u015fkan\u0131 Ha\u015fimi Rafsancani&#39;yle yar\u0131\u015ft\u0131. Se\u00e7imde Rafsancani&#39;ye kar\u015f\u0131 ikinci turda yar\u0131\u015farak oylar\u0131n y\u00fczde 61.69&#39;unu ald\u0131. Hi\u00e7 kimse Ahmedinecad&#39;\u0131n, ba\u015fta kurt politikac\u0131 Rafsancani olmak \u00fczere 7 aday aras\u0131ndan s\u0131yr\u0131lmas\u0131n\u0131 beklemiyordu. \u00dcst\u00fcne \u00fcstl\u00fck Rafsacani ile aras\u0131ndaki oy fark\u0131 6 milyon idi. Ahmedinecad&#39;\u0131n se\u00e7imlerde ikinci tura kalmas\u0131 bile beklenmezken o, se\u00e7imlerden Cumhurba\u015fkan\u0131 olarak \u00e7\u0131kt\u0131.  <\/p>\n<p> Ne var ki, se\u00e7imlerde hileye ba\u015fvuruldu\u011fu iddialar\u0131 vard\u0131. Ahmedinecad&#39;\u0131n, ilk turda \u0130ran Devrimi&#39;nden sonra en \u00fcst kademelerde g\u00f6rev alm\u0131\u015f Rafsancani&#39;nin kar\u015f\u0131s\u0131nda en g\u00fc\u00e7l\u00fc rakip olarak ikinci tura kat\u0131lmas\u0131 da bu hile s\u00f6ylentilerini art\u0131rm\u0131\u015ft\u0131. Ahmedinecad, Akber Ha\u015femi Rafsancani&#39;nin ald\u0131\u011f\u0131 %21&#39;lik oy oran\u0131n\u0131n kar\u015f\u0131s\u0131nda %19.6 ile en \u00e7ok oyu alan ikinci ki\u015fi olmu\u015ftu. Ve ikinci tur se\u00e7imlerinin sonucunda Ahmedinecad \u0130ran&#39;\u0131n yeni Cumhurba\u015fkan\u0131 olarak koltu\u011funa oturmu\u015ftu.  <\/p>\n<p> Ahmedinecad, fakir kesimlerin deste\u011fini kazanmak i\u00e7in \u0130ran&#39;daki gelir da\u011f\u0131l\u0131m\u0131 adaletsizli\u011fini f\u0131rsat bilip bunu g\u00fcc\u00fcn\u00fc art\u0131rmak i\u00e7in bir ara\u00e7 olarak kulland\u0131. Eski Cumhurba\u015fkan\u0131 Hatemi i\u00e7in a\u011f\u0131r ele\u015ftirilerde bulundu. Ona g\u00f6re Hatemi halk\u0131n nelere gereksinim duydu\u011funu hi\u00e7 anlamad\u0131. \u0130ran&#39;\u0131 d\u0131\u015fa a\u00e7aca\u011f\u0131 ve demokratikle\u015ftirece\u011fi imaj\u0131yla Cumhurba\u015fkan\u0131 se\u00e7ilen yenilik\u00e7i kanad\u0131n lideri Hatemi&#39;nin h\u00fck\u00fcmetinin yoksullara y\u00f6nelik politikas\u0131n\u0131n zay\u0131f olmas\u0131, Tahran Belediye Ba\u015fkan\u0131 Ahmedinecad&#39;\u0131n \u00fcn\u00fcn\u00fc daha da art\u0131rd\u0131. Hatemi&#39;nin yaratt\u0131\u011f\u0131 hayal k\u0131r\u0131kl\u0131\u011f\u0131, \u0130ranl\u0131lar\u0131n Ahmedinecad&#39;a y\u00f6nelmelerinin en temel nedeniydi. Se\u00e7imlerde Ahmedinecad petrol gelirlerini halka yans\u0131taca\u011f\u0131 s\u00f6ylemini g\u00fc\u00e7l\u00fc bir \u015fekilde dile getirdi.  <\/p>\n<p> <strong>K\u00fcrtler Ona Hi\u00e7 Is\u0131nmad\u0131<\/strong>  <\/p>\n<p> \u0130ran&#39;da &quot;K\u00fcrtler, Cumhurba\u015fkanlar\u0131&#39;n\u0131 \u00e7ok seviyor&quot; diyemeyiz. Ayn\u0131 durum T\u00fcrkiye K\u00fcrtleri i\u00e7inde ge\u00e7erli. Sebebi de ta 1989&#39;a dayan\u0131yor. Ahmedinecad&#39;\u0131n, K\u00fcrdistan Demokrat Partisi Lideri Abdurrahman Kas\u0131mlo ve iki arkada\u015f\u0131n\u0131n 13 Temmuz 1989&#39;da Viyana&#39;da \u00f6ld\u00fcr\u00fclmesi olay\u0131na kar\u0131\u015ft\u0131\u011f\u0131 ileri s\u00fcr\u00fcl\u00fcyor. Hatta bu olay nedeniyle Avusturya&#39;da bir savc\u0131 yeni kan\u0131tlar buldu\u011funu s\u00f6yleyerek Ahmedinecad hakk\u0131nda soru\u015fturma a\u00e7t\u0131. \u0130ddialara g\u00f6re Ahmedinecad, cinayetten k\u0131sa s\u00fcre \u00f6nce Viyana&#39;ya seyahat etti. Cinayeti i\u015fleyen ekip ile \u0130ran el\u00e7ili\u011finde bulu\u015ftu.  <\/p>\n<p> <strong>Ge\u00e7mi\u015fi Pek Bilinmiyor<\/strong>  <\/p>\n<p> <strong>\u0130\u015fin bu taraf\u0131 biraz kar\u0131\u015f\u0131k, ama kesin olan tek \u015fey var: Bug\u00fcn\u00fcn \u0130ran Cumhurba\u015fkan\u0131 bir zamanlar &quot;Devrim Muhaf\u0131z\u0131&quot; olarak g\u00f6rev yap\u0131yordu.<\/strong>  <\/p>\n<p> <strong>Ba\u015f D\u00fc\u015fman\u0131 ABD!?<\/strong>  <\/p>\n<p> <strong>ABD d\u00fc\u015fmanl\u0131\u011f\u0131 o boyutlarda ki, belediye ba\u015fkanl\u0131\u011f\u0131 d\u00f6neminde Amerikan icad\u0131 oldu\u011fu gerek\u00e7esiyle Tahran&#39;daki b\u00fct\u00fcn fast-food restoranlar\u0131n\u0131 kapatt\u0131rm\u0131\u015ft\u0131.<\/strong>  <\/p>\n<p> <strong>Haz\u0131r Cevap Ve Agresif<\/strong>  <\/p>\n<p> <strong>Hi\u00e7 ku\u015fkusuz L\u00fcbnan Hizbullah&#39;\u0131n\u0131 da pek &quot;seviyor&quot;. Bu y\u00fczden L\u00fcbnan \u015eiilerine elinden gelen yard\u0131m\u0131 yap\u0131yor, a\u00e7\u0131k ya da gizli&#8230; \u0130srail-Hizbullah sava\u015f\u0131nda Hizbullah&#39;a destek mesajlar\u0131n\u0131 her f\u0131rsatta iletti. Ve sava\u015f\u0131n galibi olarak Hizbullah&#39;\u0131 g\u00f6sterdi. Amerika&#39;ya kar\u015f\u0131 sert \u00e7\u0131k\u0131\u015flar\u0131 ve Latin Amerika&#39;n\u0131n solcu liderleriyle yak\u0131nl\u0131\u011f\u0131, n\u00fckleer program\u0131 d\u0131\u015f bask\u0131lar y\u00fcz\u00fcnden yar\u0131da b\u0131rakmamak konusundaki inat\u00e7\u0131 tutumu nedeniyle Ahmedinecad, T\u00fcrkiye&#39;deki ulusalc\u0131lar\u0131n da ilgisini \u00e7ekiyor.<\/strong>  <\/p>\n<p> <strong>&quot;H\u00fcccetiye&quot; Denilen Cemiyete Mensupmu\u015f!\u00a0\u00a0\u00a0 <\/strong> <\/p>\n<p> <strong>Onun hakk\u0131ndaki s\u00f6ylentilerden birisi de \u0130ran&#39;da &quot;H\u00fcccetiye&quot; diye an\u0131lan gizli bir cemiyetin \u00fcyesi oldu\u011fu. S\u00f6ylentilere g\u00f6re Ahmedinecad&#39;\u0131n misyonu, 12. \u0130mam&#39;\u0131n yani &quot;Beklenen Mehdi&quot;nin geri d\u00f6n\u00fc\u015f\u00fcn\u00fcn yolunu a\u00e7mak i\u00e7in \u0130ran&#39;\u0131n daha g\u00fc\u00e7l\u00fc olmas\u0131n\u0131 sa\u011flamak. Aksiyon Dergisi&#39;nde yer alan bir habere g\u00f6re, Ahmedinecad \u0130ranl\u0131 imamlara &quot;B\u00fct\u00fcn politikalar\u0131m\u0131z\u0131 imam Mehdi&#39;nin d\u00f6n\u00fc\u015f\u00fcne endekslemeliyiz. Bat\u0131&#39;n\u0131n politikalar\u0131n\u0131 ve sistemlerini taklit etmeyi terk etmeliyiz&quot; demi\u015f. <\/strong> <\/p>\n<p> <strong>\u0130\u015fte bu s\u00f6zler, Ahmedinecad&#39;\u0131n &quot;H\u00fcccetiyeci&quot; oldu\u011fu \u015feklinde yorumlan\u0131yor. Ba\u015fta Hatemi olmak \u00fczere rakipleri Cumhurba\u015fkanl\u0131\u011f\u0131 se\u00e7imlerinde imal\u0131 olarak onun H\u00fcccetiye cemaati taraf\u0131ndan desteklendi\u011fini ileri s\u00fcrd\u00fc. Hatta Ahmedinecad, ge\u00e7en y\u0131l BM&#39;de yapt\u0131\u011f\u0131 konu\u015fmada da, Mehdi&#39;nin geli\u015fi i\u00e7in dua etmi\u015fti. \u015eiilik inanc\u0131na g\u00f6re 12. \u0130mam Muhammed bin Hasan el-Askeri, 941 y\u0131l\u0131nda ortadan kayboldu. \u015eii \u0130nan\u0131\u015f\u0131na g\u00f6re el-Askeri d\u00fcnyan\u0131n zul\u00fcm ve k\u00fcf\u00fcrle dolu oldu\u011fu bir d\u00f6nemde yeniden ortaya \u00e7\u0131karak yery\u00fcz\u00fcn\u00fc adaletle dolduracak.<\/strong>  <\/p>\n<p> <strong>Allah&#39;tan Mesaj Al\u0131yormu\u015f!.<\/strong>  <\/p>\n<p> <strong>Bir rivayete g\u00f6re: &quot;BM&#39;de yapt\u0131\u011f\u0131 bir konu\u015fma s\u0131ras\u0131nda etraf\u0131n\u0131n nur ile sar\u0131ld\u0131\u011f\u0131n\u0131 ve Allah&#39;tan mesaj ald\u0131\u011f\u0131n\u0131&quot; iddia etmi\u015fti.<a name=\"_ftnref1\" href=\"#_ftn1\" title=\"_ftnref1\"><strong>[1]<\/strong><\/a><\/strong>  <\/p>\n<p> <strong>\u0130ran Lideri Ahmedinejat&#39;\u0131n Bush&#39;a Mektubunun, \u0130\u00e7eri\u011fi:<\/strong>  <\/p>\n<p> <strong>Bush&#39;un &#39;&#39;sa\u00e7ma&#39;&#39; buldu\u011fu mektup, aylarca konu\u015fulacak bir i\u00e7eri\u011fe sahip<\/strong>  <\/p>\n<p> Kendini y\u00fcce ilahi Peygamber Hz. Mesih&#39;in takip\u00e7isi g\u00f6ren, kendini insan haklar\u0131yla y\u00fck\u00fcml\u00fc g\u00f6ren, liberalizmi medeniyet modeli sayan, n\u00fckleer silahlar\u0131n ve kitle imha silahlar\u0131n\u0131n yay\u0131lmas\u0131na kar\u015f\u0131 \u00e7\u0131kan, ter\u00f6rizmle m\u00fccadeleyi \u015fiar haline getiren ve nihayet, Hz. Mesih&#39;in ve salihlerin h\u00e2kim olaca\u011f\u0131 birle\u015fik bir d\u00fcnya toplumu kurmaya \u00e7al\u0131\u015fan birinin, ayn\u0131 zamanda \u00fclkelere sald\u0131rmas\u0131, bireylerin can\u0131n\u0131, haysiyetini ve varl\u0131\u011f\u0131n\u0131 de\u011fer olmaktan \u00e7\u0131karmas\u0131, \u00f6rne\u011fin bir k\u00f6yde, bir \u015fehirde veya bir konvoyda birka\u00e7 su\u00e7lunun muhtemel varl\u0131\u011f\u0131ndan dolay\u0131, o k\u00f6y\u00fc, o \u015fehri veya o konvoyu ate\u015fe vermesi m\u00fcmk\u00fcn olabilir mi?  <\/p>\n<p> Veya bir \u00fclkede kitle imha silahlar\u0131n\u0131n bulundu\u011fu ihtimalinden dolay\u0131 o \u00fclke i\u015fgal edilip y\u00fcz bin civar\u0131ndaki insan \u00f6ld\u00fcr\u00fclebilir; o \u00fclkenin su, tar\u0131m ve sanayi kaynaklar\u0131 ortadan kald\u0131r\u0131larak oraya 180 bin askeri g\u00fc\u00e7 yerle\u015ftirilebilir mi? \u0130nsanlar\u0131n evlerinin mahremiyeti \u00e7i\u011fnendi, bu \u00fclke belki de 50 y\u0131l geri g\u00f6t\u00fcr\u00fcld\u00fc. Hangi bedelle? Bir \u00fclke ve baz\u0131 di\u011fer \u00fclkeler, y\u00fcz milyarlarca dolar harcad\u0131. Sald\u0131rgan g\u00fcc\u00fcn askeri olarak on binlerce gen\u00e7 sevk edildi, bunlar kendi evlerinden uzakla\u015ft\u0131r\u0131larak \u00f6ld\u00fcrmek \u00fczere konu\u015fland\u0131r\u0131ld\u0131, onlar\u0131n elleri ba\u015fkalar\u0131n\u0131n kan\u0131na bula\u015ft\u0131r\u0131ld\u0131, psikolojik bask\u0131 alt\u0131nda tutulduklar\u0131 i\u00e7in onlar\u0131n bir k\u0131sm\u0131 intihar etti, \u00fclkelerine d\u00f6nd\u00fckten sonra bile \u00e7e\u015fitli hastal\u0131klar\u0131n pen\u00e7esine d\u00fc\u015ft\u00fcler, bir k\u0131sm\u0131 da \u00f6ld\u00fcr\u00fcld\u00fc ve cenazeleri ailelerine teslim edildi.  <\/p>\n<p> Elbette Saddam cani bir diktat\u00f6rd\u00fc. Ama sava\u015f\u0131n, onu devirmek i\u00e7in de\u011fil, kitle imha silahlar\u0131n\u0131 yok etmek i\u00e7in yap\u0131ld\u0131\u011f\u0131 belirtildi. Saddam bu \u00e7er\u00e7evede devrildi; b\u00f6lge halklar\u0131 da onun devrilmesinden memnun oldu. Saddam \u0130ran&#39;a kar\u015f\u0131 ba\u015flatt\u0131\u011f\u0131 sekiz y\u0131ll\u0131k sava\u015fta Bat\u0131&#39;dan destek g\u00f6rm\u00fc\u015ft\u00fc.  <\/p>\n<p> <strong>Say\u0131n Devlet Ba\u015fkan\u0131, <\/strong> <\/p>\n<p> Belki de biliyorsunuz, ben bir \u00f6\u011fretmenim. \u00d6\u011frenciler bana bu ad\u0131mlar\u0131n yukar\u0131da s\u00f6z\u00fcn\u00fc etti\u011fim de\u011ferlerle, bu c\u00fcmleden bar\u0131\u015f ve rahmet Peygamberi Hz. Mesih&#39;in \u00f6\u011fretileriyle nas\u0131l ba\u011fda\u015ft\u0131r\u0131labilece\u011fini soruyor. Guantanamo&#39;da san\u0131k olarak tutulanlar, mahkeme edilmiyor. Avukat tutma imk\u00e2n\u0131na sahip de\u011filler, aileleri onlarla g\u00f6r\u00fc\u015femiyor, onlar \u00fclke d\u0131\u015f\u0131nda al\u0131konuyor ve onlar i\u00e7in hi\u00e7bir uluslar aras\u0131 nezaret s\u00f6z konusu de\u011fil. Onlar\u0131n tutuklu mu, sava\u015f esiri mi, san\u0131k m\u0131, mahk\u00fbm mu oldu\u011fu belli de\u011fil. Avrupal\u0131 denet\u00e7iler, Avrupa&#39;da bile gizli zindanlar bulundu\u011funu teyit ettiler. Ben insanlar\u0131n ka\u00e7\u0131r\u0131l\u0131p gizli zindanlarda tutulmas\u0131n\u0131 d\u00fcnyadaki hi\u00e7bir yarg\u0131 sistemiyle ba\u011fda\u015ft\u0131ram\u0131yorum ve bu yap\u0131lanlar\u0131n yukar\u0131da s\u0131ralad\u0131\u011f\u0131m de\u011ferlerle, Hz. Mesih&#39;in \u00f6\u011fretileriyle, insan haklar\u0131yla veya liberalizm de\u011ferleriyle nas\u0131l ba\u011fda\u015ft\u0131\u011f\u0131n\u0131 anlayam\u0131yorum.  <\/p>\n<p> <\/p>\n<p> <strong>Say\u0131n Devlet Ba\u015fkan\u0131, <\/strong> <\/p>\n<p> \u0130srail&#39;in hangi bedeller ve hangi geli\u015fmeler sonucu kurulmu\u015f oldu\u011funu biliyor olmal\u0131s\u0131n\u0131z. Binlerce ki\u015finin \u00f6ld\u00fcr\u00fclmesi, milyonlarca ki\u015finin kendi yurdundan s\u00fcr\u00fclmesi, y\u00fcz binlerce hektarl\u0131k \u00e7iftli\u011fin, zeytin bah\u00e7esinin, \u015fehrin tahribi&#8230; Bu trajedi sadece kurulu\u015f d\u00f6nemine ait de\u011fil, maalesef 60 y\u0131ld\u0131r devam ediyor. Kurulmu\u015f olan bu rejim, \u00e7ocuklara bile ac\u0131m\u0131yor, evleri insanlar\u0131n ba\u015f\u0131na y\u0131k\u0131yor, Filistinlileri ter\u00f6r etme program\u0131n\u0131 \u00f6nceden ilan ediyor, binlerce Filistinliyi zindanda tutuyor. B\u00f6ylesi bir fenomen son as\u0131rda benzersizdir veya e\u015fine az rastlan\u0131r t\u00fcrdendir. Bir\u00e7ok halk i\u00e7in di\u011fer bir \u00f6nemli soru da \u015fudur: Ni\u00e7in b\u00f6ylesi bir rejim himaye ediliyor? Acaba b\u00f6ylesi bir rejimin himaye edilmesi, Hz. Mesih&#39;in (as) Hz. Musa&#39;n\u0131n (as) \u00f6\u011fretileriyle liberal de\u011ferlerle ba\u011fda\u015f\u0131yor mu? Filistin&#39;in kaderini tayin hakk\u0131n\u0131n, Filistin&#39;in i\u00e7inde ya da d\u0131\u015f\u0131nda ya\u015fayan M\u00fcsl\u00fcman&#39;\u0131yla, H\u0131ristiyan&#39;\u0131yla, Yahudi&#39;siyle t\u00fcm Filistin halk\u0131na b\u0131rak\u0131lmas\u0131 demokrasi ve insan haklar\u0131 ilkelerine ve Peygamberlerin \u00f6\u011fretilerine ayk\u0131r\u0131 m\u0131d\u0131r? E\u011fer ayk\u0131r\u0131 de\u011filse neden referanduma kar\u015f\u0131 \u00e7\u0131k\u0131l\u0131yor?  <\/p>\n<p> <strong>\u0130srail Aleyhindeki Kararlar\u0131 Ni\u00e7in Veto Ediyorsunuz?<\/strong>  <\/p>\n<p> Son Filistin h\u00fck\u00fcmeti, Filistin halk\u0131n\u0131n oyuyla i\u015f ba\u015f\u0131na geldi. T\u00fcm tarafs\u0131z g\u00f6zlemciler bunun se\u00e7ilmi\u015f bir h\u00fck\u00fcmet oldu\u011funu teyit etti. Filistin&#39;in se\u00e7ilmi\u015f h\u00fck\u00fcmeti, inan\u0131lmaz bir \u015fekilde bask\u0131 alt\u0131na al\u0131nd\u0131 ve ona &quot;\u0130srail rejimini tan\u0131, direni\u015ften vazge\u00e7 ve \u00f6nceki h\u00fck\u00fcmetin program\u0131n\u0131 izle&quot; dendi. E\u011fer \u015fu anki Filistin h\u00fck\u00fcmeti, b\u00f6ylesi politikalar\u0131 izleyece\u011fini daha \u00f6nceden belirtecek olsayd\u0131, acaba Filistin halk\u0131 onu se\u00e7er miydi? Bunlar, yukar\u0131da s\u00f6z etti\u011fimiz de\u011ferlerle ba\u011fda\u015f\u0131r m\u0131? Ayr\u0131ca halk \u015funu soruyor: G\u00fcvenlik Konseyi&#39;nden Siyonist rejimin aleyhine \u00e7\u0131kan her karar ni\u00e7in veto ediliyor?  <\/p>\n<p> <strong>Say\u0131n Devlet Ba\u015fkan\u0131, <\/strong> <\/p>\n<p> Latin Amerika halklar\u0131 onlar\u0131n bu k\u0131tadaki se\u00e7ilmi\u015f h\u00fck\u00fcmetlerine neden kar\u015f\u0131 \u00e7\u0131k\u0131ld\u0131\u011f\u0131n\u0131, buna kar\u015f\u0131l\u0131k neden darbecilerin desteklendi\u011fini sorma hakk\u0131na sahip mi? Ni\u00e7in onlar\u0131n ba\u015f\u0131n\u0131n \u00fcst\u00fcnde daimi bir tehdit bulutu dola\u015fmaktad\u0131r?  <\/p>\n<p> Afrika halk\u0131 \u00e7al\u0131\u015fkan, yarat\u0131c\u0131 ve yetenekli bir halkt\u0131r. Onlar, insanl\u0131k toplumunun maddi ve manevi ihtiya\u00e7lar\u0131n\u0131 temin edecek de\u011ferli ve \u00f6nemli bir rol oynayabilir. Afrika&#39;n\u0131n b\u00fcy\u00fck bir k\u0131sm\u0131ndaki yoksulluk ve imk\u00e2ns\u0131zl\u0131k, b\u00f6ylesi bir role engel olmaktad\u0131r. Acaba onlar\u0131n \u015funu sormaya hakk\u0131 var m\u0131? Ni\u00e7in onlar\u0131n b\u00fcy\u00fck servetleri ya\u011fmalan\u0131yor? H\u00e2lbuki onlar\u0131n kendileri buna herkesten daha \u00e7ok muhta\u00e7t\u0131r. Acaba bunlar Hz. Mesih&#39;in \u00f6\u011fretileriyle ve insan haklar\u0131yla ba\u011fda\u015f\u0131yor mu?  <\/p>\n<p> <\/p>\n<p> <strong>11 Eyl\u00fcl&#39;\u00fcn Perde Arkas\u0131 Ni\u00e7in A\u00e7\u0131klanm\u0131yor?<\/strong>  <\/p>\n<p> <strong>Say\u0131n Devlet Ba\u015fkan\u0131, <\/strong> <\/p>\n<p> 11 Eyl\u00fcl olay\u0131 ger\u00e7ekten korkun\u00e7 bir olayd\u0131. D\u00fcnyan\u0131n neresinde olursa olsun masum insanlar\u0131n \u00f6ld\u00fcr\u00fclmesi, \u00fcz\u00fcnt\u00fc ve elem vericidir. \u00dclkemiz, olaylardan hemen sonra bu t\u00fcr olaylar\u0131n m\u00fcsebbiplerini nefretle k\u0131nad\u0131\u011f\u0131n\u0131, geri kalanlara ise ba\u015fsa\u011fl\u0131\u011f\u0131 dileyerek onlar\u0131n ac\u0131lar\u0131n\u0131 payla\u015ft\u0131\u011f\u0131n\u0131 ifade etti. T\u00fcm devletler, yurtta\u015flar\u0131n\u0131n canlar\u0131n\u0131, mallar\u0131n\u0131 ve sayg\u0131nl\u0131klar\u0131n\u0131 korumakla g\u00f6revlidir. S\u00f6ylendi\u011fi kadar\u0131yla devletiniz geni\u015f bir istihbarat ve g\u00fcvenlik sistemine sahiptir. Hatta muhaliflerini yurt d\u0131\u015f\u0131nda bile avlamaktad\u0131r. 11 Eyl\u00fcl olay\u0131 basit bir operasyon de\u011fildi. Bu operasyonun istihbarat ve g\u00fcvenlik sistemleriyle koordine edilmeden veya bunlara n\u00fcfuz edilmeden planlan\u0131p uygulanmas\u0131 m\u00fcmk\u00fcn m\u00fcd\u00fcr? Ku\u015fkusuz bu mant\u0131kl\u0131 bir ihtimaldir. Konunun bu boyutlar\u0131 ni\u00e7in \u015fimdiye kadar gizli kald\u0131? Bu konuda kimlerin kusurlu oldu\u011fu konusunda neden a\u00e7\u0131klama yap\u0131lm\u0131yor? Ni\u00e7in bunlar\u0131n m\u00fcsebbipleri ve bu konuda kusuru bulunanlar mahkeme edilmiyor?  <\/p>\n<p> <strong>Irak&#39;a Sald\u0131r\u0131n\u0131n Halk\u0131na Faydas\u0131 Ne?<\/strong>  <\/p>\n<p> <strong>Say\u0131n Devlet Ba\u015fkan\u0131, <\/strong> <\/p>\n<p> T\u00fcm \u00fclkelerde devletlerinin hazinesi i\u00e7in para \u00f6deyen ve devletlerinden de hizmet bekleyen halkt\u0131r. Soru \u015fu: Irak&#39;a asker sevk etmek i\u00e7in y\u0131ll\u0131k ayr\u0131lan y\u00fcz milyarlarca dolarl\u0131k b\u00fct\u00e7enin halk i\u00e7in getirisi nedir? Zat\u0131alinizin de bildi\u011fi gibi \u00fclkenizdeki baz\u0131 eyaletlerde bulunan halk, yoksulluk ve s\u0131k\u0131nt\u0131 i\u00e7indedir. Binlerce ki\u015fi evsiz barks\u0131z ya\u015f\u0131yor. \u0130\u015fsizlik b\u00fcy\u00fck bir sorun ve bu sorun a\u015fa\u011f\u0131 yukar\u0131 t\u00fcm \u00fclkelerde de mevcut. Bu \u015fartlar alt\u0131nda halk\u0131n hazinesinden bu b\u00fcy\u00fckl\u00fckte bir b\u00fct\u00e7e ayr\u0131lmas\u0131, bu b\u00fcy\u00fckl\u00fckteki bir asker sevk\u0131yat\u0131n\u0131, izah etmeye yetiyor mu veya bunlar, yukarda s\u00f6ylenen ilkelerle ba\u011fda\u015f\u0131yor mu?  <\/p>\n<p> <strong>Anahtar Soru<\/strong>  <\/p>\n<p> <strong>Anahtar sorum \u015fu: D\u00fcnya halklar\u0131yla anla\u015fman\u0131n daha iyi bir rol\u00fc yok mu? Bug\u00fcn d\u00fcnyada milyarlarca H\u0131ristiyan, milyarlarca M\u00fcsl\u00fcman ve milyonlarca da Hz. Musa \u00f6\u011fretilerinin takip\u00e7isi bulunuyor. T\u00fcm ilahi dinler, tek bir kelimede birle\u015fiyor. Bu kelime de Tevhid&#39;dir. Yani Allah&#39;tan ba\u015fka ilah\u0131n bulunmad\u0131\u011f\u0131 tek tanr\u0131ya inanmak&#8230; Kur&#39;an-\u0131 Kerim bu ortak kelimeyi vurguluyor ve t\u00fcm ilahi dinlerin takip\u00e7ilerini buna davet ederek \u015f\u00f6yle diyor:<\/strong>  <\/p>\n<p> <strong>&quot;De ki ey kitap ehli, sizin ve bizim aram\u0131zda ortak olan bir kelimeye gelin: Yaln\u0131z Allah&#39;a tapal\u0131m, ona hi\u00e7bir \u015feyi ortak ko\u015fmayal\u0131m, birimiz di\u011ferini Allah&#39;tan ba\u015fka rab edinmesin&quot; (Al-\u0130mran: 64) <\/strong> <\/p>\n<p> <strong>Say\u0131n Devlet Ba\u015fkan\u0131, <\/strong> <\/p>\n<p> \u0130lahi kelam\u0131n da belirtti\u011fi \u00fczere tek bir Allah&#39;a tapmaya ve ilahi peygamberlere uymaya davet ediliyoruz. Her t\u00fcrl\u00fc g\u00fcc\u00fcn \u00fcst\u00fcnde olan ve g\u00fcc\u00fc yer \u015feye yeten, gizlide a\u00e7\u0131kta, ge\u00e7mi\u015fte, gelecekte olan her \u015feyi de, kullar\u0131n\u0131n kalplerinden ge\u00e7irdiklerini de bilen ve kullar\u0131n\u0131n amellerini kaydeden Allah&#39;a tap\u0131nmak. Yerlerin ve g\u00f6klerin maliki olan ve t\u00fcm \u00e2lemlerin meliki olan Allah&#39;a&#8230; T\u00fcm \u00e2lemlerin tedbiri onun elindedir. O, t\u00fcm kullar\u0131n\u0131n g\u00fcnahlar\u0131n\u0131 ba\u011f\u0131\u015flamay\u0131 vaat etmi\u015ftir. O, mazlumlar\u0131n dostu, zalimlerin d\u00fc\u015fman\u0131d\u0131r. Rahman ve rahimdir. M\u00fcminlerin dostudur, onlar\u0131 karanl\u0131klardan ayd\u0131nl\u0131\u011fa \u00e7\u0131kar\u0131r. Kullar\u0131n\u0131n amellerini izler. Kullar\u0131n\u0131 imana ve salih amele davet eder. Onlardan hak y\u00f6n\u00fcnde ad\u0131m atmas\u0131n\u0131 ve bu yolda sabit durmas\u0131n\u0131 ister. Kullar\u0131n\u0131, resullerine itaate davet eder ve onlar\u0131n amellerine \u015fahit ve n\u00e2z\u0131rd\u0131r. K\u00f6t\u00fc sonun yaln\u0131zca bu d\u00fcnya hayat\u0131n\u0131 tercih edenlere, onun emirlerine isyan edip onun kullar\u0131na zulmedenlere ait oldu\u011funu s\u00f6yler. Sonsuz iyili\u011fin ve cennetin ise onun y\u00fcceli\u011finden ve makam\u0131ndan korkanlara ve kendi hevas\u0131na uymayanlara ait oldu\u011funu bildirir.  <\/p>\n<p> Biz, peygamberlerin \u00f6\u011fretilerine d\u00f6n\u00fc\u015f\u00fcn tek kurtulu\u015f ve mutluluk yolu oldu\u011funa inan\u0131yoruz. Zat\u0131\u00e2linizin Hz. Mesih&#39;in (as) \u00f6\u011fretilerine ilgi duydu\u011funuzu ve Allah&#39;\u0131n vaadiyle salihlerin yery\u00fcz\u00fcndeki ilahi h\u00fck\u00fcmetine inand\u0131\u011f\u0131n\u0131z\u0131 duydum. Biz de Hz. \u0130sa Mesih&#39;i (as) y\u00fcce ilahi peygamberlerden biri olarak g\u00f6r\u00fcyoruz. Kur&#39;an-\u0131 Kerim onu defalarca y\u00fcceltmi\u015ftir. Ve \u015fu s\u00f6z Hz. Mesih&#39;ten (as) nakledilmi\u015ftir: &quot;Benim ve sizin rabbimiz Allah&#39;t\u0131r. O halde ona kulluk edin, s\u0131rat-\u0131 mustakim budur.&quot; (Kur&#39;an-\u0131 Kerim, Meryem Suresi: 36)  <\/p>\n<p> Allah&#39;a kulluk ve itaat, t\u00fcm ilahi peygamberlerin \u015fiar\u0131d\u0131r. Allah, t\u00fcm Avrupa, Asya, Afrika, Amerika, Okyanusya, halklar\u0131n\u0131n tanr\u0131s\u0131d\u0131r. T\u00fcm \u00e2lem birdir ve t\u00fcm kullar\u0131n\u0131n hidayetini, izzetini isteyen, insanlara \u00fcst\u00fcnl\u00fck bah\u015feden y\u00fcce Allah&#39;t\u0131r. \u015eu, \u0130lahi kelamdand\u0131r: &quot;Kadir ve m\u00fcteal olan Allah, peygamberlerini insanlar\u0131n hidayeti i\u00e7in a\u00e7\u0131k mucizelerle ve delillerle g\u00f6ndermi\u015ftir, ta ki Allah&#39;\u0131n ayetlerini onlara g\u00f6stersin ve onlar\u0131 g\u00fcnahtan temizleyebilsin diye. Kitab\u0131 ve mizan\u0131 g\u00f6ndermi\u015ftir ta ki insanlar kar\u015f\u0131s\u0131nda adaleti ayakta tutsunlar ve tu\u011fyandan sak\u0131ns\u0131nlar diye.&quot;  <\/p>\n<p> <strong>Senin Ve Benim Hesab\u0131m Kolay Olmayacak<\/strong>  <\/p>\n<p> <strong>B\u00fct\u00fcn bu ayetler, Kitab-\u0131 Mukaddes&#39;te de bir \u015fekilde ge\u00e7mektedir. \u0130lahi Peygamberler vaat etmi\u015ftir ki: &quot;T\u00fcm insanlar\u0131n amellerinin kar\u015f\u0131l\u0131\u011f\u0131n\u0131 g\u00f6rmesi i\u00e7in Allah&#39;\u0131n huzurunda toplanaca\u011f\u0131 g\u00fcn gelecektir. \u0130yiler cennete g\u00f6nderilecek, g\u00fcnahkarlar da ilahi azaba u\u011frayacakt\u0131r&quot; san\u0131yorum her ikimiz de bu g\u00fcne inan\u0131yoruz ama; Bizim hesab\u0131m\u0131z kolay olmayacak. Zira bizler, davran\u0131\u015flar\u0131m\u0131z\u0131n hayatlar\u0131nda etki b\u0131rakt\u0131\u011f\u0131 kimseler ve halk kar\u015f\u0131s\u0131nda cevap verici konumday\u0131z. Peygamberler, tevhid esas\u0131ndaki bar\u0131\u015f\u0131, huzuru, adaleti ve insan sayg\u0131nl\u0131\u011f\u0131n\u0131 t\u00fcm insanlar i\u00e7in istemi\u015ftir. Hepimiz bu ilkelere yani tevhide, adalete, insan\u0131n izzet ve sayg\u0131nl\u0131\u011f\u0131n\u0131n korunmas\u0131na ve k\u0131yamet g\u00fcn\u00fcne inan\u0131rsak, Allah&#39;a itaatten ve Peygamberlerin \u00f6\u011fretilerine uymadan uzakla\u015fman\u0131n bir sonucu olan bug\u00fcnk\u00fc sorunlara galip gelinemez mi? Ve daha iyi ve g\u00fczel bir rol oynanamaz m\u0131? Bu ilkelere inanmak, bar\u0131\u015f\u0131, dostlu\u011fu ve adaleti geni\u015fletip bunu garanti etmez mi? Yaz\u0131l\u0131 olan veya olmayan bu ilkeler, d\u00fcnya halklar\u0131n\u0131n \u00e7o\u011funun ilkesi de\u011fil mi? Zat\u0131aliniz bu davete icabet etmiyor musunuz? \u0130lahi Peygamberlerin \u00f6\u011fretilerinin hakikatine, tevhide, adalete, insan sayg\u0131nl\u0131\u011f\u0131n\u0131n korunmas\u0131na, Allah&#39;a ve Resullerine itaate&#8230; <\/strong> <\/p>\n<p> <strong>Say\u0131n Devlet Ba\u015fkan\u0131, <\/strong> <\/p>\n<p> Tarih g\u00f6steriyor ki, h\u00fck\u00fcmetler, zul\u00fcm yolunda olursa, kal\u0131c\u0131 olamaz. Allah, insanl\u0131\u011f\u0131n yazg\u0131s\u0131n\u0131 onlar\u0131n eline b\u0131rakmam\u0131\u015ft\u0131r. H\u00fck\u00fcmetlerin isteklerinin ve tedbirlerinin aksine geli\u015fen bir\u00e7ok olay olmu\u015ftur. Ya\u015fanan olaylar, daha \u00fcst\u00fcn bir g\u00fcc\u00fcn t\u00fcm i\u015fleri idare etti\u011fini g\u00f6stermi\u015ftir.  <\/p>\n<p> <strong>Say\u0131n Devlet Ba\u015fkan\u0131, <\/strong> <\/p>\n<p> Bug\u00fcn d\u00fcnyada ya\u015fanan geli\u015fmelerin ve de\u011fi\u015fimlerin ni\u015faneleri inkar edilebilir mi? Bug\u00fcnk\u00fc durum on sene \u00f6ncesiyle mukayese edilebilir. \u00c7ok h\u0131zl\u0131 ve geni\u015f kapsaml\u0131 bir de\u011fi\u015fim s\u00f6z konusudur.  <\/p>\n<p> <strong>D\u00fcnya Rahats\u0131z<\/strong>  <\/p>\n<p> D\u00fcnya halklar\u0131 mevcut durumdan ho\u015fnut de\u011fildir. D\u00fcnyada etkin olan baz\u0131 y\u00f6neticilerin vaatlerine ve a\u00e7\u0131klamalar\u0131na daha az g\u00fcvenmektedir. D\u00fcnyan\u0131n bir\u00e7ok yerindeki insanlar, g\u00fcvensizlik hissetmektedir, insanlar g\u00fcvensizli\u011fin ve sava\u015flar\u0131n yay\u0131lmas\u0131na kar\u015f\u0131d\u0131r ve \u00e7ifte standartl\u0131 politikalar\u0131 kabul etmemektedir. \u0130nsanlar zenginlerle yoksullar, m\u00fcreffeh \u00fclkelerle yoksul \u00fclkeler aras\u0131ndaki ayr\u0131\u015fmaya itiraz etmektedir. \u0130nsanlar artan fesattan nefret duymaktad\u0131r. Bir\u00e7ok \u00fclkedeki halk, k\u00fclt\u00fcrlerinde sald\u0131rganl\u0131k bulunan, insanlar\u0131n evlerini ba\u015flar\u0131na y\u0131kan, muhabbet ve \u015fefkati az olan yap\u0131lardan rahats\u0131zd\u0131r. D\u00fcnya halklar\u0131, uluslar aras\u0131 kurumlar konusunda iyimser de\u011fil, zira onlar\u0131n haklar\u0131 bu kurumlar taraf\u0131ndan yerine getirilmemektedir.  <\/p>\n<p> Bat\u0131 liberalizmi ve demokrasisi, insanl\u0131\u011f\u0131 kendi ideallerine yakla\u015ft\u0131ramam\u0131\u015ft\u0131r. Bug\u00fcn bu iki kavram iflas etmi\u015ftir. D\u00fcnyadaki d\u00fc\u015f\u00fcnce ve ak\u0131l sahipleri liberal demokrasi d\u00fczeninin ve d\u00fc\u015f\u00fcncesinin y\u0131k\u0131l\u0131\u015f sesini a\u00e7\u0131k\u00e7a i\u015fitmektedir. Bug\u00fcn d\u00fcnya halklar\u0131n\u0131n tevecc\u00fch\u00fc bir merkeze y\u00f6nelmi\u015ftir. Bu merkez de Tek olan Allah&#39;t\u0131r ve elbette ki insanlar sorunlar kar\u015f\u0131s\u0131nda tevhide ve peygamberlerin \u00f6\u011fretilerine tutunmaktad\u0131r. Bunlar galip gelecektir. Benim ciddi sorum \u015fu: Siz de onlarla birlikte olmak istemez misiniz?  <\/p>\n<p> <strong>Say\u0131n Devlet Ba\u015fkan\u0131, <\/strong> <\/p>\n<p> Biz istesek de istemesek de d\u00fcnya tevhide ve adalete do\u011fru ilerlemektedir. Allah&#39;\u0131n iradesi her \u015feye galip gelecektir. Selam hidayete tabi olanlara olsun.  <\/p>\n<p> Mahmud Ahmedinejad, \u0130ran \u0130slam Cumhuriyeti Cumhurba\u015fkan\u0131&quot;<a name=\"_ftnref2\" href=\"#_ftn2\" title=\"_ftnref2\">[2]<\/a>  <\/p>\n<p> <strong>\u0130ran; \u0130slam D\u00fcnyas\u0131n\u0131n Liderli\u011fine mi Haz\u0131rlan\u0131yor?!<\/strong>  <\/p>\n<p> <strong>Z\u00fclfikar Darbesi Ne Anlama Geliyor?<\/strong>  <\/p>\n<p> \u015eii ekseni Irak ve L\u00fcbnan \u00fczerinden Bat\u0131&#39;ya do\u011fru geni\u015flemi\u015f durumda. \u0130ran art\u0131k devrim yaym\u0131yor \u0130slam d\u00fcnyas\u0131na; ama kendisi yay\u0131lmaya \u00e7al\u0131\u015f\u0131yor!  <\/p>\n<p> Ekonomik olarak, asker\u00ee olarak ve nihayet devrim vurgusu olmasa da din\u00ee olarak yay\u0131l\u0131yor. Bu yay\u0131lman\u0131n bir &#8216;anilmerkez&#39; itmeyle mi oldu\u011fu, yoksa periferinin &#8216;merkez&#39; olma hayaliyle yapt\u0131\u011f\u0131 &#8216;ilelmerkez&#39; bir \u00e7a\u011fr\u0131yla m\u0131 oldu\u011fu \u00f6nemlidir. Irak, \u015eiili\u011fin Necef ve Kerbela gibi \u00f6nemli kutsal \u015fehirlerini ve tabii havzalar\u0131n\u0131 bar\u0131nd\u0131r\u0131yor. Bu \u00f6zelli\u011fiyle yeni d\u00f6nemde \u015eiili\u011fin teolojik yap\u0131lanmas\u0131n\u0131 k\u00f6kten de\u011fi\u015ftirebilecek, alim vurgusunu yeniden \u0131rk vurgusuyla birle\u015ftirebilecek, \u015feriatla a\u015fireti bar\u0131\u015ft\u0131rabilecek, Farsl\u0131l\u0131ktan Arapl\u0131\u011fa kayd\u0131rabilecek bir potansiyele sahip.  <\/p>\n<p> Hizbullah&#39;\u0131n potansiyeli Irak&#39;tan a\u015fa\u011f\u0131 kal\u0131r de\u011fil. \u0130srail&#39;le sava\u015fman\u0131n, Filistin&#39;e kom\u015fu olman\u0131n, ma\u011fdur ve mazlum olman\u0131n avantaj\u0131n\u0131 \u00e7ok iyi kullan\u0131yor Hizbullah. Ge\u00e7ti\u011fimiz y\u0131la kadar Fadlallah taraf\u0131nda olan &#8216;liderlik&#39; ibresi de art\u0131k geri d\u00f6nmemek \u00fczere Nasrallah&#39;\u0131 g\u00f6steriyor. Gerekli g\u00f6rd\u00fc\u011f\u00fcnde Nasrallah&#39;\u0131n imaj\u0131n\u0131 besleyecek bir sava\u015f\u0131 ba\u015flatmay\u0131 dahi g\u00f6ze alabilecek bir \u00f6rg\u00fct Hizbullah. Bu lider endekslilik, \u00f6rg\u00fct\u00fc k\u0131r\u0131lgan da k\u0131l\u0131yor ayn\u0131 zamanda, ama Nasrallah hayatta kald\u0131\u011f\u0131 m\u00fcddet\u00e7e bu k\u0131r\u0131lganl\u0131\u011f\u0131n fark\u0131na varan yok.  <\/p>\n<p> <\/p>\n<p> \u015eii ekseninin Bat\u0131&#39;ya do\u011fru geni\u015flemesi, do\u011fuda da, g\u00fcneyde de kar\u015f\u0131l\u0131\u011f\u0131n\u0131 buluyor. Pakistan&#39;da, Tacikistan&#39;da, Azerbaycan&#39;da daha duyulur, siyaseten daha hareketli bir \u015eii varl\u0131\u011f\u0131n\u0131 hissediyoruz. Bahreyn&#39;de \u015eiiler n\u00fcfustaki a\u011f\u0131rl\u0131klar\u0131n\u0131 h\u0131zla n\u00fcfuz a\u011f\u0131rl\u0131\u011f\u0131na d\u00f6n\u00fc\u015ft\u00fcr\u00fcyorlar. Suudi Arabistan&#39;da hat\u0131r\u0131 say\u0131l\u0131r bir \u00f6rg\u00fctlenme hamleleri var. Sudan ve Yemen civarlar\u0131nda yayg\u0131n olan Zeyd\u00eelik dahi, \u015eiili\u011fin F\u00e2timilik kolundan saparak do\u011fmu\u015f Niz\u00e2rilik ve D\u00fcrz\u00fcl\u00fck dahi Ortado\u011fu&#39;da g\u00f6zlenen yeni yap\u0131lanmada daha fazla s\u00f6z sahibi olmak i\u00e7in harekete ge\u00e7mi\u015f durumda. Hint alt k\u0131tas\u0131nda Niz\u00e2rili\u011fin uzant\u0131lar\u0131 olarak ortaya \u00e7\u0131kan Ahmedilik ve \u0130smailiye sadece anavatan\u0131nda de\u011fil, Avrupa ve Amerika&#39;da da aktivitelerini h\u0131zland\u0131rm\u0131\u015f durumda.  <\/p>\n<p> \u015eiili\u011fin bu dirili\u015fi tamamen i\u00e7ten gelen itmelerle olu\u015fmu\u015f de\u011fil. El Kaide ile birlikte S\u00fcnni \u0130slam&#39;\u0131, Hanbelili\u011fi ve Seyyid Kutup gibi neredeyse her S\u00fcnni M\u00fcsl\u00fcman&#39;n\u0131n evine girmi\u015f bir tefsirin yazar\u0131n\u0131 karalayan Bat\u0131&#39;n\u0131n bu dirili\u015fte etkisi var elbet. Avrupa&#39;da &#8216;Alevi \u0130slam&#39; diye bir ucube kurgulay\u0131p, bunu Avrupa \u0130slamiyeti haline getirmek isteyen sivri zek\u00e2l\u0131lar oldu\u011fu gibi.  <\/p>\n<p> D\u0131\u015ftan \u00e7ekme ve y\u00f6nlendirme olsa da \u015eii d\u00fcnya Irak ve G\u00fcney L\u00fcbnan&#39;\u0131n sa\u011flad\u0131\u011f\u0131 sinerji ile bu \u00e7ekmeye muadil i\u00e7 dinamikleri harekete ge\u00e7irebilmi\u015f durumda. Do\u011fu ve G\u00fcneydo\u011fu&#39;yu ziyaret eden, k\u00f6ylerde, kasabalarda sohbet halkalar\u0131 tesis eden \u015eii mollalar\u0131n\u0131n say\u0131s\u0131 art\u0131yor her g\u00fcn. Ba\u015f\u00f6rt\u00fcl\u00fc k\u0131zlar\u0131m\u0131za verilen burs meselesi, bursa bakan y\u00f6n\u00fcyle de\u011fil, ba\u015f\u00f6rt\u00fcs\u00fcne bakan y\u00f6n\u00fcyle medyatikle\u015fti. Oysa \u0130ran burslar\u0131yla okuyan daha nice erkek ve k\u0131z \u00e7ocuklar\u0131m\u0131z var bizim.  <\/p>\n<p> \u015eiilikteki bu dinamizm her durumda bir tehdittir ama illa da k\u00f6t\u00fc ve menfur olmak zorunda de\u011fildir. S\u00fcnni d\u00fcnya bu dinamizmin kar\u015f\u0131s\u0131na kendi dinamizmini \u00e7\u0131karabilirse, telahuk-u efkardan hakikat ne\u015fet eder. Bu a\u00e7\u0131dan bir uyar\u0131 de\u011fil, bir \u00e7a\u011fr\u0131 yaz\u0131s\u0131 bu. Yine de bu \u00e7a\u011fr\u0131 dinlenilmezse neler olabilece\u011fi y\u00f6n\u00fcnde bir uyar\u0131 \u00e7a\u011fr\u0131n\u0131n g\u00fcc\u00fcn\u00fc destekleyecektir.  <\/p>\n<p> \u0130ran, ge\u00e7ti\u011fimiz ay\u0131n son on g\u00fcn\u00fcnde &#8216;Z\u00fclfikar Darbesi&#39; ad\u0131n\u0131 verdi\u011fi bir asker\u00ee tatbikat yapt\u0131. Tabii ki b\u00f6lgedeki Amerikan ve \u0130ngiliz varl\u0131\u011f\u0131na, &#8216;\u0130ran&#39;a girerseniz \u00fcz\u00fcl\u00fcrs\u00fcn\u00fcz&#39; mesaj\u0131 veren bir tatbikatt\u0131 bu. Fakat ismin manas\u0131yla \u015eii eksenin S\u00fcnni d\u00fcnyas\u0131n\u0131 ikiye ay\u0131rm\u0131\u015fl\u0131\u011f\u0131 aras\u0131ndaki irtibat, darbenin sadece Bat\u0131l\u0131 i\u015fgalcileri hedef almad\u0131\u011f\u0131n\u0131 g\u00f6steriyor.  <\/p>\n<p> <\/p>\n<p> <strong>Malumunuz, Z\u00fclfikar Darbesi&#39;nden kas\u0131t \u0130ran efsanelerinde bolca anlat\u0131ld\u0131\u011f\u0131 \u00fczere Hz. Ali&#39;nin at s\u0131rt\u0131ndaki z\u0131rhl\u0131 bir askeri at\u0131yla birlikte ortadan ikiye ay\u0131ran k\u0131l\u0131\u00e7 darbesidir. Efsane buna, k\u0131l\u0131c\u0131n ucunun topra\u011fa de\u011fmesi durumunda yerin lerzeye gelip sallanmas\u0131n\u0131 da katar. \u015eahablar\u0131yla, n\u00fckleer f\u00fcze potansiyeliyle \u0130ran&#39;\u0131n ortadan ikiye ay\u0131raca\u011f\u0131 millet biz olmasak gerekir; ama toprak bizim topra\u011f\u0131m\u0131z&#8230;<a name=\"_ftnref3\" href=\"#_ftn3\" title=\"_ftnref3\"><strong>[3]<\/strong><\/a><\/strong>  <\/p>\n<p> <strong>Ahmedinejat Yahudilerle Nas\u0131l Sarma\u015f Dola\u015f Kucakla\u015fm\u0131\u015ft\u0131?!..<\/strong>  <\/p>\n<p> <strong>Yahudileri b\u00fct\u00fcn k\u00f6t\u00fcl\u00fcklerin anas\u0131 ilan eden Ahmedinejat ABD&#39;ye gidince onlarla yak\u0131n ve s\u0131cak temaslar\u0131n\u0131n alt\u0131nda ne yatmaktayd\u0131?<\/strong>  <\/p>\n<p> <strong>Amerika&#39;da bulunan \u0130ran Cumhurba\u015fkan\u0131 Mahmud Ahmedinejad&#39;\u0131n, \u0130srailli Yahudiler ile sarma\u015f dola\u015f g\u00f6r\u00fcnt\u00fcleri ba\u015fta \u0130ran olmak \u00fczere, b\u00fct\u00fcn d\u00fcnyay\u0131 \u015fa\u015fk\u0131na \u00e7evirdi.<\/strong>  <\/p>\n<p> <strong>ABD&#39;deki temaslar\u0131na devam eden \u0130ran Cumhurba\u015fkan\u0131 Mahmud Ahmedinejad, merkezi Brooklyn&#39;de bulunan Siyonizme kar\u015f\u0131 Yahudiler isimli grupta yer alan hahamlarla bir araya geldi.<\/strong>  <\/p>\n<p> <strong>Ahmedinejad&#39;\u0131n Yahudi din adamlar\u0131yla sarma\u015f dola\u015f olmas\u0131 dikkat \u00e7ekti. Reuters, CNN&#39;den ald\u0131\u011f\u0131 bu ilgin\u00e7 g\u00f6r\u00fcnt\u00fcleri t\u00fcm d\u00fcnyaya ge\u00e7ti&#8230;<\/strong>  <\/p>\n<p> <strong>Sonunda Ru\u015fen \u00c7ak\u0131r dayanamay\u0131p \u015fu ba\u015fl\u0131\u011f\u0131 atm\u0131\u015ft\u0131:<\/strong>  <\/p>\n<p> <strong>Ahmedinecad&#39;\u0131 sevmek zorunda m\u0131y\u0131z?<\/strong>  <\/p>\n<p> Bu y\u0131lki Birle\u015fmi\u015f Milletler Genel Kurulu, George W. Bush ba\u015fkanl\u0131\u011f\u0131ndaki ABD y\u00f6netiminin zaten yerlerde s\u00fcr\u00fcnen karizmas\u0131n\u0131n iyice \u00e7izilmesine vesile oldu.  <\/p>\n<p> Venezuela Devlet Ba\u015fkan\u0131 Hugo Chavez ile \u0130ran Cumhurba\u015fkan\u0131 Mahmud Ahmedinecad, yine ev sahibi Amerikal\u0131lara k\u00e2bus ya\u015fatt\u0131. Chavez&#39;inki tam bir \u015fovdu. Bush&#39;a meydan okumas\u0131n\u0131 s\u00fcrd\u00fcren Ahmedinecad ise beklenenden daha yumu\u015fakt\u0131.  <\/p>\n<p> \u0130ki ayk\u0131r\u0131 lider de s\u0131n\u0131rl\u0131 vizeleri y\u00fcz\u00fcnden New York d\u0131\u015f\u0131na \u00e7\u0131kamad\u0131lar, ama az zamanda, dar alanda \u00e7ok top \u00e7evirdiler. \u00d6zellikle Ahmedinecad, Tahran rejiminin n\u00fckleer krizi daha uzun bir s\u00fcre ba\u015far\u0131yla y\u00f6netece\u011finin canl\u0131 delili olarak, k\u00fc\u00e7\u00fck ad\u0131mlar\u0131 ve surat\u0131ndan eksik olmayan g\u00fcl\u00fcmsemesiyle \u00e7ok ciddi temaslarda bulundu.  <\/p>\n<p> <strong>Derin d\u00fcnya devleti<\/strong>  <\/p>\n<p> <strong>Hi\u00e7 ku\u015fkusuz bunlar\u0131n en ilgin\u00e7 ve \u00f6nemlisi D\u0131\u015f \u0130li\u015fkiler Konseyi (CFR) taraf\u0131ndan \u00c7ar\u015famba ak\u015fam\u0131, bir otelin konferans salonunda d\u00fczenlenen toplant\u0131yd\u0131. CFR, hi\u00e7 tart\u0131\u015fmas\u0131z ABD&#39;nin ve belki de d\u00fcnyan\u0131n en etkili d\u00fc\u015f\u00fcnce \u00fcretim kurulu\u015fu (think tank&#39;i). Amerikan i\u015f d\u00fcnyas\u0131, siyaseti, b\u00fcrokrasisi, medyas\u0131 ve \u00fcniversitesinin &quot;cr\u00e9me de la cr\u00e9me&quot;ini bir araya getiren CFR&#39;da bariz bir Musevi a\u011f\u0131rl\u0131\u011f\u0131 da g\u00f6ze \u00e7arp\u0131yor. Zaten bir\u00e7ok komplo teorisyeni taraf\u0131ndan CFR &quot;derin d\u00fcnya devletinin ana karargah\u0131&quot; olarak g\u00f6steriliyor. <\/strong> <\/p>\n<p> <strong>CFR Ba\u015fkan\u0131 Richard Haass (kendisi birinci Bush y\u00f6netiminde D\u0131\u015fi\u015fleri Bakanl\u0131\u011f\u0131 Siyasi Planlama Dairesi&#39;nin ba\u015f\u0131yd\u0131), Amerikan y\u00f6netiminin, baz\u0131 Musevi kurulu\u015flar\u0131n\u0131n ve baz\u0131 \u00fcyelerin yo\u011fun itirazlar\u0131na ra\u011fmen Ahmedinecad&#39;\u0131 davet karar\u0131ndan caymad\u0131. Sonu\u00e7ta 20&#39;yi a\u015fk\u0131n g\u00fc\u00e7l\u00fc Amerikal\u0131 yakla\u015f\u0131k iki saat boyunca \u0130ran Cumhurba\u015fkan\u0131&#39;n\u0131 soru ya\u011fmuruna tuttu. Ahmedinecad tam 40 dakika Yahudi soyk\u0131r\u0131m\u0131n\u0131 neden reddetti\u011fini izah etmi\u015f. Di\u011fer sorular\u0131n hemen t\u00fcm\u00fcnde de &quot;Ya siz Amerikal\u0131lar ayn\u0131 konuda neden \u015f\u00f6yle yap\u0131yorsunuz?&quot; t\u00fcr\u00fcnden kar\u015f\u0131 sorularla sorgulanan de\u011fil de sorgulayan olmaya \u00e7al\u0131\u015fm\u0131\u015f. <\/strong> <\/p>\n<p> <strong>Peki sonu\u00e7? New York Times&#39;\u0131n yazd\u0131\u011f\u0131na g\u00f6re koca bir hi\u00e7. Kat\u0131l\u0131mc\u0131lar\u0131n hemen hepsi &quot;E\u011fer bu adam \u0130ran&#39;\u0131 ger\u00e7ekten temsil ediyorsa pazarl\u0131k edebilmemiz \u00e7ok zor, hatta imkans\u0131z&quot; t\u00fcr\u00fc yorumlarla hayal k\u0131r\u0131kl\u0131klar\u0131n\u0131 dile getirmi\u015fler.<\/strong>  <\/p>\n<p> <strong>Sald\u0131r\u0131 olur mu?<\/strong>  <\/p>\n<p> Peki n\u00fckleer krizde hangi noktaday\u0131z? Time dergisi &quot;ABD&#39;nin askeri m\u00fcdahalesinin eli kula\u011f\u0131nda&quot; dedi. Sanm\u0131yorum. \u00c7\u00fcnk\u00fc ABD&#39;nin d\u00fcnyay\u0131 ikna g\u00fcc\u00fc kalmad\u0131. Sald\u0131rsa bile \u0130srail d\u0131\u015f\u0131nda yan\u0131nda kimseyi bulamayabilir. Sonu\u00e7ta sald\u0131r\u0131 olsa bile tam tersi sonu\u00e7lar do\u011furabilir.  <\/p>\n<p> \u0130ranl\u0131 demokrasi savunucular\u0131ysa bamba\u015fka bir senaryoyu dillendiriyorlar. Alt\u0131 y\u0131l hapis yatan, gazeteci Ekber Genci Washington Post&#39;ta, &quot;H\u00fck\u00fcmetin ABD ile gizli bir anla\u015fma yapmak istedi\u011fine inan\u0131yoruz. ABD&#39;nin, rejimin i\u00e7erde yapt\u0131klar\u0131na kay\u0131ts\u0131z kalmas\u0131 halinde taviz vermeye haz\u0131rlar&quot; diye yazd\u0131.  <\/p>\n<p> G\u00fcn\u00fcm\u00fcz\u00fcn sorusu \u015fu: Bush g\u00fcvenilmez diye Ahmedinecad&#39;a m\u0131 inanaca\u011f\u0131z? Cevab\u0131n ipu\u00e7lar\u0131n\u0131 ayn\u0131 yaz\u0131da arayal\u0131m. Genci, \u0130ran rejiminin \u015fu \u00fc\u00e7 nedenle tehlikeli oldu\u011funu s\u00f6yl\u00fcyor:  <\/p>\n<p> 1) Halk\u0131n demokrasi ve \u00f6zg\u00fcrl\u00fck taleplerini sert bir \u015fekilde bast\u0131r\u0131yorlar;  <\/p>\n<p> 2) Cinsiyet temelli bir apartheid (ayr\u0131mc\u0131l\u0131k) uyguluyorlar;  <\/p>\n<p> 3) Hi\u00e7bir muhalefete izin vermiyorlar.  <\/p>\n<p> Ahmedinecad, i\u015fte bu rejimin en radikal kanad\u0131n\u0131n en sembol isimlerinden biri. Dolay\u0131s\u0131yla &quot;Bush&#39;u sevmeyenler, Ahmedinecad&#39;\u0131 sevmeye mecburlar m\u0131?&quot; sorusunun cevab\u0131 &quot;asla&quot; olacakt\u0131r.<a name=\"_ftnref4\" href=\"#_ftn4\" title=\"_ftnref4\">[4]<\/a>  <\/p>\n<p> <strong>Humeyni N\u00fckleer Silah Kulland\u0131 m\u0131?<\/strong>  <\/p>\n<p> <strong>H\u00fcmeyni Irak&#39;a Kar\u015f\u0131 N\u00fckleer Silah Kullan\u0131lmas\u0131n\u0131 Onaylad\u0131 m\u0131?<\/strong>  <\/p>\n<p> <\/p>\n<p> <strong>Humeyni&#39;nin mektubu Ni\u00e7in Sakland\u0131?<\/strong>  <\/p>\n<p> On sekiz y\u0131l kadar \u00f6nce yaz\u0131lan eski bir mektup bug\u00fcn \u0130ran&#39;da tart\u0131\u015fma konusu. Bu mektup \u0130ran Devrimi&#39;nin lideri merhum Ayetullah Humeyni taraf\u0131ndan 1988 y\u0131l\u0131nda kaleme al\u0131nm\u0131\u015f bir mektup.  <\/p>\n<p> \u0130ran-Irak Sava\u015f\u0131&#39;n\u0131n son g\u00fcnlerinde yaz\u0131lan mektup, Humeyni&#39;nin \u0130ran-Irak Sava\u015f\u0131&#39;na ni\u00e7in son vermek, y\u0131llard\u0131r kabul etmedi\u011fi BM ate\u015fkes karar\u0131n\u0131 ni\u00e7in kabul etmek zorunda kald\u0131\u011f\u0131n\u0131 a\u00e7\u0131kl\u0131yor. Humeyni&#39;nin yak\u0131n arkada\u015f\u0131, eski Cumhurba\u015fkan\u0131 Ali Ekber Rafsancani taraf\u0131ndan ge\u00e7en hafta kamuoyuna a\u00e7\u0131klanan mektupta Humeyni, &#39;zehir dolu kaseyi i\u00e7mek zorunda kald\u0131\u011f\u0131&#39; ifadesiyle veciz bir \u015fekilde dile getirdi\u011fi sava\u015fa son verme karar\u0131n\u0131 ni\u00e7in almak zorunda kald\u0131\u011f\u0131n\u0131 sava\u015f\u0131n durumunu kendisine aktaran asker\u00ee yetkililer ve komutanlar\u0131n beyanlar\u0131na at\u0131fta bulunarak anlat\u0131yor ve mektubun bir yerinde \u015f\u00f6yle diyor:  <\/p>\n<p> &quot;&#8230; Komutan bana, &#39;Bir 5 y\u0131l daha zafere ula\u015famay\u0131z. \u00dcstelik o zamana kadar 30 piyade k\u00f6pr\u00fcs\u00fcne, 2.500 tanka ve 300 sava\u015f u\u00e7a\u011f\u0131na ihtiyac\u0131m\u0131z var.&#39; dedi, ayr\u0131ca Irak ordusunun sald\u0131r\u0131lar\u0131na kar\u015f\u0131 \u00f6nemli miktarlarda lazer g\u00fcd\u00fcml\u00fc f\u00fczelere ve n\u00fckleer silahlara da ihtiyac\u0131m\u0131z olaca\u011f\u0131n\u0131 da belirtti.&quot;  <\/p>\n<p> Humeyni&#39;nin komutan dedi\u011fi ki\u015fi ve dolayl\u0131 olarak at\u0131fta bulundu\u011fu ki\u015finin zaman\u0131n Devrim Muhaf\u0131zlar\u0131 (Pasdaran) Komutan\u0131 Muhsin R\u0131zai oldu\u011fu s\u00f6yleniyor. R\u0131zai ise bunu reddediyor, Humeyni&#39;yi ate\u015fkese raz\u0131 eden ki\u015finin kendisi olmad\u0131\u011f\u0131n\u0131 kendi web sitesinde a\u00e7\u0131klam\u0131\u015f bulunuyor.  <\/p>\n<p> Mektubu kamuoyuna a\u00e7\u0131klayan ve bu y\u00fczden baz\u0131 asker\u00ee ve siyasi \u00e7evreler taraf\u0131ndan gizli bilgileri if\u015fa etmekle su\u00e7lanan Ali Ekber Rafsancani ise bu su\u00e7lamalar\u0131 kabul etmiyor, s\u00f6z konusu mektubun 1988 y\u0131l\u0131nda kamuoyuna a\u00e7\u0131klanm\u0131\u015f oldu\u011funu, ayr\u0131ca bir kitapta da yer ald\u0131\u011f\u0131n\u0131, dolay\u0131s\u0131yla mektubun zaten kamuoyuna \u00e7oktan mal olmu\u015f bulundu\u011funu s\u00f6yl\u00fcyor.  <\/p>\n<p> Mektupla ilgili bir ba\u015fka husus da mektubu web sitesinde yay\u0131mlayan ILNA adl\u0131 \u0130ran \u0130\u015f\u00e7i Haberleri Ajans\u0131&#39;n\u0131n, mektupta ilk yay\u0131mlad\u0131\u011f\u0131 zaman bulunan &#39;n\u00fckleer silahlar&#39; ibaresini sonradan mektup metninden silmi\u015f olmas\u0131. Baz\u0131 kaynaklar silmenin \u0130ran Milli G\u00fcvenlik Konseyi&#39;nin talebi \u00fczerine yap\u0131ld\u0131\u011f\u0131na i\u015faret ediyorlar. Bunun sebebi de herhalde \u0130ran&#39;\u0131n n\u00fckleer silahlara \u00f6teden beri duydu\u011fu ilginin bilinmemesini sa\u011flamak olmal\u0131. Ben \u00f6yle tahmin ediyorum.  <\/p>\n<p> Haberlere g\u00f6re, mektupta Humeyni, zaman\u0131n ba\u015fbakan\u0131n\u0131n kendisine \u0130ran ekonomisinin faaliyetinin s\u0131f\u0131r\u0131n alt\u0131nda oldu\u011funu, cepheye g\u00f6nderilecek g\u00f6n\u00fcll\u00fc say\u0131s\u0131n\u0131n da azalmakta oldu\u011funu bildirdi\u011fini belirtiyor ve b\u00f6ylece ate\u015fkes \u00f6ncesindeki durumun ne kadar vahim oldu\u011funa i\u015faret ediyor. Ger\u00e7ekten de o zamanlar bu k\u00f6\u015fede yazd\u0131\u011f\u0131m\u0131z gibi \u0130ran, 8 y\u0131l devam eden sava\u015f\u0131n sonlar\u0131na do\u011fru hem ekonomik ve hem de asker\u00ee bak\u0131mdan bitmi\u015f t\u00fckenmi\u015fti ve Humeyni, bu ac\u0131 ger\u00e7ekler kar\u015f\u0131s\u0131nda ate\u015fkesi istemeye istemeye kabul etmi\u015f, &#39;zehir dolu kaseyi&#39; i\u00e7mek zorunda kalm\u0131\u015ft\u0131.  <\/p>\n<p> <\/p>\n<p> Ne var ki, bu ger\u00e7eklere ra\u011fmen bug\u00fcn \u0130ran&#39;da \u00e7e\u015fitli \u00e7evrelerde bu ate\u015fkes ile ilgili tart\u0131\u015fma aradan y\u0131llar ge\u00e7mesine ra\u011fmen yeniden canlanm\u0131\u015f bulunuyor. Bu da \u0130ran&#39;daki Rafsancani cephesi ile Cumhurba\u015fkan\u0131 Mahmud Ahmedinejad aras\u0131nda ya\u015fanmakta olan iktidar m\u00fccadelesi ile a\u00e7\u0131klan\u0131yor.  <\/p>\n<p> Ge\u00e7en ay kapat\u0131lan Rafsancani yanl\u0131s\u0131 \u015eark Gazetesi Genel Yay\u0131n Y\u00f6netmeni Muhammed Atrianfar bir Bat\u0131l\u0131 gazeteye verdi\u011fi deme\u00e7te, &#39;&#8230; Bu mektup, i\u00e7eride ya\u015fanan tart\u0131\u015fmalar\u0131n bir par\u00e7as\u0131d\u0131r tamamen. Rafsancani, \u00e7ok kayg\u0131l\u0131; \u00e7\u00fcnk\u00fc askeriye ve istihbarattan \u015fah\u0131slar iktidara geliyorlar ve bunlar \u0130ran-Irak Sava\u015f\u0131 s\u0131ras\u0131nda \u0130ran&#39;\u0131n u\u011frad\u0131\u011f\u0131 zararlardan din\u00ee makamlar\u0131 su\u00e7layarak bu makamlar\u0131 g\u00f6zden d\u00fc\u015f\u00fcrmeye \u00e7al\u0131\u015f\u0131yorlar.&#39; derken yine Rafsancani taraftar\u0131 Kargozaran gazetesi, mektubu \u0130ran&#39;\u0131n milletleraras\u0131 durumu ger\u00e7ek\u00e7i olarak anlad\u0131\u011f\u0131n\u0131n bir delili olarak g\u00f6rd\u00fc\u011f\u00fcn\u00fc belirtiyor ve bu tecr\u00fcbenin \u0130ran&#39;\u0131n n\u00fckleer planlar\u0131 dahil b\u00fct\u00fcn kararlar\u0131 i\u00e7in temel olmas\u0131 gerekti\u011fini s\u00f6yl\u00fcyor.  <\/p>\n<p> 18 y\u0131l \u00f6nceki mektup \u00e7evresinde ba\u015flayan tart\u0131\u015fmalar bize bug\u00fcnk\u00fc \u0130ran hakk\u0131nda da \u00e7ok \u015feyler s\u00f6yl\u00fcyor velhas\u0131l&#8230;<a name=\"_ftnref5\" href=\"#_ftn5\" title=\"_ftnref5\">[5]<\/a>  <\/p>\n<hr \/>\n<p> <a name=\"_ftn1\" href=\"#_ftnref1\" title=\"_ftn1\">[1]<\/a> Haftal\u0131k  <\/p>\n<p> <a name=\"_ftn2\" href=\"#_ftnref2\" title=\"_ftn2\">[2]<\/a> 11.05.2006 Netpano.com  <\/p>\n<p> <a name=\"_ftn3\" href=\"#_ftnref3\" title=\"_ftn3\">[3]<\/a> 11.09.2006 \/ Kerim Balc\u0131 \/ Zaman  <\/p>\n<p> <a name=\"_ftn4\" href=\"#_ftnref4\" title=\"_ftn4\">[4]<\/a> 25.09.2006 \/ Ru\u015fen \u00c7ak\u0131r\u00a0 \/Vatan  <\/p>\n<p> <a name=\"_ftn5\" href=\"#_ftnref5\" title=\"_ftn5\">[5]<\/a> 08.10.2006 \/ Fikret Ertan \/ Zaman  <\/p>\n","protected":false},"excerpt":{"rendered":"<p>\u00a0  <\/p>\n<p> <strong>\u0130srail&#39;i Haritadan Silmeyi \u00d6neriyor, ABD D\u00fc\u015fmanl\u0131\u011f\u0131nda Humeyni&#39;yi Solluyor, d\u00fc\u015f\u00fcnmeden D\u00fcnyay\u0131 Geriyor. Peki Kim Bu Mahmud Ahmedinecad?<\/strong>  <\/p>\n<p> <strong>Onu sevmeyenler, onun i\u00e7in &quot;ultra muhafazakar&quot; diyor. ABD&#39;nin n\u00fckleer silahlarla ilgili uyar\u0131lar\u0131na meydan okuyor. Bir\u00e7ok ki\u015fi bu tutumunu devam ettirirse sonunun Saddam H\u00fcseyin&#39;e benzeyece\u011fini d\u00fc\u015f\u00fcn\u00fcyor!.. Ama pek \u00e7ok insan da onu &quot;ki\u015filikli&quot; ve cesaretli buluyor! Ahmedinecad Amerika&#39;ya ve \u0130srail&#39;e kafa tutuyor. Hatta daha \u00f6teye gidiyor ve Bush&#39;u &quot;Allah&#39;\u0131n yoluna&quot; davet ediyor!?<\/strong>  <\/p>\n","protected":false},"author":9,"featured_media":0,"comment_status":"open","ping_status":"closed","sticky":false,"template":"","format":"standard","meta":{"footnotes":""},"categories":[65],"tags":[],"class_list":["post-834","post","type-post","status-publish","format-standard","hentry","category-ocak-2007"],"_links":{"self":[{"href":"https:\/\/www.millicozum.com\/mc\/wp-json\/wp\/v2\/posts\/834","targetHints":{"allow":["GET"]}}],"collection":[{"href":"https:\/\/www.millicozum.com\/mc\/wp-json\/wp\/v2\/posts"}],"about":[{"href":"https:\/\/www.millicozum.com\/mc\/wp-json\/wp\/v2\/types\/post"}],"author":[{"embeddable":true,"href":"https:\/\/www.millicozum.com\/mc\/wp-json\/wp\/v2\/users\/9"}],"replies":[{"embeddable":true,"href":"https:\/\/www.millicozum.com\/mc\/wp-json\/wp\/v2\/comments?post=834"}],"version-history":[{"count":0,"href":"https:\/\/www.millicozum.com\/mc\/wp-json\/wp\/v2\/posts\/834\/revisions"}],"wp:attachment":[{"href":"https:\/\/www.millicozum.com\/mc\/wp-json\/wp\/v2\/media?parent=834"}],"wp:term":[{"taxonomy":"category","embeddable":true,"href":"https:\/\/www.millicozum.com\/mc\/wp-json\/wp\/v2\/categories?post=834"},{"taxonomy":"post_tag","embeddable":true,"href":"https:\/\/www.millicozum.com\/mc\/wp-json\/wp\/v2\/tags?post=834"}],"curies":[{"name":"wp","href":"https:\/\/api.w.org\/{rel}","templated":true}]}}