{"id":835,"date":"2007-01-03T13:33:32","date_gmt":"2007-01-03T13:33:32","guid":{"rendered":"https:\/\/www.millicozum.com\/mc\/2007\/01\/03\/ameranin-irak-bata-ve-sontler-baanlik-ata\/"},"modified":"2007-01-03T13:33:32","modified_gmt":"2007-01-03T13:33:32","slug":"amerikanin-irak-batagi-ve-siyonistlerin-baskanlik-atagi","status":"publish","type":"post","link":"https:\/\/www.millicozum.com\/mc\/2007\/ocak-2007\/amerikanin-irak-batagi-ve-siyonistlerin-baskanlik-atagi\/","title":{"rendered":"AMER\u0130KA&#8217;NIN IRAK BATA\u011eI VE S\u0130YON\u0130STLER\u0130N BA\u015eKANLIK ATA\u011eI"},"content":{"rendered":"<p>\u00a0  <\/p>\n<p> <strong>Irak&#39;ta korkun\u00e7 bilan\u00e7o \u00dcrk\u00fct\u00fcyor!<\/strong> <\/p>\n<p> <strong>ABD&#39;nin demokrasi vaatleriyle m\u00fcdahale etti\u011fi Irak&#39;ta kan g\u00f6vdeyi g\u00f6t\u00fcr\u00fcyor. \u00dclkede sava\u015f\u0131n verdi\u011fi zarar giderek art\u0131yor. Amerikan Associated Press (AP) haber ajans\u0131, kendi verileriyle \u00e7e\u015fitli kurulu\u015flar ve resmi kurumlar\u0131n verilerine dayanarak yapt\u0131\u011f\u0131 derlemeye g\u00f6re, Irak sava\u015f\u0131n\u0131n ba\u015flad\u0131\u011f\u0131 2003 y\u0131l\u0131n\u0131n mart ay\u0131ndan beri \u00f6len Irakl\u0131 sivillerin say\u0131s\u0131 bir rapora g\u00f6re 655 bini buluyor.<\/strong> <\/p>\n<p>  \u00a0  <\/p>\n<p> <strong>AP, Irak&#39;ta \u00f6len sivillerin say\u0131s\u0131 hakk\u0131nda \u00e7e\u015fitli kurum ve kurulu\u015flar taraf\u0131ndan \u00e7eli\u015fkili rakamlar verilmekle birlikte bu say\u0131n\u0131n 500 binin \u00fczerinde oldu\u011funun tahmin edildi\u011fini s\u00f6yl\u00fcyor. Amerikan D\u0131\u015fi\u015fleri ve Savunma Bakanl\u0131\u011f\u0131, Brookings \u0130nstitution, Iraq Body Count gibi kurumlar, Lancet internet sitesi ile Irak Sa\u011fl\u0131k ve E\u011fitim bakanl\u0131klar\u0131n\u0131n verilerini kullanan ajans, sava\u015fta \u00f6len Amerikan askerlerinin say\u0131s\u0131n\u0131n ise 31 Ekim 2006 itibar\u0131yla 3 bin oldu\u011funu kaydediyor. AP, 31 Ekime kadar Irak&#39;ta yaralanan Amerikal\u0131 askerlerin say\u0131s\u0131n\u0131n da 21 bin 419 oldu\u011funu belirtirken, Irak&#39;ta ticaret i\u00e7in geldi\u011fi \u00f6ne s\u00fcr\u00fclen 646 sivilin de \u00f6ld\u00fc\u011f\u00fcn\u00fc bildiriyor.<\/strong> <\/p>\n<p> <strong>155 Profes\u00f6r Katlediliyor!<\/strong> <\/p>\n<p> Sava\u015fta 155 Irakl\u0131 profes\u00f6r\u00fcn \u00f6ld\u00fc\u011f\u00fcn\u00fc belirten ajans, 250 kadar doktor ve sa\u011fl\u0131k \u00e7al\u0131\u015fan\u0131n da \u015fiddetin kurban\u0131 oldu\u011funu, en az 6 bin 000 doktorla binlerce profes\u00f6r\u00fcn de \u00fclkeyi terk etti\u011fini belirtiyor. Irak sava\u015f\u0131n\u0131n maliyetinin 340 milyar dolar oldu\u011funu vurgulayan AP, bunun da g\u00fcnde 250 milyon dolar anlam\u0131na geldi\u011fini vurguluyor. <\/p>\n<p> AP, sava\u015f \u00f6ncesi Irak&#39;ta g\u00fcnl\u00fck petrol \u00fcretiminin 2,58 milyon varil oldu\u011funu, 31 Ekim 2006 itibar\u0131yla ise g\u00fcnl\u00fck \u00fcretimin 2,33 milyon varilde kald\u0131\u011f\u0131n\u0131, sava\u015f \u00f6ncesi 3 bin 958 megavat olan elektrik \u00fcretim kapasitesinin ise 4 bin 100 megavata \u00e7\u0131kt\u0131\u011f\u0131n\u0131 hat\u0131rlat\u0131yor. Irak&#39;ta sava\u015ftan sonraki en \u00e7arp\u0131c\u0131 geli\u015fme olarak ise cep telefonu say\u0131s\u0131ndaki art\u0131\u015f g\u00f6steriliyor. Sava\u015f \u00f6ncesi cep telefonu hizmeti verilmeyen \u00fclkede 31 Ekim 2006 itibar\u0131yla cep telefonu olanlar\u0131n say\u0131s\u0131 7 milyon ki\u015fi olarak belirlendi. Sabit telefonlar\u0131n say\u0131s\u0131 ise 400 binin biraz \u00fczerinde artarak 1,25 milyon aboneye \u00e7\u0131km\u0131\u015f bulunuyor. <\/p>\n<p> <strong>Ba\u011fdat&#39;ta 48 Saatte 83 Ceset toplan\u0131yor!<\/strong> <\/p>\n<p> Ba\u011fdat&#39;ta son 48 saat i\u00e7inde 83 ceset bulundu. \u00c7e\u015fitli kaynaklardan AFP muhabirinin edindi\u011fi bilgiye g\u00f6re, cesetlerin 56&#39;s\u0131 per\u015fembeyle cuma sabah\u0131 aras\u0131nda sokaklarda bulundu. Bu say\u0131, \u0130\u00e7i\u015fleri Bakanl\u0131\u011f\u0131 yetkililerince hen\u00fcz do\u011frulanmad\u0131. Irak&#39;ta her g\u00fcn i\u015fkence veya mermi izi ta\u015f\u0131yan onlarca ceset bulunuyor. \u00d6te yandan, Irak&#39;\u0131n devrik lideri Saddam H\u00fcseyin hakk\u0131nda mahkemece karar verilece\u011fi pazar g\u00fcn\u00fc Ba\u011fdat ve di\u011fer 2 eyalette soka\u011fa \u00e7\u0131kma yasa\u011f\u0131na gidiliyor. <\/p>\n<p> <strong>\u0130srail&#39;e Kimse Ses \u00c7\u0131karam\u0131yor <\/strong> <\/p>\n<p> \u0130srail Gazze&#39;de yeni katliamlar i\u015flerken, Irak&#39;a insan haklar\u0131 ad\u0131na girmi\u015f ABD ve Britanya sesini \u00e7\u0131karm\u0131yor. Herkes g\u00fc\u00e7l\u00fcn\u00fcn yan\u0131nda. <\/p>\n<p> \u0130srail&#39;in Gazze&#39;nin kuzeyindeki Beyt Hanun beldesine y\u00f6nelik bask\u0131n\u0131 s\u00fcr\u00fcyor ve ilk g\u00fcn\u00fcn bilan\u00e7osu yedi \u015fehide ve elli yaral\u0131ya ula\u015ft\u0131. \u00c7ok say\u0131da ev de y\u0131k\u0131ld\u0131. \u0130srail h\u00fck\u00fcmeti ge\u00e7en temmuzdaki bir fedai eyleminde \u0130srailli asker Gilad \u015ealit&#39;in esir al\u0131nmas\u0131ndan bu yana, Gazze&#39;de etnik temizlik yap\u0131yor. \u0130srail kur\u015funlar\u0131yla d\u00fc\u015fen \u015fehitlerin say\u0131s\u0131 320&#39;yi a\u015ft\u0131.  <\/p>\n<p> Dikkat \u00e7eken konuysa, sanki \u0130srail g\u00fc\u00e7leri me\u015fru ve s\u0131radan bir i\u015f yap\u0131yormu\u015f gibi b\u00fct\u00fcn d\u00fcnyan\u0131n uyum i\u00e7inde sessiz kalmas\u0131.  <\/p>\n<p> Zira \u0130srail hukukun \u00fcst\u00fcnde&#8230; \u00c7\u00fcnk\u00fc ABD \u0130srail&#39;e ye\u015fil \u0131\u015f\u0131k yakarak yery\u00fcz\u00fcnde fitne yaymas\u0131 i\u00e7in elini serbest b\u0131rakt\u0131&#8230;  <\/p>\n<p> \u0130srail h\u00fck\u00fcmetinin Beyt Hanun&#39;da i\u015fledi\u011fi katliamlar\u0131n\u0131 \u00f6rtbas etmek i\u00e7in kulland\u0131\u011f\u0131 gerek\u00e7e, Filistinli direni\u015f\u00e7ilerin g\u00fcneydeki Yahudi yerle\u015fim birimleri Siderot ve A\u015fkalon&#39;a f\u00fcze f\u0131rlatmas\u0131 ve Refah&#39;\u0131n g\u00fcneyinden M\u0131s\u0131r&#39;daki direni\u015f gruplar\u0131na silah ka\u00e7\u0131r\u0131lmas\u0131 amac\u0131yla t\u00fcnel kaz\u0131lmas\u0131.  <\/p>\n<p> \u0130srail h\u00fck\u00fcmetinin s\u00f6z etti\u011fi f\u00fczeler yerli yap\u0131m\u0131 ve bug\u00fcn g\u00f6rd\u00fc\u011f\u00fcm\u00fcz y\u0131k\u0131c\u0131 misillemeyi hak edecek kadar a\u011f\u0131r can kayb\u0131na yol a\u00e7amaz. Bu yerli f\u00fczeler, Amerikan mal\u0131 Cruise f\u00fczeleri veya Rus ve \u00c7in mal\u0131 Katyu\u015fa f\u00fczeleri de\u011fil.  <\/p>\n<p> As\u0131l \u00f6ld\u00fcr\u00fcc\u00fc ve y\u0131k\u0131c\u0131 f\u00fczeler, \u0130srail g\u00fc\u00e7lerinin, u\u00e7aklar\u0131n\u0131n ve tanklar\u0131n\u0131n silahs\u0131z bir halka kar\u015f\u0131 kulland\u0131\u011f\u0131 f\u00fczeler. Bunlar \u00e7ocuklar\u0131, kad\u0131nlar\u0131 ve sivilleri \u00f6ld\u00fcr\u00fcyor, evleri hi\u00e7bir \u00f6n uyar\u0131 yapmaks\u0131z\u0131n sahiplerinin ba\u015f\u0131na y\u0131k\u0131yor.  <\/p>\n<p> <\/p>\n<p> Bu t\u00fcr katliamlar ge\u00e7mi\u015fte Arap \u00fclkelerinin nefretini art\u0131r\u0131yor ve d\u0131\u015fi\u015fleri bakanlar\u0131 ola\u011fan\u00fcst\u00fc toplant\u0131 \u00e7a\u011fr\u0131s\u0131 yap\u0131yordu&#8230; <\/p>\n<p> Bat\u0131l\u0131 \u00fclkeler ve \u00f6zellikle de ABD de Arap rejimleri gibi hareket etmeye ba\u015flad\u0131. Kurbanlar Arap oldu\u011fu m\u00fcddet\u00e7e \u0130srail uygulamalar\u0131nda hi\u00e7bir hata g\u00f6rm\u00fcyorlar. L\u00fcbnan&#39;daki sava\u015f 34 g\u00fcn s\u00fcrd\u00fc ve bu \u00fclkeler ancak \u0130srail&#39;in zaferinin imk\u00e2ns\u0131z oldu\u011funu anlay\u0131nca m\u00fcdahale edip ate\u015fkes istediler.  <\/p>\n<p> ABD Irak&#39;ta bir sava\u015fa girdi, Irakl\u0131lar\u0131n canlar\u0131n\u0131 korumak ve insan haklar\u0131na sayg\u0131y\u0131 getirmek s\u00f6ylemi alt\u0131nda b\u00fcy\u00fck kay\u0131plar verdi. Fakat Amerika, bombard\u0131man u\u00e7aklar\u0131n\u0131 ve filolar\u0131n\u0131 i\u015fgal alt\u0131ndaki Filistin sahillerine Filistinlilerin can\u0131n\u0131 korumak i\u00e7in kesinlikle g\u00f6ndermez. Dahas\u0131, Filistin halk\u0131na kar\u015f\u0131 ahlaki ve hukuki sorumluluk ta\u015f\u0131yan Britanya h\u00fck\u00fcmeti de harekete ge\u00e7miyor, \u0130srail katliamlar\u0131n\u0131 k\u0131nayan bir bildiri dahi yay\u0131mlam\u0131yor.<a name=\"_ftnref1\" href=\"#_ftn1\" title=\"_ftnref1\">[1]<\/a>  <\/p>\n<p> <strong>Amerika Nereye S\u00fcr\u00fckleniyor?<\/strong> <\/p>\n<p> Size en son okudu\u011fum bir kamuoyu ara\u015ft\u0131rmas\u0131n\u0131n sonu\u00e7lar\u0131ndan s\u00f6z etmek istiyorum: Amerika Birle\u015fik Devletleri&#39;nin k\u00fcresel politikalar\u0131n\u0131 sorgulayan uluslararas\u0131 bir kamuoyu ara\u015ft\u0131rmas\u0131na g\u00f6re <strong>Bush y\u00f6netimi, d\u00fcnya bar\u0131\u015f\u0131 ve g\u00fcvenli\u011fi i\u00e7in \u00f6nemli bir tehdit <\/strong>olarak alg\u0131lan\u0131yor. <\/p>\n<p> ABD&#39;nin en yak\u0131n m\u00fcttefiki olarak bilinen<strong> \u0130ngilizler<\/strong> bile y\u00fczde 70 gibi \u00e7ok b\u00fcy\u00fck bir oranda Amerikan politikalar\u0131na kar\u015f\u0131 \u00e7\u0131k\u0131yorlar, <strong>Bush&#39;un d\u00fcnya g\u00fcvenli\u011fini tehdit etti\u011fine<\/strong> inan\u0131yorlar. <\/p>\n<p> <strong>Kanadal\u0131lar\u0131n<\/strong> y\u00fczde %62&#39;si, <strong>Meksikal\u0131lar\u0131n<\/strong> ise %57&#39;si Amerika&#39;n\u0131n k\u00fcresel politikalar\u0131 nedeniyle <strong>d\u00fcnyan\u0131n daha tehlikeli bir yer<\/strong> haline geldi\u011fini d\u00fc\u015f\u00fcn\u00fcyor. <strong>\u0130srailli<\/strong>&#39;lerin yar\u0131dan fazlas\u0131 da Bush&#39;un sald\u0131rgan politikalar\u0131n\u0131n d\u00fcnyay\u0131 daha g\u00fcvensiz yapt\u0131\u011f\u0131 g\u00f6r\u00fc\u015f\u00fcn\u00fc payla\u015f\u0131yor. <\/p>\n<p> ABD&#39;nin Afganistan ve Irak&#39;a y\u00f6nelik sald\u0131r\u0131lar\u0131 da ba\u015fta \u0130ngilizler olmak \u00fczere Meksikal\u0131lar ve Kanadal\u0131lar taraf\u0131ndan yanl\u0131\u015f bulunuyor ve <strong>y\u00fczde 70<\/strong>&#39;i ge\u00e7en bir oranda halk taraf\u0131ndan h\u00e2l\u00e2 tepkiyle kar\u015f\u0131lan\u0131yor.  <\/p>\n<p> ABD&#39;nin k\u00fcresel sald\u0131r\u0131lar\u0131na k\u0131l\u0131f olarak uydurdu\u011fu <strong>&quot;demokrasi ve \u00f6zg\u00fcrl\u00fck g\u00f6t\u00fcr\u00fcyorum&quot;<\/strong> masal\u0131na da art\u0131k kimse inanm\u0131yor. Uluslararas\u0131 d\u00fczeyde yap\u0131lan kamuoyu ara\u015ft\u0131rmas\u0131n\u0131n sonucuna g\u00f6re, bu masala \u0130ngilizlerin sadece y\u00fczde 10&#39;u inan\u0131yor. ABD&#39;nin stratejik orta\u011f\u0131 <strong>\u0130srail<\/strong>&#39;de bile her d\u00f6rt ki\u015fiden \u00fc\u00e7\u00fc bunun <strong>aldatmacadan<\/strong> ibaret oldu\u011funu ifade ediyor. <\/p>\n<p> Ara\u015ft\u0131rma sonu\u00e7lar\u0131; <strong>zulm\u00fcn ilelebet payidar olamayaca\u011f\u0131n\u0131<\/strong> g\u00f6steriyor. <\/p>\n<p> K\u00fcresel tahakk\u00fcm\u00fcn, i\u015fkencenin, insanl\u0131k d\u0131\u015f\u0131 muamelelerin mutlaka vicdan sahibi herkes taraf\u0131ndan bir g\u00fcn k\u0131nanaca\u011f\u0131n\u0131, tepkiyle kar\u015f\u0131lanaca\u011f\u0131n\u0131 ortaya koyuyor. <\/p>\n<p> ABD&#39;deki <strong>Neo Con<\/strong> zihniyetin <strong>&quot;Yeni Amerikan Y\u00fczy\u0131l\u0131&quot;<\/strong> projesiyle d\u00fcnya \u00fczerinde bir <strong>&quot;Amerikan \u0130mparatorlu\u011fu&quot;<\/strong> kurma hayali, bug\u00fcn insanl\u0131\u011f\u0131n ak\u0131l ve vicdan duvarlar\u0131na \u00e7arpmaktad\u0131r.<a name=\"_ftnref2\" href=\"#_ftn2\" title=\"_ftnref2\">[2]<\/a> <\/p>\n<p> <strong>Bu tesbitler elbette do\u011frudur. Ancak Amerika&#39;daki siyonist \u00e7ete, b\u00fct\u00fcn su\u00e7u ve sorumlulu\u011fu Ba\u015fkan Bush&#39;un \u00fczerine y\u0131k\u0131p, kendilerini temize \u00e7\u0131karmaya ve zul\u00fcm ve s\u00f6m\u00fcr\u00fc saltanatlar\u0131n\u0131n devam\u0131na f\u0131rsat haz\u0131rlamaya \u00e7al\u0131\u015fmaktad\u0131r.<\/strong> <\/p>\n<p> <strong>Neo-Conlar&#39;\u0131n Se\u00e7im Tezgah\u0131 Neyi Ama\u00e7l\u0131yor?<\/strong> <\/p>\n<p> Irak&#39;taki kay\u0131plar dolay\u0131s\u0131yla a\u011f\u0131r bir se\u00e7im yenilgisinden endi\u015fe eden neo-con&#39;lar, sava\u015f\u0131n sorumlulu\u011funu yasa gere\u011fi bir kez daha se\u00e7ilemeyecek olan Bush&#39;a y\u00fckleyerek, kendilerini temize \u00e7\u0131karmaya \u00e7al\u0131\u015f\u0131yorlar. <\/p>\n<p> ABD&#39;de yakla\u015fan se\u00e7imler \u00f6ncesi neo-con&#39;lar \u015fa\u015f\u0131rt\u0131c\u0131 manevralara ba\u015fvuruyorlar. Bu oyunda rol alan Irak sava\u015f\u0131n\u0131n mimarlar\u0131ndan &quot;Karanl\u0131klar Prensi&quot; lakapl\u0131 \u00f6nde gelen neo-con Richard Perle, aradan d\u00f6rt y\u0131l ge\u00e7mesinden sonra sava\u015f\u0131n hata oldu\u011funu itiraf etti\u011fi izlenimi vererek, hezimetin faturas\u0131n\u0131 Ba\u015fkan George W. Bush&#39;a \u00e7\u0131kard\u0131. Kamuoyunu aldatmaya d\u00f6n\u00fck bu a\u00e7\u0131klaman\u0131n dan\u0131\u015f\u0131kl\u0131 d\u00f6v\u00fc\u015f oldu\u011fu a\u015fikar. <\/p>\n<p> Amerikan y\u00f6netiminin \u015fahinleri aras\u0131nda yer alan ve yolsuzluk yapt\u0131\u011f\u0131n\u0131n belirlenmesi sonras\u0131 istifa etmek zorunda kalan eski savunma bakan yard\u0131mc\u0131lar\u0131ndan ve Pentagon&#39;un eski ba\u015fdan\u0131\u015fmanlar\u0131ndan Perle, Vanity Fair dergisiyle r\u00f6portaj\u0131nda, &quot;Irak&#39;ta g\u00f6rd\u00fc\u011f\u00fcm\u00fcz \u015fiddetin boyutu, ger\u00e7ekten korku verici. K\u00f6t\u00fcl\u00fc\u011f\u00fcn bu boyuta ula\u015faca\u011f\u0131n\u0131 tahmin edemedim&quot; dedi. <\/p>\n<p> Toplum psikolojisini etkileme sanat\u0131n\u0131 kullanarak, a\u00e7\u0131klamalar\u0131n\u0131n devam\u0131nda Perle, &quot;Zaman\u0131nda kahin olabilseydim, bug\u00fcn bulundu\u011fumuz noktay\u0131 g\u00f6rebilseydim ve bana o zaman &#39;Irak&#39;a girmeli miyiz?&#39; diye sorsalard\u0131, muhtemelen &#39;hay\u0131r, Saddam H\u00fcseyin&#39;in y\u00f6neltti\u011fi tehdide kar\u015f\u0131 ba\u015fka stratejiler d\u00fc\u015f\u00fcnelim&#39; derdim&quot; ifadesini kullanarak, sava\u015f\u0131 desteklemekle hata yapt\u0131\u011f\u0131n\u0131 Kabul edercesine konu\u015ftu. <\/p>\n<p> Cumhuriyet\u00e7i Parti&#39;den aday olacaklar\u0131n se\u00e7ilebilmesi i\u00e7in Ba\u015fkan Bush y\u00f6netimini beceriksizlikle su\u00e7layan Perle, &quot;Al\u0131nmas\u0131 gereken kararlar al\u0131nmad\u0131 veya zaman\u0131nda al\u0131namad\u0131. S\u00fcrekli g\u00f6r\u00fc\u015f ayr\u0131l\u0131klar\u0131 tart\u0131\u015f\u0131ld\u0131. G\u00fcn\u00fcn sonunda, bu durumdan Ba\u015fkan&#39;\u0131 sorumlu tutmak zorundas\u0131n\u0131z&quot; dedi. <\/p>\n<p> Richard Perle, ABD&#39;nin, arkas\u0131nda \u00e7\u00f6km\u00fc\u015f bir Irak devleti b\u0131rakarak bu \u00fclkeden \u00e7ekilmek zorunda kalmas\u0131n\u0131n hen\u00fcz ka\u00e7\u0131n\u0131lmaz hale gelmedi\u011fini, ancak bu ihtimalin giderek g\u00fc\u00e7lendi\u011fini belirterek, &quot;Bu olursa d\u00fcnyan\u0131n g\u00f6rebilece\u011fi en b\u00fcy\u00fck anar\u015fi ve kaos ortaya \u00e7\u0131kar&quot; yorumunu yapt\u0131. <\/p>\n<p> <strong>Karanl\u0131klar Prensi: Perle<\/strong> <\/p>\n<p> <strong>1969 &#8211; 1980 y\u0131llar\u0131 aras\u0131nda ABD Senatosu&#39;nda g\u00f6revli olarak \u00e7al\u0131\u015fan Perle, Reagan ba\u015fkanl\u0131\u011f\u0131 d\u00f6neminde, 1981-1987 y\u0131llar\u0131 aras\u0131nda, uluslararas\u0131 g\u00fcvenlik politikalar\u0131ndan sorumlu olarak Savunma Bakanl\u0131\u011f\u0131 sekreterli\u011fi yapt\u0131. <\/strong> <\/p>\n<p> <strong>American Enterprise Institute for Public Policy Research (AEI) \u00fcyesi olan Perle, savunma, istihbarat, Avrupa, Orta Do\u011fu ve Rusya konular\u0131nda pek \u00e7ok politikan\u0131n belirlenmesinde rol oynam\u0131\u015ft\u0131.<\/strong> <\/p>\n<p> <strong>Perle, Pentagon ba\u015fdan\u0131\u015fmanl\u0131\u011f\u0131 g\u00f6revinin yan\u0131s\u0131ra, Hollinger Digital \u015firketinin y\u00f6netim kurulu ba\u015fkanl\u0131\u011f\u0131 ve Jerusalem Post Gazetesi&#39;nde direkt\u00f6rl\u00fck g\u00f6revlerini de y\u00fcr\u00fct\u00fcyordu. New York Times, Washington Post, Washington Times, U.S. News &amp; World Report, Wall Street Journal, Evening Standard, Times Literary Supplement, ve Jerusalem Post gibi gazete ve dergilere makaleler yazan Perle, 1992 y\u0131l\u0131nda PBS televizyonunda yay\u0131nlanan &#8216;K\u00f6rfez Krizi: Sava\u015fa Giden Yol&#39; isimli belgeseli de haz\u0131rlam\u0131\u015ft\u0131. <\/strong> <\/p>\n<p> <strong>Perle, Amerikan devletini hortumlad\u0131\u011f\u0131n\u0131n belirlenmesinin ard\u0131ndan istifa etmek zorunda kalm\u0131\u015ft\u0131.<a name=\"_ftnref3\" href=\"#_ftn3\" title=\"_ftnref3\"><strong>[3]<\/strong><\/a><\/strong> <\/p>\n<p> <strong>ABD&#39;yi Kim Finanse Ediyor?<\/strong> <\/p>\n<p> \u00dclkesine ve d\u00fcnyaya George W. Bush kadar zarar veren bir ABD Ba\u015fkan\u0131 bulmak herhalde kolay olmayacak&#8230; Irak&#39;taki benzeri g\u00f6r\u00fclmemi\u015f fiyaskoyu art\u0131k halk\u0131ndan gizleyemeyen Bush&#39;un, yaln\u0131zca toplumun varl\u0131kl\u0131 kesimine yarayan ekonomi politikalar\u0131yla ABD&#39;yi b\u00fcy\u00fck bir bor\u00e7 bata\u011f\u0131na s\u00fcr\u00fckledi\u011fi de bir ger\u00e7ek. <\/p>\n<p> I. Herald Tribune gazetesinin d\u00fcnk\u00fc say\u0131s\u0131nda yer alan verilere g\u00f6re, 2000 y\u0131l\u0131 sonunda ABD&#39;nin Hazine ka\u011f\u0131tlar\u0131yla yapt\u0131\u011f\u0131 toplam bor\u00e7lanma 2.8 trilyon dolarken bunun % 36&#39;s\u0131, yani 1.1 trilyon dolarl\u0131k b\u00f6l\u00fcm\u00fc ABD d\u0131\u015f\u0131ndan finanse ediliyormu\u015f&#8230; <\/p>\n<p> ABD Hazine ka\u011f\u0131tlar\u0131n\u0131 sat\u0131n alarak ABD&#39;yi finanse eden \u00fclkeler aras\u0131nda Japonya ve \u00c7in&#39;in b\u00fcy\u00fck a\u011f\u0131rl\u0131\u011f\u0131 var. Son be\u015f y\u0131lda ABD Hazine ka\u011f\u0131d\u0131 al\u0131m\u0131n\u0131 en fazla art\u0131ran \u00fclke ise \u00c7in. \u00c7in&#39;in ABD Hazine ka\u011f\u0131d\u0131 portf\u00f6y\u00fc 2001 ba\u015f\u0131ndan 2006 A\u011fustosuna kadar ge\u00e7en s\u00fcrede % 462 artarak 339 milyar dolar\u0131 bulmu\u015f. Bu arada \u0130ngiltere&#39;den yap\u0131lan al\u0131mlar\u0131n bir k\u0131sm\u0131n\u0131n da ba\u015fka \u00fclkelerin yat\u0131r\u0131mc\u0131lar\u0131na ait olabilece\u011fi belirtiliyor. <\/p>\n<p> Bu \u00f6l\u00e7\u00fcde d\u0131\u015fa ba\u011f\u0131ml\u0131 hale gelen bir \u00fclkenin rakipsiz s\u00fcper g\u00fc\u00e7 olma iddias\u0131n\u0131 nas\u0131l s\u00fcrd\u00fcrece\u011fi de merak konusu olmaya ba\u015flad\u0131.  <\/p>\n<p> <strong>Bu arada Ba\u015fkan Bush&#39;a ak\u0131l hocal\u0131\u011f\u0131 yapan ve &quot;Neo-Con&quot; diye an\u0131lan ekibin baz\u0131 \u00fcnl\u00fc isimleri, tam da se\u00e7imler \u00f6ncesinde, Ba\u015fkan Bush ve y\u00f6netimine ele\u015ftiri ya\u011fd\u0131rd\u0131. Richard Perle, David Frum, Michael Rubin ve Kenneth Adelman, Vanity Fair dergisine yapt\u0131klar\u0131 a\u00e7\u0131klamada Ba\u015fkan Bush&#39;u ve y\u00f6netimini yerden yere vurdu.<\/strong> <\/p>\n<p> <strong>Perle, Bush y\u00f6netimini, &quot;gerekli kararlar\u0131 gerekti\u011fi zamanda almayarak Irak i\u015fgalini fiyaskoya d\u00f6n\u00fc\u015ft\u00fcrmekle&quot; su\u00e7lad\u0131 ve &quot;bug\u00fcnk\u00fc tabloyu o zaman \u00f6ng\u00f6rebilseydik Irak&#39;\u0131n i\u015fgalini herhalde onaylamazd\u0131k&quot; ifadesini kulland\u0131. Bu y\u00f6netime umut ba\u011flamakla b\u00fcy\u00fck hata yapt\u0131klar\u0131n\u0131 itiraf eden Adelman da Bush y\u00f6netimini, &quot;D\u00fcnya Sava\u015f\u0131 sonras\u0131n\u0131n en yeteneksiz ekibi&quot; diye niteledi.<a name=\"_ftnref4\" href=\"#_ftn4\" title=\"_ftnref4\"><strong>[4]<\/strong><\/a><\/strong> <\/p>\n<p> <strong>\u0130lgin\u00e7 \u00dc\u00e7 \u0130sim!<\/strong> <\/p>\n<p> Amerikan gazete ve internet sitelerinde &#39;PKK Koordinat\u00f6r\u00fc&#39; olarak adland\u0131r\u0131lan General Joseph Ralston me\u011fer silah komisyoncusu. U\u00e7ak \u015firketi Loockheed Martin ve Cohen Lobi \u015firketlerinin y\u00f6netim kurulu \u00fcyesi olan adamca\u011f\u0131z\u0131n me\u011fer ger\u00e7ek i\u015fi T\u00fcrkiye&#39;ye F-16&#39;lar\u0131 satmak, T\u00fcrkiye&#39;de medya sekt\u00f6r\u00fcnde ve daha ba\u015fka alanlarda i\u015f bitirmek. <\/p>\n<p> Gelelim ikinci isme. Ted Haggard. Bu adam Ba\u015fkan Bush&#39;un ba\u011fl\u0131 oldu\u011fu ve yakla\u015f\u0131k 30 milyon \u00fcyeli Evangalist ya da Evanjelist Kilisesi&#39;nin ba\u015fkan\u0131. Ama gelin g\u00f6r\u00fcn ki; b\u00f6yle bir kilisenin ba\u015f\u0131nda bulunan ve ahlak abidesi olarak Amerikal\u0131lara yutturulan ba\u015fkan\u0131 Ted Haggard, bir erkekle para kar\u015f\u0131l\u0131\u011f\u0131 yat\u0131yormu\u015f. <\/p>\n<p> \u00dc\u00e7\u00fcnc\u00fc isim \u00e7ok daha ilgin\u00e7. Richard Perle, nam\u0131-\u0131 de\u011fer Karanl\u0131klar Prensi. Peki ne yapt\u0131 bu adam? Patronu Bush&#39;a kaz\u0131k att\u0131. Se\u00e7imlere birka\u00e7 g\u00fcn kala Ba\u015fkan&#39;\u0131n Irak politikalar\u0131n\u0131 yerden yere vurdu. Bu adam Irak sava\u015f\u0131n\u0131n planlay\u0131c\u0131 ve en ba\u015f uygulay\u0131c\u0131lar\u0131ndan biridir. Yani adam \u015eahinler&#39;in \u015fahinidir. \u015earon&#39;dan bile daha \u0130srailci&#39;dir. Perle bak\u0131n ne diyor: &#39;&#39;Zaman\u0131nda kahin olabilseydim, belki de Saddam&#39;a kar\u015f\u0131 farkl\u0131 stratejiler uygulard\u0131m ve Irak&#39;a m\u00fcdahale etmezdim. Irak&#39;ta g\u00f6rd\u00fc\u011f\u00fcm\u00fcz \u015fiddetin boyutu korku verici, k\u00f6t\u00fcl\u00fc\u011f\u00fcn bu boyuta ula\u015faca\u011f\u0131n\u0131 tahmin edemedim.&#39;&#39; <\/p>\n<p> Yukar\u0131da ad\u0131 ge\u00e7en \u00fc\u00e7 ki\u015finin durumu kendi ba\u015flar\u0131na Amerikan politikalar\u0131n\u0131n i\u00e7 y\u00fcz\u00fcn\u00fc yeterince yans\u0131t\u0131yor.<a name=\"_ftnref5\" href=\"#_ftn5\" title=\"_ftnref5\">[5]<\/a> <\/p>\n<p> <strong>Kopenhag De\u011fil &quot;Ha\u00e7l\u0131 Kriterleri&quot; Dayat\u0131l\u0131yor<\/strong> <\/p>\n<p> <strong>25 y\u0131ld\u0131r AB \u00fcyesi olan Yunanistan&#39;da bile bulunmayan kriterler T\u00fcrkiye&#39;ye dayat\u0131l\u0131yor<\/strong> <\/p>\n<p> Avrupa Birli\u011fi&#39;nin \u00e7\u0131kar\u0131lmas\u0131n\u0131 istedi\u011fi ve daha \u00e7ok T\u00fcrkiye&#39;deki Rum, Ermeni ve Yahudi az\u0131nl\u0131k cemaat vak\u0131flar\u0131n\u0131 ilgilendiren d\u00fczenlemeler, 25 y\u0131ld\u0131r AB \u00fcyesi olan Yunanistan&#39;da bile hi\u00e7 olmayan bir\u00e7ok yeni hakk\u0131 getiriyor. Lozan&#39;a g\u00f6re &#8216;m\u00fctekabiliyet&#39; esas\u0131 bulunan Yunanistan&#39;daki vak\u0131flarla ilgili uygulamalar\u0131n neredeyse tamam\u0131, insan haklar\u0131na ve \u00f6zg\u00fcrl\u00fcklerine ayk\u0131r\u0131. <\/p>\n<p> Yunanl\u0131lar\u0131n vak\u0131f uygulamalar\u0131ndan baz\u0131 \u00f6rnekler \u015f\u00f6yle: Vak\u0131f y\u00f6neticilerini Ortodoks vali at\u0131yor. Y\u00f6neticilerin se\u00e7ilme hakk\u0131 yok. T\u00fcrk yerine M\u00fcsl\u00fcman olarak adland\u0131r\u0131lan vak\u0131flar, yeni m\u00fclk edinemez. Cunta y\u00f6netiminde kamula\u015ft\u0131r\u0131lm\u0131\u015f ta\u015f\u0131nmazlar\u0131n iadesine y\u00f6nelik bir h\u00fck\u00fcm olmad\u0131\u011f\u0131 gibi yeni bir \u00e7al\u0131\u015fma da yok. T\u00fcrk m\u00fcft\u00fc ve belediye ba\u015fkanlar\u0131 ile akrabalar\u0131 vak\u0131f y\u00f6neticisi olamaz. En \u00f6nemlisi vak\u0131flar\u0131n, idari ve mali denetimi hristiyan valinin iki duda\u011f\u0131 aras\u0131nda. <\/p>\n<p> <strong>Yunanistan Nas\u0131l AB&#39;ye \u00dcye Oldu?<\/strong> <\/p>\n<p> Bat\u0131 Trakya Dernekleri Dayan\u0131\u015fma Derne\u011fi, Yunanistan&#39;da bulunan Bat\u0131 Trakya T\u00fcrk az\u0131nl\u0131\u011f\u0131na ait vak\u0131flarla ilgili uygulamalar\u0131 bir raporla ortaya koydu. Genel Ba\u015fkanl\u0131\u011f\u0131n\u0131 Op. Dr. Erol Ka\u015fifo\u011flu&#39;nun yapt\u0131\u011f\u0131 derne\u011fin \u00e7al\u0131\u015fmas\u0131; T\u00fcrkiye az\u0131nl\u0131klara bir\u00e7ok hak getirmeye \u00e7al\u0131\u015f\u0131rken Yunanistan&#39;da durumun ne oldu\u011funu ortaya koyuyor. <\/p>\n<p> Buna g\u00f6re, 1923 tarihli Lozan Anla\u015fmas\u0131, Yunanistan&#39;daki vak\u0131flara y\u00f6netici olarak, az\u0131nl\u0131k mensubu Bat\u0131 Trakya M\u00fcsl\u00fcman T\u00fcrklerinin se\u00e7ilmesine olanak tan\u0131yordu. Ancak 1967 y\u0131l\u0131nda Albaylar Cuntas\u0131, Yunanistan y\u00f6netimine el koyunca Lozan anla\u015fmas\u0131na ayk\u0131r\u0131 olarak b\u00fct\u00fcn kurullar\u0131 da\u011f\u0131tt\u0131. Vak\u0131flar\u0131n ba\u015f\u0131na ise, Yunanl\u0131lara yak\u0131n ki\u015filer atand\u0131. <\/p>\n<p> <strong>Albaylar Cuntas\u0131 Yahudilere Dokunamad\u0131<\/strong> <\/p>\n<p> \u00c7ok \u00f6nemli bir ayr\u0131nt\u0131. Albaylar Cuntas\u0131 y\u00f6netimi Yahudi Cemaat heyetlerini feshetmek i\u00e7in harekete ge\u00e7ti. Ancak d\u0131\u015f bask\u0131lar nedeniyle Yahudiler&#39;e dokunulamad\u0131. Cunta y\u00f6netiminden sonra T\u00fcrk vak\u0131flar\u0131n\u0131n bir\u00e7ok ta\u015f\u0131nmaz\u0131na el kondu. Mal varl\u0131klar\u0131 azald\u0131. Cunta y\u00f6netimi 1974 y\u0131l\u0131nda sona ermesine ve Yunanistan&#39;\u0131n 1981 y\u0131l\u0131nda AB \u00fcyesi olmas\u0131na ra\u011fmen, bu vak\u0131flar\u0131n ba\u015f\u0131ndaki ki\u015filerin y\u00f6neticili\u011fi, \u00f6l\u00fcnceye kadar devam etti. <\/p>\n<p> <\/p>\n<p> <strong>Y\u00fcr\u00fcrl\u00fckteki Kanun 1980 Tarihli<\/strong> <\/p>\n<p> Yunanistan&#39;da \u015fu anda y\u00fcr\u00fcrl\u00fckte olan vak\u0131flarla ilgili d\u00fczenleme, 20 Kas\u0131m 1980 tarihli 1091 say\u0131l\u0131 Vak\u0131flar Yasas\u0131. &quot;Bat\u0131 Trakyadaki M\u00fcsl\u00fcman Az\u0131nl\u0131\u011fa Ait Vak\u0131flar\u0131n ve Bunlar\u0131n Servetlerinin Y\u00f6netimi ve Kullan\u0131lmas\u0131na Dair&quot; yasa, 23 maddeden olu\u015fuyor. Bu yasada tek de\u011fi\u015fiklik 2000 y\u0131l\u0131nda ger\u00e7ekle\u015ftirildi. O tarihte \u00e7\u0131kar\u0131lan Cumhurba\u015fkanl\u0131\u011f\u0131 kararnamesi ile yasan\u0131n 20. maddesinin birinci paragraf\u0131 de\u011fi\u015ftirildi. <\/p>\n<p> 29 Ocak 1997 tarihinde Yunan Meclisi&#39;nde &quot;\u0130slam Vak\u0131flar\u0131n\u0131n Vergilendirilmesine Dair&quot; yasa kabul edilerek, Lozan Anla\u015fmas\u0131n\u0131n \u00f6ng\u00f6rd\u00fc\u011f\u00fc ve kar amac\u0131 g\u00fctmeyen az\u0131nl\u0131k vak\u0131flar\u0131n\u0131n b\u00fcy\u00fck ta\u015f\u0131nmazlar\u0131na vergi \u00f6deme y\u00fck\u00fcml\u00fcl\u00fc\u011f\u00fc getirildi. Ancak bu yasaya konulan bir madde ile \u0130stanbul Rumlar&#39;\u0131ndan vergi al\u0131nmamas\u0131 halinde &#8216;m\u00fctekabiliyet&#39; \u00e7er\u00e7evesinde Yunanistan&#39;daki M\u00fcsl\u00fcman vak\u0131flar\u0131n\u0131n vergiden muaf tutulmalar\u0131 h\u00fckme ba\u011fland\u0131. <\/p>\n<p> Halen y\u00fcr\u00fcrl\u00fckte olan 1980 tarihli yasan\u0131n 1. maddesinde; yasan\u0131n \u00e7\u0131kar\u0131l\u0131\u015f gayesi 1923 tarihli Lozan Anla\u015fmas\u0131 ile devletler aras\u0131 m\u00fctekabiliyet ilkesi g\u00f6steriliyor. Yasan\u0131n 5. maddesinde, kimlerin vak\u0131f y\u00f6neticisi olabilece\u011fi s\u0131ralan\u0131rken, 5 ki\u015filik y\u00f6netim kurulunun vakf\u0131n bulundu\u011fu \u015fehirde, se\u00e7men k\u00fct\u00fcklerinde kay\u0131tl\u0131 erkek ve kad\u0131n se\u00e7menler taraf\u0131ndan se\u00e7iliyor. Se\u00e7ilenlerin say\u0131s\u0131, y\u00f6netim kurulu say\u0131s\u0131n\u0131n iki kat\u0131. Ancak aday bulunmamas\u0131 halinde vali, az\u0131nl\u0131klardan gerekli say\u0131y\u0131 tamamlamak i\u00e7in 3 kat\u0131na kadar aday g\u00f6sterebiliyor. Bu d\u00fczenleme, M\u00fcsl\u00fcmanlar\u0131 ilgilendiren bir konuda Ortodoks H\u0131ristiyan bir valinin tercih ederek atad\u0131\u011f\u0131 adaylar\u0131n \u00e7o\u011funlu\u011fu ele ge\u00e7irmesi ve M\u00fcsl\u00fcman vak\u0131flar\u0131n Yunan y\u00f6netimlerin eline ge\u00e7mesine neden olmu\u015f. Bu h\u00fck\u00fcm \u00e7er\u00e7evesinde bug\u00fcne kadar bir\u00e7ok vak\u0131f mal\u0131 sat\u0131ld\u0131, kamula\u015ft\u0131r\u0131ld\u0131 veya yok edildi. <\/p>\n<p> Dernek \u00e7al\u0131\u015fmas\u0131nda bu durum \u015f\u00f6yle analiz ediliyor: &quot;AB \u00fcyesi Yunanistan, m\u00fcft\u00fcl\u00fckleri ve vak\u0131flar\u0131 ele ge\u00e7irerek, Bat\u0131 Trakya M\u00fcsl\u00fcman T\u00fcrk Toplumunun can damarlar\u0131n\u0131 ve geleceklerini ele ge\u00e7irerek, dinamitleyerek yok etmektedir. Yunan y\u00f6netimi, m\u00fcft\u00fcl\u00fck ve vak\u0131flarda denetimi kendi adamlar\u0131n\u0131 atayarak, \u00f6zerkli\u011fi uygulatmayarak, bu kurumlarda \u00e7al\u0131\u015fanlar\u0131 maa\u015fa ba\u011flayarak, devlet memuru stat\u00fcs\u00fcne indirgeyerek ve vak\u0131f ta\u015f\u0131nmaz m\u00fclklerini k\u00f6t\u00fc y\u00f6neticilere teslim ederek, satt\u0131rarak az\u0131nl\u0131\u011f\u0131n ekonomik ba\u011f\u0131ms\u0131zl\u0131\u011f\u0131n\u0131 ortadan kald\u0131rmaktad\u0131r.&quot; <\/p>\n<p> <strong>H\u0131ristiyan Valinin \u0130nan\u0131lmaz Yetkisi<\/strong> <\/p>\n<p> Yine Yunanistan&#39;da okullar camilerin yan\u0131nda in\u015fa edilmi\u015f durumda. Cami imam\u0131 ve okulun \u00f6\u011fretmeninin maa\u015f\u0131, m\u00fcft\u00fcl\u00fckler arac\u0131l\u0131\u011f\u0131yla vak\u0131flar taraf\u0131ndan \u00f6deniyor. T\u00fcrk okullar\u0131n\u0131n y\u00fczde 60&#39;\u0131n\u0131n m\u00fclkleri M\u00fcsl\u00fcman vak\u0131flara ait. Okullar\u0131n y\u00fczde 20&#39;si de camilerle ayn\u0131 \u00e7at\u0131 alt\u0131nda. <\/p>\n<p> Dolay\u0131s\u0131yla Yunan devletinin mali yard\u0131mlar\u0131n\u0131 kabul etmeyen bu okullar, vak\u0131flara y\u00f6nelik herhangi bir k\u0131s\u0131tlamadan en \u00e7ok etkilenen az\u0131nl\u0131k kurumlar\u0131 aras\u0131nda yer al\u0131yor. <\/p>\n<p> S\u00f6z konusu yasan\u0131n 6 ve 7. maddelerinde vak\u0131f y\u00f6netimlerine kimlerin se\u00e7ilebilece\u011fi belirtiliyor. Vak\u0131flara se\u00e7ilmeyecek ki\u015filer ise \u015funlar: Herhangi bir nedenle medeni ve siyasi haklardan yoksun kalanlar\u0131n yan\u0131 s\u0131ra milletvekilleri, m\u00fcft\u00fcler, m\u00fcft\u00fcl\u00fck memurlar\u0131 ve bunlar\u0131n ikinci dereceye kadar akrabalar\u0131, belediye ve nahiye meclis \u00fcyeleri. B\u00f6ylece, siyasal nedenlerle h\u00fck\u00fcm giyenlerin ve az\u0131nl\u0131k \u00f6nderlerinin vak\u0131flardan uzak tutulmas\u0131 sa\u011flan\u0131yor. <\/p>\n<p> Ayn\u0131 yasan\u0131n 11. maddesinde ise, birden fazla vakf\u0131n bulundu\u011fu yerde y\u00f6netim kurulu olu\u015fturulmas\u0131nda valiye b\u00fcy\u00fck haklar tan\u0131n\u0131yor. Y\u00f6netime se\u00e7ilen kimseleri vali, ald\u0131klar\u0131 oy s\u0131ras\u0131na g\u00f6re istedi\u011fi vakfa atayabiliyor ve bir ki\u015fi birden fazla vakf\u0131n y\u00f6netim kuruluna kat\u0131lam\u0131yor. Yasa, vak\u0131f ba\u015fkan ve \u00fcyelerinin uygun bir maa\u015f almas\u0131n\u0131 da h\u00fckme ba\u011flayarak, bunun hay\u0131r i\u015finden \u00e7ok ticari bir \u015firket gibi alg\u0131lanmas\u0131na neden oluyor. <\/p>\n<p> Vakf\u0131n denetimi ise, tamamen valinin kontrol\u00fcnde. Yasan\u0131n 16. maddesine g\u00f6re, vak\u0131flar\u0131n idaresi, \u00e7al\u0131\u015fmas\u0131 ve mali y\u00f6netimi yerel vali taraf\u0131ndan yap\u0131l\u0131yor. Vakf\u0131n b\u00fct\u00e7esi, her y\u0131lba\u015f\u0131ndan 2 ay \u00f6nce Valinin onay\u0131na sunuluyor. Mali y\u0131l\u0131n bitiminde ise, dengeleme ve bilan\u00e7o hesab\u0131 yine Valiye sunuluyor. Valinin onaylamad\u0131\u011f\u0131 hi\u00e7bir mali d\u00fczenleme, kredi ve nakil de\u011fi\u015fikli\u011fi veya masraf yap\u0131lam\u0131yor. Vak\u0131flar\u0131n b\u00fct\u00fcn mali tasarruflar\u0131, valinin kontrol\u00fc alt\u0131nda bulunuyor.<a name=\"_ftnref6\" href=\"#_ftn6\" title=\"_ftnref6\">[6]<\/a> <\/p>\n<p> <strong>Soru: K\u00fcrdistan ve Ermenistan Destek\u00e7isi D\u0131\u015f G\u00fc\u00e7ler ve Hain \u0130\u015fbirlik\u00e7iler, Niye Atat\u00fcrk&#39;ten Huzursuz Oluyor?<\/strong> <\/p>\n<p> <strong>Atat\u00fcrk&#39;\u00fcn Ermeni Meselesi Konusundaki Fikirleri<\/strong> <\/p>\n<p> Atat\u00fcrk&#39;\u00fcn <strong>gerek i\u00e7, gerek d\u0131\u015f tehditler <\/strong>hakk\u0131ndaki g\u00f6r\u00fc\u015f ve fikirlerini muhtelif zamanlarda yazd\u0131k, okurlar bilirler. <strong>&quot;Gen\u00e7li\u011fe Hitabe&quot;<\/strong>deki uyar\u0131lar ise tam anlam\u0131yla bir <strong>ileri g\u00f6r\u00fc\u015fl\u00fcl\u00fck<\/strong> \u00f6rne\u011fidir. Belki de h\u00e2diselerin i\u00e7inden gelmi\u015f olman\u0131n verdi\u011fi bir ferasettir. \u0130srail&#39;in kurulu\u015fu konusundaki \u00f6ng\u00f6r\u00fcleri, Hicaz topraklar\u0131n\u0131 kendi t\u00e2biriyle, &quot;Peygamber Efendimizin ya\u015fad\u0131\u011f\u0131 bu yerleri, gerekirse kurtarmak i\u00e7in sava\u015fabilece\u011fimiz&quot; g\u00f6r\u00fc\u015fleri; Patrik ve patrikhane hakk\u0131nda, g\u00f6r\u00fc\u015ften de ileri giden, bu kurumu (fesat yuvas\u0131n\u0131) T\u00fcrkiye d\u0131\u015f\u0131na \u00e7\u0131karma konusundaki tavsiyeleri; Ayasofya&#39;ya tam el konulacakken, bunu haz\u0131rl\u0131klardan anlay\u0131p m\u00fczeye \u00e7evirmesi ve b\u00f6ylece bir zaman i\u00e7in koruma alt\u0131na almas\u0131; ileri g\u00f6r\u00fc\u015fl\u00fcl\u00fck ve teyakkuz \u00fczere olmak konusundaki \u00f6rneklerdir. \u015eimdi pek o kadar bilinmeyen, Ermeni meselesi konusundaki fikir, g\u00f6r\u00fc\u015f ve g\u00f6zlemlerinden \u00f6rnekler verece\u011fim: <\/p>\n<p> &quot;Ermenileri geri \u00e7ekerek <strong>M\u00fcsl\u00fcmanlar<\/strong> aleyhindeki zalimli\u011fe son vereceklerini s\u00f6yleyen Frans\u0131zlar\u0131n, bu sefer, <strong>M\u00fcsl\u00fcman<\/strong> halk\u0131 <strong>katliam eyledikleri,<\/strong> son derece dikkate de\u011ferdir.&quot; (11 Ocak 1920) <\/p>\n<p> &quot;&#8230;\u00c7ukurova ve dolaylar\u0131nda ve Do\u011fu s\u0131n\u0131r\u0131m\u0131z d\u0131\u015f\u0131ndaki <strong>resm\u00ee ve resm\u00ee olmayan Ermeni g\u00fc\u00e7lerinin, dinda\u015f ve \u0131rkda\u015flar\u0131m\u0131za<\/strong> kar\u015f\u0131 yap\u0131lan cinayete varan sald\u0131r\u0131lar\u0131 kar\u015f\u0131s\u0131nda bile, <strong>\u00fclkemizde ya\u015fayan Ermenilerin her t\u00fcrl\u00fc sad\u0131r\u0131dan korunmas\u0131n\u0131 sa\u011flamay\u0131 pek \u00f6nemli bir insanl\u0131k g\u00f6revi olarak kabul ettik <\/strong>ve Anadolu&#39;nun d\u0131\u015f d\u00fcnyayla ili\u015fkisinin kesik oldu\u011fu bu g\u00fcnlerde, y\u00fcce yurt \u00e7\u0131karlar\u0131n\u0131 ama\u00e7layan \u00f6nlemler i\u00e7inde, <strong>Ermeni halk\u0131n\u0131n esenli\u011finin korunmas\u0131 gereklili\u011fini <\/strong>b\u00fct\u00fcn makamlara bildirdik. \u0130\u015fte \u0130stanbul&#39;un yabanc\u0131 g\u00fc\u00e7lerce i\u015fgalinden bug\u00fcne kadar ge\u00e7en ac\u0131 g\u00fcnlerinde <strong>hi\u00e7bir d\u0131\u015f \u00fclkenin fiili korunmas\u0131na eri\u015femeyen Anadolu Ermenilerinden hi\u00e7birinin en k\u00fc\u00e7\u00fck bir anlamda bile sald\u0131r\u0131ya u\u011framam\u0131\u015f olmas\u0131, <\/strong>bize her nedense <strong>cinayet y\u00fckleyen ve \u00e7a\u011fda\u015f duyarl\u0131l\u0131\u011f\u0131 kendi tekelinde sanan &quot;Entrikac\u0131 Avrupal\u0131lar\u0131n&quot; y\u00fczlerini k\u0131zartacak ve milletimizin yarat\u0131l\u0131\u015f\u0131ndan sahibi bulundu\u011fu insanl\u0131k t\u00f6relerinin y\u00fccelik derecesini <\/strong>ispatlayacak \u00e7ok \u00f6nemli bir konudur.&quot; (24 Nisan 1920) <\/p>\n<p> <strong>&quot;Bir uydurma Ermeni k\u0131r\u0131m\u0131 meselesi ve b\u00fct\u00fcn d\u00fcnyay\u0131 aldatmak i\u00e7in yarat\u0131lan bu kin ve h\u0131rs \u00fcr\u00fcn\u00fc propagandalar\u0131n niteli\u011fi hakk\u0131nda uygarl\u0131k ve insanl\u0131k d\u00fcnyas\u0131n\u0131n bir kere daha ayd\u0131nlat\u0131lmas\u0131 ve bu suretle haks\u0131zl\u0131\u011fa u\u011fram\u0131\u015f T\u00fcrk milletinin i\u011fren\u00e7 ve al\u00e7ak\u00e7a bir su\u00e7lamadan ar\u0131nd\u0131r\u0131lmas\u0131&#8230;&quot; <\/strong>(17 Mart 1920) <\/p>\n<p> <strong>Bu yaz\u0131ya ba\u015flarken Ankara&#39;da yap\u0131lan <\/strong>Atat\u00fcrk y\u00fcr\u00fcy\u00fc\u015f\u00fcne<strong> g\u00f6z\u00fcm tak\u0131ld\u0131. Yaz\u0131ya ara vererek, y\u00fcr\u00fcy\u00fc\u015fe heyecanla bakt\u0131m ama <\/strong>&quot;T\u00fcrkiye l\u00e2iktir l\u00e2ik kalacak&quot;<strong> slogan\u0131n\u0131n egemen oldu\u011fu bu toplant\u0131n\u0131n, gene <\/strong>&quot;birle\u015ftirici&quot;<strong> niteli\u011finin fazla vurgulanmad\u0131\u011f\u0131n\u0131 g\u00f6rerek biraz burkuldum. Bu <\/strong>l\u00e2iklik<strong> denilen nesne bize <\/strong>Bat\u0131&#39;dan, H\u0131ristiyanl\u0131\u011f\u0131n etkili oldu\u011fu bir de\u011fi\u015fimden <strong>intikal etti\u011fi i\u00e7in halk bu l\u00e2f\u0131 pek anlamaz, anlamad\u0131\u011f\u0131 i\u00e7in de kavramla\u015ft\u0131ramaz. Oysa <\/strong>&quot;T\u00fcrkiye ba\u011f\u0131ms\u0131zd\u0131r, ba\u011f\u0131ms\u0131z kalacakt\u0131r&quot;<strong> gibi bir slogan, toplumu daha <\/strong>do\u011fru<strong> heyecanlara s\u00fcr\u00fcklerdi.<\/strong> <\/p>\n<p> &quot;\u0130rtica&quot; tan\u0131m\u0131 da, &quot;l\u00e2iklik&quot; de <strong>kas\u0131tl\u0131 de\u011fil ama kendili\u011finden,<\/strong> baz\u0131 yanl\u0131\u015flar i\u00e7eriyor. \u0130kisinden de kastedilen, <strong>&quot;i\u015fbirlik\u00e7iler&quot;<\/strong>dir diyelim,<strong> peki i\u015fbirlik\u00e7ili\u011fin kar\u015f\u0131t\u0131 l\u00e2iklik midir?<\/strong> <\/p>\n<p> Bu millet <strong>\u0130stikl\u00e2l Sava\u015f\u0131 yapm\u0131\u015f bir millettir. \u00d6z\u00fcnde, ruhunda ba\u011f\u0131ms\u0131zl\u0131k \u00fclk\u00fcs\u00fc ve heyecan\u0131 vard\u0131r. Onu ayakta tutmaya \u00e7al\u0131\u015fmal\u0131y\u0131z. <\/strong>Sadece bir kesim olarak de\u011fil, topyek\u00fbn! <strong>T\u00fcrkiye ve T\u00fcrk milleti olarak \u00f6yle san\u0131yorum ki, kurtulu\u015fumuz buna ba\u011fl\u0131d\u0131r.<\/strong> <\/p>\n<p> Bir \u015fehrimizdeki resepsiyona, ba\u015f\u00f6rt\u00fcl\u00fcleri g\u00f6r\u00fcnce girmeyen subaylar <strong>AKP y\u00f6netimini protesto etmi\u015f olabilirler ama o kad\u0131nlar\u0131n m\u00fchim bir k\u0131sm\u0131 \u015fehit anneleriydi, <\/strong>onlar\u0131 da protesto etmi\u015f gibi g\u00f6r\u00fcnd\u00fcler. Olmuyor! Halk\u0131m\u0131z s\u00f6z konusu olunca herkes, \u00e7ok dikkatli olmak zorundad\u0131r. <strong>\u0130ktidara da, halk\u0131m\u0131z\u0131n \u00e7\u0131karlar\u0131n\u0131 koruyamad\u0131\u011f\u0131, korumad\u0131\u011f\u0131 i\u00e7in k\u0131zm\u0131yor muyuz?<\/strong> <\/p>\n<p> Gelelim esas konuya. Bir k\u0131sm\u0131n\u0131 yazd\u0131\u011f\u0131m Atat\u00fcrk&#39;\u00fcn <strong>Ermeni meselesi<\/strong> hakk\u0131ndaki d\u00fc\u015f\u00fcnce ve g\u00f6r\u00fc\u015flerini biraz daha yazmaya devam edece\u011fimi s\u00f6ylemi\u015ftim ve <strong>Wilson prensiplerinden<\/strong> bahsederek <strong>Atat\u00fcrk&#39;<\/strong>\u00fcn bu konudaki g\u00f6r\u00fc\u015flerini de yazaca\u011f\u0131m\u0131 duyurmu\u015ftum. <\/p>\n<p> <strong>Wilson prensipleri,<\/strong> biliyorsunuz y\u00fczy\u0131l\u0131n ba\u015f\u0131nda, <strong>Amerika Cumhurba\u015fkan\u0131 Wilson&#39;<\/strong>un &quot;ayr\u0131l\u0131k\u00e7\u0131l\u0131k&quot;\u0131 k\u00f6r\u00fckleyen prensipleridir. Hatta yan\u0131lm\u0131yorsam <strong>Halide Edip Han\u0131m&#39;<\/strong>\u0131n konu\u015fma yapt\u0131\u011f\u0131 <strong>Sultanahmet mitinginde,<\/strong> bu prensiplerin yer ald\u0131\u011f\u0131 bir pankart as\u0131l\u0131ym\u0131\u015f. <strong>Tevfik R\u00fc\u015ft\u00fc Aras&#39;<\/strong>\u0131n bu y\u00fczden e\u015fini, <strong>do\u011fru yapmad\u0131klar\u0131<\/strong> konusunda uyard\u0131\u011f\u0131 bile s\u00f6ylenir. B\u00fct\u00fcn o akraba han\u0131mlar, Wilson prensipleri cemiyeti kurmu\u015flard\u0131. <\/p>\n<p> &quot;Sevr&#39;de T\u00fcrk-Ermeni s\u0131n\u0131r\u0131n\u0131n belirlenmesi, <strong>Amerika Cumhurba\u015fkan\u0131 Wilson&#39;<\/strong>a b\u0131rak\u0131lm\u0131\u015ft\u0131r. Wilson, s\u0131n\u0131r olarak <strong>Karadeniz k\u0131y\u0131s\u0131nda Giresun&#39;un do\u011fusundan ba\u015flayan Erzincan&#39;\u0131n Bat\u0131 ve g\u00fcneyinden, Elmal\u0131, Bitlis ve Van G\u00f6l\u00fc&#39;n\u00fcn g\u00fcneyinden ge\u00e7en<\/strong> ve bir\u00e7ok noktada, I. D\u00fcnya Sava\u015f\u0131&#39;ndaki T\u00fcrk-Rus cephesini izleyen bir hatt\u0131 g\u00f6stermi\u015ftir.&quot; <\/p>\n<p> <strong>&quot;Mart 1921 teklifinde, Milletler Cemiyeti (BM), bir Ermeni yurdu kurulmas\u0131 i\u00e7in, Do\u011fu illerinden Ermenistan&#39;a b\u0131rak\u0131lacak topraklar\u0131n <\/strong>belirlenmesi i\u00e7in bir kurul olu\u015fturacak, T\u00fcrkiye bu kurulun karar\u0131n\u0131 kabul edecek.&quot; <\/p>\n<p> &quot;Lozan&#39;da bu konu ortadan kald\u0131r\u0131lm\u0131\u015ft\u0131r.&quot; <\/p>\n<p> Atat\u00fcrk&#39;\u00fcn &quot;Wilson&quot; hakk\u0131ndaki g\u00f6r\u00fc\u015f\u00fc, \u00e7ok k\u0131sa ve \u00e7ok a\u00e7\u0131k: <\/p>\n<p> <strong>&quot;&#8230;Ta\u015fnaklar, daha sonra da Kars ve Oltu b\u00f6lgelerinde G\u00fcmr\u00fc anla\u015fmas\u0131n\u0131n imzalanmas\u0131na kadar cinayetlerini s\u00fcrd\u00fcrm\u00fc\u015flerdir.&quot;<\/strong> <\/p>\n<p> <strong>&quot;Milyonlarca T\u00fcrk&#39;\u00fc binlerce Ermeni&#39;nin egemenli\u011fine terk etmeye kalk\u0131\u015fan Wilson projesi, yaln\u0131zca g\u00fcl\u00fcn\u00e7t\u00fcr.&quot; <\/strong>(26 \u015eubat 1921) <\/p>\n<p> H\u0131z\u0131m\u0131 alamad\u0131m, birka\u00e7 sat\u0131r daha yazaca\u011f\u0131m. <\/p>\n<p> &quot;Ermeni sorunu denilen ve Ermeni milletinin ger\u00e7ek olmayan isteklerinden \u00e7ok, <strong>d\u00fcnya kapitalistlerinin ekonomik pazarlar\u0131na g\u00f6re \u00e7\u00f6z\u00fclmek istenen sorun, Kars anla\u015fmas\u0131yla <\/strong>en do\u011fru bi\u00e7imde \u00e7\u00f6z\u00fcme ula\u015fm\u0131\u015ft\u0131r.&quot; (1 Mart 1922) <\/p>\n<p> <strong>&quot;Do\u011fu&#39;da Trabzon&#39;u, G\u00fcneyde Adana&#39;y\u0131 i\u00e7ine alacak b\u00fcy\u00fck Ermenistan&#39;dan eser kalmam\u0131\u015ft\u0131r.&quot;<\/strong> (19 A\u011fustos 1924) <\/p>\n<p> S\u00f6yleyin \u015fimdi l\u00fctfen, <strong>Avrupa Birli\u011fi Siyonistleri,<\/strong> ikide bir, &quot;Atat\u00fcrk eskimi\u015ftir, onu aradan \u00e7\u0131kar\u0131n&quot; demesinler de ne yaps\u0131nlar?<a name=\"_ftnref7\" href=\"#_ftn7\" title=\"_ftnref7\">[7]<\/a> <\/p>\n<p> <strong>1 Kas\u0131m 2006 tarihli Ak\u015fam&#39;da Engin Ard\u0131\u00e7, yine ars\u0131zl\u0131k ederek AB u\u015fakl\u0131\u011f\u0131n\u0131 ve gizli Atat\u00fcrk kar\u015f\u0131tl\u0131\u011f\u0131n\u0131 kusmu\u015f. Ve hele \u0130n\u00f6n\u00fc&#39;n\u00fcn Atat\u00fcrk&#39;e denk g\u00f6sterilmesini \u00e7ok olumlu\u00a0 ve anlaml\u0131 bulmu\u015f:<\/strong> <\/p>\n<p> <strong>G\u0131c\u0131k Yaz\u0131<\/strong> <\/p>\n<p> Cumhuriyet Bayram\u0131&#39;n\u0131 &#39;kutlayan&#39; gen\u00e7ler Taksim Meydan\u0131&#39;nda turistlere sark\u0131nt\u0131l\u0131k etmi\u015fler&#8230; Bas\u0131n \u00e7ok k\u0131zm\u0131\u015f, bu magandal\u0131\u011f\u0131n b\u00f6yle bir bayrama yak\u0131\u015fmad\u0131\u011f\u0131n\u0131 yaz\u0131yor. <\/p>\n<p> Allah Allah, acaba kahraman T\u00fcrk gen\u00e7leri &#39;bizi yutmak isteyen emperyalizme ve bizi mahvetmek isteyen kapitalizme&#39; tepki olarak m\u0131 kad\u0131nlara sulanm\u0131\u015flar, &#39;i\u015fte s\u00f6zde Ermeni soyk\u0131r\u0131m\u0131n\u0131 ortaya atan Bat\u0131l\u0131 orospular&#39; diye? <\/p>\n<p> Hay\u0131r, \u00e7\u00fcnk\u00fc Rus kad\u0131nlar bunlar, Rusya da bizim en yak\u0131n m\u00fcttefikimiz olmu\u015ftu kurtulu\u015f sava\u015f\u0131m\u0131zda. Bug\u00fcn de &#39;ulusalc\u0131lar\u0131m\u0131z&#39; Bat\u0131&#39;ya s\u0131rt \u00e7evirip Rusya, Hindistan ve \u00c7in&#39;le ittifak kurmak istemiyorlar m\u0131? <\/p>\n<p> Bir de \u0130ranl\u0131 kad\u0131na sulanm\u0131\u015flar, kad\u0131n kendini zor kurtarm\u0131\u015f; o da herhalde Kemalist tepki midir? <\/p>\n<p> Ger\u00e7ek \u015fu: Gecekondu gen\u00e7leri, Taksim&#39;e cumhuriyeti kutlamaya falan de\u011fil, &#39;bele\u015f Mustafa Sandal konseri&#39; izleyip tepi\u015fmeye gittiler. Her \u00fclkenin alt s\u0131n\u0131f\u0131n\u0131n i\u00e7ece\u011fi olan biray\u0131 da fazla ka\u00e7\u0131r\u0131nca&#8230; Nitekim, kendilerini savunmak i\u00e7in kulland\u0131klar\u0131 &#39;ne i\u015fleri var o kadar erke\u011fin i\u00e7inde&#39; c\u00fcmlesi, cumhuriyeti ya\u015fatacak ve y\u00fckseltecek olan fikri h\u00fcr, vicdan\u0131 h\u00fcr, irfan\u0131 h\u00fcr yeni nesillerin &#39;t\u0131ynetini&#39; ortaya koyuyor. <\/p>\n<p> \u00dcst s\u0131n\u0131f\u0131n kutlamalar\u0131na da ben kat\u0131ld\u0131m. Ba\u011fdat Caddesi&#39;nde. <\/p>\n<p> Do\u011frusu \u00e7ok etkilendim, gururland\u0131m, g\u00f6zlerim doldu. <\/p>\n<p> Numara yapm\u0131yorum, vallahi \u00f6yle oldu. <\/p>\n<p> Hele, Kad\u0131k\u00f6y Belediyesi&#39;nin renklendirip canland\u0131rd\u0131\u011f\u0131 resimlerde Gazi Mustafa Kemal Pa\u015fa&#39;n\u0131n yan\u0131nda \u0130smet Pa\u015fa&#39;y\u0131 g\u00f6r\u00fcnce daha bir heyecanland\u0131m.&quot; <\/p>\n<p> <\/p>\n<p> <strong>Avrupa Birli\u011fi, T\u00fcrkiye&#39;nin Biti\u015fidir!<\/strong> <\/p>\n<p> \u0131Ba\u015ftan beri Avrupal\u0131lar bize hep bizim kald\u0131ramayaca\u011f\u0131m\u0131z y\u00fckler y\u00fcklemektedirler. Bunun en a\u00e7\u0131k \u00f6rne\u011fi, 1996&#39;dan beri yani tam 9 (dokuz) y\u0131ld\u0131r T\u00fcrkiye aleyhine uygulana gelen &#8216;G\u00fcmr\u00fck Birli\u011fi&#39; anla\u015fmas\u0131d\u0131r. Bu anla\u015fma arac\u0131l\u0131\u011f\u0131 ile T\u00fcrkiye dokuz y\u0131ld\u0131r Avrupa \u00fclkeleri taraf\u0131ndan s\u00f6m\u00fcr\u00fcl\u00fcyor!.. \u015eimdi de &#8216;tam \u00fcyelik&#39; de\u011fil de, &#8216;imtiyazl\u0131 ortakl\u0131k&#39; g\u00fcndemde! Bu imtiyazl\u0131 ortakl\u0131\u011f\u0131n da pek ger\u00e7ekle\u015fece\u011fi yok ya! Bir an i\u00e7in ger\u00e7ekle\u015fti\u011fini kabul etsek bile, bu imtiyazlar sadece &#8216;AB i\u00e7in imtiyazlar&#39; i\u00e7eren bir anla\u015fma olacakt\u0131r; aynen &#8216;G\u00fcmr\u00fck Birli\u011fi&#39; anla\u015fmas\u0131nda oldu\u011fu gibi!.. <\/p>\n<p> \u0130stikl\u00e2l Sava\u015f\u0131&#39;n\u0131 kazan\u0131p T\u00fcrkiye Cumhuriyeti Devleti&#39;ni kuranlar, T\u00fcrkiye&#39;ye bir misyon bi\u00e7mi\u015flerdi. Bunlar\u0131 \u015f\u00f6yle a\u00e7\u0131klayabiliriz. <\/p>\n<p> <strong>1<\/strong>&#8211; T\u00fcrkiye devleti mill\u00ee devlet olacakt\u0131r. Millet din, dil, k\u00fclt\u00fcr ve inan\u00e7 birli\u011fi olarak anla\u015f\u0131l\u0131yordu. Din \u0130sl\u00e2m dini idi. Dil T\u00fcrk\u00e7e idi. K\u00fclt\u00fcr mill\u00ee gelenekler idi. \u0130nan\u00e7 ise; &quot;Ben T\u00fcrk\u00fcm\/M\u00fcsl\u00fcman\u0131m&quot; deyip T\u00fcrkiye devletinin ya\u015famas\u0131 i\u00e7in can\u0131n\u0131 vermek anlam\u0131ndad\u0131r. Her ne kadar daha sonra Anayasadan &quot;Devletin dini \u0130sl\u00e2m&#39;d\u0131r.&quot; s\u00f6z\u00fc \u00e7\u0131kar\u0131lm\u0131\u015f ise de, bu l\u00e2ik bir y\u00f6netim gere\u011fi olup, hi\u00e7bir zaman halk\u0131n \u0130sl\u00e2m dinini b\u0131rakmas\u0131 \u015feklinde anla\u015f\u0131lmam\u0131\u015f, dinsizlik hedeflenmemi\u015ftir. <\/p>\n<p> <strong>2<\/strong>&#8211; T\u00fcrkiye devleti ba\u011f\u0131ms\u0131z olacakt\u0131r. T\u00fcrkiye istikl\u00e2l-i t\u00e2mme i\u00e7inde ya\u015fayacak, &#8216;Ya istikl\u00e2l ya \u00f6l\u00fcm&#39; her zaman T\u00fcrklerin ana \u015fiar\u0131 olacakt\u0131r. Hi\u00e7bir ba\u015fka devletin ve blo\u011fun i\u00e7inde olmayacakt\u0131r. Ne sosyalist ne de kapitalist \u00fclke bloklar\u0131 i\u00e7inde olmayacakt\u0131r. Ne bat\u0131 blo\u011funda ne de do\u011fu blo\u011funda yer almayacakt\u0131r. T\u00fcrkiye mill\u00ee devlet olmay\u0131 bu yolla tamamlayacakt\u0131r. <\/p>\n<p> <strong>3<\/strong>&#8211; T\u00fcrkiye devleti bar\u0131\u015f\u00e7\u0131 devlet olacakt\u0131r. Ba\u015fka \u00fclkelerden toprak istemeyecek, onlar\u0131n i\u00e7 i\u015flerine kar\u0131\u015fmayacak, onlar\u0131n sava\u015flar\u0131na yard\u0131mc\u0131 olmayacakt\u0131r. Kimseyi de kendi \u00fclkesine kar\u0131\u015ft\u0131rmayacakt\u0131r. &#8216;Yurtta sulh cihanda sulh&#39; esast\u0131r. \u00dclkesine iltica edip M\u00fcsl\u00fcman olarak T\u00fcrkl\u00fc\u011f\u00fc kabul edenleri kabul edecektir. T\u00fcrkiye&#39;ye gelmeyenlerle genel d\u0131\u015f politika ilkeleri \u00e7er\u00e7evesinde ilgilenecektir. <\/p>\n<p> <strong>4<\/strong>&#8211; T\u00fcrkiye devleti Avrupa uygarl\u0131\u011f\u0131n\u0131n icaplar\u0131n\u0131 yerine getirecektir. Ancak as\u0131l hedefi muas\u0131r medeniyetin \u00fcst\u00fcne \u00e7\u0131kmak, daha do\u011frusu &#8216;yeni medeniyet&#39; kurmak olacakt\u0131r. Bunun i\u00e7in temel dayanak &#8216;m\u00fcspet ilim&#39;dir. Her \u015fey m\u00fcspet ilmin denetimi i\u00e7inde olacakt\u0131r. Demokrasiyi tart\u0131\u015fmam\u0131\u015ft\u0131r. Demokrasi m\u00fcspet ilme uygunsa kabul edilecektir. M\u00fcspet ilme uymuyorsa reddedilecektir. \u0130sl\u00e2miyet de tart\u0131\u015f\u0131lmam\u0131\u015ft\u0131r. Din e\u011fer m\u00fcspet ilme uygunsa kabul edilecek, yoksa reddedilecektir. Bunlar\u0131 siyasiler de\u011fil \u00e2limler tart\u0131\u015facakt\u0131r. Siyasilerin g\u00f6revi sonu\u00e7lar\u0131 tespit etmek de\u011fil, ilim adamlar\u0131n\u0131n \u00e7\u00f6z\u00fcm \u00fcretmelerine imk\u00e2n vermektir. Nitekim Anayasalar\u0131 askerler kendileri yapmad\u0131, olu\u015fturduklar\u0131 ilm\u00ee \u015f\u00fbralara haz\u0131rlatt\u0131lar. <\/p>\n<p> <\/p>\n<p> <strong>T\u00fcrkiye i\u015fte b\u00f6yle bir T\u00fcrkiye&#39;dir.<\/strong> <\/p>\n<p> <strong>Avrupa Birli\u011fi&#39;ne girmekle, devletin bu temel d\u00f6rt dire\u011fini dinamitlemekteyiz. <br \/> Bir de, kimi \u015fuursuzlar veya budalalar; Avrupa Birli\u011fi&#39;ne girmeyi Mustafa Kemal ve arkada\u015flar\u0131n\u0131n ideali olarak ortaya koymaktad\u0131rlar. Mustafa Kemal ve arkada\u015flar\u0131 T\u00fcrkiye&#39;yi Avrupa&#39;ya teslim edeceklerdi de, \u0130stiklal Sava\u015f\u0131&#39;n\u0131 niye yapt\u0131lar?.. T\u00fcrkiye&#39;den H\u0131ristiyanlar\u0131 niye tehcir ettiler?.. M\u00fcbadelelerle T\u00fcrkiye&#39;ye M\u00fcsl\u00fcmanlar\u0131n g\u00f6\u00e7\u00fcn\u00fc niye kabul ettiler?.. Avrupa Birli\u011fi&#39;ne girmek i\u00e7in mi?!.<\/strong> <\/p>\n<p> <strong>T\u00fcrkiye&#39;nin &#8216;olmazsa olmaz&#39; \u015fartlar\u0131 vard\u0131r. T\u00fcrkiye i\u00e7in yap\u0131lamayacak neler vard\u0131r?<\/strong> <\/p>\n<p> <strong>1- T\u00fcrkiye \u0130sl\u00e2miyet&#39;ten vazge\u00e7emez.<\/strong> <\/p>\n<p> <strong>2- M\u00fcsl\u00fcmanlara cephe alamaz, onlar sava\u015fmad\u0131k\u00e7a T\u00fcrkiye onlarla sava\u015fa giremez.<\/strong> <\/p>\n<p> <strong>3- T\u00fcrk \u00fclkeleri ile ekonomik ve sosyal ili\u015fkilerini kesemez.<\/strong> <\/p>\n<p> <strong>4- T\u00fcrkiye T\u00fcrk ordusunu k\u00fc\u00e7\u00fcltemez, etkisiz h\u00e2le getiremez.<a name=\"_ftnref8\" href=\"#_ftn8\" title=\"_ftnref8\"><strong>[8]<\/strong><\/a><\/strong> <\/p>\n<p> <\/p>\n<hr \/>\n<p> <a name=\"_ftn1\" href=\"#_ftnref1\" title=\"_ftn1\">[1]<\/a> Kudsel Arabi \/ Radikal \/ 05.11.2006 <\/p>\n<p> <a name=\"_ftn2\" href=\"#_ftnref2\" title=\"_ftn2\">[2]<\/a> Dr. Abdullah \u00d6zkan \/ Milli Gazete \/ 05.11.2006 <\/p>\n<p> <a name=\"_ftn3\" href=\"#_ftnref3\" title=\"_ftn3\">[3]<\/a> H\u00fcseyin Alt\u0131nalan \/ Milli Gazete \/ 05.11.2006 <\/p>\n<p> <a name=\"_ftn4\" href=\"#_ftnref4\" title=\"_ftn4\">[4]<\/a> Osman Ulagay \/ Milliyet \/ 05.11.2006 <\/p>\n<p> <a name=\"_ftn5\" href=\"#_ftnref5\" title=\"_ftn5\">[5]<\/a> H\u00fcsn\u00fc Mahalli \/ Ak\u015fam \/ 07.11.2006 <\/p>\n<p> <\/p>\n<p> <a name=\"_ftn6\" href=\"#_ftnref6\" title=\"_ftn6\">[6]<\/a> Ebubekir G\u00fcl\u00fcm \/ Milli Gazete \/ 6.11.2006 <\/p>\n<p> <\/p>\n<p> <a name=\"_ftn7\" href=\"#_ftnref7\" title=\"_ftn7\">[7]<\/a> Afet Ilgaz \/ Milli Gazete \/ 6.11.2006 <\/p>\n<p> <\/p>\n<p> <a name=\"_ftn8\" href=\"#_ftnref8\" title=\"_ftn8\">[8]<\/a> Re\u015fat Nuri Erol \/ Milli Gazete \/ 31.5.2005  <\/p>\n","protected":false},"excerpt":{"rendered":"<p>\u00a0  <\/p>\n<p> <strong>Irak&#39;ta korkun\u00e7 bilan\u00e7o \u00dcrk\u00fct\u00fcyor!<\/strong> <\/p>\n<p> <strong>ABD&#39;nin demokrasi vaatleriyle m\u00fcdahale etti\u011fi Irak&#39;ta kan g\u00f6vdeyi g\u00f6t\u00fcr\u00fcyor. \u00dclkede sava\u015f\u0131n verdi\u011fi zarar giderek art\u0131yor. Amerikan Associated Press (AP) haber ajans\u0131, kendi verileriyle \u00e7e\u015fitli kurulu\u015flar ve resmi kurumlar\u0131n verilerine dayanarak yapt\u0131\u011f\u0131 derlemeye g\u00f6re, Irak sava\u015f\u0131n\u0131n ba\u015flad\u0131\u011f\u0131 2003 y\u0131l\u0131n\u0131n mart ay\u0131ndan beri \u00f6len Irakl\u0131 sivillerin say\u0131s\u0131 bir rapora g\u00f6re 655 bini buluyor.<\/strong> <\/p>\n","protected":false},"author":28,"featured_media":0,"comment_status":"open","ping_status":"closed","sticky":false,"template":"","format":"standard","meta":{"footnotes":""},"categories":[65],"tags":[],"class_list":["post-835","post","type-post","status-publish","format-standard","hentry","category-ocak-2007"],"_links":{"self":[{"href":"https:\/\/www.millicozum.com\/mc\/wp-json\/wp\/v2\/posts\/835","targetHints":{"allow":["GET"]}}],"collection":[{"href":"https:\/\/www.millicozum.com\/mc\/wp-json\/wp\/v2\/posts"}],"about":[{"href":"https:\/\/www.millicozum.com\/mc\/wp-json\/wp\/v2\/types\/post"}],"author":[{"embeddable":true,"href":"https:\/\/www.millicozum.com\/mc\/wp-json\/wp\/v2\/users\/28"}],"replies":[{"embeddable":true,"href":"https:\/\/www.millicozum.com\/mc\/wp-json\/wp\/v2\/comments?post=835"}],"version-history":[{"count":0,"href":"https:\/\/www.millicozum.com\/mc\/wp-json\/wp\/v2\/posts\/835\/revisions"}],"wp:attachment":[{"href":"https:\/\/www.millicozum.com\/mc\/wp-json\/wp\/v2\/media?parent=835"}],"wp:term":[{"taxonomy":"category","embeddable":true,"href":"https:\/\/www.millicozum.com\/mc\/wp-json\/wp\/v2\/categories?post=835"},{"taxonomy":"post_tag","embeddable":true,"href":"https:\/\/www.millicozum.com\/mc\/wp-json\/wp\/v2\/tags?post=835"}],"curies":[{"name":"wp","href":"https:\/\/api.w.org\/{rel}","templated":true}]}}