{"id":839,"date":"2007-01-03T14:00:22","date_gmt":"2007-01-03T14:00:22","guid":{"rendered":"https:\/\/www.millicozum.com\/mc\/2007\/01\/03\/abc-hem-ger-hem-kahbelt\/"},"modified":"2007-01-03T14:00:22","modified_gmt":"2007-01-03T14:00:22","slug":"abcilik-hem-gericilik-hem-kahbeliktir","status":"publish","type":"post","link":"https:\/\/www.millicozum.com\/mc\/2007\/ocak-2007\/abcilik-hem-gericilik-hem-kahbeliktir\/","title":{"rendered":"AB&#8217;C\u0130L\u0130K, HEM GER\u0130C\u0130L\u0130K, HEM KAHBEL\u0130KT\u0130R!.."},"content":{"rendered":"<p>\u00a0  <\/p>\n<p> <strong>Gericiliktir.. \u00c7\u00fcnk\u00fc kurtulu\u015f sava\u015f\u0131 \u00f6ncesi i\u015fgal ve esaret d\u00f6nemine yumu\u015fak (layt) ge\u00e7i\u015ftir&#8230; Sevr&#39;in sinsi hedefine g\u00f6n\u00fcll\u00fc hizmet oldu\u011fu i\u00e7in de, kahpeliktir.<\/strong>  <\/p>\n<p> <strong>AB&#39;nin K\u0131br\u0131s ve Heybeliada dayatmas\u0131 s\u00fcr\u00fcyor <\/strong> <\/p>\n<p> Avrupa Birli\u011fi Komisyonu&#39;nun 8 Kas\u0131m tarihinde yay\u0131nlad\u0131\u011f\u0131 T\u00fcrkiye \u0130lerleme Raporu&#39;nun detaylar\u0131 ortaya \u00e7\u0131kt\u0131. Zaten yakla\u015f\u0131k bir y\u0131ld\u0131r K\u0131br\u0131s konusunda s\u00f6ylenenlerden \u00e7ok fazla bir \u015feyin olmad\u0131\u011f\u0131 kesinle\u015fti. Raporda K\u0131br\u0131s konusunda, T\u00fcrkiye&#39;nin limanlar\u0131n\u0131 Rum gemi ve u\u00e7aklar\u0131na a\u00e7mamas\u0131ndan duyulan rahats\u0131zl\u0131k bir\u00e7ok b\u00f6l\u00fcmde vurgulanarak, T\u00fcrkiye&#39;nin ev \u00f6devini tam anlam\u0131yla yerine getirmesi isteniyor.  <\/p>\n<p>  \u00a0  <\/p>\n<p> 80 sayfadan olu\u015fan raporda T\u00fcrkiye&#39;nin \u00f6zellikle K\u0131br\u0131s konusunda gerekli sorumluluklar\u0131 yerine getirmedi\u011fi belirtilerek, bir an \u00f6nce Ek Protokol&#39;\u00fcn yerine getirilmesi hususuna i\u015faret ediliyor. Raporda, &quot;B\u00f6lgesel Konular ve D\u0131\u015f \u0130li\u015fkiler&quot; ba\u015fl\u0131\u011f\u0131n\u0131n alt\u0131nda yer alan K\u0131br\u0131s konusundaki ana de\u011ferlendirmede, T\u00fcrkiye&#39;nin &#8216;K\u0131br\u0131s Cumhuriyeti&#39;ne kar\u015f\u0131 y\u00fck\u00fcml\u00fcl\u00fcklerini yerine getirmedi\u011fi ve ili\u015fkileri normalle\u015ftirme y\u00f6n\u00fcnde ad\u0131m atmad\u0131\u011f\u0131na dikkat \u00e7ekiliyor.  <\/p>\n<p> Komisyon, T\u00fcrkiye&#39;nin &#8216;K\u0131br\u0131s Cumhuriyeti&#39;nin uluslararas\u0131 kurulu\u015flara \u00fcyeli\u011fini veto etmeyi s\u00fcrd\u00fcrd\u00fc\u011f\u00fcn\u00fc de i\u015faret ederek, 21 Eyl\u00fcl 2005 tarihli kar\u015f\u0131 deklarasyon hat\u0131rlat\u0131l\u0131yor. Deklarasyonda, &quot;T\u00fcrkiye&#39;nin s\u00f6zlerini yerine getirmemesi halinde m\u00fczakerelerin tamam\u0131 olumsuz etkilenebilir&quot; deniliyor.  <\/p>\n<p> T\u00fcrkiye&#39;nin &#8216;K\u0131br\u0131s Cumhuriyeti&#39;ni tan\u0131mas\u0131n\u0131n \u00fcyelik s\u00fcrecinin temel unsurlar\u0131ndan oldu\u011fu da vurgulanan AB \u0130lerleme Raporu&#39;nda, Rum kesimini tan\u0131ma \u00f6n ko\u015ful olarak s\u00f6ylenmiyor, ancak tam \u00fcyelik i\u00e7in de bu tan\u0131man\u0131n gerekli oldu\u011fu dile getiriliyor. Raporda her f\u0131rsatta T\u00fcrkiye&#39;nin K\u0131br\u0131s Rum Kesimi&#39;nin gemi ve u\u00e7aklar\u0131na liman ve havaalanlar\u0131n\u0131n a\u00e7\u0131lmas\u0131 gerekti\u011fi vurgulan\u0131yor.\u00a0  <\/p>\n<p> Bu y\u00f6nde var olan k\u0131s\u0131tlamalar\u0131n kald\u0131r\u0131lmas\u0131 konusunda hi\u00e7bir geli\u015fmenin ya\u015fanmad\u0131\u011f\u0131n\u0131 belirten raporda, G\u00fcmr\u00fck Birli\u011fi anla\u015fmas\u0131n\u0131 t\u00fcm AB \u00fcyelerine, yani G\u00fcney K\u0131br\u0131s Rum Kesimi&#39;ne de tam olarak uygulamas\u0131 gerekti\u011fine dikkat \u00e7ekiliyor. Dolay\u0131s\u0131yla mallar\u0131n serbest dola\u015f\u0131m\u0131na konulan s\u00f6z konusu engelin de kald\u0131r\u0131lmas\u0131 ifade edilen raporda, AB \u00fcyeleri ile ikili anla\u015fmalar gere\u011fi hava ta\u015f\u0131mac\u0131l\u0131\u011f\u0131nda milliyet temelinde ayr\u0131mc\u0131l\u0131k yap\u0131lmamas\u0131 gerekti\u011fi aktar\u0131l\u0131yor. \u0130nan\u00e7 \u00f6zg\u00fcrl\u00fc\u011f\u00fc konusunda tarafl\u0131 tutumunu sergilemekten \u00e7ekinmeyen Avrupa Birli\u011fi, haz\u0131rlad\u0131\u011f\u0131 son ilerleme raporunda da inan\u00e7 \u00f6zg\u00fcrl\u00fc\u011f\u00fc \u00f6n\u00fcndeki engellerin kald\u0131r\u0131lmad\u0131\u011f\u0131 ele\u015ftirisi yaparak Heybeliada Ruhban Okulu&#39;nun a\u00e7\u0131lmamas\u0131n\u0131 g\u00fcndeme getiriliyor.  <\/p>\n<p> <\/p>\n<p> <strong>AB&#39;nin raporu 10. uyum paketi olup kar\u015f\u0131m\u0131za \u00e7\u0131kaca\u011fa benziyor.<\/strong>  <\/p>\n<p> S\u00f6zde Ermeni soyk\u0131r\u0131m\u0131n tan\u0131nmas\u0131na ili\u015fkin de\u011fi\u015fiklik \u00f6nergesinin komisyonda kabul edilmesi, T\u00fcrkiye&#39;nin sert tepkisine yol a\u00e7m\u0131\u015ft\u0131.  <\/p>\n<p> Taslak raporda, T\u00fcrkiye&#39;den, reform s\u00fcreci, \u00f6zellikle ifade \u00f6zg\u00fcrl\u00fc\u011f\u00fc, dini haklar ve az\u0131nl\u0131k haklar\u0131, sivil-asker ili\u015fkileri, kad\u0131n haklar\u0131, sendikalar, k\u00fclt\u00fcrel haklar, yarg\u0131n\u0131n ba\u011f\u0131ms\u0131zl\u0131\u011f\u0131 ve reformlar\u0131n uygulanmas\u0131n\u0131n h\u0131zland\u0131r\u0131lmas\u0131 isteniyor.  <\/p>\n<p> H\u00fck\u00fcmetin haz\u0131rlad\u0131\u011f\u0131 9. reform paketinin memnuniyetle kar\u015f\u0131land\u0131\u011f\u0131 ifade edilen raporda, yeni ter\u00f6rle m\u00fccadele yasas\u0131n\u0131n temel hak ve \u00f6zg\u00fcrl\u00fckleri k\u0131s\u0131tlay\u0131c\u0131 unsurlar i\u00e7ermemesi talep ediliyor. &quot;H\u00fck\u00fcmet yetkilileriyle askeri personel ve g\u00fcvenlik personeline ayr\u0131cal\u0131k yap\u0131lmadan yarg\u0131 \u00f6n\u00fcnde herkese e\u015fit muamele yap\u0131lmas\u0131&quot; istenen raporda, T\u00fcrk Ceza Kanunu&#39;nda &quot;keyfi yorumlamaya uygun oldu\u011fu&quot; savunulan 216, 277, 288, 301, 305 ve 318. maddelerin de\u011fi\u015ftirilmesi \u00e7a\u011fr\u0131s\u0131nda bulunuluyor.  <\/p>\n<p> T\u00fcrkiye&#39;nin limanlar\u0131n\u0131 Rum gemilerine a\u00e7mas\u0131 da talep edilen raporda, &quot;K\u0131br\u0131s (Rum kesimi) dahil t\u00fcm AB \u00fcyelerinin tan\u0131nmas\u0131, m\u00fczakere s\u00fcrecinin zorunlu par\u00e7as\u0131d\u0131r&quot; deniliyor.<a name=\"_ftnref1\" href=\"#_ftn1\" title=\"_ftnref1\">[1]<\/a>  <\/p>\n<p> <strong>Avrupa Birli\u011fi resmen b\u00f6l\u00fcc\u00fcl\u00fck yap\u0131yor!<\/strong>  <\/p>\n<p> Avrupa Parlamentosu genel kurulu, Hollandal\u0131 H\u0131ristiyan Demokrat \u00fcye Camiel Eurlings taraf\u0131ndan kaleme al\u0131nan T\u00fcrkiye raporunu oylayarak kabul etti.  <\/p>\n<p> Genel rapor oylamas\u0131nda 429 lehte ve 71 aleyhte oy kullan\u0131ld\u0131, 125 parlamenter \u00e7ekimser kald\u0131. Ba\u011flay\u0131c\u0131 \u00f6zelli\u011fi olmayan tavsiye niteli\u011findeki raporda, T\u00fcrkiye&#39;ye AB \u00fcyeli\u011fi yolunda yap\u0131lan &quot;reformlar\u0131n h\u0131zland\u0131r\u0131lmas\u0131&quot; \u00e7a\u011fr\u0131s\u0131nda bulunuldu.  <\/p>\n<p> Raporda, \u00f6zellikle ifade \u00f6zg\u00fcrl\u00fc\u011f\u00fc, dini haklar ve az\u0131nl\u0131k haklar\u0131, sivil-asker ili\u015fkileri, kad\u0131n haklar\u0131, sendikalar, k\u00fclt\u00fcrel haklar ve yarg\u0131n\u0131n ba\u011f\u0131ms\u0131zl\u0131\u011f\u0131 alanlar\u0131nda reformlar\u0131n ve uygulaman\u0131n h\u0131zland\u0131r\u0131lmas\u0131 istendi.  <\/p>\n<p> H\u00fck\u00fcmetin 9. reform paketi haz\u0131rlamas\u0131n\u0131n memnuniyetle kar\u015f\u0131land\u0131\u011f\u0131 ifade edilen raporda, yeni ter\u00f6rle m\u00fccadele yasas\u0131n\u0131n temel hak ve \u00f6zg\u00fcrl\u00fckleri k\u0131s\u0131tlay\u0131c\u0131 unsurlar i\u00e7ermemesi tavsiye edildi.  <\/p>\n<p> <strong>&quot;H\u00fck\u00fcmet yetkilileriyle askeri personel ve g\u00fcvenlik personeline ayr\u0131cal\u0131k olmadan yarg\u0131 \u00f6n\u00fcnde herkese e\u015fit muamele yap\u0131lmas\u0131&quot; istenen raporda, T\u00fcrk Ceza Kanunu&#39;nda &quot;keyfi yorumlamaya uygun oldu\u011fu&quot; savunulan 216, 277, 288, 301, 305 ve 318. maddelerin de\u011fi\u015ftirilmesi \u00e7a\u011fr\u0131s\u0131nda bulunuldu.<\/strong>  <\/p>\n<p> <strong>Raporda, ter\u00f6r \u00f6rg\u00fct\u00fc PKK s\u00f6zde k\u0131nan\u0131rken, Ba\u015fbakan Recep Tayyip Erdo\u011fan&#39;\u0131n ge\u00e7en y\u0131l yapt\u0131\u011f\u0131 &quot;cesaretlendirici&quot; a\u00e7\u0131klaman\u0131n ard\u0131ndan, &quot;T\u00fcrk h\u00fck\u00fcmetinin K\u00fcrt sorununa demokratik \u00e7\u00f6z\u00fcm aramas\u0131&quot; \u00e7a\u011fr\u0131s\u0131na yer verildi.<\/strong>  <\/p>\n<p> <strong>Van Cumhuriyet Savc\u0131s\u0131 Ferhat Sar\u0131kaya&#39;n\u0131n g\u00f6revden al\u0131nmas\u0131n\u0131n &quot;derin endi\u015fe kayna\u011f\u0131&quot; oldu\u011fu belirtilen raporda, &quot;\u015eemdinli olaylar\u0131ndan sonraki geli\u015fmelerin, T\u00fcrk toplumunda ordunun rol\u00fcn\u00fcn yeniden canland\u0131\u011f\u0131n\u0131 de\u011fil, devam etti\u011fini g\u00f6sterdi\u011fi&quot; ileri s\u00fcr\u00fcld\u00fc.<\/strong>  <\/p>\n<p> <strong>Y\u00fczde 10 olan se\u00e7im baraj\u0131n\u0131n indirilmesi istenen raporda, bu sayede &quot;K\u00fcrt partileri de dahil olmak \u00fczere TBMM&#39;de daha geni\u015f temsil sa\u011flanaca\u011f\u0131&quot; g\u00f6r\u00fc\u015f\u00fc savunuldu. AB yolunda yap\u0131lan reformlar\u0131 yans\u0131tacak yeni bir anayasaya ihtiya\u00e7 olabilece\u011fi kaydedilen raporda, Dan\u0131\u015ftaya yap\u0131lan sald\u0131r\u0131 da \u015fiddetle k\u0131nand\u0131.<\/strong>  <\/p>\n<p> <strong>Raporun &quot;\u0130nsan Haklar\u0131 ve Az\u0131nl\u0131klar\u0131n Korunmas\u0131&quot; ba\u015fl\u0131\u011f\u0131 alt\u0131nda, AP&#39;nin son raporundan bu yana dini \u00f6zg\u00fcrl\u00fckler ba\u011flam\u0131nda ilerleme sa\u011flanmam\u0131\u015f olmas\u0131ndan &quot;esef duyuldu\u011fu&quot; belirtilirken, T\u00fcrkiye&#39;ye, dini az\u0131nl\u0131klar\u0131n ruhbanlar\u0131n\u0131 e\u011fitmede ve m\u00fclk edinmede kar\u015f\u0131la\u015ft\u0131klar\u0131 sorunlar\u0131 ortadan kald\u0131rmas\u0131 \u00e7a\u011fr\u0131s\u0131 yap\u0131ld\u0131.\u00a0 <\/strong> <\/p>\n<p> <strong>Raporda, Alevili\u011fin tan\u0131nmas\u0131, cemevlerinin de dini merkezler olarak tescil edilmesi, dini e\u011fitimin g\u00f6n\u00fcll\u00fcl\u00fck esas\u0131na g\u00f6re d\u00fczenlenmesi gibi taleplere de yer verildi.<\/strong>  <\/p>\n<p> &quot;G\u00fcneydo\u011fu&quot; ba\u015fl\u0131\u011f\u0131 alt\u0131nda ter\u00f6r \u00f6rg\u00fct\u00fc PKK&#39;n\u0131n sald\u0131r\u0131lar\u0131n\u0131 yo\u011funla\u015ft\u0131rmas\u0131n\u0131n kayg\u0131 verici bulundu\u011fu raporda, ter\u00f6rle m\u00fccadelesinde T\u00fcrkiye ile dayan\u0131\u015fma i\u00e7inde olundu\u011funa vurgu yap\u0131ld\u0131.  <\/p>\n<p> Raporda, T\u00fcrkiye&#39;ye &quot;koruculuk sistemini la\u011fvetmesi&quot;, &quot;K\u00fcrt sorununa demokratik \u00e7\u00f6z\u00fcm aramas\u0131&quot; ve &quot;g\u00f6zalt\u0131 ve tutuklamalarda Avrupa standartlar\u0131n\u0131 uygulamas\u0131&quot; gibi \u00e7a\u011fr\u0131lar yap\u0131ld\u0131.  <\/p>\n<p> &quot;Modern, demokratik ve laik T\u00fcrkiye, medeniyetlerin birbirini daha iyi anlamas\u0131nda yap\u0131c\u0131 rol oynayabilir&quot; denilen raporda, Ermenistan ile diplomatik ve iyi kom\u015fuluk ili\u015fkilerinin ba\u015flat\u0131lmas\u0131nda T\u00fcrkiye&#39;nin \u00f6n ko\u015fulsuz olarak gerekli ad\u0131mlar\u0131 atmas\u0131 ve bu \u00fclkeyle s\u0131n\u0131r kap\u0131s\u0131n\u0131 bir an \u00f6nce a\u00e7mas\u0131 istendi.  <\/p>\n<p> T\u00fcrkiye&#39;nin limanlar\u0131n\u0131 Rum gemilerine a\u00e7mas\u0131 da talep edilen raporda, &quot;K\u0131br\u0131s (Rum kesimi) dahil, t\u00fcm AB \u00fcyelerinin tan\u0131nmas\u0131, m\u00fczakere s\u00fcrecinin zorunlu par\u00e7as\u0131d\u0131r&quot; denildi.<a name=\"_ftnref2\" href=\"#_ftn2\" title=\"_ftnref2\">[2]<\/a>  <\/p>\n<p> <strong>&quot;Ermeni soyk\u0131r\u0131m\u0131 dayatmas\u0131&quot; s\u00fcr\u00fcyor<\/strong>  <\/p>\n<p> <strong>\u0130\u015fte Avrupa&#39;n\u0131n fikir \u00f6zg\u00fcrl\u00fc\u011f\u00fc <\/strong> <\/p>\n<p> Hollanda&#39;da 22 Kas\u0131mda yap\u0131lacak erken genel se\u00e7imler \u00f6ncesinde Ermeni diasporas\u0131n\u0131n ba\u015flatt\u0131\u011f\u0131 kampanyan\u0131n sonucunda iki ayr\u0131 partinin listelerinde yer alan toplam \u00fc\u00e7 T\u00fcrk k\u00f6kenli aday, listelerden \u00e7\u0131kar\u0131ld\u0131.  <\/p>\n<p> T\u00fcrk k\u00f6kenli milletvekili adaylar\u0131 Erdin\u00e7 Sa\u00e7an (Sosyal Demokrat \u0130\u015f\u00e7i Partisi-PVDA), Ayhan Tonca ve Osman Elmac\u0131&#39;n\u0131n (Hristiyan Demokrat Parti-CDA) Ermeni soyk\u0131r\u0131m\u0131 iddialar\u0131n\u0131 kabul etmedikleri i\u00e7in listelerden \u00e7\u0131kar\u0131ld\u0131klar\u0131 bildirildi.  <\/p>\n<p> Ermeni lobisinin ge\u00e7en hafta Hristiyan Demokrat Parti y\u00f6netimine g\u00f6nderdi\u011fi, T\u00fcrk adaylar\u0131n soyk\u0131r\u0131m iddialar\u0131 konusunda T\u00fcrkiye&#39;nin politikas\u0131na yak\u0131n durduklar\u0131n\u0131 \u00f6ne s\u00fcren mektubuyla ba\u015flayan ve Hollanda bas\u0131n\u0131n da b\u00fcy\u00fck destek verdi\u011fi karalama kampanyas\u0131 sonucunda \u00f6nce Erdin\u00e7 Sa\u00e7an aday listesinden \u00e7\u0131kar\u0131ld\u0131.  <\/p>\n<p> \u00dclkedeki T\u00fcrk toplumunun en \u00e7ok destek verdi\u011fi ve se\u00e7imlerden birinci parti konumunda \u00e7\u0131kmas\u0131 beklenen Sosyal Demokrat \u0130\u015f\u00e7i Partisi listesinin 53. s\u0131ras\u0131nda yer alan Sa\u00e7an&#39;\u0131n listeden \u00e7\u0131kar\u0131ld\u0131\u011f\u0131n\u0131 parti Genel Ba\u015fkan\u0131 Michiel Van Hulten, Amsterdam&#39;da d\u00fcn toplanan parti y\u00f6netim kurulunda, Sa\u00e7an&#39;\u0131n, &quot;Ermenilere soyk\u0131r\u0131m yap\u0131ld\u0131\u011f\u0131n\u0131 kabul etmeye yana\u015fmad\u0131\u011f\u0131&quot; i\u00e7in aday listesinden \u00e7\u0131kart\u0131lmas\u0131n\u0131n kararla\u015ft\u0131r\u0131ld\u0131\u011f\u0131n\u0131 bildirdi.<a name=\"_ftnref3\" href=\"#_ftn3\" title=\"_ftnref3\">[3]<\/a>  <\/p>\n<p> <strong>Amerika temaslar\u0131 ve Avrupa tercihleri bizi nereye s\u00fcr\u00fckl\u00fcyor?<\/strong>  <\/p>\n<p> Ba\u015fbakan\u0131n aylard\u0131r ve bol bol reklam edilen beklenilen Amerika seyahati nihayet ger\u00e7ekle\u015fti.  <\/p>\n<p> Her ne kadar, T\u00fcrk medyas\u0131 renkli foto\u011fraflarla, \u015fa\u015faal\u0131 ba\u015fl\u0131klarla olay\u0131 topluma b\u00fcy\u00fck bir ba\u015far\u0131 gibi yans\u0131tt\u0131ysa da yay\u0131nlanan kom\u00fcnike ve bas\u0131n bildirilerinden anla\u015f\u0131ld\u0131\u011f\u0131 gibi diplomatik a\u00e7\u0131dan gezi, olduk\u00e7a s\u00f6n\u00fck bir sonu\u00e7 do\u011furmu\u015ftur.  <\/p>\n<p> <strong>Neden S\u00f6n\u00fck?<\/strong>  <\/p>\n<p> <strong>1-<\/strong> Her \u015feyden \u00f6nce 1 saat 40 dakika s\u00fcrd\u00fc\u011f\u00fc s\u00f6ylenen toplant\u0131n\u0131n resmi terc\u00fcman arac\u0131l\u0131\u011f\u0131 ile y\u00fcr\u00fct\u00fcld\u00fc\u011f\u00fc hat\u0131rlan\u0131rsa, o zaman ger\u00e7ek anlamda, toplant\u0131 ancak 45-50 dakika s\u00fcrm\u00fc\u015f demektir. Bunun, ba\u015fta ve sonda aile fertlerine, iltifat ve te\u015fekk\u00fcrlere ayr\u0131lan 10-12 dakikas\u0131 da d\u00fc\u015f\u00fcl\u00fcnce, geriye sadece 35-36 dakika kalm\u0131\u015f demektir.  <\/p>\n<p> <strong>\u00a02-<\/strong> Bilindi\u011fi gibi, Orta Do\u011fu&#39;da kan g\u00f6vdeyi g\u00f6t\u00fcrmekte ve T\u00fcrkiye&#39;yi son derece yak\u0131ndan ilgilendiren bir\u00e7ok konu bulunmaktad\u0131r. Yaz\u0131l\u0131 bildirilerden anla\u015f\u0131ld\u0131\u011f\u0131na g\u00f6re konu\u015fmalar s\u0131ras\u0131nda ad\u0131 s\u00f6ylenmeden PKK problemi, genel &quot;ter\u00f6rle m\u00fccadele&quot; kapsam\u0131nda ele al\u0131nm\u0131\u015ft\u0131r. K\u0131br\u0131s konusu ele al\u0131nm\u0131\u015f, Suriye ve \u0130ran&#39;dan bahsedilmi\u015ftir. T\u00fcrkiye&#39;nin AB&#39;ye girme \u00e7abalar\u0131nda destek istenmi\u015f ve bir de Sudan&#39;dan (\u00f6zellikle Darfur olaylar\u0131ndan) konu\u015fulmu\u015ftur. Bunlar bas\u0131nda \u00f6ne \u00e7\u0131kan 6 ba\u015fl\u0131kt\u0131r (neden Darfur?! bilinmez). Demek ki her konu i\u00e7in dolu, dolu 6 k\u0131ymetli dakika harcanm\u0131\u015ft\u0131r.  <\/p>\n<p> <strong>\u00a03-<\/strong> Darfur daha da uzun konu\u015fulmu\u015f ve Amerikan taraf\u0131 notlar alm\u0131\u015ft\u0131r. (Ke\u015fke gitmi\u015fken, Alaska&#39;daki balinalar\u0131n korunmas\u0131ndan, Avustralya&#39;daki se\u00e7imlerden, Latin Amerika&#39;daki Ya\u011fmur ormanlar\u0131nda ki yerli halk\u0131n durumundan da bahsetmi\u015f olsalard\u0131!).  <\/p>\n<p> <strong>4-<\/strong> T\u00fcrkiye&#39;yi do\u011frudan ve ciddi olarak ilgilendiren konularda Sn. Ba\u015fbakan T\u00fcrkiye&#39;nin istek ve hassasiyetlerini a\u00e7\u0131k\u00e7a dile getirmi\u015ftir. Ama Bush&#39;un verdi\u011fi cevaplar\u0131n t\u00fcm\u00fc, son derece genel, yuvarlak ve hi\u00e7bir \u015fekilde ba\u011flay\u0131c\u0131 kabul edilebilecek cevaplar olmam\u0131\u015ft\u0131r.  <\/p>\n<p> <strong>\u00a05-<\/strong> Yine bas\u0131nda \u00f6ne \u00e7\u0131kan hususlar, Yahudi lobileri ile yap\u0131lan toplant\u0131lar, bir \u00fcniversitede verilen konferans ve bir de Amerika&#39;n\u0131n en zengin T\u00fcrk&#39;\u00fcn\u00fcn verdi\u011fi yemek olmu\u015ftur. Bu yemekte \u00fcnl\u00fc akt\u00f6r Robert De Nero&#39;nun bulunmas\u0131 ile Hollywood&#39;un Sanal D\u00fcnyas\u0131&#39;n\u0131n mensuplar\u0131n\u0131n temsili, olaya renk katm\u0131\u015ft\u0131r. (Ancak, bundan nas\u0131l bir fayda umulmu\u015ftur? Hen\u00fcz bilinmemektedir.)  <\/p>\n<p> Dolay\u0131s\u0131yla, bu geziden umulan ve elde edilmek istenen has\u0131lan\u0131n belki ancak yar\u0131s\u0131 elde edilmi\u015f gibi g\u00f6r\u00fcn\u00fcyor. Yani, &quot;Da\u011f, fare do\u011furdu&quot; denilebilir veya bu sadece bir &quot;kucakla\u015f\u0131p, bar\u0131\u015fma&quot; ziyareti gibi ger\u00e7ekle\u015fti de, denebilir. En az\u0131ndan say\u0131n ba\u015fbakan, &quot;iyi arkada\u015f\u0131m&quot; s\u0131fat\u0131n\u0131 kazanm\u0131\u015f oldu. Amerikan- Siyonist gruplar\u0131ndan ald\u0131\u011f\u0131 di\u011fer madalyalar\u0131n\u0131n yan\u0131na ilave edilebilecek &quot;manevi&quot; bir madalya daha kazand\u0131. Ne mutlu ona!!  <\/p>\n<p> <strong>Avrupa Yakas\u0131nda Yeni Bir \u015eey Yok: <\/strong> <\/p>\n<p> <strong>1-<\/strong> Di\u011fer taraftan hem AB&#39;nin raporuna, hem de Avrupal\u0131 liderlerin tav\u0131rlar\u0131na bakmakta fayda var. AB raporu her zamankinden daha sert ve tenkit\u00e7i bir dille kaleme al\u0131nm\u0131\u015f. Hani, &quot;hi\u00e7 etkilemez, oras\u0131 gayri resmi bir kurumdur&quot; diye Avrupa Parlamentosu&#39;nu (AP) ciddiye almayanlar, \u015fimdi herhalde anlam\u0131\u015flard\u0131r. AP&#39;nin tenkit havas\u0131 ve sertli\u011fi aynen Avrupa Birli\u011fi grubuna da sirayet etmi\u015f bulunmaktad\u0131r. Bununla da kalmay\u0131p, Avrupa&#39;n\u0131n siyasi y\u00f6n\u00fc olan Avrupa Konseyi Parlamenterler Asamblesi (AKPA)&#39;ne de sirayet ederek, orada da \u015fimdiye kadar g\u00f6r\u00fclmemi\u015f bir &quot;K\u00fcrt Raporu&quot; haz\u0131rlanm\u0131\u015f bulunmaktad\u0131r. \u015eimdi, i\u00e7imizdeki &quot;Koyu Avrupa Taraftarlar\u0131&quot; ve AB Fundamentalistlerine sormak gerekir,&quot; Ne vakte kadar kendinizi ve T\u00fcrk halk\u0131n\u0131 aldatmaya devam edeceksiniz? Ne vakte kadar ger\u00e7ekleri oldu\u011fu gibi g\u00f6rmeyeceksiniz?&quot;  <\/p>\n<p> \u00a0D\u00fcnden beri Ankara&#39;da konferanslar veren Olli Reihn(AB), ortal\u0131kta S\u00f6m\u00fcrge Valisi gibi dola\u015fmakta, herkese ders vermekte ve taleplerde bulunmaktad\u0131r. Ondan \u00f6nce de AB&#39;den baz\u0131 yetkililer ve hatta baz\u0131 y\u00fcksek r\u00fctbeli subaylar bile gelip, yap\u0131lmayacak tenkitleri yap\u0131p, gittiler. Bu hususlar Genelkurmay Ba\u015fkan\u0131&#39;n\u0131n konu\u015fmas\u0131na bile konu oldu. Ama bu durumlara k\u0131zabilirmiyiz? Avrupal\u0131lara yalvar-yakar olup, durumu bu hale getiren kendi se\u00e7ti\u011fimiz h\u00fck\u00fcmet \u00fcyeleri de\u011fil mi? K\u0131saca, ne yapt\u0131klar\u0131 bile belli de\u011fil.  <\/p>\n<p> \u00a0Soros&#39;un destekledi\u011fi vak\u0131flar (mesela TESEV) arac\u0131l\u0131\u011f\u0131 ile yapt\u0131r\u0131lan yeni rapor da ayn\u0131 tarihlerde \u00fclke g\u00fcndemine bomba gibi d\u00fc\u015ft\u00fc. Rapor, tam bir rezalet. D\u0131\u015f kaynaklar, i\u00e7eriden bulduklar\u0131 ki\u015filere zehir-zemberek bir rapor yazd\u0131rarak s\u00f6zde, \u00f6z-ele\u015ftiri, olgunla\u015fma tenkitleri yapt\u0131r\u0131lm\u0131\u015f. Bu raporda, orduya kadar her \u015fey yerilerek, Avrupal\u0131lar\u0131n elleri g\u00fc\u00e7lendiriliyor. Vak\u0131flar yasas\u0131 gere\u011fi geli\u015fecek olaylar herhalde bizlere bu g\u00fcnleri aratacak. T\u00fcrkiye aynen, Milli Kurtulu\u015f (veya \u0130stiklal Sava\u015f\u0131) Sava\u015f\u0131 \u00f6ncesi oldu\u011fu gibi hem i\u00e7eriden, hem de d\u0131\u015far\u0131dan tam bir cendereye s\u0131k\u0131\u015ft\u0131r\u0131lmaktad\u0131r.  <\/p>\n<p> <strong>2-<\/strong> Avrupa liderlerinden birka\u00e7 kesit almakta fayda vard\u0131r:  <\/p>\n<p> <strong>Helmut Schmidt<\/strong> (Eski Almanya Ba\u015fbakan\u0131) :&quot;&#8230;AB i\u00e7inde T\u00fcrkiye&#39;nin yeri yoktur, 70 milyon T\u00fcrk&#39;\u00fc Avrupa i\u00e7inde dola\u015ft\u0131ramay\u0131z&#8230;.&quot;  <\/p>\n<p> <strong>Verheugen<\/strong> (Eski AB geni\u015flemeden sorumlu bakan\u0131): &quot;&#8230; T\u00fcrkiye aday olarak kalacakt\u0131r&#8230;. \u00dcye olabilece\u011fini d\u00fc\u015f\u00fcnemiyorum&quot;  <\/p>\n<p> <strong>Giscard d&#39;estaing<\/strong> (Eski Fransa Cumhurba\u015fkan\u0131): &quot;T\u00fcrkiye&#39;nin AB&#39;ye girmesi Avrupa&#39;da olu\u015fan birli\u011fin sonu olur&#8230;&#8230; T\u00fcrkiye&#39;nin farkl\u0131 bir yap\u0131s\u0131 ve farkl\u0131 bir k\u00fclt\u00fcr\u00fc var.&quot;  <\/p>\n<p> <strong>Chirac <\/strong>(\u015fimdi ba\u015fta olan Fransa Cumhurba\u015fkan\u0131): &quot;&#8230; Ermeni soyk\u0131r\u0131m\u0131n\u0131 tan\u0131madan, T\u00fcrkler AB \u00fcyeli\u011fini d\u00fc\u015f\u00fcnmemelidirler. Bu bir \u00f6n \u015fart haline getirilmelidir.&quot;  <\/p>\n<p> <strong>\u00a0Hans Dietrich Genscher<\/strong> (Eski Almanya D\u0131\u015fi\u015fleri Bakan\u0131): &quot;T\u00fcrkiye i\u00e7in bir Yugoslavya modeli \u00f6ng\u00f6r\u00fclmektedir&#8230;.&quot; (Ba\u015fka deyi\u015fle, par\u00e7alara b\u00f6l\u00fcnme modeli)  <\/p>\n<p> <strong>Tom Spencer<\/strong> (\u0130ngiliz parlamenter): &quot;T\u00fcrklere 30 y\u0131ld\u0131r s\u00f6zler vererek hi\u00e7 d\u00fcr\u00fcst davranmad\u0131\u011f\u0131m\u0131z\u0131 d\u00fc\u015f\u00fcn\u00fcyorum. Ger\u00e7ek niyetimiz T\u00fcrkleri hi\u00e7bir zaman kabul etmemek&#8230;&quot;<a name=\"_ftnref4\" href=\"#_ftn4\" title=\"_ftnref4\">[4]<\/a>  <\/p>\n<p> \u00a0\u0130\u015fte tam bu s\u0131rada Yunanistan ve Bulgaristan d\u0131\u015f i\u015fleri bakanlar\u0131 birer beyanat veriyor. Bulgar olan\u0131, &quot;T\u00fcrkiye&#39;nin AB&#39;ye kat\u0131lmas\u0131n\u0131 destekliyoruz. AB&#39;ye yarar ve katk\u0131s\u0131 olacakt\u0131r&quot; diyor. Yunan taraf\u0131 ise, &quot;T\u00fcrkiye&#39;nin giri\u015fini engelleyecek m\u00fc\u015fk\u00fcller \u00e7\u0131karmayaca\u011f\u0131z. Avrupa medeniyetinin \u015fartlar\u0131na uymu\u015f bir T\u00fcrkiye&#39;yi tabii ki istiyoruz&quot; diyor. Balla kaplanm\u0131\u015f, zehirli ve k\u00fc\u00e7\u00fcmseyici s\u00f6zler. Yunan D\u0131\u015fi\u015fleri bakan\u0131 kendince hem Avrupa&#39;y\u0131 kand\u0131rmaya \u00e7al\u0131\u015f\u0131yor, hem de g\u00fcya T\u00fcrklerin g\u00f6z\u00fcn\u00fc boyuyor.  <\/p>\n<p> AB Fundamentalistlerine sesleniyorum: Hala, &quot;G\u00f6rm\u00fcyorum, Duymuyorum, S\u00f6ylemiyorum&quot; diyen 3 maymunu mu oynayacaks\u0131n\u0131z?  <\/p>\n<p> K\u0131sacas\u0131, Avrupa Cephesinde Yeni Bir\u015fey Yok. Sadece tonun sertle\u015fmesi, taleplerin artmas\u0131 ve ki\u015filerin k\u00fcstahla\u015fmas\u0131 var. Bir de buna Papa&#39;n\u0131n \u0130slam&#39;a hakaretleri ve T\u00fcrkiye hakk\u0131ndaki fikirleri kat\u0131l\u0131rsa, o zaman h\u00fck\u00fcmete sormak laz\u0131m: &quot;QUO VAD\u0130S AKP?&quot;, yani NEREYE G\u0130D\u0130YORSUN, AKP?<a name=\"_ftnref5\" href=\"#_ftn5\" title=\"_ftnref5\">[5]<\/a>\u00a0  <\/p>\n<p> <strong>Fukuyama&#39;n\u0131n g\u00f6z\u00fcyle Neo Con ger\u00e7e\u011fi (Fukuyama insafa m\u0131 geliyor?)<\/strong>  <\/p>\n<p> \u00a0Francis Fukuyama, uzun s\u00fcre Amerikan siyasetinde \u015fahin kanad\u0131n temsilcisi olan &quot;Yeni Muhafazakar&quot; (neo con) d\u00fc\u015f\u00fcnceyi savunmu\u015f, hatta Bush y\u00f6netiminde Savunma Bakanl\u0131\u011f\u0131 ve D\u0131\u015fi\u015fleri&#39;nde g\u00f6rev alm\u0131\u015f bir isim&#8230;  <\/p>\n<p> Fukuyama, Amerikan imparatorlu\u011funun kurulmas\u0131 gerekti\u011fini s\u00f6yleyen ve d\u0131\u015f politikada hegemonyac\u0131 bir anlay\u0131\u015f\u0131 savunan neo con&#39;lar\u0131n d\u00fc\u015f\u00fcncelerini art\u0131k payla\u015fmad\u0131\u011f\u0131n\u0131 ge\u00e7ti\u011fimiz g\u00fcnlerde yazd\u0131\u011f\u0131 bir kitapla kamuoyuna duyurdu.  <\/p>\n<p> T\u00fcrk\u00e7eye &quot;Neo con&#39;lar\u0131n sonu; Yol ayr\u0131m\u0131ndaki Amerika&quot; ismiyle \u00e7evrilen kitab\u0131nda Fukuyama, Bush y\u00f6netiminin neo con&#39;lar taraf\u0131ndan ku\u015fat\u0131ld\u0131\u011f\u0131n\u0131 \u00f6rnekleriyle a\u00e7\u0131kl\u0131yor ve Amerikan d\u0131\u015f politikas\u0131na hakim olan &quot;rejim de\u011fi\u015fikli\u011fi, iyiliksever hegemonya, tek kutupluluk ve Amerikan ayr\u0131mc\u0131l\u0131\u011f\u0131&quot; gibi kavramlar\u0131n neo con&#39;lar taraf\u0131ndan monte edildi\u011fini belirtiyor.  <\/p>\n<p> Hatta Fukuyama bug\u00fcn ya\u015fanan pek \u00e7ok geli\u015fmenin perde arkas\u0131n\u0131n ilerde daha iyi anla\u015f\u0131laca\u011f\u0131n\u0131 ifade ediyor ve &quot;y\u00f6netimdeki kilit isimlerin h\u0131zla de\u011fi\u015fen olaylara verdikleri kar\u015f\u0131l\u0131klar\u0131n aksine, daha b\u00fcy\u00fck fikirler taraf\u0131ndan hangi \u00f6l\u00e7\u00fcde y\u00f6nlendirilmi\u015f olduklar\u0131n\u0131 bu ki\u015filerin hat\u0131ralar\u0131 yaz\u0131lana ve gelecekteki tarih\u00e7iler i\u015flerini yapana kadar \u00f6\u011frenemeyece\u011fiz&quot; yorumunu yap\u0131yor.  <\/p>\n<p> &quot;Neo con d\u00fc\u015f\u00fcncenin 20. y\u00fczy\u0131l\u0131n ortas\u0131ndan g\u00fcn\u00fcm\u00fcze kadar geli\u015fen ana ilkeleri, \u00e7e\u015fitli Amerikan geleneklerinin derinliklerinde yatmaktad\u0131r. Neo con d\u00fc\u015f\u00fcncenin iki vaftiz babas\u0131, Irving Kristol ve Norman Podhoretz Irak sava\u015f\u0131ndan bir hayli zaman \u00f6nce neo con d\u00fc\u015f\u00fcncenin ne oldu\u011fu \u00fczerine denemeler yazm\u0131\u015flard\u0131&quot; diyen Fukuyama, neo con d\u00fc\u015f\u00fcncenin k\u00f6klerini 1930&#39;lar\u0131n ortalar\u0131nda New York City College&#39;da okuyan bir grup Yahudi ayd\u0131na dayand\u0131r\u0131yor.  <\/p>\n<p> Neo con d\u00fc\u015f\u00fcncesinin temellerini atan ki\u015filerin \u00e7o\u011funlukla i\u015f\u00e7i s\u0131n\u0131f\u0131 ve g\u00f6\u00e7men ailelerden geldi\u011fini belirten Fukuyama, bu ki\u015filerin sol g\u00f6r\u00fc\u015fl\u00fc politikalara ba\u011fl\u0131 oldu\u011funun alt\u0131n\u0131 \u00e7iziyor. \u0130kinci D\u00fcnya Sava\u015f\u0131&#39;ndan sonra neo con&#39;lar\u0131n sol d\u00fc\u015f\u00fcnceden kopu\u015flar\u0131 da ba\u015fl\u0131yor ve Commertary dergisi etraf\u0131nda k\u00fcmeleniyorlar.  <\/p>\n<p> Francis Fukuyama, 1980&#39;lerden itibaren neo con&#39;lar\u0131n Amerika&#39;daki ana muhafazakar hareketle i\u00e7 i\u00e7e ge\u00e7meye ba\u015flad\u0131\u011f\u0131na i\u015faret ederek Ronald Reagan&#39;\u0131n da neo con zihniyeti benimsedi\u011fini ifade ediyor. Fukuyama, Bush&#39;un da ikinci d\u00f6neminde esasl\u0131 bir neo con&#39;cu oldu\u011funu vurguluyor.  <\/p>\n<p> Neo con&#39;lar\u0131n Amerikan g\u00fcc\u00fcn\u00fc yanl\u0131\u015f kulland\u0131klar\u0131, hegemonyay\u0131 hedef ald\u0131klar\u0131 ve d\u00fcnyada kendileri gibi d\u00fc\u015f\u00fcnmeyenleri d\u00fc\u015fmanlar\u0131 s\u0131n\u0131f\u0131na koyduklar\u0131 biliniyor.  <\/p>\n<p> Fukuyama kitab\u0131nda neo con&#39;lar\u0131n olumsuz \u00f6zelliklerinden uzun uzun bahsediyor ve \u015fu \u00f6zl\u00fc s\u00f6zle asl\u0131nda \u00e7ok \u015fey anlat\u0131yor: &quot;Elinizdeki tek alet \u00e7eki\u00e7 ise, t\u00fcm sorunlar\u0131 \u00e7ivi gibi g\u00f6r\u00fcrs\u00fcn\u00fcz&#8230;&quot;  <\/p>\n<p> Neo con&#39;lar\u0131n uluslararas\u0131 kurulu\u015flar\u0131 hi\u00e7e saymalar\u0131, ba\u015fta BM ve NATO olmak \u00fczere uluslararas\u0131 kurulu\u015flar\u0131n kararlar\u0131na uymamakta \u0131srar etmeleri, Fukuyama&#39;n\u0131n dikkat \u00e7ekti\u011fi bir di\u011fer \u00f6nemli konuyu olu\u015fturuyor.  <\/p>\n<p> Fukuyama&#39;n\u0131n kitab\u0131 okundu\u011funda, Bush y\u00f6netimini esir alan neo con d\u00fc\u015f\u00fcncenin Amerika&#39;da \u00f6nemli bir yol ayr\u0131m\u0131nda oldu\u011fu ve sorgulama s\u00fcrecinin \u00e7ok h\u0131zland\u0131\u011f\u0131 g\u00f6r\u00fcl\u00fcyor.  <\/p>\n<p> Fukuyama, bu kitab\u0131yla birlikte art\u0131k neo con d\u00fc\u015f\u00fcnceyi savunmas\u0131n\u0131n imkans\u0131z oldu\u011funu belirtiyor.&quot;<a name=\"_ftnref6\" href=\"#_ftn6\" title=\"_ftnref6\">[6]<\/a>  <\/p>\n<p> <strong>Bu Japon as\u0131ll\u0131 Siyonist ma\u015fas\u0131 Francis Fukuyama, bir ger\u00e7e\u011fi, gizli ve kirli ama\u00e7lar\u0131 i\u00e7in istismar ediyor. George Bush&#39;un ve Neoconlar\u0131n, insanl\u0131\u011fa y\u00f6nelik hile ve h\u0131yanetlerini ortaya koyarken, Bush filinin fincanc\u0131 kat\u0131rlar\u0131n\u0131 \u00fcrk\u00fcterek, insanl\u0131\u011f\u0131n Siyonist s\u00f6m\u00fcr\u00fc saltanat\u0131na kar\u015f\u0131 dirilip direnmesinden korkuyor. Ve siyonizmin sonunu haz\u0131rlayabilecek giri\u015fimleri y\u00fcz\u00fcnden Bush gavuruna kar\u015f\u0131 \u00e7\u0131k\u0131yor.!?<\/strong>  <\/p>\n<p> <strong>Ve maalesef Diyanet hala Diyalog davulu \u00e7al\u0131yor!<\/strong>  <\/p>\n<p> <strong>Bardako\u011flu&#39;nun derdi &#8216;diyalog&#39;dan ibaretmi\u015f <\/strong> <\/p>\n<p> Diyanet \u0130\u015fleri Ba\u015fkan\u0131 Prof. Dr. Ali Bardako\u011flu, Roma Katolik Kilisesinin ruhani lideri Papa 16. Benediktus&#39;un 12 Eyl\u00fcl&#39;de Almanya&#39;da yapt\u0131\u011f\u0131 konu\u015fmayla \u0130slam d\u00fcnyas\u0131nda tepki toplamas\u0131ndan sonra, olanlara \u00fcz\u00fcld\u00fc\u011f\u00fcn\u00fc belirtmesini ve d\u00fcn, \u0130slam \u00fclkelerinin b\u00fcy\u00fckel\u00e7ilerine dinler aras\u0131 diyalo\u011fun \u00f6nemine dikkati \u00e7eken bir konu\u015fma yapmas\u0131n\u0131 yeterli buldu\u011funu a\u00e7\u0131kl\u0131yor.  <\/p>\n<p> Bardako\u011flu, d\u00fcn \u0130talya&#39;daki La Repubblica gazetesinde yay\u0131mlanan demecinde, bu geli\u015fmeleri &quot;olumlu ad\u0131mlar&quot; olarak niteliyor.  <\/p>\n<p> La Repubblica, Bardako\u011flu&#39;nun s\u00f6zlerini, &quot;\u015eimdi yeniden konu\u015fabiliriz. Ratzinger \u0130stanbul&#39;a ho\u015fgelecek&quot; ba\u015fl\u0131\u011f\u0131yla \u00f6zetliyor.  <\/p>\n<p> Bardako\u011flu, konuya ili\u015fkin beyanat\u0131nda, &quot;Dinler aras\u0131 diyalo\u011fa zarar verici her davran\u0131\u015f, her konu\u015fma \u015fahsen beni \u00e7ok \u00fcz\u00fcyor. Papa \u015fimdi, konu\u015fmas\u0131n\u0131n tepkilere neden olmas\u0131na \u00fcz\u00fcld\u00fc\u011f\u00fcn\u00fc s\u00f6yledi. \u0130slam d\u00fcnyas\u0131n\u0131n temsilcileriyle bulu\u015fmas\u0131nda dinler aras\u0131 diyalo\u011fu s\u00fcrd\u00fcrmek konusunda kararl\u0131 oldu\u011funu belirtti. T\u00fcm bunlar\u0131, olumlu ad\u0131mlar olarak g\u00f6r\u00fcyorum&quot; diyor.  <\/p>\n<p> Papa&#39;n\u0131n beyanatlar\u0131n\u0131n M\u00fcsl\u00fcman kamuoyunu yat\u0131\u015ft\u0131rmaya yetip yetmeyece\u011fine ili\u015fkin soruysa Bardako\u011flu, \u015f\u00f6yle cevapl\u0131yor:  <\/p>\n<p> &quot;Papa&#39;n\u0131n \u00fcz\u00fcld\u00fc\u011f\u00fcn\u00fc s\u00f6ylemesi ve yapt\u0131\u011f\u0131 konu\u015fma, eminim m\u00fcspet ad\u0131mlar diye alg\u0131lanacakt\u0131r. Tabii ki yap\u0131lan hatan\u0131n t\u00fcm\u00fcyle unutulmas\u0131 i\u00e7in, do\u011fal olarak biraz zamana ihtiya\u00e7 var. Ama en az\u0131ndan, Regensburg konu\u015fmas\u0131n\u0131n olu\u015fturdu\u011fu hayal k\u0131r\u0131kl\u0131\u011f\u0131 ortadan kalkacakt\u0131r.&quot;  <\/p>\n<p> Bardako\u011flu, &quot;Papa&#39;n\u0131n (Almanya&#39;da) kulland\u0131\u011f\u0131 ifadeler son derece a\u011f\u0131r m\u0131yd\u0131?&quot; bi\u00e7imindeki soruya kar\u015f\u0131l\u0131k olarak da \u015funlar\u0131 s\u00f6yl\u00fcyor:  <\/p>\n<p> &quot;Yap\u0131lan al\u0131nt\u0131 \u0130slam&#39;\u0131n \u00fc\u00e7 kutsal\u0131na; yani Allah, peygamber ve Kur&#39;an&#39;a kar\u015f\u0131 \u00f6nyarg\u0131lar i\u00e7erse de bu, art\u0131k geride b\u0131rakm\u0131\u015f oldu\u011fumuz bir tart\u0131\u015fmad\u0131r. Papa o al\u0131nt\u0131dan hareketle, din ve ak\u0131l, din ve \u015fiddet konusunda konu\u015fup \u0130slam-H\u0131ristiyanl\u0131k kar\u015f\u0131la\u015ft\u0131rmas\u0131 yapmak suretiyle \u00f6znel de\u011fil nesnel bir hata yapm\u0131\u015ft\u0131r. Bu da incinmeye sebep olmu\u015ftur&quot; dedi.  <\/p>\n<p> Bardako\u011flu, Papa&#39;n\u0131n yapt\u0131\u011f\u0131 konu\u015fmay\u0131ysa \u015f\u00f6yle de\u011ferlendiriyor:  <\/p>\n<p> &quot;Papa, konu\u015fmas\u0131nda, \u0130slam ve M\u00fcsl\u00fcmanlara derin sayg\u0131 duydu\u011funu ifade etti. Diyalog ve kar\u015f\u0131l\u0131kl\u0131l\u0131\u011fa sayg\u0131 g\u00f6stermeyi s\u00fcrd\u00fcrece\u011fini s\u00f6yledi. T\u00fcm bunlar, diyalog y\u00fck\u00fcml\u00fcl\u00fcklerine riayet edilmeyece\u011fine ili\u015fkin kayg\u0131lar\u0131 sona erdirmi\u015ftir.&quot;  <\/p>\n<p> <\/p>\n<p> <strong>Papa&#39;n\u0131n T\u00fcrkiye ziyareti Neyi Ama\u00e7l\u0131yor?<\/strong>  <\/p>\n<p> <strong>Diyanet \u0130\u015fleri Ba\u015fkan\u0131 Bardako\u011flu, &quot;Papa&#39;n\u0131n T\u00fcrkiye ziyareti g\u00fcvenlik a\u00e7\u0131s\u0131ndan g\u00fcvenli bir seyahat olacak m\u0131?&quot; sorunu, \u015f\u00f6yle cevaplad\u0131:<\/strong>  <\/p>\n<p> <strong>&quot;T\u00fcrkiye, laik ve demokratik bir \u00fclkedir. Benim beyanatlar\u0131m siyasi nitelikte de\u011fildir. Ben sadece dini konularda konu\u015furum. Burada M\u00fcsl\u00fcmanlar, H\u0131ristiyanlar ve Yahudiler ile y\u00fczy\u0131llard\u0131r bar\u0131\u015f i\u00e7inde ya\u015f\u0131yorlar. Di\u011fer dinlerin m\u00fcntesiplerinin inan\u00e7lar\u0131n\u0131 \u00f6zg\u00fcrce ya\u015famalar\u0131n\u0131, biz kendimiz i\u00e7in de bir y\u00fck\u00fcml\u00fcl\u00fck olarak g\u00f6r\u00fcyoruz. Ge\u00e7mi\u015fte pek \u00e7ok dini lideri a\u011f\u0131rlad\u0131k. Bizim konukseverlik gelene\u011fimiz, bahsetti\u011finiz t\u00fcrden kayg\u0131lara mahal b\u0131rakmamaktad\u0131r.&quot;<\/strong>  <\/p>\n<p> <strong>Bardako\u011flu, Mehmet Ali A\u011fca&#39;n\u0131n \u0130kinci Jean Paul&#39;e suikast giri\u015fiminde bulundu\u011funun hat\u0131rlat\u0131lmas\u0131na kar\u015f\u0131l\u0131k olaraksa &quot;B\u00f6yle bir genelleme yapmamak laz\u0131m. Avrupa&#39;da da fanatikler camilere sald\u0131r\u0131yorlar. Ama biz Avrupa&#39;y\u0131 ya da Avrupal\u0131lar\u0131 su\u00e7lam\u0131yoruz&quot; dedi.<a name=\"_ftnref7\" href=\"#_ftn7\" title=\"_ftnref7\"><strong>[7]<\/strong><\/a> <\/strong> <\/p>\n<p> <strong>T\u00fck\u00fcr\u00fcn maskeli vicdan\u0131na asr\u0131n t\u00fck\u00fcr\u00fcn! <\/strong> <\/p>\n<p> <strong>Bat\u0131 \u00e2leminin ikiy\u00fczl\u00fcl\u00fc\u011f\u00fcn\u00fc dile getiren, \u0130stikl\u00e2l Mar\u015f\u0131 \u015fairimiz rahmetli M. Akif b\u00f6yle hayk\u0131r\u0131yordu.<\/strong>  <\/p>\n<p> <strong>Merhum Akif&#39;in bu &quot;Maskeli vicdan&quot; te\u015fhis ve tesbiti, ne yaz\u0131k ki h\u00e2l\u00e2 g\u00fcncelli\u011fini koruyor. Aradan as\u0131rlar ge\u00e7ti\u011fi halde Bat\u0131 ayn\u0131 Bat\u0131, ayn\u0131 kalle\u015flik, ayn\u0131 insanl\u0131k d\u0131\u015f\u0131 karakter.<\/strong>  <\/p>\n<p> <strong>Bat\u0131 \u00e2leminde, devrimlerin be\u015fi\u011fi say\u0131lan \u015fu Frans\u0131zlara bak\u0131n. Bat\u0131&#39;n\u0131n \u00f6v\u00fcnd\u00fc\u011f\u00fc bir tak\u0131m ilkeleri tamamen \u00e7i\u011fneyerek, s\u00f6zde Ermeni soyk\u0131r\u0131m\u0131 ile ilgili yasalar\u0131 parlamentolar\u0131ndan ge\u00e7iriyorlar ve dahi kendi ilkelerini hi\u00e7e sayarak adeta, bir intihara imza at\u0131yorlar.<\/strong>  <\/p>\n<p> <strong>Say\u0131n Ba\u015fbakan pek hakl\u0131 olarak, biz onlar\u0131n seviyesine d\u00fc\u015femeyiz. Pislik pislikle temizlenmez diyerek, bizim de misilleme yaparak, Frans\u0131z\u0131n Cezayir&#39;de yapt\u0131\u011f\u0131, bir bu\u00e7uk milyon M\u00fcsl\u00fcman\u0131n katline dair, katliamla ilgili bir kanun \u00e7\u0131karmam\u0131za hay\u0131r dedi.<\/strong>  <\/p>\n<p> <strong>Pislik pislikle temizlenemez, demesine dedi amma, h\u00e2l\u00e2 yine de T\u00fcrkiye&#39;nin, bu koku\u015fmu\u015f toplulu\u011fa girmesini arzu ediyor.<\/strong>  <\/p>\n<p> <strong>Zira Bat\u0131&#39;ya yakla\u015ft\u0131k\u00e7a ne kadar \u00e7irkin ve ne kadar m\u00fcstekreh bir y\u00fczle kar\u015f\u0131la\u015ft\u0131\u011f\u0131m\u0131z ortaya \u00e7\u0131k\u0131yor.<\/strong>  <\/p>\n<p> Bizim inad\u0131m\u0131za, Ermeni katliam\u0131n\u0131 kabul eden kanunlar \u00e7\u0131kar\u0131l\u0131yor, bizim inad\u0131m\u0131za Danimarka&#39;da Peygamber Efendimize hakaret eden karikat\u00fcr kampanyalar\u0131 a\u00e7\u0131l\u0131yor, Hollanda&#39;da Ermeni katliam\u0131na hay\u0131r diyen \u00fc\u00e7 T\u00fcrk aday se\u00e7im listesinden siliniyor.\u00a0 Yine Danimarka&#39;da bu hakaretin devam\u0131 olarak, Peygamber Efendimize hakaret yar\u0131\u015f\u0131 yapt\u0131r\u0131l\u0131yor. Avusturya ve Almanya T\u00fcrkiye&#39;nin \u00fcyeli\u011fe al\u0131nmas\u0131na kar\u015f\u0131 \u00e7\u0131k\u0131yor, daha neler var neler&#8230;  <\/p>\n<p> Zinay\u0131 su\u00e7 saymay\u0131n, homoseks\u00fcellerin hukukunu tan\u0131y\u0131n, erkekle erke\u011fin, kad\u0131nla kad\u0131n\u0131n nikahlanmas\u0131na ses \u00e7\u0131karmay\u0131n deniliyor.  <\/p>\n<p> Ayr\u0131ca T\u00fcrkiye Pontus Rum devleti kurulmas\u0131na zemin haz\u0131rlas\u0131n, do\u011fu illerinizde Ermenilere hak tan\u0131ns\u0131n, Dicle-F\u0131rat havzalar\u0131 T\u00fcrkiye&#39;den b\u00f6l\u00fcns\u00fcn, bu nehirlerden \u0130srail dahi yararland\u0131r\u0131ls\u0131n gibi talepler yap\u0131l\u0131yor.  <\/p>\n<p> Evet, maalesef Bat\u0131&#39;ya yakla\u015ft\u0131k\u00e7a bu kirlilikten, bu koku\u015fmu\u015fluktan burnumuzu tutmam\u0131z icab ediyor.  <\/p>\n<p> Bat\u0131, yine ayn\u0131 Bat\u0131, Mehmed Akif&#39;ten bu yana hi\u00e7bir de\u011fi\u015fiklik olmam\u0131\u015f, demi\u015ftim. Milletimiz bu olaylar\u0131 g\u00f6rerek AB&#39;den y\u00fcz \u00e7eviriyor. Bu tercihinde y\u00fczde y\u00fcz hakl\u0131. Evet Akif&#39;in \u015fu s\u00f6zleri tamamen g\u00fcncelli\u011fini h\u00e2l\u00e2 koruyor:  <\/p>\n<p> &quot;T\u00fck\u00fcr\u00fcn ehli sal\u00eebin o hayas\u0131z y\u00fcz\u00fcne,  <\/p>\n<p> T\u00fck\u00fcr\u00fcn onlar\u0131n asla g\u00fcvenilmez s\u00f6z\u00fcne&#8230;  <\/p>\n<p> Medeniyet denilen maskara mahl\u00fbku g\u00f6r\u00fcn  <\/p>\n<p> T\u00fck\u00fcr\u00fcn maskeli vicdan\u0131na asr\u0131n t\u00fck\u00fcr\u00fcn&#8230;&quot;  <\/p>\n<p> Akif zaman\u0131nda da, T\u00fcrkiye&#39;nin din de\u011fi\u015ftirerek H\u0131ristiyan olmas\u0131n\u0131 isteyenler varm\u0131\u015f. Akif onlar i\u00e7in:  <\/p>\n<p> &quot;Hele il\u00e2n\u0131 zaman\u0131nda \u015fu mel&#39;un harbin,  <\/p>\n<p> Bize efk\u00e2r\u0131 um\u00fbmiyesi l\u00e2z\u0131m garb\u0131n;  <\/p>\n<p> O da Allah&#39;\u0131 b\u0131rakmakla olur herzesini,  <\/p>\n<p> Halka \u00eeman gibi telkin ile dinin sesini,  <\/p>\n<p> Susturan abtal\u0131n idrakine bol bol t\u00fck\u00fcr\u00fcn&#8230;&quot; diyordu.  <\/p>\n<p> <\/p>\n<p> Demek ki, ger\u00e7ek m\u00e2n\u00e2da tarih tekerr\u00fcr ediyor.  <\/p>\n<p> Bu \u00f6nemli geli\u015fmelere ra\u011fmen h\u00e2l\u00e2 T\u00fcrkiye&#39;nin Avrupa Toplulu\u011fu&#39;na girmesini isteyenlere hitab ediyorum:  <\/p>\n<p> Geliniz bu bo\u015f inad\u0131n\u0131zdan vaz ge\u00e7iniz. Sizler ne Bat\u0131&#39;n\u0131n \u015fu \u00e7irkin y\u00fcz\u00fcn\u00fc ve bize d\u00fc\u015fmanca davranan zihniyetini ve kat\u0131la\u015fm\u0131\u015f karakterini de\u011fi\u015ftirebilirsiniz, ne de milletimizin genlerine kadar i\u015flemi\u015f ve \u0130sl\u00e2m ahl\u00e2k\u0131yla b\u00fct\u00fcnle\u015fmi\u015f asil karakterini de\u011fi\u015ftirebilirsiniz.  <\/p>\n<p> Ortada kesin bir kan uyu\u015fmazl\u0131\u011f\u0131 var.  <\/p>\n<p> Olaylar gelip gelip \u015fu de\u011fi\u015fmez il\u00e2hi tesbitlerde noktalan\u0131yor.  <\/p>\n<p> Ayeti kerime meali aynen \u015f\u00f6yle:&quot;Ne Yahudiler, ne H\u0131ristiyanlar, Sen onlar\u0131n dinine uymad\u0131k\u00e7a senden asla ho\u015flanmazlar.&quot;  <\/p>\n<p> \u00d6yleyse, &quot;zarar\u0131n neresinden d\u00f6n\u00fcl\u00fcrse k\u00e2rd\u0131r&quot; diyerek, bu sevdadan vazge\u00e7elim. AB, AB diye diye 47 sene bizi oyalad\u0131lar, zaman kaybettik. Bir yirmi sene daha bekleyeceksiniz diyorlar. Beklesek de asla elimize bir \u015fey ge\u00e7meyecek. Tecr\u00fcbe edileni yeniden tecr\u00fcbe etmek pi\u015fmanl\u0131k getirir.  <\/p>\n<p> Maskeli vicdan sahiplerine, ne zamana kadar aldanacaks\u0131n\u0131z? <a name=\"_ftnref8\" href=\"#_ftn8\" title=\"_ftnref8\">[8]<\/a>  <\/p>\n<p> <strong>Bush&#39;a ilk defa ac\u0131d\u0131k! <\/strong>\u00a0  <\/p>\n<p> <strong>G\u00fcn gelip de Bush&#39;a ac\u0131yaca\u011f\u0131m\u0131z akl\u0131m\u0131z\u0131n kenar\u0131ndan bile ge\u00e7mezdi!<\/strong>  <\/p>\n<p> <strong>Ama kaderde bu da varm\u0131\u015f.<\/strong>  <\/p>\n<p> <strong>Ve Bush&#39;a ilk defa ac\u0131d\u0131k!<\/strong>  <\/p>\n<p> <strong>11 Eyl\u00fcl&#39;\u00fcn be\u015finci y\u0131l d\u00f6n\u00fcm\u00fc nedeniyle yapt\u0131\u011f\u0131 konu\u015fmada ortaya koydu\u011fu ruh hali Bush&#39;a ac\u0131mam\u0131zda en b\u00fcy\u00fck etken oldu!<\/strong>  <\/p>\n<p> <strong>Adam korkuyor yahu!<\/strong>  <\/p>\n<p> <strong>Hem de m\u00fcthi\u015f korkuyor!<\/strong>  <\/p>\n<p> <strong>Hala &quot;Uygarl\u0131k i\u00e7in sava\u015f\u0131yoruz&quot; yalan\u0131ndan medet uman Bush korkusunu bak\u0131n nas\u0131l dile getiriyor:<\/strong>  <\/p>\n<p> <strong>&quot;Amerika&#39;n\u0131n g\u00fcvenli\u011fi Ba\u011fdat sokaklar\u0131ndaki \u00e7at\u0131\u015fman\u0131n sonucuna ba\u011fl\u0131!&quot;<\/strong>  <\/p>\n<p> <strong>Amerika&#39;n\u0131n g\u00fcvenli\u011fi neye ba\u011fl\u0131ym\u0131\u015f, efendim?<\/strong>  <\/p>\n<p> <strong>Ba\u011fdat sokaklar\u0131ndaki \u00e7at\u0131\u015fman\u0131n sonucuna ba\u011fl\u0131ym\u0131\u015f, de\u011fil mi?<\/strong>  <\/p>\n<p> <strong>Pek; Bush, Ba\u011fdat sokaklar\u0131ndaki \u00e7at\u0131\u015fman\u0131n galibi olabildi mi?<\/strong>  <\/p>\n<p> <strong>Y\u0131llard\u0131r Irak&#39;ta kan d\u00f6k\u00fcyorlar, masum insanlar\u0131 \u00f6ld\u00fcr\u00fcyorlar ama h\u00e2l\u00e2 galip gelebilmi\u015f de\u011filler!<\/strong>  <\/p>\n<p> <strong>Ne Irak&#39;ta, ne de Afganistan&#39;da galip olarak tescil edilmediler!<\/strong>  <\/p>\n<p> <strong>Sava\u015f \u00f6ncesinde &quot;diktat\u00f6rlerin cezaland\u0131r\u0131laca\u011f\u0131, demokrasi ve \u00f6zg\u00fcrl\u00fck getirilece\u011fi&quot; yalanlar\u0131n\u0131 yem olarak kullan\u0131yorlard\u0131!<\/strong>  <\/p>\n<p> <strong>\u00dclkeleri i\u015fgal edilen insanlar Bush&#39;un s\u00f6ylemlerinin kuyruklu bir yalan oldu\u011funu g\u00f6r\u00fcr g\u00f6rmez direni\u015fe ge\u00e7erek, i\u015fgal kuvvetlerine kar\u015f\u0131 koymaya ba\u015flad\u0131lar! <\/strong> <\/p>\n<p> <strong>Ve Bush i\u00e7in geri say\u0131m ba\u015flad\u0131!<\/strong>  <\/p>\n<p> Bir taraftan Afganistan&#39;da bir taraftan da Irak&#39;ta i\u015fler sarpa sar\u0131nca Bush m\u00fcthi\u015f bir korkuya kap\u0131lm\u0131\u015f olacak ki hemen NATO \u00fclkelerine \u00e7a\u011fr\u0131da bulunmaya ba\u015flad\u0131!  <\/p>\n<p> &quot;Kabil y\u00f6netimine destek i\u00e7in daha fazla \u00e7aba harcamazsak Afganistan \u00e7\u00f6kecek&quot; feryad\u0131 asl\u0131nda &quot;Amerika \u00e7\u00f6kecek aman elinizi \u00e7abuk tutun&quot; dan ba\u015fka bir \u015fey de\u011fil elbette!  <\/p>\n<p> Bush \u015fimdi kendisini \u00f6yle bir bata\u011f\u0131n i\u00e7inde hissediyor ki demeyin gitsin!  <\/p>\n<p> \u0130\u015fgal etti\u011fi b\u00fct\u00fcn \u00fclkelerden \u00e7ekilmesine \u00e7ekilecek de sonras\u0131nda olacaklardan korkuyor ve bu korkuyu da \u015fu s\u00f6zlerle dile getiriyor:  <\/p>\n<p> &quot;En b\u00fcy\u00fck hata \u00e7ekilmek olur. \u00c7ekilirsek bizi yaln\u0131z b\u0131rakacak de\u011filler.  <\/p>\n<p> \u0130zleyecekler!&quot;  <\/p>\n<p> \u0130zleyecekler yani kovalayacaklar!  <\/p>\n<p> Kovalayacaklar yani yakalayacaklar!  <\/p>\n<p> Yakalayacaklar yani hesap soracaklar!  <\/p>\n<p> Bu korkular i\u00e7inde g\u00f6rd\u00fc\u011f\u00fcm\u00fcz Bush&#39;a ger\u00e7ekten ac\u0131d\u0131k!  <\/p>\n<p> Y\u00fcce Rabbimiz demek ki Bush kulunu da kendi yapt\u0131klar\u0131 ile korkutarak cezaland\u0131rmay\u0131 se\u00e7mi\u015f!  <\/p>\n<p> Bush&#39;a ac\u0131mas\u0131na ac\u0131d\u0131k da yapacak bir \u015fey de yok!  <\/p>\n<p> Ufac\u0131k bir hat\u0131rlatmadan ba\u015fka:  <\/p>\n<p> Korkunun ecele faydas\u0131 yok ki!<a name=\"_ftnref9\" href=\"#_ftn9\" title=\"_ftnref9\">[9]<\/a>  <\/p>\n<hr \/>\n<p> <a name=\"_ftn1\" href=\"#_ftnref1\" title=\"_ftn1\">[1]<\/a> (a.a)  <\/p>\n<p> <a name=\"_ftn2\" href=\"#_ftnref2\" title=\"_ftn2\">[2]<\/a> (a.a)\u00a0  <\/p>\n<p> <a name=\"_ftn3\" href=\"#_ftnref3\" title=\"_ftn3\">[3]<\/a> (a.a)  <\/p>\n<p> <a name=\"_ftn4\" href=\"#_ftnref4\" title=\"_ftn4\">[4]<\/a> Yi\u011fit Bulut \/ Radikal \/ 29.08.2006  <\/p>\n<p> <a name=\"_ftn5\" href=\"#_ftnref5\" title=\"_ftn5\">[5]<\/a> 05.10.2006 \/ Doc. Dr. Oya Akg\u00f6nen\u00e7 \/ Milli Gazete  <\/p>\n<p> <a name=\"_ftn6\" href=\"#_ftnref6\" title=\"_ftn6\">[6]<\/a> 20.10.2006\u00a0 Dr. Abdullah \u00d6zkan Milli Gazete  <\/p>\n<p> <a name=\"_ftn7\" href=\"#_ftnref7\" title=\"_ftn7\">[7]<\/a> (a.a)\u00a0  <\/p>\n<p> <a name=\"_ftn8\" href=\"#_ftnref8\" title=\"_ftn8\">[8]<\/a> 12.10.2006\u00a0 S\u00fcleyman Arif Emre\u00a0 Milli Gazete  <\/p>\n<p> <a name=\"_ftn9\" href=\"#_ftnref9\" title=\"_ftn9\">[9]<\/a> 16.09.2006 Zeki Ceyhan Milli Gazete  <\/p>\n","protected":false},"excerpt":{"rendered":"<p>\u00a0  <\/p>\n<p> <strong>Gericiliktir.. \u00c7\u00fcnk\u00fc kurtulu\u015f sava\u015f\u0131 \u00f6ncesi i\u015fgal ve esaret d\u00f6nemine yumu\u015fak (layt) ge\u00e7i\u015ftir&#8230; Sevr&#39;in sinsi hedefine g\u00f6n\u00fcll\u00fc hizmet oldu\u011fu i\u00e7in de, kahpeliktir.<\/strong>  <\/p>\n<p> <strong>AB&#39;nin K\u0131br\u0131s ve Heybeliada dayatmas\u0131 s\u00fcr\u00fcyor <\/strong> <\/p>\n<p> Avrupa Birli\u011fi Komisyonu&#39;nun 8 Kas\u0131m tarihinde yay\u0131nlad\u0131\u011f\u0131 T\u00fcrkiye \u0130lerleme Raporu&#39;nun detaylar\u0131 ortaya \u00e7\u0131kt\u0131. Zaten yakla\u015f\u0131k bir y\u0131ld\u0131r K\u0131br\u0131s konusunda s\u00f6ylenenlerden \u00e7ok fazla bir \u015feyin olmad\u0131\u011f\u0131 kesinle\u015fti. Raporda K\u0131br\u0131s konusunda, T\u00fcrkiye&#39;nin limanlar\u0131n\u0131 Rum gemi ve u\u00e7aklar\u0131na a\u00e7mamas\u0131ndan duyulan rahats\u0131zl\u0131k bir\u00e7ok b\u00f6l\u00fcmde vurgulanarak, T\u00fcrkiye&#39;nin ev \u00f6devini tam anlam\u0131yla yerine getirmesi isteniyor.  <\/p>\n","protected":false},"author":15,"featured_media":0,"comment_status":"open","ping_status":"closed","sticky":false,"template":"","format":"standard","meta":{"footnotes":""},"categories":[65],"tags":[],"class_list":["post-839","post","type-post","status-publish","format-standard","hentry","category-ocak-2007"],"_links":{"self":[{"href":"https:\/\/www.millicozum.com\/mc\/wp-json\/wp\/v2\/posts\/839","targetHints":{"allow":["GET"]}}],"collection":[{"href":"https:\/\/www.millicozum.com\/mc\/wp-json\/wp\/v2\/posts"}],"about":[{"href":"https:\/\/www.millicozum.com\/mc\/wp-json\/wp\/v2\/types\/post"}],"author":[{"embeddable":true,"href":"https:\/\/www.millicozum.com\/mc\/wp-json\/wp\/v2\/users\/15"}],"replies":[{"embeddable":true,"href":"https:\/\/www.millicozum.com\/mc\/wp-json\/wp\/v2\/comments?post=839"}],"version-history":[{"count":0,"href":"https:\/\/www.millicozum.com\/mc\/wp-json\/wp\/v2\/posts\/839\/revisions"}],"wp:attachment":[{"href":"https:\/\/www.millicozum.com\/mc\/wp-json\/wp\/v2\/media?parent=839"}],"wp:term":[{"taxonomy":"category","embeddable":true,"href":"https:\/\/www.millicozum.com\/mc\/wp-json\/wp\/v2\/categories?post=839"},{"taxonomy":"post_tag","embeddable":true,"href":"https:\/\/www.millicozum.com\/mc\/wp-json\/wp\/v2\/tags?post=839"}],"curies":[{"name":"wp","href":"https:\/\/api.w.org\/{rel}","templated":true}]}}