{"id":844,"date":"2007-01-03T14:10:09","date_gmt":"2007-01-03T14:10:09","guid":{"rendered":"https:\/\/www.millicozum.com\/mc\/2007\/01\/03\/akp-elle-ekonom-lasi\/"},"modified":"2007-01-03T14:10:09","modified_gmt":"2007-01-03T14:10:09","slug":"akp-eliyle-ekonominin-iflasi","status":"publish","type":"post","link":"https:\/\/www.millicozum.com\/mc\/2007\/ocak-2007\/akp-eliyle-ekonominin-iflasi\/","title":{"rendered":"AKP EL\u0130YLE EKONOM\u0130N\u0130N \u0130FLASI"},"content":{"rendered":"<p>\u00a0  <\/p>\n<p> <strong>M\u00fcnaf\u0131k Ekonomisi <\/strong> <\/p>\n<p> <strong>\u0131\u00dc\u00fc<\/strong><strong>De\u011fi\u015fim Dinamikleri Y\u00f6netim Merkezi geleneksel iftar yeme\u011fine Marmara \u00dcniversitesi \u00d6\u011fretim \u00dcyesi Prof. Dr. Osman Altu\u011f konu\u015fmac\u0131 olarak kat\u0131ld\u0131. Altu\u011f, &quot;T\u00fcrkiye ekonomisi kay\u0131t alt\u0131na al\u0131nmad\u0131k\u00e7a T\u00fcrkiye hi\u00e7bir sorununu \u00e7\u00f6zemez&quot; dedi.<\/strong> <\/p>\n<p>  \u00a0  <\/p>\n<p> <strong>Konu\u015fmas\u0131na &quot;Selam&quot;\u0131n anlam\u0131 ile ba\u015flayan Altu\u011f konuyu ekonomiye getirerek; &quot;Faiz fazlas\u0131n\u0131 bir sat\u0131r \u00fcste yazarak ekonominin iyiye gitti\u011fini, bir sat\u0131r alta yazarak ekonominin k\u00f6t\u00fcye gitti\u011fini s\u00f6ylemek, kelimenin \u0130slami anlam\u0131 d\u0131\u015f\u0131nda m\u00fcnaf\u0131kl\u0131kt\u0131r&quot; dedi. Konu\u015fmas\u0131 iftara kat\u0131lanlar taraf\u0131ndan ilgi ve dikkatle izlenen Altu\u011f iftar sohbetini \u015f\u00f6yle s\u00fcrd\u00fcrd\u00fc: &quot;Enflasyon y\u00fczde 100&#39;den y\u00fczde 90&#39;lara d\u00fc\u015fm\u00fc\u015f. Mutlu olmamak m\u00fcmk\u00fcn m\u00fc? Ama gelin g\u00f6r\u00fcn ki, i\u015fin asl\u0131 b\u00f6yle de\u011fil. T\u00fcrkiye ekonomisi kay\u0131t d\u0131\u015f\u0131d\u0131r. Sizler i\u015f adamlar\u0131s\u0131n\u0131z, borcunuzu, alaca\u011f\u0131n\u0131z\u0131, bilmeden \u015firketiniz hakk\u0131nda kar ettik, zarar ettik deme \u015fans\u0131n\u0131z var m\u0131? T\u00fcrkiye&#39;de ilan edilen t\u00fcm ekonomik veriler ger\u00e7ek d\u0131\u015f\u0131d\u0131r. Her kim ki, kimli\u011fi ne olursa olsun, ger\u00e7ek d\u0131\u015f\u0131 ekonomik verilere dayanarak yorum yap\u0131yorsa o da m\u00fcnaf\u0131kt\u0131r.&quot;<\/strong> <\/p>\n<p> <strong>&quot;Y\u00fcz\u00fc g\u00fclen vatanda\u015f bulamazs\u0131n\u0131z&quot;<\/strong> <\/p>\n<p> <strong>Konu\u015fmas\u0131n\u0131, bilim adamlar\u0131n\u0131n bu rakamlar \u00fczerinden yorum yapmalar\u0131na de\u011finerek s\u00fcrd\u00fcren Altu\u011f, &quot;\u0130\u015fsiz bir adam\u0131n enflasyonu ne? Kafadan adam\u0131n enflasyonu y\u00fczde 100&#39;d\u00fcr. Onun i\u00e7in enflasyon d\u00fc\u015fse ne olur, d\u00fc\u015fmese ne olur? &quot;Ba\u015fka bir g\u00f6sterge, fert ba\u015f\u0131na d\u00fc\u015fen milli gelir. Deniliyor ki, T\u00fcrkiye&#39;de ki\u015fi ba\u015f\u0131na d\u00fc\u015fen milli gelir 5 bin dolarm\u0131\u015f. Hele bir de sat\u0131n alma g\u00fcc\u00fcne g\u00f6re hesaplarsan 10 bin dolara y\u00fckseliyor. Hakikaten insan o kadar mutlu oluyor ki, ne kadar g\u00fczel bir \u015fey diye. Ama bir tane y\u00fcz\u00fc g\u00fclen vatanda\u015f bulam\u0131yorsunuz. T\u00fcrkiye&#39;nin ekonomik verileri de kesinlikle ger\u00e7e\u011fi yans\u0131tmaz. Ger\u00e7e\u011fi yans\u0131tmayan verilere dayal\u0131 yorum yapmak da gene yanl\u0131\u015ft\u0131r.&quot; Diye uyar\u0131yordu.<\/strong> <\/p>\n<p> <strong>&quot;Enflasyon anketleri nerede yap\u0131l\u0131yor?&quot; <\/strong> <\/p>\n<p> &quot;T\u00fcrkiye&#39;de gelir da\u011f\u0131lmad\u0131\u011f\u0131 i\u00e7in fert ba\u015f\u0131na gelir d\u00fc\u015fmez. Ferdin ba\u015f\u0131na ta\u015f d\u00fc\u015fer.&quot; diyen Altu\u011f, s\u00f6zlerini \u015fu \u015fekilde s\u00fcrd\u00fcrd\u00fc: &quot;Sen adama diyorsun ki, senin pay\u0131na 5 bin dolar d\u00fc\u015f\u00fcyor. Adam gelse; Ey T\u00fcrk b\u00fcy\u00fc\u011f\u00fc! Benim pay\u0131ma 5 bin dolar d\u00fc\u015f\u00fcyormu\u015f. Elinden \u00f6per, iki tane evlat var. Bir de han\u0131m var, Benim pay\u0131ma 20 bin dolar d\u00fc\u015f\u00fcyor. Ey benim b\u00fcy\u00fc\u011f\u00fcm, bizim aileye 20 bin dolar d\u00fc\u015f\u00fcyormu\u015f, bir 20 dolar \u00e7ek de karn\u0131m\u0131z\u0131 doyural\u0131m dese. Bunu ilan eden T\u00fcrk b\u00fcy\u00fc\u011f\u00fcn\u00fcn y\u00fcz\u00fc k\u0131zarmaz m\u0131? Y\u00fcz varsa k\u0131zar\u0131r. \u015eimdiye kadar hanginizin kap\u0131s\u0131na anket i\u00e7in geldiler. Enflasyon anketleri yap\u0131l\u0131yor, bana bir tane Allah&#39;\u0131n kulu gelmi\u015f de\u011fil. Nerede yap\u0131l\u0131yor bu anketler? Demek ki bu ekonomik veriler, ger\u00e7ekten hastal\u0131kl\u0131 bir yap\u0131ya sahiptir.&quot; <\/p>\n<p> T\u00fcrkiye ekonomisi kay\u0131t alt\u0131na al\u0131nmad\u0131k\u00e7a T\u00fcrkiye&#39;nin hi\u00e7bir sorununun \u00e7\u00f6z\u00fclemeyece\u011fini belirten Altu\u011f, &quot;T\u00fcrkiye ger\u00e7ek veya ger\u00e7e\u011fe en yak\u0131n verilere sahip olmad\u0131k\u00e7a T\u00fcrkiye&#39;yi y\u00f6netenler de do\u011fru karar veremezler. \u00c7\u00fcnk\u00fc altyap\u0131s\u0131 yoktur.&quot; \u015feklinde konu\u015fmu\u015ftu. <\/p>\n<p> <strong>Ama Fetullah\u00e7\u0131 \u0130\u015eHAD Ba\u015fkan\u0131, Sanki varm\u0131\u015f gibi; &quot;\u0130stikrar\u0131 ve kalk\u0131nmay\u0131 bozmayal\u0131m&quot; diyordu. <\/strong> <\/p>\n<p> T\u00fcrkiye, tek parti iktidar\u0131n\u0131n getirdi\u011fi &#39;istikrar&#39; ile son 4 y\u0131lda \u00fcst \u00fcste rekorlar k\u0131rarak b\u00fcy\u00fcmeyi ba\u015fard\u0131. Devlet b\u00fct\u00e7esi 20 y\u0131l\u0131n ard\u0131ndan fazla vermeye ba\u015flad\u0131. Toplanan gelirler, giderleri ge\u00e7ti. Enflasyon tek haneye, faizler de ayl\u0131k y\u00fczde 1&#39;ler seviyesine d\u00fc\u015ft\u00fc. \u0131\u00dc\u00fcBuna ra\u011fmen son d\u00f6nemde &#39;irtica&#39; etraf\u0131nda olu\u015fturulmaya \u00e7al\u0131\u015f\u0131lan siyasi gerginlikten rahats\u0131z olan i\u015f d\u00fcnyas\u0131, her f\u0131rsatta &quot;Yakalanan istikrar ortam\u0131n\u0131n\u0131n korunmas\u0131 gerekti\u011fine&quot; vurgu yap\u0131yor. T\u00fcrk ve yabanc\u0131 i\u015fadamlar\u0131 aras\u0131ndaki ticari ili\u015fkilerin geli\u015fmesine katk\u0131da bulunmay\u0131 ama\u00e7layan \u0130\u015f Hayat\u0131 Dayan\u0131\u015fma Derne\u011fi (\u0130\u015eHAD) Ba\u015fkan\u0131 Murat Sungurlu da halk\u0131n g\u00fcndeminde ekonominin oldu\u011funu belirtiyor. Sungurlu, &quot;Ekonomide suni krizlerle menfaat elde etmeye \u00e7al\u0131\u015fanlar olabilir; ancak milletin b\u00f6yle bir derdi yok. Sokaktaki insan\u0131n derdi daha iyi gelir seviyesine nas\u0131l ula\u015fabilirim?&quot; de\u011ferlendirmesinde bulunuyor. Gelinen noktada T\u00fcrk ekonomisinin kazan\u0131mlar\u0131n\u0131n \u00e7ok de\u011ferli oldu\u011funu kaydeden Sungurlu&#39;ya g\u00f6re kimseye faydas\u0131 olmayan tart\u0131\u015fmalarla istikrar ortam\u0131n\u0131 zedelemenin anlam\u0131 yok. Son d\u00f6nemde ekonomik ve siyasi istikrara zarar verecek tart\u0131\u015fmalar\u0131n kamuoyunun kafas\u0131n\u0131 kar\u0131\u015ft\u0131rd\u0131\u011f\u0131n\u0131 s\u00f6yl\u00fcyordu.<a name=\"_ftnref1\" href=\"#_ftn1\" title=\"_ftnref1\">[1]<\/a> <\/p>\n<p> <strong>AKP&#39;nin 4 Y\u0131ll\u0131k Karnesi <\/strong> <\/p>\n<p> <strong>3 y\u0131l s\u00fcre istediler ama 4 y\u0131l ge\u00e7mesine ra\u011fmen sorunlar\u0131 \u00e7\u00f6zemediler<\/strong> <\/p>\n<p> AKP&#39;nin, Anayasa&#39;y\u0131 de\u011fi\u015ftirecek \u00e7o\u011funlukla Meclis&#39;e giri\u015finin \u00fczerinden tam 4 y\u0131l ge\u00e7ti. Halktan sorunlar\u0131n \u00e7\u00f6z\u00fcm\u00fc i\u00e7in 3 y\u0131l isteyen Ba\u015fbakan Erdo\u011fan ba\u015fkanl\u0131\u011f\u0131ndaki h\u00fck\u00fcmet, ge\u00e7en s\u00fcreye kar\u015f\u0131n insan haklar\u0131, ekonomi, d\u0131\u015f politika, tar\u0131m, e\u011fitim ba\u015fta olmak \u00fczere hi\u00e7bir soruna \u00e7\u00f6z\u00fcm olmad\u0131. AKP taban\u0131n\u0131n en b\u00fcy\u00fck beklentisi olan ba\u015f\u00f6rt\u00fcs\u00fc ve katsay\u0131 sorunu kangren haline geldi. Milli G\u00f6r\u00fc\u015f g\u00f6mle\u011fini \u00e7\u0131kararak farkl\u0131 bir siyasi \u00e7izgiyle siyaset sahnesine \u00e7\u0131kan AKP, 2002 y\u0131l\u0131 Kas\u0131m ay\u0131ndan bu yana ge\u00e7en s\u00fcrede, \u00f6zellikle insan haklar\u0131 ve d\u00fc\u015f\u00fcnce \u00f6zg\u00fcrl\u00fc\u011f\u00fcne y\u00f6nelik politikalar\u0131 ile tam bir hayal k\u0131r\u0131kl\u0131\u011f\u0131na neden oldu. <\/p>\n<p> <strong>\u0130\u015fte AKP&#39;nin yapt\u0131klar\u0131 ve yapamad\u0131klar\u0131:<\/strong> <\/p>\n<p> *Refahyol iktidar\u0131n\u0131n ard\u0131ndan 5 y\u0131l s\u00fcreyle siyasi haklardan yoksun b\u0131rak\u0131lan Erbakan ve dava arkada\u015flar\u0131, AKP iktidar\u0131 d\u00f6neminde \u00f6m\u00fcr boyu siyasi yasakl\u0131 hale getirildi. T\u00fcrkiye tarihinde ilk kez g\u00f6r\u00fclen bir dava ile kar\u015f\u0131 kar\u015f\u0131ya kalan Erbakan ve arkada\u015flar\u0131n\u0131n \u00f6n\u00fcndeki engeller g\u00f6rmezden gelindi. <\/p>\n<p> *18 Ekim 2002 tarihinde halk\u0131n \u00f6n\u00fcnde konu\u015fan Ar\u0131n\u00e7, iktidara geldiklerinde ba\u015f\u00f6rt\u00fcs\u00fc sorununu \u00e7\u00f6zeceklerini s\u00f6yledi. Okul \u00f6nlerinde ba\u015f\u00f6rt\u00fcl\u00fc \u00f6\u011frencilere zulmedildi\u011fine dikkat \u00e7eken Ar\u0131n\u00e7, &quot;Ba\u015f\u0131n\u0131 \u00f6rtenlerin ba\u015f\u0131n\u0131 a\u00e7t\u0131rmak gibi bir cinayeti hi\u00e7bir zaman tasvip etmeyiz. Bunu \u00e7\u00f6zmek namus borcumuzdur. Millet ne diyorsa o olacak&quot; dedi.  <\/p>\n<p> Ba\u015f\u00f6rt\u00fcs\u00fc sorununu \u00e7\u00f6zme beklentileriyle iktidara gelen AKP, ge\u00e7en s\u00fcrede \u00e7\u00f6z\u00fcme en k\u00fc\u00e7\u00fck bir katk\u0131da bulunmad\u0131. Erdo\u011fan K\u0131z\u0131lcahamam&#39;da milletvekilleriyle yapt\u0131\u011f\u0131 bir toplant\u0131da, bu konuda hi\u00e7bir vaad vermediklerini a\u00e7\u0131klayarak, \u015fu tarihi s\u00f6zleri s\u00f6yledi: &quot;Bizim vaat etmediklerimizi, vaat edilmi\u015f gibi g\u00f6steren, provoke edenler var. Ba\u015f\u00f6rt\u00fcs\u00fc konusunda herhangi bir vaadimiz, s\u00f6z\u00fcm\u00fcz olmam\u0131\u015ft\u0131r. Hi\u00e7bir yerde, hi\u00e7 kimseye bu konuda s\u00f6z vermedim.&quot; <\/p>\n<p> *Ankara \u00dcniversitesi DTCF&#39;de Arap Dili ve Edebiyat\u0131 B\u00f6l\u00fcm\u00fc&#39;n\u00fc kazanmas\u0131na ra\u011fmen ba\u015f\u00f6rt\u00fcl\u00fc foto\u011fraf\u0131 nedeniyle kay\u0131t yapt\u0131ramayan Hayrunnisa G\u00fcl, e\u015finin konumunu ve davan\u0131n siyasalla\u015ft\u0131r\u0131lmas\u0131n\u0131 gerek\u00e7e g\u00f6stererek A\u0130HM&#39;ye a\u00e7t\u0131\u011f\u0131 davadan vazge\u00e7ti.  <\/p>\n<p> *Ba\u015f\u00f6rt\u00fcs\u00fc mitingleri yeniden ba\u015flad\u0131. Milli Gen\u00e7lik Vakf\u0131, Mazlumder ve Memursen&#39;in ba\u015f\u0131n\u0131 \u00e7ekti\u011fi ve 50&#39;ye yak\u0131n sivil toplum kurulu\u015funun i\u00e7inde yer ald\u0131\u011f\u0131 \u0130nan\u00e7 \u00d6zg\u00fcrl\u00fc\u011f\u00fc Platformu, T\u00fcrkiye genelinde bir\u00e7ok \u015fehirde on binlerce ki\u015finin kat\u0131ld\u0131\u011f\u0131 mitingler yapt\u0131. Ankara&#39;da ger\u00e7ekle\u015ftirilen Beyaz Bulu\u015fma&#39;ya, polis kay\u0131tlar\u0131na g\u00f6re 150 bine yak\u0131n ki\u015fi kat\u0131ld\u0131. <\/p>\n<p> * AKP iktidar\u0131n\u0131n ba\u015f\u00f6rt\u00fcs\u00fc yasa\u011f\u0131 konusundaki samimiyetsiz tavr\u0131 A\u0130HM&#39;de Leyla \u015eahin&#39;in a\u00e7t\u0131\u011f\u0131 &#8216;ba\u015f\u00f6rt\u00fcs\u00fc&#39; davas\u0131nda a\u00e7\u0131k\u00e7a ortaya \u00e7\u0131kt\u0131. \u00dc\u00e7 sayfal\u0131k bir savunma sunan AKP h\u00fck\u00fcmeti, insan hakk\u0131 ihlali olmad\u0131\u011f\u0131 gerek\u00e7esiyle yasak uygulamalar\u0131n\u0131 onaylayan alt daire karar\u0131n\u0131n aynen onaylanmas\u0131n\u0131 istedi. <\/p>\n<p> * \u00dcniversite ve liselerdeki yasak, AKP&#39;li Milli E\u011fitim Bakan\u0131 H\u00fcseyin \u00c7elik d\u00f6neminde yay\u0131nlanan y\u00f6netmelikle \u00f6zel dershaneleri de kapsar hale getirildi.  <\/p>\n<p> * \u0130mam Hatipli ve meslek liseli gen\u00e7lik, AKP iktidar\u0131ndan bu sorunun \u00e7\u00f6z\u00fcm\u00fc konusunda umutluydu. Ancak ge\u00e7en s\u00fcre i\u00e7inde, bu konuda samimi bir tav\u0131r ortaya konamad\u0131. \u0130mam Hatip diplomas\u0131 ta\u015f\u0131yan bir \u00f6\u011frencinin, \u00d6SS&#39;de yine boynu b\u00fck\u00fcld\u00fc. \u0130zlenen geri ad\u0131m politikas\u0131, Y\u00d6K ve laik\u00e7i \u00e7evreleri iyice cesaretlendirdi. <\/p>\n<p> *Bu d\u00f6nemde, cumhuriyet tarihinde ilk defa 15 adet \u0130mam Hatip Lisesi resmen kapat\u0131ld\u0131. 1998 y\u0131l\u0131ndan bu yana uygulanan yanl\u0131\u015f politikalar nedeniyle hi\u00e7 \u00f6\u011frencisi kalmayan veya \u00f6\u011frenci say\u0131s\u0131 30&#39;un alt\u0131na d\u00fc\u015fen okullar\u0131n kap\u0131s\u0131na Milli E\u011fitim Bakanl\u0131\u011f\u0131 taraf\u0131ndan resmen kilit vuruldu. <\/p>\n<p> * Kas\u0131m 2002 tarihinden itibaren Y\u00d6K Kanunu ile ilgili 5 kanun tasar\u0131s\u0131 haz\u0131rland\u0131. \u00dc\u00e7\u00fc AKP&#39;li Milli E\u011fitim Bakanlar\u0131, birisi \u00dcniversiteleraras\u0131 Kurul, biri de Y\u00d6K taraf\u0131ndan haz\u0131rlanan tasar\u0131lar, Y\u00d6K ile girilen a\u011f\u0131z dala\u015f\u0131 sonras\u0131 rafa kalkt\u0131. H\u00fck\u00fcmetin geri ad\u0131m politikas\u0131, Y\u00d6K&#39;\u00fc yeni yasaklar konusunda iyice cesaretlendirdi.  <\/p>\n<p> * Dini e\u011fitim kurumlar\u0131na kar\u015f\u0131 inan\u0131lmaz bir kampanya y\u00fcr\u00fcten Y\u00d6K, son be\u015f y\u0131lda 3 ilahiyat fak\u00fcltesine hi\u00e7 \u00f6\u011frenci almad\u0131. Kalan 20 ilahiyat fak\u00fcltesinin \u00f6\u011frenci kontenjan\u0131n\u0131 da yar\u0131 yar\u0131ya d\u00fc\u015f\u00fcrd\u00fc. <\/p>\n<p> * AKP iktidar\u0131nda \u00e7\u0131kar\u0131lan yeni T\u00fcrk Ceza Kanunu, gelecek y\u0131llarda daha \u00e7ok insan haklar\u0131 ihlallerine yol a\u00e7aca\u011f\u0131 ele\u015ftirilerine yol a\u00e7t\u0131. Zina su\u00e7 kapsam\u0131ndan \u00e7\u0131kar\u0131l\u0131rken yeni TCK&#39;da dini nik\u00e2h k\u0131ymak ve k\u0131yd\u0131rmak, su\u00e7 kapsam\u0131na al\u0131nd\u0131. <\/p>\n<p> * AKP&#39;den ba\u015f\u00f6rt\u00fcs\u00fcne \u00f6zg\u00fcrl\u00fck bekleyen y\u00fcz binlerce ma\u011fdur, az kals\u0131n 1 y\u0131la kadar hapis cezas\u0131 ile kar\u015f\u0131 kar\u015f\u0131ya kalacakt\u0131. Yeni TCK&#39;n\u0131n 224. maddesi, gelen tepkiler \u00fczerine Meclis&#39;te de\u011fi\u015ftirildi.  <\/p>\n<p> *1999 y\u0131l\u0131nda getirilen 8 y\u0131ll\u0131k kesintisiz e\u011fitim uygulamas\u0131yla, ilk\u00f6\u011fretimi bitirme ve 15 ya\u015f\u0131n\u0131 doldurma \u015fart\u0131 nedeniyle, Diyanet&#39;e ba\u011fl\u0131 Kur&#39;an kurslar\u0131n\u0131n neredeyse yar\u0131s\u0131n\u0131n kap\u0131s\u0131na kilit vuruldu. Bu konuda \u015fimdiye kadar hi\u00e7bir ad\u0131m at\u0131lamad\u0131.  <\/p>\n<p> * AKP d\u00f6neminde yap\u0131lan yasal de\u011fi\u015fiklikle, apartman kiliselerin say\u0131s\u0131 mantar gibi \u00e7o\u011fald\u0131. Resmi kay\u0131tlara g\u00f6re, apartman kiliselerin say\u0131s\u0131 k\u0131sa s\u00fcrede bini a\u015ft\u0131. Ermeni ve Rum kiliseleri bir bir onar\u0131ma al\u0131nd\u0131. Bunlardan en \u00f6nemlisi Van G\u00f6l\u00fc&#39;ndeki Akdamar Kilisesi.  <\/p>\n<p> <\/p>\n<p> <strong>Bor\u00e7lar art\u0131yor<\/strong> <\/p>\n<p> <strong>T\u00fcrkiye&#39;nin bor\u00e7 y\u00fck\u00fc s\u00fcrekli art\u0131yor. GSMH&#39;n\u0131n \u015fi\u015firilmesinden dolay\u0131 bor\u00e7lar d\u00fc\u015f\u00fcyormu\u015f gibi g\u00f6r\u00fcnse de T\u00fcrkiye&#39;nin son d\u00f6rt y\u0131lda toplam borcu y\u00fczde 46.50 oran\u0131nda artt\u0131. 18 Kas\u0131m 2002&#39;de 349,9 milyar YTL olan i\u00e7 ve d\u0131\u015f bor\u00e7 stoku, 4 y\u0131l i\u00e7erisinde \u00fcrk\u00fct\u00fcc\u00fc bir \u015fekilde artarak 544,2 milyar YTL&#39;ye \u00e7\u0131kt\u0131. Yani, AKP&#39;nin d\u00f6rd\u00fcnc\u00fc y\u0131l\u0131nda do\u011fan her bebek 7 bin 367 YTL bor\u00e7la do\u011fuyor. <\/strong> <\/p>\n<p> <strong>Bor\u00e7 yap\u0131s\u0131 d\u00fc\u015f\u00fcnd\u00fcr\u00fcyor<\/strong> <\/p>\n<p> <strong>Bor\u00e7lanmadaki rakamsal b\u00fcy\u00fcmenin yan\u0131nda bor\u00e7 yap\u0131s\u0131ndaki de\u011fi\u015fim de tehlikeli bir duruma geldi. Bor\u00e7lar artarken bir taraftan da s\u00fcrelerinin k\u0131salmas\u0131 ciddi bir tehdit unsuru olarak g\u00f6r\u00fcl\u00fcyor. D\u0131\u015f bor\u00e7lanmada, 2002&#39;de k\u0131sa vadeli bor\u00e7lar\u0131n toplam bor\u00e7lara oran\u0131 y\u00fczde 12,6 iken bug\u00fcn bu oran y\u00fczde 21,1&#39;e \u00e7\u0131km\u0131\u015f durumda. K\u0131sa vadeli bor\u00e7lar\u0131n tamam\u0131na yak\u0131n\u0131n\u0131n da \u00f6zel sekt\u00f6re ait olmas\u0131 risk unsurunu daha da art\u0131r\u0131yor. <\/strong> <\/p>\n<p> <strong>Faizler aldat\u0131yor<\/strong> <\/p>\n<p> AKP&#39;nin iktidara geldi\u011fi Kas\u0131m 2002&#39;de bile\u015fik faizler y\u00fczde 70 seviyelerinde idi. Son d\u00f6rt y\u0131l i\u00e7inde bile\u015fik faizler de y\u00fczde 17 seviyelerine kadar d\u00fc\u015ft\u00fc. Bile\u015fik faizler, May\u0131s ve Haziran ay\u0131nda ya\u015fanan krizle birlikte tekrar y\u00fczde 20&#39;nin \u00fcst\u00fcne \u00e7\u0131karak bug\u00fcnlerde y\u00fczde 21 seviyelerinde bulunuyor. Faizler g\u00f6sterge olarak d\u00fc\u015ferken reel kazan\u00e7 art\u0131yor. Reel kazanc\u0131n enflasyonla mukayesesi yap\u0131ld\u0131\u011f\u0131nda rantiyenin faizden 2002 y\u0131l\u0131ndan daha fazla gelir elde etti\u011fi ortaya \u00e7\u0131k\u0131yor. Reel kazanc\u0131n artmas\u0131, b\u00fct\u00e7edeki faiz y\u00fck\u00fcn\u00fcn de d\u00fc\u015fmesini engelliyor. <\/p>\n<p> <strong>\u0130thalat patlamas\u0131 \u00fcrk\u00fct\u00fcyor\u00a0!<\/strong> <\/p>\n<p> Uygulanan d\u00fc\u015f\u00fck kur, y\u00fcksek faiz politikas\u0131ndan dolay\u0131 T\u00fcrkiye&#39;nin ithalat\u0131 patlad\u0131. Son d\u00f6rt y\u0131l i\u00e7inde ihracat rakamlar\u0131nda \u00f6nemli mesafeler kat edilmi\u015f gibi g\u00f6r\u00fcnse de ithalattaki art\u0131\u015f h\u0131z\u0131n\u0131n ihracattan daha y\u00fcksek olmas\u0131, \u00fclkenin d\u00f6viz a\u00e7\u0131\u011f\u0131n\u0131 da tehlikeli bir noktaya getirdi. \u0130hracat-ithalat kaleminde \u00f6nemli bir veri olan &#8216;kar\u015f\u0131lama oran\u0131&#39; AKP&#39;nin d\u00f6rt y\u0131l\u0131nda s\u00fcrekli gerileyerek, riskli bir s\u0131n\u0131r olarak g\u00f6r\u00fclen y\u00fczde 60 seviyesine geldi. \u0130hracat\u0131n ithalat\u0131 kar\u015f\u0131lama oran\u0131 2002 y\u0131l\u0131nda y\u00fczde 69,9 iken, bu oran son verilerle y\u00fczde 60&#39;\u0131n alt\u0131n\u0131 zorlamaya ba\u015flad\u0131.  <\/p>\n<p> <strong>\u0130\u015fsizlik sorunu kronikle\u015fiyor\u00a0!<\/strong> <\/p>\n<p> 2002 Kas\u0131m ay\u0131nda i\u015fsizli\u011fi y\u00fczde 9,6 olarak devralan 59&#39;uncu H\u00fck\u00fcmet, y\u00fcksek b\u00fcy\u00fcmenin ya\u015fand\u0131\u011f\u0131 son d\u00f6rt y\u0131l i\u00e7inde T\u00fcrkiye&#39;nin istihdam sorununa da bir \u00e7are bulamad\u0131. 2004 y\u0131l\u0131nda ya\u015fanan y\u00fczde 9,9&#39;luk ekonomik b\u00fcy\u00fcmeye ra\u011fmen istihdamda bir iyile\u015fme g\u00f6r\u00fclmeyerek, i\u015fsizlik oran\u0131 y\u00fczde 10,3&#39;e \u00e7\u0131km\u0131\u015ft\u0131. T\u00dc\u0130K&#39;in son verilerine g\u00f6re i\u015fsizlik oran\u0131 y\u00fczde 8,8 seviyesinde. Mevsimsel \u015fartlar dikkate al\u0131nd\u0131\u011f\u0131nda i\u015fsizlik sorununun kronikle\u015ferek y\u00fczde 10 seviyelerine oturdu\u011fu g\u00f6r\u00fcl\u00fcyor.<a name=\"_ftnref2\" href=\"#_ftn2\" title=\"_ftnref2\">[2]<\/a> <\/p>\n<p> <strong>Ekonomik \u00c7\u00f6k\u00fc\u015f ve Siyasi Ba\u011f\u0131ml\u0131l\u0131k S\u00fcreci Ya\u015fan\u0131yor!<\/strong> <\/p>\n<p> Daha \u00f6nce, neo-liberal politikalar\u0131n en \u00f6nemli aya\u011f\u0131 olan enflasyonla m\u00fccadele teorisini ele alm\u0131\u015f ve o teoriyi \u00e7\u00f6pe atm\u0131\u015ft\u0131k. Bu arada, daha teori ile kanun aras\u0131ndaki fark\u0131 bile bilmeyen baz\u0131 cahiller bana e-mail atarak ellerindeki fotokopi akl\u0131 satmaya \u00e7al\u0131\u015ft\u0131lar. Onlar\u0131n ellerine bu fotokopileri tutu\u015fturanlara, kamuoyu \u00f6n\u00fcnde her zaman her yerde hodri meydan diyorum, o kadar. Bu durumda, ortodoks ekonominin son numaras\u0131 olan neo-liberal politikalara biraz daha y\u00fcklenmek istiyorum. Bu politikalar, liberalle\u015fme ve kalk\u0131nma i\u00e7in genel olarak \u015fu teklifleri yaparlar;  <\/p>\n<p> \u0130hracata y\u00f6nelik bir ekonomik yap\u0131lanma program\u0131,  <\/p>\n<p> Faizlerin serbest b\u0131rak\u0131lmas\u0131,  <\/p>\n<p> Yabanc\u0131 sermayenin (asl\u0131nda yabanc\u0131 tefecilerin) \u00fclkeye serbest giri\u015fi ve \u00e7\u0131k\u0131\u015f\u0131,  <\/p>\n<p> Sermayeyi s\u0131n\u0131rlayan mevzuat\u0131n yeniden yap\u0131land\u0131r\u0131lmas\u0131,  <\/p>\n<p> Rekabetin art\u0131r\u0131lmas\u0131, <\/p>\n<p> Devletin k\u00fc\u00e7\u00fclmesi, K\u0130T&#39;lerin Sat\u0131lmas\u0131 <\/p>\n<p> Yabanc\u0131 bankalara geni\u015f serbestiler sa\u011flanmas\u0131&#8230;  <\/p>\n<p> Bunlar ve daha da fazlas\u0131, bizim bildi\u011fimiz, tan\u0131d\u0131\u011f\u0131m\u0131z IMF ve D\u00fcnya Bankas\u0131 dayatmalar\u0131d\u0131r. Son 5-6 y\u0131ld\u0131r da bunlar\u0131n hepsi harfiyyen uygulanmaktad\u0131r. Peki sonu\u00e7ta ne olmu\u015ftur? G\u00fcya ihracata y\u00f6nelik ekonomik yap\u0131lanma modelimiz, ithalat\u0131 inan\u0131lmaz boyutlara ta\u015f\u0131m\u0131\u015f ve sonu\u00e7ta d\u0131\u015f ticaret a\u00e7\u0131\u011f\u0131m\u0131z 50 milyar dolara yakla\u015fm\u0131\u015ft\u0131r. Yerli \u00fcretimimiz \u00e7\u00f6km\u00fc\u015ft\u00fcr. D\u00fcnya piyasalar\u0131nda faizler y\u00fczde 1.5&#39;lar\u0131n alt\u0131nda iken, bizdeki faizler bu rakam\u0131n en az on kat\u0131 olarak ger\u00e7ekle\u015fmi\u015ftir. S\u0131cak paran\u0131n serbest giri\u015f ve \u00e7\u0131k\u0131\u015f\u0131 uluslararas\u0131 tefecilerin \u00fclkemize y\u00f6nelik i\u015ftah\u0131n\u0131 kabartm\u0131\u015f ve reel ekonomik dengemizi alt \u00fcst etmi\u015ftir. Sermayenin serbest hareketi ve kayna\u011f\u0131n\u0131n pek de sorgulanmamas\u0131, \u00fclkemizin yeralt\u0131 ve yer\u00fcst\u00fc zenginliklerinin ve ziynetlerinin yok edilmesi i\u015fine yaram\u0131\u015ft\u0131r. Rekabetin art\u0131r\u0131lmas\u0131, yerli \u00fcretimi vurmu\u015f ve kendi pazarlar\u0131m\u0131zda yerli \u00fcr\u00fcnleri safd\u0131\u015f\u0131 etmi\u015ftir. Devletin k\u00fc\u00e7\u00fclmesi slogan\u0131 alt\u0131nda memleketin sat\u0131\u015f\u0131 yap\u0131lmaktad\u0131r. Yabanc\u0131 bankalara geni\u015f serbesti, T\u00fcrk bankac\u0131l\u0131k sisteminin yabanc\u0131lar\u0131n ellerine ge\u00e7mesine sebep olmu\u015ftur. Sonu\u00e7ta milletimiz i\u015fsiz b\u0131rak\u0131lm\u0131\u015f ve yerli \u00fcretimimiz \u00e7\u00f6kertilmi\u015ftir. \u0130nsanlar\u0131m\u0131z, \u015firketlerimiz ve devletimiz a\u011f\u0131r derecede bor\u00e7land\u0131r\u0131lm\u0131\u015ft\u0131r. S\u0131ra siyasi ba\u011f\u0131ms\u0131zl\u0131\u011f\u0131m\u0131za gelmi\u015ftir. Siyasi ba\u011f\u0131ms\u0131zl\u0131\u011f\u0131m\u0131z\u0131n elden gitmesine direnebilecek unsurlar\u0131n \u00f6n\u00fcn\u00fc kesebilmek i\u00e7in de insan\u0131m\u0131z inanc\u0131ndan uzakla\u015ft\u0131r\u0131lmaktad\u0131r. Art\u0131k, siyasi ba\u011f\u0131ml\u0131l\u0131k ekonomik bir zorunluluk olarak ifade edilmektedir. Siyasi ba\u011f\u0131ml\u0131l\u0131\u011f\u0131m\u0131z, ekonominin bir gere\u011fi imi\u015f gibi ortaya konulmakta, yani legalle\u015ftirilmektedir.<a name=\"_ftnref3\" href=\"#_ftn3\" title=\"_ftnref3\">[3]<\/a> <\/p>\n<p> <\/p>\n<p> <strong>S\u00f6m\u00fcr\u00fc \u00c7ark\u0131 Toplumu Eziyor\u00a0!<\/strong> <\/p>\n<p> <strong>Fukaran\u0131n al\u0131n teri, y\u00fcksek faize gidiyor!<\/strong> <\/p>\n<p> \u0131Ekonomi uzman\u0131 ve Milliyet yazar\u0131 G\u00fcng\u00f6r Uras, &quot;Ay\u015fe Han\u0131m Teyzemin paras\u0131yla, Mr. Hanke k\u00f6\u015feyi d\u00f6n\u00fcyor&quot; ba\u015fl\u0131kl\u0131 yaz\u0131s\u0131nda, T\u00fcrkiye&#39;de paran\u0131n nas\u0131l ad\u0131m ad\u0131m yabanc\u0131lar\u0131n cebine akt\u0131\u011f\u0131n\u0131 yazd\u0131. <\/p>\n<p> Yabanc\u0131 yat\u0131r\u0131mc\u0131lar i\u00e7in, yurtd\u0131\u015f\u0131ndan k\u0131sa vadeli bor\u00e7 para bularak YTL cinsi y\u00fcksek faizli bonoya yat\u0131r\u0131m yapman\u0131n moda oldu\u011funu, YTL&#39;nin getirisinin y\u00fczde 20 civar\u0131nda oldu\u011funu kaydeden Uras, bu y\u00fczden yabanc\u0131 yat\u0131r\u0131mc\u0131n\u0131n T\u00fcrkiye&#39;de \u00e7ok fazla para kazand\u0131\u011f\u0131n\u0131 belirtti. Uras&#39;\u0131n d\u00fcnk\u00fc Milliyet gazetesinde yay\u0131nlanan makalesi \u015f\u00f6yle: <\/p>\n<p> <strong>&quot;Maliye faizciye \u00e7al\u0131\u015f\u0131yor<\/strong> <\/p>\n<p> Maliye Bakan\u0131 \u00f6nceki g\u00fcn 2005 y\u0131l\u0131n\u0131n ocakta b\u00fct\u00e7e a\u00e7\u0131klamalar\u0131n\u0131 yapt\u0131. A\u00e7\u0131klamalar (genelde) medyaya &quot;B\u00fcy\u00fck bir ba\u015far\u0131 tablosu&quot; olarak yans\u0131d\u0131. Hatta bir gazetemiz, &quot;Bu tabloyu y\u0131l sonuna kadar s\u00fcrd\u00fcr\u00fcrse, Maliye Bakan\u0131&#39;n\u0131n heykeli dikilir&quot; \u015feklinde ba\u015fl\u0131k att\u0131. <\/p>\n<p> Halktan ve \u00f6zellikle fakir halktan her g\u00fcn daha fazla vergi almak ve de bu vergi gelirleriyle faiz \u00f6demek, halk i\u00e7in hizmet yapmamak marifetse&#8230; Daha do\u011frusu bunu marifet kabul ederek, bunu yapanlar\u0131n heykeli dikilirse&#8230; Veya&#8230; Veya&#8230; Bunu yapanlar, &quot;heykeli dikilecek&quot; olarak alk\u0131\u015flan\u0131rsa, bu halka ve bu \u00fclkeye k\u00f6t\u00fcl\u00fck yap\u0131lm\u0131\u015f olur. <\/p>\n<p> Maliye Bakan\u0131 tek bir hedefe kilitlenmi\u015f: &quot;Faiz \u00f6demek ve IMF&#39;nin faiz d\u0131\u015f\u0131 fazla hedefini tutturmak i\u00e7in ne kadar para laz\u0131m ise, KDV &#8211; \u00d6TV gibi fakir halk\u0131n \u00f6dedi\u011fi vergileri art\u0131rarak ve gerekiyorsa yeni vergiler koyarak faizcileri ve IMF&#39;yi mutlu etmek.&quot; <\/p>\n<p> <strong>Vergi var, hizmet yok<\/strong> <\/p>\n<p> Heykeli dikilecek olan Maliye Bakan\u0131, 2005 y\u0131l\u0131 ocak ay\u0131nda ne yapm\u0131\u015f? Ay\u015fe Han\u0131m Teyzemin maydanoz al\u0131rken, \u0130\u015f\u00e7i Memed karde\u015fimin simit yerken \u00f6dedi\u011fi KDV&#39;lerin gelirini y\u00fczde 28.5 art\u0131rm\u0131\u015f. Ali R\u0131za Bey amcam\u0131n sigara t\u00fctt\u00fcr\u00fcrken, bir kadeh rak\u0131 i\u00e7erken \u00f6dedi\u011fi \u00d6TV&#39;lerin gelirini y\u00fczde 37.6 art\u0131rm\u0131\u015f&#8230; B\u00f6ylece, b\u00fct\u00e7e gelirlerinde y\u00fczde 49.8 art\u0131\u015f sa\u011flam\u0131\u015f&#8230;. <\/p>\n<p> Vergileri art\u0131rarak halka daha fazla hizmet imkan\u0131 m\u0131 yaratm\u0131\u015f? Hani eskiden rahmetli Adnan Ba\u015far Kafao\u011flu&#39;nun vergi daireleri kap\u0131s\u0131na ast\u0131rd\u0131\u011f\u0131 &quot;Maliye&#39;ye \u00f6dedi\u011finiz vergi size hizmet olarak d\u00f6necektir&quot;diye levhalar vard\u0131. Acaba Maliye&#39;ye \u00f6denen vergiler, halka hizmet olarak m\u0131 d\u00f6nm\u00fc\u015f? Ocakta Maliye Bakan\u0131 7.5 milyar YTL vergi geliri kaydetmi\u015f. Bunun 6.2 milyar YTL&#39;sini faiz \u00f6demesine ay\u0131r\u0131nca, 3 milyar YTL personel \u00f6demesi i\u00e7in bile para kalmam\u0131\u015f&#8230; IMF&#39;yi memnun etmek i\u00e7in bu paradan da 2.8 milyar YTL&#39;yi faiz d\u0131\u015f\u0131 fazla olarak ay\u0131rm\u0131\u015f&#8230;. <\/p>\n<p> <strong>Sadece faiz \u00f6d\u00fcyoruz<\/strong> <\/p>\n<p> Hesap kar\u0131\u015f\u0131k, fakat netice k\u00f6t\u00fc: Halktan toplanan vergilerle halka hizmet diye bir \u015fey yok&#8230; Yat\u0131r\u0131ma ayr\u0131lan para s\u0131f\u0131r. Tar\u0131ma ayr\u0131lan para s\u0131f\u0131r&#8230; Bir maliye bakan\u0131, &quot;Vergileri art\u0131rd\u0131m, faizleri \u00f6dedim, faiz d\u0131\u015f\u0131 fazla hedefini a\u015ft\u0131m, \u00f6denek oldu\u011fu halde harcamad\u0131m, yat\u0131r\u0131m yapmad\u0131m, tar\u0131ma para aktarmad\u0131m&#8230; Durum \u00e7ok iyi&quot; diyemez. <\/p>\n<p> Devlet halka hizmet i\u00e7in var. Tabii ki, ekonomide istikrar \u00f6nemli. Tabii ki, IMF program\u0131na uyum \u00f6nemli. Ama, bu h\u00fck\u00fcmet sadece faiz ve memur maa\u015f\u0131 \u00f6demek i\u00e7in i\u015fba\u015f\u0131na gelmedi ki&#8230; Ama, bu halk, bu \u00fclkede sadece ve sadece KDV ve \u00d6TV \u00f6demek i\u00e7in ya\u015fam\u0131yor ki&#8230; Hayat k\u0131sa&#8230; G\u00fcnler ge\u00e7iyor&#8230; Onlar hizmet bekliyor&#8230; Anlad\u0131k KDV ve \u00d6TV \u00f6demek &quot;vatan borcu&#8230;&quot; \u0130yi de h\u00fck\u00fcmetin, Maliye Bakan\u0131&#39;n\u0131n onlara kar\u015f\u0131 hi\u00e7bir &quot;hizmet borcu&quot; yok mu? Para basmadan, bor\u00e7lar\u0131 inkar etmeden, IMF ile ili\u015fkiyi kesmeden, do\u011fru d\u00fcr\u00fcst planlamayla y\u00fck\u00fcml\u00fcl\u00fckleri yeniden yap\u0131land\u0131rarak hizmetlere kaynak ay\u0131rmak imkan\u0131 vard\u0131r. Sadece bu hat\u0131rlatmay\u0131 yapmak i\u00e7in bunlar\u0131 yaz\u0131yorum. Maliye Bakan\u0131 ile alaca\u011f\u0131m &#8211; verece\u011fim yok&#8230;&quot; <\/p>\n<p> <strong>Steve Hanke kimdir?<\/strong> <\/p>\n<p> Forbes dergisi yazarlar\u0131ndan olan Steve Hanke, Ronald Reagan d\u00f6neminde Ekonomik Dan\u0131\u015fmanlar Konseyi Ba\u015f ekonomisti idi. ABD&#39;de John Hopkins \u00dcniversitesi&#39;nde hocal\u0131k yap\u0131yor. Ve de uluslararas\u0131 yat\u0131r\u0131mc\u0131. Paras\u0131n\u0131 T\u00fcrkiye&#39;de de\u011ferlendiriyor. Forum \u0130stanbul ve YASED toplant\u0131lar\u0131na konu\u015fmac\u0131 olarak kat\u0131lmak i\u00e7in ge\u00e7ti\u011fimiz g\u00fcnlerde T\u00fcrkiye&#39;ye geldi.  <\/p>\n<p> <strong>Rumsfeld&#39;in Orta\u011f\u0131 T\u00dcS\u0130AD&#39;\u00e7\u0131<\/strong> <\/p>\n<p> <strong>ABD&#39;deki sava\u015f isteyen &quot;\u015eahinler&quot; grubunun lideri olarak g\u00f6sterilen Savunma Bakan\u0131 Donald Rumsfeld&#39;in uzun zaman y\u00f6netim kurulu \u00fcyeli\u011fi yapt\u0131\u011f\u0131 ABB isimli \u015firketin, T\u00fcrkiye&#39;deki konsorsiyum orta\u011f\u0131 Alarko \u00e7\u0131kt\u0131. Alarko&#39;nun\u00a0 y\u00f6netim kurulu ba\u015fkanvekili Oktay Varl\u0131er de, &quot;sava\u015f isteyen&quot; kesimlerin s\u00f6zc\u00fcl\u00fc\u011f\u00fcn\u00fc yapan T\u00dcS\u0130AD&#39;\u0131n y\u00f6neticisi.<\/strong> <\/p>\n<p> <strong>Alarko \u015firketi, ABD Savunma Bakan\u0131 Donald Rumsfeld&#39;in, uzun sure y\u00f6netim kurulu \u00fcyesi olarak g\u00f6rav yapt\u0131\u011f\u0131 Asea Brown Boveri (ABB) isimli firman\u0131n, T\u00fcrkiye&#39;deki konsorsiyum orta\u011f\u0131 \u00e7\u0131kt\u0131. Alarko ile ABB aras\u0131ndaki ili\u015fki dikkatleri T\u00dcS\u0130AD&#39;a \u00e7evirdi. \u00c7\u00fcnk\u00fc Alarkonun fiili ba\u015fkan\u0131 olarak g\u00f6sterilen y\u00f6netim kurulu ba\u015fkan yard\u0131mc\u0131s\u0131 Oktay Varl\u0131er, T\u00dcS\u0130AD&#39;\u0131n Ekonomik ve Mali \u0130\u015fler Komisyonu Ba\u015fkan\u0131. T\u00dcS\u0130AD&#39;\u00e7\u0131 Varl\u0131er&#39;in \u015firketi ile, ABD&#39;de &quot;\u015eahinler&quot; olarak adland\u0131r\u0131lan &quot;sava\u015f isteyen&quot; lobinin en tepesindeki isim olan Donald Rumsfeld&#39;in \u015firketi aras\u0131ndaki konsorsiyum ortakl\u0131\u011f\u0131, T\u00dcS\u0130AD&#39;\u0131n &quot;sava\u015fa evet&quot; demesinin nedenleri aras\u0131nda g\u00f6steriliyor.<\/strong> <\/p>\n<p> <strong>\u0130svi\u00e7re-\u0130sve\u00e7 Ortakl\u0131\u011f\u0131<\/strong> <\/p>\n<p> <strong>Rumsfeld&#39;in uzun <\/strong><strong>s\u00fcre<\/strong><strong> y\u00f6netim kurulu \u00fcyeli\u011fi yapt\u0131\u011f\u0131 ABB isimli \u015firket, \u0130svi\u00e7re-\u0130sve\u00e7 ortakl\u0131\u011f\u0131nda kuruldu. T\u00fcrkiyenin de aralar\u0131nda bulundu\u011fu \u00e7ok say\u0131da \u00fclkede faaliyetleri bulunan ABB&#39;nin, \u0130stanbul&#39;un \u00dcmraniye il\u00e7esinde ABB Elektrik A.\u015e, ABB Sanayi A.\u015e. gibi \u015firketleri bulunuyor.<\/strong> <\/p>\n<p> <strong>Adana Metrosunu Birlikte Yap\u0131yorlar<\/strong> <\/p>\n<p> \u0130stanbul Metrosunun yap\u0131m\u0131 s\u0131ras\u0131nda Alarko ile konsorsiyum ortakl\u0131\u011f\u0131 yapan ABB&#39;nin Alarko ile halen de \u00e7e\u015fitli ortakl\u0131klar\u0131n\u0131n bulundu\u011fu bildirildi. ABB Alarko konsorsiyumun, Adana metrosunun \u00e7al\u0131\u015fmalar\u0131n\u0131 s\u00fcrd\u00fcrd\u00fckleri \u00f6\u011frenildi. Konsorsiyumda yer alan Adtranz&#39;\u0131n ise, ABB&#39;nin yan kurulu\u015flar\u0131ndan oldu\u011fu kaydedildi. <\/p>\n<p> <strong>T\u0130P&#39;\u00e7i T\u00dcS\u0130AD&#39;l\u0131 <\/strong> <\/p>\n<p> Alarkonun y\u00f6netim kurulu ba\u015fkanvekilli\u011fini \u00fcstlenen Oktay Varl\u0131er&#39;in, 12 Eyl\u00fcl \u00f6ncesinde kapat\u0131lan sosyalist siyasi partilerden T\u0130P&#39;in \u00fcyesi oldu\u011fu bildiriliyor. 12 Eyl\u00fcl \u00f6ncesinde ba\u015fbakanl\u0131k yapan B\u00fclent Ecevit, b\u00fcrokrat atamalar\u0131 i\u00e7in T\u0130P&#39;e bir DPT kadrosu vermi\u015fti. Bunun \u00fczerine Oktay Varl\u0131er de, T\u0130P&#39;in genel ba\u015fkan\u0131 Behice Boran&#39;\u0131n sayesinde DPT m\u00fcste\u015far\u0131 olmu\u015ftu. <\/p>\n<p> <strong>ABB Ba\u015fkan Yard\u0131mc\u0131s\u0131 da T\u00dcS\u0130AD&#39;da<\/strong> <\/p>\n<p> Rumsfeld&#39;in \u015firketi ABB&#39;nin, T\u00fcrkiye&#39;deki \u015firketlerinin y\u00f6netim kurulu ba\u015fkan yard\u0131mc\u0131l\u0131\u011f\u0131n\u0131 yapan G\u00fclden T\u00fcrktan da, T\u00dcS\u0130AD&#39;\u00e7\u0131 \u00e7\u0131kt\u0131. T\u00fcrktan&#39;\u0131n, Muharrem Kayhan&#39;\u0131n ba\u015fkanl\u0131\u011f\u0131 d\u00f6neminde 2002 y\u0131l\u0131n\u0131n Ocak ay\u0131nda T\u00dcS\u0130AD&#39;a \u00fcye oldu\u011fu ifade edildi. <\/p>\n<p align=\"center\"> &#160; <\/p>\n<hr \/>\n<p> <a name=\"_ftn1\" href=\"#_ftnref1\" title=\"_ftn1\">[1]<\/a> Zaman \/ 08 Ekim 2006 <\/p>\n<p> <\/p>\n<p> <a name=\"_ftn2\" href=\"#_ftnref2\" title=\"_ftn2\">[2]<\/a> Ebubekir G\u00fcl\u00fcm &#8211; Sadettin \u0130nan &#8211; Ali Cura \/ Milli Gazete \/ 04.11.2006 <\/p>\n<p> <a name=\"_ftn3\" href=\"#_ftnref3\" title=\"_ftn3\">[3]<\/a> Do\u00e7. Dr. Mete G\u00fcndo\u011fan \/ Milli Gazete \/ 30.9.2006 <\/p>\n","protected":false},"excerpt":{"rendered":"<p>\u00a0  <\/p>\n<p> <strong>M\u00fcnaf\u0131k Ekonomisi <\/strong> <\/p>\n<p> <strong>\u0131\u00dc\u00fc<\/strong><strong>De\u011fi\u015fim Dinamikleri Y\u00f6netim Merkezi geleneksel iftar yeme\u011fine Marmara \u00dcniversitesi \u00d6\u011fretim \u00dcyesi Prof. Dr. Osman Altu\u011f konu\u015fmac\u0131 olarak kat\u0131ld\u0131. Altu\u011f, &quot;T\u00fcrkiye ekonomisi kay\u0131t alt\u0131na al\u0131nmad\u0131k\u00e7a T\u00fcrkiye hi\u00e7bir sorununu \u00e7\u00f6zemez&quot; dedi.<\/strong> <\/p>\n","protected":false},"author":14,"featured_media":0,"comment_status":"open","ping_status":"closed","sticky":false,"template":"","format":"standard","meta":{"footnotes":""},"categories":[65],"tags":[],"class_list":["post-844","post","type-post","status-publish","format-standard","hentry","category-ocak-2007"],"_links":{"self":[{"href":"https:\/\/www.millicozum.com\/mc\/wp-json\/wp\/v2\/posts\/844","targetHints":{"allow":["GET"]}}],"collection":[{"href":"https:\/\/www.millicozum.com\/mc\/wp-json\/wp\/v2\/posts"}],"about":[{"href":"https:\/\/www.millicozum.com\/mc\/wp-json\/wp\/v2\/types\/post"}],"author":[{"embeddable":true,"href":"https:\/\/www.millicozum.com\/mc\/wp-json\/wp\/v2\/users\/14"}],"replies":[{"embeddable":true,"href":"https:\/\/www.millicozum.com\/mc\/wp-json\/wp\/v2\/comments?post=844"}],"version-history":[{"count":0,"href":"https:\/\/www.millicozum.com\/mc\/wp-json\/wp\/v2\/posts\/844\/revisions"}],"wp:attachment":[{"href":"https:\/\/www.millicozum.com\/mc\/wp-json\/wp\/v2\/media?parent=844"}],"wp:term":[{"taxonomy":"category","embeddable":true,"href":"https:\/\/www.millicozum.com\/mc\/wp-json\/wp\/v2\/categories?post=844"},{"taxonomy":"post_tag","embeddable":true,"href":"https:\/\/www.millicozum.com\/mc\/wp-json\/wp\/v2\/tags?post=844"}],"curies":[{"name":"wp","href":"https:\/\/api.w.org\/{rel}","templated":true}]}}