{"id":846,"date":"2007-01-03T14:36:50","date_gmt":"2007-01-03T14:36:50","guid":{"rendered":"https:\/\/www.millicozum.com\/mc\/2007\/01\/03\/kr-makpden-akp-mkrden-kar\/"},"modified":"2007-01-03T14:36:50","modified_gmt":"2007-01-03T14:36:50","slug":"kriz-mi-akpden-akp-mi-krizden-cikar","status":"publish","type":"post","link":"https:\/\/www.millicozum.com\/mc\/2007\/ocak-2007\/kriz-mi-akpden-akp-mi-krizden-cikar\/","title":{"rendered":"KR\u0130Z M\u0130 AKP&#8217;DEN; AKP M\u0130 KR\u0130ZDEN \u00c7IKAR?"},"content":{"rendered":"<p>\u00a0  <\/p>\n<p> <strong>Tayyip Bey&#39;in &quot;Veresiye&quot; Ekonomisi&#8230; SOS veriyor!<\/strong> <\/p>\n<p> T\u00fcrkiye Nisan&#39;da 5.2 milyar dolarla ayl\u0131k bazda d\u0131\u015f ticaret a\u00e7\u0131\u011f\u0131 vererek rekor k\u0131rd\u0131. Y\u0131l\u0131n ilk d\u00f6rt ayl\u0131k d\u00f6nemindeki d\u0131\u015f ticaret a\u00e7\u0131\u011f\u0131 ise 16.1 milyar dolara &#39;kadar y\u00fckseldi. \u0130lk d\u00f6rt aydaki geli\u015fme, T\u00fcrkiye&#39;nin bu y\u0131l\u0131n t\u00fcm\u00fcnde 48 milyar dolar civar\u0131nda bir d\u0131\u015f ticaret ve 30 milyar dolarl\u0131k da cari i\u015flemler a\u00e7\u0131\u011f\u0131 verebilece\u011fine i\u015faret etti.  <\/p>\n<p>  \u00a0  <\/p>\n<p> T\u00fcrkiye istatistik Kurumu&#39;nun (T\u00dc\u0130K) verilerine g\u00f6re T\u00fcrkiye&#39;nin ihracat\u0131 Nisan ay\u0131nda, ge\u00e7en y\u0131l\u0131n ayn\u0131 ay\u0131na g\u00f6re y\u00fczde 6.1 oran\u0131nda azalarak 5 milyar 754 milyon dolara gerilerken, ithalat y\u00fczde 14.2 oran\u0131nda artarak 10 milyar 954 milyon dolara t\u0131rmand\u0131. D\u0131\u015f ticaret a\u00e7\u0131\u011f\u0131 ise y\u00fczde 50 oran\u0131nda artt\u0131 ve 3 milyar 467 milyon dolardan 5 milyar 200 milyon dolara y\u00fckseldi.  <\/p>\n<p> Ge\u00e7en y\u0131l Nisan&#39;da y\u00fczde 63.9 olarak ger\u00e7ekle\u015fen ihracat\u0131n ithalat\u0131 kar\u015f\u0131lama oran\u0131, bu y\u0131l y\u00fczde 52.5&#39;ye kadar geriledi. T\u00fcrkiye neredeyse ithalat\u0131n\u0131n yar\u0131s\u0131 kadar ihracat yapabildi. <\/p>\n<p> Ge\u00e7en y\u0131l ayn\u0131 ay T\u00fcrkiye 6 milyar 128 milyar dolarl\u0131k ihracat, 9 milyar 595 milyon dolarl\u0131k da ithalat ger\u00e7ekle\u015ftirmi\u015fti. <\/p>\n<p> <strong>2005&#39;in \u0130lk D\u00f6rt Ayl\u0131k A\u00e7\u0131\u011f\u0131 16 Milyar Dolard\u0131, \u015eimdi 100 Milyar Dolar\u0131 Buldu.<\/strong> <\/p>\n<p> <strong>Ocak-Nisan d\u00f6neminde ise ihracat y\u00fczde 3.5 artarak 24 milyar 182 milyon dolar; ithalat da y\u00fczde 14.1 artarak 40 milyar 312 milyon dolar olarak ger\u00e7ekle\u015fti. D\u0131\u015f ticaret a\u00e7\u0131\u011f\u0131 ise y\u00fczde 34.9 oran\u0131nda artarak 16 milyar 130 milyon dolara \u00e7\u0131kt\u0131. <\/strong> <\/p>\n<p> <strong>Ge\u00e7en y\u0131l\u0131n ilk d\u00f6rt ayl\u0131k d\u00f6neminde T\u00fcrkiye 23 milyar 369 milyon dolarl\u0131k ihracat ve 35 milyar 328 milyon dolarl\u0131k ithalat yapm\u0131\u015f, 11 milyar 959 milyon dolarl\u0131k a\u00e7\u0131k vermi\u015fti. <\/strong> <\/p>\n<p> <strong>\u0130hracat\u0131n ithalat\u0131 kar\u015f\u0131lama oran\u0131 ise y\u00fczde 60 olarak ger\u00e7ekle\u015fti. Ge\u00e7en y\u0131l ayn\u0131 d\u00f6nemde bu oran y\u00fczde 66.1 olmu\u015ftu. <\/strong> <\/p>\n<p> <strong>T\u00fcketim Mal\u0131 \u0130thalat\u0131, H\u0131zl\u0131 Art\u0131yor<\/strong> <\/p>\n<p> <strong>Geni\u015f ekonomik gruplar\u0131n s\u0131n\u0131flamas\u0131na g\u00f6re Ocak-Nisan d\u00f6neminde en y\u00fcksek ithalat art\u0131\u015f\u0131 y\u00fczde 32.2 ile t\u00fcketim mallar\u0131nda ya\u015fand\u0131. 4 milyar 970 milyon dolarl\u0131k t\u00fcketim mal\u0131 ithal edilen bu d\u00f6nemde, ara mallar\u0131 ithalat\u0131 ise y\u00fcksek ham petrol fiyatlar\u0131n\u0131n da etkisiyle y\u00fczde 10.8 artarak 28 milyar 585 milyon dolar oldu. Sermaye mallar\u0131 ithalat\u0131 ise y\u00fczde 16.5&#39;lik b\u00fcy\u00fcmeyle 6 milyar 643 milyon dolara \u00e7\u0131kt\u0131. <\/strong> <\/p>\n<p> <strong>S\u00f6z konusu d\u00f6nemde T\u00fcrkiye&#39;nin sermaye mallar\u0131 ihracat\u0131 y\u00fczde 2 azalarak 2 milyar 562 milyon dolara gerilerken, ara mallar\u0131 ihracat\u0131 ise y\u00fczde 6.9 artarak 10 milyar 370 milyon dolara y\u00fckseldi. T\u00fcketim mallar\u0131 ithalat\u0131 ise 12 milyar 883 milyon dolara f\u0131rlad\u0131. <\/strong> <\/p>\n<p> <strong>Yabanc\u0131 Bankalar M\u00fc\u015fteri Se\u00e7iyor, Kriz Sezince Ka\u00e7\u0131yorlar<\/strong> <\/p>\n<p> Halk Bankas\u0131 ve Ziraat Bankas\u0131na g\u00f6z diken yabanc\u0131 bankalar, sat\u0131n ald\u0131klar\u0131 bankalarda &#8216;\u00f6zel&#39; m\u00fc\u015fteri de se\u00e7iyor. IMF&#39;nin 2000 y\u0131l\u0131nda yay\u0131mlad\u0131\u011f\u0131 &quot;Uluslararas\u0131 Sermaye Piyasalar\u0131 Geli\u015fmeleri, Beklentiler ve Temel Politikalar&quot; ba\u015fl\u0131kl\u0131 \u00e7al\u0131\u015fmaya g\u00f6re, yabanc\u0131la\u015fman\u0131n uluslararas\u0131 piyasalarda kaliteli m\u00fc\u015fteriye y\u00f6nelerek, m\u00fc\u015fteri b\u00f6l\u00fcnmesini te\u015fvik etti\u011fi belirtiliyor. Sahip olduklar\u0131 kat\u0131 risk y\u00f6netimi sayesinde sadece reel sekt\u00f6rde de\u011fil, bireysel m\u00fc\u015fterilerde de geri\u00a0 \u00f6dememe riski daha d\u00fc\u015f\u00fck olan &#8216;kaliteli&#39; m\u00fc\u015fterilere y\u00f6neliyor. \u00c7al\u0131\u015fmada, yabanc\u0131 bankalar\u0131n kriz d\u00f6nemlerinde, bulunduklar\u0131 \u00fclkelerde faaliyetlerini durdurma e\u011filimi i\u00e7erisine girdikleri de kaydediliyor. IMF&#39;nin bile &#8216;kes ve ka\u00e7&#39; olarak adland\u0131rd\u0131\u011f\u0131 bu sistemi de\u011ferlendiren bilgi \u00dcniversitesi \u00d6\u011fretim \u00dcyesi Prof. Dr. G\u00fclten Kazgan, ekonominin k\u00f6t\u00fcye gitti\u011fi d\u00f6nemlerde, yabanc\u0131 bankalar\u0131n kredi dondurmalar\u0131n\u0131n yan\u0131 s\u0131ra b\u00fct\u00fcn faaliyetlerini ask\u0131ya alma ihtimallerinin bulundu\u011funu belirterek, &quot;Bu durum da ekonomik krizlerin daha da derinle\u015fmesine neden olabilir&quot; uyar\u0131s\u0131nda bulunuyor. <\/p>\n<p> <strong>S\u0131cak Paraya da Arac\u0131l\u0131k Ediyorlar<\/strong> <\/p>\n<p> Kazgan, yabanc\u0131 bankalar\u0131n s\u0131cak paraya da arac\u0131l\u0131k ettiklerini vurgulayarak, &quot;2001 krizinde 6 milyar dolara yak\u0131n para, yabanc\u0131 bankalar \u00fczerinden yurtd\u0131\u015f\u0131na \u00e7\u0131kar\u0131ld\u0131. Bu \u00e7\u0131k\u0131\u015f, kriz etkilerinin daha da derinle\u015fmesine sebep oldu&quot; diyor. Bankac\u0131l\u0131k D\u00fczenleme ve Denetleme Kurumu&#39;nun Eyl\u00fcl 2005&#39;te yay\u0131mlad\u0131\u011f\u0131 &#8216;Bankac\u0131l\u0131k Sekt\u00f6r\u00fcne Yabanc\u0131 Giri\u015fi: K\u00fcresel Geli\u015fmeler ve T\u00fcrkiye&#39; raporuna g\u00f6re de yabanc\u0131lar, yerel bilgiye sahip ve m\u00fc\u015fteri kapasitesi olan yerli bankalara y\u00f6neliyor. Raporda, &quot;B\u00f6ylece, yerel uzmanl\u0131kla ucuz fona eri\u015fme imkan\u0131 birle\u015ftirilmeye \u00e7al\u0131\u015f\u0131l\u0131yor. Bu nedenle, \u00f6n\u00fcm\u00fczdeki yabanc\u0131 bankalar\u0131n sector \u00fczerindeki rekabet bask\u0131s\u0131 ve etkileri \u00e7ok daha dramatic olabilir&quot; deniliyor. <\/p>\n<p> <\/p>\n<p> <strong>AKP&#39;nin D\u0131\u015f Politikas\u0131 \u0130flas Ediyor!<\/strong> <\/p>\n<p> AKP h\u00fck\u00fcmeti i\u015fba\u015f\u0131na gelmesinden bu yana d\u0131\u015f politikada izledi\u011fi politika ile; daha do\u011frusu politikas\u0131zl\u0131k ile T\u00fcrkiye Cumhuriyeti&#39;nin kuruldu\u011fundan bu yana var olan b\u00fct\u00fcn k\u0131rm\u0131z\u0131 \u00e7izgilerini sildi. Tarihte hi\u00e7 g\u00f6r\u00fclmeyecek \u015fekilde tam bir d\u0131\u015fa ba\u011f\u0131ml\u0131l\u0131k sergileyen AKP H\u00fck\u00fcmeti ne \u0130slam d\u00fcnyas\u0131n\u0131n takdirini kazanabildi, ne de bat\u0131n\u0131n \u00f6vg\u00fcs\u00fcn\u00fc alabildi. Bat\u0131l\u0131lar\u0131n \u0130stiklal m\u00fccadelesinin ard\u0131ndan T\u00fcrkiye&#39;ye dayatt\u0131\u011f\u0131 Sevr Anla\u015fmas\u0131 bir kez daha ba\u015fka isimler ad\u0131 alt\u0131nda masaya konuldu, T\u00fcrkiye B\u00fcy\u00fck Millet Meclisi halk\u0131n de\u011fil, sadece bat\u0131l\u0131lar\u0131n ve d\u0131\u015f g\u00fc\u00e7lerin iste\u011fi do\u011frultusunda yasa \u00e7\u0131karmaya ba\u015flad\u0131. K\u0131sacas\u0131 T\u00fcrkiye Cumhuriyeti izledi\u011fi d\u0131\u015f politikan\u0131n etkisini i\u00e7 politikaya hissettirerek tam bir manda zihniyetini uygulamaya ge\u00e7irdi. Bunun sonucu olarak da gerek ekonomi, gerek k\u00fclt\u00fcr, gerek ise maddi ve manevi anlamda T\u00fcrkiye tam bir \u00e7\u00f6k\u00fcnt\u00fc i\u00e7erisine girdi. <\/p>\n<p> AKP H\u00fck\u00fcmeti d\u0131\u015f politikadaki istikrars\u0131zl\u0131\u011f\u0131n\u0131 \u00f6nce Afganistan&#39;da ABD&#39;nin katliamlar\u0131na sessiz kalarak, hatta destekleyerek g\u00f6sterdi. Di\u011fer yandan 1 Mart Tezkeresi ile ba\u015flayan s\u00fcre\u00e7te her ge\u00e7en g\u00fcn ABD&#39;nin boyunduru\u011fu alt\u0131na girdi. AKP H\u00fck\u00fcmeti, ABD askerinin T\u00fcrkiye \u00fczerinden Irak&#39;\u0131 i\u015fgaline ge\u00e7it vermeyen TBMM&#39;nin karar\u0131n\u0131 bir kenara b\u0131rakarak, kararname ve de\u011fi\u015fik y\u00f6ntemler ile ABD&#39;nin i\u015fgaline yard\u0131mc\u0131 oldu. <\/p>\n<p> Her g\u00fcn onlarca Irakl\u0131 sivilin \u00f6ld\u00fcr\u00fcld\u00fc\u011f\u00fc, bug\u00fcn say\u0131s\u0131 milyonlar\u0131 bulan katliamlara kar\u015f\u0131 sessiz kalan AKP H\u00fck\u00fcmeti, di\u011fer yandan da T\u00fcrkiye Cumhuriyeti&#39;nin kuruldu\u011fu g\u00fcnden bu yana izledi\u011fi Kuzey Irak politikas\u0131 da yerle bir oldu. Musul ve Kerk\u00fck \u00fczerinde oynanan oyunlara m\u00fcdahale bile edemeyen AKP h\u00fck\u00fcmeti, buradaki k\u0131rm\u0131z\u0131 \u00e7izgilerimizi de ABD&#39;nin eline b\u0131rakt\u0131. Kerk\u00fck&#39;\u00fcn demografik yap\u0131s\u0131n\u0131n de\u011fi\u015fmesi kar\u015f\u0131s\u0131nda a\u00e7\u0131klamalardan ba\u015fka hi\u00e7bir reaksiyon g\u00f6steremediler. Hatta y\u0131llarca T\u00fcrkiye&#39;nin diplomatik pasaport verdi\u011fi Barzani ve Talabani&#39;nin hakaretlerine de T\u00fcrkiye&#39;yi maruz b\u0131rakt\u0131lar. <\/p>\n<p> \u0130ran&#39;\u0131n n\u00fckleer program\u0131n\u0131 geli\u015ftirmeye ba\u015flamas\u0131 ile b\u00fct\u00fcn oklar \u0130ran&#39;\u0131n \u00fczerine \u00e7evrildi. ABD&#39;nin BOP \u00e7er\u00e7evesinde \u0130ran&#39;a bu bahane ile bask\u0131 uygulamas\u0131 kar\u015f\u0131s\u0131nda AKP H\u00fck\u00fcmeti sayesinde T\u00fcrkiye, y\u00fczlerce y\u0131ll\u0131k kom\u015fumuz \u0130ran&#39;\u0131n yan\u0131nda saf tutma yerine ABD&#39;nin ve bat\u0131l\u0131 \u00fclkelerin s\u00f6zc\u00fcs\u00fc haline getirildi. <\/p>\n<p> ABD&#39;nin B\u00fcy\u00fck Ortado\u011fu hayallerini hayata ge\u00e7irmek i\u00e7in Irak&#39;tan sonra Suriye&#39;ye uygulad\u0131\u011f\u0131 bask\u0131ya T\u00fcrkiye yine ortak oldu. D\u0131\u015fi\u015fleri Bakan\u0131 Abdullah G\u00fcl yine Suriye&#39;ye giderek ABD&#39;nin taleplerini dile getirdi. <\/p>\n<p> <strong>\u0130srail ile ili\u015fkiler ise en s\u0131cak d\u00f6nemini ya\u015fad\u0131. Filistin&#39;de ve L\u00fcbnan&#39;da ta\u015f \u00fcst\u00fcnde ta\u015f b\u0131rakmayan, \u00e7oluk \u00e7ocuk demeden \u00f6ld\u00fcren \u0130srail ile kar\u015f\u0131l\u0131kl\u0131 ziyaretler en \u00fcst d\u00fczeyde ger\u00e7ekle\u015fti. Bunun yan\u0131 s\u0131ra ABD ile ili\u015fkiler de Cumhuriyet tarihinde g\u00f6r\u00fclmeyecek kadar yak\u0131nla\u015ft\u0131. Askeri ihalelerden ba\u015flayan i\u015fbirlikleri, stratejik vizyon belgesi ad\u0131 alt\u0131nda geli\u015fti ve T\u00fcrkiye b\u00f6lgede ABD&#39;nin tam bir temsilcisi haline geldi. Bu arada B\u00fcy\u00fck Ortado\u011fu Projesi&#39;nin e\u015f ba\u015fkanl\u0131\u011f\u0131n\u0131 da y\u00fcr\u00fcten T\u00fcrkiye, bu politika ile Ortado\u011fu&#39;daki katliamlar\u0131n dolayl\u0131 da olsa orta\u011f\u0131 oldu.<\/strong> <\/p>\n<p> <strong>\u0130srail&#39;in Filistin&#39;de Gazze&#39;yi i\u015fgal etmesinin hemen ard\u0131ndan iki tane askerini bahane ederek L\u00fcbnan&#39;\u0131 bombard\u0131mana tutmas\u0131na kar\u015f\u0131 da T\u00fcrkiye kay\u0131ts\u0131z kald\u0131. Bir ay boyunca s\u00fcren katliamlar\u0131n arkas\u0131ndan D\u0131\u015fi\u015fleri Bakan\u0131 Abdullah G\u00fcl, ka\u00e7\u0131r\u0131lan askerlerin aileleri ile g\u00f6r\u00fc\u015ferek onlar\u0131n durumu hakk\u0131nda bilgi alma s\u00f6z\u00fc verdi. Bu arada Filistin&#39;de bakan ve milletvekillerinden olu\u015fan 100&#39;e yak\u0131n kalabal\u0131k bir heyetin ak\u0131beti hakk\u0131nda T\u00fcrkiye yine sessiz kald\u0131.<\/strong> <\/p>\n<p> <strong>Avrupa Birli\u011fi&#39;ne \u00fcye olmak u\u011fruna taviz \u00fcst\u00fcne taviz veren AKP H\u00fck\u00fcmeti, TBMM&#39;den sadece AB uyum paketleri ile halk\u0131n de\u011fil AB&#39;nin istedi\u011fi yasalar\u0131 \u00e7\u0131karm\u0131\u015f oldu. Bununla birlikte \u00fcyelik i\u00e7in her y\u0131l az\u0131nl\u0131k haklar\u0131 ad\u0131 alt\u0131nda yabanc\u0131lar\u0131n istilas\u0131na yol a\u00e7acak d\u00fczenlemelere de imza atan AKP H\u00fck\u00fcmeti, her y\u0131l ilerleme raporlar\u0131 ile AB ev \u00f6devlerini hayata ge\u00e7iriyor. Bu arada tarih boyunca T\u00fcrklere ve M\u00fcsl\u00fcmanlara d\u00fc\u015fman olan Ha\u00e7l\u0131 Seferleri&#39;nin a\u00e7\u0131lmas\u0131nda etkin olan Papa&#39;n\u0131n heykeli alt\u0131nda Avrupa Birli\u011fi Anayasas\u0131 imzaland\u0131.<\/strong> <\/p>\n<p> <strong>Bu arada K\u0131br\u0131s konusunda da y\u0131llard\u0131r izlenen politikalar bir \u00e7\u0131rp\u0131da \u00e7\u00f6pe at\u0131ld\u0131. Avrupa Birli\u011fi&#39;ne girmek u\u011fruna Rumlar\u0131n ve Yunanl\u0131lar&#39;\u0131n talepleri yerine getirildi. Ek Protokol resmen imzalanarak G\u00fcney K\u0131br\u0131s Rum Kesimi, K\u0131br\u0131s&#39;\u0131n tamam\u0131n\u0131 temsil eden K\u0131br\u0131s Cumhuriyeti olarak tan\u0131nm\u0131\u015f oldu.<a name=\"_ftnref1\" href=\"#_ftn1\" title=\"_ftnref1\"><strong>[1]<\/strong><\/a><\/strong> <\/p>\n<p> <strong>\u0130\u015fte b\u00f6yle bir<\/strong><strong> ortamda baz\u0131lar\u0131 su\u00e7u ve sorumlulu\u011fu hala B\u00fcy\u00fckan\u0131t Pa\u015faya y\u0131kmaya \u00e7al\u0131\u015f\u0131yor!<\/strong> <\/p>\n<p> <strong>&quot;B\u00fcy\u00fckan\u0131t Pa\u015fa Siyasete M\u00fcdahale Ediyor&quot;<\/strong> <\/p>\n<p> &quot;Milliyet muhabiri mi Genelkurmay Ba\u015fkan\u0131&#39;n\u0131 aram\u0131\u015f, yoksa Genelkurmay Ba\u015fkan\u0131 m\u0131 Milliyet&#39;i aram\u0131\u015f.. O da belli de\u011fil.. Bu ayr\u0131nt\u0131 \u00e7ok \u00f6nemli ama a\u00e7\u0131klanm\u0131yor.. Kimin kimi arad\u0131\u011f\u0131 haberde belirtilmiyor.. Gizleniyor.. <\/p>\n<p> \u00d6nce haberin verili\u015f tarz\u0131na bakal\u0131m.. Haber, Milliyet Gazetesi&#39;nde yay\u0131mland\u0131.. Genelkurmay Ba\u015fkan\u0131, DYP lideri A\u011far&#39;\u0131n PKK ile ilgili a\u00e7\u0131klamalar\u0131n\u0131 \u015fiddetle k\u0131nam\u0131\u015f.. Ancak, B\u00fcy\u00fckan\u0131t bu s\u00f6zleri; Kime, Nerede, Ne zaman s\u00f6ylemi\u015f, belli de\u011fil.. Haberde imza yok, ne t\u00fcr bir g\u00f6r\u00fc\u015fme oldu\u011funa dair en k\u00fc\u00e7\u00fck bir bilgi yok.. Sadece dikkat \u00e7ekici bir c\u00fcmle var; &quot;Orgeneral B\u00fcy\u00fckan\u0131t, A\u011far&#39;\u0131n bu s\u00f6zleri hat\u0131rlat\u0131ld\u0131\u011f\u0131nda rahats\u0131zl\u0131\u011f\u0131n\u0131 gizlemeyerek &#8216;bunu \u00e7ok talihsiz bir konu\u015fma olarak g\u00f6r\u00fcyorum&#39; dedi.&quot; <\/p>\n<p> <strong>Peki, A\u011far&#39;\u0131n s\u00f6zlerini Genelkurmay Ba\u015fkan\u0131&#39;na kim hat\u0131rlatm\u0131\u015f? Niye hat\u0131rlatm\u0131\u015f? Bir siyasi parti liderinin demecini, o \u00fclkenin genelkurmay ba\u015fkan\u0131na sormay\u0131 kim ak\u0131l etmi\u015f? Buna niye gerek duymu\u015f? Belli de\u011fil&#8230;<\/strong> <\/p>\n<p> <strong>Acayiplik de burada ba\u015fl\u0131yor. Size soruyorum; Genelkurmay Ba\u015fkan\u0131 muhalefet partisi liderinin s\u00f6zlerini k\u0131nar m\u0131? Muhalefet partisi ba\u015fkan\u0131n\u0131n s\u00f6zlerini sat\u0131r sat\u0131r ele\u015ftirir mi? Ele\u015ftirirse.. Siyasilerin deme\u00e7lerine yan\u0131t verirse.. Bunun anlam\u0131, siyaset yap\u0131yor demektir.. Daha da a\u00e7\u0131k\u00e7as\u0131, siyasete m\u00fcdahale ediyor demektir.. B\u0131rak, muhataplar\u0131 yan\u0131t versin.. Siyasete, siyaset kar\u015f\u0131 \u00e7\u0131ks\u0131n&#8230;&quot;<a name=\"_ftnref2\" href=\"#_ftn2\" title=\"_ftnref2\"><strong>[2]<\/strong><\/a><\/strong> <\/p>\n<p> <strong>Umur Talu, Genelkurmay Ba\u015fkan\u0131na sata\u015f\u0131yor;<\/strong> <\/p>\n<p> <strong>Siyaseti Ya\u015fatmak Gerekiyor&quot; <\/strong>diyor! <\/p>\n<p> Orgeneral B\u00fcy\u00fckan\u0131t, kah iktidar, kah muhalefet, hep siyaseti azarlayarak, siyasetin nas\u0131l yap\u0131laca\u011f\u0131n\u0131 belirlemekle m\u00fckellef de\u011fildir. &quot;Ter\u00f6rle m\u00fccadele eden&quot; Silahl\u0131 Kuvvetler&#39;in komutan\u0131d\u0131r; &quot;devletin g\u00fcvenlik, savunma politikas\u0131&quot; n\u0131 etkileyebilir ama, &quot;siyaset&quot;in nihai ufkunu belirleyemez. Mecburiyeti olmad\u0131\u011f\u0131 gibi, \u00f6yle bir g\u00f6revi de yoktur. Siyasetin nerede, nas\u0131l, hangi ko\u015fulda yap\u0131laca\u011f\u0131, devletin se\u00e7imden \u00e7\u0131kan parlamento ve orada olu\u015fan h\u00fck\u00fcmet ile nas\u0131l idare edilece\u011fi, &quot;demokratik, laik, sosyal bir hukuk devleti&quot; tan\u0131m\u0131 yapan Anayasa&#39;da bellidir. Aksi; Anayasa&#39;n\u0131n, kanunlar\u0131n, &quot;\u0130\u00e7 Hizmet&quot;in bile ihlalidir.<a name=\"_ftnref3\" href=\"#_ftn3\" title=\"_ftnref3\">[3]<\/a> <\/p>\n<p> <strong>Nuh G\u00f6n\u00fclta\u015f, Amerikanc\u0131 A\u011far&#39;a alk\u0131\u015f tutuyor!<\/strong> <\/p>\n<p> <strong>Genelkurmay Art\u0131k Muhalefete Bile Cevap Veriyor!<\/strong> <\/p>\n<p> Genelkurmay art\u0131k sadece iktidar partisi s\u00f6zc\u00fclerine de\u011fil muhalefet partileri s\u00f6zc\u00fclerine de cevap vermeye ba\u015flad\u0131. Peki ya Amerikan el\u00e7isi Wilson&#39;a ni\u00e7in cevap vermediler? B\u00fcy\u00fckel\u00e7i Wilson askerin laiklik ve irtica ile ilgili konu\u015fmalar\u0131 i\u00e7in &quot;kakafoni&quot; demi\u015fti. <\/p>\n<p> Yeni komuta kademesi s\u00fcrekli a\u00e7\u0131klama yap\u0131p duruyor. S\u00fcrekli a\u00e7\u0131klama yapman\u0131n riskleri vard\u0131r. Bizce Genelkurmay Ba\u015fkanl\u0131\u011f\u0131, T\u00fcrkiye&#39;yi kendinden \u00e7ok d\u00fc\u015f\u00fcnme makam\u0131d\u0131r. \u00d6yle olmal\u0131d\u0131r ve b\u00fct\u00fcn Genelkurmay Ba\u015fkanlar\u0131 b\u00f6yle davranmal\u0131d\u0131r. Genelkurmay siyasilere cevap verme i\u015fini o noktaya kadar ilerletti ki, art\u0131k sadece iktidar partisi s\u00f6zc\u00fclerine de\u011fil muhalefet partileri s\u00f6zc\u00fclerine de cevap vermeye ba\u015flad\u0131lar. Mehmet A\u011far&#39;a cevap verdiler. S\u0131rada kim var, Erkan Mumcu mu? Deniz Baykal&#39;a cevap vermeye gerek yok mu? Peki ya Amerikan el\u00e7isi Wilson&#39;a ni\u00e7in cevap vermediler? B\u00fcy\u00fckel\u00e7i Wilson askerin laiklik ve irtica ile ilgili konu\u015fmalar\u0131 i\u00e7in &quot;kakafoni&quot; demi\u015fti. O s\u00f6z \u00f6ylece havada as\u0131l\u0131 kald\u0131. Cevab\u0131n\u0131 kim verdi, kim verecek? Cevap vermek i\u00e7in uygun bir zaman m\u0131 bekleniyor, yoksa hi\u00e7 cevap verilmeyecek mi? Yoksa cevap vermemek T\u00fcrkiye&#39;nin \u00e7\u0131karlar\u0131 i\u00e7in daha m\u0131 uygun?<a name=\"_ftnref4\" href=\"#_ftn4\" title=\"_ftnref4\">[4]<\/a> <\/p>\n<p> <\/p>\n<p> <strong>Oysa 4 Ekim 2006 tarihli Zaman&#39;\u0131n \u015fu haberi, bunlar\u0131n \u00e7\u0131banlar\u0131n\u0131 de\u015fiveriyor:<\/strong> <\/p>\n<p> <strong>B\u00fcy\u00fckan\u0131t Ele\u015ftirince TESEV&#39;in Kitab\u0131 Kap\u0131\u015f\u0131l\u0131yor!?<\/strong> <\/p>\n<p> <strong>Genelkurmay Ba\u015fkan\u0131 Orgeneral Ya\u015far B\u00fcy\u00fckan\u0131t&#39;\u0131n ele\u015ftirileri, T\u00fcrkiye Ekonomik ve Sosyal Et\u00fctler Vakf\u0131&#39;n\u0131n (TESEV) &#39;Almanak T\u00fcrkiye 2005-G\u00fcvenlik Sekt\u00f6r\u00fc ve Demokratik G\u00f6zetim&#39; adl\u0131 \u00e7al\u0131\u015fmas\u0131na ilgiyi art\u0131rd\u0131. \u0131\u00dc\u00fcKitab\u0131 haz\u0131rlayan isimlerden Volkan Aytar, &quot;T\u00fcrk\u00e7esini 2 bin adet basm\u0131\u015ft\u0131k. \u0130lgiden dolay\u0131 yeniden basmay\u0131 d\u00fc\u015f\u00fcn\u00fcyoruz.&quot; dedi. B\u00fcy\u00fckan\u0131t&#39;\u0131n konu\u015fmas\u0131ndan sonra kendilerini \u00e7ok say\u0131da ki\u015finin arad\u0131\u011f\u0131na dikkat \u00e7eken Aytar, &quot;Arayanlardan bir k\u0131sm\u0131 takdirlerini iletti, bir k\u0131sm\u0131 da tehdit etti.&quot; ifadesini kulland\u0131. Aytar, kitab\u0131n tam metnine &#39;www.tesev.org.tr&#39; internet sitesinden ula\u015f\u0131labilece\u011fini kaydetti. Raporun T\u00fcrk\u00e7esi, 12 Haziran 2006&#39;da The Marmara Pera Otel&#39;de d\u00fczenlenen bas\u0131n toplant\u0131s\u0131 ile a\u00e7\u0131klanm\u0131\u015ft\u0131. D\u00f6rt ayl\u0131k bir s\u00fcre i\u00e7inde T\u00fcrkiye&#39;deki yabanc\u0131 misyon temsilcileri ve gazeteciler i\u00e7in \u0130ngilizcesi haz\u0131rlanan rapor, 22 Eyl\u00fcl 2006&#39;da da Dedeman Oteli&#39;nde tan\u0131t\u0131ld\u0131. Raporu i\u00e7eren kitap, Bilkent \u00dcniversitesi Siyaset Bilimi B\u00f6l\u00fcm\u00fc&#39;nden Prof. Dr. \u00dcmit Cizre ba\u015fkanl\u0131\u011f\u0131nda haz\u0131rland\u0131. Her y\u0131l yay\u0131mlanacak olan kitap, Cumhuriyet tarihinde g\u00fcvenlik sekt\u00f6r\u00fcne ili\u015fkin yay\u0131mlanan ilk almanak. 280 sayfadan olu\u015fan almanakta, G\u00fcvenlik Sekt\u00f6r\u00fcnde Demokratik A\u00e7\u0131l\u0131mlar Projesi, TBMM, H\u00fck\u00fcmet, Milli G\u00fcvenlik Kurulu, Asker\u00ee Yarg\u0131, T\u00fcrk Silahl\u0131 Kuvvetleri, Polis, Jandarma, \u00d6zel Harekat, Milli \u0130stihbarat Te\u015fkilat\u0131 gibi konular ele al\u0131n\u0131yor.<\/strong> <\/p>\n<p> <strong>Ru\u015fen \u00c7ak\u0131r bile demokrat kesiliyordu:<\/strong> <\/p>\n<p> <strong>Nerden \u00c7\u0131kt\u0131 Bunlar?<\/strong> <\/p>\n<p> T\u00fcrkiye bir Ramazan ay\u0131na daha &quot;irtica&quot; ve buna ba\u011fl\u0131 olarak rejim tart\u0131\u015fmalar\u0131yla girdi. Hep birlikte \u015fu sorular\u0131n cevab\u0131n\u0131 ar\u0131yoruz: <\/p>\n<p> Kara Kuvvetleri Komutan\u0131 Org. \u0130lker Ba\u015fbu\u011f&#39;un konu\u015fmas\u0131 neyin i\u015faret\u00e7isiydi? Neden g\u00fcnler \u00f6ncesinden, Cumhurba\u015fkan\u0131 Ahmet Necdet Sezer&#39;in 1 Ekim&#39;de TBMM&#39;nin a\u00e7\u0131l\u0131\u015f\u0131nda, Genelkurmay Ba\u015fkan\u0131 Org. Ya\u015far B\u00fcy\u00fckan\u0131t&#39;\u0131n 2 Ekim&#39;de; yani Ba\u015fbakan Recep Tayyip Erdo\u011fan&#39;\u0131n ABD Ba\u015fkan\u0131 George W. Bush ile g\u00f6r\u00fc\u015fece\u011fi g\u00fcnde Harp Akademileri&#39;nde yapacaklar\u0131 konu\u015fmalar\u0131 beklememiz tembihleniyor? Yeni bir 28 \u015eubat s\u00fcrecine mi giriyoruz? Veya 28 \u015eubat s\u00fcreci hi\u00e7 bitmemi\u015fti de, belli bir duraklamadan sonra yeniden ivme mi kazan\u0131yor? Yoksa b\u00fct\u00fcn bunlarla, sadece Erdo\u011fan Cumhurba\u015fkan\u0131 olma niyetinden vazge\u00e7irilmek mi isteniyor? Cevaplar ne olursa olsun \u00fclkeyi parlak g\u00fcnler beklemiyor. \u0130\u00e7ine girmekte oldu\u011fumuz s\u00fcre\u00e7ten en az zararla \u00e7\u0131kabilmek i\u00e7in, herkes &quot;28 \u015eubat T\u00fcrkiye&#39;ye ne getirdi, T\u00fcrkiye&#39;den ne g\u00f6t\u00fcrd\u00fc?&quot; diye sormal\u0131. Ama &quot;global 28 \u015eubat&#39;\u0131n t\u00fcm insanl\u0131\u011fa hayr\u0131 ve zarar\u0131 ne oldu?&quot; sorusunu da mutlaka eklemeli.<a name=\"_ftnref5\" href=\"#_ftn5\" title=\"_ftnref5\">[5]<\/a> <\/p>\n<p> Nuh G\u00f6n\u00fclta\u015f, malum merkezleri uyarmay\u0131 da ihmal etmiyordu: <\/p>\n<p> <strong>Brifingler D\u00f6nemi Ba\u015fl\u0131yor&#8230;<\/strong> <\/p>\n<p> Yeni komuta kademesinin atanmas\u0131yla ba\u015flayan s\u00fcre\u00e7 yeni bir a\u015famaya giriyor. \u00d6n\u00fcm\u00fczdeki g\u00fcnlerde medyada saflar belli olacak. Kim demokrasinin i\u015flemesinden yana, kim demokrasiye postmodern bir m\u00fcdahaleden yana kendini belli edecek! Medyam\u0131z gerek kurumsal olarak, gerekse o medyada k\u00f6\u015fe ba\u015flar\u0131n\u0131 tutanlar saflar\u0131n\u0131 a\u00e7\u0131k a\u00e7\u0131k belli etmek zorunda kalacak. Hatta daha \u015fimdiden baz\u0131lar\u0131 sinyal vererek ne tarafa ge\u00e7ti\u011fini ya da ge\u00e7ece\u011fini ifade etmeye ba\u015flad\u0131 bile denilebilir. Ger\u00e7i Genelkurmay Ba\u015fkan\u0131 Ya\u015far B\u00fcy\u00fckan\u0131t&#39;\u0131n baz\u0131 gazetecilerle \u00e7ok yak\u0131n ili\u015fkileri var. Bu y\u00fczden \u00f6zellikle baz\u0131 gazetelerin Ankara temsilcileri daha \u015fimdiden kendilerini B\u00fcy\u00fckan\u0131t Pa\u015fa&#39;n\u0131n s\u00f6zc\u00fcs\u00fc gibi g\u00f6rmeye ba\u015flad\u0131 bile. Gardroplar\u0131ndaki apoletli elbiselerini \u00e7ok yak\u0131nda giyerler. Fakat as\u0131l medyay\u0131 bilgilendirme ad\u0131 alt\u0131ndaki uyar\u0131 brifingleri hen\u00fcz ba\u015flamad\u0131. Edindi\u011fim bilgiler bu uyar\u0131 brifinglerinin eli kula\u011f\u0131nda oldu\u011funu s\u00f6yl\u00fcyor. T\u00fcrkiye&#39;de demokrasiye m\u00fcdahalenin post modern bi\u00e7iminde medyan\u0131n \u00e7ok \u00f6nemli bir rol\u00fc oldu\u011fu iyice belirginle\u015fti. Medyas\u0131z post modern darbe yapmak m\u00fcmk\u00fcn de\u011fildir. \u00c7\u00fcnk\u00fc 28 \u015eubat&#39;tan da biliyoruz ki bu t\u00fcr m\u00fcdahaleler; yalana, abart\u0131ya, olmayan\u0131 olmu\u015f g\u00f6stermeye, biri bin ifade etmeye dayan\u0131yor ve bunu da yapabilecek en iyi ara\u00e7 medyad\u0131r. Ayr\u0131ca ortama &quot;dumanl\u0131 hava&quot; imaj\u0131 vermek de bu t\u00fcr medyaya d\u00fc\u015fen g\u00f6revlerdendir.<a name=\"_ftnref6\" href=\"#_ftn6\" title=\"_ftnref6\">[6]<\/a> <\/p>\n<p> Ve Zaman Gazetesinden Tamer Korkmaz, Mehmet A\u011far&#39;\u0131n saf\u0131nda, B\u00fcy\u00fckan\u0131t Pa\u015fa&#39;ya sava\u015f a\u00e7\u0131yordu: <\/p>\n<p> <strong>&quot;O Zat&quot;<\/strong> <\/p>\n<p> Genelkurmay Ba\u015fkan\u0131 Org. Ya\u015far B\u00fcy\u00fckan\u0131t, DYP lideri A\u011far&#39;\u0131n hesab\u0131n\u0131 kesmekte gecikmedi! &quot;Benim d\u00f6nemimde asker konu\u015famaz. Asker konu\u015fuyorsa h\u00fck\u00fcmet yok demektir.&quot; diyen Mehmet A\u011far&#39;a, &quot;O zat iktidar da olsa, biz bunlar\u0131 konu\u015furuz.&quot; \u015feklinde \u00e7\u0131k\u0131\u015farak adeta bir siyasi parti liderine d\u00f6n\u00fc\u015ft\u00fc B\u00fcy\u00fckan\u0131t&#8230; Ger\u00e7ekten de, askerlerin konu\u015ftu\u011fu yerde h\u00fck\u00fcmet de yoktur, siyaset\u00e7i de, siyaset kurumu da&#8230; B\u00f6yle oldu\u011funda, son \u00e7\u0131kan\u0131n elektrikleri s\u00f6nd\u00fcrd\u00fc\u011f\u00fc bir demokrasi vard\u0131r ancak!<a name=\"_ftnref7\" href=\"#_ftn7\" title=\"_ftnref7\">[7]<\/a> <\/p>\n<p> <\/p>\n<p> <strong>Ve ayn\u0131 Zaman, T\u00fcrkiye d\u00fc\u015fman\u0131 Olli Rehn&#39;in avukatl\u0131\u011f\u0131n\u0131 yap\u0131yordu:<\/strong> <\/p>\n<p> <strong>Avrupa&#39;da Ordu, Sivil Kontrol Alt\u0131ndad\u0131r<\/strong> <\/p>\n<p> AB Komisyonu&#39;nun geni\u015flemeden sorumlu \u00fcyesi Olli Rehn, Genelkurmay Ba\u015fkan\u0131 Org. Ya\u015far B\u00fcy\u00fckan\u0131t&#39;\u0131n AB&#39;ye y\u00f6nelik a\u00e7\u0131klamalar\u0131na, &quot;Avrupa demokrasilerinde ordu, sivil kontrol alt\u0131ndad\u0131r.&quot; diye cevap verdi. \u0131\u00dc\u00fcFinlandiyal\u0131 Olli Rehn, T\u00fcrkiye ile AB aras\u0131nda tam \u00fcyelik m\u00fczakerelerine ba\u015flanmas\u0131n\u0131n birinci y\u0131ld\u00f6n\u00fcm\u00fcnde Ankara&#39;da temaslarda bulundu. &quot;AB M\u00fczakere S\u00fcrecinde Avrupa Sosyal Modeli ve Sendikal Haklar&quot; ba\u015fl\u0131kl\u0131 sempozyuma kat\u0131lan Rehn, bas\u0131n\u0131n sorular\u0131n\u0131 cevapland\u0131rd\u0131. Rehn, Genelkurmay Ba\u015fkan\u0131&#39;n\u0131n a\u00e7\u0131klamalar\u0131n\u0131 hat\u0131rlatan ve &quot;T\u00fcrkiye&#39;de irtica var m\u0131?&quot; \u0131\u00dc\u00fcdiye soran gazeteciye; cevab\u0131na, &quot;ortada bir yanl\u0131\u015f anlama oldu\u011funu&quot; belirterek ba\u015flad\u0131. TSK ile diyalo\u011fa a\u00e7\u0131k olduklar\u0131 mesaj\u0131n\u0131 veren Olli Rehn, TSK&#39;n\u0131n profesyonelli\u011finden de ku\u015fku duymad\u0131\u011f\u0131n\u0131 s\u00f6yledi. Rehn, &quot;TSK&#39;ya \u00e7ok sayg\u0131m\u0131z var. Uluslararas\u0131 bar\u0131\u015f g\u00fcc\u00fc operasyonlar\u0131na destek veriyorlar. T\u00fcrkiye&#39;nin genel durumunu demokratik anlamda se\u00e7ilmi\u015f h\u00fck\u00fcmetlerle ele al\u0131yoruz. T\u00fcrkiye, ger\u00e7ekle\u015ftirdi\u011fi reformlarla gurur duyabilir. \u00d6zellikle sivil-asker ili\u015fkilerindeki reformlarla gurur duymal\u0131. Avrupa demokrasilerinde ordu, sivil kontrol alt\u0131ndad\u0131r.&quot; diye konu\u015ftu.<a name=\"_ftnref8\" href=\"#_ftn8\" title=\"_ftnref8\">[8]<\/a> <\/p>\n<p> Bu arada G\u00fclay G\u00f6kt\u00fcrk \u00f6nemli bir \u00e7eli\u015fkiye dikkat \u00e7ekiyordu: <\/p>\n<p> <strong>Dini Siyasete Alet Etmek!<\/strong> <\/p>\n<p> K\u00fcrt liderlerini ba\u015fbakanl\u0131\u011fa davet etti\u011finde nas\u0131l kar\u015f\u0131l\u0131yorsak, tarikat liderlerini davet etti\u011finde de benzer tepki verece\u011fiz. <\/p>\n<p> Din bu toplumun i\u00e7indeyse, siyaset de toplum i\u00e7in yap\u0131l\u0131yorsa, din elbette siyasetin i\u00e7inde olacak. Dinin siyasetin i\u00e7inde olmas\u0131, ille de dinin kurallar\u0131n\u0131n topluma dayat\u0131lmas\u0131 anlam\u0131 ta\u015f\u0131maz. Laik bir \u00fclkede kar\u015f\u0131 olunmas\u0131 gereken \u015fey, \u00fclke y\u00f6netiminde din kurallar\u0131n\u0131n esas al\u0131nmas\u0131 ya da dini inan\u00e7lar temelinde ayr\u0131mc\u0131l\u0131k yap\u0131lmas\u0131, kin ve nefretin k\u00f6r\u00fcklenmesi, toplumsal bar\u0131\u015f\u0131 tehdit edici davran\u0131\u015flarda bulunulmas\u0131d\u0131r. Bunun d\u0131\u015f\u0131nda, dini duyarl\u0131l\u0131klar\u0131n da di\u011fer b\u00fct\u00fcn duyarl\u0131l\u0131klar gibi siyasete yans\u0131mas\u0131, siyasette kar\u015f\u0131l\u0131\u011f\u0131n\u0131 bulmas\u0131 do\u011fal ve normaldir. Peki &quot;laik\u00e7i&quot; kamuoyumuz neden bunu bir t\u00fcrl\u00fc do\u011fal ve normal kar\u015f\u0131layam\u0131yor? Anakronik bir korku nedeniyle&#8230; Siyaset\u00e7i, dindar kitleden gelen bir talebe cevap verdi\u011fi zaman \u015feriat geliyor diye hop oturup hop kalkmaktan kurtulup, konuyu tekil bir bi\u00e7imde ele al\u0131p, somut olarak o talebin anlam\u0131n\u0131, laikli\u011fi zedeleyip zedelemedi\u011fini, toplumun di\u011fer kesimlerinin hak ve \u00f6zg\u00fcrl\u00fckleriyle \u00e7eli\u015fip \u00e7eli\u015fmedi\u011fini g\u00f6nl\u00fcm\u00fcz ferah bir \u015fekilde tart\u0131\u015fabilece\u011fiz. Bunu yapabilsek, bir ba\u015fbakan milliyet\u00e7i T\u00fcrk ya da K\u00fcrt liderlerini ba\u015fbakanl\u0131\u011fa davet etti\u011finde nas\u0131l kar\u015f\u0131l\u0131yorsak, tarikat liderlerini davet etti\u011finde de benzer tepki verece\u011fiz. Ve o zaman bir \u015fey daha olacak: Siyasetin do\u011fal kontrol mekanizmalar\u0131 devreye girecek. S\u00fcrekli olarak bir grubun hassasiyetlerini \u00f6n plana alan iktidar di\u011fer kesimlerin tepkisini \u00e7ekecek ve oy kaybedecek. Dinsel k\u00f6kenli kimi taleplerin, di\u011fer kesimlerin hak ve \u00f6zg\u00fcrl\u00fckleriyle \u00e7eli\u015fip \u00e7eli\u015fmedi\u011fi demokratik tart\u0131\u015fma i\u00e7inde belirlenecek. E\u015fitli\u011fi ve toplumsal dengeleri bozan a\u015f\u0131r\u0131 davran\u0131\u015flar bu yolla elenecek&#8230; Bu duyarl\u0131l\u0131klara sahip \u00e7\u0131karak g\u00fc\u00e7lenmeye, bu sorunlar\u0131 \u00e7\u00f6zerek deste\u011fini artt\u0131rmaya \u00e7al\u0131\u015f\u0131r. Bunu oport\u00fcnizm olarak alg\u0131lamak, hayat\u0131nda sand\u0131k derdi olmam\u0131\u015f atanm\u0131\u015flara mahsus bir \u015feydir.<a name=\"_ftnref9\" href=\"#_ftn9\" title=\"_ftnref9\">[9]<\/a> <\/p>\n<p> <\/p>\n<p> Dr. L\u00fctf\u00fc \u00d6z\u015fahin ise, PKK koordinat\u00f6rl\u00fc\u011f\u00fc palavras\u0131 arkas\u0131nda gizlenen as\u0131l tehlikeyi; yani Kukla K\u00fcrdistan Devletini \u00f6ne \u00e7\u0131kar\u0131yordu: <\/p>\n<p> <strong>As\u0131l Tehlike PKK m\u0131, Yoksa Burnumuzun Dibindeki K\u00fcrdo-Judaik Devlet mi?<\/strong> <\/p>\n<p> \u0131\u00dc\u00fcBiraz taktik ve strateji sahibi, tarihsel ve siyasal derinli\u011fi olanlar bilirler ki, bizzat kendisi ter\u00f6r, katliam, tedhi\u015f yapan \u00f6rg\u00fctler daha \u00e7ok bir ma\u015fa ve enstr\u00fcman g\u00f6revi yaparlar. Hakikatte bu \u00f6rg\u00fctlerin arkas\u0131nda kendilerini besleyen, e\u011fiten, silah ve lojistik destek sa\u011flayan b\u00fcy\u00fck g\u00fc\u00e7ler yani global d\u00fczeyde d\u00fcnyaya y\u00f6n vermek isteyen emperyal g\u00fc\u00e7ler vard\u0131r. Bu ba\u011flamda PKK sadece ve sadece bir ma\u015fad\u0131r. \u00c7\u00fcnk\u00fc PKK&#39;n\u0131n sahip oldu\u011fu Marksist ve Leninist yap\u0131s\u0131yla, yapt\u0131\u011f\u0131 eylem ve s\u00f6ylemlerle K\u00fcrt halk\u0131n\u0131n tarihsel, dini, k\u00fclt\u00fcrel ve sosyal yap\u0131s\u0131 ile b\u00fct\u00fcnle\u015fecek bir paradigmas\u0131 olmad\u0131\u011f\u0131 gibi zaten amac\u0131 da son tahlilde K\u00fcrt halk\u0131n\u0131n sa\u011fl\u0131k ve selameti de\u011fildir. Zira kendi milletinin masum bebeklerini ac\u0131mas\u0131zca katleden bir \u00f6rg\u00fct\u00fcn esas amac\u0131n\u0131n; T\u00fcrkiye&#39;nin her b\u00f6lgesinde oldu\u011fu gibi fakirlik, yoksulluk ve \u00fcmitsizlik i\u00e7erisinde \u00e7\u0131rp\u0131nan b\u00f6lge halk\u0131n\u0131n umudu oldu\u011funu s\u00f6ylemek aklen ve siyaseten muhaldir. <\/p>\n<p> PKK i\u015flevi daha \u00e7ok uzun bir tarihsel s\u00fcre\u00e7 i\u00e7erisinde olu\u015fan, resmi ideoloji ve tek partili d\u00f6nemin jakoben, dayatmac\u0131 siyaset anlay\u0131\u015f\u0131ndan kaynaklanan bir tak\u0131m yanl\u0131\u015f uygulamalar\u0131 da malzeme yaparak ayr\u0131l\u0131k\u00e7\u0131 ve \u015fiddet yanl\u0131s\u0131 bir s\u00f6ylemle ABD, \u0130srail ve onlar\u0131n ma\u015falar\u0131 durumunda olan Talabani ve Barzani ikilisinin menfaatlerini korumakt\u0131r. Zira tarih boyunca Halep\u00e7e dahil hi\u00e7bir K\u00fcrt katliam\u0131na ve M\u00fcsl\u00fcman K\u00fcrt annelerinin feryad\u0131na ses \u00e7\u0131karmayan Bat\u0131&#39;n\u0131n ve hakeza ABD ve \u0130srail&#39;in bazen resmi, bazen yar\u0131 resmi, bazen de el alt\u0131ndan PKK&#39;ya demokrasi, \u00f6zg\u00fcrl\u00fck ve insan haklar\u0131 ba\u011flam\u0131nda sahip \u00e7\u0131kmalar\u0131, hatta AB&#39;nin yolunun Diyarbak\u0131r&#39;dan ge\u00e7ti\u011fini deklare etmeleri bu yarg\u0131m\u0131z\u0131n en b\u00fcy\u00fck delilidir. Ayr\u0131ca Abdullah \u00d6calan&#39;\u0131n Papa II. Jean Paul&#39;e yazd\u0131\u011f\u0131 mektupta kendisinin, Papa&#39;n\u0131n inanc\u0131na ve misyonuna yak\u0131nl\u0131k hissetti\u011fini s\u00f6ylemesi ve Vatikan&#39;\u0131nda baz\u0131 durumlarda Med TV&#39;ye yard\u0131m eli uzatmas\u0131, b\u00f6l\u00fcc\u00fc K\u00fcrtlerin hamisi rol\u00fcne soyunmas\u0131, olay\u0131n vahametini ve T\u00fcrkiye&#39;nin ku\u015fat\u0131lm\u0131\u015fl\u0131\u011f\u0131n\u0131 b\u00fct\u00fcn boyutlar\u0131 ile g\u00f6zler \u00f6n\u00fcne sermektedir. <\/p>\n<p> Kan\u0131mca T\u00fcrkiye&#39;de kamuoyu yanl\u0131\u015f bilgilendirilmekte, y\u00f6nlendirilmektedir. Zira esas tehlikeli olan PKK de\u011fil, Bat\u0131 ajanslar\u0131n\u0131n da a\u00e7\u0131k\u00e7a yay\u0131nlad\u0131\u011f\u0131 gibi pe\u015fmergeleri e\u011fiten, silah ve lojistik destek veren ABD ve \u0130srail&#39;in g\u00fcd\u00fcm\u00fcndeki, Barzani ve Talabani&#39;nin kurduklar\u0131 K\u00fcrdo Judea devletidir. PKK; hakikatte Bat\u0131, ABD, \u0130srail, Vatikan ve Ermenistan gibi \u00fclkelerin ellerinde oyuncak olan, onlar\u0131n al\u00ee \u00e7\u0131karlar\u0131 i\u00e7in vatan\u0131m\u0131zda ac\u0131mas\u0131zca eylem yapan, hedef sapt\u0131ran, T\u00fcrkiye kar\u015f\u0131s\u0131nda masaya koz olarak s\u00fcr\u00fclen ve buzda\u011f\u0131n\u0131n g\u00f6r\u00fcnen k\u0131sm\u0131ndan ba\u015fka bir \u015fey de\u011fildir. <\/p>\n<p> \u015eimdi \u0130srail&#39;de bir tak\u0131m siyasilerin tarihsel ve bilimsel ger\u00e7eklerin aksine K\u00fcrt milleti bizim kay\u0131p kabilemizdir, biz ayn\u0131 soydan ve semitik gelenekten geliyoruz demeleri ve M\u00fcsl\u00fcman K\u00fcrt isimlerini kullanan Kripto Yahudiler yoluyla Harran Ovas\u0131ndan toprak sat\u0131n almalar\u0131 bo\u015funa de\u011fildir. <\/p>\n<p> <strong>Ger\u00e7ek \u015fu ki; ilerleyen zaman diliminde, ABD ve \u0130srail&#39;in uygun g\u00f6rd\u00fc\u011f\u00fc reel politik ko\u015fullarda, PKK ad olarak ortadan kald\u0131r\u0131lsa, hatta g\u00f6stermelik olarak baz\u0131 liderleri T\u00fcrkiye&#39;ye iade edilse bile -ki bu yak\u0131n bir gelecekte olabilir- PKK&#39;n\u0131n, ABD ve \u0130srail&#39;in sultas\u0131nda g\u00fcd\u00fcml\u00fc olan ve ileride \u00e7ok b\u00fcy\u00fck sorunlar ya\u015fayaca\u011f\u0131m\u0131z Barzani ve Talabani&#39;nin kurdu\u011fu K\u00fcrdo-Judaik devletin vurucu lejyonlar\u0131 haline d\u00f6n\u00fc\u015fmesi muhtemeldir. \u00d6yle ki, g\u00fcn\u00fcm\u00fczde T\u00fcrkiye&#39;nin g\u00fcneyinde defakto bir K\u00fcrt devleti kuruldu ise ve bu b\u00f6lge k\u00fclt\u00fcrel ve ekonomik olarak cazibe merkezi haline getiriliyorsa bu devletin Kuzey&#39;inin nerede oldu\u011fu kendili\u011finden g\u00fcndeme gelecektir. Zira Pentagon salonlar\u0131nda dola\u015fan siyasi haritalarda bu devletin s\u0131n\u0131rlar\u0131 Hakkari, Van \u00fczerinden Kars&#39;a kadar uzanmaktad\u0131r. Ayr\u0131ca Ermenistan&#39;\u0131n hayallerini de bu i\u015fin i\u00e7ine katacak olursak meselenin vehameti daha da iyi anla\u015f\u0131lm\u0131\u015f olur.<\/strong> <\/p>\n<p> <strong>Halbuki T\u00fcrkiye i\u00e7in esas sorun ve tehlike PKK de\u011fil, burnumuzun dibinde kurulan, Bat\u0131&#39;n\u0131n ve Mesihi B\u00fcy\u00fck \u0130srail devletinin ileri karakolu durumunda olan K\u00fcrdo-Judaik devlettir. \u00c7\u00fcnk\u00fc kurulan bu kukla devlet bir g\u00fcn Uluslararas\u0131 platformda ve BM&#39;de ba\u011f\u0131ms\u0131zl\u0131\u011f\u0131n\u0131 onaylatt\u0131\u011f\u0131 zaman PKK bu K\u00fcrdo-Judaik devletin me\u015fru, resmi ordusu haline d\u00f6n\u00fc\u015ferek siyasalla\u015facak ve T\u00fcrkiye&#39;den toprak talebinin yan\u0131 s\u0131ra Diyarbak\u0131r gibi K\u00fcrt orijinli vatanda\u015flar\u0131m\u0131z\u0131n yo\u011fun oldu\u011fu b\u00f6lgelerde ve illerde, G\u00fcney&#39;de kurulan devlete iltihak i\u00e7in referandum iste\u011finde bulunacakt\u0131r. Yani PKK ger\u00e7e\u011finin arkas\u0131nda gizlenmeye \u00e7al\u0131\u015f\u0131lan en \u00f6nemli hedef budur.<a name=\"_ftnref10\" href=\"#_ftn10\" title=\"_ftnref10\"><strong>[10]<\/strong><\/a><\/strong> <\/p>\n<p> <strong>Ergun Babahan, ordunun n\u00fcfuz m\u00fccadelesi yapt\u0131\u011f\u0131n\u0131 s\u00f6ylemekten sak\u0131nm\u0131yor:<\/strong> <\/p>\n<p> <strong>Asker, Siyaset, AB ve Amerika<\/strong> <\/p>\n<p> <strong>Genelkurmay<\/strong> <strong>Ba\u015fkan\u0131<\/strong> <strong>B\u00fcy\u00fckan\u0131t<\/strong> <strong>ve<\/strong> <strong>komutanlar\u0131n<\/strong> <strong>t\u00fcm<\/strong> <strong>a\u00e7\u0131klamalar\u0131<\/strong> <strong>da<\/strong> <strong>siyasi<\/strong> <strong>niteliktedir.<\/strong> <\/p>\n<p> \u00d6nce B\u00fcy\u00fckan\u0131t&#39;\u0131n sorusuna bakal\u0131m. &quot;\u00dcst d\u00fczeyde laikli\u011fi yeniden tan\u0131mlamak isteyenler var. Her f\u0131rsatta T\u00fcrk Silahl\u0131 Kuvvetleri&#39;ne sald\u0131r\u0131 var. \u0130nsan\u0131m\u0131z\u0131 \u00e7a\u011fd\u0131\u015f\u0131 g\u00f6r\u00fcn\u00fcme sokmak isteyenler var. Atat\u00fcrk\u00e7\u00fcl\u00fc\u011f\u00fc sorgulayanlar var&quot; diyor ve soruyor; &quot;Bunlar yok mu?&quot; <\/p>\n<p> Ard\u0131ndan cevab\u0131 kendisi veriyor, &quot;\u00d6yleyse irtica tehdidi vard\u0131r.&quot; <\/p>\n<p> Oysa ayn\u0131 ger\u00e7eklik d\u00fcnyan\u0131n bir\u00e7ok \u00fclkesinde var. Demokrasinin \u00f6n ko\u015fulu bu. Sorgulamak, rahats\u0131z olmak, devletin kurucular\u0131n\u0131n koydu\u011fu s\u0131n\u0131rlar i\u00e7inde kendi do\u011frular\u0131n\u0131 uygulamaya \u00e7al\u0131\u015fmak. <\/p>\n<p> \u00d6yle olmasa, \u0130srail Meclisi kendi ordusunu yerden yere vurabilir miydi? Amerika&#39;da insanlar kurucular\u0131n felsefesini sorgulayabilir miydi? <\/p>\n<p> D\u00fc\u015f\u00fcnce ve ifade \u00f6zg\u00fcrl\u00fc\u011f\u00fc, demokrasinin olmazsa olmaz ko\u015fuludur ve her kurum bundan pay\u0131n\u0131 al\u0131r. <\/p>\n<p> <strong>Burada<\/strong> <strong>aslolan<\/strong> <strong>AB<\/strong> <strong>s\u00fcrecinde<\/strong> <strong>ordunun<\/strong> <strong>bu<\/strong> <strong>kilit<\/strong> <strong>rol\u00fcn\u00fcn<\/strong> <strong>zedelenmesi<\/strong> <strong>olas\u0131l\u0131\u011f\u0131n\u0131n<\/strong> <strong>verdi\u011fi<\/strong> <strong>rahats\u0131zl\u0131kt\u0131r.<\/strong> <\/p>\n<p> B\u00fcy\u00fckan\u0131t&#39;\u0131n konu\u015fmas\u0131n\u0131n \u00f6nemli b\u00f6l\u00fcm\u00fcn\u00fcn AB&#39;yi do\u011frudan hedeflemesinin nedeni de budur. <\/p>\n<p> Hollanda Genelkurmay Ba\u015fkan\u0131&#39;n\u0131n 2-2.5 sene \u00f6nce yapt\u0131\u011f\u0131 bir konu\u015fmay\u0131 g\u00fcndeme getiren B\u00fcy\u00fckan\u0131t&#39;\u0131n neden NATO toplant\u0131s\u0131nda ortaya \u00e7\u0131kan ve T\u00fcrkiye&#39;yi K\u00fcrdistan ve Ermenistan olarak par\u00e7alara ay\u0131ran Amerikan haritas\u0131n\u0131 sorgulamad\u0131\u011f\u0131 sorusunun cevab\u0131 da buradad\u0131r. <\/p>\n<p> T\u00fcrkiye&#39;nin stratejik ortak dedi\u011fi, NATO&#39;da m\u00fcttefiki oldu\u011fu Amerika&#39;n\u0131n b\u00f6lgeye ili\u015fkin farkl\u0131 politikalar\u0131 oldu\u011fu bir ger\u00e7ek. <\/p>\n<p> Ancak ne me\u015fruiyetini Washington&#39;da arayan h\u00fck\u00fcmet, ne de Cheney ile g\u00f6r\u00fc\u015fmeye haz\u0131rlanan Genelkurmay Ba\u015fkan\u0131 bu politikalar\u0131 sorguluyor. <\/p>\n<p> \u00c7\u00fcnk\u00fc as\u0131l kavga T\u00fcrkiye i\u00e7indeki g\u00fc\u00e7 da\u011f\u0131l\u0131m\u0131 kavgas\u0131. <\/p>\n<p> AB bu kavgada \u015famar o\u011flan\u0131.<a name=\"_ftnref11\" href=\"#_ftn11\" title=\"_ftnref11\">[11]<\/a> <\/p>\n<p> <\/p>\n<p> Ve h\u0131z\u0131n\u0131 alamayarak; askerin, halk\u0131m\u0131z\u0131n inanc\u0131yla sava\u015ft\u0131\u011f\u0131n\u0131 s\u00f6yl\u00fcyor: <\/p>\n<p> <strong>Demokrasi ve Asker<\/strong> <\/p>\n<p> Y\u00fczde 99&#39;unun M\u00fcsl\u00fcman oldu\u011fu vurgulanan bir co\u011frafyaday\u0131z. Halk\u0131n inanc\u0131yla kavga ederek, bask\u0131 alt\u0131na alarak bir yere var\u0131lam\u0131yor. Var\u0131lsa, Rusya&#39;n\u0131n \u015fimdi dinsiz olmas\u0131 gerekirdi. Demokratik anayasas\u0131na ra\u011fmen bundan sonra ordunun bir kurum olarak i\u00e7 siyasetteki rol\u00fcn\u00fcn artt\u0131\u011f\u0131na tan\u0131k olduk. 1971 muht\u0131ras\u0131 ve fa\u015fist rejimi, bu rol\u00fc iyice a\u011f\u0131rla\u015ft\u0131rd\u0131, ard\u0131ndan 12 Eyl\u00fcl darbesiyle asker, sistem i\u00e7indeki rol\u00fcn\u00fc iyice peki\u015ftirdi. 28 \u015eubat bu rol\u00fcn tam olarak a\u00e7\u0131\u011fa \u00e7\u0131kt\u0131\u011f\u0131 d\u00f6nem oldu. <\/p>\n<p> Diyece\u011fim, 80 k\u00fcsur y\u0131ll\u0131k cumhuriyetin \u00f6nemli bir d\u00f6nemi sivil iktidarlar\u0131n K\u00fcrt meselesi, dinle ili\u015fkiler, din e\u011fitimi gibi kritik konularda a\u011f\u0131rl\u0131\u011f\u0131n\u0131 ve tavr\u0131n\u0131 koyamad\u0131\u011f\u0131 bir d\u00f6nem oldu&#8230; T\u00fcrkiye bug\u00fcn dinle ili\u015fkiler ve K\u00fcrt sorununda s\u0131k\u0131nt\u0131 ya\u015f\u0131yorsa, bunda sivil iktidarlar\u0131n g\u00fcnah\u0131 silahl\u0131 b\u00fcrokrasiye g\u00f6re daha azd\u0131r. Demokratik d\u00f6nemi karanl\u0131klar \u00e7a\u011f\u0131 olarak niteleyenler bu ger\u00e7e\u011fi s\u00fcrekli g\u00f6rmezden geliyor. Onlar\u0131n hayalindeki y\u00f6netim, Sezer&#39;in cumhurba\u015fkan\u0131, CHP&#39;nin iktidar, ordunun strateji \u00e7izici oldu\u011fu bir model. Ama ya\u015fam\u0131n ger\u00e7ekleri b\u00f6yle de\u011fil. <\/p>\n<p> Demokrasiyi sorun olarak g\u00f6r\u00fcp devreden \u00e7\u0131karmak isterseniz bu sorunlar kar topu gibi b\u00fcy\u00fcyerek \u00f6n\u00fcm\u00fczdeki d\u00f6nemde birlik ve beraberli\u011finizi ciddi bi\u00e7imde tehdit edecek \u015fekilde kar\u015f\u0131n\u0131za \u00e7\u0131kacakt\u0131r. D\u00fcnya tarihi, sorunlar\u0131n bask\u0131 y\u00f6ntemleriyle \u00e7\u00f6z\u00fclemedi\u011fini, bask\u0131 ve \u015fiddetin sadece sorunlar\u0131 \u00f6telemeye yarad\u0131\u011f\u0131n\u0131n \u00f6rnekleriyle dolu. Her f\u0131rsatta demokrasiyi karalay\u0131p b\u00fcrokrasiyi ya\u011flayarak bir yere varamazs\u0131n\u0131z.<a name=\"_ftnref12\" href=\"#_ftn12\" title=\"_ftnref12\">[12]<\/a> <\/p>\n<p> <strong>\u015eakir S\u00fcter bile konuyu \u00e7arp\u0131t\u0131yor:<\/strong> <\/p>\n<p> <strong>Bu Ne Bu?<\/strong> <\/p>\n<p> Darbe&#39;yi &#8216;Devrim&#39; diye takdim etmek gibi bir sapt\u0131rmaya tevess\u00fcl edilemez, edilmemeli, edilip de komik duruma d\u00fc\u015f\u00fclmemeli; tek kelimeyle insaf! <\/p>\n<p> &#8216;Muht\u0131ra&#39; desek, ba\u015fbakan \u00e7ok \u00fcz\u00fcl\u00fcyor, s\u00f6zc\u00fcs\u00fc k\u00fcfrediyor; o halde demeyelim. &#8216;Post modern darbe&#39; deseniz, denendi. Al\u0131nan sonucun &#8216;\u00f6rnek&#39; olu\u015fturamayaca\u011f\u0131 g\u00f6r\u00fcld\u00fc; san\u0131r\u0131z bir kez daha denenmeye \u00e7al\u0131\u015f\u0131lmaz. Tek kelimeyle izah edemiyoruz, hakk\u0131n\u0131 verelim: <\/p>\n<p> <strong>&#8211; Ayn\u0131 e\u015fekten ayn\u0131 yolda, iki kez d\u00fc\u015f\u00fclmez! E\u015fe\u011fe de, semere de, d\u00fc\u015fene de, d\u00fc\u015f\u00fcrene de yuh!<\/strong> <\/p>\n<p> <strong>Kara Kuvvetleri Komutan\u0131 \u00e7\u0131k\u0131p sert bir \u00fcslupla esti, g\u00fcrledi. Hava Kuvvetleri Komutan\u0131, ayn\u0131 doz ve mealde bir konu\u015fma yapt\u0131. Ard\u0131ndan Deniz Kuvvetleri Komutan\u0131&#39;n\u0131n, di\u011fer iki komutan\u0131nkine \u00e7ok benzeyen s\u00f6zlerini i\u015fittik. Cumhurba\u015fkan\u0131 Sezer&#39;in de Meclis&#39;te yapt\u0131\u011f\u0131 konu\u015fmas\u0131nda, pa\u015falarla ayn\u0131 do\u011frultuda hatta &#8216;bir-iki ad\u0131m daha da \u00f6tede&#39; s\u00f6zler s\u00f6ylemesi dikatleri \u00e7ekti. Pa\u015falar&#39;\u0131n s\u0131raya girip pe\u015fpe\u015fe, &#8216;adresi&#39; herkes\u00e7e malum hedefe &#8216;nokta bombard\u0131man&#39; yapmas\u0131, normal midir? &#8216;Normaldir&#39; derseniz, \u00fc\u00e7 bu\u00e7uk kelimelik soru hakk\u0131m\u0131z do\u011far:<\/strong> <\/p>\n<div> &#8211; Millet \u00e7ok mu aptal?!<a name=\"_ftnref13\" href=\"#_ftn13\" title=\"_ftnref13\">[13]<\/a> <\/div>\n<p> <strong>Sezer&#39;in \u00d6ng\u00f6r\u00fcs\u00fc&#8230;<\/strong> <\/p>\n<p> Sezer, Baykal&#39;\u0131n, &quot;Erdo\u011fan Cumhurba\u015fkan\u0131 olsun, ben ona muhalefet yaparak, \u00fczerinden se\u00e7im kazan\u0131r\u0131m&quot; takti\u011finin yanl\u0131\u015f oldu\u011funu s\u00f6yledi. <\/p>\n<p> Cumhurba\u015fkan\u0131 Sezer, \u00f6nceki g\u00fcn K\u00f6\u015fk&#39;te Ba\u011f\u0131ms\u0131z Cumhuriyet Partisi Genel Ba\u015fkan\u0131 Prof. M\u00fcmtaz Soysal ile parti y\u00f6netimini kabul etti. Prof. M\u00fcmtaz Soysal&#39;a, d\u00fcnk\u00fc sohbetimizde Sezer ile yar\u0131m saat s\u00fcren g\u00f6r\u00fc\u015fmesini sordum&#8230; Soysal durum tespitinde bulundu: &quot;Erdo\u011fan&#39;\u0131n hedefi Cumhurba\u015fkanl\u0131\u011f\u0131&#8230; K\u00f6\u015fk&#39;e \u00e7\u0131kt\u0131ktan sonra, genel se\u00e7ime kadar \u00e7ok \u015fey yapabilir. K\u00f6\u015fk&#39;e \u00e7\u0131kt\u0131ktan hemen sonra, Anayasa de\u011fi\u015fikli\u011fi ile genel se\u00e7imi, ba\u015fkanl\u0131k sistemine ge\u00e7i\u015f oylamas\u0131na d\u00f6n\u00fc\u015ft\u00fcrebilir&#8230;&quot; <\/p>\n<p> Sezer, Prof. Soysal&#39;\u0131n g\u00f6r\u00fc\u015flerine onay verdi. Hatta bununla yetinmeyip, AKP&#39;nin rejime d\u00f6n\u00fck uygulamalar\u0131n\u0131 &quot;k\u00f6t\u00fc gidiyorlar&quot; diye ele\u015ftirdi&#8230; Sezer, 9 BCP&#39;linin \u00f6n\u00fcnde, Erdo\u011fan ile ilgili \u00f6ng\u00f6r\u00fcs\u00fcn\u00fc s\u00f6ylemekte de sak\u0131nca g\u00f6rmedi: &quot;Erdo\u011fan, Cumhurba\u015fkan\u0131 olma konusunda kesin kararl\u0131&#8230;&quot; Sezer, bunu engellemek i\u00e7in CHP&#39;nin Meclis&#39;te uygulad\u0131\u011f\u0131 taktik ve siyasetini &quot;uygun bulmad\u0131\u011f\u0131n\u0131&quot; da dile getirdi. T\u00fcrk Silahl\u0131 Kuvvetleri komuta kademesinden son d\u00f6nemde gelen &quot;\u0130rticai faaliyetlerin artt\u0131\u011f\u0131na ili\u015fkin&quot; sert a\u00e7\u0131klamalara, Sezer&#39;in yakla\u015f\u0131m\u0131 \u015f\u00f6yle oldu: &quot;Rejimi zorluyorlar. Tabii, birileri de rejime sahip \u00e7\u0131kacak. Tek g\u00fcvence de asker&#8230;&quot;<a name=\"_ftnref14\" href=\"#_ftn14\" title=\"_ftnref14\">[14]<\/a> <\/p>\n<p> <strong>Orhan Pamuk AKP&#39;yi kurtarabilir mi?<\/strong> <\/p>\n<p> <strong>AK Parti, Nobel \u00d6d\u00fcll\u00fc Orhan Pamuk&#39;a &#39;Hocal\u0131k&#39; Teklif Etti<\/strong> <\/p>\n<p> AK Parti&#39;nin, gen\u00e7leri siyasete haz\u0131rlamak amac\u0131yla kurdu\u011fu &quot;Siyaset Akademisi&quot;, \u015f\u00f6hretli konuklar\u0131 ile yeni d\u00f6neme kap\u0131lar\u0131n\u0131 a\u00e7\u0131yor. \u0131\u00dc\u00fcBu y\u0131lki programa \u00e7a\u011fr\u0131lacaklar listesinde Nobel \u00f6d\u00fcl\u00fc alm\u0131\u015f iki isim dikkat \u00e7ekiyor. Parti y\u00f6netimi, ders vermeleri i\u00e7in T\u00fcrkiye&#39;ye ilk Nobel&#39;i kazand\u0131ran yazar Orhan Pamuk ile, yoksullara y\u00f6nelik mikro kredi projesi ile Nobel Bar\u0131\u015f \u00d6d\u00fcl\u00fc alan Banglade\u015fli Prof. Dr. Muhammed Yunus&#39;a da teklif g\u00f6t\u00fcrd\u00fc. AK Parti&#39;nin davetli listesinde y\u00f6netmen Sinan \u00c7etin ile \u00fcnl\u00fc \u015fovmenler Y\u0131lmaz Erdo\u011fan, Beyaz\u0131t \u00d6zt\u00fcrk (Beyaz) ve Kadir \u00c7\u00f6pdemir de bulunuyor. <\/p>\n<p> AK Parti Ankara \u0130l Ba\u015fkanl\u0131\u011f\u0131&#39;n\u0131n organizasyonu olan Siyaset Akademisi, 6. d\u00f6nem derslerine 8 Kas\u0131m&#39;da ba\u015flayacak. \u0130lk dersi D\u0131\u015fi\u015fleri Bakan\u0131 ve Ba\u015fbakan Yard\u0131mc\u0131s\u0131 Abdullah G\u00fcl, son dersi ise Ba\u015fbakan Tayyip Erdo\u011fan verecek. Akademi, bu y\u0131l da \u00fcnl\u00fc isimleri konuk edecek. Listedeki en ilgin\u00e7 isim ise Nobel \u00f6d\u00fcll\u00fc tek T\u00fcrk yazar payesini alan Orhan Pamuk. AK Parti Ankara \u0130l Ba\u015fkan\u0131 Nurettin Akman, Zaman&#39;a yapt\u0131\u011f\u0131 a\u00e7\u0131klamada Pamuk&#39;un programa kat\u0131l\u0131p kat\u0131lamayaca\u011f\u0131n\u0131n k\u0131sa bir s\u00fcre sonra kesinle\u015fece\u011fini kaydetti. Akman, Pamuk&#39;un yan\u0131 s\u0131ra Nobel bar\u0131\u015f \u00f6d\u00fcl\u00fc alan Banglade\u015fli bilim adam\u0131 Prof. Dr. Muhammed Yunus&#39;un da tekliflerini kabul etmelerinin kendilerini mutlu edece\u011fini s\u00f6yledi. <\/p>\n<p> <strong>Nobel \u00f6d\u00fcl\u00fc tart\u0131\u015fma konusu olan Orhan Pamuk&#39;un Ermeni ve K\u00fcrtlerle ilgili a\u00e7\u0131klamalar\u0131 kamuoyunda tepki toplam\u0131\u015ft\u0131. Cumhurba\u015fkan\u0131 Ahmet Necdet Sezer, kutlamak i\u00e7in aramad\u0131\u011f\u0131 Pamuk&#39;u 29 Ekim Cumhuriyet Bayram\u0131 resepsiyonuna da \u00e7a\u011f\u0131rmad\u0131. AK Parti \u0130l Ba\u015fkan\u0131 Akman, bu tart\u0131\u015fmalara de\u011finirken, ayk\u0131r\u0131 fikirlerin akademide tart\u0131\u015f\u0131labilece\u011fini ifade etti. Akman; &quot;Bu sene siyaset ve demokrasi ba\u015fl\u0131\u011f\u0131 ana konumuz olacak. Siyaset Akademisi&#39;nde arkada\u015flar\u0131m\u0131z\u0131 gelece\u011fe haz\u0131rlamak istiyoruz. Ayk\u0131r\u0131 fikirlerin tart\u0131\u015fmas\u0131na da a\u00e7\u0131\u011f\u0131z.&quot; diye konu\u015ftu.<\/strong> <\/p>\n<p> <strong>Siyaset Akademisi&#39;nin ba\u015fkanl\u0131\u011f\u0131n\u0131 bu d\u00f6nemde eski parti y\u00f6neticisi olan Burhan Kayat\u00fcrk \u00fcstleniyor. \u015eubat ay\u0131nda bitecek program boyunca ba\u015fbakan yard\u0131mc\u0131lar\u0131 Abd\u00fcllatif \u015eener, Mehmet Ali \u015eahin, Devlet Bakanlar\u0131 Ali Babacan ve Mehmet Ayd\u0131n, Milli E\u011fitim Bakan\u0131 H\u00fcseyin \u00c7elik ile Genel Ba\u015fkan yard\u0131mc\u0131lar\u0131 Dengir F\u0131rat, Hayati Yaz\u0131c\u0131&#39;n\u0131n yan\u0131 s\u0131ra, Grup Ba\u015fkan Vekili Salih Kapusuz da siyasi tecr\u00fcbelerini gen\u00e7lerle payla\u015facak. Akademisyenlerden Liberal D\u00fc\u015f\u00fcnce Toplulu\u011fu Ba\u015fkan\u0131 Prof. Dr. Atilla Yayla ile Prof. Dr. Naci Bostanc\u0131, eski bakan Hasan Celal G\u00fczel ile gazeteci Nazl\u0131 Il\u0131cak da Akademi&#39;nin bu y\u0131lki konuklar\u0131 aras\u0131nda yer al\u0131yor.<\/strong> <\/p>\n<p> <strong>Erdo\u011fan; Kimin Ba\u015fbakan\u0131?<\/strong> <\/p>\n<p> ERDO\u011eAN, Anayasa Mahkemesi&#39;ne kar\u015f\u0131. <\/p>\n<p> Erdo\u011fan, Yarg\u0131tay&#39;a kar\u015f\u0131. <\/p>\n<p> Erdo\u011fan, Dan\u0131\u015ftay&#39;a kar\u015f\u0131. <\/p>\n<p> Erdo\u011fan, Cumhurba\u015fkan\u0131&#39;na kar\u015f\u0131. <\/p>\n<p> Erdo\u011fan, Genelkurmay Ba\u015fkan\u0131&#39;na kar\u015f\u0131. <\/p>\n<p> Erdo\u011fan, Y\u00d6K&#39;e kar\u015f\u0131. <\/p>\n<p> Erdo\u011fan, b\u00fcrokrasiye kar\u015f\u0131. <\/p>\n<p> Erdo\u011fan, halk\u0131n y\u00fczde 75&#39;ine kar\u015f\u0131. <\/p>\n<p> Erdo\u011fan&#39;\u0131n kar\u015f\u0131 olmad\u0131\u011f\u0131 veya Erdo\u011fan&#39;a kar\u015f\u0131 olmayan ba\u015fka hangi kurum var? <\/p>\n<p> Erdo\u011fan bir t\u00fcrl\u00fc 70 milyonun ba\u015fbakan\u0131 olamad\u0131&#8230; Olam\u0131yor&#8230; <\/p>\n<p> T\u00dcRK\u0130YE, ekonomi &quot;iyi gidiyor&quot; diye diye krize girdi. <\/p>\n<p> Dolar bir anda nerelere f\u0131rlad\u0131! 1.50 YTL&#39;yi ge\u00e7ti. <\/p>\n<p> Derken T\u00fcrkiye Cumhuriyeti AKP iktidar\u0131nda laik, anti-laik kavgas\u0131n\u0131n e\u015fi\u011fine geldi.  <\/p>\n<p> Kimin yanl\u0131\u015f tutumu y\u00fcz\u00fcnden? <\/p>\n<p> AKP ve Tayyip Erdo\u011fan&#39;\u0131n yanl\u0131\u015f tutumu y\u00fcz\u00fcnden. Evet, tekrar edelim; Erdo\u011fan&#39;\u0131n yanl\u0131\u015f tutumu y\u00fcz\u00fcnden. <\/p>\n<p> Bu yanl\u0131\u015f tutum devam edemez. Etmemeli. B\u00f6yle gitmez, gitmemeli. Ba\u015fbakan Erdo\u011fan tutumunu de\u011fi\u015ftirmeli. <\/p>\n<p> ERDO\u011eAN se\u00e7menin y\u00fczde 25&#39;inin oyunu alarak tek ba\u015f\u0131na iktidar oldu ya, her istedi\u011fini yapabilir zannetti. Peki y\u00fczde 75 ne oldu, onlar\u0131 Erdo\u011fan&#39;\u0131n yok saymas\u0131 m\u00fcmk\u00fcn m\u00fc? M\u00fcmk\u00fcn olmad\u0131\u011f\u0131n\u0131 son g\u00fcnlerdeki ac\u0131 olaylar g\u00f6sterdi.<a name=\"_ftnref15\" href=\"#_ftn15\" title=\"_ftnref15\">[15]<\/a> <\/p>\n<p> <strong>ABD Bile Tayyip \u0130kilemi Ya\u015f\u0131yor!<\/strong> <\/p>\n<p> <strong>&quot;S\u00fcp\u00fcrsek mi, Kullansak m\u0131?&quot;<\/strong> <\/p>\n<p> 1 Mart 2003 y\u0131l\u0131ndaki tezkerenin reddedilmesiyle bozulan Tayyip Erdo\u011fan-ABD ili\u015fkilerinde yeni bir e\u015fi\u011fe gelindi. Edinilen bilgiler; ABD&#39;nin, Ba\u015fbakan Tayyip Erdo\u011fan konusunda karar a\u015famas\u0131nda oldu\u011funu ortaya koydu. <\/p>\n<p> Bir s\u00fcre \u00f6nce Erdo\u011fan&#39;\u0131n beyin tak\u0131m\u0131ndan C\u00fcneyt Zapsu&#39;nun ABD ziyaretinde dile getirdi\u011fi gibi; ABD Erdo\u011fan&#39;\u0131 <strong>&quot;Kullanacak m\u0131, deli\u011fe mi s\u00fcp\u00fcrecek?&quot;<\/strong> <\/p>\n<p> Bu konunun netle\u015fmesinden \u00f6nce ABD medyas\u0131nda da T\u00fcrkiye&#39;ye ve \u00f6zellikle Ba\u015fbakan Erdo\u011fan&#39;a ili\u015fkin ilgin\u00e7 tart\u0131\u015fmalar ba\u015flad\u0131. Tayyip Erdo\u011fan&#39;la ilgili yap\u0131lan en ilgin\u00e7 yorum \u015fu oldu: <\/p>\n<p> <strong>&quot;Sonras\u0131nda AKP yolsuzluk ve e\u015fe dosta \u00e7\u0131kar sa\u011flama skandallar\u0131yla sars\u0131ld\u0131&#8230; Bu arada uzun s\u00fcredir suskun olan PKK, tekrar eylemlerine ba\u015flad\u0131. Erdo\u011fan, 2003 y\u0131l\u0131nda tezkere nedeniyle bozulan ABD ile ili\u015fkileri d\u00fczeltmekte de ba\u015far\u0131s\u0131z oldu. Onun Suriye ve \u0130ran&#39;a y\u00f6nelik politikalar\u0131, NATO \u00fcyesi \u00fclkelerde bile endi\u015fe yaratt\u0131&#8230;&quot;<\/strong> <\/p>\n<p> Bu sat\u0131rlar, &quot;Ba\u015fbakan Tayyip Erdo\u011fan&#39;\u0131 baz\u0131 anla\u015fmalara zorlanmadan \u00f6nce bunun ko\u015fullar\u0131 olu\u015fturuluyor&quot; diye yorumland\u0131. Bu yorumlara ise \u015fu haberler yol a\u00e7t\u0131; <\/p>\n<p> <strong>&quot;Erdo\u011fan Merkez Bankas\u0131&#39;n\u0131n ba\u015f\u0131na faizsiz bankac\u0131l\u0131k (\u0130slami finans) sekt\u00f6r\u00fcnden birini getirmek istedi.. Durumun \u00f6n\u00fcne, laik Cumhurba\u015fkan\u0131&#39;n\u0131n m\u00fcdahalesi ile ge\u00e7ildi. Bu arada AKP&#39;li belediyeler alkol yasa\u011f\u0131 getirmeye \u00e7al\u0131\u015ft\u0131lar (\u0130stanbul&#39;da bile). H\u00fck\u00fcmet, imam hatipler ve t\u00fcrban yasa\u011f\u0131n\u0131n gev\u015fetilmesine y\u00f6nelik ad\u0131mlar att\u0131.<\/strong> <\/p>\n<p> <strong>Erdo\u011fan, her ne kadar bat\u0131 tarz\u0131 bir demokrasiden yana oldu\u011funu s\u00f6ylese de, askerler ve b\u00fcrokrasi, ba\u015f\u0131ndan beri AKP&#39;ye g\u00fcvenmiyorlar&#8230; T\u00fcrkiye<\/strong><strong> de giderek sert bir kampla\u015fman\u0131n i\u00e7ine do\u011fru s\u00fcr\u00fckleniyor&#8230;&quot;<\/strong> <\/p>\n<p> Ba\u015fkentin diplomasi koridorlar\u0131nda \u015fimdi, Tayyip Erdo\u011fan&#39;\u0131n; ABD&#39;nin, \u0130ran ve Ortado\u011fu planlar\u0131na daha da mahkum hale gelebilece\u011fi ifade ediliyor. <\/p>\n<hr \/>\n<p> <a name=\"_ftn1\" href=\"#_ftnref1\" title=\"_ftn1\">[1]<\/a> Ebubekir G\u00fcl\u00fcm &#8211; Sadettin \u0130nan &#8211; Ali Cura\/ Milli Gazete \/ 04.11.2006 <\/p>\n<p> <a name=\"_ftn2\" href=\"#_ftnref2\" title=\"_ftn2\">[2]<\/a> Mehmet Tezkan \/ Vatan \/ 16.10.2006 <\/p>\n<p> <a name=\"_ftn3\" href=\"#_ftnref3\" title=\"_ftn3\">[3]<\/a> Sabah \/ 16.10.2006 <\/p>\n<p> <a name=\"_ftn4\" href=\"#_ftnref4\" title=\"_ftn4\">[4]<\/a> Bug\u00fcn \/ 16.10.2006 <\/p>\n<p> <a name=\"_ftn5\" href=\"#_ftnref5\" title=\"_ftn5\">[5]<\/a> Vatan \/ 28.9.2006 <\/p>\n<p> <a name=\"_ftn6\" href=\"#_ftnref6\" title=\"_ftn6\">[6]<\/a> Bug\u00fcn \/ 18.10.2006 <\/p>\n<p> <a name=\"_ftn7\" href=\"#_ftnref7\" title=\"_ftn7\">[7]<\/a> Zaman \/ 18.10.2006 <\/p>\n<p> <a name=\"_ftn8\" href=\"#_ftnref8\" title=\"_ftn8\">[8]<\/a> Zaman \/04 Ekim 2006  <\/p>\n<p> <a name=\"_ftn9\" href=\"#_ftnref9\" title=\"_ftn9\">[9]<\/a> Bug\u00fcn \/ 01.11.2006 <\/p>\n<p> <a name=\"_ftn10\" href=\"#_ftnref10\" title=\"_ftn10\">[10]<\/a> Milli Gazete \/ 30.9.2006 <\/p>\n<p> <a name=\"_ftn11\" href=\"#_ftnref11\" title=\"_ftn11\">[11]<\/a> Sabah \/ 04.10.2006 <\/p>\n<p> <a name=\"_ftn12\" href=\"#_ftnref12\" title=\"_ftn12\">[12]<\/a> Sabah \/ 01.10.2006 <\/p>\n<p> <a name=\"_ftn13\" href=\"#_ftnref13\" title=\"_ftn13\">[13]<\/a> Ak\u015fam \/ 01.10.2006 <\/p>\n<p> <a name=\"_ftn14\" href=\"#_ftnref14\" title=\"_ftn14\">[14]<\/a> Sabah \/ 01.10.2006 <\/p>\n<p> <a name=\"_ftn15\" href=\"#_ftnref15\" title=\"_ftn15\">[15]<\/a> Milliyet \/ 25.05.2006 <\/p>\n","protected":false},"excerpt":{"rendered":"<p>\u00a0  <\/p>\n<p> <strong>Tayyip Bey&#39;in &quot;Veresiye&quot; Ekonomisi&#8230; SOS veriyor!<\/strong> <\/p>\n<p> T\u00fcrkiye Nisan&#39;da 5.2 milyar dolarla ayl\u0131k bazda d\u0131\u015f ticaret a\u00e7\u0131\u011f\u0131 vererek rekor k\u0131rd\u0131. Y\u0131l\u0131n ilk d\u00f6rt ayl\u0131k d\u00f6nemindeki d\u0131\u015f ticaret a\u00e7\u0131\u011f\u0131 ise 16.1 milyar dolara &#39;kadar y\u00fckseldi. \u0130lk d\u00f6rt aydaki geli\u015fme, T\u00fcrkiye&#39;nin bu y\u0131l\u0131n t\u00fcm\u00fcnde 48 milyar dolar civar\u0131nda bir d\u0131\u015f ticaret ve 30 milyar dolarl\u0131k da cari i\u015flemler a\u00e7\u0131\u011f\u0131 verebilece\u011fine i\u015faret etti.  <\/p>\n","protected":false},"author":19,"featured_media":0,"comment_status":"open","ping_status":"closed","sticky":false,"template":"","format":"standard","meta":{"footnotes":""},"categories":[65],"tags":[],"class_list":["post-846","post","type-post","status-publish","format-standard","hentry","category-ocak-2007"],"_links":{"self":[{"href":"https:\/\/www.millicozum.com\/mc\/wp-json\/wp\/v2\/posts\/846","targetHints":{"allow":["GET"]}}],"collection":[{"href":"https:\/\/www.millicozum.com\/mc\/wp-json\/wp\/v2\/posts"}],"about":[{"href":"https:\/\/www.millicozum.com\/mc\/wp-json\/wp\/v2\/types\/post"}],"author":[{"embeddable":true,"href":"https:\/\/www.millicozum.com\/mc\/wp-json\/wp\/v2\/users\/19"}],"replies":[{"embeddable":true,"href":"https:\/\/www.millicozum.com\/mc\/wp-json\/wp\/v2\/comments?post=846"}],"version-history":[{"count":0,"href":"https:\/\/www.millicozum.com\/mc\/wp-json\/wp\/v2\/posts\/846\/revisions"}],"wp:attachment":[{"href":"https:\/\/www.millicozum.com\/mc\/wp-json\/wp\/v2\/media?parent=846"}],"wp:term":[{"taxonomy":"category","embeddable":true,"href":"https:\/\/www.millicozum.com\/mc\/wp-json\/wp\/v2\/categories?post=846"},{"taxonomy":"post_tag","embeddable":true,"href":"https:\/\/www.millicozum.com\/mc\/wp-json\/wp\/v2\/tags?post=846"}],"curies":[{"name":"wp","href":"https:\/\/api.w.org\/{rel}","templated":true}]}}