{"id":92,"date":"2006-11-19T14:37:56","date_gmt":"2006-11-19T14:37:56","guid":{"rendered":"https:\/\/www.millicozum.com\/mc\/2006\/11\/19\/qstratej-esaretq-belgesve-akpn-hayset-meseles\/"},"modified":"2006-11-19T14:37:56","modified_gmt":"2006-11-19T14:37:56","slug":"stratejik-esaret-belgesi-ve-akpnin-haysiyet-meselesi","status":"publish","type":"post","link":"https:\/\/www.millicozum.com\/mc\/2006\/agustos-2006\/stratejik-esaret-belgesi-ve-akpnin-haysiyet-meselesi\/","title":{"rendered":"&#8220;STRATEJ\u0130K ESARET&#8221; BELGES\u0130 VE AKP&#8217;N\u0130N  HAYS\u0130YET MESELES\u0130"},"content":{"rendered":"<p>\u00a0  <\/p>\n<p> <strong>AKP&#39;nin ABD ile imzalad\u0131\u011f\u0131 &quot;Stratejik Vizyon&quot; Belgesi:<\/strong>  <\/p>\n<ul>\n<li><strong>a- <\/strong><strong>BOP&#39;a (B\u00fcy\u00fck \u0130srail Projesine) paravan olman\u0131n resmidir.<\/strong><\/li>\n<li><strong>b- <\/strong><strong>C\u00fcneyt Zapsu Arac\u0131l\u0131\u011f\u0131yla: &quot;Bizi kullan\u0131n!&quot; diye yalvard\u0131klar\u0131 Amerikan Siyonistlerinin: &quot;AKP&#39;yi kullanma k\u0131lavuzu&quot; yerindedir.<\/strong><\/li>\n<li><strong>c- <\/strong><strong>Siyonist ve emperyalist g\u00fc\u00e7lerin, Ortado\u011fu, Karadeniz, Kafkasya ba\u015fta olmak \u00fczere t\u00fcm \u0130slam co\u011frafyas\u0131n\u0131 ku\u015fatma giri\u015fimine ge\u00e7it vermedir.<\/strong><\/li>\n<li>d- <strong>Bu belge, Lozan&#39;\u0131 imzalamayan ve T\u00fcrkiye&#39;nin s\u0131n\u0131rlar\u0131n\u0131 tan\u0131mayan ABD&#39;nin Sevri uygulama ve \u00fclkemizi par\u00e7alama projesidir.<\/strong><\/li>\n<\/ul>\n<p>  \u00a0  <\/p>\n<p> <strong>ABD ile Statejik ve Ortak Vizyon Belgesi:<\/strong>  <\/p>\n<table border=\"0\" cellspacing=\"0\" cellpadding=\"0\" width=\"100%\">\n<tbody>\n<tr>\n<td>\n<p> \t\t\t<strong><em>Mandac\u0131l\u0131\u011f\u0131n Tescil Edilmesidir.<\/em><\/strong>  \t\t\t<\/p>\n<p> \t\t\t<strong><em>T\u00fcrkiye&#39;nin ABD ile ili\u015fkilerinde nelere dikkat etmesi ve nelere \u00f6ncelik vermesi gerekti\u011fine dair &#8216;emir&#39; niteli\u011findeki stratejik ortak vizyon belgesi T\u00fcrkiye&#39;nin y\u0131llard\u0131r s\u00fcrd\u00fcrd\u00fc\u011f\u00fc d\u0131\u015f politikas\u0131n\u0131 ba\u015ftan a\u015fa\u011f\u0131 de\u011fi\u015ftiriyor. T\u00fcrkiye tam anlam\u0131yla ABD&#39;nin boyunduru\u011fu alt\u0131na sokuluyor. Bu belge i\u00e7indeki maddeler itibariyle T\u00fcrkiye&#39;nin i\u00e7erde ve d\u0131\u015farda b\u00fct\u00fcn \u00e7\u0131karlar\u0131na y\u00f6nelik ABD&#39;ye s\u00f6z hakk\u0131 veriyor. T\u00fcrkiye&#39;yi, ABD&#39;nin b\u00fct\u00fcn \u0130sl\u00e2m \u00fclkelerini kapsayan B\u00fcy\u00fck Ortado\u011fu Projesi&#39;nin tam anlam\u0131yla uygulay\u0131c\u0131s\u0131 durumuna d\u00fc\u015f\u00fcr\u00fcyor. <\/em><\/strong> \t\t\t<\/p>\n<p> \t\t\t<strong><em>B\u00f6ylece T\u00fcrkiye, bat\u0131l\u0131 devletler taraf\u0131ndan i\u015fgal edilmek \u00fczere \u00f6n\u00fcne konulan Sevr anla\u015fmas\u0131n\u0131n bir benzerini Amerika&#39;da kabul etmi\u015f oluyor. T\u00fcrk-Amerikan ili\u015fkilerinde adeta mandac\u0131l\u0131\u011f\u0131n belgesi niteli\u011fi ta\u015f\u0131yan &#8216;Stratejik Ortak Vizyon Belgesi&#39; T\u00fcrkiye&#39;yi sorgusuzca ABD&#39;nin b\u00f6lgedeki \u00e7\u0131karlar\u0131na hizmet ettirmeye itiyor, tam bir taahh\u00fct alt\u0131na al\u0131yor. T\u00fcrkiye D\u0131\u015fi\u015fleri Bakan\u0131 Abdullah G\u00fcl ve ABD D\u0131\u015fi\u015fleri Bakan\u0131 Condoleezza Rice&#39;\u0131n Amerika&#39;da a\u00e7\u0131klad\u0131\u011f\u0131 belge, T\u00fcrkiye&#39;nin gelece\u011fini ABD&#39;nin kontrol\u00fcne b\u0131rak\u0131yor.<\/em><\/strong>  \t\t\t<\/p>\n<\/td>\n<\/tr>\n<\/tbody>\n<\/table>\n<p> <strong><em>\u00a0<\/em><\/strong>  <\/p>\n<p> &#160; <\/p>\n<p> &#160; <\/p>\n<p> &#160; <\/p>\n<p> &#160; <\/p>\n<p> &#160; <\/p>\n<p> &#160; <\/p>\n<p> &#160; <\/p>\n<p> &#160; <\/p>\n<p> &#160; <\/p>\n<p> &#160; <\/p>\n<p> <\/p>\n<p> <em>&#8211; <strong>Belge iki sayfadan olu\u015fuyor<\/strong><\/em>  <\/p>\n<p> <em>Tam ismi &quot;T\u00fcrk-Amerikan Stratejik Ortakl\u0131\u011f\u0131n\u0131 \u0130leri G\u00f6t\u00fcrmek \u0130\u00e7in Ortak Vizyon ve Yap\u0131land\u0131r\u0131lm\u0131\u015f Diyalog&quot; olan belge iki sayfadan olu\u015fuyor. &#8216;Ortak Vizyon&#39; ve &#8216;Yap\u0131land\u0131r\u0131lm\u0131\u015f Diyalog&#39; olarak iki k\u0131sma ayr\u0131lan belgenin birinci k\u0131sm\u0131nda T\u00fcrkiye&#39;nin hangi taahh\u00fctleri kabul etti\u011fi s\u0131ralan\u0131rken, ikinci k\u0131sm\u0131nda hangi y\u00f6ntemler arac\u0131l\u0131\u011f\u0131 ile taahh\u00fct edilenlerin yerine getirilece\u011fi anlat\u0131l\u0131yor. Bunun i\u00e7in olu\u015fturulan ara\u00e7lar, iki \u00fclke politikac\u0131lar\u0131ndan, diplomatlar\u0131na hatta iki \u00fclke \u00f6\u011frencileri aras\u0131ndaki ili\u015fkiye kadar iniyor. Ev \u00f6devi niteli\u011findeki belgenin her bir kelimesinin uygulanmas\u0131 i\u00e7in T\u00fcrkiye&#39;nin i\u00e7 politikas\u0131 bile abluka alt\u0131na al\u0131n\u0131yor.<\/em>  <\/p>\n<p> <strong>&#8211; G\u00fc\u00e7l\u00fc dostluk ba\u011flar\u0131, T\u00fcrkiye&#39;yi ABD \u00fczerinden \u0130srail&#39;e ba\u011fl\u0131yor!<\/strong>  <\/p>\n<p> Belgenin giri\u015finde, T\u00fcrkiye ile ABD aras\u0131ndaki ili\u015fkilerin belirleyici unsurlar\u0131; &quot;g\u00fc\u00e7l\u00fc dostluk ili\u015fkileri, ittifak, kar\u015f\u0131l\u0131kl\u0131 g\u00fcven ve vizyon birli\u011fi&quot; gibi yald\u0131zl\u0131 laflarla tan\u0131mlan\u0131yor. B\u00f6lgesel ve k\u00fcresel hedefleri ba\u011flam\u0131nda ayn\u0131 de\u011ferler ve ideallerin payla\u015f\u0131ld\u0131\u011f\u0131n\u0131 vurgulanan belgede, bunlar bar\u0131\u015f, demokrasi, \u00f6zg\u00fcrl\u00fck ve refah\u0131n geli\u015ftirilmesi olarak nitelendirilerek, &quot;Bu nedenle, T\u00fcrkiye ve ABD, birlikte \u00e7aba harcamalar\u0131n\u0131 gerekli k\u0131lan ortak s\u0131namalar ve f\u0131rsatlarla kar\u015f\u0131 kar\u015f\u0131yad\u0131r. \u0130sti\u015fare ve i\u015fbirli\u011fine d\u00f6n\u00fck ortak g\u00fcndemimizin unsurlar\u0131n\u0131 bu s\u0131nama ve f\u0131rsatlar \u015fekillendirmektedir&quot; deniliyor!?  <\/p>\n<p> <strong>&#8211; &quot;Etkin i\u015fbirli\u011fi&quot; diye, T\u00fcrkiye&#39;ye BOP&#39;un Ta\u015feronlu\u011fu Dayat\u0131l\u0131yor:<\/strong>  <\/p>\n<p> Ortak vizyonun; etkin bir i\u015fbirli\u011fi ve yap\u0131land\u0131r\u0131lm\u0131\u015f diyalog yoluyla m\u00fc\u015fterek \u00e7abalara d\u00f6n\u00fc\u015ft\u00fcr\u00fclmesi hususunda anla\u015f\u0131ld\u0131\u011f\u0131 belirtilen metinde, &quot;T\u00fcrkiye ve ABD a\u015fa\u011f\u0131da sunulanlar dahil olmak \u00fczere, b\u00fct\u00fcn ortak ilgi alanlar\u0131nda birlikte \u00e7al\u0131\u015fmay\u0131 taahh\u00fct eder&quot; ifadesi yer al\u0131yor.  <\/p>\n<p> <strong>&#8211; &quot;Ev \u00f6devini kontrol&quot; k\u0131sm\u0131 sa\u011flama al\u0131n\u0131yor:<\/strong>  <\/p>\n<p> Metnin ikinci k\u0131sm\u0131 &quot;Yap\u0131land\u0131r\u0131lm\u0131\u015f Diyalog&quot; ba\u015fl\u0131\u011f\u0131 ile veriliyor. Bu b\u00f6l\u00fcmde olu\u015fturulan dan\u0131\u015fma kanallar\u0131 ile T\u00fcrkiye&#39;nin i\u00e7 politikas\u0131ndan medyaya, e\u011fitimden, sivil toplum kurulu\u015flar\u0131n\u0131n \u00e7al\u0131\u015fma y\u00f6ntemlerine kadar pek \u00e7ok konuda ABD&#39;nin taleplerinin yerine getirilece\u011fine s\u00f6z veriliyor.\u00a0 Belgede, tesis edilen Y\u00fcksek D\u00fczeyli Savunma Grubu, Ekonomik Ortakl\u0131k Konseyi ile Ticaret ve Yat\u0131r\u0131m \u00c7er\u00e7eve anla\u015fmas\u0131 dan\u0131\u015fma mekanizmalar\u0131na ek olarak, birbirini destekleyici nitelikte d\u00f6rt kulvar \u00f6ng\u00f6r\u00fcl\u00fcyor:  <\/p>\n<ul>\n<li>Uzman d\u00fczeyinde \u00e7al\u0131\u015fmalar: Ortak ilgi alanlar\u0131na ili\u015fkin olarak uygun g\u00f6r\u00fclecek s\u0131kl\u0131kta g\u00f6r\u00fc\u015fmeler yap\u0131lacak.<\/li>\n<li>Siyaset Planlama Dan\u0131\u015fmalar\u0131: Siyaset planlama birimleri aras\u0131nda d\u00fczenli toplant\u0131lar yap\u0131lacak, geli\u015fmeler irdelenecek, izlenecek politikalar ile kullan\u0131lacak imkanlar z\u0131mn\u0131nda uygun \u00f6nerilerde bulunulacak.<\/li>\n<li>Geni\u015f tabanl\u0131 diyalog programlar\u0131: \u0130li\u015fkilerin kapsam\u0131n\u0131 geni\u015fletmek amac\u0131yla i\u015f gruplar\u0131, medya, sivil toplum, bilim adamlar\u0131 ve m\u00fchendisler, akademisyenler, d\u00fc\u015f\u00fcnce kurulu\u015flar\u0131, e\u011fitmenler ve \u00f6\u011frenciler aras\u0131nda ikili d\u00fczeyde de\u011fi\u015fimler yap\u0131lacak. TBMM ile ABD kongresi aras\u0131nda diyalog f\u0131rsatlar\u0131 olu\u015fturulacak.<\/li>\n<li>Y\u00fcksek d\u00fczeyli g\u00f6zden ge\u00e7irme a\u015famalar\u0131: Kapsaml\u0131 ve zamanl\u0131 de\u011ferlendirmeler i\u00e7in y\u0131lda en az bir kere m\u00fcste\u015far d\u00fczeyinde g\u00f6zden ge\u00e7irme \u00e7al\u0131\u015fmalar\u0131 planlanacak.<\/li>\n<li>\n<table border=\"0\" cellspacing=\"0\" cellpadding=\"0\" width=\"100%\">\n<tbody>\n<tr>\n<td>\n<p> \t\t\t\t<strong><em>&#8211; Stratejik ortak vizyon belgesi ile madde madde taahh\u00fct alt\u0131na girdi\u011fimiz konular \u015f\u00f6yle:<\/em><\/strong>  \t\t\t\t<\/p>\n<p> \t\t\t\t<strong><em>Geni\u015f Ortado\u011fu&#39;da bar\u0131\u015f ve istikrar\u0131n demokrasi yoluyla yayg\u0131nla\u015ft\u0131r\u0131lmas\u0131 konusundaki i\u015fbirli\u011fi<\/em><\/strong>  \t\t\t\t<\/p>\n<p> \t\t\t\t<strong><em>\u0130srail-Filistin ihtilaf\u0131n\u0131n iki devletli \u00e7\u00f6z\u00fcm temelinde halli dahil, Arap \u0130srail ihtilaf\u0131n\u0131n kal\u0131c\u0131 \u00e7\u00f6z\u00fcm\u00fcne y\u00f6nelik uluslararas\u0131 \u00e7abalar\u0131n desteklenmesi<\/em><\/strong>  \t\t\t\t<\/p>\n<p> \t\t\t\t<strong><em>Birle\u015fik bir Irak&#39;ta istikrar\u0131n, demokrasinin ve refah\u0131n te\u015fvik edilmesi<\/em><\/strong>  \t\t\t\t<\/p>\n<p> \t\t\t\t<strong><em>\u0130ran&#39;\u0131n n\u00fckleer program\u0131na ili\u015fkin son P5+1 giri\u015fimi dahil diplomatik \u00e7abalar\u0131n s\u00fcrd\u00fcr\u00fclmesi<\/em><\/strong>  \t\t\t\t<\/p>\n<p> \t\t\t\t<strong><em>Karadeniz B\u00f6lgesi, Kafkaslar, Orta Asya ve Afganistan&#39;da istikrar, demokrasi ve refaha katk\u0131n\u0131n g\u00fc\u00e7lendirilmesi<\/em><\/strong>  \t\t\t\t<\/p>\n<p> \t\t\t\t<strong><em>K\u0131br\u0131s sorununa Birle\u015fmi\u015f Milletler g\u00f6zetimi alt\u0131nda adil ve kal\u0131c\u0131, kapsaml\u0131 ve kar\u015f\u0131l\u0131kl\u0131 olarak kabul edilebilecek bir \u00e7\u00f6z\u00fcm sa\u011flanmas\u0131n\u0131n desteklenmesi ve bu ba\u011flamda K\u0131br\u0131s T\u00fcrkleri&#39;nin \u00fczerindeki izolasyonun giderilmesi<\/em><\/strong>  \t\t\t\t<\/p>\n<p> \t\t\t\t<strong><em>Enerji g\u00fcvenli\u011finin, kaynak ve g\u00fczergahlar\u0131n Hazar havzas\u0131ndan olanlar\u0131 da dahil olmak \u00fczere \u00e7e\u015fitlendirilmesi suretiyle geli\u015ftirilmesi<\/em><\/strong>  \t\t\t\t<\/p>\n<p> \t\t\t\t<strong><em>Transatlantik ili\u015fkilerin g\u00fc\u00e7lendirilmesi ve NATO&#39;nun d\u00f6n\u00fc\u015f\u00fcm\u00fc projesi<\/em><\/strong>  \t\t\t\t<\/p>\n<p> \t\t\t\t<strong><em>PKK ve buna ba\u011fl\u0131 \u00f6rg\u00fctlerle m\u00fccadele dahil olmak \u00fczere ter\u00f6rizme kar\u015f\u0131 i\u015fbirli\u011fi diye, T\u00fcrkiye&#39;nin Bat\u0131&#39;n\u0131n Jandarmas\u0131 konumuna getirilmesi.<\/em><\/strong>  \t\t\t\t<\/p>\n<p> \t\t\t\t<strong><em>Kitle \u0130mha Silahlar\u0131&#39;n\u0131n yay\u0131lmas\u0131n\u0131n \u00f6nlenmesi<\/em><\/strong>  \t\t\t\t<\/p>\n<p> \t\t\t\t<strong><em>\u0130nsan ticareti, uyu\u015fturucu ve silah ka\u00e7ak\u00e7\u0131l\u0131\u011f\u0131 ile m\u00fccadele edilmesi<\/em><\/strong>  \t\t\t\t<\/p>\n<p> \t\t\t\t<strong><em>Dinler ve k\u00fclt\u00fcrler i\u00e7inde ve aras\u0131nda anlay\u0131\u015f, sayg\u0131 ve ho\u015fg\u00f6r\u00fcn\u00fcn daha ileri g\u00f6t\u00fcr\u00fclmesi.<\/em><\/strong>  \t\t\t\t<\/p>\n<p> \t\t\t\t<strong><em>Uluslararas\u0131 s\u0131namalara ve ortak endi\u015fe kayna\u011f\u0131 olan krizlere \u00e7\u00f6z\u00fcm bulunmas\u0131nda etkin \u00e7ok tarafl\u0131 \u00e7abalar\u0131n birlikte te\u015fvik edilmesi<\/em><\/strong>  \t\t\t\t<\/p>\n<p> \t\t\t\t<strong><em>ABD&#39;nin, T\u00fcrkiye&#39;nin Avrupa Birli\u011fi&#39;ne \u00fcyeli\u011fini ve s\u00fcrmekte olan \u00fcyelik s\u00fcrecini kuvvetle desteklemesi<\/em><\/strong>  \t\t\t\t<\/p>\n<p> \t\t\t\t<strong><em>Dan\u0131\u015fma ve i\u015fbirli\u011fimiz, ekonomik ve ticari ili\u015fkiler ve yat\u0131r\u0131mlar, savunma\/askeri i\u015fbirli\u011fi, bilim ve teknoloji ile kamu diplomasisi \u00e7abalar\u0131 ve de\u011fi\u015fimleri ba\u015fta olmak \u00fczere g\u00fc\u00e7lendirilmi\u015f ikili ili\u015fkileri de kapsayacakt\u0131r<\/em><\/strong><em>.(07.07.2006 \/ Milli Gazete)<\/em>  \t\t\t\t<\/p>\n<\/td>\n<\/tr>\n<\/tbody>\n<\/table>\n<\/li>\n<\/ul>\n<p> <\/p>\n<p> <strong>Stratejik Vizyon belgesi meyvesini vermeye ba\u015flad\u0131&#8230;<\/strong>  <\/p>\n<p> <strong>K\u0131br\u0131s&#39;ta ABD&#39;nin istedi\u011fi oluyor! <\/strong> <\/p>\n<p> &#160; <\/p>\n<table border=\"0\" cellspacing=\"0\" cellpadding=\"0\" width=\"100%\">\n<tbody>\n<tr>\n<td>\n<p> \t\t\t<strong><em>K\u0131br\u0131s&#39;ta Annan Plan\u0131 benzeri bir giri\u015fimi yeniden hayata ge\u00e7irmeye \u00e7al\u0131\u015f\u0131l\u0131yor. ABD&#39;nin ge\u00e7en ay i\u00e7erisinde istedi\u011fi federasyona dayal\u0131 plan y\u00fcr\u00fcrl\u00fc\u011fe giriyor. B\u00f6ylece T\u00fcrkiye Stratejik Ortak Vizyon Belgesi&#39;ndeki ABD&#39;nin emirleri yerine gelmeye ba\u015fl\u0131yor. BM Genel Sekreteri&#39;nin Siyasi \u0130\u015flerden Sorumlu Yard\u0131mc\u0131s\u0131 \u0130brahim Gambari&#39;nin, KKTC Cumhurba\u015fkan\u0131 Mehmet Ali Talat ve Rum y\u00f6netimi lideri Tasos Papadopulos&#39;un \u00fczerinde mutabakata vard\u0131klar\u0131 &quot;Kararlar&quot; ile 5 maddelik &quot;Prensipler Dizisi&quot; K\u0131br\u0131s&#39;\u0131 federasyon sistemine g\u00f6t\u00fcr\u00fcyor.\u00a0 <\/em><\/strong> \t\t\t<\/p>\n<p> \t\t\t<strong><em>Aradan ge\u00e7en iki y\u0131l sonra ilk kez bir araya gelen Papodopulos ve Talat, &quot;iki tarafl\u0131, iki toplumlu, iki b\u00f6lgeli ve siyasi e\u015fitli\u011fe dayal\u0131 bir \u00e7\u00f6z\u00fcme olan ba\u011fl\u0131l\u0131klar\u0131n\u0131 yineleyip\u00a0 ve 5 maddelik bir prensipler dizisi \u00fczerinde anla\u015ft\u0131. \u0130ki liderin mutabakata vard\u0131\u011f\u0131 kararlara g\u00f6re, Temmuz ay\u0131 sonuna kadar insanlar\u0131n g\u00fcnl\u00fck hayat\u0131n\u0131 etkileyen konularda, Teknik Komiteler \u00e7al\u0131\u015fmalar\u0131na ba\u015flayacak ve ayn\u0131 zamanda iki lider aras\u0131nda \u00f6zl\u00fc konularla ilgili listeler kar\u015f\u0131l\u0131kl\u0131 olarak de\u011fi\u015ftirilecek ve bunlar\u0131n i\u00e7erikleri iki toplumlu uzman \u00e7al\u0131\u015fma gruplar\u0131 taraf\u0131ndan incelenecek ve liderler taraf\u0131ndan sonu\u00e7land\u0131r\u0131lacak. Her iki liderin, iki toplumlu uzman \u00e7al\u0131\u015fma gruplar\u0131na y\u00f6n vermek ve Teknik Komitelerin \u00e7al\u0131\u015fmalar\u0131n\u0131 g\u00f6zden ge\u00e7irmek i\u00e7in, uygun g\u00f6r\u00fcld\u00fc\u011f\u00fc zamanlarda yeniden g\u00f6r\u00fc\u015fmesine karar veriliyor. <\/em><\/strong> \t\t\t<\/p>\n<\/td>\n<\/tr>\n<\/tbody>\n<\/table>\n<p> <strong>\u00a0<\/strong>  <\/p>\n<p> <strong>\u0130\u015fte KKTC&#39;yi yok etme kararlar\u0131:<\/strong>  <\/p>\n<p> Prensipler Dizisi&#39;nin tam metni ise \u015f\u00f6yle:  <\/p>\n<p> <strong>1- \u0130lgili G\u00fcvenlik Konseyi kararlar\u0131nda belirtilmi\u015f oldu\u011fu \u00fczere, K\u0131br\u0131s&#39;ta iki toplumlu, iki b\u00f6lgeli bir federasyona ve siyasi e\u015fitli\u011fe dayal\u0131 bir \u00e7\u00f6z\u00fcme ba\u011fl\u0131 kal\u0131nacak. <\/strong> <\/p>\n<p> <strong>2- Stat\u00fckonun kabul edilemez oldu\u011funun ve devam\u0131n\u0131n, K\u0131br\u0131sl\u0131 T\u00fcrk ve K\u0131br\u0131sl\u0131 Rumlar i\u00e7in olumsuz sonu\u00e7lar do\u011furaca\u011f\u0131n\u0131n kabul\u00fc onaylanacak. <\/strong> <\/p>\n<p> <strong>3- Kapsaml\u0131 bir \u00e7\u00f6z\u00fcm\u00fcn hem arzu edilir hem de m\u00fcmk\u00fcn oldu\u011fu ve daha fazla gecikmemesi gerekti\u011fi \u00f6nerilerine olumlu bak\u0131lacak. <\/strong> <\/p>\n<p> <strong>4- \u0130nsanlar\u0131n g\u00fcnl\u00fck ya\u015famlar\u0131n\u0131 etkileyen olaylar hakk\u0131nda iki toplumlu g\u00f6r\u00fc\u015fmelerin hemen ba\u015flat\u0131lmas\u0131, ayn\u0131 anda \u00f6zl\u00fc konular\u0131n da g\u00f6r\u00fc\u015f\u00fclmesi sa\u011flanacak. Bunlar, kapsaml\u0131 \u00e7\u00f6z\u00fcme katk\u0131da bulunacak. <\/strong> <\/p>\n<p> <strong>5- Bu s\u00fcrecin ba\u015far\u0131l\u0131 olmas\u0131 i\u00e7in &#39;do\u011fru ortam\u0131n&#39; devam etmesini sa\u011flamaya ba\u011fl\u0131l\u0131k. Bu ba\u011flamda, hem ortam\u0131n iyile\u015ftirilmesi, hem de t\u00fcm K\u0131br\u0131sl\u0131 T\u00fcrk ve K\u0131br\u0131sl\u0131 Rumlar\u0131n hayatlar\u0131n\u0131n daha iyi olmas\u0131 i\u00e7in g\u00fcven art\u0131r\u0131c\u0131 \u00f6nlemler al\u0131nacak. Yine bu ba\u011flamda, taraflar birbirini su\u00e7lamaya su\u00e7lamaktan sak\u0131nacak.<\/strong>  <\/p>\n<p> B\u00fct\u00fcn bu geli\u015fmeler ise ABD ile \u00fczerinde mutabakata var\u0131lan Stratejik Ortak Vizyon Belgesi&#39;nin bir \u00fcr\u00fcn\u00fc olarak g\u00f6r\u00fcl\u00fcyor. S\u00f6zkonusu mutabakat ile Annan Plan\u0131&#39;n\u0131n bir de\u011fi\u015fik versiyonu hayata ge\u00e7iriliyor. KKTC diye bir devlet ortadan kald\u0131r\u0131l\u0131yor. Bununla yetinilmiyor, i\u00e7 i\u015flerinden serbest d\u0131\u015f i\u015flerinde ise K\u0131br\u0131s Cumhuriyeti ad\u0131 alt\u0131nda bir devlet oluyor. Yani Rumlar&#39;\u0131n y\u00f6netimine giriliyor.  <\/p>\n<p> <strong>ABD&#39;li Fried&#39;in itiraflar\u0131:<\/strong>  <\/p>\n<p> <strong>S\u00f6z konusu federasyon plan\u0131n\u0131n; ge\u00e7en ay i\u00e7erisinde ABD taraf\u0131ndan istenmesi ise dikkat \u00e7ekici bulunuyor. ABD&#39;nin Avrupa ve Avrasya&#39;dan sorumlu D\u0131\u015fi\u015fleri Bakan Yard\u0131mc\u0131s\u0131 Daniel Fried, &#39;&#39;T\u00fcrkiye&#39;nin, AB \u00fcyelik amac\u0131n\u0131 ger\u00e7ekle\u015ftirmek i\u00e7in G\u00fcmr\u00fck Birli\u011fi anla\u015fmas\u0131n\u0131, K\u0131br\u0131s Cumhuriyeti&#39;ni de (K\u0131br\u0131s Rum Kesimi) kapsayacak \u015fekilde&#39;&#39; geni\u015fletme y\u00fck\u00fcml\u00fcl\u00fc\u011f\u00fcn\u00fc yerine getirmesi gerekti\u011fini s\u00f6ylemi\u015f, arkas\u0131ndan da, ABD&#39;nin K\u0131br\u0131s konusundaki politikas\u0131n\u0131n, &#39;&#39;adadaki iki toplumu tek bir \u00fclkede birle\u015ftirecek iki toplumlu iki b\u00f6lgeli bir federasyona dayal\u0131 \u00e7\u00f6z\u00fcm&#39;&#39; oldu\u011funu hat\u0131rlatan Fried, s\u00f6zlerini \u015f\u00f6yle tamamlam\u0131\u015ft\u0131: &#39;&#39;K\u0131br\u0131s adas\u0131nda, K\u0131br\u0131s Cumhuriyeti&#39;nden ba\u015fka herhangi bir h\u00fck\u00fcmeti tan\u0131m\u0131yoruz ve tan\u0131mayaca\u011f\u0131z. Bu konuda \u00e7ok a\u00e7\u0131\u011f\u0131z. <\/strong> <\/p>\n<p> <strong>Politikalar\u0131m\u0131z\u0131n hi\u00e7biri ba\u015fka bir siyasi varl\u0131\u011f\u0131 ad\u0131m ad\u0131m tan\u0131may\u0131 hedeflemiyor veya ima bile etmiyor. K\u0131br\u0131s tek bir \u00fclkedir. Bizim, tek bir b\u00fcy\u00fckel\u00e7imiz var ve \u00f6yle de kalacak&#39;&#39;<a name=\"_ftnref1\" href=\"#_ftn1\" title=\"_ftnref1\"><strong>[1]<\/strong><\/a> <\/strong> <\/p>\n<p> <strong>Stratejik vizyon AKP&#39;yi de kar\u0131\u015ft\u0131rd\u0131 <\/strong> <\/p>\n<p> &quot;T\u00fcrkiye&#39;nin gelece\u011fini ipotek alt\u0131na al\u0131rken, ABD&#39;nin b\u00f6lgedeki menafaatlerini g\u00fcvence alt\u0131na ald\u0131\u011f\u0131&quot; ele\u015ftirilerine neden olan T\u00fcrk-Amerikan Stratejik Ortakl\u0131k Vizyon Belgesi AKP i\u00e7inde de tepki ve endi\u015feye neden oldu. Baz\u0131 milletvekilleri T\u00fcrkiye&#39;nin gelece\u011fini taahh\u00fct alt\u0131na alan Vizyon Belgesiyle ilgili endi\u015felerini a\u00e7\u0131k\u00e7a dile getirirken, b\u00f6ylesine \u00f6nemli bir konuda Meclis&#39;in bilgilendirilmemesinden \u015fikayet etti.  <\/p>\n<p> <strong>Ers\u00f6nmez Yarbay: &quot;Meclis bilgilendirilmeli&quot; diye \u00e7\u0131k\u0131\u015ft\u0131.<\/strong>  <\/p>\n<p> AKP Ankara Milletvekili Ers\u00f6nmez Yarbay, T\u00fcrkiye&#39;nin b\u00f6lge ili\u015fkilerini b\u00f6ylesine yak\u0131ndan ilgilendiren ve taahh\u00fct alt\u0131na alan bir belgenin mutlaka Meclis&#39;e getirilmesi gerekti\u011fini s\u00f6yledi. T\u00fcrk-Amerikan Stratejik Belgesi olarak isimlendirilen i\u015fbirli\u011fi konusundaki geli\u015fme ve g\u00f6r\u00fc\u015fmeleri ancak medyadan takip edebildiklerini kaydeden Yarbay, &quot;Oysa b\u00f6ylesine hassas ve \u00f6nemli bir konuda milletvekillerinin bilgilendirilmesi gerekir. Ancak bu yap\u0131lmad\u0131. Mesela benim bu konuda gazetelerde \u00e7\u0131kan haberlerin d\u0131\u015f\u0131nda bir bilgim yok. Bir \u00e7ok arkada\u015f\u0131m\u0131z\u0131nda benden farkl\u0131 oldu\u011funu sanm\u0131yorum. Bu belgenin T\u00fcrkiye ve ABD&#39;nin yol haritas\u0131 olarak nitelendiriliyor. Bu t\u00fcr \u00fclke gelece\u011fini yak\u0131ndan ilgilendiren konularda yeterli bilgilendirmenin yap\u0131lmas\u0131 gerekir. ABD ile ilgili vizyon belgesi konusunda TBMM&#39;de bir Genel G\u00f6r\u00fc\u015fme a\u00e7\u0131larak Meclis&#39;in bilgilendirilmesi gerekir. Kanaat\u0131mca bu da yeterli de\u011fil. H\u00fck\u00fcmet Meclis&#39;in yan\u0131 s\u0131ra Siyasi partileri de bu ortakl\u0131\u011f\u0131n i\u00e7eri\u011fi konusunda ayd\u0131nlatmal\u0131&quot; diyerek endi\u015felerini dile getirdi.  <\/p>\n<p> <strong>Turhan \u00c7\u00f6mez: \u0130lk kez oluyor, dikkatli olunmal\u0131!..<\/strong>  <\/p>\n<p> AKP Bal\u0131kesir Milletvekili Turhan \u00c7\u00f6mez de T\u00fcrk-Amerikan Stratejik Ortakl\u0131k Vizyon Belgesi&#39;nin i\u00e7eri\u011findeki baz\u0131 maddelerin rahats\u0131z edici oldu\u011funu s\u00f6yledi. ABD ile T\u00fcrkiye aras\u0131ndaki ili\u015fkiye y\u00f6nelik olarak b\u00f6yle bir belge tanzim edilmesinin ilk kez ya\u015fand\u0131\u011f\u0131n\u0131 vurgulayan \u00c7\u00f6mez, belgede \u00f6zellikle enerji havzas\u0131 olarak da bilinen ve ABD&#39;nin b\u00fcy\u00fck \u00f6nem verdi\u011fi Hazar Havzas\u0131&#39;na ve Karadeniz&#39;e at\u0131flar\u0131n yap\u0131lmas\u0131n\u0131n \u00f6nemsenmesi gerekti\u011fini kaydetti. D\u0131\u015fi\u015fleri Bakan\u0131 Abdullah G\u00fcl&#39;\u00fcn hem AKP grubuna hem de Meclis&#39;e bu konuda bilgi vermesi gerekti\u011fini s\u00f6yleyen \u00c7\u00f6mez \u015fu de\u011ferlendirmeyi yapt\u0131:  <\/p>\n<p> <strong>&quot;ABD ile T\u00fcrkiye aras\u0131ndaki ili\u015fkinin gelece\u011finin, bir belge ile tanzim edilmesi, ilk kez oluyor. Bunu, 1 Mart&#39;ta tezkerenin reddine ba\u011fl\u0131yorum. Anla\u015f\u0131lan ABD \u00f6n\u00fcm\u00fczdeki d\u00f6nemde s\u00fcrpriz ya\u015famak istemiyor. \u00d6zellikle Hazar Havzas\u0131&#39;na ve Karadeniz&#39;e at\u0131flar\u0131n yap\u0131lmas\u0131n\u0131 \u00f6nemsedim. Binlerce mil \u00f6teden ter\u00f6r gerek\u00e7esiyle Irak topraklar\u0131n\u0131 i\u015fgal eden, k\u00fcresel ter\u00f6re sava\u015f a\u00e7an ABD&#39;nin bu belgede PKK&#39;n\u0131n yok edilmesi konusunu y\u00fczeysel c\u00fcmlelerle ge\u00e7i\u015ftirmesi beni rahats\u0131z etti. Belgenin meclis onay\u0131ndan ge\u00e7memi\u015f olmas\u0131, bir uluslararas\u0131 anla\u015fma niteli\u011finde olmad\u0131\u011f\u0131n\u0131 g\u00f6steriyor. Say\u0131n G\u00fcl&#39;\u00fcn konuyla ilgili parti gurubumuza ve meclise ayr\u0131nt\u0131l\u0131 bilgi verece\u011fini \u00fcmid ediyorum.&quot; <a name=\"_ftnref2\" href=\"#_ftn2\" title=\"_ftnref2\"><strong>[2]<\/strong><\/a> <\/strong> <\/p>\n<p> <strong>T\u00fcrkiye&#39;de 90 adet B61 n\u00fckleer bomba var m\u0131?<\/strong>  <\/p>\n<p> Gariplikler \u00fclkesi T\u00fcrkiye, hi\u00e7bir \u015fey d\u00fczden okunmuyor. Olaylar\u0131 ya \u00e7aprazdan, ye tersinden ya da yukar\u0131dan a\u015fa\u011f\u0131 okumak zorundas\u0131n\u0131z. Ba\u015flayal\u0131m bu gariplikleri taramaya, ters-y\u00fcz olmu\u015f ruh halleriyle;  <\/p>\n<p> \u00d6nce bir soru \u00f6nergesini y\u00fcksek ilginize sunay\u0131m; \u00f6nergenin sahibi Milletvekili Turhan \u00c7\u00d6MEZ Savunma Bakan\u0131 Vecdi G\u00f6n\u00fcl&#39;e soruyor;  <\/p>\n<p> &#39;T\u00fcrkiye, ABD&#39;nin n\u00fckleer silah (atom bombas\u0131, n\u00fckleer ba\u015fl\u0131k, vs) depolad\u0131\u011f\u0131 NATO \u00fclkelerinden biri midir? T\u00fcrkiye&#39;de ABD&#39;ye ait 90 adet B61 n\u00fckleer bomban\u0131n bulundu\u011fu bilgisi do\u011fru mudur?  <\/p>\n<p> 90 adet bomban\u0131n, Adana \u0130ncirlik \u00dcss\u00fc&#39;ne: 50 adedinin ABD F16 C\/D u\u00e7aklar\u0131 taraf\u0131ndan, 40 adedinin ise 4. Ana Jet \u00dcss\u00fc Komutanl\u0131\u011f\u0131 (Ak\u0131nc\u0131, Ankara) ve 9. Ana Jet \u00dcss\u00fc Komutanl\u0131\u011f\u0131&#39;na (Bal\u0131kesir) ait T\u00fcrk F16 u\u00e7aklar\u0131 taraf\u0131ndan nakledildi\u011fi bilgisi do\u011fru mudur?  <\/p>\n<p> Halen Bal\u0131kesir&#39;de ABD&#39;ye ait n\u00fckleer silah var m\u0131d\u0131r? \u0130ran&#39;a operasyona ad\u0131m ad\u0131m ilerler iken bu sorular\u0131n cevab\u0131 ne anlam ifade ediyor? Cevab\u0131 merakla bekliyoruz.  <\/p>\n<p> <strong>&quot;K\u00fcresel h\u00fck\u00fcmet&quot; yerli i\u015fbirlik\u00e7ilerini nas\u0131l dev\u015firiyor? <\/strong> <\/p>\n<p> <strong>Glokalle\u015fme! Yani\u00a0 Ankara&#39;dan koparak Washington, Londra ve Kud\u00fcs \u00fc\u00e7geninde \u00fcretilen yeni d\u00fcnya d\u00fczeninin par\u00e7as\u0131 oluyorsunuz. Bug\u00fcn siyasi k\u0131bleniz de\u011fi\u015fiyor, dinleraras\u0131 diyalog projesiyle de dini k\u0131bleniz de\u011fi\u015fecektir! <\/strong> <\/p>\n<p> <strong>Ankara B\u00fcy\u00fck\u015fehir Belediye Ba\u015fkan\u0131 Melih G\u00f6k\u00e7ek&#39;in ev sahipli\u011finde ve eski MOSSAD ikinci ba\u015fkan\u0131 David Kimche&#39;nin y\u00f6netti\u011fi &#39;&#39;The Glocal Forum&#39;&#39; taraf\u0131ndan d\u00fczenlenen 5. Glokalizasyon Konferans\u0131&#39;n\u0131 anlatmaya \u00e7al\u0131\u015f\u0131yorum!<\/strong>  <\/p>\n<p> Toplant\u0131ya, kat\u0131lanlar aras\u0131nda D\u00fcnya Yahudi Kongresi Politika Konseyi Ba\u015fkan\u0131 Haham \u0130srael Singer, Roma Pontifik \u00dcniversitesi \u0130lahiyat Profes\u00f6r\u00fc ve dinleraras\u0131 diyalog projesinin uygulay\u0131c\u0131lar\u0131ndan Benedetto Zacehiroli, Washington D.C. Belediye Ba\u015fkan\u0131 Anthony Williams, &quot;Gelecek Biziz Program\u0131&quot; Koordinat\u00f6r\u00fc Benedetta Alfieri, Lefko\u015fa Rum Kesimi Belediye Ba\u015fkan\u0131 Mikhaelis Zampelas, (temsilci g\u00f6nderdi) \u0130srail&#39;in Rosh Ha&#39;ayin Belediyesi Ba\u015fkan\u0131 Moshe Sinai de bulunuyordu.\u00a0  <\/p>\n<p> Anthony Williams, niyetlerini net olarak a\u00e7\u0131klad\u0131:  <\/p>\n<p> Kurulan a\u011f\u0131n, gen\u00e7lik programlar\u0131 ve KOSGEB vas\u0131tas\u0131yla, b\u00fct\u00fcn Anadolu&#39;nun k\u0131lcal damarlar\u0131na yay\u0131lmaya ba\u015flad\u0131\u011f\u0131n\u0131 da \u00f6\u011frendik. K\u00fc\u00e7\u00fck ve Orta \u00d6l\u00e7ekli Sanayi Geli\u015ftirme ve Destekleme \u0130daresi, yak\u0131n zamana kadar k\u00fc\u00e7\u00fck bir b\u00fct\u00e7eyle fakat idealist kadrolarla \u00e7al\u0131\u015f\u0131yordu. \u015eimdi h\u00fck\u00fcmet bu idareyi Glocal Forum&#39;un emrine vermi\u015f\u00a0 durumda!  <\/p>\n<p> Cumhuriyet Ba\u015fsavc\u0131s\u0131&#39;n\u0131n dikkatine sunuyorum! KOSGEB&#39;in raporunda &quot;yerel h\u00fck\u00fcmet&quot;, &quot;k\u00fcresel h\u00fck\u00fcmet&quot; diyorlar!  <\/p>\n<p> T\u00fcrkiye Cumhuriyeti Devleti ne zaman yerel h\u00fck\u00fcmetlere b\u00f6l\u00fcnd\u00fc, ne zaman k\u00fcresel bir h\u00fck\u00fcmete ba\u011fland\u0131?\u00a0 Bu proje, T\u00fcrkiye Cumhuriyeti&#39;nin egemenli\u011fini k\u00fcresel h\u00fck\u00fcmet dedikleri g\u00fc\u00e7 merkezine devretmek demektir ve kat\u0131lanlar\u0131n a\u011f\u0131rla\u015ft\u0131r\u0131lm\u0131\u015f \u00f6m\u00fcr boyu hapis istemiyle yarg\u0131lanmas\u0131 gerekir!\u00a0  <\/p>\n<table border=\"0\" cellspacing=\"0\" cellpadding=\"0\" width=\"100%\">\n<tbody>\n<tr>\n<td>\n<p> \t\t\t<strong><em>MOSSAD&#39;\u0131n glokalizasyonu! (Ankara&#39;y\u0131 ku\u015fat\u0131yor!)<\/em><\/strong>  \t\t\t<\/p>\n<p> \t\t\t<strong><em>MOSSAD ajanlar\u0131 taraf\u0131ndan y\u00f6netilen Ankara&#39;daki &quot;Glokal Forum&quot;, yapacaklar\u0131n\u0131 a\u00e7\u0131k a\u00e7\u0131k anlat\u0131yor. Hem de KOSGEB \u00fczerinden!\u00a0 <\/em><\/strong> \t\t\t<\/p>\n<p> \t\t\t<strong><em>KOSGEB&#39;in &quot;Glokalizasyon (globalle\u015fme+yerelle\u015fme)&quot; ba\u015fl\u0131kl\u0131 22 sayfal\u0131k resmi raporuna yeniden dikkatinizi \u00e7ekmek istiyorum: &quot;Glokalizasyon, ulusal d\u00fczeydeki di\u011fer ortaklar\u0131ndan daha fazla vatanda\u015flara yak\u0131nd\u0131r. (Yani size, sizin h\u00fck\u00fcmetinizden ve devletinizin organlar\u0131ndan daha yak\u0131nd\u0131r)\u00a0 <\/em><\/strong> \t\t\t<\/p>\n<p> \t\t\t<strong><em>Glokalizasyonun yenile\u015ftirme stratejisi; uluslararas\u0131ndaki g\u00fc\u00e7 dengesine ba\u011fl\u0131 bir \u00e7er\u00e7eveden, uluslararas\u0131 sistemde bir de\u011fi\u015fikli\u011fi \u00f6ng\u00f6rmektedir. Kar amac\u0131 g\u00fctmeyen uluslararas\u0131 bir kurulu\u015ftur. Finansman\u0131 \u00e7ok say\u0131da \u015firket taraf\u0131ndan sponsorluk anlam\u0131nda sa\u011flanmaktad\u0131r. <\/em><\/strong> \t\t\t<\/p>\n<p> \t\t\t<strong><em>\u015eehirler ve yerel yetkililer glokalizasyonun odak noktas\u0131n\u0131 olu\u015fturur. Glokalizasyon faaliyetleri, yerel ve global d\u00fczeydeki temel taraflardan olu\u015fan bir mozaik taraf\u0131ndan y\u00fcr\u00fct\u00fclebilir. \u015eehirler ve yerel y\u00f6netimler glokalizasyonun liderleridir&#8230; Glokal Forum kapsam\u0131ndaki toplant\u0131lar\u0131n sonucunda; \u015fehirden \u015fehre ortakl\u0131k kurulmas\u0131 ile ilgili &#39;Gelecek Biziz Merkezleri&#39;nin kurulmas\u0131 hedeflenmektedir.&quot; <\/em><\/strong> \t\t\t<\/p>\n<p> \t\t\t<strong><em>Dev\u015firilmi\u015f belediye ba\u015fkanlar\u0131, gen\u00e7lik \u00f6rg\u00fctleri, sivil toplum kurulu\u015flar\u0131 \u00fczerinden MOSSAD&#39;\u0131 y\u00f6netenler y\u00f6netir elbette<\/em><\/strong><strong><em>! <\/em><\/strong><em>(07.07.2006 \/ Arslan Bulut \/ Yeni\u00e7a\u011f)<\/em>  \t\t\t<\/p>\n<p> \t\t\t&#160; \t\t\t<\/p>\n<\/td>\n<\/tr>\n<\/tbody>\n<\/table>\n<p> <strong><em>\u00a0<\/em><\/strong>  <\/p>\n<p> &#160; <\/p>\n<p> &#160; <\/p>\n<p> &#160; <\/p>\n<p> &#160; <\/p>\n<p> &#160; <\/p>\n<p> &#160; <\/p>\n<p> &#160; <\/p>\n<p> &#160; <\/p>\n<p> &#160; <\/p>\n<p> &#160; <\/p>\n<p> &#160; <\/p>\n<p> &#160; <\/p>\n<p> &#160; <\/p>\n<p> &#160; <\/p>\n<p> &#160; <\/p>\n<p> &#160; <\/p>\n<p> &#160; <\/p>\n<p> <\/p>\n<p> <strong>Refah-Yol h\u00fck\u00fcmetinin, \u0130srail&#39;le imza etti\u011fi ve tamamen taktik ve teknik ama\u00e7lar\u0131n g\u00f6zetildi\u011fi ve bu oyalama niyetinin as\u0131l neticesini sezen Siyonistlerin, 28 \u015eubat darbesiyle kar\u015f\u0131l\u0131k verdi\u011fi &quot;Askeri silah modernizasyonu&quot; anla\u015fmas\u0131n\u0131, Erbakan&#39;\u0131n aleyhinde kullanmak \u00fczere ikide bir \u0131s\u0131t\u0131p g\u00fcndeme ta\u015f\u0131yan:<\/strong>  <\/p>\n<p> <strong>Hatta bu sahte kahramanl\u0131kla; \u0130srail u\u015faklar\u0131n\u0131 gizlemeye ve kendilerini, k\u00f6kten mahrum bulunduklar\u0131 &quot;Milli ve haysiyetli&quot; g\u00f6stermeye \u00e7al\u0131\u015fan malum ve mel&#39;un \u00e7evreler,<\/strong>  <\/p>\n<p> <strong>\u015eimdi T\u00fcrkiye&#39;nin \u0130srail ile eyalet yap\u0131lma haz\u0131rl\u0131klar\u0131na ve MOSSAD ajanlar\u0131n\u0131n gizli pazarl\u0131klar\u0131na neden seyirci kalmakta, hatta &quot;stratejik k\u0131l\u0131f&quot; haz\u0131rlamaktad\u0131r?<\/strong>  <\/p>\n<p> <strong>Mossad&#39;\u0131n kad\u0131n albay\u0131 Gila Hala r\u00fc\u015fvet da\u011f\u0131t\u0131yor mu?<\/strong>  <\/p>\n<p> Baz\u0131 yolsuzluklar de\u015fifre edilirken; &quot;asker&quot;in &quot;sivile&quot; bula\u015ft\u0131\u011f\u0131 noktalarda ciddi bir kamuoyu m\u00fchendisli\u011fi devreye sokuluyor ve belli noktalarda asgari \u00f6zen g\u00f6steriliyor.  <\/p>\n<p> <strong>Bu &quot;yolsuzluk&quot; oyununda bir ka\u00e7 kural mevcut: <\/strong> <\/p>\n<p> <strong>1) \u0130\u015fin \u0130srail aya\u011f\u0131 sadece bir ucundan g\u00f6sterilecek, ama mevcut sivil kadrolar\u0131n \u0130srail&#39;le ili\u015fkiler a\u011f\u0131na temas etti\u011fi noktalar karanl\u0131kta b\u0131rak\u0131lacak<\/strong>  <\/p>\n<p> <strong>2) Emekli askerler de\u015fifre edilirken; emekli asker olup da Ko\u00e7 ve \u00dclker grubu ile ili\u015fkili olanlar, yolsuzlukluklar\u0131n s\u00f6zkonusu oldu\u011fu d\u00f6nemde g\u00f6revde olsalar ve hatta s\u00f6zkonusu yolsuzluklara konu olan ili\u015fkilerin mimar\u0131 olsalar dahi onlar de\u015fifre edilmeyip, \u00f6zenle saklanacak. <\/strong> <\/p>\n<p> <strong>3) K\u00fcresel taaruza Milli tav\u0131r tak\u0131nan pa\u015falar sadece yolsuzluk boyutu de\u011fil, ayn\u0131 zamanda s\u00f6ylem tutarl\u0131l\u0131\u011f\u0131 boyutunda \u00e7arm\u0131\u011fa gerilerek; tabana &quot;28 \u015eubat&#39;\u0131n intikam\u0131 al\u0131n\u0131yor&quot; havas\u0131 pompalanacak. Bu yolla; 28 \u015eubat&#39;\u0131n esas sembol isimleri ile girilen ak\u00e7al\u0131 ortakl\u0131klar kamufle edilmi\u015f olacak. <\/strong> <\/p>\n<p> <strong>4) Tabi b\u00fct\u00fcn bunlar olurken; ABD merkezli k\u00fcresel planla uyumlu kadrolar; ister emekli, ister g\u00f6revde olsun; ister 28 \u015eubat\u00e7\u0131, ister Fethullah\u00e7\u0131 olsun korunacak. <\/strong> <\/p>\n<p> Demirel&#39;in tabiri ile esas olan burada : &quot;m\u00fclayim, uyumlu ve NATO merkezli&quot; olmak.  <\/p>\n<p> Bu k\u0131staslara uyup; bir de i\u015fleri k\u0131l\u0131f\u0131na uydurup abartm\u0131yorsan\u0131z hi\u00e7 bir sorun ya\u015famazs\u0131n\u0131z.  <\/p>\n<table border=\"0\" cellspacing=\"0\" cellpadding=\"0\" width=\"100%\">\n<tbody>\n<tr>\n<td>\n<p> \t\t\t<strong><em>Gelin yukar\u0131daki kurallar listesini neden ortaya koydu\u011fumuzu biraz daha a\u00e7al\u0131m. <\/em><\/strong> \t\t\t<\/p>\n<p> \t\t\t<strong><em>Dosyalar\u0131 tek tek a\u00e7an Erdo\u011fan&#39;\u0131n &quot;avc\u0131&quot; kadrolar\u0131n\u0131n; bu dosyalar\u0131 a\u00e7\u0131\u015f tarz\u0131na bakt\u0131\u011f\u0131n\u0131zda asl\u0131nda her\u015fey ortada. <\/em><\/strong> \t\t\t<\/p>\n<p> \t\t\t<strong><em>Kendi ba\u015fbakanlar\u0131n\u0131n ve kadrolar\u0131n\u0131n nitelikli zimmet, g\u00f6revi suistimal ile ilgili dosyalar\u0131n\u0131 g\u00fcndeme ta\u015f\u0131mamalar\u0131n\u0131; <\/em><\/strong> \t\t\t<\/p>\n<p> \t\t\t<strong><em>150 bin dolar bor\u00e7 alan pa\u015fa \u00fczerinden TSK&#39;y\u0131 yerin dibine sokanlar\u0131n; yerlere g\u00f6klere s\u0131\u011fd\u0131ramad\u0131klar\u0131 Ba\u015fbakan&#39;\u0131n \u00e7ocuklar\u0131n\u0131 okutan i\u015fadamlar\u0131 ile girdikleri ili\u015fkiyi sorgulamayanlar\u0131; <\/em><\/strong> \t\t\t<\/p>\n<p> \t\t\t<strong><em>saym\u0131yoruz bile. O siyasetin riyakar do\u011fas\u0131nda var. <\/em><\/strong> \t\t\t<\/p>\n<p> \t\t\t<strong><em>Burada \u00e7ok \u00f6nemli bir ayr\u0131nt\u0131 mevcut&#8230;<\/em><\/strong>  \t\t\t<\/p>\n<p> \t\t\t<strong><em>\u00d6rnek olarak; yenisi 4.5 milyona sat\u0131l\u0131rken; tanesi 4 milyon dolara yenilenmek \u00fczere anla\u015f\u0131lan ve \u0130srail&#39;in IMI \u015firketini iflas\u0131n e\u015fi\u011finden d\u00f6nd\u00fcren \u015fu tank\u00a0 ihalesi!? <\/em><\/strong> \t\t\t<\/p>\n<p> \t\t\t<strong><em>MOSSAD, Gizli D\u00fcnya Devletinin, Hafiye Kurumu mu? <\/em><\/strong> \t\t\t<\/p>\n<p> \t\t\t<strong><em>T\u00fcrkiye&#39;nin eski tanklar\u0131n\u0131, her biri i\u00e7in 4 milyon dolar verip makyajlarken; \u0130srail&#39;in IMI firmas\u0131n\u0131 ihya etmesinin sa\u00e7mal\u0131\u011f\u0131; yeni tanklar\u0131n 4.5 milyon dolar oldu\u011fu dikkate al\u0131nd\u0131\u011f\u0131nda zaten g\u00fcn gibi ortada duruyor.<\/em><\/strong>  \t\t\t<\/p>\n<p> \t\t\t<strong><em>Savunma Sanayii M\u00fcste\u015farl\u0131\u011f\u0131 bu sa\u00e7mal\u0131\u011f\u0131 maskelemek i\u00e7in y\u0131llarca \u00e7al\u0131\u015f\u0131p, binlerce sayfa belge \u00fcretse bile, m\u0131zrak \u00e7uvala s\u0131\u011fm\u0131yor! <\/em><\/strong> \t\t\t<\/p>\n<p> \t\t\t<strong><em>Bu sa\u00e7mal\u0131k; <\/em><\/strong> \t\t\t<\/p>\n<p> \t\t\t<strong><em>Kazakistan&#39;\u0131n T\u00fcrkiye&#39;ye ayn\u0131 ihale kapsam\u0131nda tanesi 750 bin dolardan NATO uyumlu 1995 model tanklar \u00f6nerdi\u011fi g\u00f6z\u00f6n\u00fcne al\u0131n\u0131rsa daha da bir derinle\u015fiyor. (Kazakistan&#39;\u0131n Rusya&#39;dan kalma tanklar\u0131 \u00e7\u00f6llerinde yat\u0131yor) <\/em><\/strong> \t\t\t<\/p>\n<p> \t\t\t&#160; \t\t\t<\/p>\n<\/td>\n<\/tr>\n<\/tbody>\n<\/table>\n<p> <em>\u00a0<\/em>  <\/p>\n<p> Fakat gelin biz ortaya bir ka\u00e7 soru soral\u0131m&#8230;cevaplayabilecek babayi\u011fit \u00e7\u0131kabilecek mi:?  <\/p>\n<p> 1) Tank ihalesinin sonu\u00e7lanma a\u015famas\u0131nda Savunma Sanayi M\u00fcste\u015farl\u0131\u011f\u0131nda r\u00fc\u015fvet alanlar mevcut mu ve aralar\u0131nda \u00fcst d\u00fczey bir askerin de bulundu\u011fu bu ki\u015filer hakk\u0131nda bir soru\u015fturma yap\u0131ld\u0131 m\u0131? yoksa &quot;kutsal inek \u0130srail&quot; ile ili\u015fkiler zedelenmesin diye bu isimler sadece g\u00f6revden al\u0131nmakla m\u0131 kal\u0131nd\u0131?  <\/p>\n<p> 2) Bu r\u00fc\u015fvet operasyonunun koordinasyonu MOSSAD&#39;\u0131n T\u00fcrkiye&#39;de g\u00f6revli kad\u0131n albay\u0131 Gila taraf\u0131ndan m\u0131 yap\u0131ld\u0131?  <\/p>\n<p> 3) Bu r\u00fc\u015fvet Sheraton otelinde mi muhatab\u0131na ula\u015ft\u0131r\u0131ld\u0131?  <\/p>\n<p> 4) Siyonist Gila Han\u0131m; hala T\u00fcrkiye&#39;de bir firma b\u00fcnyesinde \u00e7al\u0131\u015f\u0131yor g\u00f6z\u00fck\u00fcyor konumunda m\u0131?  <\/p>\n<p> 5) S\u00f6zkonusu MOSSAD ajan\u0131, bug\u00fcn hala baz\u0131 devletlilerle i\u015f ba\u011flant\u0131s\u0131 kurmakta m\u0131?  <\/p>\n<p> 6) \u0130srail&#39;le lobi faaliyetleri y\u00fcr\u00fcten Ankara merkezli Ak Grup&#39;un bu ili\u015fkiler a\u011f\u0131 ile ba\u011flant\u0131s\u0131 nedir? Bu grubun ba\u015f\u0131ndaki bayan\u0131n; bu d\u00f6nemim pa\u015falar\u0131ndan biri ile \u00e7ok \u00f6zel bir ili\u015fkisi var m\u0131yd\u0131?  <\/p>\n<p> 7) Mevcut AKP kadrolar\u0131 i\u00e7erisinde olup da; bu ili\u015fkiler a\u011f\u0131yla ba\u011flant\u0131l\u0131 kimler bulunmaktad\u0131r? <a name=\"_ftnref3\" href=\"#_ftn3\" title=\"_ftnref3\">[3]<\/a>  <\/p>\n<p> <strong>AKP, ABD ile &quot;Stratejik Vizyon Belgesi&quot; imzalarken \u0130srail&#39;in sald\u0131rd\u0131\u011f\u0131 Gazze&#39;de a\u00e7l\u0131k, korku ve \u00f6l\u00fcm kol geziyor! <\/strong> <\/p>\n<p> N\u00fcfusunun yar\u0131s\u0131 15 ya\u015f\u0131n alt\u0131nda bulunan, 1,4 milyon ki\u015finin ya\u015fad\u0131\u011f\u0131 Gazze \u015eeridi&#39;ndeki durumu anlatan Dr. Ebu El Sabah, &quot;Buras\u0131 bir hapishane. Guantanamo&#39;dan tek fark\u0131, biraz daha b\u00fcy\u00fck olmas\u0131&quot; diye feryad ediyor!  <\/p>\n<p> \u0130srail&#39;in amans\u0131z sald\u0131r\u0131lar\u0131, n\u00fcfusunun yar\u0131s\u0131 15 ya\u015f\u0131n alt\u0131nda bulunan, 1,4 milyon ki\u015finin ya\u015fad\u0131\u011f\u0131 Gazze \u015eeridi&#39;ne karanl\u0131k, susuzluk, bomba, f\u00fcze ve \u00f6l\u00fcm korkusu olarak yans\u0131yor. Gazze&#39;den ayr\u0131lma imkan\u0131 bulunmayan, g\u00fcnd\u00fcz havan topu, makineli t\u00fcfek sesleri alt\u0131nda okula, i\u015fe giden veya evde yemek pi\u015firen, gece mum \u0131\u015f\u0131\u011f\u0131nda yemeklerini yiyen Gazzeliler, gece yar\u0131s\u0131ndan itibaren de \u00fcstlerinde helikopterlerin, F-16 sava\u015f u\u00e7aklar\u0131n\u0131n ve &#8216;&#39;sinek v\u0131z\u0131lt\u0131s\u0131&#39;&#39; sesi \u00e7\u0131karan insans\u0131z u\u00e7aklar\u0131n g\u00fcr\u00fclt\u00fcleri aras\u0131nda korkuyla ya\u015f\u0131yor.\u00a0  <\/p>\n<p> <strong>Siyonist canilere ABD ve Fransa sahip \u00e7\u0131k\u0131yor!<\/strong>  <\/p>\n<p> <strong>D\u00fcnyaya insanl\u0131k dersi vermeye kalkan Amerika ve Fransa, sava\u015f u\u00e7aklar\u0131 ve tanklarla sald\u0131rd\u0131\u011f\u0131 Filistin&#39;de ta\u015f \u00fcst\u00fcnde ta\u015f b\u0131rakmayan, oluk oluk sivil kan\u0131 ak\u0131tan \u0130srail&#39;in BM G\u00fcvenlik Konseyi&#39;nde k\u0131nanmas\u0131na bile engel oluyor!<\/strong>  <\/p>\n<p> Arap \u00fclkeleri, BM G\u00fcvenlik Konseyi nezdinde giri\u015fimde bulunarak, \u0130srail&#39;in geni\u015f \u00e7apl\u0131 askeri sald\u0131r\u0131lar\u0131n\u0131n k\u0131nanmas\u0131n\u0131 istiyor.  <\/p>\n<p> ABD ve Fransa, Arap \u00fclkeleri taraf\u0131ndan sunulan ve karar olarak oylanmas\u0131n\u0131 istedikleri metnin &#8216;&#39;dengeli&#39;&#39; olmad\u0131\u011f\u0131n\u0131 iddia ediyor.  <\/p>\n<p> BM G\u00fcvenlik Konseyi&#39;nin tek Arap \u00fclkesi \u00fcyesi olan Katar arac\u0131l\u0131\u011f\u0131yla sunulan metinde, \u0130srail g\u00fc\u00e7lerinin Gazze&#39;den acilen \u00e7ekilmeleri ve Filistinli yetkilileri derhal serbest b\u0131rakmalar\u0131 da talep ediliyor. Metinde, \u0130srail&#39;in &#8216;&#39;sivillere sald\u0131r\u0131lar\u0131n\u0131&#39;&#39; sona erdirmesi de isteniyor.  <\/p>\n<p> Ancak ABD&#39;nin BM Daimi Temsilcisi B\u00fcy\u00fckel\u00e7i John Bolton, &#8216;&#39;Metin, oylamaya sunulacak nitelikte olmaktan uzak gibi g\u00f6z\u00fck\u00fcyor&#39;&#39; derken, Fransa Daimi Temsilcisi B\u00fcy\u00fckel\u00e7i Jean-Marc de la Sabliere de &#8216;&#39;Metin yeterince dengeli de\u011fil ve \u00fczerinde \u00e7al\u0131\u015f\u0131lmas\u0131 gerekiyor. Bu nedenle de\u011fi\u015fiklikler \u00f6nerece\u011fiz&#39;&#39; diyerek engelliyor!.\u00a0 Bu Bat\u0131 m\u0131,\u00a0 bu barbarlar m\u0131 bizi AB&#39;ye al\u0131p huzura kavu\u015fturacak san\u0131l\u0131yor!?\u00a0\u00a0\u00a0  <\/p>\n<p> <strong>\u0130talya&#39;dan \u0130srail&#39;e tepki ya\u011f\u0131yor!<\/strong>  <\/p>\n<p> \u0130talya D\u0131\u015fi\u015fleri Bakan\u0131 Massimo D&#39;Alema, ka\u00e7\u0131r\u0131lan \u0130srailli askerin serbest b\u0131rak\u0131lmas\u0131n\u0131 sa\u011flamak i\u00e7in \u0130srail ordusunun Gazze&#39;de &#8216;&#39;orant\u0131s\u0131z g\u00fc\u00e7&#39;&#39; kulland\u0131\u011f\u0131n\u0131 belirtiyor.  <\/p>\n<p> D&#39;Alema, kat\u0131ld\u0131\u011f\u0131 bir festival s\u0131ras\u0131nda gazetecilere yapt\u0131\u011f\u0131 a\u00e7\u0131klamada, &#8216;&#39;Bu \u015fekilde bir g\u00fc\u00e7 kullan\u0131m\u0131 orant\u0131s\u0131z. Bir rehineyi kurtarmak i\u00e7in \u00e7ok say\u0131da insan\u0131n \u00f6lmesine neden olacak bir operasyon d\u00fczenlemek, d\u00fc\u015f\u00fcn\u00fclemez ve buna izin verilemez&quot; diyor.  <\/p>\n<table border=\"0\" cellspacing=\"0\" cellpadding=\"0\" width=\"100%\">\n<tbody>\n<tr>\n<td>\n<p> \t\t\t<strong><em>\u0130srail halk\u0131 da, bu su\u00e7a arka \u00e7\u0131k\u0131yor ve ortak oluyor!<\/em><\/strong>  \t\t\t<\/p>\n<p> \t\t\t<strong><em>\u0130sraillilerinin \u00e7o\u011fu, Gazze&#39;deki kriz nedeniyle Filistin&#39;de iktidardaki Hamas liderlerinin suikast sonucu \u00f6ld\u00fcr\u00fclmesi gerekti\u011fine inan\u0131yor. Maariv gazetesinde yay\u0131mlanan bir anket, \u0130sraillilerin y\u00fczde 82&#39;sinin, \u0130srail y\u00f6netiminin 25 Haziranda \u0130srailli asker Gilat \u015ealit&#39;in ka\u00e7\u0131r\u0131lmas\u0131 ve son g\u00fcnlerdeki f\u00fcze sald\u0131r\u0131lar\u0131ndan sorumlu tuttu\u011fu Hamas liderlerinin \u00f6ld\u00fcr\u00fclmesinden yana oldu\u011funu g\u00f6steriyor.\u00a0\u00a0\u00a0 <\/em><\/strong> \t\t\t<\/p>\n<p> \t\t\t<strong><em>\u0130srail tanklar\u0131 ve askerleri Gazze&#39;ye girmeden bir g\u00fcn \u00f6nce yap\u0131lan ankete g\u00f6re, \u0130sraillilerin y\u00fczde 47&#39;si, \u0130srail Ba\u015fbakan\u0131 Ehud Olmert&#39;in genel performans\u0131ndan da memnun olmad\u0131\u011f\u0131n\u0131, yani daha vah\u015fi davranmas\u0131n\u0131 belirtiyor&#8230;<\/em><\/strong>  \t\t\t<\/p>\n<p> \t\t\t<strong><em>Anket, ayr\u0131ca \u0130sraillilerin sadece y\u00fczde 28&#39;inin Savunma Bakan\u0131 Amir Peretz&#39;in iyi i\u015f yapt\u0131\u011f\u0131n\u0131 s\u00f6yledi\u011fini, y\u00fczde 64&#39;\u00fcn\u00fcn bunun aksini savunduklar\u0131n\u0131, yani M\u00fcsl\u00fcman ve mazlum insanlara kar\u015f\u0131, daha \u015fiddetli davran\u0131lmas\u0131 inanc\u0131n\u0131 ta\u015f\u0131d\u0131klar\u0131n\u0131 ortaya koyuyor.<\/em><\/strong>  \t\t\t<\/p>\n<\/td>\n<\/tr>\n<\/tbody>\n<\/table>\n<p> \u00a0  <\/p>\n<p> <strong>&quot;\u00dc\u00e7\u00fcnc\u00fc intifada&quot; (\u0130n\u015fallah inkilaba zemin haz\u0131rl\u0131yor.) <\/strong> <\/p>\n<p> <strong>&quot;Kur&#39;an, iman edip salih amel i\u015fleyenlerin &quot;mahl\u00fbkat\u0131n en hay\u0131rl\u0131s\u0131&quot; (hayru&#39;l-beriyye) oldu\u011funu s\u00f6yl\u00fcyor.<a name=\"_ftnref4\" href=\"#_ftn4\" title=\"_ftnref4\"><strong>[4]<\/strong><\/a> M\u00fc&#39;minin bizatihi &quot;m\u00fc&#39;min&quot; olmak haysiyetiyle Allah Teala kat\u0131nda elde etti\u011fi de\u011fer, Efendimiz (sav) taraf\u0131ndan da son derece \u00e7arp\u0131c\u0131 bir \u00fcslupla ifade edilmi\u015ftir. Bir\u00e7ok sahab\u00eeden nakledilen, dolay\u0131s\u0131yla birbirini destekleyen rivayetlerde Efendimiz (sav)&#39;in, K\u00e2be&#39;ye bakarak, &quot;Senin h\u00fcrmetin ne b\u00fcy\u00fck! M\u00fc&#39;minin Allah Teala kat\u0131ndaki h\u00fcrmeti ise seninkinden daha b\u00fcy\u00fckt\u00fcr!&quot; buyurdu\u011fu bilinmektedir. <\/strong> <\/p>\n<p> <strong>Bu Kur&#39;an\u00ee ve Nebev\u00ee belirlemeler, tabii olarak Sahabe&#39;nin, dolay\u0131s\u0131yla \u00dcmmet-i Muhammed&#39;in varl\u0131k tasavvurunu da \u015fekillendirmi\u015ftir. Yarat\u0131lm\u0131\u015flar evreninin merkezinde &quot;insan&quot; varsa, insanl\u0131k aleminin merkezinde de &quot;m\u00fc&#39;min&quot; vard\u0131r. Dolay\u0131s\u0131yla m\u00fc&#39;min, yarat\u0131lm\u0131\u015flar evreninin de merkezini te\u015fkil etmektedir.<\/strong>  <\/p>\n<p> Yaz\u0131n\u0131n ba\u015fl\u0131\u011f\u0131 ile bu s\u00f6ylediklerim aras\u0131nda nas\u0131l bir ili\u015fki bulundu\u011funu merak edenler i\u00e7in hemen sadede geleyim: Allah korusun, diyelim ki bug\u00fcn -t\u0131pk\u0131 tarihte Karmat\u00eeler&#39;in yapt\u0131\u011f\u0131 gibi- birileri K\u00e2be&#39;ye y\u00f6nelik bir tasallutta bulunsa tepkimiz ne olurdu? Bir bu\u00e7uk milyarl\u0131k \u0130slam alemi aya\u011fa kalkard\u0131 de\u011fil mi?  <\/p>\n<p> Bunu, K\u00e2be&#39;nin fizik yap\u0131s\u0131n\u0131 olu\u015fturan ta\u015f ve toprakla a\u00e7\u0131klamak m\u00fcmk\u00fcn m\u00fcd\u00fcr? Elbette hay\u0131r!  <\/p>\n<p> Hay\u0131r, \u00e7\u00fcnk\u00fc biz inan\u0131r ve biliriz ki K\u00e2be ta\u015f ve topraktan ibaret bir yap\u0131 de\u011fildir. Onu &quot;Beytullah&quot; yapan bir mana vard\u0131r ki, fizik varl\u0131\u011f\u0131n\u0131n \u00f6tesinde bir hakikati bulundu\u011funu bilin\u00e7alt\u0131m\u0131za gizliden gizliye nak\u015fetmi\u015ftir.  <\/p>\n<table border=\"0\" cellspacing=\"0\" cellpadding=\"0\" width=\"100%\">\n<tbody>\n<tr>\n<td>\n<p> \t\t\t<strong><em>\u0130\u015fte K\u00e2be&#39;yi &quot;Beytullah&quot; yapan neyse, m\u00fc&#39;mini &quot;hayru&#39;l-beriyye&quot; yapan da odur. <\/em><\/strong> \t\t\t<\/p>\n<p> \t\t\t<strong><em>Peki Irak&#39;ta, Filistin&#39;de ve d\u00fcnyan\u0131n daha ba\u015fka yerlerinde \u00f6l\u00fcm\u00fcn, i\u015fkencenin ve her t\u00fcrl\u00fc insanl\u0131k d\u0131\u015f\u0131 muamelenin reva g\u00f6r\u00fcld\u00fc\u011f\u00fc m\u00fc&#39;min karde\u015flerimizden y\u00fckselen ah-u enin kar\u015f\u0131s\u0131nda bu kadar tepkisiz kal\u0131\u015f\u0131m\u0131z\u0131, bu hakikat ile nas\u0131l ba\u011fda\u015ft\u0131raca\u011f\u0131z? Ad\u0131na ister &quot;sava\u015f&quot;, isterse ba\u015fka \u015fey densin; asl\u0131nda sergilenen tam anlam\u0131yla bir &quot;modern vah\u015fet&quot;tir ve maalesef \u0130slam d\u00fcnyas\u0131 bu vah\u015fete seyirci kalmaktan ba\u015fka bir \u015fey yapmamaktad\u0131r.<\/em><\/strong>  \t\t\t<\/p>\n<p> \t\t\t<strong><em>Bir asker i\u00e7in; h\u00fck\u00fcmeti ve halk\u0131yla b\u00fct\u00fcn Filistin&#39;i yak\u0131p y\u0131kmay\u0131 g\u00f6ze alabilen \u0130srail&#39;in ortaya koydu\u011fu tav\u0131r, \u00dcmmet-i Muhammed&#39;i &quot;kendisini ke\u015ff etmeye&quot; zorluyor asl\u0131nda. D\u00fc\u015f\u00fcn\u00fcn ki herg\u00fcn onlarca kere yeniden y\u0131k\u0131l\u0131yor. K\u00e2be ve bizler kahredici bir s\u00fck\u00fbtla y\u00fczlerimizi zilletin karanl\u0131\u011f\u0131na g\u00f6m\u00fcyoruz!<\/em><\/strong>  \t\t\t<\/p>\n<p> \t\t\t<strong><em>Osmanl\u0131&#39;n\u0131n torunlar\u0131, dedelerinin onurlu bir direni\u015fin sonunda \u00e7ekilmek zorunda kald\u0131\u011f\u0131 topraklar\u0131, \u015fimdi onlara niyabeten &quot;\u00dc\u00e7\u00fcnc\u00fc \u0130ntifada&quot;n\u0131n \u00e7ocuklar\u0131n\u0131n savundu\u011funu g\u00f6rmezden-bilmezden gelebilir mi?&quot;<\/em><\/strong><strong> <\/strong><em>(08.07.2006 \/ Ebubekir Sifil \/ Milli Gazete)<\/em>  \t\t\t<\/p>\n<\/td>\n<\/tr>\n<\/tbody>\n<\/table>\n<p> <em>\u00a0<\/em>  <\/p>\n<p> <strong>Gelemez, gelmemelidir. \u00c7\u00fcnk\u00fc bu \u00fc\u00e7\u00fcnc\u00fc intifada, M\u00fcsl\u00fcman halklar\u0131n, ba\u015flar\u0131ndaki i\u015fbirlik\u00e7i iktidarlar\u0131 sorgulamaya ve me\u015fruiyetlerini tart\u0131\u015fmaya y\u00f6nlendirecektir. Bu \u015fanl\u0131 direni\u015f, \u00f6nce hain ve gafil b\u00f6lge y\u00f6netimlerinin, sonra da \u0130srail ter\u00f6r \u015febekesinin sonunu getirecektir.<\/strong>  <\/p>\n<p> <strong>Hz. Peygamber efendimizi, \u00e7irkin \u00e7izgilerle karikat\u00fcr\u00fcze eden Danimarka&#39;l\u0131 dangalak&#39;\u0131 &quot;evinde \u00e7\u0131kan bir yang\u0131n sonucu, cay\u0131r cay\u0131r yakarak can\u0131n\u0131 cehenneme g\u00f6nderen Y\u00fcce Allah&#39;\u0131n, Siyonist \u0130srail ve i\u015fbirlik\u00e7i hainlerden nas\u0131l intikam alaca\u011f\u0131 yak\u0131nda g\u00f6r\u00fclecektir.<\/strong>  <\/p>\n<p> <\/p>\n<hr \/>\n<p> <a name=\"_ftn1\" href=\"#_ftnref1\" title=\"_ftn1\">[1]<\/a> (10.07.2006 \/ Ali Cura \/ Milli Gazete)006 \/ Milli Gazete.2006  <\/p>\n<p> <a name=\"_ftn2\" href=\"#_ftnref2\" title=\"_ftn2\">[2]<\/a> (08.07.2006 \/ Mustafa Y\u0131lmaz \/ Milli Gazete)  <\/p>\n<p> <a name=\"_ftn3\" href=\"#_ftnref3\" title=\"_ftn3\">[3]<\/a> K\u0131van\u00e7 De\u011firmenli \/ <a href=\"http:\/\/www.acikistihbarat.com\/\">http:\/\/www.acikistihbarat.com\/<\/a> 11.01.2005  <\/p>\n<p> <a name=\"_ftn4\" href=\"#_ftnref4\" title=\"_ftn4\">[4]<\/a> <strong>98\/el-Beyyine, 7.<\/strong>  <\/p>\n","protected":false},"excerpt":{"rendered":"<p>\u00a0  <\/p>\n<p> <strong>AKP&#39;nin ABD ile imzalad\u0131\u011f\u0131 &quot;Stratejik Vizyon&quot; Belgesi:<\/strong>  <\/p>\n<ul>\n<li><strong>a- <\/strong><strong>BOP&#39;a (B\u00fcy\u00fck \u0130srail Projesine) paravan olman\u0131n resmidir.<\/strong><\/li>\n<li><strong>b- <\/strong><strong>C\u00fcneyt Zapsu Arac\u0131l\u0131\u011f\u0131yla: &quot;Bizi kullan\u0131n!&quot; diye yalvard\u0131klar\u0131 Amerikan Siyonistlerinin: &quot;AKP&#39;yi kullanma k\u0131lavuzu&quot; yerindedir.<\/strong><\/li>\n<li><strong>c- <\/strong><strong>Siyonist ve emperyalist g\u00fc\u00e7lerin, Ortado\u011fu, Karadeniz, Kafkasya ba\u015fta olmak \u00fczere t\u00fcm \u0130slam co\u011frafyas\u0131n\u0131 ku\u015fatma giri\u015fimine ge\u00e7it vermedir.<\/strong><\/li>\n<li>d- <strong>Bu belge, Lozan&#39;\u0131 imzalamayan ve T\u00fcrkiye&#39;nin s\u0131n\u0131rlar\u0131n\u0131 tan\u0131mayan ABD&#39;nin Sevri uygulama ve \u00fclkemizi par\u00e7alama projesidir.<\/strong><\/li>\n<\/ul>\n","protected":false},"author":4,"featured_media":0,"comment_status":"open","ping_status":"closed","sticky":false,"template":"","format":"standard","meta":{"footnotes":""},"categories":[32],"tags":[342,357,396,397,398,399],"class_list":["post-92","post","type-post","status-publish","format-standard","hentry","category-agustos-2006","tag-bop","tag-siyonist","tag-stratejik-vizyon","tag-emperyalist","tag-kivanc-degirmen","tag-sevr"],"_links":{"self":[{"href":"https:\/\/www.millicozum.com\/mc\/wp-json\/wp\/v2\/posts\/92","targetHints":{"allow":["GET"]}}],"collection":[{"href":"https:\/\/www.millicozum.com\/mc\/wp-json\/wp\/v2\/posts"}],"about":[{"href":"https:\/\/www.millicozum.com\/mc\/wp-json\/wp\/v2\/types\/post"}],"author":[{"embeddable":true,"href":"https:\/\/www.millicozum.com\/mc\/wp-json\/wp\/v2\/users\/4"}],"replies":[{"embeddable":true,"href":"https:\/\/www.millicozum.com\/mc\/wp-json\/wp\/v2\/comments?post=92"}],"version-history":[{"count":0,"href":"https:\/\/www.millicozum.com\/mc\/wp-json\/wp\/v2\/posts\/92\/revisions"}],"wp:attachment":[{"href":"https:\/\/www.millicozum.com\/mc\/wp-json\/wp\/v2\/media?parent=92"}],"wp:term":[{"taxonomy":"category","embeddable":true,"href":"https:\/\/www.millicozum.com\/mc\/wp-json\/wp\/v2\/categories?post=92"},{"taxonomy":"post_tag","embeddable":true,"href":"https:\/\/www.millicozum.com\/mc\/wp-json\/wp\/v2\/tags?post=92"}],"curies":[{"name":"wp","href":"https:\/\/api.w.org\/{rel}","templated":true}]}}