{"id":920,"date":"2007-05-03T03:32:40","date_gmt":"2007-05-03T03:32:40","guid":{"rendered":"https:\/\/www.millicozum.com\/mc\/2007\/05\/03\/bayram-yem-nakkale-zaferkonuasi\/"},"modified":"2007-05-03T03:32:40","modified_gmt":"2007-05-03T03:32:40","slug":"bayram-yonemin-canakkale-zaferi-konusmasi","status":"publish","type":"post","link":"https:\/\/www.millicozum.com\/mc\/2007\/mayis-2007\/bayram-yonemin-canakkale-zaferi-konusmasi\/","title":{"rendered":"BAYRAM Y\u00d6NEM&#8217;\u0130N \u00c7ANAKKALE ZAFER\u0130 KONU\u015eMASI"},"content":{"rendered":"<p>\u00a0  <\/p>\n<p> \u00c7anakkale; Barbar Bat\u0131n\u0131n, Osmanl\u0131&#39;y\u0131 y\u0131kma ve \u0130slam d\u00fcnyas\u0131n\u0131 par\u00e7alama plan\u0131n\u0131n ilk ad\u0131m\u0131d\u0131r. Bu g\u00fcnk\u00fc B\u00fcy\u00fck Ortado\u011fu Projesi de, bu \u015feytanl\u0131\u011f\u0131n bir devam\u0131d\u0131r. \u00c7anakkale; Ha\u00e7l\u0131 kuduzlar\u0131n, Hilali bo\u011fma sava\u015f\u0131d\u0131r. Ama maneviyat, maddi imkanlara galip \u00e7\u0131km\u0131\u015ft\u0131r. \u00c7anakkale&#39;yi ge\u00e7ilmez k\u0131lan ruh: Mustafa Kemal&#39;in vurgulad\u0131\u011f\u0131 gibi: Mehmet\u00e7iklerin Kur&#39;an a\u015fk\u0131 ve \u015fahadet arzular\u0131d\u0131r. Bu aziz vatan i\u015fte: &quot;Bir g\u00fcl bah\u00e7esine girercesine&quot; kara topra\u011fa d\u00fc\u015fen o kahramanlar\u0131n yadigar\u0131d\u0131r.  <\/p>\n<p>  \u00a0  <\/p>\n<p> \u00a0 Bu g\u00fcn Avrupa Birli\u011fine girme tela\u015f\u0131, \u00c7anakkale&#39;de ve istiklal Harbimizde bizden alamad\u0131klar\u0131 cennet Anadolu&#39;muzu, AB&#39;ye eyalet yapmak sevdas\u0131d\u0131r.  <\/p>\n<p> Bu g\u00fcn B\u00fcy\u00fck Ortado\u011fu Projesi, T\u00fcrkiye&#39;mizi ve 22 \u0130slam \u00fclkesini par\u00e7alamak ve \u00c7anakkale hezimetinin intikam\u0131n\u0131 almak \u015feytanl\u0131\u011f\u0131d\u0131r. Irak i\u015fgali ve Ha\u00e7l\u0131 vah\u015feti, \u00c7anakkale&#39;nin intikam\u0131d\u0131r!  <\/p>\n<p> \u00a0 AB hayaline ve BOP hilesine aldananlar veya bile bile g\u00e2vurlara hizmet i\u00e7in yar\u0131\u015fanlar; \u00c7anakkale \u015fehitlerinin hat\u0131ras\u0131na ve emanetine h\u0131yanet yapmaktad\u0131r.  <\/p>\n<p> \u00c7anakkale&#39;de: Vatan i\u00e7in, namus i\u00e7in, Kur&#39;an i\u00e7in, \u0130slam i\u00e7in, ahlak i\u00e7in, h\u00fcrriyet ve haysiyet i\u00e7in \u015fehit olan atalar\u0131m\u0131z; T\u00fcrk\u00fcyle, K\u00fcrd\u00fcyle, Arab\u0131yla, \u00c7erkeziyle, Alevisiyle, S\u00fcnnisiyle d\u00fc\u015fmana kar\u015f\u0131 sava\u015f\u0131p \u015fimdi kucak kuca\u011fa yatan ecdad\u0131m\u0131z; kalk\u0131p ta bu g\u00fcnk\u00fc halimizi g\u00f6rseler&#8230; Ahlaki vaziyetimizi, gavurlara \u00f6zentimizi, y\u00f6neticilerimizin h\u0131yanetini, ekonomik ve sosyal peri\u015faniyetimizi seyretseler, korkar\u0131m beddualar ya\u011fd\u0131racak ve y\u00fcz\u00fcm\u00fcze bakmayacaklard\u0131r. O g\u00fcn, para kar\u015f\u0131l\u0131\u011f\u0131 \u0130ngilizlere kiralan\u0131p \u00c7anakkale&#39;de Osmanl\u0131&#39;ya kar\u015f\u0131 sava\u015fan M\u00fcsl\u00fcman askerlerle, bu g\u00fcn Irak&#39;ta mazlumlar\u0131n kan\u0131n\u0131 d\u00f6ken ve \u0131rz\u0131na ge\u00e7en Amerikal\u0131lara destek veren M\u00fcsl\u00fcman y\u00f6neticilerin ne fark\u0131 vard\u0131r? Unutulmamal\u0131d\u0131r ki, Allah zalimlere destek verenleri, mazlumlar\u0131n durumuna d\u00fc\u015f\u00fcrmedik\u00e7e ve ettikleri kendi ba\u015flar\u0131na gelmedik\u00e7e canlar\u0131n\u0131 almayacakt\u0131r. <strong>Tabii konumu ve tarihi sorumlulu\u011fu bak\u0131m\u0131ndan T\u00fcrkiye, Ha\u00e7l\u0131 gavurlar\u0131n hizmet\u00e7isi de\u011fil, \u0130slam d\u00fcnyas\u0131n\u0131n ve t\u00fcm mazlumlar\u0131n hamisi ve \u00f6nderi olmal\u0131d\u0131r. Bunun i\u00e7in de, Milli \u015fuurlu ve onurlu bir iktidar laz\u0131md\u0131r. Umuyoruz ve bekliyoruz ki, \u00fclkemizde mutlu bir devrim ve kutlu bir de\u011fi\u015fim ya\u015fanacak ve in\u015fallah pek yak\u0131nda b\u00fct\u00fcn bu s\u0131k\u0131nt\u0131lar son bulacakt\u0131r.<\/strong>  <\/p>\n<p> <strong>\u00a0 Haydi geliniz, \u015fanl\u0131 ecdad\u0131m\u0131za lay\u0131k olacak Milli ve manevi de\u011ferlerimize sahip \u00e7\u0131kacak, sen-ben kavgas\u0131ndan, basit parti hesaplar\u0131ndan ve \u015fahsi \u00e7\u0131karlardan kurtulacak; yeni bir \u00c7anakkale direni\u015fine ve yeni bir Milli M\u00fccadele dirili\u015fine kat\u0131lal\u0131m. Yeniden \u0130slam&#39;a sar\u0131larak, maddi ve manevi yeni bir kalk\u0131nma hamlesi ba\u015flatarak, T\u00fcrkiye merkezli, Kur&#39;an endeksli ve insan eksenli yeni bir d\u00fcnyay\u0131 birlikte kural\u0131m. Ve bu zillet ve sefaletten kurtulal\u0131m.<\/strong>  <\/p>\n<p> <strong>\u00a0\u00a0\u00a0\u00a0\u00a0\u00a0\u00a0\u00a0\u00a0\u00a0\u00a0\u00a0\u00a0 &quot;Yar\u0131n elbet bizim, elbet bizimdir.<\/strong>  <\/p>\n<p> <strong>\u00a0\u00a0\u00a0\u00a0\u00a0\u00a0\u00a0\u00a0\u00a0\u00a0\u00a0\u00a0\u00a0 G\u00fcn do\u011far, g\u00fcn batar; ebet bizimdir.<\/strong>  <\/p>\n<p> <strong>\u00a0\u00a0\u00a0\u00a0\u00a0\u00a0\u00a0\u00a0\u00a0\u00a0\u00a0\u00a0\u00a0 Zalimin devran\u0131, daim olamaz.<\/strong>  <\/p>\n<p> <strong>\u00a0\u00a0\u00a0\u00a0\u00a0\u00a0\u00a0\u00a0\u00a0\u00a0\u00a0\u00a0\u00a0 Bu \u00fclke, bu Millet; devlet bizimdir&quot;<\/strong>  <\/p>\n","protected":false},"excerpt":{"rendered":"<p>\u00a0  <\/p>\n<p> \u00c7anakkale; Barbar Bat\u0131n\u0131n, Osmanl\u0131&#39;y\u0131 y\u0131kma ve \u0130slam d\u00fcnyas\u0131n\u0131 par\u00e7alama plan\u0131n\u0131n ilk ad\u0131m\u0131d\u0131r. Bu g\u00fcnk\u00fc B\u00fcy\u00fck Ortado\u011fu Projesi de, bu \u015feytanl\u0131\u011f\u0131n bir devam\u0131d\u0131r. \u00c7anakkale; Ha\u00e7l\u0131 kuduzlar\u0131n, Hilali bo\u011fma sava\u015f\u0131d\u0131r. Ama maneviyat, maddi imkanlara galip \u00e7\u0131km\u0131\u015ft\u0131r. \u00c7anakkale&#39;yi ge\u00e7ilmez k\u0131lan ruh: Mustafa Kemal&#39;in vurgulad\u0131\u011f\u0131 gibi: Mehmet\u00e7iklerin Kur&#39;an a\u015fk\u0131 ve \u015fahadet arzular\u0131d\u0131r. Bu aziz vatan i\u015fte: &quot;Bir g\u00fcl bah\u00e7esine girercesine&quot; kara topra\u011fa d\u00fc\u015fen o kahramanlar\u0131n yadigar\u0131d\u0131r.  <\/p>\n","protected":false},"author":26,"featured_media":0,"comment_status":"open","ping_status":"closed","sticky":false,"template":"","format":"standard","meta":{"footnotes":""},"categories":[69],"tags":[],"class_list":["post-920","post","type-post","status-publish","format-standard","hentry","category-mayis-2007"],"_links":{"self":[{"href":"https:\/\/www.millicozum.com\/mc\/wp-json\/wp\/v2\/posts\/920","targetHints":{"allow":["GET"]}}],"collection":[{"href":"https:\/\/www.millicozum.com\/mc\/wp-json\/wp\/v2\/posts"}],"about":[{"href":"https:\/\/www.millicozum.com\/mc\/wp-json\/wp\/v2\/types\/post"}],"author":[{"embeddable":true,"href":"https:\/\/www.millicozum.com\/mc\/wp-json\/wp\/v2\/users\/26"}],"replies":[{"embeddable":true,"href":"https:\/\/www.millicozum.com\/mc\/wp-json\/wp\/v2\/comments?post=920"}],"version-history":[{"count":0,"href":"https:\/\/www.millicozum.com\/mc\/wp-json\/wp\/v2\/posts\/920\/revisions"}],"wp:attachment":[{"href":"https:\/\/www.millicozum.com\/mc\/wp-json\/wp\/v2\/media?parent=920"}],"wp:term":[{"taxonomy":"category","embeddable":true,"href":"https:\/\/www.millicozum.com\/mc\/wp-json\/wp\/v2\/categories?post=920"},{"taxonomy":"post_tag","embeddable":true,"href":"https:\/\/www.millicozum.com\/mc\/wp-json\/wp\/v2\/tags?post=920"}],"curies":[{"name":"wp","href":"https:\/\/api.w.org\/{rel}","templated":true}]}}