{"id":924,"date":"2007-05-03T03:54:32","date_gmt":"2007-05-03T03:54:32","guid":{"rendered":"https:\/\/www.millicozum.com\/mc\/2007\/05\/03\/bu-mecl-ne-b-cumhurbaani-seemel\/"},"modified":"2007-05-03T03:54:32","modified_gmt":"2007-05-03T03:54:32","slug":"bu-meclis-niye-bir-cumhurbaskani-secmemelidir","status":"publish","type":"post","link":"https:\/\/www.millicozum.com\/mc\/2007\/mayis-2007\/bu-meclis-niye-bir-cumhurbaskani-secmemelidir\/","title":{"rendered":"BU MECL\u0130S N\u0130YE B\u0130R CUMHURBA\u015eKANI SE\u00c7MEMEL\u0130D\u0130R!?"},"content":{"rendered":"<p>\u00a0  <\/p>\n<p> <strong>Bir AKP&#39;li k\u00f6\u015fke \u00e7\u0131karsa T\u00fcrkiye felakete s\u00fcr\u00fcklenir<\/strong> <\/p>\n<p> <strong>2002 y\u0131l\u0131nda yap\u0131lan se\u00e7imlerde milletimiz AKP&#39;ye bir b\u00fcy\u00fck tevecc\u00fch g\u00f6stererek, ona Cumhuriyet tarihinin hi\u00e7bir h\u00fck\u00fcmetine vermedi\u011fi bir f\u0131rsat\u0131 tan\u0131m\u0131\u015ft\u0131r. Halk\u0131m\u0131z oylar\u0131n\u0131 AKP&#39;ye verirken \u00f6nlerinde bir referans (\u00f6rnek al\u0131nacak) Refah-yol h\u00fck\u00fcmeti vard\u0131 ve onlar\u0131n bir k\u0131sm\u0131 da o h\u00fck\u00fcmette yer alm\u0131\u015f, o iktidar\u0131n milletvekili ve bakan\u0131 olmu\u015flard\u0131. Yoksa se\u00e7imlere girerken AKP hangi icraat\u0131 yapm\u0131\u015flard\u0131 da onunla milletin g\u00fcvenini kazanm\u0131\u015flard\u0131?<\/strong> <\/p>\n<p>  \u00a0  <\/p>\n<p> <strong>\u00a0 TBMM&#39;sinde 550 sandalyeden 368&#39;ine sahip olan AKP, be\u015f y\u0131ld\u0131r iktidarda halk\u0131 memnun edecek esasl\u0131 bir icraat ortaya koyamay\u0131nca, \u015fimdilerde yeni bir yola ba\u015fvurmaktad\u0131r. O da, &quot;Bizim \u00e7\u0131kard\u0131\u011f\u0131m\u0131z kanunlar k\u00f6\u015fkte tak\u0131lmaktad\u0131r. K\u00f6\u015fk\u00fcn May\u0131s 2007&#39;de yap\u0131lacak se\u00e7iminde AKP&#39;den bir isim oraya \u00e7\u0131karsa T\u00fcrkiye&#39;nin \u00f6n\u00fc a\u00e7\u0131lacakt\u0131r&quot; demektedirler. Biraz kula\u011fa da ho\u015f gelen bu propagandan\u0131n ne kadar\u0131 do\u011frudur? AKP&#39;nin be\u015f y\u0131ldan beri yapmak isteyip de k\u00f6\u015fk\u00fcn engelledi\u011fi yasalar nelerdir? Her icraat sadece kanunlarla m\u0131 yap\u0131lmaktad\u0131r?<\/strong> <\/p>\n<p> <strong>\u00a0 Hemen i\u015fin ba\u015f\u0131nda belirtmeliyim ki, TBMM&#39;de ister kanun tasar\u0131lar\u0131 ve ister kanun teklifleri olsun, tamam\u0131ndan iktidar partisi AKP&#39;nin haberi olur ve AKP&#39;nin istedi\u011fi kanunlar meclisten \u00e7\u0131karken istemedi\u011fi hi\u00e7bir kanun meclisten ge\u00e7mez. Kald\u0131 ki Bakanlar Kurulu karar\u0131yla y\u00fcr\u00fct\u00fclen icraatlar ve Bakanl\u0131klar\u0131n kendi yetkilerine dayanarak &quot;Genelgeyle&quot; y\u00fcr\u00fctt\u00fckleri icraatlar\u0131 vard\u0131r.<\/strong> <\/p>\n<p> <strong>\u00a0 28 \u015eubat, milleti ve Milli \u0130radeyi sindirip AKP&#39;yi iktidara getirme giri\u015fimidir.<\/strong> <\/p>\n<p> <strong>\u00a0 <\/strong>Milletimiz 2002&#39;de yap\u0131lan se\u00e7imlerde, 28 \u015eubat&#39;la ba\u015flat\u0131lan bask\u0131c\u0131 bir d\u00f6nemin kalkmas\u0131n\u0131 ve ger\u00e7ek demokrasiye d\u00f6n\u00fclmesini arzulam\u0131\u015ft\u0131. Refah-Yol h\u00fck\u00fcmetinden sonra gelen ANA-SOL-M h\u00fck\u00fcmeti, tam da 28 \u015eubat\u00e7\u0131lar\u0131n istedikleri gibi \u00e7al\u0131\u015fm\u0131\u015f ve onlar\u0131n dikte etti\u011fi icraatlar aynen uygulanm\u0131\u015ft\u0131.\u00a0 H\u00e2lbuki milletimiz, \u00fclkemizin d\u0131\u015f siyasetine ABD, &quot;uyum yasalar\u0131yla&quot; i\u00e7 siyasetine AB (Avrupa Birli\u011fi), ekonomi ve sanayisine IMF dayatmalar\u0131ndan usanm\u0131\u015f \u00fclkemizin ba\u011f\u0131ms\u0131z ve h\u00fcr bir \u00fclkeye yara\u015f\u0131r \u015fekilde idare edilmesini isteyerek ANA-SOL-M&#39;de g\u00f6rev alan partilerin tamam\u0131n\u0131 se\u00e7imlerde tasfiye edip yerine AKP&#39;yi iktidara ta\u015f\u0131m\u0131\u015ft\u0131. Se\u00e7im sonu\u00e7lar\u0131n\u0131n temelinde ise Bat\u0131l\u0131lar\u0131n bizim i\u00e7in uygulad\u0131klar\u0131 4 maddelik &quot;\u0130srail&#39;e kolay lokma yap\u0131lma&quot; programlar\u0131 sona ersin ve tarihin en \u015ferefli milleti, merhum Necip Faz\u0131l&#39;\u0131n; &quot;Y\u00fcz \u00fcst\u00fc \u00e7ok s\u00fcr\u00fcnd\u00fcn, art\u0131k aya\u011fa kalk Sakarya&quot; dedi\u011fi gibi, toparlans\u0131n, umudu vard\u0131. <\/p>\n<p> \u00a0 Ad\u0131na, &quot;Hay\u0131m Naum doktrini&quot; de denen ve Orta do\u011funun tarihi, co\u011frafi, k\u00fclt\u00fcrel ve stratejik a\u00e7\u0131lardan en y\u00fcksek de\u011ferine sahip bir \u00fclkesi ile bunun ba\u011fr\u0131nda bin y\u0131ld\u0131r ya\u015fayan milletimizin, tarih sahnesinden silinebilmesi i\u00e7in uygulanacak \u015feytani projenin esaslar\u0131; T\u00fcrk milleti, &quot;1. \u0130\u015fsiz b\u0131rak\u0131lmal\u0131, 2. A\u00e7 b\u0131rak\u0131lmal\u0131 3. Borca bat\u0131r\u0131lmal\u0131 ve 4. Dininden kopart\u0131lmal\u0131d\u0131r&quot; denmi\u015f ve bunlar ad\u0131m ad\u0131m uygulanm\u0131\u015ft\u0131. <\/p>\n<p> <strong>Recep T. Erdo\u011fan, sanki s\u00f6m\u00fcrge valisidir<\/strong> <\/p>\n<p> <strong>Milletimiz, helalinden r\u0131zk\u0131n\u0131 kazanacak bir imk\u00e2n beklerken, Say\u0131n Ba\u015fbakan daha ilk aylarda sanki &quot;Ekmek bulamayan, pasta yesin&quot; s\u00f6z\u00fcne paralel olarak &quot;Kimse i\u015f i\u00e7in bana gelmesin&quot; diyerek bu taleplerin \u00f6n\u00fcn\u00fc kesip atm\u0131\u015ft\u0131. &quot;\u0130\u015fsizler nereye gitsin, kime ba\u015fvursun&quot; du? Bunun i\u00e7in herhangi bir a\u00e7\u0131klama yap\u0131lmamaktayd\u0131. <\/strong> <\/p>\n<p> <strong>\u00a0 Yeni yat\u0131r\u0131mlar\u0131n yap\u0131lmas\u0131, yeni teknolojilerin kazan\u0131lmas\u0131 ve istihdam sa\u011flanmas\u0131 (\u00e7al\u0131\u015facak i\u015fyerleri) amac\u0131yla de\u011fil, \u00fclkemizde ne kadar k\u00e2rl\u0131 fabrika ve kurulu\u015f varsa hemen hepsi &quot;\u00d6zelle\u015ftirme ad\u0131na&quot; yabanc\u0131 sermayeye sat\u0131lm\u0131\u015f, onlar da buralarda \u00e7al\u0131\u015fan binlerce evlad\u0131m\u0131z\u0131n i\u015flerine son vermi\u015flerdir. Yabanc\u0131lara sat\u0131lanlar sadece fabrika ve i\u015fletmelerle s\u0131n\u0131rl\u0131 kalmam\u0131\u015f, milyon metre kare tutar\u0131ndaki arazilerimiz Yunanl\u0131lar, \u0130srailliler, Almanlar, Frans\u0131zlar v.b taraf\u0131ndan sat\u0131n al\u0131nm\u0131\u015flard\u0131r. (Dedesi, yabanc\u0131lar girmesin diye kan\u0131n\u0131 ve can\u0131n\u0131 verdi\u011fi vatan topra\u011f\u0131, bu g\u00fcn torunlar\u0131 taraf\u0131nda para kar\u015f\u0131l\u0131\u011f\u0131 sat\u0131lmas\u0131n\u0131n zeminini AKP h\u00fck\u00fcmeti sa\u011flamaktad\u0131r) O da yetmiyormu\u015f gibi para kaynaklar\u0131 bankalar\u0131m\u0131z da \u00fc\u00e7er be\u015fer yine yabanc\u0131lar\u0131n eline ge\u00e7mi\u015f bulunmaktad\u0131r. <\/strong> <\/p>\n<p> <strong>\u00a0 \u015eehirler ve k\u00f6ylerde hemen hemen b\u00fct\u00fcn evlerimize girmi\u015f bulunan televizyon kanallar\u0131n\u0131n da yabanc\u0131lara sat\u0131\u015f\u0131 ve devri yap\u0131labilir hale getirilmi\u015ftir. Bu kanallar g\u00fcn\u00fcn yirmi d\u00f6rt saatinde Bat\u0131n\u0131n koku\u015fmu\u015f ahlak\u0131n\u0131 \u00e7ocuklar\u0131m\u0131za bir marifet edas\u0131yla g\u00f6stermektedirler. Ahlak dejenerasyonuna ait daha bir\u00e7ok \u00f6rnek s\u00f6ylemek m\u00fcmk\u00fcnd\u00fcr. H\u00fck\u00fcmetin bunlar\u0131 \u00f6\u011frenmesi i\u00e7in fazla uza\u011fa gitmesine gerek yok. Emniyet Genel M\u00fcd\u00fcrl\u00fc\u011f\u00fcn\u00fcn &quot;y\u0131ll\u0131k su\u00e7lar ve su\u00e7lulardaki art\u0131\u015f&quot; rakamlar\u0131na ve art\u0131\u015f oran\u0131na bir g\u00f6z atarlarsa \u00fclkeyi nas\u0131l y\u00f6netmekte olduklar\u0131na ait orada a\u00e7\u0131k i\u015faretler g\u00f6receklerdir.<\/strong> <\/p>\n<p> <strong>\u00a0 H\u0131zl\u0131 \u00e7\u00f6k\u00fc\u015f\u00fcn sorumlusu AKP&#39;dir.<\/strong> <\/p>\n<p> <strong>\u00a0 &quot;R\u00fczg\u00e2r ekenlerin f\u0131rt\u0131na bi\u00e7mesi normaldir.&quot; 2005-06 \u00f6\u011fretim y\u0131l\u0131 dolarken \u0130zmir&#39;de bir b\u00fcy\u00fck skandal ya\u015fanm\u0131\u015f ve 30 lisede binlerce (her lisede en az 500 \u00f6\u011frenci varsa 30 lisede 1500) gen\u00e7 k\u0131z ve delikanl\u0131n\u0131n \u00f6n\u00fcne &quot;anket yap\u0131yoruz&quot; diyerek i\u00e7eri\u011fi cinsellik olan ve gen\u00e7lerimizi fuh\u015fa y\u00f6nlendiren sorular konulmu\u015ftu. B\u00f6yle bir anket, il milli e\u011fitim m\u00fcd\u00fcr\u00fcn\u00fcn haberi olmadan, \u0130zmir valisi&#39;nin haberi olmadan yap\u0131lamazd\u0131. Onlar\u0131n bu derece c\u00fcretk\u00e2r olmalar\u0131nda hi\u00e7 \u015f\u00fcphesiz Milli E\u011fitim Bakan\u0131n\u0131n ve AKP h\u00fck\u00fcmetinin tutumlar\u0131ndan kaynaklanmaktayd\u0131. Konu bas\u0131na intikal etti\u011fi halde su\u00e7lular i\u00e7in bu g\u00fcne kadar herhangi bir takibata u\u011frad\u0131klar\u0131 \u00f6\u011frenilemedi.<\/strong> <\/p>\n<p> <strong>Siz AB&#39;ye uyum yasalar\u0131 ad\u0131 alt\u0131nda kanun \u00e7\u0131kartarak &quot;zinay\u0131 su\u00e7 olmaktan \u00e7\u0131kart\u0131r&quot; m\u0131s\u0131n\u0131z? Al\u0131n \u00f6yleyse(!)<\/strong> <\/p>\n<p> <strong>2 Kas\u0131m 2006 tarihli gazeteler, \u0130zmir&#39;de annenin \u00e7al\u0131\u015ft\u0131\u011f\u0131 evde onun 17 ayl\u0131k bir k\u0131z \u00e7ocu\u011funa 3 zorba (verecek isim bulam\u0131yorum) taraf\u0131ndan defalarca tecav\u00fcz ediliyor. Bir ba\u015fka tecav\u00fcz olay\u0131 \u015eubat\/2007 i\u00e7inde \u0130zmir Kar\u015f\u0131yaka&#39;da annesiyle evinde ya\u015fayan bir han\u0131m karde\u015fimize yap\u0131l\u0131yor. 5 zorba eve girerek tecav\u00fcz ediyorlar ve m\u00fctecavizler ellerini kollar\u0131n\u0131 sallaya sallaya gidiyorlar. <\/strong> <\/p>\n<p> <strong>\u00a0 \u00dclkemizde haneye tecav\u00fcz, ne zamandan beri mubaht\u0131r(!) acaba, s\u00f6yleyebilir misiniz? Bu g\u00fcn ona yap\u0131lan tecav\u00fcz\u00fcn yar\u0131n senin hanene yap\u0131lmayaca\u011f\u0131n\u0131 kim garanti edebilir? Bu felaketin \u00f6n\u00fcn\u00fc almak i\u00e7in &quot;Bir AKP&#39;linin k\u00f6\u015fke \u00e7\u0131kmas\u0131&quot; m\u0131 gereklidir?3<\/strong> <\/p>\n<p> <strong>Turhan \u00c7\u00f6mez, \u0130stanbul&#39;da uyu\u015fturucuya ula\u015fman\u0131n ne kadar kolay oldu\u011funu bizzat g\u00f6stermi\u015ftir.<\/strong> <\/p>\n<p> <strong>\u00a0 Milletvekili sokak ortas\u0131nda rahatl\u0131kla esrar sat\u0131n alabilmektedir.<\/strong> <\/p>\n<p> <strong>\u00a0 <\/strong>AKP Bal\u0131kesir Milletvekili Turhan \u00c7\u00f6mez, \u0130stanbul&#39;un baz\u0131 semtlerindeki uyu\u015fturucu sat\u0131\u015f\u0131na dikkat \u00e7ekmek amac\u0131yla kendisini &quot;al\u0131c\u0131&quot; olarak tan\u0131tt\u0131\u011f\u0131 uyu\u015fturucu sat\u0131c\u0131lar\u0131ndan esrar sat\u0131n ald\u0131. \u00c7\u00f6mez, \u0130stanbul&#39;un de\u011fi\u015fik semtlerinde oturan vatanda\u015flar\u0131n, kendisine uyu\u015fturucu madde sat\u0131\u015f\u0131 konusunda \u015fikayette bulunmalar\u0131 \u00fczerine, bu konuda yakla\u015f\u0131k 1 ay ara\u015ft\u0131rma yapt\u0131\u011f\u0131n\u0131 s\u00f6yledi. Uyu\u015fturucu madde konusunu kamuoyunun g\u00fcndemine ta\u015f\u0131maya karar verdi\u011fini dile getiren \u00c7\u00f6mez, ara\u015ft\u0131rmalar\u0131 sonucunda \u0130stanbul&#39;un baz\u0131 semtlerinde &quot;pervas\u0131zca&quot; uyu\u015fturucu sat\u0131ld\u0131\u011f\u0131n\u0131 belirledi\u011fini ve bu konuya dikkat \u00e7ekmek i\u00e7in \u0130stanbul&#39;a geldi\u011fini bildirdi. \u00c7\u00f6mez, daha sonra gece ge\u00e7 saatlerde, Gaziosmanpa\u015fa Sar\u0131g\u00f6l Mahallesi&#39;ne gitti. <\/p>\n<p> <strong>\u00a0 Polis e\u015fli\u011finde ikinci kez ald\u0131<\/strong> <\/p>\n<p> \u00a0 Polisin iste\u011fi \u00fczerine, bir sivil memurla ayn\u0131 yere ikinci defa giden \u00c7\u00f6mez, ayn\u0131 \u00e7ocuktan 15 YTL kar\u015f\u0131l\u0131\u011f\u0131nda naylona sar\u0131l\u0131 bir tutam daha esrar sat\u0131n alarak, sat\u0131c\u0131n\u0131n belirlenmesini sa\u011flad\u0131. Turhan \u00c7\u00f6mez, Gaziosmanpa\u015fa&#39;n\u0131n Sar\u0131g\u00f6l ve Bursa mahalleleri, Esenler&#39;de Karabay\u0131r, Beyo\u011flu&#39;nda Dolapdere ve Selams\u0131z&#39;\u0131n uyu\u015fturucunun yo\u011fun olarak sat\u0131ld\u0131\u011f\u0131 yerler oldu\u011funu \u00f6ne s\u00fcrd\u00fc. <\/p>\n<p> \u00a0 Uyu\u015fturucu belas\u0131n\u0131n T\u00fcrkiye i\u00e7in b\u00fcy\u00fck bir tehdit oldu\u011funu vurgulayan \u00c7\u00f6mez, &quot;Bunu fark etmek ve \u00f6nlem almak mecburiyetindeyiz. Uyu\u015fturucuyla tan\u0131\u015fma ya\u015f\u0131 12&#39;ye d\u00fc\u015fm\u00fc\u015f. Pek \u00e7ok okul uyu\u015fturucu tehdidi alt\u0131nda. Gen\u00e7leri bu beladan kurtarmak i\u00e7in ivedi olarak \u00f6nlem almak zorunday\u0131z&quot; dedi. <\/p>\n<p> \u00a0 \u00c7\u00f6mez, Gaziosmanpa\u015fa \u0130l\u00e7e Emniyet M\u00fcd\u00fcrl\u00fc\u011f\u00fc&#39;n\u00fcn y\u00fczlerce vakaya i\u015flem yapt\u0131\u011f\u0131n\u0131, ancak dosyalara bak\u0131ld\u0131\u011f\u0131nda \u015f\u00fcphelilerin neredeyse tamam\u0131n\u0131n savc\u0131l\u0131ktan serbest b\u0131rak\u0131ld\u0131\u011f\u0131n\u0131n g\u00f6r\u00fcld\u00fc\u011f\u00fcn\u00fc belirterek, &quot;Demek ki ortada ciddi yasal bo\u015fluklar var. Bu konuda \u00e7al\u0131\u015fma yapmam\u0131z \u015fart&quot; diye konu\u015ftu.4 <\/p>\n<p> <strong>\u00a0 Bakanl\u0131k M\u00fcste\u015far\u0131 toplant\u0131ya kat\u0131lmay\u0131nca Dan\u0131\u015ftay ve Yarg\u0131tay&#39;\u0131n bo\u015f \u00fcyeliklerine yeni \u00fcye se\u00e7imi kilitlenmi\u015f ve yarg\u0131 krizi ba\u015f g\u00f6stermi\u015ftir:<\/strong> <\/p>\n<p> <strong>\u00a0 <\/strong>Hakimler ve Savc\u0131lar Y\u00fcksek Kurulu (HSYK), Adalet Bakanl\u0131\u011f\u0131 M\u00fcste\u015far\u0131 Fahri Kas\u0131rga&#39;n\u0131n sa\u011fl\u0131k sorunlar\u0131 nedeniyle hastaneye sevk ald\u0131\u011f\u0131 bildirildi\u011finden M\u00fcste\u015far Vekili&#39;nin toplant\u0131ya kat\u0131lmas\u0131 y\u00f6n\u00fcnde Adalet Bakanl\u0131\u011f\u0131na yaz\u0131 yaz\u0131ld\u0131\u011f\u0131n\u0131, ancak yaz\u0131ya yan\u0131t verilmedi\u011fi ve toplant\u0131n\u0131n yap\u0131lamad\u0131\u011f\u0131n\u0131 bildirmi\u015fti. <\/p>\n<p> \u00a0 HSYK, Dan\u0131\u015ftay ve Yarg\u0131tay&#39;\u0131n bo\u015f \u00fcyeliklerine yap\u0131lacak se\u00e7im g\u00fcndemiyle saat 10.00&#39;da yeniden topland\u0131. Toplant\u0131 sonras\u0131nda HSYK&#39;dan yap\u0131lan yaz\u0131l\u0131 a\u00e7\u0131klamada, kurulun 13 Mart 2007 tarihinde Yarg\u0131tay ve Dan\u0131\u015ftay \u00fcyeli\u011fi se\u00e7imi i\u00e7in 20 Mart 2007 tarihini belirledi\u011fi s\u00f6ylenmi\u015fti. <\/p>\n<p> \u00a0 Se\u00e7imin belirtilen g\u00fcnde sonu\u00e7lanmamas\u0131 halinde m\u00fcteakip g\u00fcndemlere \u00f6ncelikli olarak al\u0131nmas\u0131na, Adalet Bakanl\u0131\u011f\u0131 M\u00fcste\u015far\u0131 Fahri Kas\u0131rga&#39;n\u0131n kar\u015f\u0131 oyu ve oy \u00e7oklu\u011fuyla karar verildi\u011fi anlat\u0131lan a\u00e7\u0131klamada, 20 Mart&#39;ta M\u00fcste\u015far Kas\u0131rga&#39;n\u0131n toplant\u0131ya kat\u0131lmamas\u0131 nedeniyle yasa gere\u011fi \u00fcye tam say\u0131s\u0131yla toplanmas\u0131 gereken Y\u00fcksek Kurulun toplanamad\u0131\u011f\u0131 ve \u00e7al\u0131\u015fmalar\u0131n\u0131 s\u00fcrd\u00fcremedi\u011fi kaydedilmi\u015fti. <\/p>\n<p> \u00a0 Sonunda yakla\u015fan krizi fark eden Adalet bakan\u0131 ve m\u00fcste\u015far\u0131 toplant\u0131ya kat\u0131larak, aylar sonrada olsa bo\u015f \u00fcyeler nihayet se\u00e7ilebilmi\u015ftir.5 <\/p>\n<p> <strong>\u00a0 Diyanet dini tahribe y\u00f6nelmi\u015ftir: &quot;Din-Ayet&quot; Direktoryas\u0131 Prezidentli\u011fine\u00a0 <\/strong> <\/p>\n<p> <strong>\u00a0 D\u0130N kitaplar\u0131m\u0131zda beyan edilen kurallardan biri de \u015fudur: Dinen t\u00e2zim edilmesi (ululanmas\u0131, sayg\u0131 g\u00f6sterilmesi) gereken bir \u015feyi tahkir etmek (a\u015fa\u011f\u0131lamak) k\u00fcf\u00fcrd\u00fcr. Yine, dinen tahkir edilmesi gereken bir \u015feyi t\u00e2zim etmek de k\u00fcf\u00fcrd\u00fcr.<\/strong> <\/p>\n<p> <strong>\u00a0 Prezidentlik taraf\u0131ndan M\u00fcsl\u00fcmanlar\u0131n toplanma yerlerinde okunan din\u00ee hitabe metinlerine, \u0130sl\u00e2m dinine ve yukar\u0131da arz etmi\u015f oldu\u011fum prensibe ayk\u0131r\u0131 c\u00fcmleler yerle\u015ftirilmektedir.<\/strong> <\/p>\n<p> <strong>\u00a0 Say\u0131n Prezidentli\u011fin bu konuda b\u00fcy\u00fck vebali ve sorumlulu\u011fu vard\u0131r. Bundan dolay\u0131 Prezidentlik hocalar\u0131 Y\u00fcce Allah&#39;a nas\u0131l hesap vereceklerdir? <\/strong> <\/p>\n<p> <strong>\u00a0 Me\u015fhur m\u00fctefennin ve mucit (bilim ve teknik adam\u0131, bulu\u015f\u00e7u) Kedison maytab\u0131 icat etmi\u015f&#8230; Bu y\u00fczden Cennete girecekmi\u015f. Bu gibi iddialar \u0130sl\u00e2m dinine g\u00f6re hezeyandan ibarettir. Kedison, b\u0131rak\u0131n\u0131z Y\u00fcce \u0130sl\u00e2m dinine g\u00f6re, hatt\u00e2 Musevili\u011fe ve H\u0131ristiyanl\u0131\u011fa g\u00f6re Cennete giremez. \u00c7\u00fcnk\u00fc o, b\u00e2t\u0131l veya hak hi\u00e7bir dine inanmamaktad\u0131r. Baz\u0131 \u00e7okbilmi\u015fler bir dine ba\u011fl\u0131 de\u011fildir ama haniftir diyebilirler. Bu iddiada hezeyandan ibarettir. Muhammed aleyhissel\u00e2t\u00fc vessel\u00e2m\u0131n ris\u00e2let, tebligat ve d\u00e2veti ula\u015ft\u0131ktan sonra haniflik olmaz. Ya m\u00fc&#39;minlik olur, ya k\u00e2firlik.<\/strong> <\/p>\n<p> <strong>\u00a0 \u0130badet yerlerindeki din\u00ee konu\u015fmalara, vaazlara, hutbelere kesinlikle siyaset ve ideoloji kar\u0131\u015ft\u0131r\u0131lmamas\u0131 gerekir.<\/strong> <\/p>\n<p> <strong>\u00a0 Lenin, Stalin, Mao, Tito gibi diktat\u00f6rlerin \u00f6v\u00fclece\u011fi yerler camiler de\u011fil, politik partiya merkezleri ve \u015fubeleridir.<\/strong> <\/p>\n<p> <strong>\u00a0 Say\u0131n Prezidentlik y\u00fcksek tabaka sorumlular\u0131 sak\u0131n \u015fu kuruntuya kap\u0131lmas\u0131nlar: Biz hocay\u0131z, din\u00ee k\u00fclt\u00fcr\u00fcm\u00fcz vard\u0131r, B\u00fcy\u00fck \u0130l\u00e2h\u00ee Mahkemede pa\u00e7am\u0131z\u0131 kurtar\u0131r\u0131z&#8230; Bunlar \u015feytan\u00ee vesvese ve kuruntulardan ba\u015fka bir \u015fey de\u011fildir.<\/strong> <\/p>\n<p> <strong>\u00a0 Baz\u0131 Liselerde Prezervatif Da\u011f\u0131t\u0131m\u0131 zinay\u0131 te\u015fviktir!<\/strong> <\/p>\n<p> Zaman gazetesinin internet sitesinde (16 Mart 2007) okudum. \u0130stanbul&#39;un baz\u0131 semtlerindeki liselerde \u00f6zel bir vak\u0131f seminerler veriyormu\u015f. Bu &quot;Aile Sa\u011fl\u0131\u011f\u0131&quot; toplant\u0131lar\u0131nda \u00f6\u011frencilere e\u015fcinsellik anlat\u0131lmakta, sap\u0131k e\u011filimler normalmi\u015f gibi g\u00f6sterilmekte, hatta cinsellik derslerinden sonra okul \u00e7\u0131k\u0131\u015f\u0131nda bir firma \u00f6\u011frencilere \u00fccretsiz prezervatif da\u011f\u0131tmaktaym\u0131\u015f. <\/p>\n<p> \u00a0 Bu cinsellik seminerleri resm\u00ee izinle yap\u0131lmaktaym\u0131\u015f. <\/p>\n<p> \u00a0 K\u0131z erkek kar\u0131\u015f\u0131k bulunup cinsel terbiye almaktaym\u0131\u015f!?. <\/p>\n<p> \u00a0 Cinsellik, cinsel ili\u015fkiler resimli ve projeksiyonlu g\u00f6sterilip uygulama a\u015famas\u0131na haz\u0131rlanmaktaym\u0131\u015f&#8230; <\/p>\n<p> \u00d6\u011frencilere, bu derslerden ailelerinize bahs etmeyin diye tenbihat bulunmaktaym\u0131\u015f. <\/p>\n<p> \u00a0 Velilerin \u00e7o\u011funlu\u011fu bunlardan \u00e7ok rahats\u0131z ve tedirgin oluyormu\u015f. <\/p>\n<p> \u00a0 Gazetenin muhabiriyle konu\u015fan bir \u00f6\u011frenci, cinsel konularda bilgilendirilmenin faydal\u0131 olabilece\u011fini ama k\u0131z erkek kar\u0131\u015f\u0131k olarak ve resim ve \u015femalarla bu konunun anlat\u0131lmas\u0131n\u0131n kendilerini utand\u0131rd\u0131\u011f\u0131n\u0131, hay\u00e2 duygular\u0131n\u0131 zedeledi\u011fini a\u00e7\u0131klam\u0131\u015f. <\/p>\n<p> <strong>Herkesin bildi\u011fi gibi zaman\u0131m\u0131z Avrupa&#39;s\u0131nda cinsellik konusunda ba\u015f\u0131bo\u015fluk ve a\u015f\u0131r\u0131 serbestlik vard\u0131r.<\/strong> <\/p>\n<p> <strong>\u00a0 Orada erkeklerle erkeklerin, kad\u0131nlarla kad\u0131nlar\u0131n resmen evlenmesi ve yuva kurmas\u0131 kanunen serbesttir. Hatta b\u00f6yle \u00e7iftler evl\u00e2tl\u0131k alarak \u00e7ocuk sahibi de olabilmektedir. Ge\u00e7ti\u011fimiz y\u0131llarda baz\u0131 kiliselerde bu gibi nik\u00e2hlar da k\u0131y\u0131lm\u0131\u015ft\u0131r.<\/strong> <\/p>\n<p> <strong>\u00a0 Bat\u0131sever \u00e7a\u011fda\u015flar \u00fclkemize de bu standartlar\u0131 getirmek ve ahlak\u0131m\u0131z\u0131 k\u00f6kten bitirmek istemektedir.<\/strong> <\/p>\n<p> <strong>Zeytinburnu, Gaziosmanpa\u015fa, Bayrampa\u015fa liselerinde verilen cinsellik dersleri Mill\u00ee E\u011fitim M\u00fcd\u00fcrl\u00fc\u011f\u00fc&#39;nden al\u0131nan resm\u00ee izin ile yap\u0131lmakta ve kimse bunu \u00f6nleyememektedir.<\/strong> <\/p>\n<p> <strong>\u00a0 15 ya\u015f\u0131ndan k\u00fc\u00e7\u00fck M\u00fcsl\u00fcman \u00e7ocuklar\u0131n din ve Kur&#39;\u00e2n dersleri almas\u0131n\u0131 yasaklayan, bu yasa\u011f\u0131 ihl\u00e2l eden M\u00fcsl\u00fcman hocalara hapis cezas\u0131 veren bug\u00fcnk\u00fc sistem nedense bu cinsellik faaliyetlerine, baz\u0131 liselerin kap\u0131lar\u0131nda \u00f6\u011frencilere bedava prezervatif da\u011f\u0131t\u0131lmas\u0131na hi\u00e7 ses \u00e7\u0131kartmamaktad\u0131r.<\/strong> <\/p>\n<p> <strong>\u00a0 AKP b\u00fcnyesinde hayli dindar, musalli, geleneksel mill\u00ee ahl\u00e2ka ba\u011fl\u0131 milletvekili bulunmaktad\u0131r. Onlar\u0131n bu gibi faaliyetleri bilmeleri, yak\u0131ndan takip etmeleri ve gerekeni yapmalar\u0131 icap etmez mi?<\/strong> <\/p>\n<p> <strong>\u00a0 1950&#39;den \u00f6nce Mill\u00ee \u015eef \u0130smet Pa\u015fa devrinde K\u00f6y Enstit\u00fcleri kurulmu\u015f ve bunlarda, Sovyetler Birli\u011fi&#39;ndeki e\u011fitim sistemi tatbik edilmi\u015fti. O okullarda da cinsellik konusunda serbestlik fikri a\u015f\u0131lan\u0131yordu. Hatt\u00e2 o zaman\u0131n gazetelerinde, dergilerinde, kitaplar\u0131nda bu enstit\u00fclerde okuyan baz\u0131 k\u00fc\u00e7\u00fck (hen\u00fcz re\u015fid\/ergin olmayan) k\u0131zlar\u0131n h\u00e2mile kald\u0131klar\u0131 hakk\u0131nda bilgiler bulunmaktad\u0131r.<\/strong> <\/p>\n<p> <strong>\u00a0 Kom\u00fcnist sisteminde, \u0130sl\u00e2m ahl\u00e2k\u0131n\u0131n temel ilkelerinden ve de\u011ferlerinden olan hay\u00e2\/utanma duygusuna yer b\u0131rak\u0131lmam\u0131\u015ft\u0131r. K\u00f6hnemi\u015f kom\u00fcnist zihniyetin bir temsilcisi olan Abdullah \u00d6calan da &quot;Nas\u0131l Ya\u015famal\u0131&quot; kitab\u0131n\u0131n (We\u015fanen-Serxwebun-70) 2. bask\u0131 50-130 sh. Aras\u0131nda, &quot;K\u00fcrt kad\u0131nlar\u0131n\u0131n \u00f6zg\u00fcrle\u015fmesi i\u00e7in tek bir erke\u011fin nikah\u0131na esir olmaktan kurtulmas\u0131 gerekti\u011fini savunmaktad\u0131r. Halbuki hi\u00e7bir M\u00fcsl\u00fcman K\u00fcrt karde\u015fimiz b\u00f6yle bir ahlaks\u0131zl\u0131\u011f\u0131 asla kabule yana\u015fmayacakt\u0131r. (M.\u00c7.)<\/strong> <\/p>\n<p> Peygamberimiz &quot;Hay\u00e2 (utanma) imandand\u0131r&quot; buyurmu\u015flard\u0131r. <\/p>\n<p> \u00a0 Bu haberi \u00f6\u011frenen her vatanda\u015f en az 10 ki\u015fiye duyurmal\u0131d\u0131r. <\/p>\n<p> \u00a0 AKP iktidar\u0131 uyar\u0131lmal\u0131d\u0131r. <\/p>\n<p> \u00a0 \u015eik\u00e2yetler ve ba\u015fvurular telefonla s\u00f6zl\u00fc olarak de\u011fil, mutlaka yaz\u0131l\u0131 olarak yap\u0131lmal\u0131d\u0131r. <\/p>\n<p> \u00a0 Birka\u00e7 hukuk\u00e7u bir araya gelsin ve okullarda \u00e7ocuklara cinsellik, e\u015fcinsellik, lezbiyenlik konusunda b\u00f6yle e\u011fitim verilmesini ve kap\u0131larda bedava prezervatif da\u011f\u0131t\u0131lmas\u0131 konusunda yetkili mahkemelerde d\u00e2v\u00e2 a\u00e7\u0131lmal\u0131d\u0131r. <\/p>\n<p> \u00a0 Bunca gazetemiz, dergimiz, derne\u011fimiz, vakf\u0131m\u0131z, \u00f6zel diyanetimiz, sivil kurulu\u015fumuz var. Onlar harekete ge\u00e7ip maddi ve manevi haklar\u0131m\u0131z savunulmal\u0131d\u0131r. <\/p>\n<p> \u00a0 Baz\u0131 okullarda on be\u015f ya\u015f\u0131ndaki \u00e7ocuklar\u0131m\u0131za bedava prezervatif da\u011f\u0131t\u0131ld\u0131\u011f\u0131na g\u00f6re herhalde bunlar\u0131 k\u00fct\u00fcphanelerine koymalar\u0131 i\u00e7in de\u011fil, kullanmalar\u0131 i\u00e7in da\u011f\u0131t\u0131yorlar. Bu ne demektir? <\/p>\n<p> \u00a0 Tekrar ediyorum, hay\u00e2 imandand\u0131r, hay\u00e2 giderse din de gider, iman da&#8230; 6 <\/p>\n<p> <\/p>\n<p> [1] 25.03.2007 \/ R\u0131za Y. Talip \/ Milli Gazete <\/p>\n<p> [1] (aa) <\/p>\n<p> [1] (aa) <\/p>\n<p> [1]\u00a0 23.03.2007 \/ Mehmet \u015eevket Eygi \/ Milli Gazete <\/p>\n","protected":false},"excerpt":{"rendered":"<p>\u00a0  <\/p>\n<p> <strong>Bir AKP&#39;li k\u00f6\u015fke \u00e7\u0131karsa T\u00fcrkiye felakete s\u00fcr\u00fcklenir<\/strong> <\/p>\n<p> <strong>2002 y\u0131l\u0131nda yap\u0131lan se\u00e7imlerde milletimiz AKP&#39;ye bir b\u00fcy\u00fck tevecc\u00fch g\u00f6stererek, ona Cumhuriyet tarihinin hi\u00e7bir h\u00fck\u00fcmetine vermedi\u011fi bir f\u0131rsat\u0131 tan\u0131m\u0131\u015ft\u0131r. Halk\u0131m\u0131z oylar\u0131n\u0131 AKP&#39;ye verirken \u00f6nlerinde bir referans (\u00f6rnek al\u0131nacak) Refah-yol h\u00fck\u00fcmeti vard\u0131 ve onlar\u0131n bir k\u0131sm\u0131 da o h\u00fck\u00fcmette yer alm\u0131\u015f, o iktidar\u0131n milletvekili ve bakan\u0131 olmu\u015flard\u0131. Yoksa se\u00e7imlere girerken AKP hangi icraat\u0131 yapm\u0131\u015flard\u0131 da onunla milletin g\u00fcvenini kazanm\u0131\u015flard\u0131?<\/strong> <\/p>\n","protected":false},"author":2,"featured_media":0,"comment_status":"open","ping_status":"closed","sticky":false,"template":"","format":"standard","meta":{"footnotes":""},"categories":[69],"tags":[],"class_list":["post-924","post","type-post","status-publish","format-standard","hentry","category-mayis-2007"],"_links":{"self":[{"href":"https:\/\/www.millicozum.com\/mc\/wp-json\/wp\/v2\/posts\/924","targetHints":{"allow":["GET"]}}],"collection":[{"href":"https:\/\/www.millicozum.com\/mc\/wp-json\/wp\/v2\/posts"}],"about":[{"href":"https:\/\/www.millicozum.com\/mc\/wp-json\/wp\/v2\/types\/post"}],"author":[{"embeddable":true,"href":"https:\/\/www.millicozum.com\/mc\/wp-json\/wp\/v2\/users\/2"}],"replies":[{"embeddable":true,"href":"https:\/\/www.millicozum.com\/mc\/wp-json\/wp\/v2\/comments?post=924"}],"version-history":[{"count":0,"href":"https:\/\/www.millicozum.com\/mc\/wp-json\/wp\/v2\/posts\/924\/revisions"}],"wp:attachment":[{"href":"https:\/\/www.millicozum.com\/mc\/wp-json\/wp\/v2\/media?parent=924"}],"wp:term":[{"taxonomy":"category","embeddable":true,"href":"https:\/\/www.millicozum.com\/mc\/wp-json\/wp\/v2\/categories?post=924"},{"taxonomy":"post_tag","embeddable":true,"href":"https:\/\/www.millicozum.com\/mc\/wp-json\/wp\/v2\/tags?post=924"}],"curies":[{"name":"wp","href":"https:\/\/api.w.org\/{rel}","templated":true}]}}