{"id":925,"date":"2007-05-03T03:59:48","date_gmt":"2007-05-03T03:59:48","guid":{"rendered":"https:\/\/www.millicozum.com\/mc\/2007\/05\/03\/erbakanin-son-uyarisi\/"},"modified":"2007-05-03T03:59:48","modified_gmt":"2007-05-03T03:59:48","slug":"erbakanin-son-uyarisi","status":"publish","type":"post","link":"https:\/\/www.millicozum.com\/mc\/2007\/mayis-2007\/erbakanin-son-uyarisi\/","title":{"rendered":"ERBAKAN&#8217;IN SON UYARISI"},"content":{"rendered":"<div> \u00a0  <\/p>\n<p> Uzun bir aradan sonra, Erbakan Hoca, Balgat&#39;taki konutunda, 30. Mart. 2007 Cuma g\u00fcn\u00fc bas\u0131n mensuplar\u0131n\u0131 kabul etti ve Cumhurba\u015fkanl\u0131\u011f\u0131 se\u00e7imi konusunda tarihi a\u00e7\u0131klamalar ve uyar\u0131lar yapt\u0131.  <\/p>\n<p> \u00a0 &quot;\u00c7anakkale ge\u00e7ilmemelidir&quot; diyerek yakla\u015fan cumhurba\u015fkanl\u0131\u011f\u0131 ve genel se\u00e7imlerin; d\u0131\u015f g\u00fc\u00e7lerin ve i\u015fbirlik\u00e7ilerin planlar\u0131 do\u011frultusunda yap\u0131lmas\u0131 halinde 90 sene \u00f6nce ge\u00e7ilemeyen \u00c7anakale&#39;nin \u015fimdi ge\u00e7ilece\u011fini; Siyonist ve emperyalist g\u00fc\u00e7lerin amac\u0131na eri\u015fece\u011fini ve gelece\u011fimizin tehlikeye girece\u011fini hat\u0131rlatt\u0131.  <\/p>\n<\/p><\/div>\n<p>  \u00a0  <\/p>\n<p> \u00a0 Erbakan Hoca&#39;n\u0131n mesajlar\u0131: Hem AKP h\u00fck\u00fcmetine, hem milletimize, hem de etkili ve yetkili kesimlere \u00e7ok \u00f6nemli bir uyar\u0131 ve g\u00f6rev \u00e7a\u011fr\u0131s\u0131 anlam\u0131 ta\u015f\u0131maktayd\u0131.  <\/p>\n<p> \u00a0 <strong>Evet, T\u00fcrkiye; Medya mahkumu ve g\u00fc\u00e7 odaklar\u0131n\u0131n g\u00fcd\u00fcml\u00fc robotu haline getirilmi\u015f zavall\u0131 insanlar\u0131n demokratik duyars\u0131zl\u0131\u011f\u0131na b\u0131rak\u0131lamazd\u0131.<\/strong>  <\/p>\n<p> <strong>Yeni bir kurtulu\u015f m\u00fccadelesi<\/strong>  <\/p>\n<p> <strong>\u00a0 \u00a0&quot;T\u00fcrkiye&#39;nin bulundu\u011fu noktan\u0131n, mutlaka yeni bir kurtulu\u015f m\u00fccadelesi gerektirdi\u011fi&quot; g\u00f6r\u00fc\u015f\u00fcn\u00fc dile getiren Erbakan Hoca;, &quot;T\u00fcrkiyemiz AKP d\u00f6neminde; tamamen d\u0131\u015f g\u00fc\u00e7lerin emirlerine kap\u0131lm\u0131\u015f ve bir nevi \u0130srail&#39;e yumu\u015fak lokma olarak haz\u0131rlanmak \u00fczere her bak\u0131mdan tahribata u\u011fram\u0131\u015ft\u0131r&quot; diyerek; &quot;Ekonominin IMF&#39;nin emriyle y\u0131k\u0131ld\u0131\u011f\u0131n\u0131, 2 milyon k\u00f6yl\u00fcn\u00fcn evini terk ederek \u015fehrin varo\u015flar\u0131na gelip s\u0131\u011f\u0131nd\u0131\u011f\u0131n\u0131, esnaf\u0131n kepengini a\u00e7amad\u0131\u011f\u0131n\u0131, memurun ekmek alamad\u0131\u011f\u0131n\u0131, k\u00f6yl\u00fcn\u00fcn mahvu peri\u015fan b\u0131rak\u0131ld\u0131\u011f\u0131n\u0131, emeklilerin b\u00fcy\u00fck bir s\u0131k\u0131nt\u0131 i\u00e7inde k\u0131vrand\u0131\u011f\u0131n\u0131 belirten Erbakan, bunlara ilaveten &quot;korkun\u00e7 bir manevi tahribat\u0131n yap\u0131ld\u0131\u011f\u0131n\u0131&quot; vurgulad\u0131.<\/strong>  <\/p>\n<p> <strong>\u00a0 Erbakan, misyonerlik faaliyetleri ile \u00dclkenin inanc\u0131ndan uzakla\u015ft\u0131r\u0131lmas\u0131 i\u00e7in hi\u00e7bir d\u00f6nemde g\u00f6r\u00fclmemi\u015f bir tahribat\u0131n ya\u015fand\u0131\u011f\u0131n\u0131 ve uyu\u015fturucunun 11 ya\u015f\u0131ndaki \u00e7ocuklara kadar yayg\u0131nla\u015ft\u0131\u011f\u0131n\u0131 anlatt\u0131.<\/strong>  <\/p>\n<p> <strong>\u00a0 Maya ve karakter meselesi!<\/strong>  <\/p>\n<p> <strong>\u00a0 D\u0131\u015f politikay\u0131 &quot;facia&quot; olarak niteleyen Erbakan, \u015fu ger\u00e7ekleri s\u0131ralad\u0131:<\/strong>  <\/p>\n<p> <strong>\u00a0 &quot;Ne olursa olsun AB&#39;ye girece\u011fiz d\u00fc\u015f\u00fcncesine kap\u0131larak; bilgisiz, tecr\u00fcbesiz, vizyonsuz, \u015fuursuz bir y\u00f6netimin sonucu olarak, bug\u00fcn adeta Avrupa&#39;ya k\u00f6le olunmu\u015ftur. Her g\u00fcn bizden bir \u015fey istenmektedir. Bug\u00fcn bunu verece\u011fiz, yar\u0131n \u015funu verece\u011fiz&quot; durumuna d\u00fc\u015f\u00fcr\u00fclm\u00fc\u015f konumday\u0131z.<\/strong>  <\/p>\n<p> <strong>\u00a0 &quot;Ekonomik y\u0131k\u0131m, manevi tahribat ve d\u0131\u015f politika facias\u0131, T\u00fcrkiye&#39;mizi peri\u015fan etmi\u015ftir. Biz bu arkada\u015flar\u0131m\u0131z i\u015fe ba\u015flarken kendilerine gereken nasihat\u0131 yapt\u0131k. Dedik ki, &#39;Siz orta yere \u00e7\u0131kt\u0131n\u0131z. Tarihin en b\u00fcy\u00fck devletini idare etmek kolay bir i\u015f zannediyorsunuz. Halbuki bunu idare etmek maya ister. Bu olmad\u0131ktan sonra tecr\u00fcbesiz bir \u015fekilde, bilgisiz bir \u015fekilde ve vizyonsuz olarak ortaya \u00e7\u0131karsan\u0131z T\u00fcrkiye&#39;ye en b\u00fcy\u00fck k\u00f6t\u00fcl\u00fc\u011f\u00fc yapars\u0131n\u0131z.&#39; Ama dinlemediler.&quot; S\u00f6zleriyle, AKP&#39;nin \u00fclkeyi ve kendilerini nas\u0131l bir felakete s\u00fcr\u00fcklediklerini an\u0131msatt\u0131.<\/strong>  <\/p>\n<p> <strong>\u00a0 Bir k\u0131s\u0131m i\u015fbirlik\u00e7i bas\u0131n, i\u015f adam\u0131 ve politikac\u0131lar\u0131n T\u00fcrkiye&#39;nin mahvolmas\u0131na katk\u0131da bulunduklar\u0131n\u0131 belirten Erbakan, milletin tarihte bir\u00e7ok defa bu hallere getirildi\u011fini ama her seferinde &quot;milli g\u00f6r\u00fc\u015fe sar\u0131larak&quot; harikalar yaratt\u0131\u011f\u0131n\u0131 s\u00f6yleyerek: &quot;Bug\u00fcn yeni bir \u0130stiklal Sava\u015f\u0131 yapmam\u0131z bu nedenle gerekiyor&quot; ger\u00e7e\u011fini tekrarlad\u0131.<\/strong>  <\/p>\n<p> <strong>\u00a0 &quot;T\u00fcrkiye&#39;nin gafil ve cahillerin elinde bug\u00fcne geldi\u011fini, ancak b\u00f6yle gidemeyece\u011fini&quot; \u00f6zellikle vurgulayan Erbakan Hoca &quot;Vatan\u0131n\u0131 milletini seven herkesin b\u00fct\u00fcn g\u00fcc\u00fcyle 75 milyon insan\u0131 uyand\u0131rmas\u0131 ve yeni bir \u015fahlan\u0131\u015f ile birka\u00e7 ay i\u00e7inde yap\u0131lacak se\u00e7imde milletimizi bu bilgisiz, tecr\u00fcbesiz insanlar\u0131n elinden kurtarmas\u0131 mecburiyeti vard\u0131r. Bu bir istiklal sava\u015f\u0131d\u0131r&quot; diyerek tarihi sorumluluklar\u0131m\u0131za ve \u00fclkenin talihsiz gidi\u015fat\u0131na dikkat \u00e7ekmeye \u00e7al\u0131\u015ft\u0131.<\/strong>  <\/p>\n<p> <\/p>\n<p> <strong>Cumhurba\u015fkanl\u0131\u011f\u0131 se\u00e7imi ve Hoca&#39;n\u0131n \u00f6nerisi<\/strong>  <\/p>\n<p> <strong>\u00a0 Erbakan, bir gazetecinin, &quot;Sizin de \u00fczerinde eme\u011finiz olan Ba\u015fbakan Erdo\u011fan&#39;\u0131n cumhurba\u015fkan\u0131 olmas\u0131na nas\u0131l bakars\u0131n\u0131z&quot; sorusuna ise \u015fu yan\u0131t\u0131 verdi:<\/strong>  <\/p>\n<p> <strong>\u00a0 &quot;Biz 1969 y\u0131l\u0131nda Meclise girdi\u011fimiz zaman Anayasa&#39;da hangi de\u011fi\u015fiklikleri istiyorsunuz suali bize sorulmu\u015ftu. 7 tane teklif vermi\u015ftik. Bunlardan birisi de cumhurba\u015fkan\u0131n\u0131 milletin se\u00e7mesidir. \u00c7\u00fcnk\u00fc Cumhurba\u015fkan\u0131 milleti temsil eden bir kimsedir. Millet taraf\u0131ndan se\u00e7ilmesi tarihi ananelerimize \u00fclkemizin ger\u00e7eklerine de uygun d\u00fc\u015fmektedir.&quot;<\/strong>  <\/p>\n<p> <strong>\u00a0 Bilgisiz, tecr\u00fcbesiz, yeteneksiz!<\/strong>  <\/p>\n<p> \u00a0 Ekonomik y\u0131k\u0131m, manevi tahribat, d\u0131\u015f politika facias\u0131n\u0131n T\u00fcrkiye&#39;yi peri\u015fan etti\u011fini anlatan Erbakan, AKP iktidar\u0131na y\u00f6nelik \u015fu ele\u015ftirilerde bulundu:  <\/p>\n<p> \u00a0 &quot;Biz bu arkada\u015flar\u0131m\u0131z i\u015fe ba\u015flarken, kendilerine gerekli nasihatleri yapt\u0131k. Dedik ki, bak \u00e7ocuk\u00e7a ortaya \u00e7\u0131kt\u0131n\u0131z. Tarihin en b\u00fcy\u00fck devletini idareyi etmeyi kolay bir i\u015f zannediyorsunuz. Halbuki bunu idare etmek i\u00e7in maya ister. Bu olmad\u0131ktan sonra, tecr\u00fcbesiz ve bilgisiz bir \u015fekilde, vizyonsuz ortaya \u00e7\u0131karsan\u0131z T\u00fcrkiye&#39;ye en b\u00fcy\u00fck k\u00f6t\u00fcl\u00fc\u011f\u00fc yapars\u0131n\u0131z. Dinlemediler. \u00dczerimizde 5 y\u0131ldan beri Haim Nahum doktrini uygulan\u0131yor. T\u00fcrkiye&#39;yi a\u00e7 b\u0131rakacaks\u0131n\u0131z, i\u015fsiz b\u0131rakacaks\u0131n\u0131z, borca esir edeceksiniz. Dininden uzakla\u015ft\u0131racaks\u0131n\u0131z. B\u00f6ylece \u0130srail&#39;in yutmas\u0131 i\u00e7in yumu\u015fak lokma haline getireceksiniz&quot;  <\/p>\n<p> \u00a0 Bir k\u0131s\u0131m i\u015fbirlik\u00e7i bas\u0131n, i\u015fadamlar\u0131 ve politikac\u0131lar\u0131n T\u00fcrkiye&#39;nin mahvolmas\u0131na katk\u0131da bulunduklar\u0131n\u0131 ifade eden Erbakan, &quot;Bu facialar\u0131 dile getirmiyorlar. Milleti narkozluyorlar. Milletimiz bu duruma ilk defa d\u00fc\u015fm\u00fcyor. Tarihi boyunca hep bu hallere getirildi. Ama her seferinde Allah&#39;\u0131n l\u00fctfuyla Milli G\u00f6r\u00fc\u015f&#39;e sar\u0131lmak suretiyle b\u00fcy\u00fck harikalar meydana getirdi. Bug\u00fcn yeni bir \u0130stiklal Sava\u015f\u0131n\u0131 bunun i\u00e7in yapmam\u0131z gerekiyor. Bu gidi\u015fattan kurtulmak, \u0130stiklal Sava\u015f\u0131nda oldu\u011fu gibi maddeten i\u015fgal edilmi\u015f vatan\u0131m\u0131z\u0131 kurtarmak i\u00e7in o m\u00fccadeleyi nas\u0131l yapt\u0131ysak bug\u00fcnde IMF&#39;siyle, Avrupa \u0130\u015fbirli\u011fi Komisyonuyla manen i\u015fgale u\u011fram\u0131\u015f olan \u00fclkemizi i\u015fbirlik\u00e7ilerin kontrol\u00fc alt\u0131na girmi\u015f olan \u00fclkemizi bu felaketten kurtarmak i\u00e7in yeni bir \u0130stiklal Sava\u015f\u0131 yapmam\u0131z gerekiyor. \u0130\u015fte bu sava\u015f\u0131 yap\u0131yorsunuz&quot; dedi.  <\/p>\n<p> <strong>\u00a0 Bu se\u00e7im \u00c7anakkaledir!<\/strong>  <\/p>\n<p> <strong>\u00a0 <\/strong>&quot;\u00c7\u00fcnk\u00fc, g\u00fcn bug\u00fcnd\u00fcr. T\u00fcrkiye bug\u00fcn buraya geldi. Ama bundan sonra b\u00f6yle gidemez. \u00c7\u00fcnk\u00fc ekonomik tahribat\u0131n sonuna dayan\u0131lm\u0131\u015ft\u0131r. \u00d6b\u00fcr taraftan, manevi tahribat inan\u0131lmaz boyutlara ula\u015fm\u0131\u015ft\u0131r. Ve d\u0131\u015f politika facias\u0131nda, K\u0131br\u0131s, Irak felaket halindedir. T\u00fcrkiyemiz par\u00e7alanma tehlikesi ile kar\u015f\u0131 kar\u015f\u0131ya bulunmaktad\u0131r. Vatan\u0131n\u0131 milletini seven herkesin b\u00fct\u00fcn g\u00fcc\u00fcyle 75 milyon insan\u0131m\u0131z\u0131 uyand\u0131rmas\u0131 ve bir \u015fahlan\u0131\u015f ile birka\u00e7 ay sonra yap\u0131lacak se\u00e7imde, milletimizi bu tecr\u00fcbesiz, bilgisiz insanlar\u0131n elinden kurtarmas\u0131 mecburiyeti vard\u0131r. Bu bir \u0130stiklal Sava\u015f\u0131d\u0131r&quot; diye konu\u015ftu.  <\/p>\n<p> \u00a0 \u00c7anakkale Zaferi kutlamalar\u0131na da i\u015faret eden \u00a0\u00a0 Erbakan, \u015f\u00f6yle dedi:  <\/p>\n<p> \u00a0 &quot;\u00c7anakkale&#39;de 15 ya\u015f\u0131ndaki gen\u00e7lerimiz dahi cepheye ko\u015ftu. 8 metre ilerisindeki d\u00fc\u015fman siperinden yap\u0131lan makineli t\u00fcfek at\u0131\u015f\u0131na ra\u011fmen Allah Allah diye h\u00fccuma ge\u00e7ti. Vatan\u0131n\u0131 korudu, kurtard\u0131. Bug\u00fcn de vatan\u0131m\u0131z\u0131 ayn\u0131 \u015fekilde korumak, kurtarmak mecburiyetindeyiz. D\u0131\u015f g\u00fc\u00e7ler, bu se\u00e7imi kazanmamal\u0131. Bu se\u00e7imi, Milli G\u00f6r\u00fc\u015f kazanmal\u0131. \u00c7anakkale ge\u00e7ilmemeli. 92 sene \u00f6nce ge\u00e7ilmemesi yetmiyor. Bug\u00fcn de ge\u00e7ilmemesi laz\u0131m. Ayn\u0131 sava\u015f\u0131 bug\u00fcnde vermek mecburiyetindeyiz&quot; dedi.  <\/p>\n<p> \u00a0 Bunun i\u00e7in Saadet Partisi&#39;nin k\u00f6y k\u00f6y, ev ev dola\u015fmak suretiyle 75 milyona ger\u00e7ekleri anlatmas\u0131 gerekti\u011fini kaydeden Erbakan, &quot;Milletimiz, Milli G\u00f6r\u00fc\u015f etraf\u0131nda toplanacak. Tarih boyunca oldu\u011fu gibi, bu g\u00f6r\u00fc\u015fte Ya\u015fanabilir T\u00fcrkiye, Yeniden B\u00fcy\u00fck T\u00fcrkiye ve Yeni Bir D\u00fcnya kurulacakt\u0131r.&quot;  <\/p>\n<p> <strong>\u00a0 Milli G\u00f6r\u00fc\u015f Lideri Prof\u00a0 Necmettin Erbakan Kurban Bayram\u0131&#39;n\u0131 ge\u00e7irdi\u011fi \u0130stanbul&#39;da (14 Ocak 2006) \u015funlar\u0131 s\u00f6ylemi\u015fti:<\/strong>  <\/p>\n<p> <strong>\u00a0 \u0130nsanl\u0131\u011f\u0131n saadeti i\u00e7in de\u011fil de, \u0130srail&#39;in ve siyonizmin selameti i\u00e7in \u00e7al\u0131\u015fmak, \u015feytana hizmet\u00e7iliktir!<\/strong>  <\/p>\n<p> <strong>\u00a0 <\/strong>Erbakan, \u0130slam alemi \u00fczerinde oynanan oyunlara dikkat \u00e7ekerek &quot;Biz 6 milyar insan saadet bulsun istiyoruz. Ama bu 6 milyar insan\u0131n hepsi b\u00f6yle d\u00fc\u015f\u00fcnm\u00fcyor. Bunlar \u0131rk\u00e7\u0131 ve &quot;Biz Beni \u0130srail kavmindeniz&quot; diyor, kendilerinde \u00fcst\u00fcnl\u00fck ve tekebb\u00fcr g\u00f6r\u00fcyor. Ayn\u0131 \u015feytan gibi. Allah, \u015feytana (secde et) dedi, \u00fcst\u00fcnl\u00fck ve tek\u00fcbb\u00fcr\u00fcnden dolay\u0131 etmedi. Bu d\u00fcnya imtihan yeri. Allah bize meziyetler vermi\u015f. Robot de\u011filiz. Bu meziyetlerimizi hakk\u0131 \u00fcst\u00fcn tutmak i\u00e7in kullanmak mecburiyetindeyiz&quot; diye konu\u015ftu.  <\/p>\n<p> <strong>Bu nas\u0131l hak ve adalet?<\/strong>  <\/p>\n<p> <strong>\u00a0 Erbakan, &quot;Biz, ben\u00ee \u0130srail kavmi gibi, (k\u00f6lem olacaks\u0131n\u0131z. Olmazsan\u0131z \u00f6leceksiniz) diyemeyiz.&quot; \u015feklinde konu\u015farak bug\u00fcn yery\u00fcz\u00fcnde ya\u015fananlara dikkat \u00e7ekti. Erbakan \u015f\u00f6yle devam etti: &quot;Yap\u0131lanlar\u0131n temelinde Mill\u00ee G\u00f6r\u00fc\u015f yok, i\u015fbirlik\u00e7ilik var. O i\u015fbirlik\u00e7ilik her \u015feyi mahvediyor. T\u00fcrkiye&#39;yi yok olmaya g\u00f6t\u00fcr\u00fcyor. Her \u015fey apa\u00e7\u0131k ortada. \u0130\u015fbirlik\u00e7ili\u011fin sonu yok olmaya gider, Mill\u00ee G\u00f6r\u00fc\u015f&#39;\u00fcn sonu ise d\u00fcnya ve ahiret saadetine gider. Bu ger\u00e7ekleri hepimiz bilelim, herkese de bildirelim. Beni \u0130srail, harp, silah, \u015fiddet ve ter\u00f6r ile yery\u00fcz\u00fcn\u00fc ifsad etmeye \u00e7al\u0131\u015f\u0131yor. D\u00fcnyan\u0131n neresinde bir ter\u00f6r g\u00f6r\u00fcyorsan\u0131z, arkas\u0131nda siyonizm vard\u0131r. Ekonomik ve siyasi nizam ile d\u00fcnyay\u0131 peri\u015fan ediyorlar. Huzur ve bar\u0131\u015f i\u00e7in de\u011fil, d\u00fcnyay\u0131 ifsad i\u00e7in Birle\u015fmi\u015f Milletler&#39;i kurmu\u015flar. Bir g\u00fcvenlik konseyi var, 5 tane daimi \u00fcyesi var. Bunlar m\u00fcsaade etmedi\u011fi s\u00fcrece hi\u00e7bir \u015fey yap\u0131lam\u0131yor. \u0130srail her \u015feyi yap\u0131yor, s\u00f6zde onu k\u0131n\u0131yorlar ama hi\u00e7bir yapt\u0131r\u0131m yok! Bir M\u00fcsl\u00fcman \u00fclke nefes al\u0131rsa, ensesinde boza pi\u015firiyorlar! Bu nas\u0131l BM, bu nas\u0131l hak ve adalet?&quot;<\/strong>  <\/p>\n<p> <strong>\u00a0 Siyonizm oyununa dikkat!<\/strong>  <\/p>\n<p> <strong>\u00a0 T\u00fcrkiye&#39;de her \u015feyin ya\u011fma edildi\u011fini anlatan Erbakan, \u00f6zelle\u015ftirme ad\u0131 alt\u0131nda &quot;Mill\u00ee&quot; olan hi\u00e7bir \u015fey b\u0131rak\u0131lmad\u0131\u011f\u0131n\u0131 s\u00f6yledi ve \u015f\u00f6yle konu\u015ftu: &quot;D\u00fcnya Bankas\u0131, IMF ve D\u00fcnya Ticaret \u00d6rg\u00fct\u00fc ortada. \u015eu ticaret \u00f6rg\u00fct\u00fcne giden M\u00fcsl\u00fcman \u00fclkeler \u015f\u00f6yle yalvar\u0131yorlar: &#39;Kurulal\u0131 20 y\u0131l oldu, ne olur bir kere de bizim gibi geri kalm\u0131\u015f \u00fclkeleri ilgilendiren bir meseleyi g\u00fcndeminize al\u0131n! Hep zenginlerin daha zengin olmas\u0131 i\u00e7in \u00e7al\u0131\u015f\u0131yorsunuz&#39; Bunlar Siyonizm i\u00e7in kurulmu\u015f. \u00a0\u00a0\u00a0\u00a0\u00a0\u00a0\u00a0\u00a0\u00a0\u00a0\u00a0 Sen istedi\u011fin kadar feryad et! <\/strong> <\/p>\n<p> <strong>\u00a0 \u015eu d\u00fczen y\u00fcz\u00fcnden Afrika&#39;da 200 milyon insan a\u00e7, 50 milyon \u00e7ocuk a\u00e7l\u0131ktan \u00f6l\u00fcyor. Hala, bu insanlar\u0131 faizle nas\u0131l s\u00f6m\u00fcrece\u011finin hesab\u0131n\u0131 yap\u0131yor. Fikirleri kirleterek kafalar\u0131 kar\u0131\u015ft\u0131rmaya \u00e7al\u0131\u015f\u0131yorlar. Think Thank m\u00fcesseselerinde geli\u015ftirdikleri mevhumlar\u0131 medya ve sinema ile propaganda ederek kafalara yerle\u015ftirmeye \u00e7al\u0131\u015f\u0131yorlar. \u0130nsanlar\u0131, \u00f6zellikle de M\u00fcsl\u00fcmanlar\u0131 dinden uzakla\u015ft\u0131rmaya \u00e7al\u0131\u015f\u0131yorlar. Mesela, \u00e7a\u011fda\u015fl\u0131k diye bir \u015fey uydurmu\u015flar. Bak\u0131yorum, kelli felli bir adam \u00e7\u0131km\u0131\u015f (Bu \u00e7a\u011fda ba\u015f\u00f6rt\u00fcs\u00fc olur mu?) diye konu\u015fuyor. Sen bunu kendinden s\u00f6yledi\u011fini mi san\u0131yorsun! Bunu sana Siyonizm s\u00f6yletiyor, haberin yok&#8230; Sen bir oyuncaks\u0131n.. \u00d6nce kendine gel.. M\u00fcsl\u00fcmanl\u0131k saadet dinidir. Saadetin temelinde ise aile vard\u0131r. Ailenin korunmas\u0131 i\u00e7in de M\u00fcsl\u00fcmanl\u0131k b\u00fct\u00fcn tedbirleri alm\u0131\u015f. Tesett\u00fcr de bunun gereklerinden birisidir. Bu sistem, insanl\u0131\u011f\u0131n saadeti i\u00e7indir.&quot;<\/strong>  <\/p>\n<p> <strong>K\u00fcreselle\u015fme; siyonizme k\u00f6lele\u015fmektir!<\/strong>  <\/p>\n<p> <strong>\u00a0 <\/strong>K\u00fcreselle\u015fmenin, her \u015feyi \u0130srail&#39;e teslim etmek anlam\u0131na geldi\u011fine dikkat \u00e7eken Mill\u00ee G\u00f6r\u00fc\u015f Lideri Prof. Dr. Necmettin Erbakan, &quot;paray\u0131 veren d\u00fcd\u00fc\u011f\u00fc \u00e7alar&quot; laf\u0131na i\u015faret ederek, &quot;Galataport diyeceksin, \u0130stanbul&#39;u vereceksin. Hali\u00e7port diyeceksin, \u00f6nce bir yahudiye, sonra da Bizans&#39;a verip Bizans&#39;\u0131 ihya edeceksin! Nedense bu d\u00fcd\u00fck hep Yahudi boynuzu oluyor. Hi\u00e7 M\u00fcsl\u00fcman sesi \u00e7\u0131km\u0131yor&quot; dedi ve s\u00f6zlerini \u015f\u00f6yle s\u00fcrd\u00fcrd\u00fc: &quot;Bunlar\u0131n kafas\u0131 narkozlanm\u0131\u015f. Adam k\u00fcreselle\u015fme diye bir kelime uydurmu\u015f, maymuncuk gibi her kap\u0131y\u0131 a\u00e7\u0131p i\u00e7eri giriyor. (Senin Mill\u00ee hi\u00e7bir \u015feyin olmayacak, kendi menfaatini d\u00fc\u015f\u00fcnmeyeceksin) diyor. Mill\u00ee G\u00f6r\u00fc\u015f s\u00f6z\u00fc nereden \u00e7\u0131k\u0131yor g\u00f6r\u00fcyor musunuz? Niye Mill\u00ee G\u00f6r\u00fc\u015f sahibi olmayay\u0131m, niye \u00fclkemin insanlar\u0131n\u0131n haklar\u0131n\u0131 korumayay\u0131m? Niye \u00fclkemin menfaatlerini \u00fc\u00e7 be\u015f ki\u015fiye vereyim? Niye herkes hakk\u0131n\u0131 almayacak? Neden senin faiz nizam\u0131nla b\u00fct\u00fcn insanl\u0131k mahvolacak? Niye 50 milyon \u00e7ocuk \u00f6lecek? \u0130\u015fte Mill\u00ee G\u00f6r\u00fc\u015f demek, bunlar\u0131 idrak etmek demektir.&quot;  <\/p>\n<p> &quot;75 milyon insan\u0131m\u0131za bunlar\u0131 duyurmam\u0131z gerekiyor. Bu, bizim karde\u015flik vazifemizdir. Duymad\u0131\u011f\u0131 i\u00e7in adam\u0131n d\u00fcnyas\u0131 da ahireti de mahvoluyor. Bu ger\u00e7ekleri anlat\u0131rken bak\u0131n i\u015f nereye gelip d\u00fc\u011f\u00fcmleniyor: &quot;Bu ba\u015f\u00f6rt\u00fcs\u00fc, imam-hatip liseleri, a\u00e7l\u0131k, i\u015fsizlik felaketleri nedir? \u015eu M\u00fcsl\u00fcmanlar\u0131 dinlerinden uzakla\u015ft\u0131rmak i\u00e7in yap\u0131lanlar nelerdir? Bu misyonerlik nedir, evinde kom\u015fu \u00e7ocu\u011funa Kur&#39;an \u00f6\u011freten adama hapis cezas\u0131 vermek nedir? Bunlar\u0131 akl\u0131 ba\u015f\u0131nda biri yapar m\u0131? \u015eu \u015fuursuzlu\u011fa bak\u0131n! (Efendim, biz Mill\u00ee G\u00f6r\u00fc\u015f g\u00f6mle\u011fini \u00e7\u0131kartt\u0131k&#8230;) \u00c7\u0131kartt\u0131n\u0131z da ne oldu? Deli g\u00f6mle\u011fi giydiniz. Eskiden Mill\u00ee G\u00f6r\u00fc\u015f\u00e7\u00fcyd\u00fcn, \u015fimdi ne oldun?&quot;  <\/p>\n<p> AKP&#39;nin \u0130slam d\u0131\u015f\u0131 ne yap\u0131yorlarsa bir bir sayarak kimlik ispat etmeye \u00e7al\u0131\u015ft\u0131\u011f\u0131n\u0131 kaydeden Erbakan, &quot;(Efendim, eskiden Ramazan&#39;da genel merkezde \u00f6\u011fle yeme\u011fi vermezdik, \u015fimdi veriyoruz, Bak, bizim ba\u015fbakan\u0131m\u0131z Ramazan&#39;da Berlusconi ile \u00f6\u011fle yeme\u011fi yiyor) diyorlar. D\u00fcnyada bundan b\u00fcy\u00fck bedbahtl\u0131k, bundan b\u00fcy\u00fck ak\u0131ls\u0131zl\u0131k olur mu? (Zinay\u0131 su\u00e7 olmaktan \u00e7\u0131kartt\u0131k, hi\u00e7 i\u00e7ki yasaklan\u0131r m\u0131, bu devirde b\u00f6yle \u015fey olur mu) diyorlar&#8230; \u0130\u015fte b\u00fct\u00fcn bunlar kimlik oluyor. Ne b\u00fcy\u00fck bir ak\u0131ls\u0131zl\u0131k&#8230; Sonra tutmu\u015f, bizim m\u00fcbarek \u0130slam dinimizin temelini te\u015fkil eden medeniyetimizi b\u0131rak\u0131p gidip AB&#39;ye girecekler, onlar\u0131n \u00fcst\u00fcn medeniyetinden istifade edeceklermi\u015f. Aman yarabbi, aman yarabbi!!&quot; \u015feklinde konu\u015fmu\u015ftu.  <\/p>\n<p> <strong>\u00a0 Hak&#39;tan taraf olmak, zulme kar\u015f\u0131 durmak!<\/strong>  <\/p>\n<p> <strong>\u00a0 \u0130nsanlar\u0131n saadeti i\u00e7in \u00e7al\u0131\u015fmam\u0131z\u0131n \u00f6nemini vurgulayan Mill\u00ee G\u00f6r\u00fc\u015f Lideri Erbakan,\u00a0 b\u00fct\u00fcn bu olup bitenleri ve ger\u00e7ekleri halka duyurman\u0131n yolu olarak Mill\u00ee Gazete&#39;yi g\u00f6sterdi ve &quot;(Efendim biz de sa\u011fc\u0131y\u0131z, biz de dindar\u0131z, \u0130slami hizmet yapmaktay\u0131z, biz de \u015f\u00f6yleyiz biz de b\u00f6yleyiz) diyenlerin halleri meydanda. \u015eu ge\u00e7ti\u011fimiz 3 senelik n\u00fcshalar\u0131 al\u0131p \u00f6nlerine koyun ve sorun: (Peki, bu ya\u011fdanc\u0131l\u0131\u011f\u0131n\u0131z ne oluyor? Bu d\u00fcnya i\u00e7in ahiretinizi satman\u0131z ne oluyor? Hani siz de maneviyat\u00e7\u0131yd\u0131n\u0131z?)&quot; diye sormu\u015ftu.\u00a0\u00a0 <\/strong> <\/p>\n<p> <strong>\u00a0 \u00a0Hoca&#39;n\u0131n bu s\u00f6zleri, iktidar: &quot;Mecliste say\u0131sal yerlili\u011fim ve hukuki ge\u00e7erlili\u011fim var diye %35&#39;lik bir oyla Cumhurba\u015fkan\u0131 se\u00e7meye kalk\u0131\u015f\u0131rsa; bu toplumun %65&#39;ini hi\u00e7e saymakt\u0131r ve halk\u0131m\u0131z\u0131n hepsini kucaklamaktan uzakt\u0131r ve \u00fclkemizi gerginli\u011fe ve krizlere ta\u015f\u0131yacakt\u0131r.&quot; \u0130kaz\u0131yd\u0131&#8230; Ve s\u00f6z dinlemeyenler sonu\u00e7lar\u0131na katlanmal\u0131yd\u0131.<\/strong>  <\/p>\n<p> <strong>\u00a0 Erbakan Hoca&#39;n\u0131n AKP&#39;nin ve i\u015fbirlik\u00e7i, \u00e7evrelerin AB&#39;ye girme hat\u0131r\u0131na T\u00fcrkiye&#39;yi hangi maceralara s\u00fcr\u00fcklediklerini hat\u0131rlatmas\u0131 da olduk\u00e7a anlaml\u0131yd\u0131.<\/strong>  <\/p>\n<p> <strong>\u0130\u015fte Avrupa&#39;n\u0131n adaleti ve tiyniyeti: Lahey mahkemesi!?<\/strong>  <\/p>\n<p> <strong>\u00a0 S\u0131rplar\u0131 aklayanlarda, Ermenileri k\u0131\u015fk\u0131rtanlar da ayn\u0131 Siyonist merkezlerdir.<\/strong>  <\/p>\n<p> <strong>\u00a0 Hat\u0131rlay\u0131n\u0131z; sonunda beklenen oldu ve Uluslararas\u0131 Adalet Divan\u0131 Bosna&#39;da y\u00fcz binlerce masum insan\u0131 \u00f6ld\u00fcren, bebeklere var\u0131ncaya kadar tecav\u00fcz eden ve Bat\u0131n\u0131n timsah g\u00f6zya\u015flar\u0131 aras\u0131nda tam bir etnik soyk\u0131r\u0131m uygulayan S\u0131rbistan&#39;\u0131 &quot;su\u00e7suz&quot; bularak ne kadar &quot;adaletli&quot; oldu\u011funu g\u00f6sterdi. D\u00fcnyan\u0131n g\u00f6zleri \u00f6n\u00fcnde ger\u00e7ekle\u015fen b\u00f6ylesine bir katliam\u0131 g\u00f6rmezden gelerek S\u0131rbistan&#39;\u0131 su\u00e7suz bulan ama katliama u\u011frayan T\u00fcrkler oldu\u011fu halde bizi Ermeni Soyk\u0131r\u0131m\u0131yla su\u00e7layabilen kafa yap\u0131s\u0131n\u0131 iyice anlamak i\u00e7in isterseniz \u015fu Adalet Divan\u0131n\u0131 biraz inceleyelim. <\/strong> <\/p>\n<p> <strong>\u00a0 Hollanda&#39;n\u0131n Lahey kentinde bulunan Adalet Divan\u0131n\u0131n ba\u015f\u0131nda bug\u00fcn \u0130ngiliz bayan hakim Leydi Rosalyn Higgins bulunmaktad\u0131r, ama as\u0131l ismi Rosalyn Kohendir. Ve bir Siyonist Yahudi k\u00f6kenlidir.<\/strong>  <\/p>\n<p> <strong>1963-1974 aras\u0131nda \u0130ngiltere&#39;nin Yeni D\u00fcnya D\u00fczenine uyumlu politikalar\u0131n\u0131 belirleyen Kraliyet Uluslararas\u0131 \u0130li\u015fkiler Enstit\u00fcs\u00fcnde g\u00f6rev yapm\u0131\u015ft\u0131r. Chatham House olarak da bilinen bu enstit\u00fc Amerika&#39;daki CFR gibi son derece etkin bir d\u00fc\u015f\u00fcnce kurulu\u015fudur ve Birinci D\u00fcnya Sava\u015f\u0131ndan tutun Irak i\u015fgaline kadar pek \u00e7ok emperyalist politikan\u0131n ye\u015fertildi\u011fi kara a\u011fa\u00e7larla dolu bir zakkum bah\u00e7esidir. Bu kadar tarafl\u0131 bir olu\u015fumda g\u00f6rev yapan Lady Higgins buradaki ba\u015far\u0131l\u0131 \u00e7al\u0131\u015fmalar\u0131ndan \u00f6t\u00fcr\u00fc Krali\u00e7enin dan\u0131\u015fmanl\u0131\u011f\u0131na y\u00fckseltilmi\u015f ve bayanlara verilen en \u00fcst d\u00fczey Kraliyet madalyas\u0131na da hak etmi\u015ftir.<\/strong>  <\/p>\n<p> <strong>\u00a0 G\u00f6rd\u00fc\u011f\u00fcn\u00fcz gibi Adalet divan\u0131n\u0131n ba\u015f\u0131 Yeni d\u00fcnya D\u00fczeni sisteminin en tepelerinden gelmektedir. Yard\u0131mc\u0131s\u0131 ise Amerikan\u0131n Ortado\u011fu&#39;da \u0130srail&#39;den sonraki en iyi m\u00fcttefiki Recep T. Erdo\u011fan&#39;n\u0131n s\u0131k s\u0131k misafiri olan \u00dcrd\u00fcn kral\u0131n\u0131n ba\u015f dan\u0131\u015fman\u0131 Hakim\u00a0 \u015eevket Al-Khasawneh&#39;tir. \u00c7ok adaletli divan\u0131n bu iki y\u00f6neticisinden sonra isterseniz soyk\u0131r\u0131m\u0131 \u00f6rt bas eden di\u011fer baz\u0131 \u00fcyelere bakal\u0131m. Adalet Divan\u0131n\u0131n Amerikal\u0131 Hakimi Thomas Buergenthal Polonya&#39;da bir Yahudi gettosunda do\u011fdu ve \u0130kinci D\u00fcnya Sava\u015f\u0131n\u0131 toplama kamplar\u0131nda ge\u00e7irdi. Sava\u015f sonras\u0131 Amerika&#39;ya g\u00f6\u00e7 eden Buergenthal burada hukuk e\u011fitimi ald\u0131. Lahey Adalet Divan\u0131nda g\u00f6reve ba\u015flamadan \u00f6nce Amerika&#39;da son derece ilgin\u00e7 bir yerde g\u00f6rev yap\u0131yordu. 1983-1994 aras\u0131 Inter Amerikan Kalk\u0131nma Bankas\u0131nda g\u00f6revliydi. Bu banka Amerikan gizli derin devleti taraf\u0131ndan kurulmu\u015ftur ve ba\u015fl\u0131ca g\u00f6revi Latin Amerika \u00fclkelerine. &quot;sizleri kalk\u0131nd\u0131raca\u011f\u0131z&quot; yalan\u0131yla y\u00fcksek faizlerle bor\u00e7 verip onlar\u0131 s\u00f6m\u00fcrgele\u015ftirmektir. Bir \u00e7e\u015fit Latin Amerika IMF&#39;si gibidir. \u0130\u015fte Buergenthal Yeni D\u00fcnya d\u00fczeninin bu en sa\u011flam bankalar\u0131ndan birinde g\u00f6rev yaparken bir anda kendini Lahey Adalet Divan\u0131nda buldu. Ne kadar adalet da\u011f\u0131tt\u0131\u011f\u0131n\u0131 art\u0131k siz d\u00fc\u015f\u00fcn\u00fcn.<\/strong>  <\/p>\n<p> Gelelim Divan\u0131n Japon \u00fcyesi Hakim Hisashi Owada&#39;ya.  <\/p>\n<p> \u00a0 K\u0131z\u0131 Masako Owada Japon kraliyet ailesinden Prens Naruhito ile evlidir. Hakim Owada Japon d\u0131\u015f i\u015fleri bakanl\u0131\u011f\u0131nda g\u00f6rev yapt\u0131ktan sonra Adalet Divan\u0131na ge\u00e7i\u015f yapm\u0131\u015ft\u0131r ve \u015fu an ba\u015fka bir g\u00f6revi daha vard\u0131r.  <\/p>\n<p> \u00a0 Kendisi D\u00fcnya bankas\u0131 ba\u015fkan\u0131 olan, hani \u015fu Irak sava\u015f\u0131n\u0131 ate\u015fleyenlerden olup tepkiler \u00fczerine Bush taraf\u0131ndan g\u00f6revden al\u0131nan Paul Wolfowitz adl\u0131 Siyonist Yahudinin \u00f6zel dan\u0131\u015fman\u0131d\u0131r. Bak\u0131n\u0131z say\u0131n hakimler ne kadarda tarafs\u0131z kimselerdir!?.  <\/p>\n<p> Evet g\u00f6rd\u00fc\u011f\u00fcn\u00fcz gibi Bosna soyk\u0131r\u0131m\u0131n\u0131 \u00f6rtbas ederek S\u0131rbistan&#39;\u0131 su\u00e7suz bulan hakimlerin ili\u015fkileri ne kadar ilgin\u00e7 yerlere uzan\u0131p gitmektedir. Asl\u0131nda Lahey Adalet divan\u0131 daha kurulu\u015fundan itibaren falso vermektedir.  <\/p>\n<p> \u00a0 Mesela \u015fu an Adalet Divan\u0131n\u0131n g\u00f6rev yapt\u0131\u011f\u0131 Lahey&#39;deki binaya bir bakal\u0131m. Bar\u0131\u015f Saray\u0131 ad\u0131 verilen bu R\u00f6nesans mimarisine sahip devasa bina, 1913 senesinde in\u015fa edildi. Global d\u00fcnya d\u00fczeninin ilk sembollerinden biri olmas\u0131 d\u00fc\u015f\u00fcn\u00fclen bu binan\u0131n t\u00fcm masraflar\u0131 ise Andrew Carnegie taraf\u0131ndan kar\u015f\u0131land\u0131. Andrew Carnegie Amerikan \u00c7elik firmas\u0131 US Steel&#39;in kurucusu multi milyarder ve Yeni D\u00fcnya D\u00fczeninin ilk \u00f6nc\u00fclerinden bir Siyonist Yahudidir.  <\/p>\n<p> \u00a0Bug\u00fcn Adalet Divan\u0131n\u0131n g\u00f6rev yapt\u0131\u011f\u0131 Bar\u0131\u015f Saray\u0131n\u0131n bak\u0131m ve onar\u0131m masraflar\u0131 hala Carnegie Vakf\u0131 taraf\u0131ndan kar\u015f\u0131lanmaktad\u0131r. Daha iyi anlamak i\u00e7in \u015f\u00f6yle d\u00fc\u015f\u00fcn\u00fcn diyelim ki Anayasa Mahkemesi bir Holding taraf\u0131ndan verilen binada g\u00f6rev yap\u0131yor ve o binan\u0131n bak\u0131m\u0131 hala ayn\u0131 \u015firket taraf\u0131ndan kar\u015f\u0131lan\u0131yor.  <\/p>\n<p> Evet, toparlayacak olursak Global D\u00fcnya Egemenli\u011fi pe\u015findeki g\u00fc\u00e7lerce kurulan ve g\u00f6revi o g\u00fc\u00e7ler lehine kararlar almak olan Lahey D\u00fcnya Mahkemesi ve onun Yeni D\u00fcnya D\u00fczeniyle g\u00f6bek ve kariyer ba\u011flar\u0131 bulunan hakimleri; koskoca bir Bosna soyk\u0131r\u0131m\u0131n\u0131 \u00f6rtbas etmi\u015fler ve son y\u0131llar\u0131n en su\u00e7lu devletlerinden biri olan S\u0131rbistan&#39;\u0131 su\u00e7suz bulmu\u015flard\u0131r. T\u00fcm d\u00fcnyan\u0131n g\u00f6z\u00fc \u00f6n\u00fcnde ya\u015fanan bir soyk\u0131r\u0131ma olmam\u0131\u015ft\u0131r diyebilen Siyonist s\u00f6m\u00fcr\u00fc \u00e7etesi; ABD ve AB gibi \u015fer \u015febekeleri nedense tek su\u00e7u katliama kar\u015f\u0131 kendini korumak olan T\u00fcrkleri Ermeni soyk\u0131r\u0131m\u0131 ile su\u00e7lamaktad\u0131r. \u0130\u015fte size \u00e7ifte standard\u0131n daniskas\u0131 ve bu \u015feytanl\u0131\u011f\u0131n arkas\u0131ndaki g\u00fc\u00e7ler. Bu Siyonist Yeni D\u00fcnya D\u00fczeninde ge\u00e7erli olan\u00a0 tek \u00f6l\u00e7\u00fc, efendilerin \u00e7\u0131kar\u0131n\u0131 g\u00f6zeten kararlar almakt\u0131r. B\u00f6yle bir d\u00fczende ger\u00e7ek bir adalet beklemek, sahra \u00e7\u00f6l\u00fcn\u00fcn ortas\u0131nda elinde s\u00f6rf tahtas\u0131yla dalga beklemekten daha sa\u00e7ma bir davran\u0131\u015f olacakt\u0131r.&quot;7  <\/p>\n<p> <\/p>\n<p> [1] Serdar Kuru \/ serdarkuru.sobukai.com  <\/p>\n","protected":false},"excerpt":{"rendered":"<div> \u00a0  <\/p>\n<p> Uzun bir aradan sonra, Erbakan Hoca, Balgat&#39;taki konutunda, 30. Mart. 2007 Cuma g\u00fcn\u00fc bas\u0131n mensuplar\u0131n\u0131 kabul etti ve Cumhurba\u015fkanl\u0131\u011f\u0131 se\u00e7imi konusunda tarihi a\u00e7\u0131klamalar ve uyar\u0131lar yapt\u0131.  <\/p>\n<p> \u00a0 &quot;\u00c7anakkale ge\u00e7ilmemelidir&quot; diyerek yakla\u015fan cumhurba\u015fkanl\u0131\u011f\u0131 ve genel se\u00e7imlerin; d\u0131\u015f g\u00fc\u00e7lerin ve i\u015fbirlik\u00e7ilerin planlar\u0131 do\u011frultusunda yap\u0131lmas\u0131 halinde 90 sene \u00f6nce ge\u00e7ilemeyen \u00c7anakale&#39;nin \u015fimdi ge\u00e7ilece\u011fini; Siyonist ve emperyalist g\u00fc\u00e7lerin amac\u0131na eri\u015fece\u011fini ve gelece\u011fimizin tehlikeye girece\u011fini hat\u0131rlatt\u0131.  <\/p>\n<\/p><\/div>\n","protected":false},"author":10,"featured_media":0,"comment_status":"open","ping_status":"closed","sticky":false,"template":"","format":"standard","meta":{"footnotes":""},"categories":[69],"tags":[],"class_list":["post-925","post","type-post","status-publish","format-standard","hentry","category-mayis-2007"],"_links":{"self":[{"href":"https:\/\/www.millicozum.com\/mc\/wp-json\/wp\/v2\/posts\/925","targetHints":{"allow":["GET"]}}],"collection":[{"href":"https:\/\/www.millicozum.com\/mc\/wp-json\/wp\/v2\/posts"}],"about":[{"href":"https:\/\/www.millicozum.com\/mc\/wp-json\/wp\/v2\/types\/post"}],"author":[{"embeddable":true,"href":"https:\/\/www.millicozum.com\/mc\/wp-json\/wp\/v2\/users\/10"}],"replies":[{"embeddable":true,"href":"https:\/\/www.millicozum.com\/mc\/wp-json\/wp\/v2\/comments?post=925"}],"version-history":[{"count":0,"href":"https:\/\/www.millicozum.com\/mc\/wp-json\/wp\/v2\/posts\/925\/revisions"}],"wp:attachment":[{"href":"https:\/\/www.millicozum.com\/mc\/wp-json\/wp\/v2\/media?parent=925"}],"wp:term":[{"taxonomy":"category","embeddable":true,"href":"https:\/\/www.millicozum.com\/mc\/wp-json\/wp\/v2\/categories?post=925"},{"taxonomy":"post_tag","embeddable":true,"href":"https:\/\/www.millicozum.com\/mc\/wp-json\/wp\/v2\/tags?post=925"}],"curies":[{"name":"wp","href":"https:\/\/api.w.org\/{rel}","templated":true}]}}