{"id":926,"date":"2007-05-03T04:01:53","date_gmt":"2007-05-03T04:01:53","guid":{"rendered":"https:\/\/www.millicozum.com\/mc\/2007\/05\/03\/ana-kar-ameran-ukli\/"},"modified":"2007-05-03T04:01:53","modified_gmt":"2007-05-03T04:01:53","slug":"irana-karsi-amerikan-usakligi","status":"publish","type":"post","link":"https:\/\/www.millicozum.com\/mc\/2007\/mayis-2007\/irana-karsi-amerikan-usakligi\/","title":{"rendered":"\u0130RAN&#8217;A KAR\u015eI AMER\u0130KAN U\u015eAKLI\u011eI"},"content":{"rendered":"<p>\u00a0  <\/p>\n<p> <strong>S\u00fcleymaniye&#39;de askerimizin ba\u015f\u0131na \u00e7uval ge\u00e7irilip tutuklan\u0131rken, \u0130srail Filistinli milletvekillerini yakalay\u0131p cezaevine t\u0131karken, su\u00e7suz sebepsiz onlarca M\u00fcsl\u00fcman Guantanamo&#39;ya hapsedilirken ve Telafer&#39;de T\u00fcrkmenler biri birilerine k\u0131rd\u0131r\u0131l\u0131rken g\u0131k\u0131 bile \u00e7\u0131kmayan AKP iktidars\u0131z\u0131, \u015fimdi \u0130ran&#39;n\u0131n yakalad\u0131\u011f\u0131 \u0130ngiliz askerlerini b\u0131raks\u0131n diye arabuluculu\u011fa soyunuyor. <\/strong> <\/p>\n<p>  \u00a0\u00a0\u00a0\u00a0\u00a0\u00a0\u00a0\u00a0\u00a0\u00a0 <strong>\u00a0&quot;G\u00fcl\u00fc seven dikenine katlan\u0131r&quot; gibi s\u00f6zlerle, \u00e7akt\u0131rmadan AKP&#39;ye selam g\u00f6nderen Hocaefendi bile art\u0131k dayanamam\u0131\u015f :<\/strong>  <\/p>\n<p> <strong>\u00a0\u00a0\u00a0\u00a0\u00a0\u00a0\u00a0\u00a0\u00a0\u00a0\u00a0 &quot;Ben, Ayasofya&#39;da g\u00f6revli iken solcu bir gazete benimle r\u00f6portaj yapmak i\u00e7in geldi\u011finde &quot;Sizin ne derdiniz var ki camiyle ilgileniyorsunuz? Diye sordu\u011fumda &quot;Ayasofya a\u00e7\u0131ls\u0131n diye Meclise iki milyon dilek\u00e7e verildi. B\u00fct\u00fcn gazeteler Ayasofya&#39;dan haber veriyor. Bizim gazetenin haber vermemesi demek okurlardan bir ka\u00e7\u0131n\u0131n ba\u015fka gazeteye ge\u00e7mesi demektir. Onun i\u00e7in biz de okurlar\u0131m\u0131za birinci elden bilgi vermek istiyoruz&quot; dedi\u011finde ben de ona &quot;Peki, iki milyon imzan\u0131n etkisi olur mu?&quot; diye sordu\u011fumda &quot;Yetmi\u015f milyon imza olsa, bat\u0131dan gelecek bir tane imza yetmi\u015f milyona a\u011f\u0131r gelir&quot; demi\u015fti.<\/strong>  <\/p>\n<p> <strong>\u00a0\u00a0\u00a0\u00a0\u00a0\u00a0\u00a0\u00a0\u00a0\u00a0\u00a0 Amerika&#39;n\u0131n elindeki T\u00fcrk esirler i\u00e7in a\u011fz\u0131m\u0131z bile a\u00e7\u0131lm\u0131yor..<\/strong>  <\/p>\n<p> <strong>\u00a0\u00a0\u00a0\u00a0\u00a0\u00a0\u00a0\u00a0\u00a0\u00a0\u00a0 Hatta bas\u0131n\u0131m\u0131z bile \u00fczerine gitmiyor. <\/strong> <\/p>\n<p> <strong>\u00a0\u00a0\u00a0\u00a0\u00a0\u00a0\u00a0\u00a0\u00a0\u00a0\u00a0 \u015eu anda \u0130ngiliz bas\u0131n\u0131 da on be\u015f \u0130ngiliz askerin \u0130ran askerleri taraf\u0131ndan esir edilmesi \u00fczerine yaz\u0131lan haberler ve yorumlar\u0131n binde biri Guantanamo&#39;daki esir T\u00fcrkler i\u00e7in yaz\u0131lmam\u0131\u015ft\u0131 ve hala yaz\u0131lm\u0131yor.<\/strong>  <\/p>\n<p> <strong>\u00a0\u00a0\u00a0\u00a0\u00a0\u00a0\u00a0\u00a0\u00a0\u00a0\u00a0 T\u00fcrkiye Ba\u015fbakan\u0131 ve D\u0131\u015fi\u015fleri Bakan\u0131n\u0131n, \u0130ngiliz esirler i\u00e7in g\u00f6sterdi\u011fi gayreti, T\u00fcrk esirler i\u00e7in g\u00f6stertememi\u015fti ve hala g\u00f6stermiyorlar.<\/strong>  <\/p>\n<p> <strong>\u00a0\u00a0\u00a0\u00a0\u00a0\u00a0\u00a0\u00a0\u00a0\u00a0\u00a0 Filistin hapishanelerinde dokuz bin d\u00f6rt y\u00fcz (9.400) Filistinli M\u00fcsl\u00fcman esir hayat\u0131 ya\u015f\u0131yorlar.<\/strong>  <\/p>\n<p> <strong>\u00a0\u00a0\u00a0\u00a0\u00a0\u00a0\u00a0\u00a0\u00a0\u00a0\u00a0 27 Filistinli Milletvekili ve 8 bakan, Siyonist \u0130srail&#39;in elinde esir hayat\u0131 ya\u015f\u0131yor ve AKP&#39;den t\u0131s yok.<\/strong>  <\/p>\n<p> <strong>Ondan sonra da &quot;Karde\u015f Filistin&#8230;&quot; diye ba\u015flayan nutuklarla hapishanedekiler kurtulacak, a\u00e7 Filistinlilerin lafla karn\u0131 doyacak, b\u00f6ylece Siyonistlerin \u015ferrinden T\u00fcrkiye korunacak zannediyoruz.<\/strong>  <\/p>\n<p> <strong>\u00a0\u00a0\u00a0\u00a0\u00a0\u00a0\u00a0\u00a0\u00a0\u00a0\u00a0 \u0130\u015fgalci Amerika&#39;n\u0131n Irak&#39;ta \u015eii S\u00fcnni ay\u0131r\u0131m\u0131 yapmadan kendisine kar\u015f\u0131 olan binlerce M\u00fcsl\u00fcman\u0131 Ebu Gureyb gibi y\u00fczlerce hapishanede i\u015fkence ederken arabuluculu\u011fa soyunmad\u0131k.<\/strong>  <\/p>\n<p> <strong>\u00a0\u00a0\u00a0\u00a0\u00a0\u00a0\u00a0\u00a0\u00a0\u00a0\u00a0 M\u00fcttefikimize sal\u0131verilmeleri i\u00e7in imada dahi bulunamad\u0131k ama \u0130ngiliz D\u0131\u015fi\u015fleri bakan\u0131n\u0131n yan\u0131nda \u0130ran D\u0131\u015fi\u015fleri Bakan\u0131 M\u00fcttaki&#39;ye telefon a\u00e7\u0131p emredici mimiklerle \u0130ngiliz esirlerin serbest b\u0131rak\u0131lmas\u0131 i\u00e7in telefon bile a\u00e7t\u0131k.<\/strong>  <\/p>\n<p> <strong>&quot;Bizim askerler s\u0131n\u0131r ihlali yapmam\u0131\u015flar&quot; diyen \u0130ngiliz D\u0131\u015fi\u015fleri Bakan\u0131&#39;na &quot;Sizin \u00fclkeniz, askerlerinizin esir edildi\u011fi yere be\u015f bin kilometre, \u0130ran&#39;a be\u015f kilometre. Burada ne ar\u0131yorlard\u0131?&quot; diye sormal\u0131yd\u0131k.<\/strong>  <\/p>\n<p> <strong>\u00a0\u00a0\u00a0\u00a0\u00a0\u00a0\u00a0\u00a0\u00a0\u00a0\u00a0 Haydi, \u0130ngiltere D\u0131\u015fi\u015fleri Bakan\u0131, &quot;Ba\u015fbakan\u0131m\u0131z\u0131n boynundaki tasmal\u0131 halini bir \u0130ngiliz \u015fark\u0131c\u0131n\u0131n klibinde g\u00f6rd\u00fcn\u00fcz. Biz, Amerika ad\u0131na onun gel-git i\u015flerini yap\u0131yoruz&quot; deyiverse bizim durumumuz ne olur? (29.03.2007 \/ Mahmut Topta\u015f \/ Milli Gazete)<\/strong>  <\/p>\n<p> <strong>Hasan \u00dcnal&#39;\u0131n sorusu \u00f6nemliydi: \u0130ran sava\u015f\u0131n\u0131n ayak sesleri mi?\u00a0 <\/strong> <\/p>\n<p> \u00a0 Son olaylar \u0130ran sava\u015f\u0131n\u0131n ayak sesleri gibi. \u00d6nce \u0130srail hava kuvvetlerinin \u0130ran&#39;\u0131 bombalamak amac\u0131yla Akdeniz&#39;de tatbikat yapmakta olduklar\u0131 haberleri geldi. Sonra BM G\u00fcvenlik Konseyi&#39;nden \u0130ran&#39;a yapt\u0131r\u0131mlar i\u00e7eren karar \u00e7\u0131kt\u0131. \u0130stanbul&#39;da ka\u00e7\u0131r\u0131lan \u0130ran&#39;\u0131n eski savunma bakan yard\u0131mc\u0131s\u0131n\u0131n ak\u0131beti kar\u0131\u015f\u0131k. Ba\u015fka \u0130ranl\u0131lar\u0131n da ka\u00e7\u0131r\u0131ld\u0131\u011f\u0131na dair ba\u015fka bilgiler geliyor.  <\/p>\n<p> \u00a0 \u0130ran&#39;\u0131n bombalanmas\u0131na haz\u0131rl\u0131k anlam\u0131na gelen bu haberleri analiz etmeye \u00e7al\u0131\u015f\u0131rken ge\u00e7en hafta K\u00f6rfez&#39;de g\u00f6rev yapan 15 \u0130ngiliz deniz piyadesinin \u0130ran donanmas\u0131 taraf\u0131ndan yakalanarak tutukland\u0131\u011f\u0131 haberleri ajanslara d\u00fc\u015ft\u00fc. B\u00f6lgedeki geli\u015fmeleri takip eden herkes, bunu, \u00f6nce yanl\u0131\u015fl\u0131k gibi g\u00f6rmek e\u011filimindeydi. Rutin devriye g\u00f6revi yapmakta olan \u0130ngiliz deniz piyadeleri belki yanl\u0131\u015fl\u0131kla \u0130ran karasular\u0131na girmi\u015fti. Bundan dolay\u0131 g\u00f6z alt\u0131na al\u0131nm\u0131\u015f olabilirlerdi.  <\/p>\n<p> \u00a0 Ama meselenin o kadar basit olmad\u0131\u011f\u0131 k\u0131sa s\u00fcrede anla\u015f\u0131ld\u0131. \u0130ngiliz deniz piyadeleri Tahran&#39;a g\u00f6t\u00fcr\u00fclm\u00fc\u015flerdi. Demek ki, sorgular\u0131 uzun s\u00fcrecekti. Dahas\u0131, \u0130ngiliz deniz piyadeleriyle diplomatlar dahil hi\u00e7 kimsenin g\u00f6r\u00fc\u015ft\u00fcr\u00fclmemesiydi. Ger\u00e7i bu sat\u0131rlar kaleme al\u0131n\u0131rken Riyad&#39;da bulunan Ba\u015fbakan Erdo\u011fan, \u0130ran D\u0131\u015fi\u015fleri Bakan\u0131 ile g\u00f6r\u00fc\u015ft\u00fckten sonra, deniz piyadelerini &#39;belki&#39; T\u00fcrk diplomatlar\u0131n\u0131n g\u00f6rebilece\u011fini s\u00f6ylemekteydi; ancak, burada ciddi bir &#39;belki&#39; ifadesi vard\u0131. Ayr\u0131ca deniz piyadelerinin b\u0131rak\u0131lmas\u0131 de\u011fil sadece T\u00fcrk diplomatlarla g\u00f6r\u00fc\u015ft\u00fcr\u00fclmesi s\u00f6z konusuydu.  <\/p>\n<p> \u00a0 Bu arada bir g\u00fcn evvel Ankara&#39;da bulunan \u0130ngiltere D\u0131\u015fi\u015fleri Bakan\u0131, Bakan G\u00fcl&#39;\u00fcn \u00e7al\u0131\u015fma ofisinde \u0130ranl\u0131 mevkida\u015f\u0131 ile telefonda g\u00f6r\u00fc\u015fm\u00fc\u015f; olumsuz ge\u00e7ti\u011fini s\u00f6ylemi\u015f; ard\u0131ndan T\u00fcrkiye gezisini k\u0131sa keserek \u00fclkesine d\u00f6nm\u00fc\u015ft\u00fc. \u0130ngiltere Ba\u015fbakan\u0131 Blair de \u0130ran&#39;\u0131 son kez uyaran bir a\u00e7\u0131klama yapm\u0131\u015f ve deniz piyadelerinin serbest b\u0131rak\u0131lmamalar\u0131 halinde ikinci a\u015famaya ge\u00e7eceklerini belirtmi\u015fti.  <\/p>\n<p> <strong>\u00a0 B\u00fct\u00fcn bunlar\u0131 nas\u0131l de\u011ferlendirmek laz\u0131m? \u0130ran&#39;\u0131n kendisine y\u00f6nelik bir sald\u0131r\u0131 haz\u0131rl\u0131\u011f\u0131ndan habersiz oldu\u011funu d\u00fc\u015f\u00fcnmek yanl\u0131\u015f olur. <\/strong> <\/p>\n<p> <strong>\u00a0 Acaba \u0130ran kendisine y\u00f6nelik Amerikan ve\/veya \u0130srail hava sald\u0131r\u0131s\u0131n\u0131n Nisan ay\u0131nda ve yak\u0131n bir tarihte ger\u00e7ekle\u015fece\u011fini d\u00fc\u015f\u00fcn\u00fcyor da, bu deniz piyadelerini rehine almak i\u00e7in mi tutuklad\u0131? Yoksa Amerikal\u0131lar\u0131n ka\u00e7\u0131rd\u0131\u011f\u0131 d\u00fc\u015f\u00fcn\u00fclen eski savunma bakan yard\u0131mc\u0131s\u0131n\u0131n serbest b\u0131rak\u0131lmas\u0131n\u0131 sa\u011flamak amac\u0131yla m\u0131 b\u00f6yle bir yola ba\u015fvurdu? (diye beklenirken, \u0130ran s\u00fcrpriz bi\u00e7imde \u0130ngilizleri sal\u0131verdi.)<\/strong>  <\/p>\n<p> <strong>\u00a0 \u00d6te yandan, \u0130ran&#39;\u0131n bu giri\u015fimleri sald\u0131r\u0131 haz\u0131rl\u0131\u011f\u0131 yapmakta olduklar\u0131na hi\u00e7 \u015f\u00fcphe olmayan Amerika ve \u0130srail&#39;e istedikleri f\u0131rsat\u0131 verebilir mi? E\u011fer \u0130ngiltere ikinci a\u015famaya bug\u00fcnlerde ge\u00e7erse Amerika da her halde kendisine yard\u0131mc\u0131 olacakt\u0131r. O zaman sava\u015f zaten kendili\u011finden ba\u015flam\u0131\u015f olur mu? Bunlar\u0131n hepsi kuvvetli ihtimaller. Amerikan kuvvetleri K\u00f6rfez&#39;de kapsaml\u0131 bir tatbikata ba\u015flam\u0131\u015f durumda. Bunun sebebinin \u0130ran&#39;\u0131n \u0130ngiliz deniz piyadelerinin tutuklamas\u0131yla alakas\u0131 olmad\u0131\u011f\u0131n\u0131 s\u00f6yl\u00fcyorlar; ancak pek de \u00f6yle olmayabilir. Her hal\u00fckarda \u0130ran krizi geliyor ve bu konuda biz haz\u0131rl\u0131kl\u0131 m\u0131y\u0131z? Ne yapaca\u011f\u0131m\u0131za karar verdik mi? Pek zannetmiyorum do\u011frusu&#8230;&quot;<\/strong>  <\/p>\n<p> <strong>\u00a0 &quot;Siz, kahramanl\u0131k ad\u0131na her \u015feyi yap\u0131n\u0131z, biz \u0130ran&#39;a sald\u0131rmayaca\u011f\u0131z!&quot; garantisi alm\u0131\u015f gibi, Amerika ve \u0130srail&#39;in m\u00fcdahalesine mazeret ve me\u015fruiyet kazand\u0131racak stratejik yanl\u0131\u015fl\u0131klar\u0131 inad\u0131na s\u00fcrd\u00fcren \u0130ran&#39;\u0131n bu tavr\u0131 AKP \u015fak\u015fak\u00e7\u0131s\u0131 Yeni \u015eafak yazar\u0131 \u0130brahim Karag\u00fcl&#39;\u00fcn bile kafas\u0131n\u0131 kar\u0131\u015ft\u0131rm\u0131\u015fa benziyor:<\/strong>  <\/p>\n<p> <strong>\u0130ran geri ad\u0131m m\u0131 att\u0131, kahramanl\u0131k m\u0131 yapt\u0131? <\/strong> <\/p>\n<p> <strong>Kolay \u00e7\u00f6z\u00fclecek bir kriz de\u011fildi. BM G\u00fcvenlik Konseyi&#39;nin \u0130ran&#39;a yapt\u0131r\u0131m karar\u0131ndan ka\u00e7\u0131r\u0131lan \u0130ranl\u0131 diplomatlara, ABD-\u0130ran ve \u0130srail&#39;in \u0130ran i\u00e7indeki \u00f6rt\u00fcl\u00fc operasyonlar\u0131ndan Tahran&#39;\u0131n Irak i\u00e7indeki gruplar\u0131 ABD aleyhine silahland\u0131rmas\u0131na kadar \u00e7ok say\u0131da fakt\u00f6r\u00fc i\u00e7ine alacak bir pazarl\u0131k 15 asker \u00fczerinden y\u00fcr\u00fct\u00fcl\u00fcyor zannedildi.<\/strong>  <\/p>\n<p> <strong>\u00a0 Tahran, yalanlasa da, asl\u0131nda askerleri hem ka\u00e7\u0131r\u0131lan diplomatlar\u0131 i\u00e7in hem bask\u0131lar\u0131n azalt\u0131lmas\u0131 i\u00e7in kullanacak hem de, kendi kamuoyu ve Irak i\u00e7indeki n\u00fcfuzunu art\u0131rma yoluna gidecek diye beklendi. Tahran, bu tavr\u0131yla ABD ve \u0130ngiltere&#39;ye a\u00e7\u0131k\u00e7a sava\u015fa haz\u0131r oldu\u011fu mesaj\u0131 veremedi.<\/strong>  <\/p>\n<p> <strong>\u00a0 ABD, \u0130ngiltere ve Fransa&#39;n\u0131n G\u00fcvenlik Konseyi&#39;nden \u00e7\u0131kartt\u0131\u011f\u0131 son karar, a\u011f\u0131r yapt\u0131r\u0131m, 28 ki\u015fi ve \u015firketin hesaplar\u0131n\u0131n dondurulmas\u0131 asl\u0131nda \u0130ran&#39;\u0131 ku\u015fatmaya y\u00f6nelik ABD plan\u0131n\u0131n \u00f6nemli ad\u0131mlar\u0131ndan birisiydi. \u00dclke, siyasi olarak, ekonomik olarak, askeri olarak ad\u0131m ad\u0131m ku\u015fat\u0131l\u0131yor. \u0130ran, \u00fc\u00e7 \u00fclkeye, bu karar\u0131 d\u00fc\u015fmanca bir tav\u0131r olarak alg\u0131lad\u0131\u011f\u0131n\u0131 hat\u0131rlat\u0131yor. \u00c7\u00fcnk\u00fc karar, \u0130ran halk\u0131n\u0131 ve Devrim Muhaf\u0131zlar\u0131&#39;n\u0131 da k\u00f6\u015feye s\u0131k\u0131\u015ft\u0131rmay\u0131 ama\u00e7l\u0131yor. Bu da \u00e7at\u0131\u015fma demektir. Manu\u00e7er Muttaki&#39;nin dedi\u011fi gibi, &quot;\u0130ran ambargo karar\u0131 kar\u015f\u0131s\u0131nda hi\u00e7bir taviz vermeyecek, geri ad\u0131m atmayacak aksine ileri ad\u0131mlar at\u0131p kartlar\u0131n\u0131 a\u00e7\u0131k\u00e7a kullanma yoluna gidecektir&#8230;&quot; s\u00f6zleri yerine getirilemedi.<\/strong>  <\/p>\n<p> <strong>\u00a0 Soral\u0131m: ABD, \u0130ngiltere ve \u0130srail olarak; \u015fimdilerde \u0130ran&#39;a kar\u015f\u0131 sava\u015fan PKK&#39;ya, silahl\u0131 m\u00fccadele d\u0131\u015f\u0131nda \u00e7\u00f6z\u00fcm i\u00e7in g\u00fcvence vermediniz mi? Ter\u00f6r \u00f6rg\u00fct\u00fc sayd\u0131\u011f\u0131n\u0131z bir \u00f6rg\u00fcte d\u00fcnyada ilk kez b\u00f6yle bir g\u00fcvence vermi\u015f olmuyor musunuz?<\/strong>  <\/p>\n<p> <strong>\u00a0 PKK&#39;n\u0131n yan kolu PJAK&#39;\u0131 \u0130ran&#39;\u0131n ba\u015f\u0131na sar\u0131p sald\u0131r\u0131lar d\u00fczenlemediniz mi? Ka\u00e7 \u0130ranl\u0131 \u00f6ld\u00fc bu sald\u0131r\u0131larda? \u0130srail&#39;in bile Kuzey Irak&#39;ta bu \u00f6rg\u00fct\u00fc e\u011fitip silahland\u0131rmas\u0131 i\u00e7in kamplar\u0131 yok mu? Savunma Bakanl\u0131\u011f\u0131 bu \u00f6rg\u00fcte hedef listeleri vermedi mi? Bunu bizzat CIA mensuplar\u0131 itiraf etmedi mi?<\/strong>  <\/p>\n<p> <strong>\u00a0 \u0130ran&#39;a kar\u015f\u0131 Cundullah adl\u0131 S\u00fcnni grubu desteklemiyor musunuz? Bu grubun \u0130ran&#39;a sald\u0131r\u0131lar\u0131n\u0131 organize etmiyor musunuz?<\/strong>  <\/p>\n<p> <strong>\u00a0 \u00d6zel birimlerinizin \u0130ran i\u00e7indeki \u00e7al\u0131\u015fmalar\u0131 devam etmiyor mu? N\u00fckleer tesislerle ilgili belgelendirme, \u0130ran i\u00e7inde etnik \u00e7at\u0131\u015fmalar \u00e7\u0131karma \u00e7al\u0131\u015fmalar\u0131 ne halde? ABD ve \u0130srail istihbarat\u0131 etnik \u00e7at\u0131\u015fmalar\u0131 ve \u00f6rt\u00fcl\u00fc operasyonlar\u0131 finanse etmek i\u00e7in hangi \u015firketleri kurdu?<\/strong>  <\/p>\n<p> <strong>Sava\u015f nas\u0131l pazarlan\u0131r? <\/strong> <\/p>\n<p> Son g\u00fcnlerde \u0130ran ile \u0130ngiltere aras\u0131nda oynanan ve araya bizimde arabulucu olarak \u00e7e\u015fni oldu\u011fumuz tiyatroyu ilgiyle izliyorum. \u0130\u015fin asl\u0131 \u0130ngiltere, askerlerinin \u0130ran taraf\u0131ndan yakalanmas\u0131 i\u00e7in elinden geleni yapt\u0131. Son birka\u00e7 senedir \u0130ngilizler kendilerine bir sava\u015f bahanesi olsun ve tansiyonu y\u00fckseltsin diye \u0130ran s\u0131n\u0131rlar\u0131n\u0131 kalbura \u00e7evirmekle me\u015fguld\u00fc zaten. Bu seferkinde i\u015fi o kadar abartt\u0131lar ki s\u0131rf \u0130ran onlar\u0131 yakalas\u0131n diye bir avu\u00e7 denizciyi ufac\u0131k bir lastik botla \u0130ran karasular\u0131na g\u00f6nderip \u0130ran sava\u015f gemilerinin dibine kadar soktular zaten \u0130ranl\u0131lar onlar\u0131 almasayd\u0131 onlar kendileri \u0130ran k\u0131y\u0131lar\u0131na \u00e7\u0131k\u0131p hadi bizi tutuklay\u0131n l\u00fctfen diyeceklerdi. Bu olay bana May\u0131s 2006 senesindeki benzer bir psikolojik operasyonu hat\u0131rlatt\u0131. O g\u00fcnlerde Kanada da yay\u0131n yapan National Post isimli bir gazetede durup dururken bomba gibi bir haber patlat\u0131lm\u0131\u015ft\u0131. Habere g\u00f6re \u0130ranl\u0131lar \u00fclkede ya\u015fayan Yahudilerden kollar\u0131na sar\u0131 bezden i\u015faretler takmalar\u0131n\u0131 \u015fart ko\u015fmu\u015ftu zaman\u0131nda Nazilerin yapt\u0131\u011f\u0131 gibi. Bu asparagas haber \u00fczerine ba\u015fta Kanada ve Amerika&#39;daki Yahudi lobileri \u00f6yle bir k\u0131yamet kopard\u0131lar ki duyan sanki Adolf Hitler dirilmi\u015fte \u0130ran&#39;da Yahudileri soyk\u0131r\u0131mdan ge\u00e7iriyor san\u0131rd\u0131. Sonradan ak\u0131ll\u0131 bir gazeteci haberin koca bir yalan oldu\u011funu ve\u00a0 Benador Associates isimli bir halkla ili\u015fkiler firmas\u0131 taraf\u0131ndan uyduruldu\u011funu ortaya \u00e7\u0131kard\u0131. Yoksa siz okudu\u011funuz haberlerin hala ger\u00e7ek oldu\u011funu mu d\u00fc\u015f\u00fcn\u00fcyorsunuz, hay\u0131r art\u0131k bug\u00fcn gazetelerde ve televizyonlarda okudu\u011funuz haber ve yorumlar\u0131n b\u00fcy\u00fck k\u0131sm\u0131 &quot;Halkla \u0130li\u015fkiler \u015firketleri taraf\u0131ndan&quot; \u0131smarlama haz\u0131rlan\u0131yor. Bu Benador Halkla ili\u015fkiler firmas\u0131 ilgin\u00e7 bir firmad\u0131r.  <\/p>\n<p> \u00a0 Vefat eden eski d\u0131\u015fi\u015fleri bakan\u0131m\u0131z ve zaman\u0131nda solun umudu olarak lanse edilen \u0130smail Cem de bu Benador firmas\u0131yla \u00e7al\u0131\u015fmaktayd\u0131.  <\/p>\n<p> \u00a0 \u00a0\u0130sterseniz \u015fu adrese bir t\u0131klay\u0131verin. www.benadorassociates.com\/cem.php  <\/p>\n<p> <strong>\u00a0 Benador firmas\u0131 Amerikan a\u015f\u0131r\u0131 sa\u011f\u0131n\u0131n ve Irak sava\u015f\u0131 yardak\u00e7\u0131lar\u0131n\u0131n en sevdi\u011fi ve s\u0131k s\u0131k kulland\u0131klar\u0131 bir yalan \u00fcretim makinas\u0131d\u0131r. Kurucusu bayan Eleana Benador, en \u015fiddetli \u0130slam d\u00fc\u015fmanlar\u0131ndan biri olan Daniel Pipes&#39;\u0131n yan\u0131nda uzun s\u00fcre \u00e7al\u0131\u015fm\u0131\u015f ve onun sayesinde kurdu\u011fu Yahudi lobileri ba\u011flant\u0131lar\u0131yla bu \u015firketi a\u00e7m\u0131\u015ft\u0131r ve ayn\u0131 zamanda CIA taraf\u0131ndan kurulan &quot;\u00d6zg\u00fcr L\u00fcbnan Komitesi&quot; \u00fcyesidir. Kocas\u0131 ise \u0130svi\u00e7re&#39;de koca bir sanat m\u00fczesi sahibidir ve d\u00fcnyan\u0131n en nadir Picasso tablolar\u0131 bu adamda bulunur. Bu tablolar\u0131n nas\u0131l d\u00fcmenlerle onun eline ge\u00e7ti\u011fini merak edenler Arianna Huffingtonun Picasso hakk\u0131nda yazd\u0131\u011f\u0131 son kitaba bir bakarlarsa \u00e7ok e\u011flenebilirler. Bu yalan \u00fcretim merkezinde son derece ilgin\u00e7 isimlerde mesai yapmaktad\u0131r. Mesela \u0130srail ordusundan emekli subay Nir Boms \u015fu aralar &quot;Ortado\u011fu \u00d6zg\u00fcrl\u00fck Merkezi&quot; b\u00fcnyesinde har\u0131l har\u0131l \u0130slam \u00fclkelerine y\u00f6nelik planlar haz\u0131rlamakla me\u015fgul bulunmaktad\u0131r. <\/strong> <\/p>\n<p> <strong>\u00a0 Bir di\u011fer ki\u015fi Yahudi as\u0131ll\u0131 Amerikan vatanda\u015f\u0131 i\u015f adam\u0131 ve dolar milyarderi Leon Charney bu yalan \u00fcretme merkezinin has dan\u0131\u015fman\u0131d\u0131r. Kendisinin \u0130srail&#39;e m\u00fcthi\u015f hizmetleri ge\u00e7mi\u015ftir, \u00f6rnek olarak So\u011fuk Sava\u015f\u0131n en az\u0131l\u0131 g\u00fcnlerinde Sovyetler birli\u011finden bin Yahudi as\u0131ll\u0131 bilim adam\u0131 ve sanat\u00e7\u0131y\u0131 b\u00fcy\u00fck r\u00fc\u015fvetlerle ka\u00e7\u0131r\u0131p \u0130srail&#39;e g\u00f6t\u00fcrmesi vard\u0131r. Bu operasyon i\u00e7in zaman\u0131n \u0130srail ba\u015fbakan\u0131 Golda Meir taraf\u0131ndan madalya tak\u0131lm\u0131\u015ft\u0131r. Yalan uydurma makinesi \u015firketin ba\u015fka bir kilit \u015fahsiyeti ise Dr.Hillel Fradkindir, Yahudi as\u0131ll\u0131 Fradkin 1969-1972 aras\u0131 Amerikan \u00d6zel kuvvetler b\u00fcnyesinde \u0130branice ve Arap\u00e7a \u00e7evirmenli\u011fi yapm\u0131\u015f ve b\u00fcy\u00fck olas\u0131l\u0131k o d\u00f6nemlerde Ortado\u011fu&#39;da \u00e7e\u015fitli operasyonlara kat\u0131lm\u0131\u015ft\u0131r. Ordudan ayr\u0131ld\u0131ktan sonra Amerika Devleti taraf\u0131ndan verilen ba\u015fka bir g\u00f6revle \u0130slam \u00fczerine e\u011fitim g\u00f6rm\u00fc\u015f ve Chicago \u00fcniversitesinde Fazlurrahman\u0131n \u00f6\u011frencisi olmu\u015ftur. Fetullah\u00e7\u0131lar\u0131n da ak\u0131l hocalar\u0131ndand\u0131r.<\/strong>  <\/p>\n<p> \u00a0 &quot;\u0130ran&#39;da Yahudiler fi\u015fleniyor&quot; yalan haberini uyduran \u015firketin di\u011fer uzmanlar\u0131 ise: Fransa&#39;n\u0131n en b\u00fcy\u00fck Yahudi lobilerinden olan Bnai Akiva ba\u015fkan\u0131 Michel Gurfinkiel, Eski NATO Ba\u015fkomutan\u0131 Amerikal\u0131 General Haig, Amerika&#39;da t\u00fcm okullara girmek istedi\u011finiz zaman sorulan GRE, GMAT gibi s\u0131nav sistemlerini icat eden Stanley Kaplan ve assolist olarak &quot;Karanl\u0131klar Prensi&quot; lakapl\u0131 ve Irak i\u015fgali dahil onlarca fitnenin ba\u015f sorumlusu Richard Perle gibi, ne hikmetse hepsi Yahudi as\u0131ll\u0131d\u0131r.  <\/p>\n<p> \u00a0 \u00a0\u015eimdi bir d\u00fc\u015f\u00fcn\u00fcn, son g\u00fcnlerde ba\u015f\u0131 \u00f6rt\u00fcl\u00fc \u0130ran&#39;da esir \u0130ngiliz asker k\u0131z resmini t\u00fcm gazetelerimize man\u015fetten servis eden acaba hangi Halkla \u0130li\u015fkiler \u015firketidir. Unutmay\u0131n, bug\u00fcnk\u00fc d\u00fczende do\u011frular yanl\u0131\u015f, yanl\u0131\u015flar ise do\u011frudur. Ate\u015f olarak g\u00f6rd\u00fc\u011f\u00fcn\u00fcz su ve su olarak g\u00f6sterilen asl\u0131nda ate\u015ftir. \u00c7\u00fcnk\u00fc bu Siyonist Deccal Nizam\u0131d\u0131r. Ve maalesef, \u0130ran kahramanl\u0131k ve reklam hat\u0131r\u0131na Yahudi planl\u0131 \u0130ngiliz oltas\u0131n\u0131 yutmu\u015f ve askerlerini esir tutmu\u015f olmaktad\u0131r.8  <\/p>\n<p> 8Serdar Kuru  <\/p>\n","protected":false},"excerpt":{"rendered":"<p>\u00a0  <\/p>\n<p> <strong>S\u00fcleymaniye&#39;de askerimizin ba\u015f\u0131na \u00e7uval ge\u00e7irilip tutuklan\u0131rken, \u0130srail Filistinli milletvekillerini yakalay\u0131p cezaevine t\u0131karken, su\u00e7suz sebepsiz onlarca M\u00fcsl\u00fcman Guantanamo&#39;ya hapsedilirken ve Telafer&#39;de T\u00fcrkmenler biri birilerine k\u0131rd\u0131r\u0131l\u0131rken g\u0131k\u0131 bile \u00e7\u0131kmayan AKP iktidars\u0131z\u0131, \u015fimdi \u0130ran&#39;n\u0131n yakalad\u0131\u011f\u0131 \u0130ngiliz askerlerini b\u0131raks\u0131n diye arabuluculu\u011fa soyunuyor. <\/strong> <\/p>\n","protected":false},"author":3,"featured_media":0,"comment_status":"open","ping_status":"closed","sticky":false,"template":"","format":"standard","meta":{"footnotes":""},"categories":[69],"tags":[],"class_list":["post-926","post","type-post","status-publish","format-standard","hentry","category-mayis-2007"],"_links":{"self":[{"href":"https:\/\/www.millicozum.com\/mc\/wp-json\/wp\/v2\/posts\/926","targetHints":{"allow":["GET"]}}],"collection":[{"href":"https:\/\/www.millicozum.com\/mc\/wp-json\/wp\/v2\/posts"}],"about":[{"href":"https:\/\/www.millicozum.com\/mc\/wp-json\/wp\/v2\/types\/post"}],"author":[{"embeddable":true,"href":"https:\/\/www.millicozum.com\/mc\/wp-json\/wp\/v2\/users\/3"}],"replies":[{"embeddable":true,"href":"https:\/\/www.millicozum.com\/mc\/wp-json\/wp\/v2\/comments?post=926"}],"version-history":[{"count":0,"href":"https:\/\/www.millicozum.com\/mc\/wp-json\/wp\/v2\/posts\/926\/revisions"}],"wp:attachment":[{"href":"https:\/\/www.millicozum.com\/mc\/wp-json\/wp\/v2\/media?parent=926"}],"wp:term":[{"taxonomy":"category","embeddable":true,"href":"https:\/\/www.millicozum.com\/mc\/wp-json\/wp\/v2\/categories?post=926"},{"taxonomy":"post_tag","embeddable":true,"href":"https:\/\/www.millicozum.com\/mc\/wp-json\/wp\/v2\/tags?post=926"}],"curies":[{"name":"wp","href":"https:\/\/api.w.org\/{rel}","templated":true}]}}