{"id":927,"date":"2007-05-03T04:03:14","date_gmt":"2007-05-03T04:03:14","guid":{"rendered":"https:\/\/www.millicozum.com\/mc\/2007\/05\/03\/an-kfezbulaniyor-abd-belasini-ariyor\/"},"modified":"2007-05-03T04:03:14","modified_gmt":"2007-05-03T04:03:14","slug":"iran-korfezi-bulaniyor-abd-belasini-ariyor","status":"publish","type":"post","link":"https:\/\/www.millicozum.com\/mc\/2007\/mayis-2007\/iran-korfezi-bulaniyor-abd-belasini-ariyor\/","title":{"rendered":"\u0130RAN K\u00d6RFEZ\u0130 BULANIYOR ABD BELASINI ARIYOR"},"content":{"rendered":"<p>\u00a0  <\/p>\n<p> <strong>Blair \u0130ran&#39;\u0131 tehdit ediyor!<\/strong> <\/p>\n<p> <strong>\u0130ngiltere Ba\u015fbakan\u0131 Tony Blair, rehin al\u0131nan 15 \u0130ngiliz askerinin serbest b\u0131rak\u0131lmas\u0131na y\u00f6nelik diplomatik \u00e7abalar\u0131n sonu\u00e7 vermemesi halinde konunun &quot;farkl\u0131 bir safhaya&quot; girece\u011fi tehdidini yineledi.\u00a0 <\/strong> <\/p>\n<p>  \u00a0 <\/p>\n<p> <strong>\u00a0\u00a0 T\u00fcm \u00e7abalar\u0131n, tutuklu askerlerin diplomasi yoluyla serbest b\u0131rak\u0131lmas\u0131 \u00fczerine odakland\u0131\u011f\u0131n\u0131 belirten Blair, \u0130ngiliz askeri personelinin &quot;ge\u00e7erli bir mazeret olmadan&quot; tutuklu bulunmas\u0131na kesinlikle izin vermeyeceklerini s\u00f6yledi. GMTV&#39;ye konu\u015fan Blair, \u015fu an yapmaya \u00e7al\u0131\u015ft\u0131klar\u0131 \u015feyin, &quot;Diplomatik kanallarla konuyu takip etmek ve \u0130ran h\u00fck\u00fcmetine bu insanlar\u0131n serbest b\u0131rak\u0131lmas\u0131 gerekti\u011fini anlamas\u0131n\u0131 sa\u011flamak&quot; oldu\u011funu s\u00f6yledi. <\/strong> <\/p>\n<p> <strong>\u00a0\u00a0 Diplomatik \u00e7abalarla askerlerin serbest b\u0131rak\u0131lmas\u0131n\u0131 umdu\u011funu anlatan Blair, &quot;Bu sa\u011flanamazsa, konu farkl\u0131 bir safhaya girer&quot; ifadesini kulland\u0131. Blair ayr\u0131ca, askerlerin durumuyla ilgili yeni bir bilgi bulunmad\u0131\u011f\u0131n\u0131 s\u00f6zlerine ekledi. <\/strong> <\/p>\n<p> <strong>\u00a0\u00a0 ABD ise K\u00f6rfeze, u\u00e7ak gemilerini ve \u00f6zel askerlerini g\u00f6nderdi. S\u00f6n d\u00f6rt y\u0131l\u0131n en b\u00fcy\u00fck y\u0131\u011f\u0131na\u011f\u0131n\u0131 ger\u00e7ekle\u015ftirip, sava\u015f tatbikatlar\u0131na giri\u015fti. Evet Basra k\u00f6rfezi bulan\u0131yor ve Amerika belas\u0131n\u0131 ar\u0131yor. \u0130ran&#39;n\u0131n b\u00fct\u00fcn petrol\u00fcn\u00fc art\u0131k dolar yerine euro ile sataca\u011f\u0131n\u0131 a\u00e7\u0131klamas\u0131 ise Amerika&#39;y\u0131 daha da \u00e7\u0131ld\u0131rt\u0131yor.<\/strong> <\/p>\n<p> <strong>\u00a0\u00a0 Bu arada Chavez ABD ile m\u00fccadele \u00e7a\u011fr\u0131s\u0131 yap\u0131yor!<\/strong> <\/p>\n<p> <strong>\u00a0\u00a0 Venezuela Devlet Ba\u015fkan\u0131 Hugo Chavez, BM G\u00fcvenlik Konseyinde \u0130ran&#39;a y\u00f6nelik yeni yapt\u0131r\u0131mlar\u0131n kabul edilmesinin ertesinde, &#39;&#39;Amerikan \u0130mparatorlu\u011funun \u0130ran&#39;a kar\u015f\u0131 \u00e7\u0131lg\u0131nl\u0131\u011f\u0131yla m\u00fccadele&#39;&#39; \u00e7a\u011fr\u0131s\u0131nda bulunuyor.<\/strong> <\/p>\n<p> <strong>\u00a0\u00a0 \u0130ran&#39;\u0131n n\u00fckleer program\u0131na destek veren ender devlet ba\u015fkanlar\u0131ndan biri olan Chavez, &#39;&#39;Amerikan Kongresi, BM ve d\u00fcnyan\u0131n en g\u00fc\u00e7l\u00fc \u00fclkelerinin Amerikan \u0130mparatorlu\u011funun \u00e7\u0131lg\u0131nl\u0131\u011f\u0131n\u0131 durdurabilece\u011fini umal\u0131m&#39;&#39; diye uyar\u0131yor!<\/strong> <\/p>\n<p> <strong>\u00a0\u00a0 &quot;\u0130\u015fgalciler, \u0130ran&#39;a\u00a0 sald\u0131rmaya haz\u0131rlan\u0131yor&quot;<\/strong> <\/p>\n<p> <strong>\u00a0\u00a0 \u0130ran ile ili\u015fkilerini s\u0131k\u0131la\u015ft\u0131ran ve bir\u00e7ok kez \u0130ran Cumhurba\u015fkan\u0131 Mahmud Ahmedinejad&#39;\u0131 \u00fclkesinde a\u011f\u0131rlayan Chavez, Beyaz Saray&#39;\u0131n \u0130ran rejimine y\u00f6nelik sald\u0131r\u0131 haz\u0131rl\u0131\u011f\u0131 i\u00e7inde oldu\u011funu da bir kez daha dile getirip &#39;&#39;\u0130mparatorluk u\u00e7ak gemilerini harekete ge\u00e7irmekte, birliklerini \u0130ran&#39;a do\u011fru y\u00f6nlendirmekte, ayr\u0131ca Rus bas\u0131n\u0131nda \u00e7\u0131kan bir haberde de sald\u0131r\u0131 i\u00e7in bir tarih belirlendi\u011fi bile yaz\u0131yor&#39;&#39; <\/strong> <\/p>\n<p> <strong>\u00a0\u00a0 Chavez, i\u015fgalci ABD&#39;ye d\u00fc\u015fman b\u00fct\u00fcn \u00fclkeleri de bir direni\u015f sava\u015f\u0131nda Venezuela&#39;n\u0131n yan\u0131nda yer almaya \u00e7a\u011f\u0131rarak, &#39;&#39;Uzun menzilli ger\u00e7ek bir savunma sistemi meselesi konusunda bir\u00e7ok \u00fclkeyle halihaz\u0131rda \u00e7al\u0131\u015fmalar\u0131m\u0131z\u0131 s\u00fcrd\u00fcr\u00fcyoruz&#39;&#39; a\u00e7\u0131klamas\u0131n\u0131 yap\u0131yor.<\/strong> <\/p>\n<p> <strong>\u0130ran bask\u0131lara boyun e\u011fmiyor <\/strong> <\/p>\n<p> \u0130ran Cumhurba\u015fkan\u0131 Ahmedinejad, \u0130ran&#39;a y\u00f6nelik &#39;kanund\u0131\u015f\u0131&#39; yeni yapt\u0131r\u0131m karar\u0131n\u0131n, &quot;n\u00fckleer programlar\u0131nda bir saniye bile duraklamaya neden olmayaca\u011f\u0131n\u0131&quot; s\u00f6ylerken, h\u00fck\u00fcmet Atom Enerjisi Kurulu (UAK) ile i\u015fbirli\u011fin azalt\u0131laca\u011f\u0131n\u0131 a\u00e7\u0131klad\u0131. <\/p>\n<p> \u0130ran h\u00fck\u00fcmeti, Birle\u015fmi\u015f Milletler (BM) Atom Enerjisi Kurumu&#39;yla i\u015f birli\u011fini azaltaca\u011f\u0131n\u0131 a\u00e7\u0131klad\u0131. H\u00fck\u00fcmet S\u00f6zc\u00fcs\u00fc Gulam H\u00fcseyin Elham, karar\u0131n BM G\u00fcvenlik Konseyi&#39;nin \u0130ran&#39;a kar\u015f\u0131 yapt\u0131r\u0131mlar\u0131 sertle\u015ftirmesi y\u00f6n\u00fcndeki 1747 say\u0131l\u0131 yeni karar\u0131 \u00fczerine tepki olarak al\u0131nd\u0131\u011f\u0131n\u0131 belirtti. Elham, \u0130ran&#39;\u0131n Atom Enerjisi Kurumu&#39;nu yeni n\u00fckleer projeleri hakk\u0131nda ancak operasyonel olmalar\u0131ndan alt\u0131 ay \u00f6nce haberdar edece\u011fini belirtti.  <\/p>\n<p> \u00a0\u00a0 <strong>&quot;Geri ad\u0131m at\u0131lmayacak&quot;<\/strong> <\/p>\n<p> \u00a0\u00a0 \u0130ran Cumhurba\u015fkan\u0131 Mahmud Ahmedinejad da, BM G\u00fcvenlik Konseyi&#39;nin kabul etti\u011fi \u0130ran&#39;a y\u00f6nelik yeni yapt\u0131r\u0131m karar\u0131n\u0131n, &quot;n\u00fckleer programlar\u0131nda bir saniye bile duraklamaya neden olmayaca\u011f\u0131n\u0131&quot; s\u00f6yledi. Ahmedinejad, bakanlar kurulu toplant\u0131s\u0131nda, BM G\u00fcvenlik Konseyi&#39;nin karar\u0131n\u0131 &quot;kanund\u0131\u015f\u0131&quot; olarak niteledi ve bu karar\u0131n &quot;b\u00fcy\u00fck g\u00fc\u00e7lerin \u0130ran&#39;a kar\u015f\u0131 d\u00fc\u015fmanl\u0131k ve kinlerinden kaynakland\u0131\u011f\u0131n\u0131&quot; belirtti. Al\u0131nan karar\u0131n \u0130ran i\u00e7in yeni bir \u015fey olmad\u0131\u011f\u0131n\u0131 ifade eden Ahmedinejad, &quot;BM G\u00fcvenlik Konseyi&#39;nde al\u0131nan bu gibi kanund\u0131\u015f\u0131 kararlar, \u0130ran&#39;\u0131n bar\u0131\u015f\u00e7\u0131l ve kanuni n\u00fckleer faaliyetlerinde bir saniye bile duraklamaya ve hi\u00e7bir \u015f\u00fcpheye yol a\u00e7mayacak&quot; dedi. <\/p>\n<p> \u00a0\u00a0 <strong>\u00a0&quot;Liberal demokrasinin sonu&quot;<\/strong> <\/p>\n<p> <strong>\u00a0\u00a0 Baz\u0131 b\u00fcy\u00fck g\u00fc\u00e7lerin BM&#39;yi kendi \u00e7\u0131karlar\u0131 i\u00e7in kulland\u0131klar\u0131n\u0131 ifade eden Ahmedinejad, \u015funlar\u0131 s\u00f6yledi: &quot;\u0130ran milleti ge\u00e7mi\u015fe g\u00f6re daha kararl\u0131 bir \u015fekilde yoluna devam edecek. Y\u00fczlerce karar alsalar da \u0130ran&#39;a zarar veremeyeceklerini bilsinler. Bu kararlar, bize hi\u00e7bir zarar vermez, sadece uluslararas\u0131 kurumlar\u0131n haysiyetini zedeler ve evrensel g\u00fcvenli\u011fin zarar g\u00f6rmesine neden olur.&quot;<\/strong> <\/p>\n<p> <strong>\u00a0\u00a0 Ahmedinejad, G\u00fcvenlik Konseyi&#39;nin ald\u0131\u011f\u0131 son karar\u0131n &quot;liberal demokrasinin sonunun geldi\u011finin bir g\u00f6stergesi&quot; oldu\u011funu da iddia etti ve &quot;Bu d\u00fczenin sonu gelmi\u015ftir&quot; ifadesini kulland\u0131. BM G\u00fcvenlik Konseyi, oybirli\u011fiyle \u0130ran&#39;a kar\u015f\u0131 yeni bir yapt\u0131r\u0131m karar\u0131 alm\u0131\u015f, Tahran y\u00f6netimi, daha \u00f6nceki yapt\u0131r\u0131m karar\u0131nda oldu\u011fu gibi bunu da kabul etmedi\u011fini a\u00e7\u0131klam\u0131\u015ft\u0131.\u00a0 <\/strong> <\/p>\n<p> <strong>\u00a0\u00a0 Ermenistan \u0130srail&#39;i \u00f6rnek al\u0131yor\u00a0 <\/strong> <\/p>\n<p> \u00a0\u00a0 \u00a0Ermenistan son g\u00fcnlerde k\u00fcresel g\u00fc\u00e7lerin deste\u011fini de arkas\u0131na alarak \u00f6nemli giri\u015fimlere imza at\u0131yor, b\u00fcy\u00fcmesi ve geli\u015fmesi \u00f6n\u00fcndeki engelleri tek tek a\u015fmaya \u00e7al\u0131\u015f\u0131yor. <\/p>\n<p> \u00a0\u00a0 Amerika&#39;da etkin olan Yahudi lobisi ile yapt\u0131klar\u0131 anla\u015fmayla bug\u00fcne kadar hi\u00e7 sahip olamad\u0131klar\u0131 oranda bir g\u00fc\u00e7le &#39;s\u00f6zde soyk\u0131r\u0131m tasar\u0131s\u0131&#39;n\u0131n ABD&#39;de onaylanabilmesi y\u00f6n\u00fcnde bir kamuoyu olu\u015fturdular. Ellerindeki bu g\u00fc\u00e7l\u00fc kozu kullanarak bir yandan Ankara&#39;y\u0131 \u00e7e\u015fitli tavizlere zorluyorlar, bir yandan da el alt\u0131ndan arg\u00fcmanlar ileri s\u00fcrerek, &quot;Azerbaycan&#39;a ait olan Karaba\u011f&#39;\u0131 i\u015fgal etti\u011fi, soyk\u0131r\u0131m iddias\u0131nda bulundu\u011fu ve de topraklar\u0131nda hak iddia etti\u011fi&quot; gerek\u00e7esiyle T\u00fcrkiye&#39;nin Ermenistan&#39;a uygulad\u0131\u011f\u0131 zay\u0131f ambargonun kald\u0131r\u0131lmas\u0131 ve s\u0131n\u0131rlar\u0131n\u0131 a\u00e7mas\u0131 y\u00f6n\u00fcnde telkinlerde bulunuyorlar. <\/p>\n<p> \u00a0\u00a0 Ambargonun kald\u0131r\u0131lmas\u0131 ve s\u0131n\u0131rlar\u0131n a\u00e7\u0131lmas\u0131 durumunda rahat bir nefes alacak olan Ermenistan&#39;\u0131n g\u00fc\u00e7lenmesi i\u00e7in bunlar tek ba\u015f\u0131na yeterli de\u011fil, elbette. <\/p>\n<p> G\u00fc\u00e7l\u00fc olmak i\u00e7in gerekli olan \u00f6nemli bir ko\u015ful da belirli bir n\u00fcfusa sahip olmak zorunlulu\u011fudur. \u00dclke n\u00fcfusunu art\u0131rabilmesi i\u00e7in de Ermenistan&#39;\u0131n modern ve cazip \u00fclke olmas\u0131 gerekiyor. Ambargonun kald\u0131r\u0131lmas\u0131 ve s\u0131n\u0131rlar\u0131n a\u00e7\u0131lmas\u0131yla bunun ilk ad\u0131m\u0131 \u00f6nemli \u00f6l\u00e7\u00fcde at\u0131lm\u0131\u015f olacak. Dolay\u0131s\u0131yla, diaspora Ermenileri ve Yahudi lobisi omuz omuza vererek bu engeli a\u015fmak i\u00e7in her t\u00fcrl\u00fc imkan\u0131 seferber etmi\u015f durumda. <\/p>\n<p> \u00a0\u00a0 <strong>G\u00fc\u00e7l\u00fc bir Ermenistan ya da bir di\u011fer deyi\u015fle &quot;B\u00fcy\u00fck Ermenistan&quot; ideali do\u011frultusunda ikinci ad\u0131m da ge\u00e7ti\u011fimiz g\u00fcnlerde at\u0131ld\u0131&#8230;<\/strong> <\/p>\n<p> <strong>\u00a0\u00a0 Bu kez de \u0130srail modeli \u00f6rnek al\u0131narak&#8230;<\/strong> <\/p>\n<p> <strong>\u00a0\u00a0 Daha \u00f6nce \u0130srail taraf\u0131ndan denenmi\u015f bir proje hayata ge\u00e7irilerek&#8230;<\/strong> <\/p>\n<p> <strong>\u00a0\u00a0 Hat\u0131rlayacak olursan\u0131z, \u0130srail kuruldu\u011funda t\u00fcm d\u00fcnyaya \u00e7a\u011fr\u0131 yapm\u0131\u015f, b\u00fct\u00fcn Yahudileri \u0130srail&#39;de toplanmaya davet etmi\u015fti. Ve ba\u015fta Rusya olmak \u00fczere d\u00fcnyan\u0131n d\u00f6rt bir yan\u0131ndan gelen Yahudilerle g\u00fc\u00e7l\u00fc bir \u0130srail devleti olu\u015fturulmu\u015ftu. <\/strong> <\/p>\n<p> <strong>\u00a0\u00a0 Bu uygulamay\u0131 \u00f6rnek alan Ermenistan&#39;da, \u00e7ifte vatanda\u015fl\u0131k yasa tasar\u0131s\u0131 ge\u00e7en hafta onayland\u0131. Diaspora Ermenilerine vatanda\u015fl\u0131k verilmesini kolayla\u015ft\u0131ran yeni yasaya g\u00f6re, Ermeni vatanda\u015flar\u0131yla evli olanlar, \u00e7ocu\u011fu Ermeni vatanda\u015f\u0131 olanlar, \u00fclkede 3 y\u0131l s\u00fcrekli ya\u015fam\u0131\u015f 18 ya\u015f\u0131n\u0131 doldurmu\u015f Ermenilere \u00e7ifte vatanda\u015fl\u0131k hakk\u0131 tan\u0131n\u0131yor.<\/strong> <\/p>\n<p> <strong>\u00a0\u00a0 Erivan \u015fimdi \u0130srail olma yolunda&#8230;<\/strong> <\/p>\n<p> <strong>\u00a0\u00a0 ABD Senato D\u0131\u015f \u0130li\u015fkiler Komitesi&#39;nin, Ermeni as\u0131ll\u0131 gazeteci Hrant Dink&#39;in \u00f6ld\u00fcr\u00fclmesini k\u0131nayan bir tasar\u0131y\u0131 oylamay\u0131 ertelemesinin ard\u0131ndan, Illinois Demokrat Parti Senat\u00f6r\u00fc Richard Durbin&#39;in, s\u00f6zde Ermeni soyk\u0131r\u0131m\u0131na ili\u015fkin bir tasar\u0131y\u0131 Senato&#39;ya sunaca\u011f\u0131 a\u00e7\u0131kland\u0131.<\/strong> <\/p>\n<p> <strong>\u00a0\u00a0 Bu da g\u00f6steriyor ki, T\u00fcrkiye ile pazarl\u0131klar s\u00fcr\u00fcyor, zira diplomatik manevralar\u0131n ard\u0131 arkas\u0131 kesilmiyor.9<\/strong> <\/p>\n<p> <strong>\u0130ran sava\u015f\u0131 i\u00e7in felaket senaryolar\u0131 konu\u015fuluyor! <\/strong> <\/p>\n<p> <strong>ABD, \u0130ran&#39;a a\u011f\u0131r hava sald\u0131r\u0131s\u0131nda bulunduktan sonra Bush n\u00fckleer tesislerin yerle bir edildi\u011fini a\u00e7\u0131klayacak. Gece \u00e7\u00f6kt\u00fc\u011f\u00fcndeyse, petrol fiyatlar\u0131n\u0131n tavana vurdu\u011fu ve \u0130ran&#39;\u0131n az kay\u0131p verdi\u011fi anla\u015f\u0131lacak.<\/strong> <\/p>\n<p> <strong>ABD ba\u015fkan\u0131 ak\u0131ll\u0131ysa \u0130ran&#39;a sava\u015f a\u00e7maz. Fakat d\u00fcnya onun zek\u00e2 yoksunu kal\u0131n kafal\u0131l\u0131\u011f\u0131na al\u0131\u015ft\u0131\u011f\u0131 i\u00e7in sald\u0131r\u0131 ihtimali g\u00fcndemde. Bu ba\u011flamda, sava\u015f\u0131n birinci g\u00fcn\u00fcnde ya\u015fanabileceklerle ilgili \u015f\u00f6yle bir senaryo yaz\u0131labilir&#8230; <\/strong> <\/p>\n<p> <strong>\u00a0\u00a0 Tahran saatine g\u00f6re sabah ezan\u0131ndan bir saat kadar sonra, \u0130sraillilerle Amerikal\u0131lar\u0131n \u0130ranl\u0131lar\u0131n namaz sonras\u0131 uykuya dald\u0131\u011f\u0131ndan emin olmalar\u0131 akabinde, \u0130srail ve ABD u\u00e7aklar\u0131, Irak, Suudi Arabistan, Kuveyt, Katar ve Afganistan \u00fcslerinden, K\u00f6rfez&#39;de ve Hint Okyanusu&#39;nda bulunan Amerikan u\u00e7ak gemilerinden kalk\u0131\u015fa ge\u00e7er. ABD sava\u015f gemilerinden ve denizalt\u0131lar\u0131ndan da \u0130ran&#39;\u0131n askeri mevzilerine, tesislerine ve askeri birimlerine f\u00fczeler f\u0131rlat\u0131r&#8230; Tahran da, \u0130srail-ABD sald\u0131r\u0131lar\u0131n\u0131n ba\u015flad\u0131\u011f\u0131n\u0131 anlad\u0131ktan sonra f\u00fczelerini derhal u\u00e7ak gemilerine \u00e7evirecek. \u0130ran, bombard\u0131man u\u00e7aklar\u0131n\u0131 d\u00fc\u015f\u00fcrmek i\u00e7in u\u00e7ak savarlar\u0131n\u0131 harekete ge\u00e7irecek&#8230;<\/strong> <\/p>\n<p> <strong>\u00a0\u00a0 Fakat gecenin \u00e7\u00f6kmesiyle birlikte ABD, istihbarat bilgilerinin do\u011frular\u0131 yans\u0131tmad\u0131\u011f\u0131n\u0131, \u0130ran&#39;\u0131n misilleme g\u00fcc\u00fcn\u00fcn felce u\u011frat\u0131lamad\u0131\u011f\u0131n\u0131 ve ilk g\u00fcnk\u00fc kay\u0131plar\u0131n\u0131n beklenenin be\u015f kat\u0131 oldu\u011funu g\u00f6recek. D\u00fcnyadaki yak\u0131t istasyonlar\u0131 kepenklerini indirmeden, bir petrol\u00fcn varil fiyat\u0131 100 dolar\u0131 a\u015fabilir. Yer k\u00fcrenin Bat\u0131 yakas\u0131ndaysa kalabal\u0131klar, n\u00fckleer bombalar\u0131n kullan\u0131lmas\u0131 ve ekonomik y\u0131k\u0131m kar\u015f\u0131t\u0131 g\u00f6steriler i\u00e7in sokaklara d\u00f6k\u00fclecektir. Amerikan halk\u0131 da y\u00fczlerce hatta binlerce Amerikal\u0131n\u0131n \u00f6ld\u00fc\u011f\u00fc haberleri kar\u015f\u0131s\u0131nda \u015fa\u015fk\u0131na d\u00f6necek; onlar\u0131n da bir k\u0131sm\u0131 sonraki g\u00fcn\u00fcn sabah\u0131 \u00f6fkelerini dile getirmek i\u00e7in sokaklara d\u00f6k\u00fclecek&#8230;<\/strong> <\/p>\n<p> <strong>\u00a0\u00a0 Sonu\u00e7 olarak, ABD Ba\u015fkan\u0131 \u0130ran&#39;a sava\u015f a\u00e7ma karar\u0131 al\u0131rsa sonu\u00e7lar\u0131n \u015f\u00f6yle olaca\u011f\u0131n\u0131 tahmin ediyorum: ABD ve \u0130srail \u00e7ok say\u0131da tesisi yerle bir edecek, enerji santrallar\u0131n\u0131n normal \u00e7al\u0131\u015fmalar\u0131 duracak. Bir\u00e7ok hava \u00fcss\u00fc vurulacak ancak \u0130ranl\u0131 asker ve subaylar\u0131n belirli mevzilerde yo\u011funla\u015fmamas\u0131 sebebiyle kay\u0131plar korkun\u00e7 boyutta olmayacak. \u0130ran&#39;\u0131n f\u00fcze bataryalar\u0131n\u0131n y\u00fczde 20&#39;si ve n\u00fckleer faaliyetlerle ili\u015fkisi olan mevkilerinin y\u00fczde 30&#39;u y\u0131k\u0131lacak. Ellerindeki bilgilerin azl\u0131\u011f\u0131 sebebiyle ABD ve \u0130srail bombard\u0131manlar\u0131 sivilleri ve yanl\u0131\u015f yerleri vuracak. Bir\u00e7ok \u0130ran u\u00e7a\u011f\u0131 d\u00fc\u015f\u00fcr\u00fclecek ve sald\u0131rganlar a\u00e7\u0131s\u0131ndan hayati hedef olmayan baz\u0131 askeri tesisler de vurulacak. (26.3.2007 \/ Abd\u00fcssettar Kas\u0131m \/ Kudsel Arabi \/ Radikal)<\/strong> <\/p>\n<p> <strong>Basra K\u00f6rfezi&#39;nde \u00c7anakkale senaryosu! <\/strong> <\/p>\n<p> \u00a0\u00a0 \u0130ran b\u00f6l\u00fcn\u00fcrse, \u0130ran&#39;a bir sald\u0131r\u0131 olursa, \u0130ran kar\u015f\u0131 sald\u0131r\u0131ya ge\u00e7erse, \u0130ran \u015eiileri bulunduklar\u0131 topraklarda harekete ge\u00e7irirse sadece b\u00f6lge \u00fclkeleri de\u011fil, ABD&#39;nin de Ortado\u011fu&#39;daki varl\u0131\u011f\u0131 tehlikeye girecek, \u0130srail belki b\u00fcy\u00fck bir sava\u015f\u0131n i\u00e7ine s\u00fcr\u00fcklenecek, T\u00fcrkiye, istemeden taraf olma durumunda kalacak demektir. B\u00f6yle bir geli\u015fme, Ortado\u011fu&#39;daki rejimlerin \u00e7\u00f6k\u00fc\u015f\u00fcne yol a\u00e7aca\u011f\u0131 gibi, haritalar\u0131n de\u011fi\u015fmesine, yeni devlet\u00e7iklerin ortaya \u00e7\u0131kmas\u0131na veya Bat\u0131&#39;ya ve Bat\u0131l\u0131 hedeflere kar\u015f\u0131 topyekun sald\u0131r\u0131ya yol a\u00e7acakt\u0131r. Bu f\u0131rt\u0131nan\u0131n ard\u0131ndan ABD&#39;nin B\u00fcy\u00fck Ortado\u011fu&#39;su mu kurulacak, uzun s\u00fcreli bir fetret devri mi ya\u015fanacak yoksa hi\u00e7 \u00f6ng\u00f6remedi\u011fimiz g\u00fc\u00e7ler, akt\u00f6rler mi ortaya \u00e7\u0131kacak o zaman g\u00f6rece\u011fiz&#8230; <\/p>\n<p> \u00a0\u00a0 ABD, \u0130ngiltere ve \u0130srail, PKK&#39;n\u0131n yan kurulu\u015fu olarak kurduklar\u0131 \u0130ran \u00d6zg\u00fcr Ya\u015fam Partisi PJAK&#39;\u0131, e\u011fitti, silahland\u0131rd\u0131, \u0130ran i\u00e7lerine soktu ve sald\u0131r\u0131lar yapt\u0131rd\u0131. Hala da yap\u0131yor. PJAK sald\u0131r\u0131lar\u0131 \u0130ran&#39;a ciddi zararlar verdi, helikopter ve u\u00e7ak d\u00fc\u015f\u00fcrme dahil bir \u00e7ok asker ve \u00fcst d\u00fczey komutan \u00f6ld\u00fcr\u00fcld\u00fc&#8230;ABD, \u0130ngiliz, \u0130srail istihbarat\u0131, \u0130ran i\u00e7indeki unsurlarla i\u015fbirli\u011fi i\u00e7inde \u00f6rt\u00fcl\u00fc operasyonlar yapt\u0131, yapmaya devam ediyor.\u00a0 Ayn\u0131 g\u00fc\u00e7ler \u0130ran eski Savunma Bakan Yard\u0131mc\u0131s\u0131 Ali Riza Asgeri&#39;yi \u0130stanbul&#39;da ka\u00e7\u0131rd\u0131. Bu operasyon hakk\u0131nda hen\u00fcz net bilgi edinilemezken ba\u015fka \u0130ranl\u0131lar\u0131n da ayn\u0131 \u015fekilde ka\u00e7\u0131r\u0131ld\u0131\u011f\u0131 ortaya \u00e7\u0131kt\u0131. Tahran esir ald\u0131\u011f\u0131 \u0130ngilizlere kar\u015f\u0131l\u0131k kendi askerlerini serbest b\u0131rakt\u0131rma ve de\u011fi\u015f toku\u015f yapma f\u0131rsat\u0131n\u0131 bile kullanamad\u0131. <\/p>\n<p> \u00a0\u00a0 15 \u0130ngiliz asker Devrim Muhaf\u0131zlar\u0131 taraf\u0131ndan esir al\u0131nd\u0131. Daha \u00f6nce \u0130ranl\u0131 diplomatlar\u0131n Irak i\u00e7inde esir al\u0131nmas\u0131 sonras\u0131 Tahran da \u0130ngiliz askerlerin ba\u015f\u0131na \u00e7uval ge\u00e7irmi\u015f oldu!.. ABD, \u0130ran&#39;a kar\u015f\u0131 S\u00fcnni \u00fclkeleri de yan\u0131na al\u0131rsa, b\u00f6lge hem b\u00fcy\u00fck bir sald\u0131r\u0131yla hem de korkun\u00e7 bir i\u00e7 sava\u015fla bo\u011fu\u015fmak zorunda kalacak. H\u00fcrm\u00fcz Bo\u011faz\u0131 ile Kuveyt-Irak aras\u0131ndaki alan silah petrol ve kan denizine d\u00f6n\u00fc\u015febilir mi? Bir \u00c7anakkale senaryosu ya\u015fan\u0131r m\u0131?10  <\/p>\n<p> \u00a0\u00a0 <strong>T\u00fcrkiye&#39;nin ABD&#39;ye misilleme plan\u0131! <\/strong> <\/p>\n<p> <strong>\u00a0\u00a0 Nefesler tutuldu. Ankara, ABD Temsilciler Meclisi&#39;nde g\u00fcndeme gelmesi beklenen s\u00f6zde Ermeni soyk\u0131r\u0131m\u0131 tasar\u0131s\u0131n\u0131n ge\u00e7ip ge\u00e7meyece\u011fini bekliyor. <\/strong> <\/p>\n<p> <strong>Tasar\u0131n\u0131n bu y\u0131l kesin ge\u00e7ece\u011fiyle ilgili hava biraz de\u011fi\u015fse de, hen\u00fcz hi\u00e7 bir \u015fey belli de\u011fil. Ge\u00e7enlerde konu\u015ftu\u011fumuz bir diplomat, 2000 y\u0131l\u0131nda Ermeni tasar\u0131n\u0131n ge\u00e7mesine 10 dakika kala d\u00f6nemin ABD Ba\u015fkan\u0131 Bill Clinton&#39;\u0131n &quot;\u00fclkesinin menfaatlerini&quot; ileri s\u00fcrerek bizzat devreye girmesi ile durdurulan o me\u015fhur tasar\u0131 ile ilgili \u00e7ok ilgin\u00e7 \u015feyler anlatt\u0131. T\u00fcrkiye o zaman asl\u0131nda tasar\u0131n\u0131n ge\u00e7mesine kesin g\u00f6z\u00fc ile bakm\u0131\u015f. Bu nedenle, yap\u0131lacak sert a\u00e7\u0131klama bile haz\u0131rlanm\u0131\u015f. Haz\u0131r olan bir belge daha varm\u0131\u015f. O da Ankara&#39;n\u0131n kar\u015f\u0131 misilleme plan\u0131. \u015eimdi s\u0131k\u0131 durun. Plan\u0131n 1. s\u0131ras\u0131nda &quot;Derhal Washington B\u00fcy\u00fckel\u00e7imizin geri \u00e7ekilmesi.&quot; 2. s\u0131ras\u0131nda da &quot;\u0130ncirlik \u00dcss\u00fc&#39;n\u00fcn kapat\u0131lmas\u0131&quot; varm\u0131\u015f. Devletin zirvesinin tamam\u0131 bunu onaylam\u0131\u015f. D\u00fc\u011fmeye basmak \u00fczere bekleniyormu\u015f. Bunlar\u0131 anlatan diplomat planlamay\u0131 bizzat yapanlardan. Ald\u0131\u011f\u0131m\u0131z duyumlara g\u00f6re, tasar\u0131n\u0131n onaylanmas\u0131 durumunda Ankara&#39;n\u0131n yine buna \u00e7ok benzer bir plan\u0131 var. Ermeni tasar\u0131s\u0131n\u0131 ge\u00e7irmeye hevesli Amerikal\u0131 siyaset\u00e7ilere \u015fimdiden duyurulur.11 <\/strong> <\/p>\n<p> <strong>\u00a0\u00a0 Tarih Kurumu Ba\u015fkan\u0131 Hala\u00e7o\u011flu: <\/strong> <\/p>\n<p> <strong>\u00a0\u00a0 &quot;AB H\u0131ristiyan Birli\u011fi T\u00fcrkiye&#39;ye yer yok&quot; diye uyar\u0131yor!<\/strong> <\/p>\n<p> T\u00fcrk Tarih Kurumu Ba\u015fkan\u0131 Prof. Dr. Yusuf Hala\u00e7o\u011flu, &quot;AB H\u0131ristiyan Birli\u011fi&#39;dir, T\u00fcrkiye&#39;ye yer yok&quot; diye uyar\u0131yor.  <\/p>\n<p> \u00a0\u00a0 Prof. Dr. Hala\u00e7o\u011flu, Esnaf ve Sanatkarlar Derne\u011fi (ESDER) Genel Merkezi&#39;nin yay\u0131n organ\u0131 &#39;Kepenk&#39; dergisine verdi\u011fi r\u00f6portajda, \u00f6zellikle Avrupa Birli\u011fi (AB) ile ilgili \u00e7arp\u0131c\u0131 a\u00e7\u0131klamalarda bulunuyor. T\u00fcrkiye&#39;nin b\u00fct\u00fcn \u015fartlar\u0131 yerine getirse bile AB&#39;ye kabul edilmeyece\u011fini s\u00f6yleyen Hala\u00e7o\u011flu, &quot;AB&#39;ye giremeyeceksin. Adamlar ba\u015ftan beri kabul etmiyorlar, istemiyorlar. A\u00e7\u0131k\u00e7a s\u00f6yl\u00fcyorlar, ama biz anlamakta zorluk \u00e7ekiyoruz. T\u00fcrkiye&#39;ye yer yok. Buras\u0131 H\u0131ristiyan Birli\u011fi. Ka\u00e7 kere y\u00fcz\u00fcm\u00fcze s\u00f6ylediler. &#39;Arkada\u015f siz her \u015feyi tamamlasan\u0131z da almayaca\u011f\u0131z.&#39; Yani iyi niyetli de\u011filler. &#39;Sen iyi niyetli de\u011filsin art niyetli d\u00fc\u015f\u00fcn\u00fcyorsun, o zaman ba\u015f\u0131n\u0131n \u00e7aresine bak&#39; dersin o zaman ard\u0131ndan onlar gelir. \u00c7\u00fcnk\u00fc, seni serbest b\u0131rakmak istemezler. Yani kendi ba\u015f\u0131na hareket edersen ba\u015flar\u0131na yar\u0131n bela olabilirsin. \u015eimdi bu adamlar d\u00fc\u015f\u00fcn\u00fcyorlar. Bunlar Osmanl\u0131. Bunlar\u0131n genlerinde, b\u00fcy\u00fck devlet kurmak var&quot; diye korkuyorlar.  <\/p>\n<p> \u00a0\u00a0 T\u00fcrkiye&#39;nin T\u00fcrk Cumhuriyetleri ile ve \u0130slam Alemiyle ba\u011flar\u0131n\u0131n g\u00fc\u00e7lendirmesi gerekti\u011fini \u00a0\u00a0\u00a0\u00a0\u00a0\u00a0\u00a0\u00a0\u00a0\u00a0\u00a0 savunan Hala\u00e7o\u011flu, \u015funlar\u0131 kaydetti:  <\/p>\n<p> \u00a0\u00a0 &quot;T\u00fcrki Cumhuriyetlerle ba\u011flar\u0131 kuvvetlendirmek gerek. A\u00e7\u0131lacak tek yer do\u011fu, bizim i\u00e7in bat\u0131da bir \u015fey yok. Yar\u0131n i\u015f ba\u015fa d\u00fc\u015fse o performans\u0131 g\u00f6sterirsin ama \u015fu var: uyutulma meselesi. G\u00f6z\u00fcm\u00fcz kapal\u0131 herkes g\u00f6z\u00fcm\u00fcz\u00fcn \u00f6n\u00fcnde bizi s\u00f6m\u00fcr\u00fcyor, \u015famar o\u011fluna d\u00f6nd\u00fcr\u00fcyor. \u00dclkeyi par\u00e7alamaya kalk\u0131yor. Buna kar\u015f\u0131l\u0131k g\u00f6z\u00fcm\u00fczle bak\u0131yoruz, g\u00f6rm\u00fcyoruz veyahut da g\u00f6rmek istemiyoruz. \u0130tiraf etmekten de \u00e7ekiniyoruz. Yahu bu adamlar bizi almak istemiyorlar. Almazsan\u0131z almay\u0131n. Ben kendi ba\u015f\u0131m\u0131n \u00e7aresine bakar\u0131m. Ben b\u00fcy\u00fck devletim. Bu g\u00fcne kadar \u015fu say\u0131da b\u00fcy\u00fck devlet kurmu\u015fum. Ben sizinle ne yapaca\u011f\u0131m demesi laz\u0131m. Bir &#39;can\u0131n\u0131z isterse&#39; diyebilse zaten hepsi aya\u011f\u0131na gelecek. T\u00fcrkiye Cumhuriyeti 1923&#39;te kuruldu ama halk\u0131 o tarihte ortaya \u00e7\u0131kmad\u0131 ki. M.\u00d6. 5000&#39;li y\u0131llara dayanan bir tarihi ge\u00e7mi\u015fimiz var. \u015eimdi o kadar b\u00fcy\u00fck bir birikim. \u0130sterseniz siz fark\u0131nda olmay\u0131n. Ama o birikim sizin \u015fu akl\u0131n\u0131za ruhunuza yerle\u015fir. Yar\u0131n devlet dedi\u011finiz zaman devlet olabilme yetene\u011fini g\u00f6sterebilirsiniz. Niye baz\u0131 topluluklar millet olam\u0131yorlar ve devlet kuram\u0131yorlar bundand\u0131r. O k\u00fclt\u00fcre sahip olamad\u0131\u011f\u0131ndand\u0131r. \u015eimdi Amerika diyor ki, &#39;Irak&#39;a demokrasi getirece\u011fim.&#39; Getiremez, niye getiremez. \u00c7\u00fcnk\u00fc olmayan bir \u015feyi getiremez. Aslan gerilerek atlar. Ne kadar geriye \u00e7ekilirse o kadar daha uzun atlayabilir. Tarih geriyi bilmek demektir. Haliyle geriyi bildi\u011finiz zaman ne kadar \u00f6n\u00fcn\u00fcz\u00fcn a\u00e7\u0131k oldu\u011funu de\u011ferlendirebilirsiniz. Ge\u00e7mi\u015fini bilmeyenin gelece\u011fi olmaz.&quot; <\/p>\n<p> <strong>T\u00fcrk Tarih Kurumu Ba\u015fkan\u0131 Prof. Dr. Yusuf Hala\u00e7o\u011flu, Atat\u00fcrk&#39;\u00fcn vasiyeti gere\u011fi \u0130\u015f Bankas\u0131&#39;n\u0131n \u00f6demesi gereken pay\u0131 CHP&#39;den yarg\u0131 karar\u0131 ile ald\u0131klar\u0131n\u0131 bildirdi. Paran\u0131n \u00f6denmesi i\u00e7in uzun s\u00fcredir m\u00fccadele verdi\u011fini anlatan Hala\u00e7o\u011flu, sonunda yarg\u0131 yoluyla haklar\u0131na kavu\u015ftuklar\u0131n\u0131 ifade etti. Hala\u00e7o\u011flu, &quot;Uzun m\u00fccadelelerden sonra \u00f6demek zorunda kald\u0131lar. \u0130yi bir para da ald\u0131k. \u015eimdi tabi bu paran\u0131n bir \u015fekilde T\u00fcrkiye lehine kullan\u0131lmas\u0131 laz\u0131m&quot; ama kanun ve b\u00fcrokratik s\u0131k\u0131nt\u0131lar\u0131 a\u015fam\u0131yoruz.<\/strong> <\/p>\n<p> <strong>T\u00fcrk Tarih Kurumu&#39;nun kurulu\u015f yasas\u0131 olmad\u0131\u011f\u0131 i\u00e7in \u00e7ok ciddi s\u0131k\u0131nt\u0131lar ya\u015fad\u0131klar\u0131n\u0131 belirten Prof. Dr. Hala\u00e7o\u011flu, CHP&#39;den ald\u0131klar\u0131 para ile maddi s\u0131k\u0131nt\u0131lar\u0131 a\u015ft\u0131klar\u0131n\u0131, \u015fimdi projeleri hayata ge\u00e7irecekleri yasal yollar\u0131n\u0131n t\u0131kand\u0131\u011f\u0131n\u0131 s\u00f6yleyerek:<\/strong> <\/p>\n<p> <strong>&quot;Kanununuz varsa kullan\u0131rs\u0131n\u0131z. Ama kanunumuz yok. Ben tek ba\u015f\u0131may\u0131m. \u015eurada oturuyorum ama bu \u00e7al\u0131\u015fmay\u0131 yapacak ba\u015fka adam yok yan\u0131mda. Ben gittikten sonra burada kimse kalm\u0131yor. D\u00f6n\u00fcnce de b\u00fct\u00fcn imzalar beni bekliyor. Bu a\u015fa\u011f\u0131 yukar\u0131 yedi senedir b\u00f6yle. Kanun h\u00fckm\u00fcnde bir kararnameye gitmi\u015flerdi. \u00c7\u0131kar\u0131lan kararnamelerin yerine yeni kanun \u00e7\u0131karmak laz\u0131m. Ancak \u00e7\u0131karmad\u0131lar. Burada ba\u015fkan yard\u0131mc\u0131lar\u0131n\u0131n olmas\u0131 heyetin olu\u015fturulmas\u0131 gerek idi. Kad\u00fck hale geldi\u011fi i\u00e7in \u015fimdi ne bilim adamlar\u0131 se\u00e7ilebiliyor, ne de ba\u015fka bir \u015fey yap\u0131labiliyor. Kimseyi alam\u0131yorum, uzman yok. Tam da T\u00fcrkiye&#39;nin b\u00f6yle s\u0131k\u0131nt\u0131l\u0131 oldu\u011fu bir d\u00f6nemde. Biz devletten hi\u00e7 para alm\u0131yoruz. Kendi personelimizin maa\u015f\u0131 kendi b\u00fct\u00e7emizden \u00e7\u0131kar. Devletten bir kuru\u015f bile girmez buraya. \u0130\u015fte bizim matbaam\u0131z vard\u0131. Matbaam\u0131zda yapt\u0131\u011f\u0131m\u0131z ticari \u00e7al\u0131\u015fmalarla devam ettirdik. Kitap sat\u0131\u015f gelirlerimiz var haliyle. Onu kullan\u0131yorduk. Son olarak da Eyl\u00fcl ay\u0131nda \u0130\u015f Bankas\u0131&#39;ndan Atat\u00fcrk vasiyeti \u00f6d\u00fcl\u00fcne sahip olduk. \u015eimdi hi\u00e7bir maddi s\u0131k\u0131nt\u0131m\u0131z kalmad\u0131. \u015eu anda maddi bak\u0131mdan istedi\u011fimiz kadar uzmanla \u00e7al\u0131\u015fabilecek, istedi\u011fimiz projeyi ger\u00e7ekle\u015ftirebilecek duruma geldik. Ama i\u015fte kanun olmay\u0131nca bunu da yapam\u0131yoruz. Biz de bunun s\u0131k\u0131nt\u0131s\u0131n\u0131 \u00e7ekiyoruz. Buras\u0131 rastgele bir kurum de\u011fil. Basit sivil toplum \u00f6rg\u00fctleri bile onlarca adamla \u00e7al\u0131\u015f\u0131rken,T\u00fcrk Tarih Kurumu&#39;nu b\u00f6yle b\u0131rakmamak gerekir. T\u00fcrk Tarih Kurumu&#39;nu ihmal ediyorlar, ilgilenmediler.&quot;<\/strong> <\/p>\n<p> <\/p>\n<p> [1] 27.03.2007 \/ H\u00fcseyin Alt\u0131nalan \/ Milli Gazete <\/p>\n<p> [1] 27.3.2007 \/ \u0130brahim Karag\u00fcl \/ Y. \u015eafak <\/p>\n<p> [1] 26.3.2007 \/ Metehan Demir \/ Sabah <\/p>\n<p> <\/p>\n","protected":false},"excerpt":{"rendered":"<p>\u00a0  <\/p>\n<p> <strong>Blair \u0130ran&#39;\u0131 tehdit ediyor!<\/strong> <\/p>\n<p> <strong>\u0130ngiltere Ba\u015fbakan\u0131 Tony Blair, rehin al\u0131nan 15 \u0130ngiliz askerinin serbest b\u0131rak\u0131lmas\u0131na y\u00f6nelik diplomatik \u00e7abalar\u0131n sonu\u00e7 vermemesi halinde konunun &quot;farkl\u0131 bir safhaya&quot; girece\u011fi tehdidini yineledi.\u00a0 <\/strong> <\/p>\n","protected":false},"author":25,"featured_media":0,"comment_status":"open","ping_status":"closed","sticky":false,"template":"","format":"standard","meta":{"footnotes":""},"categories":[69],"tags":[],"class_list":["post-927","post","type-post","status-publish","format-standard","hentry","category-mayis-2007"],"_links":{"self":[{"href":"https:\/\/www.millicozum.com\/mc\/wp-json\/wp\/v2\/posts\/927","targetHints":{"allow":["GET"]}}],"collection":[{"href":"https:\/\/www.millicozum.com\/mc\/wp-json\/wp\/v2\/posts"}],"about":[{"href":"https:\/\/www.millicozum.com\/mc\/wp-json\/wp\/v2\/types\/post"}],"author":[{"embeddable":true,"href":"https:\/\/www.millicozum.com\/mc\/wp-json\/wp\/v2\/users\/25"}],"replies":[{"embeddable":true,"href":"https:\/\/www.millicozum.com\/mc\/wp-json\/wp\/v2\/comments?post=927"}],"version-history":[{"count":0,"href":"https:\/\/www.millicozum.com\/mc\/wp-json\/wp\/v2\/posts\/927\/revisions"}],"wp:attachment":[{"href":"https:\/\/www.millicozum.com\/mc\/wp-json\/wp\/v2\/media?parent=927"}],"wp:term":[{"taxonomy":"category","embeddable":true,"href":"https:\/\/www.millicozum.com\/mc\/wp-json\/wp\/v2\/categories?post=927"},{"taxonomy":"post_tag","embeddable":true,"href":"https:\/\/www.millicozum.com\/mc\/wp-json\/wp\/v2\/tags?post=927"}],"curies":[{"name":"wp","href":"https:\/\/api.w.org\/{rel}","templated":true}]}}