{"id":929,"date":"2007-05-03T04:05:00","date_gmt":"2007-05-03T04:05:00","guid":{"rendered":"https:\/\/www.millicozum.com\/mc\/2007\/05\/03\/banitin-mesaji-ve-ytanlarin-tela\/"},"modified":"2007-05-03T04:05:00","modified_gmt":"2007-05-03T04:05:00","slug":"buyukanitin-mesaji-ve-seytanlarin-telasi","status":"publish","type":"post","link":"https:\/\/www.millicozum.com\/mc\/2007\/mayis-2007\/buyukanitin-mesaji-ve-seytanlarin-telasi\/","title":{"rendered":"B\u00dcY\u00dcKANIT&#8217;IN MESAJI VE \u015eEYTANLARIN TELA\u015eI"},"content":{"rendered":"<p>\u00a0  <\/p>\n<p> <strong>Sesar&#39;\u0131n tespitlerine kat\u0131l\u0131yoruz ve ayr\u0131nt\u0131l\u0131 yorumlar\u0131 \u00f6n\u00fcm\u00fczdeki say\u0131m\u0131zda yay\u0131nlamak \u00fczere \u015fimdilik \u015fu kadar\u0131n\u0131 aktar\u0131yoruz.<\/strong> <\/p>\n<p> <\/p>\n<p> <strong>\u00a0\u00a0\u00a0\u00a0\u00a0\u00a0\u00a0\u00a0\u00a0\u00a0\u00a0 Ey K\u00fcresel Merkezler!<\/strong> <\/p>\n<p> <\/p>\n<p> <strong>\u00a0\u00a0\u00a0\u00a0\u00a0\u00a0\u00a0\u00a0\u00a0\u00a0\u00a0 T\u00fcrkiye&#39;nin kar\u015f\u0131s\u0131na ordunuz ve onurunuzla \u00e7\u0131kma cesaret ve g\u00fcc\u00fcn\u00fcz\u00fc kaybetti\u011finizden: Konvansiyonel sava\u015f tekniklerini de\u011fil de; siyasal, dini, etnik, ekonomik, uluslararas\u0131 hukuk, uluslar aras\u0131 \u00f6rg\u00fctler, STK&#39;lar ve anayasal mekanizmalar\u0131 gasp ederek; istihbari, siyasi, hukuki ve diplomatik \u015fekle b\u00fcr\u00fcnerek s\u00fcrd\u00fcrd\u00fc\u011f\u00fcn\u00fcz i\u015fgal hareketini milim milim izliyor, gerekli \u00f6nlemleri al\u0131yoruz. <\/strong> <\/p>\n<p>  \u00a0  <\/p>\n<p> <strong>\u00a0\u00a0\u00a0\u00a0\u00a0\u00a0\u00a0\u00a0\u00a0\u00a0\u00a0 Sava\u015f\u0131 sizin istedi\u011finiz alanda de\u011fil, kendi belirledi\u011fimiz alanda ve kendi tarz\u0131m\u0131zda yap\u0131yor ve bu konu\u015fma ile e\u015f zamanl\u0131 olarak da size somut \u015fekilde g\u00f6steriyoruz. Ma\u015falar\u0131n\u0131z\u0131n ve maa\u015fl\u0131 yazarlar\u0131n\u0131z\u0131n hamlelerini izlerken; sizleri, i\u00e7inden \u00e7\u0131kamayaca\u011f\u0131n\u0131z ve da\u011f\u0131laca\u011f\u0131n\u0131z bir batakl\u0131\u011fa \u00e7ekiyoruz. <\/strong> <\/p>\n<p> <\/p>\n<p> <strong>\u00a0\u00a0\u00a0\u00a0\u00a0\u00a0\u00a0\u00a0\u00a0\u00a0\u00a0 Irak&#39;ta, L\u00fcbnan&#39;da, Yugoslavya&#39;da, Afganistan&#39;da, Sudan&#39;da, Etiyopya&#39;da Somali&#39;de ve G\u00fcrcistan&#39;da uygulad\u0131klar\u0131n\u0131z\u0131, \u0130ran ve T\u00fcrkiye&#39;de planlad\u0131klar\u0131n\u0131z\u0131, yapt\u0131klar\u0131n\u0131z\u0131 ve yapacaklar\u0131n\u0131z\u0131 biliyoruz! Ma\u015falar\u0131 ve onlar\u0131 tutan kollar\u0131 ve y\u00f6neten odaklar\u0131; beklemedikleri bir sona haz\u0131rl\u0131yoruz!<\/strong> <\/p>\n<p> <\/p>\n<p> <strong>\u00a0\u00a0\u00a0\u00a0\u00a0\u00a0\u00a0\u00a0\u00a0\u00a0\u00a0 AB, ABD, \u0130ngiltere ve \u0130srail ile onlar\u0131n ma\u015falar\u0131na s\u00f6yl\u00fcyoruz: Tehlikenin makro oldu\u011fu yerde mikro sorunlara odaklan\u0131p imk\u00e2n ve f\u0131rsatlar\u0131m\u0131z\u0131 israf etmeyiz! Makro tehlikelere makro cevaplar veririz! Ma\u015falar\u0131n\u0131z\u0131 da size kar\u015f\u0131 sizden daha ustaca kullanmas\u0131n\u0131 biliyoruz!<\/strong> <\/p>\n<p> <\/p>\n<p> <strong>\u00a0\u00a0\u00a0\u00a0\u00a0\u00a0\u00a0\u00a0\u00a0\u00a0\u00a0 Sizleri ciddiye al\u0131yor ve iyi tan\u0131yoruz; ama sizlerin bildi\u011fi ve \u00f6\u011frendi\u011fi her \u015feyin, hen\u00fcz bizim Milletimizin ve Mehmet\u00e7iklerimizin unuttu\u011funun % 1&#39;i bile etmedi\u011fini hat\u0131rlat\u0131yoruz!<\/strong> <\/p>\n<p> <\/p>\n<p> <strong>\u00a0\u00a0\u00a0\u00a0\u00a0\u00a0\u00a0\u00a0\u00a0\u00a0\u00a0 Ya\u015far Pa\u015fa&#39;n\u0131n mesajlar\u0131n\u0131n T\u00fcrk\u00e7esi bunlard\u0131r. &quot;Silahl\u0131 Kuvvetlerimiz, T\u00fcrkiye&#39;deki her siyasal, etnik, dini, ekonomik, hukuk, sosyal, idari ve k\u00fclt\u00fcrel, magazinsel ve medyatik hareketlenmenin k\u00fcresel kollar\u0131n\u0131 bilmekte, ak\u0131lla, sab\u0131rla, serinkanl\u0131l\u0131kla ve nihai sonucu alacak kararl\u0131l\u0131kla da a\u011flar\u0131n\u0131 \u00f6rmektedir.&quot; anlam\u0131ndad\u0131r.<\/strong> <\/p>\n<p> <\/p>\n<p> <strong>\u00a0\u00a0\u00a0\u00a0\u00a0\u00a0\u00a0\u00a0\u00a0\u00a0\u00a0 Bu ba\u011flamda AKP ma\u015fas\u0131n\u0131n, i\u015fbirlik\u00e7i medya ve rantiyeci patronlar\u0131n ve 10. dereceden Lawrence&#39;lik oynayan zavall\u0131lar\u0131n ciddiye al\u0131nabilecek en \u00f6nemli y\u00f6nleri sadece i\u00e7eride olmalar\u0131 ve bizden san\u0131lmalar\u0131d\u0131r.<\/strong> <\/p>\n<p> <\/p>\n<p> <strong>\u00a0\u00a0\u00a0\u00a0\u00a0\u00a0\u00a0\u00a0\u00a0\u00a0\u00a0 TSK sahte \u0130slamc\u0131lar&#39;\u0131n, sahte Atat\u00fcrk\u00e7\u00fcler&#39;in, sahte milliyet\u00e7ilerin, sahte vatanseverlerin ve di\u011fer sahteliklerin arkas\u0131ndaki eli g\u00f6recek kadar tarihi derinli\u011fe, deneyime ve en \u00f6nemlisi taze ve teyitli bilgiye sahip bulunmaktad\u0131r. <\/strong> <\/p>\n<p> <\/p>\n<p> <strong>\u00a0\u00a0\u00a0\u00a0\u00a0\u00a0\u00a0\u00a0\u00a0\u00a0\u00a0 Milli G\u00fc\u00e7lerin stratejisi a\u00e7\u0131kt\u0131r; &quot;Sadece ma\u015falar\u0131 de\u011fil, bunlar\u0131 y\u00f6neten beyinleri de ma\u015falarla birlikte etkisiz k\u0131lmakt\u0131r!..&quot; G\u00f6sterilen geni\u015f sabr\u0131n ve izlenen stratejinin hedefi de budur! Bu ger\u00e7e\u011fi ma\u015falar\u0131 y\u00f6neten beyinler anlam\u0131\u015f, ama beyin fukaras\u0131 kuklalar hala fark\u0131na varamam\u0131\u015flard\u0131r!<\/strong> <\/p>\n<p> <\/p>\n<p> <strong>\u00a0\u00a0\u00a0\u00a0\u00a0\u00a0\u00a0\u00a0\u00a0\u00a0\u00a0 Milli G\u00fc\u00e7ler ve T\u00fcrk Silahl\u0131 Kuvvetleri; Allah&#39;a, Hz. Muhammed&#39;e (S.A.V.), vatana, millete, devlete ihanet edenlerin ve \u015fahsi \u00e7\u0131karlar\u0131 i\u00e7in kendi \u00e7ocuklar\u0131n\u0131 bile ate\u015fe s\u00fcrenlere g\u00fcvenilmeyece\u011fini bilecek kadar \u015fuurlu ve uyan\u0131kt\u0131r ve H\u0130\u00c7B\u0130R \u0130HANET SAKLI KALMAYACAKTIR!<\/strong> <\/p>\n<p> <\/p>\n","protected":false},"excerpt":{"rendered":"<p>\u00a0  <\/p>\n<p> <strong>Sesar&#39;\u0131n tespitlerine kat\u0131l\u0131yoruz ve ayr\u0131nt\u0131l\u0131 yorumlar\u0131 \u00f6n\u00fcm\u00fczdeki say\u0131m\u0131zda yay\u0131nlamak \u00fczere \u015fimdilik \u015fu kadar\u0131n\u0131 aktar\u0131yoruz.<\/strong> <\/p>\n<p> <\/p>\n<p> <strong>\u00a0\u00a0\u00a0\u00a0\u00a0\u00a0\u00a0\u00a0\u00a0\u00a0\u00a0 Ey K\u00fcresel Merkezler!<\/strong> <\/p>\n<p> <\/p>\n<p> <strong>\u00a0\u00a0\u00a0\u00a0\u00a0\u00a0\u00a0\u00a0\u00a0\u00a0\u00a0 T\u00fcrkiye&#39;nin kar\u015f\u0131s\u0131na ordunuz ve onurunuzla \u00e7\u0131kma cesaret ve g\u00fcc\u00fcn\u00fcz\u00fc kaybetti\u011finizden: Konvansiyonel sava\u015f tekniklerini de\u011fil de; siyasal, dini, etnik, ekonomik, uluslararas\u0131 hukuk, uluslar aras\u0131 \u00f6rg\u00fctler, STK&#39;lar ve anayasal mekanizmalar\u0131 gasp ederek; istihbari, siyasi, hukuki ve diplomatik \u015fekle b\u00fcr\u00fcnerek s\u00fcrd\u00fcrd\u00fc\u011f\u00fcn\u00fcz i\u015fgal hareketini milim milim izliyor, gerekli \u00f6nlemleri al\u0131yoruz. <\/strong> <\/p>\n","protected":false},"author":17,"featured_media":0,"comment_status":"open","ping_status":"closed","sticky":false,"template":"","format":"standard","meta":{"footnotes":""},"categories":[69],"tags":[],"class_list":["post-929","post","type-post","status-publish","format-standard","hentry","category-mayis-2007"],"_links":{"self":[{"href":"https:\/\/www.millicozum.com\/mc\/wp-json\/wp\/v2\/posts\/929","targetHints":{"allow":["GET"]}}],"collection":[{"href":"https:\/\/www.millicozum.com\/mc\/wp-json\/wp\/v2\/posts"}],"about":[{"href":"https:\/\/www.millicozum.com\/mc\/wp-json\/wp\/v2\/types\/post"}],"author":[{"embeddable":true,"href":"https:\/\/www.millicozum.com\/mc\/wp-json\/wp\/v2\/users\/17"}],"replies":[{"embeddable":true,"href":"https:\/\/www.millicozum.com\/mc\/wp-json\/wp\/v2\/comments?post=929"}],"version-history":[{"count":0,"href":"https:\/\/www.millicozum.com\/mc\/wp-json\/wp\/v2\/posts\/929\/revisions"}],"wp:attachment":[{"href":"https:\/\/www.millicozum.com\/mc\/wp-json\/wp\/v2\/media?parent=929"}],"wp:term":[{"taxonomy":"category","embeddable":true,"href":"https:\/\/www.millicozum.com\/mc\/wp-json\/wp\/v2\/categories?post=929"},{"taxonomy":"post_tag","embeddable":true,"href":"https:\/\/www.millicozum.com\/mc\/wp-json\/wp\/v2\/tags?post=929"}],"curies":[{"name":"wp","href":"https:\/\/api.w.org\/{rel}","templated":true}]}}