{"id":94,"date":"2006-11-19T14:53:04","date_gmt":"2006-11-19T14:53:04","guid":{"rendered":"https:\/\/www.millicozum.com\/mc\/2006\/11\/19\/ac-tehd-bu-hett\/"},"modified":"2006-11-19T14:53:04","modified_gmt":"2006-11-19T14:53:04","slug":"acil-tehdit-bu-hukumettir","status":"publish","type":"post","link":"https:\/\/www.millicozum.com\/mc\/2006\/agustos-2006\/acil-tehdit-bu-hukumettir\/","title":{"rendered":"AC\u0130L TEHD\u0130T, BU H\u00dcK\u00dcMETT\u0130R!"},"content":{"rendered":"<p>\u00a0  <\/p>\n<p> <strong>Mahmudiye&#39;deki tecav\u00fcz ve katliam, ABD&#39;nin do\u011fal hali, AKP&#39;nin ise vebalidir! <\/strong> <\/p>\n<p> <strong> <\/p>\n<p> <strong><em>S\u0131radan bir haber:<\/em><\/strong>  <\/p>\n<p> <strong><em>&quot;Ba\u011fdat&#39;\u0131n g\u00fcneyindeki Mahmudiye kasabas\u0131nda Amerikan askerleri, mart ay\u0131nda bir k\u0131za tecav\u00fcz etti. Devriye gezerken g\u00f6rd\u00fckleri k\u0131z \u00e7ocu\u011funa yapt\u0131klar\u0131 korkun\u00e7 sald\u0131r\u0131y\u0131 bir hafta boyunca planlayan askerler, ailenin biri \u00e7ocuk 3 erke\u011fini yan odaya kapat\u0131p evinde tecav\u00fcz ettikleri k\u0131z \u00e7ocu\u011funu olay sonras\u0131 \u00f6ld\u00fcrd\u00fc. Su\u00e7lar\u0131 ortaya \u00e7\u0131kmas\u0131n diye erkekleri de \u00f6ld\u00fcrd\u00fckten sonra cesetlerini yan\u0131c\u0131 bir s\u0131v\u0131 madde d\u00f6kerek ate\u015fe verdi.&quot;<\/em><\/strong>  <\/p>\n<p> <strong><em>O a\u015fa\u011f\u0131l\u0131k Amerikan askerlerinden birinin itiraf\u0131yla ortaya \u00e7\u0131kan bu korkun\u00e7 olaya &quot;s\u0131radan haber&quot; diyoruz, \u00e7\u00fcnk\u00fc Ebu Gureyb&#39;den, Felluce&#39;den, Telafer&#39;den, Hadise&#39;den sonra, i\u015fgalci Amerikan askerlerinin sap\u0131kl\u0131klar\u0131 ve canilikleri de\u011fil, ancak normal davran\u0131\u015flar\u0131 s\u0131ra d\u0131\u015f\u0131 kabul edilebilir.<\/em><\/strong>  <\/p>\n<p> <strong><em>Vietnam&#39;\u0131n i\u015fgalinde, Somali&#39;nin i\u015fgalinde, Afganistan&#39;\u0131n i\u015fgalinde de sap\u0131kl\u0131\u011f\u0131n ve barbarl\u0131\u011f\u0131n dibini bulmad\u0131 m\u0131 Amerikan askerleri?<\/em><\/strong>  <\/p>\n<p> <strong><em>Amerikan askerlerinin al\u00e7akl\u0131\u011f\u0131 ve ahlaks\u0131zl\u0131\u011f\u0131 ile an\u0131lmayan bir Amerikan i\u015fgali g\u00f6sterilebilir mi?<\/em><\/strong>  <\/p>\n<p> <\/strong>  \u00a0  <\/p>\n<p> <strong>Bu gibi kahpelik ve katillikler, ABD&#39;nin do\u011fal halidir. Bat\u0131l\u0131 barbarlar, zaten b\u00f6yledir. Onlar, y\u00fczy\u0131llar s\u00fcren Ha\u00e7l\u0131 seferlerinde de, Anadolu i\u015fgalinde de, Bosna Hersek&#39;te de ayn\u0131 vah\u015fet ve deh\u015fetleri sergilemi\u015fti.<\/strong>  <\/p>\n<p> <strong>Ama b\u00f6ylesi mel&#39;anet ve rezaletler as\u0131l AKP iktidar\u0131n\u0131n vebalidir. Al\u0131nlar\u0131n\u0131n kara lekesidir. \u015eimdi \u0130srail&#39;in vah\u015fi katliamlar\u0131 kar\u015f\u0131s\u0131nda, g\u00f6stermelik ve diplomatik deme\u00e7lerle yetinen AKP&#39;ye sesleniyoruz: Hi\u00e7 de\u011filse meclisteki \u0130srail Dostluk Grubu&#39;nu kapat\u0131n.<\/strong>  <\/p>\n<p> \u0130srail&#39;liler Filistin&#39;de vah\u015fet ve katliamlar\u0131na devam ederken, TBMM&#39;de \u0130srail Dostluk Grubu&#39;nun en fazla \u00fcyeye sahip grup olmas\u0131 dikkat \u00e7ekiyor. TBMM&#39;de milletvekillerinin en \u00e7ok ra\u011fbet g\u00f6sterdi\u011fi \u0130srail Dostluk Grubu 273 \u00dcyeyle TBMM&#39;de Kurulu 77 dostluk grubu i\u00e7inde en fazla \u00fcyeye sahip ikinci grup! T\u00fcrkiye-\u0130srail Dostluk Grubunun Ba\u015fkanl\u0131\u011f\u0131n\u0131 AKP Adana milletvekili Prof. Vahit Kiri\u015f\u00e7i yap\u0131yor.  <\/p>\n<p> <strong>Erdo\u011fan&#39;\u0131n \u00dcye Olun Talimat\u0131<\/strong>  <\/p>\n<p> Daha \u00f6nce toplam \u00fcye say\u0131s\u0131 160 civar\u0131nda olan T\u00fcrkiye-\u0130srail Parlamentolararas\u0131 Dostluk Grubu&#39;nun y\u00f6netimini CHP&#39;nin almas\u0131 \u00fczerine, Ba\u015fbakan Tayip Erdo\u011fan&#39;\u0131n talimat\u0131 ile gruba \u00fcye kayd\u0131n\u0131n artt\u0131r\u0131lmas\u0131 ve y\u00f6netimin ele ge\u00e7irilmesi istenmi\u015fti.  <\/p>\n<p> Ayr\u0131ca CHP&#39;li milletvekilinin ba\u015fkan oldu\u011fu d\u00f6nemde 160 ki\u015filik liste kamuoyuna a\u00e7\u0131klanm\u0131\u015ft\u0131. Ancak AKP&#39;li ba\u015fkan\u0131n oldu\u011fu d\u00f6nemde nedense listenin kalan k\u0131sm\u0131 kamuoyuna duyurulmuyor.  <\/p>\n<p> T\u00fcrkiye-\u0130srail Dostluk Grubu Y\u00f6netim Kurulu \u00dcyeleri \u015fu isimlerden olu\u015fuyor:  <\/p>\n<p> Vahit Kiri\u015f\u00e7i (Ba\u015fkan) Suat K\u0131l\u0131\u00e7, Serpil Y\u0131lmaz, Enver Y\u0131lmaz, Telat Karap\u0131nar, Cengiz Kaptano\u011flu, A. Erdem Cantimur, \u00d6ner G\u00fclye\u015fil, Mehmet \u00c7i\u00e7ek  <\/p>\n<p> Yedek \u00dcyeler: Nuri Akbulut ve \u0130smail Soylu  <\/p>\n<p> Denetleme Kurulu Asil ve Yedek \u00dcyeleri: Nevzat Do\u011fan, Ali R\u0131za Alaboyun, Fatma \u015eahin, A. Zeynep Tekin, Aziz Akg\u00fcl, Agah Kafkas.  <\/p>\n<p> Milli G\u00f6r\u00fc\u015fc\u00fclerin, y\u00fcksek ve \u00f6rnek bir sorumluluk bilinciyle ger\u00e7ekle\u015ftirdikleri &quot;\u0130srail&#39;e Lanet, Filistin&#39;e Destek&quot; mitinginden gocunan Ankara Belediye Ba\u015fkan\u0131 Melih G\u00f6\u00e7ek&#39;in &quot;Tayip y\u0131prand\u0131 ve la\u00e7kala\u015ft\u0131. \u015eimdi de beni kullan\u0131n, daha memnun kal\u0131rs\u0131n\u0131z&quot; cinsinden &quot;Siyonist patronlara selam&quot; mesaj\u0131 ta\u015f\u0131yan, \u015fu a\u00e7\u0131klamalar\u0131 ise, tek kelime ile i\u011frendiriyor!  <\/p>\n<p> <strong>&quot;Ba\u015f\u0131n\u0131 kuma g\u00f6menlere de inanm\u0131yorum. Sadece ba\u011f\u0131rarak, \u00e7a\u011f\u0131rarak, hisleri tahrik ederek orada daha \u00e7ok \u00f6l\u00fcmlere yol a\u00e7\u0131laca\u011f\u0131na inan\u0131yorum. Onlar\u0131n vebalini de onlar\u0131n s\u0131rtlar\u0131na y\u00fckl\u00fcyorum.<a name=\"_ftnref1\" href=\"#_ftn1\" title=\"_ftnref1\"><strong>[1]<\/strong><\/a><\/strong>  <\/p>\n<p> <strong>Irak&#39;taki iki a\u015firet liderinden azar i\u015fitir konuma gelen T\u00fcrkiye Cumhuriyeti Devleti&#39;nin geldi\u011fi noktay\u0131 d\u00fc\u015f\u00fcnd\u00fck\u00e7e kahroluyoruz. <\/strong> <\/p>\n<p> Barzani isimli a\u015firet reisinin; T\u00fcrkiye Cumhuriyeti&#39;ni y\u00f6neten basiretsiz kadrolar\u0131n ataleti sonucu, nas\u0131l zenginle\u015fti\u011fini ve bu zenginlikle nas\u0131l d\u00f6n\u00fcp dola\u015f\u0131p T\u00fcrkiye&#39;ye kafa tutar konuma geldi\u011fini, hayretle izliyoruz.  <\/p>\n<p> Barzani&#39;nin karde\u015fleri ve ye\u011fenlerinin; Mersin \u00fczerinden ger\u00e7ekle\u015ftirdikleri sigara ka\u00e7ak\u00e7\u0131l\u0131\u011f\u0131ndan;  <\/p>\n<p> T\u00fcrkiye&#39;nin \u00dclker, Beko gibi \u00f6nde gelen markalar\u0131n\u0131n Irak&#39;taki ba\u015f bayili\u011fine;  <\/p>\n<p> KDP T\u0131rlar\u0131n\u0131n; kilometrelerce kuyruk bulunan s\u0131n\u0131r kap\u0131s\u0131ndan; AKP h\u00fck\u00fcmetinin \u00f6zel talimat\u0131 ile beklemeden ge\u00e7irilmesine kadar bir \u00e7ok bilgiyi sizlerle payla\u015fmak istiyoruz.  <\/p>\n<p> <strong>KDP&#39;nin Ankara temsilcili\u011fi <\/strong>\u00f6n\u00fcnde park edilen arabalar\u0131n ayn\u0131 zamanda, bu a\u015firet reisinin kurdu\u011fu \u00e7\u0131kar \u015febekesinden nemalananlar\u0131n arabalar\u0131 oldu\u011funa dikkat \u00e7ekiyor ve M\u0130T ve Emniyet&#39;i; h\u00fck\u00fcmeti ele\u015ftiren gazeteci, i\u015fadam\u0131, politikac\u0131 takibini b\u0131rak\u0131p, bu nifak yuvas\u0131n\u0131 ziyaret edenleri takibe \u00e7a\u011f\u0131r\u0131yoruz&#8230;  <\/p>\n<p> <strong>Neticede ortada neredeyse devleti sarm\u0131\u015f bir; &quot;Mason&quot;, &quot;k\u00fcrt\u00e7\u00fc&quot;; &quot;tarikat\u00e7\u0131&quot; (sadece \u0130slami tarikatlari kastetmiyoruz) ve &quot;komprador&quot; burjuvazi \u015febekesi ile kar\u015f\u0131 kar\u015f\u0131ya bulunuyoruz. <\/strong> <\/p>\n<p> <strong>\u00dcstelik T\u00fcrkiye&#39;nin &quot;stratejik&quot; d\u00fc\u015fman\u0131 ABD hazretlerinin himayesinde! Irak&#39;taki Siyonist dinamikler;\u00a0 T\u00fcrkiye&#39;nin sermaye yap\u0131s\u0131n\u0131 d\u00f6n\u00fc\u015ft\u00fcr\u00fcyor ve&#8230; KDP ile Beko&#39;yu ve \u00dclker&#39;i ayn\u0131 \u00e7\u0131kar ekseninde birle\u015ftiriyor. <\/strong> <\/p>\n<p> O y\u00fczden; Tuncay \u00d6zilhan gibi bir ismin Aksiyon dergisinde profilinin y\u00fckseltilmesi gibi; bir \u00e7ok alanda; bu yeni \u00e7\u0131kar i\u015fbirli\u011finin irili ufakl\u0131 meyvelerini topluyoruz.  <\/p>\n<p> O y\u00fczden; bir t\u00fcrl\u00fc \u00fclkeye d\u00f6nemeyen Ba\u015fbakan&#39;\u0131n k\u00fcrt\u00e7\u00fc dan\u0131\u015fmanlar\u0131, m\u00fcteahhit arkada\u015flar\u0131na G\u00fcneydo\u011fu&#39;da rant alanlar\u0131 a\u00e7makla me\u015fgul olduklar\u0131n\u0131 g\u00f6r\u00fcyoruz!..  <\/p>\n<p> Ortaya konulan bu tablo;  <\/p>\n<p> <strong>T\u00fcrkiye&#39;nin Kerk\u00fck&#39;ten \u00f6nce; <\/strong> <\/p>\n<p> <strong>Evet, \u00f6nce Ankara ve Mersin&#39;e m\u00fcdahale etmesi gerekti\u011fini g\u00f6steriyor. <\/strong> <\/p>\n<p> Tabi bu m\u00fcdahalenin yap\u0131lmas\u0131 i\u00e7in;<strong> T\u00fcrkiye&#39;nin g\u00fcvenlik kurumlar\u0131n\u0131n \u00fc\u00e7 temel doktrinel narkozdan uyan\u0131p, <\/strong>y\u00fcz\u00fcn\u00fc so\u011fuk suyla y\u0131kamas\u0131 gerekiyor. Bunlar;  <\/p>\n<p> <strong>a) AB-D stratejik m\u00fcttefik doktrini<\/strong>  <\/p>\n<p> <strong>b)&quot;H\u0131ristiyanl\u0131k&#39;la Ament\u00fc bar\u0131\u015f\u0131&quot;, &quot;\u0130srail&#39;le ortak Ter\u00f6r Anlay\u0131\u015f\u0131&quot; Karde\u015fli\u011fine dayal\u0131 &quot;Il\u0131ml\u0131 \u0130slam&quot; (Fethullah) doktrini<\/strong>  <\/p>\n<p> <strong>c) K\u00fcresel liberal (Bor\u00e7luyuz, dik y\u00fcr\u00fcyemeyiz) doktrini<\/strong>  <\/p>\n<p> <strong>Uyu\u015fturucu-ka\u00e7ak\u00e7\u0131l\u0131k baronlar\u0131; T\u00fcrkiye&#39;nin sadece sermaye altyap\u0131s\u0131na de\u011fil; idari ve g\u00fcvenlik altyap\u0131s\u0131na da s\u0131zmaya devam ediyor! <\/strong> <\/p>\n<p> <strong>Ey AKP&#39;liler!<\/strong>  <\/p>\n<p> <strong>Bu millet sizden: <\/strong> <\/p>\n<p> <strong>Bu tehlikeli gidi\u015fat\u0131n fark\u0131na vard\u0131\u011f\u0131n\u0131z\u0131 ve T\u00fcrkiye&#39;nin ne pahas\u0131na olursa olsun u\u00e7uruma s\u00fcr\u00fcklenmesine izin vermeyecek tedbirleri ald\u0131\u011f\u0131n\u0131z\u0131, en az\u0131ndan konjonkt\u00fcr gere\u011fi sessiz kald\u0131\u011f\u0131n\u0131z\u0131&quot; g\u00f6sterir bir i\u015faret fi\u015fe\u011fi g\u00f6rmek istiyor,\u00a0 ama maalesef \u00fcmit k\u0131r\u0131kl\u0131\u011f\u0131 ya\u015f\u0131yor!<\/strong>  <\/p>\n<p> <strong>T\u00fcrkiye&#39;nin gittik\u00e7e &quot;anar\u015fik&quot; bir yap\u0131ya b\u00fcr\u00fcnen psikolojik harp sahnesinde; kavramsal ve d\u00fc\u015f\u00fcnsel merkezka\u00e7 kuvvetlerin b\u00fct\u00fcn dokular\u0131 par\u00e7alanmaya ba\u015fl\u0131yor.<a name=\"_ftnref2\" href=\"#_ftn2\" title=\"_ftnref2\"><strong>[2]<\/strong><\/a> \u00c7\u00fcnk\u00fc s\u00f6zde Irak D\u0131\u015f Bakan\u0131 ve kat\u0131r \u00e7oban\u0131 Ho\u015fyar Zebari bile, \u00fclkemizde krallar gibi kar\u015f\u0131lan\u0131yor. Ard\u0131ndan gitti\u011fi Yunanistan&#39;dan T\u00fcrkiye&#39;ye tehditler ya\u011fd\u0131r\u0131yor!..<\/strong>  <\/p>\n<table border=\"0\" cellspacing=\"0\" cellpadding=\"0\" width=\"100%\">\n<tbody>\n<tr>\n<td>\n<p> \t\t\t<strong><em>Ankara&#39;da gizli \u0130srail devleti mi var!!!<\/em><\/strong>  \t\t\t<\/p>\n<p> \t\t\t<strong><em>Alt\u0131nda petrol denizi bulunan, 510 kilometre uzunlu\u011fa sahip 3 milyon d\u00f6n\u00fcml\u00fck Suriye s\u0131n\u0131r\u0131ndaki T\u00fcrk topra\u011f\u0131n\u0131n 49 y\u0131ll\u0131\u011f\u0131na \u0130svi\u00e7re \u00fczerinden, may\u0131n temizleme k\u0131l\u0131f\u0131 alt\u0131nda Mossad&#39;\u0131n ta\u015feron \u015firketlerine devredilmesi planlan\u0131yor!<\/em><\/strong>  \t\t\t<\/p>\n<p> \t\t\t<strong><em>Sahibi belirsiz Kardak kayal\u0131\u011f\u0131 i\u00e7in Yunanistan&#39;la sava\u015f\u0131 g\u00f6ze alan T\u00fcrkiye, s\u0131ra \u0130srail&#39;e gelince niye yelkenleri indiriyor? Ku\u015fkular, Ankara&#39;da \u0130srail gizli devletinin varl\u0131\u011f\u0131n\u0131 g\u00fc\u00e7lendiriyor. Suriye s\u0131n\u0131r\u0131ndaki 3 milyon d\u00f6n\u00fcm arazi vatan topra\u011f\u0131 say\u0131lm\u0131yor mu? <\/em><\/strong> \t\t\t<\/p>\n<p> \t\t\t<strong><em>Yoksa Yunanistan d\u00fc\u015fman da \u0130srail dost mu? Diplomatik \u00fcslup d\u0131\u015f\u0131nda, kim \u0130srail&#39;e dost diyorsa, i\u015fte o asl\u0131nda Ankara&#39;daki \u0130srail derin devletinin adam\u0131d\u0131r!<\/em><\/strong>  \t\t\t<\/p>\n<p> \t\t\t<strong><em>\u00c7\u00fcnk\u00fc \u0130srail dost de\u011fil; d\u00fc\u015fman\u0131n en sinsisi ve en zararl\u0131s\u0131, en kararl\u0131s\u0131, en azg\u0131n\u0131 ve en ac\u0131mas\u0131z\u0131d\u0131r. <\/em><\/strong> \t\t\t<\/p>\n<p> \t\t\t<strong><em>Bunu biz de\u011fil, \u0130srailli yetkililer s\u00f6yl\u00fcyor.<\/em><\/strong>  \t\t\t<\/p>\n<p> \t\t\t<strong><em>T\u00fcrkiye, \u0130srail&#39;i tan\u0131yan ilk M\u00fcsl\u00fcman \u00fclke olmas\u0131na ra\u011fmen, yine T\u00fcrkiye Konya \u00fczerinde \u0130srail sava\u015f u\u00e7aklar\u0131na e\u011fitim u\u00e7u\u015fu yapt\u0131rarak, Filistin halk\u0131na ve kendi ge\u00e7mi\u015fine ihanet etmesine ra\u011fmen \u0130srail, T\u00fcrkiye&#39;ye, hem Irak&#39;ta Barzani-Talabani \u00f6nderli\u011finde kurulmu\u015f bulunan &quot;Yahudi K\u00fcrdistan&#39;\u0131n merkezinde yer alarak, hem bayra\u011f\u0131nda tahrif edilmi\u015f Tevrat&#39;a g\u00f6re &quot;Vaat edilmi\u015f topraklar\u0131&quot; iki mavi \u00e7izgi, yani Nil-F\u0131rat&#39;\u0131 resmederek, hem Knesset (\u0130srail Parlamentosu) giri\u015fine T\u00fcrkiye Cumhuriyeti topraklar\u0131n\u0131n bir k\u0131sm\u0131n\u0131 da i\u00e7ine alan Arz-\u0131 Mev&#39;ud haritas\u0131n\u0131 \u00e7akarak T\u00fcrkiye&#39;ye s\u00fcrekli, &quot;Elime firsat ge\u00e7ti\u011finde can\u0131na okuyaca\u011f\u0131m&quot; deyip duruyor. \u0130srail&#39;in T\u00fcrk ve T\u00fcrkiye d\u00fc\u015fmanl\u0131\u011f\u0131 b\u00f6yle sembollerden ibaret kalm\u0131yor. Siyonist Yahudi\u00a0 ABD, AB ve T\u00fcrkiye i\u00e7indeki &quot;derin devletine&quot; o kadar g\u00fcveniyor ki; zaman, zaman k\u00fcstahla\u015fmaktan, T\u00fcrk vatan\u0131 \u00fczerindeki toprak emellerini a\u00e7\u0131k\u00e7a dile getirmekten de \u00e7ekinmiyor!<\/em><\/strong>  \t\t\t<\/p>\n<p> \t\t\t&#160; \t\t\t<\/p>\n<\/td>\n<\/tr>\n<\/tbody>\n<\/table>\n<p> <strong>\u00a0<\/strong>  <\/p>\n<p> &#160; <\/p>\n<p> &#160; <\/p>\n<p> &#160; <\/p>\n<p> &#160; <\/p>\n<p> &#160; <\/p>\n<p> &#160; <\/p>\n<p> &#160; <\/p>\n<p> &#160; <\/p>\n<p> &#160; <\/p>\n<p> &#160; <\/p>\n<p> &#160; <\/p>\n<p> &#160; <\/p>\n<p> &#160; <\/p>\n<p> &#160; <\/p>\n<p> &#160; <\/p>\n<p> &#160; <\/p>\n<p> &#160; <\/p>\n<p> &#160; <\/p>\n<p> &#160; <\/p>\n<p> &#160; <\/p>\n<p> &#160; <\/p>\n<p> &#160; <\/p>\n<p> &#160; <\/p>\n<p> <\/p>\n<p> &quot;L\u00fcbnan Kasab\u0131&quot; Ariel \u015earon 1982 y\u0131l\u0131nda bir \u0130talyan gazetesinde T\u00fcrkiye&#39;nin i\u015fgalini tart\u0131\u015fm\u0131\u015f ve, &quot;T\u00fcrkiye ilgi alan\u0131m\u0131z i\u00e7ersindedir&quot; demek k\u00fcstahl\u0131\u011f\u0131nda bulunmam\u0131\u015f m\u0131yd\u0131? 31.12.1982 tarihli G\u00fcnayd\u0131n gazetesi \u015earon&#39;un bu k\u00fcstahl\u0131\u011f\u0131n\u0131 okurlar\u0131na, &quot;Haddini bil \u015earon&quot; diye duyurmam\u0131\u015f m\u0131yd\u0131? Siz simdi \u015earon&#39;un bu k\u00fcstahl\u0131\u011f\u0131n\u0131 bir kenara b\u0131rak\u0131n, ABD-\u0130srail ittifak\u0131n\u0131n Irak&#39;\u0131n kuzeyinde bir &quot;Yahudi K\u00fcrdistan&quot; kurdu\u011funu ve bu devletin yasayabilmesi i\u00e7in Akdeniz&#39;e a\u00e7\u0131lma gibi bir mecburiyeti oldu\u011funu, ard\u0131ndan da, Mossad-CIA ve \u0130ngiliz Gizli Servislerinin 23 Mart 2004 g\u00fcn\u00fc bir futbol ma\u00e7\u0131 esnas\u0131nda Suriye&#39;deki K\u00fcrtleri, T\u00fcrkiye&#39;deki ayr\u0131l\u0131k\u00e7\u0131 K\u00fcrtler gibi nas\u0131l ayakland\u0131rd\u0131klar\u0131n\u0131 hat\u0131rlay\u0131n ve bu bilgilerinizin yan\u0131na, 1983 y\u0131l\u0131nda, zaman\u0131n \u0130srail D\u0131\u015fi\u015fleri Bakan\u0131 Izak \u015eamir&#39;in,&quot;T\u00fcrkiye&#39;yi K\u00fcrdistan&#39;\u0131 isgal alt\u0131nda tutmakla&quot; su\u00e7lad\u0131\u011f\u0131n\u0131 koyun; b\u00fct\u00fcn bunlar sizi iknaa yetmediyse, \u0130srail&#39;de herkesin bildi\u011fi, &quot;Bir T\u00fcrk \u00f6ld\u00fcr, rahat et!&quot; Yahudi atas\u00f6z\u00fc \u00fczerinde biraz d\u00fc\u015f\u00fcn\u00fcn bakal\u0131m..  <\/p>\n<p> Alt\u0131 \u00e2deta bir petrol denizi olan T\u00fcrkiye-Suriye s\u0131n\u0131r\u0131ndaki 3 milyon d\u00f6n\u00fcml\u00fck arazinin 49 y\u0131ll\u0131\u011f\u0131na \u0130srail&#39;e devri demek bence T\u00fcrkiye Cumhuriyeti Devletinin bu topraklardan ebediyen vazge\u00e7mesi demektir. T\u00fcrkiye kendi may\u0131n\u0131n\u0131 temizlemekten aciz olamaz.  <\/p>\n<p> <strong>T\u00fcrkiye kendi may\u0131n\u0131n\u0131 temizleyemiyor mu, o zaman b\u0131rak\u0131n\u0131z may\u0131nl\u0131 kals\u0131n. B\u00f6ylece hem Irak&#39;\u0131n kuzeyindeki Yahudi K\u00fcrdistan&#39;\u0131n Akdeniz&#39;e do\u011fru \u00f6n\u00fcn\u00fc t\u0131kam\u0131\u015f, hem &quot;Nil&#39;den F\u0131rat&#39;a&quot; kadar, &quot;Arz-i Mevud&quot; hayalleri kuran ve bu hedefine ad\u0131m, ad\u0131m yakla\u015fmakta olan Siyonist \u0130srail&#39;in \u00f6n\u00fcn\u00fc t\u0131kam\u0131\u015f, b\u00f6ylece vatana ihanet etmemi\u015f olursunuz. T\u00fcrkiye&#39;de bir kere olsun T\u00fcrkler i\u00e7in bir \u015fey yap\u0131lmayacak m\u0131? B\u00fcy\u00fck Ortado\u011fu Projesi i\u00e7in, &quot;\u0130n\u015fallah hayata ge\u00e7er, Diyarbak\u0131r da bu projenin merkezi olur&quot; diyen Ba\u015fbakan ve T\u00fcrkiye&#39;yi y\u00f6netenler, proje sahiplerinin, &quot;Ortado\u011fu&#39;da 22 \u00fclkenin s\u0131n\u0131rlar\u0131 de\u011fi\u015fecek&quot; diye a\u00e7\u0131k\u00e7a yaz\u0131p \u00e7izdiklerini bilmiyorlar m\u0131? T\u00fcrkiye-Suriye s\u0131n\u0131r\u0131ndaki 3 milyon d\u00f6n\u00fcml\u00fck vatan topra\u011f\u0131n\u0131n \u0130srail derin devletinin orta\u011f\u0131 oldu\u011fu sirketlere 49 y\u0131ll\u0131\u011f\u0131na devredilmek istenmesi haritan\u0131n bir bak\u0131ma T\u00fcrkiye&#39;yi Irak&#39;tan sonra T\u00fcrkiye \u00fczerinden de ufak, ufak de\u011fi\u015fmeye ba\u015flamas\u0131 de\u011fil midir?<\/strong>  <\/p>\n<p> &quot;Ey AKP&#39;liler akl\u0131n\u0131z\u0131 ba\u015f\u0131n\u0131za toplay\u0131n!..  <\/p>\n<p> Yoksa Yahudilerden ald\u0131\u011f\u0131n\u0131z cesaret \u00f6d\u00fclleri cehenneminiz olur.&quot;<a name=\"_ftnref3\" href=\"#_ftn3\" title=\"_ftnref3\">[3]<\/a>  <\/p>\n<p> <strong>Sorun, &#8216;Emperyalizmle Y\u00fczle\u015fmek&#39; sorunudur&#8230;!<\/strong>  <\/p>\n<p> Kimse kendini kand\u0131rmas\u0131n: Soyk\u0131r\u0131m tasar\u0131lar\u0131n\u0131n da, K\u0131br\u0131s ve G\u00fcneydo\u011fu dayatmalar\u0131n\u0131n da, arkas\u0131nda: Lozan&#39;\u0131 Sevr&#39;e ta\u015f\u0131ma amac\u0131 yatmaktad\u0131r.  <\/p>\n<p> &#8211; &#39;&#39;Frans\u0131zlar bilmiyorlar \u00f6\u011fretelim, do\u011fruyu g\u00f6rs\u00fcnler, d\u00fc\u015f\u00fcncelerini de\u011fi\u015ftirsinler&#39;&#39; demek hi\u00e7bir sonu\u00e7 vermeyecektir.  <\/p>\n<p> &#8211; Avrupa Birli\u011fi \u00fclkelerinin yar\u0131ya yak\u0131n\u0131 meclislerinden, &#39;&#39;T\u00fcrkiye soyk\u0131r\u0131m yapm\u0131\u015ft\u0131r&#39;&#39; karar\u0131n\u0131 ge\u00e7irmi\u015ftir.  <\/p>\n<p> &#8211; ABD \u015fimdilik, &#39;&#39;T\u00fcrkiye&#39;yi kullanmak zorunda oldu\u011fu i\u00e7in&#39;&#39; yava\u015f yava\u015f, &#39;&#39;Eyaletler&#39;&#39; d\u00fczeyinde kaday\u0131f\u0131n alt\u0131n\u0131 pi\u015firiyor, i\u00e7inin olgunla\u015fmas\u0131n\u0131 beklemektedir.  <\/p>\n<p> &#8211; T\u00fcrkiye, &#39;&#39;AB ile g\u00f6r\u00fc\u015fmeler s\u00fcreci i\u00e7inde&#39;&#39; biraz daha k\u0131st\u0131r\u0131l\u0131p hi\u00e7bir inisiyatif alamayaca\u011f\u0131 bir duruma getirildi\u011fi zaman, AB ortak karar\u0131 ve ABD olarak i\u015fi Birle\u015fmi\u015f Milletler&#39;e g\u00f6t\u00fcreceklerdir. Avrupa Konseyi karar\u0131n\u0131 \u00e7oktan ald\u0131 bile.  <\/p>\n<p> Ermeni meselesinin, &#39;&#39;bir Ermeni meselesi olmad\u0131\u011f\u0131n\u0131&#39;&#39; , Avrupa ve ABD&#39;nin T\u00fcrkiye ve b\u00f6lge \u00fczerindeki yeni hesaplar\u0131n\u0131n bir par\u00e7as\u0131 oldu\u011funu g\u00f6r\u00fcp buna kar\u015f\u0131 \u00f6nlemler geli\u015ftiremedi\u011fimiz s\u00fcrece kendi kendimizi aldat\u0131r\u0131z.  <\/p>\n<p> Bu oyunu oynamak, galiba &#39;&#39;i\u00e7imizdeki baz\u0131 \u00e7evrelerin i\u015fine geliyor&#39;&#39;. \u0130\u015f nas\u0131l olsa kendi kendine s\u00fcr\u00fckleniyor, olaca\u011f\u0131 yere g\u00f6t\u00fcr\u00fcl\u00fcyor; biz bir \u015feyler yap\u0131yor g\u00f6r\u00fcn\u00fcp kendimizi kurtar\u0131r\u0131z diye d\u00fc\u015f\u00fcn\u00fcp elekte su ta\u015f\u0131yorlar.  <\/p>\n<p> T\u00fcrkiye meseleleri &#39;&#39;esas meselenin&#39;&#39; par\u00e7alar\u0131d\u0131r. &#39;&#39;Esas mesele&#39;&#39; ile y\u00fczle\u015fmemiz gerekiyor. Yani &#39;&#39;emperyalizmle y\u00fczle\u015fmek&#39;&#39;.  <\/p>\n<p> &#8211; Ermeni sorununun &#39;&#39;bir emperyalizm sorunu oldu\u011funu&#39;&#39; g\u00f6rerek de\u011ferlendirmeliyiz. T\u00fcrkiye&#39;yi par\u00e7alamak isteyen devletlere kar\u015f\u0131 hi\u00e7bir \u015fey olmam\u0131\u015f gibi, arada bir trafik kazas\u0131 olmu\u015f gibi davran\u0131rsak kendimizi kurtaramay\u0131z. Yava\u015f yava\u015f par\u00e7alanmaya gideriz.  <\/p>\n<p> <strong>T\u00fcrkiye \u00e7aresiz de\u011fil&#8230; <\/strong> <\/p>\n<p> <strong>Sorun T\u00fcrkiye&#39;nin \u00e7aresizli\u011finden kaynaklanm\u0131yor. Sorun, T\u00fcrkiye&#39;yi Sevr&#39;e ta\u015f\u0131mak isteyen d\u0131\u015f \u00e7evrelerin oyunlar\u0131na, i\u00e7imizde ses \u00e7\u0131karamayan ve gerekli \u00f6nlemleri alamayan meclislerin ve y\u00f6netimlerin bulunmas\u0131ndan kaynaklan\u0131yor. <\/strong> <\/p>\n<p> <strong>&#8211; Kendi i\u00e7 hesaplar\u0131n\u0131z dolay\u0131s\u0131yla bir taraftan Br\u00fcksel&#39;e ve Washington&#39;a \u00f6zellikle ba\u011flanacaks\u0131n\u0131z; <\/strong> <\/p>\n<p> <strong>&#8211; Ekonomiyi, &#39;&#39;programl\u0131 ve bilin\u00e7li bir bi\u00e7imde yabanc\u0131 sermaye \u00e7evrelerinin ve dev tekellerin&#39;&#39; denetimi alt\u0131na sokacaks\u0131n\u0131z.<\/strong>  <\/p>\n<p> <strong>&#8211; Irak&#39;taki i\u015fgalcilere el alt\u0131ndan her t\u00fcrl\u00fc deste\u011fi sa\u011flayacaks\u0131n\u0131z;<\/strong>  <\/p>\n<p> <strong>&#8211; &#39;&#39;Bizi istedi\u011finiz gibi kullan\u0131n&#39;&#39; diye a\u00e7\u0131k \u00e7ek uzatacaks\u0131n\u0131z; <\/strong> <\/p>\n<p> <strong>&#8211; Ondan sonra da sizi kullanmaya kalkt\u0131klar\u0131nda, &#39;&#39;Ne olur bizi kullanmay\u0131n&#39;&#39; diye ricada bulunacaks\u0131n\u0131z!?<\/strong>  <\/p>\n<p> <strong>Uluslararas\u0131 ili\u015fkilerde oyunu kurallar\u0131na g\u00f6re oynamak gerekir. Birileri \u00fczerinize geliyorsa bu g\u00fcc\u00fc dengeleyecek siyasi, iktisadi, askeri ve k\u00fclt\u00fcrel ili\u015fkiler geli\u015ftireceksiniz. Tabii e\u011fer, T\u00fcrkiye Cumhuriyeti&#39;ni ba\u015f\u0131 dik bir \u00fclke olarak ayakta tutmak istiyorsan\u0131z.<a name=\"_ftnref4\" href=\"#_ftn4\" title=\"_ftnref4\"><strong>[4]<\/strong><\/a><\/strong>  <\/p>\n<p> &#160; <\/p>\n<p> &#160; <\/p>\n<p> &#160; <\/p>\n<p> &#160; <\/p>\n<p> &#160; <\/p>\n<p> &#160; <\/p>\n<table border=\"0\" cellspacing=\"0\" cellpadding=\"0\" width=\"100%\">\n<tbody>\n<tr>\n<td>\n<p> \t\t\t<strong><em>28 \u015eubat&#39;ta NATO izleri<\/em><\/strong>  \t\t\t<\/p>\n<p> \t\t\t<strong><em>\u0130deolojik d\u00fc\u015f\u00fcnme saplant\u0131s\u0131 sebebiyle, 28 \u015eubat konusunda sa\u011fl\u0131kl\u0131 analizler yap\u0131lamad\u0131. Hemen herkes bak\u0131\u015f a\u00e7\u0131s\u0131na g\u00f6re iyi ya da k\u00f6t\u00fc demekten ileri ge\u00e7emedi. <\/em><\/strong> \t\t\t<\/p>\n<p> \t\t\t<strong><em>27 May\u0131s ve 12 Mart m\u00fcdahalelerinde (Coup d&#39;e-tat) CIA&#39;n\u0131n m\u00fcdahil oldu\u011fu, bizzat eski CIA ajanlar\u0131 taraf\u0131ndan itiraf edilmi\u015fti. 12 Eyl\u00fcl i\u00e7in de benzeri iddialar yaz\u0131lm\u0131\u015ft\u0131. <\/em><\/strong> \t\t\t<\/p>\n<p> \t\t\t<strong><em>Menderes h\u00fck\u00fcmetinin ABD&#39;den koparak mali ba\u011f\u0131ms\u0131zl\u0131k kazanmak istemesi, sonunu getirmi\u015fti. 27 May\u0131s&#39;\u0131n hemen akabinde 1 milyar dolarl\u0131k Amerikan yard\u0131m\u0131 anla\u015fmalar\u0131 yap\u0131lacak ve milli bir savunma sanayiinin \u00e7ekirdeklerinin at\u0131lmas\u0131 i\u00e7in K\u0131br\u0131s ambargosuna kadar beklemek zorunda kalacakt\u0131k.<\/em><\/strong>  \t\t\t<\/p>\n<p> \t\t\t<strong><em>12 Mart&#39;\u0131n ard\u0131nda da, ha\u015fha\u015f ekimine kar\u015f\u0131 olan ABD h\u00fck\u00fcmetinin bulundu\u011funu B\u00fclent Ecevit ve \u00c7a\u011flayangil gibi politikac\u0131lar a\u00e7\u0131klad\u0131. \u00c7a\u011flayangil, &quot;D\u00f6nemin Amerikan sefiri, Ba\u015fbakan&#39;la g\u00f6r\u00fc\u015fmesinden de olumlu sonu\u00e7 elde edemeyince, &#39;Bundan \u00e7ok fena neticeler do\u011facak&#39; dedi. \u00c7ok fena neticeler 3 ay sonra belli oldu ve biz d\u00fc\u015ft\u00fck.&quot; demi\u015fti.<\/em><\/strong>  \t\t\t<\/p>\n<p> \t\t\t<strong><em>Strateji Karpuza Benzer!<\/em><\/strong>  \t\t\t<\/p>\n<p> \t\t\t<strong><em>Kafan\u0131z\u0131 i\u00e7 siyaset kumuna g\u00f6merseniz bulaca\u011f\u0131n\u0131z sonu\u00e7 de\u011fi\u015fik olur. Strateji bir anlamda, karpuza benzetilebilir: D\u0131\u015f\u0131 ye\u015fil, i\u00e7i k\u0131rm\u0131z\u0131.<\/em><\/strong>  \t\t\t<\/p>\n<p> \t\t\t<strong><em>Silahl\u0131 Kuvvetler&#39;in i\u00e7 geli\u015fmelere yakla\u015f\u0131m\u0131 siyasilerden farkl\u0131d\u0131r. Zannedilenin tersine m\u00fcdahalenin as\u0131l muhatab\u0131 siviller de\u011fildir. Aksine dahildeki cuntavari olu\u015fumlara kar\u015f\u0131d\u0131r. Her \u00fc\u00e7 h\u00fck\u00fcmet darbesinin sonras\u0131nda binlerce subay ve general (toplam 10 bin civar\u0131nda) ya emekliye sevk edilerek ya da s\u00fcr\u00fclerek tasfiye edilmi\u015ftir. 82 Anayasas\u0131&#39;nda YA\u015e&#39;\u0131n &quot;yarg\u0131 denetiminden&quot; muaf tutulmas\u0131n\u0131n gerek\u00e7esinde de bu sebep vard\u0131r. <\/em><\/strong> \t\t\t<\/p>\n<p> \t\t\t<strong><em>28 \u015eubat da, bu arka plana g\u00f6re incelenmelidir. 27 May\u0131s&#39;ta k\u0131smen ba\u015far\u0131l\u0131 olan, 12 Mart&#39;ta aldat\u0131lan ve 12 Eyl\u00fcl&#39;de devre d\u0131\u015f\u0131 b\u0131rak\u0131lan &quot;masonik cunta&quot; \u00e7izgisi 28 \u015eubat \u00f6ncesinde tekrar y\u00fckseli\u015fe ge\u00e7mi\u015fti. Kararg\u00e2htaki merkezi yap\u0131 bunu fark ederek, ger\u00e7ekten postmodern denilebilecek k\u0131vrak bir manevra ile bu ekol\u00fc pasifize etmeyi ba\u015fard\u0131.<\/em><\/strong>  \t\t\t<\/p>\n<p> \t\t\t<strong><em>12 Mart&#39;tan d\u00f6rt g\u00fcn \u00f6nce 9 Mart cuntas\u0131n\u0131 selamlamay\u0131 bekleyen sivil kanat, yan\u0131ld\u0131\u011f\u0131n\u0131 anlamakta zorlanm\u0131\u015ft\u0131. <\/em><\/strong> \t\t\t<\/p>\n<p> \t\t\t&#160; \t\t\t<\/p>\n<p> \t\t\t&#160; \t\t\t<\/p>\n<\/td>\n<\/tr>\n<\/tbody>\n<\/table>\n<p> <strong><em>\u00a0<\/em><\/strong>  <\/p>\n<p> &#160; <\/p>\n<p> &#160; <\/p>\n<p> &#160; <\/p>\n<p> &#160; <\/p>\n<p> &#160; <\/p>\n<p> &#160; <\/p>\n<p> &#160; <\/p>\n<p> &#160; <\/p>\n<p> &#160; <\/p>\n<p> &#160; <\/p>\n<p> &#160; <\/p>\n<p> &#160; <\/p>\n<p> &#160; <\/p>\n<p> &#160; <\/p>\n<p> &#160; <\/p>\n<p> &#160; <\/p>\n<p> &#160; <\/p>\n<p> &#160; <\/p>\n<p> &#160; <\/p>\n<p> &#160; <\/p>\n<p> &#160; <\/p>\n<p> &#160; <\/p>\n<p> &#160; <\/p>\n<p> &#160; <\/p>\n<p> &#160; <\/p>\n<p> <strong>Emasya&#39;dan Kriz Y\u00f6netmeli\u011fi&#39;ne<\/strong>  <\/p>\n<p> &quot;Postmodern darbe&quot; s\u00fcrecinde, \u00f6nce asker-polis koordinasyonunu d\u00fczenleyen EMASYA (Emniyet Asayi\u015f Yard\u0131m) plan\u0131 &quot;gizli&quot; olarak yay\u0131mland\u0131. Buna g\u00f6re, polis ve jandarman\u0131n istihbarat dahil, b\u00fct\u00fcn g\u00f6revleri askeri kademelerin kontrol\u00fcne veriliyordu. \u0130\u00e7i\u015fleri ve Emniyet bu plan\u0131 imzalad\u0131. Ancak Emniyet istihbarat\u0131 bunu m\u00fcdahale haz\u0131rl\u0131\u011f\u0131 olarak de\u011ferlendirdi. Me\u015fhur Sarmusak davas\u0131na kadar s\u00fcren geli\u015fmeler (Genelkurmay telefonlar\u0131n\u0131n dinlenmesi, B\u00c7G belgelerinin s\u0131zmas\u0131) bunun \u00fczerine ya\u015fand\u0131.  <\/p>\n<p> Bat\u0131 \u00c7al\u0131\u015fma Grubu (B\u00c7G)&#39;nun valilere kadar b\u00fct\u00fcn idari ve m\u00fclki amirlerin takibe al\u0131nmas\u0131n\u0131 isteyen genelgesi bas\u0131nda \u00e7\u0131k\u0131nca, d\u00f6nemin Deniz Kuvvetleri Komutan\u0131 G\u00fcven Erkaya, &quot;B\u00c7G, EMASYA&#39;n\u0131n bilgi ihtiyac\u0131n\u0131 kar\u015f\u0131lamak i\u00e7in kuruldu&quot;\u00a0 a\u00e7\u0131klamas\u0131n\u0131 yapm\u0131\u015ft\u0131.  <\/p>\n<p> Bir yandan EMASYA haz\u0131rl\u0131klar\u0131 s\u00fcrerken, herhangi bir \u015fekildeki askeri m\u00fcdahalenin, NATO devletlerinden, \u00f6zellikle ABD&#39;den dahi destek almayaca\u011f\u0131 g\u00f6r\u00fcl\u00fcnce, ayn\u0131 kapsamda Ba\u015fbakanl\u0131k Kriz Y\u00f6netim Merkezi Y\u00f6netmeli\u011fi devreye sokuldu. Asl\u0131nda bir NATO mevzuat\u0131 olan y\u00f6netmelikle, sivil y\u00f6netim \u00e7at\u0131s\u0131 alt\u0131nda hem g\u00f6r\u00fcnt\u00fc kurtar\u0131lm\u0131\u015f olacak hem de inisiyatif el de\u011fi\u015ftirecekti. Nitekim bug\u00fcn hem EMASYA plan\u0131 hem de haz\u0131rlay\u0131c\u0131lar\u0131 devre d\u0131\u015f\u0131 b\u0131rak\u0131lmaya \u00e7al\u0131\u015f\u0131lmaktad\u0131r.  <\/p>\n<p> <strong>Cuntay\u0131 \u00d6nleyen Darbeler!<\/strong>  <\/p>\n<p> <strong>9 Mart\u00e7\u0131 Madano\u011flu cuntas\u0131ndan H\u0131fz\u0131 Ka\u00e7ar, i\u00e7lerine s\u0131zan M\u0130T ajan\u0131na &quot;Orduda yapt\u0131\u011f\u0131m\u0131z et\u00fctte, erlerin kumandanlar\u0131n\u0131 \u00f6ld\u00fcrmeye yana\u015fmad\u0131klar\u0131n\u0131 g\u00f6rd\u00fck. Onun i\u00e7in senden 40 tane militan talebe istiyoruz.&quot; diyordu. <\/strong> <\/p>\n<p> <strong>Silah arkada\u015flar\u0131na dahi ac\u0131mas\u0131z davranabilecek bir zihniyetin bast\u0131r\u0131lmas\u0131 \u00f6nemliydi. Muht\u0131ra perdesinin arkas\u0131nda i\u00e7erideki hiyerar\u015finin yeniden tesis edilmesi vard\u0131. Bu durum, ana &#8211; baban\u0131n kavga ederken, \u00e7ocuklar\u0131n\u0131 odaya kapatmas\u0131na benzetilebilir.<\/strong>  <\/p>\n<p> <strong>Aynen 27 May\u0131s s\u00fcrecinde oldu\u011fu gibi, T\u00fcrkiye, b\u0131rak\u0131n anti &#8211; Amerikan bir strateji geli\u015ftirmeyi, aksine buna \u0130srail ba\u011flant\u0131s\u0131 da eklenerek daha g\u00fc\u00e7l\u00fc bir Amerika &#8211; \u0130srail \u00e7emberine al\u0131nd\u0131.<\/strong>  <\/p>\n<p> <strong>Bug\u00fcn, 30 y\u0131l i\u00e7erisinde 150 milyar dolarl\u0131k bir yat\u0131r\u0131ma haz\u0131rlanan Ankara, bunun a\u011f\u0131rl\u0131\u011f\u0131n\u0131, milli sanayiciler yerine yabanc\u0131lara tahsis etmek zorunda b\u0131rak\u0131ld\u0131. T\u00fcrkiye&#39;yi daha ba\u011f\u0131ms\u0131z bir stratejiye kavu\u015fturaca\u011f\u0131n\u0131 sananlar, bilgisizlik ve ideolojik yakla\u015f\u0131m y\u00fcz\u00fcnden \u00fclkeyi tam tersi bir istikamete s\u00fcr\u00fcklediler. Kendilerinin de bu s\u00fcre\u00e7te bir ma\u015fa olarak kullan\u0131ld\u0131\u011f\u0131n\u0131 h\u00e2l\u00e2 anlayamad\u0131lar.<a name=\"_ftnref5\" href=\"#_ftn5\" title=\"_ftnref5\"><strong>[5]<\/strong><\/a><\/strong>  <\/p>\n<p> <\/p>\n<hr \/>\n<p> <a name=\"_ftn1\" href=\"#_ftnref1\" title=\"_ftn1\">[1]<\/a> Vakit \/ 10.07.2006  <\/p>\n<p> <a name=\"_ftn2\" href=\"#_ftnref2\" title=\"_ftn2\">[2]<\/a> Behi\u00e7 G\u00fcrcihan \/ <a href=\"http:\/\/www.acikistihbarat.com\/\">http:\/\/www.acikistihbarat.com\/<\/a> \/16.02.2005  <\/p>\n<p> <a name=\"_ftn3\" href=\"#_ftnref3\" title=\"_ftn3\">[3]<\/a> Hasan Demir \/ temizeller.com \/ 02.05.2006  <\/p>\n<p> <a name=\"_ftn4\" href=\"#_ftnref4\" title=\"_ftn4\">[4]<\/a> Erol Manisal\u0131 \/ <a href=\"http:\/\/www.acikistihbarat.com\/\">http:\/\/www.acikistihbarat.com\/<\/a> \/ 19.05.2006  <\/p>\n<p> <a name=\"_ftn5\" href=\"#_ftnref5\" title=\"_ftn5\">[5]<\/a> (29.02.2001 \/Ahmet \u00dcnal \/ Zaman)  <\/p>\n","protected":false},"excerpt":{"rendered":"<p>\u00a0  <\/p>\n<p> <strong>Mahmudiye&#39;deki tecav\u00fcz ve katliam, ABD&#39;nin do\u011fal hali, AKP&#39;nin ise vebalidir! <\/strong> <\/p>\n<p> <strong> <\/p>\n<p> <strong><em>S\u0131radan bir haber:<\/em><\/strong>  <\/p>\n<p> <strong><em>&quot;Ba\u011fdat&#39;\u0131n g\u00fcneyindeki Mahmudiye kasabas\u0131nda Amerikan askerleri, mart ay\u0131nda bir k\u0131za tecav\u00fcz etti. Devriye gezerken g\u00f6rd\u00fckleri k\u0131z \u00e7ocu\u011funa yapt\u0131klar\u0131 korkun\u00e7 sald\u0131r\u0131y\u0131 bir hafta boyunca planlayan askerler, ailenin biri \u00e7ocuk 3 erke\u011fini yan odaya kapat\u0131p evinde tecav\u00fcz ettikleri k\u0131z \u00e7ocu\u011funu olay sonras\u0131 \u00f6ld\u00fcrd\u00fc. Su\u00e7lar\u0131 ortaya \u00e7\u0131kmas\u0131n diye erkekleri de \u00f6ld\u00fcrd\u00fckten sonra cesetlerini yan\u0131c\u0131 bir s\u0131v\u0131 madde d\u00f6kerek ate\u015fe verdi.&quot;<\/em><\/strong>  <\/p>\n<p> <strong><em>O a\u015fa\u011f\u0131l\u0131k Amerikan askerlerinden birinin itiraf\u0131yla ortaya \u00e7\u0131kan bu korkun\u00e7 olaya &quot;s\u0131radan haber&quot; diyoruz, \u00e7\u00fcnk\u00fc Ebu Gureyb&#39;den, Felluce&#39;den, Telafer&#39;den, Hadise&#39;den sonra, i\u015fgalci Amerikan askerlerinin sap\u0131kl\u0131klar\u0131 ve canilikleri de\u011fil, ancak normal davran\u0131\u015flar\u0131 s\u0131ra d\u0131\u015f\u0131 kabul edilebilir.<\/em><\/strong>  <\/p>\n<p> <strong><em>Vietnam&#39;\u0131n i\u015fgalinde, Somali&#39;nin i\u015fgalinde, Afganistan&#39;\u0131n i\u015fgalinde de sap\u0131kl\u0131\u011f\u0131n ve barbarl\u0131\u011f\u0131n dibini bulmad\u0131 m\u0131 Amerikan askerleri?<\/em><\/strong>  <\/p>\n<p> <strong><em>Amerikan askerlerinin al\u00e7akl\u0131\u011f\u0131 ve ahlaks\u0131zl\u0131\u011f\u0131 ile an\u0131lmayan bir Amerikan i\u015fgali g\u00f6sterilebilir mi?<\/em><\/strong>  <\/p>\n<p> <\/strong> <\/p>\n","protected":false},"author":25,"featured_media":0,"comment_status":"open","ping_status":"closed","sticky":false,"template":"","format":"standard","meta":{"footnotes":""},"categories":[32],"tags":[271,405,406,407],"class_list":["post-94","post","type-post","status-publish","format-standard","hentry","category-agustos-2006","tag-akp","tag-mahmudiye-katliami","tag-mahmudiye","tag-emasya"],"_links":{"self":[{"href":"https:\/\/www.millicozum.com\/mc\/wp-json\/wp\/v2\/posts\/94","targetHints":{"allow":["GET"]}}],"collection":[{"href":"https:\/\/www.millicozum.com\/mc\/wp-json\/wp\/v2\/posts"}],"about":[{"href":"https:\/\/www.millicozum.com\/mc\/wp-json\/wp\/v2\/types\/post"}],"author":[{"embeddable":true,"href":"https:\/\/www.millicozum.com\/mc\/wp-json\/wp\/v2\/users\/25"}],"replies":[{"embeddable":true,"href":"https:\/\/www.millicozum.com\/mc\/wp-json\/wp\/v2\/comments?post=94"}],"version-history":[{"count":0,"href":"https:\/\/www.millicozum.com\/mc\/wp-json\/wp\/v2\/posts\/94\/revisions"}],"wp:attachment":[{"href":"https:\/\/www.millicozum.com\/mc\/wp-json\/wp\/v2\/media?parent=94"}],"wp:term":[{"taxonomy":"category","embeddable":true,"href":"https:\/\/www.millicozum.com\/mc\/wp-json\/wp\/v2\/categories?post=94"},{"taxonomy":"post_tag","embeddable":true,"href":"https:\/\/www.millicozum.com\/mc\/wp-json\/wp\/v2\/tags?post=94"}],"curies":[{"name":"wp","href":"https:\/\/api.w.org\/{rel}","templated":true}]}}