{"id":942,"date":"2007-05-03T04:43:33","date_gmt":"2007-05-03T04:43:33","guid":{"rendered":"https:\/\/www.millicozum.com\/mc\/2007\/05\/03\/kibris-ve-kerk-rae-tke-ke\/"},"modified":"2007-05-03T04:43:33","modified_gmt":"2007-05-03T04:43:33","slug":"kibris-ve-kerkuk-israile-turkiye-kime","status":"publish","type":"post","link":"https:\/\/www.millicozum.com\/mc\/2007\/mayis-2007\/kibris-ve-kerkuk-israile-turkiye-kime\/","title":{"rendered":"KIBRIS VE KERK\u00dcK \u0130SRA\u0130L&#8217;E! T\u00dcRK\u0130YE K\u0130ME?"},"content":{"rendered":"<p>\u00a0  <\/p>\n<p> \u0130srail istihbarat\u0131n\u0131n da K\u00fcrt liderlerle yak\u0131n \u00e7al\u0131\u015fma i\u00e7inde oldu\u011fu ve b\u00f6lgede k\u00f6k sald\u0131\u011f\u0131 s\u00f6yleniyor. Bu geli\u015fme, s\u00f6z\u00fcm ona K\u00fcrdistan&#39;\u0131n \u00fclkenin kalan\u0131ndaki \u0130srail operasyonlar\u0131 i\u00e7in kalk\u0131\u015f noktas\u0131 i\u015flevi g\u00f6rmesine y\u00f6nelik kayg\u0131lar\u0131 da art\u0131r\u0131yor.  <\/p>\n<p> \u00a0 Kerk\u00fck&#39;\u00fc ku\u015fatan s\u00f6yleme bakt\u0131\u011f\u0131m\u0131zda, sanki \u0130srail&#39;in sahneledi\u011fi bir oyunla kar\u015f\u0131 kar\u015f\u0131ya gibiyiz. Bug\u00fcn Kerk\u00fck&#39;e &#39;K\u00fcrtlerin Kud\u00fcs\u00fc&#39; deniyor&#8230;.  <\/p>\n<p>  \u00a0  <\/p>\n<p> \u00a0 Bu politika s\u00fcrerse K\u00fcrdistan bol bol petrole sahip, \u00e7ok b\u00fcy\u00fck az\u0131nl\u0131k n\u00fcfusunu ezmekle me\u015fgul ve ABD&#39;ye kendisini &#39;farkl\u0131&#39; kom\u015fular\u0131ndan &#39;korumas\u0131&#39; i\u00e7in yalvaran k\u00fc\u00e7\u00fck bir fa\u015fist devlete d\u00f6n\u00fc\u015f\u00fcr. Ve elbette ABD de bu iste\u011fe bay\u0131la bay\u0131la icabet eder, ayn\u0131 petrolden dolay\u0131 K\u00f6rfez \u00fclkelerinin isteklerini k\u0131rmad\u0131\u011f\u0131 gibi.33  <\/p>\n<p> <strong>\u00a0 &quot;Kanl\u0131 takvime g\u00f6re:<\/strong>  <\/p>\n<p> \u00a0 B\u00fcy\u00fckan\u0131t ve akabinde G\u00fcl \u015eubat ay\u0131nda Amerika&#39;da&#8230; Kerk\u00fck&#39;te n\u00fcfus say\u0131m\u0131 Mart ay\u0131nda. Yeni cumhurba\u015fkan\u0131m\u0131zla Nisan sonunda tan\u0131\u015faca\u011f\u0131z. PKK eylemlerine May\u0131s&#39;ta ba\u015flayacak. PKK koordinasyonu o s\u0131rada \u00e7\u00f6pe at\u0131lacak.  <\/p>\n<p> \u00a0 Takvim nas\u0131lm\u0131\u015f efendim? \u015eubat, Mart, Nisan, May\u0131s&#8230; S\u0131ras\u0131yla: Nab\u0131z \u00f6l\u00e7me \u015eubat&#39;ta yap\u0131lacak&#8230; Kerk\u00fck Mart&#39;ta referandumla T\u00fcrkmenlerden al\u0131n\u0131p K\u00fcrdistan&#39;a kat\u0131lacak.. K\u00f6\u015fk Nisan&#39;da, cenazeler May\u0131s&#39;ta&#8230; Ama, T\u00fcrkiye, Kerk\u00fck konusunda H\u0130\u00c7B\u0130R\u015eEY yap-a-mayacak. Sadece izleyip bakacak&quot;34\u00a0 iddialar\u0131 umar\u0131z sadece zand\u0131r. Ve umar\u0131z bu \u015feytani senaryolar\u0131n uygulamas\u0131na f\u0131rsat kalmadan, T\u00fcrkiye&#39;de Milli ve k\u00f6kl\u00fc de\u011fi\u015fimler ya\u015fanacakt\u0131r.  <\/p>\n<p> \u00a0 <strong>ABD&#39;li Siyonist patronlar, AKP&#39;li piyonlar\u0131 parlatmaya m\u0131 geliyor?<\/strong>  <\/p>\n<p> <strong>\u00a0 \u0130stanbul&#39;da iki esrarengiz Yahudi ne ar\u0131yor?<\/strong>  <\/p>\n<p> Ge\u00e7en ay, ABD D\u0131\u015fi\u015fleri Bakan Yard\u0131mc\u0131s\u0131 Nicholas Burns Ankara&#39;dayd\u0131. Avrupa Yahudi Konseyi Ba\u015fkan\u0131 Pierre Besnainou Ankara&#39;dayd\u0131.  <\/p>\n<p> \u00a0 Ayn\u0131 g\u00fcnlerde \u0130srail Polis \u015eefi Moshe Karadi Ankara&#39;dayd\u0131.  <\/p>\n<p> \u00a0 Ankara bu konuklar\u0131 a\u011f\u0131rlarken, \u0130stanbul da o s\u0131rada yine Amerika&#39;dan iki ilgin\u00e7 ve \u00f6nemli ismi misafir ediyordu. Bunlar kimselere duyurmadan, sessiz sedas\u0131z \u0130stanbul&#39;a gelip \u00f6nemli g\u00f6r\u00fc\u015fmeler yapt\u0131lar.  <\/p>\n<p> \u0130stanbul&#39;un en tepesindeki isimlerle bir araya geldiler. \u00a0\u00a0\u00a0\u00a0\u00a0 Peki kimdi bu iki ilgin\u00e7 Amerikal\u0131 ziyaret\u00e7i?  <\/p>\n<p> \u00a0 Stephen Schneider ve Jeffrey Shulman&#8230;  <\/p>\n<p> \u00a0 <strong>Jeffrey Shulman;<\/strong> k\u0131sa ad\u0131 AIPAC olan Amerikan-\u0130srail Halkla \u0130li\u015fkiler Komitesi&#39;nin Ulusal Faaliyetler Direkt\u00f6r\u00fc&#8230; AIPAC ilgin\u00e7 bir kurulu\u015f. Amerika&#39;n\u0131n \u0130srail yanl\u0131s\u0131 en etkili lobi kurulu\u015flar\u0131ndan biri. New York Times&#39;a g\u00f6re &quot;Amerika-\u0130srail ili\u015fkilerini AIPAC belirliyor.&quot; Ancak ayn\u0131 AIPAC ge\u00e7ti\u011fimiz y\u0131llarda \u00e7ok ilgin\u00e7 bir su\u00e7lamayla kar\u015f\u0131 kar\u015f\u0131ya kald\u0131. Pentagon&#39;da \u00e7al\u0131\u015fan bir g\u00f6revlinin \u0130ran&#39;la ilgili \u00e7ok gizli baz\u0131 askeri bilgileri AIPAC arac\u0131l\u0131\u011f\u0131yla \u0130srail&#39;e verdi\u011fi ileri s\u00fcr\u00fcld\u00fc. AIPAC bas\u0131ld\u0131 baz\u0131 bilgisayarlar\u0131na el kondu.  <\/p>\n<p> \u00a0 <strong>Stephen Schneider<\/strong> ise K\u00fcresel Liderlik Enstit\u00fcs\u00fc (GLIPA) \u0130cra Direkt\u00f6r\u00fc. GLIPA 2005 y\u0131l\u0131nda Washington&#39;da kuruldu. O da \u0130srail yanl\u0131s\u0131 bir kurulu\u015f. Zaten Schneider de Shulman gibi AIPAC \u00fcyesi ve Yahudi as\u0131ll\u0131 Amerikal\u0131lardan.\u00a0 AIPAC&#39;\u0131n eski Siyasi Bilgilendirme B\u00fcrosu Direkt\u00f6r\u00fc..  <\/p>\n<p> \u00a0 Peki bu iki ilgin\u00e7 ve bir o kadar \u00f6nemli iki ismin \u0130stanbul ziyaretinin sebebi neydi?\u00a0 \u00c7ok fazla detaya sahip de\u011filiz. Dedik ya kimselere haber vermeden, sessiz sedas\u0131z gelip gittiler.  <\/p>\n<p> \u00a0 Ama \u00f6\u011frenebildi\u011fimiz kadar\u0131yla, Nisan ay\u0131nda bu ilgin\u00e7 kurulu\u015fun yani AIPAC&#39;\u0131n \u00fcyeleri \u0130stanbul&#39;da toplanacakm\u0131\u015f.\u00a0 Scheider ve Shulman da bu \u00f6nemli toplant\u0131n\u0131n g\u00fcvenlik ba\u015fta olmak \u00fczere \u00f6n g\u00f6r\u00fc\u015fmesini yapm\u0131\u015flar. S\u00f6z\u00fcn \u00f6z\u00fc \u015fu ki; son d\u00f6nemde Amerikal\u0131lar\u0131n ve \u00f6zellikle de Yahudi as\u0131ll\u0131 Amerikal\u0131lar\u0131n T\u00fcrkiye ilgisi ger\u00e7ekten dikkat \u00e7ekici.  <\/p>\n<p> \u00a0 T\u00fcrkiye&#39;nin, Cumhurba\u015fkanl\u0131\u011f\u0131&#39;ndan, Kerk\u00fck&#39;e \u00f6nemli kararlar arefesinde oldu\u011fu bir d\u00f6nemde bu ilgi daha da dikkat \u00e7ekici hale geliyor.35  <\/p>\n<p> <strong>K\u00fcrt sorununu Amerika \u00e7\u0131kar\u0131yor!<\/strong>  <\/p>\n<p> <strong>Ankara&#39;da K\u00fcrt sorunu tart\u0131\u015f\u0131l\u0131yor, ama b\u00fcy\u00fck resimde Irak ve ABD&#39;nin yeni siyaseti bask\u0131n \u00e7\u0131k\u0131yor. B\u00f6lge topyek\u00fbn daha koyu bir sava\u015f\u0131n i\u00e7ine \u00e7ekilme tehlikesindeyken, T\u00fcrkiye kendi i\u00e7inde K\u00fcrt sorununa silahs\u0131z \u00e7\u00f6z\u00fcm bulabilirim diye oyalan\u0131yor.<\/strong>  <\/p>\n<p> <strong>\u00a0 ABD Kongresi&#39;nde yap\u0131lan a\u00e7\u0131klamalar ba\u015fka bir sonu\u00e7 g\u00f6stermiyor. D\u0131\u015fi\u015fleri Bakan\u0131 Condolezza Rice, D\u0131\u015f \u0130li\u015fkiler Komitesi&#39;nde, Savunma Bakan\u0131 Robert Gates de Silahl\u0131 Hizmetler Komitesi&#39;nde ayn\u0131 \u015feyi s\u00f6ylediler: &#39;\u015eimdi \u00e7ekilirsek K\u00fcrtler ba\u011f\u0131ms\u0131zl\u0131k ilan eder, Kerk\u00fck&#39;e el koyarlar, T\u00fcrkiye de m\u00fcdahale eder&#39;&#8230;<\/strong>  <\/p>\n<p> <strong>\u00a0 Siyaset bir alg\u0131lama i\u015fi ve Irak&#39;ta (Kerk\u00fck dahil) bir K\u00fcrt devleti ilan edilirse, T\u00fcrkiye&#39;nin (ve muhtemelen \u0130ran&#39;\u0131n) buna m\u00fcdahale edece\u011fi bekleniyor. <\/strong> <\/p>\n<p> <strong>\u00a0 PKK bunun fark\u0131nda. Irak Devlet Ba\u015fkan\u0131 g\u00f6revini de y\u00fcr\u00fcten KYB&#39;nin &#39;oport\u00fcnist ama modernist&#39; lideri Celal Talabani de fark\u0131na varmaya ba\u015flad\u0131. Ama Barzani fark\u0131nda g\u00f6r\u00fcnm\u00fcyor. ABD Ba\u015fkan\u0131 George Bush nas\u0131l kaybeden kumarbaz sendromu i\u00e7inde s\u00fcrekli bahsi art\u0131r\u0131yorsa, barzani de s\u0131k\u0131\u015ft\u0131k\u00e7a taleplerini \u00e7o\u011falt\u0131yor. Belki bisikletin pedal\u0131n\u0131 \u00e7evirmezse d\u00fc\u015fece\u011fine inanan \u00e7ocuk gibi, frenin varl\u0131\u011f\u0131n\u0131 unutmu\u015f; durmaya korkuyor. <\/strong> <\/p>\n<p> <strong>\u00a0 B\u00f6lge b\u00f6ylece topyek\u00fbn daha koyu bir sava\u015f\u0131n i\u00e7ine \u00e7ekilme tehlikesindeyken, T\u00fcrkiye kendi i\u00e7inde K\u00fcrt sorununa silahs\u0131z \u00e7\u00f6z\u00fcm bulabilir mi? Ak\u0131lc\u0131 bakt\u0131\u011f\u0131n\u0131zda h\u00e2l\u00e2 m\u00fcmk\u00fcn.&quot; Ama bunu AKP iktidar\u0131yla ba\u015far\u0131lamayaca\u011f\u0131n\u0131 akl\u0131 yetenler biliyor.<\/strong>  <\/p>\n<p> <strong>Enis Berbero\u011flu soruyor: ABD&#39;nin petrol orta\u011f\u0131 K\u00fcrtler mi? <\/strong> <\/p>\n<p> <strong>\u00a0 ABD&#39;nin K\u00fcrt merak\u0131 yeni de\u011fil ve maalesef her seferinde k\u00fcrtlere ihaneti de unutuluyor. Halep\u00e7e katliam\u0131, T\u00fcrk s\u0131n\u0131r\u0131na dayanan soyk\u0131r\u0131m bile ABD&#39;yi harekete ge\u00e7irmedi. ABD&#39;nin korumak istedi\u011fi K\u00fcrtler mi, yoksa petrol m\u00fc? Tabii ki petrol!<\/strong>  <\/p>\n<p> <strong>\u00a0 ABD D\u0131\u015fi\u015fleri Bakan\u0131 Condoleezza Rice&#39;\u0131n adresini do\u011fru anlamak \u00f6nemli. &quot;Ba\u015faramazsak, K\u00fcrtler devlet kurar, T\u00fcrkiye ile problem ya\u015fan\u0131r&quot; diyor. Rice&#39;\u0131n bu s\u00f6zlerini ABD kamuoyuna d\u00f6n\u00fck gerek\u00e7e olarak m\u0131 okumal\u0131? Yoksa T\u00fcrkiye ve Kuzey Irak K\u00fcrtlerine son uyar\u0131 diye mi alg\u0131lamal\u0131?<\/strong>  <\/p>\n<p> <strong>\u00a0 Gelin biraz geriye gidelim, resmin tamam\u0131na g\u00f6z atal\u0131m. ABD&#39;nin K\u00fcrt merak\u0131 yeni de\u011fil ve fakat ihaneti de say\u0131s\u0131z. 1970&#39;lerde Saddam&#39;a kar\u015f\u0131 \u0130ran-\u0130srail ittifak\u0131n\u0131n \u00fc\u00e7\u00fcnc\u00fc aya\u011f\u0131 K\u00fcrtlerdi. \u015eah ve Saddam anla\u015f\u0131nca K\u00fcrtler ortada kald\u0131, ABD k\u0131l\u0131n\u0131 k\u0131p\u0131rdatmad\u0131. 1980&#39;de Saddam, ABD&#39;nin emriyle Humeyni \u0130ran&#39;\u0131na sava\u015f a\u00e7t\u0131. Sekiz y\u0131l sonra gelen ate\u015fkeste fatura yine K\u00fcrtlere \u00e7\u0131kt\u0131.\u00a0 Halep\u00e7e katliam\u0131, T\u00fcrk s\u0131n\u0131r\u0131na dayanan soyk\u0131r\u0131m bile ABD&#39;yi harekete ge\u00e7irmedi. Ama Saddam petrol zengini Kuveyt&#39;e sald\u0131r\u0131nca o saat ipi \u00e7ekildi. <\/strong> <\/p>\n<p> <strong>\u00a0 Kabaca d\u00fcnya petrol\u00fcn\u00fcn d\u00f6rtte birini ABD kullan\u0131yor. \u00d6n\u00fcm\u00fczdeki on y\u0131llarda bu oran\u0131 \u00fc\u00e7te bire kadar y\u00fckseltmek zorunda. Ama k\u00fcresel rekabette mukayeseli \u00fcst\u00fcnl\u00fck de \u00f6nemli: ABD petrol ak\u0131\u015f\u0131n\u0131 kontrolle yetinmiyor. Enerji talebi t\u0131rmanan, ekonomik b\u00fcy\u00fcme rekorlar\u0131 k\u0131ran \u00c7in ve Hindistan&#39;\u0131n d\u00fcnya g\u00fcc\u00fc olarak ABD&#39;nin kar\u015f\u0131s\u0131na \u00e7\u0131kmas\u0131n\u0131 \u00f6nlemek gibi stratejik hedefi de var&quot;. Ama bunlar\u0131 ba\u015faramayacak ve \u00e7\u00f6k\u00fc\u015f s\u00fcreci daha da h\u0131zlanacak. \u00c7\u00fcnk\u00fc \u00f6ld\u00fcr\u00fclen ABD ba\u015fkan\u0131 Kennedy, &quot;E\u011fer G\u00fcney Amerika, Hindistan ve Ortado\u011fu elimizden \u00e7\u0131karsa, silah sanayi g\u00fcc\u00fcm\u00fcz Amerika&#39;y\u0131 ayakta tutamaz&quot; demi\u015fti.. Ve \u015fimdi G\u00fcney Amerika ve Hindistan ellerinden \u00e7\u0131k\u0131p, kar\u015f\u0131 cepheye ge\u00e7ti. Ortado\u011fu&#39;da ise, bata\u011fa saplanm\u0131\u015f, can \u00e7eki\u015fiyor!..<\/strong>  <\/p>\n<p> <strong>\u00c7\u00f6mez, &quot;TBMM&#39;nin acilen toplanmal\u0131&quot; demi\u015fti <\/strong> <\/p>\n<p> <strong>Ankara &#8211; AK Parti Bal\u0131kesir Milletvekili Turhan \u00c7\u00f6mez, &quot;T\u00fcrkiye&#39;nin Kerk\u00fck konusunda derli toplu bir politik a\u00e7\u0131l\u0131m ortaya koymas\u0131 gerekti\u011fini&quot; belirterek, TBMM&#39;nin Kerk\u00fck \u00f6zel oturumuyla acilen toplanmas\u0131n\u0131 istemi\u015fti. <\/strong> <\/p>\n<p> <strong>\u00a0 \u00c7\u00f6mez, yapt\u0131\u011f\u0131 a\u00e7\u0131klamada, Kerk\u00fck&#39;te endi\u015fe verici geli\u015fmeler ya\u015fand\u0131\u011f\u0131na dikkati \u00e7ekerek TBMM&#39;nin Kerk\u00fck g\u00fcndemiyle acilen bir toplant\u0131 yapmas\u0131 gerekti\u011fini ifade etmi\u015f ve b\u00fct\u00fcn geli\u015fmelerin yap\u0131lacak \u00f6zel oturumda tart\u0131\u015f\u0131lmas\u0131 gerekti\u011fini \u00f6nermi\u015fti. <\/strong> <\/p>\n<p> <strong>AKP&#39;li \u00c7\u00f6mez, &quot;T\u00fcrkiye&#39;nin hassasiyetleri ortaya konmal\u0131. T\u00fcrkiye, 2007 sonunda Kerk\u00fck&#39;te yap\u0131lmas\u0131 planlanan referandumu tan\u0131mayaca\u011f\u0131n\u0131, i\u00e7 sava\u015f durumunda ise buraya m\u00fcdahale edece\u011fini d\u00fcnyaya ilan etmeli&quot; demi\u015fti. <\/strong> <\/p>\n<p> <strong>\u00a0 S\u0131k s\u0131k Kerk\u00fck&#39;e giderek incelemelerde bulundu\u011funu an\u0131msatarak: &quot;Kerk\u00fck&#39;te 800 bin civar\u0131nda olan n\u00fcfusun \u015fu anda 1 milyonu a\u015ft\u0131\u011f\u0131n\u0131 ve buraya g\u00f6\u00e7men stat\u00fcs\u00fc \u015femsiyesi alt\u0131nda K\u00fcrtler&#39;in yerle\u015ftirildi\u011fini, \u015fehrin yap\u0131s\u0131n\u0131n de\u011fi\u015ftirildi\u011fini&quot; s\u00f6ylemi\u015fti.<\/strong>  <\/p>\n<p> <strong>\u00a0 Osmanl\u0131&#39;n\u0131n, Kerk\u00fck&#39;ten \u00e7ekilmesiyle birlikte T\u00fcrkmenler&#39;in &quot;hi\u00e7 g\u00fcn y\u00fcz\u00fc g\u00f6rmedi\u011fini&quot; savunan \u00c7\u00f6mez, &quot;Burada hep kan, hep g\u00f6zya\u015f\u0131 var. 2006&#39;da 20 bin insan Kerk\u00fck&#39;te hayat\u0131n\u0131 kaybetti. Buraya demokrasi getirmek isteyen ABD neden hala ba\u015fka politikalar \u00fcretmeye \u00e7al\u0131\u015f\u0131yor? Ba\u011fdat ortadan ikiye ayr\u0131lm\u0131\u015f durumda. Kerk\u00fck&#39;te i\u00e7 sava\u015f an meselesi&quot; diyerek &quot;1967 y\u0131l\u0131ndan bu yana Kerk\u00fck&#39;e giden bir T\u00fcrk devlet ba\u015fkan\u0131 olmad\u0131\u011f\u0131n\u0131 da hat\u0131rlat\u0131p; &quot;Kerk\u00fck&#39;\u00fcn T\u00fcrkiye&#39;nin bir mutfa\u011f\u0131 ve arka bah\u00e7esi oldu\u011funu&quot; ama S\u00fcleymaniye&#39;den getirilen K\u00fcrtler&#39;in g\u00f6z g\u00f6re g\u00f6re Kerk\u00fck&#39;e yerle\u015ftirildi\u011fini ve demografik yap\u0131n\u0131n bozuldu\u011funu, tapu dairelerinin yak\u0131larak b\u00fct\u00fcn kay\u0131tlar\u0131n da yok edildi\u011fini&quot; belirtmi\u015f ama kimseye s\u00f6z dinletememi\u015fti. <\/strong> <\/p>\n<p> <strong>\u00a0 T\u00fcrkmenleri b\u00f6lme tezgah\u0131!<\/strong>  <\/p>\n<p> \u00a0 Kerk\u00fck&#39;te \u015eaab, \u015euruk, Ahat gibi be\u015f alt\u0131 kukla T\u00fcrkmen partisi var. Bunlar Barzani ve Talabani taraf\u0131ndan kurdurulan T\u00fcrkmen partileriymi\u015f. Amerikan g\u00fcd\u00fcml\u00fc guruplar bu partileri yap\u0131lacak referandumda T\u00fcrkmenleri b\u00f6lmek i\u00e7in kurmu\u015flar. Maalesef sahipsiz T\u00fcrkmenler bu oyuna geliyor. Oysa Amerikan yanl\u0131s\u0131 K\u00fcrt guruplar Irak&#39;\u0131n par\u00e7alanmas\u0131n\u0131 istiyor. Bu nedenle b\u00f6lgeye K\u00fcrt n\u00fcfus yerle\u015ftirilip referandum sonucunu etkilemek ve Kerk\u00fck&#39;\u00fcn Irak&#39;tan ayr\u0131lacak bir K\u00fcrdistan i\u00e7inde kalmas\u0131n\u0131 sa\u011flamaya \u00e7al\u0131\u015f\u0131yor. Malum oldu\u011fu \u00fczere ba\u011f\u0131ms\u0131z bir K\u00fcrdistan&#39;\u0131 en \u00e7ok \u0130srail ve ABD arzuluyor. Onlardan cesaret alan Barzani &quot;Kerk\u00fck bir K\u00fcrt \u015fehridir. T\u00fcrkiye i\u00e7imizden elini \u00e7ekmeli ve haddini bilmelidir&quot; diyebiliyor. \u00c7\u00fcnk\u00fc ona arka veren ABD ve \u0130srail&#39;dir. Erbil-Dohuk b\u00f6lgesinde Badinani olarak isimlendirilen K\u0131rmanci K\u00fcrtleri ya\u015f\u0131yor. Bu K\u00fcrtler \u00fczerinde Barzani etkinken, S\u00fcleymaniye b\u00f6lgesinde ya\u015fayan Sorani K\u00fcrtleri \u00fczerinde Talabani etkin bulunuyor. Her iki b\u00f6lgede de \u0130slami olu\u015fumlar\u0131n a\u011f\u0131rl\u0131\u011f\u0131 biliniyor. Ancak \u0130slami partilerin adlar\u0131 fazla duyulmuyor. \u00c7\u00fcnk\u00fc bunlar Amerika ile i\u015fbirli\u011fine girmiyorlar. \u0130slami olu\u015fumlara faaliyetlerinde s\u0131k\u0131nt\u0131 \u00e7\u0131kar\u0131l\u0131yor. Barzani bask\u0131c\u0131 bir politika g\u00fcderken, Talabani biraz daha yumu\u015fak duruyor.  <\/p>\n<p> \u00a0 <strong>Barzani-Talabani \u00e7eki\u015fmesi<\/strong>  <\/p>\n<p> \u00a0 Barzani-Talabani \u00e7eki\u015fmesi ve g\u00fc\u00e7 m\u00fccadelesi K\u00f6rfez Sava\u015f\u0131 sonras\u0131 silahl\u0131 \u00e7at\u0131\u015fmaya d\u00f6n\u00fc\u015fm\u00fc\u015ft\u00fc. Ba\u011fdat y\u00f6netimine yasaklanan kuzey b\u00f6lgelerde ya\u015fanan bu duruma ABD, \u0130ngiltere ve T\u00fcrkiye m\u00fcdahale etmi\u015fti. \u0130ki gurubun ate\u015fkesi bozmamas\u0131 i\u00e7in de bir bar\u0131\u015f g\u00fcc\u00fc olu\u015fturulmu\u015ftu. 1995 y\u0131l\u0131nda kurulan Peace Monitory Force (PMF)-Bar\u0131\u015f\u0131 \u0130zleme G\u00fcc\u00fc, 2004 y\u0131l\u0131nda feshedildi. Erbil ve S\u00fcleymaniye&#39;de kararg\u00e2h\u0131 olan PMF, b\u00fcy\u00fck oranda T\u00fcrkmenlerden olu\u015fuyordu ve 700 civar\u0131 askeri sahip bulunuyordu. Feshedildikten sonra \u00e7ok az say\u0131da asker yeni kurulan Irak ordusuna al\u0131nd\u0131.\u00a0 B\u00f6ylece T\u00fcrkmenlerin hi\u00e7bir silahl\u0131 g\u00fcc\u00fc kalmad\u0131.\u00a0\u00a0\u00a0  <\/p>\n<p> \u00a0 <strong>Kerk\u00fck Meclisi&#39;nde ya\u015fanan olaylar<\/strong>  <\/p>\n<p> \u00a0 140. madde gere\u011fi &quot;kurulan Irak&#39;\u0131 istikrara kavu\u015fturma komisyonun&quot; \u00fcyelerinden Adalet Bakan\u0131, Kerk\u00fck valisi ile g\u00f6r\u00fc\u015fm\u00fc\u015f. Komisyonda T\u00fcrkmenleri temsilen bir bayan g\u00f6revlendirilmi\u015f ancak bu atamay\u0131 T\u00fcrkmenler kabul etmemi\u015f. T\u00fcrkmen il meclis \u00fcyesi Ali Mehdi, bakanla g\u00f6r\u00fc\u015fmek isteyince valinin korumalar\u0131nca engellenmi\u015f. Elinde tuttu\u011fu &quot;Kerk\u00fck&#39;e ho\u015f geldiniz! Buradaki oldu bittilerin fark\u0131nda olun.&quot; yaz\u0131l\u0131 k\u00e2\u011f\u0131t da korumalar taraf\u0131ndan y\u0131rt\u0131lm\u0131\u015f. Mecliste T\u00fcrkmenlerin sekiz temsilcisi var.\u00a0  <\/p>\n<p> \u00a0 <strong>\u0130TC Gen\u00e7lik \u00d6rg\u00fct\u00fc Mitingi<\/strong>  <\/p>\n<p> \u00a0 Olay 2006 10 Ekim&#39;de ya\u015fanm\u0131\u015ft\u0131. Ertesi g\u00fcn \u0130TC Gen\u00e7lik \u00d6rg\u00fct\u00fc&#39;n\u00fcn tertip etti\u011fi ve Fatihin Torunlar\u0131 Derne\u011fi gibi T\u00fcrkmenlerin \u00f6nde gelen gen\u00e7lik kurulu\u015flar\u0131n\u0131n kat\u0131ld\u0131\u011f\u0131 b\u00fcy\u00fck bir miting ger\u00e7ekle\u015ftirildi. Saat 12.00&#39;de Kerk\u00fck Ticaret Odas\u0131 \u00f6n\u00fcnde ba\u015flayan mitingde, Irak&#39;\u0131n b\u00fct\u00fcnl\u00fc\u011f\u00fcne ba\u011fl\u0131l\u0131k dile getirildi. Oysa i\u015fgalciler Irak&#39;\u0131 \u00fc\u00e7e b\u00f6lmeye \u00e7al\u0131\u015f\u0131yorlar. Kuzeyde \u0130srail g\u00fcd\u00fcml\u00fc bir K\u00fcrt devleti, ortada ABD&#39;ye ba\u011f\u0131ml\u0131 bir S\u00fcnni Arap devleti ve g\u00fcneyde de yine ABD kontrol\u00fcnde bir \u015eii Arap devleti.  <\/p>\n<p> \u00a0 <strong>At\u0131lan yanl\u0131\u015f ad\u0131mlar, K\u0131br\u0131s davam\u0131z\u0131 i\u00e7inden \u00e7\u0131k\u0131lmaz hale getirdi.<\/strong>  <\/p>\n<p> <strong>K\u0131br\u0131s &#39;Kurtlar Sofras\u0131&#39;nda<\/strong>  <\/p>\n<p> <strong>Kerk\u00fck anahtar \u015fehir<\/strong>  <\/p>\n<p> <strong>Kerk\u00fck&#39;te bir T\u00fcrk konsoloslu\u011fu maalesef yok, ama ABD ve \u0130ngiltere konsoloslu\u011fu var! Erbil&#39;de konsoloslu\u011fumuz varm\u0131\u015f fakat yakla\u015f\u0131k d\u00f6rt ayd\u0131r konsolos atanmam\u0131\u015f. Yap\u0131lacak referandumla Kerk\u00fck K\u00fcrdistan&#39;a kat\u0131l\u0131p Irak&#39;tan koparsa b\u00f6lgede yeni \u00e7at\u0131\u015fmalar ya\u015fanabilir. \u015eehre 600 bin K\u00fcrt yeni yerle\u015fimci olarak getirilmi\u015f ve \u015fehrin sosyal yap\u0131s\u0131 de\u011fi\u015ftirilmi\u015f. \u015eehrin etraf\u0131na yap\u0131lan 10 bini a\u015fk\u0131n evin pencereleri bile yok. <\/strong> <\/p>\n<p> <strong>\u00a0 \u0130nsanlar d\u0131\u015fardan gelip bu evlerde oturuyor gibi g\u00f6r\u00fcnerek se\u00e7imde oy kullanm\u0131\u015flar. Referandumda da b\u00f6yle olma ihtimali y\u00fcksek. ABD Musul&#39;da ya\u015fayan 70 bin K\u00fcrt&#39;\u00fcn Kerk\u00fck&#39;e g\u00f6\u00e7 etmesini istiyor. Musul&#39;da K\u00fcrtlerin silahlar\u0131 toplanm\u0131\u015f. Buna kar\u015f\u0131n Araplar\u0131n silahlar\u0131 duruyor. Kerk\u00fck&#39;te ise T\u00fcrklerle Araplar\u0131n silahlar\u0131 toplanm\u0131\u015fken, K\u00fcrtlerin silahlar\u0131na dokunulmam\u0131\u015f. ABD, T\u00fcrkmenler ve Araplarla K\u00fcrtlerin \u00e7at\u0131\u015fmas\u0131n\u0131 istiyor. Ard\u0131 ard\u0131na patlayan bombalar bunu sa\u011flamak i\u00e7in. Kerk\u00fck referandumda Irak&#39;tan ayr\u0131lma y\u00f6n\u00fcnde oy kullan\u0131rsa ABD&#39;nin istedi\u011fi olacak. Bu y\u00fczden \u00f6n\u00fcm\u00fczdeki d\u00f6nemde Kerk\u00fck&#39;te ba\u015fka olaylar\u0131n ya\u015fanma ihtimali y\u00fcksektir.<\/strong>  <\/p>\n<p> <strong>\u00a0 \u00a0El-Mukavame: Direni\u015f\u00a0\u00a0\u00a0 <\/strong> <\/p>\n<p> <strong>\u00a0 Kerk\u00fck&#39;e vard\u0131\u011f\u0131m\u0131zda ilk ziyaret etti\u011fimiz karde\u015f kurulu\u015fumuzun camlar\u0131 yerlerdeydi. Biz varmadan iki g\u00fcn \u00f6nce \u00e7ok yak\u0131nda patlayan bomban\u0131n etkisi ile \u00e7evredeki binalar hasar g\u00f6rm\u00fc\u015ft\u00fc. D\u00f6nd\u00fckten hemen sonra, tam yedi patlama birden oldu. Sonra yine patlama haberleri gelmeye devam etti. Bu t\u00fcr patlamalar \u00fclkenin \u00e7e\u015fitli b\u00f6lgelerinde s\u0131k s\u0131k ya\u015fan\u0131yor. Kimin yapt\u0131\u011f\u0131n\u0131 sordu\u011fumuzda &quot;el-Mukavame &quot; cevab\u0131n\u0131 al\u0131yoruz. Yani Direni\u015f. <\/strong> <\/p>\n<p> <strong>\u00a0 \u00dclkede kald\u0131\u011f\u0131m\u0131z s\u00fcre boyunca bu t\u00fcr olaylar\u0131n tamam\u0131n\u0131n m\u00fcsebbibi olarak el-Mukavame g\u00f6sterildi. Halk, \u00fcniformal\u0131 olmayan t\u00fcm silahl\u0131 guruplara &quot;el-Mukavame&quot; ad\u0131n\u0131 veriyor. Her t\u00fcr eylem, patlama, \u00e7at\u0131\u015fma el-Mukavame&#39;den biliniyor. Peki, nedir bu el-Mukavame? Ka\u00e7 guruptur? Neleri hedefliyor? Bunlar pek bilinmiyor.<\/strong>  <\/p>\n<p> K\u0131br\u0131s&#39;\u0131n son d\u00f6nemi, T\u00fcrkiye a\u00e7\u0131s\u0131ndan tavizlerin ve hakl\u0131 oldu\u011fumuz halde &quot;geri ad\u0131mlar tarihi&quot; haline gelmi\u015ftir. AKP&#39;nin Rumlar\u0131 tan\u0131ma \u015fart\u0131 olarak \u00f6ne s\u00fcrd\u00fc\u011f\u00fc izolasyonlar\u0131 kald\u0131rma \u00f6nerisi de, KKTC&#39;nin ve ada \u00fczerindeki haklar\u0131m\u0131z\u0131n biti\u015fi demektir.  <\/p>\n<p> <strong>\u00a0 T\u00fcrkiye&#39;siz topland\u0131lar<\/strong>  <\/p>\n<p> \u00a0 Avrupa Birli\u011fi&#39;ne \u00fcye \u00fclkelerin d\u0131\u015fi\u015fleri bakanlar\u0131 2006 14-15 Aral\u0131k&#39;taki devlet ve h\u00fck\u00fcmet ba\u015fkanlar\u0131 zirvesi \u00f6ncesinde Br\u00fcksel&#39;de bir araya geldi. D\u0131\u015fi\u015fleri Bakan\u0131 ve Ba\u015fbakan Yard\u0131mc\u0131s\u0131 Abdullah G\u00fcl, m\u00fczakere s\u00fcrecinin &quot;raydan \u00e7\u0131kmamas\u0131&quot; i\u00e7in AB&#39;ye seslendi. 17 Aral\u0131k&#39;ta &quot;m\u00fczakere tarihi&quot; ald\u0131klar\u0131n\u0131 zannederek bayram havas\u0131nda T\u00fcrkiye&#39;ye d\u00f6nen AKP y\u00f6neticilere Br\u00fcksel&#39;de T\u00fcrkiye ve K\u0131br\u0131s g\u00fcndemi ile toplanan AB&#39;li liderlerin aras\u0131nda yer bile verilmedi.  <\/p>\n<p> \u00a0 <strong>As\u0131l hedef egemenlik devri\u00a0\u00a0 <\/strong> <\/p>\n<p> \u00a0 Mara\u015f&#39;\u0131n BM, Gazima\u011fusa&#39;n\u0131n AB eliyle Rumlara teslimini \u00f6ng\u00f6ren Finlandiya \u00f6nerisinin, K\u0131br\u0131s sorunu ve T\u00fcrkiye-AB ili\u015fkilerinde ba\u015flat\u0131lan &#39;ucu a\u00e7\u0131k oyalama s\u00fcrecinde&#39; T\u00fcrkiye ve KKTC y\u00f6netiminden tavizlerin elde edilmesine y\u00f6nelik oldu\u011funa dikkat \u00e7ekiliyor. K\u0131br\u0131s sorununda nihai bir \u00e7\u00f6z\u00fcme ula\u015f\u0131lmadan limanlar\u0131n a\u00e7\u0131lmas\u0131n\u0131n AB taraf\u0131ndan \u015fart ko\u015fulmas\u0131n\u0131n KKTC \u00fczerindeki izolasyonlar\u0131n kald\u0131r\u0131lmas\u0131 ile hi\u00e7bir ilgisinin bulunmad\u0131\u011f\u0131 belirtilerek, as\u0131l hedefin KKTC egemenli\u011finin devredilmesi oldu\u011fu ifade ediliyor.  <\/p>\n<p> \u00a0 Daha \u00f6nce Do\u011frudan Ticaret T\u00fcz\u00fc\u011f\u00fc&#39;ne kar\u015f\u0131l\u0131k pazarl\u0131k konusu edilen Mara\u015f&#39;\u0131n BM, Gazima\u011fusa&#39;n\u0131n da AB eliyle Rumlara teslimini \u00f6ng\u00f6ren Finlandiya \u00f6nerisinin K\u0131br\u0131s sorununda nihai bir \u00e7\u00f6z\u00fcme ula\u015f\u0131lmadan limanlar\u0131n a\u00e7\u0131lmas\u0131n\u0131 da \u015fart ko\u015fmas\u0131n\u0131n KKTC \u00fczerindeki izolasyonlar\u0131n kald\u0131r\u0131lmas\u0131 ile hi\u00e7bir ilgisinin bulunmad\u0131\u011f\u0131 bildirildi. KKTC ile hava ula\u015f\u0131m\u0131 ger\u00e7ekle\u015ftirilmesini i\u00e7ermeyen hi\u00e7bir \u00f6nerinin, izolasyonun kald\u0131r\u0131ld\u0131\u011f\u0131 anlam\u0131na gelmedi\u011fini belirten uzmanlar, GKRY ile sadece turizm gelirlerinin kar\u015f\u0131la\u015ft\u0131r\u0131lmas\u0131 dahi, d\u00fcnya ile T\u00fcrkiye d\u0131\u015f\u0131nda u\u00e7u\u015f ba\u011flant\u0131s\u0131 olmayan KKTC&#39;nin kayb\u0131n\u0131n b\u00fcy\u00fckl\u00fc\u011f\u00fcn\u00fc g\u00f6sterdi\u011fine i\u015faret ediyor.  <\/p>\n<p> \u00a0 KKTC, b\u00fcy\u00fck \u00e7o\u011funlu\u011fu T\u00fcrkiye&#39;den gelen yakla\u015f\u0131k 500 bin turistten y\u0131lda 200 milyon dolar gelir elde ederken,\u00a0 GKRY 2,5 milyon turistten iki milyar dolar gelir sa\u011fl\u0131yor. Bu tablo, &quot;ambargolar kald\u0131r\u0131ld\u0131 g\u00f6r\u00fcnt\u00fcs\u00fc alt\u0131nda&quot; Magosa Liman\u0131&#39;n\u0131n AB veya BM denetiminde kullan\u0131ma a\u00e7\u0131lmas\u0131 halinde y\u0131lda elde edilebilecek ilave 10 milyon dolar\u0131n g\u00fcl\u00fcn\u00e7l\u00fc\u011f\u00fcn\u00fc ortaya koyuyor. Finlandiya \u00f6nerisinin, K\u0131br\u0131s T\u00fcrklerine uygulanan ambargolar\u0131n kald\u0131r\u0131lmas\u0131 g\u00f6r\u00fcnt\u00fcs\u00fc alt\u0131nda T\u00fcrkiye-AB m\u00fczakerelerinde K\u0131br\u0131s \u015fartlar\u0131n\u0131n ve Rum taleplerinin yerine getirilmesini ama\u00e7lad\u0131\u011f\u0131 ifade ediliyor. Fin \u00f6nerisinin, siyasi, ekonomik ve hukuki a\u00e7\u0131dan \u00e7ok a\u011f\u0131r sonu\u00e7lar do\u011furaca\u011f\u0131n\u0131n alt\u0131n\u0131 \u00e7izen uzmanlar, T\u00fcrkiye&#39;nin Rum gemilerine limanlar\u0131n\u0131 a\u00e7mas\u0131 durumunda, bunun Rum y\u00f6netimini &#39;K\u0131br\u0131s Cumhuriyeti&#39;nin me\u015fru temsilcisi&#39; olarak \u00f6nce fiili sonra da hukuki olarak tan\u0131nmas\u0131na gidecek yolu a\u00e7ma anlam\u0131na geldi\u011fini kaydediyor. Uzmanlar, T\u00fcrkiye-AB ili\u015fkilerinde bir &quot;tren kazas\u0131&quot; ya\u015fanabilece\u011finin AB yetkililerince s\u0131kl\u0131kla dile getirildi\u011fi bir d\u00f6nemde ve 8 Kas\u0131m 2006&#39;da a\u00e7\u0131klanmas\u0131 beklenen \u0130lerleme Raporu \u00f6ncesinde ba\u015flat\u0131lan Finlandiya giri\u015fiminin zamanlama a\u00e7\u0131s\u0131ndan da dikkat \u00e7ekti\u011fini vurguluyor.\u00a0  <\/p>\n<p> <strong>\u00a0 Talat y\u00f6netimi Mara\u015f&#39;\u0131 vermeye haz\u0131r<\/strong>  <\/p>\n<p> <strong>\u00a0 Fin \u00f6nerileri asl\u0131nda, ilk olarak, Rum Y\u00f6netimi&#39;nin Temmuz 2004&#39;te a\u00e7\u0131klad\u0131\u011f\u0131, Eyl\u00fcl 2004&#39;te ise AB&#39;ye sundu\u011fu &#39;&quot;asker\u00ee alanda gerilimin azalt\u0131lmas\u0131na ve K\u0131br\u0131s T\u00fcrklerine y\u00f6nelik g\u00fcven art\u0131r\u0131c\u0131 \u00f6neriler&quot; i\u00e7inde yer alm\u0131\u015ft\u0131. Bu \u00f6neriler; &quot;Mara\u015f&#39;\u0131n BM denetiminde a\u00e7\u0131lmas\u0131, Magosa Liman\u0131&#39;n\u0131n AB denetiminde iki taraf\u0131n ortak kullan\u0131m\u0131na sunulmas\u0131, Larnaka ve Magosa Limanlar\u0131nda T\u00fcrk i\u015f\u00e7i istihdam edilmesi&quot; \u015feklinde s\u0131ralanm\u0131\u015ft\u0131. Rumlar\u0131n o d\u00f6nemdeki \u00f6nerilerini T\u00fcrkiye ve KKTC, &quot;g\u00fcndem sapt\u0131rma&quot; olarak de\u011ferlendirmi\u015f,\u00a0 zaman\u0131n KKTC Ba\u015fbakan\u0131 Mehmet Ali Talat, \u00f6nlemleri &quot;hedef \u015fa\u015f\u0131rtmaca&quot; diye nitelendirmi\u015fti. Talat,\u00a0 Mara\u015f&#39;a kar\u015f\u0131l\u0131k Magosa Liman\u0131&#39;n\u0131n ortak i\u015fletilmesi \u00f6nerisine ise &quot;bu ne c\u00fcret&quot; \u015feklinde tepki g\u00f6stermi\u015fti. Ancak, son y\u0131llarda T\u00fcrkiye ve KKTC h\u00fck\u00fcmet yetkililerinin a\u00e7\u0131klamalar\u0131nda bu \u00e7izgiden baz\u0131 sapmalar ya\u015fand\u0131\u011f\u0131 ve &quot;ambargolara kar\u015f\u0131l\u0131k Mara\u015f&quot; denkleminin s\u0131kl\u0131kla kuruldu\u011fu g\u00f6r\u00fcl\u00fcyor. <\/strong> <\/p>\n<p> <strong>\u00a0 KKTC Cumhurba\u015fkan\u0131 Talat, zaman zaman &quot;Mara\u015f&#39;\u0131n kapsaml\u0131 \u00e7\u00f6z\u00fcm\u00fcn bir par\u00e7as\u0131 oldu\u011fu&quot; bazen de &quot;ambargolar\u0131n kald\u0131r\u0131lmas\u0131 halinde Mara\u015f&#39;\u0131n a\u00e7\u0131labilece\u011fi&quot; y\u00f6n\u00fcnde a\u00e7\u0131klamalarda bulunuyor. KKTC Cumhurba\u015fkanl\u0131\u011f\u0131 M\u00fcste\u015far\u0131 Ra\u015fit Pertev&#39;in, Haziran 2005&#39;te Br\u00fcksel&#39;de Rumlarla t\u00fcz\u00fcklerle ilgili olarak yap\u0131lan g\u00f6r\u00fc\u015fmelerde, &quot;T\u00fcrkiye&#39;den habersiz olarak, izolasyonlar kar\u015f\u0131l\u0131\u011f\u0131 Mara\u015f&#39;\u0131 Rumlara vermeyi teklif etti\u011finin&quot; ortaya \u00e7\u0131kmas\u0131 da bu konuda izlenen politikalara i\u015faret ediyor.<\/strong>  <\/p>\n<p> <strong>Ta\u015f\u0131nmazlarla ilgili yeni tazminat davalar\u0131 gelebilir.<\/strong>  <\/p>\n<p> \u00a0 Rum \u00f6nerilerini bir paket halinde T\u00fcrkiye&#39;nin \u00f6n\u00fcne koyan Fin \u00f6nerisi, Mara\u015f gibi ancak kapsaml\u0131 bir \u00e7\u00f6z\u00fcm\u00fcn par\u00e7as\u0131 olarak ele al\u0131nabilecek bir konunun \u0131srarla g\u00fcndeme getirilmesi ile dikkat \u00e7ekiyor.  <\/p>\n<p> ASAM K\u0131br\u0131s Uzman\u0131 Sema Sezer, Mara\u015f konusunun, art\u0131k A\u0130HM&#39;deki geli\u015fmeler nedeniyle &quot;kapsaml\u0131 bir \u00e7\u00f6z\u00fcm \u00e7er\u00e7evesinde var\u0131lacak uzla\u015fmayla egemenli\u011fin devrinden&quot; \u00f6te sonu\u00e7lar do\u011furmaya ba\u015flad\u0131\u011f\u0131n\u0131 s\u00f6yl\u00fcyor. Sezer, Mara\u015f&#39;taki ta\u015f\u0131nmazlar\u0131n tamam\u0131n\u0131n, KKTC Mahkemelerinde belgeleriyle tespit edildi\u011fi \u00fczere T\u00fcrk vak\u0131flar\u0131na (Lala Mustafa Pa\u015fa ve Abdullah A\u011fa) ait oldu\u011funa i\u015faret ediyor.\u00a0 Sezer, &quot;Ancak, Rumlar, \u0130ngiliz y\u00f6netimi d\u00f6neminde Vak\u0131f hukukuna ayk\u0131r\u0131 bir \u015fekilde ve sahte y\u00f6ntemlerle bu Vak\u0131f mallar\u0131n\u0131 \u00fczerlerine ge\u00e7irmi\u015f, \u00fcstelik A\u0130HM&#39;de T\u00fcrkiye&#39;den tazminat ve mallar\u0131n\u0131n iadesi talebiyle dava konusu yapm\u0131\u015ft\u0131r&quot; tespitinde bulunuyor.  <\/p>\n<p> A\u0130HM&#39;in sonbaharda a\u00e7\u0131klamas\u0131 beklenen Arestis Davas\u0131&#39;n\u0131n bu konuda emsal olu\u015fturacak \u00f6nemli bir pilot dava niteli\u011finde oldu\u011funun alt\u0131n\u0131 \u00e7izen Sezer,\u00a0 A\u0130HM&#39;deki s\u00fcre\u00e7le birlikte de\u011ferlendirildi\u011finde, Finlandiya \u00f6nerisi do\u011frultusunda Mara\u015f&#39;\u0131n BM denetiminde a\u00e7\u0131lmas\u0131n\u0131n; bir \u00e7\u00f6z\u00fcme gerek kalmaks\u0131z\u0131n \u00f6nce Rumlar\u0131n bu ta\u015f\u0131nmazlara yerle\u015fmesini, sonra da m\u00fclkiyet davalar\u0131 yoluyla Vak\u0131f mallar\u0131na sahip \u00e7\u0131kmalar\u0131n\u0131 beraberinde getirece\u011fine vurgu yap\u0131yor.  <\/p>\n<p> \u00a0 <strong>T\u00fcrkiye&#39;ye istihbarat darbesi vurulacak<\/strong>  <\/p>\n<p> \u00a0 Sema Sezer, Magosa Liman\u0131&#39;n\u0131n AB ya da BM denetimine verilmesinin asker\u00ee ve istihbarat a\u00e7\u0131s\u0131ndan a\u011f\u0131r sonu\u00e7lar\u0131 olaca\u011f\u0131n\u0131 ifade ederek, &quot; T\u00fcrk Bar\u0131\u015f Kuvvetleri&#39;nin ikmal ve lojistik ihtiya\u00e7lar\u0131 i\u00e7in Magosa Liman\u0131&#39;n\u0131 kullanmaktan mahrum b\u0131rak\u0131lmas\u0131, Rumlar\u0131n T\u00fcrkiye&#39;nin Ada&#39;daki asker\u00ee varl\u0131\u011f\u0131 ve imk\u00e2nlar\u0131n\u0131n k\u0131s\u0131tlanmas\u0131 ama\u00e7lar\u0131na hizmet edecektir&quot; diye konu\u015fuyor. Sezer, BM denetiminin ger\u00e7ekle\u015fmesi halinde, gelecekte BM G\u00fcvenlik Konseyi&#39;nin alaca\u011f\u0131 kararlar \u00e7er\u00e7evesinde, Magosa Liman\u0131&#39;n\u0131n yabanc\u0131 sava\u015f gemileri ve u\u00e7aklar\u0131 taraf\u0131ndan kullan\u0131lmas\u0131 gibi geli\u015fmelerin g\u00fcndeme gelmesinin de s\u00fcrpriz say\u0131lmamas\u0131 gerekti\u011fini s\u00f6yl\u00fcyor.  <\/p>\n<p> \u00a0 Sema Sezer, Ek Protokol&#39;\u00fcn uygulanmas\u0131 ve limanlar\u0131n a\u00e7\u0131lmas\u0131n\u0131n, KKTC a\u00e7\u0131s\u0131ndan ekonominin giderek G\u00fcney&#39;e kaymas\u0131na da sebep olaca\u011f\u0131n\u0131n alt\u0131n\u0131 \u00e7iziyor. Sezer, protokol&#39;\u00fcn uygulanmas\u0131 halinde, T\u00fcrkiye ile KKTC aras\u0131nda g\u00fcmr\u00fck birli\u011fi olmamas\u0131 ve KKTC&#39;nin do\u011frudan ticaret imk\u00e2n\u0131na sahip olmamas\u0131 nedeniyle KKTC ile ticaret ve yat\u0131r\u0131m\u0131n rasyonel olmaktan \u00e7\u0131kaca\u011f\u0131n\u0131 belirtiyor. Sezer, bu durumda T\u00fcrkiye d\u0131\u015f\u0131nda di\u011fer \u00fclkelerle deniz ve hava ula\u015f\u0131m\u0131 olmayan KKTC&#39;nin, giderek Rum ekonomisine daha ba\u011f\u0131ml\u0131 olaca\u011f\u0131n\u0131 kaydederek, &quot;En k\u00f6t\u00fcs\u00fc de bir anlamda T\u00fcrkiye taraf\u0131ndan ambargo uygulan\u0131r hale gelecektir&quot; uyar\u0131s\u0131nda bulunuyor.  <\/p>\n<p> \u00a0 <strong>Rumlar Ceyhan&#39;dan pay almak istiyor<\/strong>  <\/p>\n<p> \u00a0 ASAM Uzman\u0131 Sema Sezer, limanlar\u0131n a\u00e7\u0131lmas\u0131 halinde Rum y\u00f6netiminin Ceyhan b\u00f6lgesinden d\u00fcnya pazarlar\u0131na da\u011f\u0131t\u0131lacak petrol\u00fcn ta\u015f\u0131nmas\u0131nda da en b\u00fcy\u00fck pay\u0131 alaca\u011f\u0131n\u0131 vurguluyor. Sezer, Rumlar\u0131n tanker ta\u015f\u0131mac\u0131l\u0131\u011f\u0131nda d\u00fcnya s\u0131ralamas\u0131nda 6. durumda oldu\u011funa dikkat \u00e7ekerek, T\u00fcrkiye&#39;nin Rum gemilerine k\u0131s\u0131tlamalar\u0131n\u0131 s\u00fcrd\u00fcrmesi halinde ise Rum denizcilik sekt\u00f6r\u00fc i\u00e7in \u00f6nemli bir darbe alaca\u011f\u0131n\u0131 ve g\u00fcmr\u00fck birli\u011finin sa\u011flayaca\u011f\u0131 avantajlar\u0131 kaybedebilece\u011fini belirtiyor.  <\/p>\n<p> [1] 14 Ocak 2007 \/ Serdar Akinan \/ Ak\u015fam\u00a0  <\/p>\n<p> [1] 23 Ocak 2007 \/\u00a0 Kulis Ankara \/ Milli Gazete  <\/p>\n","protected":false},"excerpt":{"rendered":"<p>\u00a0  <\/p>\n<p> \u0130srail istihbarat\u0131n\u0131n da K\u00fcrt liderlerle yak\u0131n \u00e7al\u0131\u015fma i\u00e7inde oldu\u011fu ve b\u00f6lgede k\u00f6k sald\u0131\u011f\u0131 s\u00f6yleniyor. Bu geli\u015fme, s\u00f6z\u00fcm ona K\u00fcrdistan&#39;\u0131n \u00fclkenin kalan\u0131ndaki \u0130srail operasyonlar\u0131 i\u00e7in kalk\u0131\u015f noktas\u0131 i\u015flevi g\u00f6rmesine y\u00f6nelik kayg\u0131lar\u0131 da art\u0131r\u0131yor.  <\/p>\n<p> \u00a0 Kerk\u00fck&#39;\u00fc ku\u015fatan s\u00f6yleme bakt\u0131\u011f\u0131m\u0131zda, sanki \u0130srail&#39;in sahneledi\u011fi bir oyunla kar\u015f\u0131 kar\u015f\u0131ya gibiyiz. Bug\u00fcn Kerk\u00fck&#39;e &#39;K\u00fcrtlerin Kud\u00fcs\u00fc&#39; deniyor&#8230;.  <\/p>\n","protected":false},"author":6,"featured_media":0,"comment_status":"open","ping_status":"closed","sticky":false,"template":"","format":"standard","meta":{"footnotes":""},"categories":[69],"tags":[],"class_list":["post-942","post","type-post","status-publish","format-standard","hentry","category-mayis-2007"],"_links":{"self":[{"href":"https:\/\/www.millicozum.com\/mc\/wp-json\/wp\/v2\/posts\/942","targetHints":{"allow":["GET"]}}],"collection":[{"href":"https:\/\/www.millicozum.com\/mc\/wp-json\/wp\/v2\/posts"}],"about":[{"href":"https:\/\/www.millicozum.com\/mc\/wp-json\/wp\/v2\/types\/post"}],"author":[{"embeddable":true,"href":"https:\/\/www.millicozum.com\/mc\/wp-json\/wp\/v2\/users\/6"}],"replies":[{"embeddable":true,"href":"https:\/\/www.millicozum.com\/mc\/wp-json\/wp\/v2\/comments?post=942"}],"version-history":[{"count":0,"href":"https:\/\/www.millicozum.com\/mc\/wp-json\/wp\/v2\/posts\/942\/revisions"}],"wp:attachment":[{"href":"https:\/\/www.millicozum.com\/mc\/wp-json\/wp\/v2\/media?parent=942"}],"wp:term":[{"taxonomy":"category","embeddable":true,"href":"https:\/\/www.millicozum.com\/mc\/wp-json\/wp\/v2\/categories?post=942"},{"taxonomy":"post_tag","embeddable":true,"href":"https:\/\/www.millicozum.com\/mc\/wp-json\/wp\/v2\/tags?post=942"}],"curies":[{"name":"wp","href":"https:\/\/api.w.org\/{rel}","templated":true}]}}