{"id":946,"date":"2007-05-03T04:47:16","date_gmt":"2007-05-03T04:47:16","guid":{"rendered":"https:\/\/www.millicozum.com\/mc\/2007\/05\/03\/ac-durumlar-ve-yorumlar\/"},"modified":"2007-05-03T04:47:16","modified_gmt":"2007-05-03T04:47:16","slug":"acil-durumlar-ve-yorumlar","status":"publish","type":"post","link":"https:\/\/www.millicozum.com\/mc\/2007\/mayis-2007\/acil-durumlar-ve-yorumlar\/","title":{"rendered":"AC\u0130L DURUMLAR VE YORUMLAR"},"content":{"rendered":"<p>\u00a0  <\/p>\n<p> <strong>Cumhurba\u015fkanl\u0131\u011f\u0131\u00a0 se\u00e7imi s\u00fcreci:<\/strong> <\/p>\n<p> <strong>\u00a0 1. Anla\u015f\u0131l\u0131yor ki bu makama Turgut \u00d6zal vari d\u0131\u015f\u0131 \u0131l\u0131ml\u0131 \u0130slamc\u0131 i\u00e7i Amerikanc\u0131 biris haz\u0131rlan\u0131yor.<\/strong> <\/p>\n<p> <strong>\u00a0 2.Fetullah\u00e7\u0131lar\u0131n ve AKP yanda\u015flar\u0131n\u0131n birlikte destekledi\u011fi \u00d6zal mevlitleri bunu g\u00f6steriyor.<\/strong> <\/p>\n<p> <strong>\u00a0 3.B\u00fclent Ar\u0131n\u00e7&#39;\u0131n son zamanlarda s\u0131k s\u0131k \u00d6zal&#39;\u0131 \u00f6vmesi ve \u00d6zall\u0131\u011fa heveslenmesi de \u00f6nemli ipu\u00e7lar\u0131 veriyor.<\/strong> <\/p>\n<p>  \u00a0  <\/p>\n<p> <strong>Cumhurba\u015fkanl\u0131\u011f\u0131\u00a0 se\u00e7imi s\u00fcreci:<\/strong> <\/p>\n<p> <strong>\u00a0 1. Anla\u015f\u0131l\u0131yor ki bu makama Turgut \u00d6zal vari d\u0131\u015f\u0131 \u0131l\u0131ml\u0131 \u0130slamc\u0131 i\u00e7i Amerikanc\u0131 biris haz\u0131rlan\u0131yor.<\/strong> <\/p>\n<p> <strong>\u00a0 2.Fetullah\u00e7\u0131lar\u0131n ve AKP yanda\u015flar\u0131n\u0131n birlikte destekledi\u011fi \u00d6zal mevlitleri bunu g\u00f6steriyor.<\/strong> <\/p>\n<p> <strong>\u00a0 3.B\u00fclent Ar\u0131n\u00e7&#39;\u0131n son zamanlarda s\u0131k s\u0131k \u00d6zal&#39;\u0131 \u00f6vmesi ve \u00d6zall\u0131\u011fa heveslenmesi de \u00f6nemli ipu\u00e7lar\u0131 veriyor.<\/strong> <\/p>\n<p> <strong>\u00a0 4.Recep T.Erdo\u011fan&#39;\u0131n &quot;s\u00fcrpriz bekleyin&quot; a\u00e7\u0131klamalar\u0131 da \u00f6nemli ipu\u00e7lar\u0131 veriyor.<\/strong> <\/p>\n<p> <strong>\u00a0 5.\u015eimdilik\u00a0 Nimet \u00c7ubuk\u00e7u Vecdi G\u00f6n\u00fcl gibilerle g\u00f6n\u00fcl e\u011fleniyor ve toplum oyalan\u0131yor.<\/strong> <\/p>\n<p> <strong>\u00a0 6.B\u00fclent Ar\u0131n\u00e7&#39;\u0131n h\u0131rsla ve \u0131srarla 367&#39;ye bakmam vurgulamas\u0131 da\u00a0 kendisinin haz\u0131rlad\u0131\u011f\u0131n\u0131 sezdiriyor.<\/strong> <\/p>\n<p> <strong>\u00a0 7.Bizim Milli \u00c7\u00f6z\u00fcm dergimizde i\u015fte bu y\u00fczden B\u00fclent Ar\u0131n\u00e7 \u00fczerine aylard\u0131r dikkat \u00e7ekiliyor.<\/strong> <\/p>\n<p> <strong>\u00a0 8.15 Nisan&#39;da d\u00fcnyan\u0131n en etkili Yahudi kurulu\u015fu AIPAC&#39;\u0131n \u0130stanbul&#39;da gizlice toplanmas\u0131 bize kim Cumhurba\u015fkan\u0131 olaca\u011f\u0131n\u0131 Amerikan Yahudi lobilerinin kararla\u015ft\u0131raca\u011f\u0131n\u0131 hat\u0131rlat\u0131yor. \u00dc\u00e7 ay kadar \u00f6nce 15 Ocak&#39;ta d\u0131\u015f ekonomiye i\u015fler kurulmu\u015f Amerika&#39;da bu AIPAC&#39;la yine \u00f6zel bir g\u00f6r\u00fc\u015fme yapm\u0131\u015flard\u0131.<\/strong> <\/p>\n<p> <strong>\u00a0 9.Recep Tayip beyin Cumhurba\u015fkan\u0131 olabilece\u011fi havas\u0131yla Toplum ve s\u00f6zde duyarl\u0131 odaklar ayarlanm\u0131\u015ft\u0131r.\u00c7\u00fcnk\u00fc ta ba\u015f\u0131ndan beri d\u0131\u015f g\u00fc\u00e7lerin as\u0131l adaylar\u0131 de\u015fifre edilip y\u0131prat\u0131lmam\u0131\u015ft\u0131r.<\/strong> <\/p>\n<p> <strong>\u00a0 10.Halbuki B\u00fclent Ar\u0131n\u00e7 gibi birisinin Cumhurba\u015fkan\u0131 olmas\u0131n\u0131 Recep Tayip beyden \u00e7ok daha tehlikeli buluyoruz. \u00c7\u00fcnk\u00fc Erdo\u011fan gibi kimli\u011fi \u00e7ifte ki\u015fili\u011fi ve gizli ili\u015fkileri ve zafiyetleri bilinen ve tepki g\u00f6sterilen bir \u015fahsiyet tahribat\u0131 topluma \u0131l\u0131ml\u0131 ve uyumlu olarak sunulacak yeni bir isimden azd\u0131r.<\/strong> <\/p>\n<p> <strong>\u00a0 11.As\u0131l a\u015f\u0131lmas\u0131 gereken soru T\u00fcrkiye&#39;mizin b\u00f6ylesi \u015fahsiyet ve h\u00fck\u00fcmetten de\u011fil hepsi d\u0131\u015f g\u00fcd\u00fcml\u00fc ama bazen sa\u011fl\u0131 bazen solcu bazen de \u0131l\u0131ml\u0131 \u0130slamc\u0131 g\u00f6r\u00fcnt\u00fcl\u00fc, bu mevcut Masonik zihniyetten kurtulmas\u0131d\u0131r.<\/strong> <\/p>\n<p> <strong>12.\u0130\u015fte bu noktada 367 konusu \u00e7ok hayati bir \u00f6nem kazan\u0131yor. <\/strong> <\/p>\n<p> <strong>\u00a0 &quot;Erbakan Hoca \u00d6zal&#39;\u0131n adayl\u0131\u011f\u0131 s\u0131ras\u0131nda 450 milletvekilli\u011finden olu\u015fan parlamentoda \u00fc\u00e7te iki \u00e7o\u011funluk olan &quot;300 milletvekiliyle Cumhurba\u015fkan\u0131 se\u00e7iminin yap\u0131laca\u011f\u0131 a\u00e7\u0131klayan isim oldu Erbakan Hoca \u00d6zal&#39;\u0131n aday oldu\u011fu se\u00e7imlerde bir ve ikinci turlar\u0131n\u0131n yap\u0131lmas\u0131n\u0131n ard\u0131ndan, \u00fc\u00e7\u00fcnc\u00fc tur \u00f6ncesinde bir bas\u0131n toplant\u0131s\u0131yla a\u00e7\u0131klad\u0131 Erbakan&#39;\u0131n a\u00e7\u0131klamalar\u0131 \u00d6zal&#39;\u0131n se\u00e7ilece\u011fi oturuma d\u00f6rt g\u00fcn kala, 27 Ekim 1989 tarihinde, Milli Gazetede man\u015fetten yay\u0131nland\u0131. Erbakan g\u00f6r\u00fc\u015f\u00fcn\u00fc 96 ve 102. maddelere dayand\u0131rd\u0131 her iki maddeyi de okuduktan sonra 96. maddede &quot;toplant\u0131 yeter ve karar say\u0131s\u0131 i\u00e7in Anayasa&#39;da ba\u015fkaca h\u00fck\u00fcm yoksa&quot; ifadesi bulundu\u011funu, 102. maddede ise Cumhurba\u015fkan\u0131 TBMM \u00fcye say\u0131s\u0131n\u0131n \u00fc\u00e7te iki \u00e7o\u011funlu\u011fuyla ve gizli oyla se\u00e7ilir&quot; h\u00fckm\u00fc bulundu\u011funu, bu h\u00fckm\u00fcn toplant\u0131 yeter ve karar say\u0131s\u0131n\u0131 a\u00e7\u0131k\u00e7a ortaya koydu\u011funu belirtti. 1989&#39;da Parlamento 450 milletvekilinden olu\u015ftu\u011fu i\u00e7in \u00fc\u00e7te iki \u00e7o\u011funlu\u011funun 300 oldu\u011funa vurgu yapan Erbakan 1 ve 2. turlara, 284 milletvekili kat\u0131ld\u0131\u011f\u0131n\u0131 belirtip, meclisteki partileri uyararak \u015f\u00f6yle konu\u015ftu: <\/strong> <\/p>\n<p> <strong>\u00a0 &quot;Anayasan\u0131n bu sarih(a\u00e7\u0131k) h\u00fck\u00fcmlerine ra\u011fmen halen yap\u0131lmakta olan Cumhurba\u015fkan\u0131 se\u00e7imleri, 1ve 2. turunda meclis \u00fcye say\u0131s\u0131n\u0131n \u00fc\u00e7te iki \u00e7o\u011funlu\u011fu olan 300 milletvekili ile de\u011fil, bundan daha az olan \u00fcye say\u0131s\u0131 ile toplanm\u0131\u015ft\u0131r.&quot; (284&#39;er)\u00a0 <\/strong> <\/p>\n<p> <strong>\u00a0 &quot;Yukar\u0131da a\u00e7\u0131klanan sebeplerden dolay\u0131 Cumhurba\u015fkan\u0131 se\u00e7imi i\u00e7in yap\u0131lan 1 ve 2. tur se\u00e7imler, hukuken ge\u00e7ersiz kabul edilmek durumundad\u0131r ve yap\u0131lmam\u0131\u015f say\u0131lmalar\u0131 gerekir.Bundan dolay\u0131 31 Ekim meclis 3. tur i\u00e7in de\u011fil, ger\u00e7ekte Anayasa&#39;ya g\u00f6re hukuken, 1. tur i\u00e7in toplanacakt\u0131r.&quot;<\/strong> <\/p>\n<p> <strong>\u00a0 &quot;Erbakan a\u00e7\u0131klamalar\u0131 \u00e7er\u00e7evesinde 3. tur oylama \u00f6ncesi \u00fclke hukuk\u00e7ular\u0131n\u0131n ilk iki turu ge\u00e7erli olup olmad\u0131\u011f\u0131 konusunu tart\u0131\u015f\u0131p karar vermeleri \u00e7a\u011fr\u0131s\u0131nda bulundu b\u00f6yle yap\u0131lmad\u0131\u011f\u0131 takdirde se\u00e7imlerinin Anayasa Mahkemesi taraf\u0131ndan iptal edilece\u011fini savundu.&quot;<\/strong> <\/p>\n<p> <strong>\u00a0 &quot;Hukuk\u00e7ulara taraf\u0131ndan Cumhurba\u015fkan\u0131 se\u00e7iminin 1ve 2. turlar\u0131n\u0131n ge\u00e7ersiz oldu\u011fu ortaya konulmas\u0131na ra\u011fmen, \u00d6zal &quot;Dedi\u011fim dedik&quot; diyerek hukuksuz bir \u015fekilde 3. tur ad\u0131 alt\u0131nda yeni bir tur yaparak \u00c7ankaya&#39;ya oturmaya kalkarsa ne olur? Bu takdirde Cumhurba\u015fkan\u0131 se\u00e7imin Anayasaya ayk\u0131r\u0131 oldu\u011fu, Anayasa Mahkemesi&#39;nce tespit edilir ve Cumhurba\u015fkanl\u0131\u011f\u0131 hukuken iptal olur. (ANKA Ajans)&quot;<\/strong> <\/p>\n<p> \u00a0 13.Bu nedenle Anap ve Do\u011fruyol&#39;un tavr\u0131 \u00dclkemizin gelece\u011fi ve g\u00fcvenli\u011fi i\u00e7in tarihi bir \u00f6nem kazan\u0131yor. Ger\u00e7ekten milleti ve memleketi seviyorlarsa; E.Mumcu ve M.A\u011far&#39;\u0131n 367&#39;yi bulmas\u0131 i\u00e7in AKP&#39;ye dolgu ta\u015f\u0131 olmamalar\u0131 gerekiyor. <\/p>\n<p> <strong>\u00a0 MALATYA C\u0130NAYET\u0130<\/strong> <\/p>\n<p> <strong>1-\u00a0\u00a0\u00a0\u00a0\u00a0\u00a0\u00a0\u00a0\u00a0\u00a0 Bu \u00fcz\u00fcc\u00fc ve \u00fcrk\u00fct\u00fcc\u00fc olay: Rahip Santoro ve Hrant Dink cinayetlerinin yeni bir versiyonudur. Asla dini ve Milli de\u011fil, siyasi ve Siyonist merkezlidir.<\/strong> <\/p>\n<p> <strong>2-\u00a0\u00a0\u00a0\u00a0\u00a0\u00a0\u00a0\u00a0\u00a0\u00a0 Fig\u00fcran tetik\u00e7ilerden ziyade, senarist ve rejis\u00f6r odaklar\u0131 ve \u015feytani ama\u00e7lar\u0131n\u0131 tart\u0131\u015fmak gerekir.<\/strong> <\/p>\n<p> <strong>3-\u00a0\u00a0\u00a0\u00a0\u00a0\u00a0\u00a0\u00a0\u00a0\u00a0 CIA, MOSSAD, S\u00fcper Nato, Kontr Gerilla yeniden devrededir.<\/strong> <\/p>\n<p> <strong>4-\u00a0\u00a0\u00a0\u00a0\u00a0\u00a0\u00a0\u00a0\u00a0\u00a0 Sezilen ama\u00e7lar:<\/strong> <\/p>\n<p> <strong>a)\u00a0\u00a0\u00a0\u00a0\u00a0\u00a0\u00a0\u00a0\u00a0\u00a0 \u00dclkemizdeki misyonerleri mazlum ve ma\u011fdur konumuna d\u00fc\u015f\u00fcr\u00fcp bu t\u00fcr sinsi faaliyetlere daha geni\u015f ve devlet destekli imkanlar elde etmek<\/strong> <\/p>\n<p> <strong>b)\u00a0\u00a0\u00a0\u00a0\u00a0\u00a0\u00a0\u00a0\u00a0\u00a0 Y\u00fcce \u0130slam Dimizi ve Atat\u00fcrk Milliyet\u00e7ili\u011fini; potansiyel tehlikeler ve t\u00f6rp\u00fclenmesi gereken d\u00fc\u015f\u00fcnceler gibi g\u00f6stermek ve \u0131l\u0131ml\u0131 yani emperyalizme uyumlu hale getirmek.<\/strong> <\/p>\n<p> <strong>c)\u00a0\u00a0\u00a0\u00a0\u00a0\u00a0\u00a0\u00a0\u00a0\u00a0 Bush&#39;un Ortado\u011fu&#39;ya ve \u0130slam D\u00fcnyas\u0131na y\u00f6nelik, &quot;Yeni Ha\u00e7l\u0131 Seferleri&quot;ni mazeret ve me\u015fruiyet kazand\u0131r\u0131p desteklemek<\/strong> <\/p>\n<p> <strong>d)\u00a0\u00a0\u00a0\u00a0\u00a0\u00a0\u00a0\u00a0\u00a0\u00a0 Emniyet ve B\u00fcrokrasiye \u00e7\u00f6reklenmi\u015f CIA organizeli fetullah\u00e7\u0131 hareketin &quot;Ho\u015fg\u00f6r\u00fc ve Diyalog&quot; dalaveresinin nedenli gerekli ve \u00f6nemli oldu\u011fu mesaj\u0131n\u0131 vermek<\/strong> <\/p>\n<p> <strong>5- Efendim Avrupa&#39;daki M\u00fcsl\u00fcmanlar da \u0130slam&#39;\u0131 tan\u0131tma faaliyetleri yap\u0131yor ve pek \u00e7ok H\u0131ristiyan rahatl\u0131kla M\u00fcsl\u00fcman oluyor ve kimse ses \u00e7\u0131karm\u0131yor!..<\/strong> <\/p>\n<p> <strong>\u0130ddialar\u0131yla bizdeki misyonerlik tahribatlar\u0131n\u0131 masum g\u00f6stermek, olduk\u00e7a yanl\u0131\u015ft\u0131r ve kas\u0131tl\u0131d\u0131r. \u00c7\u00fcnk\u00fc:<\/strong> <\/p>\n<p> <strong>1-\u00a0\u00a0\u00a0\u00a0\u00a0\u00a0\u00a0\u00a0\u00a0\u00a0 Avrupa&#39;daki veya Amerika&#39;daki islama \u00e7a\u011fr\u0131 gayretlerinin, o \u00fclkeleri par\u00e7alama ve halk\u0131 devletine kar\u015f\u0131 k\u0131\u015fk\u0131rtma ama\u00e7lar\u0131 yoktur, tespit edilmemi\u015ftir.<\/strong> <\/p>\n<p> <strong>2-\u00a0\u00a0\u00a0\u00a0\u00a0\u00a0\u00a0\u00a0\u00a0\u00a0 Avrupa veya Amerika&#39;da \u0130slam&#39;\u0131 tebli\u011f yapanlar\u0131n arkas\u0131nda bir devlet veya k\u00fcresel bir merkez yoktur. \u015eahsi, bir gayretten fazla sade bir dernek faaliyetidir. Ama misyonerlerin arkas\u0131nda b\u00fcy\u00fck devletlerin ve Vatikan gibi evrensel merkezlerin ve emperyalist hedef ve projelerin bulundu\u011fu bir ger\u00e7ektir.<\/strong> <\/p>\n<p> 3-Fetullah\u00e7\u0131l\u0131k hareketi veya Arabistan ve Pakistan merkezli baz\u0131 s\u00f6zde \u0130slami giri\u015fimler bile zaten malum g\u00fc\u00e7lerin g\u00fcd\u00fcm\u00fcndedir. <\/p>\n<p> \u00a0 4-Bu t\u00fcr suni g\u00fcndemlerle Cumhurba\u015fkanl\u0131\u011f\u0131 se\u00e7imi, Barzani&#39;nin k\u00fcstahca tehditleri, ve ABD&#39;nin \u0130ran sald\u0131r\u0131s\u0131 \u00f6ncesi; Halk\u0131m\u0131z\u0131n dikkatlerini ba\u015fka y\u00f6nlere \u00e7ekme niyetide sezilmektedir. <\/p>\n<p> \u00a0 5-\u00d6zetle, T\u00fcrkiye&#39;de H\u0131ristiyan yap\u0131lan gen\u00e7lerimiz &quot;Manevi huzura kavu\u015fsun, ahiretleri kurulsun, \u00fclkesine, Milletine yararl\u0131 insanlar olsun&quot; diye de\u011fil <\/p>\n<p> \u00a0 &#8226;Devletine ve Milletine d\u00fc\u015fman  <\/p>\n<p> \u00a0 &#8226;B\u00f6l\u00fcc\u00fcl\u00fck h\u0131yanetine haz\u0131r eleman <\/p>\n<p> \u00a0 &#8226;D\u0131\u015f g\u00fc\u00e7ler hesab\u0131na beyni y\u0131kanm\u0131\u015f ajan osun diye e\u011fitilmekte ve e\u011frilmektedir.\u00a0\u00a0\u00a0\u00a0\u00a0\u00a0\u00a0\u00a0\u00a0\u00a0\u00a0  <\/p>\n<p> <strong>TANDO\u011eAN M\u0130T\u0130NG\u0130<\/strong> <\/p>\n<p> <strong>\u00a0 A-Tebrikler ve tarihi tespitler:<\/strong> <\/p>\n<p> <strong>\u00a0 1-14 Nisan Tando\u011fan Mitingi:<\/strong> <\/p>\n<p> <strong>\u00a0 B\u00fct\u00fcn korkutmalara ve olumsuz kampanyalara ra\u011fmen de\u011fi\u015fik g\u00f6r\u00fc\u015f ve ge\u00e7mi\u015ften b\u00fct\u00fcn halk\u0131m\u0131z\u0131n; b\u00f6ylesine b\u00fcy\u00fck kat\u0131l\u0131mla, Milli duyarl\u0131l\u0131klar\u0131n\u0131 ortaya koymalar\u0131 ve tarihi sorumluluklar\u0131na sahip \u00e7\u0131kmalar\u0131, elbette umut ve onur verici bir geli\u015fmedir.<\/strong> <\/p>\n<p> <strong>\u00a0 2-Bu mitingin beklentilerin hatta provakelerin aksine, hi\u00e7bir ta\u015fk\u0131nl\u0131k, sald\u0131rganl\u0131k ya\u015fanmadan ger\u00e7ekle\u015fmesi milletimizin psikolojik ve demokratik olgunlu\u011funun y\u00fcksek seviyesini g\u00f6stermesi bak\u0131m\u0131ndan da kayda de\u011ferdir.<\/strong> <\/p>\n<p> <strong>\u00a0 3-Bizce en \u00f6nemlisi, bu miting:<\/strong> <\/p>\n<p> <strong>T\u00fcrkiye Cumhuriyetini, gizli bir Siyon Devleti yapma hevesindeki Lozan&#39;daki Hayim Nahom Yahudisinin, sabataist \u00e7etenin ve masonik biraderlerin de\u011fil, bu sinsi ve stratejik m\u00fccadeleyi Mustafa Kemal&#39;in ve M\u00fcsl\u00fcman T\u00fcrk Milletinin kazand\u0131\u011f\u0131n\u0131n tescilidir.<\/strong> <\/p>\n<p> <strong>\u00a0 Cumhuriyet Devrimini &quot;Bat\u0131l\u0131la\u015fma ve AB&#39;ye kat\u0131l\u0131p Ha\u00e7l\u0131lara eyalet olma&quot; hedefi olarak \u00e7arp\u0131tan sahte Atat\u00fcrk\u00e7\u00fclerin, utanmaz suratlar\u0131na \u00e7arp\u0131lan: <\/strong> <\/p>\n<p> <strong>\u00a0 &#8226;BOP&#39;un E\u015fba\u015fkan\u0131 Cumhurba\u015fkanl\u0131\u011f\u0131na gelemeyecektir.<\/strong> <\/p>\n<p> <strong>\u00a0 \u00d5Washington&#39;un, Br\u00fcksel&#39;in emrine girmek ba\u011f\u0131ms\u0131zl\u0131\u011f\u0131m\u0131z\u0131 devretmektir.<\/strong> <\/p>\n<p> <strong>\u00a0 &#8226;Il\u0131ml\u0131 \u0130slam emperyalizme hizmet\u00e7iliktir<\/strong> <\/p>\n<p> <strong>\u00a0 &#8226;Amac\u0131m\u0131z; Ne ABD ne AB.. Tam ba\u011f\u0131ms\u0131z T\u00fcrkiye&#39;dir.<\/strong> <\/p>\n<p> <strong>\u00a0 &#8226;Turuncu demokrasi, Soros&#39;cu b\u00fcrokrasi istemiyoruz.\u00a0 Darbe de\u011fil devrim gereklidir.<\/strong> <\/p>\n<p> <strong>\u00a0 &#8226;T\u00fcrkiye laiktir, laik kalacakt\u0131r. Din istismar\u0131na f\u0131rsat verilmeyecektir.<\/strong> <\/p>\n<p> <strong>\u00a0 Sloganlar\u0131 Milletimizin ve Milli G\u00fc\u00e7lerin ortak g\u00f6r\u00fc\u015f\u00fc ve k\u0131rm\u0131z\u0131 \u00e7izgileridir.<\/strong> <\/p>\n<p> <strong>\u00a0 4-Bu ger\u00e7ekleri, hain odaklar ve kiral\u0131k medya ve yazarlar da fark etmi\u015fler ki, bu soylu dirili\u015f ve direni\u015f mitingine ilgisiz davranm\u0131\u015f, k\u00f6r, sa\u011f\u0131r ve dilsiz olmay\u0131 tercih etmi\u015flerdir.<\/strong> <\/p>\n<p> <strong>\u00a0 Milli \u00c7\u00f6z\u00fcm ekibi arkada\u015flar\u0131m\u0131z daha bir g\u00fcn \u00f6ncesinden Ankara&#39;dayd\u0131. G\u00f6zlemlerimiz: Papa&#39;n\u0131n k\u00f6t\u00fc niyetli ziyaretine ve Bat\u0131l\u0131 gavurlar\u0131n Hz. Peygamberimize hakaretine kar\u015f\u0131 yap\u0131lan milyonluk \u00c7a\u011flayan Mitingleriyle Tarihi Tando\u011fan Mitingi, ayn\u0131 \u015fuurlu hedef ve heyecan\u0131 yans\u0131t\u0131r gibiydi. Y\u00fczler ve s\u00f6zler farl\u0131 g\u00f6r\u00fclse de, \u00f6zler ve \u00f6zlemler ayn\u0131d\u0131r ve birdir.<\/strong> <\/p>\n<p> 6-\u00dclkemiz ve gelece\u011fimizle ilgili, tehdit ve tehlikeler de \u00e7ok do\u011fru tespit edilmi\u015fti: <\/p>\n<p> \u00a0 &#8226;AB u\u015faklar\u0131 <\/p>\n<p> \u00a0 &#8226;ABD \u015fak\u015fak\u00e7\u0131lar\u0131 <\/p>\n<p> \u00a0 &#8226;Soros&#39;un kiral\u0131klar\u0131 <\/p>\n<p> \u00a0 &#8226;Karen Fog kuklalar\u0131 <\/p>\n<p> \u00a0 &#8226;Auro-Dolar vurguncular\u0131 <\/p>\n<p> \u00a0 &#8226;Paray\u0131 vatan\u0131ndan \u00e7ok seven f\u0131rsat\u00e7\u0131 i\u015fadamlar\u0131 <\/p>\n<p> \u00a0 &#8226;Soyguncu sermaye baronlar\u0131 <\/p>\n<p> \u00a0 &#8226;K\u00fcreselcilik mahkumlar\u0131 <\/p>\n<p> \u00a0 &#8226;B\u00f6l\u00fcc\u00fcl\u00fck piyonlar\u0131 <\/p>\n<p> \u00a0 &#8226;\u0130kinci Cumhuriyet\u00e7ilik sahtekarlar\u0131 <\/p>\n<p> \u00a0 &#8226;Din istismarc\u0131lar\u0131 ve Taliban hayranlar\u0131 <\/p>\n<p> <strong>\u00a0 K\u0131saca bu miting: Resmen laik ama aklen ve ahlaken M\u00fcsl\u00fcman kesimlerin; fiilen ve \u015feklen M\u00fcsl\u00fcman ama fikren Yahudi ve H\u0131ristiyan olan kimselere, bir edep dersidir.<\/strong> <\/p>\n<p> <strong>\u00a0 B- Tando\u011fan Mitingiyle ilgili tenkit ve temennilerimize gelince:<\/strong> <\/p>\n<p> <strong>\u00a0 1- Bu gerekli ve g\u00f6rkemli birliktelik, e\u011fer siyasi bir b\u00fct\u00fcnl\u00fck ve \u00fcst\u00fcnl\u00fc\u011fe \u00e7evrilmezse, kal\u0131c\u0131 ve ak\u0131lc\u0131 sonu\u00e7lara gidilemeyecektir. \u00c7\u00fcnk\u00fc hissi ve fevri hareketler, fikri ve fiili birlikteli\u011fe d\u00f6n\u00fc\u015ft\u00fcr\u00fclemezse, su \u00fcst\u00fcne yaz\u0131 h\u00fckm\u00fcndedir.<\/strong> <\/p>\n<p> <strong>\u00a0 Umar\u0131z: &quot;helal olsun hepsine, herkes eski partisine!&quot; yanl\u0131\u015f\u0131ndan vazge\u00e7ilecektir.<\/strong> <\/p>\n<p> <strong>\u00a0 2- Mitinge kat\u0131lanlar\u0131n %95 samimi, iyi niyetli, vatansever kimselerdi. Ancak k\u00fcrs\u00fcde ve vitrinde g\u00f6r\u00fcnen %5 kadar baz\u0131 istismarc\u0131 ve hedef sapt\u0131r\u0131c\u0131 ki\u015filerin, parsadan b\u00fcy\u00fck pay kapma cinliklerine f\u0131rsat verilmemeliydi.<\/strong> <\/p>\n<p> <strong>\u00a0 &#8226;Recep T. Erdo\u011fan&#39;\u0131n BOP E\u015fba\u015fkanl\u0131\u011f\u0131, ABD ve AB fig\u00fcranl\u0131\u011f\u0131, siyonizme ve emperyalizme hizmetkarl\u0131\u011f\u0131ndan ziyade &quot;han\u0131m\u0131n\u0131n t\u00fcrban takmas\u0131n\u0131, kendisinin \u0130mam Hatip okumas\u0131n\u0131&quot; \u00f6ne \u00e7\u0131kar\u0131p, bir nevi M\u00fcsl\u00fcman halk\u0131m\u0131z\u0131 bu g\u00fcd\u00fcml\u00fc iktidar\u0131n ve din istismarc\u0131lar\u0131n\u0131n tuza\u011f\u0131na iten yakla\u015f\u0131mlar gereksizdi ve k\u00f6t\u00fc niyetliydi.<\/strong> <\/p>\n<p> <strong>\u00a0 3- Recep T. Erdo\u011fan&#39;a: &quot;\u00c7ankaya&#39;ya \u00e7\u0131kma!&quot; uyar\u0131s\u0131 yerindedir ve etkili olaca\u011fa benzemektedir. Ama ordumuzu ve G.K. ba\u015fkan\u0131m\u0131z\u0131, Cumhurba\u015fkanl\u0131\u011f\u0131 s\u00fcrecine direk m\u00fcdahaleye davet edici s\u00f6ylemler yanl\u0131\u015ft\u0131 ve yersizdi. Zaten Sn. B\u00fcy\u00fckan\u0131t&#39;ta bu dolduru\u015fa gelmemi\u015f, bas\u0131n toplant\u0131s\u0131nda sadece: Anayasaya ve toplumun ihtiyac\u0131na uygun nas\u0131l bir Cumhurba\u015fkan\u0131 arzu edildi\u011fini dile getirmi\u015ftir.<\/strong> <\/p>\n<p> <strong>\u00a0 4- Ulusal Kanal&#39;da, Ufuk \u00d6tesi program\u0131nda bu mitingi de\u011ferlendiren Yeni \u00c7a\u011f yazar\u0131 Arslan Bulut ve yine R\u0131za Zelyut&#39;un hi\u00e7bir ilgisi ve gere\u011fi yokken, hala &quot;AKP ile Milli G\u00f6r\u00fc\u015f\u00fc ayn\u0131 g\u00f6sterme&quot; gayretleri de, hem \u00e7irkindi, hem de ayd\u0131n ve bilgi\u00e7 ge\u00e7inirken, toplumun bile \u00e7ok gerisine d\u00fc\u015fmektir ve toplumu yanl\u0131\u015f y\u00f6nlendirmektir.<\/strong> <\/p>\n<p> [1] Kastamonu Lahikas\u0131, s. 70; \u015eualar, s. 549 <\/p>\n<p> [1] Emirda\u011f Lahikas\u0131 Elyazma, s. 661 <\/p>\n<p> [1] Mektubat, s. 373 <\/p>\n<p> [1] \u015eualar, s. 748 <\/p>\n<p> [1] Gen\u00e7lik Rehberi, s. 240 <\/p>\n<p> [1] Kastamonu Lahikas\u0131, s. 70 <\/p>\n<p> [1] \u015eualar, s. 549 <\/p>\n<p> [1] \u015eualar, s. 549 <\/p>\n<p> [1] S\u00fcnen-i Ebu Davud, 5\/92 <\/p>\n<p> [1] \u015eualar, s. 365 <\/p>\n<p> [1] Emirda\u011f Lahikas\u0131, s. 247-250 <\/p>\n<p> [1] Muhakemat, s. 52 <\/p>\n<p> [1] M\u00fcnazarat, s.84; Tarih\u00e7e-i Hayat, s. 228; Bedi\u00fczzaman ve Talebelerinin Mahkeme M\u00fcdafalar\u0131, s.18 <\/p>\n<p> [1] Kastamonu Lahikas\u0131, s. 139 <\/p>\n<p> [1] S\u00f6zler, s. 343-344 <\/p>\n<p> [1] Mektubat, s. 56-57 <\/p>\n","protected":false},"excerpt":{"rendered":"<p>\u00a0  <\/p>\n<p> <strong>Cumhurba\u015fkanl\u0131\u011f\u0131\u00a0 se\u00e7imi s\u00fcreci:<\/strong> <\/p>\n<p> <strong>\u00a0 1. Anla\u015f\u0131l\u0131yor ki bu makama Turgut \u00d6zal vari d\u0131\u015f\u0131 \u0131l\u0131ml\u0131 \u0130slamc\u0131 i\u00e7i Amerikanc\u0131 biris haz\u0131rlan\u0131yor.<\/strong> <\/p>\n<p> <strong>\u00a0 2.Fetullah\u00e7\u0131lar\u0131n ve AKP yanda\u015flar\u0131n\u0131n birlikte destekledi\u011fi \u00d6zal mevlitleri bunu g\u00f6steriyor.<\/strong> <\/p>\n<p> <strong>\u00a0 3.B\u00fclent Ar\u0131n\u00e7&#39;\u0131n son zamanlarda s\u0131k s\u0131k \u00d6zal&#39;\u0131 \u00f6vmesi ve \u00d6zall\u0131\u011fa heveslenmesi de \u00f6nemli ipu\u00e7lar\u0131 veriyor.<\/strong> <\/p>\n","protected":false},"author":28,"featured_media":0,"comment_status":"open","ping_status":"closed","sticky":false,"template":"","format":"standard","meta":{"footnotes":""},"categories":[69],"tags":[],"class_list":["post-946","post","type-post","status-publish","format-standard","hentry","category-mayis-2007"],"_links":{"self":[{"href":"https:\/\/www.millicozum.com\/mc\/wp-json\/wp\/v2\/posts\/946","targetHints":{"allow":["GET"]}}],"collection":[{"href":"https:\/\/www.millicozum.com\/mc\/wp-json\/wp\/v2\/posts"}],"about":[{"href":"https:\/\/www.millicozum.com\/mc\/wp-json\/wp\/v2\/types\/post"}],"author":[{"embeddable":true,"href":"https:\/\/www.millicozum.com\/mc\/wp-json\/wp\/v2\/users\/28"}],"replies":[{"embeddable":true,"href":"https:\/\/www.millicozum.com\/mc\/wp-json\/wp\/v2\/comments?post=946"}],"version-history":[{"count":0,"href":"https:\/\/www.millicozum.com\/mc\/wp-json\/wp\/v2\/posts\/946\/revisions"}],"wp:attachment":[{"href":"https:\/\/www.millicozum.com\/mc\/wp-json\/wp\/v2\/media?parent=946"}],"wp:term":[{"taxonomy":"category","embeddable":true,"href":"https:\/\/www.millicozum.com\/mc\/wp-json\/wp\/v2\/categories?post=946"},{"taxonomy":"post_tag","embeddable":true,"href":"https:\/\/www.millicozum.com\/mc\/wp-json\/wp\/v2\/tags?post=946"}],"curies":[{"name":"wp","href":"https:\/\/api.w.org\/{rel}","templated":true}]}}