{"id":98,"date":"2006-11-21T14:40:37","date_gmt":"2006-11-21T14:40:37","guid":{"rendered":"https:\/\/www.millicozum.com\/mc\/2006\/11\/21\/klder-devlet-pl-geller\/"},"modified":"2006-11-21T14:40:37","modified_gmt":"2006-11-21T14:40:37","slug":"kirli-derin-devletin-pislik-gelirleri","status":"publish","type":"post","link":"https:\/\/www.millicozum.com\/mc\/2006\/agustos-2006\/kirli-derin-devletin-pislik-gelirleri\/","title":{"rendered":"K\u0130RL\u0130 DER\u0130N DEVLET\u0130N, P\u0130SL\u0130K GEL\u0130RLER\u0130"},"content":{"rendered":"<p>\u00a0  <\/p>\n<p> <strong><em>Derin Devlet&#39;in &quot;P\u0130SL\u0130K&quot; K\u0131sm\u0131n\u0131n Finans kayna\u011f\u0131?<\/em><\/strong>  <\/p>\n<p> <strong><em>Yer Ankara. S\u0131hhiye&#39;nin eski Etibank kar\u015f\u0131s\u0131. Devlet&#39;e &quot;12 Eyl\u00fcl ile ilgili bir kitap \u00e7\u0131kartaca\u011f\u0131m, b\u00fct\u00fcn T\u00fcrkiye kar\u0131\u015facak&quot; diyerek \u015fantaj yapan ve bunun sonucunda s\u00f6zde sa\u011fc\u0131 bir partinin ba\u015f\u0131na oturtulan M.K.A. iki korumas\u0131 ile birlikte bir avukatl\u0131k b\u00fcrosunun kap\u0131s\u0131ndan i\u00e7eri girer. Avukat sekreteri, bu tan\u0131d\u0131k simay\u0131 ayakta kar\u015f\u0131lar, ama efendi ona y\u00fcz bile vermez. Avukat, odas\u0131ndad\u0131r ve bir m\u00fcvekkili ile g\u00f6r\u00fc\u015fmektedir. Kap\u0131y\u0131 dahi \u00e7almadan i\u00e7eri dalarlar ve avukat\u0131 ile konu\u015fan m\u00fcvekkil d\u0131\u015far\u0131 \u00e7\u0131kmak zorunda kal\u0131r. M.K.A. s\u00f6ze girer: &quot;Karde\u015fim Can, bizim t\u00fcrk\u00fcc\u00fcy\u00fc, &quot;PKK&#39;ya yard\u0131m ve yatakl\u0131ktan&quot; dolay\u0131 neden dava ettin? \u00c7ocuk, emrimizde. \u015eu an da o\u011flu ile birlikte pa\u015fam\u0131n yan\u0131nda (E. Tu\u011fg. V.K. y\u0131 kastediyor). Pa\u015fama diyor ki; &#8216;emret evlad\u0131m\u0131 sana kurban edeyim. Ne isterseniz vereyim, yeter ki beni bu davadan \u00e7ekip \u00e7\u0131kart\u0131n&#39;. Yapma karda\u015f\u0131m, seninle bir hukukumuz var. Bu davay\u0131 geri \u00e7ek. \u00c7ocuk bize s\u00f6z verdi. Her ay 80 bin USD, yurtd\u0131\u015f\u0131ndaki okullar\u0131m\u0131z i\u00e7in yard\u0131m edecek.&quot; Sonunda Avukat Can, davas\u0131n\u0131 geri \u00e7eker. T\u00fcrk\u00fcc\u00fc de o g\u00fcnden beri ilk alt\u0131 ay 80 bin USD \u00f6dedikten sonra \u00f6deme miktar\u0131n\u0131 ayda 230 bin USD \u00e7\u0131kar\u0131r. <\/em><\/strong> <\/p>\n<p>  \u00a0  <\/p>\n<p> <strong><em>Yer \u0130stanbul. Sivil General \u00dczeyir GAR\u0130H, MOSSAD i\u00e7indeki \u015fahinlerden s\u0131k\u0131nt\u0131l\u0131d\u0131r. Korumal\u0131\u011f\u0131n\u0131 yapt\u0131klar\u0131 GAR\u0130H&#39;ten y\u0131ll\u0131k vergisini 4 kat; ayl\u0131k koruma bedelini 3 kat artt\u0131rmas\u0131n\u0131 istemektedirler. Bu \u015fartlar\u0131n alt\u0131ndan kalkamayaca\u011f\u0131n\u0131 d\u00fc\u015f\u00fcnen GAR\u0130H, yine yukar\u0131da belirtilen M.K.A.&#39;\u0131 arar ve k\u0131sa s\u00fcrede bulu\u015furlar. Durumu \u00f6zetleyen GAR\u0130H, eski \u00f6deme \u015fartlar\u0131 ile yani bedeli MOSSAD taraf\u0131ndan \u00fc\u00e7 kata \u00e7\u0131kar\u0131lmadan \u00f6nceki bedelle koruma ister. M.K.A.: &quot;Tamam, ancak ilk zamanlar masraflar\u0131 da ekstradan kar\u015f\u0131lars\u0131n\u0131z&quot; der. Anla\u015fma yap\u0131l\u0131r. Aradan k\u0131sa bir s\u00fcre ge\u00e7er ve GAR\u0130H, bu koruma sisteminin neredeyse MOSSAD&#39;\u0131n art\u0131rarak istedi\u011fi bedele yakla\u015ft\u0131\u011f\u0131n\u0131 hesaplar. M.K.A. ile konu\u015fur: &quot;Bu koruma bana, neredeyse bizimkilerin artt\u0131rd\u0131\u011f\u0131 bedele malolmaya ba\u015flad\u0131. B\u00f6yle konu\u015fmam\u0131\u015ft\u0131k, alt\u0131ndan kalkamaz oldum&#8230;&quot; M.K.A. yan\u0131tlar: &quot;Beyefendi, bu i\u015fi tek ba\u015f\u0131m\u0131za yapt\u0131\u011f\u0131m\u0131z\u0131 m\u0131 san\u0131yorsunuz. Sizden ald\u0131\u011f\u0131m\u0131z\u0131n \u00fc\u00e7te ikisini MOSSAD&#39;a \u00f6demezsek ne bize bu i\u015fi yapt\u0131r\u0131rlar, ne de sizi ya\u015fat\u0131rlar.&quot; GAR\u0130H, bu geli\u015fmelerden k\u0131sa bir s\u00fcre sonra ve &quot;ibretlik&quot; bir tarzda infaz edilir.<\/em><\/strong><strong> <\/strong> <\/p>\n<p> <strong>Derin Devlet&#39;in &quot;P\u0130SL\u0130K&quot; k\u0131sm\u0131n\u0131n finans\u0131 i\u00e7in kullan\u0131lan yollardan biri de \u015fans (!) ve bahis (!) oyunlar\u0131d\u0131r. T\u00fcrkiye&#39;de de bu t\u00fcr oyunlar\u0131n bilgisayar yaz\u0131l\u0131mlar\u0131 ve\/veya kaynak kullan\u0131m kodlar\u0131 CIA&#39;nin paravan \u015firketlerinin elindedir. Bu sayede, yap\u0131lan \u00e7ekili\u015flerde belli aral\u0131klarla CIA-MOSSAD uzant\u0131lar\u0131 ile NATO-Gladio \u00f6rg\u00fctleri ikramiye kazand\u0131r\u0131larak finanse edilir.<\/strong> Bu finansman\u0131n yap\u0131labilmesi i\u00e7in, bilgisayar \u00fczerinde yap\u0131lacak \u00e7al\u0131\u015fmalar\u0131n tamam\u0131na gerekli zaman, yakla\u015f\u0131k 20 dakikad\u0131r. Ama, bizimkiler bu s\u00fcreyi, kasalar kapand\u0131ktan sonra 90-120 dakikaya kadar ta\u015f\u0131maktad\u0131rlar. <strong>Derin Devlet&#39;in P\u0130SL\u0130K k\u0131sm\u0131 taraf\u0131ndan kullan\u0131lan bir ba\u015fka finans kanal\u0131 ise &#8216;organ ticareti&#39;dir.<\/strong> Bu konuda adeta uzman olan bu ekip, organlar\u0131 da \u0130srail&#39;e g\u00f6ndererek MOSSAD&#39;a y\u0131ll\u0131k vergilerini b\u00f6ylece \u00f6demektedirler. Nicedir, defalarca sordu\u011fumuz ancak, kimselerden cevap alamad\u0131\u011f\u0131m\u0131z MARMARA depremleri esnas\u0131nda ortadan kaybolanlar\u0131n ba\u015f\u0131na gelenler de bu kapsamdad\u0131r. Bu nedenledir ki, geli\u015fmekte olan \u00fclkeler i\u00e7inde olup da ger\u00e7ek n\u00fcfusunu bilmeyen (!) tek \u00fclke T\u00fcrkiye&#39;dir. Do\u011fal olarak Derin Devlet&#39;in P\u0130SL\u0130K k\u0131sm\u0131n\u0131n finans\u0131 i\u00e7in sadece bunlar kullan\u0131lmamaktad\u0131r. Bunlar\u0131n d\u0131\u015f\u0131nda da pek \u00e7ok yol vard\u0131r. Ancak, \u015fimdilik bu konular\u0131 bilmeniz \u00f6n\u00fcm\u00fczdeki g\u00fcnlerde meydana gelmesi muhtemel pek \u00e7ok &quot;gizemli&quot; (!) olay\u0131 \u00e7\u00f6zebilmeniz i\u00e7in yeterli olabilecektir.&quot;<a name=\"_ftnref1\" href=\"#_ftn1\" title=\"_ftnref1\">[1]<\/a>  <\/p>\n<p> \u015eu anda \u0130srail&#39;in kontrol\u00fcndeki organ mafyas\u0131n\u0131n, Irak&#39;ta g\u00f6z\u00fcne kestirdikleri gen\u00e7 ve din\u00e7 insanlar\u0131, su\u00e7suz yere katledip organlar\u0131n\u0131 pazarlad\u0131klar\u0131 bilinmektedir.  <\/p>\n<p> <strong>Ke\u015fmir- Van \/ Kud\u00fcs -Washington Ekseninde N\u00fckleer \u015eebekeler A\u011f\u0131?<\/strong>  <\/p>\n<p> Uzun zamand\u0131r; T\u00fcrkiye&#39;nin g\u00fcvenlik kurmaylar\u0131n\u0131n, &quot;\u0130ran daki gizli Yahudi \u015febekesi ile Anglo\/Sakson Siyonist Cephe&quot; aras\u0131nda bir kontroll\u00fc sava\u015f senaryosunun g\u00fcndemde olabilece\u011fini, olas\u0131l\u0131k matrikslerine dahil etmeleri gerekti\u011fini hat\u0131rlat\u0131yoruz.  <\/p>\n<p> <strong>&quot;Olas\u0131l\u0131k Matriksi&quot;<\/strong> tan\u0131m\u0131n\u0131 \u00f6zellikle vurgulamak gerekiyor. \u00c7\u00fcnk\u00fc bu yaz\u0131larda \u00f6ne s\u00fcr\u00fclen tezi;\u00a0 <strong>&quot;The Do\u011fru&quot;<\/strong> olarak de\u011fil; <strong>&quot;Olas\u0131 Do\u011fru&quot;<\/strong> olarak ortaya koyuyoruz ve bu &quot;Olas\u0131 Do\u011fru&quot;&#39;nun dikkate al\u0131nmas\u0131n\u0131n maliyetsiz; ama al\u0131nmamas\u0131n\u0131n \u00fclkemizin gelece\u011fi a\u00e7\u0131s\u0131ndan \u00e7ok maliyetli olaca\u011f\u0131n\u0131n bilincinde olarak bu yaz\u0131lar\u0131 kaleme al\u0131yoruz.  <\/p>\n<p> S\u00f6zkonusu dizinin son yaz\u0131s\u0131nda \u015f\u00f6yle bir c\u00fcmleyi dikkatinize sunmu\u015ftuk:  <\/p>\n<p> &quot;<strong>A\u015f\u0131r\u0131 dindar (Ortodoks) \u0130srailli; n\u00fckleer silah yap\u0131m\u0131nda kullan\u0131labilecek malzemeleri; ABD&#39;deki bir T\u00fcrk\u00fcn firmas\u0131 arac\u0131l\u0131\u011f\u0131 ile Pakistan \u00fczerinden \u0130ran&#39;a sat\u0131yor. Hakk\u0131nda tutuklama karar\u0131 \u00e7\u0131kar\u0131lmas\u0131na ra\u011fmen; k\u0131\u015f tatili i\u00e7in gitti\u011fi Denver&#39;da tutuklanan \u0130srailli; daha sonra yerel bir haham\u0131n g\u00f6zetiminde kalmak \u015fart\u0131 ile serbest b\u0131rak\u0131l\u0131yor.&quot; <\/strong> <\/p>\n<p> Siyonist bir \u0130srail&#39;li ile \u0130ran&#39;\u0131 n\u00fckleer silah ticareti piyasas\u0131nda; ABD \u00fczerinden bir araya getiren bu c\u00fcmlenin ayr\u0131nt\u0131lar\u0131na girelim.  <\/p>\n<p> Hat\u0131rlarsan\u0131z; bir ara Sibel Edmonds isimli ABD&#39;li bir T\u00fcrk Bayan; FBI&#39;\u0131n 11 Eyl\u00fcl sald\u0131r\u0131lar\u0131ndan \u00f6nceden haberdar oldu\u011funu a\u00e7\u0131klayarak ABD kamuoyunda dikkatleri \u00fczerine \u00e7ekmi\u015f ve daha sonras\u0131nda bir \u00e7ok soru\u015fturman\u0131n hedefi olmu\u015ftu.  <\/p>\n<p> Sibel Edmonds&#39;un bu \u00e7\u0131k\u0131\u015f\u0131 do\u011frultusunda verdi\u011fi onlarca beyan aras\u0131ndan bizim suland\u0131r\u0131lm\u0131\u015f bas\u0131n \u015fu c\u00fcmleyi man\u015fetlerine \u00e7ekmi\u015fti:  <\/p>\n<p> <strong>FBI&#39;da Sabataist-T\u00fcrk Ajan\u0131!<\/strong>  <\/p>\n<p> M\u0130T&#39;in; FBI&#39;a s\u0131zmas\u0131 ile ilgili haberleri hat\u0131rlars\u0131n\u0131z. \u0130\u015fin asl\u0131, FBI&#39;da g\u00f6revli ve sebataist k\u00f6kenli Sibel Edmonds&#39;\u0131n o g\u00fcnlerde yay\u0131nlanan deme\u00e7 f\u0131rt\u0131nas\u0131 i\u00e7erisinde bir husus \u00f6zellikle g\u00f6zlerden ka\u00e7\u0131r\u0131ld\u0131. Edmonds; FBI&#39;\u0131n 11 Eyl\u00fcl sald\u0131r\u0131lar\u0131n\u0131 \u00f6nceden bildi\u011finin yan\u0131s\u0131ra;  <\/p>\n<p> <strong>Azerbaycan, \u00dczbekistan, T\u00fcrkmenistan, Kazakistan, Tacikistan, Pakistan ve T\u00fcrkiye ekseninde faaliyet g\u00f6steren bir uyu\u015fturucu\/n\u00fckleer ticaret \u015febekesine dikkat \u00e7ekiyordu.<\/strong>  <\/p>\n<p> Pakistan-El-Kaide-Bush-Ladin Ailesi-FBI&#39;y\u0131 birbirine ba\u011flayan Edmonds&#39;\u0131n hikayesi daha sonra g\u00fcndemden d\u00fc\u015f\u00fcr\u00fcld\u00fc ve hem anlatt\u0131klar\u0131, hem de anlatacaklar\u0131 ile ilgili yap\u0131lan soru\u015fturmalar bizzat ABD Adalet Bakan\u0131 taraf\u0131ndan &quot;devlet s\u0131rr\u0131&quot; ilan edilerek, \u00fcst\u00fc \u00f6rt\u00fcld\u00fc. Edmonds&#39;\u0131n \u00fczerinde \u015fu an konu\u015fma yasa\u011f\u0131 mevcut ve bizim akl\u0131m\u0131zda sadece <strong>&quot;FBI&#39;da \u00c7al\u0131\u015fan T\u00fcrk Kad\u0131n&quot;, &quot;MIT; FBI&#39;a s\u0131zd\u0131&quot;<\/strong> gibi ba\u015fl\u0131klarla duruyor.  <\/p>\n<p> Edmonds&#39;un o ilk g\u00fcnk\u00fc deme\u00e7lerinde dikkat \u00e7ekti\u011fi n\u00fckleer\/uyu\u015ftucu ticaret \u015febekesine dair bir ayr\u0131nt\u0131 yine ayn\u0131 g\u00fcnlerde su y\u00fcz\u00fcne \u00e7\u0131kt\u0131 :  <\/p>\n<p> <strong>ABD&#39;nin suland\u0131r\u0131lmam\u0131\u015f medyas\u0131nda \u00e7\u0131kan ba\u015fl\u0131klardan biri \u015fuydu: <\/strong> <\/p>\n<p> ABD; \u0130srail&#39;liyi Pakistan&#39;a N\u00fckleer Tetik Mekanizmalar\u0131 Satmakla Su\u00e7luyor.  <\/p>\n<p> Tabi tahmin edersiniz ki; ge\u00e7en senenin ortas\u0131nda kamuoyuna s\u0131zan bu haber de \u00f6rtbas edildi.  <\/p>\n<p> Hikayenin merkezindeki isim: <strong>Asher Karni<\/strong>  <\/p>\n<p> 50 ya\u015f\u0131ndaki, G\u00fcney Afrika&#39;da ya\u015fayan bu \u0130srail vatanda\u015f\u0131n\u0131n i\u015fi pek de \u00f6yle insan\u0131n ki\u015fisel \u00f6zge\u00e7mi\u015fine yazabilece\u011fi cinsten de\u011fil: N\u00fckleer silah par\u00e7as\u0131 ticareti.  <\/p>\n<p> Asher Karni; siyonist bir Yahudi ve Denver&#39;a kayak tatili i\u00e7in gitti\u011finde, FBI taraf\u0131ndan tutuklanmas\u0131na ve daha sonra federal bir hapishaneden al\u0131n\u0131p, bir kasaban\u0131n k\u00fc\u00e7\u00fck hapishanesine koyulmas\u0131na ve sonrada o b\u00f6lgenin haham\u0131n\u0131n g\u00f6zetiminde serbest b\u0131rak\u0131lmas\u0131na sebep olan olaylar zinciri hayli ilgin\u00e7..  <\/p>\n<p> (Bu d\u00fcnyaya; n\u00fckleer silah ticareti yapan \u0130srail&#39;li olarak do\u011fmak varm\u0131\u015f dedirtecek kadar g\u00fczel bir yarg\u0131 silsilesi ile kar\u015f\u0131 kar\u015f\u0131yay\u0131z)  <\/p>\n<p> <strong>Asher Karni;<\/strong> Pakistan ordusu ile ba\u011flant\u0131s\u0131n\u0131 saklamayan, Pakistan&#39;l\u0131 m\u00fc\u015fterisi Humayun Khan&#39;\u0131n iste\u011fi \u00fczerine 200 tane <strong>&quot;y\u00fcksek gerilim k\u0131v\u0131lc\u0131m teti\u011fi&quot;<\/strong> (spark gap) sat\u0131n almak i\u00e7in harekete ge\u00e7iyor.  <\/p>\n<p> Bu cihazlar\u0131n \u00f6zelli\u011fi; hem hastanelerde b\u00f6brek ta\u015f\u0131 cihazlar\u0131nda kullan\u0131labilmeleri, hem de n\u00fckleer silahlarda patlamay\u0131 ger\u00e7ekle\u015ftiren tetik i\u015flevi g\u00f6rmeleri.  <\/p>\n<p> Karni&#39;nin bu i\u015f i\u00e7in temasa ge\u00e7ti\u011fi ABD&#39;li firma; s\u00f6zkonusu cihaz \u00fczerindeki ihracat s\u0131n\u0131rlamalar\u0131 nedeniyle belli belgeler isteyince; Karni bu sefer ABD&#39;de ya\u015fayan bir T\u00fcrk&#39;\u00fcn firmas\u0131 olan Giza Technologies ile ba\u011flant\u0131ya ge\u00e7iyor ve Karni i\u00e7in; yakla\u015f\u0131k 10 n\u00fckleer bomba yapmaya yetecek say\u0131daki teti\u011fi bu firma sat\u0131n al\u0131yor ve Karni&#39;nin G\u00fcney Afrika&#39;daki firmas\u0131na yolluyor.  <\/p>\n<p> Bizim siyonist \u0130srail&#39;li ise; G\u00fcney Afrika&#39;ya gelen bu mallar\u0131 \u00f6nce Dubai&#39;de bir serbest b\u00f6lgeye ihra\u00e7 ediyor ve oradan Pakistan&#39;daki m\u00fc\u015fterisinin verdi\u011fi adrese.  <\/p>\n<p> Pakistan&#39;\u0131n ba\u015fta \u0130ran olmak \u00fczere; Kore&#39;den \u00c7in&#39;e bir \u00e7ok merkeze n\u00fckleer teknoloji satmak konusundaki marifetini s\u00f6ylemeye gerek yok san\u0131r\u0131m.  <\/p>\n<table border=\"0\" cellspacing=\"0\" cellpadding=\"0\" width=\"100%\">\n<tbody>\n<tr>\n<td>\n<p> \t\t\t<strong><em>\u0130\u015fin ilginci; 15 y\u0131l \u0130srail ordusunda g\u00f6rev yap\u0131p Binba\u015f\u0131 olan; Musevili\u011fin \u015feriat\u0131 Talmud uzman\u0131; Musevi bir kurulu\u015fun iste\u011fi \u00fczerine ailesi ile birlikte G\u00fcney Afrika&#39;ya ta\u015f\u0131nacak kadar siyonist bir kafa yap\u0131s\u0131na sahip olan Karni&#39;nin; \u0130ran-Pakistan eksenindeki bu ticareti ger\u00e7ekle\u015ftirmesi. <\/em><\/strong> \t\t\t<\/p>\n<p> \t\t\t<strong><em>Karni&#39;nin ayn\u0131 zamanda; roket motorlar\u0131 ile ilgili par\u00e7a pe\u015finde olan Hindistan&#39;l\u0131 bir m\u00fc\u015fterisi oldu\u011funu da bilmek, resmimizi zenginle\u015ftirecektir. <\/em><\/strong> \t\t\t<\/p>\n<p> \t\t\t<strong><em>Bir haham g\u00f6zetiminde ve bile\u011finde bir elektronik takip cihaz\u0131 ile serbest b\u0131rak\u0131lan Karni&#39;nin; Pakistan&#39;daki m\u00fc\u015fterisi Humayun Khan&#39;\u0131n da ilgin\u00e7 bir \u00f6zge\u00e7mi\u015fi var. <\/em><\/strong> \t\t\t<\/p>\n<p> \t\t\t<strong><em>Babas\u0131 olan Akram Khan&#39;\u0131n, 1957 y\u0131l\u0131nda Nazi n\u00fckleer silah t\u00fcccar\u0131 ve \u015febeke i\u015fleticisi Alfred Hempel ile n\u00fckleer silah malzemesi ticareti yapt\u0131\u011f\u0131 mektuplarla kan\u0131tlanm\u0131\u015f durumda. 1989 y\u0131l\u0131nda \u00f6lene kadar n\u00fckleer silah teknolojisini yaymak i\u00e7in u\u011fra\u015fan Nazi Hempel; d\u00fcnyada bu \u015febekenin kurucu babalar\u0131ndan. <\/em><\/strong> \t\t\t<\/p>\n<p> \t\t\t<strong><em>Dolay\u0131s\u0131 ile \u00f6n\u00fcm\u00fczde; <\/em><\/strong> \t\t\t<\/p>\n<p> \t\t\t<strong><em>\u0130ran&#39;dan Kore&#39;ye uzanan bir \u00e7ok m\u00fc\u015fterisi olan Pakistan&#39;l\u0131 bir &quot;M\u00fcsl\u00fcman&quot;<\/em><\/strong>  \t\t\t<\/p>\n<p> \t\t\t<strong><em>ABD&#39;den ald\u0131\u011f\u0131 teknolojiyi Pakistan&#39;dan \u0130ran&#39;a bir \u00e7ok noktaya satan \u0130srail&#39;li bir &quot;Yahudi&quot;<\/em><\/strong>  \t\t\t<\/p>\n<p> \t\t\t<strong><em>\u0130hracat s\u0131n\u0131rlamalar\u0131n\u0131 a\u015fmak i\u00e7in \u015firketini paravan olarak kulland\u0131ran ABD&#39;li bir &quot;T\u00fcrk&quot;<\/em><\/strong>  \t\t\t<\/p>\n<p> \t\t\t<strong><em>ve tarihin karanl\u0131k sayfalar\u0131ndan \u00e7\u0131kagelen Alman bir &quot;Nazi&quot; var. <\/em><\/strong> \t\t\t<\/p>\n<p> \t\t\t<strong><em>Bu arada az kals\u0131n s\u00f6ylemeyi unutuyordum: <\/em><\/strong> \t\t\t<\/p>\n<p> \t\t\t<strong><em>Karni&#39;nin Pakistan&#39;daki m\u00fc\u015fterisi; s\u00f6zkonusu cihazlar\u0131n amac\u0131n\u0131n saklanmas\u0131 i\u00e7in, Pakistan&#39;a kimin ad\u0131na yollanmas\u0131n\u0131 istiyor biliyor musunuz?<\/em><\/strong>  \t\t\t<\/p>\n<p> \t\t\t&#160; \t\t\t<\/p>\n<p> \t\t\t&#160; \t\t\t<\/p>\n<\/td>\n<\/tr>\n<\/tbody>\n<\/table>\n<p> <em>\u00a0<\/em>\u00a0  <\/p>\n<p> <strong>A\u011fa Khan Vakf\u0131 \u00dcniversiteleri ve Hastaneleri!?<\/strong>  <\/p>\n<p> <strong>Evet; \u0130ran merkezli \u015eii&#39;li\u011fin ezoterik bir kolu olan Hasan Sabah&#39;\u0131n temsil etti\u011fi \u0130smaili tarikat\u0131n\u0131n g\u00fcn\u00fcm\u00fczdeki temsilcilerinden s\u00f6zediyoruz. <\/strong> <\/p>\n<p> S\u00fclalecek Oxford gibi okullarda okuyan, aristokrat Aga Khan s\u00fclalesinin iki merkezleri var: <strong>\u0130ngiltere ve Pakistan. <\/strong> <\/p>\n<p> <strong>&quot;Tanr\u0131sal Ruhbanlar\u0131n (\u0130mam &amp; Haham) Tarihsel \u0130\u015fbirli\u011fi&quot; <\/strong> <\/p>\n<p> ba\u015fl\u0131kl\u0131 yaz\u0131da;  <\/p>\n<p> Kud\u00fcs&#39;\u00fc korumakla ba\u015flad\u0131klar\u0131 g\u00f6revlerini, ezoterik bir tarikata d\u00f6n\u00fc\u015ferek d\u00fcnya \u00e7ap\u0131nda egemenlik hayalleri kurma yolunda geli\u015ftiren <strong>Tap\u0131nak \u015eovalyeleri<\/strong> ile; Alamut merkezli kurdu\u011fu tarikat\u0131n\u0131 geni\u015fleten <strong>Sabah&#39;\u0131n ezoterik \u00f6\u011fretisi<\/strong> aras\u0131ndaki tarihsel i\u015fbirli\u011fini g\u00f6zler \u00f6n\u00fcne sermi\u015ftik.  <\/p>\n<p> <strong>S\u00f6zkonusu \u0130smaili tarikat\u0131n\u0131n g\u00fcn\u00fcm\u00fczdeki uzant\u0131s\u0131; siyonist bir Yahudi&#39;nin, Pakistan&#39;a n\u00fckleer malzeme satt\u0131\u011f\u0131 \u015febeke \u00e7er\u00e7evesinde yine kar\u015f\u0131m\u0131za \u00e7\u0131k\u0131yor. <\/strong> <\/p>\n<p> Tabi bu \u015febekenin;  <\/p>\n<p> FBI&#39;dan \u00e7al\u0131\u015f\u0131rken, yapt\u0131\u011f\u0131 a\u00e7\u0131klamalar sonucu i\u015finden olan ve Adalet Bakanl\u0131\u011f\u0131&#39;n\u0131n a\u00e7\u0131klamalar\u0131na bizzat yasaklama getirdi\u011fi Sibel Edmonds&#39;\u0131n dikkat \u00e7ekti\u011fi Afganistan-T\u00fcrkiye ekseninde faaliyet g\u00f6steren uyu\u015fturucu\/n\u00fckleer \u015febeke ile paralellik g\u00f6stermesi fazlas\u0131 ile dikkat \u00e7ekici.  <\/p>\n<p> Tarihin tekerr\u00fcr edip etmedi\u011finden emin olmak bize bir \u015fey kaybettirmez.  <\/p>\n<p> Ama emin olmamak; bize \u00e7ok \u015fey kaybettirebilir.  <\/p>\n<p> Millet ad\u0131na bu senaryonun do\u011fru olma olas\u0131l\u0131\u011f\u0131n\u0131 ara\u015ft\u0131racak olanlar\u0131n dikkat etmesi gereken bir ka\u00e7 soru daha var:  <\/p>\n<p> <strong>1) T\u00fcrkiye&#39;de hangi a\u015firetvari yap\u0131lar uyu\u015fturucu\/n\u00fckleer ka\u00e7ak\u00e7\u0131l\u0131k i\u015finde; Afganistan-\u0130ran-T\u00fcrkiye ekseninde faaliyet g\u00f6steriyor?<\/strong>  <\/p>\n<p> <strong>2) Polisten adam ka\u00e7\u0131rmakla g\u00fcndeme gelen ve T\u00fcrkiye Cumhuriyetine kafa tutan Bayram s\u00fclalesi ve Van&#39;daki \u015febekeleri; CIA taraf\u0131ndan \u0130ran-Azerbaycan ekseninde; \u00f6zellikle \u0130ran&#39;\u0131n kuzeyindeki Azeri b\u00f6lgede kullan\u0131l\u0131yor mu? Bu s\u00fclaleyi; s\u00f6zkonusu ba\u011flant\u0131lar\u0131 m\u0131 bu kadar dokunulmaz k\u0131l\u0131yor?<\/strong>  <\/p>\n<p> <strong>3) Pakistan&#39;la Hindistan aras\u0131ndaki tart\u0131\u015fmal\u0131 b\u00f6lge Ke\u015fmir; d\u00fcnya uyu\u015ftucu\/silah ticareti a\u00e7\u0131s\u0131ndan nas\u0131l bir a\u011f\u0131rl\u0131\u011fa sahip? A\u011fa Khan s\u00fclalesinin bu b\u00f6lgenin y\u00f6netiminde rol\u00fc ne oluyor?<\/strong>  <\/p>\n<p> <strong>4) Biraz ar\u015fivlerde kaybolman\u0131za neden olabilir ama eliniz de\u011fmi\u015fken \u015fu sorunun da cevab\u0131n\u0131 bir ara\u015ft\u0131r\u0131rsan\u0131z hayli ayd\u0131nlat\u0131c\u0131 olabilir: \u0130ran Hizbullah&#39;\u0131n\u0131n kurulmas\u0131nda d\u00f6nme hahamlar nas\u0131l bir rol oynuyorlar? HAMAS&#39;\u0131n \u0130srail&#39;in denetiminde, ilk ofisini \u0130srail&#39;de a\u00e7t\u0131\u011f\u0131n\u0131 (ama sonradan Siyonist g\u00fcd\u00fcm\u00fcnden kurtar\u0131lmaya \u00e7al\u0131\u015f\u0131ld\u0131\u011f\u0131n\u0131 ve ba\u015far\u0131l\u0131 sonu\u00e7lar al\u0131nd\u0131\u011f\u0131n\u0131) biliyorsan\u0131z bu soru o kadar da sa\u00e7ma gelmeyecektir. <\/strong> <\/p>\n<table border=\"0\" cellspacing=\"0\" cellpadding=\"0\" width=\"100%\">\n<tbody>\n<tr>\n<td>\n<p> \t\t\t<strong><em>\u0130ran&#39;daki gizli yahudilerle-\u0130srail ekseninde olu\u015fabilecek perde arkas\u0131 i\u015fbirliklerine kar\u015f\u0131 uyan\u0131k kalmaya devam etmeliyiz. <\/em><\/strong> \t\t\t<\/p>\n<p> \t\t\t<strong><em>D\u00fcnya jeo-politi\u011fini; ABD&#39;nin resmi yay\u0131nlar\u0131ndaki ve resmi-yar\u0131 resmi \u015fahsiyetlerinin s\u00f6ylemlerine bak\u0131p; &quot;ABD \u015funu yapmak istiyor&quot; seviyesinde de\u011ferlendirmekten bir zarar gelmez; <\/em><\/strong> \t\t\t<\/p>\n<p> \t\t\t<strong><em>Fakat d\u00fcnyaya bak\u0131\u015f\u0131n\u0131z\u0131 sadece o seviyede tutup; <\/em><\/strong> \t\t\t<\/p>\n<p> \t\t\t<strong><em>S\u00f6zkonusu s\u00f6ylemlerin daha makro bir plan\u0131 perdelemeye hizmet etme olas\u0131l\u0131\u011f\u0131n\u0131 g\u00f6zard\u0131 etmek; <\/em><\/strong> \t\t\t<\/p>\n<p> \t\t\t<strong><em>ABD&#39;nin; i\u00e7inde farkl\u0131 \u00e7\u0131kar odaklar\u0131n\u0131n egemenlik sava\u015f\u0131 verdi\u011fi bir kabuk devlet oldu\u011funu unutmak; <\/em><\/strong> \t\t\t<\/p>\n<p> \t\t\t<strong><em>ve \u00fclkemizin gelecek projeksiyonlar\u0131n\u0131 tekd\u00fcze ve s\u0131\u011f bir stratejik anlay\u0131\u015f \u00fczerinden kurgulamak \u00e7ok b\u00fcy\u00fck zararlar verebilir. <\/em><\/strong> \t\t\t<\/p>\n<p> \t\t\t<strong><em>Bir y\u00f6nde endoktrine edilmi\u015f (\u015fartland\u0131r\u0131lm\u0131\u015f) beyinler; nihai tahlilde, doktrinasyona hakim olanlar\u0131n makro planlar\u0131 \u00e7er\u00e7evesinde \u00e7\u00f6z\u00fcm setleri olu\u015fturabilir. (Fark\u0131nda bile olmadan hain g\u00fc\u00e7lerin hizmetcisi haline gelebilir.) <\/em><\/strong> \t\t\t<\/p>\n<p> \t\t\t<strong><em>Bu a\u00e7\u0131dan bak\u0131ld\u0131\u011f\u0131nda; &quot;anti-Amerikanc\u0131l\u0131k&quot; bile, ABD&#39;nin elinde \u00e7\u0131kar\u0131na kurgulayabilece\u011fi bir kar\u015f\u0131 dinamik haline d\u00f6n\u00fc\u015febilir. <\/em><\/strong> \t\t\t<\/p>\n<\/td>\n<\/tr>\n<\/tbody>\n<\/table>\n<p> <em>\u00a0<\/em>\u00a0  <\/p>\n<p> &#160; <\/p>\n<p> <strong>Zaman masay\u0131 devirip; <\/strong> <\/p>\n<p> <strong>Kendi kurallar\u0131m\u0131z\u0131 ve kendi oyunumuzu kurma zaman\u0131d\u0131r. <\/strong> <\/p>\n<p> <strong>Birilerinin kurdu\u011fu satran\u00e7 tahtas\u0131 ve kurallar\u0131 \u00fczerinden; <\/strong> <\/p>\n<p> <strong>ancak \u015fah-mat\u0131 nas\u0131l geciktirece\u011fimizin stratejisini kurgulayabiliriz. <\/strong> <\/p>\n<p> <strong>Bu ise vatanseverler i\u00e7in asla bir se\u00e7enek de\u011fildir. <a name=\"_ftnref2\" href=\"#_ftn2\" title=\"_ftnref2\"><strong>[2]<\/strong><\/a><\/strong>  <\/p>\n<p> &#160; <\/p>\n<p> &#160; <\/p>\n<p> &#160; <\/p>\n<p> &#160; <\/p>\n<p> &#160; <\/p>\n<p> &#160; <\/p>\n<p> &#160; <\/p>\n<p> \u00a0  <\/p>\n<hr \/>\n<p> <a name=\"_ftn1\" href=\"#_ftnref1\" title=\"_ftn1\">[1]<\/a> <a href=\"http:\/\/www.acikistihbarat.com\/\">http:\/\/www.acikistihbarat.com\/<\/a> \/ 06.05.2006 \/ H.H\u00fcseyin Memi\u015f  <\/p>\n<p> <a name=\"_ftn2\" href=\"#_ftnref2\" title=\"_ftn2\">[2]<\/a> Behi\u00e7 g\u00fcrcihan \/ http:\/\/www.acikistihbarat.com \/ 23.02.2005  <\/p>\n","protected":false},"excerpt":{"rendered":"<p>\u00a0  <\/p>\n<p> <strong><em>Derin Devlet&#39;in &quot;P\u0130SL\u0130K&quot; K\u0131sm\u0131n\u0131n Finans kayna\u011f\u0131?<\/em><\/strong>  <\/p>\n<p> <strong><em>Yer Ankara. S\u0131hhiye&#39;nin eski Etibank kar\u015f\u0131s\u0131. Devlet&#39;e &quot;12 Eyl\u00fcl ile ilgili bir kitap \u00e7\u0131kartaca\u011f\u0131m, b\u00fct\u00fcn T\u00fcrkiye kar\u0131\u015facak&quot; diyerek \u015fantaj yapan ve bunun sonucunda s\u00f6zde sa\u011fc\u0131 bir partinin ba\u015f\u0131na oturtulan M.K.A. iki korumas\u0131 ile birlikte bir avukatl\u0131k b\u00fcrosunun kap\u0131s\u0131ndan i\u00e7eri girer. Avukat sekreteri, bu tan\u0131d\u0131k simay\u0131 ayakta kar\u015f\u0131lar, ama efendi ona y\u00fcz bile vermez. Avukat, odas\u0131ndad\u0131r ve bir m\u00fcvekkili ile g\u00f6r\u00fc\u015fmektedir. Kap\u0131y\u0131 dahi \u00e7almadan i\u00e7eri dalarlar ve avukat\u0131 ile konu\u015fan m\u00fcvekkil d\u0131\u015far\u0131 \u00e7\u0131kmak zorunda kal\u0131r. M.K.A. s\u00f6ze girer: &quot;Karde\u015fim Can, bizim t\u00fcrk\u00fcc\u00fcy\u00fc, &quot;PKK&#39;ya yard\u0131m ve yatakl\u0131ktan&quot; dolay\u0131 neden dava ettin? \u00c7ocuk, emrimizde. \u015eu an da o\u011flu ile birlikte pa\u015fam\u0131n yan\u0131nda (E. Tu\u011fg. V.K. y\u0131 kastediyor). Pa\u015fama diyor ki; &#8216;emret evlad\u0131m\u0131 sana kurban edeyim. Ne isterseniz vereyim, yeter ki beni bu davadan \u00e7ekip \u00e7\u0131kart\u0131n&#39;. Yapma karda\u015f\u0131m, seninle bir hukukumuz var. Bu davay\u0131 geri \u00e7ek. \u00c7ocuk bize s\u00f6z verdi. Her ay 80 bin USD, yurtd\u0131\u015f\u0131ndaki okullar\u0131m\u0131z i\u00e7in yard\u0131m edecek.&quot; Sonunda Avukat Can, davas\u0131n\u0131 geri \u00e7eker. T\u00fcrk\u00fcc\u00fc de o g\u00fcnden beri ilk alt\u0131 ay 80 bin USD \u00f6dedikten sonra \u00f6deme miktar\u0131n\u0131 ayda 230 bin USD \u00e7\u0131kar\u0131r. <\/em><\/strong> <\/p>\n","protected":false},"author":8,"featured_media":0,"comment_status":"open","ping_status":"closed","sticky":false,"template":"","format":"standard","meta":{"footnotes":""},"categories":[32],"tags":[],"class_list":["post-98","post","type-post","status-publish","format-standard","hentry","category-agustos-2006"],"_links":{"self":[{"href":"https:\/\/www.millicozum.com\/mc\/wp-json\/wp\/v2\/posts\/98","targetHints":{"allow":["GET"]}}],"collection":[{"href":"https:\/\/www.millicozum.com\/mc\/wp-json\/wp\/v2\/posts"}],"about":[{"href":"https:\/\/www.millicozum.com\/mc\/wp-json\/wp\/v2\/types\/post"}],"author":[{"embeddable":true,"href":"https:\/\/www.millicozum.com\/mc\/wp-json\/wp\/v2\/users\/8"}],"replies":[{"embeddable":true,"href":"https:\/\/www.millicozum.com\/mc\/wp-json\/wp\/v2\/comments?post=98"}],"version-history":[{"count":0,"href":"https:\/\/www.millicozum.com\/mc\/wp-json\/wp\/v2\/posts\/98\/revisions"}],"wp:attachment":[{"href":"https:\/\/www.millicozum.com\/mc\/wp-json\/wp\/v2\/media?parent=98"}],"wp:term":[{"taxonomy":"category","embeddable":true,"href":"https:\/\/www.millicozum.com\/mc\/wp-json\/wp\/v2\/categories?post=98"},{"taxonomy":"post_tag","embeddable":true,"href":"https:\/\/www.millicozum.com\/mc\/wp-json\/wp\/v2\/tags?post=98"}],"curies":[{"name":"wp","href":"https:\/\/api.w.org\/{rel}","templated":true}]}}