{"id":984,"date":"2007-06-05T03:16:49","date_gmt":"2007-06-05T03:16:49","guid":{"rendered":"https:\/\/www.millicozum.com\/mc\/2007\/06\/05\/e-devlet-projesktm-yoksa-klgerkler-mglend\/"},"modified":"2007-06-05T03:16:49","modified_gmt":"2007-06-05T03:16:49","slug":"e-devlet-projesi-coktu-mu-yoksa-kirli-gercekler-mi-gizlendi","status":"publish","type":"post","link":"https:\/\/www.millicozum.com\/mc\/2007\/haziran-2007\/e-devlet-projesi-coktu-mu-yoksa-kirli-gercekler-mi-gizlendi\/","title":{"rendered":"E-DEVLET PROJES\u0130 \u00c7\u00d6KT\u00dc M\u00dc? YOKSA K\u0130RL\u0130 GER\u00c7EKLER M\u0130 G\u0130ZLEND\u0130?"},"content":{"rendered":"<p>\u00a0  <\/p>\n<p> <strong>130 milyon kayd\u0131 bar\u0131nd\u0131ran ve yakla\u015f\u0131k 30 milyon dolara mal oldu\u011fu belirtilen en b\u00fcy\u00fck e-devlet projesi olan MERN\u0130S&#39;teki kay\u0131tlar\u0131n y\u00fczde 25&#39;ten fazlas\u0131n\u0131n hatal\u0131 yap\u0131ld\u0131\u011f\u0131 iddia edildi.<\/strong> <\/p>\n<p> <strong>\u00a0 Olaya, N\u00fcfus Genel M\u00fcd\u00fcrl\u00fc\u011f\u00fc&#39;ndeki merkezi sisteme online giri\u015f yapabilen 943 il\u00e7e n\u00fcfus m\u00fcd\u00fcrl\u00fcklerinin neden oldu\u011fu d\u00fc\u015f\u00fcn\u00fcl\u00fcyor. Sistemde, ayn\u0131 TC Kimlik numaras\u0131na sahip birden fazla ki\u015fi ve birden fazla TC Kimlik Numaras\u0131&#39;na sahip on binlerce ki\u015finin bulundu\u011fu belirlendi.<\/strong> <\/p>\n<p>  \u00a0  <\/p>\n<p> <strong>Olay, Mersin&#39;de meydana gelen sahtekarl\u0131k olay\u0131 ile ortaya \u00e7\u0131kt\u0131. Emniyet Genel M\u00fcd\u00fcrl\u00fc\u011f\u00fc kay\u0131tlar\u0131na da giren skandala konu olan ilde n\u00fcfus m\u00fcd\u00fcrl\u00fc\u011f\u00fcnde g\u00f6revli bir personelin, haz\u0131rlad\u0131\u011f\u0131 n\u00fcfus ka\u011f\u0131d\u0131na rahatl\u0131kla TC Kimlik Numaras\u0131 girebildi\u011fi ve bunu resmile\u015ftirebildi\u011fi fark edildi.<\/strong> <\/p>\n<p> <strong>\u00a0 Ya\u015fanan kimlik sahtecili\u011finin \u00fcst\u00fc bir anda kapat\u0131l\u0131rken, bir ki\u015finin kay\u0131tlar\u0131n\u0131n nas\u0131l bu kadar rahat d\u00fczenlenebildi\u011fi Emniyet Genel M\u00fcd\u00fcrl\u00fc\u011f\u00fc&#39;nce soruldu. S\u00f6zl\u00fc yap\u0131lan g\u00f6r\u00fc\u015fmede, bu kay\u0131tlar\u0131n merkezdeki bilgisayarla e\u015f zamanl\u0131 olarak g\u00fcncellenebildi\u011fini ifade eden N\u00fcfus Genel M\u00fcd\u00fcrl\u00fc\u011f\u00fc yetkilileri, &quot;k\u00f6t\u00fc niyetli memurlar\u0131n girdi\u011fi kay\u0131tlar, otomatik olarak t\u00fcm T\u00fcrkiye&#39;de g\u00fcncellenmi\u015f&quot; dediler. Ancak olay\u0131n b\u00fcy\u00fckl\u00fc\u011f\u00fc Sa\u011fl\u0131k Bakanl\u0131\u011f\u0131&#39;nda ya\u015fanan terfi ve atamalarda a\u00e7\u0131\u011fa \u00e7\u0131kt\u0131. Ge\u00e7ti\u011fimiz ay yap\u0131lan d\u00fczenlemede personelin verdi\u011fi TC Kimlik Numaralar\u0131 ile internet \u00fczerinden \u00e7\u0131kan kay\u0131tlar\u0131 kar\u015f\u0131la\u015ft\u0131ran bakanl\u0131k yetkililerince, hatalar\u0131 g\u00f6rerek N\u00fcfus Genel M\u00fcd\u00fcrl\u00fc\u011f\u00fc&#39;nden yard\u0131m istendi.<\/strong> <\/p>\n<p> <strong>N\u00fcfus Genel M\u00fcd\u00fcrl\u00fc\u011f\u00fc&#39;nde ya\u015fanan MERN\u0130S skandal\u0131n\u0131n en \u00f6nemli y\u00f6n\u00fc ise kay\u0131tlardan hangilerinin hatal\u0131 oldu\u011funun tam olarak belirlenememesiydi. Konuyla ilgili ba\u015fvurular\u0131n 2004 y\u0131l\u0131ndan itibaren h\u0131zla artmas\u0131 \u00fczerine harekete ge\u00e7en \u0130\u00e7i\u015fleri Bakanl\u0131\u011f\u0131 M\u00fclkiye M\u00fcfetti\u015fleri&#39;nin yapt\u0131\u011f\u0131 incelemede olay\u0131n boyutlar\u0131n\u0131n ne kadar b\u00fcy\u00fck oldu\u011funu g\u00f6stermekteydi. M\u00fcfetti\u015flerin 2004 Ekim&#39;inde haz\u0131rlad\u0131\u011f\u0131 raporda, yap\u0131lan incelemede ayn\u0131 TC kimlik numaras\u0131na sahip 77 bin 756 ki\u015fi oldu\u011fu ve bunlardan 58 bin 558 tanesinin halen ya\u015fad\u0131\u011f\u0131 tespit edildi. Ayn\u0131 TC kimlik numaras\u0131 alm\u0131\u015f ki\u015filerin yar\u0131s\u0131n\u0131n asl\u0131nda ayn\u0131 ki\u015filer oldu\u011funu ve bunlar\u0131n kad\u0131n oldu\u011funu belirleyen m\u00fcfetti\u015fler, &quot;bo\u015fanma ve vatanda\u015fl\u0131k i\u015flemleri s\u0131ras\u0131nda ortaya \u00e7\u0131kan kay\u0131tlar\u0131n i\u015flenmesinde hatalar yap\u0131lm\u0131\u015ft\u0131r&quot; denildi. Raporda, &quot;Program\u0131n TC Kimlik Numaras\u0131 \u00fczerinde g\u00fcncelleme yap\u0131labilmesine olanak sa\u011flamas\u0131n\u0131n en \u00f6nemli sorun oldu\u011fu g\u00f6r\u00fclm\u00fc\u015ft\u00fcr&quot; denildi.<\/strong> <\/p>\n<p> <strong>\u00a0 Toplam 130 milyonu a\u015fk\u0131n TC kimlik numaras\u0131 kay\u0131tlar\u0131ndaki hatalar\u0131 gidermek i\u00e7in \u00e7al\u0131\u015fmalara ba\u015flayan N\u00fcfus Genel M\u00fcd\u00fcrl\u00fc\u011f\u00fc, ilk olarak hatal\u0131 \u00e7\u0131kan kay\u0131tlar\u0131 il\u00e7elerden istedi. Bu kay\u0131tlar\u0131n 2005 y\u0131l\u0131nda d\u00fczeltilmesinin ard\u0131ndan, beklenenin aksine sistem kendi kendine ya\u015fanan her n\u00fcfus hareketinde hata \u00fcretmeye devam etti. Bug\u00fcn gelinen noktada hatal\u0131 TC Kimlik Numaras\u0131 oran\u0131n\u0131n y\u00fczde 25&#39;i a\u015ft\u0131\u011f\u0131 g\u00f6zlendi.<\/strong> <\/p>\n<p> <strong>\u00a0 T\u00fcm hatan\u0131n data hatlar\u0131n\u0131n zaman zaman kesintiye u\u011framas\u0131 ve 943 il\u00e7edeki bilgisayarlar\u0131n kay\u0131t g\u00fcncelleme yetkisiyle, merkez bilgisayar kay\u0131tlar\u0131nda hatalara neden olmas\u0131ndan kaynakland\u0131\u011f\u0131n\u0131 s\u00f6yleyen uzmanlar\u0131n \u00f6nerisini kabul eden bakanl\u0131k, olay\u0131n duyulmamas\u0131 i\u00e7in yap\u0131lacak i\u015fin bir &quot;geli\u015ftirme-i\u015fin devam\u0131&quot; gibi g\u00f6sterilmesine karar verdi. B\u00f6ylece 400 bin dolara mal olan MERN\u0130S&#39;in yaz\u0131l\u0131m\u0131n\u0131n d\u00fczeltilmesi i\u015fi, 6 y\u0131l sonra 8.5 milyon dolara ihalesiz \u015fekilde iki firmaya verildi. S\u0131r gibi saklanan \u015fartnamede firma yetkilileri, t\u00fcm i\u015flemlerin merkezden yap\u0131laca\u011f\u0131 bir sistem olu\u015fturaca\u011f\u0131n\u0131 kayda al\u0131rken, n\u00fcfus m\u00fcd\u00fcrl\u00fcklerindeki bilgisayarlar\u0131n g\u00fcncelleme yetkisini ald\u0131. <\/strong> <\/p>\n<p> <strong>\u00a0 \u00c7al\u0131\u015fmalar\u0131 3 ayd\u0131r devam eden yeni sistemin 2007&#39;de MERN\u0130S&#39;e entegrasyonunun sa\u011flanaca\u011f\u0131 \u00f6\u011frenilirken, bu i\u015flem yap\u0131l\u0131rken mecburen t\u00fcm T\u00fcrkiye&#39;deki n\u00fcfus i\u015flemlerinin de zaman zaman kesintiye u\u011frayaca\u011f\u0131n\u0131n alt\u0131 \u00e7izildi.<\/strong> <\/p>\n<p> <strong>\u00a0 \u0130\u00e7i\u015fleri Bakanl\u0131\u011f\u0131 ise, bu haber \u00fczerine yaz\u0131l\u0131 bir bas\u0131n a\u00e7\u0131klamas\u0131 yaparak MERN\u0130S&#39;in \u00e7\u00f6kt\u00fc\u011f\u00fcn\u00fc yalanlad\u0131. Yap\u0131lan a\u00e7\u0131klamada, 28 Ekim 2000&#39;den bug\u00fcne 64 milyon ki\u015finin, yani n\u00fcfusun y\u00fczde 90&#39;\u0131n\u0131n n\u00fcfus c\u00fczdan\u0131n\u0131n yenisiyle de\u011fi\u015ftirildi\u011fi belirtilerek, &quot;Bu durumda MERN\u0130S kapsam\u0131nda kay\u0131tlar\u0131n y\u00fczde 25&#39;inden fazlas\u0131n\u0131n hatal\u0131 oldu\u011fu iddias\u0131 tamamen hayal \u00fcr\u00fcn\u00fcd\u00fcr&quot; denildi. A\u00e7\u0131klamada, 2005 y\u0131l\u0131ndan itibaren OKS ve son \u00d6SS s\u0131navlar\u0131nda yakla\u015f\u0131k 3 milyon ki\u015fiyi ilgilendiren b\u00fct\u00fcn verilerin Kimlik Payla\u015f\u0131m \u00fczerinden al\u0131nd\u0131\u011f\u0131 ve kullan\u0131ld\u0131\u011f\u0131 ve hi\u00e7bir sorun da ya\u015fanmad\u0131\u011f\u0131 bildirildi.<\/strong> <\/p>\n<p> D\u00fcnya Bankas\u0131&#39;n\u0131n MERN\u0130S Projesi \u00d6zelle\u015ftirme ve Sosyal G\u00fcvenlik A\u011f\u0131 (P\u0130AL) kapsam\u0131nda a\u00e7t\u0131\u011f\u0131 5.5 milyon dolarl\u0131k kredinin, 3.5 milyon dolarl\u0131k k\u0131sm\u0131n\u0131n kullan\u0131m\u0131yla ba\u015flat\u0131lan projede, ka\u011f\u0131t \u00fczerinde bulunan 122 milyon 145 bin 860 n\u00fcfus hareketi elektronik ortama ta\u015f\u0131nm\u0131\u015f, ard\u0131ndan da 2000 y\u0131l\u0131n\u0131n sonunda, bu kay\u0131tlara TC Kimlik Numaras\u0131 verilmeye ba\u015flanm\u0131\u015ft\u0131. 1984 y\u0131l\u0131ndan g\u00fcn\u00fcm\u00fcze N\u00fcfus Vakf\u0131 ve devletin aktard\u0131\u011f\u0131 paralarla 30 milyon dolar\u0131n \u00fczerinde para yiyen sistemde, D\u00fcnya Bankas\u0131ndan al\u0131nan kredinin 1 milyon 100 bin dolar\u0131 alt yap\u0131, 400 bini ise MERN\u0130S&#39;i \u00e7al\u0131\u015ft\u0131ran yaz\u0131l\u0131m i\u00e7in kullan\u0131ld\u0131\u011f\u0131 ifade edildi.30 <\/p>\n<p> \u00a0 B\u00fct\u00fcn bu kafa kar\u0131\u015ft\u0131r\u0131c\u0131 geli\u015fmelerden sonra, \u015fu sorular g\u00fcndeme gelmekteydi: <\/p>\n<p> \u00a0 1-T\u00fcrkiye&#39;de siyaset ve i\u015f d\u00fcnyas\u0131nda, \u00f6nemli b\u00fcrokratik makamlarda ve medyada etkin ve yetkin ki\u015filerin ana baba, dede ve ninelerinin Ermeni, Rum ve Yahudi as\u0131ll\u0131 oldu\u011funun anla\u015f\u0131lma ihtimali mi, derin merkezleri tedirgin etmi\u015ftir? <\/p>\n<p> \u00a0 2-Kirli derin devlet taraf\u0131ndan gizli ama\u00e7lar i\u00e7in, iki veya daha fazla resmi kimlik verilen ki\u015filerin ortaya \u00e7\u0131kmas\u0131 m\u0131 ertelenmi\u015ftir? <\/p>\n<p> \u00a0 3-&quot;T\u00fcrk \u0131rk\u00e7\u0131l\u0131\u011f\u0131, K\u00fcrt ayr\u0131mc\u0131l\u0131\u011f\u0131, Il\u0131ml\u0131 ve kat\u0131 \u0130slamc\u0131l\u0131k&quot; yapan s\u00f6zde yazar-\u00e7izer ve kanaat \u00f6nderlerinin T\u00fcrk ve M\u00fcsl\u00fcman as\u0131ll\u0131 olmad\u0131klar\u0131 ger\u00e7e\u011fi mi gizlenmi\u015ftir? <\/p>\n<p> \u00a0 \u015eimdi, \u0130brahim Aksoy imzas\u0131yla bir internet sitesinde, Ermeni as\u0131ll\u0131 olduklar\u0131 ve baz\u0131 n\u00fcfus kay\u0131tlar\u0131 yay\u0131nlanan me\u015fhur ki\u015filerin;  <\/p>\n<p> \u00a0 a)En az\u0131ndan ana ve baba taraf\u0131ndan dedelerini ve dedelerinin babalar\u0131n\u0131n isimlerini  <\/p>\n<p> \u00a0 b)Bunlar\u0131n as\u0131l k\u00f6ken ve kimliklerini ve nereden nereye g\u00f6\u00e7 ettiklerini ortaya koymalar\u0131 <\/p>\n<p> \u00a0 c)\u015eayet bu iddialar do\u011fruysa, kendilerinin samimi bir M\u00fcsl\u00fcman olduklar\u0131n\u0131 ve ge\u00e7mi\u015fleriyle sorumlu tutulup k\u0131nanamayacaklar\u0131n\u0131 a\u00e7\u0131klamalar\u0131 <\/p>\n<p> \u00a0 d)B\u00f6ylece kendilerini t\u00f6hmet alt\u0131nda kalmaktan, toplumu da suizandan kurtarmalar\u0131, samimi ve medeni cesaretli bir davran\u0131\u015f olmaz m\u0131? <\/p>\n<p> \u00a0 Ermeni as\u0131ll\u0131 Me\u015fhurlar Kimlerdi? <\/p>\n<p> \u00a0 \u0130brahim Aksoy Nevkud-Net. A\u011fustos 2006. sitesinde \u00e7arp\u0131c\u0131 iddialar \u00f6ne s\u00fcrmekteydi <\/p>\n<p> \u00a0 T\u00fcrk \u0131rk\u00e7\u0131l\u0131\u011f\u0131n\u0131n, \u00f6nc\u00fcl\u00fc\u011f\u00fcn\u00fc yapanlar ger\u00e7ekten ne kadar T\u00fcrk&#39;t\u00fcr? T\u00fcrkiye&#39;de T\u00fcrk olanlar\u0131n, hi\u00e7 biri T\u00fcrk\u00e7\u00fcl\u00fck yapm\u0131yor. Zaten buna da ihtiya\u00e7lar\u0131 yoktur. Maalesef T\u00fcrk \u0131rk\u00e7\u0131l\u0131\u011f\u0131n\u0131 da, tarikat istismar\u0131n\u0131 da, Il\u0131ml\u0131 \u0130slamc\u0131l\u0131\u011f\u0131 da, yapanlar\u0131n \u00f6nc\u00fc tak\u0131m\u0131 ya sabataist Yahudiler, ya Ermeni d\u00f6nmeleridir.  <\/p>\n<p> \u00a0 &quot;Bazen de bunlar kendilerini kabul ettirebilmek i\u00e7in akl\u0131n ve mant\u0131\u011f\u0131n s\u0131n\u0131rlar\u0131n\u0131 bile zorluyorlar. Burada, bu s\u0131n\u0131rlar\u0131 a\u015fan baz\u0131 Ermenileri anlatmaya \u00e7al\u0131\u015faca\u011f\u0131m. <\/p>\n<p> \u00a0 S.G. Atat\u00fcrk&#39;\u00fcn manevi k\u0131z\u0131d\u0131r. Bu daha \u00f6nce de yaz\u0131ld\u0131. Atat\u00fcrk bu k\u0131z\u0131 bir yetimhaneden al\u0131p evlatl\u0131k edinmi\u015ftir. S.G. d\u00fcnyada ilk kad\u0131n sava\u015f pilotu olman\u0131n yan\u0131nda, yine d\u00fcnyada sava\u015fa kat\u0131lan ilk kad\u0131n pilot olma \u00f6zelli\u011fini de ta\u015f\u0131yor. \u00c7\u00fcnk\u00fc S.G.1938 Dersim harekat\u0131nda kulland\u0131\u011f\u0131 u\u00e7akla tonlarca bomba ya\u011fd\u0131rm\u0131\u015ft\u0131r.  <\/p>\n<p> \u00a0 H.\u00d6. \u00d6zal&#39;\u0131n annesi, Malatya&#39;n\u0131n Tecde k\u00f6y\u00fcnde \u00f6nceleri Ermeni papaz\u0131, daha sonra din de\u011fi\u015ftirip, hocal\u0131k yapan me\u015fhur Cinci Hocan\u0131n k\u0131z\u0131d\u0131r. H. han\u0131m b\u00fcy\u00fcy\u00fcnce, yine Ermeni k\u00f6kenli, \u00c7emi\u015fgezek g\u00f6\u00e7meni olan T. ve K. \u00d6zal&#39;\u0131n babas\u0131 ile evlendi.  <\/p>\n<p> \u00a0 O. A.; Kendisine asil bir soyad\u0131 da se\u00e7en O., Malatya&#39;n\u0131n Hekimhan il\u00e7esinin Zorban k\u00f6y\u00fcnde d\u00fcnyaya geldi. Ermenili\u011fi resmi kay\u0131tlarla tescillidir. Milli G\u00f6r\u00fc\u015f\u00e7\u00fc partilerde hep vitrindedir. <\/p>\n<p> \u00a0 D. B.; Aslen Siverek Ermenilerinden bir ailenin \u00e7ocu\u011fudur. Ailesi Siverek&#39;ten g\u00f6\u00e7\u00fcp, Bah\u00e7e il\u00e7esine yerle\u015fti. K\u00fc\u00e7\u00fck D. burada d\u00fcnyaya geldi. \u00d6zellikle \u00fcniversite y\u0131llar\u0131nda, T\u00fcrk \u0131rk\u00e7\u0131l\u0131\u011f\u0131n\u0131n \u00f6nc\u00fc ekibindendir. \u00a0 Atat\u00fcrk \u00dcniversitesi&#39;ndeki bu \u00e7abalar\u0131, onu daha sonra milliyet\u00e7i hareketin tepelerine getirmi\u015ftir. \u015eu anda T\u00fcrk\u00e7\u00fcl\u00fck hareketinin en \u00f6nemli \u015fahsiyetlerindendir. <\/p>\n<p> \u00a0 H. C. G.; ANAP&#39;ta bakanl\u0131k da yapan H.C.G. \u015fu anda yeni bir partinin lideridir. Aslen Antepli olan ermeni bir ailenin \u00e7ocu\u011fudur. Ailesi, Antep&#39;de kirli derin devletle ili\u015fkileri de\u015fifre olduktan sonra gelip Malatya&#39;ya yerle\u015fti. Malatya&#39;da trakt\u00f6r pazarlamac\u0131s\u0131 K.G.&#39;in o\u011flu olarak d\u00fcnyaya geldi.  <\/p>\n<p> \u00a0 M. A.; Annesi A\u011f\u0131nl\u0131 olan M.A Ermeni bir ailedendir. Elaz\u0131\u011f&#39;da d\u00fcnyaya geldi. Babas\u0131 K\u00fcrt Z. 68&#39;lilerin korkulu r\u00fcyas\u0131 olan toplum polis m\u00fcd\u00fcr\u00fcn\u00fcn ta kendisidir. K\u00fcrt lakab\u0131n\u0131 da Ermenili\u011fine \u00f6rt\u00fc olarak kulland\u0131\u011f\u0131 bilinir. Her yasad\u0131\u015f\u0131 olaya ad\u0131 kar\u0131\u015fan ba\u015far\u0131l\u0131 bir kirli derin devlet adam\u0131 ve gen\u00e7li\u011finden beri masonlar\u0131n yeminli bir hizmetk\u00e2r\u0131d\u0131r. Devletin her kademesindeki masonik torpilli g\u00f6revlerinin yan\u0131 s\u0131ra, ba\u015far\u0131l\u0131 bir sorgucu olarak da bilinen M.A., \u015fu anda Menderes ve Demirel&#39;in miras\u0131n\u0131 s\u00fcrd\u00fcrmektedir. <\/p>\n<p> \u00a0 \u00a0M. K.; T\u00fcrkiye de gericilikten ve d\u00f6neklikten bahis a\u00e7\u0131l\u0131nca ilk akla gelen isimlerin ba\u015f\u0131nda gelir. K. de derin devletin her kademesinde, b\u00fcy\u00fck hizmetleri olan, Ermeni as\u0131ll\u0131 birisidir. Milli G\u00f6r\u00fc\u015ften Belediye Ba\u015fkan\u0131 se\u00e7ilmi\u015f sonra ANAP&#39;a transfer edilmi\u015ftir. <\/p>\n<p> \u00a0 M. Y.; \u015eu s\u0131ralar siyasete yeniden ba\u015flamak i\u00e7in, salvo yapmaya ba\u015flayan M.Y., Rize&#39;nin Hem\u015fin Ermenilerindendir. M. Y., ba\u015fbakanl\u0131k da dahil, devletin her kademesinde \u00f6nemli g\u00f6revlerde bulunmu\u015f bir ki\u015fidir. Nene taraf\u0131n\u0131n Yahudi oldu\u011fu bilinir. <\/p>\n<p> \u00a0 M. K.; M. Y. ile ayn\u0131 k\u00f6ydendir. Hem\u015fin Ermenilerinden olan M.K., ailesi ile Y\u0131lmaz ailesi kavgal\u0131 olduklar\u0131 i\u00e7in, Karayal\u00e7\u0131n ailesi Samsun&#39;a g\u00f6\u00e7mek mecburiyetinde kald\u0131. K\u00fc\u00e7\u00fck M., Samsun&#39;da d\u00fcnyaya geldi. Karayal\u00e7\u0131n k\u00f6keni sayesinde Kent\u00a0 Koop Genel Ba\u015fkanl\u0131\u011f\u0131&#39;na atand\u0131\u011f\u0131 ve Ankara Belediye Ba\u015fkanl\u0131\u011f\u0131na haz\u0131rland\u0131\u011f\u0131 s\u00f6ylenir. \u015eu anda sosyalist partinin Genel Ba\u015fkanl\u0131k g\u00f6revini y\u00fcr\u00fctmektedir. <\/p>\n<p> \u00a0 M.K.&#39;nin en \u00f6nemli \u00f6zelli\u011fi, Ankara Siyasal Bilgiler&#39;de \u00f6\u011frenciyken Mehmet A\u011far, Mehmet Ke\u00e7eciler ve Hasan Celal G\u00fczel gibi baz\u0131 arkada\u015flar\u0131yla, Arapkirliler Grubu&#39;nu olu\u015fturarak Ulu\u00e7 G\u00fcrkan&#39;a kar\u015f\u0131 \u00f6\u011frenci birli\u011fi ba\u015fkanl\u0131\u011f\u0131na aday g\u00f6sterilmesidir. <\/p>\n<p> \u00a0 Asl\u0131nda bu gruptan olanlar\u0131n hi\u00e7biri Arapkirli de\u011fildir ama hepsi de Ermeni k\u00f6kenlidir. <\/p>\n<p> \u00a0 Ayr\u0131ca hepsi de \u00fclk\u00fcc\u00fc e\u011filimlidir. Se\u00e7imi kaybeden Karayal\u00e7\u0131n, CHP&#39;li Ulu\u00e7 G\u00fcrkan&#39;\u0131 tehdit etmeye ba\u015flad\u0131. O y\u0131llarda ayn\u0131 okulda \u00f6\u011frenci olan devrimci hareketin \u00f6nderlerinden Mahir \u00c7ayan&#39;dan z\u0131lg\u0131t\u0131 yiyince geri \u00e7ekilmi\u015ftir. Ne hikmetse sa\u011fc\u0131lar\u0131n da solcular\u0131nda \u0130stismarc\u0131 \u0130slamc\u0131lar\u0131n da eleba\u015flar\u0131, hep b\u00f6yle asl\u0131 kar\u0131\u015f\u0131k ve arkas\u0131 karanl\u0131k kimselerdir..  <\/p>\n<p> \u00a0 Mehmet Ali A\u011fca, Oral \u00c7elik ve Mehmet \u00d6zbay gibi \u00fclk\u00fcc\u00fc camiada da \u00e7ok say\u0131da Ermeni k\u00f6kenli var. Bunlar\u0131n hepsini teker teker saymaya gerek yok.  <\/p>\n<p> \u00a0 Ben burada sadece kamuoyunun da tan\u0131d\u0131\u011f\u0131 baz\u0131 Ermenilerin isimlerini verdim. T\u00fcrkiye&#39;de kimli\u011fini inkar ederek ya\u015fam\u0131n\u0131 s\u00fcrd\u00fcren 300 binden fazla Ermeni oldu\u011fu s\u00f6yleniyor. Bu \u00fcrk\u00fct\u00fcc\u00fc bir sonu\u00e7. Bu sonu\u00e7 T\u00fcrkiye&#39;de Ermeni olarak ya\u015faman\u0131n, ne kadar zor oldu\u011funun a\u00e7\u0131k delilidir. <\/p>\n<p> \u00a0 Kimli\u011fini inkar ederek ya\u015fam\u0131n\u0131 s\u00fcrd\u00fcrenlere hi\u00e7bir s\u00f6z\u00fcm\u00fcz yoktur. Onlar\u0131 anlay\u0131\u015fla kar\u015f\u0131l\u0131yoruz. Ancak Ermeni oldu\u011funu bile bile T\u00fcrk \u0131rk\u00e7\u0131l\u0131\u011f\u0131 veya T\u00fcrk- \u0130slam sentezinin savunuculu\u011funu yapanlar\u0131 anlamakta zorluk \u00e7ekiyoruz. Hele bunlar\u0131n T\u00fcrkiye&#39;deki gayrim\u00fcslimlere ve K\u00fcrtlere kar\u015f\u0131 d\u00fc\u015fmanca tav\u0131rlar\u0131 anla\u015f\u0131l\u0131r gibi de\u011fil. Olsa olsa, bu gayri M\u00fcslimleri ve M\u00fcsl\u00fcman T\u00fcrklerden ve T\u00fcrkiye&#39;den nefret ettirmeye ve onlar\u0131 k\u0131\u015fk\u0131rt\u0131p \u00fclkemizi b\u00f6lmeye y\u00f6nelik bir h\u0131yanettir.  <\/p>\n<p> \u00a0 Bir insan her zaman din de\u011fi\u015ftirebilir. Bu onun do\u011fal hakk\u0131d\u0131r. Ama bir insan hi\u00e7bir zaman ait oldu\u011fu \u0131rk\u0131n\u0131 de\u011fi\u015ftiremez. Bunlar\u0131n hangi ko\u015fullarda ve ne maksatla bu duruma geldikleri ilgin\u00e7 de\u011fil midir? <\/p>\n<p> \u00a0 Hz. Muhammed&#39;in bir hadisi \u015ferifi vard\u0131r. Diyor ki; &quot;\u00c7ocuk kimin yata\u011f\u0131nda d\u00fcnyaya gelmi\u015f ise, ona aittir.&quot; Bu hadise uygun olan, bir de atas\u00f6z\u00fc vard\u0131r:\u00a0 Asl\u0131n\u0131 inkar eden haramzadedir.&quot;31 <\/p>\n<p> <strong>Devletteki d\u00f6nme Ermeniler kim?\u00a0 <\/strong> <\/p>\n<p> <strong>\u00a0 Bug\u00fcn T\u00fcrkiye&#39;de 80 bin gizli Ermeni oldu\u011fu iddia ediliyor.. \u0130\u00e7lerinde devlette ve \u00f6zelde \u00f6nemli g\u00f6revlerde bulunanlar var. \u0130ddia bu! Prof. Hasan K\u00f6ni anlat\u0131yor. (iyibilgi \u00f6zel)\u00a0 <\/strong> <\/p>\n<p> <strong>\u00a0 H\u0131rant Dink cinayetiyle alevlenen Ermeni meselesi, \u00f6zellikle cenaze t\u00f6reninin prati\u011finden rahats\u0131z olan bir kesimi de ortaya \u00e7\u0131kard\u0131. Bu kesime g\u00f6re T\u00fcrkiye&#39;de ciddi bir &quot;kripto-gizli Ermeni&quot; meselesi bulunuyor. <\/strong> <\/p>\n<p> <strong>\u00a0 Buna g\u00f6re \u015fu an T\u00fcrkiye&#39;de (a\u00e7\u0131k olanlar d\u0131\u015f\u0131nda) 80 bin civar\u0131nda gizli Ermeni bulunuyor. Bu i\u015fin bir y\u00f6n\u00fc. Bir ba\u015fka y\u00f6n\u00fc ise bu gizli Ermenilerin bir k\u0131sm\u0131n\u0131n devletin kurumlar\u0131nda kritik, \u00f6zel sekt\u00f6r\u00fcn ve e\u011fitimin baz\u0131 kurumlar\u0131nda da \u00fcst d\u00fczeyde bulunmalar\u0131. <\/strong> <\/p>\n<p> <strong>\u00c7ok eski bir \u00f6yk\u00fc!.. <\/strong> <\/p>\n<p> <strong>\u00a0 1910&#39;lu y\u0131llarda tehcir uygulamas\u0131ndan etkilenmemek, evinden ve yurdundan olmamak i\u00e7in M\u00fcsl\u00fcman olan Ermeniler bulunuyor. Elbette kimlikleri bug\u00fcn bilinmiyor. Ancak rakam\u0131n 300 ile 400 bin aras\u0131nda oldu\u011fu tahmin ediliyor. <\/strong> <\/p>\n<p> <strong>\u00a0 Gizli Ermeniler i\u00e7inde T\u00fcrk-M\u00fcsl\u00fcman ailelere girmi\u015f, evlatl\u0131k edinilmi\u015f, evlenmi\u015f \u00e7ok ki\u015fi bulunuyor. Zamanla, g\u00fcn\u00fcm\u00fcze kadar gizli Ermenilerin bir k\u0131sm\u0131 asimile oluyor, bir k\u0131sm\u0131 da gizlili\u011fini koruyarak geliyor. <\/strong> <\/p>\n<p> <strong>\u00a0 Baz\u0131 bilim adam\u0131na g\u00f6re bu kripto Ermeniler i\u00e7inde &quot;devletin i\u00e7inde y\u00fcksek r\u00fctbeye gelmi\u015f Ermeni k\u00f6kenli d\u00f6nm\u00fc\u015f insanlar\u0131m\u0131z bulunuyor.&quot; Esasen bu tez T\u00fcrkiye&#39;de ya\u015fayan a\u00e7\u0131k Ermeniler taraf\u0131ndan da zaman zaman g\u00fcndeme getirilmi\u015f. <\/strong> <\/p>\n<p> <strong>\u00a0 Prof. K\u00f6ni: &#39;Devlette Ermeni k\u00f6kenli vatanda\u015f\u0131m\u0131z vard\u0131r&#39;<\/strong> <\/p>\n<p> <strong>\u00a0\u0130nk\u0131lap Tarihi Enstit\u00fcs\u00fc ba\u015fkanl\u0131\u011f\u0131 da yapm\u0131\u015f olan Prof. Dr. Hasan K\u00f6ni bu konuda \u015funlar\u0131 s\u00f6yl\u00fcyor; &quot;Tehcir d\u00f6nemi \u00f6ncesinde aileleri \u00f6lm\u00fc\u015f Ermeni \u00e7ocuklar T\u00fcrk ailelerin yan\u0131na veriliyor, bir k\u0131sm\u0131 M\u00fcsl\u00fcman oluyor, bir k\u0131sm\u0131 evlendiriliyor, bir k\u0131sm\u0131 tamamen asimile oluyor, n\u00fcfuslar\u0131 azal\u0131yor ama g\u00fcn\u00fcm\u00fczde tabi gizli Ermeniler var. Ve anlaml\u0131 bir rakamd\u0131r. Devlet i\u00e7inde \u00f6nemli g\u00f6revlere gelmi\u015f, Ermeni k\u00f6kenli d\u00f6nm\u00fc\u015f vatanda\u015flar\u0131m\u0131z da vard\u0131r.&quot;<\/strong> <\/p>\n<p> <strong>\u00a0 Ancak gizli Ermenilerin hele \u00f6zel veya resmi kurumlarda, e\u011fitim kurumlar\u0131nda \u00f6nemli g\u00f6revlere y\u00fckselmi\u015f d\u00f6nm\u00fc\u015f Ermenilerin kesin say\u0131s\u0131 bilinmiyor. Yine de Dink cinayetinin gizli Ermeni vatanda\u015flar\u0131m\u0131z a\u00e7\u0131s\u0131ndan bir d\u00f6n\u00fcm noktas\u0131 yarataca\u011f\u0131 inanc\u0131 bulunuyor. <\/strong> <\/p>\n<p> <strong>\u00a0 Bu inanc\u0131 dile getirenlerden birisi de bu hafta Aksiyon Dergisi&#39;nin bu konudaki sorular\u0131n\u0131 yan\u0131tlayan, \u0130n\u00f6n\u00fc \u00dcniversitesi Fen-Edebiyat Fak\u00fcltesi Tarih B\u00f6l\u00fcm\u00fc Ba\u015fkan\u0131 Prof. Dr. Salim C\u00f6hce.. &quot;T\u00fcrkiye&#39;deki gizli Ermenilerin ne yapaca\u011f\u0131 belli de\u011fil.. \u0130leride en etkili sonucu verecek olan, ge\u00e7mi\u015fte \u0130slam&#39;\u0131 tercih etmi\u015f Ermeniler \u00fczerinde yap\u0131lan \u00e7al\u0131\u015fmalar olacak&#8230;.. Kesin bir n\u00fcfus tahmini do\u011fru bir sonu\u00e7 vermeyebilir.. Fakat bu durumda olanlar\u0131n 80 ila 100 bin civar\u0131nda oldu\u011funu d\u00fc\u015f\u00fcn\u00fcyorum. Mesela Malatya&#39;da kendini gizleyen 3 bin 500 civar\u0131nda ailenin benzeri \u00f6zellik ta\u015f\u0131d\u0131\u011f\u0131 biliniyor ki, bu 10-12 bin Ermeni n\u00fcfusa tekab\u00fcl eder.&quot;<\/strong> <\/p>\n<p> Elbette gizli ya da a\u00e7\u0131k Ermeni as\u0131ll\u0131 T\u00fcrkiye vatanda\u015flar\u0131 \u00fczerinde yap\u0131lan bu tart\u0131\u015fmalar daha \u00e7ok s\u00fcrecek gibi.. Ancak H\u0131rant Dink&#39;in cenaze merasiminin bu konuyu yeniden \u0131s\u0131tt\u0131\u011f\u0131 da bir ger\u00e7ek. 32  <\/p>\n<p> \u00a0 Asl\u0131nda bizim hi\u00e7 kimsenin k\u00f6keniyle, kimli\u011fiyle u\u011fra\u015fmak gibi bir niyetimizin ve gayretimizin olmad\u0131\u011f\u0131n\u0131 tan\u0131yanlar bilir. \u00c7\u00fcnk\u00fc &quot;Ben M\u00fcsl\u00fcman\u0131m&quot; diyen ve aziz Milletimize mensubiyeti \u015ferefle dile getiren herkese h\u00fcrmet ve muhabbet beslemek, hem inanc\u0131m\u0131z\u0131n hem de insanl\u0131\u011f\u0131m\u0131z\u0131n gere\u011fidir. <\/p>\n<p> \u00a0 \u015eunu kesinlikle biliriz ki, hangi kavimden ve hangi \u00fclkede d\u00fcnyaya gelece\u011fimiz bizim elimizde de\u011fildir, bu Y\u00fcce Rabbimizin takdiridir. Ancak hangi dini, hangi d\u00fczeni, hangi d\u00fc\u015f\u00fcnce ve sistemi tercih ve tatbik edece\u011fimiz kendi irademiz ve imtihan vesilemizdir. Allah kat\u0131ndaki k\u0131ymetimizde, Hak Din olan \u0130slam&#39;a ve Resul\u00fcllah&#39;a ba\u011fl\u0131l\u0131\u011f\u0131m\u0131z nispetindedir. Tarihi ve t\u00f6resi \u015feref ve faziletlerle olu\u015fmu\u015f, \u00f6rnek ve y\u00fcksek medeniyetler kurmu\u015f ve hele kendi f\u0131trat\u0131na ve tabiat\u0131na uygun olan \u0130slam&#39;la tan\u0131\u015ft\u0131ktan sonra be\u015feriyet gemisinin kaptan koltu\u011funa oturmu\u015f asil T\u00fcrk Milletinin bir evlad\u0131 olarak d\u00fcnyaya gelmemizi tayin ve takdir eden Alllah&#39;a \u015f\u00fck\u00fcrler ediyoruz. Bu \u00fclkede kader birli\u011fi yapm\u0131\u015f ayn\u0131 inan\u00e7 ve k\u00fclt\u00fcr potas\u0131nda kayna\u015fm\u0131\u015f, Milli \u00fclk\u00fcler ve insani ilkeler etraf\u0131nda kucakla\u015fm\u0131\u015f olan herkesi karde\u015f say\u0131yoruz. Ancak bizim as\u0131l de\u011fer ve derecemizi, \u0131rk\u0131m\u0131z de\u011fil; inanc\u0131m\u0131z, ahlak\u0131m\u0131z, insanl\u0131\u011f\u0131m\u0131z, dinimize, devletimize, \u00fclkemize ve Milletimize kar\u015f\u0131 sayg\u0131 ve sorumluluklar\u0131m\u0131z belirleyecektir. <\/p>\n<p> \u00a0 Peki \u00f6yleyse bunlar\u0131 niye g\u00fcndeme getirdik?! <\/p>\n<p> \u00a0 M\u00fcsl\u00fcmanl\u0131\u011f\u0131 ya\u015famak ve savunmak yerine din istismarc\u0131l\u0131\u011f\u0131 yapan m\u00fcnaf\u0131klarla; makul ve makbul olan Atat\u00fcrk Milliyet\u00e7ili\u011fi yerine, T\u00fcrk \u0131rk\u00e7\u0131l\u0131\u011f\u0131 yapan baz\u0131 sahtekarlar\u0131n aslen T\u00fcrk ve M\u00fcsl\u00fcman olmad\u0131klar\u0131, yani hem \u0130slamc\u0131l\u0131\u011f\u0131 hem de Milliyet\u00e7ili\u011fi maalesef baz\u0131 k\u00f6k\u00fc karanl\u0131k kimselerin kendi tekeline ald\u0131klar\u0131, maalesef ac\u0131 bir ger\u00e7ektir. <\/p>\n<p> \u00a0 Y\u00fcce Dinimizi \u0131l\u0131mla\u015ft\u0131r\u0131p laytla\u015ft\u0131ranlar gibi, T\u00fcrk kimli\u011fimiz \u00fczerinden siyaset yapanlar da, kimyam\u0131z\u0131 bozmak ve la\u00e7kala\u015ft\u0131rmak pe\u015findedir. <\/p>\n<p> \u00a0 Haa, b\u00fct\u00fcn bunlara ra\u011fmen hala soylu ve O\u011fuz boylu bir T\u00fcrk m\u00fc ar\u0131yorsunuz?.. <\/p>\n<p> \u00a0 Mohiz Kohen Yahudisinin izinde \u0131rk\u00e7\u0131l\u0131k ve \u0130slamc\u0131l\u0131k yapan nice sahte kahramanlar, de\u011fil dedesini, babas\u0131n\u0131 ve hatta aile n\u00fcfus kay\u0131tlar\u0131ndaki kendi ilk ad\u0131n\u0131 bile a\u011f\u0131zlar\u0131na almazken, Sel\u00e7uklulara kadar yedi s\u00fclalesinin seceresini bildi\u011fimiz ve kitaplar\u0131m\u0131zda kaydetti\u011fimiz o asil ve aziz insan; Prof. Dr. Necmettin Erbakan Beyefendidir. <\/p>\n<p> \u00a0 \u00c7ocukluktan itibaren, hayat\u0131n\u0131n her d\u00f6neminde ve doktora s\u00fcrecinde Alman hocalar\u0131n\u0131 bile hayran b\u0131rakacak bir samimiyet ve titizlikle, inanc\u0131ndan ve \u0130slami ya\u015fant\u0131s\u0131ndan taviz vermeyen, mert bir m\u00fc&#39;min ve net bir M\u00fcsl\u00fcman m\u0131 soruyorsunuz? <\/p>\n<p> \u00a0 Siyonist ve emperyalist Bat\u0131n\u0131n bu y\u00fczden kendisine d\u00fc\u015fman oldu\u011fu bir insan m\u0131 tan\u0131mak istiyorsunuz? <\/p>\n<p> \u00a0 \u0130\u015fte bunun cevab\u0131n\u0131; T\u00fcrk ve \u0130slam d\u00fc\u015fman\u0131 Ha\u00e7l\u0131 gavurlar\u0131ndan, Siyonist Yahudi odaklar\u0131ndan ve Localar\u0131n\u0131 kapatt\u0131\u011f\u0131 i\u00e7in Atat\u00fcrk&#39;e k\u0131yan masonlardan \u00f6\u011frenmeniz gerekir. \u00c7\u00fcnk\u00fc en sa\u011flam delil; d\u00fcr\u00fcst gavurlar\u0131n \u015fehadeti ve hain d\u00fc\u015fmanlar\u0131n nefretidir. <\/p>\n<p> <strong>K\u00fcf\u00fcr: d\u00fcnyay\u0131 ve olaylar\u0131, Allah&#39;\u0131n ve vicdan\u0131n de\u011fil; nefsi hevas\u0131n\u0131n terazisiyle de\u011ferlendirmektir.<\/strong> <\/p>\n<p> <strong>\u0130nkarc\u0131 sald\u0131rganl\u0131k ve \u0131rk\u00e7\u0131 sap\u0131kl\u0131k; manevi bir kuduz mikrobu gibidir. K\u00fclt\u00fcr ve k\u00f6kenleri, renkleri ve dilleri \u00e7ok farkl\u0131 insanlarda, ama hep ayn\u0131 etkiyi ve belirtileri g\u00f6sterir.<\/strong> <\/p>\n<p> <strong>\u00a0 &quot;Japonya&#39;daki kuduz k\u00f6pekle Amerika&#39;daki kuduz k\u00f6pek birbirini tan\u0131maz, telefonla\u015fmaz fakat \u0131s\u0131r\u0131nca ayn\u0131 etkiyi g\u00f6sterir. Bin y\u0131l \u00f6ncesinin kuduz mikrobu ile bu g\u00fcn\u00fcn kuduz mikrobu ayn\u0131d\u0131r. K\u00e2firlik de aynen kuduz gibidir.\u00a0 <\/strong> <\/p>\n<p> <strong>\u00a0 Firavun da, Ebu Cehil de ve g\u00fcn\u00fcm\u00fcz k\u00e2firi de ayn\u0131 etkiyi g\u00f6sterir. Herkes g\u00f6revini yapar. Ate\u015f yak\u0131yor, akrep sokuyor diye k\u0131z\u0131lmaz. Biz, M\u00fcsl\u00fcman olarak i\u00e7inde bulundu\u011fumuz \u015fartlarda, sahip oldu\u011fumuz imk\u00e2nlar i\u00e7inde g\u00f6revimizi yapal\u0131m.<\/strong> <\/p>\n<p> <strong>\u00a0 Ate\u015fi kendi haline b\u0131rak\u0131rsan yedi mahalleyi veya yedi k\u0131tay\u0131 yakar; ancak kontrol alt\u0131nda tutarsan kalorifer kazan\u0131nda \u0131s\u0131ya d\u00f6n\u00fc\u015f\u00fcr. Bilmem ka\u00e7\u0131nc\u0131 &quot;Ha\u00e7l\u0131 seferlerini yap\u0131yoruz&quot; diyenler seni \u00fcmitsizli\u011fe d\u00fc\u015f\u00fcrmesin. B\u00fct\u00fcn d\u00fcnyadaki ordular, b\u00fct\u00fcn g\u00fc\u00e7leriyle bir araya gelseler Allah&#39;\u0131n yaratt\u0131\u011f\u0131 G\u00fcne\u015fin do\u011fmas\u0131n\u0131 engelleyemedikleri gibi, Allah&#39;\u0131n kel\u00e2m\u0131 Kur&#39;an&#39;\u0131 da O&#39;nun takdir plan\u0131n\u0131 da engelleyemezler.<\/strong> <\/p>\n<p> <strong>\u00a0 Rabbimiz ge\u00e7mi\u015f toplumlar\u0131n yapt\u0131\u011f\u0131 k\u00f6t\u00fc i\u015fleri ve kar\u015f\u0131s\u0131na dikilen Peygamberleri ve \u00fcmmetlerinin zaferini haber verdikten sonra: &quot;Onlar bir \u00fcmmetti, ge\u00e7ti gitti. Kazand\u0131klar\u0131 kendilerinedir. Sizin kazand\u0131klar\u0131n\u0131z da sizedir ve siz, onlar\u0131n yapt\u0131klar\u0131ndan sorumlu tutulmayacaks\u0131n\u0131z&quot; buyurur. (Bakara: 134)<\/strong> <\/p>\n<p> <strong>\u00a0 Mekke&#39;nin fethi g\u00fcn\u00fc b\u00fct\u00fcn k\u00e2firler, katiller, zorbalar, zalimler, vurguncular, soyguncular, elleri b\u00f6\u011fr\u00fcnde, boynu b\u00fck\u00fck olarak Sevgili Peygamberimizin kar\u015f\u0131s\u0131na dikildiklerinde Efendimiz onlara: &quot;Size ne yapmam\u0131 bekliyorsunuz?&quot; diye sordu\u011funda, su\u00e7lular\u0131n ba\u015flar\u0131 \u00f6ne e\u011fik olarak\u00a0 &quot;Biz seni, baban\u0131, dedeni,\u00a0 tan\u0131r\u0131z. Baban ve deden kerim\/ c\u00f6mert, iyiliksever adamd\u0131. Senden de o beklenir&quot; derler.<\/strong> <\/p>\n<p> <strong>\u00a0 O affedici Efendimiz de: &quot;Ben de Yusuf karde\u015fimin dedi\u011fini derim. Yusuf, kendisini yok etmek i\u00e7in kuyuya atan karde\u015flerine: &quot;Bu g\u00fcn size k\u0131namak yok. Allah sizi affetsin. O merhamet edenlerin en merhametlisidir. Hepiniz evlerinize gidiniz ve hepiniz h\u00fcrs\u00fcn\u00fcz.&quot; buyurmu\u015f ve yoluna devam etmi\u015f. (Beyheki, Del\u00e2il&#39;\u00fcn-N\u00fcb\u00fcvve 5\/58) Onlardan intikam almak yoluna gitmemi\u015ftir.<\/strong> <\/p>\n<p> <strong>\u00a0 \u00d6lm\u00fc\u015f insanlarla hesapla\u015f\u0131lmaz. Ya\u015fayan insanlar\u0131n Cehenneme \u00e7\u0131kan yolunu nas\u0131l Cennete \u00e7eviririm diye \u00e7al\u0131\u015f\u0131l\u0131r. Musa aleyhissel\u00e2m, Firavun ve ileri gelenleriyle konu\u015furken: &quot;Muhakkak bize \u015f\u00f6yle vahyolundu: &quot;\u015e\u00fcphesiz azap, (Allah&#39;\u0131n \u00e2yetlerini) yalanlayan ve y\u00fcz \u00e7eviren \u00fczerinedir.&quot; der.<\/strong> <\/p>\n<p> <strong>Firavun, mant\u0131\u011f\u0131n\u0131 \u00e7al\u0131\u015ft\u0131r\u0131r ve: &quot;Peki ya ge\u00e7mi\u015f \u00e7a\u011flardakilerin durumu ne olacak?&quot; diye sorar. (Taha: 51) Bu soru Hz. Musa&#39;y\u0131 zor durumda b\u0131rakmay\u0131 ama\u00e7lar. E\u011fer Hz. Musa: &quot;Hepsi Cehennemdedir&quot; derse orada bulunan komutan ve dan\u0131\u015fmanlar\u0131n babalar\u0131na ve analar\u0131na olan sevgileriyle Hz. Musa&#39;ya daha da kinle\u015fecekler. Ama Hz. Musa&#39;n\u0131n: &quot;Onlar\u0131n bilgisi Rabbimin yan\u0131ndaki bir kitaptad\u0131r. Rabbim \u015fa\u015fmaz ve unutmaz&quot; (Taha: 52) diyerek Firavunun beklentisini bo\u015fa \u00e7\u0131kar\u0131r.<\/strong> <\/p>\n<p> Bir \u00f6rnek olsun diye Haccac-\u0131 Zalim ile Said bin C\u00fcbeyr aras\u0131nda ge\u00e7en konu\u015fman\u0131n konumuzla ilgili b\u00f6l\u00fcm\u00fcn\u00fc hat\u0131rlatal\u0131m: <\/p>\n<p> \u00a0 Haccac: &#8230;Muhammed(sav) hakk\u0131nda ne dersin? <\/p>\n<p> \u00a0 Said: O, Peygamberlerin sonuncusu olmaktad\u0131r, Allah, O&#39;nunla vahyi do\u011frulam\u0131\u015f, O&#39;nunla insanl\u0131\u011f\u0131 cahillikten kurtarm\u0131\u015f, O&#39;nunla dinini tamamlam\u0131\u015ft\u0131r. O, do\u011fru yolun \u00f6nderi ve rahmet peygamberi olan Resulullaht\u0131r&#8230; <\/p>\n<p> \u00a0 Haccac: D\u00f6rt halife hakk\u0131nda ne dersin? <\/p>\n<p> \u00a0 Said: Ben onlar\u0131n vekili de\u011filim. (Onlar olduklar\u0131 gibidir.) <\/p>\n<p> \u00a0 Haccac: Onlardan hangisini daha \u00e7ok seversin? <\/p>\n<p> \u00a0 Said: Hangisinin ahl\u00e2k\u0131 daha g\u00fczel ise, hangisinden Rabbim daha \u00e7ok raz\u0131 ise. (O daha \u00e7ok sevilecektir.) <\/p>\n<p> \u00a0 Haccac: Ali ile Osman hakk\u0131nda ne dersin, onlar Cennetteler mi, yoksa Cehennemdeler mi? <\/p>\n<p> \u00a0 Said: E\u011fer ben, Cennete ve Cehenneme girip de oradakileri g\u00f6rseydim sana haber verirdim. Gayba ait bilmedi\u011fin \u015feyi bana ni\u00e7in sorars\u0131n? (Kimin nerde oldu\u011fu ahirette g\u00f6r\u00fclecektir.) <\/p>\n<p> \u00a0 Haccac: Abd\u00fcl Melik bin Mervan hakk\u0131nda ne dersin? <\/p>\n<p> \u00a0 Said: Onun g\u00fcnahlar\u0131ndan (ve k\u00f6t\u00fcl\u00fck ortaklar\u0131ndan) biri de sensin.33 <\/p>\n<p> \u00a0 Dikkat edilirse kendi \u00e7a\u011f\u0131n\u0131n zalimleriyle hesapla\u015f\u0131yor ama ge\u00e7mi\u015ften yaln\u0131z Peygamberimizi savunuyor. \u00c7\u00fcnk\u00fc O, k\u0131yamete kadar geleceklerin yol g\u00f6stericisidir. <\/p>\n<p> \u00a0 \u0130stikbal k\u00f6klerdedir. K\u00f6klerimize sahip \u00e7\u0131karak biz, bu g\u00fcn \u00e7i\u00e7ek a\u00e7\u0131p meyve verece\u011fiz, gelece\u011fe de \u00e7ekirdek b\u0131rakaca\u011f\u0131z.34 <\/p>\n<p> \u00a0 Atat\u00fcrk&#39;\u00fcn &quot;\u0130stikbal G\u00f6klerdedir&quot; s\u00f6z\u00fcn\u00fc de, milli ve manevi k\u00f6klerinden ve tarihi k\u00fclt\u00fcr ve kimli\u011finden kopmadan, teknolojiye ve uzay sanayine sahip \u00e7\u0131kmam\u0131z gerekti\u011fine i\u015farettir. <\/p>\n<p> \u00a0 T\u00fcrk\u00e7\u00fcl\u00fc\u011f\u00fcm\u00fcz Moiz&#39;den, T\u00fcrk\u00e7emiz Agop&#39;dan <\/p>\n<p> T\u00fcrk\u00e7\u00fcl\u00fc\u011f\u00fcm\u00fcz\u00fc Tekin Alp&#39;e bor\u00e7luyuz.. <\/p>\n<p> \u00a0 &quot;T\u00fcrk Ruhu&quot;nu O yazd\u0131.  <\/p>\n<p> \u00a0 \u0130\u00e7erde ate\u015fli bir T\u00fcrk Milliyet\u00e7isi olarak Tekin Alp ad\u0131n\u0131 kullan\u0131yordu. <\/p>\n<p> \u00a0 D\u0131\u015far\u0131da Mois Kohen oluyordu. Selanik Yahudisiydi. Babas\u0131 Hahamd\u0131. <\/p>\n<p> \u00a0 &quot;Araplar bizi arkam\u0131zdan vurdu&quot; slogan\u0131n\u0131n mimar\u0131yd\u0131.  <\/p>\n<p> \u00a0 Biz Araplarla u\u011fra\u015f\u0131rken, \u0130ngilizler&#39;le dostluk kurup, Ortado\u011fu petrollerine el koydu.  <\/p>\n<p> \u00a0 A\u00e7t\u0131\u011f\u0131 yara kapat\u0131lamad\u0131. <\/p>\n<p> \u00a0 Peki ya T\u00fcrk\u00e7eyi kime bor\u00e7luymu\u015fuz; Agop Dila\u00e7ar&#39;a;  <\/p>\n<p> \u00a0 Agop Ermeni as\u0131ll\u0131 t\u00fcccar bir ailenin \u00e7ocu\u011fuydu.  <\/p>\n<p> \u00a0 \u0130stanbul&#39;da do\u011fdu. \u0130lk ve orta \u00f6\u011frenimini, misyonerlerin a\u00e7t\u0131\u011f\u0131 bir Amerikan okulunda yapt\u0131. Robert Kolej&#39;i bitirdi . <\/p>\n<p> \u00a0 B\u00fcy\u00fck T\u00fcrkiye Ansiklopedisi&#39;ni haz\u0131rlad\u0131.  <\/p>\n<p> \u00a0 T\u00fcrk Dil Kurumu \u00fcyeli\u011fine getirildi.  <\/p>\n<p> \u00a0 T\u00fcrk\u00e7e&#39;ye yapt\u0131\u011f\u0131 katk\u0131lardan dolay\u0131 &quot;Dila\u00e7ar&quot; soyad\u0131n\u0131 ald\u0131. <\/p>\n<p> \u00a0 Kitaplara A. Dila\u00e7ar olarak ge\u00e7ti.  <\/p>\n<p> \u00a0 \u015eimdi TBMM&#39;de &quot;T\u00fcrk\u00e7e&#39;yi Koruma ve Kollama Komisyonu&quot; var. Yeni kuruldu. En son toplant\u0131s\u0131nda\u00a0 Prof.\u00a0 Dr. Faz\u0131l Karao\u011flu dinlendi. Hadi biz de dinleyelim:  <\/p>\n<p> \u00a0 &quot;1938 y\u0131l\u0131 sonras\u0131nda, T\u00fcrk Dil Kurumu&#39;nun ba\u015f\u0131nda olan Agop Dila\u00e7ar kurumu kurulu\u015f gayesinden uzakla\u015ft\u0131rm\u0131\u015ft\u0131r&#8230; G\u00fczel T\u00fcrk\u00e7e kelimeler tasfiye edilmeye ve de\u011fi\u015ftirilmeye ba\u015flanm\u0131\u015ft\u0131r. G\u00fcya bu g\u00fczel kelimeler \u0130slam medeniyetinin tesiriyle girmi\u015f Arap\u00e7a ve Fars\u00e7a as\u0131ll\u0131 kelimelerdi. Mesela &#39;ba\u011f\u0131\u015flay\u0131n, affedersiniz&#39; yerine gayri M\u00fcslimlerin o korkun\u00e7 &#39;pardon&#39; kelimesinin kullan\u0131lmas\u0131 gibi de\u011fi\u015fiklikler, T\u00fcrk dili \u00fczerinde kapanmas\u0131 g\u00fc\u00e7 yaralar a\u00e7m\u0131\u015ft\u0131r. G\u00fczel maksatlarla kurulan TDK&#39;n\u0131n \u00e7at\u0131s\u0131 alt\u0131na s\u0131\u011f\u0131nan art niyetli kimseler, T\u00fcrk dili ve grameri \u00fczerinde b\u00fcy\u00fck tahribatlar yapm\u0131\u015flard\u0131r&#8230;&quot; <\/p>\n<p> \u00a0 Dil ve Tarih&#8230; Milleti millet yapan iki \u00f6nemli unsur.. <\/p>\n<p> Ama ne garip de\u011fil mi! <\/p>\n<p> \u00a0 Tarihimizde Yahudi as\u0131ll\u0131 Mois Kohen&#39;in,  <\/p>\n<p> \u00a0 Dilimizde Ermeni as\u0131ll\u0131 Agop Martanyan&#39;\u0131n imzas\u0131 var&#8230;35 <\/p>\n<p> 30 T\u00dcB\u0130DER E-Dergi 12.Aral\u0131k 2006 <\/p>\n<p> 31 \u0130brahim Aksoy Navkud Net A\u011fustos 2006 Ermeni T\u00fcrkleri <\/p>\n<p> 32 iyibilgi.com <\/p>\n<p> 33 Aliyy\u00fc-l-K\u00e2ri, \u015eerh&#39;\u00fc \u015eifa 1\/39 <\/p>\n<p> 34 Mahmut Topta\u015f \/ Milli Gazete \/ 16.04.2007 <\/p>\n<p> 35 10.04.2007\/ Kulis Ankara \/ Milli gazete <\/p>\n<p> <\/p>\n","protected":false},"excerpt":{"rendered":"<p>\u00a0  <\/p>\n<p> <strong>130 milyon kayd\u0131 bar\u0131nd\u0131ran ve yakla\u015f\u0131k 30 milyon dolara mal oldu\u011fu belirtilen en b\u00fcy\u00fck e-devlet projesi olan MERN\u0130S&#39;teki kay\u0131tlar\u0131n y\u00fczde 25&#39;ten fazlas\u0131n\u0131n hatal\u0131 yap\u0131ld\u0131\u011f\u0131 iddia edildi.<\/strong> <\/p>\n<p> <strong>\u00a0 Olaya, N\u00fcfus Genel M\u00fcd\u00fcrl\u00fc\u011f\u00fc&#39;ndeki merkezi sisteme online giri\u015f yapabilen 943 il\u00e7e n\u00fcfus m\u00fcd\u00fcrl\u00fcklerinin neden oldu\u011fu d\u00fc\u015f\u00fcn\u00fcl\u00fcyor. Sistemde, ayn\u0131 TC Kimlik numaras\u0131na sahip birden fazla ki\u015fi ve birden fazla TC Kimlik Numaras\u0131&#39;na sahip on binlerce ki\u015finin bulundu\u011fu belirlendi.<\/strong> <\/p>\n","protected":false},"author":12,"featured_media":0,"comment_status":"open","ping_status":"closed","sticky":false,"template":"","format":"standard","meta":{"footnotes":""},"categories":[71],"tags":[],"class_list":["post-984","post","type-post","status-publish","format-standard","hentry","category-haziran-2007"],"_links":{"self":[{"href":"https:\/\/www.millicozum.com\/mc\/wp-json\/wp\/v2\/posts\/984","targetHints":{"allow":["GET"]}}],"collection":[{"href":"https:\/\/www.millicozum.com\/mc\/wp-json\/wp\/v2\/posts"}],"about":[{"href":"https:\/\/www.millicozum.com\/mc\/wp-json\/wp\/v2\/types\/post"}],"author":[{"embeddable":true,"href":"https:\/\/www.millicozum.com\/mc\/wp-json\/wp\/v2\/users\/12"}],"replies":[{"embeddable":true,"href":"https:\/\/www.millicozum.com\/mc\/wp-json\/wp\/v2\/comments?post=984"}],"version-history":[{"count":0,"href":"https:\/\/www.millicozum.com\/mc\/wp-json\/wp\/v2\/posts\/984\/revisions"}],"wp:attachment":[{"href":"https:\/\/www.millicozum.com\/mc\/wp-json\/wp\/v2\/media?parent=984"}],"wp:term":[{"taxonomy":"category","embeddable":true,"href":"https:\/\/www.millicozum.com\/mc\/wp-json\/wp\/v2\/categories?post=984"},{"taxonomy":"post_tag","embeddable":true,"href":"https:\/\/www.millicozum.com\/mc\/wp-json\/wp\/v2\/tags?post=984"}],"curies":[{"name":"wp","href":"https:\/\/api.w.org\/{rel}","templated":true}]}}