{"id":987,"date":"2007-06-05T03:20:38","date_gmt":"2007-06-05T03:20:38","guid":{"rendered":"https:\/\/www.millicozum.com\/mc\/2007\/06\/05\/cia-destekller-etme-ftller\/"},"modified":"2007-06-05T03:20:38","modified_gmt":"2007-06-05T03:20:38","slug":"cia-destekli-lider-uretme-ciftlikleri","status":"publish","type":"post","link":"https:\/\/www.millicozum.com\/mc\/2007\/haziran-2007\/cia-destekli-lider-uretme-ciftlikleri\/","title":{"rendered":"CIA DESTEKL\u0130 L\u0130DER \u00dcRETME \u00c7\u0130FTL\u0130KLER\u0130"},"content":{"rendered":"<p>\u00a0  <\/p>\n<p> S\u00f6z \u00f6z\u00fcn aynas\u0131d\u0131r. Laflar\u0131, ki\u015finin ayar\u0131d\u0131r. &quot;Beyan\u0131 lisan, ayn\u0131yla insan&quot; deyimi S\u00fcleyman Demirel i\u00e7in tam yerine oturmaktad\u0131r. A\u015fa\u011f\u0131daki ba\u015fl\u0131klar, onun laflar\u0131d\u0131r: <\/p>\n<p> T\u00fcrbanl\u0131lar Arabistan&#39;a gitsin! <\/p>\n<p> \u00a0 AKP t\u00fcrban sorununu \u00e7\u00f6zemez!\u00a0  <\/p>\n<p> \u00a0 Ar\u0131n\u00e7&#39;\u0131 canl\u0131 yay\u0131nda d\u00fcello&#39;ya davet ediyorum! <\/p>\n<p> \u00a0 Savc\u0131n\u0131n ihrac\u0131 yanl\u0131\u015ft\u0131! <\/p>\n<p> \u00a0 Unumu eleyip, ele\u011fimi asmad\u0131m!  <\/p>\n<p> \u00a0 Kendimi fevkalade haller i\u00e7in saklam\u0131yorum. (Sadece haz\u0131r oldu\u011fumu hat\u0131rlat\u0131yorum!)\u00a0\u00a0\u00a0\u00a0  <\/p>\n<p> \u00a0 (Meydanlara \u00e7\u0131kacak) Enerjim var. Meydanlar\u0131 \u00f6zl\u00fcyorum. (\u00c7\u0131karmalar\u0131n\u0131 g\u00f6zl\u00fcyorum) <\/p>\n<p> \u00a0 Ba\u015fbakanlar as\u0131lmaktan korkuyor, cesur karar alam\u0131yor!\u00a0\u00a0\u00a0\u00a0\u00a0\u00a0\u00a0\u00a0\u00a0\u00a0\u00a0\u00a0\u00a0\u00a0\u00a0\u00a0\u00a0\u00a0\u00a0\u00a0\u00a0\u00a0\u00a0\u00a0\u00a0\u00a0\u00a0\u00a0\u00a0\u00a0\u00a0\u00a0\u00a0\u00a0\u00a0\u00a0\u00a0\u00a0  <\/p>\n<p> \u00a0 AKP&#39;nin i\u00e7inde ahenksizlik var. Onlar itiraf etmez ama var! <\/p>\n<p>  \u00a0  <\/p>\n<p> \u00a0 K\u0131rm\u0131z\u0131 kitab\u0131 milletvekilleri de g\u00f6rmeli!\u00a0\u00a0  <\/p>\n<p> \u00a0 Bir meydanlara \u00e7\u0131ksam, bir mikrofon elime \u00a0\u00a0\u00a0\u00a0\u00a0\u00a0\u00a0 ge\u00e7se..!..\u00a0\u00a0\u00a0\u00a0\u00a0\u00a0\u00a0\u00a0\u00a0\u00a0\u00a0\u00a0\u00a0\u00a0\u00a0\u00a0\u00a0\u00a0\u00a0\u00a0\u00a0\u00a0\u00a0\u00a0\u00a0\u00a0\u00a0\u00a0\u00a0\u00a0\u00a0\u00a0\u00a0\u00a0\u00a0\u00a0\u00a0\u00a0\u00a0\u00a0\u00a0\u00a0\u00a0\u00a0\u00a0\u00a0\u00a0\u00a0\u00a0\u00a0\u00a0\u00a0\u00a0\u00a0\u00a0\u00a0\u00a0\u00a0\u00a0\u00a0\u00a0\u00a0\u00a0\u00a0\u00a0\u00a0\u00a0\u00a0\u00a0\u00a0\u00a0\u00a0\u00a0  <\/p>\n<p> \u00a0 Benim kap\u0131m a\u015f\u0131nd\u0131r\u0131lmaya a\u00e7\u0131kt\u0131r. Siyasetin her safhas\u0131nda bulundum. \u00dclkenin, d\u00fcnyan\u0131n sorunlar\u0131 beni ilgilendirir. Neme Laz\u0131m diyemem&#8230; Ben bir entellekt\u00fcel olarak de\u011fil, eski bir siyaset\u00e7i olarak bu konularla ilgileniyorum. <\/p>\n<p> \u00a0 Ben \u015fimdi G\u00fcniz sokakla oturuyorum. \u00c7e\u015fitli zeminlerde konu\u015fuyorum, d\u00fc\u015f\u00fcncelerimi s\u00f6yl\u00fcyorum.&quot; <\/p>\n<p> \u00a0 Hasan Demir&#39;in dedi\u011fi gibi: <\/p>\n<p> \u00a0 Demirel PKK ve AKP&#39;ye \u00e7al\u0131\u015f\u0131yor! <\/p>\n<p> \u00a0 &quot;Ba\u015f\u00f6rt\u00fcs\u00fcyle okumak isteyenler Suudi Arabistan&#39;a gitsin!&quot; diyen Demirel ve benzerleri, ellerinde Apo posterleri ile sokaklara f\u0131rlayan militanlardan daha fazla PKK&#39;ya ve &quot;Ba\u015fbakan\u0131 deli\u011fe s\u00fcp\u00fcrmeyin, onu kullan\u0131n!&quot; diye Amerikal\u0131lara yalvaran Erdo\u011fan&#39;\u0131n \u00f6zel dan\u0131\u015fman\u0131 Zapsu&#39;dan \u00e7ok daha fazla da AKP&#39;ye hizmet ettiklerinin herhalde fark\u0131ndad\u0131r! <\/p>\n<p> \u00a0 Evet, PKK&#39;ya hizmettir; \u00e7\u00fcnk\u00fc \u00f6rg\u00fct bu t\u00fcr f\u0131rsatlar\u0131 de\u011ferlendiriyor ve sanki kendisi Marksist bir \u00f6rg\u00fct de\u011filmi\u015f ve sanki kundaktaki bebekleri katlederken Ermeni militanlarla birlikte tetik \u00e7ekmezmi\u015f gibi namaz\u0131nda niyaz\u0131ndaki m\u00fctedeyyin K\u00fcrtlere d\u00f6n\u00fcp, &quot;\u0130\u015fte T\u00fcrkiye&#39;yi y\u00f6netenler senin ba\u015f\u00f6rt\u00fcne bile tahamm\u00fcl edemiyor!&quot; diye propaganda yapmakta ve maalesef etkili de olmaktad\u0131r. <\/p>\n<p> \u00a0 Ve bu t\u00fcr beyanlar AKP&#39;nin daha \u00e7ok i\u015fine yar\u0131yor.. <\/p>\n<p> \u00a0 Zira kim ve hangi sebeple; ba\u015f\u00f6rt\u00fcl\u00fcleri, T\u00fcrk devleti ve cumhuriyet\u00a0 rejimi i\u00e7in PKK&#39;dan daha b\u00fcy\u00fck bir tehlike olarak g\u00f6r\u00fcyorsa (\u00c7\u00fcnk\u00fc PKK&#39;ya s\u00fcrekli af \u00e7\u0131k\u0131yor ama ba\u015f\u00f6rt\u00fcl\u00fclere af g\u00fcndeme geldi\u011finde yer yerinden oynuyor) bu milleti din istismarc\u0131lar\u0131n\u0131n tuza\u011f\u0131na itiyor ve inatla ba\u015f\u00f6rt\u00fcs\u00fcnden siyasi rant sa\u011flayanlar\u0131n de\u011firmenine su ta\u015f\u0131yor.. Ve bug\u00fcn i\u00e7in de o de\u011firmen, sanki devri iktidarlar\u0131nda binlerce &quot;apartman kilise&quot; a\u00e7\u0131lmam\u0131\u015f, sanki n\u00fcfus c\u00fczdanlar\u0131nda din hanesi bo\u015f b\u0131rak\u0131lmam\u0131\u015f ve sanki Irak&#39;taki camileri ha\u00e7l\u0131 askerlerinin k\u0131\u015flas\u0131 haline getiren ABD&#39;ye itaat derecesinde arka \u00e7\u0131k\u0131lmam\u0131\u015f gibi, maalesef AKP g\u00f6r\u00fcn\u00fcyor. <\/p>\n<p> \u00a0 Maalesef Demirel ve versiyonlar\u0131; rahmetli Atat\u00fcrk T\u00fcrkiye&#39;si ve Atat\u00fcrk ideallerinin ve genel zann\u0131n aksine mill\u00ee ve m\u00e2nev\u00ee de\u011ferlerine ba\u011fl\u0131, k\u00f6klerinden kopmadan uzay\u0131 ve ufuklar\u0131 kucaklayacak T\u00fcrkiye&#39;nin \u00f6n\u00fcndeki en b\u00fcy\u00fck engeldirler. Evet, Demirel T\u00fcrkiye i\u00e7in b\u00fcy\u00fck bir talihsizlik ve Demirel ve \u00d6zal gibileri PKK i\u00e7in de b\u00fcy\u00fck bir \u015fans olmu\u015ftur. B\u0131raks\u0131nlar biz PKK ile \u015f\u00f6yle m\u00fccadele ettik, b\u00f6le m\u00fccadele ettik laflar\u0131n\u0131. B\u00fct\u00fcn yapt\u0131klar\u0131 sivrisinek avlamak olmu\u015f, batakl\u0131\u011fa bakma cesareti bile g\u00f6sterememi\u015flerdir. Bunlar\u0131n g\u00fcc\u00fc sadece ba\u015f\u00f6rt\u00fcl\u00fclere yetmi\u015ftir. <\/p>\n<p> \u00a0 \u00c7\u00fcnk\u00fc bunlar\u0131n devri iktidar\u0131nda T\u00fcrk topra\u011f\u0131na bir asit damlas\u0131 gibi d\u00fc\u015fen PKK, ortam\u0131 m\u00fcsait g\u00f6r\u00fcnce zeytinya\u011f\u0131 gibi yay\u0131ld\u0131k\u00e7a yay\u0131lm\u0131\u015f, T\u00fcrkiye&#39;yi yormu\u015ftur, yormaktad\u0131r. Bunlar\u0131n devri iktidar\u0131nda b\u00fct\u00fcn asker\u00ee varl\u0131\u011f\u0131n\u0131 \u0130srail&#39;e kar\u015f\u0131 L\u00fcbnan&#39;a kayd\u0131rm\u0131\u015f Esad&#39;\u0131n, pamuk ipli\u011fi kadar bile sa\u011flam olmayan rejimi; sava\u015f kararg\u00e2h\u0131 \u015eam&#39;da, e\u011fitim alanlar\u0131 L\u00fcbnan&#39;da olan PKK militanlar\u0131 ile T\u00fcrkiye&#39;ye binlerce defa sald\u0131rm\u0131\u015f, \u00d6zal&#39;lar, Demirel&#39;ler ise askeri ve ekonomik bak\u0131mdan T\u00fcrkiye&#39;nin yirmide biri bile olmayan Suriye&#39;den \u00fcrkm\u00fc\u015f, \u015eam&#39;\u0131 Haf\u0131z Esad&#39;\u0131n ba\u015f\u0131na y\u0131kamam\u0131\u015flard\u0131r. Neymi\u015f efendim o g\u00fcnlerde Suriye&#39;nin arkas\u0131nda SSCB varm\u0131\u015f! \u0130yi de, T\u00fcrkiye de NATO \u00fcyesi de\u011fil miydi? T\u00fcrk jetleri \u00d6calan&#39;\u0131n \u015eam&#39;daki evini katille birlikte k\u00f6m\u00fcr y\u0131\u011f\u0131n\u0131 haline \u00e7evirseydi SSCB T\u00fcrkiye&#39;ye mi sald\u0131racakt\u0131, yoksa ABD ve \u0130srail&#39;in foyas\u0131 m\u0131 meydana \u00e7\u0131kacakt\u0131! <\/p>\n<p> \u00a0 Velhas\u0131l bunlar bu milleti hep kand\u0131rd\u0131lar.. <\/p>\n<p> \u00a0 \u015eimdi de AKP&#39;ye kar\u015f\u0131ym\u0131\u015f gibi g\u00f6r\u00fcnerek asl\u0131nda AKP&#39;nin ekme\u011fine ya\u011f s\u00fcr\u00fcyor, T\u00fcrk milletinin dikkatini; b\u00f6l\u00fcc\u00fc ter\u00f6rden ve vatan topra\u011f\u0131n\u0131n pe\u015fke\u015f \u00e7ekilmesinden, yurdun en \u00fccra k\u00f6\u015felerine kadar yay\u0131lan kiliselerden, d\u0131\u015f politikay\u0131 ABD&#39;ye, i\u00e7i\u015flerini AB&#39;ye devretmi\u015f bir T\u00fcrkiye&#39;den ba\u015fka y\u00f6ne, &quot;Siz b\u00fct\u00fcn bunlar\u0131 bo\u015f verin, \u00c7a\u011fda\u015f T\u00fcrkiye i\u00e7in as\u0131l tehlike ba\u015f\u00f6rt\u00fcl\u00fcler ile devlet hizmetinde yer alan \u0130mam Hatiplilerdir&quot; diyerek, delinen Lozan ve yakla\u015fan Sevr&#39;den uzakla\u015ft\u0131r\u0131yorlar&#8230; <\/p>\n<p> \u00a0 Yahu yeter art\u0131k&#8230; <\/p>\n<p> \u00a0 D\u00fc\u015f\u00fcn yakam\u0131zdan&#8230;&quot; <\/p>\n<p> \u00a0 K\u0131van\u00e7 De\u011firmenli&#39;nin: <\/p>\n<p> <strong>&quot;CIA&#39;den de\u011fi\u015fim soslu lider tarifleri&quot; ilgin\u00e7ti:<\/strong> <\/p>\n<p> <strong>\u00a0 Herkes Yugoslavya, G\u00fcrcistan, Ukrayna \u00f6rnekleri \u00fczerinden k\u00fcresel g\u00fc\u00e7lerin &quot;lider&quot; yaratma dinamiklerini ele al\u0131yor. Halbuki g\u00f6z\u00fcm\u00fcz\u00fcn \u00f6n\u00fcnde Cem Boyner, Kemal Dervi\u015f, Tayyip Erdo\u011fan ve son olarak Mustafa Sar\u0131g\u00fcl&#39;le tamamlanan bir zincir var ki; yabanc\u0131 istihbarat \u00f6rg\u00fctlerinin T\u00fcrkiye&#39;de ki operasyonlar\u0131na \u00e7ok daha fazla \u00f6zendi\u011fi her hal\u00fckarda ortadad\u0131r. <\/strong> <\/p>\n<p> <strong>\u00a0 Bu \u00fclkede Demirel&#39;lerin, Ecevit&#39;lerin, T\u00fcrke\u015f&#39;lerin, \u00d6zallar\u0131n, Mesut Y\u0131lmazlar\u0131n &quot;yarat\u0131l\u0131\u015f&quot; s\u00fcrecine \u00e7ok iyi bakmal\u0131d\u0131r. <\/strong> <\/p>\n<p> <strong>\u00a0 Fakat son zamanlarda yeni &quot;lider yaratma&quot; s\u00fcrecine tan\u0131k oluyoruz: <\/strong> <\/p>\n<p> <strong>\u00a0 a) Cem Boyner<\/strong> <\/p>\n<p> <strong>\u00a0 b) Tayyip Erdo\u011fan<\/strong> <\/p>\n<p> <strong>\u00a0 c) Kemal Dervi\u015f (Tutmad\u0131, tahribat yapt\u0131)<\/strong> <\/p>\n<p> <strong>\u00a0 d) Mustafa Sar\u0131g\u00fcl<\/strong> <\/p>\n<p> <strong>\u00a0 e) Mehmet A\u011far<\/strong> <\/p>\n<p> <strong>\u00a0 f) Erkan Mumcu<\/strong> <\/p>\n<p> <strong>\u00a0 g) Zeki Sezer<\/strong> <\/p>\n<p> <strong>\u00a0 h) Haydar Ba\u015f (M.\u00c7.)<\/strong> <\/p>\n<p> <strong>\u00a0 &quot;Lider&quot; demeye dilim varm\u0131yor ama baz\u0131lar\u0131 &quot;lider&quot; olarak g\u00f6rd\u00fc\u011f\u00fc i\u00e7in; Leyla Zana isimli ter\u00f6rist beslemesinin de bu s\u00fcre\u00e7te nas\u0131l yo\u011frulaca\u011f\u0131n\u0131 yak\u0131ndan takip ediyoruz. <\/strong> <\/p>\n<p> <strong>\u00a0 Son g\u00fcnlerde Sar\u0131g\u00fcl ve \u00e7evresinde olu\u015fturulan f\u0131rt\u0131nay\u0131 izlerken; stajyerlik d\u00f6nemini Cem Boyner \u00fczerinde ge\u00e7iren yabanc\u0131 istihbarat \u00f6rg\u00fctlerinin art\u0131k Mustafa Sar\u0131g\u00fcl ile iyice pi\u015ftiklerini g\u00f6r\u00fcyoruz. <\/strong> <\/p>\n<p> <strong>\u00a0 CIA \u00e7ocuklar\u0131 sayemizde baya\u011f\u0131 tecr\u00fcbe kazand\u0131lar. Bu tarz yabanc\u0131 istihbarat \u00f6rg\u00fctlerinde; stajyer ajanlara d\u00f6nem \u00f6devi olarak &quot;T\u00fcrkiye&#39;de g\u00fcndem de\u011fi\u015ftir&quot; veya &quot;lider aday\u0131 yarat&quot; gibi g\u00f6revler verip vermediklerini merak etmeye ba\u015flad\u0131k. <\/strong> <\/p>\n<p> <strong>\u00a0 B\u0131rak\u0131n daha Ba\u015fbakan adayl\u0131\u011f\u0131n\u0131, parti ba\u015fkanl\u0131\u011f\u0131 adayl\u0131\u011f\u0131 safhas\u0131na gelmemi\u015fken ABD&#39;ye giderek; &quot;ABD&#39;den icazet alma&quot; gelene\u011finde \u00e7\u0131tay\u0131 biraz daha al\u00e7altan Sar\u0131g\u00fcl&#39;\u00fcn son g\u00fcnlerde Felluce \u00fczerinden ger\u00e7ekle\u015ftirdi\u011fi &quot;ABD&#39;nin zulm\u00fcne kar\u015f\u0131 Baykal ne yap\u0131yor?&quot; s\u00f6ylemini ise &quot;sahte Anti-Amerikanc\u0131&quot; s\u00f6ylem kategorisinde siyaset derslerinde okutmak gerekiyor. Bu s\u00f6ylemi onun &quot;Anadolu \u00e7ocu\u011fu&quot; duru\u015funa sempati ile bakan se\u00e7menine ve bir de Emin\u00f6n\u00fc&#39;ndeki g\u00fcvercinlere yem diye vermek laz\u0131m. <\/strong> <\/p>\n<p> <strong>Neticede ABD&#39;ye kar\u015f\u0131 ger\u00e7ek bir duru\u015fu olan lider; bu s\u00f6ylemi, Sar\u0131g\u00fcl&#39;\u00fcn ABD merkezli oldu\u011fu s\u00f6ylentilerinin ayyuka \u00e7\u0131kt\u0131\u011f\u0131 \u015fu d\u00f6nemde de\u011fil, \u00e7ok daha \u00f6ncesinden sahiplenirdi. Ve tabi; madem ABD emperyalizmine bu kadar kar\u015f\u0131; ABD&#39;ye gidip \u00f6zel siyaset seanslar\u0131ndan ge\u00e7meyi o s\u00fcrekli vurgulamak ihtiyac\u0131 hissetti\u011fi onurlu &quot;Anadolu \u00c7ocu\u011fu&quot; duru\u015funa yediremezdi. <\/strong> <\/p>\n<p> <strong>\u015eimdi gelin hep beraber; Sar\u0131g\u00fcl&#39;le hayli tecr\u00fcbe kazand\u0131klar\u0131 belli olan bu &quot;toplumsal m\u00fchendislik&quot; odaklar\u0131n\u0131n; \u00f6n\u00fcm\u00fczdeki d\u00f6rt \u00f6rnek \u00fczerinden &quot;lider yaratma&quot; \u015fablonlar\u0131n\u0131 biraz analiz etmeye \u00e7al\u0131\u015fal\u0131m.<\/strong> <\/p>\n<p> Benim tezim odur ki; yabanc\u0131 istihbarat \u00f6rg\u00fctlerinin &quot;lider yaratma&quot; s\u00fcreci a\u015fa\u011f\u0131daki sekiz ana safha \u00fczerinden ger\u00e7ekle\u015fmektedir.  <\/p>\n<p> \u00a0 Bunlar: <\/p>\n<table border=\"1\" cellpadding=\"0\" width=\"99%\">\n<tbody>\n<tr>\n<td width=\"24%\">\n<p> \t\t\t<strong>Tespit<\/strong> \t\t\t<\/p>\n<\/td>\n<td width=\"74%\">\n<p> \t\t\tLider adaylar\u0131n\u0131n; Ar\u0131 Grubu, AGL, Gen\u00e7lik \u00d6rg\u00fctleri gibi paravan yap\u0131lar \u00fczerinden tespit edilerek, &quot;liderlik&quot; vas\u0131flar\u0131n\u0131n cemaat dinamikleri i\u00e7inde \u00f6n testlere tabi tutuldu\u011fu ortamlar. Mayan\u0131n tutup tutmayaca\u011f\u0131n\u0131 g\u00f6rmek i\u00e7in bu tarz yap\u0131lar ideal bir ortam olu\u015fturuyor.  \t\t\t<\/p>\n<\/td>\n<\/tr>\n<tr>\n<td width=\"24%\">\n<p> \t\t\t<strong>Tan\u0131\u015ft\u0131rma<\/strong> \t\t\t<\/p>\n<\/td>\n<td width=\"74%\">\n<p> \t\t\tS\u00f6zkonusu gruplar b\u00fcnyesinde pi\u015fen ismi; \u00e7e\u015fitli medya kanallar\u0131 arac\u0131l\u0131\u011f\u0131 ile kamuoyu vitrinine koymaya ve \u00f6nce toplumsal zihinde nas\u0131l yer etti\u011fi \u00f6l\u00e7meye ba\u015flan\u0131yor.  \t\t\t<\/p>\n<\/td>\n<\/tr>\n<tr>\n<td width=\"24%\">\n<p> \t\t\t<strong>Karizmatizasyon<\/strong> \t\t\t<\/p>\n<\/td>\n<td width=\"74%\">\n<p> \t\t\tAday\u0131n karizmas\u0131n\u0131n \u00e7e\u015fitli vesilerle y\u00fckseltilerek; bir ba\u015far\u0131 hikayesi olarak topluma sunulmas\u0131 ama\u00e7lan\u0131yor. \t\t\t<\/p>\n<\/td>\n<\/tr>\n<tr>\n<td width=\"24%\">\n<p> \t\t\t<strong>&quot;Anadolu&quot;zizasyon<\/strong> \t\t\t<\/p>\n<\/td>\n<td width=\"74%\">\n<p> \t\t\tT\u00fcrk siyasi sisteminde se\u00e7men profilini en k\u0131lcal damarlara kadar haritaland\u0131rm\u0131\u015f birimlerin \u00e7ok iyi bildi\u011fi \u00fczere; &quot;\u015fehirli&quot; g\u00f6r\u00fcnt\u00fcs\u00fc se\u00e7men nezdinde &quot;dengelenmesi&quot; gereken bir g\u00f6r\u00fcnt\u00fcd\u00fcr aksi takdirde maya tutmayabilir. Ve hele ge\u00e7mi\u015fi ve k\u00f6keni kar\u0131\u015f\u0131ksa, &quot;Anadolu&quot; imaj\u0131 veriliyor.  \t\t\t<\/p>\n<\/td>\n<\/tr>\n<tr>\n<td width=\"24%\">\n<p> \t\t\t<strong>Ma\u011fdurizasyon<\/strong> \t\t\t<\/p>\n<\/td>\n<td width=\"74%\">\n<p> \t\t\tVe yine T\u00fcrk se\u00e7men profili a\u00e7\u0131s\u0131ndan temel bir kriter; aday\u0131n, egemen sistem \u00fczerinden bir &quot;ma\u011fdur&quot; konumuna sokulmas\u0131 ve &quot;sistemle kavgal\u0131&quot; , &quot;g\u00fc\u00e7l\u00fc-onurlu&quot; ve &quot;ma\u011fdur&quot; noktas\u0131nda tutulmas\u0131d\u0131r. Bu; T\u00fcrk se\u00e7menin &quot;ana\u00e7l\u0131k&quot; do\u011fas\u0131 ile do\u011frudan ba\u011flant\u0131l\u0131 g\u00f6r\u00fcn\u00fcyor.  \t\t\t<\/p>\n<\/td>\n<\/tr>\n<tr>\n<td width=\"24%\">\n<p> \t\t\t<strong>Kitlele\u015fme<\/strong> \t\t\t<\/p>\n<\/td>\n<td width=\"74%\">\n<p> \t\t\t\u0130yice pi\u015fen aday\u0131n; ma\u011fdurlu\u011funun ve &quot;haks\u0131zl\u0131\u011fa u\u011frama&quot; profilinin zirve yapt\u0131\u011f\u0131 noktada; &quot;sisteme kar\u015f\u0131 halka s\u0131\u011f\u0131nma&quot;, &quot;halktan g\u00fc\u00e7 bulma&quot; sahnelerinin medyatikle\u015ftirilmesi ve dramatizasyonu sergileniyor. \t\t\t<\/p>\n<\/td>\n<\/tr>\n<tr>\n<td width=\"24%\">\n<p> \t\t\t<strong>\u00c7at\u0131la\u015fma<\/strong> \t\t\t<\/p>\n<\/td>\n<td width=\"74%\">\n<p> \t\t\tM\u00fccadele verdi\u011fi yap\u0131 b\u00fcnyesinde; mevcut egemen oda\u011fa kar\u015f\u0131 olan di\u011fer odaklar\u0131 da kendisi ile ayn\u0131 safta m\u00fccadeleye \u00e7a\u011f\u0131rma ve &quot;uzla\u015fmac\u0131, birle\u015ftirici, ba\u011f\u0131\u015flay\u0131c\u0131&quot; portreye b\u00fcr\u00fcnme d\u00f6nemine ge\u00e7iliyor. \t\t\t<\/p>\n<\/td>\n<\/tr>\n<tr>\n<td width=\"24%\">\n<p> \t\t\t<strong>\u0130ktidar<\/strong> \t\t\t<\/p>\n<\/td>\n<td width=\"74%\">\n<p> \t\t\tBu kadar destekten sonra hedeflenen koltu\u011fa oturttuklar\u0131n\u0131 kullanma s\u00fcreci ya\u015fan\u0131yor.  \t\t\t<\/p>\n<\/td>\n<\/tr>\n<\/tbody>\n<\/table>\n<p> Yukar\u0131daki tablo \u00e7er\u00e7evesinde bakt\u0131\u011f\u0131n\u0131zda; son d\u00f6nemde Cem Boyner&#39;den, Tayyip Erdo\u011fan&#39;a, Zeki Sezer&#39;den Sar\u0131g\u00fcl&#39;e, Mehmet A\u011far&#39;dan Erkan Mumcuya kadar bir \u00e7ok &quot;liderin&quot; bu s\u00fcre\u00e7lerden ge\u00e7irildi\u011fini ve bu isimlerin liderlik yar\u0131\u015flar\u0131ndaki ba\u015far\u0131lar\u0131 ve ba\u015far\u0131s\u0131zl\u0131klar\u0131n\u0131n bu s\u00fcre\u00e7lerle a\u00e7\u0131klanabilece\u011fini g\u00f6r\u00fcrs\u00fcn\u00fcz. <\/p>\n<p> <strong>Yaln\u0131z bu noktada; tabloyu tamamlamak i\u00e7in, lideri yaratan temel dinami\u011fi atlamamam\u0131z gerekiyor. <\/strong> <\/p>\n<p> <strong>Her kahraman\u0131n bir &quot;anti-kahraman&quot;a ihtiyac\u0131 vard\u0131r&#8230;<\/strong> <\/p>\n<p> <strong>T\u00fcrkiye gibi bir ortamda; yabanc\u0131 istihbarat \u00f6rg\u00fctleri bu &quot;anti-kahraman\u0131&quot; yaratmakta hi\u00e7 zorlanmazlar&#8230;<\/strong> <\/p>\n<p> <strong>Nas\u0131l zorlans\u0131nlar ki&#8230;<\/strong> <\/p>\n<p> <strong>Tayyip Erdo\u011fan&#39;\u0131n &quot;anti-kahraman\u0131&quot;; \u00fclke federal bir sistem \u00e7er\u00e7evesinde par\u00e7alanmaya \u00e7al\u0131\u015f\u0131l\u0131p, askerlerinin ba\u015f\u0131na &quot;m\u00fcttefik&quot; diye topluma lanse etti\u011fi ABD taraf\u0131ndan \u00e7uval ge\u00e7irilirken bile hala &quot;t\u00fcrban&quot; tak\u0131nt\u0131s\u0131n\u0131 terketmeyerek toplum nezdindeki inand\u0131r\u0131c\u0131l\u0131\u011f\u0131n\u0131 ve deste\u011fini mum gibi eriten T\u00fcrk Silahl\u0131 Kuvvetleri&#39;dir&#8230;<\/strong> <\/p>\n<p> <strong>Kemal Dervi\u015f&#39;in &quot;anti-kahraman\u0131&quot;&#8230; kat\u0131 &quot;devlet\u00e7i&quot; ekonomik yap\u0131 ve bunla \u00f6zde\u015fle\u015ftirilen &quot;kriz&quot;dir..<\/strong> <\/p>\n<p> <strong>Ve Mustafa Sar\u0131g\u00fcl i\u00e7in de; ne kadar \u00e7al\u0131\u015fsa ve \u00e7abalasa da, \u00e7evresindeki kadrolar\u0131n da deste\u011fi ile antipati \u00e7emberini ve imaj\u0131n\u0131 a\u015famayan Deniz Baykal bi\u00e7ilmi\u015f kaftand\u0131r&#8230;<\/strong> <\/p>\n<p> <strong>Ondan sonra bakars\u0131n\u0131z; kimileri &quot;kahraman&quot;a, kimileri ise &quot;anti-kahraman&quot;a hizmet eden bo\u015f tart\u0131\u015fma ve m\u00fccadelelerin i\u00e7inde zaman, para, emek ve can harcarken; kimse bu madalyonu boynumuza kim ast\u0131 diye sormaya f\u0131rsat bulamaz.<\/strong> <\/p>\n<p> T\u00fcrkiye&#39;yi istihbarat ve psikolojik harp laboratuar\u0131na \u00e7eviren odaklar\u0131n deneme yan\u0131lma y\u00f6ntemini, \u00fclkemizin gelece\u011fi ve bug\u00fcn\u00fc ile oynayarak geldikleri noktay\u0131; bu odaklar\u0131 zaman\u0131 geldi\u011finde geri postalamak i\u00e7in iyi et\u00fcd etmeliyiz.  <\/p>\n<p> \u00a0 Bu et\u00fcd\u00fc \u00f6n\u00fcm\u00fczdeki lider yaratma senaryolar\u0131 \u00fczerinden ve ge\u00e7en yaz\u0131da ortaya koydu\u011fumuz lider yaratma safhalar\u0131 \u00fczerinden derinle\u015ftirelim isterseniz.  <\/p>\n<p> Cem Boyner \u00f6rne\u011fini ele alal\u0131m&#8230; <\/p>\n<p> \u00a0 Tan\u0131\u015ft\u0131rma a\u015famas\u0131nda; toplumun haf\u0131zas\u0131na, sempatik, ba\u015far\u0131l\u0131 ve T\u00fcrk toplumunun al\u0131\u015f\u0131k oldu\u011fu kalantor i\u015fadam\u0131 tiplemesinden uzak sevimli bir y\u00fczle vitrine konulan Cem Boyner&#39;in duru\u015fu ve konu\u015fmas\u0131 ile ek bir karizma \u00e7al\u0131\u015fmas\u0131na da pek ihtiyac\u0131 yoktu.\u00a0  <\/p>\n<p> \u00a0 Sorun; &quot;Anadoluzizasyon&quot; olarak adland\u0131rd\u0131\u011f\u0131m\u0131z; yani &quot;lider aday\u0131n\u0131&quot; , T\u00fcrk toplumunun a\u011f\u0131rl\u0131k merkezini temsil eden ve \u015fehirde ya\u015fasa bile b\u0131rakmad\u0131\u011f\u0131 &quot;ta\u015fral\u0131&quot; , &quot;Anadolu&quot; duru\u015funa uyumlu hale getirme a\u015famas\u0131nda ya\u015fand\u0131. Boyner; \u0130stanbul&#39;un varo\u015flar\u0131ndan, Elaz\u0131\u011f&#39;\u0131n k\u00f6y\u00fcne kadar bir \u00e7ok ki\u015fi i\u00e7in &quot;\u015fehirli \u00e7ocuk&quot;tu. <\/p>\n<p> \u00a0 Hele &quot;modernlik&quot; ve &quot;\u00e7a\u011fda\u015fl\u0131k&quot; ad\u0131na yan\u0131na oturtulan kar\u0131s\u0131; operasyonu y\u00fcr\u00fctenlerin ne kadar acemi oldu\u011funun g\u00f6stergesi idi. Bu resim; Moskova&#39;da Yeltsin&#39;e rakip \u00e7\u0131karmak i\u00e7in i\u015fe yarayabilirdi ama Tokat&#39;\u0131n k\u00f6y\u00fcnden, \u0130stanbul&#39;un varo\u015funa kadar geni\u015f bir alanda; Boyner&#39;i se\u00e7menin g\u00f6z\u00fcnde &quot;bizden biri&quot; s\u0131fat\u0131ndan uzakla\u015ft\u0131rarak; se\u00e7men kitlesini birden &quot;\u015fehirli burjuva&quot; oylar\u0131 ile s\u0131n\u0131rl\u0131 k\u0131ld\u0131.  <\/p>\n<p> \u00a0 E\u011fer Boyner; toplum nezdinde &quot;kurtar\u0131c\u0131&quot; olarak lanse edilebilseydi; bu resimde g\u00f6zard\u0131 edilebilir ve art\u0131k sadece midesi ile d\u00fc\u015f\u00fcnme noktas\u0131na gelen se\u00e7men, ta\u015fral\u0131 veya de\u011fil, Boyner&#39;i sat\u0131n alabilirdi. <\/p>\n<p> \u00a0 Fakat Boyner; &quot;kurtar\u0131c\u0131&quot; de\u011fil, &quot;ayk\u0131r\u0131&quot; s\u0131fat\u0131 ile \u00f6zde\u015fle\u015fti\u011fi i\u00e7in; se\u00e7men kitleleri i\u00e7in olsa olsa &quot;seyredilecek&quot; ama &quot;oy verilmeyecek&quot; lider koltu\u011funda buluverdi kendini. <\/p>\n<p> \u00a0 T\u00fcrkiye&#39;de liderli\u011fe soyundurulan tecr\u00fcbesizlerin; kar\u015f\u0131lar\u0131nda bulduklar\u0131 kalabal\u0131\u011f\u0131 sand\u0131ktaki oy zannetme safl\u0131\u011f\u0131ndan kurtulamamalar\u0131 bu \u00fclkede Boyner&#39;den sonra bir ba\u015fka ismi daha kamuoyu \u00f6n\u00fcnde rezil edecekti.  <\/p>\n<p> \u00a0 Rahmetli \u0130smail Cem de; aynen Boyner gibi, &quot;\u00e7a\u011fda\u015f&quot; ve &quot;ayk\u0131r\u0131&quot; idi ve bu y\u00fczden ilgi \u00e7ekti ama \u00e7ekti\u011fi ilginin onda biri kadar oy alamad\u0131. \u00c7\u00fcnk\u00fc o se\u00e7menin g\u00f6z\u00fcnde &quot;bizden biri&quot; de\u011fildi ve onu b\u0131rak\u0131n; &quot;kurtar\u0131c\u0131&quot; imaj\u0131 ile \u00f6zde\u015fle\u015fmemi\u015fti.  <\/p>\n<p> \u00a0 K\u0131sacas\u0131 ne Boyner, ne Cem; &quot;Tam ma\u011fdurize edilemedikleri&quot; i\u00e7in sevimli ve ayk\u0131r\u0131 kahramanlar olarak kald\u0131lar. Televizyonda her t\u00fcrl\u00fc &quot;modernlik&quot; g\u00f6r\u00fcnt\u00fcs\u00fcn\u00fc seyrederek sat\u0131n alan ama kendi hayat\u0131n\u0131 muhafazakar kal\u0131plarda belirleyen kitlenin &quot;seyretme&quot; ile &quot;oy verme&quot; psikolojisi \u00e7ok daha iyi et\u00fcd edilmeliydi. <\/p>\n<p> <strong>Kemal Dervi\u015f \u00f6rne\u011fini hat\u0131rlad\u0131\u011f\u0131m\u0131zda, lider parlat\u0131c\u0131lar\u0131 daha dikkatli davranm\u0131\u015ft\u0131.<\/strong> <\/p>\n<p> <strong>\u00a0 Kemal Dervi\u015f; ilk g\u00fcnden itibaren; paketlenmi\u015f bir karizma ve en \u00f6nemlisi &quot;kurtar\u0131c\u0131&quot; imaj\u0131 ile topluma sunuldu. <\/strong> <\/p>\n<p> <strong>\u00a0 Havaalan\u0131na indi\u011fi andan itibaren; ekonomik krizle k\u0131vranan milletin her h\u00fccresine &quot;kurtar\u0131c\u0131n\u0131z geldi&quot; melodisi \u00e7al\u0131nmaya ba\u015fland\u0131. <\/strong> <\/p>\n<p> <strong>\u00a0 Kemal Dervi\u015f&#39;in Hilton otelinde kal\u0131rken; &quot;\u015fortu&quot; ile sabah ko\u015fusu yapan hali ne kadar onu &quot;bizden biri&quot; imaj\u0131ndan uzakla\u015ft\u0131rsa da; ko\u015fu sonras\u0131nda \u00f6zenle kurgulanm\u0131\u015f bir sahne ile sanki \u00f6nceden ayarlanmam\u0131\u015f gibi &quot;taksicilerle \u00e7ay i\u00e7ip, sohbet etmesi&quot; onu &quot;bizden biri&quot; kategorisine sokmak i\u00e7in yetersiz ama iyiniyetli bir \u00e7abayd\u0131. Bu \u00e7aba; Dervi\u015f&#39;i, uygulad\u0131\u011f\u0131 politikalarla altlar\u0131ndan bir donunu almad\u0131\u011f\u0131 \u00fcreticiler ve esnafla yanyana g\u00f6steren sahnelerle s\u00fcrd\u00fcr\u00fclmeye \u00e7al\u0131\u015ft\u0131 ama Dervi\u015f her birinde \u00e7ok fazla s\u0131r\u0131t\u0131yordu. <\/strong> <\/p>\n<p> <strong>\u00a0 Boyner vakas\u0131nda; liderin yan\u0131na e\u015fini ismi ile oturtanlar; bu sefer Dervi\u015f&#39;in yan\u0131na oturan yahudi ABD&#39;li Cathrine&#39;i, topluma &quot;Catherine YENGE&quot; olarak yutturdular. <\/strong> <\/p>\n<p> <strong>\u00a0 Fakat nihai tespitte; Dervi\u015f; a\u00e7 ve i\u015fsiz kalmad\u0131\u011f\u0131 s\u00fcrece, semas\u0131nda \u0130ngiliz bayra\u011f\u0131 dalgalansa umursamayacak bir kitleye &quot;kurtar\u0131c\u0131&quot; olarak ba\u015far\u0131 ile lanse edildi. <\/strong> <\/p>\n<p> <strong>\u00a0 Dervi\u015f&#39;in &quot;Ma\u011fdurizasyon&quot;&#39;u da; onu ajanl\u0131kla su\u00e7layanlar ve DSP taraf\u0131ndan sa\u011flanacakt\u0131 ki; yumu\u015fak ve sinirlenmeyen akademik g\u00f6r\u00fcnt\u00fcs\u00fc ile &quot;Erdal \u0130n\u00f6n\u00fc&quot; ile &quot;Adnan Kahveci&quot;&#39;nin bir karmas\u0131 olarak devam edebilece\u011fi siyasi hayat\u0131nda niyetleri ve ba\u011flant\u0131lar\u0131 ile \u00e7ok kolay de\u015fifre oldu. <\/strong> <\/p>\n<p> <strong>\u00a0 Bu noktadan sonra; ODT\u00dc&#39;de ona kar\u015f\u0131 slogan atan \u00f6\u011frencide; ona kar\u015f\u0131 bayrak a\u00e7an sendikalarda; &quot;halim salim adama kar\u015f\u0131 agresiflik yapan&quot; \u00e7\u0131\u011f\u0131rtkanlar de\u011fil, milletin hakk\u0131n\u0131 savunan odak konumuna ge\u00e7tiler. <\/strong> <\/p>\n<p> <strong>\u00a0 Cem Boyner \u00f6rne\u011finde; &quot;Anadoluzizasyon&quot; a\u015famas\u0131nda \u00e7uvallayanlar, bu noktada &quot;Ma\u011fdurizasyon&quot; k\u0131sm\u0131nda \u00e7uvallam\u0131\u015flar ve hizmet etti\u011fi misyonu \u00e7ok h\u0131zl\u0131 de\u015fifre eden Dervi\u015f&#39;in &quot;liderlik projesi&quot; i\u00e7in yanl\u0131\u015f adam oldu\u011funu ge\u00e7 anlam\u0131\u015flard\u0131.<\/strong> <\/p>\n<p> \u0130\u015fte bu noktada; birileri \u015funun fark\u0131na vard\u0131:  <\/p>\n<p> \u00a0 T\u00fcrkiye&#39;de lider aday\u0131n\u0131n &quot;tertemiz&quot; ve &quot;ayd\u0131nl\u0131k&quot; olmas\u0131 de\u011fil; &quot;i\u015fbitirici&quot; olmas\u0131 gerekir. Bu &quot;i\u015fbitirici&quot;lik baz\u0131 \u015f\u00fcpheli faaliyetleri i\u00e7erse de; \u00f6nemli olan se\u00e7menin bakt\u0131\u011f\u0131nda &quot;kendisini&quot; bulaca\u011f\u0131 bir aday yaratmakt\u0131r.. <\/p>\n<p> \u00a0 &#8226;&quot;Yolsuzluktan&quot; s\u00fcrekli \u015fik\u00e2yet etti\u011fi halde; hayat\u0131n kendine ait olan alan\u0131nda, k\u00fc\u00e7\u00fck yolsuzluklarla, kendisini ezen sisteme kar\u015f\u0131 &quot;ma\u011fduriyetini&quot; gideren&#8230; <\/p>\n<p> \u00a0 &#8226;Televizyonda her t\u00fcrl\u00fc modern ya\u015fam tarz\u0131n\u0131 seyredip, \u00f6zenirken; kendi ailesini ve hayat\u0131n\u0131 s\u00fcrekli muhafazakar kal\u0131plarla \u015fekillendiren&#8230; <\/p>\n<p> \u00a0 &#8226;Kendisi sesini \u00e7\u0131karmazken; kendi ad\u0131na sisteme \u015fu ya da bu \u015fekilde direnen, kafa tutan &quot;kahramanlar\u0131&quot; arabeskle\u015ftirip, kalbine yerle\u015ftiren. <\/p>\n<p> \u00a0 &#8226;Hafta i\u00e7i i\u015f hayat\u0131nda her t\u00fcrl\u00fc kul hakk\u0131n\u0131 yiyip; bir tek Cuma namaz\u0131 ile dini vecibelerini yerine getiren  <\/p>\n<p> \u00a0 &#8226;Teravih namaz\u0131n\u0131 &quot;h\u0131zl\u0131&quot; k\u0131ld\u0131rd\u0131\u011f\u0131 i\u00e7in &quot;Ferrari \u0130mam&quot; dedi\u011fi imamlar\u0131 tercih eden&#8230;\u00a0  <\/p>\n<p> \u00a0 K\u0131sacas\u0131; \u00e7eli\u015fkiyi norm olarak ya\u015fayan bir milletin suretidir T\u00fcrkiye&#39;de L\u0130DER.  <\/p>\n<p> \u00a0 Ve bu lider; Tayyip Erdo\u011fan&#39;\u0131n ki\u015fili\u011finde &quot;sa\u011fda&quot;, \u00a0\u00a0\u00a0\u00a0\u00a0\u00a0 Sar\u0131g\u00fcl&#39;\u00fcn ki\u015fili\u011finde de &quot;solda&quot; sahnelenmi\u015f. Recep Bey tutmu\u015f, Sar\u0131g\u00fcl geri tepmi\u015ftir. <\/p>\n<p> \u00a0 Ve bu ikili; 1960&#39;lardan sonra sahneye konan S\u00fcleyman Demirel ve B\u00fclent Ecevit ikilisinin birebir kopyas\u0131 gibidir.  <\/p>\n<p> \u00a0 Tayyip Erdo\u011fan&#39;\u0131n y\u00fckselme s\u00fcreci istihbarat \u00f6rg\u00fctlerinin ders kitaplar\u0131nda \u00f6\u011fretilecek kadar klasik bir vakad\u0131r. Bu vakay\u0131 b\u00fct\u00fcn ayr\u0131nt\u0131lar\u0131 ile incelemek; T\u00fcrkiye&#39;nin siyasi sahnesinde, yerel dinamiklerle yerelmi\u015f gibi yapan dinamikler aras\u0131ndaki ayr\u0131m\u0131 yapabilmemiz a\u00e7\u0131s\u0131ndan \u00f6nemli.  <\/p>\n<p> \u00a0 Gelin &quot;Hac Yolunda De\u011fil Ha\u00e7 Yolunda&quot; Ba\u015fl\u0131kl\u0131 bir SESAR analizinin ba\u015flang\u0131c\u0131ndaki c\u00fcmleye odaklanal\u0131m:  <\/p>\n<p> \u00a0 Tayyip Erdo\u011fan ve arkada\u015flar\u0131n\u0131, &quot;lider&quot; olarak T\u00fcrk kamuoyuna sunanlar\u0131n, lider tespit etme, pi\u015firme ve servis etme y\u00f6ntemlerini bilenler a\u00e7\u0131s\u0131ndan, AKP olgusu; geli\u015fi \u00e7ok \u00f6nceden bilinen bir dalgan\u0131n somut tezah\u00fcr\u00fcnden ba\u015fka bir \u015fey de\u011fildi.  <\/p>\n<p> \u00a0 Bu s\u00fcre\u00e7te; Tayyip Erdo\u011fan&#39;\u0131n bir lider olarak yarat\u0131lmas\u0131na, refleksleri en ince ayr\u0131nt\u0131s\u0131na kadar de\u015fifre edilmi\u015f ve milli strateji \u00fcretme konusunda ciddi yetersizlikler ya\u015fayan TSK da dahil olmak \u00fczere bir \u00e7ok kurum ve ki\u015fi g\u00f6n\u00fcll\u00fc ve g\u00f6n\u00fcls\u00fcz olarak destek verdi.\u00a0  <\/p>\n<p> \u00a0 Erdo\u011fan&#39;\u0131 d\u00fcnyadaki her t\u00fcrl\u00fc siyaset sahnesinin yap\u0131s\u0131nda oldu\u011fu gibi; marjinallere ayr\u0131lan bodrum katlar\u0131ndan, baronlara tahsis edilen dubleks \u00e7at\u0131 katlar\u0131na ta\u015f\u0131yan dinamik; her siyaset hidroforu gibi hem negatif, hem pozitif bas\u0131n\u00e7 ilkesine g\u00f6re i\u015fledi.  <\/p>\n<p> \u00a0 Negatif bas\u0131n\u00e7; yukar\u0131 katlarda yarat\u0131lan bo\u015fluktu:  <\/p>\n<p> \u00a0 Ecevit gibi b\u0131rak\u0131n \u00fclkeyi y\u00f6netmek; merdiven \u00e7\u0131kmakta bile zorlanan ve &quot;negatif imaj&quot; yaratmak konusunda \u00e7ok kolay hedef olan bir isimden sonra; Ba\u015fbakanl\u0131k merdivenlerini daha h\u0131zl\u0131 \u00e7\u0131kan, uluslararas\u0131 toplant\u0131larda dik durmay\u0131 becerebilen bir lider bile toplum nezdinde otomatikman art\u0131 puan kazanacak \u015fekilde programlanm\u0131\u015ft\u0131.  <\/p>\n<p> \u00a0 Pozitif bas\u0131n\u00e7 ise; Tayyip Erdo\u011fan&#39;\u0131n mazlumla\u015ft\u0131r\u0131lmas\u0131 ve kitleselle\u015ftirilmesi yolunda tabandan uygulanan kuvvetti. Keza kendisinin; &quot;Anadolu&quot; duru\u015fu hakk\u0131nda ek bir \u00e7al\u0131\u015fmaya ihtiya\u00e7 b\u0131rakmam\u0131\u015ft\u0131.  <\/p>\n<p> \u00a0 &quot;Kas\u0131mpa\u015fal\u0131l\u0131k&quot; terimi ile \u00f6zetlenen bu duru\u015fa; Erdo\u011fan y\u00fckseldik\u00e7e &quot;siyah g\u00f6zl\u00fcklerle&quot; burjuva bir r\u00f6tu\u015f yap\u0131ld\u0131 ve Tayyip Erdo\u011fan oru\u00e7 yedi\u011fi Berlusconi&#39;nin masas\u0131na bu g\u00f6zl\u00fcklerle oturup hava atm\u0131\u015ft\u0131r.  <\/p>\n<p> \u00a0 Bu noktada; Erdo\u011fan&#39;\u0131n, yat\u0131p kalk\u0131p, kendisine en vurmamalar\u0131 gereken yerden vurarak b\u00fcy\u00fck yard\u0131m\u0131 dokunan kurumlara ve bu kurumlar b\u00fcnyesinde 28 \u015eubat s\u00fcrecinin mimarlar\u0131na dua etmesi laz\u0131md\u0131r.  <\/p>\n<p> \u00a0 Sersar&#39;\u0131n tespitleri \u015f\u00f6yle d\u00fczeltilmelidir: <\/p>\n<p> \u00a0 Toplumun b\u00fct\u00fcn h\u00fccreleri ile atomize oldu\u011fu ve bu dejenerasyon s\u00fcrecine kar\u015f\u0131 kitlelerin &quot;iman&quot;a daha duyarl\u0131 hale geldi\u011fi bir ortamda; bir toplumsal taban\u0131n bir parti taban\u0131na d\u00f6n\u00fc\u015ft\u00fcr\u00fclmesi i\u00e7in D\u0131\u015f G\u00fc\u00e7lere g\u00f6re &quot;Il\u0131ml\u0131 \u0130slam&quot; bi\u00e7ilmi\u015f kaftand\u0131r.  <\/p>\n<p> \u00a0 Bu noktada tek bir sorun vard\u0131r: Erbakan&#39;la birlikte s\u00fcrekli antiemperyalist \u00e7izgide tutulan ve dolay\u0131s\u0131 ile toplumsal bir dinamik yaratmak i\u00e7in gerekli estetik ve esneklikten uzak bu kavram\u0131n yeniden yo\u011frulabilir hale gelmesi i\u00e7in bir k\u0131r\u0131lma noktas\u0131na ihtiya\u00e7 vard\u0131r.  <\/p>\n<p> \u00a0 \u0130\u015fte bu nokta 28 \u015eubat olacakt\u0131r.  <\/p>\n<p> \u00a0 28 \u015eubat; T\u00fcrkiye&#39;de \u0130slam&#39;\u0131 bir dirili\u015f dinami\u011fi ve siyonizme kar\u015f\u0131 direni\u015f merkezi olmaktan \u00e7\u0131kar\u0131p, bir siyaset arac\u0131na d\u00f6n\u00fc\u015ft\u00fcren \u00e7ok ba\u015far\u0131l\u0131 bir d\u0131\u015f operasyon say\u0131lmal\u0131d\u0131r.  <\/p>\n<p> \u00a0 Bu s\u00fcrecin en b\u00fcy\u00fck iki oyuncusunun \u00c7evik Bir ve Tayyip Erdo\u011fan olmas\u0131 sizi yan\u0131ltmas\u0131n.  <\/p>\n<p> \u00a0 Neticede, birbirinin anti-tezi gibi g\u00f6r\u00fclen bu iki \u015fahsiyet asl\u0131nda ayn\u0131 g\u00fc\u00e7 oda\u011f\u0131 taraf\u0131ndan birbirlerine kar\u015f\u0131 sahneye s\u00fcr\u00fclm\u00fc\u015f fig\u00fcranlard\u0131r.\u00a0  <\/p>\n<p> \u00a0 Bir yanda; j\u00f6n g\u00f6r\u00fcnt\u00fcs\u00fc ile bir &quot;asker&quot;, di\u011fer tarafta &quot;Anadolu&quot; duru\u015fu ile bir &quot;Sahte \u0130slamc\u0131&quot;; aylar boyunca T\u00fcrk milletinin \u00f6n\u00fcnde bir tiyatro sergilemi\u015flerdir ve bu tiyatronun sonucunda T\u00fcrkiye&#39;de hem siyaset, hem ordu, hem de \u0130slam ayr\u0131\u015fma s\u00fcrecine sokulmu\u015ftur.  <\/p>\n<p> \u00a0 Bu \u00fclkenin saf insanlar\u0131; ister &quot;kat\u0131 laik&quot;, ister &quot;\u0130slamc\u0131&quot; kanatta olsun; inand\u0131klar\u0131 kurum ve ki\u015filerin \u00fclkeyi kurtard\u0131klar\u0131n\u0131 zannederken, asl\u0131nda bu ki\u015filerin kurtard\u0131klar\u0131 tek bir \u015fey vard\u0131r: kendileri.  <\/p>\n<p> \u00a0 Bu y\u00fczdendir ki;  <\/p>\n<p> \u00a0 Tayyip Erdo\u011fan&#39;da \u00c7evik Bir&#39;de; ayn\u0131 Musevi lobilerinden ayn\u0131 \u00f6d\u00fclleri alm\u0131\u015flard\u0131r&#8230; <\/p>\n<p> \u00a0 (Daha do\u011frusu Recep Tayip, Erbakan&#39;a h\u0131yanetin meyvelerini toplam\u0131\u015ft\u0131r.) <\/p>\n<p> \u00a0 Se\u00e7imler \u00f6ncesinde; &quot;Tayyip Erdo\u011fan&#39;\u0131n 1 milyar dolar\u0131 varm\u0131\u015f&quot; \u015feklinde deme\u00e7ler vererek; arka plan\u0131n\u0131 \u00e7ok iyi bildi\u011fi \u00dczeyir Garih-Tayyip Erdo\u011fan ili\u015fkilerine g\u00f6nderme yapan ve daha sonra Tayyip Erdo\u011fan ile yak\u0131nla\u015fan Ko\u00e7&#39;u da bu tabloda yerli yerine oturtmak laz\u0131md\u0131r. <\/p>\n<p> \u00a0 Asl\u0131na bakarsan\u0131z fazla da ara\u015ft\u0131r\u0131lacak bir \u015fey kalmam\u0131\u015ft\u0131r. Anlayan i\u00e7in tablo ortadad\u0131r.  <\/p>\n<p> \u00a0 Tayyip Erdo\u011fan i\u015fte b\u00f6yle bir tablo i\u00e7erisinde; taban\u0131 nezdinde g\u00fc\u00e7lendirilmi\u015ftir.  <\/p>\n<p> \u00a0 Daha bir ka\u00e7 y\u0131l \u00f6ncesine kadar &quot;\u015feriat\u00e7\u0131&quot; imgesi ile \u00f6zde\u015fle\u015fen bir ismin; \u00e7ok k\u0131sa bir s\u00fcrede; \u0130stanbul&#39;un varo\u015flar\u0131ndan, Davos&#39;un zirvelerine ta\u015f\u0131narak; &quot;T\u00fcrkiye&#39;yi AB&#39;ye katacak lider&quot; haline gelmesi; asl\u0131nda takdir edilmesi gereken bir operasyondur.\u00a0  <\/p>\n<p> \u00a0 Ve o kadar ustaca kurgulanm\u0131\u015ft\u0131r ki;  <\/p>\n<p> \u00a0 Ne zaman ki Tayyip Erdo\u011fan&#39;\u0131n yeteri kadar &quot;\u0130slamc\u0131&quot; olmad\u0131\u011f\u0131 taban nezdinde sorun yaratsa; ister Atat\u00fcrk&#39;\u00fcn Meclis&#39;teki bir resmi, ister Y\u00d6K merkezli hemen bir &quot;laiklik krizi&quot; kurgulanmakta veya &quot;\u0130srail k\u0131nanmakta&quot; ve bu \u015fekilde tabana, &quot;merak etme sizin \u00e7ocuk sizi satmad\u0131&quot; mesaj\u0131 ula\u015ft\u0131r\u0131lmakta; <\/p>\n<p> \u00a0 Ne zaman tavan Erdo\u011fan&#39;\u0131n takiyye yapt\u0131\u011f\u0131ndan ku\u015fkulansa; hemen bir &quot;medeniyet&quot; operasyonu ile ya Tayyip yurtd\u0131\u015f\u0131nda Papa \u00f6n\u00fcnde AB anayasalar\u0131 imzalamakta ya da kar\u0131s\u0131 ayakkab\u0131s\u0131ndan ba\u015f\u00f6rt\u00fcs\u00fcne Ay\u015fe Arman filtresinden ge\u00e7irilerek; &quot;burjuvala\u015ft\u0131r\u0131lmaktad\u0131r&quot;.  <\/p>\n<p> \u00a0 Sonu\u00e7ta Tayyip Erdo\u011fan; onu sahneye koyanlar a\u00e7\u0131s\u0131ndan &quot;karizmas\u0131n\u0131 kiralayan bir lider&quot; konumundad\u0131r.  <\/p>\n<p> \u00a0 \u0130ktidara yerle\u015fene kadar; s\u00f6yleminden, duru\u015funa kadar \u0130slamc\u0131 taban\u0131n s\u0131rt\u0131na basm\u0131\u015f; s\u0131rt\u0131na bast\u0131\u011f\u0131 bu taban \u00fczerinde y\u00fckseldikten sonra; yabanc\u0131 odaklar ve yerli i\u015fbirlik\u00e7i komprador burjuvazi taraf\u0131ndan yukar\u0131 \u00e7ekilmi\u015f, iktidara ta\u015f\u0131nm\u0131\u015ft\u0131r. <\/p>\n<p> \u00a0 Bu nedenledir ki; AKP ve Tayyip Erdo\u011fan; &quot;muhafazakar demokrasi&quot; s\u0131fat\u0131 ile asl\u0131nda kendilerine y\u00fck olan &quot;\u0130slam&quot; safras\u0131n\u0131 atmaya ve kendilerine yeni bir kimlik tan\u0131mlamaya olduk\u00e7a muhta\u00e7t\u0131rlar.&quot; <\/p>\n<p> Mehmet A\u011far, Erkan Mumcu, Zeki Sezer ve saire ise, yedek lastik misali haz\u0131rlanmaktad\u0131r. <\/p>\n<p> <strong>Atat\u00fcrk sosyal demokrat m\u0131yd\u0131 Bay Sar\u0131g\u00fclc\u00fcler? <\/strong> <\/p>\n<p> <strong>\u00a0 \u00d6yle oldu\u011funu sananlar da var, \u00f6yle olmas\u0131n\u0131 isteyenler de&#8230; Oysa uzaktan yak\u0131ndan ilgisi yoktur&#8230; Atat\u00fcrk&#39;\u00fc solcu sanmak i\u00e7in ahmak olmak gerekir ki, \u00fclkemizde bol miktarda vard\u0131r onlardan!<\/strong> <\/p>\n<p> <strong>\u00d6l\u00e7\u00fc ka\u00e7\u0131nca, sa\u00e7mal\u0131klar da ba\u015fl\u0131yor. Ge\u00e7enlerde Mustafa Sar\u0131g\u00fcl, &quot;kanl\u0131s\u0131&quot; Deniz Baykal i\u00e7in &quot;CHP liderli\u011fi, Atat\u00fcrk&#39;\u00fcn koltu\u011funa yan gelip yatma yeri de\u011fildir&quot; demi\u015f&#8230;<\/strong> <\/p>\n<p> <strong>\u00a0 Atat\u00fcrk solcu molcu de\u011fildi. Atat\u00fcrk&#39;\u00fcn yapt\u0131\u011f\u0131 bir &quot;uygarl\u0131k de\u011fi\u015ftirme&quot; giri\u015fimidir, \u00e7ok radikal bir eylemdir, toplumun derinlerine k\u00f6k salmasa bile \u00fcst d\u00fczeyde tutmu\u015ftur. Bu ayn\u0131 zamanda bir &quot;bilim ve \u00e7a\u011fda\u015f ya\u015fam&quot; projesidir. Zor kullanarak ger\u00e7ekle\u015ftirilmi\u015ftir. Ama \u015fapka giymenin, soyad\u0131 alman\u0131n, tatil g\u00fcn\u00fcn\u00fc de\u011fi\u015ftirmenin, Latin alfabesi kullanman\u0131n solla molla ilgisi yoktur&#8230;<\/strong> <\/p>\n<p> <strong>\u00a0 Atat\u00fcrk, cumhuriyetin ilk d\u00f6neminde (yirmili y\u0131llarda), \u0130zmir \u0130ktisat Kongresi kararlar\u0131 do\u011frultusunda serbest piyasa ekonomisini ve &quot;milli iktisad\u0131&quot;, yani ekonominin yabanc\u0131lar\u0131n ve gayr\u0131m\u00fcslimlerin elinden al\u0131n\u0131p yerli kapitaliste verilmesi, daha do\u011frusu yerli kapitalistin yoktan yarat\u0131lmas\u0131 politikas\u0131n\u0131 izlemi\u015ftir. Cumhuriyetin ikinci d\u00f6neminde, otuzlu y\u0131llarda da bu politika &quot;devlet kapitalizmine&quot; d\u00f6nm\u00fc\u015ft\u00fcr. Atat\u00fcrk d\u00f6neminde sol partiler kapat\u0131lm\u0131\u015flard\u0131r. Grev yasakt\u0131r. \u0130\u015f\u00e7i hakk\u0131 falan yoktur.<\/strong> <\/p>\n<p> <strong>Bu durumda Atat\u00fcrk&#39;\u00fc solcu sanmak i\u00e7in ahmak olmak gerekir ki, \u00fclkemizde bol miktarda vard\u0131r onlardan!<\/strong> <\/p>\n<p> <strong>\u00a0 CHP&#39;nin hi\u00e7bir zaman solcu olmad\u0131\u011f\u0131n\u0131 ve olamayaca\u011f\u0131n\u0131 bir anlasalar arkada\u015flar, hem kendileri rahat edecekler, hem de Baykal&#39;a haks\u0131zl\u0131k etmekten vazge\u00e7ecekler. Deniz Baykal, CHP liderli\u011fine pek\u00e2l\u00e2 da yak\u0131\u015fmaktad\u0131r. Fakat asla iktidara gelemeyecektir, bunu zaten kendisi de istemiyor! Ana muhalefet liderli\u011fi koltu\u011funda \u00e7ok mutlu.&quot; (02.04.2007 \/ Ak\u015fam) diyen. Engin Ard\u0131\u00e7 ise, Mustafa Sar\u0131g\u00fcl&#39;\u00fc bahane ederek Atat\u00fcrk&#39;\u00fc: &quot;Kapitalist kafal\u0131, diktat\u00f6r yap\u0131l\u0131, Bat\u0131 hayran\u0131&quot; g\u00f6stermek niyetindedir.<\/strong> <\/p>\n","protected":false},"excerpt":{"rendered":"<p>\u00a0  <\/p>\n<p> S\u00f6z \u00f6z\u00fcn aynas\u0131d\u0131r. Laflar\u0131, ki\u015finin ayar\u0131d\u0131r. &quot;Beyan\u0131 lisan, ayn\u0131yla insan&quot; deyimi S\u00fcleyman Demirel i\u00e7in tam yerine oturmaktad\u0131r. A\u015fa\u011f\u0131daki ba\u015fl\u0131klar, onun laflar\u0131d\u0131r: <\/p>\n<p> T\u00fcrbanl\u0131lar Arabistan&#39;a gitsin! <\/p>\n<p> \u00a0 AKP t\u00fcrban sorununu \u00e7\u00f6zemez!\u00a0  <\/p>\n<p> \u00a0 Ar\u0131n\u00e7&#39;\u0131 canl\u0131 yay\u0131nda d\u00fcello&#39;ya davet ediyorum! <\/p>\n<p> \u00a0 Savc\u0131n\u0131n ihrac\u0131 yanl\u0131\u015ft\u0131! <\/p>\n<p> \u00a0 Unumu eleyip, ele\u011fimi asmad\u0131m!  <\/p>\n<p> \u00a0 Kendimi fevkalade haller i\u00e7in saklam\u0131yorum. (Sadece haz\u0131r oldu\u011fumu hat\u0131rlat\u0131yorum!)\u00a0\u00a0\u00a0\u00a0  <\/p>\n<p> \u00a0 (Meydanlara \u00e7\u0131kacak) Enerjim var. Meydanlar\u0131 \u00f6zl\u00fcyorum. (\u00c7\u0131karmalar\u0131n\u0131 g\u00f6zl\u00fcyorum) <\/p>\n<p> \u00a0 Ba\u015fbakanlar as\u0131lmaktan korkuyor, cesur karar alam\u0131yor!\u00a0\u00a0\u00a0\u00a0\u00a0\u00a0\u00a0\u00a0\u00a0\u00a0\u00a0\u00a0\u00a0\u00a0\u00a0\u00a0\u00a0\u00a0\u00a0\u00a0\u00a0\u00a0\u00a0\u00a0\u00a0\u00a0\u00a0\u00a0\u00a0\u00a0\u00a0\u00a0\u00a0\u00a0\u00a0\u00a0\u00a0\u00a0  <\/p>\n<p> \u00a0 AKP&#39;nin i\u00e7inde ahenksizlik var. Onlar itiraf etmez ama var! <\/p>\n","protected":false},"author":40,"featured_media":0,"comment_status":"open","ping_status":"closed","sticky":false,"template":"","format":"standard","meta":{"footnotes":""},"categories":[71],"tags":[],"class_list":["post-987","post","type-post","status-publish","format-standard","hentry","category-haziran-2007"],"_links":{"self":[{"href":"https:\/\/www.millicozum.com\/mc\/wp-json\/wp\/v2\/posts\/987","targetHints":{"allow":["GET"]}}],"collection":[{"href":"https:\/\/www.millicozum.com\/mc\/wp-json\/wp\/v2\/posts"}],"about":[{"href":"https:\/\/www.millicozum.com\/mc\/wp-json\/wp\/v2\/types\/post"}],"author":[{"embeddable":true,"href":"https:\/\/www.millicozum.com\/mc\/wp-json\/wp\/v2\/users\/40"}],"replies":[{"embeddable":true,"href":"https:\/\/www.millicozum.com\/mc\/wp-json\/wp\/v2\/comments?post=987"}],"version-history":[{"count":0,"href":"https:\/\/www.millicozum.com\/mc\/wp-json\/wp\/v2\/posts\/987\/revisions"}],"wp:attachment":[{"href":"https:\/\/www.millicozum.com\/mc\/wp-json\/wp\/v2\/media?parent=987"}],"wp:term":[{"taxonomy":"category","embeddable":true,"href":"https:\/\/www.millicozum.com\/mc\/wp-json\/wp\/v2\/categories?post=987"},{"taxonomy":"post_tag","embeddable":true,"href":"https:\/\/www.millicozum.com\/mc\/wp-json\/wp\/v2\/tags?post=987"}],"curies":[{"name":"wp","href":"https:\/\/api.w.org\/{rel}","templated":true}]}}