{"id":988,"date":"2007-06-05T03:32:59","date_gmt":"2007-06-05T03:32:59","guid":{"rendered":"https:\/\/www.millicozum.com\/mc\/2007\/06\/05\/kt-mewla-benave-tk-beh-gcanin-ortak-kehanet\/"},"modified":"2007-06-05T03:32:59","modified_gmt":"2007-06-05T03:32:59","slug":"kurtcu-mewla-benavi-ile-turkcu-behic-gurcihanin-ortak-kehaneti","status":"publish","type":"post","link":"https:\/\/www.millicozum.com\/mc\/2007\/haziran-2007\/kurtcu-mewla-benavi-ile-turkcu-behic-gurcihanin-ortak-kehaneti\/","title":{"rendered":"K\u00dcRT\u00c7\u00dc MEWLA BENAV\u0130 \u0130LE T\u00dcRK\u00c7\u00dc BEH\u0130\u00c7 G\u00dcRC\u0130HAN&#8217;IN  ORTAK KEHANET\u0130"},"content":{"rendered":"<p>\u00a0  <\/p>\n<p> Bir toplumda &quot;yanl\u0131\u015f&quot;lar\u0131 yutturman\u0131n en pratik ve etkili yolu, onu baz\u0131 &quot;do\u011fru&quot;larla harmanlay\u0131p birlikte sunmakt\u0131r. Ve bu y\u00fczden &quot; en tehlikeli ve tahrip edici yanl\u0131\u015f, do\u011fruya en yak\u0131n olan yanl\u0131\u015ft\u0131r&quot;. \u00c7\u00fcnk\u00fc b\u00f6ylesi yanl\u0131\u015flar\u0131n do\u011fru gibi alg\u0131lanma \u015fans\u0131 daha y\u00fcksek bulunmaktad\u0131r.  <\/p>\n<p>  \u00a0  <\/p>\n<p> \u0130\u015fte Behi\u00e7 G\u00fcrcihan (K\u0131van\u00e7 De\u011firmenli) \u0131n A\u00e7\u0131kistihbarat sitesindeki &quot;Bir muht\u0131ra \u00c7evresinde Dans Eden \u0130ki Devlet Adam\u0131&quot; yaz\u0131s\u0131nda, Ya\u015far B\u00fcy\u00fckan\u0131t&#39;la Recep T. Erdo\u011fan\u0131 ayn\u0131 kirli-derin &quot;Devlet&quot;in adam\u0131 olarak tan\u0131tmaya u\u011fra\u015f\u0131rken, \u0130sve\u00e7&#39;ten yay\u0131n yapan; &quot;K\u00fcrdistan sava\u015f\u00e7\u0131s\u0131, \u0130srail ve ABD yanda\u015f\u0131, ama koyu bir T\u00fcrkiye Cumhuriyeti ve T\u00fcrk askeri d\u00fc\u015fman\u0131 Mewla Benavi ile sanki birbirini tamamlar mahiyette yorumlar yapmalar\u0131 acaba sadece bir rastlant\u0131 m\u0131yd\u0131? Biribirine ayk\u0131r\u0131 yakla\u015f\u0131mlarla, ama ayn\u0131 sonu\u00e7lar\u0131 do\u011furacak beklentileri nas\u0131l yorumlanmal\u0131yd\u0131? Yoksa malzemeler ayn\u0131 mutfaktan m\u0131 yollanmaktayd\u0131?  <\/p>\n<p> \u00a0\u00a0 Geliniz \u00f6nce Behi\u00e7 G\u00fcrcihan&#39;\u0131n yaz\u0131s\u0131n\u0131 okuyal\u0131m, sonra Mewla Benavi&#39;nin yakla\u015f\u0131m\u0131yla kar\u015f\u0131la\u015ft\u0131ral\u0131m.  <\/p>\n<p> \u00a0\u00a0 Bir Muht\u0131ra \u00c7evresinde Dans eden \u0130ki Devlet Adam\u0131  <\/p>\n<p> \u00a0\u00a0 Taban\u0131n\/Teban\u0131n en b\u00fcy\u00fck yan\u0131lg\u0131s\u0131 ba\u015f\u0131n kendisi ile ayn\u0131 perspektife\/ufka\/kayg\u0131ya sahip oldu\u011fudur.  <\/p>\n<p> \u00a0\u00a0 S\u0130YASET denilen; Egemenlerle Millet aras\u0131ndaki o ge\u00e7irgen tampon b\u00f6lgede; s\u00f6zde liderlerin g\u00f6revi Taban ile Tavan aras\u0131ndaki o hassas dengeyi tutturmakt\u0131r.  <\/p>\n<p> <strong>\u0130\u00e7inden ge\u00e7ti\u011fimiz s\u00fcre\u00e7te; Tayyip Erdo\u011fan ve Ya\u015far B\u00fcy\u00fckan\u0131t T\u00fcrk siyasi hayat\u0131na bah\u015fedilmi\u015f iki denge ustas\u0131 olarak okunmal\u0131d\u0131r.<\/strong>  <\/p>\n<p> <strong>\u00a0\u00a0 \u0130kisi de; san\u0131ld\u0131\u011f\u0131n\u0131n aksine ayn\u0131 gemidedir&#8230; (yani: Ayn\u0131 odaklar\u0131n g\u00fcd\u00fcm\u00fcndedir. M.\u00c7.)<\/strong>  <\/p>\n<p> <strong>\u0130kisinin de aras\u0131ndaki ileti\u015fim san\u0131ld\u0131\u011f\u0131n aksine fazlas\u0131 ile iyidir.<\/strong>  <\/p>\n<p> <strong>\u00a0\u00a0 Tek sorun; tabanlar\u0131n\u0131n ikisini de olduklar\u0131ndan farkl\u0131 bir yere oturtmu\u015f olmas\u0131d\u0131r ve maalesef siyaset denilen tampon b\u00f6lgede karizman\u0131z\u0131n kiras\u0131 size bi\u00e7ilen rol\u00fc oynad\u0131\u011f\u0131n\u0131z s\u00fcrece ge\u00e7erlidir.<\/strong>  <\/p>\n<p> <strong>\u00a0\u00a0 Halbuki Tayyip Erdo\u011fan da&#8230;<\/strong>  <\/p>\n<p> <strong>\u00a0\u00a0 Ya\u015far B\u00fcy\u00fckan\u0131t da&#8230;<\/strong>  <\/p>\n<p> <strong>\u00a0\u00a0 Y\u0131llard\u0131r bu &quot;DEVLET&quot; ad\u0131na \u00e7al\u0131\u015fmaktad\u0131r.\u00a0 (Burada, d\u0131\u015f g\u00fc\u00e7lerin emrindeki kirli ve masonik derin devlet kastedilmektedir. M.\u00c7.)<\/strong>  <\/p>\n<p> <strong>\u00a0\u00a0 G\u00fcndem bir Anayasa \u00e7orbas\u0131 k\u0131vam\u0131nda yo\u011fun ate\u015fte pi\u015firilirken iki devlet adam\u0131 Tayyip Erdo\u011fan ve Ya\u015far B\u00fcy\u00fckan\u0131t Dolmabah\u00e7e&#39;de bir araya gelmi\u015ftir. <\/strong> <\/p>\n<p> <strong>\u00a0\u00a0 T\u00fcrk Devleti&#39;nin hassas konularda \u00fc\u00e7l\u00fc toplanma gelene\u011fi bozulmad\u0131ysa o toplant\u0131da bir &quot;Devlet&quot; adam\u0131n\u0131n daha bulunma ihtimali y\u00fcksektir.<\/strong>  <\/p>\n<p> <strong>\u00a0\u00a0 Bu &quot;Devlet&quot; adam\u0131n\u0131n Dolmabah\u00e7e&#39;ye yak\u0131n bir mek\u00e2ndan; bas\u0131na g\u00f6r\u00fcnmeden gelmi\u015f olma ihtimali de y\u00fcksektir.<\/strong>  <\/p>\n<p> <strong>\u00a0\u00a0 Neticede bir &quot;Devlet&quot; toplant\u0131s\u0131d\u0131r.<\/strong>  <\/p>\n<p> <strong>\u00a0\u00a0 &quot;Siyaset\u00e7i&quot; Tayyip ile &quot;Asker&quot; Ya\u015far Pa\u015fa&#39;n\u0131n birbirlerine sitemlerini iletip; &quot;rejim elden gidiyor\/gitmiyor&quot; tart\u0131\u015fmalar\u0131 yapacaklar\u0131 bir toplant\u0131 de\u011fil.<\/strong>  <\/p>\n<p> <strong>\u00a0\u00a0 \u0130kisi de &quot;rejimin elden gitmedi\u011fini&quot; \u00e7ok iyi bilmektedir.<\/strong>  <\/p>\n<p> <strong>\u00a0\u00a0 Ba\u015f olarak ikisinin de &quot;DEVLET&quot; ad\u0131na en b\u00fcy\u00fck derdi &quot;kitlelerin y\u00f6netimidir&quot;.<\/strong>  <\/p>\n<p> <strong>\u00a0\u00a0 \u0130kisinin de en b\u00fcy\u00fck derdi; \u015fahit ve taraf olup da kitlelere anlatamad\u0131klar\u0131 d\u00f6n\u00fc\u015f\u00fcmleri\/de\u011fi\u015fimleri topluma yava\u015f yava\u015f yedirecek s\u00fcre\u00e7leri y\u00f6netmektir.<\/strong>  <\/p>\n<p> <strong>\u00a0\u00a0 \u0130kisi de o y\u00fczden koordinasyon i\u00e7in ortak yabanc\u0131 dostlar\u0131na g\u00fcvenmektedir.<\/strong>  <\/p>\n<p> <strong>\u00a0\u00a0 Neticede Tayyip Erdo\u011fan&#39;\u0131n &quot;\u015firket&quot; tecr\u00fcbesi de; Ya\u015far Pa\u015fa&#39;n\u0131n ustaca t\u0131rmand\u0131\u011f\u0131 pramidin gerektirdi\u011fi politika tecr\u00fcbesi de;\u00a0 kendilerine tek bir \u015fey \u00f6\u011fretmi\u015ftir:<\/strong>  <\/p>\n<p> <strong>\u00a0\u00a0 Y\u00fckselme; safralar\u0131n\u0131 ta\u015f\u0131ma ve do\u011fru y\u00fckseklikte atma sanat\u0131d\u0131r.<\/strong>  <\/p>\n<p> Bu iki ismin de dosyas\u0131n\u0131 elinde tutan &quot;DEVLET&quot;;\u00a0 bu iki ismi de hayatlar\u0131n\u0131n en zorlu denge oyunu ile test etmektedir.  <\/p>\n<p> \u00a0\u00a0 Bir yanda; Atlantik \u00f6tesi ve berisi m\u00fcttefikliklerle kotar\u0131lan &quot;neo-projeler&quot;  <\/p>\n<p> \u00a0\u00a0 Di\u011fer yanda; \u00dcmraniye sokaklar\u0131n\u0131 bile dikkate almay\u0131 gerektiren dinamikler&#8230;  <\/p>\n<p> \u00a0\u00a0 Bir yanda; sizi oralara ta\u015f\u0131yanlara \u00f6denmesi gereken\/\u00f6denmesi zorunlu diyetler&#8230;  <\/p>\n<p> \u00a0\u00a0 Di\u011fer yanda; s\u0131rt\u0131n\u0131zda ta\u015f\u0131d\u0131\u011f\u0131n\u0131z ve kitlelerin sizinle \u00f6zde\u015fle\u015ftirdi\u011fi tarihi k\u0131yafetler&#8230;.  <\/p>\n<p> \u00a0\u00a0 O y\u00fckseklikte denge oyunu \u00e7ok zordur beyler&#8230;  <\/p>\n<p> \u00a0\u00a0 Bir d\u00fc\u015ferken, bir bo\u011fulurken birbirine sar\u0131l\u0131r &quot;d\u00fc\u015fman&quot; eller.  <\/p>\n<p> \u00a0\u00a0 NATO zirvesi i\u00e7in \u0130stanbul&#39;da bulunan d\u00fcnya liderlerine Topkap\u0131 Saray\u0131&#39;nda verilen \u00f6zel konser s\u0131ras\u0131nda \u0130ngiltere Ba\u015fbakan\u0131 Tony Blair&#39;in laf aras\u0131nda Erdo\u011fan&#39;a s\u00f6yledi\u011fi bir s\u00f6z vard\u0131 hat\u0131rlay\u0131n l\u00fctfen : &quot;Ba\u015fbakanl\u0131\u011f\u0131 buraya ta\u015f\u0131san\u0131za&quot; !?  <\/p>\n<p> \u00a0\u00a0 Bu &quot;esprili&quot; tavsiyenin hemen sonras\u0131nda T\u00fcrkiye&#39;nin en b\u00fcy\u00fck Osmanl\u0131 tarih\u00e7ilerinden biri olan \u0130lber Ortayl\u0131 Topkap\u0131&#39;daki g\u00f6revine ba\u015flad\u0131.  <\/p>\n<p> \u00a0\u00a0 AKP&#39;nin; \u0130ngiltere&#39;nin tavsiyesinden hemen sonra Topkap\u0131 Saray\u0131&#39;na yerle\u015ftirdi\u011fi \u0130lber Ortayl\u0131; T\u00fcrkiye&#39;ye giydirilmeye \u00e7al\u0131\u015f\u0131lan Neo-Osmanl\u0131 projesinin en sembolik entellekt\u00fcellerinden biri olarak mesaisini s\u00fcrd\u00fcrmektedir.  <\/p>\n<p> \u00a0\u00a0 Cumhuriyet ile Neo-Osmanl\u0131 projesi aras\u0131nda kurulmaya \u00e7al\u0131\u015f\u0131lan k\u00f6pr\u00fcden ge\u00e7en bir mesai.  <\/p>\n<p> \u00a0\u00a0 T\u00fcrkiye&#39;ye dayat\u0131lmaya \u00e7al\u0131\u015f\u0131lan federatif-ba\u015fkanl\u0131k sisteminin (Neo-Osmanl\u0131) ba\u015far\u0131l\u0131 olmas\u0131 i\u00e7in k\u00fcresel g\u00fc\u00e7lerle senkron olmas\u0131 gereken iki isimden biri olan Tayyip Erdo\u011fan; Ortayl\u0131-Topkap\u0131 Saray\u0131 e\u015fle\u015ftirmesi ile bug\u00fcne kadar verdi\u011fi y\u00fczlerce &quot;uyumluyum, beni delikten s\u00fcp\u00fcrmeyin&quot; mesaj\u0131n\u0131 \u00e7ok nitelikli yeni bir mesajla takviye etmi\u015ftir.  <\/p>\n<p> \u00a0\u00a0 Ortayl\u0131&#39;y\u0131 ilgili yerlere gereken mesaj\u0131 vermek i\u00e7in sadece Tayyip Erdo\u011fan&#39;m\u0131 kullanm\u0131\u015ft\u0131r?  <\/p>\n<p> \u00a0\u00a0 G\u00f6reve atanmas\u0131 ile birlikte &quot;modernizasyon&quot; ba\u015fl\u0131\u011f\u0131 alt\u0131nda TSK&#39;n\u0131n Pentagonizasyonu S\u00fcreci h\u0131zlanan Ya\u015far B\u00fcy\u00fckan\u0131t da; ABD B\u00fcy\u00fckel\u00e7ili\u011fi ortak muhabbet zemininde bulu\u015ftuklar\u0131 Ortayl\u0131&#39;y\u0131 mesaj vermek i\u00e7in \u00e7ok ak\u0131ll\u0131 bir \u015fekilde kullanm\u0131\u015ft\u0131r.  <\/p>\n<p> \u00a0\u00a0 Ne zaman m\u0131? Harp Akademileri&#39;nin a\u00e7\u0131l\u0131\u015f dersini &#8211; Atat\u00fcrk\u00e7\u00fcl\u00fck hakk\u0131nda &#8211; \u0130lber Ortayl\u0131&#39;ya verdirerek.  <\/p>\n<p> \u00a0\u00a0 Bunun; &quot;Atat\u00fcrk\u00e7\u00fcl\u00fc\u011f\u00fc&quot;, bir &quot;new age paradigmas\u0131&quot;na \u00e7eviren Hilmi \u00d6zk\u00f6k&#39;ten daha derin;  <\/p>\n<p> \u00a0\u00a0 Mustafa Kemal&#39;in temsil etti\u011fi Milli ve Devrimci dinami\u011fin; Osmanl\u0131&#39;n\u0131n temsil etti\u011fi yap\u0131 ile nas\u0131l \u00e7eli\u015fti\u011fini anlamas\u0131 gereken bir dima\u011fa g\u00f6re \u00e7ok s\u0131\u011f oldu\u011funu not etmemiz gerekir. (Burada yazar Osmanl\u0131 sistemini bahane ederek, gizli \u0130slam alerjisini mi kusmaya \u00e7al\u0131\u015fmaktad\u0131r? M.\u00c7.)  <\/p>\n<p> \u00a0\u00a0 Anlamama ihtimallerine kar\u015f\u0131 da; Tayyip Erdo\u011fan gibi ABD&#39;den c\u00fcppe giyip, madalya almak;  <\/p>\n<p> \u00a0\u00a0 Bush&#39;un elini s\u0131kmak i\u00e7in Ortak\u00f6y&#39;de s\u0131raya ge\u00e7ip, zenci korumalara el kontrol\u00fc yapt\u0131rmaya kadar bir \u00e7ok tarihi sahnenin alt\u0131na imza atars\u0131n\u0131z ki&#8230;. Y\u00fckselmek vizyonunuza halel gelmesin.  <\/p>\n<p> \u00a0\u00a0 Y\u00fckselme vizyonuna sonuna kadar sad\u0131k olanlar\u0131 tespit edip, k\u00fcresel planlar\u0131na entegre etme konusunda usta olanlar a\u00e7\u0131s\u0131ndan Cumhuriyet&#39;ten Neo-Osmanl\u0131&#39;ya ge\u00e7i\u015f hayalinde ayn\u0131 anda i\u015flemesi gereken iki kulvar s\u00f6z konusu:  <\/p>\n<p> \u00a0\u00a0 Birincisi; Osmanl\u0131&#39;n\u0131n y\u00fcceltilerek, \u00f6zenilecek bir model olarak ortaya konulmas\u0131&#8230;  <\/p>\n<p> \u00a0\u00a0 \u0130kincisi; Cumhuriyet&#39;in y\u0131prat\u0131larak, tasfiye edilmesi gereken, eskimi\u015f bir model olarak yeniden teorize edilmesi&#8230;  <\/p>\n<p> \u00a0\u00a0 Tayyip Erdo\u011fan &#8211; Ya\u015far B\u00fcy\u00fckan\u0131t ekseninde birinci misyonu \u0130lber Ortayl\u0131 gibi isimler ba\u015far\u0131 ile y\u00fcr\u00fct\u00fcyor.  <\/p>\n<p> \u00a0\u00a0 Yal\u00e7\u0131n K\u00fc\u00e7\u00fck gibi isimler ise ikinci kulvarda ortaya \u00e7\u0131k\u0131yor.  <\/p>\n<p> \u00a0\u00a0 Aktuel&#39;de son yay\u0131nlanan r\u00f6portaj\u0131nda;  <\/p>\n<p> \u00a0\u00a0 B\u00fcy\u00fckan\u0131t&#39;la akraba oldu\u011funu m\u00fcjdeleyen Yal\u00e7\u0131n K\u00fc\u00e7\u00fck; Sabetayc\u0131l\u0131ktan girip; Enver \u00fczerinden Kerk\u00fck&#39;e \u00e7\u0131kmay\u0131 tahrik ediyor ve art\u0131k \u00e7\u0131kt\u0131\u011f\u0131 her programda,  <\/p>\n<p> \u00a0\u00a0 &quot;Ya\u015far Pa\u015fa Hazretleri bunu g\u00f6r\u00fcyor&quot; demeye ba\u015fl\u0131yor!  <\/p>\n<p> \u00a0\u00a0 Ya\u015far Pa\u015fa&#39;n\u0131n da, Tayyip Erdo\u011fan&#39;\u0131n da yar\u0131ndan \u00f6tesini g\u00f6rd\u00fc\u011f\u00fcne emin de\u011filiz.  <\/p>\n<p> \u00a0\u00a0 \u00d6ncelikle T\u00fcrkiye&#39;de devletin derinliklerdeki \u00e7atla\u011f\u0131;\u00a0 karikat\u00fcrize etmek pahas\u0131na iki kategoriye ay\u0131ral\u0131m.  <\/p>\n<p> \u00a0\u00a0 Birinin ba\u015f\u0131na Do\u011fu Bey&#39;i  <\/p>\n<p> \u00a0\u00a0 Di\u011ferinin ba\u015f\u0131na Bat\u0131 Bey&#39;i koyal\u0131m.  <\/p>\n<p> Do\u011fu Bey;\u00a0 Az \u00e7ok Kurtlar\u0131m\u0131z\u0131n Vadisi&#39;nde g\u00f6rd\u00fc\u011f\u00fcn\u00fcz tarzda bir misyon adam\u0131.  <\/p>\n<p> \u00a0\u00a0 Denge oyunlar\u0131n\u0131 \u00e7ok iyi bilen;\u00a0 Bastonunu fiziki dengesinden \u00e7ok;\u00a0 zaman\u0131nda etkili oldu\u011fu fakat Milli hassasiyetleri nedeni ile d\u0131\u015fland\u0131\u011f\u0131 masonik yap\u0131n\u0131n yadigar\u0131 olarak ta\u015f\u0131yan;\u00a0 Sab\u0131rl\u0131 ve nihai tahlilde b\u00fct\u00fcn denge oyunlar\u0131n\u0131 \u00fclkesi i\u00e7in Milli ve hatta emperyal bir vizyonla oynayan bir &quot;Ya\u015fl\u0131 Kurt&quot;  <\/p>\n<p> \u00a0\u00a0 Bat\u0131 Bey ise; Kariyer basamaklar\u0131n\u0131 s\u00fcrekli g\u00f6zetim ve kontrol alt\u0131nda t\u0131rmanm\u0131\u015f;\u00a0 Ciddi karakter zaaflar\u0131n\u0131, kendisi i\u00e7in in\u015fa edilen medya vitrini \u00fczerinden karizma unsuru ile dengelemi\u015f;\u00a0 Mensubu oldu\u011fu hiyerar\u015fik tarikat yap\u0131s\u0131n\u0131n uluslararas\u0131 dengelerine ulusal dengelerden \u00e7ok daha fazla \u00f6zen g\u00f6steren; \u0130\u00e7erdeki konseyleri d\u0131\u015far\u0131s\u0131 ad\u0131na idare eden ve en \u00f6nemlisi T\u00fcrkiye konusundaki hassasiyetlerinde samimi olsa dahi; T\u00fcrkiye&#39;nin \u00e7\u0131karlar\u0131n\u0131 ve bekaas\u0131n\u0131 ancak d\u0131\u015f g\u00fc\u00e7lerle uyum ve senkron i\u00e7inde koruyabilece\u011fine inanan;\u00a0 aras\u0131ra gaza gelip yaln\u0131z ba\u015f\u0131na hareket etmeye kalkt\u0131\u011f\u0131nda da ipi \u00e7ekilip, dinlenmeye al\u0131nan; kadrolu bir politikac\u0131.  <\/p>\n<p> <strong>Do\u011fu Bey ne kadar perde arkas\u0131nda kalmay\u0131 tercih eden bir profile sahipse; Bat\u0131 Bey spotlar\u0131n s\u0131cakl\u0131\u011f\u0131n\u0131 sever.<\/strong>  <\/p>\n<p> <strong>\u00a0\u00a0 T\u00fcrkiye&#39;de maalesef Do\u011fu Bey \u015fu anda sadece Kurtlar\u0131m\u0131z\u0131n Vadisi&#39;nde bulunmaktad\u0131r.<\/strong>  <\/p>\n<p> <strong>\u00a0\u00a0 Do\u011fu Bey niteli\u011fi ta\u015f\u0131yan bir ka\u00e7 isim ise ya\u015fl\u0131l\u0131\u011f\u0131n da etkisi ile g\u00fc\u00e7ten d\u00fc\u015fm\u00fc\u015f ve sadece eli \u00f6p\u00fclen, dan\u0131\u015f\u0131lan at\u0131l bir konuma d\u00fc\u015fm\u00fc\u015f durumda.<\/strong>  <\/p>\n<p> <strong>\u00a0\u00a0 Bat\u0131 Bey&#39;ler ise &quot;uyumlu&quot; ve &quot;senkron&quot; olman\u0131n \u00f6d\u00fcl\u00fcn\u00fc; T\u00fcrk siyasi hayat\u0131n\u0131n demirba\u015flar\u0131 olarak kalarak her zaman alm\u0131\u015flard\u0131r.<\/strong>  <\/p>\n<p> <strong>\u00a0\u00a0 T\u00fcrkiye&#39;yi kalk\u0131nd\u0131r\u0131rken ayn\u0131 zamanda gittik\u00e7e &quot;Bat\u0131&quot;&#39;n\u0131n uydusu haline d\u00f6n\u00fc\u015ft\u00fcren politikalara imza atan bir S\u00fcleyman Demirel buna g\u00fczel bir \u00f6rnektir.<\/strong>  <\/p>\n<p> <strong>\u00a0\u00a0 K\u0131sacas\u0131; Do\u011fu Bey; &quot;D\u0131\u015far\u0131ya ra\u011fmen i\u00e7eriye hizmet et&quot; ekol\u00fcnden; Bat\u0131 Bey ise &quot;D\u0131\u015far\u0131y\u0131 rahats\u0131z etmedik\u00e7e i\u00e7eriye hizmet et&quot; ekol\u00fcndendir.<\/strong>  <\/p>\n<p> <strong>\u00a0\u00a0 B\u00fct\u00fcn bunlar\u0131 niye anlatt\u0131\u011f\u0131ma gelince&#8230;<\/strong>  <\/p>\n<p> <strong>\u00a0\u00a0 Tayyip Erdo\u011fan&#39;\u0131 izlerken s\u00fcrekli akl\u0131ma Yal\u00e7\u0131n K\u00fc\u00e7\u00fck&#39;\u00fcn AKP se\u00e7imleri kazan\u0131r kazanmaz yapt\u0131\u011f\u0131<\/strong>  <\/p>\n<p> <strong>\u00a0\u00a0 &quot;Tayyip Erdo\u011fan&quot;&#39;\u0131n iktidara gelmesi ile &quot;siyasal \u0130slam bitmi\u015ftir&quot;\u00a0\u00a0 tespiti geliyor.<\/strong>  <\/p>\n<p> <strong>\u00a0\u00a0 Ve daha sonra bu s\u00f6z\u00fc a\u015fa\u011f\u0131daki tespitlerin yan\u0131na koyuyorum:<\/strong>  <\/p>\n<p> <strong>\u00a0\u00a0 T\u00fcrkiye&#39;ye &quot;m\u00fcttefiklik&quot; perdesi alt\u0131nda yana\u015fan k\u00fcresel g\u00fc\u00e7lerin; bizim &quot;derin devletimize&quot; yard\u0131m ad\u0131 alt\u0131nda s\u0131z\u0131p, genellikle kendi yaratt\u0131klar\u0131 &quot;sorunlar\u0131&quot; \u00e7\u00f6zmek i\u00e7in k\u0131sa vadeli teknolojik\/istihbarat, uzun vadeli ise &quot;toplumsal m\u00fchendislik&quot; deste\u011fi verdi\u011finin tarihimizde bir \u00e7ok \u00f6rne\u011fi vard\u0131r. T\u00fcrkiye&#39;de sa\u011f\/sol \u00e7at\u0131\u015fmas\u0131 kurgulamaktan; APO kodadl\u0131 bir operasyonla, 2000&#39;li y\u0131llar\u0131n toplumsal ve ekonomik altyap\u0131s\u0131n\u0131 haz\u0131rlarken bunu bizimkilere &quot;K\u00fcrt sorununu uzun vadede k\u00f6k\u00fcnden halledeceksiniz&quot; diye yutturmak bunlara g\u00fczel bir \u00f6rnektir. Sihirli kelime NATO&#39;dur.<\/strong>  <\/p>\n<p> <strong>\u00a0\u00a0 AKP iktidar\u0131 ile birlikte; T\u00fcrkiye&#39;de &quot;Siyasal \u0130slam&quot;, ba\u015f\u00f6rt\u00fcs\u00fc sorunu ile tamamen kozmetik bir boyuta indirgenmi\u015ftir. Palazland\u0131k\u00e7a burjuvala\u015fan &quot;\u0130slamc\u0131 kadrolar&quot;, AB-D d\u00fczleminin sad\u0131k oyuncular\u0131 haline gelmi\u015flerdir. &quot;\u0130slam&quot; bir dava olmaktan \u00e7\u0131k\u0131p, AKP ile bir &quot;politik \u00fcr\u00fcn&quot; haline d\u00f6n\u00fc\u015fm\u00fc\u015ft\u00fcr.<\/strong>  <\/p>\n<p> <strong>\u00a0\u00a0 28 \u015eubat s\u00fcrecinde &quot;\u0130slami Sermaye&quot; diye ortal\u0131\u011f\u0131 velveleye verenler bug\u00fcn AKP&#39;nin dan\u0131\u015fmanl\u0131\u011f\u0131n\u0131 yapmaktad\u0131rlar. \u00c7evik Bir ile Tayyip Erdo\u011fan&#39;\u0131n sadece \u00f6d\u00fcl ald\u0131klar\u0131 Yahudi lobileri de\u011fil, feyz ald\u0131klar\u0131 makro plan da ayn\u0131d\u0131r.<\/strong>  <\/p>\n<p> <strong>\u00a0\u00a0 Ve en \u00f6nemlisi; Tayyip Erdo\u011fan iktidar olana kadar, ona &quot;devlet d\u00fc\u015fman\u0131&quot; muamelesi yapan ve lekeleyim derken taban\u0131 nezdinde kahramanla\u015ft\u0131rarak se\u00e7ilmesinde \u00e7ok de\u011ferli bir rol oynayan strateji miyobu kurumlar; iktidar olmas\u0131ndan sonra, AKP iktidar\u0131 ile \u015fiir gibi bir uyum sa\u011flamakta hi\u00e7 bir beis g\u00f6rmemi\u015flerdir.<\/strong>  <\/p>\n<p> Tayyip Erdo\u011fan&#39;\u0131n; Bir yandan en fazla medet umdu\u011fu &quot;BATI&quot; (Bey) taraf\u0131ndan ortada b\u0131rak\u0131ld\u0131\u011f\u0131 hissine kap\u0131lmas\u0131 ve bu arada; &quot;Siyasal \u0130slam&quot;\u0131 d\u00f6n\u00fc\u015ft\u00fcrmek i\u00e7in ba\u015flat\u0131lan proje; T\u00fcrkiye Cumhuriyeti&#39;ni d\u00f6n\u00fc\u015ft\u00fcrme projesine d\u00f6n\u00fc\u015ft\u00fck\u00e7e aldat\u0131lm\u0131\u015fl\u0131k hissi ile \u00e7atla\u011f\u0131n \u00f6b\u00fcr taraf\u0131nda konu\u015flanan g\u00fc\u00e7lerden \u00e7ekinerek; gittik\u00e7e daha &quot;M\u0130LL\u0130&quot; bir duru\u015f sergilemeye \u00e7al\u0131\u015fmas\u0131 belki de bu y\u00fczdendir. Ve bu y\u00fczden \u00fczerinde \u00e7ok fazla s\u0131r\u0131tmaktad\u0131r.  <\/p>\n<p> \u00a0\u00a0 Tayyip Erdo\u011fan bundan sonra ne BATI Bey&#39;e, Ne de DO\u011eU Bey&#39;e yaranabilecektir.  <\/p>\n<p> \u00a0\u00a0 Tayyip Erdo\u011fan&#39;\u0131n \u00e7atlay\u0131p, ikiye ayr\u0131lan k\u0131talar\u0131n ortas\u0131nda duramayaca\u011f\u0131n\u0131 anlay\u0131p, bir an \u00f6nce k\u0131ta tercihini yapmas\u0131 \u015fartt\u0131r.  <\/p>\n<p> \u00a0\u00a0 BATI Bey&#39;e karizma kiralayarak liderlik yapt\u0131\u011f\u0131 d\u00f6nem sona ermi\u015ftir.46  <\/p>\n<p> \u00a0\u00a0 Bu kafalar\u0131n, Recep T. Erdo\u011fan&#39;la ilgili tesbitleri ne kadar do\u011fruysa, Erbakan Hocayla ilgili te\u015fhisleri okadar yanl\u0131\u015ft\u0131r. AKP kurucular\u0131 ve kurmaylar\u0131yla ilgili teklif ve tavsiyeleri ne kadar do\u011fruysa, Ya\u015far B\u00fcy\u00fckan\u0131t Pa\u015fayla ilgili tahlilleri de okadar yanl\u0131\u015ft\u0131r ve yan\u0131lt\u0131c\u0131d\u0131r. Ama do\u011fru ile yanl\u0131\u015f\u0131, hak ile bat\u0131l\u0131 kar\u0131\u015ft\u0131rmak bunlar\u0131n ustal\u0131\u011f\u0131d\u0131r.  <\/p>\n<p> \u00a0\u00a0 \u015eimdide Mewla Benavi&#39;nin yak\u0131\u015ft\u0131rmalar\u0131na bakal\u0131m:  <\/p>\n<p> \u00a0\u00a0 Apartheid47 Muht\u0131ras\u0131na &quot;Teknik&quot; K\u0131l\u0131f  <\/p>\n<p> \u00a0\u00a0 T\u00fcrk genelkurmay ba\u015fkanl\u0131\u011f\u0131n\u0131n sitesinden &quot;BA- 08 \/ 07&quot; numaral\u0131 bildiri kald\u0131r\u0131ld\u0131. &quot;BA- 08 \/ 07&quot;nin kald\u0131r\u0131lmas\u0131n\u0131n nedenlerini a\u00e7\u0131klayan &quot;BA- 09 \/ 07&quot; numaral\u0131 bidiri, kald\u0131r\u0131l\u0131\u015f nedenini &quot;baz\u0131 teknik \u00e7al\u0131\u015fmalar&quot; olarak izah ediyor. Muht\u0131ra, izaha yer b\u0131rakmayacak kadar etkili oldu ve yapaca\u011f\u0131n\u0131 yapt\u0131ktan sonra kald\u0131rman\u0131n fazla bir \u00f6nemi yok.  <\/p>\n<p> \u00a0\u00a0 T\u00fcrkiye&#39;de art\u0131k diktat\u00f6rl\u00fc\u011f\u00fc kurtarmak, demokrasiye ge\u00e7mek kadar zor bir bir duruma gelmi\u015ftir. Her ikisi de nerdeyse imk\u00e2ns\u0131zd\u0131r. Demokrasiyi savunan g\u00fc\u00e7ler olmad\u0131\u011f\u0131 i\u00e7in ve T\u00fcrk devleti de\u011fi\u015fime kapal\u0131 oldu\u011fu i\u00e7in demokrasi yerle\u015femiyor. Diktat\u00f6rl\u00fck te eski bi\u00e7imi ile uygulanamaz bir hal alm\u0131\u015ft\u0131r. Uluslar aras\u0131 ko\u015fullar a\u00e7\u0131k bir askeri idareye elveri\u015fli olmad\u0131\u011f\u0131 gibi, gizli askeri idareye de d\u00fcnyay\u0131 dar ediyor. (Yani Siyonist k\u00fcresel g\u00fc\u00e7ler, milli ve ba\u011f\u0131ms\u0131z yap\u0131lanmalara izin vermiyor. M.\u00c7.)  <\/p>\n<p> \u00a0\u00a0 T\u00fcrklerin sa\u011f ve sol partileri yap\u0131\u015ft\u0131rma ve AKP&#39;yi devre d\u0131\u015f\u0131 b\u0131rakma \u00e7abalar\u0131 gizli askeri diktat\u00f6rl\u00fc\u011f\u00fcn devam\u0131n\u0131 sa\u011flama ama\u00e7l\u0131d\u0131r. Ama bu i\u015fin y\u00fcr\u00fcmeyece\u011fi \u015fimdiden bellidir. Askeriye i\u00e7erisindeki gurupla\u015fma ve guruplar aras\u0131ndaki sava\u015f hi\u00e7bir &quot;teknik&quot; k\u0131l\u0131f ile \u00f6rt\u00fclmeyecek kadar \u015fiddetlidir. Guruplar aras\u0131ndaki g\u00fc\u00e7 dengesi ve guruplar\u0131n siyasi, ideolojik, askeri ve ekonomi alan\u0131ndaki fikir bulan\u0131kl\u0131klar\u0131; bir gurubun h\u00e2kimiyetini engelliyor. Yani &#39;askeri koalisyon&#39; bir m\u00fcddet daha devam edecek. E\u011fer?  <\/p>\n<p> <strong>E\u011fer g\u00f6\u00e7men k\u00f6kenli komutanlar K\u00fcrdistan&#39;\u0131n g\u00fcneyine m\u00fcdahalede bulunursa, Yunanistan ile bir sava\u015f ba\u015flarsa veya a\u00e7\u0131k\u00e7a askeri h\u00fck\u00fcmet kurulmaya \u00e7al\u0131\u015f\u0131rsa askeri koalisyon da\u011f\u0131l\u0131r.<\/strong>  <\/p>\n<p> <strong>\u00a0\u00a0 \u015eimdi g\u00f6\u00e7men y\u00f6neticiler, g\u00f6\u00e7men generaller, askeriye&#39;ye uygun bir &#39;siyasi koalisyon&#39;u &#39;siviller&#39; i\u00e7erisinde uygulamaya koyuyor. Ama bu siyasi koalisyon, \u00e7eli\u015fkileri hafifletmedi\u011fi gibi her alandaki gurupla\u015fmay\u0131 daha da kemikle\u015ftirir ve aprtheid rejiminin devaml\u0131l\u0131\u011f\u0131n\u0131 sa\u011flamaya yetmez.<\/strong>  <\/p>\n<p> <strong>\u00a0\u00a0 Zaten apartheid t\u00fcr\u00fc diktat\u00f6rl\u00fcklerin temel dayana\u011f\u0131 silahl\u0131 g\u00fc\u00e7ler, ama daha \u00f6nemlisi d\u00fcnyada hakim olan g\u00fc\u00e7lerin deste\u011fidir. Hi\u00e7bir kitle deste\u011fine sahip olmayan bu g\u00fc\u00e7ler, k\u00f6lele\u015ftirdi\u011fi insanlardan kalabal\u0131k topluluklar olu\u015fturabilir. ANC G\u00fcney Afrika&#39;da \u00e7ok g\u00fc\u00e7l\u00fc olmas\u0131na ra\u011fmen hi\u00e7bir zaman se\u00e7imler ile iktidar olmas\u0131 m\u00fcmk\u00fcn de\u011fildi. Apartheid varoldu\u011fu s\u00fcrece bu b\u00f6yle devam etti. Apartheid siyahlara d\u00fc\u015fman bir rejim olmas\u0131na ra\u011fmen siyahlardan son an\u0131na kadar &#39;destek&#39; alabiliyordu.<\/strong>  <\/p>\n<p> <strong>\u00a0\u00a0 T\u00fcrk apartheidi de G\u00fcney Afrika aprtheidi gibi g\u00f6\u00e7men iktidar\u0131n\u0131n ad\u0131 olan kemalizm d\u0131\u015f\u0131nda bir rejimin uygulanmas\u0131n\u0131 anayasa ile yasaklam\u0131\u015f, de\u011fi\u015ftirilmesi m\u00fcmk\u00fcn olmayan kanun maddeleri ve devletin yaln\u0131zca askerin egemenli\u011finde olmas\u0131na m\u00fcsaade eden bir rejimdir.<\/strong>  <\/p>\n<p> <strong>\u00a0\u00a0 T\u00fcrk ordusunun Kurmay, YA\u015e vb. askeri m\u00fcesseseler ile g\u00f6\u00e7menler d\u0131\u015f\u0131ndaki insanlar\u0131n ordunun y\u00fcksek kademelerinde yer almas\u0131 engellenmi\u015ftir. Hakeza Anayasa mahkemesi, Dan\u0131\u015ftay, Y\u00d6K, \u00fcniversite rekt\u00f6rleri ve askeri ekonomik komplekslerin y\u00f6netici ve \u00fcyeleri de esas olarak g\u00f6\u00e7menlerden ya da apartheide a\u00e7\u0131k sadakat g\u00f6steren ki\u015filerden se\u00e7ilebiliyor.<\/strong>  <\/p>\n<p> <strong>\u00a0\u00a0 G\u00f6\u00e7men rejimi, yani kemalizm, yani apartheid d\u0131\u015f deste\u011fini kaybetti\u011fi i\u00e7in kriz ya\u015f\u0131yor. D\u00fcnya ve b\u00f6lge \u015fartlar\u0131, T\u00fcrkiye&#39;nin art\u0131k apartheid, yani kemalizm ile y\u00f6netilmesine uygun de\u011fil. Ama apartheid \u00f6rg\u00fctl\u00fc, silahl\u0131 ve zengin oldu\u011fu i\u00e7in iktidar\u0131 b\u0131rakmak istemiyor.<\/strong>  <\/p>\n<p> <strong>\u00a0\u00a0 Bu \u00e7aba; gizli askeri h\u00e2kimiyet sa\u011flamak i\u00e7indir. Fakat Sadece AKP de\u011fil -CHP hari\u00e7, CHP ba\u015f\u0131ndan beri g\u00f6\u00e7men k\u00f6leli\u011fini kabul etmi\u015f bir guruptur- siyasi &#39;partiler&#39; de bu i\u015fin san\u0131ld\u0131\u011f\u0131 kadar kolay ve tatl\u0131 olmad\u0131\u011f\u0131n\u0131 biliyor. \u00d6rne\u011fin Tansu \u00c7iller bu i\u015fe yatm\u0131\u015ft\u0131. Kendisi de g\u00f6\u00e7men olmas\u0131na ra\u011fmen sonunda \u00f6rg\u00fct\u00fcn OK&#39;unu almad\u0131 ve ala\u015fa\u011f\u0131 ettiler. Sonra Mesut Y\u0131lmaz, Devlet Bah\u00e7eli ve B\u00fclent Ecevit g\u00f6\u00e7men k\u00f6leli\u011fine evet dediler ve h\u00fck\u00fcmet kurdular. Fakat art\u0131k g\u00f6\u00e7men k\u00f6leli\u011fi eskisi gibi kolay de\u011fildi. Ecevit hastaland\u0131, Devlet Bah\u00e7eli %35 hesab\u0131n\u0131 yaparken baraj\u0131n alt\u0131nda kald\u0131 ve Mesut Y\u0131lmaz da, belki, bir daha d\u00f6nmemek \u00fczere sahneden ayr\u0131ld\u0131.<\/strong>  <\/p>\n<p> \u0130\u015fte b\u00fct\u00fcn bunlardan sonra, k\u00f6leli\u011fi kabul eden partiler bir araya getirilerek gizli askeri idare sa\u011flanamaz. Zaten AKP g\u00f6\u00e7men devletinin s\u0131k\u0131\u015fmas\u0131, \u00e7aresiz kalmas\u0131 sonucu h\u00fck\u00fcmet olabilmi\u015fti. AKP h\u00fck\u00fcmeti, d\u00f6rt y\u0131l i\u00e7erisinde gizli askeri idarenin, yani g\u00f6\u00e7men diktat\u00f6rl\u00fc\u011f\u00fcne itaat etti. Fakat ko\u015fullar o kadar g\u00fcvensizlik yarat\u0131c\u0131 ki, kemalistler hep AKP&#39;nin \u015fike yapt\u0131\u011f\u0131na inand\u0131lar. G\u00f6\u00e7menler g\u00fc\u00e7s\u00fcz ve dayanaks\u0131z olduklar\u0131 i\u00e7in sadece d\u0131\u015f ko\u015fullara bakarak durum de\u011ferlendirdiler, korkun\u00e7 \u00e7\u00f6k\u00fc\u015f\u00fc g\u00f6rd\u00fcler herkesten ve her geli\u015fmeden korku duydular. Hakl\u0131d\u0131rlar.  <\/p>\n<p> \u00a0\u00a0 \u00c7\u00fcnk\u00fc temel dayanaklar\u0131 olan uluslar aras\u0131 ko\u015fullarda T\u00fcrk apartheidinin ya\u015famas\u0131n\u0131 gerekli k\u0131lan \u015fartlar olu\u015fmuyor. Tersine T\u00fcrkiye&#39;nin i\u00e7inde ve d\u0131\u015f\u0131nda g\u00f6\u00e7men diktat\u00f6rl\u00fc\u011f\u00fcn\u00fcn, yani apartheidin, yani kemalizmin s\u00f6nmesini gerekli k\u0131lan ko\u015fullar geli\u015fiyor. \u0130\u015fte bu durum; g\u00f6\u00e7menlerin herkesten ve her \u015feyden ku\u015fku duymas\u0131na neden oldu\u011fu gibi, g\u00f6\u00e7men guruplar aras\u0131nda g\u00fcvensizli\u011fe de neden oluyor.  <\/p>\n<p> \u00a0\u00a0 Bundan sonra, kimi liberal-demokratlar\u0131n (Mehmet Ali Birand, Cengiz \u00c7andar vb.) s\u00f6yledi\u011fi gibi &#39;demokrasiyi ray\u0131na oturtmak&#39; m\u00fcmk\u00fcn de\u011fil. Zaten ray\u0131ndan \u00e7\u0131kan demokrasi de\u011fil. T\u00fcrkiye&#39;de hi\u00e7bir zaman demokrasi olmad\u0131 ki ray\u0131ndan \u00e7\u0131ks\u0131n. Ray\u0131ndan \u00e7\u0131kan g\u00f6\u00e7men diktat\u00f6rl\u00fc\u011f\u00fc, yani kemaliz, yani apartheid&#39;dir ve ray\u0131na oturtmak m\u00fcmk\u00fcn de\u011fil. T\u00fcrkiye&#39;de bundan sonra belirsizlik daha da derinle\u015fecek. Geli\u015fmelerin nas\u0131l olaca\u011f\u0131n\u0131 tahmin etmek olduk\u00e7a zor ama T\u00fcrk apartheidi bitecek.48  <\/p>\n<p> \u00a0\u00a0 \u0130\u015fte durum bu&#8230; Yorum ise de\u011ferli okurlar\u0131m\u0131z\u0131n&#8230;<\/p>\n<p> \u00a0  <\/p>\n<p> <\/p>\n<p> (46) <a href=\"http:\/\/www.acikistihbarat.com\/\">http:\/\/www.acikistihbarat.com\/<\/a>, Behi\u00e7 G\u00fcrcihan, 20.04.2007\u00a0\u00a0\u00a0\u00a0\u00a0\u00a0\u00a0\u00a0\u00a0\u00a0\u00a0\u00a0\u00a0\u00a0\u00a0\u00a0\u00a0\u00a0\u00a0\u00a0\u00a0\u00a0\u00a0\u00a0\u00a0\u00a0\u00a0\u00a0\u00a0\u00a0\u00a0\u00a0\u00a0\u00a0\u00a0\u00a0\u00a0\u00a0\u00a0\u00a0\u00a0\u00a0\u00a0\u00a0\u00a0\u00a0\u00a0\u00a0\u00a0\u00a0\u00a0\u00a0\u00a0\u00a0\u00a0\u00a0\u00a0\u00a0\u00a0  <\/p>\n<p> <strong>(47) Apartheid:<\/strong> T\u00fcrk ve M\u00fcsl\u00fcman halk\u0131 d\u0131\u015flayan sistemli ay\u0131r\u0131m ve kay\u0131r\u0131mc\u0131l\u0131k rejimi. (M.\u00c7.)  <\/p>\n<p> (48) Mewla Benavi, May\u0131s 2007, <a href=\"http:\/\/www.kerkuk-kurdistan.com\/\">http:\/\/www.kerkuk-kurdistan.com\/<\/a>\u00a0\u00a0\u00a0\u00a0\u00a0\u00a0\u00a0\u00a0\u00a0\u00a0\u00a0\u00a0\u00a0\u00a0\u00a0\u00a0\u00a0\u00a0\u00a0\u00a0\u00a0\u00a0\u00a0\u00a0\u00a0\u00a0\u00a0\u00a0\u00a0\u00a0\u00a0\u00a0\u00a0\u00a0\u00a0\u00a0\u00a0\u00a0\u00a0\u00a0\u00a0  <\/p>\n","protected":false},"excerpt":{"rendered":"<p>\u00a0  <\/p>\n<p> Bir toplumda &quot;yanl\u0131\u015f&quot;lar\u0131 yutturman\u0131n en pratik ve etkili yolu, onu baz\u0131 &quot;do\u011fru&quot;larla harmanlay\u0131p birlikte sunmakt\u0131r. Ve bu y\u00fczden &quot; en tehlikeli ve tahrip edici yanl\u0131\u015f, do\u011fruya en yak\u0131n olan yanl\u0131\u015ft\u0131r&quot;. \u00c7\u00fcnk\u00fc b\u00f6ylesi yanl\u0131\u015flar\u0131n do\u011fru gibi alg\u0131lanma \u015fans\u0131 daha y\u00fcksek bulunmaktad\u0131r.  <\/p>\n","protected":false},"author":1,"featured_media":0,"comment_status":"open","ping_status":"closed","sticky":false,"template":"","format":"standard","meta":{"footnotes":""},"categories":[71],"tags":[],"class_list":["post-988","post","type-post","status-publish","format-standard","hentry","category-haziran-2007"],"_links":{"self":[{"href":"https:\/\/www.millicozum.com\/mc\/wp-json\/wp\/v2\/posts\/988","targetHints":{"allow":["GET"]}}],"collection":[{"href":"https:\/\/www.millicozum.com\/mc\/wp-json\/wp\/v2\/posts"}],"about":[{"href":"https:\/\/www.millicozum.com\/mc\/wp-json\/wp\/v2\/types\/post"}],"author":[{"embeddable":true,"href":"https:\/\/www.millicozum.com\/mc\/wp-json\/wp\/v2\/users\/1"}],"replies":[{"embeddable":true,"href":"https:\/\/www.millicozum.com\/mc\/wp-json\/wp\/v2\/comments?post=988"}],"version-history":[{"count":0,"href":"https:\/\/www.millicozum.com\/mc\/wp-json\/wp\/v2\/posts\/988\/revisions"}],"wp:attachment":[{"href":"https:\/\/www.millicozum.com\/mc\/wp-json\/wp\/v2\/media?parent=988"}],"wp:term":[{"taxonomy":"category","embeddable":true,"href":"https:\/\/www.millicozum.com\/mc\/wp-json\/wp\/v2\/categories?post=988"},{"taxonomy":"post_tag","embeddable":true,"href":"https:\/\/www.millicozum.com\/mc\/wp-json\/wp\/v2\/tags?post=988"}],"curies":[{"name":"wp","href":"https:\/\/api.w.org\/{rel}","templated":true}]}}